{"id":7323,"date":"2022-10-28T10:42:35","date_gmt":"2022-10-28T10:42:35","guid":{"rendered":"https:\/\/neuronup.com\/fr\/?p=7323"},"modified":"2026-01-29T17:34:39","modified_gmt":"2026-01-29T15:34:39","slug":"etude-sur-la-reeducation-neuropsychologique-a-distance","status":"publish","type":"post","link":"https:\/\/neuronup.com\/fr\/nouveautes-neuronup\/etude-sur-la-reeducation-neuropsychologique-a-distance\/","title":{"rendered":"\u00c9tude sur la r\u00e9\u00e9ducation neuropsychologique \u00e0 distance"},"content":{"rendered":"\n<p style=\"font-size:25px\">Dans cet article, la <strong>neuropsychologue<\/strong> Andreia Geraldo nous rapproche d&rsquo;une <strong>\u00e9tude portugaise r\u00e9alis\u00e9e sur les changements que la COVID-19 a apport\u00e9s aux services de neuropsychologie <\/strong>et, plus pr\u00e9cis\u00e9ment, sur la mani\u00e8re dont les personnes atteintes de troubles neurologiques ont fait face au processus de <strong>r\u00e9\u00e9ducation neuropsychologique \u00e0 distance<\/strong>.<\/p>\n\n\n\n<p>La COVID-19 et les mesures associ\u00e9es ont ouvert un sc\u00e9nario sans pr\u00e9c\u00e9dent pour le d\u00e9veloppement de l&rsquo;utilisation des <strong>nouvelles technologies num\u00e9riques <\/strong>dans la prestation de services neuropsychologiques. En effet, malgr\u00e9 le fait que les nouvelles technologies num\u00e9riques \u00e9taient largement utilis\u00e9es avant la COVID-19 (Dores et al., 2016 ; Simons et al., 2016), l&rsquo;offre de services neuropsychologiques \u00e0 distance \u00e9tait encore limit\u00e9e avant le d\u00e9but de la pand\u00e9mie. (Marra et al., 2020).<\/p>\n\n\n\n<p>Cependant, ce changement impr\u00e9vu a apport\u00e9 de grands d\u00e9fis tant aux professionnels qu&rsquo;aux personnes en r\u00e9adaptation.<\/p>\n\n\n\n<h2 class=\"wp-block-heading\">Le point de vue des professionnels<\/h2>\n\n\n\n<p>Dans le cas des professionnels de la <strong>sant\u00e9 mentale<\/strong>, ces d\u00e9fis avaient d\u00e9j\u00e0 \u00e9t\u00e9 explor\u00e9s et le manque de formation n\u00e9cessaire et les ressources financi\u00e8res et technologiques limit\u00e9es \u00e9taient les plus signal\u00e9s (Mendes-Santos et al., 2020).<\/p>\n\n\n\n<h2 class=\"wp-block-heading\">Le point de vue des patients<\/h2>\n\n\n\n<p>Il n&rsquo;en a pas \u00e9t\u00e9 de m\u00eame pour les patients atteints de troubles neurologiques, qui ont d\u00fb passer d&rsquo;une <strong>r\u00e9\u00e9ducation en pr\u00e9sentiel \u00e0 une r\u00e9\u00e9ducation neuropsychologique \u00e0 distance.<\/strong><\/p>\n\n\n\n<p><strong>Un centre de r\u00e9\u00e9ducation portugais a utilis\u00e9 NeuronUP2GO<\/strong> (S\u00e9ances \u00e0 domicile NeuronUP) pour continuer \u00e0 fournir une r\u00e9\u00e9ducation cognitive pendant la premi\u00e8re p\u00e9riode de confinement due \u00e0 la COVID-19 au Portugal.<\/p>\n\n\n<div class=\"wp-block-image image-interface\">\n<figure class=\"aligncenter size-large\"><img decoding=\"async\" width=\"1024\" height=\"683\" src=\"https:\/\/neuronup.com\/fr\/wp-content\/uploads\/2024\/11\/Etude-sur-la-reeducation-neuropsychologique-a-distance-1-1024x683.webp\" alt=\"Personne assise \u00e0 une table en bois utilisant un ordinateur portable; stylet en main, plante verte \u00e0 c\u00f4t\u00e9 et mur en briques en arri\u00e8re-plan.\" class=\"wp-image-33389\" srcset=\"https:\/\/neuronup.com\/fr\/wp-content\/uploads\/2024\/11\/Etude-sur-la-reeducation-neuropsychologique-a-distance-1-300x200.webp 300w, https:\/\/neuronup.com\/fr\/wp-content\/uploads\/2024\/11\/Etude-sur-la-reeducation-neuropsychologique-a-distance-1-768x512.webp 768w, https:\/\/neuronup.com\/fr\/wp-content\/uploads\/2024\/11\/Etude-sur-la-reeducation-neuropsychologique-a-distance-1-1024x683.webp 1024w, https:\/\/neuronup.com\/fr\/wp-content\/uploads\/2024\/11\/Etude-sur-la-reeducation-neuropsychologique-a-distance-1.webp 1200w\" sizes=\"(max-width: 1024px) 100vw, 1024px\" \/><\/figure>\n<\/div>\n\n\n<h2 class=\"wp-block-heading\">\u00c9tude sur le processus de r\u00e9\u00e9ducation neuropsychologique \u00e0 distance<\/h2>\n\n\n\n<p>Des professionnels de l&rsquo;Universit\u00e9 de Porto, de l&rsquo;Institut polytechnique de Porto et de l&rsquo;Universit\u00e9 catholique du Portugal ont men\u00e9 une <strong>\u00e9tude pour explorer le point de vue des patients qui \u00e9taient dans un programme de r\u00e9adaptation avant la COVID-19.<\/strong><\/p>\n\n\n\n<h3 class=\"wp-block-heading\">Objectifs<\/h3>\n\n\n\n<p>L&rsquo;objectif principal de cette \u00e9tude \u00e9tait d&rsquo;<strong>explorer les perceptions<\/strong> que les <strong>patients<\/strong> atteints de troubles neurologiques ont de la r\u00e9adaptation neuropsychologique <strong>en ligne \u00e0 distance<\/strong>, en particulier pendant la pand\u00e9mie de COVID-19.<\/p>\n\n\n\n<p>Plus pr\u00e9cis\u00e9ment, nous avions l&rsquo;intention <strong>d&rsquo;explorer les avantages et les inconv\u00e9nients que les patients identifient dans l&rsquo;utilisation de NeuronUP2GO<\/strong>, et leurs suggestions pour am\u00e9liorer le processus de r\u00e9\u00e9ducation et la plateforme, en tenant \u00e9galement compte de leur connaissance pr\u00e9alable des autres plateformes de r\u00e9\u00e9ducation.<\/p>\n\n\n\n<p>L&rsquo;objectif plus large de cette \u00e9tude \u00e9tait de rapporter les perspectives et les suggestions des patients atteints de troubles neurologiques concernant la r\u00e9adaptation neuropsychologique \u00e0 distance, afin que l&rsquo;int\u00e9gration de ces perspectives puisse am\u00e9liorer les services fournis.<\/p>\n\n\n\n<h3 class=\"wp-block-heading\">M\u00e9thodes<\/h3>\n\n\n\n<p>L&rsquo;\u00e9tude sur le processus de r\u00e9adaptation neuropsychologique \u00e0 distance a \u00e9t\u00e9 approuv\u00e9e par le comit\u00e9 d&rsquo;\u00e9thique de l&rsquo;\u00c9cole de sant\u00e9 de l&rsquo;Institut polytechnique de Porto (num\u00e9ro d&rsquo;approbation&nbsp;: CE0015A).<\/p>\n\n\n\n<p><strong>16 patients atteints de maladies neurologiques acquises<\/strong> participant \u00e0 un programme de r\u00e9\u00e9ducation neuropsychologique en ligne dans un centre de r\u00e9\u00e9ducation portugais ont rempli un <strong>questionnaire en ligne <\/strong>pendant le confinement obligatoire.<\/p>\n\n\n\n<p>L&rsquo;\u00e2ge moyen \u00e9tait de<strong> 44,63 ans <\/strong>(SD = 12,19, Min = 18, Max = 63) et tous les participants avaient au moins <strong>quatre ans d&rsquo;\u00e9ducation formelle<\/strong> (M = 11,38, SD = 4, 23 ; Min = 4 ; Max = 17).<\/p>\n\n\n\n<p>Concernant les conditions cliniques des patients, les <strong>accidents vasculaires c\u00e9r\u00e9braux<\/strong> (n = 4) et les <strong>tumeurs c\u00e9r\u00e9brales<\/strong> (n = 4) \u00e9taient les pathologies les plus fr\u00e9quentes. Les autres conditions cliniques \u00e9taient les <strong>l\u00e9sions c\u00e9r\u00e9brales traumatiques <\/strong>(n = 1), la <strong>scl\u00e9rose en plaques<\/strong> (n = 1), la <strong>fibromyalgie<\/strong> (n = 1), la <strong>m\u00e9ningite<\/strong> (n = 1), la <strong>m\u00e9ningo-enc\u00e9phalite herp\u00e9tique <\/strong>(n = 1), la <strong>malformation art\u00e9rio-veineuse c\u00e9r\u00e9brale<\/strong> (n = 1) et <strong>paramylo\u00efdose<\/strong> (n = 1). Un patient n&rsquo;a pas pr\u00e9cis\u00e9 son diagnostic.<\/p>\n\n\n\n<p>Le temps \u00e9coul\u00e9 depuis le diagnostic clinique variait de neuf \u00e0 204 mois (M = 54,88, SD = 50,79).<\/p>\n\n\n\n<p>Un questionnaire en ligne a \u00e9t\u00e9 d\u00e9velopp\u00e9 sp\u00e9cifiquement pour cette \u00e9tude et un test pilote a \u00e9t\u00e9 r\u00e9alis\u00e9 pour \u00e9valuer leur niveau de compr\u00e9hension, avec de bons r\u00e9sultats. L&rsquo;instrument consistait en<strong> 24 questions sur les caract\u00e9ristiques d\u00e9mographiques et cliniques des participants<\/strong> (par exemple, l&rsquo;\u00e2ge, le diagnostic clinique), les <strong>caract\u00e9ristiques de la plateforme <\/strong>en ligne utilis\u00e9e (par exemple, l&rsquo;aspect visuel, la nature motivationnelle des t\u00e2ches), les informations relatives au <strong>processus de neuror\u00e9habilitation<\/strong>.<\/p>\n\n\n\n<h2 class=\"wp-block-heading\">R\u00e9sultats de l&rsquo;\u00e9tude<\/h2>\n\n\n\n<p>Les principaux r\u00e9sultats de cette \u00e9tude ont montr\u00e9 que les <strong>participants \u00e9taient satisfaits de ce processus<\/strong>, une fois qu&rsquo;ils consid\u00e9raient le nombre et la dur\u00e9e des s\u00e9ances de r\u00e9\u00e9ducation ad\u00e9quats, et les r\u00e9sultats de ce processus \u00e9taient <strong>similaires<\/strong> au processus en face \u00e0 face.<\/p>\n\n\n\n<p>L&rsquo;exp\u00e9rience rapport\u00e9e a \u00e9t\u00e9 plut\u00f4t positive, la majorit\u00e9 des participants d\u00e9clarant n&rsquo;avoir eu aucune difficult\u00e9 \u00e0 utiliser la plateforme de mani\u00e8re autonome. <\/p>\n\n\n\n<p>Ils ont qualifi\u00e9 son syst\u00e8me de navigation d&rsquo;assez <strong>intuitif<\/strong> et ont jug\u00e9 l<strong>&lsquo;aspect visuel tr\u00e8s attrayant<\/strong> et les <strong>t\u00e2ches tr\u00e8s motivantes.<\/strong><\/p>\n\n\n\n<p>De plus, la relation avec le professionnel de la sant\u00e9 mentale n&rsquo;a pas \u00e9t\u00e9 affect\u00e9e par la distance physique impos\u00e9e par les mesures sanitaires.<\/p>\n\n\n\n<div style=\"height:50px\" aria-hidden=\"true\" class=\"wp-block-spacer\"><\/div>\n\n\n\n<div class=\"wp-block-group br-0111 has-primary-background-color has-background has-dark-background has-sm-padding-top has-sm-padding-left has-sm-padding-right has-xxl-margin-top\"><div class=\"wp-block-group__inner-container is-layout-constrained wp-block-group-is-layout-constrained\">\n<div class=\"wp-block-columns is-layout-flex wp-container-core-columns-is-layout-9d6595d7 wp-block-columns-is-layout-flex\">\n<div class=\"wp-block-column is-layout-flow wp-block-column-is-layout-flow\">\n<figure class=\"wp-block-image size-full desktop-position-absolute desktop-bottom-0 mobile-width-50 mobile-m-inline-auto has-xl-margin-top\"><img decoding=\"async\" width=\"292\" height=\"338\" src=\"https:\/\/neuronup.com\/fr\/wp-content\/uploads\/2024\/10\/certificat-produit.webp\" alt=\"\" class=\"wp-image-31568\" srcset=\"https:\/\/neuronup.com\/fr\/wp-content\/uploads\/2024\/10\/certificat-produit-259x300.webp 259w, https:\/\/neuronup.com\/fr\/wp-content\/uploads\/2024\/10\/certificat-produit.webp 292w\" sizes=\"(max-width: 292px) 100vw, 292px\" \/><\/figure>\n<\/div>\n\n\n\n<div class=\"wp-block-column is-layout-flow wp-block-column-is-layout-flow\">\n<h2 class=\"wp-block-heading has-white-color has-text-color\"><strong>Abonnez-vous<\/strong> <br>\u00e0 notre <br>Newsletter<\/h2>\n\n\n\n<div class=\"wp-block-buttons is-layout-flex wp-block-buttons-is-layout-flex\">\n<div class=\"wp-block-button--1\" style=\"--button-outline-color:var(--color-white);--button-outline-color-hover:rgba(0,0,0,0.8);\"><a class=\"wp-block-button__link button button-outline   wp-element-button\" href=\"https:\/\/neuronup.com\/fr\/newsletter\/\">Abonnez-vous<\/a><\/div>\n\n<\/div>\n\n\n\n<div style=\"height:40px\" aria-hidden=\"true\" class=\"wp-block-spacer\"><\/div>\n<\/div>\n<\/div>\n<\/div><\/div>\n\n\n\n\n<div style=\"height:50px\" aria-hidden=\"true\" class=\"wp-block-spacer\"><\/div>\n\n\n\n<h3 class=\"wp-block-heading\">Avantages et inconv\u00e9nients<\/h3>\n\n\n\n<p>Les avantages d&rsquo;utiliser cette plateforme pendant le confinement COVID-19 ont \u00e9t\u00e9 \u00e9voqu\u00e9s, le plus \u00e9voqu\u00e9 \u00e9tant la possibilit\u00e9 de maintenir des s\u00e9ances de r\u00e9\u00e9ducation durant la pand\u00e9mie. La <strong>flexibilit\u00e9<\/strong> <strong>g\u00e9ographique<\/strong> et de <strong>planification<\/strong> et la <strong>facilit\u00e9 d&rsquo;utilisation<\/strong> de la plate-forme ont \u00e9galement \u00e9t\u00e9 mentionn\u00e9es.<\/p>\n\n\n\n<p>Le principal inconv\u00e9nient mentionn\u00e9 \u00e9tait le manque de contact synchrone avec le neuropsychologue.<\/p>\n\n\n\n<h4 class=\"wp-block-heading\">Suggestions<\/h4>\n\n\n\n<p>Des suggestions ont \u00e9t\u00e9 explor\u00e9es pour am\u00e9liorer les processus de r\u00e9adaptation cognitive \u00e0 distance, parmi lesquelles l<strong>&lsquo;augmentation des activit\u00e9s de groupe<\/strong> en ligne synchrones et le contact synchrone avec le neuropsychologue ont \u00e9merg\u00e9.<\/p>\n\n\n\n<h2 class=\"wp-block-heading\">\u00c9tude compl\u00e8te<\/h2>\n\n\n\n<p><strong>L&rsquo;\u00e9tude compl\u00e8te peut \u00eatre lue en ligne <\/strong>(https:\/\/www.tandfonline.com\/eprint\/E3ZDXWYXICFRPSQHJVC\/full?target=10.1080\/23279095.2022.2100993), o\u00f9 vous pouvez trouver plus de contributions de personnes atteintes de troubles neurologiques sur la fa\u00e7on d&rsquo;am\u00e9liorer la neuropsychologie \u00e0 distance r\u00e9habilitation. Ainsi que les avantages et les inconv\u00e9nients de ce proc\u00e9d\u00e9 et de l&rsquo;utilisation de la plateforme NeuronUP.<\/p>\n\n\n\n<p>\u00c0 notre connaissance, il s&rsquo;agit de la premi\u00e8re \u00e9tude au Portugal \u00e0 analyser les perspectives des patients en r\u00e9adaptation sur la r\u00e9adaptation cognitive \u00e0 distance, et les r\u00e9sultats mettent en \u00e9vidence son potentiel&nbsp;!<\/p>\n\n\n\n<h3 class=\"wp-block-heading\">R\u00e9f\u00e9rences :<\/h3>\n\n\n\n<ul class=\"wp-block-list has-sm-font-size\">\n<li>Dores, A.R., Barbosa, F., Guerreiro, S., Almeida, I. et Carvalho, I.P. (2016). R\u00e9\u00e9ducation neuropsychologique assist\u00e9e par ordinateur. Dans MM Cruz-Cunha, I. M. Miranda, R. Martinho et R. Rijo (Eds.), Encyclopedia of E-health and telemedicine (pp. 473\u2013485). R\u00e9f\u00e9rence scientifique de l&rsquo;information m\u00e9dicale.<\/li>\n\n\n\n<li>Geraldo, A., Dores, A.R., Carvalho, I.P., Guerreiro, S., Castro-Caldas, A. et Barbosa, F. (2022). R\u00e9adaptation neurocognitive \u00e0 distance pendant la pand\u00e9mie de COVID-19 : un premier aper\u00e7u des perspectives des patients sur le processus et une plateforme en ligne. Neuropsychologie Appliqu\u00e9e : Adulte.<\/li>\n\n\n\n<li>Marra, D., Hoelzle, J., Davis, J. et Schwartz, E. (2020). Changements initiaux dans la pratique clinique des neuropsychologues durant la pand\u00e9mie de COVID-19\u00a0: une \u00e9tude par sondage. Le neuropsychologue clinique, 34(7-8), 1251\u20131266.<\/li>\n\n\n\n<li>Mendes-Santos, C., Weiderpass, E., Santana, R., &amp; Andersson, G. (2020). Attitudes des psychologues portugais envers les interventions sur Internet\u00a0: une \u00e9tude transversale exploratoire. JMIR Sant\u00e9 mentale, 7(4), e16817.<\/li>\n\n\n\n<li>Simons, D., Boot, W., Charness, N., Gathercole, S., Chabris, C., Hambrick, D. et Stine-Morrow, E. (2016). Les programmes \u00ab d&rsquo;entra\u00eenement c\u00e9r\u00e9bral \u00bb fonctionnent-ils ? Science psychologique dans l&rsquo;int\u00e9r\u00eat public, 17(3), 103\u2013186.<\/li>\n<\/ul>\n\n\n\n<h3 class=\"wp-block-heading\">Si vous avez aim\u00e9 cet article sur la r\u00e9\u00e9ducation neuropsychologique \u00e0 distance, vous pourriez \u00e9galement \u00eatre int\u00e9ress\u00e9 par:<\/h3>\n\n\n<div class=\"mai-grid entries entries-grid has-boxed has-image-full\" style=\"--entry-title-font-size:var(--font-size-lg);--align-text:start;--entry-meta-text-align:start;\"><div class=\"entries-wrap has-columns\" style=\"--columns-xs:1\/1;--columns-sm:1\/1;--columns-md:1\/3;--columns-lg:1\/3;--flex-xs:0 0 var(--flex-basis);--flex-sm:0 0 var(--flex-basis);--flex-md:0 0 var(--flex-basis);--flex-lg:0 0 var(--flex-basis);--column-gap:var(--spacing-lg);--row-gap:var(--spacing-lg);--align-columns:start;\"><article class=\"entry entry-grid is-column has-entry-link has-image has-image-first type-post category-activites-de-la-vie-quotidienne category-nouveautes-neuronup tag-activites-de-stimulation-cognitive tag-activites-de-stimulation-cognitive-pour-enfants tag-adulte tag-enfants tag-remediation-cognitive\" style=\"--entry-index:1;\" aria-label=\"Nouvelles activit\u00e9s NeuronUP : entra\u00eenez les fonctions cognitives dans des situations du quotidien\" itemscope itemtype=\"https:\/\/schema.org\/CreativeWork\"><a class=\"entry-image-link\" href=\"https:\/\/neuronup.com\/fr\/nouveautes-neuronup\/nouvelles-activites-neuronup-entrainez-les-fonctions-cognitives-dans-des-situations-du-quotidien\/\" tabindex=\"-1\" aria-hidden=\"true\"><img decoding=\"async\" width=\"400\" height=\"202\" src=\"https:\/\/neuronup.com\/fr\/wp-content\/uploads\/2026\/03\/Capture-decran-2026-03-30-111842-400x202.webp\" class=\"entry-image size-landscape-sm\" alt=\"\" \/><\/a><div class=\"entry-wrap entry-wrap-grid\"><h3 class=\"entry-title\" itemprop=\"headline\"><a class=\"entry-title-link\" href=\"https:\/\/neuronup.com\/fr\/nouveautes-neuronup\/nouvelles-activites-neuronup-entrainez-les-fonctions-cognitives-dans-des-situations-du-quotidien\/\" rel=\"bookmark\">Nouvelles activit\u00e9s NeuronUP : entra\u00eenez les fonctions cognitives dans des situations du quotidien<\/a><\/h3>\n<\/div><\/article><article class=\"entry entry-grid is-column has-entry-link has-image has-image-first type-post category-activites-dattention category-activites-de-neuro-reeducation category-activites-pour-les-fonctions-cognitives tag-adulte\" style=\"--entry-index:2;\" aria-label=\"Nouvelle activit\u00e9 Attention s\u00e9lective (Adultes)\" itemscope itemtype=\"https:\/\/schema.org\/CreativeWork\"><a class=\"entry-image-link\" href=\"https:\/\/neuronup.com\/fr\/activites-de-neuro-reeducation\/nouvelle-activite-attention-selective-adultes\/\" tabindex=\"-1\" aria-hidden=\"true\"><img decoding=\"async\" width=\"253\" height=\"230\" src=\"https:\/\/neuronup.com\/fr\/wp-content\/uploads\/2026\/03\/Capture-decran-2026-03-03-160917.webp\" class=\"entry-image size-landscape-sm\" alt=\"\" \/><\/a><div class=\"entry-wrap entry-wrap-grid\"><h3 class=\"entry-title\" itemprop=\"headline\"><a class=\"entry-title-link\" href=\"https:\/\/neuronup.com\/fr\/activites-de-neuro-reeducation\/nouvelle-activite-attention-selective-adultes\/\" rel=\"bookmark\">Nouvelle activit\u00e9 Attention s\u00e9lective (Adultes)<\/a><\/h3>\n<\/div><\/article><article class=\"entry entry-grid is-column has-entry-link has-image has-image-first type-post category-activites-de-cognition-sociale tag-activites-de-stimulation-cognitive tag-cognition-sociale tag-fonctions-executives\" style=\"--entry-index:3;\" aria-label=\"La cognition sociale ou comment comprendre les personnes : exercices de cognition sociale\" itemscope itemtype=\"https:\/\/schema.org\/CreativeWork\"><a class=\"entry-image-link\" href=\"https:\/\/neuronup.com\/fr\/activites-de-neuro-reeducation\/activites-pour-les-fonctions-cognitives\/activites-de-cognition-sociale\/la-cognition-sociale-ou-comment-comprendre-les-personnes-exercices-de-cognition-sociale\/\" tabindex=\"-1\" aria-hidden=\"true\"><img decoding=\"async\" width=\"396\" height=\"300\" src=\"https:\/\/neuronup.com\/fr\/wp-content\/uploads\/2022\/06\/Reaccion-emocional-ante-situaciones.webp\" class=\"entry-image size-landscape-sm\" alt=\"R\u00e9action \u00e9motionnelle face aux situations : Exercice de cognition sociale\" srcset=\"https:\/\/neuronup.com\/fr\/wp-content\/uploads\/2022\/06\/Reaccion-emocional-ante-situaciones-300x227.webp 300w, https:\/\/neuronup.com\/fr\/wp-content\/uploads\/2022\/06\/Reaccion-emocional-ante-situaciones-768x582.webp 768w, https:\/\/neuronup.com\/fr\/wp-content\/uploads\/2022\/06\/Reaccion-emocional-ante-situaciones-1024x776.webp 1024w, https:\/\/neuronup.com\/fr\/wp-content\/uploads\/2022\/06\/Reaccion-emocional-ante-situaciones.webp 1148w\" sizes=\"(max-width:599px) 599px, (min-width:600px) and (max-width: 799px) 799px, (min-width:800px) and (max-width: 999px) 333px, (min-width:1000px) 400px\" \/><\/a><div class=\"entry-wrap entry-wrap-grid\"><h3 class=\"entry-title\" itemprop=\"headline\"><a class=\"entry-title-link\" href=\"https:\/\/neuronup.com\/fr\/activites-de-neuro-reeducation\/activites-pour-les-fonctions-cognitives\/activites-de-cognition-sociale\/la-cognition-sociale-ou-comment-comprendre-les-personnes-exercices-de-cognition-sociale\/\" rel=\"bookmark\">La cognition sociale ou comment comprendre les personnes : exercices de cognition sociale<\/a><\/h3>\n<\/div><\/article><article class=\"entry entry-grid is-column has-entry-link has-image has-image-first type-post category-activites-pour-les-enfants-ayant-des-besoins-particuliers tag-activites-de-stimulation-cognitive tag-activites-de-stimulation-cognitive-pour-enfants tag-enfants\" style=\"--entry-index:4;\" aria-label=\"7+1 activit\u00e9s pour enfants avec des besoins \u00e9ducatifs sp\u00e9ciaux\" itemscope itemtype=\"https:\/\/schema.org\/CreativeWork\"><a class=\"entry-image-link\" href=\"https:\/\/neuronup.com\/fr\/activites-de-neuro-reeducation\/activites-pour-les-enfants-ayant-des-besoins-particuliers\/71-activites-pour-enfants-a-besoins-educatifs-speciaux\/\" tabindex=\"-1\" aria-hidden=\"true\"><img decoding=\"async\" width=\"400\" height=\"298\" src=\"https:\/\/neuronup.com\/fr\/wp-content\/uploads\/2022\/07\/Prepara-la-mochila.webp\" class=\"entry-image size-landscape-sm\" alt=\"Activit\u00e9 Pr\u00e9pare le sac \u00e0 dos pour les enfants ayant des besoins \u00e9ducatifs particuliers\" srcset=\"https:\/\/neuronup.com\/fr\/wp-content\/uploads\/2022\/07\/Prepara-la-mochila-300x224.webp 300w, https:\/\/neuronup.com\/fr\/wp-content\/uploads\/2022\/07\/Prepara-la-mochila-768x572.webp 768w, https:\/\/neuronup.com\/fr\/wp-content\/uploads\/2022\/07\/Prepara-la-mochila-1024x763.webp 1024w, https:\/\/neuronup.com\/fr\/wp-content\/uploads\/2022\/07\/Prepara-la-mochila.webp 1255w\" sizes=\"(max-width:599px) 599px, (min-width:600px) and (max-width: 799px) 799px, (min-width:800px) and (max-width: 999px) 333px, (min-width:1000px) 400px\" \/><\/a><div class=\"entry-wrap entry-wrap-grid\"><h3 class=\"entry-title\" itemprop=\"headline\"><a class=\"entry-title-link\" href=\"https:\/\/neuronup.com\/fr\/activites-de-neuro-reeducation\/activites-pour-les-enfants-ayant-des-besoins-particuliers\/71-activites-pour-enfants-a-besoins-educatifs-speciaux\/\" rel=\"bookmark\">7+1 activit\u00e9s pour enfants avec des besoins \u00e9ducatifs sp\u00e9ciaux<\/a><\/h3>\n<\/div><\/article><article class=\"entry entry-grid is-column has-entry-link has-image has-image-first type-post category-activites-de-cognition-sociale tag-activites-de-stimulation-cognitive tag-activites-de-stimulation-cognitive-pour-enfants tag-cognition-sociale\" style=\"--entry-index:5;\" aria-label=\"Exercices de cognition sociale pour enfants\" itemscope itemtype=\"https:\/\/schema.org\/CreativeWork\"><a class=\"entry-image-link\" href=\"https:\/\/neuronup.com\/fr\/activites-de-neuro-reeducation\/activites-pour-les-fonctions-cognitives\/activites-de-cognition-sociale\/exercices-de-cognition-sociale-pour-enfants\/\" tabindex=\"-1\" aria-hidden=\"true\"><img decoding=\"async\" width=\"400\" height=\"273\" src=\"https:\/\/neuronup.com\/fr\/wp-content\/uploads\/2022\/08\/Que-esperan-encontrar-4-1.webp\" class=\"entry-image size-landscape-sm\" alt=\"Exercices de cognition sociale pour enfants\" srcset=\"https:\/\/neuronup.com\/fr\/wp-content\/uploads\/2022\/08\/Que-esperan-encontrar-4-1-300x205.webp 300w, https:\/\/neuronup.com\/fr\/wp-content\/uploads\/2022\/08\/Que-esperan-encontrar-4-1-768x524.webp 768w, https:\/\/neuronup.com\/fr\/wp-content\/uploads\/2022\/08\/Que-esperan-encontrar-4-1-1024x699.webp 1024w, https:\/\/neuronup.com\/fr\/wp-content\/uploads\/2022\/08\/Que-esperan-encontrar-4-1.webp 1205w\" sizes=\"(max-width:599px) 599px, (min-width:600px) and (max-width: 799px) 799px, (min-width:800px) and (max-width: 999px) 333px, (min-width:1000px) 400px\" \/><\/a><div class=\"entry-wrap entry-wrap-grid\"><h3 class=\"entry-title\" itemprop=\"headline\"><a class=\"entry-title-link\" href=\"https:\/\/neuronup.com\/fr\/activites-de-neuro-reeducation\/activites-pour-les-fonctions-cognitives\/activites-de-cognition-sociale\/exercices-de-cognition-sociale-pour-enfants\/\" rel=\"bookmark\">Exercices de cognition sociale pour enfants<\/a><\/h3>\n<\/div><\/article><article class=\"entry entry-grid is-column has-entry-link has-image has-image-first type-post category-activites-de-cognition-sociale tag-activites-de-stimulation-cognitive tag-activites-de-stimulation-cognitive-pour-enfants tag-actualites-de-neuronup tag-cognition-sociale tag-enfants tag-intelligence-emotionnelle\" style=\"--entry-index:6;\" aria-label=\"Activit\u00e9 pour identifier les \u00e9motions : Devinez le visage ?\" itemscope itemtype=\"https:\/\/schema.org\/CreativeWork\"><a class=\"entry-image-link\" href=\"https:\/\/neuronup.com\/fr\/activites-de-neuro-reeducation\/activites-pour-les-fonctions-cognitives\/activites-de-cognition-sociale\/activite-pour-identifier-les-emotions\/\" tabindex=\"-1\" aria-hidden=\"true\"><img decoding=\"async\" width=\"400\" height=\"283\" src=\"https:\/\/neuronup.com\/fr\/wp-content\/uploads\/2022\/09\/Actividad-para-identificar-emociones-de-NeuronUP-Adivinas-la-cara-1-1-1.webp\" class=\"entry-image size-landscape-sm\" alt=\"Activit\u00e9 pour identifier les \u00e9motions de NeuronUP Tu devines le visage\" srcset=\"https:\/\/neuronup.com\/fr\/wp-content\/uploads\/2022\/09\/Actividad-para-identificar-emociones-de-NeuronUP-Adivinas-la-cara-1-1-1-300x212.webp 300w, https:\/\/neuronup.com\/fr\/wp-content\/uploads\/2022\/09\/Actividad-para-identificar-emociones-de-NeuronUP-Adivinas-la-cara-1-1-1-768x543.webp 768w, https:\/\/neuronup.com\/fr\/wp-content\/uploads\/2022\/09\/Actividad-para-identificar-emociones-de-NeuronUP-Adivinas-la-cara-1-1-1-1024x724.webp 1024w, https:\/\/neuronup.com\/fr\/wp-content\/uploads\/2022\/09\/Actividad-para-identificar-emociones-de-NeuronUP-Adivinas-la-cara-1-1-1.webp 1200w\" sizes=\"(max-width:599px) 599px, (min-width:600px) and (max-width: 799px) 799px, (min-width:800px) and (max-width: 999px) 333px, (min-width:1000px) 400px\" \/><\/a><div class=\"entry-wrap entry-wrap-grid\"><h3 class=\"entry-title\" itemprop=\"headline\"><a class=\"entry-title-link\" href=\"https:\/\/neuronup.com\/fr\/activites-de-neuro-reeducation\/activites-pour-les-fonctions-cognitives\/activites-de-cognition-sociale\/activite-pour-identifier-les-emotions\/\" rel=\"bookmark\">Activit\u00e9 pour identifier les \u00e9motions : Devinez le visage ?<\/a><\/h3>\n<\/div><\/article><\/div><\/div>","protected":false},"excerpt":{"rendered":"<p>Dans cet article, la neuropsychologue Andreia Geraldo nous rapproche d&rsquo;une \u00e9tude portugaise r\u00e9alis\u00e9e sur les changements que la COVID-19 a apport\u00e9s aux services de neuropsychologie et, plus pr\u00e9cis\u00e9ment, sur la mani\u00e8re dont les personnes atteintes de troubles neurologiques ont fait face au processus de r\u00e9\u00e9ducation neuropsychologique \u00e0 distance. La COVID-19 et les mesures associ\u00e9es ont &hellip;<\/p>\n","protected":false},"author":216,"featured_media":33388,"comment_status":"open","ping_status":"closed","sticky":false,"template":"","format":"standard","meta":{"_acf_changed":false,"_genesis_hide_title":false,"_genesis_hide_breadcrumbs":false,"_genesis_hide_singular_image":false,"_genesis_hide_footer_widgets":false,"_genesis_custom_body_class":"","_genesis_custom_post_class":"","_genesis_layout":"","footnotes":""},"categories":[609],"tags":[],"class_list":{"2":"type-post","7":"category-nouveautes-neuronup","8":"entry"},"acf":[],"_links":{"self":[{"href":"https:\/\/neuronup.com\/fr\/wp-json\/wp\/v2\/posts\/7323","targetHints":{"allow":["GET"]}}],"collection":[{"href":"https:\/\/neuronup.com\/fr\/wp-json\/wp\/v2\/posts"}],"about":[{"href":"https:\/\/neuronup.com\/fr\/wp-json\/wp\/v2\/types\/post"}],"author":[{"embeddable":true,"href":"https:\/\/neuronup.com\/fr\/wp-json\/wp\/v2\/users\/216"}],"replies":[{"embeddable":true,"href":"https:\/\/neuronup.com\/fr\/wp-json\/wp\/v2\/comments?post=7323"}],"version-history":[{"count":0,"href":"https:\/\/neuronup.com\/fr\/wp-json\/wp\/v2\/posts\/7323\/revisions"}],"wp:featuredmedia":[{"embeddable":true,"href":"https:\/\/neuronup.com\/fr\/wp-json\/wp\/v2\/media\/33388"}],"wp:attachment":[{"href":"https:\/\/neuronup.com\/fr\/wp-json\/wp\/v2\/media?parent=7323"}],"wp:term":[{"taxonomy":"category","embeddable":true,"href":"https:\/\/neuronup.com\/fr\/wp-json\/wp\/v2\/categories?post=7323"},{"taxonomy":"post_tag","embeddable":true,"href":"https:\/\/neuronup.com\/fr\/wp-json\/wp\/v2\/tags?post=7323"}],"curies":[{"name":"wp","href":"https:\/\/api.w.org\/{rel}","templated":true}]}}