{"id":7073,"date":"2022-09-15T15:56:05","date_gmt":"2022-09-15T15:56:05","guid":{"rendered":"https:\/\/neuronup.com\/fr\/?p=7073"},"modified":"2025-09-25T16:14:47","modified_gmt":"2025-09-25T14:14:47","slug":"memoire-prospective-definition-differences-avec-la-retrospective-evaluation-et-variables","status":"publish","type":"post","link":"https:\/\/neuronup.com\/fr\/neurosciences\/neuropsychologie-et-informations\/memoire-prospective-definition-differences-avec-la-retrospective-evaluation-et-variables\/","title":{"rendered":"M\u00e9moire prospective : d\u00e9finition, diff\u00e9rences avec la r\u00e9trospective, \u00e9valuation et variables"},"content":{"rendered":"\n<p class=\"has-xl-font-size\">Le neuropsychologue Javier Esteban Libiano explique ce qu&rsquo;est la <strong>m\u00e9moire prospective<\/strong>, comment l&rsquo;\u00e9valuer, les variables qui l&rsquo;influencent et ses diff\u00e9rences avec la m\u00e9moire r\u00e9trospective.<\/p>\n\n\n\n<p>Parmi les diff\u00e9rentes capacit\u00e9s cognitives qui nous permettent de d\u00e9velopper nos vies de mani\u00e8re conventionnelle, l&rsquo;une des plus importantes est la <strong>m\u00e9moire<\/strong>. Cette comp\u00e9tence nous permet de traiter, de consolider et de r\u00e9cup\u00e9rer des informations pour \u00eatre en mesure d&rsquo;interpr\u00e9ter et de mettre en \u0153uvre des comportements et des comportements pertinents et appropri\u00e9s \u00e0 tout moment, ainsi que d&rsquo;\u00eatre capable d&rsquo;<strong>interpr\u00e9ter des situations<\/strong> connues par l&rsquo;exp\u00e9rience et de proc\u00e9der en cons\u00e9quence.<\/p>\n\n\n\n<h2 class=\"wp-block-heading\">M\u00e9moire prospective<\/h2>\n\n\n\n<p>Dans la classification taxonomique de la m\u00e9moire, nous trouvons la <strong>m\u00e9moire prospective<\/strong>, la qualit\u00e9 ou la capacit\u00e9 de notre syst\u00e8me de m\u00e9moire avec laquelle nous pouvons <strong>ex\u00e9cuter des actions dans le futur<\/strong>, \u00e0 un moment et \u00e0 un endroit pr\u00e9cis, pr\u00e9alablement planifi\u00e9es ou convenues dans une p\u00e9riode du pass\u00e9. La m\u00e9moire prospective est influenc\u00e9e par diff\u00e9rentes variables qui modulent son bon fonctionnement.<\/p>\n\n\n\n<h3 class=\"wp-block-heading\">Le contexte<\/h3>\n\n\n\n<p>Pour contextualiser, nous pouvons d\u00e9finir les <strong>comp\u00e9tences<\/strong> ou<strong> capacit\u00e9s cognitives <\/strong>comme un ensemble d&rsquo;aptitudes, d&rsquo;attitudes, de processus et de facult\u00e9s de notre esprit. Ce sont eux qui nous permettent de percevoir, d&rsquo;assister, de traiter, de s\u00e9lectionner, d&rsquo;interpr\u00e9ter, d&rsquo;analyser et de r\u00e9pondre \u00e0 tout ce qui nous entoure afin de nous adapter de mani\u00e8re appropri\u00e9e \u00e0 notre environnement et aux diff\u00e9rents contextes et situations qui se pr\u00e9sentent \u00e0 tout moment.<\/p>\n\n\n\n<p>Dans les capacit\u00e9s cognitives se trouve la <strong>m\u00e9moire<\/strong>. Cette capacit\u00e9 nous permet de nous <strong>rappeler<\/strong> comment faire une recette de cuisine, comme conduire une voiture.<\/p>\n\n\n\n<p>Dans les divisions des mod\u00e8les de classification de la m\u00e9moire, nous trouvons la <strong>m\u00e9moire prospective, <\/strong>qui nous permet de traiter les actions que nous allons effectuer \u00e0 l&rsquo;avenir et de consolider l&#8217;empreinte qui nous permettra d&rsquo;activer la cl\u00e9 de r\u00e9cup\u00e9ration appropri\u00e9e, qui nous \u00e9voquera \u00e0 un moment pr\u00e9cis et au bon endroit, effectuer un comportement planifi\u00e9 dans le pass\u00e9.<\/p>\n\n\n\n<h2 class=\"wp-block-heading\">Qu&rsquo;est-ce que la m\u00e9moire prospective ?<\/h2>\n\n\n\n<p>La <strong>m\u00e9moire prospective <\/strong>est une <strong>capacit\u00e9 de m\u00e9moire complexe<\/strong> qui n\u00e9cessite de se souvenir d&rsquo;une action planifi\u00e9e. Par exemple, cette fonction est particuli\u00e8rement importante pour que les gens se souviennent de prendre leurs m\u00e9dicaments au bon moment, de se rendre \u00e0 leur rendez-vous chez le m\u00e9decin au jour et \u00e0 l&rsquo;heure convenus, d&rsquo;acheter un certain produit la prochaine fois qu&rsquo;ils iront au supermarch\u00e9, de se rappeler en passant devant la pharmacie qu&rsquo;ils doivent acheter le produit dont ils ont besoin, mettre de l&rsquo;essence en passant devant la station service\u2026<\/p>\n\n\n\n<p>La <strong>m\u00e9moire prospective<\/strong> nous permet d<strong>&lsquo;ex\u00e9cuter intentionnellement des plans<\/strong> <strong>futurs<\/strong>. C&rsquo;est l&rsquo;encodage, le stockage et la r\u00e9cup\u00e9ration diff\u00e9r\u00e9e des actions futures (Shum et al., 2011), c&rsquo;est la m\u00e9moire pour compl\u00e9ter les intentions futures, et c&rsquo;est essentiel pour fonctionner dans notre vie quotidienne.<\/p>\n\n\n\n<h3 class=\"wp-block-heading\">D\u00e9ficits de m\u00e9moire potentiels<\/h3>\n\n\n\n<p>Une <strong>m\u00e9moire prospective alt\u00e9r\u00e9e<\/strong> peut avoir des effets <strong>n\u00e9fastes<\/strong> sur la sant\u00e9, l&rsquo;ind\u00e9pendance et l&rsquo;autonomie d&rsquo;un individu, affectant \u00e0 la fois les activit\u00e9s de base de la vie quotidienne (Groot et al., 2002 ; Shum et al., 2002), ainsi que les activit\u00e9s instrumentales de la vie quotidienne (Fish et al., 2010&nbsp;; Man et al., 2015&nbsp;; Woods et al., 2012).<\/p>\n\n\n\n<h2 class=\"wp-block-heading\">Diff\u00e9rences entre m\u00e9moire prospective et r\u00e9trospective<\/h2>\n\n\n\n<p>La <strong>m\u00e9moire prospective<\/strong>, \u00e0 la diff\u00e9rence de la <strong>m\u00e9moire r\u00e9trospective<\/strong> qui fait r\u00e9f\u00e9rence \u00e0 la reconnaissance ou au rappel d&rsquo;informations pass\u00e9es, par exemple, que l&rsquo;on a achet\u00e9es hier, fait r\u00e9f\u00e9rence \u00e0 la capacit\u00e9 de la personne \u00e0 se souvenir, \u00e0 initier et \u00e0 r\u00e9aliser au moment opportun une action qui s&rsquo;est d\u00e9roul\u00e9e et qu&rsquo;elle a pr\u00e9vu de r\u00e9aliser dans le futur (Einstein &amp; McDaniel, 1990, McDaniel &amp; Einstein, 2000), par exemple, que nous devions acheter tel produit en passant devant tel magasin.<\/p>\n\n\n\n<h2 class=\"wp-block-heading\">Contextualisation de la m\u00e9moire prospective<\/h2>\n\n\n\n<p>Les <strong>mod\u00e8les de classification de la m\u00e9moire <\/strong>consid\u00e8rent la m\u00e9moire prospective comme faisant partie de la m\u00e9moire d\u00e9clarative \u00e9pisodique, divis\u00e9e \u00e0 son tour en m\u00e9moire prospective, orient\u00e9e vers le futur, et m\u00e9moire r\u00e9trospective, orient\u00e9e vers le pass\u00e9.<\/p>\n\n\n\n<h3 class=\"wp-block-heading\">structures neuroanatomiques<\/h3>\n\n\n\n<p>Des \u00e9tudes neuroanatomiques et de neuroimagerie ont identifi\u00e9 le <strong>lobe temporal m\u00e9dial<\/strong> comme un <strong>syst\u00e8me neuronal<\/strong> qui prend en charge la <strong>m\u00e9moire d\u00e9clarative<\/strong> (Cabeza &amp; Nyberg, 2000). <strong>L&rsquo;hippocampe<\/strong> et ses r\u00e9gions adjacentes, les cortex entorhinal, p\u00e9rirhinal et parahippocampique, sont activ\u00e9s lors du rappel d&rsquo;informations apprises dans le pass\u00e9, bien que des souvenirs \u00e0 distance bien \u00e9tablis d\u00e9pendent \u00e9galement des zones post\u00e9rieures du cortex associatif.<\/p>\n\n\n\n<p>Neuroanatomiquement, cette m\u00e9moire d\u00e9pend initialement du <strong>lobe temporal m\u00e9dial<\/strong>, mais lors de la r\u00e9cup\u00e9ration de la m\u00e9moire \u00e9pisodique, l&rsquo;activation du cortex pr\u00e9frontal droit se produit (Cabeza &amp; Nyberg, 2000).<\/p>\n\n\n\n<h3 class=\"wp-block-heading\">Relation avec les fonctions ex\u00e9cutives<\/h3>\n\n\n\n<p>Etant donn\u00e9 que les processus m\u00e9moriels de <strong>m\u00e9moire prospective<\/strong> vont impliquer la mise en \u0153uvre d&rsquo;un plan d&rsquo;action pr\u00e9alablement planifi\u00e9, les fonctions ex\u00e9cutives vont articuler tout un d\u00e9ploiement de <strong>soutien<\/strong> \u00e0 la m\u00e9moire prospective.<\/p>\n\n\n\n<p>Les <strong>fonctions ex\u00e9cutives <\/strong>sont les comp\u00e9tences qui nous permettent de planifier des actions, de prendre des d\u00e9cisions, de<strong> g\u00e9n\u00e9rer un plan d&rsquo;action<\/strong> et d&rsquo;\u00e9valuer les objectifs et sous-objectifs, de m\u00eame, elles nous permettent de suivre les diff\u00e9rentes \u00e9tapes orient\u00e9es vers les objectifs, de r\u00e9orienter et de corriger les actions qui nous d\u00e9tournent de l&rsquo;action que nous voulons obtenir. \u00c0 travers les fonctions ex\u00e9cutives, nous pouvons favoriser et initier le d\u00e9but des actions, assouplir les objectifs finaux et interm\u00e9diaires, nous organiser, anticiper et nous inhiber.<\/p>\n\n\n\n<p>Ces fonctions impliquent un <strong>syst\u00e8me complexe de processus<\/strong> qui se produisent de mani\u00e8re ordonn\u00e9e et simultan\u00e9e et qui vont travailler avec la m\u00e9moire prospective dans le d\u00e9veloppement d&rsquo;un comportement que nous allons adopter.<\/p>\n\n\n\n<h2 class=\"wp-block-heading\">Paradigmes d&rsquo;\u00e9valuation en laboratoire<\/h2>\n\n\n\n<p>La m\u00e9moire prospective peut \u00eatre \u00e9valu\u00e9e avec deux types de situations en laboratoire, qui s&rsquo;inspirent du paradigme d&rsquo;<strong>Einstein et McDaniel<\/strong>.<\/p>\n\n\n\n<p>Dans la premi\u00e8re situation, le participant est plac\u00e9 dans une ex\u00e9cution \u00ab\u00a0<strong>double t\u00e2che<\/strong>\u00ab\u00a0. La t\u00e2che secondaire, par exemple, consiste \u00e0 m\u00e9moriser des mots, en m\u00eame temps, le participant doit se souvenir d&rsquo;effectuer une action, par exemple, appuyer sur un bouton \u00e0 un certain moment, ou respecter une certaine r\u00e9gularit\u00e9, par exemple, toutes les trois minutes, ces t\u00e2ches sont dites \u00ab\u00a0bas\u00e9es sur le temps\u00a0\u00bb.<\/p>\n\n\n\n<p>L&rsquo;autre fa\u00e7on d&rsquo;\u00e9valuer la <strong>m\u00e9moire prospective<\/strong> serait d&rsquo;effectuer une action convenue, en appuyant sur un bouton, par exemple, lorsqu&rsquo;un stimulus donn\u00e9 appara\u00eet, disons le cas de l&rsquo;apparition d&rsquo;un mot qui commence par la syllabe \u00ab\u00a0\u00e7a\u00a0\u00bb. , de leur liste de mots \u00e0 m\u00e9moriser, ces t\u00e2ches d&rsquo;\u00e9valuation sont dites \u00ab <strong>\u00e9v\u00e9nementielles<\/strong> \u00bb, car la t\u00e2che de m\u00e9moire prospective doit \u00eatre ex\u00e9cut\u00e9e apr\u00e8s l&rsquo;apparition d&rsquo;un stimulus donn\u00e9.<\/p>\n\n\n\n<h3 class=\"wp-block-heading\">Variables qui influencent la m\u00e9moire prospective<\/h3>\n\n\n\n<h4 class=\"wp-block-heading\">L&rsquo;\u00e2ge<\/h4>\n\n\n\n<p>En ce qui concerne les variables qui peuvent influencer le bon fonctionnement de la <strong>m\u00e9moire prospective<\/strong>, nous pouvons citer les donn\u00e9es d&rsquo;une enqu\u00eate men\u00e9e par Azzopardi, B. et al. (2021) dans lesquels ils ont compar\u00e9 les performances des <strong>personnes \u00e2g\u00e9es et des personnes plus jeunes<\/strong> sur diff\u00e9rentes t\u00e2ches de m\u00e9moire prospective.<\/p>\n\n\n\n<p>Dans les r\u00e9sultats obtenus, ils ont observ\u00e9 que les personnes <strong>\u00e2g\u00e9es<\/strong> r\u00e9ussissent g\u00e9n\u00e9ralement <strong>moins bien<\/strong> que les <strong>jeunes<\/strong> dans les t\u00e2ches de laboratoire de m\u00e9moire prospective, mais qu&rsquo;elles r\u00e9ussissent mieux que les jeunes dans les t\u00e2ches de m\u00e9moire prospective naturelle. Ils attribuent ce r\u00e9sultat \u00e0 un niveau de motivation plus \u00e9lev\u00e9 chez les personnes \u00e2g\u00e9es et au fait qu&rsquo;elles recourent plus fr\u00e9quemment \u00e0 des aides compensatoires externes pour am\u00e9liorer le processus de r\u00e9cup\u00e9ration de la m\u00e9moire.<\/p>\n\n\n\n<h4 class=\"wp-block-heading\">Le r\u00eave<\/h4>\n\n\n\n<p>Poursuivant avec une autre enqu\u00eate, Fine et all. (2018) ont cherch\u00e9 \u00e0 d\u00e9terminer la<strong> relation entre le sommeil et la m\u00e9moire prospective <\/strong>dans un \u00e9chantillon d&rsquo;adultes. Comme approche initiale, les auteurs ont propos\u00e9 que moins de sommeil conduirait \u00e0 de moins bonnes performances sur les t\u00e2ches de m\u00e9moire prospective. Ils ont constat\u00e9 que des<strong> interruptions de sommeil plus longues sont associ\u00e9es \u00e0 une moins bonne m\u00e9moire prospective<\/strong> li\u00e9e aux \u00e9v\u00e9nements et que les d\u00e9ficits de m\u00e9moire prospective sont caus\u00e9s par des troubles du sommeil, quel que soit l&rsquo;\u00e2ge.<\/p>\n\n\n\n<h4 class=\"wp-block-heading\">La cl\u00e9 de l&rsquo;espace de r\u00e9cup\u00e9ration<\/h4>\n\n\n\n<p>Dans un autre ordre de choses, <strong>O&rsquo;Rear, A. et Radvansky, G. (2019)<\/strong>, se fixent pour objectif d&rsquo;explorer l&rsquo;efficacit\u00e9 de la m\u00e9moire prospective lorsque le signal de r\u00e9cup\u00e9ration est un cadre spatial dans lequel se situe une personne, par exemple, passer devant un certain commerce. Ils ont montr\u00e9 que le fait d&rsquo;avoir une piste de <strong>r\u00e9cup\u00e9ration spatiale <\/strong>am\u00e9liorait les performances du processus de r\u00e9cup\u00e9ration des sujets de test.<\/p>\n\n\n\n<h4 class=\"wp-block-heading\">T\u00e9l\u00e9phones intelligents<\/h4>\n\n\n\n<p>Poursuivant le th\u00e8me des cl\u00e9s de r\u00e9cup\u00e9ration, Haj, M. et all. (2021), ont compar\u00e9 les effets sur la <strong>m\u00e9moire prospective de l&rsquo;utilisation de notes<\/strong> <strong>sur un calendrier papier <\/strong>pour se souvenir d&rsquo;effectuer une t\u00e2che, par rapport aux notes sur les calendriers des smartphones.<\/p>\n\n\n\n<p>Les r\u00e9sultats ont d\u00e9montr\u00e9 <strong>moins de sauts d&rsquo;\u00e9v\u00e9nements<\/strong> potentiels dans le groupe utilisant le <strong>calendrier du smartphone que dans le groupe utilisant le calendrier papier.<\/strong><\/p>\n\n\n\n<p>L&rsquo;effet de rappel sup\u00e9rieur des personnes ayant utilis\u00e9 l&rsquo;agenda du smartphone peut \u00eatre attribu\u00e9 au fait que, contrairement aux calendriers papier, les applications d&rsquo;agenda pour smartphone ont l&rsquo;avantage d&rsquo;envoyer des <strong>notifications<\/strong> avant le d\u00e9but de l&rsquo;\u00e9v\u00e9nement prospectif. Par cons\u00e9quent, ces applications <strong>n\u00e9cessitent moins de processus auto-initi\u00e9s<\/strong> que dans le cas du groupe qui a utilis\u00e9 le calendrier papier, ce qui impliquerait de consulter le calendrier pour observer les t\u00e2ches de m\u00e9moire prospective en attente.<\/p>\n\n\n\n<h4 class=\"wp-block-heading\">Consommation d&rsquo;alcool<\/h4>\n\n\n\n<p>Dans une autre exploration men\u00e9e par<strong> Ellyot, M. et al (2021)<\/strong>, sur les<strong> d\u00e9ficits de la m\u00e9moire prospective <\/strong>apr\u00e8s une forte consommation d&rsquo;alcool, ils ont conclu que l&rsquo;intoxication alcoolique aigu\u00eb entra\u00eenait une<strong> alt\u00e9ration significative <\/strong>sur toutes les t\u00e2ches de m\u00e9moire prospective test\u00e9es, avec des effets principalement importants. Et bien que les femmes aient une concentration d&rsquo;alcool dans le sang plus \u00e9lev\u00e9e que les hommes, aucune diff\u00e9rence entre les sexes n&rsquo;a \u00e9t\u00e9 identifi\u00e9e dans les performances des t\u00e2ches de m\u00e9moire \u00e9valu\u00e9es de mani\u00e8re prospective.<\/p>\n\n\n\n<p>Leurs r\u00e9sultats ont montr\u00e9 que la<strong> consommation d&rsquo;alcool, m\u00eame \u00e0 des doses mod\u00e9r\u00e9es, alt\u00e9rait consid\u00e9rablement la fonction de m\u00e9moire prospective.<\/strong><\/p>\n\n\n\n<h4 class=\"wp-block-heading\">Accidents c\u00e9r\u00e9braux-vasculaires<\/h4>\n\n\n\n<p>D&rsquo;autre part, Hogan, C. et al (2021), ont \u00e9tudi\u00e9 les effets sur la m\u00e9moire prospective apr\u00e8s un \u00e9pisode d&rsquo;AVC et ont d\u00e9duit que les personnes ayant subi un <strong>AVC<\/strong> avaient <strong>plus de d\u00e9faillances de la m\u00e9moire prospective<\/strong> que les t\u00e9moins sains, mais sous-estimaient l&rsquo;importance de ces trous de m\u00e9moire. .<\/p>\n\n\n\n<h4 class=\"wp-block-heading\">\u00c9motions et Alzheimer<\/h4>\n\n\n\n<p>D&rsquo;autre part, Graa, M. &amp; Ergis, A.M. (2021), dans leur publication \u00ab\u00a0M\u00e9moire prospective, \u00e9motions et maladie d&rsquo;Alzheimer\u00a0\u00bb se sont pench\u00e9s sur les <strong>liens entre m\u00e9moire prospective et \u00e9motions dans la maladie d&rsquo;Alzheimer<\/strong>, puisqu&rsquo;il a \u00e9t\u00e9 montr\u00e9 que les patients atteints de la maladie d&rsquo;Alzheimer <strong>m\u00e9morisent g\u00e9n\u00e9ralement mieux<\/strong> les informations \u00e0 valence \u00e9motionnelle positive.<\/p>\n\n\n\n<p>Les r\u00e9sultats de leurs recherches ont montr\u00e9 que les performances des patients atteints de la maladie d&rsquo;Alzheimer \u00e9taient significativement <strong>inf\u00e9rieures<\/strong> \u00e0 celles des participants \u00e2g\u00e9s en bonne sant\u00e9 dans les conditions de t\u00e2ches \u00ab&nbsp;bas\u00e9es sur les \u00e9v\u00e9nements&nbsp;\u00bb et \u00ab&nbsp;bas\u00e9es sur le temps&nbsp;\u00bb. Cependant, les patients atteints de la maladie d&rsquo;Alzheimer ont obtenu des <strong>scores similaires<\/strong> \u00e0 ceux obtenus par des sujets \u00e2g\u00e9s sains sur des t\u00e2ches \u00ab \u00e9v\u00e9nementielles \u00bb associ\u00e9es \u00e0 une valence \u00e9motionnelle positive.<\/p>\n\n\n\n<p>L&rsquo;association de <strong>stimuli positifs associ\u00e9s \u00e0 des t\u00e2ches de m\u00e9moire prospective<\/strong> semble permettre aux patients atteints de la maladie d&rsquo;Alzheimer de <strong>compenser<\/strong> leurs difficult\u00e9s de m\u00e9moire prospective.<\/p>\n\n\n\n<h2 class=\"wp-block-heading\">Conclusion<\/h2>\n\n\n\n<p>En conclusion, la <strong>m\u00e9moire prospective est l&rsquo;aptitude qui nous permet de faire des projets dans le futur que nous avions pr\u00e9alablement projet\u00e9s dans le pass\u00e9<\/strong>. Ce type d&rsquo;activit\u00e9 est influenc\u00e9, entre autres variables, par l&rsquo;\u00e2ge, le sommeil, les cl\u00e9s de r\u00e9cup\u00e9ration, la consommation d&rsquo;alcool\u2026 Gr\u00e2ce aux applications de r\u00e9\u00e9ducation neuropsychologique, nous pouvons travailler avec la classification taxonomique de la m\u00e9moire et plus pr\u00e9cis\u00e9ment avec la m\u00e9moire prospective , qui est essentielle pour les assidus d\u00e9veloppement d&rsquo;une vie avec autonomie et ind\u00e9pendance.<\/p>\n\n\n\n<h3 class=\"wp-block-heading\">Bibliographie<\/h3>\n\n\n\n<ul class=\"wp-block-list has-sm-font-size\">\n<li>Azzopardi B, Auffray C, Juhel J. (2015) L&rsquo;effet paradoxal du vieillissement sur la m\u00e9moire prospective : hypoth\u00e8ses explicatives. Geriatr Psychol Neuropsychiatr Vieil 13(1):64-72. Fran\u00e7ais. doi&nbsp;: 10.1684\/pnv.2014.0513. PMID : 25786425.<\/li>\n\n\n\n<li>Cabera, R. &amp; Nyberg, L. (2000). Bases neurales de l&rsquo;apprentissage et de la m\u00e9moire&nbsp;: preuves de neuroimagerie fonctionnelle. Opinion actuelle en neurologie 13(4), 415.<\/li>\n\n\n\n<li>Einstein, G.O. &amp; McDaniel, MA (1990) Vieillissement normal et m\u00e9moire prospective. J Exp Psychol Learn Mem Cogn ; 16&nbsp;: 717-26.<\/li>\n\n\n\n<li>El Haj M, Moustafa AA, Gallouj K, Allain P. Cuing. (2021). M\u00e9moire prospective avec calendriers bas\u00e9s sur smartphone dans la maladie d&rsquo;Alzheimer. Arch Clin Neuropsychol. 21;36(3):316-321. doi&nbsp;: 10.1093\/arclin\/acaa060. PMID : 32766676.<\/li>\n\n\n\n<li>Elliott M, Terrett G, Curran HV, De Bono N, Rendell PG, Henry JD. (2021). D\u00e9ficits de m\u00e9moire prospective suite \u00e0 une consommation aigu\u00eb d&rsquo;alcool. J Psychopharmacol. (11):1386-1397. doi&nbsp;: 10.1177\/02698811211056195. PMID : 34747256.<\/li>\n\n\n\n<li>Fine L, Weinborn M, Ng A, Loft S, Li YR, Hodgson E, Parker D, Rainey Smith S, Sohrabi HR, Brown B, Martins R, Bucks RS. (2019). La perturbation du sommeil explique les d\u00e9ficits de m\u00e9moire prospective li\u00e9s \u00e0 l&rsquo;\u00e2ge&nbsp;: implications pour le vieillissement cognitif et intervention. Neuropsychol Dev Cogn B Vieillissement Neuropsychol Cogn. (4):621-636. doi&nbsp;: 10.1080\/13825585.2018.1513449. Publication en ligne du 30 ao\u00fbt 2018. PMID&nbsp;: 30160598.<\/li>\n\n\n\n<li>Fish, J., Wilson, B.A. et Manly, T. (2010). L&rsquo;\u00e9valuation et la r\u00e9habilitation des probl\u00e8mes de m\u00e9moire prospective chez les personnes atteintes de troubles neurologiques : une revue. R\u00e9adaptation neuropsychologique, 20(2), 161\u2013179. https:\/\/doi.org\/10.1080\/09602010903126029<\/li>\n\n\n\n<li>Graa M, Ergis AM. (2021). M\u00e9moire prospective, \u00e9motions et maladie d&rsquo;Alzheimer. Geriatr Psychol Neuropsychiatr Vieil 1;19(3):332-340. Fran\u00e7ais. doi&nbsp;: 10.1684\/pnv.2021.0959. PMID : 34609297.<\/li>\n<\/ul>\n\n\n\n<h4 class=\"wp-block-heading\">Plus de r\u00e9f\u00e9rences<\/h4>\n\n\n\n<ul class=\"wp-block-list has-sm-font-size\">\n<li>Groot, Y.C.T., Wilson, B.A., Evans, J. et Watson, P. (2002). M\u00e9moire prospective fonctionnant chez les personnes avec et sans l\u00e9sion c\u00e9r\u00e9brale. Journal de la Soci\u00e9t\u00e9 internationale de neuropsychologie, 8(2), 645\u2013654. https:\/\/doi.org\/10.1017\/S1355617702801321<\/li>\n\n\n\n<li>Hogan C, Cornwell P, Fleming J, Man DWK, Shum D. (2020). M\u00e9moire prospective autod\u00e9clar\u00e9e apr\u00e8s un AVC. R\u00e9\u00e9ducation neuropsychologique. 2021sept;31(8):1190-1206. doi&nbsp;: 10.1080\/09602011.2020.1769686. PMID : 32482133.<\/li>\n\n\n\n<li>McDaniel, MA&nbsp;; Einstein GO (2000). Processus strat\u00e9giques et automatiques dans la r\u00e9cup\u00e9ration prospective de la m\u00e9moire&nbsp;: un cadre multiprocessus. Appl Cogn Psychol&nbsp;; 14&nbsp;: S127-44.<\/li>\n\n\n\n<li>Homme, DWK, Yip, C., Lee, G., Fleming, J. et Shum, D. (2015). Autod\u00e9clarer les probl\u00e8mes de m\u00e9moire prospective chez les personnes ayant subi un AVC. L\u00e9sion c\u00e9r\u00e9brale, 29(3), 329\u2013335. https:\/\/doi.org\/10.3109\/02699052.2014.974672<\/li>\n\n\n\n<li>O&rsquo;Rear AE, Radvansky GA. (2019). M\u00e9moire prospective bas\u00e9e sur la localisation. QJ Exp Psychol (Hove). 72(3):491-507. doi&nbsp;: 10.1177\/1747021818758608. Publication en ligne le 19 f\u00e9vrier 2018. PMID&nbsp;: 29364055.<\/li>\n\n\n\n<li>Shum, D., Fleming, J. et Neulinger, K. (2002). M\u00e9moire prospective et traumatisme cr\u00e2nien : une revue. Insuffisance c\u00e9r\u00e9brale, 3(1), 1\u201316. https:\/\/doi.org\/10.1375\/brim.3.1.1<\/li>\n\n\n\n<li>Shum, D., Levin, H. et Chan, RCK (2011). M\u00e9moire prospective chez les patients pr\u00e9sentant un traumatisme cr\u00e2nien ferm\u00e9&nbsp;: une revue. Neuropsychologie, 49(8), 2156\u20132165. https:\/\/doi.org\/10.1016\/j. neuropsychologie.2011.02.006<\/li>\n\n\n\n<li>Woods, S.P., Weinborn, M., Velnoweth, A., Rooney, A. et Bucks, R.S. (2012). La m\u00e9moire des intentions est uniquement associ\u00e9e aux activit\u00e9s instrumentales de la vie quotidienne chez les personnes \u00e2g\u00e9es en bonne sant\u00e9. Journal de la Soci\u00e9t\u00e9 internationale de neuropsychologie, 18(1), 134\u2013138. https:\/\/doi. org\/10.1017\/S1355617711001263<\/li>\n<\/ul>\n\n\n\n<h3 class=\"wp-block-heading\">Si vous avez aim\u00e9 cet article sur la m\u00e9moire prospective, ces articles pourraient \u00e9galement vous int\u00e9resser :<\/h3>\n\n\n<div class=\"mai-grid entries entries-grid has-boxed has-image-full\" style=\"--entry-title-font-size:var(--font-size-lg);--align-text:start;--entry-meta-text-align:start;\"><div class=\"entries-wrap has-columns\" style=\"--columns-xs:1\/1;--columns-sm:1\/1;--columns-md:1\/3;--columns-lg:1\/3;--flex-xs:0 0 var(--flex-basis);--flex-sm:0 0 var(--flex-basis);--flex-md:0 0 var(--flex-basis);--flex-lg:0 0 var(--flex-basis);--column-gap:var(--spacing-lg);--row-gap:var(--spacing-lg);--align-columns:start;\"><article class=\"entry entry-grid is-column has-entry-link has-image has-image-first type-post category-activites-de-la-vie-quotidienne category-nouveautes-neuronup tag-activites-de-stimulation-cognitive tag-activites-de-stimulation-cognitive-pour-enfants tag-adulte tag-enfants tag-remediation-cognitive\" style=\"--entry-index:1;\" aria-label=\"Nouvelles activit\u00e9s NeuronUP : entra\u00eenez les fonctions cognitives dans des situations du quotidien\" itemscope itemtype=\"https:\/\/schema.org\/CreativeWork\"><a class=\"entry-image-link\" href=\"https:\/\/neuronup.com\/fr\/nouveautes-neuronup\/nouvelles-activites-neuronup-entrainez-les-fonctions-cognitives-dans-des-situations-du-quotidien\/\" tabindex=\"-1\" aria-hidden=\"true\"><img decoding=\"async\" width=\"400\" height=\"202\" src=\"https:\/\/neuronup.com\/fr\/wp-content\/uploads\/2026\/03\/Capture-decran-2026-03-30-111842-400x202.webp\" class=\"entry-image size-landscape-sm\" alt=\"\" \/><\/a><div class=\"entry-wrap entry-wrap-grid\"><h3 class=\"entry-title\" itemprop=\"headline\"><a class=\"entry-title-link\" href=\"https:\/\/neuronup.com\/fr\/nouveautes-neuronup\/nouvelles-activites-neuronup-entrainez-les-fonctions-cognitives-dans-des-situations-du-quotidien\/\" rel=\"bookmark\">Nouvelles activit\u00e9s NeuronUP : entra\u00eenez les fonctions cognitives dans des situations du quotidien<\/a><\/h3>\n<\/div><\/article><article class=\"entry entry-grid is-column has-entry-link has-image has-image-first type-post category-activites-dattention category-activites-de-neuro-reeducation category-activites-pour-les-fonctions-cognitives tag-adulte\" style=\"--entry-index:2;\" aria-label=\"Nouvelle activit\u00e9 Attention s\u00e9lective (Adultes)\" itemscope itemtype=\"https:\/\/schema.org\/CreativeWork\"><a class=\"entry-image-link\" href=\"https:\/\/neuronup.com\/fr\/activites-de-neuro-reeducation\/nouvelle-activite-attention-selective-adultes\/\" tabindex=\"-1\" aria-hidden=\"true\"><img decoding=\"async\" width=\"253\" height=\"230\" src=\"https:\/\/neuronup.com\/fr\/wp-content\/uploads\/2026\/03\/Capture-decran-2026-03-03-160917.webp\" class=\"entry-image size-landscape-sm\" alt=\"\" \/><\/a><div class=\"entry-wrap entry-wrap-grid\"><h3 class=\"entry-title\" itemprop=\"headline\"><a class=\"entry-title-link\" href=\"https:\/\/neuronup.com\/fr\/activites-de-neuro-reeducation\/nouvelle-activite-attention-selective-adultes\/\" rel=\"bookmark\">Nouvelle activit\u00e9 Attention s\u00e9lective (Adultes)<\/a><\/h3>\n<\/div><\/article><article class=\"entry entry-grid is-column has-entry-link has-image has-image-first type-post category-activites-de-cognition-sociale tag-activites-de-stimulation-cognitive tag-cognition-sociale tag-fonctions-executives\" style=\"--entry-index:3;\" aria-label=\"La cognition sociale ou comment comprendre les personnes : exercices de cognition sociale\" itemscope itemtype=\"https:\/\/schema.org\/CreativeWork\"><a class=\"entry-image-link\" href=\"https:\/\/neuronup.com\/fr\/activites-de-neuro-reeducation\/activites-pour-les-fonctions-cognitives\/activites-de-cognition-sociale\/la-cognition-sociale-ou-comment-comprendre-les-personnes-exercices-de-cognition-sociale\/\" tabindex=\"-1\" aria-hidden=\"true\"><img decoding=\"async\" width=\"396\" height=\"300\" src=\"https:\/\/neuronup.com\/fr\/wp-content\/uploads\/2022\/06\/Reaccion-emocional-ante-situaciones.webp\" class=\"entry-image size-landscape-sm\" alt=\"R\u00e9action \u00e9motionnelle face aux situations : Exercice de cognition sociale\" srcset=\"https:\/\/neuronup.com\/fr\/wp-content\/uploads\/2022\/06\/Reaccion-emocional-ante-situaciones-300x227.webp 300w, https:\/\/neuronup.com\/fr\/wp-content\/uploads\/2022\/06\/Reaccion-emocional-ante-situaciones-768x582.webp 768w, https:\/\/neuronup.com\/fr\/wp-content\/uploads\/2022\/06\/Reaccion-emocional-ante-situaciones-1024x776.webp 1024w, https:\/\/neuronup.com\/fr\/wp-content\/uploads\/2022\/06\/Reaccion-emocional-ante-situaciones.webp 1148w\" sizes=\"(max-width:599px) 599px, (min-width:600px) and (max-width: 799px) 799px, (min-width:800px) and (max-width: 999px) 333px, (min-width:1000px) 400px\" \/><\/a><div class=\"entry-wrap entry-wrap-grid\"><h3 class=\"entry-title\" itemprop=\"headline\"><a class=\"entry-title-link\" href=\"https:\/\/neuronup.com\/fr\/activites-de-neuro-reeducation\/activites-pour-les-fonctions-cognitives\/activites-de-cognition-sociale\/la-cognition-sociale-ou-comment-comprendre-les-personnes-exercices-de-cognition-sociale\/\" rel=\"bookmark\">La cognition sociale ou comment comprendre les personnes : exercices de cognition sociale<\/a><\/h3>\n<\/div><\/article><article class=\"entry entry-grid is-column has-entry-link has-image has-image-first type-post category-activites-pour-les-enfants-ayant-des-besoins-particuliers tag-activites-de-stimulation-cognitive tag-activites-de-stimulation-cognitive-pour-enfants tag-enfants\" style=\"--entry-index:4;\" aria-label=\"7+1 activit\u00e9s pour enfants avec des besoins \u00e9ducatifs sp\u00e9ciaux\" itemscope itemtype=\"https:\/\/schema.org\/CreativeWork\"><a class=\"entry-image-link\" href=\"https:\/\/neuronup.com\/fr\/activites-de-neuro-reeducation\/activites-pour-les-enfants-ayant-des-besoins-particuliers\/71-activites-pour-enfants-a-besoins-educatifs-speciaux\/\" tabindex=\"-1\" aria-hidden=\"true\"><img decoding=\"async\" width=\"400\" height=\"298\" src=\"https:\/\/neuronup.com\/fr\/wp-content\/uploads\/2022\/07\/Prepara-la-mochila.webp\" class=\"entry-image size-landscape-sm\" alt=\"Activit\u00e9 Pr\u00e9pare le sac \u00e0 dos pour les enfants ayant des besoins \u00e9ducatifs particuliers\" srcset=\"https:\/\/neuronup.com\/fr\/wp-content\/uploads\/2022\/07\/Prepara-la-mochila-300x224.webp 300w, https:\/\/neuronup.com\/fr\/wp-content\/uploads\/2022\/07\/Prepara-la-mochila-768x572.webp 768w, https:\/\/neuronup.com\/fr\/wp-content\/uploads\/2022\/07\/Prepara-la-mochila-1024x763.webp 1024w, https:\/\/neuronup.com\/fr\/wp-content\/uploads\/2022\/07\/Prepara-la-mochila.webp 1255w\" sizes=\"(max-width:599px) 599px, (min-width:600px) and (max-width: 799px) 799px, (min-width:800px) and (max-width: 999px) 333px, (min-width:1000px) 400px\" \/><\/a><div class=\"entry-wrap entry-wrap-grid\"><h3 class=\"entry-title\" itemprop=\"headline\"><a class=\"entry-title-link\" href=\"https:\/\/neuronup.com\/fr\/activites-de-neuro-reeducation\/activites-pour-les-enfants-ayant-des-besoins-particuliers\/71-activites-pour-enfants-a-besoins-educatifs-speciaux\/\" rel=\"bookmark\">7+1 activit\u00e9s pour enfants avec des besoins \u00e9ducatifs sp\u00e9ciaux<\/a><\/h3>\n<\/div><\/article><article class=\"entry entry-grid is-column has-entry-link has-image has-image-first type-post category-activites-de-cognition-sociale tag-activites-de-stimulation-cognitive tag-activites-de-stimulation-cognitive-pour-enfants tag-cognition-sociale\" style=\"--entry-index:5;\" aria-label=\"Exercices de cognition sociale pour enfants\" itemscope itemtype=\"https:\/\/schema.org\/CreativeWork\"><a class=\"entry-image-link\" href=\"https:\/\/neuronup.com\/fr\/activites-de-neuro-reeducation\/activites-pour-les-fonctions-cognitives\/activites-de-cognition-sociale\/exercices-de-cognition-sociale-pour-enfants\/\" tabindex=\"-1\" aria-hidden=\"true\"><img decoding=\"async\" width=\"400\" height=\"273\" src=\"https:\/\/neuronup.com\/fr\/wp-content\/uploads\/2022\/08\/Que-esperan-encontrar-4-1.webp\" class=\"entry-image size-landscape-sm\" alt=\"Exercices de cognition sociale pour enfants\" srcset=\"https:\/\/neuronup.com\/fr\/wp-content\/uploads\/2022\/08\/Que-esperan-encontrar-4-1-300x205.webp 300w, https:\/\/neuronup.com\/fr\/wp-content\/uploads\/2022\/08\/Que-esperan-encontrar-4-1-768x524.webp 768w, https:\/\/neuronup.com\/fr\/wp-content\/uploads\/2022\/08\/Que-esperan-encontrar-4-1-1024x699.webp 1024w, https:\/\/neuronup.com\/fr\/wp-content\/uploads\/2022\/08\/Que-esperan-encontrar-4-1.webp 1205w\" sizes=\"(max-width:599px) 599px, (min-width:600px) and (max-width: 799px) 799px, (min-width:800px) and (max-width: 999px) 333px, (min-width:1000px) 400px\" \/><\/a><div class=\"entry-wrap entry-wrap-grid\"><h3 class=\"entry-title\" itemprop=\"headline\"><a class=\"entry-title-link\" href=\"https:\/\/neuronup.com\/fr\/activites-de-neuro-reeducation\/activites-pour-les-fonctions-cognitives\/activites-de-cognition-sociale\/exercices-de-cognition-sociale-pour-enfants\/\" rel=\"bookmark\">Exercices de cognition sociale pour enfants<\/a><\/h3>\n<\/div><\/article><article class=\"entry entry-grid is-column has-entry-link has-image has-image-first type-post category-activites-de-cognition-sociale tag-activites-de-stimulation-cognitive tag-activites-de-stimulation-cognitive-pour-enfants tag-actualites-de-neuronup tag-cognition-sociale tag-enfants tag-intelligence-emotionnelle\" style=\"--entry-index:6;\" aria-label=\"Activit\u00e9 pour identifier les \u00e9motions : Devinez le visage ?\" itemscope itemtype=\"https:\/\/schema.org\/CreativeWork\"><a class=\"entry-image-link\" href=\"https:\/\/neuronup.com\/fr\/activites-de-neuro-reeducation\/activites-pour-les-fonctions-cognitives\/activites-de-cognition-sociale\/activite-pour-identifier-les-emotions\/\" tabindex=\"-1\" aria-hidden=\"true\"><img decoding=\"async\" width=\"400\" height=\"283\" src=\"https:\/\/neuronup.com\/fr\/wp-content\/uploads\/2022\/09\/Actividad-para-identificar-emociones-de-NeuronUP-Adivinas-la-cara-1-1-1.webp\" class=\"entry-image size-landscape-sm\" alt=\"Activit\u00e9 pour identifier les \u00e9motions de NeuronUP Tu devines le visage\" srcset=\"https:\/\/neuronup.com\/fr\/wp-content\/uploads\/2022\/09\/Actividad-para-identificar-emociones-de-NeuronUP-Adivinas-la-cara-1-1-1-300x212.webp 300w, https:\/\/neuronup.com\/fr\/wp-content\/uploads\/2022\/09\/Actividad-para-identificar-emociones-de-NeuronUP-Adivinas-la-cara-1-1-1-768x543.webp 768w, https:\/\/neuronup.com\/fr\/wp-content\/uploads\/2022\/09\/Actividad-para-identificar-emociones-de-NeuronUP-Adivinas-la-cara-1-1-1-1024x724.webp 1024w, https:\/\/neuronup.com\/fr\/wp-content\/uploads\/2022\/09\/Actividad-para-identificar-emociones-de-NeuronUP-Adivinas-la-cara-1-1-1.webp 1200w\" sizes=\"(max-width:599px) 599px, (min-width:600px) and (max-width: 799px) 799px, (min-width:800px) and (max-width: 999px) 333px, (min-width:1000px) 400px\" \/><\/a><div class=\"entry-wrap entry-wrap-grid\"><h3 class=\"entry-title\" itemprop=\"headline\"><a class=\"entry-title-link\" href=\"https:\/\/neuronup.com\/fr\/activites-de-neuro-reeducation\/activites-pour-les-fonctions-cognitives\/activites-de-cognition-sociale\/activite-pour-identifier-les-emotions\/\" rel=\"bookmark\">Activit\u00e9 pour identifier les \u00e9motions : Devinez le visage ?<\/a><\/h3>\n<\/div><\/article><\/div><\/div>","protected":false},"excerpt":{"rendered":"<p>Le neuropsychologue Javier Esteban Libiano explique ce qu&rsquo;est la m\u00e9moire prospective, comment l&rsquo;\u00e9valuer, les variables qui l&rsquo;influencent et ses diff\u00e9rences avec la m\u00e9moire r\u00e9trospective. Parmi les diff\u00e9rentes capacit\u00e9s cognitives qui nous permettent de d\u00e9velopper nos vies de mani\u00e8re conventionnelle, l&rsquo;une des plus importantes est la m\u00e9moire. Cette comp\u00e9tence nous permet de traiter, de consolider et &hellip;<\/p>\n","protected":false},"author":54,"featured_media":33726,"comment_status":"open","ping_status":"closed","sticky":false,"template":"","format":"standard","meta":{"_acf_changed":false,"_genesis_hide_title":false,"_genesis_hide_breadcrumbs":false,"_genesis_hide_singular_image":false,"_genesis_hide_footer_widgets":false,"_genesis_custom_body_class":"","_genesis_custom_post_class":"","_genesis_layout":"","footnotes":""},"categories":[598],"tags":[724,669],"class_list":{"2":"type-post","7":"category-neuropsychologie-et-informations","8":"tag-memoire","9":"tag-neuropsychologie","10":"entry"},"acf":[],"_links":{"self":[{"href":"https:\/\/neuronup.com\/fr\/wp-json\/wp\/v2\/posts\/7073","targetHints":{"allow":["GET"]}}],"collection":[{"href":"https:\/\/neuronup.com\/fr\/wp-json\/wp\/v2\/posts"}],"about":[{"href":"https:\/\/neuronup.com\/fr\/wp-json\/wp\/v2\/types\/post"}],"author":[{"embeddable":true,"href":"https:\/\/neuronup.com\/fr\/wp-json\/wp\/v2\/users\/54"}],"replies":[{"embeddable":true,"href":"https:\/\/neuronup.com\/fr\/wp-json\/wp\/v2\/comments?post=7073"}],"version-history":[{"count":0,"href":"https:\/\/neuronup.com\/fr\/wp-json\/wp\/v2\/posts\/7073\/revisions"}],"wp:featuredmedia":[{"embeddable":true,"href":"https:\/\/neuronup.com\/fr\/wp-json\/wp\/v2\/media\/33726"}],"wp:attachment":[{"href":"https:\/\/neuronup.com\/fr\/wp-json\/wp\/v2\/media?parent=7073"}],"wp:term":[{"taxonomy":"category","embeddable":true,"href":"https:\/\/neuronup.com\/fr\/wp-json\/wp\/v2\/categories?post=7073"},{"taxonomy":"post_tag","embeddable":true,"href":"https:\/\/neuronup.com\/fr\/wp-json\/wp\/v2\/tags?post=7073"}],"curies":[{"name":"wp","href":"https:\/\/api.w.org\/{rel}","templated":true}]}}