{"id":6907,"date":"2025-06-10T09:02:42","date_gmt":"2025-06-10T09:02:42","guid":{"rendered":"https:\/\/neuronup.com\/?p=6907"},"modified":"2025-06-10T09:02:42","modified_gmt":"2025-06-10T09:02:42","slug":"les-restes-dun-naufrage-memoire-affective-et-alzheimer","status":"publish","type":"post","link":"https:\/\/neuronup.com\/fr\/actualites-de-la-stimulation-cognitive\/maladies-neurodegeneratives\/alzheimer\/les-restes-dun-naufrage-memoire-affective-et-alzheimer\/","title":{"rendered":"Les restes d&rsquo;un naufrage : m\u00e9moire affective et Alzheimer"},"content":{"rendered":"\n<p>Les restes d\u2019un naufrage. C\u2019est ainsi que j\u2019aime d\u00e9signer ce que l\u2019<strong>Alzheimer<\/strong> ne rafle pas. Et c\u2019est vrai qu\u2019en un sens, c\u2019est ainsi que se repr\u00e9sente ce qui survit \u00e0 la maladie apr\u00e8s un si terrible tsunami de d\u00e9vastation. Apr\u00e8s avoir perdu les souvenirs, l\u2019identit\u00e9 et, osons-le dire, jusqu\u2019\u00e0 l\u2019essence m\u00eame en tant que personne, dans une personne atteinte d\u2019<strong>Alzheimer<\/strong> subsiste encore une place pour la <strong>m\u00e9moire affective<\/strong>. Une place qui est d\u2019ailleurs privil\u00e9gi\u00e9e. La m\u00e9moire affective, c\u2019est celle dont on entend tant parler et qu\u2019on peut r\u00e9sumer en un seul mot : <strong>AMOUR<\/strong>. Car il est vrai que la maladie efface les souvenirs et aussi la vie du malade, mais elle n\u2019efface pas les sentiments.<\/p>\n\n\n\n<p>Quand vient le diagnostic, apr\u00e8s le deuil initial, les proches d\u2019un malade d\u2019<strong>Alzheimer<\/strong> craignent souvent de devoir \u00e0 nouveau, apr\u00e8s avoir appris qu\u2019il souffre de cette affection, la mani\u00e8re de le traiter ou de se relier affectivement \u00e0 lui. \u00c0 l\u2019int\u00e9rieur de cet emballage qui se d\u00e9t\u00e9riore chaque jour, il y a une personne qui garde les m\u00eames sentiments qu\u2019avant, seulement ceux-ci sont d\u00e9sormais accompagn\u00e9s des sympt\u00f4mes d\u00e9j\u00e0 bien connus de tous.<\/p>\n\n\n\n<h2 class=\"wp-block-heading\"><strong>M\u00e9moire affective en psychologie<\/strong><\/h2>\n\n\n\n<p>En psychologie, on entend par <strong>m\u00e9moire affective<\/strong> <em>\u00ab le sentiment dot\u00e9 d\u2019une charge \u00e9motionnelle particuli\u00e8re qui r\u00e9appara\u00eet chaque fois qu\u2019on se rem\u00e9more une exp\u00e9rience ant\u00e9rieure significative. \u00bb<\/em> Ici, on pourrait ajouter \u00e9galement <em>\u00ab chaque fois que le patient voit une personne qu\u2019il aime, ou chaque fois que quelqu\u2019un lui donne une \u00e9treinte \u00bb<\/em><\/p>\n\n\n\n<p>Je dois dire que je ne connais aucun cas d\u2019<strong>Alzheimer<\/strong> o\u00f9 la <strong>m\u00e9moire affective<\/strong> ne soit pr\u00e9sente d\u2019une mani\u00e8re ou d\u2019une autre. Tous les malades, quel que soit le stade de la maladie o\u00f9 ils se trouvent et quelle que soit la fa\u00e7on dont ils traversent cette p\u00e9riode, r\u00e9agissent <strong>positivement aux stimuli affectifs<\/strong>. Cela constitue pour le soignant une source de s\u00e9curit\u00e9 et d\u2019ancrage au pr\u00e9sent, car rien n\u2019est perdu tant qu\u2019une \u00e9treinte peut arracher au malade un sourire ou lui offrir un moment de calme et de qui\u00e9tude entre des \u00e9pisodes de nervosit\u00e9, de d\u00e9lires ou d\u2019hallucinations.<\/p>\n\n\n\n\n\n<div style=\"height:50px\" aria-hidden=\"true\" class=\"wp-block-spacer\"><\/div>\n\n\n\n<div class=\"wp-block-group br-0111 has-primary-background-color has-background has-dark-background has-sm-padding-top has-sm-padding-left has-sm-padding-right has-xxl-margin-top\"><div class=\"wp-block-group__inner-container is-layout-constrained wp-block-group-is-layout-constrained\">\n<div class=\"wp-block-columns is-layout-flex wp-container-core-columns-is-layout-9d6595d7 wp-block-columns-is-layout-flex\">\n<div class=\"wp-block-column is-layout-flow wp-block-column-is-layout-flow\">\n<figure class=\"wp-block-image size-full desktop-position-absolute desktop-bottom-0 mobile-width-50 mobile-m-inline-auto has-xl-margin-top\"><img decoding=\"async\" width=\"292\" height=\"338\" src=\"https:\/\/neuronup.com\/fr\/wp-content\/uploads\/2024\/10\/certificat-produit.webp\" alt=\"\" class=\"wp-image-31568\" srcset=\"https:\/\/neuronup.com\/fr\/wp-content\/uploads\/2024\/10\/certificat-produit-259x300.webp 259w, https:\/\/neuronup.com\/fr\/wp-content\/uploads\/2024\/10\/certificat-produit.webp 292w\" sizes=\"(max-width: 292px) 100vw, 292px\" \/><\/figure>\n<\/div>\n\n\n\n<div class=\"wp-block-column is-layout-flow wp-block-column-is-layout-flow\">\n<h2 class=\"wp-block-heading has-white-color has-text-color\"><strong>Abonnez-vous<\/strong> <br>\u00e0 notre <br>Newsletter<\/h2>\n\n\n\n<div class=\"wp-block-buttons is-layout-flex wp-block-buttons-is-layout-flex\">\n<div class=\"wp-block-button--1\" style=\"--button-outline-color:var(--color-white);--button-outline-color-hover:rgba(0,0,0,0.8);\"><a class=\"wp-block-button__link button button-outline   wp-element-button\" href=\"https:\/\/neuronup.com\/fr\/newsletter\/\">Abonnez-vous<\/a><\/div>\n\n<\/div>\n\n\n\n<div style=\"height:40px\" aria-hidden=\"true\" class=\"wp-block-spacer\"><\/div>\n<\/div>\n<\/div>\n<\/div><\/div>\n\n\n\n\n<div style=\"height:50px\" aria-hidden=\"true\" class=\"wp-block-spacer\"><\/div>\n\n\n<h2 class=\"wp-block-heading\"><strong>Les malades d\u2019Alzheimer peuvent ressentir des \u00e9motions<\/strong><\/h2>\n\n\n\n<p>Ceux qui lisent ceci se demanderont sans doute comment il est possible qu\u2019une personne qui ne se souvient pas de qui elle est puisse comprendre la signification d\u2019un baiser, d\u2019une \u00e9treinte ou d\u2019une caresse. L\u2019explication est tr\u00e8s simple : les malades d\u2019Alzheimer peuvent ressentir des <strong>\u00e9motions<\/strong> m\u00eame si, en raison de la maladie, ils oublient ce qui les provoque, mais le sentiment, bien que fugace, existe, et c\u2019est l\u00e0 l\u2019essence de l\u2019affection.<\/p>\n\n\n\n<p>Un malade d\u2019Alzheimer ne peut pas se rappeler que c\u2019est son fils, qu\u2019il voit chaque jour et qui prend soin de lui, mais sa simple pr\u00e9sence peut lui apporter du calme, car du sein de l\u2019enchev\u00eatrement mental confus qui r\u00e9git sa conscience, le visage de son fils est un visage \u00ab ami \u00bb, source de caresses et peut-\u00eatre aussi de baisers et d\u2019\u00e9treintes, une planche de salut au milieu du naufrage.<\/p>\n\n\n\n<h3 class=\"wp-block-heading\">Parler avec des gestes<\/h3>\n\n\n\n<p>Il est b\u00e9n\u00e9fique pour les malades de vivre amour, s\u00e9curit\u00e9 et tranquillit\u00e9 gr\u00e2ce \u00e0 la m\u00e9moire affective, mais cela l\u2019est aussi pour les soignants. C\u2019est pourquoi, de plus en plus, il est jug\u00e9 essentiel que les <strong>proches<\/strong> d\u2019un malade d\u2019Alzheimer et ses principaux aidants apprennent \u00e0 <strong>dire avec des gestes<\/strong> ce qu\u2019autrefois ils pouvaient transmettre par des mots, afin d\u2019\u00e9changer (et non pas seulement de donner) des \u00e9motions positives avec le malade.<\/p>\n\n\n\n<p>Cet \u00e9change d\u2019\u00e9motions positives affectives se poursuit jusqu\u2019\u00e0 la fin, car m\u00eame si le malade a entam\u00e9 il y a bien longtemps un chemin sans retour o\u00f9 il abandonnera ses souvenirs avec tout son bagage de vie, il faut garder \u00e0 l\u2019esprit que seul l\u2019amour que nous \u00e9prouvons pour lui le maintiendra li\u00e9 \u00e0 nous et \u00e0 la personne qu\u2019il fut un jour.<\/p>\n\n\n\n<p><strong><em>\u00ab Il n\u2019y a pas d\u2019oubli qui vaille : toi garde les sentiments, moi, je garderai les souvenirs\u2026 \u00bb \u2013 anonyme<\/em><\/strong><\/p>\n\n\n\n<p>Par : Merche Cardona<\/p>\n\n\n\n<div class=\"wp-block-buttons is-layout-flex wp-block-buttons-is-layout-flex\">\n<div class=\"wp-block-button\"><a class=\"wp-block-button__link button wp-element-button\" href=\"https:\/\/app.neuronup.com\/public\/trial\/request;from=blog\">Demandez votre d\u00e9mo<\/a><\/div>\n<\/div>\n\n\n\n<p>Si vous avez aim\u00e9 cet article sur la m\u00e9moire affective et Alzheimer, vous pourriez \u00e9galement \u00eatre int\u00e9ress\u00e9 par :<\/p>\n\n<div class=\"mai-grid entries entries-grid has-boxed has-image-full\" style=\"--entry-title-font-size:var(--font-size-lg);--align-text:start;--entry-meta-text-align:start;\"><div class=\"entries-wrap has-columns\" style=\"--columns-xs:1\/1;--columns-sm:1\/1;--columns-md:1\/3;--columns-lg:1\/3;--flex-xs:0 0 var(--flex-basis);--flex-sm:0 0 var(--flex-basis);--flex-md:0 0 var(--flex-basis);--flex-lg:0 0 var(--flex-basis);--column-gap:var(--spacing-lg);--row-gap:var(--spacing-lg);--align-columns:start;\"><article class=\"entry entry-grid is-column has-entry-link has-image has-image-first type-post category-avc tag-cerveau tag-fonctions-executives tag-lesions-cerebrales-acquises\" style=\"--entry-index:1;\" aria-label=\"Accident vasculaire c\u00e9r\u00e9bral (AVC): ce qu&#8217;il est, les types d&#8217;AVC et les s\u00e9quelles possibles\" itemscope itemtype=\"https:\/\/schema.org\/CreativeWork\"><a class=\"entry-image-link\" href=\"https:\/\/neuronup.com\/fr\/actualites-de-la-stimulation-cognitive\/lesions-cerebrales\/avc\/accident-vasculaire-cerebral-avc-ce-quil-est-les-types-davc-et-les-sequelles-possibles\/\" tabindex=\"-1\" aria-hidden=\"true\"><img decoding=\"async\" width=\"400\" height=\"300\" src=\"https:\/\/neuronup.com\/fr\/wp-content\/uploads\/2024\/11\/Accident-vasculaire-cerebral-AVC-ce-quil-est-les-types-dAVC-et-les-sequelles-possibles-400x300.webp\" class=\"entry-image size-landscape-sm\" alt=\"\u00c9cran affichant des coupes d\u2019IRM c\u00e9r\u00e9brales; une main pointe une coupe avec un stylo pour mettre en \u00e9vidence une zone du cerveau.\" srcset=\"https:\/\/neuronup.com\/fr\/wp-content\/uploads\/2024\/11\/Accident-vasculaire-cerebral-AVC-ce-quil-est-les-types-dAVC-et-les-sequelles-possibles-400x300.webp 400w, https:\/\/neuronup.com\/fr\/wp-content\/uploads\/2024\/11\/Accident-vasculaire-cerebral-AVC-ce-quil-est-les-types-dAVC-et-les-sequelles-possibles-800x600.webp 800w\" sizes=\"(max-width:599px) 599px, (min-width:600px) and (max-width: 799px) 799px, (min-width:800px) and (max-width: 999px) 333px, (min-width:1000px) 400px\" \/><\/a><div class=\"entry-wrap entry-wrap-grid\"><h3 class=\"entry-title\" itemprop=\"headline\"><a class=\"entry-title-link\" href=\"https:\/\/neuronup.com\/fr\/actualites-de-la-stimulation-cognitive\/lesions-cerebrales\/avc\/accident-vasculaire-cerebral-avc-ce-quil-est-les-types-davc-et-les-sequelles-possibles\/\" rel=\"bookmark\">Accident vasculaire c\u00e9r\u00e9bral (AVC): ce qu&#8217;il est, les types d&#8217;AVC et les s\u00e9quelles possibles<\/a><\/h3>\n<\/div><\/article><article class=\"entry entry-grid is-column has-entry-link has-image has-image-first type-post category-avc tag-avc tag-lesions-cerebrales tag-lesions-cerebrales-acquises\" style=\"--entry-index:2;\" aria-label=\"P\u00e9nombre isch\u00e9mique : neuror\u00e9habilitation apr\u00e8s une maladie c\u00e9r\u00e9brovasculaire\" itemscope itemtype=\"https:\/\/schema.org\/CreativeWork\"><a class=\"entry-image-link\" href=\"https:\/\/neuronup.com\/fr\/actualites-de-la-stimulation-cognitive\/lesions-cerebrales\/avc\/penombre-ischemique-neurorehabilitation-apres-une-maladie-cerebrovasculaire\/\" tabindex=\"-1\" aria-hidden=\"true\"><img decoding=\"async\" width=\"400\" height=\"300\" src=\"https:\/\/neuronup.com\/fr\/wp-content\/uploads\/2025\/01\/Penombre-ischemique-neurorehabilitation-apres-une-maladie-cerebrovasculaire-400x300.webp\" class=\"entry-image size-landscape-sm\" alt=\"Cerveau stylis\u00e9 en deux moiti\u00e9s bleu et rouge avec des lignes lumineuses et des motifs ADN en arri\u00e8re-plan, effet moderne.\" srcset=\"https:\/\/neuronup.com\/fr\/wp-content\/uploads\/2025\/01\/Penombre-ischemique-neurorehabilitation-apres-une-maladie-cerebrovasculaire-400x300.webp 400w, https:\/\/neuronup.com\/fr\/wp-content\/uploads\/2025\/01\/Penombre-ischemique-neurorehabilitation-apres-une-maladie-cerebrovasculaire-800x600.webp 800w\" sizes=\"(max-width:599px) 599px, (min-width:600px) and (max-width: 799px) 799px, (min-width:800px) and (max-width: 999px) 333px, (min-width:1000px) 400px\" \/><\/a><div class=\"entry-wrap entry-wrap-grid\"><h3 class=\"entry-title\" itemprop=\"headline\"><a class=\"entry-title-link\" href=\"https:\/\/neuronup.com\/fr\/actualites-de-la-stimulation-cognitive\/lesions-cerebrales\/avc\/penombre-ischemique-neurorehabilitation-apres-une-maladie-cerebrovasculaire\/\" rel=\"bookmark\">P\u00e9nombre isch\u00e9mique : neuror\u00e9habilitation apr\u00e8s une maladie c\u00e9r\u00e9brovasculaire<\/a><\/h3>\n<\/div><\/article><article class=\"entry entry-grid is-column has-entry-link has-image has-image-first type-post category-activites-dattention tag-activites-de-stimulation-cognitive tag-activites-de-stimulation-cognitive-pour-adultes tag-actualites-de-neuronup tag-adultes tag-attention\" style=\"--entry-index:3;\" aria-label=\"Jeu pour travailler la vitesse de traitement chez les adultes : Appariements rapides\" itemscope itemtype=\"https:\/\/schema.org\/CreativeWork\"><a class=\"entry-image-link\" href=\"https:\/\/neuronup.com\/fr\/activites-de-neuro-reeducation\/activites-pour-les-fonctions-cognitives\/activites-dattention\/jeu-pour-travailler-la-vitesse-de-traitement-chez-les-adultes-appariements-rapides\/\" tabindex=\"-1\" aria-hidden=\"true\"><img decoding=\"async\" width=\"400\" height=\"271\" src=\"https:\/\/neuronup.com\/fr\/wp-content\/uploads\/2023\/03\/Emparejamientos-veloces.webp\" class=\"entry-image size-landscape-sm\" alt=\"Grille d\u2019objets vari\u00e9s dispos\u00e9s en rang\u00e9es, avec une casserole au centre, illustrant un jeu d\u2019appariements rapides.\" srcset=\"https:\/\/neuronup.com\/fr\/wp-content\/uploads\/2023\/03\/Emparejamientos-veloces-300x203.webp 300w, https:\/\/neuronup.com\/fr\/wp-content\/uploads\/2023\/03\/Emparejamientos-veloces-768x520.webp 768w, https:\/\/neuronup.com\/fr\/wp-content\/uploads\/2023\/03\/Emparejamientos-veloces-1024x693.webp 1024w, https:\/\/neuronup.com\/fr\/wp-content\/uploads\/2023\/03\/Emparejamientos-veloces.webp 1250w\" sizes=\"(max-width:599px) 599px, (min-width:600px) and (max-width: 799px) 799px, (min-width:800px) and (max-width: 999px) 333px, (min-width:1000px) 400px\" \/><\/a><div class=\"entry-wrap entry-wrap-grid\"><h3 class=\"entry-title\" itemprop=\"headline\"><a class=\"entry-title-link\" href=\"https:\/\/neuronup.com\/fr\/activites-de-neuro-reeducation\/activites-pour-les-fonctions-cognitives\/activites-dattention\/jeu-pour-travailler-la-vitesse-de-traitement-chez-les-adultes-appariements-rapides\/\" rel=\"bookmark\">Jeu pour travailler la vitesse de traitement chez les adultes : Appariements rapides<\/a><\/h3>\n<\/div><\/article><article class=\"entry entry-grid is-column has-entry-link has-image has-image-first type-post category-activites-de-praxies tag-activites-de-stimulation-cognitive tag-activites-de-stimulation-cognitive-enfants tag-neuronup tag-nouvelle-activite tag-stimulation-cognitive\" style=\"--entry-index:4;\" aria-label=\"Jeu pour travailler les praxies visoconstructives chez l&#8217;enfant\" itemscope itemtype=\"https:\/\/schema.org\/CreativeWork\"><a class=\"entry-image-link\" href=\"https:\/\/neuronup.com\/fr\/activites-de-neuro-reeducation\/activites-pour-les-fonctions-cognitives\/activites-de-praxies\/jeu-pour-travailler-les-praxies-visoconstructives-chez-lenfant\/\" tabindex=\"-1\" aria-hidden=\"true\"><img decoding=\"async\" width=\"400\" height=\"300\" src=\"https:\/\/neuronup.com\/fr\/wp-content\/uploads\/2024\/11\/Jeu-pour-travailler-les-praxies-visoconstructives-chez-lenfant-400x300.webp\" class=\"entry-image size-landscape-sm\" alt=\"Puzzle tropical avec toucan et ara, pi\u00e8ces manquantes, utilis\u00e9 pour travailler les praxies visoconstructives chez l&#039;enfant.\" srcset=\"https:\/\/neuronup.com\/fr\/wp-content\/uploads\/2024\/11\/Jeu-pour-travailler-les-praxies-visoconstructives-chez-lenfant-400x300.webp 400w, https:\/\/neuronup.com\/fr\/wp-content\/uploads\/2024\/11\/Jeu-pour-travailler-les-praxies-visoconstructives-chez-lenfant-800x600.webp 800w, https:\/\/neuronup.com\/fr\/wp-content\/uploads\/2024\/11\/Jeu-pour-travailler-les-praxies-visoconstructives-chez-lenfant-1200x900.webp 1200w\" sizes=\"(max-width:599px) 599px, (min-width:600px) and (max-width: 799px) 799px, (min-width:800px) and (max-width: 999px) 333px, (min-width:1000px) 400px\" \/><\/a><div class=\"entry-wrap entry-wrap-grid\"><h3 class=\"entry-title\" itemprop=\"headline\"><a class=\"entry-title-link\" href=\"https:\/\/neuronup.com\/fr\/activites-de-neuro-reeducation\/activites-pour-les-fonctions-cognitives\/activites-de-praxies\/jeu-pour-travailler-les-praxies-visoconstructives-chez-lenfant\/\" rel=\"bookmark\">Jeu pour travailler les praxies visoconstructives chez l&#8217;enfant<\/a><\/h3>\n<\/div><\/article><article class=\"entry entry-grid is-column has-entry-link has-image has-image-first type-post category-cerveau tag-cerveau\" style=\"--entry-index:5;\" aria-label=\"Organo\u00efdes : la nouvelle technique pour fabriquer un cerveau\" itemscope itemtype=\"https:\/\/schema.org\/CreativeWork\"><a class=\"entry-image-link\" href=\"https:\/\/neuronup.com\/fr\/neurosciences\/cerveau\/organoides-la-nouvelle-technique-pour-fabriquer-un-cerveau\/\" tabindex=\"-1\" aria-hidden=\"true\"><img decoding=\"async\" width=\"400\" height=\"224\" src=\"https:\/\/neuronup.com\/fr\/wp-content\/uploads\/2023\/05\/Organoides.webp\" class=\"entry-image size-landscape-sm\" alt=\"Cellules vues au microscope avec formes irr\u00e9guli\u00e8res et filaments autour, fond neutre et d\u00e9tails cellulaires marqu\u00e9s.\" srcset=\"https:\/\/neuronup.com\/fr\/wp-content\/uploads\/2023\/05\/Organoides-300x168.webp 300w, https:\/\/neuronup.com\/fr\/wp-content\/uploads\/2023\/05\/Organoides-768x430.webp 768w, https:\/\/neuronup.com\/fr\/wp-content\/uploads\/2023\/05\/Organoides-1024x574.webp 1024w, https:\/\/neuronup.com\/fr\/wp-content\/uploads\/2023\/05\/Organoides.webp 1215w\" sizes=\"(max-width:599px) 599px, (min-width:600px) and (max-width: 799px) 799px, (min-width:800px) and (max-width: 999px) 333px, (min-width:1000px) 400px\" \/><\/a><div class=\"entry-wrap entry-wrap-grid\"><h3 class=\"entry-title\" itemprop=\"headline\"><a class=\"entry-title-link\" href=\"https:\/\/neuronup.com\/fr\/neurosciences\/cerveau\/organoides-la-nouvelle-technique-pour-fabriquer-un-cerveau\/\" rel=\"bookmark\">Organo\u00efdes : la nouvelle technique pour fabriquer un cerveau<\/a><\/h3>\n<\/div><\/article><article class=\"entry entry-grid is-column has-entry-link has-image has-image-first type-post category-nouvelles-activites tag-activites-de-stimulation-cognitive tag-memoire tag-memoire-episodique tag-neuronup tag-nouvelle-activite tag-stimulation-cognitive\" style=\"--entry-index:6;\" aria-label=\"Nouvelle activit\u00e9 pour enfant: \u00abM\u00e9morisez les constellations\u00bb\" itemscope itemtype=\"https:\/\/schema.org\/CreativeWork\"><a class=\"entry-image-link\" href=\"https:\/\/neuronup.com\/fr\/nouveautes-neuronup\/nouvelles-activites\/nouvelle-activite-pour-enfant-memorisez-les-constellations\/\" tabindex=\"-1\" aria-hidden=\"true\"><img decoding=\"async\" width=\"400\" height=\"300\" src=\"https:\/\/neuronup.com\/fr\/wp-content\/uploads\/2024\/11\/Memorisez-les-constellations-400x300.webp\" class=\"entry-image size-landscape-sm\" alt=\"Fond bleu avec grille et \u00e9toiles jaunes; bandeau en bas annonce l\u2019activit\u00e9 enfant M\u00e9morisez les constellations, nouvelle.\" srcset=\"https:\/\/neuronup.com\/fr\/wp-content\/uploads\/2024\/11\/Memorisez-les-constellations-400x300.webp 400w, https:\/\/neuronup.com\/fr\/wp-content\/uploads\/2024\/11\/Memorisez-les-constellations-800x600.webp 800w, https:\/\/neuronup.com\/fr\/wp-content\/uploads\/2024\/11\/Memorisez-les-constellations-1200x900.webp 1200w\" sizes=\"(max-width:599px) 599px, (min-width:600px) and (max-width: 799px) 799px, (min-width:800px) and (max-width: 999px) 333px, (min-width:1000px) 400px\" \/><\/a><div class=\"entry-wrap entry-wrap-grid\"><h3 class=\"entry-title\" itemprop=\"headline\"><a class=\"entry-title-link\" href=\"https:\/\/neuronup.com\/fr\/nouveautes-neuronup\/nouvelles-activites\/nouvelle-activite-pour-enfant-memorisez-les-constellations\/\" rel=\"bookmark\">Nouvelle activit\u00e9 pour enfant: \u00abM\u00e9morisez les constellations\u00bb<\/a><\/h3>\n<\/div><\/article><\/div><\/div>","protected":false},"excerpt":{"rendered":"<p>Les restes d\u2019un naufrage. C\u2019est ainsi que j\u2019aime d\u00e9signer ce que l\u2019Alzheimer ne rafle pas. Et c\u2019est vrai qu\u2019en un sens, c\u2019est ainsi que se repr\u00e9sente ce qui survit \u00e0 la maladie apr\u00e8s un si terrible tsunami de d\u00e9vastation. Apr\u00e8s avoir perdu les souvenirs, l\u2019identit\u00e9 et, osons-le dire, jusqu\u2019\u00e0 l\u2019essence m\u00eame en tant que personne, &hellip;<\/p>\n","protected":false},"author":355,"featured_media":6913,"comment_status":"open","ping_status":"closed","sticky":false,"template":"","format":"standard","meta":{"_acf_changed":false,"_genesis_hide_title":false,"_genesis_hide_breadcrumbs":false,"_genesis_hide_singular_image":false,"_genesis_hide_footer_widgets":false,"_genesis_custom_body_class":"","_genesis_custom_post_class":"","_genesis_layout":"","footnotes":""},"categories":[579],"tags":[698,993,806],"class_list":{"2":"type-post","7":"category-alzheimer","8":"tag-maladie-dalzheimer","9":"tag-maladies-neurodegeneratives","10":"tag-personnes-agees","11":"entry"},"acf":[],"_links":{"self":[{"href":"https:\/\/neuronup.com\/fr\/wp-json\/wp\/v2\/posts\/6907","targetHints":{"allow":["GET"]}}],"collection":[{"href":"https:\/\/neuronup.com\/fr\/wp-json\/wp\/v2\/posts"}],"about":[{"href":"https:\/\/neuronup.com\/fr\/wp-json\/wp\/v2\/types\/post"}],"author":[{"embeddable":true,"href":"https:\/\/neuronup.com\/fr\/wp-json\/wp\/v2\/users\/355"}],"replies":[{"embeddable":true,"href":"https:\/\/neuronup.com\/fr\/wp-json\/wp\/v2\/comments?post=6907"}],"version-history":[{"count":0,"href":"https:\/\/neuronup.com\/fr\/wp-json\/wp\/v2\/posts\/6907\/revisions"}],"wp:featuredmedia":[{"embeddable":true,"href":"https:\/\/neuronup.com\/fr\/wp-json\/wp\/v2\/media\/6913"}],"wp:attachment":[{"href":"https:\/\/neuronup.com\/fr\/wp-json\/wp\/v2\/media?parent=6907"}],"wp:term":[{"taxonomy":"category","embeddable":true,"href":"https:\/\/neuronup.com\/fr\/wp-json\/wp\/v2\/categories?post=6907"},{"taxonomy":"post_tag","embeddable":true,"href":"https:\/\/neuronup.com\/fr\/wp-json\/wp\/v2\/tags?post=6907"}],"curies":[{"name":"wp","href":"https:\/\/api.w.org\/{rel}","templated":true}]}}