{"id":6815,"date":"2025-06-09T09:02:42","date_gmt":"2025-06-09T09:02:42","guid":{"rendered":"https:\/\/neuronup.com\/?p=6815"},"modified":"2026-01-29T17:34:21","modified_gmt":"2026-01-29T15:34:21","slug":"rehabilitation-cognitive-pour-les-personnes-atteintes-dalzheimer","status":"publish","type":"post","link":"https:\/\/neuronup.com\/fr\/actualites-de-la-stimulation-cognitive\/maladies-neurodegeneratives\/alzheimer\/rehabilitation-cognitive-pour-les-personnes-atteintes-dalzheimer\/","title":{"rendered":"R\u00e9\u00e9ducation cognitive pour les personnes atteintes de la maladie d\u2019Alzheimer"},"content":{"rendered":"\n<p><strong>La maladie d\u2019Alzheimer est implacable<\/strong>. Elle progresse sans rel\u00e2che pendant que nous attendons qu\u2019un m\u00e9dicament miracle nous d\u00e9livre de ce cauchemar. Mais les m\u00e9dicaments d\u2019un tel pouvoir, soyons optimistes, ne verront peut-\u00eatre pas le jour avant de nombreuses ann\u00e9es. Et les traitements actuels laissent la majorit\u00e9 plus qu\u2019insatisfaite.<\/p>\n\n\n\n<div style=\"height:50px\" aria-hidden=\"true\" class=\"wp-block-spacer\"><\/div>\n\n\n\n<figure class=\"wp-block-image size-large\"><a href=\"https:\/\/neuronup.com\/wp-content\/uploads\/2024\/10\/Infografia-Alzheimer-NeuronUP.pdf\"><img decoding=\"async\" src=\"https:\/\/neuronup.com\/wp-content\/uploads\/2024\/10\/Infografia-simplificada-enfermedad-de-Alzheimer-ES-NeuronUP-1024x576.webp\" alt=\"\" class=\"wp-image-34400\"\/><\/a><figcaption class=\"wp-element-caption\">Donn\u00e9es essentielles sur la maladie d\u2019Alzheimer.<\/figcaption><\/figure>\n\n\n\n<div style=\"height:50px\" aria-hidden=\"true\" class=\"wp-block-spacer\"><\/div>\n\n\n\n<p>Que faire ? Rester les bras crois\u00e9s tandis que la qualit\u00e9 de vie des malades se d\u00e9t\u00e9riore ? Si nous cherchons, il existe des r\u00e9ponses plus optimistes, des strat\u00e9gies qui enrichiront notre r\u00f4le professionnel : la r\u00e9\u00e9ducation cognitive pour les personnes atteintes de la maladie d\u2019Alzheimer.<\/p>\n\n\n\n<p>Chez <strong>NeuronUP<\/strong>, nous misons sans aucun doute sur les <strong>b\u00e9n\u00e9fices des th\u00e9rapies non pharmacologiques<\/strong> (TNP) \u2014 cat\u00e9gorie \u00e0 laquelle appartient la r\u00e9\u00e9ducation cognitive \u2014 pour les personnes atteintes de <strong>maladies neurod\u00e9g\u00e9n\u00e9ratives<\/strong> telles que la maladie d\u2019Alzheimer, la maladie de Parkinson ou la maladie de Huntington. Cette conviction n\u2019est pas vaine ; elle repose sur des preuves scientifiques qui soutiennent l\u2019utilisation des TNP dans ces groupes. Non seulement la cognition s\u2019am\u00e9liore, mais aussi l\u2019\u00e9tat d\u2019esprit. (Olazar\u00e1n et al. 2010).<\/p>\n\n\n\n<h2 class=\"wp-block-heading\"><strong>R\u00e9\u00e9ducation et Alzheimer : un besoin<\/strong><\/h2>\n\n\n\n<p>La maladie d\u2019Alzheimer a pour sympt\u00f4me le plus connu la d\u00e9t\u00e9rioration progressive de la <strong>m\u00e9moire<\/strong>. Mais ce n\u2019est que le commencement. Peu \u00e0 peu, l\u2019ensemble du <strong>fonctionnement cognitif<\/strong> sera affect\u00e9 et des processus tels que le <strong>langage, l\u2019attention, les habilet\u00e9s visuo-spatiales ou les fonctions ex\u00e9cutives<\/strong> conna\u00eetront une d\u00e9t\u00e9rioration notable.<\/p>\n\n\n\n<p>Cette d\u00e9t\u00e9rioration du fonctionnement cognitif se refl\u00e8te fid\u00e8lement dans la vie quotidienne de la personne, qui voit elle aussi peu \u00e0 peu ses capacit\u00e9s \u00e0 faire face aux d\u00e9fis du quotidien s\u2019\u00e9loigner. Il peut s\u2019\u00e9couler seulement quelques ann\u00e9es entre l\u2019oubli d\u2019un mot au hasard et l\u2019incapacit\u00e9 \u00e0 se nourrir seul.<\/p>\n\n\n\n<p>La r\u00e9\u00e9ducation constitue une r\u00e9ponse aux besoins d\u2019une population de malades qui d\u00e9passe d\u00e9j\u00e0 50 millions dans le monde. Elle a pour objectif d\u2019aider les personnes pr\u00e9sentant des <strong>d\u00e9ficiences fonctionnelles<\/strong> \u00e0 atteindre un \u00ab <strong>niveau optimal<\/strong> de fonctionnement physique, psychologique et social \u00bb (McLellan, 1991 cit\u00e9 dans Clare L, Woods RT, Cook, Orrell M et Spector A, 2003). Chez les personnes atteintes de la maladie d\u2019Alzheimer, la notion d\u2019optimal varie beaucoup d\u2019une \u00e9tape \u00e0 l\u2019autre, mais il existe des objectifs et la r\u00e9\u00e9ducation cognitive vise pr\u00e9cis\u00e9ment \u00e0 <strong>faire en sorte que le malade atteigne le meilleur niveau de fonctionnement possible<\/strong>, selon ses propres capacit\u00e9s.<\/p>\n\n\n\n<div style=\"height:50px\" aria-hidden=\"true\" class=\"wp-block-spacer\"><\/div>\n\n\n\n<div class=\"wp-block-group br-0111 has-primary-background-color has-background has-dark-background has-sm-padding-top has-sm-padding-left has-sm-padding-right has-xxl-margin-top\"><div class=\"wp-block-group__inner-container is-layout-constrained wp-block-group-is-layout-constrained\">\n<div class=\"wp-block-columns is-layout-flex wp-container-core-columns-is-layout-9d6595d7 wp-block-columns-is-layout-flex\">\n<div class=\"wp-block-column is-layout-flow wp-block-column-is-layout-flow\">\n<figure class=\"wp-block-image size-full desktop-position-absolute desktop-bottom-0 mobile-width-50 mobile-m-inline-auto has-xl-margin-top\"><img decoding=\"async\" width=\"292\" height=\"338\" src=\"https:\/\/neuronup.com\/fr\/wp-content\/uploads\/2024\/10\/certificat-produit.webp\" alt=\"\" class=\"wp-image-31568\" srcset=\"https:\/\/neuronup.com\/fr\/wp-content\/uploads\/2024\/10\/certificat-produit-259x300.webp 259w, https:\/\/neuronup.com\/fr\/wp-content\/uploads\/2024\/10\/certificat-produit.webp 292w\" sizes=\"(max-width: 292px) 100vw, 292px\" \/><\/figure>\n<\/div>\n\n\n\n<div class=\"wp-block-column is-layout-flow wp-block-column-is-layout-flow\">\n<h2 class=\"wp-block-heading has-white-color has-text-color\"><strong>Abonnez-vous<\/strong> <br>\u00e0 notre <br>Newsletter<\/h2>\n\n\n\n<div class=\"wp-block-buttons is-layout-flex wp-block-buttons-is-layout-flex\">\n<div class=\"wp-block-button--1\" style=\"--button-outline-color:var(--color-white);--button-outline-color-hover:rgba(0,0,0,0.8);\"><a class=\"wp-block-button__link button button-outline   wp-element-button\" href=\"https:\/\/neuronup.com\/fr\/newsletter\/\">Abonnez-vous<\/a><\/div>\n\n<\/div>\n\n\n\n<div style=\"height:40px\" aria-hidden=\"true\" class=\"wp-block-spacer\"><\/div>\n<\/div>\n<\/div>\n<\/div><\/div>\n\n\n\n\n<div style=\"height:50px\" aria-hidden=\"true\" class=\"wp-block-spacer\"><\/div>\n\n\n\n<h3 class=\"wp-block-heading\"><strong>R\u00e9\u00e9ducation cognitive pour les personnes atteintes de la maladie d\u2019Alzheimer ? Oui !<\/strong><\/h3>\n\n\n\n<p>Oui, on peut pratiquer la r\u00e9\u00e9ducation cognitive chez les personnes atteintes de la maladie d\u2019Alzheimer, m\u00eame si certains s\u2019ent\u00eatent \u00e0 user de th\u00e9ories pour \u00e9viter l\u2019usage de ce terme dans le domaine des <strong>d\u00e9mences<\/strong>.<\/p>\n\n\n\n<p>La r\u00e9\u00e9ducation cognitive pour les personnes atteintes de la maladie d\u2019Alzheimer constitue une aide pour le fonctionnement quotidien. Si la stimulation cognitive est orient\u00e9e vers tous les <strong>processus cognitifs<\/strong> en g\u00e9n\u00e9ral et peut \u00eatre r\u00e9alis\u00e9e avec des personnes saines, la r\u00e9\u00e9ducation implique la pr\u00e9sence d\u2019une personne pr\u00e9sentant un d\u00e9ficit et un entra\u00eenement c\u00e9r\u00e9bral pour <strong>am\u00e9liorer le fonctionnement au quotidien<\/strong>. La stimulation cognitive vise \u00e0 am\u00e9liorer la m\u00e9moire ; la r\u00e9\u00e9ducation, \u00e0 ce que vous vous rappeliez le num\u00e9ro de t\u00e9l\u00e9phone de votre fille. La premi\u00e8re est non sp\u00e9cifique, la seconde tr\u00e8s personnalis\u00e9e.<\/p>\n\n\n\n<p>Beaucoup objectent que la r\u00e9\u00e9ducation implique de r\u00e9apprendre une <strong>comp\u00e9tence ou fonction perdue<\/strong>, ce qui est tr\u00e8s difficile dans la maladie d\u2019Alzheimer et d\u2019autres affections accompagn\u00e9es de d\u00e9mence. Cependant, la r\u00e9\u00e9ducation consiste aussi \u00e0 s\u2019appuyer sur ce qui est pr\u00e9serv\u00e9 afin d\u2019aider la personne \u00e0 d\u00e9velopper des strat\u00e9gies pour \u00eatre fonctionnelle dans ces nouvelles conditions.<\/p>\n\n\n\n<h4 class=\"wp-block-heading\">\u00c0 prendre en compte lors de la r\u00e9alisation de la r\u00e9\u00e9ducation cognitive<\/h4>\n\n\n\n<ul class=\"wp-block-list\">\n<li>Celle-ci est toujours <strong>individualis\u00e9e<\/strong>, les s\u00e9ances de groupe ne sont pas recommand\u00e9es. Des plateformes comme <strong>NeuronUP<\/strong> offrent des options pour que la r\u00e9\u00e9ducation cognitive soit la plus <strong>personnalis\u00e9e<\/strong> et <strong>sp\u00e9cifique<\/strong> possible.<\/li>\n<li>Les <strong>objectifs<\/strong> doivent \u00eatre <strong>r\u00e9alistes<\/strong>, <strong>sp\u00e9cifiques<\/strong>, <strong>atteignables<\/strong> et d\u00e9finis dans un <strong>d\u00e9lai<\/strong> (Kelly et O\u2019Sullivan, 2015). Par exemple, se souvenir du pr\u00e9nom des enfants.<\/li>\n<li>Les <strong>niveaux d\u2019aide sont tr\u00e8s importants<\/strong> pour \u00e9viter la frustration et l\u2019abandon de la t\u00e2che. Apportez l\u2019aide n\u00e9cessaire, car l\u2019effort se traduit par une plus grande <strong>efficacit\u00e9<\/strong>.<\/li>\n<li><strong>L\u2019apprentissage sans erreur<\/strong> peut \u00eatre une bonne strat\u00e9gie pour \u00e9viter la frustration : encouragez la personne \u00e0 dire qu\u2019elle ne sait pas lorsqu\u2019il en est ainsi, puis le th\u00e9rapeute ou un proche peut fournir un indice.<\/li>\n<\/ul>\n\n\n\n<h4 class=\"wp-block-heading\">Si vous avez aim\u00e9 cet article sur la r\u00e9\u00e9ducation cognitive pour les personnes atteintes de la maladie d\u2019Alzheimer, ces publications pourraient \u00e9galement vous int\u00e9resser :<\/h4>\n\n\n\n<figure class=\"wp-block-embed is-type-video is-provider-youtube wp-block-embed-youtube wp-embed-aspect-16-9 wp-has-aspect-ratio\"><div class=\"wp-block-embed__wrapper\">\n<iframe title=\"Redes N\u00ba96 El azote del Alzheimer\" width=\"800\" height=\"450\" src=\"https:\/\/www.youtube.com\/embed\/DvE8bsP9Gno?feature=oembed\" frameborder=\"0\" allow=\"accelerometer; autoplay; clipboard-write; encrypted-media; gyroscope; picture-in-picture; web-share\" allowfullscreen><\/iframe>\n<\/div><\/figure>\n\n<div class=\"mai-grid entries entries-grid has-boxed has-image-full\" style=\"--entry-title-font-size:var(--font-size-lg);--align-text:start;--entry-meta-text-align:start;\"><div class=\"entries-wrap has-columns\" style=\"--columns-xs:1\/1;--columns-sm:1\/1;--columns-md:1\/3;--columns-lg:1\/3;--flex-xs:0 0 var(--flex-basis);--flex-sm:0 0 var(--flex-basis);--flex-md:0 0 var(--flex-basis);--flex-lg:0 0 var(--flex-basis);--column-gap:var(--spacing-lg);--row-gap:var(--spacing-lg);--align-columns:start;\"><article class=\"entry entry-grid is-column has-entry-link has-image has-image-first type-post category-neuropsychologie-et-informations tag-neuropsychologie\" style=\"--entry-index:1;\" aria-label=\"Neuropsychologie clinique de la pr\u00e9maturit\u00e9 et du d\u00e9veloppement neurologique\" itemscope itemtype=\"https:\/\/schema.org\/CreativeWork\"><a class=\"entry-image-link\" href=\"https:\/\/neuronup.com\/fr\/neurosciences\/neuropsychologie-et-informations\/neuropsychologie-clinique-de-la-prematurite-et-du-developpement-neurologique\/\" tabindex=\"-1\" aria-hidden=\"true\"><img decoding=\"async\" width=\"400\" height=\"300\" src=\"https:\/\/neuronup.com\/fr\/wp-content\/uploads\/2024\/11\/Neuropsychologie-clinique-de-la-prematurite-et-du-developpement-neurologique-400x300.webp\" class=\"entry-image size-landscape-sm\" alt=\"B\u00e9b\u00e9 tenu dans la main d&#039;une personne, pieds roses et d\u00e9licats visibles, sur fond clair et neutre.\" srcset=\"https:\/\/neuronup.com\/fr\/wp-content\/uploads\/2024\/11\/Neuropsychologie-clinique-de-la-prematurite-et-du-developpement-neurologique-400x300.webp 400w, https:\/\/neuronup.com\/fr\/wp-content\/uploads\/2024\/11\/Neuropsychologie-clinique-de-la-prematurite-et-du-developpement-neurologique-800x600.webp 800w\" sizes=\"(max-width:599px) 599px, (min-width:600px) and (max-width: 799px) 799px, (min-width:800px) and (max-width: 999px) 333px, (min-width:1000px) 400px\" \/><\/a><div class=\"entry-wrap entry-wrap-grid\"><h3 class=\"entry-title\" itemprop=\"headline\"><a class=\"entry-title-link\" href=\"https:\/\/neuronup.com\/fr\/neurosciences\/neuropsychologie-et-informations\/neuropsychologie-clinique-de-la-prematurite-et-du-developpement-neurologique\/\" rel=\"bookmark\">Neuropsychologie clinique de la pr\u00e9maturit\u00e9 et du d\u00e9veloppement neurologique<\/a><\/h3>\n<\/div><\/article><article class=\"entry entry-grid is-column has-entry-link has-image has-image-first type-post category-trouble-de-la-personnalite tag-enfants\" style=\"--entry-index:2;\" aria-label=\"Dysphorie de genre chez l\u2019enfant et l\u2019adolescent. Traitements et cons\u00e9quences psychosociales\" itemscope itemtype=\"https:\/\/schema.org\/CreativeWork\"><a class=\"entry-image-link\" href=\"https:\/\/neuronup.com\/fr\/neurosciences\/cerveau\/trouble-de-la-personnalite\/dysphorie-de-genre-pendant-lenfance-et-ladolescence\/\" tabindex=\"-1\" aria-hidden=\"true\"><img decoding=\"async\" width=\"400\" height=\"225\" src=\"https:\/\/neuronup.com\/fr\/wp-content\/uploads\/2022\/03\/Disforia-de-genero-en-la-infancia-y-la-adolescencia.webp\" class=\"entry-image size-landscape-sm\" alt=\"Deux repr\u00e9sentations d&#039;une jeune femme: gauche, miroir et cheveux courts; droite, cheveux longs et pull rose, fond bleu clair.\" srcset=\"https:\/\/neuronup.com\/fr\/wp-content\/uploads\/2022\/03\/Disforia-de-genero-en-la-infancia-y-la-adolescencia-300x169.webp 300w, https:\/\/neuronup.com\/fr\/wp-content\/uploads\/2022\/03\/Disforia-de-genero-en-la-infancia-y-la-adolescencia-768x432.webp 768w, https:\/\/neuronup.com\/fr\/wp-content\/uploads\/2022\/03\/Disforia-de-genero-en-la-infancia-y-la-adolescencia-1024x576.webp 1024w, https:\/\/neuronup.com\/fr\/wp-content\/uploads\/2022\/03\/Disforia-de-genero-en-la-infancia-y-la-adolescencia.webp 1200w\" sizes=\"(max-width:599px) 599px, (min-width:600px) and (max-width: 799px) 799px, (min-width:800px) and (max-width: 999px) 333px, (min-width:1000px) 400px\" \/><\/a><div class=\"entry-wrap entry-wrap-grid\"><h3 class=\"entry-title\" itemprop=\"headline\"><a class=\"entry-title-link\" href=\"https:\/\/neuronup.com\/fr\/neurosciences\/cerveau\/trouble-de-la-personnalite\/dysphorie-de-genre-pendant-lenfance-et-ladolescence\/\" rel=\"bookmark\">Dysphorie de genre chez l\u2019enfant et l\u2019adolescent. Traitements et cons\u00e9quences psychosociales<\/a><\/h3>\n<\/div><\/article><article class=\"entry entry-grid is-column has-entry-link has-image has-image-first type-post category-activites-de-la-vie-quotidienne tag-activites-de-la-vie-quotidienne tag-activites-de-stimulation-cognitive\" style=\"--entry-index:3;\" aria-label=\"Intervention avec NeuronUP dans l\u2019activit\u00e9 de la vie quotidienne \u00abs\u2019habiller\u00bb\" itemscope itemtype=\"https:\/\/schema.org\/CreativeWork\"><a class=\"entry-image-link\" href=\"https:\/\/neuronup.com\/fr\/activites-de-neuro-reeducation\/activites-de-la-vie-quotidienne\/intervention-avec-neuronup-dans-lactivite-de-la-vie-quotidienne-shabiller\/\" tabindex=\"-1\" aria-hidden=\"true\"><img decoding=\"async\" width=\"400\" height=\"300\" src=\"https:\/\/neuronup.com\/fr\/wp-content\/uploads\/2024\/09\/Actividad-Vistete-hombre.webp\" class=\"entry-image size-landscape-sm\" alt=\"Personnage en tenue estivale; ic\u00f4nes de v\u00eatements \u00e0 droite et progression avec c\u0153urs et le bouton Saltar.\" srcset=\"https:\/\/neuronup.com\/fr\/wp-content\/uploads\/2024\/09\/Actividad-Vistete-hombre-300x224.webp 300w, https:\/\/neuronup.com\/fr\/wp-content\/uploads\/2024\/09\/Actividad-Vistete-hombre-1024x765.webp 1024w, https:\/\/neuronup.com\/fr\/wp-content\/uploads\/2024\/09\/Actividad-Vistete-hombre.webp 1200w\" sizes=\"(max-width:599px) 599px, (min-width:600px) and (max-width: 799px) 799px, (min-width:800px) and (max-width: 999px) 333px, (min-width:1000px) 400px\" \/><\/a><div class=\"entry-wrap entry-wrap-grid\"><h3 class=\"entry-title\" itemprop=\"headline\"><a class=\"entry-title-link\" href=\"https:\/\/neuronup.com\/fr\/activites-de-neuro-reeducation\/activites-de-la-vie-quotidienne\/intervention-avec-neuronup-dans-lactivite-de-la-vie-quotidienne-shabiller\/\" rel=\"bookmark\">Intervention avec NeuronUP dans l\u2019activit\u00e9 de la vie quotidienne \u00abs\u2019habiller\u00bb<\/a><\/h3>\n<\/div><\/article><article class=\"entry entry-grid is-column has-entry-link has-image has-image-first type-post category-maladies-neurodegeneratives tag-geriatrie tag-neuronup tag-personnes-agees tag-stimulation-cognitive\" style=\"--entry-index:4;\" aria-label=\"B\u00e9n\u00e9fices de la stimulation cognitive chez les personnes \u00e2g\u00e9es\" itemscope itemtype=\"https:\/\/schema.org\/CreativeWork\"><a class=\"entry-image-link\" href=\"https:\/\/neuronup.com\/fr\/actualites-de-la-stimulation-cognitive\/maladies-neurodegeneratives\/benefices-de-la-stimulation-cognitive-chez-les-personnes-agees\/\" tabindex=\"-1\" aria-hidden=\"true\"><img decoding=\"async\" width=\"400\" height=\"300\" src=\"https:\/\/neuronup.com\/fr\/wp-content\/uploads\/2022\/09\/Benefices-de-la-stimulation-cognitive-chez-les-personnes-agees-400x300.webp\" class=\"entry-image size-landscape-sm\" alt=\"Groupe de personnes \u00e2g\u00e9es autour d&#039;une table, trois femmes souriantes regardant un smartphone partag\u00e9; ambiance conviviale et lumineuse.\" srcset=\"https:\/\/neuronup.com\/fr\/wp-content\/uploads\/2022\/09\/Benefices-de-la-stimulation-cognitive-chez-les-personnes-agees-400x300.webp 400w, https:\/\/neuronup.com\/fr\/wp-content\/uploads\/2022\/09\/Benefices-de-la-stimulation-cognitive-chez-les-personnes-agees-800x600.webp 800w\" sizes=\"(max-width:599px) 599px, (min-width:600px) and (max-width: 799px) 799px, (min-width:800px) and (max-width: 999px) 333px, (min-width:1000px) 400px\" \/><\/a><div class=\"entry-wrap entry-wrap-grid\"><h3 class=\"entry-title\" itemprop=\"headline\"><a class=\"entry-title-link\" href=\"https:\/\/neuronup.com\/fr\/actualites-de-la-stimulation-cognitive\/maladies-neurodegeneratives\/benefices-de-la-stimulation-cognitive-chez-les-personnes-agees\/\" rel=\"bookmark\">B\u00e9n\u00e9fices de la stimulation cognitive chez les personnes \u00e2g\u00e9es<\/a><\/h3>\n<\/div><\/article><article class=\"entry entry-grid is-column has-entry-link has-image has-image-first type-post category-neuropsychologie-et-informations tag-activites-de-stimulation-cognitive tag-attention tag-reeducation-cognitive tag-stimulation-cognitive\" style=\"--entry-index:5;\" aria-label=\"Quelles fonctions cognitives met-on en jeu avec Pac-Man ?\" itemscope itemtype=\"https:\/\/schema.org\/CreativeWork\"><a class=\"entry-image-link\" href=\"https:\/\/neuronup.com\/fr\/neurosciences\/neuropsychologie-et-informations\/fonctions-cognitives-utilisees-avec-le-pac-man\/\" tabindex=\"-1\" aria-hidden=\"true\"><img decoding=\"async\" width=\"400\" height=\"181\" src=\"https:\/\/neuronup.com\/fr\/wp-content\/uploads\/2024\/09\/Funciones-cognitivas-en-el-Pac-man.webp\" class=\"entry-image size-landscape-sm\" alt=\"Illustration n\u00e9on r\u00e9tro inspir\u00e9e de Pac-Man: briques en arri\u00e8re-plan, console de jeu n\u00e9on, avec PLAY ZONE et VS, ambiance arcade.\" srcset=\"https:\/\/neuronup.com\/fr\/wp-content\/uploads\/2024\/09\/Funciones-cognitivas-en-el-Pac-man-300x135.webp 300w, https:\/\/neuronup.com\/fr\/wp-content\/uploads\/2024\/09\/Funciones-cognitivas-en-el-Pac-man-768x347.webp 768w, https:\/\/neuronup.com\/fr\/wp-content\/uploads\/2024\/09\/Funciones-cognitivas-en-el-Pac-man-1024x462.webp 1024w, https:\/\/neuronup.com\/fr\/wp-content\/uploads\/2024\/09\/Funciones-cognitivas-en-el-Pac-man.webp 1500w\" sizes=\"(max-width:599px) 599px, (min-width:600px) and (max-width: 799px) 799px, (min-width:800px) and (max-width: 999px) 333px, (min-width:1000px) 400px\" \/><\/a><div class=\"entry-wrap entry-wrap-grid\"><h3 class=\"entry-title\" itemprop=\"headline\"><a class=\"entry-title-link\" href=\"https:\/\/neuronup.com\/fr\/neurosciences\/neuropsychologie-et-informations\/fonctions-cognitives-utilisees-avec-le-pac-man\/\" rel=\"bookmark\">Quelles fonctions cognitives met-on en jeu avec Pac-Man ?<\/a><\/h3>\n<\/div><\/article><article class=\"entry entry-grid is-column has-entry-link has-image has-image-first type-post category-neuropsychologie-et-informations tag-enfants tag-neuropsychologie\" style=\"--entry-index:6;\" aria-label=\"La th\u00e9orie de l&#8217;attachement : ce qu&#8217;elle est, les postulats, les applications et les troubles\" itemscope itemtype=\"https:\/\/schema.org\/CreativeWork\"><a class=\"entry-image-link\" href=\"https:\/\/neuronup.com\/fr\/neurosciences\/neuropsychologie-et-informations\/la-theorie-de-lattachement-ce-quelle-est-les-postulats-les-applications-et-les-troubles\/\" tabindex=\"-1\" aria-hidden=\"true\"><img decoding=\"async\" width=\"400\" height=\"300\" src=\"https:\/\/neuronup.com\/fr\/wp-content\/uploads\/2024\/11\/image-1200x775-2-400x300.webp\" class=\"entry-image size-landscape-sm\" alt=\"Sc\u00e8ne \u00e9motive d\u2019un adulte en sweat \u00e0 capuche tenant un enfant souriant, avec des collines verdoyantes.\" srcset=\"https:\/\/neuronup.com\/fr\/wp-content\/uploads\/2024\/11\/image-1200x775-2-400x300.webp 400w, https:\/\/neuronup.com\/fr\/wp-content\/uploads\/2024\/11\/image-1200x775-2-800x600.webp 800w\" sizes=\"(max-width:599px) 599px, (min-width:600px) and (max-width: 799px) 799px, (min-width:800px) and (max-width: 999px) 333px, (min-width:1000px) 400px\" \/><\/a><div class=\"entry-wrap entry-wrap-grid\"><h3 class=\"entry-title\" itemprop=\"headline\"><a class=\"entry-title-link\" href=\"https:\/\/neuronup.com\/fr\/neurosciences\/neuropsychologie-et-informations\/la-theorie-de-lattachement-ce-quelle-est-les-postulats-les-applications-et-les-troubles\/\" rel=\"bookmark\">La th\u00e9orie de l&#8217;attachement : ce qu&#8217;elle est, les postulats, les applications et les troubles<\/a><\/h3>\n<\/div><\/article><\/div><\/div>","protected":false},"excerpt":{"rendered":"<p>La maladie d\u2019Alzheimer est implacable. Elle progresse sans rel\u00e2che pendant que nous attendons qu\u2019un m\u00e9dicament miracle nous d\u00e9livre de ce cauchemar. Mais les m\u00e9dicaments d\u2019un tel pouvoir, soyons optimistes, ne verront peut-\u00eatre pas le jour avant de nombreuses ann\u00e9es. Et les traitements actuels laissent la majorit\u00e9 plus qu\u2019insatisfaite. Que faire ? Rester les bras crois\u00e9s &hellip;<\/p>\n","protected":false},"author":208,"featured_media":6819,"comment_status":"open","ping_status":"open","sticky":false,"template":"","format":"standard","meta":{"_acf_changed":false,"_genesis_hide_title":false,"_genesis_hide_breadcrumbs":false,"_genesis_hide_singular_image":false,"_genesis_hide_footer_widgets":false,"_genesis_custom_body_class":"","_genesis_custom_post_class":"","_genesis_layout":"","footnotes":""},"categories":[579],"tags":[698,993,724,632],"class_list":{"2":"type-post","7":"category-alzheimer","8":"tag-maladie-dalzheimer","9":"tag-maladies-neurodegeneratives","10":"tag-memoire","11":"tag-reeducation-cognitive","12":"entry"},"acf":[],"_links":{"self":[{"href":"https:\/\/neuronup.com\/fr\/wp-json\/wp\/v2\/posts\/6815","targetHints":{"allow":["GET"]}}],"collection":[{"href":"https:\/\/neuronup.com\/fr\/wp-json\/wp\/v2\/posts"}],"about":[{"href":"https:\/\/neuronup.com\/fr\/wp-json\/wp\/v2\/types\/post"}],"author":[{"embeddable":true,"href":"https:\/\/neuronup.com\/fr\/wp-json\/wp\/v2\/users\/208"}],"replies":[{"embeddable":true,"href":"https:\/\/neuronup.com\/fr\/wp-json\/wp\/v2\/comments?post=6815"}],"version-history":[{"count":0,"href":"https:\/\/neuronup.com\/fr\/wp-json\/wp\/v2\/posts\/6815\/revisions"}],"wp:featuredmedia":[{"embeddable":true,"href":"https:\/\/neuronup.com\/fr\/wp-json\/wp\/v2\/media\/6819"}],"wp:attachment":[{"href":"https:\/\/neuronup.com\/fr\/wp-json\/wp\/v2\/media?parent=6815"}],"wp:term":[{"taxonomy":"category","embeddable":true,"href":"https:\/\/neuronup.com\/fr\/wp-json\/wp\/v2\/categories?post=6815"},{"taxonomy":"post_tag","embeddable":true,"href":"https:\/\/neuronup.com\/fr\/wp-json\/wp\/v2\/tags?post=6815"}],"curies":[{"name":"wp","href":"https:\/\/api.w.org\/{rel}","templated":true}]}}