{"id":6610,"date":"2022-05-30T16:25:30","date_gmt":"2022-05-30T16:25:30","guid":{"rendered":"https:\/\/neuronup.com\/fr\/?p=6610"},"modified":"2025-10-01T12:26:08","modified_gmt":"2025-10-01T10:26:08","slug":"lautisme-chez-les-femmes-et-les-fonctions-executives","status":"publish","type":"post","link":"https:\/\/neuronup.com\/fr\/actualites-de-la-stimulation-cognitive\/troubles-neuro-developpementaux\/tsa\/lautisme-chez-les-femmes-et-les-fonctions-executives\/","title":{"rendered":"L&#8217;autisme chez les femmes et les fonctions ex\u00e9cutives"},"content":{"rendered":"\n<h2 class=\"wp-block-heading\">L&rsquo;autisme chez les femmes<\/h2>\n\n\n\n<p>Les statistiques indiquent qu&rsquo;<strong>une personne sur 66 <\/strong>vit avec <strong>l&rsquo;autisme<\/strong> et qu&rsquo;il y a <strong>une femme autiste pour 4 hommes<\/strong>. De m\u00eame, les donn\u00e9es montrent que les femmes mettent plus de temps \u00e0 \u00eatre diagnostiqu\u00e9es lorsqu&rsquo;elles ont besoin d&rsquo;aide. Et, de plus, lorsqu&rsquo;elles ont besoin d&rsquo;aide, l&rsquo;aide dont elles ont besoin est g\u00e9n\u00e9ralement sup\u00e9rieure \u00e0 celle dont ont besoin les hommes. Comme on le comprend, les informations disponibles sur cet aspect sont ambigu\u00ebs et, au moins, donnent une id\u00e9e g\u00e9n\u00e9rale.<\/p>\n\n\n\n<p><strong>L&rsquo;aspect social<\/strong> est ce qui d\u00e9note avec ou sans diagnostic. En ce sens, les comp\u00e9tences qui composent les <strong>fonctions ex\u00e9cutives<\/strong> jouent un r\u00f4le tr\u00e8s important dans la gestion de la <strong>peur<\/strong> et des conflits.<\/p>\n\n\n\n<h3 class=\"wp-block-heading\">L&rsquo;autisme, une mer de r\u00e9alit\u00e9s<\/h3>\n\n\n\n<p>La mer est bleue, lumineuse, parfois calme et paisible et parfois sombre, orageuse et orageuse. Il en va de m\u00eame pour <strong>l&rsquo;autisme<\/strong>, c&rsquo;est pourquoi la couleur bleue a \u00e9t\u00e9 associ\u00e9e \u00e0 la maladie. Le sexe f\u00e9minin a longtemps \u00e9t\u00e9 identifi\u00e9 \u00e0 la couleur rose. Actuellement, cette pratique sociale a disparu. Dans ce cas, il servira \u00e0 \u00e9laborer une id\u00e9e et \u00e0 aborder un sujet important, au-del\u00e0 du titre. La question de <strong>l&rsquo;inclusion<\/strong> pourra toujours \u00eatre abord\u00e9e \u00e0 un autre moment.<\/p>\n\n\n\n<p>La mer brille quand elle est calme et permet au soleil de se refl\u00e9ter. <strong>La peur, l&rsquo;anxi\u00e9t\u00e9, voire la d\u00e9pression<\/strong> font dispara\u00eetre ce calme chez toute personne, laissant place \u00e0 des comportements non seulement perturbateurs mais aussi dangereux. S&rsquo;enfermer dans la chambre, dans le placard, l&rsquo;armoire ; se jeter sur le pouf, \u00ab\u00a0jouer\u00a0\u00bb allumer un feu, se ronger les ongles, se tirer les cheveux, manger sans \u00eatre rassasi\u00e9e, rire, pleurer\u2026 devient \u00ab\u00a0classique\u00a0\u00bb pour une fille qui a eu une tr\u00e8s mauvaise journ\u00e9e.<\/p>\n\n\n\n<h3 class=\"wp-block-heading\">Particularit\u00e9s de l&rsquo;autisme chez les femmes<\/h3>\n\n\n\n<p><strong>L&rsquo;autisme chez la femme va au-del\u00e0 du classique<\/strong> dans cette <strong>r\u00e9action \u00e9motionnelle <\/strong>compte tenu de la particularit\u00e9 qui existe dans le<strong> contr\u00f4le inhibiteur <\/strong>d\u00fb \u00e0 la vitesse de traitement du stimulus dans l&rsquo;<strong>amygdale c\u00e9r\u00e9brale<\/strong> o\u00f9 se trouvent les \u00e9motions provoqu\u00e9es par la situation et la r\u00e9action. Donc, vous enfermer n&rsquo;est que la premi\u00e8re \u00e9tape du d\u00e9but d&rsquo;une cha\u00eene d&rsquo;actions dramatiques comme pleurer pendant des heures&#8230;<\/p>\n\n\n\n<p><strong>L&rsquo;autisme chez les femmes <\/strong>rend <strong>l&rsquo;oubli si n\u00e9cessaire<\/strong> qu&rsquo;elles ne r\u00e9alisent pas combien de temps elles passent \u00e0 essayer. De plus, la capacit\u00e9 \u00e0 hi\u00e9rarchiser les t\u00e2ches est faible, elles oublient les responsabilit\u00e9s, les engagements, les t\u00e2ches et les devoirs.<\/p>\n\n\n\n<p>Leur inflexibilit\u00e9 cog<strong>nitive maintient leur niveau de stress \u00e9lev\u00e9 et leur tol\u00e9rance \u00e0 la frustration faible<\/strong>, exacerbant l&rsquo;angoisse et la peur.<\/p>\n\n\n\n<p>Les<strong> femmes autistes<\/strong> se rongent fr\u00e9quemment les ongles, allant au-del\u00e0 de ce que ferait n&rsquo;importe quelle fille neurotypique, faisant m\u00eame saigner leurs doigts. Tirer leurs cheveux jusqu&rsquo;\u00e0 ce qu&rsquo;elles s&rsquo;arrachent d&rsquo;\u00e9normes m\u00e8ches, se pincer les bras ou se mutiler et ensuite le <strong>regretter<\/strong> sont des signes clairs d&rsquo;\u00e9chec dans la<strong> prise de d\u00e9cision<\/strong>. Dans l&rsquo;autisme chez la femme, manger en ignorant la sati\u00e9t\u00e9 est fr\u00e9quent, <strong>l&rsquo;ob\u00e9sit\u00e9<\/strong> est un probl\u00e8me fr\u00e9quent et difficile \u00e0 traiter pour mener \u00e0 bien un plan nutritionnel. Rire aux \u00e9clats puis pleurer \u00e0 haute voix est devenu une forme d&rsquo;autor\u00e9gulation en raison du calme dans lequel ils se retrouvent une fois la \u00ab crise \u00bb pass\u00e9e.<\/p>\n\n\n\n<h4 class=\"wp-block-heading\">La peur<\/h4>\n\n\n\n<p>La peur et la pens\u00e9e s&rsquo;insinuent souvent, cr\u00e9ant une <strong>vuln\u00e9rabilit\u00e9<\/strong> qui contribue au d\u00e9s\u00e9quilibre. En effet, une image peut \u00eatre cr\u00e9\u00e9e en soi, ce qui donne lieu \u00e0 toute pens\u00e9e ou \u00e9motion n\u00e9gative, qui est renforc\u00e9e chez les femmes autistes en raison de l&rsquo;inflexibilit\u00e9 mentale.<\/p>\n\n\n\n<h4 class=\"wp-block-heading\">Le conflit<\/h4>\n\n\n\n<p>Dans l&rsquo;autisme chez la femme, il semble que tout soit source de conflit \u00e0 la fois pour elle et pour le reste du monde avec lequel elle interagit. Dans les <strong>v\u00eatements<\/strong> qu&rsquo;elles doivent porter si elles  travaillent dans une entreprise o\u00f9 l&rsquo;uniforme est fait d&rsquo;un certain type de tissu, les <strong>d\u00e9mangeaisons<\/strong> sont imm\u00e9diates, devant faire face \u00e0 une g\u00eane pendant des heures et \u00e0 une mauvaise humeur. S&rsquo;en tenir aux <strong>protocoles sociaux <\/strong>peut \u00e9galement causer des difficult\u00e9s lorsqu&rsquo;ils ne sont pas explicites et que les gens les regardent \u00e9trangement et pr\u00e9f\u00e8rent les \u00e9viter. La plupart du temps, elles ne sont pas capables de <strong>d\u00e9chiffrer les expressions faciales, corporelles<\/strong> et m\u00eame <strong>orales<\/strong>, g\u00e9n\u00e9rant une r\u00e9ponse inadapt\u00e9e voire nulle puisque leur vitesse de traitement est diminu\u00e9e.<\/p>\n\n\n\n<h3 class=\"wp-block-heading\">La communaut\u00e9 autour des femmes avec autisme<\/h3>\n\n\n\n<p>O\u00f9 que nous soyons et qui que nous soyons, nous devons nous concentrer sur la responsabilit\u00e9 de notre soci\u00e9t\u00e9 dans son ensemble. <strong>L&#8217;empathie<\/strong> va au-del\u00e0 de se mettre \u00e0 leur place, cela implique de conna\u00eetre la condition et ses particularit\u00e9s. En fait, <strong>l&rsquo;information abaisse les barri\u00e8res <\/strong>qui limitent leur apprentissage et leur participation. <\/p>\n\n\n\n<p>Les personnes autistes ne devraient pas abandonner et ne devraient pas rester assises \u00e0 attendre que la soci\u00e9t\u00e9 soit comme nous voulons qu&rsquo;elle soit.<\/p>\n\n\n\n<div style=\"height:50px\" aria-hidden=\"true\" class=\"wp-block-spacer\"><\/div>\n\n\n\n<aside class=\"wp-block-group br-1010 has-primary-background-color has-background has-dark-background has-sm-padding-top has-sm-padding-bottom has-sm-padding-left has-sm-padding-right\"><div class=\"wp-block-group__inner-container is-layout-constrained wp-block-group-is-layout-constrained\">\n<div class=\"wp-block-columns are-vertically-aligned-center is-layout-flex wp-container-core-columns-is-layout-9d6595d7 wp-block-columns-is-layout-flex\">\n<div class=\"wp-block-column is-vertically-aligned-center has-white-color has-text-color has-link-color wp-elements-479019793e00cc4de0e5691436c348f7 is-layout-flow wp-block-column-is-layout-flow\" style=\"flex-basis:60%\">\n<p>Obtenez un<strong> guide d&rsquo;activit\u00e9s<\/strong> pour travailler avec les personnes souffrant d&rsquo;un<strong> trouble du spectre autistique<\/strong> + 1 activit\u00e9 imprimable gratuite<\/p>\n<\/div>\n\n\n\n<div class=\"wp-block-column is-vertically-aligned-center is-layout-flow wp-block-column-is-layout-flow\" style=\"flex-basis:40%\">\n<div class=\"wp-block-buttons is-content-justification-center is-layout-flex wp-container-core-buttons-is-layout-16018d1d wp-block-buttons-is-layout-flex\">\n<div class=\"wp-block-button\" style=\"--button-secondary-color:var(--color-white);--button-secondary-background:var(--color-custom-1);--button-secondary-background-hover:#cc7e00;\"><a class=\"wp-block-button__link button button-secondary     has-link-color wp-element-button\" href=\"https:\/\/neuronup.com\/redirect\/?target=typeform\/autisme?utm_first_source=Web&#038;utm_first_campaign_name=Worksheets_autism\">Obtenir gratuitement<\/a><\/div>\n\n<\/div>\n<\/div>\n<\/div>\n<\/div><\/aside>\n\n\n\n\n<div style=\"height:50px\" aria-hidden=\"true\" class=\"wp-block-spacer\"><\/div>\n\n\n\n<h2 class=\"wp-block-heading\">Quelles sont les fonctions ex\u00e9cutives ?<\/h2>\n\n\n\n<p>Les fonctions ex\u00e9cutives fonctionnent comme un<strong> orchestre<\/strong>, ce sont des processus qui sont activ\u00e9s pour assurer <strong>que la personne s&rsquo;adapte efficacement au contexte <\/strong>dans lequel elle se trouve. Ces comp\u00e9tences sont parfois activ\u00e9es individuellement, en fonction de la situation et de ses exigences, et dans d&rsquo;autres, elles sont activ\u00e9es de mani\u00e8re entrelac\u00e9e.<\/p>\n\n\n\n<h3 class=\"wp-block-heading\">Types de fonctions ex\u00e9cutives<\/h3>\n\n\n\n<p>Les comp\u00e9tences qui composent ces fonctions sont :<\/p>\n\n\n\n<h4 class=\"wp-block-heading\">Vitesse de traitement<\/h4>\n\n\n\n<p>Cela a \u00e0 voir avec la <strong>m\u00e9tacognition<\/strong>, un processus intellectuel important qui surveille et <strong>contr\u00f4le<\/strong> ses propres pens\u00e9es qui, \u00e9tant limit\u00e9 ou faible, comme cela se produit chez les femmes autistes, g\u00e9n\u00e8re de la confusion lors de l&rsquo;\u00e9tablissement d&rsquo;une m\u00e9thodologie pour effectuer des t\u00e2ches.<\/p>\n\n\n\n<h4 class=\"wp-block-heading\">M\u00e9moire de travail<\/h4>\n\n\n\n<p>Cela aide \u00e0 <strong>retenir les informations cl\u00e9s<\/strong> et comme il existe un d\u00e9ficit comme il en existe habituellement dans l&rsquo;autisme, il est difficile de r\u00e9soudre de nouveaux probl\u00e8mes car la capacit\u00e9 de compr\u00e9hension est plus faible.<\/p>\n\n\n\n<h4 class=\"wp-block-heading\">Inhibition<\/h4>\n\n\n\n<p>Fondamentalement, c&rsquo;est la capacit\u00e9 de <strong>s&rsquo;arr\u00eater avant d&rsquo;agir<\/strong>, de mani\u00e8re motrice ou verbale, en r\u00e9ponse \u00e0 un certain stimulus environnemental ou interne. Lorsque cette capacit\u00e9 n&rsquo;est pas renforc\u00e9e, il est tr\u00e8s probable que des <strong>comportements \u00e0 risque tels<\/strong> que ceux rencontr\u00e9s dans l&rsquo;autisme chez les femmes seront exp\u00e9riment\u00e9s.<\/p>\n\n\n\n<h4 class=\"wp-block-heading\">m\u00e9moire verbale<\/h4>\n\n\n\n<p>Cela a \u00e0 voir avec la <strong>rapidit\u00e9 et la pr\u00e9cision<\/strong> dans la recherche d&rsquo;informations. Chez les femmes autistes, les d\u00e9ficits de cette comp\u00e9tence c\u00e8dent la place \u00e0 des limitations dues \u00e0 la pression du temps.<\/p>\n\n\n\n<h4 class=\"wp-block-heading\">Double ex\u00e9cution<\/h4>\n\n\n\n<p>C&rsquo;est le travail en parall\u00e8le sur deux processus, m\u00eame s&rsquo;ils sont diff\u00e9rents, avec la capacit\u00e9 de porter une attention \u00e9gale aux deux. Capacit\u00e9 r\u00e9duite chez les femmes autistes.<\/p>\n\n\n\n<h4 class=\"wp-block-heading\">flexibilit\u00e9 cognitive<\/h4>\n\n\n\n<p>Capacit\u00e9 \u00e0<strong> formuler diff\u00e9rentes hypoth\u00e8ses <\/strong>pour r\u00e9soudre un probl\u00e8me, diff\u00e9rents crit\u00e8res pour cataloguer le monde, ordonner les choses, faire des pr\u00e9dictions ou des anticipations. Les d\u00e9ficits de cette capacit\u00e9 limitent non seulement la pens\u00e9e cr\u00e9ative, mais augmentent \u00e9galement <strong>l&rsquo;anxi\u00e9t\u00e9<\/strong> et la <strong>peur<\/strong>, les niveaux de <strong>stress<\/strong> et r\u00e9duisent la tol\u00e9rance \u00e0 la frustration. Il g\u00e9n\u00e8re une plus grande difficult\u00e9 chez les femmes lors de l&rsquo;interaction avec quelqu&rsquo;un ou de l&rsquo;exercice de toute fonction dans la sph\u00e8re sociale.<\/p>\n\n\n\n<h4 class=\"wp-block-heading\">Planification<\/h4>\n\n\n\n<p>Il s&rsquo;agit d&rsquo;int\u00e9grer, de suivre et de compl\u00e9ter des \u00e9tapes pour r\u00e9aliser quelque chose. Capacit\u00e9 qui pr\u00e9sente des difficult\u00e9s dans l&rsquo;autisme chez la femme g\u00e9n\u00e9rant une <strong>mauvaise gestion du temps<\/strong> et de l&rsquo;espace.<\/p>\n\n\n\n<h4 class=\"wp-block-heading\">Branchement (multit\u00e2che)<\/h4>\n\n\n\n<p>C&rsquo;est la capacit\u00e9 <strong>d&rsquo;effectuer plusieurs t\u00e2ches en m\u00eame temps et de les entrecouper <\/strong>; une mission presque impossible pour les femmes avec autisme, ainsi que la prise de d\u00e9cision, car elle est toujours li\u00e9e \u00e0 l&rsquo;\u00e9motion, ce qui rend difficile pour elles d&rsquo;\u00e9tablir des priorit\u00e9s. L&rsquo;intuition fait partie de cette capacit\u00e9, ainsi que la capacit\u00e9 de d\u00e9cider d&rsquo;un objectif et du plan pour le r\u00e9aliser.<\/p>\n\n\n\n<h2 class=\"wp-block-heading\">Conclusion<\/h2>\n\n\n\n<p>En tant qu&rsquo;\u00eatres humains, nous ne pouvons pas \u00eatre les m\u00eames les uns et les autres, le contexte et nos capacit\u00e9s nous d\u00e9finissent et nous placent \u00e0 une certaine place. Il faut beaucoup <strong>d&rsquo;endurance<\/strong> et de <strong>patience<\/strong> pour <strong>renforcer pleinement les fonctions ex\u00e9cutives chez les femmes autistes<\/strong>, car il s&rsquo;agit de <strong>briser une image monolithique qui ne correspond pas vraiment.<\/strong><\/p>\n\n\n\n<p>La vraie communaut\u00e9 est bas\u00e9e sur un lien d&rsquo;affection qui commence par la reconnaissance <strong>neurodivergente<\/strong> et le respect qu&rsquo;elle m\u00e9rite.<\/p>\n\n\n\n<p>En r\u00e9conciliant le conflit interne lorsque quelqu&rsquo;un nous \u00ab\u00a0fait du mal\u00a0\u00bb tout en parlant et agissant avec <strong>sinc\u00e9rit\u00e9<\/strong> comme le font la plupart des femmes vivant avec l&rsquo;autisme, nous faisons un v\u00e9ritable exercice d&rsquo;inclusion.<\/p>\n\n\n\n<h3 class=\"wp-block-heading\">R\u00e9f\u00e9rences<\/h3>\n\n\n\n<ul class=\"wp-block-list has-sm-font-size\">\n<li>Carnero-Pardo, C. Entretien th\u00e9matique avec Javier Tirapu Ust\u00e1rroz : Fonctions ex\u00e9cutives [en ligne]. Hipocampo Beltway, mai 2020 [Acc\u00e8s&nbsp;: 2 ao\u00fbt 2021]. Disponible sur : https:\/\/www.hipocampo.org\/entrevistas\/JavierTirapuUstarroz.asp<\/li>\n<\/ul>\n\n\n\n<div style=\"height:50px\" aria-hidden=\"true\" class=\"wp-block-spacer\"><\/div>\n\n\n\n<div class=\"wp-block-group br-0111 has-primary-background-color has-background has-dark-background has-sm-padding-top has-sm-padding-left has-sm-padding-right has-xxl-margin-top\"><div class=\"wp-block-group__inner-container is-layout-constrained wp-block-group-is-layout-constrained\">\n<div class=\"wp-block-columns is-layout-flex wp-container-core-columns-is-layout-9d6595d7 wp-block-columns-is-layout-flex\">\n<div class=\"wp-block-column is-layout-flow wp-block-column-is-layout-flow\">\n<figure class=\"wp-block-image size-full desktop-position-absolute desktop-bottom-0 mobile-width-50 mobile-m-inline-auto has-xl-margin-top\"><img decoding=\"async\" width=\"292\" height=\"338\" src=\"https:\/\/neuronup.com\/fr\/wp-content\/uploads\/2024\/10\/certificat-produit.webp\" alt=\"\" class=\"wp-image-31568\" srcset=\"https:\/\/neuronup.com\/fr\/wp-content\/uploads\/2024\/10\/certificat-produit-259x300.webp 259w, https:\/\/neuronup.com\/fr\/wp-content\/uploads\/2024\/10\/certificat-produit.webp 292w\" sizes=\"(max-width: 292px) 100vw, 292px\" \/><\/figure>\n<\/div>\n\n\n\n<div class=\"wp-block-column is-layout-flow wp-block-column-is-layout-flow\">\n<h2 class=\"wp-block-heading has-white-color has-text-color\"><strong>Abonnez-vous<\/strong> <br>\u00e0 notre <br>Newsletter<\/h2>\n\n\n\n<div class=\"wp-block-buttons is-layout-flex wp-block-buttons-is-layout-flex\">\n<div class=\"wp-block-button--1\" style=\"--button-outline-color:var(--color-white);--button-outline-color-hover:rgba(0,0,0,0.8);\"><a class=\"wp-block-button__link button button-outline   wp-element-button\" href=\"https:\/\/neuronup.com\/fr\/newsletter\/\">Abonnez-vous<\/a><\/div>\n\n<\/div>\n\n\n\n<div style=\"height:40px\" aria-hidden=\"true\" class=\"wp-block-spacer\"><\/div>\n<\/div>\n<\/div>\n<\/div><\/div>\n\n\n\n\n<div style=\"height:50px\" aria-hidden=\"true\" class=\"wp-block-spacer\"><\/div>\n\n\n\n<h3 class=\"wp-block-heading\">Si vous avez aim\u00e9 cet article sur l&rsquo;autisme chez les femmes et les fonctions ex\u00e9cutives, vous pourriez \u00eatre int\u00e9ress\u00e9 par ces publications NeuronUP&nbsp;:<\/h3>\n\n\n<div class=\"mai-grid entries entries-grid has-boxed has-image-full\" style=\"--entry-title-font-size:var(--font-size-lg);--align-text:start;--entry-meta-text-align:start;\"><div class=\"entries-wrap has-columns\" style=\"--columns-xs:1\/1;--columns-sm:1\/1;--columns-md:1\/3;--columns-lg:1\/3;--flex-xs:0 0 var(--flex-basis);--flex-sm:0 0 var(--flex-basis);--flex-md:0 0 var(--flex-basis);--flex-lg:0 0 var(--flex-basis);--column-gap:var(--spacing-lg);--row-gap:var(--spacing-lg);--align-columns:start;\"><article class=\"entry entry-grid is-column has-entry-link has-image has-image-first type-post category-activites-dattention tag-activites-de-stimulation-cognitive tag-actualites-de-neuronup tag-attention\" style=\"--entry-index:1;\" aria-label=\"Fiche pour travailler l&#8217;attention soutenue chez les enfants: Le num\u00e9ro manquant\" itemscope itemtype=\"https:\/\/schema.org\/CreativeWork\"><a class=\"entry-image-link\" href=\"https:\/\/neuronup.com\/fr\/activites-de-neuro-reeducation\/activites-pour-les-fonctions-cognitives\/activites-dattention\/fiche-pour-travailler-lattention-soutenue-chez-les-enfants-le-numero-manquant\/\" tabindex=\"-1\" aria-hidden=\"true\"><img decoding=\"async\" width=\"400\" height=\"300\" src=\"https:\/\/neuronup.com\/fr\/wp-content\/uploads\/2024\/11\/le-numero-manquant-400x300.webp\" class=\"entry-image size-landscape-sm\" alt=\"Tableau de chiffres montrant 5 3 6 en haut et 2 3 4 en bas; interface \u00e0 droite avec 1\u20139 dans des cercles color\u00e9s pour r\u00e9soudre une s\u00e9quence; zone &#039;Num\u00e9ros manquants&#039;.\" srcset=\"https:\/\/neuronup.com\/fr\/wp-content\/uploads\/2024\/11\/le-numero-manquant-400x300.webp 400w, https:\/\/neuronup.com\/fr\/wp-content\/uploads\/2024\/11\/le-numero-manquant-800x600.webp 800w\" sizes=\"(max-width:599px) 599px, (min-width:600px) and (max-width: 799px) 799px, (min-width:800px) and (max-width: 999px) 333px, (min-width:1000px) 400px\" \/><\/a><div class=\"entry-wrap entry-wrap-grid\"><h3 class=\"entry-title\" itemprop=\"headline\"><a class=\"entry-title-link\" href=\"https:\/\/neuronup.com\/fr\/activites-de-neuro-reeducation\/activites-pour-les-fonctions-cognitives\/activites-dattention\/fiche-pour-travailler-lattention-soutenue-chez-les-enfants-le-numero-manquant\/\" rel=\"bookmark\">Fiche pour travailler l&#8217;attention soutenue chez les enfants: Le num\u00e9ro manquant<\/a><\/h3>\n<\/div><\/article><article class=\"entry entry-grid is-column has-entry-link has-image has-image-first type-post category-trisomie-21 tag-deficience-intellectuelle tag-temoignages tag-trisomie-21\" style=\"--entry-index:2;\" aria-label=\"Travailler avec des personnes atteintes de Trisomie 21 par groupes d&#8217;\u00e2ge\" itemscope itemtype=\"https:\/\/schema.org\/CreativeWork\"><a class=\"entry-image-link\" href=\"https:\/\/neuronup.com\/fr\/actualites-de-la-stimulation-cognitive\/deficience-intellectuelle\/trisomie-21\/travailler-avec-des-personnes-atteintes-de-trisomie-21-par-groupes-dage\/\" tabindex=\"-1\" aria-hidden=\"true\"><img decoding=\"async\" width=\"400\" height=\"300\" src=\"https:\/\/neuronup.com\/fr\/wp-content\/uploads\/2024\/11\/Travailler-avec-des-personnes-atteintes-du-syndrome-de-Down-par-groupes-dage4-2-400x300.webp\" class=\"entry-image size-landscape-sm\" alt=\"Groupe d\u2019individus atteints du syndrome de Down, r\u00e9partis par \u00e2ge, engag\u00e9s dans une activit\u00e9 p\u00e9dagogique encadr\u00e9e avec NeuronUP.\" srcset=\"https:\/\/neuronup.com\/fr\/wp-content\/uploads\/2024\/11\/Travailler-avec-des-personnes-atteintes-du-syndrome-de-Down-par-groupes-dage4-2-300x225.webp 300w, https:\/\/neuronup.com\/fr\/wp-content\/uploads\/2024\/11\/Travailler-avec-des-personnes-atteintes-du-syndrome-de-Down-par-groupes-dage4-2-400x300.webp 400w, https:\/\/neuronup.com\/fr\/wp-content\/uploads\/2024\/11\/Travailler-avec-des-personnes-atteintes-du-syndrome-de-Down-par-groupes-dage4-2-768x576.webp 768w, https:\/\/neuronup.com\/fr\/wp-content\/uploads\/2024\/11\/Travailler-avec-des-personnes-atteintes-du-syndrome-de-Down-par-groupes-dage4-2-800x600.webp 800w, https:\/\/neuronup.com\/fr\/wp-content\/uploads\/2024\/11\/Travailler-avec-des-personnes-atteintes-du-syndrome-de-Down-par-groupes-dage4-2-1024x768.webp 1024w, https:\/\/neuronup.com\/fr\/wp-content\/uploads\/2024\/11\/Travailler-avec-des-personnes-atteintes-du-syndrome-de-Down-par-groupes-dage4-2.webp 1200w\" sizes=\"(max-width:599px) 599px, (min-width:600px) and (max-width: 799px) 799px, (min-width:800px) and (max-width: 999px) 333px, (min-width:1000px) 400px\" \/><\/a><div class=\"entry-wrap entry-wrap-grid\"><h3 class=\"entry-title\" itemprop=\"headline\"><a class=\"entry-title-link\" href=\"https:\/\/neuronup.com\/fr\/actualites-de-la-stimulation-cognitive\/deficience-intellectuelle\/trisomie-21\/travailler-avec-des-personnes-atteintes-de-trisomie-21-par-groupes-dage\/\" rel=\"bookmark\">Travailler avec des personnes atteintes de Trisomie 21 par groupes d&#8217;\u00e2ge<\/a><\/h3>\n<\/div><\/article><article class=\"entry entry-grid is-column has-entry-link has-image has-image-first type-post category-deficience-intellectuelle tag-deficience-intellectuelle tag-neuropsychologie\" style=\"--entry-index:3;\" aria-label=\"Consommation d\u2019alcool pendant la grossesse : effets sur le cerveau f\u0153tal et risque de handicap intellectuel\" itemscope itemtype=\"https:\/\/schema.org\/CreativeWork\"><a class=\"entry-image-link\" href=\"https:\/\/neuronup.com\/fr\/actualites-de-la-stimulation-cognitive\/deficience-intellectuelle\/consommation-dalcool-pendant-la-grossesse-effets-sur-le-cerveau-foetal-et-risque-de-handicap-intellectuel\/\" tabindex=\"-1\" aria-hidden=\"true\"><img decoding=\"async\" width=\"400\" height=\"300\" src=\"https:\/\/neuronup.com\/fr\/wp-content\/uploads\/2024\/11\/Consommation-dalcool-pendant-la-grossesse-effets-sur-le-cerveau-foetal-et-risque-de-handicap-intellectuel-400x300.webp\" class=\"entry-image size-landscape-sm\" alt=\"Femme enceinte assise, mains autour de petites chaussures en cuir brun, ventre arrondi et ambiance calme.\" srcset=\"https:\/\/neuronup.com\/fr\/wp-content\/uploads\/2024\/11\/Consommation-dalcool-pendant-la-grossesse-effets-sur-le-cerveau-foetal-et-risque-de-handicap-intellectuel-400x300.webp 400w, https:\/\/neuronup.com\/fr\/wp-content\/uploads\/2024\/11\/Consommation-dalcool-pendant-la-grossesse-effets-sur-le-cerveau-foetal-et-risque-de-handicap-intellectuel-800x600.webp 800w\" sizes=\"(max-width:599px) 599px, (min-width:600px) and (max-width: 799px) 799px, (min-width:800px) and (max-width: 999px) 333px, (min-width:1000px) 400px\" \/><\/a><div class=\"entry-wrap entry-wrap-grid\"><h3 class=\"entry-title\" itemprop=\"headline\"><a class=\"entry-title-link\" href=\"https:\/\/neuronup.com\/fr\/actualites-de-la-stimulation-cognitive\/deficience-intellectuelle\/consommation-dalcool-pendant-la-grossesse-effets-sur-le-cerveau-foetal-et-risque-de-handicap-intellectuel\/\" rel=\"bookmark\">Consommation d\u2019alcool pendant la grossesse : effets sur le cerveau f\u0153tal et risque de handicap intellectuel<\/a><\/h3>\n<\/div><\/article><article class=\"entry entry-grid is-column has-entry-link has-image has-image-first type-post category-activites-pour-la-maladie-dalzheimer tag-activites-de-stimulation-cognitive tag-adultes tag-alzheimer tag-memoire tag-neuronup\" style=\"--entry-index:4;\" aria-label=\"S\u00e9ance de stimulation cognitive pour les personnes atteintes de la maladie d&#8217;Alzheimer\" itemscope itemtype=\"https:\/\/schema.org\/CreativeWork\"><a class=\"entry-image-link\" href=\"https:\/\/neuronup.com\/fr\/activites-de-neuro-reeducation\/activites-pour-la-maladie-dalzheimer\/seance-de-stimulation-cognitive-pour-les-personnes-atteintes-de-la-maladie-dalzheimer\/\" tabindex=\"-1\" aria-hidden=\"true\"><img decoding=\"async\" width=\"400\" height=\"300\" src=\"https:\/\/neuronup.com\/fr\/wp-content\/uploads\/2024\/11\/Therapie-occupationnelle-et-lesion-cerebrale-15-400x300.webp\" class=\"entry-image size-landscape-sm\" alt=\"Collage: femme \u00e2g\u00e9e devant un ordinateur et deux personnes en discussion, avec r\u00e9f\u00e9rence \u00e0 Alzheimer et 15 exercices imprimables.\" srcset=\"https:\/\/neuronup.com\/fr\/wp-content\/uploads\/2024\/11\/Therapie-occupationnelle-et-lesion-cerebrale-15-400x300.webp 400w, https:\/\/neuronup.com\/fr\/wp-content\/uploads\/2024\/11\/Therapie-occupationnelle-et-lesion-cerebrale-15-800x600.webp 800w, https:\/\/neuronup.com\/fr\/wp-content\/uploads\/2024\/11\/Therapie-occupationnelle-et-lesion-cerebrale-15-1200x900.webp 1200w\" sizes=\"(max-width:599px) 599px, (min-width:600px) and (max-width: 799px) 799px, (min-width:800px) and (max-width: 999px) 333px, (min-width:1000px) 400px\" \/><\/a><div class=\"entry-wrap entry-wrap-grid\"><h3 class=\"entry-title\" itemprop=\"headline\"><a class=\"entry-title-link\" href=\"https:\/\/neuronup.com\/fr\/activites-de-neuro-reeducation\/activites-pour-la-maladie-dalzheimer\/seance-de-stimulation-cognitive-pour-les-personnes-atteintes-de-la-maladie-dalzheimer\/\" rel=\"bookmark\">S\u00e9ance de stimulation cognitive pour les personnes atteintes de la maladie d&#8217;Alzheimer<\/a><\/h3>\n<\/div><\/article><article class=\"entry entry-grid is-column has-entry-link has-image has-image-first type-post category-cerveau tag-cerveau tag-enfants\" style=\"--entry-index:5;\" aria-label=\"Un nouveau d\u00e9fi \u00e9ducatif : Comment fonctionne le cerveau d&#8217;un enfant ?\" itemscope itemtype=\"https:\/\/schema.org\/CreativeWork\"><a class=\"entry-image-link\" href=\"https:\/\/neuronup.com\/fr\/neurosciences\/cerveau\/un-nouveau-defi-educatif-comment-fonctionne-le-cerveau-dun-enfant\/\" tabindex=\"-1\" aria-hidden=\"true\"><img decoding=\"async\" width=\"400\" height=\"267\" src=\"https:\/\/neuronup.com\/fr\/wp-content\/uploads\/2023\/04\/neuroeducacion.webp\" class=\"entry-image size-landscape-sm\" alt=\"Une femme aux bras crois\u00e9s, expression d\u00e9termin\u00e9e, devant une illustration color\u00e9e d&#039;un cerveau \u00e9clabouss\u00e9 de peinture.\" srcset=\"https:\/\/neuronup.com\/fr\/wp-content\/uploads\/2023\/04\/neuroeducacion-300x200.webp 300w, https:\/\/neuronup.com\/fr\/wp-content\/uploads\/2023\/04\/neuroeducacion-768x512.webp 768w, https:\/\/neuronup.com\/fr\/wp-content\/uploads\/2023\/04\/neuroeducacion-1024x683.webp 1024w, https:\/\/neuronup.com\/fr\/wp-content\/uploads\/2023\/04\/neuroeducacion.webp 1200w\" sizes=\"(max-width:599px) 599px, (min-width:600px) and (max-width: 799px) 799px, (min-width:800px) and (max-width: 999px) 333px, (min-width:1000px) 400px\" \/><\/a><div class=\"entry-wrap entry-wrap-grid\"><h3 class=\"entry-title\" itemprop=\"headline\"><a class=\"entry-title-link\" href=\"https:\/\/neuronup.com\/fr\/neurosciences\/cerveau\/un-nouveau-defi-educatif-comment-fonctionne-le-cerveau-dun-enfant\/\" rel=\"bookmark\">Un nouveau d\u00e9fi \u00e9ducatif : Comment fonctionne le cerveau d&#8217;un enfant ?<\/a><\/h3>\n<\/div><\/article><article class=\"entry entry-grid is-column has-entry-link has-image has-image-first type-post category-activites-de-la-memoire tag-activites-de-stimulation-cognitive-pour-adultes tag-attention tag-memoire\" style=\"--entry-index:6;\" aria-label=\"Jeu de l\u2019alphabet pour adultes : Capsules avec lettres\" itemscope itemtype=\"https:\/\/schema.org\/CreativeWork\"><a class=\"entry-image-link\" href=\"https:\/\/neuronup.com\/fr\/activites-de-neuro-reeducation\/activites-pour-les-fonctions-cognitives\/activites-de-la-memoire\/jeu-dalphabet-pour-adultes-badges-avec-lettres\/\" tabindex=\"-1\" aria-hidden=\"true\"><img decoding=\"async\" width=\"400\" height=\"300\" src=\"https:\/\/neuronup.com\/fr\/wp-content\/uploads\/2024\/09\/Actividad-para-mejorar-las-funciones-ejecutivas-Chapas.webp\" class=\"entry-image size-landscape-sm\" alt=\"Terrain de football stylis\u00e9 avec des cercles color\u00e9s portant des lettres violettes et oranges; ic\u00f4nes de jouer et de sauter en bas.\" srcset=\"https:\/\/neuronup.com\/fr\/wp-content\/uploads\/2024\/09\/Actividad-para-mejorar-las-funciones-ejecutivas-Chapas-300x225.webp 300w, https:\/\/neuronup.com\/fr\/wp-content\/uploads\/2024\/09\/Actividad-para-mejorar-las-funciones-ejecutivas-Chapas-768x576.webp 768w, https:\/\/neuronup.com\/fr\/wp-content\/uploads\/2024\/09\/Actividad-para-mejorar-las-funciones-ejecutivas-Chapas-1024x768.webp 1024w, https:\/\/neuronup.com\/fr\/wp-content\/uploads\/2024\/09\/Actividad-para-mejorar-las-funciones-ejecutivas-Chapas.webp 1200w\" sizes=\"(max-width:599px) 599px, (min-width:600px) and (max-width: 799px) 799px, (min-width:800px) and (max-width: 999px) 333px, (min-width:1000px) 400px\" \/><\/a><div class=\"entry-wrap entry-wrap-grid\"><h3 class=\"entry-title\" itemprop=\"headline\"><a class=\"entry-title-link\" href=\"https:\/\/neuronup.com\/fr\/activites-de-neuro-reeducation\/activites-pour-les-fonctions-cognitives\/activites-de-la-memoire\/jeu-dalphabet-pour-adultes-badges-avec-lettres\/\" rel=\"bookmark\">Jeu de l\u2019alphabet pour adultes : Capsules avec lettres<\/a><\/h3>\n<\/div><\/article><\/div><\/div>","protected":false},"excerpt":{"rendered":"<p>L&rsquo;autisme chez les femmes Les statistiques indiquent qu&rsquo;une personne sur 66 vit avec l&rsquo;autisme et qu&rsquo;il y a une femme autiste pour 4 hommes. De m\u00eame, les donn\u00e9es montrent que les femmes mettent plus de temps \u00e0 \u00eatre diagnostiqu\u00e9es lorsqu&rsquo;elles ont besoin d&rsquo;aide. Et, de plus, lorsqu&rsquo;elles ont besoin d&rsquo;aide, l&rsquo;aide dont elles ont besoin &hellip;<\/p>\n","protected":false},"author":184,"featured_media":33653,"comment_status":"open","ping_status":"closed","sticky":false,"template":"","format":"standard","meta":{"_acf_changed":false,"_genesis_hide_title":false,"_genesis_hide_breadcrumbs":false,"_genesis_hide_singular_image":false,"_genesis_hide_footer_widgets":false,"_genesis_custom_body_class":"","_genesis_custom_post_class":"","_genesis_layout":"","footnotes":""},"categories":[591],"tags":[688,728],"class_list":{"2":"type-post","7":"category-tsa","8":"tag-autisme","9":"tag-fonctions-executives","10":"entry"},"acf":[],"_links":{"self":[{"href":"https:\/\/neuronup.com\/fr\/wp-json\/wp\/v2\/posts\/6610","targetHints":{"allow":["GET"]}}],"collection":[{"href":"https:\/\/neuronup.com\/fr\/wp-json\/wp\/v2\/posts"}],"about":[{"href":"https:\/\/neuronup.com\/fr\/wp-json\/wp\/v2\/types\/post"}],"author":[{"embeddable":true,"href":"https:\/\/neuronup.com\/fr\/wp-json\/wp\/v2\/users\/184"}],"replies":[{"embeddable":true,"href":"https:\/\/neuronup.com\/fr\/wp-json\/wp\/v2\/comments?post=6610"}],"version-history":[{"count":0,"href":"https:\/\/neuronup.com\/fr\/wp-json\/wp\/v2\/posts\/6610\/revisions"}],"wp:featuredmedia":[{"embeddable":true,"href":"https:\/\/neuronup.com\/fr\/wp-json\/wp\/v2\/media\/33653"}],"wp:attachment":[{"href":"https:\/\/neuronup.com\/fr\/wp-json\/wp\/v2\/media?parent=6610"}],"wp:term":[{"taxonomy":"category","embeddable":true,"href":"https:\/\/neuronup.com\/fr\/wp-json\/wp\/v2\/categories?post=6610"},{"taxonomy":"post_tag","embeddable":true,"href":"https:\/\/neuronup.com\/fr\/wp-json\/wp\/v2\/tags?post=6610"}],"curies":[{"name":"wp","href":"https:\/\/api.w.org\/{rel}","templated":true}]}}