{"id":5434,"date":"2021-08-10T07:43:53","date_gmt":"2021-08-10T07:43:53","guid":{"rendered":"https:\/\/neuronup.com\/fr\/?p=5434"},"modified":"2026-01-29T17:33:26","modified_gmt":"2026-01-29T15:33:26","slug":"agnosie-visuelle-ou-ne-pas-comprendre-ce-que-vous-voyez","status":"publish","type":"post","link":"https:\/\/neuronup.com\/fr\/actualites-de-la-stimulation-cognitive\/lesions-cerebrales\/agnosie-visuelle-ou-ne-pas-comprendre-ce-que-vous-voyez\/","title":{"rendered":"Agnosie visuelle (ou ne pas comprendre ce que vous voyez)"},"content":{"rendered":"\n<p>Vous \u00eates-vous d\u00e9j\u00e0 retrouv\u00e9 \u00e0 essayer de&nbsp;<strong>comprendre une image sans y parvenir<\/strong>, \u00e0 essayer de trouver une similitude entre ce que vous avez vu et un objet connu afin de donner un sens \u00e0 une image que vous n&rsquo;avez jamais vue auparavant ? Vous avez peut-\u00eatre ressenti cette sensation momentan\u00e9ment, lorsque vous avez vu pour la premi\u00e8re fois une IRM ou une \u00e9chographie, ou m\u00eame une peinture abstraite dont le titre vous a incit\u00e9 \u00e0&nbsp;<strong>faire un effort<\/strong>&nbsp;pour y reconna\u00eetre un objet sp\u00e9cifique.<\/p>\n\n\n\n<p><strong>L&rsquo;agnosie visuelle<\/strong>&nbsp;est un&nbsp;<strong>trouble de la perception<\/strong>&nbsp;acquis en raison d&rsquo;une&nbsp;<strong>l\u00e9sion c\u00e9r\u00e9brale<\/strong>, dans laquelle la personne atteinte est incapable de reconna\u00eetre, par la vue, des stimuli qu&rsquo;elle pourrait identifier avant la blessure, malgr\u00e9 la pr\u00e9servation au moins partielle de la sensation visuelle (pas de c\u00e9cit\u00e9) [1] et bien qu&rsquo;il soit capable de les reconna\u00eetre&nbsp;<strong>\u00e0 travers d&rsquo;autres sens<\/strong>, tels que le toucher ou l&rsquo;ou\u00efe.<\/p>\n\n\n\n<p>Ces gens&nbsp;<strong>voient, mais ne comprennent pas ce qu&rsquo;ils voient<\/strong>. Soit parce que le cerveau n&rsquo;arrive pas \u00e0 construire une image globale coh\u00e9rente \u00e0 partir des caract\u00e9ristiques visuelles fournies par les yeux, soit parce que bien qu&rsquo;il soit capable de construire cette image (perception), elle ne peut \u00eatre li\u00e9e \u00e0 quelque chose de connu, on parle&nbsp;<strong>d&rsquo;agnosie visuelle aperceptive<\/strong>&nbsp;et dans le second,&nbsp;<strong>d&rsquo;agnosie visuelle associative<\/strong>&nbsp;[1,2].<\/p>\n\n\n\n<h2 class=\"wp-block-heading\">Types d&rsquo;agnosie visuelle<\/h2>\n\n\n\n<h3 class=\"wp-block-heading\">Agnosie visuelle aperceptive<\/h3>\n\n\n\n<p>Dans l&rsquo;agnosie visuelle<strong>&nbsp;aperceptive<\/strong>, lorsque la construction du percept \u00e9choue, la personne n&rsquo;est pas capable&nbsp;<strong>d&rsquo;identifier<\/strong> la forme des objets, elle ne peut donc pas reconna\u00eetre les diff\u00e9rences entre des objets similaires, copier leur dessin ou reconstruire mentalement des formes [1].<\/p>\n\n\n\n<h3 class=\"wp-block-heading\">Agnosie visuelle associative<\/h3>\n\n\n\n<p>Dans l&rsquo;agnosie visuelle<strong>&nbsp;associative<\/strong>, la personne per\u00e7oit correctement les formes, mais ne peut pas les&nbsp;<strong>interpr\u00e9ter<\/strong>. Elle est capable de faire correspondre des figures semblables et de copier leur dessin, mais ne peut pas associer une forme \u00e0 un objet [1] (par exemple, associer un rectangle \u00e0 un livre ou un gant \u00e0 une main).<\/p>\n\n\n\n<h3 class=\"wp-block-heading\">Comment d\u00e9tecter l&rsquo;Agnosie ?&nbsp;<\/h3>\n\n\n\n<p><strong>Test de Poppelreuter<\/strong>&nbsp;(figures superpos\u00e9es) utilis\u00e9 dans l&rsquo;\u00e9valuation de l&rsquo;agnosie visuelle. Les personnes atteintes d&rsquo;agnosie&nbsp;<strong>aperceptive<\/strong>&nbsp;ne seront pas en mesure d&rsquo;identifier les diff\u00e9rentes formes (par exemple, en les coloriant ou en les d\u00e9crivant). Les personnes atteintes d&rsquo;agnosie&nbsp;<strong>associative<\/strong>&nbsp;pourront identifier correctement les diff\u00e9rentes figures sans reconna\u00eetre de quels objets il s&rsquo;agit.<\/p>\n\n\n<div class=\"wp-block-image image-interface\">\n<figure class=\"aligncenter size-full is-resized\"><img decoding=\"async\" width=\"289\" height=\"238\" src=\"https:\/\/neuronup.com\/fr\/wp-content\/uploads\/2024\/11\/agnosia-visual.webp\" alt=\"Dessin stylis\u00e9 d&#039;un vase avec des objets (cuill\u00e8re, couteau) int\u00e9gr\u00e9s \u00e0 la silhouette, esquiss\u00e9 en lignes simples.\" class=\"wp-image-32911\" style=\"width:617px;height:509px\"\/><\/figure>\n<\/div>\n\n\n<p><br>De plus, l&rsquo;agnosie visuelle peut<strong>&nbsp;affecter s\u00e9lectivement la reconnaissance de diff\u00e9rents types de stimuli&nbsp;:<\/strong><\/p>\n\n\n\n<ul class=\"wp-block-list\">\n<li><strong>objets<\/strong>&nbsp;(agnosie visuelle des objets),<\/li>\n\n\n\n<li><strong>couleurs<\/strong>&nbsp;(agnosie chromatique ou chromatognosie),<\/li>\n\n\n\n<li><strong>mots<\/strong>&nbsp;(alexia agn\u00f3sica),<\/li>\n\n\n\n<li><strong>visages<\/strong>&nbsp;(prosopagnosie)&nbsp;<\/li>\n\n\n\n<li>l&rsquo;int\u00e9gration d&rsquo;\u00e9l\u00e9ments d&rsquo;un&nbsp;<strong>stimulus complexe<\/strong>&nbsp;(agnosie ou imultagnosie simultan\u00e9e) [1,3].<\/li>\n<\/ul>\n\n\n\n<div style=\"height:50px\" aria-hidden=\"true\" class=\"wp-block-spacer\"><\/div>\n\n\n\n<aside class=\"wp-block-group br-1010 has-primary-background-color has-background has-dark-background has-sm-padding-top has-sm-padding-bottom has-sm-padding-left has-sm-padding-right\"><div class=\"wp-block-group__inner-container is-layout-constrained wp-block-group-is-layout-constrained\">\n<div class=\"wp-block-columns are-vertically-aligned-center is-layout-flex wp-container-core-columns-is-layout-9d6595d7 wp-block-columns-is-layout-flex\">\n<div class=\"wp-block-column is-vertically-aligned-center has-white-color has-text-color has-link-color wp-elements-b4b004db118294f98a75ddcc2b46c883 is-layout-flow wp-block-column-is-layout-flow\" style=\"flex-basis:60%\">\n<p>Obtenez<strong> un PDF d&rsquo;activit\u00e9s imprimables<\/strong> pour travailler avec vos patients souffrant de <strong>l\u00e9sions c\u00e9r\u00e9brales<\/strong><\/p>\n<\/div>\n\n\n\n<div class=\"wp-block-column is-vertically-aligned-center is-layout-flow wp-block-column-is-layout-flow\" style=\"flex-basis:40%\">\n<div class=\"wp-block-buttons is-content-justification-center is-layout-flex wp-container-core-buttons-is-layout-16018d1d wp-block-buttons-is-layout-flex\">\n<div class=\"wp-block-button\" style=\"--button-secondary-color:var(--color-white);--button-secondary-background:var(--color-custom-1);--button-secondary-background-hover:#cc7e00;\"><a class=\"wp-block-button__link button button-secondary     has-link-color wp-element-button\" href=\"https:\/\/neuronup.com\/redirect\/?target=typeform\/w-brain-injury?utm_first_source=Web&#038;utm_first_campaign_name=Worksheets_brain_injury\">Obtenir gratuitement<\/a><\/div>\n\n<\/div>\n<\/div>\n<\/div>\n<\/div><\/aside>\n\n\n\n\n<div style=\"height:50px\" aria-hidden=\"true\" class=\"wp-block-spacer\"><\/div>\n\n\n\n<h2 class=\"wp-block-heading\">Comment est-il possible de voir sans comprendre ?<\/h2>\n\n\n\n<p>La sp\u00e9cificit\u00e9 de ces troubles est mieux comprise lorsque l&rsquo;on consid\u00e8re la mani\u00e8re hi\u00e9rarchique dont notre syst\u00e8me nerveux traite les images.<\/p>\n\n\n\n<p>Les<strong>&nbsp;informations visuelles sont trait\u00e9es<\/strong>&nbsp;\u00e0 la fois&nbsp;<strong>en parall\u00e8le<\/strong>&nbsp;(les photor\u00e9cepteurs r\u00e9tiniens transmettent simultan\u00e9ment diff\u00e9rents types d&rsquo;informations visuelles, comme les niveaux d&rsquo;intensit\u00e9 lumineuse, les longueurs d&rsquo;onde ou les couleurs&#8230;) et&nbsp;<strong>en s\u00e9rie<\/strong>&nbsp;(des r\u00e9tines au thalamus et de l\u00e0 au cortex c\u00e9r\u00e9bral ) [4].<\/p>\n\n\n\n<p>Dans une&nbsp;<strong>phase pr\u00e9coce du traitement en s\u00e9rie<\/strong>, des caract\u00e9ristiques telles que la forme et la structure du stimulus sont trait\u00e9es, impliquant des zones du cerveau dont les l\u00e9sions peuvent conduire \u00e0 la c\u00e9cit\u00e9 (appel\u00e9e c\u00e9cit\u00e9 corticale) [2].<\/p>\n\n\n\n<p>Dans les phases de<strong>&nbsp;reconnaissance visuelle sup\u00e9rieures<\/strong>, les caract\u00e9ristiques visuelles sont int\u00e9gr\u00e9es dans une repr\u00e9sentation coh\u00e9rente de l&rsquo;objet et un sens est \u00e9galement attribu\u00e9 \u00e0 l&rsquo;objet [2]. De cette mani\u00e8re, des&nbsp;<strong>l\u00e9sions c\u00e9r\u00e9brales localis\u00e9es<\/strong>&nbsp;qui affectent des niveaux de traitement plus \u00e9lev\u00e9s peuvent alt\u00e9rer ces aspects de la perception sans alt\u00e9rer la capacit\u00e9 sensorielle, et ainsi la personne avec agnosie voit l&rsquo;objet, mais ne peut pas l&rsquo;interpr\u00e9ter.<\/p>\n\n\n\n<p>D&rsquo;autre part, le fait qu&rsquo;il y ait une alt\u00e9ration telle que la<strong>&nbsp;prosopagnosie<\/strong>&nbsp;(agnosie pour les visages) t\u00e9moigne de l&rsquo;importance de la reconnaissance de ce type de<strong>&nbsp;stimulus sp\u00e9cifique<\/strong>&nbsp;au cours de l&rsquo;\u00e9volution pour notre survie, puisque la nature a confi\u00e9 son traitement \u00e0 une partie du cerveau d&rsquo;une mani\u00e8re particuli\u00e8re.<\/p>\n\n\n\n<h3 class=\"wp-block-heading\">NeuronUP a incorpor\u00e9 des exercices tr\u00e8s utiles pour entra\u00eener les gnosies avec divers stimuli, y compris les visages. <\/h3>\n\n\n\n<div class=\"wp-block-buttons is-horizontal is-content-justification-center is-layout-flex wp-container-core-buttons-is-layout-499968f5 wp-block-buttons-is-layout-flex\">\n<div class=\"wp-block-button\"><a class=\"wp-block-button__link button wp-element-button\" href=\"https:\/\/neuronup.com\/fr\/activites-de-neuro-reeducation\/activites-de-gnosies\/5-fiches-de-stimulation-cognitive-pour-travailler-les-gnosies\">Voir les exercices sur les gnosies<\/a><\/div>\n<\/div>\n\n\n\n<p>Par : Lidia Garc\u00eda P\u00e9rez<\/p>\n\n\n\n<h2 class=\"wp-block-heading\">Bibliographie<\/h2>\n\n\n\n<ul class=\"wp-block-list has-sm-font-size\">\n<li>Ardila, A. et Roselli, M. (2007). Neuropsychologie clinique. M\u00e9xico, D. F. : Le Manuel Moderne.<\/li>\n\n\n\n<li>Fern\u00e1ndez-Guin\u00e9e, S. (2011). Apraxies et agnosies. Dans Bruna, O., Roig, T., Puyuelo, M., Junqu\u00e9, C. et Rueano, A. (Eds.). R\u00e9adaptation neuropsychologique : intervention et pratique clinique (p. 83-108). Barcelone : Elsevier Masson.<\/li>\n\n\n\n<li>Portellano, J.A. (2010). Introduction \u00e0 la neuropsychologie. Madrid : McGraw Hill.<\/li>\n\n\n\n<li>Kandel, E.R., Schwartz, J.H., Jessell, T.M. et Agud Aparicio, J.L. (2001). Principes des neurosciences (4e \u00e9d., 1re \u00e9d. En espagnol.). Madrid : McGraw-Hill.<\/li>\n<\/ul>\n\n\n\n<p>Si vous avez aim\u00e9 cet article vous aimerez peut-\u00eatre : <\/p>\n\n\n<div class=\"mai-grid entries entries-grid has-boxed has-image-full\" style=\"--entry-title-font-size:var(--font-size-lg);--align-text:start;--entry-meta-text-align:start;\"><div class=\"entries-wrap has-columns\" style=\"--columns-xs:1\/1;--columns-sm:1\/1;--columns-md:1\/3;--columns-lg:1\/3;--flex-xs:0 0 var(--flex-basis);--flex-sm:0 0 var(--flex-basis);--flex-md:0 0 var(--flex-basis);--flex-lg:0 0 var(--flex-basis);--column-gap:var(--spacing-lg);--row-gap:var(--spacing-lg);--align-columns:start;\"><article class=\"entry entry-grid is-column has-entry-link has-image has-image-first type-post category-activites-de-la-vie-quotidienne category-nouveautes-neuronup tag-activites-de-stimulation-cognitive tag-activites-de-stimulation-cognitive-pour-enfants tag-adulte tag-enfants tag-remediation-cognitive\" style=\"--entry-index:1;\" aria-label=\"Nouvelles activit\u00e9s NeuronUP : entra\u00eenez les fonctions cognitives dans des situations du quotidien\" itemscope itemtype=\"https:\/\/schema.org\/CreativeWork\"><a class=\"entry-image-link\" href=\"https:\/\/neuronup.com\/fr\/nouveautes-neuronup\/nouvelles-activites-neuronup-entrainez-les-fonctions-cognitives-dans-des-situations-du-quotidien\/\" tabindex=\"-1\" aria-hidden=\"true\"><img decoding=\"async\" width=\"400\" height=\"202\" src=\"https:\/\/neuronup.com\/fr\/wp-content\/uploads\/2026\/03\/Capture-decran-2026-03-30-111842-400x202.webp\" class=\"entry-image size-landscape-sm\" alt=\"\" \/><\/a><div class=\"entry-wrap entry-wrap-grid\"><h3 class=\"entry-title\" itemprop=\"headline\"><a class=\"entry-title-link\" href=\"https:\/\/neuronup.com\/fr\/nouveautes-neuronup\/nouvelles-activites-neuronup-entrainez-les-fonctions-cognitives-dans-des-situations-du-quotidien\/\" rel=\"bookmark\">Nouvelles activit\u00e9s NeuronUP : entra\u00eenez les fonctions cognitives dans des situations du quotidien<\/a><\/h3>\n<\/div><\/article><article class=\"entry entry-grid is-column has-entry-link has-image has-image-first type-post category-activites-dattention category-activites-de-neuro-reeducation category-activites-pour-les-fonctions-cognitives tag-adulte\" style=\"--entry-index:2;\" aria-label=\"Nouvelle activit\u00e9 Attention s\u00e9lective (Adultes)\" itemscope itemtype=\"https:\/\/schema.org\/CreativeWork\"><a class=\"entry-image-link\" href=\"https:\/\/neuronup.com\/fr\/activites-de-neuro-reeducation\/nouvelle-activite-attention-selective-adultes\/\" tabindex=\"-1\" aria-hidden=\"true\"><img decoding=\"async\" width=\"253\" height=\"230\" src=\"https:\/\/neuronup.com\/fr\/wp-content\/uploads\/2026\/03\/Capture-decran-2026-03-03-160917.webp\" class=\"entry-image size-landscape-sm\" alt=\"\" \/><\/a><div class=\"entry-wrap entry-wrap-grid\"><h3 class=\"entry-title\" itemprop=\"headline\"><a class=\"entry-title-link\" href=\"https:\/\/neuronup.com\/fr\/activites-de-neuro-reeducation\/nouvelle-activite-attention-selective-adultes\/\" rel=\"bookmark\">Nouvelle activit\u00e9 Attention s\u00e9lective (Adultes)<\/a><\/h3>\n<\/div><\/article><article class=\"entry entry-grid is-column has-entry-link has-image has-image-first type-post category-activites-de-cognition-sociale tag-activites-de-stimulation-cognitive tag-cognition-sociale tag-fonctions-executives\" style=\"--entry-index:3;\" aria-label=\"La cognition sociale ou comment comprendre les personnes : exercices de cognition sociale\" itemscope itemtype=\"https:\/\/schema.org\/CreativeWork\"><a class=\"entry-image-link\" href=\"https:\/\/neuronup.com\/fr\/activites-de-neuro-reeducation\/activites-pour-les-fonctions-cognitives\/activites-de-cognition-sociale\/la-cognition-sociale-ou-comment-comprendre-les-personnes-exercices-de-cognition-sociale\/\" tabindex=\"-1\" aria-hidden=\"true\"><img decoding=\"async\" width=\"396\" height=\"300\" src=\"https:\/\/neuronup.com\/fr\/wp-content\/uploads\/2022\/06\/Reaccion-emocional-ante-situaciones.webp\" class=\"entry-image size-landscape-sm\" alt=\"R\u00e9action \u00e9motionnelle face aux situations : Exercice de cognition sociale\" srcset=\"https:\/\/neuronup.com\/fr\/wp-content\/uploads\/2022\/06\/Reaccion-emocional-ante-situaciones-300x227.webp 300w, https:\/\/neuronup.com\/fr\/wp-content\/uploads\/2022\/06\/Reaccion-emocional-ante-situaciones-768x582.webp 768w, https:\/\/neuronup.com\/fr\/wp-content\/uploads\/2022\/06\/Reaccion-emocional-ante-situaciones-1024x776.webp 1024w, https:\/\/neuronup.com\/fr\/wp-content\/uploads\/2022\/06\/Reaccion-emocional-ante-situaciones.webp 1148w\" sizes=\"(max-width:599px) 599px, (min-width:600px) and (max-width: 799px) 799px, (min-width:800px) and (max-width: 999px) 333px, (min-width:1000px) 400px\" \/><\/a><div class=\"entry-wrap entry-wrap-grid\"><h3 class=\"entry-title\" itemprop=\"headline\"><a class=\"entry-title-link\" href=\"https:\/\/neuronup.com\/fr\/activites-de-neuro-reeducation\/activites-pour-les-fonctions-cognitives\/activites-de-cognition-sociale\/la-cognition-sociale-ou-comment-comprendre-les-personnes-exercices-de-cognition-sociale\/\" rel=\"bookmark\">La cognition sociale ou comment comprendre les personnes : exercices de cognition sociale<\/a><\/h3>\n<\/div><\/article><article class=\"entry entry-grid is-column has-entry-link has-image has-image-first type-post category-activites-pour-les-enfants-ayant-des-besoins-particuliers tag-activites-de-stimulation-cognitive tag-activites-de-stimulation-cognitive-pour-enfants tag-enfants\" style=\"--entry-index:4;\" aria-label=\"7+1 activit\u00e9s pour enfants avec des besoins \u00e9ducatifs sp\u00e9ciaux\" itemscope itemtype=\"https:\/\/schema.org\/CreativeWork\"><a class=\"entry-image-link\" href=\"https:\/\/neuronup.com\/fr\/activites-de-neuro-reeducation\/activites-pour-les-enfants-ayant-des-besoins-particuliers\/71-activites-pour-enfants-a-besoins-educatifs-speciaux\/\" tabindex=\"-1\" aria-hidden=\"true\"><img decoding=\"async\" width=\"400\" height=\"298\" src=\"https:\/\/neuronup.com\/fr\/wp-content\/uploads\/2022\/07\/Prepara-la-mochila.webp\" class=\"entry-image size-landscape-sm\" alt=\"Activit\u00e9 Pr\u00e9pare le sac \u00e0 dos pour les enfants ayant des besoins \u00e9ducatifs particuliers\" srcset=\"https:\/\/neuronup.com\/fr\/wp-content\/uploads\/2022\/07\/Prepara-la-mochila-300x224.webp 300w, https:\/\/neuronup.com\/fr\/wp-content\/uploads\/2022\/07\/Prepara-la-mochila-768x572.webp 768w, https:\/\/neuronup.com\/fr\/wp-content\/uploads\/2022\/07\/Prepara-la-mochila-1024x763.webp 1024w, https:\/\/neuronup.com\/fr\/wp-content\/uploads\/2022\/07\/Prepara-la-mochila.webp 1255w\" sizes=\"(max-width:599px) 599px, (min-width:600px) and (max-width: 799px) 799px, (min-width:800px) and (max-width: 999px) 333px, (min-width:1000px) 400px\" \/><\/a><div class=\"entry-wrap entry-wrap-grid\"><h3 class=\"entry-title\" itemprop=\"headline\"><a class=\"entry-title-link\" href=\"https:\/\/neuronup.com\/fr\/activites-de-neuro-reeducation\/activites-pour-les-enfants-ayant-des-besoins-particuliers\/71-activites-pour-enfants-a-besoins-educatifs-speciaux\/\" rel=\"bookmark\">7+1 activit\u00e9s pour enfants avec des besoins \u00e9ducatifs sp\u00e9ciaux<\/a><\/h3>\n<\/div><\/article><article class=\"entry entry-grid is-column has-entry-link has-image has-image-first type-post category-activites-de-cognition-sociale tag-activites-de-stimulation-cognitive tag-activites-de-stimulation-cognitive-pour-enfants tag-cognition-sociale\" style=\"--entry-index:5;\" aria-label=\"Exercices de cognition sociale pour enfants\" itemscope itemtype=\"https:\/\/schema.org\/CreativeWork\"><a class=\"entry-image-link\" href=\"https:\/\/neuronup.com\/fr\/activites-de-neuro-reeducation\/activites-pour-les-fonctions-cognitives\/activites-de-cognition-sociale\/exercices-de-cognition-sociale-pour-enfants\/\" tabindex=\"-1\" aria-hidden=\"true\"><img decoding=\"async\" width=\"400\" height=\"273\" src=\"https:\/\/neuronup.com\/fr\/wp-content\/uploads\/2022\/08\/Que-esperan-encontrar-4-1.webp\" class=\"entry-image size-landscape-sm\" alt=\"Exercices de cognition sociale pour enfants\" srcset=\"https:\/\/neuronup.com\/fr\/wp-content\/uploads\/2022\/08\/Que-esperan-encontrar-4-1-300x205.webp 300w, https:\/\/neuronup.com\/fr\/wp-content\/uploads\/2022\/08\/Que-esperan-encontrar-4-1-768x524.webp 768w, https:\/\/neuronup.com\/fr\/wp-content\/uploads\/2022\/08\/Que-esperan-encontrar-4-1-1024x699.webp 1024w, https:\/\/neuronup.com\/fr\/wp-content\/uploads\/2022\/08\/Que-esperan-encontrar-4-1.webp 1205w\" sizes=\"(max-width:599px) 599px, (min-width:600px) and (max-width: 799px) 799px, (min-width:800px) and (max-width: 999px) 333px, (min-width:1000px) 400px\" \/><\/a><div class=\"entry-wrap entry-wrap-grid\"><h3 class=\"entry-title\" itemprop=\"headline\"><a class=\"entry-title-link\" href=\"https:\/\/neuronup.com\/fr\/activites-de-neuro-reeducation\/activites-pour-les-fonctions-cognitives\/activites-de-cognition-sociale\/exercices-de-cognition-sociale-pour-enfants\/\" rel=\"bookmark\">Exercices de cognition sociale pour enfants<\/a><\/h3>\n<\/div><\/article><article class=\"entry entry-grid is-column has-entry-link has-image has-image-first type-post category-activites-de-cognition-sociale tag-activites-de-stimulation-cognitive tag-activites-de-stimulation-cognitive-pour-enfants tag-actualites-de-neuronup tag-cognition-sociale tag-enfants tag-intelligence-emotionnelle\" style=\"--entry-index:6;\" aria-label=\"Activit\u00e9 pour identifier les \u00e9motions : Devinez le visage ?\" itemscope itemtype=\"https:\/\/schema.org\/CreativeWork\"><a class=\"entry-image-link\" href=\"https:\/\/neuronup.com\/fr\/activites-de-neuro-reeducation\/activites-pour-les-fonctions-cognitives\/activites-de-cognition-sociale\/activite-pour-identifier-les-emotions\/\" tabindex=\"-1\" aria-hidden=\"true\"><img decoding=\"async\" width=\"400\" height=\"283\" src=\"https:\/\/neuronup.com\/fr\/wp-content\/uploads\/2022\/09\/Actividad-para-identificar-emociones-de-NeuronUP-Adivinas-la-cara-1-1-1.webp\" class=\"entry-image size-landscape-sm\" alt=\"Activit\u00e9 pour identifier les \u00e9motions de NeuronUP Tu devines le visage\" srcset=\"https:\/\/neuronup.com\/fr\/wp-content\/uploads\/2022\/09\/Actividad-para-identificar-emociones-de-NeuronUP-Adivinas-la-cara-1-1-1-300x212.webp 300w, https:\/\/neuronup.com\/fr\/wp-content\/uploads\/2022\/09\/Actividad-para-identificar-emociones-de-NeuronUP-Adivinas-la-cara-1-1-1-768x543.webp 768w, https:\/\/neuronup.com\/fr\/wp-content\/uploads\/2022\/09\/Actividad-para-identificar-emociones-de-NeuronUP-Adivinas-la-cara-1-1-1-1024x724.webp 1024w, https:\/\/neuronup.com\/fr\/wp-content\/uploads\/2022\/09\/Actividad-para-identificar-emociones-de-NeuronUP-Adivinas-la-cara-1-1-1.webp 1200w\" sizes=\"(max-width:599px) 599px, (min-width:600px) and (max-width: 799px) 799px, (min-width:800px) and (max-width: 999px) 333px, (min-width:1000px) 400px\" \/><\/a><div class=\"entry-wrap entry-wrap-grid\"><h3 class=\"entry-title\" itemprop=\"headline\"><a class=\"entry-title-link\" href=\"https:\/\/neuronup.com\/fr\/activites-de-neuro-reeducation\/activites-pour-les-fonctions-cognitives\/activites-de-cognition-sociale\/activite-pour-identifier-les-emotions\/\" rel=\"bookmark\">Activit\u00e9 pour identifier les \u00e9motions : Devinez le visage ?<\/a><\/h3>\n<\/div><\/article><\/div><\/div>\n\n","protected":false},"excerpt":{"rendered":"<p>Vous \u00eates-vous d\u00e9j\u00e0 retrouv\u00e9 \u00e0 essayer de&nbsp;comprendre une image sans y parvenir, \u00e0 essayer de trouver une similitude entre ce que vous avez vu et un objet connu afin de donner un sens \u00e0 une image que vous n&rsquo;avez jamais vue auparavant ? Vous avez peut-\u00eatre ressenti cette sensation momentan\u00e9ment, lorsque vous avez vu pour &hellip;<\/p>\n","protected":false},"author":177,"featured_media":32912,"comment_status":"open","ping_status":"closed","sticky":false,"template":"","format":"standard","meta":{"_acf_changed":false,"_genesis_hide_title":false,"_genesis_hide_breadcrumbs":false,"_genesis_hide_singular_image":false,"_genesis_hide_footer_widgets":false,"_genesis_custom_body_class":"","_genesis_custom_post_class":"","_genesis_layout":"","footnotes":""},"categories":[573],"tags":[657,745,669],"class_list":{"2":"type-post","7":"category-lesions-cerebrales","8":"tag-cerveau","9":"tag-gnosies","10":"tag-neuropsychologie","11":"entry"},"acf":[],"_links":{"self":[{"href":"https:\/\/neuronup.com\/fr\/wp-json\/wp\/v2\/posts\/5434","targetHints":{"allow":["GET"]}}],"collection":[{"href":"https:\/\/neuronup.com\/fr\/wp-json\/wp\/v2\/posts"}],"about":[{"href":"https:\/\/neuronup.com\/fr\/wp-json\/wp\/v2\/types\/post"}],"author":[{"embeddable":true,"href":"https:\/\/neuronup.com\/fr\/wp-json\/wp\/v2\/users\/177"}],"replies":[{"embeddable":true,"href":"https:\/\/neuronup.com\/fr\/wp-json\/wp\/v2\/comments?post=5434"}],"version-history":[{"count":0,"href":"https:\/\/neuronup.com\/fr\/wp-json\/wp\/v2\/posts\/5434\/revisions"}],"wp:featuredmedia":[{"embeddable":true,"href":"https:\/\/neuronup.com\/fr\/wp-json\/wp\/v2\/media\/32912"}],"wp:attachment":[{"href":"https:\/\/neuronup.com\/fr\/wp-json\/wp\/v2\/media?parent=5434"}],"wp:term":[{"taxonomy":"category","embeddable":true,"href":"https:\/\/neuronup.com\/fr\/wp-json\/wp\/v2\/categories?post=5434"},{"taxonomy":"post_tag","embeddable":true,"href":"https:\/\/neuronup.com\/fr\/wp-json\/wp\/v2\/tags?post=5434"}],"curies":[{"name":"wp","href":"https:\/\/api.w.org\/{rel}","templated":true}]}}