{"id":5426,"date":"2021-08-06T13:46:26","date_gmt":"2021-08-06T13:46:26","guid":{"rendered":"https:\/\/neuronup.com\/fr\/?p=5426"},"modified":"2026-01-29T17:33:25","modified_gmt":"2026-01-29T15:33:25","slug":"default-mode-network-dmn-alzheimer-schizophrenie-et-autisme","status":"publish","type":"post","link":"https:\/\/neuronup.com\/fr\/investigation\/lignes-de-recherche\/default-mode-network-dmn-alzheimer-schizophrenie-et-autisme\/","title":{"rendered":"Default Mode Network (DMN): Alzheimer, Schizophr\u00e9nie et Autisme"},"content":{"rendered":"\n<p>Le r\u00e9seau en mode par d\u00e9faut \u00ab\u00a0<em>Default Mode Network\u00a0\u00bb&nbsp;<\/em>(<strong>DMN<\/strong>) peut \u00eatre d\u00e9fini comme une&nbsp;<strong>base d&rsquo;activit\u00e9 neuronale<\/strong>&nbsp;[1] qui se produit lorsque le sujet a des pens\u00e9es qui ne sont pas dirig\u00e9es vers un objectif. Il a \u00e9t\u00e9 d\u00e9couvert \u00e0 partir du&nbsp;<strong>degr\u00e9 de variation de la consommation d&rsquo;oxyg\u00e8ne<\/strong>&nbsp;dans un certain nombre de zones du cerveau, qui \u00e9taient activ\u00e9es lorsque les gens ne pensaient \u00e0 \u00ab rien de sp\u00e9cial \u00bb (c&rsquo;est important). Un autre facteur qui a \u00e9t\u00e9 utilis\u00e9 pour \u00e9tudier ce r\u00e9seau est la&nbsp;<strong>synchronie<\/strong>&nbsp;(le degr\u00e9 de coordination des fr\u00e9quences \u00e9mises par les neurones en raison de leur activit\u00e9 \u00e9lectrique). Pour faire une comparaison, imaginez que les anciennes radios \u00e0 fr\u00e9quence \u00e9mettent dans le m\u00eame accord (ou dans plusieurs qui sont coupl\u00e9es) et se d\u00e9clenchent en m\u00eame temps en communiquant \u00e0 grande \u00e9chelle.<\/p>\n\n\n\n<p>Dans l&rsquo;<strong>exp\u00e9rience DMN typique<\/strong>, on demande aux sujets de fermer les yeux et de ne penser \u00e0 rien en particulier, juste pour rester \u00e9veill\u00e9s. L&rsquo;imagerie par r\u00e9sonance magn\u00e9tique (ou d&rsquo;autres techniques) est ensuite prise des zones du cerveau d&rsquo;int\u00e9r\u00eat. Les sujets sont ensuite invit\u00e9s \u00e0 effectuer une t\u00e2che qui n\u00e9cessite des pens\u00e9es et\/ou des comportements orient\u00e9s vers un objectif (une demande ex\u00e9cutive).<\/p>\n\n\n\n<h2 class=\"wp-block-heading\">Ce sont les zones qui sont activ\u00e9es en situation de \u00ab repos \u00bb (DMN):<\/h2>\n\n\n<div class=\"wp-block-image\">\n<figure class=\"aligncenter size-full is-resized\"><img decoding=\"async\" width=\"445\" height=\"372\" src=\"https:\/\/neuronup.com\/fr\/wp-content\/uploads\/2024\/11\/DMN-Wandering_and_wondering_-1.webp\" alt=\"Vue 3D du cerveau avec DMN en surbrillance et fl\u00e8ches indiquant les connexions entre pr\u00e9frontal m\u00e9dial et cingulaire.\" class=\"wp-image-33354\" style=\"width:701px;height:586px\" srcset=\"https:\/\/neuronup.com\/fr\/wp-content\/uploads\/2024\/11\/DMN-Wandering_and_wondering_-1-300x251.webp 300w, https:\/\/neuronup.com\/fr\/wp-content\/uploads\/2024\/11\/DMN-Wandering_and_wondering_-1.webp 445w\" sizes=\"(max-width: 445px) 100vw, 445px\" \/><\/figure>\n<\/div>\n\n\n<p>Dans l&rsquo;image, nous pouvons voir comment, en plus des&nbsp;<strong>zones bleu fonc\u00e9<\/strong>, des lignes plus floues relient ces zones. Ce sont des \u00e9tendues de&nbsp;<strong>mati\u00e8re blanche<\/strong>&nbsp;et nous font comprendre que les r\u00e9seaux c\u00e9r\u00e9braux sont configur\u00e9s comme des r\u00e9seaux du \u00ab petit monde \u00bb : des centres \u00e0 grande \u00e9chelle, distribu\u00e9s et connect\u00e9s dans le cerveau. Ces r\u00e9seaux \u00e9voluent avec la maturation, dans les premi\u00e8res ann\u00e9es de vie ils ne pr\u00e9sentent pas autant de coh\u00e9sion [2]. Parmi les zones activ\u00e9es figurent :<\/p>\n\n\n\n<ul class=\"wp-block-list\">\n<li><strong>Le cortex pr\u00e9frontal m\u00e9dial,<\/strong>&nbsp;une zone dans laquelle se situe, entre autres, les aires de Brodmann 9 et 10. Ces deux domaines ont \u00e9t\u00e9 li\u00e9s aux repr\u00e9sentations de notre personnalit\u00e9 et de notre cognition sociale.<\/li>\n\n\n\n<li><strong>Le precuneus (ventral),<\/strong>&nbsp;li\u00e9 \u00e0 la m\u00e9moire \u00e9pisodique, \u00e0 la conscience et au soi. \u00c9galement avec des comp\u00e9tences visuo-constructives.<\/li>\n\n\n\n<li><strong>Le lobe pari\u00e9tal inf\u00e9rieur,<\/strong>&nbsp;li\u00e9 au langage, \u00e0 l&rsquo;image corporelle et \u00e0 l&rsquo;identification des \u00e9motions. Aussi avec repr\u00e9sentation spatiale.<\/li>\n<\/ul>\n\n\n<div class=\"wp-block-image\">\n<figure class=\"aligncenter size-full\"><img decoding=\"async\" width=\"695\" height=\"257\" src=\"https:\/\/neuronup.com\/fr\/wp-content\/uploads\/2024\/11\/Default-mode-network-1.webp\" alt=\"Deux repr\u00e9sentations c\u00e9r\u00e9brales issues d&#039;imagerie, color\u00e9es jaune, orange et bleu, illustrant le r\u00e9seau en mode par d\u00e9faut.\" class=\"wp-image-33339\" srcset=\"https:\/\/neuronup.com\/fr\/wp-content\/uploads\/2024\/11\/Default-mode-network-1-300x111.webp 300w, https:\/\/neuronup.com\/fr\/wp-content\/uploads\/2024\/11\/Default-mode-network-1.webp 695w\" sizes=\"(max-width: 695px) 100vw, 695px\" \/><\/figure>\n<\/div>\n\n\n<p>Lorsque l&rsquo;activit\u00e9 du cerveau est contrast\u00e9e dans les deux situations (lorsque \u00ab&nbsp;vous ne pensez \u00e0 rien&nbsp;\u00bb vs lorsque vous avez une pens\u00e9e dirig\u00e9e vers un objectif \/ une r\u00e9solution de probl\u00e8me), vous obtenez une image similaire \u00e0 celle ci-dessus. Les<strong>&nbsp;zones bleues<\/strong>&nbsp;correspondent aux zones activ\u00e9es lorsque la personne ex\u00e9cute une t\u00e2che (Work Network). Les&nbsp;<strong>zones en orange<\/strong>&nbsp;seraient le DMN. La chose int\u00e9ressante est que l&rsquo;ex\u00e9cution dans la t\u00e2che ex\u00e9cutive est corr\u00e9l\u00e9e avec une activation correcte du r\u00e9seau de travail (\u00ab\u00a0bleu\u00a0\u00bb) et une att\u00e9nuation correcte (qui n&rsquo;est pas une d\u00e9sactivation) du DMN (\u00ab\u00a0orange\u00a0\u00bb). Avons-nous un exemple de la \u00ab double dissociation \u00bb recherch\u00e9e en neuropsychologie ?<\/p>\n\n\n\n<div style=\"height:50px\" aria-hidden=\"true\" class=\"wp-block-spacer\"><\/div>\n\n\n\n<div class=\"wp-block-group\"><div class=\"wp-block-group__inner-container is-layout-constrained wp-block-group-is-layout-constrained\">\n<div class=\"wp-block-columns br-0101 has-custom-2-background-color has-background is-layout-flex wp-container-core-columns-is-layout-9d6595d7 wp-block-columns-is-layout-flex\">\n<div class=\"wp-block-column mobile-order-1 is-layout-flow wp-block-column-is-layout-flow\" style=\"flex-basis:25%\"><div class=\"wp-block-image opacity-gradient mobile-translate-y-4\">\n<figure class=\"aligncenter size-full has--xxxl-margin-top has--xxxl-margin-bottom\"><img decoding=\"async\" width=\"267\" height=\"437\" src=\"https:\/\/neuronup.com\/fr\/wp-content\/uploads\/2024\/10\/jeu-neuronup.webp\" alt=\"jeu neuronup\" class=\"wp-image-31665\" srcset=\"https:\/\/neuronup.com\/fr\/wp-content\/uploads\/2024\/10\/jeu-neuronup-183x300.webp 183w, https:\/\/neuronup.com\/fr\/wp-content\/uploads\/2024\/10\/jeu-neuronup.webp 267w\" sizes=\"(max-width: 267px) 100vw, 267px\" \/><\/figure>\n<\/div><\/div>\n\n\n\n<div class=\"wp-block-column is-vertically-aligned-center is-layout-flow wp-block-column-is-layout-flow\" style=\"flex-basis:50%\">\n<h2 class=\"wp-block-heading has-text-align-left has-white-color has-text-color\">D\u00e9couvrez des milliers <strong>d&rsquo;exercices<\/strong><br>plus sur notre plateforme<\/h2>\n<\/div>\n\n\n\n<div class=\"wp-block-column is-vertically-aligned-center is-layout-flow wp-block-column-is-layout-flow\" style=\"flex-basis:25%\">\n<div class=\"wp-block-buttons mobile-center\">\n<div class=\"wp-block-button orange-button\"><a href=\"https:\/\/neuronup.com\/fr\/landing-store-user\/\" class=\"wp-block-button__link button button-secondary\" style=\"flex-direction: row;\" >Essayez-le gratuitement <img decoding=\"async\" class=\"wp-image-18719\" style=\"width: 8px;\" src=\"https:\/\/neuronup.com\/fr\/wp-content\/uploads\/2024\/10\/icon_rightArrow-white.svg\" alt=\"\"><\/a><\/div>\n<\/div>\n<\/div>\n<\/div>\n<\/div><\/div>\n\n\n\n<div style=\"height:50px\" aria-hidden=\"true\" class=\"wp-block-spacer\"><\/div>\n\n\n\n<h2 class=\"wp-block-heading\">Vous ne pensez \u00e0 rien en particulier ?<\/h2>\n\n\n\n<p>En fait, quand le chercheur demande qu&rsquo;on ne&nbsp;<strong>pense \u00e0 rien de particulier<\/strong>&nbsp;pendant un certain temps, on fait quelque chose. Tout d&rsquo;abord, nous ne perdons pas conscience de nous-m\u00eames. En g\u00e9n\u00e9ral, les sujets des exp\u00e9riences pendant cette condition exp\u00e9rimentale ont rapport\u00e9 qu&rsquo;ils pensent \u00e0 eux-m\u00eames (soi, personnalit\u00e9), \u00e0 des choses qu&rsquo;ils doivent faire (m\u00e9moire prospective) ou \u00e0 des \u00e9v\u00e9nements qui leur sont arriv\u00e9s (m\u00e9moire \u00e9pisodique). M\u00eame dans des&nbsp;<strong>concepts abstraits<\/strong>&nbsp;(concepts s\u00e9mantiques) qui peuvent ou non avoir un lien.<\/p>\n\n\n\n<h3 class=\"wp-block-heading\">Quel est le lien entre le DMN et la maladie d&rsquo;Alzheimer ?<\/h3>\n\n\n\n<p>La&nbsp;<strong>maladie d&rsquo;Alzheimer<\/strong>&nbsp;est un syndrome de&nbsp;<strong>d\u00e9connexion neuronale<\/strong>. Cette d\u00e9connexion affecte les petits r\u00e9seaux mondiaux et leur communication \u00e0 grande \u00e9chelle. Dans le cas de la DMN, l&rsquo;int\u00e9grit\u00e9 du r\u00e9seau est impliqu\u00e9e par la&nbsp;<strong>d\u00e9t\u00e9rioration du cortex cingulaire<\/strong>&nbsp;post\u00e9rieur et donc la connectivit\u00e9 entre la r\u00e9gion frontale m\u00e9diale et le lobe pari\u00e9tal inf\u00e9rieur. La cons\u00e9quence est une&nbsp;<strong>activation incorrecte<\/strong>&nbsp;du DMN, mais aussi l&rsquo;existence de r\u00e9seaux \u00ab\u00a0plus longs\u00a0\u00bb et donc moins performants (cela d\u00e9pend de la m\u00e9thode avec laquelle le ph\u00e9nom\u00e8ne est \u00e9tudi\u00e9). Sporns [3] mentionne que le&nbsp;<strong>pr\u00e9cuneus<\/strong>&nbsp;est \u00e9galement une zone particuli\u00e8rement vuln\u00e9rable au d\u00e9p\u00f4t de prot\u00e9ine amylo\u00efde.Le manque d&rsquo;int\u00e9grit\u00e9 du DMN est un&nbsp;<strong>biomarqueur<\/strong>&nbsp;dans la maladie d&rsquo;Alzheimer.<\/p>\n\n\n\n<p>La cons\u00e9quence cognitive de ceci est l&rsquo;incapacit\u00e9 d&rsquo;unir les contenus cognitifs de la section pr\u00e9c\u00e9dente : recherche intentionnelle dans la m\u00e9moire,&nbsp;<strong>perte de sch\u00e9mas spatiaux<\/strong>&nbsp;\u2013corporels et non corporels\u2013, perte de&nbsp;<strong>concepts abstraits<\/strong>, perte&nbsp;<strong>de personnalit\u00e9<\/strong>. Tout cela au fur et \u00e0 mesure.<\/p>\n\n\n\n<h3 class=\"wp-block-heading\">Quel est le lien entre le DMN et la schizophr\u00e9nie ?<\/h3>\n\n\n\n<p>La&nbsp;<strong>schizophr\u00e9nie<\/strong>&nbsp;peut \u00eatre conceptualis\u00e9e comme un&nbsp;<strong>syndrome de d\u00e9connexion<\/strong>, de&nbsp;<strong>d\u00e9sint\u00e9gration<\/strong>&nbsp;et de&nbsp;<strong>d\u00e9synchronisation<\/strong>. Nous pouvons le voir dans les connexions fronto-temporelles, dues \u00e0 des d\u00e9ficits structurels mais aussi \u00e0 des d\u00e9ficits de connectivit\u00e9 dans la mati\u00e8re blanche \u00e0 grande \u00e9chelle et les r\u00e9seaux de petit monde. La \u00ab mat\u00e9rialisation \u00bb de cela peut \u00eatre vue sous diff\u00e9rents aspects cognitifs. Pas seulement dans la m\u00e9moire de travail. Aussi une&nbsp;<strong>d\u00e9connexion du langage<\/strong>&nbsp;(mutisme, intrusion de la rumination&nbsp;lors de l&rsquo;ex\u00e9cution d&rsquo;une t\u00e2che, \u00e9cholalie, discours d\u00e9sagr\u00e9g\u00e9, etc.), de la&nbsp;<strong>personnalit\u00e9<\/strong>, de la&nbsp;<strong>conscience<\/strong>, de la<strong>&nbsp;pens\u00e9e ou du sch\u00e9ma corporel<\/strong>.<\/p>\n\n\n\n<p>Dans la schizophr\u00e9nie, il existe \u00e9galement des<strong>&nbsp;alt\u00e9rations de l&rsquo;efficacit\u00e9 des r\u00e9seaux c\u00e9r\u00e9braux<\/strong>&nbsp;\u00e0 grande \u00e9chelle. Quel est l&rsquo;effet sur le DMN ? C&rsquo;est double. Il y a un d\u00e9ficit dans&nbsp;<strong>l&rsquo;inhibition de la DMN<\/strong>. Et lorsqu&rsquo;il y a une suppression incorrecte du DMN, le r\u00e9seau \u00ab\u00a0de travail\u00a0\u00bb ne fonctionne pas correctement [4]. Ainsi, par exemple, les intrusions typiques de certains schizophr\u00e8nes lors de l&rsquo;ex\u00e9cution des&nbsp;<strong>AVQ<\/strong>&nbsp;pourraient survenir.<\/p>\n\n\n\n<h3 class=\"wp-block-heading\">Quel est le lien entre le DMN et l&rsquo;autisme ?<\/h3>\n\n\n\n<p>Dans&nbsp;<strong>l&rsquo;autisme<\/strong>, de mani\u00e8re g\u00e9n\u00e9rale, on peut dire qu&rsquo;il existe \u00e9galement une&nbsp;<strong>suppression incorrecte du DMN<\/strong>, en plus d&rsquo;une faible activit\u00e9 g\u00e9n\u00e9rale de ce r\u00e9seau et de mauvais processus d&rsquo;auto-r\u00e9f\u00e9rence. De plus, et contrairement aux syndromes pr\u00e9c\u00e9dents, il pourrait exister un&nbsp;<strong>profil contraire<\/strong>&nbsp;dans lequel les petits r\u00e9seaux mondiaux seraient&nbsp;<strong>surconnect\u00e9s<\/strong>, produisant une non-diff\u00e9renciation des r\u00e9seaux \u00e0 grande \u00e9chelle. Cela engendre une perte d&rsquo;int\u00e9gration des processus dans lesquels ils interviennent.<\/p>\n\n\n\n<div style=\"height:50px\" aria-hidden=\"true\" class=\"wp-block-spacer\"><\/div>\n\n\n\n<aside class=\"wp-block-group br-1010 has-primary-background-color has-background has-dark-background has-sm-padding-top has-sm-padding-bottom has-sm-padding-left has-sm-padding-right\"><div class=\"wp-block-group__inner-container is-layout-constrained wp-block-group-is-layout-constrained\">\n<div class=\"wp-block-columns are-vertically-aligned-center is-layout-flex wp-container-core-columns-is-layout-9d6595d7 wp-block-columns-is-layout-flex\">\n<div class=\"wp-block-column is-vertically-aligned-center has-white-color has-text-color has-link-color wp-elements-479019793e00cc4de0e5691436c348f7 is-layout-flow wp-block-column-is-layout-flow\" style=\"flex-basis:60%\">\n<p>Obtenez un<strong> guide d&rsquo;activit\u00e9s<\/strong> pour travailler avec les personnes souffrant d&rsquo;un<strong> trouble du spectre autistique<\/strong> + 1 activit\u00e9 imprimable gratuite<\/p>\n<\/div>\n\n\n\n<div class=\"wp-block-column is-vertically-aligned-center is-layout-flow wp-block-column-is-layout-flow\" style=\"flex-basis:40%\">\n<div class=\"wp-block-buttons is-content-justification-center is-layout-flex wp-container-core-buttons-is-layout-16018d1d wp-block-buttons-is-layout-flex\">\n<div class=\"wp-block-button\" style=\"--button-secondary-color:var(--color-white);--button-secondary-background:var(--color-custom-1);--button-secondary-background-hover:#cc7e00;\"><a class=\"wp-block-button__link button button-secondary     has-link-color wp-element-button\" href=\"https:\/\/neuronup.com\/redirect\/?target=typeform\/autisme?utm_first_source=Web&#038;utm_first_campaign_name=Worksheets_autism\">Obtenir gratuitement<\/a><\/div>\n\n<\/div>\n<\/div>\n<\/div>\n<\/div><\/aside>\n\n\n\n\n<div style=\"height:50px\" aria-hidden=\"true\" class=\"wp-block-spacer\"><\/div>\n\n\n\n<h2 class=\"wp-block-heading\">Pour en savoir plus:<\/h2>\n\n\n\n<ul class=\"wp-block-list has-sm-font-size\">\n<li>[1] Raichle, M.E., MacLeod, A.M., Snyder, A.Z., Powers, W.J., Gusnard, D.A., &amp; Shulman, G.L. (2001). Un mode de fonctionnement du cerveau par d\u00e9faut. Actes de l&rsquo;Acad\u00e9mie nationale des sciences, 98 (2), 676-682. doi: 10.1073\/pnas.98.2.676<\/li>\n\n\n\n<li>[2] Fair, D.A., Cohen, A.L., Dosenbach, N.U.F., Church, J.A., Miezin, F.M., Barch, D.M., Raichle, M.E., et al. (2008). L&rsquo;architecture mature du r\u00e9seau par d\u00e9faut du cerveau. Actes de l&rsquo;Acad\u00e9mie nationale des sciences des \u00c9tats-Unis d&rsquo;Am\u00e9rique, 105 (10), 4028-4032. doi: 10.1073\/pnas.0800376105<\/li>\n\n\n\n<li>[3] Sporns, O. (2011) R\u00e9seaux du cerveau. Ed. MIT<\/li>\n\n\n\n<li>[4] Whitfield-Gabrieli, S., Thermenos, H. W., Milanovic, S., Tsuang, M. T., Faraone, S. V., McCarley, R. W., Shenton, M. E., et al. (2009). Hyperactivit\u00e9 et hyperconnectivit\u00e9 du r\u00e9seau par d\u00e9faut dans la schizophr\u00e9nie et chez les parents au premier degr\u00e9 des personnes atteintes de schizophr\u00e9nie. Actes de l&rsquo;Acad\u00e9mie nationale des sciences, 106 (4), 1279-1284. doi: 10.1073\/pnas.0809141106<\/li>\n<\/ul>\n\n\n\n<h3 class=\"wp-block-heading\">Si vous avez aim\u00e9 cet article vous aimerez peut \u00eatre les suivants :&nbsp;<\/h3>\n\n\n<div class=\"mai-grid entries entries-grid has-boxed has-image-full\" style=\"--entry-title-font-size:var(--font-size-lg);--align-text:start;--entry-meta-text-align:start;\"><div class=\"entries-wrap has-columns\" style=\"--columns-xs:1\/1;--columns-sm:1\/1;--columns-md:1\/3;--columns-lg:1\/3;--flex-xs:0 0 var(--flex-basis);--flex-sm:0 0 var(--flex-basis);--flex-md:0 0 var(--flex-basis);--flex-lg:0 0 var(--flex-basis);--column-gap:var(--spacing-lg);--row-gap:var(--spacing-lg);--align-columns:start;\"><article class=\"entry entry-grid is-column has-entry-link has-image has-image-first type-post category-activites-de-la-vie-quotidienne category-nouveautes-neuronup tag-activites-de-stimulation-cognitive tag-activites-de-stimulation-cognitive-pour-enfants tag-adulte tag-enfants tag-remediation-cognitive\" style=\"--entry-index:1;\" aria-label=\"Nouvelles activit\u00e9s NeuronUP : entra\u00eenez les fonctions cognitives dans des situations du quotidien\" itemscope itemtype=\"https:\/\/schema.org\/CreativeWork\"><a class=\"entry-image-link\" href=\"https:\/\/neuronup.com\/fr\/nouveautes-neuronup\/nouvelles-activites-neuronup-entrainez-les-fonctions-cognitives-dans-des-situations-du-quotidien\/\" tabindex=\"-1\" aria-hidden=\"true\"><img decoding=\"async\" width=\"400\" height=\"202\" src=\"https:\/\/neuronup.com\/fr\/wp-content\/uploads\/2026\/03\/Capture-decran-2026-03-30-111842-400x202.webp\" class=\"entry-image size-landscape-sm\" alt=\"\" \/><\/a><div class=\"entry-wrap entry-wrap-grid\"><h3 class=\"entry-title\" itemprop=\"headline\"><a class=\"entry-title-link\" href=\"https:\/\/neuronup.com\/fr\/nouveautes-neuronup\/nouvelles-activites-neuronup-entrainez-les-fonctions-cognitives-dans-des-situations-du-quotidien\/\" rel=\"bookmark\">Nouvelles activit\u00e9s NeuronUP : entra\u00eenez les fonctions cognitives dans des situations du quotidien<\/a><\/h3>\n<\/div><\/article><article class=\"entry entry-grid is-column has-entry-link has-image has-image-first type-post category-activites-dattention category-activites-de-neuro-reeducation category-activites-pour-les-fonctions-cognitives tag-adulte\" style=\"--entry-index:2;\" aria-label=\"Nouvelle activit\u00e9 Attention s\u00e9lective (Adultes)\" itemscope itemtype=\"https:\/\/schema.org\/CreativeWork\"><a class=\"entry-image-link\" href=\"https:\/\/neuronup.com\/fr\/activites-de-neuro-reeducation\/nouvelle-activite-attention-selective-adultes\/\" tabindex=\"-1\" aria-hidden=\"true\"><img decoding=\"async\" width=\"253\" height=\"230\" src=\"https:\/\/neuronup.com\/fr\/wp-content\/uploads\/2026\/03\/Capture-decran-2026-03-03-160917.webp\" class=\"entry-image size-landscape-sm\" alt=\"\" \/><\/a><div class=\"entry-wrap entry-wrap-grid\"><h3 class=\"entry-title\" itemprop=\"headline\"><a class=\"entry-title-link\" href=\"https:\/\/neuronup.com\/fr\/activites-de-neuro-reeducation\/nouvelle-activite-attention-selective-adultes\/\" rel=\"bookmark\">Nouvelle activit\u00e9 Attention s\u00e9lective (Adultes)<\/a><\/h3>\n<\/div><\/article><article class=\"entry entry-grid is-column has-entry-link has-image has-image-first type-post category-activites-de-cognition-sociale tag-activites-de-stimulation-cognitive tag-cognition-sociale tag-fonctions-executives\" style=\"--entry-index:3;\" aria-label=\"La cognition sociale ou comment comprendre les personnes : exercices de cognition sociale\" itemscope itemtype=\"https:\/\/schema.org\/CreativeWork\"><a class=\"entry-image-link\" href=\"https:\/\/neuronup.com\/fr\/activites-de-neuro-reeducation\/activites-pour-les-fonctions-cognitives\/activites-de-cognition-sociale\/la-cognition-sociale-ou-comment-comprendre-les-personnes-exercices-de-cognition-sociale\/\" tabindex=\"-1\" aria-hidden=\"true\"><img decoding=\"async\" width=\"396\" height=\"300\" src=\"https:\/\/neuronup.com\/fr\/wp-content\/uploads\/2022\/06\/Reaccion-emocional-ante-situaciones.webp\" class=\"entry-image size-landscape-sm\" alt=\"R\u00e9action \u00e9motionnelle face aux situations : Exercice de cognition sociale\" srcset=\"https:\/\/neuronup.com\/fr\/wp-content\/uploads\/2022\/06\/Reaccion-emocional-ante-situaciones-300x227.webp 300w, https:\/\/neuronup.com\/fr\/wp-content\/uploads\/2022\/06\/Reaccion-emocional-ante-situaciones-768x582.webp 768w, https:\/\/neuronup.com\/fr\/wp-content\/uploads\/2022\/06\/Reaccion-emocional-ante-situaciones-1024x776.webp 1024w, https:\/\/neuronup.com\/fr\/wp-content\/uploads\/2022\/06\/Reaccion-emocional-ante-situaciones.webp 1148w\" sizes=\"(max-width:599px) 599px, (min-width:600px) and (max-width: 799px) 799px, (min-width:800px) and (max-width: 999px) 333px, (min-width:1000px) 400px\" \/><\/a><div class=\"entry-wrap entry-wrap-grid\"><h3 class=\"entry-title\" itemprop=\"headline\"><a class=\"entry-title-link\" href=\"https:\/\/neuronup.com\/fr\/activites-de-neuro-reeducation\/activites-pour-les-fonctions-cognitives\/activites-de-cognition-sociale\/la-cognition-sociale-ou-comment-comprendre-les-personnes-exercices-de-cognition-sociale\/\" rel=\"bookmark\">La cognition sociale ou comment comprendre les personnes : exercices de cognition sociale<\/a><\/h3>\n<\/div><\/article><article class=\"entry entry-grid is-column has-entry-link has-image has-image-first type-post category-activites-pour-les-enfants-ayant-des-besoins-particuliers tag-activites-de-stimulation-cognitive tag-activites-de-stimulation-cognitive-pour-enfants tag-enfants\" style=\"--entry-index:4;\" aria-label=\"7+1 activit\u00e9s pour enfants avec des besoins \u00e9ducatifs sp\u00e9ciaux\" itemscope itemtype=\"https:\/\/schema.org\/CreativeWork\"><a class=\"entry-image-link\" href=\"https:\/\/neuronup.com\/fr\/activites-de-neuro-reeducation\/activites-pour-les-enfants-ayant-des-besoins-particuliers\/71-activites-pour-enfants-a-besoins-educatifs-speciaux\/\" tabindex=\"-1\" aria-hidden=\"true\"><img decoding=\"async\" width=\"400\" height=\"298\" src=\"https:\/\/neuronup.com\/fr\/wp-content\/uploads\/2022\/07\/Prepara-la-mochila.webp\" class=\"entry-image size-landscape-sm\" alt=\"Activit\u00e9 Pr\u00e9pare le sac \u00e0 dos pour les enfants ayant des besoins \u00e9ducatifs particuliers\" srcset=\"https:\/\/neuronup.com\/fr\/wp-content\/uploads\/2022\/07\/Prepara-la-mochila-300x224.webp 300w, https:\/\/neuronup.com\/fr\/wp-content\/uploads\/2022\/07\/Prepara-la-mochila-768x572.webp 768w, https:\/\/neuronup.com\/fr\/wp-content\/uploads\/2022\/07\/Prepara-la-mochila-1024x763.webp 1024w, https:\/\/neuronup.com\/fr\/wp-content\/uploads\/2022\/07\/Prepara-la-mochila.webp 1255w\" sizes=\"(max-width:599px) 599px, (min-width:600px) and (max-width: 799px) 799px, (min-width:800px) and (max-width: 999px) 333px, (min-width:1000px) 400px\" \/><\/a><div class=\"entry-wrap entry-wrap-grid\"><h3 class=\"entry-title\" itemprop=\"headline\"><a class=\"entry-title-link\" href=\"https:\/\/neuronup.com\/fr\/activites-de-neuro-reeducation\/activites-pour-les-enfants-ayant-des-besoins-particuliers\/71-activites-pour-enfants-a-besoins-educatifs-speciaux\/\" rel=\"bookmark\">7+1 activit\u00e9s pour enfants avec des besoins \u00e9ducatifs sp\u00e9ciaux<\/a><\/h3>\n<\/div><\/article><article class=\"entry entry-grid is-column has-entry-link has-image has-image-first type-post category-activites-de-cognition-sociale tag-activites-de-stimulation-cognitive tag-activites-de-stimulation-cognitive-pour-enfants tag-cognition-sociale\" style=\"--entry-index:5;\" aria-label=\"Exercices de cognition sociale pour enfants\" itemscope itemtype=\"https:\/\/schema.org\/CreativeWork\"><a class=\"entry-image-link\" href=\"https:\/\/neuronup.com\/fr\/activites-de-neuro-reeducation\/activites-pour-les-fonctions-cognitives\/activites-de-cognition-sociale\/exercices-de-cognition-sociale-pour-enfants\/\" tabindex=\"-1\" aria-hidden=\"true\"><img decoding=\"async\" width=\"400\" height=\"273\" src=\"https:\/\/neuronup.com\/fr\/wp-content\/uploads\/2022\/08\/Que-esperan-encontrar-4-1.webp\" class=\"entry-image size-landscape-sm\" alt=\"Exercices de cognition sociale pour enfants\" srcset=\"https:\/\/neuronup.com\/fr\/wp-content\/uploads\/2022\/08\/Que-esperan-encontrar-4-1-300x205.webp 300w, https:\/\/neuronup.com\/fr\/wp-content\/uploads\/2022\/08\/Que-esperan-encontrar-4-1-768x524.webp 768w, https:\/\/neuronup.com\/fr\/wp-content\/uploads\/2022\/08\/Que-esperan-encontrar-4-1-1024x699.webp 1024w, https:\/\/neuronup.com\/fr\/wp-content\/uploads\/2022\/08\/Que-esperan-encontrar-4-1.webp 1205w\" sizes=\"(max-width:599px) 599px, (min-width:600px) and (max-width: 799px) 799px, (min-width:800px) and (max-width: 999px) 333px, (min-width:1000px) 400px\" \/><\/a><div class=\"entry-wrap entry-wrap-grid\"><h3 class=\"entry-title\" itemprop=\"headline\"><a class=\"entry-title-link\" href=\"https:\/\/neuronup.com\/fr\/activites-de-neuro-reeducation\/activites-pour-les-fonctions-cognitives\/activites-de-cognition-sociale\/exercices-de-cognition-sociale-pour-enfants\/\" rel=\"bookmark\">Exercices de cognition sociale pour enfants<\/a><\/h3>\n<\/div><\/article><article class=\"entry entry-grid is-column has-entry-link has-image has-image-first type-post category-activites-de-cognition-sociale tag-activites-de-stimulation-cognitive tag-activites-de-stimulation-cognitive-pour-enfants tag-actualites-de-neuronup tag-cognition-sociale tag-enfants tag-intelligence-emotionnelle\" style=\"--entry-index:6;\" aria-label=\"Activit\u00e9 pour identifier les \u00e9motions : Devinez le visage ?\" itemscope itemtype=\"https:\/\/schema.org\/CreativeWork\"><a class=\"entry-image-link\" href=\"https:\/\/neuronup.com\/fr\/activites-de-neuro-reeducation\/activites-pour-les-fonctions-cognitives\/activites-de-cognition-sociale\/activite-pour-identifier-les-emotions\/\" tabindex=\"-1\" aria-hidden=\"true\"><img decoding=\"async\" width=\"400\" height=\"283\" src=\"https:\/\/neuronup.com\/fr\/wp-content\/uploads\/2022\/09\/Actividad-para-identificar-emociones-de-NeuronUP-Adivinas-la-cara-1-1-1.webp\" class=\"entry-image size-landscape-sm\" alt=\"Activit\u00e9 pour identifier les \u00e9motions de NeuronUP Tu devines le visage\" srcset=\"https:\/\/neuronup.com\/fr\/wp-content\/uploads\/2022\/09\/Actividad-para-identificar-emociones-de-NeuronUP-Adivinas-la-cara-1-1-1-300x212.webp 300w, https:\/\/neuronup.com\/fr\/wp-content\/uploads\/2022\/09\/Actividad-para-identificar-emociones-de-NeuronUP-Adivinas-la-cara-1-1-1-768x543.webp 768w, https:\/\/neuronup.com\/fr\/wp-content\/uploads\/2022\/09\/Actividad-para-identificar-emociones-de-NeuronUP-Adivinas-la-cara-1-1-1-1024x724.webp 1024w, https:\/\/neuronup.com\/fr\/wp-content\/uploads\/2022\/09\/Actividad-para-identificar-emociones-de-NeuronUP-Adivinas-la-cara-1-1-1.webp 1200w\" sizes=\"(max-width:599px) 599px, (min-width:600px) and (max-width: 799px) 799px, (min-width:800px) and (max-width: 999px) 333px, (min-width:1000px) 400px\" \/><\/a><div class=\"entry-wrap entry-wrap-grid\"><h3 class=\"entry-title\" itemprop=\"headline\"><a class=\"entry-title-link\" href=\"https:\/\/neuronup.com\/fr\/activites-de-neuro-reeducation\/activites-pour-les-fonctions-cognitives\/activites-de-cognition-sociale\/activite-pour-identifier-les-emotions\/\" rel=\"bookmark\">Activit\u00e9 pour identifier les \u00e9motions : Devinez le visage ?<\/a><\/h3>\n<\/div><\/article><article class=\"entry entry-grid is-column has-entry-link type-post category-activites-de-la-memoire category-activites-de-neuro-reeducation category-activites-pour-les-fonctions-cognitives tag-adulte\" style=\"--entry-index:7;\" aria-label=\"Nouvelle activit\u00e9 au format papier pour travailler le calcul chez l\u2019adulte : Sommes\" itemscope itemtype=\"https:\/\/schema.org\/CreativeWork\"><div class=\"entry-wrap entry-wrap-grid\"><h3 class=\"entry-title\" itemprop=\"headline\"><a class=\"entry-title-link\" href=\"https:\/\/neuronup.com\/fr\/activites-de-neuro-reeducation\/nouvelle-activite-au-format-papier-pour-travailler-le-calcul-chez-ladulte-sommes\/\" rel=\"bookmark\">Nouvelle activit\u00e9 au format papier pour travailler le calcul chez l\u2019adulte : Sommes<\/a><\/h3>\n<\/div><\/article><article class=\"entry entry-grid is-column has-entry-link has-image has-image-first type-post category-activites-de-cognition-sociale tag-activites-de-stimulation-cognitive tag-activites-de-stimulation-cognitive-pour-enfants tag-actualites-de-neuronup tag-cognition-sociale tag-enfants tag-intelligence-emotionnelle\" style=\"--entry-index:8;\" aria-label=\"Fiche pour travailler l&#8217;intelligence \u00e9motionnelle avec des enfants : quelle photo correspond \u00e0 chaque mot ?\" itemscope itemtype=\"https:\/\/schema.org\/CreativeWork\"><a class=\"entry-image-link\" href=\"https:\/\/neuronup.com\/fr\/activites-de-neuro-reeducation\/activites-pour-les-fonctions-cognitives\/activites-de-cognition-sociale\/fiche-pour-travailler-lintelligence-emotionnelle-avec-les-enfants\/\" tabindex=\"-1\" aria-hidden=\"true\"><img decoding=\"async\" width=\"400\" height=\"269\" src=\"https:\/\/neuronup.com\/fr\/wp-content\/uploads\/2022\/05\/que-foto-va-con-cada-palabra-1.webp\" class=\"entry-image size-landscape-sm\" alt=\"Fiche pour travailler l&#039;intelligence \u00e9motionnelle quelle photo va avec chaque mot\" srcset=\"https:\/\/neuronup.com\/fr\/wp-content\/uploads\/2022\/05\/que-foto-va-con-cada-palabra-1-300x202.webp 300w, https:\/\/neuronup.com\/fr\/wp-content\/uploads\/2022\/05\/que-foto-va-con-cada-palabra-1-768x517.webp 768w, https:\/\/neuronup.com\/fr\/wp-content\/uploads\/2022\/05\/que-foto-va-con-cada-palabra-1-1024x689.webp 1024w, https:\/\/neuronup.com\/fr\/wp-content\/uploads\/2022\/05\/que-foto-va-con-cada-palabra-1.webp 1200w\" sizes=\"(max-width:599px) 599px, (min-width:600px) and (max-width: 799px) 799px, (min-width:800px) and (max-width: 999px) 333px, (min-width:1000px) 400px\" \/><\/a><div class=\"entry-wrap entry-wrap-grid\"><h3 class=\"entry-title\" itemprop=\"headline\"><a class=\"entry-title-link\" href=\"https:\/\/neuronup.com\/fr\/activites-de-neuro-reeducation\/activites-pour-les-fonctions-cognitives\/activites-de-cognition-sociale\/fiche-pour-travailler-lintelligence-emotionnelle-avec-les-enfants\/\" rel=\"bookmark\">Fiche pour travailler l&#8217;intelligence \u00e9motionnelle avec des enfants : quelle photo correspond \u00e0 chaque mot ?<\/a><\/h3>\n<\/div><\/article><article class=\"entry entry-grid is-column has-entry-link has-image has-image-first type-post category-activites-dattention tag-activites-de-stimulation-cognitive tag-actualites-de-neuronup tag-attention\" style=\"--entry-index:9;\" aria-label=\"Nouveau g\u00e9n\u00e9rateur pour copier le contenu d&#8217;un tableau dans un autre\" itemscope itemtype=\"https:\/\/schema.org\/CreativeWork\"><a class=\"entry-image-link\" href=\"https:\/\/neuronup.com\/fr\/activites-de-neuro-reeducation\/activites-pour-les-fonctions-cognitives\/activites-dattention\/nouveau-generateur-pour-copier-le-contenu-dune-matrice-a-une-autre\/\" tabindex=\"-1\" aria-hidden=\"true\"><img decoding=\"async\" width=\"400\" height=\"267\" src=\"https:\/\/neuronup.com\/fr\/wp-content\/uploads\/2022\/09\/copiar-el-contenido-de-una-matriz-2-1.webp\" class=\"entry-image size-landscape-sm\" alt=\"Nouveau g\u00e9n\u00e9rateur pour copier le contenu d&#039;une matrice \u00e0 une autre\" srcset=\"https:\/\/neuronup.com\/fr\/wp-content\/uploads\/2022\/09\/copiar-el-contenido-de-una-matriz-2-1-300x201.webp 300w, https:\/\/neuronup.com\/fr\/wp-content\/uploads\/2022\/09\/copiar-el-contenido-de-una-matriz-2-1-768x513.webp 768w, https:\/\/neuronup.com\/fr\/wp-content\/uploads\/2022\/09\/copiar-el-contenido-de-una-matriz-2-1-1024x684.webp 1024w, https:\/\/neuronup.com\/fr\/wp-content\/uploads\/2022\/09\/copiar-el-contenido-de-una-matriz-2-1.webp 1200w\" sizes=\"(max-width:599px) 599px, (min-width:600px) and (max-width: 799px) 799px, (min-width:800px) and (max-width: 999px) 333px, (min-width:1000px) 400px\" \/><\/a><div class=\"entry-wrap entry-wrap-grid\"><h3 class=\"entry-title\" itemprop=\"headline\"><a class=\"entry-title-link\" href=\"https:\/\/neuronup.com\/fr\/activites-de-neuro-reeducation\/activites-pour-les-fonctions-cognitives\/activites-dattention\/nouveau-generateur-pour-copier-le-contenu-dune-matrice-a-une-autre\/\" rel=\"bookmark\">Nouveau g\u00e9n\u00e9rateur pour copier le contenu d&#8217;un tableau dans un autre<\/a><\/h3>\n<\/div><\/article><\/div><\/div>","protected":false},"excerpt":{"rendered":"<p>Le r\u00e9seau en mode par d\u00e9faut \u00ab\u00a0Default Mode Network\u00a0\u00bb&nbsp;(DMN) peut \u00eatre d\u00e9fini comme une&nbsp;base d&rsquo;activit\u00e9 neuronale&nbsp;[1] qui se produit lorsque le sujet a des pens\u00e9es qui ne sont pas dirig\u00e9es vers un objectif. Il a \u00e9t\u00e9 d\u00e9couvert \u00e0 partir du&nbsp;degr\u00e9 de variation de la consommation d&rsquo;oxyg\u00e8ne&nbsp;dans un certain nombre de zones du cerveau, qui \u00e9taient &hellip;<\/p>\n","protected":false},"author":322,"featured_media":36159,"comment_status":"open","ping_status":"closed","sticky":false,"template":"","format":"standard","meta":{"_acf_changed":false,"_genesis_hide_title":false,"_genesis_hide_breadcrumbs":false,"_genesis_hide_singular_image":false,"_genesis_hide_footer_widgets":false,"_genesis_custom_body_class":"","_genesis_custom_post_class":"","_genesis_layout":"","footnotes":""},"categories":[1042],"tags":[657,661],"class_list":{"2":"type-post","7":"category-lignes-de-recherche","8":"tag-cerveau","9":"tag-publication-scientifique","10":"entry"},"acf":[],"_links":{"self":[{"href":"https:\/\/neuronup.com\/fr\/wp-json\/wp\/v2\/posts\/5426","targetHints":{"allow":["GET"]}}],"collection":[{"href":"https:\/\/neuronup.com\/fr\/wp-json\/wp\/v2\/posts"}],"about":[{"href":"https:\/\/neuronup.com\/fr\/wp-json\/wp\/v2\/types\/post"}],"author":[{"embeddable":true,"href":"https:\/\/neuronup.com\/fr\/wp-json\/wp\/v2\/users\/322"}],"replies":[{"embeddable":true,"href":"https:\/\/neuronup.com\/fr\/wp-json\/wp\/v2\/comments?post=5426"}],"version-history":[{"count":0,"href":"https:\/\/neuronup.com\/fr\/wp-json\/wp\/v2\/posts\/5426\/revisions"}],"wp:featuredmedia":[{"embeddable":true,"href":"https:\/\/neuronup.com\/fr\/wp-json\/wp\/v2\/media\/36159"}],"wp:attachment":[{"href":"https:\/\/neuronup.com\/fr\/wp-json\/wp\/v2\/media?parent=5426"}],"wp:term":[{"taxonomy":"category","embeddable":true,"href":"https:\/\/neuronup.com\/fr\/wp-json\/wp\/v2\/categories?post=5426"},{"taxonomy":"post_tag","embeddable":true,"href":"https:\/\/neuronup.com\/fr\/wp-json\/wp\/v2\/tags?post=5426"}],"curies":[{"name":"wp","href":"https:\/\/api.w.org\/{rel}","templated":true}]}}