{"id":5418,"date":"2021-08-05T11:33:03","date_gmt":"2021-08-05T11:33:03","guid":{"rendered":"https:\/\/neuronup.com\/fr\/?p=5418"},"modified":"2025-06-02T12:12:50","modified_gmt":"2025-06-02T10:12:50","slug":"breves-exposition-des-bases-anatomiques-de-lattention","status":"publish","type":"post","link":"https:\/\/neuronup.com\/fr\/investigation\/lignes-de-recherche\/breves-exposition-des-bases-anatomiques-de-lattention\/","title":{"rendered":"Br\u00e8ves exposition des bases anatomiques de l&#8217;attention"},"content":{"rendered":"\n<p>Nous allons pr\u00e9senter une br\u00e8ve&nbsp;<strong>base anatomique de l&rsquo;attention<\/strong>. Ceci sans rechercher une exhaustivit\u00e9 bibliographique ou th\u00e9orique du concept, juste un bref expos\u00e9 des principaux n\u0153uds qui interviennent dans le processus attentionnel, et comment ils le font. Nous partirons du&nbsp;<strong>mod\u00e8le Posner<\/strong>&nbsp;(qui est le plus largement accept\u00e9) pour le mettre en \u0153uvre avec les recherches actuelles.<\/p>\n\n\n\n<p>L&rsquo;attention est \u00ab&nbsp;la s\u00e9lection d&rsquo;informations pour un traitement et une action conscients, ainsi que le maintien de la vigilance requise pour un traitement attentif&nbsp;\u00bb (Posner &amp; Bourke, 1999).<\/p>\n\n\n\n<h2 class=\"wp-block-heading\">Concepts fondamentaux des soins<\/h2>\n\n\n\n<p>Posner (1995) signale trois concepts fondamentaux de l&rsquo;attention.<\/p>\n\n\n\n<ol class=\"wp-block-list\">\n<li><strong>L&rsquo;attention ne traite pas l&rsquo;information<\/strong>&nbsp;; il rend simplement un tel traitement possible ou inhibe. L&rsquo;attention peut \u00eatre anatomiquement diff\u00e9renci\u00e9e des syst\u00e8mes de traitement de l&rsquo;information.<\/li>\n\n\n\n<li><strong>L&rsquo;attention est bas\u00e9e sur des r\u00e9seaux anatomiques<\/strong>, elle n&rsquo;appartient pas \u00e0 une zone sp\u00e9cifique du cerveau et n&rsquo;en est pas non plus un produit global.<\/li>\n\n\n\n<li>Les zones c\u00e9r\u00e9brales impliqu\u00e9es dans l&rsquo;attention n&rsquo;ont&nbsp;<strong>pas la m\u00eame fonction<\/strong>, mais diff\u00e9rentes fonctions sont support\u00e9es par diff\u00e9rentes zones. Ce n&rsquo;est pas une fonction unitaire.<\/li>\n<\/ol>\n\n\n\n<p>Ceci est tr\u00e8s important car cela permet de&nbsp;<strong>diff\u00e9rencier le syst\u00e8me de traitement attentionnel du syst\u00e8me de traitement perceptif,<\/strong>&nbsp;ou autres, ce qui est tr\u00e8s pertinent du point de vue \u00e9valuatif. L&rsquo;attention a donc deux fonctions principales : maintenir la&nbsp;<strong>vigilance<\/strong>&nbsp;(SURVEILLANCE) et&nbsp;<strong>s\u00e9lectionner<\/strong>&nbsp;les informations auxquelles les ressources doivent \u00eatre d\u00e9di\u00e9es (SUIVI ET CONTR\u00d4LE). S\u00e9lectionnez les m\u00e9canismes et les informations \u00e0 manipuler. Le syst\u00e8me d&rsquo;attention a une capacit\u00e9 limit\u00e9e, vous devez donc s\u00e9lectionner le type d&rsquo;informations pertinentes.<\/p>\n\n\n\n<h2 class=\"wp-block-heading\">Syst\u00e8mes attentionnels<\/h2>\n\n\n\n<p>Posner distingue trois syst\u00e8mes d&rsquo;attention :<\/p>\n\n\n\n<ul class=\"wp-block-list\">\n<li><strong>Syst\u00e8me r\u00e9ticulaire ascendant :<\/strong>&nbsp;En charge des t\u00e2ches de tonicit\u00e9, de r\u00e9gulation des \u00e9tats de veille et de l&rsquo;\u00e9tat autonome pour le fonctionnement. Leurs noyaux principaux se trouvent dans le tronc c\u00e9r\u00e9bral, bien que leurs r\u00e9seaux s&rsquo;\u00e9tendent par des voies ascendantes dans tout le cerveau. Son principal neurotransmetteur est la noradr\u00e9naline (NE). Les principales entr\u00e9es NE du locus coeruleus sont l&rsquo;aire pari\u00e9tale, le noyau pulvinaire du thalamus et les colliculi, c&rsquo;est-\u00e0-dire les aires qui forment le r\u00e9seau attentionnel post\u00e9rieur.<\/li>\n\n\n\n<li><strong>Syst\u00e8me attentionnel post\u00e9rieur :<\/strong>&nbsp;Ce r\u00e9seau est li\u00e9 \u00e0 l&rsquo;orientation visuo-spatiale de l&rsquo;attention, c&rsquo;est pourquoi il a \u00e9galement \u00e9t\u00e9 appel\u00e9 r\u00e9seau d&rsquo;orientation. Le terme orientation fait r\u00e9f\u00e9rence \u00e0 l&rsquo;alignement manifeste (organes sensoriels) ou cach\u00e9 (attention) avec une source d&rsquo;informations sensorielles ou avec un contenu de m\u00e9moire. L&rsquo;orientation peut \u00eatre exog\u00e8ne ou r\u00e9pondre \u00e0 des \u00e9l\u00e9ments internes.<\/li>\n\n\n\n<li><strong>Syst\u00e8me attentionnel ant\u00e9rieur :<\/strong>&nbsp;Il r\u00e9alise des fonctions de s\u00e9lection et de discrimination, de stimulation et de d\u00e9tection d&rsquo;erreurs.<\/li>\n<\/ul>\n\n\n\n<p>L&rsquo;activit\u00e9 des syst\u00e8mes n&rsquo;est pas ind\u00e9pendante en elle-m\u00eame, mais d\u00e9pend des exigences attentionnelles de la t\u00e2che.<\/p>\n\n\n\n<h2 class=\"wp-block-heading\">Syst\u00e8me attentionnel dans la th\u00e9orie de Posner<\/h2>\n\n\n\n<p>Pour Benedet (2002), le syst\u00e8me attentionnel dans la th\u00e9orie de Posner implique :<\/p>\n\n\n\n<ol class=\"wp-block-list\">\n<li>Maintenir la&nbsp;<strong>vigilance<\/strong>&nbsp;n\u00e9cessaire en tout temps.<\/li>\n\n\n\n<li>D\u00e9tectez les changements de stimulus peu fr\u00e9quents (<strong>vigilance<\/strong>).<\/li>\n\n\n\n<li>S\u00e9lectionnez les informations pertinentes (<strong>attention s\u00e9lective<\/strong>) et inhibez les informations non pertinentes (<strong>r\u00e9sistance \u00e0 la distraction<\/strong>).<\/li>\n\n\n\n<li>Maintenir cette fonction s\u00e9lective lors de l&rsquo;ex\u00e9cution d&rsquo;une activit\u00e9 ou d&rsquo;une t\u00e2che d&rsquo;une certaine dur\u00e9e (<strong>attention soutenue<\/strong>),<\/li>\n\n\n\n<li>\u00c9valuer l&rsquo;\u00e9tat du syst\u00e8me en tout temps (<strong>surveillance<\/strong>);<\/li>\n\n\n\n<li>R\u00e9partir de mani\u00e8re optimale les ressources entre les diff\u00e9rentes repr\u00e9sentations et op\u00e9rations activ\u00e9es (<strong>attention distribu\u00e9e<\/strong>).<\/li>\n<\/ol>\n\n\n\n<div style=\"height:50px\" aria-hidden=\"true\" class=\"wp-block-spacer\"><\/div>\n\n\n\n<aside class=\"wp-block-group br-1010 has-primary-background-color has-background has-dark-background has-sm-padding-top has-sm-padding-bottom has-sm-padding-left has-sm-padding-right\"><div class=\"wp-block-group__inner-container is-layout-constrained wp-block-group-is-layout-constrained\">\n<div class=\"wp-block-columns are-vertically-aligned-center is-layout-flex wp-container-core-columns-is-layout-9d6595d7 wp-block-columns-is-layout-flex\">\n<div class=\"wp-block-column is-vertically-aligned-center has-white-color has-text-color has-link-color wp-elements-9f6f983844799d08e381206fa0a799e3 is-layout-flow wp-block-column-is-layout-flow\" style=\"flex-basis:60%\">\n<p>Obtenez 10 activit\u00e9s gratuites pour travailler l&rsquo;attention soutenue avec vos patients<\/p>\n<\/div>\n\n\n\n<div class=\"wp-block-column is-vertically-aligned-center is-layout-flow wp-block-column-is-layout-flow\" style=\"flex-basis:40%\">\n<div class=\"wp-block-buttons is-content-justification-center is-layout-flex wp-container-core-buttons-is-layout-16018d1d wp-block-buttons-is-layout-flex\">\n<div class=\"wp-block-button\" style=\"--button-secondary-color:var(--color-white);--button-secondary-background:var(--color-custom-1);--button-secondary-background-hover:#cc7e00;\"><a class=\"wp-block-button__link button button-secondary     has-link-color wp-element-button\" href=\"https:\/\/neuronup.com\/redirect\/?target=typeform\/attention10?utm_first_source=Web&#038;utm_first_campaign_name=Worksheets_attention\">Obtenir gratuitement<\/a><\/div>\n\n<\/div>\n<\/div>\n<\/div>\n<\/div><\/aside>\n\n\n\n\n<div style=\"height:50px\" aria-hidden=\"true\" class=\"wp-block-spacer\"><\/div>\n\n\n\n<h2 class=\"wp-block-heading\">Am\u00e9liorer le mod\u00e8le Posner<\/h2>\n\n\n\n<p>Certains auteurs, bien qu&rsquo;en partie d&rsquo;accord avec Posner, mettent en \u0153uvre son mod\u00e8le attentionnel. Dosenbach, Fair, Cohen, Schlaggar &amp; Petersen (2008) disent que dans l&rsquo;\u00e9tude de l&rsquo;attention et surtout du r\u00e9seau de contr\u00f4le attentionnel, il existe&nbsp;<strong>diff\u00e9rentes m\u00e9thodes d&rsquo;analyse<\/strong>&nbsp;pour tirer des conclusions sur la&nbsp;<strong>connectivit\u00e9 des r\u00e9seaux attentionnels<\/strong>. Ces m\u00e9thodes limitent la port\u00e9e des conclusions, qu&rsquo;elles soient utilis\u00e9es s\u00e9par\u00e9ment ou ensemble.<\/p>\n\n\n\n<p>Ils ne nient pas la proposition initiale de Posner, puisqu&rsquo;il existe une s\u00e9rie de r\u00e9seaux attentionnels avec des finalit\u00e9s diff\u00e9rentes ; bien que leurs r\u00e9sultats soutiennent une&nbsp;<strong>red\u00e9finition du syst\u00e8me de contr\u00f4le attentionnel<\/strong>. Pour cela, Dosenbach et al. (2008) r\u00e9alise une \u00e9tude des ph\u00e9nom\u00e8nes descendants \u00e0 travers une combinaison de diff\u00e9rentes techniques, dans un cadre th\u00e9orique qui s&rsquo;appuie sur la&nbsp;<strong>th\u00e9orie des syst\u00e8mes complexes.<\/strong><\/p>\n\n\n\n<p>Cette th\u00e9orie propose qu&rsquo;il existe une&nbsp;<strong>s\u00e9rie de n\u0153uds dans le syst\u00e8me nerveux central<\/strong>&nbsp;qui sont interconnect\u00e9s de mani\u00e8re efficace, de telle sorte qu&rsquo;ils produisent des architectures neuronales de \u00abpetit monde\u00bb, dans lesquelles les n\u0153uds du syst\u00e8me ne sont&nbsp;<strong>ni al\u00e9atoires ni r\u00e9guliers.<\/strong><\/p>\n\n\n\n<p>Premi\u00e8rement, ils proposent une&nbsp;<strong>conception mixte<\/strong>&nbsp;li\u00e9e aux blocs et aux \u00e9v\u00e9nements, ce qui fournit une mesure beaucoup plus pr\u00e9cise des divers&nbsp;<strong>processus de surveillance<\/strong>&nbsp;: initiation du contr\u00f4le attentionnel, maintien de l&rsquo;ensemble cognitif et d\u00e9tection d&rsquo;erreurs. De cette fa\u00e7on, l&rsquo;analyse des activations en r\u00e9sonance est beaucoup plus fine, puisqu&rsquo;elle d\u00e9couple les activations dans diff\u00e9rentes situations exp\u00e9rimentales.<\/p>\n\n\n\n<h3 class=\"wp-block-heading\">R\u00e9seaux d&rsquo;activation cognitive<\/h3>\n\n\n\n<p>Les r\u00e9sultats sugg\u00e8rent&nbsp;<strong>deux r\u00e9seaux d&rsquo;activation cognitive<\/strong>&nbsp;: un r\u00e9seau en \u00e9tat de repos et un r\u00e9seau d&rsquo;activation cognitive. Cette proposition a \u00e9t\u00e9 faite par Dosenbach lui-m\u00eame, mais aussi par d&rsquo;autres auteurs (Raichle et al., 2001 ; Corbetta et al., 2008), qui ont r\u00e9alis\u00e9 une analyse de ces deux r\u00e9seaux. Comme nous l&rsquo;avons dit dans un autre article, il semble que dans certains cas, ils pr\u00e9sentent une relation inverse d&rsquo;activation :&nbsp;<strong>plus l&rsquo;activit\u00e9 du r\u00e9seau ex\u00e9cutif est grande, moins l&rsquo;activit\u00e9 du r\u00e9seau au repos est importante.<\/strong><\/p>\n\n\n\n<p>Dosenbach et al. (2008) utilisent d&rsquo;autres m\u00e9thodes qui permettent, \u00e0 partir du mod\u00e8le des syst\u00e8mes complexes, d&rsquo;analyser la dynamique des r\u00e9seaux de contr\u00f4le attentionnel. En premier lieu, la th\u00e9orie des graphes, une branche des math\u00e9matiques qui permet d&rsquo;<strong>\u00e9tablir des analyses entre r\u00e9seaux ou n\u0153uds de r\u00e9seaux diff\u00e9rents<\/strong>. Dans le cas des neurosciences et de la neuropsychologie, cette th\u00e9orie des graphes est appliqu\u00e9e dans deux types de donn\u00e9es : les ROIs (regions of interest, en anglais), qui fonctionneraient comme les n\u0153uds, et les corr\u00e9lations dans le sch\u00e9ma d&rsquo;activation des diff\u00e9rentes ROIs.<\/p>\n\n\n\n<p>D&rsquo;autre part, ils analysent la<strong>&nbsp;directionnalit\u00e9 des corr\u00e9lations<\/strong>&nbsp;dans le sch\u00e9ma d&rsquo;activation des ROI en imagerie par r\u00e9sonance magn\u00e9tique \u00e0 l&rsquo;aide d&rsquo;une technique connue sous le nom de&nbsp;<strong>PPI<\/strong>&nbsp;(analyse d&rsquo;interaction psychophysiologique). Cette technique examine la relation sp\u00e9cifique d\u00e9pendante du contexte dans les deux n\u0153uds sur une base d&rsquo;acquisition entre diff\u00e9rents essais. Ensemble, ces donn\u00e9es fournissent une distribution et une d\u00e9finition plus sp\u00e9cifiques du ou des r\u00e9seaux de contr\u00f4le.<\/p>\n\n\n\n<h3 class=\"wp-block-heading\">Les exp\u00e9riences de Dosenbach analysent les domaines qui supportent trois types de fonctions :<\/h3>\n\n\n\n<ul class=\"wp-block-list\">\n<li><strong>Changement d&rsquo;ensemble ou maintien<\/strong>&nbsp;-attention au signal-, qui implique l&rsquo;insula ant\u00e9rieure, l&rsquo;ACC dorsale et le cortex pr\u00e9frontal ant\u00e9rieur ;<\/li>\n\n\n\n<li><strong>Ajustement et r\u00e9troaction<\/strong>, impliquant le cortex pr\u00e9frontal dorsolat\u00e9ral et le lobe pari\u00e9tal inf\u00e9rieur ; et<\/li>\n\n\n\n<li>I<strong>nitiation du contr\u00f4le cognitif<\/strong>, qui implique le sillon intrapari\u00e9tal et le cortex frontal dorsal.<\/li>\n<\/ul>\n\n\n\n<p>En plus des m\u00e9thodes d&rsquo;analyse des relations, elle cherche \u00e9galement \u00e0 \u00e9tablir l&rsquo;ind\u00e9pendance des syst\u00e8mes, pour laquelle une analyse de composants ind\u00e9pendants est r\u00e9alis\u00e9e.<\/p>\n\n\n\n<h2 class=\"wp-block-heading\">R\u00e9seaux fronto-pari\u00e9tal et cingulo-operculaire<\/h2>\n\n\n\n<p>Les r\u00e9sultats de Dosenbach et al. (2008) montrent une&nbsp;<strong>distribution quelque peu diff\u00e9rente et plus complexe<\/strong>&nbsp;que celle de Posner. Il existe deux r\u00e9seaux de contr\u00f4le attentionnel, l&rsquo;un&nbsp;<strong>fronto-pari\u00e9tal<\/strong>&nbsp;et l&rsquo;autre&nbsp;<strong>cingulo-operculaire<\/strong>. Les deux sont unis par une structure qui, ces derni\u00e8res ann\u00e9es, a commenc\u00e9 \u00e0 prendre du poids dans la recherche en tant que processeur cognitif complexe :&nbsp;<strong>le cervelet<\/strong>.<\/p>\n\n\n\n<p>Le r\u00e9seau fronto-pari\u00e9tal est constitu\u00e9 du cortex pr\u00e9frontal dorsolat\u00e9ral, du lobe pari\u00e9tal inf\u00e9rieur, du cortex frontal dorsal, du sillon intrapari\u00e9tal, du pr\u00e9cuneus et du cortex cingulaire m\u00e9dial. Sa fonction principale est d&rsquo;<strong>initier et d&rsquo;ajuster le contr\u00f4le cognitif<\/strong>, en r\u00e9pondant diff\u00e9remment en fonction du retour qu&rsquo;il re\u00e7oit de l&rsquo;ex\u00e9cution &#8211; correct vs erron\u00e9.<\/p>\n\n\n\n<p>D&rsquo;autre part, le r\u00e9seau cingulo-operculaire est form\u00e9 par le cortex pr\u00e9frontal ant\u00e9rieur, l&rsquo;insula ant\u00e9rieure, le CCA dorsal et le thalamus. Sa fonction principale est de&nbsp;<strong>maintenir l&rsquo;ensemble cognitif stable<\/strong>&nbsp;pendant les t\u00e2ches.<\/p>\n\n\n\n<h2 class=\"wp-block-heading\">Cervelet<\/h2>\n\n\n\n<p>Quelle est la fonction du cervelet et pourquoi pr\u00e9sente-t-il une activit\u00e9 importante ? Certains auteurs (Allen, Buxton, Wong et Courchesne ; 1997) ont propos\u00e9 que le cervelet est un&nbsp;<strong>centre fondamental<\/strong>&nbsp;pour&nbsp;<strong>pr\u00e9dire et pr\u00e9parer<\/strong>&nbsp;une acquisition imminente d&rsquo;information, d&rsquo;analyse ou d&rsquo;action. Dans ce double r\u00e9seau de contr\u00f4le, le cervelet fonctionne comme une \u00ab station de passage \u00bb entre le thalamus (cingulo-operculaire) et le pr\u00e9cuneus, le cortex pari\u00e9tal inf\u00e9rieur et le cortex pr\u00e9frontal dorsolat\u00e9ral (fronto-pari\u00e9tal), agissant comme un&nbsp;<strong>m\u00e9canisme d&rsquo;analyse des erreurs<\/strong>&nbsp;et qui se connecte avec des domaines qui d\u00e9tectent et adoptent des strat\u00e9gies face \u00e0 l&rsquo;erreur.<\/p>\n\n\n\n<p>Extrait de : http:\/\/scienceblogs.com\/developingintelligence\/2010\/09\/15\/machines-learn-how-humans-lear\/<\/p>\n\n\n\n<p>La principale vertu du mod\u00e8le propos\u00e9 par le groupe de Dosenbach est que ce traitement est effectu\u00e9 en parall\u00e8le, avec deux r\u00e9seaux de neurones qui traitent les informations pertinentes \u00e0 la t\u00e2che mais dont le contr\u00f4le descendant est diff\u00e9rent.<\/p>\n\n\n\n<h3 class=\"wp-block-heading\">Fonctionnement&nbsp;<\/h3>\n\n\n\n<p>D&rsquo;une part, le r\u00e9seau fronto-pari\u00e9tal traiterait les informations pertinentes pour le&nbsp;<strong>contr\u00f4le adaptatif,<\/strong>&nbsp;en gardant activement \u00e0 l&rsquo;esprit les informations pertinentes dans la t\u00e2che d&rsquo;un nombre limit\u00e9 d&rsquo;essais, afin de mettre en \u0153uvre un&nbsp;<strong>contr\u00f4le rapide des r\u00e9glages de param\u00e8tres<\/strong>&nbsp;[priorit\u00e9] lorsqu&rsquo;une erreur est d\u00e9tect\u00e9. Alors que le&nbsp;<strong>r\u00e9seau cingulo-operculaire<\/strong>, qui implique le maintien de l&rsquo;ensemble cognitif, implique une activit\u00e9 soutenue tout au long des diff\u00e9rents essais, qui d\u00e9tecte l&rsquo;erreur dans un premier temps, mais ne produit pas de changement dans param\u00e8tres dans l&rsquo;ex\u00e9cution de la t\u00e2che.<\/p>\n\n\n\n<p>Ce r\u00e9sultat est conforme \u00e0 la proposition de Corbetta et Shulman (2002) et de Corbetta et al. (2008), qui \u00e9tablissent un&nbsp;<strong>double r\u00e9seau d&rsquo;ex\u00e9cution attentionnelle<\/strong>&nbsp;: un ventral, charg\u00e9 de d\u00e9tecter la saillance des stimuli environnementaux, et un dorsal qui s&rsquo;active dans les t\u00e2ches d&rsquo;attention focalis\u00e9e de dur\u00e9e prolong\u00e9e, et qui agit \u00e9galement guid\u00e9 par le toile ventrale.<\/p>\n\n\n\n<p>Cependant, les deux r\u00e9seaux ne sont pas directement li\u00e9s, mais sont li\u00e9s par le cortex pr\u00e9frontal. Dans le cas de Dosenbach et de son groupe, on pourrait partiellement extrapoler le r\u00e9seau de contr\u00f4le fronto-pari\u00e9tal aux structures du r\u00e9seau de soins dorsaux, tandis que l&rsquo;on pourrait faire une analogie entre la d\u00e9tection de saillance environnementale (ventrale) et la d\u00e9tection d&rsquo;une erreur lors de la ex\u00e9cution d&rsquo;une t\u00e2che.<\/p>\n\n\n\n<div style=\"height:50px\" aria-hidden=\"true\" class=\"wp-block-spacer\"><\/div>\n\n\n\n<div class=\"wp-block-group br-0111 has-primary-background-color has-background has-dark-background has-sm-padding-top has-sm-padding-left has-sm-padding-right has-xxl-margin-top\"><div class=\"wp-block-group__inner-container is-layout-constrained wp-block-group-is-layout-constrained\">\n<div class=\"wp-block-columns is-layout-flex wp-container-core-columns-is-layout-9d6595d7 wp-block-columns-is-layout-flex\">\n<div class=\"wp-block-column is-layout-flow wp-block-column-is-layout-flow\">\n<figure class=\"wp-block-image size-full desktop-position-absolute desktop-bottom-0 mobile-width-50 mobile-m-inline-auto has-xl-margin-top\"><img decoding=\"async\" width=\"292\" height=\"338\" src=\"https:\/\/neuronup.com\/fr\/wp-content\/uploads\/2024\/10\/certificat-produit.webp\" alt=\"\" class=\"wp-image-31568\" srcset=\"https:\/\/neuronup.com\/fr\/wp-content\/uploads\/2024\/10\/certificat-produit-259x300.webp 259w, https:\/\/neuronup.com\/fr\/wp-content\/uploads\/2024\/10\/certificat-produit.webp 292w\" sizes=\"(max-width: 292px) 100vw, 292px\" \/><\/figure>\n<\/div>\n\n\n\n<div class=\"wp-block-column is-layout-flow wp-block-column-is-layout-flow\">\n<h2 class=\"wp-block-heading has-white-color has-text-color\"><strong>Abonnez-vous<\/strong> <br>\u00e0 notre <br>Newsletter<\/h2>\n\n\n\n<div class=\"wp-block-buttons is-layout-flex wp-block-buttons-is-layout-flex\">\n<div class=\"wp-block-button--1\" style=\"--button-outline-color:var(--color-white);--button-outline-color-hover:rgba(0,0,0,0.8);\"><a class=\"wp-block-button__link button button-outline   wp-element-button\" href=\"https:\/\/neuronup.com\/fr\/newsletter\/\">Abonnez-vous<\/a><\/div>\n\n<\/div>\n\n\n\n<div style=\"height:40px\" aria-hidden=\"true\" class=\"wp-block-spacer\"><\/div>\n<\/div>\n<\/div>\n<\/div><\/div>\n\n\n\n\n<div style=\"height:50px\" aria-hidden=\"true\" class=\"wp-block-spacer\"><\/div>\n\n\n\n<h2 class=\"wp-block-heading\">Conclusion<\/h2>\n\n\n\n<p>Le&nbsp;<strong>mod\u00e8le de Posner<\/strong>&nbsp;qui inclut le&nbsp;<strong>CCA<\/strong>&nbsp;dans le cadre d&rsquo;un syst\u00e8me de<strong>&nbsp;contr\u00f4le attentionnel<\/strong>&nbsp;n&rsquo;\u00e9tait pas tout \u00e0 fait complet, et les mod\u00e8les de Dosenbach et Corbetta l&rsquo;impl\u00e9mentent, proposant des syst\u00e8mes plus complexes, qui impliquent une&nbsp;<strong>plus grande interrelation entre les r\u00e9seaux<\/strong>&nbsp;\u00e0 grande \u00e9chelle dans un architecture du \u00ab petit monde \u00bb, et contr\u00f4le attentionnel qui ne d\u00e9pend pas presque exclusivement de la structure pr\u00e9frontale.<\/p>\n\n\n\n<p>En ce sens, le<strong>&nbsp;CCA<\/strong>&nbsp;et surtout le&nbsp;<strong>CCA dorsal<\/strong>, appara\u00eet comme un n\u0153ud de traitement qui prend du poids par rapport aux structures pr\u00e9frontales en tant que structure n\u00e9cessaire pour effectuer des&nbsp;<strong>t\u00e2ches cognitives de haut niveau<\/strong>&nbsp;; notamment lorsqu&rsquo;il est n\u00e9cessaire de maintenir un ensemble cognitif, et de d\u00e9tecter que ledit ensemble est d\u00e9faillant dans l&rsquo;ex\u00e9cution d&rsquo;une t\u00e2che.<\/p>\n\n\n\n<p>En fait, les<strong>&nbsp;neurones de von Economo<\/strong>&nbsp;se sont d\u00e9velopp\u00e9s plus tard que d&rsquo;autres pour former des structures neurales impliquant des&nbsp;<strong>fonctions adaptatives<\/strong>. C&rsquo;est-\u00e0-dire que gr\u00e2ce \u00e0 ces neurones, notre comportement orient\u00e9 vers un but est plus \u00e9tendu, par rapport \u00e0 d&rsquo;autres animaux, ce qui, d&rsquo;un point de vue ontog\u00e9n\u00e9tique, peut \u00e9galement \u00eatre observ\u00e9 en ce qui concerne le d\u00e9veloppement \u00e9volutif de l&rsquo;homme.<\/p>\n\n\n\n<h2 class=\"wp-block-heading\">Bibliographie<\/h2>\n\n\n\n<ul class=\"wp-block-list has-sm-font-size\">\n<li>Allen G1, Buxton RB, Wong EC, Courchesne E (1997). Activation attentionnelle du cervelet ind\u00e9pendante de l&rsquo;implication motrice.<br>Corbetta M1, Shulman GL (2002). Contr\u00f4le de l&rsquo;attention dirig\u00e9e par un objectif et par un stimulus dans le cerveau<br>Dosenbach, N. U. F., Fair, D., Cohen, A. L., Schlaggar, B. L. et Petersen, S. E. (2008). Une architecture \u00e0 double r\u00e9seau de contr\u00f4le descendant. Tendances en sciences cognitives, 12 (3), 99-105. https:\/\/doi.org\/10.1016\/j.tics.2008.01.001<\/li>\n\n\n\n<li><br>Posner, M.I. (1995). Attention en neurosciences cognitives : un aper\u00e7u. Dans M. S. Gazzaniga (\u00e9d.)<br>Posner, M.I et Bourke. P. (1999) : \u00ab\u00a0Attention\u00a0\u00bb.<br>Raichle ME (2001). Un mode de fonctionnement du cerveau par d\u00e9faut<\/li>\n<\/ul>\n\n\n\n<p>Vous aimerez peut-\u00eatre ces articles : <\/p>\n\n\n\n<p><a href=\"https:\/\/neuronup.com\/fr\/neuropsychologie-et-informations\/les-differents-types-daphasies-diagnostique-differentiel\">Les diff\u00e9rents types d\u2019Aphasies : diagnostique diff\u00e9rentiel<\/a><\/p>\n\n\n\n<p><a href=\"https:\/\/neuronup.com\/fr\/neuropsychologie-et-informations\/cerveau\/traumatisme-cranien-et-neuroreeducation-des-fonctions-executives\">Traumatisme cr\u00e2nien et neuror\u00e9\u00e9ducation des fonctions ex\u00e9cutives<\/a><\/p>\n\n\n\n<p><a href=\"https:\/\/neuronup.com\/fr\/neuropsychologie-et-informations\/cerveau\/relation-entre-cerveau-et-comportement-sommes-nous-notre-cerveau\">Relation entre cerveau et comportement&nbsp;: Sommes-nous notre cerveau ?<\/a><\/p>\n","protected":false},"excerpt":{"rendered":"<p>Nous allons pr\u00e9senter une br\u00e8ve&nbsp;base anatomique de l&rsquo;attention. Ceci sans rechercher une exhaustivit\u00e9 bibliographique ou th\u00e9orique du concept, juste un bref expos\u00e9 des principaux n\u0153uds qui interviennent dans le processus attentionnel, et comment ils le font. Nous partirons du&nbsp;mod\u00e8le Posner&nbsp;(qui est le plus largement accept\u00e9) pour le mettre en \u0153uvre avec les recherches actuelles. L&rsquo;attention &hellip;<\/p>\n","protected":false},"author":322,"featured_media":33343,"comment_status":"open","ping_status":"closed","sticky":false,"template":"","format":"standard","meta":{"_acf_changed":false,"_genesis_hide_title":false,"_genesis_hide_breadcrumbs":false,"_genesis_hide_singular_image":false,"_genesis_hide_footer_widgets":false,"_genesis_custom_body_class":"","_genesis_custom_post_class":"","_genesis_layout":"","footnotes":""},"categories":[1042],"tags":[737,657],"class_list":{"2":"type-post","7":"category-lignes-de-recherche","8":"tag-attention","9":"tag-cerveau","10":"entry"},"acf":[],"_links":{"self":[{"href":"https:\/\/neuronup.com\/fr\/wp-json\/wp\/v2\/posts\/5418","targetHints":{"allow":["GET"]}}],"collection":[{"href":"https:\/\/neuronup.com\/fr\/wp-json\/wp\/v2\/posts"}],"about":[{"href":"https:\/\/neuronup.com\/fr\/wp-json\/wp\/v2\/types\/post"}],"author":[{"embeddable":true,"href":"https:\/\/neuronup.com\/fr\/wp-json\/wp\/v2\/users\/322"}],"replies":[{"embeddable":true,"href":"https:\/\/neuronup.com\/fr\/wp-json\/wp\/v2\/comments?post=5418"}],"version-history":[{"count":0,"href":"https:\/\/neuronup.com\/fr\/wp-json\/wp\/v2\/posts\/5418\/revisions"}],"wp:featuredmedia":[{"embeddable":true,"href":"https:\/\/neuronup.com\/fr\/wp-json\/wp\/v2\/media\/33343"}],"wp:attachment":[{"href":"https:\/\/neuronup.com\/fr\/wp-json\/wp\/v2\/media?parent=5418"}],"wp:term":[{"taxonomy":"category","embeddable":true,"href":"https:\/\/neuronup.com\/fr\/wp-json\/wp\/v2\/categories?post=5418"},{"taxonomy":"post_tag","embeddable":true,"href":"https:\/\/neuronup.com\/fr\/wp-json\/wp\/v2\/tags?post=5418"}],"curies":[{"name":"wp","href":"https:\/\/api.w.org\/{rel}","templated":true}]}}