{"id":5390,"date":"2023-02-06T10:26:00","date_gmt":"2023-02-06T10:26:00","guid":{"rendered":"https:\/\/neuronup.com\/fr\/?p=5390"},"modified":"2025-06-02T13:54:14","modified_gmt":"2025-06-02T11:54:14","slug":"traumatisme-cranien-et-neuroreeducation-des-fonctions-executives","status":"publish","type":"post","link":"https:\/\/neuronup.com\/fr\/actualites-de-la-stimulation-cognitive\/lesions-cerebrales\/traumatisme-cranien-et-neuroreeducation-des-fonctions-executives\/","title":{"rendered":"Traumatisme cr\u00e2nien et neuror\u00e9\u00e9ducation des fonctions ex\u00e9cutives"},"content":{"rendered":"\n<p>Les <strong>traumatismes cr\u00e2niens (TC)<\/strong> sont un probl\u00e8me critique de sant\u00e9 publique, \u00e0 la fois en raison de leurs taux de mortalit\u00e9 \u00e9lev\u00e9s, ainsi que des handicaps v\u00e9cus par les patients qui y survivent, montrant des difficult\u00e9s au niveau cognitif, affectif, familial, social et professionnel qui affectent leur qualit\u00e9 de vie <em>(Arango-Lasprilla, Quijano et Cuervo, 2010 ; Corrigan, Selassie et Orman, 2010 ; Garc\u00eda-Rudolph et Gibert, 2015 ; Park et al., 2015 ; Santana et al., 2015).<\/em> En neuropsychologie, la <strong>conception des programmes de r\u00e9\u00e9ducation<\/strong> est r\u00e9alis\u00e9e \u00e0 partir de <strong>l&rsquo;approche cognitive<\/strong>, car on consid\u00e8re que l&rsquo;am\u00e9lioration de la capacit\u00e9 mentale des patients traumatis\u00e9s cr\u00e2niens a un effet direct sur leur fonctionnalit\u00e9.<\/p>\n\n\n\n<h2 class=\"wp-block-heading\">Qu&rsquo;est-ce que le traumatisme cr\u00e2nien (TC)&nbsp;?<\/h2>\n\n\n\n<p>Elle est d\u00e9finie comme une <strong>alt\u00e9ration de la fonction c\u00e9r\u00e9brale<\/strong>, caus\u00e9e par une <strong>force externe<\/strong> (Menon, Schwab, Wright &amp; Maas, 2010).<\/p>\n\n\n\n<h3 class=\"wp-block-heading\">Types de l\u00e9sions c\u00e9r\u00e9brales traumatiques (TC)&nbsp;:<\/h3>\n\n\n\n<h4 class=\"wp-block-heading\">TC ouverts<\/h4>\n\n\n\n<p>Les traumatismes cr\u00e2niens ouverts se produisent lorsqu&rsquo;une<strong> fracture ou une perforation<\/strong> de la vo\u00fbte cr\u00e2nienne se produit, provoquant une <strong>l\u00e9sion du tissu c\u00e9r\u00e9bral<\/strong> et exposant ou laissant la masse c\u00e9r\u00e9brale en contact avec l&rsquo;air.<\/p>\n\n\n\n<h4 class=\"wp-block-heading\">TC ferm\u00e9s<\/h4>\n\n\n\n<p>Les traumatismes cr\u00e2niens ferm\u00e9s <strong>n&rsquo;affectent que les tissus c\u00e9r\u00e9braux <\/strong>(Le\u00f3n-Carri\u00f3n, 1995).<\/p>\n\n\n\n<p>Les deux types de <strong>traumatisme <\/strong>pr\u00e9sentent g\u00e9n\u00e9ralement une affectation focale et diffuse, en raison de l&rsquo;impact re\u00e7u. Le premier correspond \u00e0 la blessure g\u00e9n\u00e9r\u00e9e \u00e0 l&rsquo;endroit du cerveau qui a re\u00e7u l&rsquo;impact ; la seconde est celle qui n&rsquo;occupe pas un volume bien d\u00e9fini au sein du compartiment intracr\u00e2nien, mais qui g\u00e9n\u00e8re, comme la l\u00e9sion focale, des s\u00e9quelles neurologiques (Gonz\u00e1lez, Pueyo &amp; Serra, 2004). Habituellement, les l\u00e9sions focales sont caract\u00e9ris\u00e9es par des<strong> alt\u00e9rations du fonctionnement des lobes frontaux et temporaux<\/strong>, car ce sont les zones les plus sensibles dans les TCC ferm\u00e9s&nbsp;; dans ceux ouverts, cela d\u00e9pendra de l&rsquo;endroit o\u00f9 l&rsquo;os du cr\u00e2ne peut \u00eatre affect\u00e9. Pour sa part, les dommages diffus g\u00e9n\u00e8rent fr\u00e9quemment une <strong>perte de fonctions cognitives <\/strong>complexes telles que la<strong> vitesse de traitement, la concentration <\/strong>et l&rsquo;efficacit\u00e9 cognitive, en g\u00e9n\u00e9ral (Kolb et Whishaw, 2014).<\/p>\n\n\n\n<h2 class=\"wp-block-heading\">Gravit\u00e9 du traumatisme cr\u00e2nien<\/h2>\n\n\n\n<p><strong>La gravit\u00e9 du traumatisme cr\u00e2nien <\/strong>est g\u00e9n\u00e9ralement class\u00e9e en trois niveaux, soit <strong>l\u00e9ger<\/strong>, <strong>mod\u00e9r\u00e9<\/strong> ou <strong>s\u00e9v\u00e8re<\/strong>, selon la dur\u00e9e pendant laquelle la personne reste dans un \u00e9tat d&rsquo;inconscience ou d&rsquo;amn\u00e9sie traumatique. La mesure standard pour d\u00e9finir le niveau de gravit\u00e9 du TC est connue sous le nom <strong>d&rsquo;\u00e9chelle de Glasgow (GCS)<\/strong>. Celui-ci \u00e9value <strong>trois param\u00e8tres<\/strong> ind\u00e9pendants (r\u00e9ponse verbale, r\u00e9ponse motrice et ouverture des yeux) avec lesquels il d\u00e9finit la capacit\u00e9 de r\u00e9ponse consciente du patient. Plus le score est \u00e9lev\u00e9, meilleur est le niveau de conscience du patient. Les scores entre 14 et 15 correspondent \u00e0 un traumatisme cr\u00e2nien l\u00e9ger, le mod\u00e9r\u00e9 avec des scores entre 9 et 13 et le s\u00e9v\u00e8re avec des scores inf\u00e9rieurs ou \u00e9gaux \u00e0 8 (Hoffmann et al., 2012 ; Mu\u00f1ana-Rodr\u00edguez et Ram\u00edrez-El\u00edas, 2013 ; Santa Cruz et Herrera, 2006 ; Poca, 2006).<\/p>\n\n\n\n<p>La gravit\u00e9 des l\u00e9sions c\u00e9r\u00e9brales doit \u00eatre<strong> \u00e9valu\u00e9e d\u00e8s que possible<\/strong>, de pr\u00e9f\u00e9rence apr\u00e8s la survenue de la blessure, afin de fournir une base de r\u00e9f\u00e9rence pour les \u00e9valuations futures et d&rsquo;agir en temps opportun, \u00e0 la fois pour stabiliser m\u00e9dicalement le patient et pour lancer des processus de r\u00e9\u00e9ducation si n\u00e9cessaire (Hoffmann et al. al., 2012 ; Mu\u00f1ana-Rodr\u00edguez et Ram\u00edrez-El\u00edas, 2013 ; Santa Cruz et Herrera, 2006 ; Poca, 2006).<\/p>\n\n\n\n<p>L&rsquo;intervention apr\u00e8s avoir subi un TC comprend g\u00e9n\u00e9ralement une<strong> r\u00e9\u00e9ducation physique et cognitive<\/strong>. Dans ce dernier cas, il est commode qu&rsquo;il soit dirig\u00e9 vers les fonctions cognitives de traitement \u00e9lev\u00e9 telles que les fonctions ex\u00e9cutives, car elles sont g\u00e9n\u00e9ralement l&rsquo;une des plus affect\u00e9es, \u00e0 la fois dans les dommages focaux et diffus, g\u00e9n\u00e9r\u00e9s par TBI (Garc\u00eda-Molina, Ense\u00f1at-Cantallops , S\u00e1nchez-Carri\u00f3n, Tormos et Roig-Rovira, 2014).<\/p>\n\n\n\n<div style=\"height:50px\" aria-hidden=\"true\" class=\"wp-block-spacer\"><\/div>\n\n\n\n<div class=\"wp-block-group br-0111 has-primary-background-color has-background has-dark-background has-sm-padding-top has-sm-padding-left has-sm-padding-right has-xxl-margin-top\"><div class=\"wp-block-group__inner-container is-layout-constrained wp-block-group-is-layout-constrained\">\n<div class=\"wp-block-columns is-layout-flex wp-container-core-columns-is-layout-9d6595d7 wp-block-columns-is-layout-flex\">\n<div class=\"wp-block-column is-layout-flow wp-block-column-is-layout-flow\">\n<figure class=\"wp-block-image size-full desktop-position-absolute desktop-bottom-0 mobile-width-50 mobile-m-inline-auto has-xl-margin-top\"><img decoding=\"async\" width=\"292\" height=\"338\" src=\"https:\/\/neuronup.com\/fr\/wp-content\/uploads\/2024\/10\/certificat-produit.webp\" alt=\"\" class=\"wp-image-31568\" srcset=\"https:\/\/neuronup.com\/fr\/wp-content\/uploads\/2024\/10\/certificat-produit-259x300.webp 259w, https:\/\/neuronup.com\/fr\/wp-content\/uploads\/2024\/10\/certificat-produit.webp 292w\" sizes=\"(max-width: 292px) 100vw, 292px\" \/><\/figure>\n<\/div>\n\n\n\n<div class=\"wp-block-column is-layout-flow wp-block-column-is-layout-flow\">\n<h2 class=\"wp-block-heading has-white-color has-text-color\"><strong>Abonnez-vous<\/strong> <br>\u00e0 notre <br>Newsletter<\/h2>\n\n\n\n<div class=\"wp-block-buttons is-layout-flex wp-block-buttons-is-layout-flex\">\n<div class=\"wp-block-button--1\" style=\"--button-outline-color:var(--color-white);--button-outline-color-hover:rgba(0,0,0,0.8);\"><a class=\"wp-block-button__link button button-outline   wp-element-button\" href=\"https:\/\/neuronup.com\/fr\/newsletter\/\">Abonnez-vous<\/a><\/div>\n\n<\/div>\n\n\n\n<div style=\"height:40px\" aria-hidden=\"true\" class=\"wp-block-spacer\"><\/div>\n<\/div>\n<\/div>\n<\/div><\/div>\n\n\n\n\n<div style=\"height:50px\" aria-hidden=\"true\" class=\"wp-block-spacer\"><\/div>\n\n\n\n<h2 class=\"wp-block-heading\">Fonctions ex\u00e9cutives chez les personne avec un traumatisme cr\u00e2nien<\/h2>\n\n\n\n<p>Le concept de fonctionnement ex\u00e9cutif fait r\u00e9f\u00e9rence \u00e0 un <strong>ensemble d&rsquo;op\u00e9rations cognitives de haut niveau<\/strong> telles que la planification, la prise de d\u00e9cision, la flexibilit\u00e9, entre autres, qui contr\u00f4lent et r\u00e9gulent le comportement, l&rsquo;orientent vers un but, forment ses objectifs et planifient comment ils peuvent \u00eatre men\u00e9s.<\/p>\n\n\n\n<p>Ces m\u00eames fonctions sont \u00e9galement reconnues comme des <strong>capacit\u00e9s mentales essentielles<\/strong>, pour mener \u00e0 bien un comportement cr\u00e9atif et socialement accept\u00e9. De plus, FE deviendra plus complexe tout au long du d\u00e9veloppement ; certaines d&rsquo;entre elles ont une apparition pr\u00e9coce, ce qui permet l&rsquo;apparition et la complexit\u00e9 d&rsquo;autres fonctions ex\u00e9cutives (Bomb\u00edn-Gonz\u00e1lez et al., 2014 ; Tirapu-Ust\u00e1rrez, Garc\u00eda-Molina, Luna-Lario, Verdejo-Garc\u00eda et Rios-Lago, 2012 ) .<\/p>\n\n\n\n<h3 class=\"wp-block-heading\">Fonctions ex\u00e9cutives:<\/h3>\n\n\n\n<p>Pour Tirapu-Ust\u00e1rrez et al. (2017), la revue syst\u00e9matique de l&rsquo;analyse factorielle des FE a abouti \u00e0 une proposition d&rsquo;int\u00e9gration des processus de contr\u00f4le ex\u00e9cutif tels que&nbsp;:<\/p>\n\n\n\n<ul class=\"wp-block-list\">\n<li><strong>Vitesse de traitement<\/strong>&nbsp;: quantit\u00e9 d&rsquo;informations pouvant \u00eatre trait\u00e9es par unit\u00e9 de temps ou de vitesse pour effectuer des op\u00e9rations cognitives.<\/li>\n\n\n\n<li><strong>M\u00e9moire de travail<\/strong>&nbsp;: capacit\u00e9 \u00e0 enregistrer, coder, maintenir et manipuler des informations en ligne.<\/li>\n\n\n\n<li><strong>Aisance verbale<\/strong>&nbsp;: capacit\u00e9 d&rsquo;acc\u00e9der \u00e0 la recherche d&rsquo;informations \u00e0 partir de la m\u00e9moire s\u00e9mantique et d&rsquo;activation pour rechercher des mots.<\/li>\n\n\n\n<li><strong>Inhibition<\/strong>&nbsp;: contr\u00f4le des interf\u00e9rences et des distracteurs ou attention s\u00e9lective.<\/li>\n\n\n\n<li><strong>Double performance<\/strong>&nbsp;: capacit\u00e9 \u00e0 pr\u00eater attention simultan\u00e9ment \u00e0 divers stimuli.<\/li>\n\n\n\n<li><strong>Flexibilit\u00e9 cognitive<\/strong>&nbsp;: alternance.<\/li>\n\n\n\n<li><strong>Planification<\/strong>&nbsp;: surveillance et contr\u00f4le du comportement.<\/li>\n\n\n\n<li><strong>Prise de d\u00e9cision<\/strong>&nbsp;: r\u00f4le des \u00e9motions dans le raisonnement.<\/li>\n<\/ul>\n\n\n\n<p>Les fonctions ex\u00e9cutives jouent un <strong>r\u00f4le fondamental dan<\/strong>s la vie des \u00eatres humains, car il s&rsquo;agit d&rsquo;un ensemble de processus cognitifs avec diff\u00e9rentes composantes ind\u00e9pendantes, mais avec des relations intimes les uns avec les autres pour<strong> contr\u00f4ler et moduler le comportement<\/strong>. Une fois que ces fonctions sont affect\u00e9es par des dommages neurologiques, comme dans un traumatisme cr\u00e2nien, les d\u00e9ficits ex\u00e9cutifs g\u00e9n\u00e8rent une multiplicit\u00e9 de manifestations cognitives, comportementales et \u00e9motionnelles, qui interf\u00e8rent avec le bon d\u00e9veloppement de la personne dans sa vie quotidienne, cr\u00e9ant des difficult\u00e9s pour retrouver une vie normale et productive. vie.<\/p>\n\n\n\n<h2 class=\"wp-block-heading\">R\u00e9\u00e9ducation neuropsychologique chez les patients avec TCC<\/h2>\n\n\n\n<p>La r\u00e9\u00e9ducation peut \u00eatre d\u00e9finie comme une <strong>application syst\u00e9matique d&rsquo;activit\u00e9s th\u00e9rapeutiques<\/strong>, visant \u00e0 am\u00e9liorer la fonctionnalit\u00e9 du patient, sur la base de la compr\u00e9hension de ses d\u00e9ficits (Cicerone et al. Comme cit\u00e9 dans van Heugten, Greg\u00f3rio &amp; Wade, 2012). L&rsquo;intervention doit avoir une <strong>validit\u00e9 \u00e9cologique<\/strong>, afin qu&rsquo;elle ait un impact r\u00e9el sur la vie quotidienne du patient, dans le but qu&rsquo;il puisse extrapoler et g\u00e9n\u00e9raliser dans sa vie quotidienne, ce qui a \u00e9t\u00e9 appris en consultation (Carvajal-Castrillon et Restrepo, 2013) .<\/p>\n\n\n\n<p>Les propositions de <strong>r\u00e9\u00e9ducation cognitive<\/strong> de la neuropsychologie contemporaine sugg\u00e8rent le d\u00e9veloppement de programmes d&rsquo;\u00e9valuation et de r\u00e9\u00e9ducation individualis\u00e9s pour chaque pathologie, avec des attentes et des objectifs clairs et communs pour le patient et sa famille (Calder\u00f3n, Cadavid-Ruiz &amp; Santos, 2016 ; Carvajal -Castrillon et Restrepo , 2013&nbsp;; R\u00edos, Mu\u00f1oz et Pa\u00fal-Lapedriza, 2007&nbsp;; Tate, Aird et Taylor, 2013). Leurs programmes de r\u00e9\u00e9ducation consistent en des t\u00e2ches organis\u00e9es hi\u00e9rarchiquement par niveau de difficult\u00e9 et n\u00e9cessitant <strong>l&rsquo;utilisation r\u00e9p\u00e9titive de fonctions alt\u00e9r\u00e9es<\/strong>. Ces programmes pr\u00e9cisent que le degr\u00e9 de r\u00e9cup\u00e9ration fonctionnelle du patient d\u00e9pendra du nombre de r\u00e9p\u00e9titions et du type de t\u00e2che effectu\u00e9e pendant le traitement (Garc\u00eda-Rudolph et Gibert, 2015).<\/p>\n\n\n\n<h3 class=\"wp-block-heading\">Conception des programmes de neuror\u00e9\u00e9ducation<\/h3>\n\n\n\n<p>En neuropsychologie, la conception des programmes de r\u00e9\u00e9ducation est r\u00e9alis\u00e9e <strong>\u00e0 partir de l&rsquo;approche cognitive<\/strong>, car on consid\u00e8re que l&rsquo;am\u00e9lioration des capacit\u00e9s mentales des patients a un effet direct sur leur fonctionnalit\u00e9. De plus, ces programmes soulignent <strong>l&rsquo;importance d&rsquo;ajuster les programmes aux besoins individuels du patient <\/strong>gr\u00e2ce \u00e0 des techniques r\u00e9paratrices ou compensatoires. Le premier fait r\u00e9f\u00e9rence au renforcement, au renforcement ou \u00e0 la restauration des processus cognitifs alt\u00e9r\u00e9s ; la seconde pr\u00e9sente des moyens de compenser la fonction alt\u00e9r\u00e9e, gr\u00e2ce \u00e0 l&rsquo;utilisation de ressources externes au patient, par exemple, des rappels ou des alarmes, entre autres (Barman et al., 2016 ; Evald, 2015 ; Tsaousides, D&rsquo;Antonio, Varbanova et Spielman, 2014).<\/p>\n\n\n\n<p>Cependant, la r\u00e9adaptation cognitive doit garder \u00e0 l&rsquo;esprit que le traumatisme cr\u00e2nien est une condition m\u00e9dicale qui affecte divers domaines de la sant\u00e9, il faut une :<\/p>\n\n\n\n<ul class=\"wp-block-list\">\n<li><strong>Prise en charge neurologique<\/strong> pour moduler et surveiller les dommages g\u00e9n\u00e9r\u00e9s sur le tissu c\u00e9r\u00e9bral.<\/li>\n\n\n\n<li><strong>Intervention neuropsychologique <\/strong>pour r\u00e9cup\u00e9rer le plus haut degr\u00e9 possible de fonctionnalit\u00e9 chez le patient.<\/li>\n\n\n\n<li><strong>Gestion sociale<\/strong> pour soutenir la fonctionnalit\u00e9 du patient dans les contextes quotidiens dans lesquels il peut fonctionner.<\/li>\n<\/ul>\n\n\n\n<h3 class=\"wp-block-heading\">R\u00e9sultats scientifiques<\/h3>\n\n\n\n<p>Les r\u00e9sultats de la recherche sur la r\u00e9\u00e9ducation chez les patients traumatis\u00e9s cr\u00e2niens indiquent que les meilleurs r\u00e9sultats sont obtenus lorsque les programmes d&rsquo;intervention visent une <strong>prise en charge globale<\/strong> <strong>et interdisciplinaire <\/strong>de l&rsquo;\u00e9tat m\u00e9dical et psychosocial du patient, ce qui inclut une intervention dans sa sph\u00e8re cognitive, \u00e9motionnelle, familiale et sociale. Ces initiatives ne devraient pas seulement viser la r\u00e9\u00e9ducation du patient TC, mais devraient \u00e9galement viser \u00e0 <strong>promouvoir sa sant\u00e9<\/strong>, ce qui implique la mise en \u0153uvre de mesures pour adopter des <strong>modes de vie sains<\/strong>.<\/p>\n\n\n\n<h2 class=\"wp-block-heading\">R\u00e9f\u00e9rences bibliographiques<\/h2>\n\n\n\n<ul class=\"wp-block-list has-sm-font-size\">\n<li>Arango-Lasprilla, J.C., Quijano, M.C. et Cuervo, M.T. (2010). Alt\u00e9rations cognitives, \u00e9motionnelles et comportementales chez les patients atteints de traumatisme cr\u00e2nio-enc\u00e9phalique \u00e0 Cali, en Colombie. Journal colombien de psychiatrie, 39 (4), 716-731.<\/li>\n\n\n\n<li>Barman, A., Chatterjee, A. et Bhide, R. (2016). Cogni Strat\u00e9gies de d\u00e9ficience intellectuelle et de r\u00e9adaptation apr\u00e8s un traumatisme cr\u00e2nien. Journal indien de m\u00e9decine psychologique, 38 (3), 172-81. doi: 10.4103 \/ 0253-7176.183086.<\/li>\n\n\n\n<li>Bomb\u00edn-Gonz\u00e1lez, I., Cifuentes-Rodr\u00edguez, A., Climent-Mart\u00ednez, G., Luna-Lario, P., Cardas-Ib\u00e1\u00f1ez, J., Tirapu-Ust\u00e1rroz, J. et D\u00edaz-Orueta, U. (2014 ). Validit\u00e9 \u00e9cologique et environnement multit\u00e2che dans l&rsquo;\u00e9valuation des fonctions ex\u00e9cutives. Journal de neurologie, 59 (2), 77-87.<\/li>\n\n\n\n<li>Calder\u00f3n, A., Cadavid-Ruiz, N. et Santos, O. (2016). Approche pratique de la r\u00e9habilitation de l&rsquo;attention. Journal de neuropsychologie, neuropsychiatrie et neurosciences, 16 (1), 69-89.<\/li>\n\n\n\n<li>Carvajal-Castrillon, J., Henao, E., Uribe, C., Giraldo, M. et Lopera, F. (2009). R\u00e9\u00e9ducation cognitive dans un cas d&rsquo;alt\u00e9rations neuropsychologiques et fonctionnelles dues \u00e0 un traumatisme cr\u00e2nien s\u00e9v\u00e8re. Journal chilien de neuropsychologie, 4 (1), 52-63.<\/li>\n\n\n\n<li>Corrigan, J.D, Selassie, A.W. et Orman, J.A. (2010). L&rsquo;\u00e9pid\u00e9miologie des l\u00e9sions c\u00e9r\u00e9brales traumatiques. Journal of Head Trauma Rehabilitation, 25 (2), 72-80. doi: 10.1097 \/ HTR.0b013e3181ccc8b4.<\/li>\n<\/ul>\n\n\n\n<h3 class=\"wp-block-heading\">Plus de r\u00e9f\u00e9rences bibliographiques<\/h3>\n\n\n\n<ul class=\"wp-block-list has-sm-font-size\">\n<li>Evald, L. (2015). R\u00e9\u00e9ducation prospective de la m\u00e9moire \u00e0 l&rsquo;aide de smartphones chez les patients atteints de TCC&nbsp;: que rapportent les participants&nbsp;? R\u00e9adaptation neuropsychologique, 25 (2), 283-297. doi: 10.1080 \/ 09602011.2014.970557.<\/li>\n\n\n\n<li>Garc\u00eda-Molina, A., Ense\u00f1at-Cantallops, R., S\u00e1nchez-Carri\u00f3n, R., Tormos, J.M. et Roig-Rovira, T. (2014). R\u00e9habilitation des fonctions ex\u00e9cutives dans les traumatismes cr\u00e2niens : ouvrir la bo\u00eete noire. Journal de neuropsychologie, neuropsychiatrie et neurosciences, 14 (3), 61-76.<\/li>\n\n\n\n<li>Garc\u00eda-Rudolpht, A. et Giber, K. (2015). Une Approche D&rsquo;exploration De Donn\u00e9es Pour L&rsquo;identification Visuelle Et Analytique Des Gammes De Neuror\u00e9habilitation Dans Les Traumatismes C\u00e9r\u00e9braux Cognitive Rehabilitation. Analyse abstraite et appliqu\u00e9e, 1-14.doi : 10.1155 \/ 2015\/823562.<\/li>\n\n\n\n<li>Gonz\u00e1lez, M., Pueyo, R. et Serra, J. (2004). S\u00e9quelles neuropsychologiques des traumatismes cr\u00e2niens. Annals of Psychology, 20, 303-316.<\/li>\n\n\n\n<li>Hoffmann, M., Lefering, R., Rueger, J.M., Kolb, J.P., Izbicki, J.R., Ruecker, A.H.,\u2026 Lehmann, W. (2012). \u00c9valuation des \u00e9l\u00e8ves en plus des composants de l&rsquo;\u00e9chelle de coma de Glasgow dans la pr\u00e9diction des l\u00e9sions c\u00e9r\u00e9brales traumatiques et de la mortalit\u00e9. Journal britannique de chirurgie, 99, 122-130. doi: 10.1002 \/ bjs.7707.<\/li>\n\n\n\n<li>Kolb, B. et Whishaw, L.Q. (2014). Une introduction au cerveau et au comportement. New York, N.Y.&nbsp;: Worth Publishers.<\/li>\n\n\n\n<li>Le\u00f3n-Carri\u00f3n, J. (1995). Manuel de neuropsychologie humaine. Madrid : Siglo XXI de Espa\u00f1a Editores.<\/li>\n<\/ul>\n\n\n\n<h3 class=\"wp-block-heading\">Plus de r\u00e9f\u00e9rences bibliographiques<\/h3>\n\n\n\n<ul class=\"wp-block-list has-sm-font-size\">\n<li>Menon, D.K., Schwab, K., Wright, D.W. et Maas, A. (2010). \u00c9nonc\u00e9 de position : d\u00e9finition des traumatismes cr\u00e2niens. Archives de m\u00e9decine physique et de r\u00e9adaptation, 91 (11), 1637-40. doi: 10.1016 \/ j.apmr.2010.05.017.<\/li>\n\n\n\n<li>Mu\u00f1ana-Rodr\u00edguez, J. E. et Ram\u00edrez-El\u00edas, A. (2013). \u00c9chelle de coma de Glasgow&nbsp;: origine, analyse et utilisation appropri\u00e9e. Sciences infirmi\u00e8res universitaires, 11 (1), 24-35. doi: 10.1016 \/ S1665-7063.<\/li>\n\n\n\n<li>Park, HY., Maitra, K. et Mart\u00ednez, K.M. (2015). L&rsquo;effet de la r\u00e9adaptation cognitive bas\u00e9e sur l&rsquo;occupation pour les l\u00e9sions c\u00e9r\u00e9brales traumatiques&nbsp;: une m\u00e9ta-analyse d&rsquo;essais contr\u00f4l\u00e9s randomis\u00e9s. Ergoth\u00e9rapie Internationale, 22, 104-116. doi: 10.1002 \/ oti.1389.<\/li>\n\n\n\n<li>Poca, M. (2006). Mises \u00e0 jour sur la physiopathologie, le diagnostic et le traitement des traumatismes cr\u00e2niens. Extrait de http:\/\/www.academia.cat\/societats\/dolor\/arxius\/tce.PDF.<\/li>\n\n\n\n<li>R\u00edos, M., Mu\u00f1oz, J. et Pa\u00fal-Lapedriza, N. (2007). Troubles de l&rsquo;attention apr\u00e8s traumatisme cr\u00e2nien : \u00e9valuation et r\u00e9\u00e9ducation. Journal of Neurology, 44, 291-297.<\/li>\n\n\n\n<li>Santacruz, L.F. et Herrera, A.M (2006). Un traumatisme cr\u00e2nien. Extrait de http:\/\/salamandra.edu.co\/CongresoPHTLS2014\/Trauma%20Craneoencef%E1lico.pdf<\/li>\n\n\n\n<li>Santana, L., Yukie, C., Alves, S., Costa, A.L., P\u00e9rez, J., Moura, L.,\u2026 Silva, W. (2015). Stimulation magn\u00e9tique transcr\u00e2nienne r\u00e9p\u00e9titive (rTMS) pour la r\u00e9\u00e9ducation cognitive des victimes de traumatismes cr\u00e2niens (TCC)&nbsp;: protocole d&rsquo;\u00e9tude pour un essai contr\u00f4l\u00e9 randomis\u00e9. BioMed Central, 16 (440), 1-7. doi: 10.1186 \/ s13063-015-0944-2.<\/li>\n<\/ul>\n\n\n\n<h3 class=\"wp-block-heading\">Plus de r\u00e9f\u00e9rences bibliographiques<\/h3>\n\n\n\n<ul class=\"wp-block-list has-sm-font-size\">\n<li>Tate, R.L., Aird, V. et Taylor, C. (2013). Apporter une m\u00e9thodologie de cas unique \u00e0 la clinique pour am\u00e9liorer les pratiques fond\u00e9es sur des donn\u00e9es probantes. D\u00e9ficience c\u00e9r\u00e9brale, 13 (3), 347-359. doi: 10.1017 \/ BrImp.2012.32.<\/li>\n\n\n\n<li>Tirapu-Ust\u00e1rroz, J., Cordero-Andr\u00e9s, P., Luna-Lario, P. et Hern\u00e1ez-Go\u00f1i, P. (2017). Proposition d&rsquo;un mod\u00e8le de fonctions ex\u00e9cutives bas\u00e9 sur l&rsquo;analyse factorielle. Journal of Neurology, 64 (2), 75-84.<\/li>\n\n\n\n<li>Tirapu-Ust\u00e1rroz, J., Garc\u00eda-Molina, A., Luna-Lario, P., Verdejo-Garc\u00eda, A. et Rios-Lago, M. (2012). Cortex pr\u00e9frontal, fonctions ex\u00e9cutives et r\u00e9gulation du comportement. Dans J. Tirapu-Ust\u00e1rroz, A.G. Molina, M. R\u00edos-Lago et A.A. Ardila (Eds.), Neuropsychologie du cortex pr\u00e9frontal et fonctions ex\u00e9cutives (pp. 87-120). Barcelone : Viguera.<\/li>\n\n\n\n<li>Tsaousides, T., D&rsquo;Antonio, E., Varbanova, V. et Spielman, L. (2014). Offrir un traitement de groupe par vid\u00e9oconf\u00e9rence \u00e0 des personnes atteintes d&rsquo;un traumatisme cr\u00e2nien&nbsp;: une \u00e9tude de faisabilit\u00e9. R\u00e9adaptation neuropsychologique, 24 (5), 784-803. doi: 10.1080 \/ 09602011.2014.907186.<\/li>\n\n\n\n<li>VanHeugten, C., Greg\u00f3rio, G.W. et Wade, D. (2012). cognition fond\u00e9e sur des preuves r\u00e9\u00e9ducation fonctionnelle apr\u00e8s une l\u00e9sion c\u00e9r\u00e9brale acquise : une revue syst\u00e9matique du contenu du traitement. R\u00e9adaptation neuropsychologique, 22 (5), 653-673. doi: 10.1080 \/ 09602011.2012.680891.<\/li>\n<\/ul>\n\n\n\n<h3 class=\"wp-block-heading\">D&rsquo;autres articles qui pourraient vous int\u00e9resser:<\/h3>\n\n\n<div class=\"mai-grid entries entries-grid has-boxed has-image-full\" style=\"--entry-title-font-size:var(--font-size-lg);--align-text:start;--entry-meta-text-align:start;\"><div class=\"entries-wrap has-columns\" style=\"--columns-xs:1\/1;--columns-sm:1\/1;--columns-md:1\/3;--columns-lg:1\/3;--flex-xs:0 0 var(--flex-basis);--flex-sm:0 0 var(--flex-basis);--flex-md:0 0 var(--flex-basis);--flex-lg:0 0 var(--flex-basis);--column-gap:var(--spacing-lg);--row-gap:var(--spacing-lg);--align-columns:start;\"><article class=\"entry entry-grid is-column has-entry-link has-image has-image-first type-post category-activites-de-la-vie-quotidienne category-nouveautes-neuronup tag-activites-de-stimulation-cognitive tag-activites-de-stimulation-cognitive-pour-enfants tag-adulte tag-enfants tag-remediation-cognitive\" style=\"--entry-index:1;\" aria-label=\"Nouvelles activit\u00e9s NeuronUP : entra\u00eenez les fonctions cognitives dans des situations du quotidien\" itemscope itemtype=\"https:\/\/schema.org\/CreativeWork\"><a class=\"entry-image-link\" href=\"https:\/\/neuronup.com\/fr\/nouveautes-neuronup\/nouvelles-activites-neuronup-entrainez-les-fonctions-cognitives-dans-des-situations-du-quotidien\/\" tabindex=\"-1\" aria-hidden=\"true\"><img decoding=\"async\" width=\"400\" height=\"202\" src=\"https:\/\/neuronup.com\/fr\/wp-content\/uploads\/2026\/03\/Capture-decran-2026-03-30-111842-400x202.webp\" class=\"entry-image size-landscape-sm\" alt=\"\" \/><\/a><div class=\"entry-wrap entry-wrap-grid\"><h3 class=\"entry-title\" itemprop=\"headline\"><a class=\"entry-title-link\" href=\"https:\/\/neuronup.com\/fr\/nouveautes-neuronup\/nouvelles-activites-neuronup-entrainez-les-fonctions-cognitives-dans-des-situations-du-quotidien\/\" rel=\"bookmark\">Nouvelles activit\u00e9s NeuronUP : entra\u00eenez les fonctions cognitives dans des situations du quotidien<\/a><\/h3>\n<\/div><\/article><article class=\"entry entry-grid is-column has-entry-link has-image has-image-first type-post category-activites-dattention category-activites-de-neuro-reeducation category-activites-pour-les-fonctions-cognitives tag-adulte\" style=\"--entry-index:2;\" aria-label=\"Nouvelle activit\u00e9 Attention s\u00e9lective (Adultes)\" itemscope itemtype=\"https:\/\/schema.org\/CreativeWork\"><a class=\"entry-image-link\" href=\"https:\/\/neuronup.com\/fr\/activites-de-neuro-reeducation\/nouvelle-activite-attention-selective-adultes\/\" tabindex=\"-1\" aria-hidden=\"true\"><img decoding=\"async\" width=\"253\" height=\"230\" src=\"https:\/\/neuronup.com\/fr\/wp-content\/uploads\/2026\/03\/Capture-decran-2026-03-03-160917.webp\" class=\"entry-image size-landscape-sm\" alt=\"\" \/><\/a><div class=\"entry-wrap entry-wrap-grid\"><h3 class=\"entry-title\" itemprop=\"headline\"><a class=\"entry-title-link\" href=\"https:\/\/neuronup.com\/fr\/activites-de-neuro-reeducation\/nouvelle-activite-attention-selective-adultes\/\" rel=\"bookmark\">Nouvelle activit\u00e9 Attention s\u00e9lective (Adultes)<\/a><\/h3>\n<\/div><\/article><article class=\"entry entry-grid is-column has-entry-link has-image has-image-first type-post category-activites-de-cognition-sociale tag-activites-de-stimulation-cognitive tag-cognition-sociale tag-fonctions-executives\" style=\"--entry-index:3;\" aria-label=\"La cognition sociale ou comment comprendre les personnes : exercices de cognition sociale\" itemscope itemtype=\"https:\/\/schema.org\/CreativeWork\"><a class=\"entry-image-link\" href=\"https:\/\/neuronup.com\/fr\/activites-de-neuro-reeducation\/activites-pour-les-fonctions-cognitives\/activites-de-cognition-sociale\/la-cognition-sociale-ou-comment-comprendre-les-personnes-exercices-de-cognition-sociale\/\" tabindex=\"-1\" aria-hidden=\"true\"><img decoding=\"async\" width=\"396\" height=\"300\" src=\"https:\/\/neuronup.com\/fr\/wp-content\/uploads\/2022\/06\/Reaccion-emocional-ante-situaciones.webp\" class=\"entry-image size-landscape-sm\" alt=\"R\u00e9action \u00e9motionnelle face aux situations : Exercice de cognition sociale\" srcset=\"https:\/\/neuronup.com\/fr\/wp-content\/uploads\/2022\/06\/Reaccion-emocional-ante-situaciones-300x227.webp 300w, https:\/\/neuronup.com\/fr\/wp-content\/uploads\/2022\/06\/Reaccion-emocional-ante-situaciones-768x582.webp 768w, https:\/\/neuronup.com\/fr\/wp-content\/uploads\/2022\/06\/Reaccion-emocional-ante-situaciones-1024x776.webp 1024w, https:\/\/neuronup.com\/fr\/wp-content\/uploads\/2022\/06\/Reaccion-emocional-ante-situaciones.webp 1148w\" sizes=\"(max-width:599px) 599px, (min-width:600px) and (max-width: 799px) 799px, (min-width:800px) and (max-width: 999px) 333px, (min-width:1000px) 400px\" \/><\/a><div class=\"entry-wrap entry-wrap-grid\"><h3 class=\"entry-title\" itemprop=\"headline\"><a class=\"entry-title-link\" href=\"https:\/\/neuronup.com\/fr\/activites-de-neuro-reeducation\/activites-pour-les-fonctions-cognitives\/activites-de-cognition-sociale\/la-cognition-sociale-ou-comment-comprendre-les-personnes-exercices-de-cognition-sociale\/\" rel=\"bookmark\">La cognition sociale ou comment comprendre les personnes : exercices de cognition sociale<\/a><\/h3>\n<\/div><\/article><article class=\"entry entry-grid is-column has-entry-link has-image has-image-first type-post category-activites-pour-les-enfants-ayant-des-besoins-particuliers tag-activites-de-stimulation-cognitive tag-activites-de-stimulation-cognitive-pour-enfants tag-enfants\" style=\"--entry-index:4;\" aria-label=\"7+1 activit\u00e9s pour enfants avec des besoins \u00e9ducatifs sp\u00e9ciaux\" itemscope itemtype=\"https:\/\/schema.org\/CreativeWork\"><a class=\"entry-image-link\" href=\"https:\/\/neuronup.com\/fr\/activites-de-neuro-reeducation\/activites-pour-les-enfants-ayant-des-besoins-particuliers\/71-activites-pour-enfants-a-besoins-educatifs-speciaux\/\" tabindex=\"-1\" aria-hidden=\"true\"><img decoding=\"async\" width=\"400\" height=\"298\" src=\"https:\/\/neuronup.com\/fr\/wp-content\/uploads\/2022\/07\/Prepara-la-mochila.webp\" class=\"entry-image size-landscape-sm\" alt=\"Activit\u00e9 Pr\u00e9pare le sac \u00e0 dos pour les enfants ayant des besoins \u00e9ducatifs particuliers\" srcset=\"https:\/\/neuronup.com\/fr\/wp-content\/uploads\/2022\/07\/Prepara-la-mochila-300x224.webp 300w, https:\/\/neuronup.com\/fr\/wp-content\/uploads\/2022\/07\/Prepara-la-mochila-768x572.webp 768w, https:\/\/neuronup.com\/fr\/wp-content\/uploads\/2022\/07\/Prepara-la-mochila-1024x763.webp 1024w, https:\/\/neuronup.com\/fr\/wp-content\/uploads\/2022\/07\/Prepara-la-mochila.webp 1255w\" sizes=\"(max-width:599px) 599px, (min-width:600px) and (max-width: 799px) 799px, (min-width:800px) and (max-width: 999px) 333px, (min-width:1000px) 400px\" \/><\/a><div class=\"entry-wrap entry-wrap-grid\"><h3 class=\"entry-title\" itemprop=\"headline\"><a class=\"entry-title-link\" href=\"https:\/\/neuronup.com\/fr\/activites-de-neuro-reeducation\/activites-pour-les-enfants-ayant-des-besoins-particuliers\/71-activites-pour-enfants-a-besoins-educatifs-speciaux\/\" rel=\"bookmark\">7+1 activit\u00e9s pour enfants avec des besoins \u00e9ducatifs sp\u00e9ciaux<\/a><\/h3>\n<\/div><\/article><article class=\"entry entry-grid is-column has-entry-link has-image has-image-first type-post category-activites-de-cognition-sociale tag-activites-de-stimulation-cognitive tag-activites-de-stimulation-cognitive-pour-enfants tag-cognition-sociale\" style=\"--entry-index:5;\" aria-label=\"Exercices de cognition sociale pour enfants\" itemscope itemtype=\"https:\/\/schema.org\/CreativeWork\"><a class=\"entry-image-link\" href=\"https:\/\/neuronup.com\/fr\/activites-de-neuro-reeducation\/activites-pour-les-fonctions-cognitives\/activites-de-cognition-sociale\/exercices-de-cognition-sociale-pour-enfants\/\" tabindex=\"-1\" aria-hidden=\"true\"><img decoding=\"async\" width=\"400\" height=\"273\" src=\"https:\/\/neuronup.com\/fr\/wp-content\/uploads\/2022\/08\/Que-esperan-encontrar-4-1.webp\" class=\"entry-image size-landscape-sm\" alt=\"Exercices de cognition sociale pour enfants\" srcset=\"https:\/\/neuronup.com\/fr\/wp-content\/uploads\/2022\/08\/Que-esperan-encontrar-4-1-300x205.webp 300w, https:\/\/neuronup.com\/fr\/wp-content\/uploads\/2022\/08\/Que-esperan-encontrar-4-1-768x524.webp 768w, https:\/\/neuronup.com\/fr\/wp-content\/uploads\/2022\/08\/Que-esperan-encontrar-4-1-1024x699.webp 1024w, https:\/\/neuronup.com\/fr\/wp-content\/uploads\/2022\/08\/Que-esperan-encontrar-4-1.webp 1205w\" sizes=\"(max-width:599px) 599px, (min-width:600px) and (max-width: 799px) 799px, (min-width:800px) and (max-width: 999px) 333px, (min-width:1000px) 400px\" \/><\/a><div class=\"entry-wrap entry-wrap-grid\"><h3 class=\"entry-title\" itemprop=\"headline\"><a class=\"entry-title-link\" href=\"https:\/\/neuronup.com\/fr\/activites-de-neuro-reeducation\/activites-pour-les-fonctions-cognitives\/activites-de-cognition-sociale\/exercices-de-cognition-sociale-pour-enfants\/\" rel=\"bookmark\">Exercices de cognition sociale pour enfants<\/a><\/h3>\n<\/div><\/article><article class=\"entry entry-grid is-column has-entry-link has-image has-image-first type-post category-activites-de-cognition-sociale tag-activites-de-stimulation-cognitive tag-activites-de-stimulation-cognitive-pour-enfants tag-actualites-de-neuronup tag-cognition-sociale tag-enfants tag-intelligence-emotionnelle\" style=\"--entry-index:6;\" aria-label=\"Activit\u00e9 pour identifier les \u00e9motions : Devinez le visage ?\" itemscope itemtype=\"https:\/\/schema.org\/CreativeWork\"><a class=\"entry-image-link\" href=\"https:\/\/neuronup.com\/fr\/activites-de-neuro-reeducation\/activites-pour-les-fonctions-cognitives\/activites-de-cognition-sociale\/activite-pour-identifier-les-emotions\/\" tabindex=\"-1\" aria-hidden=\"true\"><img decoding=\"async\" width=\"400\" height=\"283\" src=\"https:\/\/neuronup.com\/fr\/wp-content\/uploads\/2022\/09\/Actividad-para-identificar-emociones-de-NeuronUP-Adivinas-la-cara-1-1-1.webp\" class=\"entry-image size-landscape-sm\" alt=\"Activit\u00e9 pour identifier les \u00e9motions de NeuronUP Tu devines le visage\" srcset=\"https:\/\/neuronup.com\/fr\/wp-content\/uploads\/2022\/09\/Actividad-para-identificar-emociones-de-NeuronUP-Adivinas-la-cara-1-1-1-300x212.webp 300w, https:\/\/neuronup.com\/fr\/wp-content\/uploads\/2022\/09\/Actividad-para-identificar-emociones-de-NeuronUP-Adivinas-la-cara-1-1-1-768x543.webp 768w, https:\/\/neuronup.com\/fr\/wp-content\/uploads\/2022\/09\/Actividad-para-identificar-emociones-de-NeuronUP-Adivinas-la-cara-1-1-1-1024x724.webp 1024w, https:\/\/neuronup.com\/fr\/wp-content\/uploads\/2022\/09\/Actividad-para-identificar-emociones-de-NeuronUP-Adivinas-la-cara-1-1-1.webp 1200w\" sizes=\"(max-width:599px) 599px, (min-width:600px) and (max-width: 799px) 799px, (min-width:800px) and (max-width: 999px) 333px, (min-width:1000px) 400px\" \/><\/a><div class=\"entry-wrap entry-wrap-grid\"><h3 class=\"entry-title\" itemprop=\"headline\"><a class=\"entry-title-link\" href=\"https:\/\/neuronup.com\/fr\/activites-de-neuro-reeducation\/activites-pour-les-fonctions-cognitives\/activites-de-cognition-sociale\/activite-pour-identifier-les-emotions\/\" rel=\"bookmark\">Activit\u00e9 pour identifier les \u00e9motions : Devinez le visage ?<\/a><\/h3>\n<\/div><\/article><\/div><\/div>\n\n","protected":false},"excerpt":{"rendered":"<p>Les traumatismes cr\u00e2niens (TC) sont un probl\u00e8me critique de sant\u00e9 publique, \u00e0 la fois en raison de leurs taux de mortalit\u00e9 \u00e9lev\u00e9s, ainsi que des handicaps v\u00e9cus par les patients qui y survivent, montrant des difficult\u00e9s au niveau cognitif, affectif, familial, social et professionnel qui affectent leur qualit\u00e9 de vie (Arango-Lasprilla, Quijano et Cuervo, 2010 &hellip;<\/p>\n","protected":false},"author":349,"featured_media":34088,"comment_status":"open","ping_status":"closed","sticky":false,"template":"","format":"standard","meta":{"_acf_changed":false,"_genesis_hide_title":false,"_genesis_hide_breadcrumbs":false,"_genesis_hide_singular_image":false,"_genesis_hide_footer_widgets":false,"_genesis_custom_body_class":"","_genesis_custom_post_class":"","_genesis_layout":"","footnotes":""},"categories":[573],"tags":[657,728,631,632],"class_list":{"2":"type-post","7":"category-lesions-cerebrales","8":"tag-cerveau","9":"tag-fonctions-executives","10":"tag-neuro-reeducation","11":"tag-reeducation-cognitive","12":"entry"},"acf":[],"_links":{"self":[{"href":"https:\/\/neuronup.com\/fr\/wp-json\/wp\/v2\/posts\/5390","targetHints":{"allow":["GET"]}}],"collection":[{"href":"https:\/\/neuronup.com\/fr\/wp-json\/wp\/v2\/posts"}],"about":[{"href":"https:\/\/neuronup.com\/fr\/wp-json\/wp\/v2\/types\/post"}],"author":[{"embeddable":true,"href":"https:\/\/neuronup.com\/fr\/wp-json\/wp\/v2\/users\/349"}],"replies":[{"embeddable":true,"href":"https:\/\/neuronup.com\/fr\/wp-json\/wp\/v2\/comments?post=5390"}],"version-history":[{"count":0,"href":"https:\/\/neuronup.com\/fr\/wp-json\/wp\/v2\/posts\/5390\/revisions"}],"wp:featuredmedia":[{"embeddable":true,"href":"https:\/\/neuronup.com\/fr\/wp-json\/wp\/v2\/media\/34088"}],"wp:attachment":[{"href":"https:\/\/neuronup.com\/fr\/wp-json\/wp\/v2\/media?parent=5390"}],"wp:term":[{"taxonomy":"category","embeddable":true,"href":"https:\/\/neuronup.com\/fr\/wp-json\/wp\/v2\/categories?post=5390"},{"taxonomy":"post_tag","embeddable":true,"href":"https:\/\/neuronup.com\/fr\/wp-json\/wp\/v2\/tags?post=5390"}],"curies":[{"name":"wp","href":"https:\/\/api.w.org\/{rel}","templated":true}]}}