{"id":5309,"date":"2025-06-07T09:02:42","date_gmt":"2025-06-07T09:02:42","guid":{"rendered":"https:\/\/neuronup.com\/?p=5309"},"modified":"2026-01-29T17:33:21","modified_gmt":"2026-01-29T15:33:21","slug":"perception-visuelle-dans-la-maladie-dalzheimer","status":"publish","type":"post","link":"https:\/\/neuronup.com\/fr\/actualites-de-la-stimulation-cognitive\/maladies-neurodegeneratives\/alzheimer\/perception-visuelle-dans-la-maladie-dalzheimer\/","title":{"rendered":"La perception visuelle dans la maladie d\u2019Alzheimer"},"content":{"rendered":"\n<p>Nous pouvons commencer ce texte en convenant, d\u2019une part, que la forme la plus fr\u00e9quente de d\u00e9but de la <a href=\"https:\/\/neuronup.com\/fr\/la-neuro-reeducation\/les-maladies-neurodegeneratives\/maladie-dalzheimer\/\" data-type=\"URL\" data-id=\"https:\/\/neuronup.com\/fr\/la-neuro-reeducation\/les-maladies-neurodegeneratives\/maladie-dalzheimer\/\">maladie d\u2019Alzheimer (MA)<\/a> se caract\u00e9rise par une <strong>alt\u00e9ration pr\u00e9coce et prononc\u00e9e de la m\u00e9moire \u00e9pisodique<\/strong> par rapport aux autres fonctions cognitives et, d\u2019autre part, que le profil neuropsychologique caract\u00e9ristique d\u2019un patient atteint de d\u00e9mence de type Alzheimer aux stades l\u00e9ger et mod\u00e9r\u00e9 pourrait inclure, avec une certaine variabilit\u00e9 interindividuelle, une combinaison de d\u00e9ficits de m\u00e9moire \u00e9pisodique, d\u00e9nomination, attention altern\u00e9e et partag\u00e9e, cat\u00e9gorisation s\u00e9mantique, m\u00e9moire de travail, fluidit\u00e9 verbale, flexibilit\u00e9 cognitive, monitoring et supervision, ainsi qu\u2019au niveau des habilet\u00e9s visuo-perceptives, visuo-spatiales et visuo-constructives. En partant du principe que <strong>lors de la progression de la maladie d\u2019Alzheimer, le d\u00e9clin finira par affecter l\u2019ensemble des capacit\u00e9s cognitives<\/strong>.<\/p>\n\n\n\n<p>Cependant, dans le texte qui nous occupe aujourd\u2019hui, nous allons faire un retour en arri\u00e8re pour mettre <strong>l\u2019accent sur les phases pr\u00e9cliniques, prodr\u00f4males et du trouble cognitif l\u00e9ger (TCL)<\/strong>, des phases qui prennent de plus en plus d\u2019importance dans le domaine de la neuropsychologie en raison du fort int\u00e9r\u00eat, et de la grande responsabilit\u00e9, suscit\u00e9s par le <strong>diagnostic pr\u00e9coce de la maladie d\u2019Alzheimer<\/strong>.<\/p>\n\n\n\n<div style=\"height:50px\" aria-hidden=\"true\" class=\"wp-block-spacer\"><\/div>\n\n\n\n<figure class=\"wp-block-image size-large\"><a href=\"https:\/\/neuronup.com\/wp-content\/uploads\/2024\/10\/Infografia-Alzheimer-NeuronUP.pdf\"><img decoding=\"async\" src=\"https:\/\/neuronup.com\/wp-content\/uploads\/2024\/10\/Infografia-simplificada-enfermedad-de-Alzheimer-ES-NeuronUP-1024x576.webp\" alt=\"\" class=\"wp-image-34400\"\/><\/a><figcaption class=\"wp-element-caption\">Donn\u00e9es essentielles sur la maladie d\u2019Alzheimer.<\/figcaption><\/figure>\n\n\n\n<h2 class=\"wp-block-heading\">Image biais\u00e9e de la maladie d\u2019Alzheimer : le d\u00e9clin cognitif amn\u00e9sique<\/h2>\n\n\n\n<p>Quand on parle de la maladie d\u2019Alzheimer, la plupart des gens, qu\u2019ils soient professionnels de la neuropsychologie ou non, pensent imm\u00e9diatement au <strong>d\u00e9clin cognitif amn\u00e9sique<\/strong>. Cette image est profond\u00e9ment ancr\u00e9e dans l\u2019imaginaire collectif et, bien qu\u2019elle soit exacte, elle offre \u00e9galement une vision biais\u00e9e et partielle de la MA. En effet, dans le milieu scientifique, ce biais se retrouve aussi : la plupart des recherches visant \u00e0 d\u00e9crire les d\u00e9ficits cognitifs ainsi que l\u2019\u00e9volution de la MA aux stades pr\u00e9cliniques, prodr\u00f4maux et du TCL se sont particuli\u00e8rement focalis\u00e9es sur <strong>l\u2019\u00e9tude de la m\u00e9moire \u00e9pisodique<\/strong> <em>(Mortamais et al., 2017)<\/em>.<\/p>\n\n\n\n<h2 class=\"wp-block-heading\">Formes \u00ab atypiques \u00bb de la maladie d\u2019Alzheimer<\/h2>\n\n\n\n<p>Mais, en \u00e9largissant le champ d\u2019\u00e9tude au-del\u00e0 de celle-ci, d\u2019autres <strong>formes \u00ab atypiques \u00bb de MA<\/strong> ont \u00e9galement \u00e9t\u00e9 recens\u00e9es et classifi\u00e9es : elles se manifestent tr\u00e8s t\u00f4t par des d\u00e9ficits pr\u00e9dominants d\u2019attention, de fonctions ex\u00e9cutives, de langage ou de vitesse de traitement de l\u2019information, renfor\u00e7ant ainsi les preuves en faveur de la <strong>h\u00e9t\u00e9rog\u00e9n\u00e9it\u00e9 ph\u00e9notypique<\/strong> de la MA, m\u00eame \u00e0 ses stades les plus pr\u00e9coces <em>(Twamley et al., 2006 ; McKhann et al., 2011 ; 2010 ; Hassenstab et al., 2015 ; Han et al., 2017 ; Schindler et al., 2017)<\/em>.<\/p>\n\n\n<div class=\"wp-block-image\">\n<figure class=\"aligncenter size-large\"><img decoding=\"async\" width=\"1024\" height=\"625\" src=\"https:\/\/neuronup.com\/fr\/wp-content\/uploads\/2021\/10\/Percepcion-visual-en-la-enfermedad-de-Alzheimer-1024x625.webp\" alt=\"Visage d&#039;une personne \u00e2g\u00e9e partiellement recouvert par des pi\u00e8ces de puzzle superpos\u00e9es, avec un arri\u00e8re-plan flou.\" class=\"wp-image-5312\" srcset=\"https:\/\/neuronup.com\/fr\/wp-content\/uploads\/2021\/10\/Percepcion-visual-en-la-enfermedad-de-Alzheimer-300x183.webp 300w, https:\/\/neuronup.com\/fr\/wp-content\/uploads\/2021\/10\/Percepcion-visual-en-la-enfermedad-de-Alzheimer-768x469.webp 768w, https:\/\/neuronup.com\/fr\/wp-content\/uploads\/2021\/10\/Percepcion-visual-en-la-enfermedad-de-Alzheimer-1024x625.webp 1024w, https:\/\/neuronup.com\/fr\/wp-content\/uploads\/2021\/10\/Percepcion-visual-en-la-enfermedad-de-Alzheimer.webp 1200w\" sizes=\"(max-width: 1024px) 100vw, 1024px\" \/><\/figure>\n<\/div>\n\n\n<p>Il en va de m\u00eame pour les fonctions visuo-perceptives et visuo-spatiales qui, bien qu\u2019\u00e9tant parmi les fonctions cognitives les moins \u00e9tudi\u00e9es, jouent \u00e9galement un r\u00f4le important dans le diagnostic et l\u2019\u00e9volution clinique de la MA. De plus, ce moindre int\u00e9r\u00eat pour les gnosies ne refl\u00e8te pas l\u2019impact que leur alt\u00e9ration peut avoir sur l\u2019autonomie fonctionnelle et la qualit\u00e9 de vie de nos patients. Par exemple, <strong>les agnosies visuelles peuvent nuire fortement<\/strong> \u00e0 la capacit\u00e9 d\u2019un patient \u00e0 accomplir correctement des <strong>activit\u00e9s de la vie quotidienne<\/strong> aussi essentielles que conduire un v\u00e9hicule, lire et \u00e9crire, reconna\u00eetre des visages familiers, rep\u00e9rer des produits dans un supermarch\u00e9, trouver un objet dans un tiroir ou une armoire, ou orienter correctement un v\u00eatement pour s\u2019habiller.<\/p>\n\n\n\n<h3 class=\"wp-block-heading\">Alt\u00e9rations visuo-spatiales<\/h3>\n\n\n\n<p>Comme je le disais, et malgr\u00e9 le faible nombre d\u2019\u00e9tudes mettant en avant ou tout au moins incluant les fonctions visuo-perceptives et visuo-spatiales, des preuves ont \u00e9t\u00e9 recueillies montrant que certains sujets pr\u00e9sentent des signes d\u2019<strong>alt\u00e9rations visuo-spatiales<\/strong>, tels que des difficult\u00e9s \u00e0 copier un dessin, \u00e0 ajuster des pi\u00e8ces dans des motifs en deux ou trois dimensions, ou des \u00e9checs aux sous-tests de perception spatiale de la <strong>Batterie de perception visuelle et spatiale des objets (VOSP)<\/strong>, <strong>jusqu\u2019\u00e0 5 ans avant le diagnostic de MA<\/strong>, ces d\u00e9ficits visuo-spatiaux pr\u00e9c\u00e9dant parfois l\u2019apparition d\u2019autres d\u00e9ficits cognitifs, y compris l\u2019amn\u00e9sie <em>(Mandal et al., 2012 ; Schmid et al., 2013)<\/em>.<\/p>\n\n\n\n<h3 class=\"wp-block-heading\">Alt\u00e9rations visuo-perceptives<\/h3>\n\n\n\n<p>Un ph\u00e9nom\u00e8ne similaire a \u00e9t\u00e9 observ\u00e9 pour les fonctions visuo-perceptives : en utilisant des t\u00e2ches de reconnaissance visuelle d\u2019objets comme le Test des 15 objets ou la VOSP, des signes d\u2019<strong>agnosie visuelle aperceptive<\/strong> ont \u00e9t\u00e9 d\u00e9tect\u00e9s chez des sujets se trouvant aux <strong>stades pr\u00e9cliniques et l\u00e9gers de la MA<\/strong> <em>(Norlund et al., 2005 ; Alegret et al., 2009 ; Quental et al., 2013)<\/em>.<\/p>\n\n\n\n<h3 class=\"wp-block-heading\">Valeur clinique des agnosies visuelles<\/h3>\n\n\n\n<p>En outre, et ce n\u2019est pas une nouveaut\u00e9, nous savons qu\u2019une fois qu\u2019une fonction cognitive se d\u00e9t\u00e9riore, elle suit un cours progressif et irr\u00e9versible de d\u00e9clin. \u00c0 cet \u00e9gard, les fonctions visuo-perceptives et visuo-spatiales ne font pas exception. L\u2019aspect remarquable ici est qu\u2019en fonction du degr\u00e9 de d\u00e9gradation du traitement sup\u00e9rieur de l\u2019information visuelle, il serait possible de distinguer et de regrouper un \u00e9chantillon de sujets en trois cat\u00e9gories : sains, souffrant de TCL ou atteints d\u2019une MA l\u00e9g\u00e8re. Autrement dit, au <strong>valeur clinique des agnosies visuelles comme marqueur diagnostique pr\u00e9coce<\/strong> s\u2019ajoute le fait que <strong>la gravit\u00e9 et le rythme de leur d\u00e9clin constituent un indicateur sensible de l\u2019\u00e9tat et de la progression de la maladie<\/strong> <em>(Johnson et al., 2009 ; Alegret et al., 2009 ; Riley et al., 2010 ; Wilson et al., 2011 ; Quental et al., 2013 ; Salimi et al., 2018)<\/em>.<\/p>\n\n\n\n<p>En ce qui concerne les corr\u00e9lats neuroanatomiques de la MA, d\u00e8s les phases tr\u00e8s pr\u00e9coces de la maladie d\u2019Alzheimer, on observe d\u00e9j\u00e0 une accumulation de prot\u00e9ine b\u00eata-amylo\u00efde et un hypom\u00e9tabolisme dans des structures m\u00e9diales temporales telles que le cortex p\u00e9rirhinal, entorhinal et la formation hippocampique, et, de mani\u00e8re concomitante, \u00e9galement dans des r\u00e9gions telles que le cortex cingulaire post\u00e9rieur, le cortex pari\u00e9tal inf\u00e9rieur, le pr\u00e9cun\u00e9us et le gyrus angulaire, qui font partie du r\u00e9seau post\u00e9rieur du Default Mode Network.<\/p>\n\n\n\n<p>Ainsi, si l\u2019on analyse ces constatations du point de vue de la connectivit\u00e9 c\u00e9r\u00e9brale fonctionnelle, on pourrait s\u2019attendre \u00e0 ce que l\u2019hypoconnectivit\u00e9 entre les n\u0153uds d\u2019un r\u00e9seau pari\u00e9to-temporal m\u00e9dial, ou la perte de connexion entre les voies dorsale et ventrale via le cortex cingulaire, sous-tende la d\u00e9t\u00e9rioration de la capacit\u00e9 \u00e0 int\u00e9grer et \u00e0 traiter l\u2019information visuo-spatiale et visuo-perceptive aux stades pr\u00e9coces de la MA <em>(Alegret et al., 2010 ; Schmid et al., 2013 ; Jacobs et al., 2015 ; Dubois et al., 2016 ; Mortamais et al., 2017)<\/em>.<\/p>\n\n\n\n<h3 class=\"wp-block-heading\">Perception visuelle dans la maladie d\u2019Alzheimer<\/h3>\n\n\n\n<p>Pour cadrer le sujet et pr\u00e9ciser, \u00e0 la lumi\u00e8re des donn\u00e9es pr\u00e9c\u00e9dentes, il est envisag\u00e9 que les d\u00e9ficits de perception visuelle puissent servir de marqueur cognitif pour la <strong>d\u00e9tection ou le diagnostic de sujets se trouvant en phase prodr\u00f4male<\/strong> et m\u00eame <strong>en phase pr\u00e9clinique de la MA<\/strong>, ainsi que pour informer sur la progression ou l\u2019aggravation de la maladie au cours de ses diff\u00e9rentes \u00e9tapes.<\/p>\n\n\n\n<p>Cependant, il ne faut pas perdre de vue que la <strong>pr\u00e9valence<\/strong> des d\u00e9ficits perceptifs visuels chez les patients atteints de MA est estim\u00e9e entre <strong>20 % et 40 %<\/strong>, ce qui montre que l\u2019absence de ces d\u00e9ficits chez un patient n\u2019exclut pas un cas de MA, bien s\u00fbr <em>(Salimi et al., 2018)<\/em>.<\/p>\n\n\n\n<p>En d\u00e9finitive, ce type de d\u00e9couvertes nous oblige \u00e0 rompre avec les anciens sch\u00e9mas et id\u00e9es pr\u00e9con\u00e7ues sur la MA et \u00e0 adopter une perspective plus large quant \u00e0 son expression clinique possible, car elle se caract\u00e9rise par un<strong> tableau syndromique complexe<\/strong> dans lequel plusieurs fonctions cognitives, au-del\u00e0 de la m\u00e9moire \u00e9pisodique, peuvent jouer un r\u00f4le important d\u00e8s le d\u00e9but de la maladie. Certains vont m\u00eame jusqu\u2019\u00e0 estimer que, si le d\u00e9clin de la m\u00e9moire est un indicateur de la MA, <strong>les d\u00e9ficits visuo-spatiaux en sont la signature distinctive<\/strong> et que leur utilisation comme marqueur clinique pourrait augmenter la sp\u00e9cificit\u00e9 du diagnostic de la maladie <em>(Mandal et al., 2012 ; Jacobson et al., 2009)<\/em>. Mais il ne s\u2019agit que d\u2019une possibilit\u00e9 ; seul le temps et une exploration exhaustive des fonctions visuelles sup\u00e9rieures nous le diront.<\/p>\n\n\n\n<div style=\"height:50px\" aria-hidden=\"true\" class=\"wp-block-spacer\"><\/div>\n\n\n\n<div class=\"wp-block-group br-0111 has-primary-background-color has-background has-dark-background has-sm-padding-top has-sm-padding-left has-sm-padding-right has-xxl-margin-top\"><div class=\"wp-block-group__inner-container is-layout-constrained wp-block-group-is-layout-constrained\">\n<div class=\"wp-block-columns is-layout-flex wp-container-core-columns-is-layout-9d6595d7 wp-block-columns-is-layout-flex\">\n<div class=\"wp-block-column is-layout-flow wp-block-column-is-layout-flow\">\n<figure class=\"wp-block-image size-full desktop-position-absolute desktop-bottom-0 mobile-width-50 mobile-m-inline-auto has-xl-margin-top\"><img decoding=\"async\" width=\"292\" height=\"338\" src=\"https:\/\/neuronup.com\/fr\/wp-content\/uploads\/2024\/10\/certificat-produit.webp\" alt=\"\" class=\"wp-image-31568\" srcset=\"https:\/\/neuronup.com\/fr\/wp-content\/uploads\/2024\/10\/certificat-produit-259x300.webp 259w, https:\/\/neuronup.com\/fr\/wp-content\/uploads\/2024\/10\/certificat-produit.webp 292w\" sizes=\"(max-width: 292px) 100vw, 292px\" \/><\/figure>\n<\/div>\n\n\n\n<div class=\"wp-block-column is-layout-flow wp-block-column-is-layout-flow\">\n<h2 class=\"wp-block-heading has-white-color has-text-color\"><strong>Abonnez-vous<\/strong> <br>\u00e0 notre <br>Newsletter<\/h2>\n\n\n\n<div class=\"wp-block-buttons is-layout-flex wp-block-buttons-is-layout-flex\">\n<div class=\"wp-block-button--1\" style=\"--button-outline-color:var(--color-white);--button-outline-color-hover:rgba(0,0,0,0.8);\"><a class=\"wp-block-button__link button button-outline   wp-element-button\" href=\"https:\/\/neuronup.com\/fr\/newsletter\/\">Abonnez-vous<\/a><\/div>\n\n<\/div>\n\n\n\n<div style=\"height:40px\" aria-hidden=\"true\" class=\"wp-block-spacer\"><\/div>\n<\/div>\n<\/div>\n<\/div><\/div>\n\n\n\n\n<div style=\"height:50px\" aria-hidden=\"true\" class=\"wp-block-spacer\"><\/div>\n\n\n\n<h2 class=\"wp-block-heading\">\u00c9valuation neuropsychologique<\/h2>\n\n\n\n<p>En conclusion, en passant en revue la bibliographie disponible sur la MA, nous pouvons en d\u00e9duire qu\u2019il s\u2019agit d\u2019une <strong>maladie tr\u00e8s h\u00e9t\u00e9rog\u00e8ne<\/strong>, ce qui, ajout\u00e9 aux diff\u00e9rences inh\u00e9rentes \u00e0 chaque individu, nous oblige \u00e0 ne pas pr\u00e9sumer a priori de l\u2019existence ou non d\u2019une alt\u00e9ration de quelque processus cognitif que ce soit.<\/p>\n\n\n\n<p>Par cons\u00e9quent, ce fait appliqu\u00e9 au quotidien d\u2019une consultation en neuropsychologie implique d\u2019admettre in\u00e9vitablement qu\u2019<strong>il n\u2019existe aucun programme de r\u00e9\u00e9ducation neuropsychologique pouvant \u00eatre appliqu\u00e9 de mani\u00e8re standardis\u00e9e<\/strong>, automatique ou g\u00e9n\u00e9ralis\u00e9e \u00e0 ces patients. En somme, il n\u2019existe ni application mobile, ni application tablette, ni logiciel, ni cahier d\u2019exercices, ni m\u00eame t\u00e2che ludique ou de la vie quotidienne pouvant \u00eatre recommand\u00e9s \u00e0 tous les patients. C\u2019est donc peut-\u00eatre \u00e0 ce niveau que r\u00e9side la principale limite des s\u00e9ances de r\u00e9\u00e9ducation neuropsychologique en groupe.<\/p>\n\n\n\n<p>De plus, comme l\u2019h\u00e9t\u00e9rog\u00e9n\u00e9it\u00e9 de la MA ne se limite pas \u00e0 l\u2019ensemble des signes qu\u2019un patient peut pr\u00e9senter \u00e0 un moment donn\u00e9, un <strong>ajustement continu de la r\u00e9\u00e9ducation en fonction du cours de d\u00e9clin cognitif progressif<\/strong> propre \u00e0 la maladie d\u2019Alzheimer est \u00e9galement n\u00e9cessaire. Cela peut sembler \u00e9vident, mais il faut encore rappeler que recevoir un diagnostic d\u2019Alzheimer ne fait pas automatiquement de la personne une personne \u00e2g\u00e9e pr\u00e9sentant un d\u00e9clin cognitif s\u00e9v\u00e8re et une d\u00e9pendance grave dans les activit\u00e9s de la vie quotidienne.<\/p>\n\n\n\n<p>En d\u00e9finitive, si vous envisagez de mettre en \u0153uvre un programme de r\u00e9\u00e9ducation neuropsychologique, il n\u2019y a pas d\u2019autre choix que de <strong>r\u00e9aliser pr\u00e9alablement une \u00e9valuation neuropsychologique exhaustive<\/strong>, d\u2019analyser l\u2019\u00e9tat cognitif de votre patient processus par processus, d\u2019intervenir sur ceux-ci, puis de r\u00e9\u00e9valuer p\u00e9riodiquement la cognition afin de nous adapter \u00e0 son \u00e9volution.<\/p>\n\n\n\n<h2 class=\"wp-block-heading\">Bibliographie de l\u2019article \u00ab Perception visuelle dans la maladie d\u2019Alzheimer \u00bb<\/h2>\n\n\n\n<ul class=\"wp-block-list has-sm-font-size\"><li>Alegret, M., Boada-Rovira, M., Vinyes-Junqu\u00e9, G., Valero, S., Espinosa, A., Hern\u00e1ndez, I., \u2026 &amp; T\u00e1rraga, L. (2009). Detection of visuoperceptual deficits in preclinical and mild Alzheimer\u2019s disease. Journal of clinical and experimental neuropsychology, 31(7), 860-867.<\/li><li>Alegret, M., Vinyes-Junqu\u00e9, G., Boada, M., Mart\u00ednez-Lage, P., Cuberas, G., Espinosa, A., \u2026 &amp; Maule\u00f3n, A. (2010). Brain perfusion correlates of visuoperceptual deficits in mild cognitive impairment and mild Alzheimer\u2019s disease. Journal of Alzheimer\u2019s Disease, 21(2), 557-567.<\/li><li>Dubois, B., Hampel, H., Feldman, H. H., Scheltens, P., Aisen, P., Andrieu, S., \u2026 &amp; Broich, K. (2016). Preclinical Alzheimer\u2019s disease: definition, natural history, and diagnostic criteria. Alzheimer\u2019s &amp; Dementia, 12(3), 292-323.<\/li><li>Han, S. D., Nguyen, C. P., Stricker, N. H., &amp; Nation, D. A. (2017). Detectable neuropsychological differences in early preclinical Alz-heimer\u2019s disease: A meta-analysis. Neuropsychology review, 1-21.<\/li><li>Hassenstab, J., Monsell, S. E., Mock, C., Roe, C. M., Cairns, N. J., Morris, J. C., &amp; Kukull, W. (2015). Neuropsychological Markers of Cognitive Decline in Persons With Alzheimer Disease Neuropatholo-gy. Journal of Neuropathology and Experimental Neurology, 74(11), 1086\u20131092.&nbsp;<em>http:\/\/doi.org\/10.1097\/NEN.0000000000000254<\/em><\/li><li>Jacobs, H. I., Gronenschild, E. H., Evers, E. A., Ramakers, I. H., Hofman, P. A., Backes, W. H., \u2026 &amp; Van Boxtel, M. P. (2015). Visuospatial processing in early Alzheimer\u2019s disease: A multimodal neuroimaging study. cortex, 64, 394-406.<\/li><li>Jacobson, M. W., Delis, D. C., Peavy, G. M., Wetter, S. R., Bigler, E. D., Abildskov, T. J., \u2026 &amp; Salmon, D. P. (2009). The emergence of cognitive discrepancies in preclinical Alzheimer\u2019s disease: A six-year case study. Neurocase, 15(4), 278-293.<\/li><li>Johnson, D. K., Storandt, M., Morris, J. C., &amp; Galvin, J. E. (2009). Longitudinal study of the transition from healthy aging to Alzheimer disease. Archives of neurology, 66(10), 1254-1259.<\/li><li>Mandal, P. K., Joshi, J., &amp; Saharan, S. (2012). Visuospatial perception: an emerging biomarker for Alzheimer\u2019s disease. Journal of Alzheimer\u2019s Disease, 31(s3), S117-S135.<\/li><li>McKhann, G. M., Knopman, D. S., Chertkow, H., Hyman, B. T., Jack Jr, C. R., Kawas, C. H., \u2026 &amp; Mohs, R. C. (2011). The diagnosis of dementia due to Alzheimer\u2019s disease: Recommendations from the National Institute on Aging-Alzheimer\u2019s Association workgroups on diagnostic guidelines for Alzheimer\u2019s disease. Alzheimer\u2019s &amp; dementia, 7(3), 263-269.<\/li><\/ul>\n\n\n\n<h2 class=\"wp-block-heading\">Autres r\u00e9f\u00e9rences bibliographiques<\/h2>\n\n\n\n<ul class=\"wp-block-list has-sm-font-size\"><li>Mortamais, M., Ash, J. A., Harrison, J., Kaye, J., Kramer, J., Ran-dolph, C., \u2026 &amp; Ritchie, K. (2017). Detecting cognitive changes in preclinical Alzheimer\u2019s disease: A review of its feasibility. Alzhei-mer\u2019s &amp; Dementia, 13(4), 468-492.<\/li><li>Quental, N. B. M., Brucki, S. M. D., &amp; Bueno, O. F. A. (2013). Visuospatial function in early Alzheimer\u2019s disease\u2014the use of the Visual Object and Space Perception (VOSP) battery. PLoS One, 8(7), e68398.<\/li><li>Salimi, S., Irish, M., Foxe, D., Hodges, J. R., Piguet, O., &amp; Burrell, J. R. (2018). Can visuospatial measures improve the diagnosis of Alzheimer\u2019s disease? Alzheimer\u2019s and Dementia: Diagnosis, Assessment and Disease Monitoring, 10, 66\u201374.&nbsp;<em>https:\/\/doi.org\/10.1016\/j.dadm.2017.10.004<\/em><\/li><li>Schindler, S. E., Jasielec, M. S., Weng, H., Hassenstab, J. J., Grober, E., McCue, L. M., \u2026 &amp; Fagan, A. M. (2017). Neuropsychological measures that detect early impairment and decline in preclinical Alzheimer disease. Neurobiology of aging, 56, 25-32.<\/li><li>Schmid, N. S., Taylor, K. I., Foldi, N. S., Berres, M., &amp; Monsch, A. U. (2013). Neuropsychological signs of Alzheimer\u2019s disease 8 years prior to diagnosis. Journal of Alzheimer\u2019s Disease, 34(2), 537-546.<\/li><li>Riley, K. P., Jicha, G. A., Davis, D., Abner, E. L., Cooper, G. E., Stiles, N., \u2026 &amp; Schmitt, F. A. (2011). Prediction of preclinical Alzheimer\u2019s disease: longitudinal rates of change in cognition. Journal of Alzheimer\u2019s Disease, 25(4), 707-717.<\/li><li>Twamley, E. W., Ropacki, S. A. L., &amp; Bondi, M. W. (2006). Neuro-psychological and neuroimaging changes in preclinical Alzheimer\u2019s disease. Journal of the International Neuropsychological Society : JINS, 12(5), 707\u2013735.&nbsp;<em>http:\/\/doi.org\/10.1017\/S1355617706060863<\/em><\/li><li>Wilson, R. S., Leurgans, S. E., Boyle, P. A., &amp; Bennett, D. A. (2011). Cognitive decline in prodromal Alzheimer disease and mild cognitive impairment. Archives of neurology, 68(3), 351-356.<\/li><\/ul>\n\n\n\n<div style=\"height:100px\" aria-hidden=\"true\" class=\"wp-block-spacer\"><\/div>\n\n\n\n<h3 class=\"wp-block-heading\">Cela pourrait vous int\u00e9resser :<\/h3>\n\n<div class=\"mai-grid entries entries-grid has-boxed has-image-full\" style=\"--entry-title-font-size:var(--font-size-lg);--align-text:start;--entry-meta-text-align:start;\"><div class=\"entries-wrap has-columns\" style=\"--columns-xs:1\/1;--columns-sm:1\/1;--columns-md:1\/3;--columns-lg:1\/3;--flex-xs:0 0 var(--flex-basis);--flex-sm:0 0 var(--flex-basis);--flex-md:0 0 var(--flex-basis);--flex-lg:0 0 var(--flex-basis);--column-gap:var(--spacing-lg);--row-gap:var(--spacing-lg);--align-columns:start;\"><article class=\"entry entry-grid is-column has-entry-link has-image has-image-first type-post category-troubles-neuro-developpementaux tag-enfants tag-temoignages tag-troubles-neurodeveloppementaux\" style=\"--entry-index:1;\" aria-label=\"Les Troubles caus\u00e9s par l&#8217;alcoolisation f\u0153tale (TCAF)\" itemscope itemtype=\"https:\/\/schema.org\/CreativeWork\"><a class=\"entry-image-link\" href=\"https:\/\/neuronup.com\/fr\/actualites-de-la-stimulation-cognitive\/troubles-neuro-developpementaux\/les-troubles-causes-par-lalcoolisation-foetale-tcaf\/\" tabindex=\"-1\" aria-hidden=\"true\"><img decoding=\"async\" width=\"400\" height=\"300\" src=\"https:\/\/neuronup.com\/fr\/wp-content\/uploads\/2024\/11\/image-1200x700-1-2-400x300.webp\" class=\"entry-image size-landscape-sm\" alt=\"Femme enceinte refuse un verre de vin rouge offert, main sur le ventre, dans un int\u00e9rieur domestique.\" srcset=\"https:\/\/neuronup.com\/fr\/wp-content\/uploads\/2024\/11\/image-1200x700-1-2-400x300.webp 400w, https:\/\/neuronup.com\/fr\/wp-content\/uploads\/2024\/11\/image-1200x700-1-2-800x600.webp 800w\" sizes=\"(max-width:599px) 599px, (min-width:600px) and (max-width: 799px) 799px, (min-width:800px) and (max-width: 999px) 333px, (min-width:1000px) 400px\" \/><\/a><div class=\"entry-wrap entry-wrap-grid\"><h3 class=\"entry-title\" itemprop=\"headline\"><a class=\"entry-title-link\" href=\"https:\/\/neuronup.com\/fr\/actualites-de-la-stimulation-cognitive\/troubles-neuro-developpementaux\/les-troubles-causes-par-lalcoolisation-foetale-tcaf\/\" rel=\"bookmark\">Les Troubles caus\u00e9s par l&#8217;alcoolisation f\u0153tale (TCAF)<\/a><\/h3>\n<\/div><\/article><article class=\"entry entry-grid is-column has-entry-link has-image has-image-first type-post category-lesions-cerebrales tag-cerveau tag-gnosies tag-neuropsychologie\" style=\"--entry-index:2;\" aria-label=\"Agnosie visuelle (ou ne pas comprendre ce que vous voyez)\" itemscope itemtype=\"https:\/\/schema.org\/CreativeWork\"><a class=\"entry-image-link\" href=\"https:\/\/neuronup.com\/fr\/actualites-de-la-stimulation-cognitive\/lesions-cerebrales\/agnosie-visuelle-ou-ne-pas-comprendre-ce-que-vous-voyez\/\" tabindex=\"-1\" aria-hidden=\"true\"><img decoding=\"async\" width=\"400\" height=\"300\" src=\"https:\/\/neuronup.com\/fr\/wp-content\/uploads\/2024\/11\/Agnosie-visuelle-ou-ne-pas-comprendre-ce-que-vous-voyez-400x300.webp\" class=\"entry-image size-landscape-sm\" alt=\"Dessin illustrant des objets vari\u00e9s (carafe et couverts) \u00e9voquant l\u2019agnosie visuelle et les difficult\u00e9s \u00e0 reconna\u00eetre ce que l\u2019on voit.\" srcset=\"https:\/\/neuronup.com\/fr\/wp-content\/uploads\/2024\/11\/Agnosie-visuelle-ou-ne-pas-comprendre-ce-que-vous-voyez-400x300.webp 400w, https:\/\/neuronup.com\/fr\/wp-content\/uploads\/2024\/11\/Agnosie-visuelle-ou-ne-pas-comprendre-ce-que-vous-voyez-800x600.webp 800w, https:\/\/neuronup.com\/fr\/wp-content\/uploads\/2024\/11\/Agnosie-visuelle-ou-ne-pas-comprendre-ce-que-vous-voyez-1200x900.webp 1200w\" sizes=\"(max-width:599px) 599px, (min-width:600px) and (max-width: 799px) 799px, (min-width:800px) and (max-width: 999px) 333px, (min-width:1000px) 400px\" \/><\/a><div class=\"entry-wrap entry-wrap-grid\"><h3 class=\"entry-title\" itemprop=\"headline\"><a class=\"entry-title-link\" href=\"https:\/\/neuronup.com\/fr\/actualites-de-la-stimulation-cognitive\/lesions-cerebrales\/agnosie-visuelle-ou-ne-pas-comprendre-ce-que-vous-voyez\/\" rel=\"bookmark\">Agnosie visuelle (ou ne pas comprendre ce que vous voyez)<\/a><\/h3>\n<\/div><\/article><article class=\"entry entry-grid is-column has-entry-link has-image has-image-first type-post category-neuronup-academie tag-academie-neuronup tag-neuropsychologie tag-presentation-de-lacademie-neuronup\" style=\"--entry-index:3;\" aria-label=\"Psychologie de l&#8217;illusionnisme : cognition, \u00e9motion et magie appliqu\u00e9e \u00e0 la neuro-r\u00e9habilitation\" itemscope itemtype=\"https:\/\/schema.org\/CreativeWork\"><a class=\"entry-image-link\" href=\"https:\/\/neuronup.com\/fr\/formation\/neuronup-academie\/psychologie-de-lillusionnisme-cognition-emotion-et-magie-appliquee-a-la-neurorehabilitation\/\" tabindex=\"-1\" aria-hidden=\"true\"><img decoding=\"async\" width=\"300\" height=\"300\" src=\"https:\/\/neuronup.com\/fr\/wp-content\/uploads\/2022\/10\/Psicologia-del-ilusionismo-cognicion-emocion-y-magia-aplicada-a-la-neurorrehabilitacion-1-1-1-1-1.webp\" class=\"entry-image size-landscape-sm\" alt=\"Graphique bleu avec le logo NeuronUp Academy et la photo de Jos\u00e9 Mar\u00eda Ruiz (barbe et cheveux mi-longs) sur le th\u00e8me illusionnisme et cognition\" srcset=\"https:\/\/neuronup.com\/fr\/wp-content\/uploads\/2022\/10\/Psicologia-del-ilusionismo-cognicion-emocion-y-magia-aplicada-a-la-neurorrehabilitacion-1-1-1-1-1-24x24.webp 24w, https:\/\/neuronup.com\/fr\/wp-content\/uploads\/2022\/10\/Psicologia-del-ilusionismo-cognicion-emocion-y-magia-aplicada-a-la-neurorrehabilitacion-1-1-1-1-1-48x48.webp 48w, https:\/\/neuronup.com\/fr\/wp-content\/uploads\/2022\/10\/Psicologia-del-ilusionismo-cognicion-emocion-y-magia-aplicada-a-la-neurorrehabilitacion-1-1-1-1-1-96x96.webp 96w, https:\/\/neuronup.com\/fr\/wp-content\/uploads\/2022\/10\/Psicologia-del-ilusionismo-cognicion-emocion-y-magia-aplicada-a-la-neurorrehabilitacion-1-1-1-1-1-150x150.webp 150w, https:\/\/neuronup.com\/fr\/wp-content\/uploads\/2022\/10\/Psicologia-del-ilusionismo-cognicion-emocion-y-magia-aplicada-a-la-neurorrehabilitacion-1-1-1-1-1-300x300.webp 300w, https:\/\/neuronup.com\/fr\/wp-content\/uploads\/2022\/10\/Psicologia-del-ilusionismo-cognicion-emocion-y-magia-aplicada-a-la-neurorrehabilitacion-1-1-1-1-1-768x768.webp 768w, https:\/\/neuronup.com\/fr\/wp-content\/uploads\/2022\/10\/Psicologia-del-ilusionismo-cognicion-emocion-y-magia-aplicada-a-la-neurorrehabilitacion-1-1-1-1-1-1024x1024.webp 1024w, https:\/\/neuronup.com\/fr\/wp-content\/uploads\/2022\/10\/Psicologia-del-ilusionismo-cognicion-emocion-y-magia-aplicada-a-la-neurorrehabilitacion-1-1-1-1-1.webp 1202w\" sizes=\"(max-width:599px) 599px, (min-width:600px) and (max-width: 799px) 799px, (min-width:800px) and (max-width: 999px) 333px, (min-width:1000px) 400px\" \/><\/a><div class=\"entry-wrap entry-wrap-grid\"><h3 class=\"entry-title\" itemprop=\"headline\"><a class=\"entry-title-link\" href=\"https:\/\/neuronup.com\/fr\/formation\/neuronup-academie\/psychologie-de-lillusionnisme-cognition-emotion-et-magie-appliquee-a-la-neurorehabilitation\/\" rel=\"bookmark\">Psychologie de l&#8217;illusionnisme : cognition, \u00e9motion et magie appliqu\u00e9e \u00e0 la neuro-r\u00e9habilitation<\/a><\/h3>\n<\/div><\/article><article class=\"entry entry-grid is-column has-entry-link has-image has-image-first type-post category-cerveau tag-neurones-miroirs\" style=\"--entry-index:4;\" aria-label=\"Syst\u00e8me des neurones miroirs: fonction, dysfonctionnement et propositions de r\u00e9habilitation\" itemscope itemtype=\"https:\/\/schema.org\/CreativeWork\"><a class=\"entry-image-link\" href=\"https:\/\/neuronup.com\/fr\/neurosciences\/cerveau\/systeme-des-neurones-miroirs-fonction-dysfonctionnement-et-propositions-de-rehabilitation\/\" tabindex=\"-1\" aria-hidden=\"true\"><img decoding=\"async\" width=\"400\" height=\"300\" src=\"https:\/\/neuronup.com\/fr\/wp-content\/uploads\/2024\/11\/image-1200x675-2-2-400x300.webp\" class=\"entry-image size-landscape-sm\" alt=\"Deux t\u00eates en profil sur fond noir, cerveau stylis\u00e9 avec connexions et \u00e9clats lumineux montrant l\u2019activit\u00e9 des neurones miroirs\" srcset=\"https:\/\/neuronup.com\/fr\/wp-content\/uploads\/2024\/11\/image-1200x675-2-2-400x300.webp 400w, https:\/\/neuronup.com\/fr\/wp-content\/uploads\/2024\/11\/image-1200x675-2-2-800x600.webp 800w\" sizes=\"(max-width:599px) 599px, (min-width:600px) and (max-width: 799px) 799px, (min-width:800px) and (max-width: 999px) 333px, (min-width:1000px) 400px\" \/><\/a><div class=\"entry-wrap entry-wrap-grid\"><h3 class=\"entry-title\" itemprop=\"headline\"><a class=\"entry-title-link\" href=\"https:\/\/neuronup.com\/fr\/neurosciences\/cerveau\/systeme-des-neurones-miroirs-fonction-dysfonctionnement-et-propositions-de-rehabilitation\/\" rel=\"bookmark\">Syst\u00e8me des neurones miroirs: fonction, dysfonctionnement et propositions de r\u00e9habilitation<\/a><\/h3>\n<\/div><\/article><article class=\"entry entry-grid is-column has-entry-link has-image has-image-first type-post category-activites-de-gnosies tag-gnosies tag-neuronup tag-neuropsychologie tag-reeducation-cognitive tag-stimulation-cognitive\" style=\"--entry-index:5;\" aria-label=\"5 fiches de stimulation cognitive pour travailler les gnosies.\" itemscope itemtype=\"https:\/\/schema.org\/CreativeWork\"><a class=\"entry-image-link\" href=\"https:\/\/neuronup.com\/fr\/activites-de-neuro-reeducation\/activites-pour-les-fonctions-cognitives\/activites-de-gnosies\/5-fiches-de-stimulation-cognitive-pour-travailler-les-gnosies\/\" tabindex=\"-1\" aria-hidden=\"true\"><img decoding=\"async\" width=\"400\" height=\"300\" src=\"https:\/\/neuronup.com\/fr\/wp-content\/uploads\/2024\/11\/Capture-decran-2021-08-09-a-11.48.05-400x300.webp\" class=\"entry-image size-landscape-sm\" alt=\"Cercle vert sup\u00e9rieur au-dessus de trois cercles A, B et C affichant diff\u00e9rentes teintes de vert, illustrant un exercice de discrimination des couleurs.\" srcset=\"https:\/\/neuronup.com\/fr\/wp-content\/uploads\/2024\/11\/Capture-decran-2021-08-09-a-11.48.05-300x224.webp 300w, https:\/\/neuronup.com\/fr\/wp-content\/uploads\/2024\/11\/Capture-decran-2021-08-09-a-11.48.05-400x300.webp 400w, https:\/\/neuronup.com\/fr\/wp-content\/uploads\/2024\/11\/Capture-decran-2021-08-09-a-11.48.05-768x575.webp 768w, https:\/\/neuronup.com\/fr\/wp-content\/uploads\/2024\/11\/Capture-decran-2021-08-09-a-11.48.05-800x600.webp 800w, https:\/\/neuronup.com\/fr\/wp-content\/uploads\/2024\/11\/Capture-decran-2021-08-09-a-11.48.05-1024x766.webp 1024w, https:\/\/neuronup.com\/fr\/wp-content\/uploads\/2024\/11\/Capture-decran-2021-08-09-a-11.48.05-1200x900.webp 1200w, https:\/\/neuronup.com\/fr\/wp-content\/uploads\/2024\/11\/Capture-decran-2021-08-09-a-11.48.05-1536x1149.webp 1536w, https:\/\/neuronup.com\/fr\/wp-content\/uploads\/2024\/11\/Capture-decran-2021-08-09-a-11.48.05-2048x1532.webp 2048w\" sizes=\"(max-width:599px) 599px, (min-width:600px) and (max-width: 799px) 799px, (min-width:800px) and (max-width: 999px) 333px, (min-width:1000px) 400px\" \/><\/a><div class=\"entry-wrap entry-wrap-grid\"><h3 class=\"entry-title\" itemprop=\"headline\"><a class=\"entry-title-link\" href=\"https:\/\/neuronup.com\/fr\/activites-de-neuro-reeducation\/activites-pour-les-fonctions-cognitives\/activites-de-gnosies\/5-fiches-de-stimulation-cognitive-pour-travailler-les-gnosies\/\" rel=\"bookmark\">5 fiches de stimulation cognitive pour travailler les gnosies.<\/a><\/h3>\n<\/div><\/article><article class=\"entry entry-grid is-column has-entry-link has-image has-image-first type-post category-formation tag-temoignages\" style=\"--entry-index:6;\" aria-label=\"Formation neuropsychologie: Apprendre la neuror\u00e9habilitation de mani\u00e8re utile et pratique avec NeuronUP\" itemscope itemtype=\"https:\/\/schema.org\/CreativeWork\"><a class=\"entry-image-link\" href=\"https:\/\/neuronup.com\/fr\/formation\/formation-neuropsychologie-apprendre-la-neurorehabilitation-de-maniere-utile-et-pratique-avec-neuronup\/\" tabindex=\"-1\" aria-hidden=\"true\"><img decoding=\"async\" width=\"400\" height=\"300\" src=\"https:\/\/neuronup.com\/fr\/wp-content\/uploads\/2024\/11\/Formation-pratique-en-neuropsychologie-Apprendre-la-neurorehabilitation-de-maniere-utile-et-pratique-avec-NeuronUP.-Le-cas-de-lUNIR-2-400x300.webp\" class=\"entry-image size-landscape-sm\" alt=\"Personne devant un ordinateur, lunettes et chemise blanche, \u00e9cran affichant des graphismes; clavier et souris sur le bureau.\" srcset=\"https:\/\/neuronup.com\/fr\/wp-content\/uploads\/2024\/11\/Formation-pratique-en-neuropsychologie-Apprendre-la-neurorehabilitation-de-maniere-utile-et-pratique-avec-NeuronUP.-Le-cas-de-lUNIR-2-300x225.webp 300w, https:\/\/neuronup.com\/fr\/wp-content\/uploads\/2024\/11\/Formation-pratique-en-neuropsychologie-Apprendre-la-neurorehabilitation-de-maniere-utile-et-pratique-avec-NeuronUP.-Le-cas-de-lUNIR-2-400x300.webp 400w, https:\/\/neuronup.com\/fr\/wp-content\/uploads\/2024\/11\/Formation-pratique-en-neuropsychologie-Apprendre-la-neurorehabilitation-de-maniere-utile-et-pratique-avec-NeuronUP.-Le-cas-de-lUNIR-2-768x576.webp 768w, https:\/\/neuronup.com\/fr\/wp-content\/uploads\/2024\/11\/Formation-pratique-en-neuropsychologie-Apprendre-la-neurorehabilitation-de-maniere-utile-et-pratique-avec-NeuronUP.-Le-cas-de-lUNIR-2-800x600.webp 800w, https:\/\/neuronup.com\/fr\/wp-content\/uploads\/2024\/11\/Formation-pratique-en-neuropsychologie-Apprendre-la-neurorehabilitation-de-maniere-utile-et-pratique-avec-NeuronUP.-Le-cas-de-lUNIR-2-1024x768.webp 1024w, https:\/\/neuronup.com\/fr\/wp-content\/uploads\/2024\/11\/Formation-pratique-en-neuropsychologie-Apprendre-la-neurorehabilitation-de-maniere-utile-et-pratique-avec-NeuronUP.-Le-cas-de-lUNIR-2.webp 1200w\" sizes=\"(max-width:599px) 599px, (min-width:600px) and (max-width: 799px) 799px, (min-width:800px) and (max-width: 999px) 333px, (min-width:1000px) 400px\" \/><\/a><div class=\"entry-wrap entry-wrap-grid\"><h3 class=\"entry-title\" itemprop=\"headline\"><a class=\"entry-title-link\" href=\"https:\/\/neuronup.com\/fr\/formation\/formation-neuropsychologie-apprendre-la-neurorehabilitation-de-maniere-utile-et-pratique-avec-neuronup\/\" rel=\"bookmark\">Formation neuropsychologie: Apprendre la neuror\u00e9habilitation de mani\u00e8re utile et pratique avec NeuronUP<\/a><\/h3>\n<\/div><\/article><\/div><\/div>","protected":false},"excerpt":{"rendered":"<p>Nous pouvons commencer ce texte en convenant, d\u2019une part, que la forme la plus fr\u00e9quente de d\u00e9but de la maladie d\u2019Alzheimer (MA) se caract\u00e9rise par une alt\u00e9ration pr\u00e9coce et prononc\u00e9e de la m\u00e9moire \u00e9pisodique par rapport aux autres fonctions cognitives et, d\u2019autre part, que le profil neuropsychologique caract\u00e9ristique d\u2019un patient atteint de d\u00e9mence de type &hellip;<\/p>\n","protected":false},"author":182,"featured_media":5312,"comment_status":"open","ping_status":"open","sticky":false,"template":"","format":"standard","meta":{"_acf_changed":false,"_genesis_hide_title":false,"_genesis_hide_breadcrumbs":false,"_genesis_hide_singular_image":false,"_genesis_hide_footer_widgets":false,"_genesis_custom_body_class":"","_genesis_custom_post_class":"","_genesis_layout":"","footnotes":""},"categories":[579],"tags":[],"class_list":{"2":"type-post","7":"category-alzheimer","8":"entry"},"acf":[],"_links":{"self":[{"href":"https:\/\/neuronup.com\/fr\/wp-json\/wp\/v2\/posts\/5309","targetHints":{"allow":["GET"]}}],"collection":[{"href":"https:\/\/neuronup.com\/fr\/wp-json\/wp\/v2\/posts"}],"about":[{"href":"https:\/\/neuronup.com\/fr\/wp-json\/wp\/v2\/types\/post"}],"author":[{"embeddable":true,"href":"https:\/\/neuronup.com\/fr\/wp-json\/wp\/v2\/users\/182"}],"replies":[{"embeddable":true,"href":"https:\/\/neuronup.com\/fr\/wp-json\/wp\/v2\/comments?post=5309"}],"version-history":[{"count":0,"href":"https:\/\/neuronup.com\/fr\/wp-json\/wp\/v2\/posts\/5309\/revisions"}],"wp:featuredmedia":[{"embeddable":true,"href":"https:\/\/neuronup.com\/fr\/wp-json\/wp\/v2\/media\/5312"}],"wp:attachment":[{"href":"https:\/\/neuronup.com\/fr\/wp-json\/wp\/v2\/media?parent=5309"}],"wp:term":[{"taxonomy":"category","embeddable":true,"href":"https:\/\/neuronup.com\/fr\/wp-json\/wp\/v2\/categories?post=5309"},{"taxonomy":"post_tag","embeddable":true,"href":"https:\/\/neuronup.com\/fr\/wp-json\/wp\/v2\/tags?post=5309"}],"curies":[{"name":"wp","href":"https:\/\/api.w.org\/{rel}","templated":true}]}}