{"id":5026,"date":"2023-03-20T09:04:00","date_gmt":"2023-03-20T09:04:00","guid":{"rendered":"https:\/\/neuronup.com\/fr\/?p=5026"},"modified":"2026-01-29T17:33:01","modified_gmt":"2026-01-29T15:33:01","slug":"comment-expliquer-ce-quest-alzheimer-aux-enfants","status":"publish","type":"post","link":"https:\/\/neuronup.com\/fr\/actualites-de-la-stimulation-cognitive\/maladies-neurodegeneratives\/alzheimer\/comment-expliquer-ce-quest-alzheimer-aux-enfants\/","title":{"rendered":"Comment expliquer ce qu&#8217;est Alzheimer aux enfants?"},"content":{"rendered":"\n<p>Il est ind\u00e9niable qu&rsquo;expliquer ce qu&rsquo;est la <strong>maladie d&rsquo;Alzheimer <\/strong>aux <strong>enfants<\/strong> n&rsquo;est pas une t\u00e2che facile. L&rsquo;enfant peut ne pas comprendre pourquoi son grand-p\u00e8re, qui s&rsquo;occupait de lui, ne peut plus le faire comme avant. Par cons\u00e9quent, la premi\u00e8re chose \u00e0 faire est d&rsquo;<strong>expliquer \u00e0 l&rsquo;enfant ce qui arrive \u00e0 son grand-p\u00e8re avec un langage adapt\u00e9 \u00e0 son \u00e2ge<\/strong>.<\/p>\n\n\n\n<h2 class=\"wp-block-heading\">Conseils pour expliquer ce qu&rsquo;est la maladie d&rsquo;Alzheimer aux enfants<\/h2>\n\n\n\n<p>Voici une s\u00e9rie de conseils pour expliquer ce qu&rsquo;est la maladie d&rsquo;Alzheimer aux plus petits.<\/p>\n\n\n\n<h3 class=\"wp-block-heading\">Qu&rsquo;est-ce que la maladie d&rsquo;Alzheimer ?<\/h3>\n\n\n\n<p>\u00ab\u00a0Grand-p\u00e8re (ou grand-m\u00e8re) a la maladie d&rsquo;Alzheimer, une maladie qui fait oublier des choses au cerveau.\u00a0\u00bb Mais ce n&rsquo;est pas seulement une maladie qui provoque des pertes de m\u00e9moire, et l&rsquo;enfant doit<strong>&nbsp;comprendre tous les sympt\u00f4mes petit \u00e0 petit<\/strong>.<\/p>\n\n\n\n<h3 class=\"wp-block-heading\">Sympt\u00f4mes avec lesquels les enfants doivent se familiariser<\/h3>\n\n\n\n<p>L&rsquo;apparition de cette d\u00e9mence est lente, affectant d&rsquo;abord les parties du cerveau qui sont responsables de la&nbsp;<strong>m\u00e9moire, de la pens\u00e9e et du langage.<\/strong><\/p>\n\n\n\n<p>Au fil du temps, ces sympt\u00f4mes s&rsquo;aggravent au point que les personnes atteintes de la maladie d&rsquo;Alzheimer&nbsp;<strong>cessent de reconna\u00eetre les membres de leur famille<\/strong>&nbsp;les plus proches, y compris leurs petits-enfants. \u00c0 cette \u00e9poque, les enfants sont plus susceptibles d&rsquo;\u00eatre tristes, il est donc important d&rsquo;<strong>expliquer que ce n&rsquo;est pas la faute de leur grand-p\u00e8re<\/strong>, mais de la maladie.<\/p>\n\n\n\n<p>Il peut arriver un moment o\u00f9 le grand-p\u00e8re oublie comment&nbsp;<strong>s&rsquo;habiller ou se toiletter<\/strong>&nbsp;et il faut expliquer aux enfants qu&rsquo;il faut les aider.<\/p>\n\n\n\n<p>En plus des probl\u00e8mes de m\u00e9moire, les patients atteints de la maladie d&rsquo;Alzheimer peuvent pr\u00e9senter d&rsquo;autres sympt\u00f4mes tels qu&rsquo;une alt\u00e9ration de la&nbsp;<strong>capacit\u00e9 de raisonnement, une aphasie, une apraxie, une perte de capacit\u00e9 spatiale et des changements de caract\u00e8re.<\/strong><\/p>\n\n\n\n<h3 class=\"wp-block-heading\">Grand-p\u00e8re va-t-il gu\u00e9rir d&rsquo;Alzheimer ?<\/h3>\n\n\n\n<p>De plus, <strong>l&rsquo;enfant peut se poser d&rsquo;autres questions<\/strong> : comment la pr\u00e9venir, quel est le traitement, le grand-p\u00e8re peut-il \u00eatre gu\u00e9ri ? Ou grand-p\u00e8re mourra-t-il de la maladie <strong>d&rsquo;Alzheimer<\/strong> ?<\/p>\n\n\n\n<p>Il faut expliquer aux enfants qu&rsquo;<strong>il n&rsquo;existe aucun traitement<\/strong>&nbsp;qui puisse inverser les sympt\u00f4mes de leur maladie. Cependant, il est bon de leur dire qu&rsquo;<strong>il existe des m\u00e9dicaments et des activit\u00e9s<\/strong>&nbsp;pour les personnes atteintes d&rsquo;Alzheimer qui&nbsp;<strong>retardent la progression de la maladie<\/strong>, surtout aux stades initial et mod\u00e9r\u00e9.<\/p>\n\n\n\n<h3 class=\"wp-block-heading\">Passer du temps avec grand-p\u00e8re<\/h3>\n\n\n\n<p>\u00ab\u00a0Ce n&rsquo;est pas parce que grand-p\u00e8re a la maladie <strong>d&rsquo;Alzheimer<\/strong> qu&rsquo;il ne peut pas passer du temps avec toi.\u00a0\u00bb Les sp\u00e9cialistes insistent sur le fait que&nbsp;<strong>l&rsquo;affection et le fait de passer du temps avec ses proches aident les personnes<\/strong>&nbsp;atteintes de cette maladie neurod\u00e9g\u00e9n\u00e9rative. Arroser les plantes ou faire un puzzle sont des activit\u00e9s de la vie quotidienne que petit-fils et grand-p\u00e8re peuvent faire ensemble.<\/p>\n\n\n\n<h3 class=\"wp-block-heading\">Bande dessin\u00e9e pour expliquer ce qu&rsquo;est la maladie d&rsquo;Alzheimer aux enfants<\/h3>\n\n\n<div class=\"wp-block-image image-interface\">\n<figure class=\"aligncenter size-large is-resized\"><img decoding=\"async\" width=\"725\" height=\"1024\" src=\"https:\/\/neuronup.com\/fr\/wp-content\/uploads\/2024\/11\/Capture-decran-2021-06-07-a-11.15.12-725x1024.webp\" alt=\"Illustration color\u00e9e sur fond bleu avec deux personnages cartoon (fille blonde, gar\u00e7on brun) discutant; logo Fondation Alzheimer.\" class=\"wp-image-33073\" style=\"width:312px;height:441px\" srcset=\"https:\/\/neuronup.com\/fr\/wp-content\/uploads\/2024\/11\/Capture-decran-2021-06-07-a-11.15.12-212x300.webp 212w, https:\/\/neuronup.com\/fr\/wp-content\/uploads\/2024\/11\/Capture-decran-2021-06-07-a-11.15.12-725x1024.webp 725w, https:\/\/neuronup.com\/fr\/wp-content\/uploads\/2024\/11\/Capture-decran-2021-06-07-a-11.15.12-768x1085.webp 768w, https:\/\/neuronup.com\/fr\/wp-content\/uploads\/2024\/11\/Capture-decran-2021-06-07-a-11.15.12-1087x1536.webp 1087w, https:\/\/neuronup.com\/fr\/wp-content\/uploads\/2024\/11\/Capture-decran-2021-06-07-a-11.15.12.webp 1120w\" sizes=\"(max-width: 725px) 100vw, 725px\" \/><\/figure>\n<\/div>\n\n\n<p>Pour que les <strong>enfants<\/strong> apprennent \u00e0 vivre avec la maladie <strong>d&rsquo;Alzheimer<\/strong>, nous recommandons la BD de Alz Junior, un court \u00e9pisode est publi\u00e9 mensuellement. Ce mois-ci, \u00ab\u00a0Alz Junior\u00a0\u00bb a f\u00eat\u00e9 la publication du 50e \u00e9pisode.&nbsp;<\/p>\n\n\n\n<p>Nous d\u00e9couvrons le <strong>quotidien d&rsquo;une famille avec deux enfants qui h\u00e9berge le \u00ab\u00a0grand-papa\u00a0\u00bb<\/strong>, Andr\u00e9, atteint de la maladie d&rsquo;Alzheimer. Le but est d&rsquo;expliquer de mani\u00e8re ludique les sympt\u00f4mes de la maladie aux plus jeunes.<\/p>\n\n\n\n<p>Tous les mois, un th\u00e8me diff\u00e9rent est trait\u00e9, par exemple la pr\u00e9vention de la maladie, la d\u00e9mence chez les jeunes, les diff\u00e9rents sympt\u00f4mes de la maladie, etc.<\/p>\n\n\n\n<h3 class=\"wp-block-heading\">Si vous avez aim\u00e9 cet article, vous pourriez \u00e9galement \u00eatre int\u00e9ress\u00e9 par d&rsquo;autres publications de NeuronUP:<\/h3>\n\n\n<div class=\"mai-grid entries entries-grid has-boxed has-image-full\" style=\"--entry-title-font-size:var(--font-size-lg);--align-text:start;--entry-meta-text-align:start;\"><div class=\"entries-wrap has-columns\" style=\"--columns-xs:1\/1;--columns-sm:1\/1;--columns-md:1\/3;--columns-lg:1\/3;--flex-xs:0 0 var(--flex-basis);--flex-sm:0 0 var(--flex-basis);--flex-md:0 0 var(--flex-basis);--flex-lg:0 0 var(--flex-basis);--column-gap:var(--spacing-lg);--row-gap:var(--spacing-lg);--align-columns:start;\"><article class=\"entry entry-grid is-column has-entry-link has-image has-image-first type-post category-activites-de-la-vie-quotidienne category-nouveautes-neuronup tag-activites-de-stimulation-cognitive tag-activites-de-stimulation-cognitive-pour-enfants tag-adulte tag-enfants tag-remediation-cognitive\" style=\"--entry-index:1;\" aria-label=\"Nouvelles activit\u00e9s NeuronUP : entra\u00eenez les fonctions cognitives dans des situations du quotidien\" itemscope itemtype=\"https:\/\/schema.org\/CreativeWork\"><a class=\"entry-image-link\" href=\"https:\/\/neuronup.com\/fr\/nouveautes-neuronup\/nouvelles-activites-neuronup-entrainez-les-fonctions-cognitives-dans-des-situations-du-quotidien\/\" tabindex=\"-1\" aria-hidden=\"true\"><img decoding=\"async\" width=\"400\" height=\"202\" src=\"https:\/\/neuronup.com\/fr\/wp-content\/uploads\/2026\/03\/Capture-decran-2026-03-30-111842-400x202.webp\" class=\"entry-image size-landscape-sm\" alt=\"\" \/><\/a><div class=\"entry-wrap entry-wrap-grid\"><h3 class=\"entry-title\" itemprop=\"headline\"><a class=\"entry-title-link\" href=\"https:\/\/neuronup.com\/fr\/nouveautes-neuronup\/nouvelles-activites-neuronup-entrainez-les-fonctions-cognitives-dans-des-situations-du-quotidien\/\" rel=\"bookmark\">Nouvelles activit\u00e9s NeuronUP : entra\u00eenez les fonctions cognitives dans des situations du quotidien<\/a><\/h3>\n<\/div><\/article><article class=\"entry entry-grid is-column has-entry-link has-image has-image-first type-post category-activites-dattention category-activites-de-neuro-reeducation category-activites-pour-les-fonctions-cognitives tag-adulte\" style=\"--entry-index:2;\" aria-label=\"Nouvelle activit\u00e9 Attention s\u00e9lective (Adultes)\" itemscope itemtype=\"https:\/\/schema.org\/CreativeWork\"><a class=\"entry-image-link\" href=\"https:\/\/neuronup.com\/fr\/activites-de-neuro-reeducation\/nouvelle-activite-attention-selective-adultes\/\" tabindex=\"-1\" aria-hidden=\"true\"><img decoding=\"async\" width=\"253\" height=\"230\" src=\"https:\/\/neuronup.com\/fr\/wp-content\/uploads\/2026\/03\/Capture-decran-2026-03-03-160917.webp\" class=\"entry-image size-landscape-sm\" alt=\"\" \/><\/a><div class=\"entry-wrap entry-wrap-grid\"><h3 class=\"entry-title\" itemprop=\"headline\"><a class=\"entry-title-link\" href=\"https:\/\/neuronup.com\/fr\/activites-de-neuro-reeducation\/nouvelle-activite-attention-selective-adultes\/\" rel=\"bookmark\">Nouvelle activit\u00e9 Attention s\u00e9lective (Adultes)<\/a><\/h3>\n<\/div><\/article><article class=\"entry entry-grid is-column has-entry-link has-image has-image-first type-post category-activites-de-cognition-sociale tag-activites-de-stimulation-cognitive tag-cognition-sociale tag-fonctions-executives\" style=\"--entry-index:3;\" aria-label=\"La cognition sociale ou comment comprendre les personnes : exercices de cognition sociale\" itemscope itemtype=\"https:\/\/schema.org\/CreativeWork\"><a class=\"entry-image-link\" href=\"https:\/\/neuronup.com\/fr\/activites-de-neuro-reeducation\/activites-pour-les-fonctions-cognitives\/activites-de-cognition-sociale\/la-cognition-sociale-ou-comment-comprendre-les-personnes-exercices-de-cognition-sociale\/\" tabindex=\"-1\" aria-hidden=\"true\"><img decoding=\"async\" width=\"396\" height=\"300\" src=\"https:\/\/neuronup.com\/fr\/wp-content\/uploads\/2022\/06\/Reaccion-emocional-ante-situaciones.webp\" class=\"entry-image size-landscape-sm\" alt=\"R\u00e9action \u00e9motionnelle face aux situations : Exercice de cognition sociale\" srcset=\"https:\/\/neuronup.com\/fr\/wp-content\/uploads\/2022\/06\/Reaccion-emocional-ante-situaciones-300x227.webp 300w, https:\/\/neuronup.com\/fr\/wp-content\/uploads\/2022\/06\/Reaccion-emocional-ante-situaciones-768x582.webp 768w, https:\/\/neuronup.com\/fr\/wp-content\/uploads\/2022\/06\/Reaccion-emocional-ante-situaciones-1024x776.webp 1024w, https:\/\/neuronup.com\/fr\/wp-content\/uploads\/2022\/06\/Reaccion-emocional-ante-situaciones.webp 1148w\" sizes=\"(max-width:599px) 599px, (min-width:600px) and (max-width: 799px) 799px, (min-width:800px) and (max-width: 999px) 333px, (min-width:1000px) 400px\" \/><\/a><div class=\"entry-wrap entry-wrap-grid\"><h3 class=\"entry-title\" itemprop=\"headline\"><a class=\"entry-title-link\" href=\"https:\/\/neuronup.com\/fr\/activites-de-neuro-reeducation\/activites-pour-les-fonctions-cognitives\/activites-de-cognition-sociale\/la-cognition-sociale-ou-comment-comprendre-les-personnes-exercices-de-cognition-sociale\/\" rel=\"bookmark\">La cognition sociale ou comment comprendre les personnes : exercices de cognition sociale<\/a><\/h3>\n<\/div><\/article><article class=\"entry entry-grid is-column has-entry-link has-image has-image-first type-post category-activites-pour-les-enfants-ayant-des-besoins-particuliers tag-activites-de-stimulation-cognitive tag-activites-de-stimulation-cognitive-pour-enfants tag-enfants\" style=\"--entry-index:4;\" aria-label=\"7+1 activit\u00e9s pour enfants avec des besoins \u00e9ducatifs sp\u00e9ciaux\" itemscope itemtype=\"https:\/\/schema.org\/CreativeWork\"><a class=\"entry-image-link\" href=\"https:\/\/neuronup.com\/fr\/activites-de-neuro-reeducation\/activites-pour-les-enfants-ayant-des-besoins-particuliers\/71-activites-pour-enfants-a-besoins-educatifs-speciaux\/\" tabindex=\"-1\" aria-hidden=\"true\"><img decoding=\"async\" width=\"400\" height=\"298\" src=\"https:\/\/neuronup.com\/fr\/wp-content\/uploads\/2022\/07\/Prepara-la-mochila.webp\" class=\"entry-image size-landscape-sm\" alt=\"Activit\u00e9 Pr\u00e9pare le sac \u00e0 dos pour les enfants ayant des besoins \u00e9ducatifs particuliers\" srcset=\"https:\/\/neuronup.com\/fr\/wp-content\/uploads\/2022\/07\/Prepara-la-mochila-300x224.webp 300w, https:\/\/neuronup.com\/fr\/wp-content\/uploads\/2022\/07\/Prepara-la-mochila-768x572.webp 768w, https:\/\/neuronup.com\/fr\/wp-content\/uploads\/2022\/07\/Prepara-la-mochila-1024x763.webp 1024w, https:\/\/neuronup.com\/fr\/wp-content\/uploads\/2022\/07\/Prepara-la-mochila.webp 1255w\" sizes=\"(max-width:599px) 599px, (min-width:600px) and (max-width: 799px) 799px, (min-width:800px) and (max-width: 999px) 333px, (min-width:1000px) 400px\" \/><\/a><div class=\"entry-wrap entry-wrap-grid\"><h3 class=\"entry-title\" itemprop=\"headline\"><a class=\"entry-title-link\" href=\"https:\/\/neuronup.com\/fr\/activites-de-neuro-reeducation\/activites-pour-les-enfants-ayant-des-besoins-particuliers\/71-activites-pour-enfants-a-besoins-educatifs-speciaux\/\" rel=\"bookmark\">7+1 activit\u00e9s pour enfants avec des besoins \u00e9ducatifs sp\u00e9ciaux<\/a><\/h3>\n<\/div><\/article><article class=\"entry entry-grid is-column has-entry-link has-image has-image-first type-post category-activites-de-cognition-sociale tag-activites-de-stimulation-cognitive tag-activites-de-stimulation-cognitive-pour-enfants tag-cognition-sociale\" style=\"--entry-index:5;\" aria-label=\"Exercices de cognition sociale pour enfants\" itemscope itemtype=\"https:\/\/schema.org\/CreativeWork\"><a class=\"entry-image-link\" href=\"https:\/\/neuronup.com\/fr\/activites-de-neuro-reeducation\/activites-pour-les-fonctions-cognitives\/activites-de-cognition-sociale\/exercices-de-cognition-sociale-pour-enfants\/\" tabindex=\"-1\" aria-hidden=\"true\"><img decoding=\"async\" width=\"400\" height=\"273\" src=\"https:\/\/neuronup.com\/fr\/wp-content\/uploads\/2022\/08\/Que-esperan-encontrar-4-1.webp\" class=\"entry-image size-landscape-sm\" alt=\"Exercices de cognition sociale pour enfants\" srcset=\"https:\/\/neuronup.com\/fr\/wp-content\/uploads\/2022\/08\/Que-esperan-encontrar-4-1-300x205.webp 300w, https:\/\/neuronup.com\/fr\/wp-content\/uploads\/2022\/08\/Que-esperan-encontrar-4-1-768x524.webp 768w, https:\/\/neuronup.com\/fr\/wp-content\/uploads\/2022\/08\/Que-esperan-encontrar-4-1-1024x699.webp 1024w, https:\/\/neuronup.com\/fr\/wp-content\/uploads\/2022\/08\/Que-esperan-encontrar-4-1.webp 1205w\" sizes=\"(max-width:599px) 599px, (min-width:600px) and (max-width: 799px) 799px, (min-width:800px) and (max-width: 999px) 333px, (min-width:1000px) 400px\" \/><\/a><div class=\"entry-wrap entry-wrap-grid\"><h3 class=\"entry-title\" itemprop=\"headline\"><a class=\"entry-title-link\" href=\"https:\/\/neuronup.com\/fr\/activites-de-neuro-reeducation\/activites-pour-les-fonctions-cognitives\/activites-de-cognition-sociale\/exercices-de-cognition-sociale-pour-enfants\/\" rel=\"bookmark\">Exercices de cognition sociale pour enfants<\/a><\/h3>\n<\/div><\/article><article class=\"entry entry-grid is-column has-entry-link has-image has-image-first type-post category-activites-de-cognition-sociale tag-activites-de-stimulation-cognitive tag-activites-de-stimulation-cognitive-pour-enfants tag-actualites-de-neuronup tag-cognition-sociale tag-enfants tag-intelligence-emotionnelle\" style=\"--entry-index:6;\" aria-label=\"Activit\u00e9 pour identifier les \u00e9motions : Devinez le visage ?\" itemscope itemtype=\"https:\/\/schema.org\/CreativeWork\"><a class=\"entry-image-link\" href=\"https:\/\/neuronup.com\/fr\/activites-de-neuro-reeducation\/activites-pour-les-fonctions-cognitives\/activites-de-cognition-sociale\/activite-pour-identifier-les-emotions\/\" tabindex=\"-1\" aria-hidden=\"true\"><img decoding=\"async\" width=\"400\" height=\"283\" src=\"https:\/\/neuronup.com\/fr\/wp-content\/uploads\/2022\/09\/Actividad-para-identificar-emociones-de-NeuronUP-Adivinas-la-cara-1-1-1.webp\" class=\"entry-image size-landscape-sm\" alt=\"Activit\u00e9 pour identifier les \u00e9motions de NeuronUP Tu devines le visage\" srcset=\"https:\/\/neuronup.com\/fr\/wp-content\/uploads\/2022\/09\/Actividad-para-identificar-emociones-de-NeuronUP-Adivinas-la-cara-1-1-1-300x212.webp 300w, https:\/\/neuronup.com\/fr\/wp-content\/uploads\/2022\/09\/Actividad-para-identificar-emociones-de-NeuronUP-Adivinas-la-cara-1-1-1-768x543.webp 768w, https:\/\/neuronup.com\/fr\/wp-content\/uploads\/2022\/09\/Actividad-para-identificar-emociones-de-NeuronUP-Adivinas-la-cara-1-1-1-1024x724.webp 1024w, https:\/\/neuronup.com\/fr\/wp-content\/uploads\/2022\/09\/Actividad-para-identificar-emociones-de-NeuronUP-Adivinas-la-cara-1-1-1.webp 1200w\" sizes=\"(max-width:599px) 599px, (min-width:600px) and (max-width: 799px) 799px, (min-width:800px) and (max-width: 999px) 333px, (min-width:1000px) 400px\" \/><\/a><div class=\"entry-wrap entry-wrap-grid\"><h3 class=\"entry-title\" itemprop=\"headline\"><a class=\"entry-title-link\" href=\"https:\/\/neuronup.com\/fr\/activites-de-neuro-reeducation\/activites-pour-les-fonctions-cognitives\/activites-de-cognition-sociale\/activite-pour-identifier-les-emotions\/\" rel=\"bookmark\">Activit\u00e9 pour identifier les \u00e9motions : Devinez le visage ?<\/a><\/h3>\n<\/div><\/article><\/div><\/div>","protected":false},"excerpt":{"rendered":"<p>Il est ind\u00e9niable qu&rsquo;expliquer ce qu&rsquo;est la maladie d&rsquo;Alzheimer aux enfants n&rsquo;est pas une t\u00e2che facile. L&rsquo;enfant peut ne pas comprendre pourquoi son grand-p\u00e8re, qui s&rsquo;occupait de lui, ne peut plus le faire comme avant. Par cons\u00e9quent, la premi\u00e8re chose \u00e0 faire est d&rsquo;expliquer \u00e0 l&rsquo;enfant ce qui arrive \u00e0 son grand-p\u00e8re avec un langage &hellip;<\/p>\n","protected":false},"author":7,"featured_media":33294,"comment_status":"open","ping_status":"closed","sticky":false,"template":"","format":"standard","meta":{"_acf_changed":false,"_genesis_hide_title":false,"_genesis_hide_breadcrumbs":false,"_genesis_hide_singular_image":false,"_genesis_hide_footer_widgets":false,"_genesis_custom_body_class":"","_genesis_custom_post_class":"","_genesis_layout":"","footnotes":""},"categories":[579],"tags":[687,636,698,806],"class_list":{"2":"type-post","7":"category-alzheimer","8":"tag-alzheimer","9":"tag-enfants","10":"tag-maladie-dalzheimer","11":"tag-personnes-agees","12":"entry"},"acf":[],"_links":{"self":[{"href":"https:\/\/neuronup.com\/fr\/wp-json\/wp\/v2\/posts\/5026","targetHints":{"allow":["GET"]}}],"collection":[{"href":"https:\/\/neuronup.com\/fr\/wp-json\/wp\/v2\/posts"}],"about":[{"href":"https:\/\/neuronup.com\/fr\/wp-json\/wp\/v2\/types\/post"}],"author":[{"embeddable":true,"href":"https:\/\/neuronup.com\/fr\/wp-json\/wp\/v2\/users\/7"}],"replies":[{"embeddable":true,"href":"https:\/\/neuronup.com\/fr\/wp-json\/wp\/v2\/comments?post=5026"}],"version-history":[{"count":0,"href":"https:\/\/neuronup.com\/fr\/wp-json\/wp\/v2\/posts\/5026\/revisions"}],"wp:featuredmedia":[{"embeddable":true,"href":"https:\/\/neuronup.com\/fr\/wp-json\/wp\/v2\/media\/33294"}],"wp:attachment":[{"href":"https:\/\/neuronup.com\/fr\/wp-json\/wp\/v2\/media?parent=5026"}],"wp:term":[{"taxonomy":"category","embeddable":true,"href":"https:\/\/neuronup.com\/fr\/wp-json\/wp\/v2\/categories?post=5026"},{"taxonomy":"post_tag","embeddable":true,"href":"https:\/\/neuronup.com\/fr\/wp-json\/wp\/v2\/tags?post=5026"}],"curies":[{"name":"wp","href":"https:\/\/api.w.org\/{rel}","templated":true}]}}