{"id":5006,"date":"2022-02-21T10:10:00","date_gmt":"2022-02-21T10:10:00","guid":{"rendered":"https:\/\/neuronup.com\/fr\/?p=5006"},"modified":"2025-06-02T12:04:12","modified_gmt":"2025-06-02T10:04:12","slug":"lapprentissage-chez-les-eleves-ayant-des-besoins-educatifs-particuliers","status":"publish","type":"post","link":"https:\/\/neuronup.com\/fr\/investigation\/lignes-de-recherche\/lapprentissage-chez-les-eleves-ayant-des-besoins-educatifs-particuliers\/","title":{"rendered":"L&#8217;apprentissage chez les \u00e9l\u00e8ves ayant des besoins \u00e9ducatifs particuliers"},"content":{"rendered":"\n<p>Le processus d&rsquo;apprentissage commence d\u00e8s la naissance. Le d\u00e9but de l&rsquo;interaction avec l&rsquo;environnement physique et social envoie des stimuli constants au corps du nouveau-n\u00e9, en particulier \u00e0 son cerveau. L&rsquo;influence de la famille et des personnes qui interagissent avec les enfants sera fondamentale pour stimuler le d\u00e9veloppement des fonctions et processus impliqu\u00e9s dans l&rsquo;apprentissage.&nbsp;<strong>Dans cet article, nous allons approfondir le processus d&rsquo;apprentissage des \u00e9l\u00e8ves ayant des besoins \u00e9ducatifs particuliers (BEP).<\/strong><\/p>\n\n\n\n<h2 class=\"wp-block-heading\" id=\"qu-est-ce-que-l-apprentissage\">Qu&rsquo;est-ce que l&rsquo;apprentissage ?<\/h2>\n\n\n\n<p>La d\u00e9finition et la conceptualisation de l&rsquo;apprentissage ont \u00e9t\u00e9 d\u00e9velopp\u00e9es par divers auteurs de diff\u00e9rents domaines de la connaissance humaine, \u00e0 travers l&rsquo;histoire. Toutes ces d\u00e9finitions ont en commun l&rsquo;importance de&nbsp;<strong>l&rsquo;influence exerc\u00e9e par les forces \u00e9ducatives qui interagissent avec l&rsquo;enfant d\u00e8s sa naissance<\/strong>.&nbsp;<\/p>\n\n\n\n<p>Les forces fondamentales qui d\u00e9terminent le d\u00e9veloppement progressif ou non des m\u00e9canismes et des styles d&rsquo;apprentissage :<\/p>\n\n\n\n<ul class=\"wp-block-list\">\n<li>La combinaison des caract\u00e9ristiques organiques et fonctionnelles de l&rsquo;organisme de chaque individu<\/li>\n\n\n\n<li>la stimulation sociale exerc\u00e9e par l&rsquo;environnement socio familial dans le d\u00e9veloppement de chaque enfant<\/li>\n<\/ul>\n\n\n\n<p>Pour Lev S. Vygotsky (1896-1934), l&rsquo;apprentissage passe par&nbsp;<strong>l&rsquo;interaction sociale, le d\u00e9veloppement du langage, la communication et les relations interpersonnelles<\/strong>. Vygotsky affirme que c&rsquo;est par l&rsquo;influence \u00e9ducative et les relations sociales que les enfants acqui\u00e8rent et d\u00e9veloppent de nouvelles comp\u00e9tences cognitives.<\/p>\n\n\n\n<h3 class=\"wp-block-heading\" id=\"le-processus-d-apprentissage\">Le processus d&rsquo;apprentissage<\/h3>\n\n\n\n<p>L&rsquo;apprentissage implique la participation de processus de base comme :<\/p>\n\n\n\n<ul class=\"wp-block-list\">\n<li>la r\u00e9ception et le<strong>\u00a0traitement ad\u00e9quat des informations<\/strong>\u00a0re\u00e7ues du milieu environnant,<\/li>\n\n\n\n<li>l&rsquo;<strong>\u00e9laboration de r\u00e9ponses adaptatives<\/strong>\u00a0qui apportent des solutions efficaces aux d\u00e9fis de la vie quotidienne,<\/li>\n\n\n\n<li>le\u00a0<strong>stockage et le transfert d&rsquo;informations<\/strong>, en les transformant en un syst\u00e8me de connaissances et d&rsquo;habitudes et de comp\u00e9tences n\u00e9cessaires au d\u00e9veloppement de tout le potentiel de l&rsquo;individu.<\/li>\n<\/ul>\n\n\n\n<p><strong>L&rsquo;apprentissage doit \u00eatre actif, interactif,<\/strong>&nbsp;et cela n\u00e9cessite que chaque individu \u00e9tablisse des connexions entre tous les syst\u00e8mes et processus impliqu\u00e9s dans l&rsquo;activit\u00e9 neuropsychologique. Nous apprenons sur la base d&rsquo;exp\u00e9riences de la vie quotidienne. L&rsquo;activit\u00e9 psychique se d\u00e9veloppe \u00e0 partir de la vari\u00e9t\u00e9, de la&nbsp;<strong>quantit\u00e9 et de la qualit\u00e9 des stimuli<\/strong>&nbsp;de l&rsquo;environnement physique, social et culturel qui nous entoure.<\/p>\n\n\n\n<h3 class=\"wp-block-heading\" id=\"l-importance-du-langage\">L&rsquo;importance du langage<\/h3>\n\n\n\n<p>La formation et le d\u00e9veloppement linguistiques jouent un grand r\u00f4le dans le processus d&rsquo;apprentissage. Le langage est un lien et un&nbsp;<strong>facilitateur de la transmission du savoir et de l&rsquo;exp\u00e9rience humaine<\/strong>. Le langage dans sa fonction sociale, symbolique, communicative, cognitive, etc., constitue une grande ressource pour l&rsquo;apprentissage. Comme l&rsquo;a soulign\u00e9 Vygotsky : \u00ab\u00a0Le langage est l&rsquo;enveloppe mat\u00e9rielle de la pens\u00e9e humaine.\u00a0\u00bb<\/p>\n\n\n\n<p>Nous apprenons depuis notre naissance jusqu&rsquo;\u00e0 notre mort. La qualit\u00e9 des influences \u00e9ducatives re\u00e7ues comme moteurs d&rsquo;apprentissage est un point d&rsquo;analyse important dans le cas plus particulier des \u00e9l\u00e8ves \u00e0 besoins \u00e9ducatifs particuliers (BEP).<\/p>\n\n\n\n<div class=\"wp-block-buttons is-layout-flex wp-block-buttons-is-layout-flex\">\n<div class=\"wp-block-button aligncenter\"><a class=\"wp-block-button__link button wp-element-button\" href=\"https:\/\/neuronup.com\/fr\/la-neuro-reeducation\/les-troubles-neuro-developpementaux\/\">En savoir plus sur&nbsp;les troubles neurod\u00e9veloppementaux&nbsp;<\/a><\/div>\n<\/div>\n\n\n\n<h2 class=\"wp-block-heading\" id=\"eleves-ayant-des-besoins-educatifs-speciaux-bep\">\u00c9l\u00e8ves ayant des besoins \u00e9ducatifs sp\u00e9ciaux (BEP)<\/h2>\n\n\n\n<p>Commencer la<strong>&nbsp;vie scolaire<\/strong>&nbsp;est un grand d\u00e9fi pour les enfants. Rejoindre l&rsquo;\u00e9cole apporte de&nbsp;<strong>grands changements<\/strong>&nbsp;dans leur vie et celle de leur famille. Leur syst\u00e8me de&nbsp;<strong>relations sociales<\/strong>&nbsp;s&rsquo;\u00e9largit, de nouvelles figures \u00e9mergent avec des fonctions diff\u00e9rentes.<\/p>\n\n\n\n<h3 class=\"wp-block-heading\" id=\"les-changements-de-comportement-qu-implique-la-vie-scolaire\">Les changements de comportement qu&rsquo;implique la vie scolaire<\/h3>\n\n\n\n<p>Outre l&rsquo;\u00e9largissement et l&rsquo;enrichissement des relations interpersonnelles, les \u00e9coliers doivent apprendre \u00e0&nbsp;<strong>suivre les r\u00e8gles<\/strong>et les orientations de la vie scolaire.<\/p>\n\n\n\n<ul class=\"wp-block-list\">\n<li>Passer une certaine partie du temps\u00a0<strong>assis<\/strong>.<\/li>\n\n\n\n<li>Pr\u00eater une\u00a0<strong>attention constante<\/strong>\u00a0et se concentrer sur les explications de l&rsquo;enseignant.<\/li>\n\n\n\n<li><strong>Participer<\/strong>\u00a0de mani\u00e8re ordonn\u00e9e pendant les cours.<\/li>\n\n\n\n<li><strong>Interagir<\/strong>\u00a0de mani\u00e8re appropri\u00e9e avec les camarades de classe.<\/li>\n\n\n\n<li>Adopter un\u00a0<strong>comportement appropri\u00e9<\/strong>\u00a0aux exigences \u00e9ducatives de l&rsquo;\u00e9cole.<\/li>\n\n\n\n<li><strong>Respecter<\/strong>\u00a0et suivre les horaires pour effectuer toutes les activit\u00e9s.<\/li>\n\n\n\n<li>Passer d&rsquo;une activit\u00e9 scolaire \u00e0 une autre (passer d&rsquo;une mati\u00e8re \u00e0 une autre, aller dans le gymnase ou la cour pour l&rsquo;EPS, etc.) Sans que ces changements entra\u00eenent des alt\u00e9rations dans la dynamique des t\u00e2ches \u00e0 r\u00e9aliser.<\/li>\n<\/ul>\n\n\n\n<p>De plus, l&rsquo;\u00e9l\u00e8ve devra assumer de&nbsp;<strong>nouvelles responsabilit\u00e9s<\/strong>&nbsp;tr\u00e8s importantes dans son nouveau r\u00f4le d&rsquo;\u00e9l\u00e8ve. Maintenir une pr\u00e9sence et une ponctualit\u00e9 correctes, effectuer des t\u00e2ches acad\u00e9miques, \u00eatre responsable du mat\u00e9riel scolaire, entre autres.<\/p>\n\n\n\n<h3 class=\"wp-block-heading\" id=\"difficultes-scolaires-et-recherche-de-solutions\">Difficult\u00e9s scolaires et recherche de solutions<\/h3>\n\n\n\n<p>Au sein de la population scolaire, nous trouvons des<strong>&nbsp;\u00e9l\u00e8ves qui, pour diverses raisons, ont plus de difficult\u00e9s \u00e0 r\u00e9pondre aux exigences scolaires<\/strong>. Les enseignants et le personnel \u00e9ducatif en g\u00e9n\u00e9ral planifient et mettent en \u0153uvre un syst\u00e8me de strat\u00e9gies d&rsquo;intervention \u00e9ducative. Ce syst\u00e8me devrait aider ces \u00e9l\u00e8ves \u00e0 surmonter leurs difficult\u00e9s, en servant de support p\u00e9dagogique pour atteindre les objectifs acad\u00e9miques.<\/p>\n\n\n\n<p><strong>Bon nombre de ces \u00e9l\u00e8ves r\u00e9agissent positivement \u00e0 ces interventions<\/strong>&nbsp;et commencent \u00e0 progresser sur le plan scolaire au rythme de leur classe.&nbsp;<strong>Dans d&rsquo;autres cas, ces interventions \u00e9ducatives ne suffisent pas<\/strong>&nbsp;\u00e0 r\u00e9soudre les difficult\u00e9es. Dans de telles circonstances,<strong>&nbsp;il est n\u00e9cessaire de faire appel \u00e0 d&rsquo;autres professionnels<\/strong>&nbsp;(neurologues, psychologues, psychiatres, orthophonistes, \u00e9ducateurs sp\u00e9cialis\u00e9s, etc.).<\/p>\n\n\n\n<h3 class=\"wp-block-heading\" id=\"la-nature-des-besoins-educatifs-particuliers-et-l-adaptation-scolaire\">La nature des besoins \u00e9ducatifs particuliers et l&rsquo;adaptation scolaire<\/h3>\n\n\n\n<p>Face \u00e0 la n\u00e9cessit\u00e9 de&nbsp;<strong>rechercher les causes<\/strong>&nbsp;\u00e0 l&rsquo;origine des troubles d&rsquo;apprentissage, une d\u00e9marche&nbsp;<strong>d&rsquo;\u00e9valuation pluridisciplinaire<\/strong>&nbsp;s&rsquo;engage. Pendant une p\u00e9riode, diverses techniques et instruments de recherche m\u00e9dicale, psychologique et p\u00e9dagogique seront appliqu\u00e9s pour d\u00e9couvrir la nature de ces difficult\u00e9s. Le but est d&rsquo;<strong>arriver \u00e0 un diagnostic<\/strong>&nbsp;et proposer des recommandations qui contribuent \u00e0 l&rsquo;activation des processus psychologiques impliqu\u00e9s dans l&rsquo;apprentissage. Afin d&rsquo;utiliser les m\u00e9thodes, m\u00e9thodologies et proc\u00e9dures didactiques appropri\u00e9es pour faciliter l&rsquo;adaptation de l&rsquo;\u00e9cole et la r\u00e9alisation des objectifs acad\u00e9miques de chaque ann\u00e9e.<\/p>\n\n\n\n<p>Ce groupe d&rsquo;\u00e9coliers recevra un&nbsp;<strong>enseignement avec les am\u00e9nagements<\/strong>&nbsp;les plus appropri\u00e9s et les modifications curriculaires en fonction de leurs besoins \u00e9ducatifs particuliers (BEP), d&rsquo;un groupe de professionnels de l&rsquo;\u00e9ducation sp\u00e9cialis\u00e9e \u00e0 la recherche de strat\u00e9gies \u00e9ducatives pour r\u00e9soudre les probl\u00e8mes d&rsquo;apprentissage.<\/p>\n\n\n\n<p>En g\u00e9n\u00e9ral, nous sommes tous des \u00eatres sp\u00e9ciaux, car nous avons des personnalit\u00e9s diff\u00e9rentes,&nbsp;<strong>nous sommes uniques et irrempla\u00e7ables<\/strong>, et nous avons aussi des talents divers et vari\u00e9s. La population ayant des besoins \u00e9ducatifs particuliers a besoin de&nbsp;<strong>ressources p\u00e9dagogiques et de m\u00e9thodologies sp\u00e9ciales adapt\u00e9es<\/strong>&nbsp;\u00e0 ses caract\u00e9ristiques individuelles pour r\u00e9ussir ses apprentissages. Dans ces cas, une d\u00e9marche p\u00e9dagogique d&rsquo;enseignement est propos\u00e9e et \u00e9labor\u00e9e selon le principe de&nbsp;<strong>l&rsquo;approche p\u00e9dagogique individuelle et diff\u00e9renci\u00e9e<\/strong>, qui r\u00e9pond aux besoins individuels de chaque \u00e9colier et aux particularit\u00e9s de leurs conditions m\u00e9dicales, si elles existent.<\/p>\n\n\n\n<h3 class=\"wp-block-heading\" id=\"caracteristiques-de-la-population-a-besoins-educatifs-particuliers\">Caract\u00e9ristiques de la population \u00e0 besoins \u00e9ducatifs particuliers<\/h3>\n\n\n\n<p>Parmi les caract\u00e9ristiques de la population d&rsquo;\u00e9l\u00e8ves \u00e0 besoins \u00e9ducatifs particuliers, on peut citer les suivantes :<\/p>\n\n\n\n<ul class=\"wp-block-list\">\n<li>Les \u00e9l\u00e8ves ayant des besoins \u00e9ducatifs particuliers (BEP) diff\u00e8rent par leurs\u00a0<strong>niveaux de comp\u00e9tence, leur \u00e2ge, leurs styles et rythme d&rsquo;apprentissage<\/strong>, etc.<\/li>\n\n\n\n<li>Ceux qui re\u00e7oivent des services d&rsquo;\u00e9ducation sp\u00e9ciale sont admissibles aux programmes en fonction de leurs besoins d&rsquo;apprentissage individuels.<\/li>\n\n\n\n<li>Les<strong>\u00a0\u00e9l\u00e8ves \u00e0 besoins \u00e9ducatifs particuliers doivent \u00eatre \u00e9valu\u00e9s<\/strong>\u00a0par une<strong>\u00a0commission pluridisciplinaire<\/strong>\u00a0qui \u00e9labore un plan d&rsquo;enseignement individualis\u00e9. Doivent \u00eatre stipul\u00e9s :\n<ul class=\"wp-block-list\">\n<li>Les\u00a0<strong>besoins \u00e9ducatifs<\/strong>\u00a0des \u00e9l\u00e8ves,\u00a0<\/li>\n\n\n\n<li><strong>M\u00e9thodologies<\/strong>\u00a0recommand\u00e9es\u00a0<\/li>\n\n\n\n<li>Type de\u00a0<strong>classe<\/strong>\u00a0qu&rsquo;ils doivent fr\u00e9quenter,<\/li>\n\n\n\n<li><strong>Personnel \u00e9ducatif<\/strong>\u00a0qualifi\u00e9 pour travailler avec eux.<\/li>\n\n\n\n<li>Les\u00a0<strong>traitements m\u00e9dicamenteux<\/strong>\u00a0actuels ou pass\u00e9s,\u00a0<\/li>\n\n\n\n<li><strong>Am\u00e9nagements<\/strong>\u00a0et\u00a0<strong>modifications<\/strong>\u00a0du programme pour r\u00e9pondre aux objectifs acad\u00e9miques.<\/li>\n<\/ul>\n<\/li>\n<\/ul>\n\n\n\n<ul class=\"wp-block-list\">\n<li>Ils ont besoin de\u00a0<strong>services de th\u00e9rapie en plus des services d&rsquo;\u00e9ducation pr\u00e9vus et d\u00e9taill\u00e9s dans le plan \u00e9ducatif individuel<\/strong>. Parfois, ils doivent \u00eatre \u00e9valu\u00e9s et diagnostiqu\u00e9s par des orthophonistes, des ergoth\u00e9rapeutes, des th\u00e9rapeutes du comportement ou des psychologues en sant\u00e9 mentale.<\/li>\n\n\n\n<li>Selon le degr\u00e9 de handicap, dans certains cas, ils auront\u00a0<strong>besoin d&rsquo;am\u00e9nagements et de ressources<\/strong>. Par exemple des dispositifs m\u00e9dicaux pour corriger et\/ou compenser des d\u00e9ficiences sensorielles (c\u00e9cit\u00e9, faiblesse visuelle, surdit\u00e9, perte auditive). Mais \u00e9galement des fauteuils roulants, ascenseurs, du mat\u00e9riel d&rsquo;oxyg\u00e9nation, la pr\u00e9sence de personnels de sant\u00e9, etc.<\/li>\n\n\n\n<li>Il est tr\u00e8s fr\u00e9quent de constater une\u00a0<strong>diff\u00e9rence entre leur \u00e2ge chronologique et les caract\u00e9ristiques individuelles dans leurs performances scolaires<\/strong>. Souvent, ils redoublent parce qu&rsquo;ils ne sont pas \u00e9valu\u00e9s au moment m\u00eame o\u00f9 ils commencent \u00e0 manifester des difficult\u00e9s dans le processus d&rsquo;apprentissage.<\/li>\n<\/ul>\n\n\n\n<div style=\"height:50px\" aria-hidden=\"true\" class=\"wp-block-spacer\"><\/div>\n\n\n\n<div class=\"wp-block-group br-0111 has-primary-background-color has-background has-dark-background has-sm-padding-top has-sm-padding-left has-sm-padding-right has-xxl-margin-top\"><div class=\"wp-block-group__inner-container is-layout-constrained wp-block-group-is-layout-constrained\">\n<div class=\"wp-block-columns is-layout-flex wp-container-core-columns-is-layout-9d6595d7 wp-block-columns-is-layout-flex\">\n<div class=\"wp-block-column is-layout-flow wp-block-column-is-layout-flow\">\n<figure class=\"wp-block-image size-full desktop-position-absolute desktop-bottom-0 mobile-width-50 mobile-m-inline-auto has-xl-margin-top\"><img decoding=\"async\" width=\"292\" height=\"338\" src=\"https:\/\/neuronup.com\/fr\/wp-content\/uploads\/2024\/10\/certificat-produit.webp\" alt=\"\" class=\"wp-image-31568\" srcset=\"https:\/\/neuronup.com\/fr\/wp-content\/uploads\/2024\/10\/certificat-produit-259x300.webp 259w, https:\/\/neuronup.com\/fr\/wp-content\/uploads\/2024\/10\/certificat-produit.webp 292w\" sizes=\"(max-width: 292px) 100vw, 292px\" \/><\/figure>\n<\/div>\n\n\n\n<div class=\"wp-block-column is-layout-flow wp-block-column-is-layout-flow\">\n<h2 class=\"wp-block-heading has-white-color has-text-color\"><strong>Abonnez-vous<\/strong> <br>\u00e0 notre <br>Newsletter<\/h2>\n\n\n\n<div class=\"wp-block-buttons is-layout-flex wp-block-buttons-is-layout-flex\">\n<div class=\"wp-block-button--1\" style=\"--button-outline-color:var(--color-white);--button-outline-color-hover:rgba(0,0,0,0.8);\"><a class=\"wp-block-button__link button button-outline   wp-element-button\" href=\"https:\/\/neuronup.com\/fr\/newsletter\/\">Abonnez-vous<\/a><\/div>\n\n<\/div>\n\n\n\n<div style=\"height:40px\" aria-hidden=\"true\" class=\"wp-block-spacer\"><\/div>\n<\/div>\n<\/div>\n<\/div><\/div>\n\n\n\n\n<div style=\"height:50px\" aria-hidden=\"true\" class=\"wp-block-spacer\"><\/div>\n\n\n\n<h2 class=\"wp-block-heading\" id=\"intervention-educative-aupres-d-eleves-a-besoins-educatifs-particuliers\">Intervention \u00e9ducative aupr\u00e8s d&rsquo;\u00e9l\u00e8ves \u00e0 besoins \u00e9ducatifs particuliers<\/h2>\n\n\n\n<p>L&rsquo;intervention \u00e9ducative est l&rsquo;ensemble des m\u00e9thodes, m\u00e9thodologies et proc\u00e9dures didactiques s\u00e9lectionn\u00e9es pour conduire l&rsquo;apprentissage des \u00e9l\u00e8ves ayant des besoins \u00e9ducatifs sp\u00e9ciaux (BEP). Et ce, en tenant compte de leurs particularit\u00e9s individuelles et de leur potentiel d&rsquo;apprentissage.<\/p>\n\n\n\n<h4 class=\"wp-block-heading\" id=\"recommandations-methodologiques-pour-stimuler-l-apprentissage-chez-les-personnes-ayant-des-besoins-educatifs-particuliers\">Recommandations m\u00e9thodologiques pour stimuler l&rsquo;apprentissage chez les personnes ayant des besoins \u00e9ducatifs particuliers<\/h4>\n\n\n\n<p>Ci-dessous, nous mentionnons quelques recommandations m\u00e9thodologiques pour stimuler l&rsquo;int\u00e9r\u00eat pour les diff\u00e9rentes activit\u00e9s et activer les processus psychologiques impliqu\u00e9s dans l&rsquo;apprentissage.<\/p>\n\n\n\n<h4 class=\"wp-block-heading\" id=\"etude-analyse-et-suivi\">\u00c9tude, analyse et suivi<\/h4>\n\n\n\n<p>L&rsquo;\u00e9tude et l&rsquo;analyse de toute la documentation m\u00e9dicale et p\u00e9dagogique des \u00e9l\u00e8ves \u00e0 besoins \u00e9ducatifs particuliers (BEP) est une&nbsp;<strong>pr\u00e9misse tr\u00e8s importante pour amorcer le processus de s\u00e9lection et de planification des strat\u00e9gies \u00e9ducatives<\/strong>\u00e0 mettre en \u0153uvre dans le cadre du plan d&rsquo;intervention. En plus du plan \u00e9ducatif individuel,<strong>&nbsp;des entretiens<\/strong>&nbsp;doivent \u00eatre men\u00e9s avec l&rsquo;\u00e9cole et leurs familles, appliquer des&nbsp;<strong>tests de diagnostic acad\u00e9mique<\/strong>&nbsp;et faire des observations pendant les heures de classe. Les \u00e9ducateurs doivent convenir de la fr\u00e9quence \u00e0 laquelle ils se r\u00e9uniront pour suivre les progr\u00e8s et l&rsquo;efficacit\u00e9 des strat\u00e9gies d&rsquo;intervention appliqu\u00e9es. Il est important de conserver une trace des m\u00e9thodologies et proc\u00e9dures les plus efficaces pour l&rsquo;apprentissage de chaque \u00e9l\u00e8ve ayant des besoins \u00e9ducatifs particuliers.<\/p>\n\n\n\n<h4 class=\"wp-block-heading\" id=\"planification-et-preparation\">Planification et pr\u00e9paration<\/h4>\n\n\n\n<p>La planification et la pr\u00e9paration des cours doivent&nbsp;<strong>stimuler la motivation et l&rsquo;int\u00e9r\u00eat<\/strong>&nbsp;des \u00e9coliers pour les activit\u00e9s propos\u00e9es. Les cours doivent \u00eatre&nbsp;<strong>divertissants, interactifs<\/strong>&nbsp;et doivent avoir des&nbsp;<strong>ressources p\u00e9dagogiques vari\u00e9es<\/strong>. Des supports p\u00e9dagogiques attractifs, du mat\u00e9riel de manipulation (blocs, figures g\u00e9om\u00e9triques, etc.) ou des ressources technologiques (tableaux intelligents, tablettes, etc.) contribuent \u00e0 la cause.<\/p>\n\n\n\n<h3 class=\"wp-block-heading\" id=\"atmosphere\">Atmosph\u00e8re<\/h3>\n\n\n\n<p>L&rsquo;enseignant doit cr\u00e9er une&nbsp;<strong>atmosph\u00e8re agr\u00e9able<\/strong>, o\u00f9 ses \u00e9l\u00e8ves se sentent en&nbsp;<strong>s\u00e9curit\u00e9<\/strong>,&nbsp;<strong>confiants<\/strong>,&nbsp;<strong>responsables<\/strong>. Les commentaires positifs (<strong>renforcement positif<\/strong>) sont essentiels pour d\u00e9velopper les&nbsp;<strong>comp\u00e9tences sociales<\/strong>&nbsp;et augmenter&nbsp;<strong>l&rsquo;estime de soi<\/strong>&nbsp;des enfants.&nbsp;<\/p>\n\n\n\n<h4 class=\"wp-block-heading\" id=\"contenu-des-cours\">Contenu des cours&nbsp;<\/h4>\n\n\n\n<p>Les cours doivent stimuler :<\/p>\n\n\n\n<ul class=\"wp-block-list\">\n<li><strong>Les processus cognitifs<\/strong>\u00a0:\n<ul class=\"wp-block-list\">\n<li>perceptions sensorielles,<\/li>\n\n\n\n<li>repr\u00e9sentations,<\/li>\n\n\n\n<li>m\u00e9moire,<\/li>\n\n\n\n<li>pens\u00e9e,<\/li>\n\n\n\n<li>imagination,<\/li>\n<\/ul>\n<\/li>\n\n\n\n<li><strong>Les processus particuliers<\/strong>\u00a0:\n<ul class=\"wp-block-list\">\n<li>attention,<\/li>\n\n\n\n<li>langage,<\/li>\n<\/ul>\n<\/li>\n\n\n\n<li><strong>Les comp\u00e9tences affectives<\/strong>\u00a0:\n<ul class=\"wp-block-list\">\n<li>intelligence \u00e9motionnelle,<\/li>\n\n\n\n<li>comp\u00e9tences sociales,<\/li>\n\n\n\n<li>relations interpersonnelles,<\/li>\n\n\n\n<li>la communication,<\/li>\n\n\n\n<li>d\u00e9veloppement de sentiments sup\u00e9rieurs,<\/li>\n\n\n\n<li>valeurs civiques,<\/li>\n<\/ul>\n<\/li>\n<\/ul>\n\n\n\n<p>Il convient de proposer des t\u00e2ches qui pr\u00e9sentent un \u00e9quilibre appropri\u00e9 entre deux indicateurs tr\u00e8s importants lors de la r\u00e9alisation d&rsquo;un travail p\u00e9dagogique :<\/p>\n\n\n\n<ul class=\"wp-block-list\">\n<li><strong>Approche individuelle et diff\u00e9renci\u00e9e\u00a0<\/strong>de l&rsquo;enseignement pour les \u00e9l\u00e8ves ayant des besoins \u00e9ducatifs particuliers (BEP),\u00a0<\/li>\n\n\n\n<li><strong>Volume de t\u00e2ches acad\u00e9miques<\/strong>\u00a0propos\u00e9es (quantit\u00e9 d&rsquo;exercices pendant la le\u00e7on)<\/li>\n\n\n\n<li><strong>Complexit\u00e9 du contenu didactique travaill\u00e9<\/strong>\u00a0durant chaque cours (connaissances, aptitudes, attitudes et comp\u00e9tences que les \u00e9l\u00e8ves doivent acqu\u00e9rir au cours du processus d&rsquo;enseignement-apprentissage).<\/li>\n<\/ul>\n\n\n\n<p>La&nbsp;<strong>planification des interventions \u00e9ducatives<\/strong>&nbsp;par le personnel enseignant qui travaille aupr\u00e8s des \u00e9l\u00e8ves \u00e0 besoins \u00e9ducatifs particuliers (BEP) est un&nbsp;<strong>moyen m\u00e9thodologique efficace pour stimuler le processus d&rsquo;apprentissage<\/strong>&nbsp;et&nbsp;<strong>atteindre les objectifs acad\u00e9miques et p\u00e9dagogiques<\/strong>&nbsp;propos\u00e9s \u00e0 chaque \u00e9tape de leur d\u00e9veloppement scolaire.<\/p>\n\n\n\n<h3 class=\"wp-block-heading\">Si vous avez aim\u00e9 cet article sur les besoins \u00e9ducatifs particuliers, vous pourriez \u00e9galement \u00eatre int\u00e9ress\u00e9 par d&rsquo;autres publications de NeuronUP:<\/h3>\n\n\n\n<p><a href=\"https:\/\/neuronup.com\/fr\/actualites-de-la-stimulation-cognitive\/stimulation-neuropsychologique-de-la-dyslexie-avec-des-outils-numeriques\">Stimulation neuropsychologique de la dyslexie avec des outils num\u00e9riques.<\/a><\/p>\n\n\n\n<p><a href=\"https:\/\/neuronup.com\/fr\/actualites-de-la-stimulation-cognitive\/troubles-neuro-developpementaux\/tdah\/traitement-psychoeducatif-avec-des-personnes-atteintes-de-tdah\">Traitement psycho\u00e9ducatif avec des personnes atteintes de TDAH<\/a><\/p>\n\n\n\n<p><a href=\"https:\/\/neuronup.com\/fr\/activites-de-neuro-reeducation\/activites-de-raisonnement\/exercices-pour-travailler-le-raisonnement-chez-les-enfants\/\">Exercices pour travailler le raisonnement chez les enfants<\/a><\/p>\n","protected":false},"excerpt":{"rendered":"<p>Le processus d&rsquo;apprentissage commence d\u00e8s la naissance. Le d\u00e9but de l&rsquo;interaction avec l&rsquo;environnement physique et social envoie des stimuli constants au corps du nouveau-n\u00e9, en particulier \u00e0 son cerveau. L&rsquo;influence de la famille et des personnes qui interagissent avec les enfants sera fondamentale pour stimuler le d\u00e9veloppement des fonctions et processus impliqu\u00e9s dans l&rsquo;apprentissage.&nbsp;Dans cet &hellip;<\/p>\n","protected":false},"author":200,"featured_media":33627,"comment_status":"open","ping_status":"closed","sticky":false,"template":"","format":"standard","meta":{"_acf_changed":false,"_genesis_hide_title":false,"_genesis_hide_breadcrumbs":false,"_genesis_hide_singular_image":false,"_genesis_hide_footer_widgets":false,"_genesis_custom_body_class":"","_genesis_custom_post_class":"","_genesis_layout":"","footnotes":""},"categories":[1042],"tags":[749],"class_list":{"2":"type-post","7":"category-lignes-de-recherche","8":"tag-apprentissage","9":"entry"},"acf":[],"_links":{"self":[{"href":"https:\/\/neuronup.com\/fr\/wp-json\/wp\/v2\/posts\/5006","targetHints":{"allow":["GET"]}}],"collection":[{"href":"https:\/\/neuronup.com\/fr\/wp-json\/wp\/v2\/posts"}],"about":[{"href":"https:\/\/neuronup.com\/fr\/wp-json\/wp\/v2\/types\/post"}],"author":[{"embeddable":true,"href":"https:\/\/neuronup.com\/fr\/wp-json\/wp\/v2\/users\/200"}],"replies":[{"embeddable":true,"href":"https:\/\/neuronup.com\/fr\/wp-json\/wp\/v2\/comments?post=5006"}],"version-history":[{"count":0,"href":"https:\/\/neuronup.com\/fr\/wp-json\/wp\/v2\/posts\/5006\/revisions"}],"wp:featuredmedia":[{"embeddable":true,"href":"https:\/\/neuronup.com\/fr\/wp-json\/wp\/v2\/media\/33627"}],"wp:attachment":[{"href":"https:\/\/neuronup.com\/fr\/wp-json\/wp\/v2\/media?parent=5006"}],"wp:term":[{"taxonomy":"category","embeddable":true,"href":"https:\/\/neuronup.com\/fr\/wp-json\/wp\/v2\/categories?post=5006"},{"taxonomy":"post_tag","embeddable":true,"href":"https:\/\/neuronup.com\/fr\/wp-json\/wp\/v2\/tags?post=5006"}],"curies":[{"name":"wp","href":"https:\/\/api.w.org\/{rel}","templated":true}]}}