{"id":4954,"date":"2022-01-18T09:52:00","date_gmt":"2022-01-18T09:52:00","guid":{"rendered":"https:\/\/neuronup.com\/fr\/?p=4954"},"modified":"2026-01-29T17:32:56","modified_gmt":"2026-01-29T15:32:56","slug":"sclerose-en-plaques-emploi-et-stigmatisation-effets-sur-le-quotidien","status":"publish","type":"post","link":"https:\/\/neuronup.com\/fr\/actualites-de-la-stimulation-cognitive\/maladies-neurodegeneratives\/sclerose-en-plaques\/sclerose-en-plaques-emploi-et-stigmatisation-effets-sur-le-quotidien\/","title":{"rendered":"Scl\u00e9rose en plaques, emploi et stigmatisation: effets sur le quotidien"},"content":{"rendered":"\n<p>La scl\u00e9rose en plaques (SEP) est une<strong> maladie chronique <\/strong>qui est l&rsquo;une des principales causes d&rsquo;incapacit\u00e9 non traumatique chez les jeunes adultes. Pour cette raison, elle n\u00e9cessite des soins divers. <strong>L&#8217;emploi joue un r\u00f4le fondamental<\/strong>, produisant des alt\u00e9rations de la sant\u00e9 et de la qualit\u00e9 de vie des personnes atteintes de scl\u00e9rose en plaques qui perdent cette activit\u00e9 productive.<\/p>\n\n\n\n<h2 class=\"wp-block-heading\">Qu&rsquo;est-ce que la scl\u00e9rose en plaques ?<\/h2>\n\n\n\n<p>Le Minist\u00e8re des Solidarit\u00e9s et de la Sant\u00e9, d\u00e9finit la scl\u00e9rose en plaques (SEP) comme : une <strong>maladie auto-immune du syst\u00e8me nerveux central<\/strong> (le cerveau et la moelle \u00e9pini\u00e8re). C\u2019est-\u00e0-dire que le syst\u00e8me de d\u00e9fense (syst\u00e8me immunitaire), habituellement impliqu\u00e9 dans la lutte contre les virus et les bact\u00e9ries, s\u2019emballe et <strong>attaque la my\u00e9line<\/strong>, gaine protectrice des fibres nerveuses qui joue un r\u00f4le important dans la propagation l\u2019influx nerveux du cerveau aux diff\u00e9rentes parties du corps.<sup>1<\/sup>.<\/p>\n\n\n\n<p>Les signes observ\u00e9s au d\u00e9but de la maladie varient selon l\u2019emplacement des l\u00e9sions dans le cerveau ou dans la moelle \u00e9pini\u00e8re&nbsp;:<strong> troubles moteurs, fourmillements, troubles de l\u2019\u00e9quilibre, troubles visuels ou urinaires<\/strong>\u2026 Ils sont souvent transitoires.<\/p>\n\n\n\n<p>Dans<strong> 85% des cas<\/strong>, la scl\u00e9rose en plaques d\u00e9bute par une<strong> forme \u00e0 pouss\u00e9es<\/strong>. L\u2019\u00e9volution et l\u2019expression de la maladie sont extr\u00eamement <strong>impr\u00e9visibles.<\/strong><\/p>\n\n\n\n<p>Au niveau mondial, il est d\u00e9crit que la scl\u00e9rose en plaques montre une relation directe entre la pr\u00e9valence et l&rsquo;incidence de la maladie et une r\u00e9partition g\u00e9ographique sp\u00e9cifique propos\u00e9e par Kurtzke en 19752, caract\u00e9ris\u00e9e par un gradient latitudinal, la pr\u00e9valence augmentant \u00e0 mesure qu&rsquo;elle s&rsquo;\u00e9loigne de l&rsquo;\u00e9quateur&nbsp;<sup>3,4<\/sup>.<\/p>\n\n\n<div class=\"wp-block-image image-interface\">\n<figure class=\"aligncenter size-full is-resized\"><img decoding=\"async\" width=\"750\" height=\"542\" src=\"https:\/\/neuronup.com\/fr\/wp-content\/uploads\/2024\/11\/symptomes-sep-2.webp\" alt=\"Infographie sur la scl\u00e9rose en plaques montrant pr\u00e9valence, \u00e2ge de diagnostic et sympt\u00f4mes, avec ic\u00f4nes et graphiques.\" class=\"wp-image-34027\" style=\"width:846px;height:611px\" srcset=\"https:\/\/neuronup.com\/fr\/wp-content\/uploads\/2024\/11\/symptomes-sep-2-300x217.webp 300w, https:\/\/neuronup.com\/fr\/wp-content\/uploads\/2024\/11\/symptomes-sep-2.webp 750w\" sizes=\"(max-width: 750px) 100vw, 750px\" \/><\/figure>\n<\/div>\n\n\n<h3 class=\"wp-block-heading\">La scl\u00e9rose en plaques en chiffres<\/h3>\n\n\n\n<p>En ce qui concerne la port\u00e9e ou l&rsquo;\u00e9pid\u00e9miologie de la maladie, l&rsquo;ARSEP (Fondation pour l&rsquo;aide \u00e0 la recherche sur la scl\u00e9rose en plaques) fournit les chiffres suivants :<\/p>\n\n\n\n<ul class=\"wp-block-list\">\n<li><strong>2 800 000<\/strong> personnes souffrent de SEP dans le <strong>monde<\/strong>.<\/li>\n\n\n\n<li><strong>1 000 000 <\/strong>personnes sont atteintes de SEP en <strong>Europe<\/strong>.<\/li>\n\n\n\n<li><strong>100 000<\/strong> personnes ont un diagnostic de SEP en <strong>France<sup>5<\/sup><\/strong>.<\/li>\n<\/ul>\n\n\n\n<p>Dans&nbsp;<strong>70% des cas, la maladie d\u00e9bute entre 25 et 35 ans<\/strong>. N\u00e9anmoins, il existe des&nbsp;formes p\u00e9diatriques (d\u00e9but avant 18 ans) et des formes qui d\u00e9butent apr\u00e8s 50 ans.<\/p>\n\n\n\n<p>Aujourd&rsquo;hui, en France, la scl\u00e9rose en plaques c&rsquo;est&nbsp;<strong>5 000 nouveaux<\/strong>&nbsp;diagnostiqu\u00e9s chaque ann\u00e9e. Et parmi les personnes atteintes,&nbsp;<strong>3 sur 4 sont des femmes.<\/strong><\/p>\n\n\n\n<div style=\"height:50px\" aria-hidden=\"true\" class=\"wp-block-spacer\"><\/div>\n\n\n\n<aside class=\"wp-block-group br-1010 has-primary-background-color has-background has-dark-background has-sm-padding-top has-sm-padding-bottom has-sm-padding-left has-sm-padding-right\"><div class=\"wp-block-group__inner-container is-layout-constrained wp-block-group-is-layout-constrained\">\n<div class=\"wp-block-columns are-vertically-aligned-center is-layout-flex wp-container-core-columns-is-layout-9d6595d7 wp-block-columns-is-layout-flex\">\n<div class=\"wp-block-column is-vertically-aligned-center has-white-color has-text-color has-link-color wp-elements-c14bbd07cccc84ef867f818d4a3e3f46 is-layout-flow wp-block-column-is-layout-flow\" style=\"flex-basis:60%\">\n<p>Obtenez un<strong> guide d&rsquo;activit\u00e9s<\/strong> pour travailler avec les personnes souffrant de <strong>scl\u00e9rose en plaques <\/strong>+ 1 activit\u00e9 imprimable gratuite<\/p>\n<\/div>\n\n\n\n<div class=\"wp-block-column is-vertically-aligned-center is-layout-flow wp-block-column-is-layout-flow\" style=\"flex-basis:40%\">\n<div class=\"wp-block-buttons is-content-justification-center is-layout-flex wp-container-core-buttons-is-layout-16018d1d wp-block-buttons-is-layout-flex\">\n<div class=\"wp-block-button\" style=\"--button-secondary-color:var(--color-white);--button-secondary-background:var(--color-custom-1);--button-secondary-background-hover:#cc7e00;\"><a class=\"wp-block-button__link button button-secondary     has-link-color wp-element-button\" href=\"https:\/\/neuronup.com\/redirect\/?target=typeform\/lm-sep?utm_first_source=Web&#038;utm_first_campaign_name=Worksheets_EM\">Obtenir gratuitement<\/a><\/div>\n\n<\/div>\n<\/div>\n<\/div>\n<\/div><\/aside>\n\n\n\n\n<div style=\"height:50px\" aria-hidden=\"true\" class=\"wp-block-spacer\"><\/div>\n\n\n\n<h2 class=\"wp-block-heading\">La vie quotidienne des personnes atteintes de scl\u00e9rose en plaques<\/h2>\n\n\n\n<p>\u00c9tant donn\u00e9 qu&rsquo;\u00e0 l&rsquo;heure actuelle la <strong>SEP n&rsquo;a pas de traitement curatif,<\/strong> il est essentiel de mettre en \u0153uvre des <strong>strat\u00e9gies visant \u00e0 pr\u00e9venir l&rsquo;\u00e9volution et les complications de la maladie<\/strong>, ainsi qu&rsquo;\u00e0 faire face et \u00e0 accepter le diagnostic.<\/p>\n\n\n\n<h3 class=\"wp-block-heading\">Stigmatisation et concept de soi<\/h3>\n\n\n\n<p>L&rsquo;un des aspects les plus oubli\u00e9s dans cette population est&nbsp;<strong>l&rsquo;auto-perception<\/strong>&nbsp;de la stigmatisation li\u00e9e \u00e0 leur vie quotidienne. La d\u00e9finition de la stigmatisation a consid\u00e9rablement \u00e9volu\u00e9. \u00c0 partir de la conception classique de la stigmatisation propos\u00e9e par Goffman, comme un <strong>attribut ou une caract\u00e9ristique exprimant une identit\u00e9 sociale d\u00e9valoris\u00e9e<\/strong>, le concept a \u00e9t\u00e9 \u00e9largi en proposant de concevoir la stigmatisation comme un&nbsp;<strong>processus social<\/strong>&nbsp;plut\u00f4t que comme un attribut. Ce processus de stigmatisation commence lorsque les groupes dominants d&rsquo;une soci\u00e9t\u00e9 identifient certaines diff\u00e9rences humaines et culmine lorsque ces diff\u00e9rences d\u00e9clenchent diverses formes de&nbsp;<strong>rejet, d&rsquo;exclusion et de discrimination<sup>7<\/sup>.<\/strong><\/p>\n\n\n\n<p>Il est int\u00e9ressant d&rsquo;\u00e9tablir la relation entre le terme de&nbsp;<strong>stigmatisation et celui de concept de soi.<\/strong>&nbsp;Le terme concept de soi, comme la stigmatisation, a \u00e9galement \u00e9t\u00e9 modifi\u00e9 et a \u00e9volu\u00e9 au fil des ans. Traditionnellement, il \u00e9tait compris comme l&rsquo;ensemble des <strong>perceptions qu&rsquo;une personne entretient sur elle-m\u00eame<\/strong> <strong>\u00e0 partir de l&rsquo;\u00e9valuation personnelle et des autres,<\/strong> avan\u00e7ant au 21\u00e8me si\u00e8cle vers le concept qu&rsquo;il a de lui-m\u00eame en tant qu&rsquo;<strong>\u00eatre physique, social et spirituel<\/strong>. Kielhofner, pour sa part, reconna\u00eet que la participation \u00e0 des activit\u00e9s productives joue un r\u00f4le important dans la cr\u00e9ation de l&rsquo;identit\u00e9 de l&rsquo;\u00eatre humain.<\/p>\n\n\n\n<p>Les deux concepts montrent une<strong>&nbsp;grande influence sur la vie quotidienne des personnes touch\u00e9es par la scl\u00e9rose en plaques.&nbsp;<\/strong>Cette influence est n\u00e9gative et fait que les personnes touch\u00e9es par la SEP, montrent des probl\u00e8mes de participation aux activit\u00e9s quotidiennes et par cons\u00e9quent leur \u00e9quilibre professionnel est affect\u00e9.<\/p>\n\n\n\n<h3 class=\"wp-block-heading\">L&#8217;emploi<\/h3>\n\n\n\n<p>Le travail ou l&#8217;emploi fait partie de l&rsquo;\u00eatre humain et est d\u00e9fini comme une capacit\u00e9 de nature r\u00e9mun\u00e9r\u00e9e qui s&rsquo;exerce pendant un temps d\u00e9termin\u00e9.&nbsp;<strong>La perte d&#8217;emploi est souvent l&rsquo;une des plus grandes pr\u00e9occupations l&rsquo;ensemble de la population<\/strong>. Par cons\u00e9quent, lorsqu&rsquo;on parle de scl\u00e9rose en plaques, la perte d&#8217;emploi est un \u00e9v\u00e9nement courant qui affecte n\u00e9gativement la qualit\u00e9 de vie.<\/p>\n\n\n\n<p>Des auteurs comme Kielhofner (l&rsquo;un des principaux th\u00e9oriciens influents de l&rsquo;ergoth\u00e9rapie) soutient que le travail joue un&nbsp;<strong>r\u00f4le fondamental et essentiel dans la cr\u00e9ation et le maintien de l&rsquo;identit\u00e9 de l&rsquo;\u00eatre humain.<\/strong><\/p>\n\n\n\n<p>En revanche, le cadre de travail pour la pratique de l&rsquo;ergoth\u00e9rapie va plus loin. Dans ce document, le terme \u00abtravail\u00bb comprend les activit\u00e9s n\u00e9cessaires pour participer \u00e0 un emploi r\u00e9mun\u00e9r\u00e9 ou \u00e0 des activit\u00e9s b\u00e9n\u00e9voles. En outre, il comprend \u00e9galement diff\u00e9rents points tels que : les int\u00e9r\u00eats et les activit\u00e9s de recherche d&#8217;emploi, de recherche et d&rsquo;acquisition d&#8217;emploi, de performance professionnelle ou pr\u00e9paration et adaptation \u00e0 la retraite, entre autres.<\/p>\n\n\n\n<h4 class=\"wp-block-heading\">Activit\u00e9 de travail dans la vie des personnes atteintes de SP<\/h4>\n\n\n\n<p>Comme dans les activit\u00e9s de base de la vie quotidienne,&nbsp;<strong>l&rsquo;activit\u00e9 professionnelle<\/strong>&nbsp;a \u00e9galement acquis une valeur tr\u00e8s importante dans la routine quotidienne des personnes atteintes de scl\u00e9rose en plaques. Elle arrive apr\u00e8s le diagnostic, o\u00f9 la&nbsp;<strong>fatigue et les probl\u00e8mes cognitifs<\/strong>&nbsp;qui jouent un r\u00f4le fondamental<sup>10<\/sup>.<\/p>\n\n\n\n<p>En outre, divers auteurs rapportent que la perte d&#8217;emploi est l&rsquo;une des plus grandes pr\u00e9occupations des personnes touch\u00e9es par la SEP<sup>11, 12<\/sup>. Le changement de statut, peut<strong>&nbsp;g\u00e9n\u00e9rer une diminution de l&rsquo;estime de soi et une grande frustration<\/strong>. C&rsquo;est pourquoi il y a aussi des alt\u00e9rations de la sant\u00e9 et de la qualit\u00e9 de vie des personnes apr\u00e8s la perte de ladite activit\u00e9 professionnelle. De plus, dans la grande majorit\u00e9 des cas, l&rsquo;estime de soi est li\u00e9e aux r\u00e9alisations professionnelles, subissant une perturbation des objectifs de vie, devant \u00eatre modifi\u00e9e ou adapt\u00e9e.<\/p>\n\n\n\n<h2 class=\"wp-block-heading\">Auto-perception de la scl\u00e9rose en plaques: la personne face \u00e0 ses occupations<\/h2>\n\n\n\n<p>Par cons\u00e9quent, je voudrais vous rapprocher d&rsquo;une \u00e9tude que nous avons men\u00e9e en 2019 et qui sera publi\u00e9e en juin dans le nouveau num\u00e9ro du Chilean Journal of Occupational Therapy. Dans cette \u00e9tude, il a \u00e9t\u00e9 propos\u00e9 de conna\u00eetre la&nbsp;<strong>perception de la vie quotidienne de la population atteinte de scl\u00e9rose en plaques dans la r\u00e9gion de La Corogne, d&rsquo;un point de vue quantitatif et qualitatif.<\/strong>&nbsp;Parmi ses r\u00e9sultats, il convient de souligner la perte du r\u00f4le de travailleur dans la vie quotidienne de ces participants.<\/p>\n\n\n\n<p>Lors des entretiens et de l&rsquo;administration des outils, le travail a \u00e9t\u00e9 l&rsquo;un des sujets les plus pertinents, et ce, dans une plus grande mesure que la socialisation ou les loisirs. Effectivement, la grande majorit\u00e9 des personnes concern\u00e9es ont \u00e9t\u00e9 contraintes d&rsquo;abandonner leur emploi en raison de&nbsp;<strong>l&rsquo;impossibilit\u00e9 de travailler, de le r\u00e9aliser ou de le rendre compatible avec le traitement de r\u00e9\u00e9ducation appropri\u00e9.<\/strong><\/p>\n\n\n\n<h3 class=\"wp-block-heading\">Extraits des entretiens avec des personnes atteintes de scl\u00e9rose en plaques<\/h3>\n\n\n\n<p><strong>U5 :<\/strong> \u00abMon activit\u00e9 professionnelle n&rsquo;existe plus et c&rsquo;\u00e9tait quelque chose, disons assez important \u00e0 la fois quantitativement et qualitativement dans ma vie. (\u2026) Et \u00e7a\u2026 \u00e7a me manque vraiment de travailler \u00ab\u00a0<\/p>\n\n\n\n<p><strong>U10<\/strong> : \u00abJ&rsquo;\u00e9tais d\u00e9sempar\u00e9 et j&rsquo;avais besoin de me sentir \u00e9panoui. Et j&rsquo;ai demand\u00e9 \u00e0 pouvoir travailler \u00e0 nouveau\u2026 J&rsquo;ai travaill\u00e9 pendant quinze minutes et ma jambe n&rsquo;a pas r\u00e9sist\u00e9. Donc, depuis, j&rsquo;ai du arr\u00eater et \u00e7a s&rsquo;est fait ressentir \u00e9conomiquement et par cons\u00e9quent j&rsquo;ai d\u00fb arr\u00eater de participer \u00e0 certains loisirs qui me plaisaient \u00ab\u00a0<\/p>\n\n\n\n<p>Ce processus pr\u00e9sente diff\u00e9rentes \u00e9tapes, depuis le diagnostic de la maladie, en passant par un processus&nbsp;<strong>d&rsquo;assimilation<\/strong>au moment initial jusqu&rsquo;\u00e0 l&rsquo;issue, vue comme la&nbsp;<strong>perte d&#8217;emploi.<\/strong>&nbsp;De m\u00eame, on observe que cela a un impact n\u00e9gatif sur la vie quotidienne de cette population, ce que cela implique pour leur&nbsp;<strong>r\u00f4le social<\/strong>&nbsp;et leur identit\u00e9, tous deux \u00e9tant alt\u00e9r\u00e9s.<\/p>\n\n\n\n<p><strong>U6 :<\/strong> \u00abLa premi\u00e8re ann\u00e9e, j&rsquo;\u00e9tais en arr\u00eat maladie la plupart de l&rsquo;ann\u00e9e, donc je m&rsquo;attendais \u00e0 retourner au travail\u2026 Eh bien, en janvier je reviens\u2026 en mars je reviens\u2026 Et quand vous voyez que cela ne va pas arriver et qu&rsquo;ils vous donnent le handicap de travail, on se dit :&nbsp; mais que se passe-t-il ici ? Ma vie est finie &#8230; \u00ab\u00a0<\/p>\n\n\n\n<h4 class=\"wp-block-heading\">Cons\u00e9quences : <\/h4>\n\n\n\n<p>Le changement de r\u00f4le du travailleur peut g\u00e9n\u00e9rer une <strong>diminution de l&rsquo;estime de soi et une grande frustration<\/strong>. C&rsquo;est pourquoi il y a \u00e9galement des alt\u00e9rations de la sant\u00e9 et de la qualit\u00e9 de vie des utilisateurs apr\u00e8s la perte de ladite activit\u00e9 productive. De plus, dans la grande majorit\u00e9 des cas, l<strong>&lsquo;estime de soi est li\u00e9e aux r\u00e9alisations professionnelles<\/strong>, subissant une perturbation des objectifs de vie des utilisateurs, devant \u00eatre modifi\u00e9e ou adapt\u00e9e.<\/p>\n\n\n\n<h2 class=\"wp-block-heading\">Bibliographie<\/h2>\n\n\n\n<ul class=\"wp-block-list has-sm-font-size\">\n<li>Site du Minist\u00e8re des Solidarit\u00e9 et de la sant\u00e9 &#8211; la scl\u00e9rose en plaques &#8211; 2021<\/li>\n\n\n\n<li>Kurtzke JF. Une r\u00e9\u00e9valuation de la distribution de la scl\u00e9rose en plaques: premi\u00e8re partie. Acta Neurol Scand. 2009; 51: 110\u201336<\/li>\n\n\n\n<li>Garc\u00eda-Cano B, Garc\u00eda-Cano F. \u00c9pid\u00e9miologie de la scl\u00e9rose en plaques: revue bibliographique. Hygi\u00e8ne infirmi\u00e8re. 2017; 94: 24\u20137<\/li>\n\n\n\n<li>Koch-Henriksen N, S\u00f8rensen PS. L&rsquo;\u00e9volution du mod\u00e8le d\u00e9mographique de l&rsquo;\u00e9pid\u00e9miologie de la scl\u00e9rose en plaques. Lancet Neurol. 2010; 9: 520\u201332. doi: 10.1016 \/ S1474-4422 (10) 70064-8.<\/li>\n\n\n\n<li><em>MSIF &#8211; Atlas on MS 2020<br>\u00ab\u00a0Le point sur la scl\u00e9rose en plaques\u00a0\u00bb &#8211; sous la direction du Pr Thibault Moreau &#8211; \u00e9dition Edimark 2020<\/em><br><em>\u00ab\u00a0la Scl\u00e9rose en Plaques pour r\u00e9pondre aux questions de vos patients\u00a0\u00bb sous la direction du Pr Thibault Moreau &#8211;&nbsp; \u00e9dition Edimark 2012<\/em><br><em>\u00ab\u00a0Scl\u00e9rose en Plaques\u00a0\u00bb coordinateurs Pr T. Moreau et R. du Pasquier &#8211; \u00e9dition Doin 2017<\/em><\/li>\n\n\n\n<li>Kielhofner G. Mod\u00e8le d&rsquo;occupation humaine: th\u00e9orie et application. Lippincott Williams et Wilkins; 2008.<\/li>\n\n\n\n<li>Kos D, Duportail M, Meirte J, Meeus M, D&rsquo;hooghe MB, Nagels G, et al. L&rsquo;efficacit\u00e9 d&rsquo;une intervention d&rsquo;ergoth\u00e9rapie d&rsquo;autogestion sur la performance d&rsquo;activit\u00e9 chez les personnes souffrant de fatigue li\u00e9e \u00e0 la scl\u00e9rose en plaques: un essai contr\u00f4l\u00e9 randomis\u00e9. Int J Rehabil Res.2016; 39: 255\u201362.<\/li>\n<\/ul>\n\n\n\n<h3 class=\"wp-block-heading\">Plus de r\u00e9f\u00e9rences sur la scl\u00e9rose en plaques<\/h3>\n\n\n\n<ul class=\"wp-block-list has-sm-font-size\">\n<li>Kobelt G, Langdon D, J\u00f6nsson L. L&rsquo;effet de la fatigue auto-\u00e9valu\u00e9e et la d\u00e9ficience cognitive subjective sur la capacit\u00e9 de travail: le cas de la scl\u00e9rose en plaques. Mult Scler. 2019; 25 (5): 740-749. doi: 10.1177 \/ 1352458518769837<\/li>\n\n\n\n<li>Maurino, J., Mart\u00ednez-Gin\u00e9z, M. L., Garc\u00eda-Dom\u00ednguez, J. M., Solar, M. D., Carcel\u00e9n-Gadea, M., Ares-Luque, A.,\u2026 Honan, C. A. (2020). Difficult\u00e9s au travail, qualit\u00e9 de vie li\u00e9e \u00e0 la sant\u00e9 et perception de la stigmatisation du point de vue des patients atteints de scl\u00e9rose en plaques. Mult Scler Relat Disord, 41.<\/li>\n\n\n\n<li>Evangelina V. Cores, Sandra Vanotti, D\u00e9bora I. Burin, Daniel G. Politis, A. V. (2014). facteurs associ\u00e9s \u00e0 la situation des patients atteints de SEP. Neurologia.Com Rev Neurol, 58 (4), 175\u2013183.<\/li>\n\n\n\n<li>Vidal, V., et Abal, P. (2021). Alimentation, repos et sommeil: r\u00e9percussions sur la performance professionnelle des personnes atteintes de scl\u00e9rose en plaques. Npunto, IV, 165\u2013171.<\/li>\n\n\n\n<li>Vidal, V., et Abal, P. (2021). Alimentation, repos et sommeil: r\u00e9percussions sur la performance professionnelle des personnes atteintes de scl\u00e9rose en plaques. Npunto, IV, 165\u2013171.<\/li>\n<\/ul>\n\n\n\n<h3 class=\"wp-block-heading\">Si vous avez aim\u00e9 cet article sur la scl\u00e9rose en plaques, vous pourriez \u00e9galement \u00eatre int\u00e9ress\u00e9 par:<\/h3>\n\n\n\n<p><a href=\"https:\/\/neuronup.com\/fr\/actualites-de-la-stimulation-cognitive\/maladies-neurodegeneratives\/sclerose-en-plaques\/traitement-de-la-sclerose-en-plaques-avec-neuronup\">Traitement de la scl\u00e9rose en plaques avec Neuronup<\/a><\/p>\n","protected":false},"excerpt":{"rendered":"<p>La scl\u00e9rose en plaques (SEP) est une maladie chronique qui est l&rsquo;une des principales causes d&rsquo;incapacit\u00e9 non traumatique chez les jeunes adultes. Pour cette raison, elle n\u00e9cessite des soins divers. L&#8217;emploi joue un r\u00f4le fondamental, produisant des alt\u00e9rations de la sant\u00e9 et de la qualit\u00e9 de vie des personnes atteintes de scl\u00e9rose en plaques qui &hellip;<\/p>\n","protected":false},"author":199,"featured_media":33314,"comment_status":"open","ping_status":"closed","sticky":false,"template":"","format":"standard","meta":{"_acf_changed":false,"_genesis_hide_title":false,"_genesis_hide_breadcrumbs":false,"_genesis_hide_singular_image":false,"_genesis_hide_footer_widgets":false,"_genesis_custom_body_class":"","_genesis_custom_post_class":"","_genesis_layout":"","footnotes":""},"categories":[581],"tags":[643,645,646],"class_list":{"2":"type-post","7":"category-sclerose-en-plaques","8":"tag-maladie-neurodegenerative","9":"tag-sclerose-en-plaques","10":"tag-sep","11":"entry"},"acf":[],"_links":{"self":[{"href":"https:\/\/neuronup.com\/fr\/wp-json\/wp\/v2\/posts\/4954","targetHints":{"allow":["GET"]}}],"collection":[{"href":"https:\/\/neuronup.com\/fr\/wp-json\/wp\/v2\/posts"}],"about":[{"href":"https:\/\/neuronup.com\/fr\/wp-json\/wp\/v2\/types\/post"}],"author":[{"embeddable":true,"href":"https:\/\/neuronup.com\/fr\/wp-json\/wp\/v2\/users\/199"}],"replies":[{"embeddable":true,"href":"https:\/\/neuronup.com\/fr\/wp-json\/wp\/v2\/comments?post=4954"}],"version-history":[{"count":0,"href":"https:\/\/neuronup.com\/fr\/wp-json\/wp\/v2\/posts\/4954\/revisions"}],"wp:featuredmedia":[{"embeddable":true,"href":"https:\/\/neuronup.com\/fr\/wp-json\/wp\/v2\/media\/33314"}],"wp:attachment":[{"href":"https:\/\/neuronup.com\/fr\/wp-json\/wp\/v2\/media?parent=4954"}],"wp:term":[{"taxonomy":"category","embeddable":true,"href":"https:\/\/neuronup.com\/fr\/wp-json\/wp\/v2\/categories?post=4954"},{"taxonomy":"post_tag","embeddable":true,"href":"https:\/\/neuronup.com\/fr\/wp-json\/wp\/v2\/tags?post=4954"}],"curies":[{"name":"wp","href":"https:\/\/api.w.org\/{rel}","templated":true}]}}