{"id":45737,"date":"2025-10-17T19:05:00","date_gmt":"2025-10-17T19:05:00","guid":{"rendered":"https:\/\/neuronup.com\/?p=45737"},"modified":"2025-10-17T19:05:00","modified_gmt":"2025-10-17T19:05:00","slug":"lectures-recommandees-sur-les-demences-neurodegeneratives","status":"publish","type":"post","link":"https:\/\/neuronup.com\/fr\/neuronup-talks\/lectures-recommandees-sur-les-demences-neurodegeneratives\/","title":{"rendered":"Lectures recommand\u00e9es sur les d\u00e9mences neurod\u00e9g\u00e9n\u00e9ratives"},"content":{"rendered":"\n<p class=\"has-xl-font-size\">Notre entretien avec Adri\u00e0 Tort Merino dans NeuronUP Talks vous a int\u00e9ress\u00e9 ? Dans cet article&nbsp;<strong>nous partageons la bibliographie recommand\u00e9e par ce neuropsychologue <\/strong>pour continuer \u00e0 approfondir les d\u00e9mences neurod\u00e9g\u00e9n\u00e9ratives.<\/p>\n\n\n\n<h2 class=\"wp-block-heading\">Qui est Adri\u00e0 Tort Merino<\/h2>\n\n\n\n<p>Adri\u00e0 Tort-Merino est <strong>neuropsychologue clinicien \u00e0 l&rsquo;Unit\u00e9 Alzheimer et autres troubles cognitifs de l&rsquo;Hospital Cl\u00ednic de Barcelona et chercheur postdoctoral accr\u00e9dit\u00e9 \u00e0 l&rsquo;IDIBAPS<\/strong>.&nbsp;<\/p>\n\n\n\n<p>Avec plus de dix ans d&rsquo;exp\u00e9rience dans l&rsquo;\u00e9valuation et le traitement de personnes atteintes de trouble cognitif l\u00e9ger, de la maladie d&rsquo;Alzheimer et d&rsquo;autres d\u00e9mences, <strong>son travail se concentre sur l&rsquo;identification de marqueurs cognitifs pr\u00e9coces <\/strong>permettant un diagnostic pr\u00e9coce et une intervention plus efficace. Ses recherches ont d\u00e9montr\u00e9 la pr\u00e9sence de d\u00e9ficits subtils de la m\u00e9moire et du langage dans les phases pr\u00e9cliniques de la maladie d&rsquo;Alzheimer, ainsi que des diff\u00e9rences dans le profil neuropsychologique entre l&rsquo;Alzheimer \u00e0 d\u00e9but pr\u00e9coce et \u00e0 d\u00e9but tardif.<\/p>\n\n\n\n<p>Son travail est particuli\u00e8rement pertinent pour les professionnels qui mettent en \u0153uvre des programmes de stimulation cognitive, car <strong>il apporte des preuves sur la mani\u00e8re de d\u00e9tecter des changements minimes dans les performances cognitives et d&rsquo;adapter les th\u00e9rapies<\/strong> pour favoriser la plasticit\u00e9 c\u00e9r\u00e9brale et ralentir le d\u00e9clin. De plus, il a \u00e9tudi\u00e9 des ph\u00e9nom\u00e8nes tels que l&rsquo;oubli acc\u00e9l\u00e9r\u00e9 \u00e0 long terme chez les porteurs de l&rsquo;all\u00e8le APOE \u025b4, ouvrant de nouvelles voies pour comprendre comment se produit l&rsquo;oubli \u00e0 long terme et comment intervenir de fa\u00e7on plus personnalis\u00e9e.<\/p>\n\n\n\n<h2 class=\"wp-block-heading\">Entretien avec Adri\u00e0 Tort Merino dans NeuronUP Talks<\/h2>\n\n\n\n<div style=\"height:50px\" aria-hidden=\"true\" class=\"wp-block-spacer\"><\/div>\n\n\n\n<figure class=\"wp-block-embed aligncenter is-type-video is-provider-youtube wp-block-embed-youtube image-interface wp-embed-aspect-16-9 wp-has-aspect-ratio\"><div class=\"wp-block-embed__wrapper\">\n<iframe title=\"Neuropsicolog\u00eda de las demencias neurodegenerativas |Adri\u00e0 Tort &amp; Carolina Sastre|NeuronUPTalks T2E1\" width=\"800\" height=\"450\" src=\"https:\/\/www.youtube.com\/embed\/ZaqpiglhzCw?feature=oembed\" frameborder=\"0\" allow=\"accelerometer; autoplay; clipboard-write; encrypted-media; gyroscope; picture-in-picture; web-share\" referrerpolicy=\"strict-origin-when-cross-origin\" allowfullscreen><\/iframe>\n<\/div><\/figure>\n\n\n\n<div style=\"height:50px\" aria-hidden=\"true\" class=\"wp-block-spacer\"><\/div>\n\n\n\n<p>NeuronUP Talks revient avec une deuxi\u00e8me saison pleine de conversations et de contenu de valeur destin\u00e9 aux sp\u00e9cialistes qui travaillent en stimulation cognitive et en neuror\u00e9habilitation.<\/p>\n\n\n\n<p>Dans ce premier \u00e9pisode, Carolina Sastre s&rsquo;entretient avec le neuropsychologue Adri\u00e0 Tort Merino pour parler des <strong>d\u00e9mences neurod\u00e9g\u00e9n\u00e9ratives<\/strong>. <\/p>\n\n\n\n<p>L&rsquo;\u00e9valuation pr\u00e9coce du d\u00e9clin cognitif, les nouveaux outils psychom\u00e9triques et les donn\u00e9es longitudinales, l&rsquo;importance du jugement clinique et de la relation avec le patient; et les limites et d\u00e9fis actuels dans la pratique clinique, ne sont que quelques-uns des points abord\u00e9s par les deux neuropsychologues \u00e0 cette occasion. <\/p>\n\n\n\n<p>Si vous souhaitez am\u00e9liorer votre pratique clinique, actualiser vos connaissances et repenser la fa\u00e7on dont nous \u00e9valuons ce qui n&rsquo;est pas encore visible, ne manquez pas ce d\u00e9but de saison. <\/p>\n\n\n\n<div style=\"height:50px\" aria-hidden=\"true\" class=\"wp-block-spacer\"><\/div>\n\n\n\n<div class=\"wp-block-group br-0111 has-primary-background-color has-background has-dark-background has-sm-padding-top has-sm-padding-left has-sm-padding-right has-xxl-margin-top\"><div class=\"wp-block-group__inner-container is-layout-constrained wp-block-group-is-layout-constrained\">\n<div class=\"wp-block-columns is-layout-flex wp-container-core-columns-is-layout-9d6595d7 wp-block-columns-is-layout-flex\">\n<div class=\"wp-block-column is-layout-flow wp-block-column-is-layout-flow\">\n<figure class=\"wp-block-image size-full desktop-position-absolute desktop-bottom-0 mobile-width-50 mobile-m-inline-auto has-xl-margin-top\"><img decoding=\"async\" width=\"292\" height=\"338\" src=\"https:\/\/neuronup.com\/fr\/wp-content\/uploads\/2024\/10\/certificat-produit.webp\" alt=\"\" class=\"wp-image-31568\" srcset=\"https:\/\/neuronup.com\/fr\/wp-content\/uploads\/2024\/10\/certificat-produit-259x300.webp 259w, https:\/\/neuronup.com\/fr\/wp-content\/uploads\/2024\/10\/certificat-produit.webp 292w\" sizes=\"(max-width: 292px) 100vw, 292px\" \/><\/figure>\n<\/div>\n\n\n\n<div class=\"wp-block-column is-layout-flow wp-block-column-is-layout-flow\">\n<h2 class=\"wp-block-heading has-white-color has-text-color\"><strong>Abonnez-vous<\/strong> <br>\u00e0 notre <br>Newsletter<\/h2>\n\n\n\n<div class=\"wp-block-buttons is-layout-flex wp-block-buttons-is-layout-flex\">\n<div class=\"wp-block-button--1\" style=\"--button-outline-color:var(--color-white);--button-outline-color-hover:rgba(0,0,0,0.8);\"><a class=\"wp-block-button__link button button-outline   wp-element-button\" href=\"https:\/\/neuronup.com\/fr\/newsletter\/\">Abonnez-vous<\/a><\/div>\n\n<\/div>\n\n\n\n<div style=\"height:40px\" aria-hidden=\"true\" class=\"wp-block-spacer\"><\/div>\n<\/div>\n<\/div>\n<\/div><\/div>\n\n\n\n\n<div style=\"height:50px\" aria-hidden=\"true\" class=\"wp-block-spacer\"><\/div>\n\n\n\n<h2 class=\"wp-block-heading\">Lectures recommand\u00e9es sur les d\u00e9mences neurod\u00e9g\u00e9n\u00e9ratives<\/h2>\n\n\n\n<h3 class=\"wp-block-heading\">Articles scientifiques recommand\u00e9s<\/h3>\n\n\n\n<ul class=\"wp-block-list\">\n<li>Aschenbrenner et al.(2022). Avoid or embrace? Practice effects in Alzheimer\u2019s disease prevention trials. Frontiers in Aging Neuroscience, 14, Article 883131. https:\/\/doi.org\/10.3389\/fnagi.2022.883131<\/li>\n\n\n\n<li>Baddeley, A. D., Atkinson, A. L., Hitch, G. J., &amp; Allen, R. J. (2021). Detecting accelerated long-term forgetting: A problem and some solutions. Cortex, 142, 237-251. https:\/\/doi.org\/10.1016\/j.cortex.2021.03.038<\/li>\n<\/ul>\n\n\n\n<ul class=\"wp-block-list\">\n<li>Duff, K., Callister, C., Dennett, K., &amp; Tometich, D. (2012). Practice Effects: A Unique Cognitive Variable. The Clinical Neuropsychologist, 26(7), 1117\u20131127. https:\/\/doi.org\/10.1080\/13854046.2012.722685<\/li>\n\n\n\n<li>Hassenstab, J., Ruvolo, D., Jasielec, M., Xiong, C., Grant, E., &amp; Morris, J. C. (2015). Absence of practice effects in preclinical Alzheimer\u2019s disease. Neuropsychology, 29(6), 940\u2013948. https:\/\/doi.org\/10.1037\/neu0000208<\/li>\n\n\n\n<li>Putcha, D., Katsumi, Y., Touroutoglou, A. et al. Heterogeneous clinical phenotypes of sporadic early-onset Alzheimer\u2019s disease: a neuropsychological data-driven approach. Alz Res Therapy 17, 38 (2025). https:\/\/doi.org\/10.1186\/s13195-025-01689-8<\/li>\n\n\n\n<li>Rentz, D.M., Parra Rodriguez, M.A., Amariglio, R. et al. Promising developments in neuropsychological approaches for the detection of preclinical Alzheimer\u2019s disease: a selective review. Alz Res Therapy 5, 58 (2013). https:\/\/doi.org\/10.1186\/alzrt222<\/li>\n<\/ul>\n\n\n\n<div style=\"height:50px\" aria-hidden=\"true\" class=\"wp-block-spacer\"><\/div>\n\n\n\n<div class=\"wp-block-group\"><div class=\"wp-block-group__inner-container is-layout-constrained wp-block-group-is-layout-constrained\">\n<div class=\"wp-block-columns br-0111 particle-bg p-5 has-primary-background-color has-background is-layout-flex wp-container-core-columns-is-layout-9d6595d7 wp-block-columns-is-layout-flex\">\n<div class=\"wp-block-column is-layout-flow wp-block-column-is-layout-flow\" style=\"flex-basis:66.66%\">\n<h2 class=\"wp-block-heading has-white-color has-text-color\">Essayez NeuronUP 7 jours gratuitement<\/h2>\n\n\n\n<p class=\"has-white-color has-text-color\">Vous pourrez travailler avec nos activit\u00e9s, concevoir des s\u00e9ances ou effectuer des r\u00e9habilitations \u00e0 distance<\/p>\n<\/div>\n\n\n\n<div class=\"wp-block-column is-layout-flow wp-block-column-is-layout-flow\" style=\"flex-basis:33.33%\">\n<div class=\"wp-block-buttons is-content-justification-center is-layout-flex wp-container-core-buttons-is-layout-16018d1d wp-block-buttons-is-layout-flex\">\n<div class=\"wp-block-button\" style=\"--button-background:var(--color-custom-1);--button-background-hover:#cc7e00;\"><a class=\"wp-block-button__link button   wp-element-button\" href=\"https:\/\/neuronup.com\/fr\/landing\/\">Commencez votre essai<\/a><\/div>\n\n<\/div>\n<\/div>\n<\/div>\n<\/div><\/div>\n\n\n\n<div style=\"height:50px\" aria-hidden=\"true\" class=\"wp-block-spacer\"><\/div>\n\n\n\n<h3 class=\"wp-block-heading\">Si vous avez appr\u00e9ci\u00e9 cet article de blog sur <strong>les lectures recommand\u00e9es concernant les d\u00e9mences neurod\u00e9g\u00e9n\u00e9ratives<\/strong>, ces articles de NeuronUP pourraient s\u00fbrement vous int\u00e9resser:<\/h3>\n\n<div class=\"mai-grid entries entries-grid has-boxed has-image-full\" style=\"--entry-title-font-size:var(--font-size-lg);--align-text:start;--entry-meta-text-align:start;\"><div class=\"entries-wrap has-columns\" style=\"--columns-xs:1\/1;--columns-sm:1\/1;--columns-md:1\/3;--columns-lg:1\/3;--flex-xs:0 0 var(--flex-basis);--flex-sm:0 0 var(--flex-basis);--flex-md:0 0 var(--flex-basis);--flex-lg:0 0 var(--flex-basis);--column-gap:var(--spacing-lg);--row-gap:var(--spacing-lg);--align-columns:start;\"><article class=\"entry entry-grid is-column has-entry-link has-image has-image-first type-post category-nouveautes-neuronup tag-stimulation-cognitive\" style=\"--entry-index:1;\" aria-label=\"Les \u00e9preuves des Jeux Paralympiques 2024 et l&#8217;importance de la sant\u00e9 mentale\" itemscope itemtype=\"https:\/\/schema.org\/CreativeWork\"><a class=\"entry-image-link\" href=\"https:\/\/neuronup.com\/fr\/nouveautes-neuronup\/les-epreuves-des-jeux-paralympiques-2024-et-limportance-de-la-sante-mentale\/\" tabindex=\"-1\" aria-hidden=\"true\"><img decoding=\"async\" width=\"400\" height=\"300\" src=\"https:\/\/neuronup.com\/fr\/wp-content\/uploads\/2024\/11\/jeux-paralympiques-400x300.webp\" class=\"entry-image size-landscape-sm\" alt=\"Anneaux paralympiques au premier plan et tour Eiffel en arri\u00e8re-plan; foule autour des anneaux dans une ambiance festive.\" srcset=\"https:\/\/neuronup.com\/fr\/wp-content\/uploads\/2024\/11\/jeux-paralympiques-400x300.webp 400w, https:\/\/neuronup.com\/fr\/wp-content\/uploads\/2024\/11\/jeux-paralympiques-800x600.webp 800w\" sizes=\"(max-width:599px) 599px, (min-width:600px) and (max-width: 799px) 799px, (min-width:800px) and (max-width: 999px) 333px, (min-width:1000px) 400px\" \/><\/a><div class=\"entry-wrap entry-wrap-grid\"><h3 class=\"entry-title\" itemprop=\"headline\"><a class=\"entry-title-link\" href=\"https:\/\/neuronup.com\/fr\/nouveautes-neuronup\/les-epreuves-des-jeux-paralympiques-2024-et-limportance-de-la-sante-mentale\/\" rel=\"bookmark\">Les \u00e9preuves des Jeux Paralympiques 2024 et l&#8217;importance de la sant\u00e9 mentale<\/a><\/h3>\n<\/div><\/article><article class=\"entry entry-grid is-column has-entry-link has-image has-image-first type-post category-activites-de-neuro-reeducation tag-activites-de-stimulation-cognitive tag-activites-de-stimulation-cognitive-pour-enfants tag-enfants\" style=\"--entry-index:2;\" aria-label=\"Activit\u00e9s de stimulation cognitive de 2024 pour enfants\" itemscope itemtype=\"https:\/\/schema.org\/CreativeWork\"><a class=\"entry-image-link\" href=\"https:\/\/neuronup.com\/fr\/activites-de-neuro-reeducation\/activites-de-stimulation-cognitive-de-2024-pour-enfants\/\" tabindex=\"-1\" aria-hidden=\"true\"><img decoding=\"async\" width=\"400\" height=\"224\" src=\"https:\/\/neuronup.com\/fr\/wp-content\/uploads\/2025\/01\/Ordena-la-casa-Actividad-de-NeuronUP.webp\" class=\"entry-image size-landscape-sm\" alt=\"Collage montrant bureau et ordinateur \u00e0 gauche, cuisine moderne au centre et garage \u00e0 droite, avec ic\u00f4nes de s\u00e9lection.\" srcset=\"https:\/\/neuronup.com\/fr\/wp-content\/uploads\/2025\/01\/Ordena-la-casa-Actividad-de-NeuronUP-300x168.webp 300w, https:\/\/neuronup.com\/fr\/wp-content\/uploads\/2025\/01\/Ordena-la-casa-Actividad-de-NeuronUP-768x430.webp 768w, https:\/\/neuronup.com\/fr\/wp-content\/uploads\/2025\/01\/Ordena-la-casa-Actividad-de-NeuronUP-1024x574.webp 1024w, https:\/\/neuronup.com\/fr\/wp-content\/uploads\/2025\/01\/Ordena-la-casa-Actividad-de-NeuronUP.webp 1205w\" sizes=\"(max-width:599px) 599px, (min-width:600px) and (max-width: 799px) 799px, (min-width:800px) and (max-width: 999px) 333px, (min-width:1000px) 400px\" \/><\/a><div class=\"entry-wrap entry-wrap-grid\"><h3 class=\"entry-title\" itemprop=\"headline\"><a class=\"entry-title-link\" href=\"https:\/\/neuronup.com\/fr\/activites-de-neuro-reeducation\/activites-de-stimulation-cognitive-de-2024-pour-enfants\/\" rel=\"bookmark\">Activit\u00e9s de stimulation cognitive de 2024 pour enfants<\/a><\/h3>\n<\/div><\/article><article class=\"entry entry-grid is-column has-entry-link has-image has-image-first type-post category-trisomie-21 tag-deficience-intellectuelle tag-temoignages tag-trisomie-21\" style=\"--entry-index:3;\" aria-label=\"La Trisomie 21 racont\u00e9e par Down Las Palmas\" itemscope itemtype=\"https:\/\/schema.org\/CreativeWork\"><a class=\"entry-image-link\" href=\"https:\/\/neuronup.com\/fr\/actualites-de-la-stimulation-cognitive\/deficience-intellectuelle\/trisomie-21\/la-trisomie-21-racontee-par-down-las-palmas\/\" tabindex=\"-1\" aria-hidden=\"true\"><img decoding=\"async\" width=\"400\" height=\"300\" src=\"https:\/\/neuronup.com\/fr\/wp-content\/uploads\/2024\/11\/Trisomie-21-Association-Sindrome-Down-Palmas-400x300.webp\" class=\"entry-image size-landscape-sm\" alt=\"Groupe de personnes r\u00e9unies dans une cuisine, portant tabliers et toques, souriants autour de plats pr\u00e9par\u00e9s; ambiance festive.\" srcset=\"https:\/\/neuronup.com\/fr\/wp-content\/uploads\/2024\/11\/Trisomie-21-Association-Sindrome-Down-Palmas-300x225.webp 300w, https:\/\/neuronup.com\/fr\/wp-content\/uploads\/2024\/11\/Trisomie-21-Association-Sindrome-Down-Palmas-400x300.webp 400w, https:\/\/neuronup.com\/fr\/wp-content\/uploads\/2024\/11\/Trisomie-21-Association-Sindrome-Down-Palmas-768x576.webp 768w, https:\/\/neuronup.com\/fr\/wp-content\/uploads\/2024\/11\/Trisomie-21-Association-Sindrome-Down-Palmas-800x600.webp 800w, https:\/\/neuronup.com\/fr\/wp-content\/uploads\/2024\/11\/Trisomie-21-Association-Sindrome-Down-Palmas-1024x768.webp 1024w, https:\/\/neuronup.com\/fr\/wp-content\/uploads\/2024\/11\/Trisomie-21-Association-Sindrome-Down-Palmas.webp 1200w\" sizes=\"(max-width:599px) 599px, (min-width:600px) and (max-width: 799px) 799px, (min-width:800px) and (max-width: 999px) 333px, (min-width:1000px) 400px\" \/><\/a><div class=\"entry-wrap entry-wrap-grid\"><h3 class=\"entry-title\" itemprop=\"headline\"><a class=\"entry-title-link\" href=\"https:\/\/neuronup.com\/fr\/actualites-de-la-stimulation-cognitive\/deficience-intellectuelle\/trisomie-21\/la-trisomie-21-racontee-par-down-las-palmas\/\" rel=\"bookmark\">La Trisomie 21 racont\u00e9e par Down Las Palmas<\/a><\/h3>\n<\/div><\/article><article class=\"entry entry-grid is-column has-entry-link has-image has-image-first type-post category-activites-de-gnosies tag-activites-de-stimulation-cognitive tag-actualites-de-neuronup tag-gnosies\" style=\"--entry-index:4;\" aria-label=\"Activit\u00e9 de gnosies visuelles pour adultes\" itemscope itemtype=\"https:\/\/schema.org\/CreativeWork\"><a class=\"entry-image-link\" href=\"https:\/\/neuronup.com\/fr\/activites-de-neuro-reeducation\/activites-pour-les-fonctions-cognitives\/activites-de-gnosies\/activite-de-gnosies-visuelles-pour-adultes-2\/\" tabindex=\"-1\" aria-hidden=\"true\"><img decoding=\"async\" width=\"400\" height=\"272\" src=\"https:\/\/neuronup.com\/fr\/wp-content\/uploads\/2022\/01\/ES-clasifica-el-dinero-NeuronUP-2-1.webp\" class=\"entry-image size-landscape-sm\" alt=\"Billets et pi\u00e8ces en euros sur fond bleu, regroup\u00e9s par valeur, illustrant une activit\u00e9 de gnosies visuelles pour adultes.\" srcset=\"https:\/\/neuronup.com\/fr\/wp-content\/uploads\/2022\/01\/ES-clasifica-el-dinero-NeuronUP-2-1-300x204.webp 300w, https:\/\/neuronup.com\/fr\/wp-content\/uploads\/2022\/01\/ES-clasifica-el-dinero-NeuronUP-2-1-768x522.webp 768w, https:\/\/neuronup.com\/fr\/wp-content\/uploads\/2022\/01\/ES-clasifica-el-dinero-NeuronUP-2-1-1024x696.webp 1024w, https:\/\/neuronup.com\/fr\/wp-content\/uploads\/2022\/01\/ES-clasifica-el-dinero-NeuronUP-2-1.webp 1200w\" sizes=\"(max-width:599px) 599px, (min-width:600px) and (max-width: 799px) 799px, (min-width:800px) and (max-width: 999px) 333px, (min-width:1000px) 400px\" \/><\/a><div class=\"entry-wrap entry-wrap-grid\"><h3 class=\"entry-title\" itemprop=\"headline\"><a class=\"entry-title-link\" href=\"https:\/\/neuronup.com\/fr\/activites-de-neuro-reeducation\/activites-pour-les-fonctions-cognitives\/activites-de-gnosies\/activite-de-gnosies-visuelles-pour-adultes-2\/\" rel=\"bookmark\">Activit\u00e9 de gnosies visuelles pour adultes<\/a><\/h3>\n<\/div><\/article><article class=\"entry entry-grid is-column has-entry-link has-image has-image-first type-post category-activites-pour-la-maladie-dalzheimer tag-geriatrie tag-mon-experience-avec-neuronup tag-neuronup tag-personnes-agees tag-stimulation-cognitive\" style=\"--entry-index:5;\" aria-label=\"Stimulation cognitive en g\u00e9riatrie avec NeuronUP\" itemscope itemtype=\"https:\/\/schema.org\/CreativeWork\"><a class=\"entry-image-link\" href=\"https:\/\/neuronup.com\/fr\/activites-de-neuro-reeducation\/activites-pour-la-maladie-dalzheimer\/stimulation-cognitive-en-geriatrie-avec-neuronup\/\" tabindex=\"-1\" aria-hidden=\"true\"><img decoding=\"async\" width=\"400\" height=\"300\" src=\"https:\/\/neuronup.com\/fr\/wp-content\/uploads\/2024\/11\/Stimulation-cognitive-en-geriatrie-avec-NeuronUP-400x300.webp\" class=\"entry-image size-landscape-sm\" alt=\"\u00c9cran d\u2019application de stimulation cognitive en g\u00e9riatrie; scores \u00e0 gauche et poubelles color\u00e9es \u00e0 droite.\" srcset=\"https:\/\/neuronup.com\/fr\/wp-content\/uploads\/2024\/11\/Stimulation-cognitive-en-geriatrie-avec-NeuronUP-400x300.webp 400w, https:\/\/neuronup.com\/fr\/wp-content\/uploads\/2024\/11\/Stimulation-cognitive-en-geriatrie-avec-NeuronUP-800x600.webp 800w, https:\/\/neuronup.com\/fr\/wp-content\/uploads\/2024\/11\/Stimulation-cognitive-en-geriatrie-avec-NeuronUP-1200x900.webp 1200w\" sizes=\"(max-width:599px) 599px, (min-width:600px) and (max-width: 799px) 799px, (min-width:800px) and (max-width: 999px) 333px, (min-width:1000px) 400px\" \/><\/a><div class=\"entry-wrap entry-wrap-grid\"><h3 class=\"entry-title\" itemprop=\"headline\"><a class=\"entry-title-link\" href=\"https:\/\/neuronup.com\/fr\/activites-de-neuro-reeducation\/activites-pour-la-maladie-dalzheimer\/stimulation-cognitive-en-geriatrie-avec-neuronup\/\" rel=\"bookmark\">Stimulation cognitive en g\u00e9riatrie avec NeuronUP<\/a><\/h3>\n<\/div><\/article><article class=\"entry entry-grid is-column has-entry-link has-image has-image-first type-post category-lignes-de-recherche tag-recherche tag-sclerose-en-plaques\" style=\"--entry-index:6;\" aria-label=\"Modifications neuropsychologiques et du volume de substance grise chez les patients atteints de scl\u00e9rose en plaques apr\u00e8s une th\u00e9rapie de r\u00e9\u00e9ducation cognitive assist\u00e9e par ordinateur avec NeuronUP\" itemscope itemtype=\"https:\/\/schema.org\/CreativeWork\"><a class=\"entry-image-link\" href=\"https:\/\/neuronup.com\/fr\/investigation\/lignes-de-recherche\/changements-neuropsychologiques-et-volume-de-matiere-grise-chez-des-patients-atteints-de-sclerose-en-plaques-apres-une-therapie-de-reeducation-cognitive\/\" tabindex=\"-1\" aria-hidden=\"true\"><img decoding=\"async\" width=\"400\" height=\"267\" src=\"https:\/\/neuronup.com\/fr\/wp-content\/uploads\/2024\/04\/Esclerosis-multiple-y-nuevas-tecnologias-Yolanda-Virue-NeuronUP.webp\" class=\"entry-image size-landscape-sm\" alt=\"Femme assise au bureau utilisant un ordinateur portable, pull jaune, expression concentr\u00e9e, d\u00e9cor minimaliste.\" srcset=\"https:\/\/neuronup.com\/fr\/wp-content\/uploads\/2024\/04\/Esclerosis-multiple-y-nuevas-tecnologias-Yolanda-Virue-NeuronUP-300x200.webp 300w, https:\/\/neuronup.com\/fr\/wp-content\/uploads\/2024\/04\/Esclerosis-multiple-y-nuevas-tecnologias-Yolanda-Virue-NeuronUP-768x512.webp 768w, https:\/\/neuronup.com\/fr\/wp-content\/uploads\/2024\/04\/Esclerosis-multiple-y-nuevas-tecnologias-Yolanda-Virue-NeuronUP-1024x683.webp 1024w, https:\/\/neuronup.com\/fr\/wp-content\/uploads\/2024\/04\/Esclerosis-multiple-y-nuevas-tecnologias-Yolanda-Virue-NeuronUP.webp 1200w\" sizes=\"(max-width:599px) 599px, (min-width:600px) and (max-width: 799px) 799px, (min-width:800px) and (max-width: 999px) 333px, (min-width:1000px) 400px\" \/><\/a><div class=\"entry-wrap entry-wrap-grid\"><h3 class=\"entry-title\" itemprop=\"headline\"><a class=\"entry-title-link\" href=\"https:\/\/neuronup.com\/fr\/investigation\/lignes-de-recherche\/changements-neuropsychologiques-et-volume-de-matiere-grise-chez-des-patients-atteints-de-sclerose-en-plaques-apres-une-therapie-de-reeducation-cognitive\/\" rel=\"bookmark\">Modifications neuropsychologiques et du volume de substance grise chez les patients atteints de scl\u00e9rose en plaques apr\u00e8s une th\u00e9rapie de r\u00e9\u00e9ducation cognitive assist\u00e9e par ordinateur avec NeuronUP<\/a><\/h3>\n<\/div><\/article><\/div><\/div>\n\n<div style=\"height:50px\" aria-hidden=\"true\" class=\"wp-block-spacer\"><\/div>\n\n\n\n<p class=\"has-sm-font-size\">\u00ab\u00a0Cet article a \u00e9t\u00e9 traduit. Lien vers l\u2019article original en espagnol :\u00a0\u00bb<br><a href=\"https:\/\/neuronup.com\/neuronup-talks\/lecturas-recomendadas-sobre-demencias-neurodegenerativas\/\" data-type=\"link\" data-id=\"https:\/\/neuronup.com\/neuronup-talks\/lecturas-recomendadas-sobre-demencias-neurodegenerativas\/\"><em>Lecturas recomendadas sobre demencias neurodegenerativas<\/em><\/a><\/p>\n\n","protected":false},"excerpt":{"rendered":"<p>Notre entretien avec Adri\u00e0 Tort Merino dans NeuronUP Talks vous a int\u00e9ress\u00e9 ? Dans cet article&nbsp;nous partageons la bibliographie recommand\u00e9e par ce neuropsychologue pour continuer \u00e0 approfondir les d\u00e9mences neurod\u00e9g\u00e9n\u00e9ratives. Qui est Adri\u00e0 Tort Merino Adri\u00e0 Tort-Merino est neuropsychologue clinicien \u00e0 l&rsquo;Unit\u00e9 Alzheimer et autres troubles cognitifs de l&rsquo;Hospital Cl\u00ednic de Barcelona et chercheur postdoctoral &hellip;<\/p>\n","protected":false},"author":33,"featured_media":45939,"comment_status":"open","ping_status":"open","sticky":false,"template":"","format":"standard","meta":{"_acf_changed":false,"_genesis_hide_title":false,"_genesis_hide_breadcrumbs":false,"_genesis_hide_singular_image":false,"_genesis_hide_footer_widgets":false,"_genesis_custom_body_class":"","_genesis_custom_post_class":"","_genesis_layout":"content-sidebar","footnotes":""},"categories":[1074],"tags":[696,993,1089],"class_list":{"2":"type-post","7":"category-neuronup-talks","8":"tag-demence","9":"tag-maladies-neurodegeneratives","10":"tag-neuronup-talks","11":"entry"},"acf":[],"_links":{"self":[{"href":"https:\/\/neuronup.com\/fr\/wp-json\/wp\/v2\/posts\/45737","targetHints":{"allow":["GET"]}}],"collection":[{"href":"https:\/\/neuronup.com\/fr\/wp-json\/wp\/v2\/posts"}],"about":[{"href":"https:\/\/neuronup.com\/fr\/wp-json\/wp\/v2\/types\/post"}],"author":[{"embeddable":true,"href":"https:\/\/neuronup.com\/fr\/wp-json\/wp\/v2\/users\/33"}],"replies":[{"embeddable":true,"href":"https:\/\/neuronup.com\/fr\/wp-json\/wp\/v2\/comments?post=45737"}],"version-history":[{"count":0,"href":"https:\/\/neuronup.com\/fr\/wp-json\/wp\/v2\/posts\/45737\/revisions"}],"wp:featuredmedia":[{"embeddable":true,"href":"https:\/\/neuronup.com\/fr\/wp-json\/wp\/v2\/media\/45939"}],"wp:attachment":[{"href":"https:\/\/neuronup.com\/fr\/wp-json\/wp\/v2\/media?parent=45737"}],"wp:term":[{"taxonomy":"category","embeddable":true,"href":"https:\/\/neuronup.com\/fr\/wp-json\/wp\/v2\/categories?post=45737"},{"taxonomy":"post_tag","embeddable":true,"href":"https:\/\/neuronup.com\/fr\/wp-json\/wp\/v2\/tags?post=45737"}],"curies":[{"name":"wp","href":"https:\/\/api.w.org\/{rel}","templated":true}]}}