{"id":4283,"date":"2022-12-09T04:08:00","date_gmt":"2022-12-09T04:08:00","guid":{"rendered":"https:\/\/neuronup.com\/fr\/?p=4283"},"modified":"2025-05-02T19:55:45","modified_gmt":"2025-05-02T17:55:45","slug":"troubles-neurodeveloppementaux-impact-sur-les-fonctions-cognitives","status":"publish","type":"post","link":"https:\/\/neuronup.com\/fr\/actualites-de-la-stimulation-cognitive\/troubles-neuro-developpementaux\/troubles-neurodeveloppementaux-impact-sur-les-fonctions-cognitives\/","title":{"rendered":"Troubles neurod\u00e9veloppementaux: impact sur les fonctions cognitives"},"content":{"rendered":"\n<h2 class=\"wp-block-heading\">Qu&rsquo;est-ce que le neurod\u00e9veloppement?<\/h2>\n\n\n\n<p>Le <strong>d\u00e9veloppement du syst\u00e8me nerveux<\/strong>, \u00e9galement appel\u00e9 <strong>neurod\u00e9veloppement<\/strong>, est un processus complexe.&nbsp;Il commence au stade embryonnaire, se poursuit pendant la p\u00e9riode f\u0153tale puis tout au long de la vie (Ense\u00f1at, Roig &amp; Molina, 2015). Ce processus est marqu\u00e9 par une <strong>s\u00e9rie de changements<\/strong> et est compos\u00e9 de<strong> plusieurs \u00e9tapes <\/strong>(formation du tube neural, prolif\u00e9ration, migration, organisation et my\u00e9linisation). Chacune se manifestant par un aspect particulier qui, ensemble, permettra la consolidation des structures, l&rsquo;acquisition de comp\u00e9tences dans diff\u00e9rents domaines et l&rsquo;organisation de la personne (Medina et al. , 2015).<\/p>\n\n\n\n<h3 class=\"wp-block-heading\">Selon P\u00e9rez et Capilla (2011), cette \u00e9volution est r\u00e9gie par des principes :<\/h3>\n\n\n\n<p><strong>a) Discontinuit\u00e9<\/strong>, qui indique qu&rsquo;il y a des changements \u00e0 diff\u00e9rentes \u00e9tapes et sera appr\u00e9ci\u00e9e d&rsquo;une mani\u00e8re qualitative diff\u00e9rente chez les personnes, bien que cela puisse \u00eatre influenc\u00e9 par le contexte.<\/p>\n\n\n\n<p><strong>b) L&rsquo;interaction g\u00e9n\u00e9tique-environnement<\/strong>, qui indique que les \u00eatres humains, poss\u00e9dent une charge g\u00e9n\u00e9tique importante, qui fa\u00e7onne leur activit\u00e9. M\u00eame si l&rsquo;environnement dans lequel la personne se d\u00e9veloppe joue un r\u00f4le important (favorablement ou n\u00e9gativement),&nbsp;en laissant de c\u00f4t\u00e9 la conception que nous pr\u00e9sentons un d\u00e9terminisme biologique ou environnemental.<\/p>\n\n\n\n<p><strong>c) Hi\u00e9rarchie<\/strong>, le cerveau est une machine complexe, qui s&rsquo;organise de fa\u00e7on ordonn\u00e9e \u00e0 des moments diff\u00e9rents, formant d&rsquo;abord les aires sensorielles et motrices, puis les aires associatives. La grande complexit\u00e9 de notre cerveau d\u00e9pend d&rsquo;une certaine mani\u00e8re, de la connectivit\u00e9 \u00e9tablie par ses cellules (Arnedo, Montes, Bembibre &amp; Trivi\u00f1o, 2015).<\/p>\n\n\n\n<p>Il est n\u00e9cessaire d&rsquo;indiquer, que le d\u00e9veloppement ad\u00e9quat du syst\u00e8me nerveux se refl\u00e9tera ext\u00e9rieurement chez la personne. Et ce, \u00e0 travers des caract\u00e9ristiques motrices, \u00e9motionnelles, cognitives et autres. Cependant, cette fois, nous concentrerons notre attention sur l&rsquo;aspect cognitif.<\/p>\n\n\n\n<h3 class=\"wp-block-heading\">Mais que sont les fonctions cognitives ?<\/h3>\n\n\n\n<p>Les fonctions cognitives, \u00e9galement appel\u00e9es&nbsp;<strong>fonctions neuropsychologiques ou fonctions sup\u00e9rieures<\/strong>, sont un ensemble de processus mentaux que les \u00eatres humains poss\u00e8dent dans le but de mener \u00e0 bien diverses activit\u00e9s, devenant ainsi des \u00eatres autonomes et ind\u00e9pendants.<\/p>\n\n\n\n<p>Ardila et Ostrosky (2012) consid\u00e8rent l&rsquo;attention, la m\u00e9moire, la praxie, la gnosie, les comp\u00e9tences spatiales, les fonctions ex\u00e9cutives, le langage, la lecture, l&rsquo;\u00e9criture et le calcul comme des<strong> fonctions neuropsychologiques.<\/strong><\/p>\n\n\n\n<p>Il faut souligner que le&nbsp;<strong>neurod\u00e9veloppement et le d\u00e9veloppement cognitif<\/strong>&nbsp;ont une&nbsp;<strong>croissance parall\u00e8le<\/strong>&nbsp;(P\u00e9rez &amp; Capilla, 2011; Artigas-Pallar\u00e9s &amp; Narbona, 2011) et il s\u2019av\u00e8re diff\u00e9rent chez chaque personne, car comme indiqu\u00e9 ci-dessus, il y a de multiples facteurs qui peuvent les influencer.<\/p>\n\n\n\n<p>Conna\u00eetre le <strong>cours \u00e9volutif \u00ab normal \u00bb des fonctions cognitives est important,<\/strong> car \u00e0 partir de l\u00e0, il est possible d&rsquo;identifier d&rsquo;\u00e9ventuelles alt\u00e9rations et\/ou \u00e9carts (Ense\u00f1at et al., 2015).<\/p>\n\n\n\n<h3 class=\"wp-block-heading\">Troubles neurod\u00e9veloppementaux (TNd)<\/h3>\n\n\n\n<p>Les&nbsp;<strong>troubles neurod\u00e9veloppementaux<\/strong>&nbsp;sont un groupe de&nbsp;<strong>conditions h\u00e9t\u00e9rog\u00e8nes<\/strong>, li\u00e9es \u00e0 la <strong>maturation c\u00e9r\u00e9brale <\/strong>et qui suivent un cours \u00e9volutif stable (Artigas-Pallar\u00e9s &amp; Narbona, 2011). Ils sont caract\u00e9ris\u00e9s par un <strong>retard ou une alt\u00e9ration <\/strong>de l&rsquo;acquisition de comp\u00e9tences dans des domaines d\u00e9veloppementaux tels que le domaine moteur, social, du langage et de la cognition \u00bb (Thapar, Cooper &amp; Rutter, 2016). \u00c9galement associ\u00e9s \u00e0 des difficult\u00e9s de fonctionnement comportementales, sociales, acad\u00e9miques et adaptatives (Artigas-Pallar\u00e9s, Guitart &amp; Gabau-Villa, 2013).<\/p>\n\n\n\n<h4 class=\"wp-block-heading\">Classification des troubles neurod\u00e9veloppementaux<\/h4>\n\n\n\n<p>Il existe une large classification des troubles neurod\u00e9veloppementaux, bien que selon Artigas-Pallar\u00e9s et Narbona (2011), ils peuvent \u00eatre divis\u00e9s en :<\/p>\n\n\n\n<p><strong>1.<\/strong>&nbsp;Ceux pour lesquels il n&rsquo;y a<strong>&nbsp;pas de cause sp\u00e9cifique, mais qui ont une base g\u00e9n\u00e9tique<\/strong>, ici, vous pouvez localiser tous les troubles qui se trouvent dans le Manuel diagnostique et statistique des troubles mentaux dans sa cinqui\u00e8me \u00e9dition (DSM-V; American Association of Psychiatry [APA], 2014) sous le nom de \u00ab troubles neurod\u00e9veloppementaux \u00bb et sont : <strong>D\u00e9ficience intellectuelle, Troubles de la communication, Trouble du spectre autistique (TSA), Trouble d\u00e9ficitaire de l&rsquo;attention avec hyperactivit\u00e9 (TDAH), Troubles sp\u00e9cifiques de l&rsquo;apprentissage, troubles moteurs et tics.<\/strong><\/p>\n\n\n\n<p><strong>2.<\/strong>&nbsp;Les alt\u00e9rations dans lesquelles il existe<strong>&nbsp;un certain g\u00e8ne et qui sont li\u00e9es \u00e0 des alt\u00e9rations<\/strong>&nbsp;<strong>structurelles<\/strong>, telles que la<strong> trisomie 21, le syndrome de Rett, le syndrome de Williams, entre autres.<\/strong><\/p>\n\n\n\n<p><strong>3.<\/strong>&nbsp;Ceux qui ont une&nbsp;<strong>cause environnementale connue<\/strong>, telle que le syndrome <strong>d&rsquo;alcoolisme foetal, les alt\u00e9rations embryonnaires dues \u00e0 l&rsquo;acide valpro\u00efque, etc.<\/strong><\/p>\n\n\n\n<p>Les progr\u00e8s technologiques ont \u00e9clair\u00e9 le fonctionnement du cerveau (D\u00b4Souza &amp; Karmiloff-Smith, 2017), bien que cela n&rsquo;ait pas permis d&rsquo;\u00e9tablir des alt\u00e9rations c\u00e9r\u00e9brales associ\u00e9es \u00e0 un certain stade de d\u00e9veloppement neurologique. Mais certaines techniques de neuroimagerie ont permis, d&rsquo;identifier les&nbsp;<strong>changements associ\u00e9s au d\u00e9veloppement c\u00e9r\u00e9bral et cognitif<\/strong>&nbsp;(Ense\u00f1at et al., 2015).<\/p>\n\n\n\n<h3 class=\"wp-block-heading\">Impact des troubles neurod\u00e9veloppementaux sur les fonctions cognitives<\/h3>\n\n\n\n<p>Les troubles neurod\u00e9veloppementaux g\u00e9n\u00e8rent un<strong>&nbsp;impact important dans de multiples domaines<\/strong>&nbsp;et surtout dans celui des fonctions cognitives, les m\u00eames qui limitent le sujet dans sa vie quotidienne et qui sont diff\u00e9rents chez chaque personne qui pr\u00e9sente, une telle alt\u00e9ration. <strong>De plus, il est possible qu&rsquo;une personne puisse manifester plus d&rsquo;un TNd (Gonz\u00e1les, Palaz\u00f3n &amp; Javaloyes, 2020).<\/strong><\/p>\n\n\n\n<p>Pour cette raison, il est n\u00e9cessaire d&rsquo;observer le d\u00e9veloppement de l&rsquo;enfant et tout signe indiquant qu&rsquo;il n&rsquo;est pas dans la \u00ab\u00a0norme\u00a0\u00bb doit attirer notre attention afin qu&rsquo;il puisse recevoir une attention en temps opportun. Ces signes, consid\u00e9r\u00e9s comme \u00ab&nbsp;<strong>alarme<\/strong> \u00bb, n&rsquo;impliquent <strong>pas forc\u00e9ment un trouble<\/strong>, mais ils permettraient d&rsquo;<strong>identifier pr\u00e9cocement la pr\u00e9sence d&rsquo;une alt\u00e9ration <\/strong>(Medina et al., 2015) et de la renvoyer \u00e0 l&rsquo;attention du professionnel le plus adapt\u00e9.<\/p>\n\n\n\n<div style=\"height:50px\" aria-hidden=\"true\" class=\"wp-block-spacer\"><\/div>\n\n\n\n<div class=\"wp-block-group br-0111 has-primary-background-color has-background has-dark-background has-sm-padding-top has-sm-padding-left has-sm-padding-right has-xxl-margin-top\"><div class=\"wp-block-group__inner-container is-layout-constrained wp-block-group-is-layout-constrained\">\n<div class=\"wp-block-columns is-layout-flex wp-container-core-columns-is-layout-9d6595d7 wp-block-columns-is-layout-flex\">\n<div class=\"wp-block-column is-layout-flow wp-block-column-is-layout-flow\">\n<figure class=\"wp-block-image size-full desktop-position-absolute desktop-bottom-0 mobile-width-50 mobile-m-inline-auto has-xl-margin-top\"><img decoding=\"async\" width=\"292\" height=\"338\" src=\"https:\/\/neuronup.com\/fr\/wp-content\/uploads\/2024\/10\/certificat-produit.webp\" alt=\"\" class=\"wp-image-31568\" srcset=\"https:\/\/neuronup.com\/fr\/wp-content\/uploads\/2024\/10\/certificat-produit-259x300.webp 259w, https:\/\/neuronup.com\/fr\/wp-content\/uploads\/2024\/10\/certificat-produit.webp 292w\" sizes=\"(max-width: 292px) 100vw, 292px\" \/><\/figure>\n<\/div>\n\n\n\n<div class=\"wp-block-column is-layout-flow wp-block-column-is-layout-flow\">\n<h2 class=\"wp-block-heading has-white-color has-text-color\"><strong>Abonnez-vous<\/strong> <br>\u00e0 notre <br>Newsletter<\/h2>\n\n\n\n<div class=\"wp-block-buttons is-layout-flex wp-block-buttons-is-layout-flex\">\n<div class=\"wp-block-button--1\" style=\"--button-outline-color:var(--color-white);--button-outline-color-hover:rgba(0,0,0,0.8);\"><a class=\"wp-block-button__link button button-outline   wp-element-button\" href=\"https:\/\/neuronup.com\/fr\/newsletter\/\">Abonnez-vous<\/a><\/div>\n\n<\/div>\n\n\n\n<div style=\"height:40px\" aria-hidden=\"true\" class=\"wp-block-spacer\"><\/div>\n<\/div>\n<\/div>\n<\/div><\/div>\n\n\n\n\n<div style=\"height:50px\" aria-hidden=\"true\" class=\"wp-block-spacer\"><\/div>\n\n\n\n<h4 class=\"wp-block-heading\">L&rsquo;examen neuropsychologique<\/h4>\n\n\n\n<p>Pour conna\u00eetre ces d\u00e9ficits cognitifs, il est n\u00e9cessaire de r\u00e9aliser une&nbsp;<strong>\u00ab exploration neuropsychologique \u00bb<\/strong>&nbsp;qui permettra de conna\u00eetre le<strong> profil de performance <\/strong>de l&rsquo;enfant (forces et faiblesses) en int\u00e9grant les donn\u00e9es dans un cadre complet qui comprend plusieurs phases et pas seulement en se concentrant sur l&rsquo;administration des tests (Echavarr\u00eda-Ram\u00edrez &amp; Tirapu-Ustarroz, presse).<\/p>\n\n\n\n<p>L&rsquo;une&nbsp;<strong>des limites<\/strong>&nbsp;que nous constatons, lorsque nous avons un cas de trouble neurod\u00e9veloppemental pr\u00e9sum\u00e9 (TNd), est que le diagnostic repose uniquement et exclusivement sur des instruments (tests). Cela est d\u00fb dans une certaine mesure au manque de pr\u00e9paration de la part du professionnel et au grand nombre d&rsquo;instruments qui apparaissent sous cette d\u00e9nomination et qui sont le produit de la commercialisation (Benedet, 2017).<\/p>\n\n\n\n<p>L&rsquo;objectif n&rsquo;est pas de discr\u00e9diter les tests, au contraire, ils sont un <strong>\u00e9l\u00e9ment essentiel de l&rsquo;\u00e9valuation <\/strong>et nous savons que la psychom\u00e9trie et l&rsquo;instrumentation sont les piliers de l&rsquo;\u00e9valuation et de la psychologie. Cependant, ceux qui utilisent souvent ces outils manquent de profondeur sur ce que cela implique et focalisent leur appr\u00e9ciation sur le score, sans prendre en compte d&rsquo;autres aspects tels que l&rsquo;histoire du patient, l&rsquo;entretien et l&rsquo;observation. \u00c9tant en r\u00e9alit\u00e9 le diagnostic, un processus d\u00e9ductif de ces donn\u00e9es et qui d\u00e9pend \u00e9galement des connaissances th\u00e9oriques, de la sp\u00e9cialisation et de l&rsquo;exp\u00e9rience clinique du professionnel.<\/p>\n\n\n\n<h4 class=\"wp-block-heading\">Troubles cognitifs dans les troubles neurod\u00e9veloppementaux<\/h4>\n\n\n\n<p>Les alt\u00e9rations cognitives de certains troubles neurod\u00e9veloppementaux montrent une <strong>forte variabilit\u00e9, des alt\u00e9rations et des d\u00e9ficits cognitifs<\/strong>. Dans de nombreux cas, il est possible de trouver des comorbidit\u00e9s ou des chevauchements avec d&rsquo;autres troubles (Thapar et al. 2016), les soins et l&rsquo;intervention doivent donc \u00eatre sp\u00e9cialis\u00e9s et orient\u00e9s vers les besoins de chaque cas.<\/p>\n\n\n\n<p>Sur cette base, la&nbsp;<strong>n\u00e9cessit\u00e9 d&rsquo;un travail interdisciplinaire<\/strong>&nbsp;peut \u00eatre pr\u00e9cis\u00e9e. \u00c0 noter que l&rsquo;intervention des TNd d\u00e9pendra largement du type de trouble et des sympt\u00f4mes qui pr\u00e9dominent dans chaque cas (Gonz\u00e1les et al., 2020), en \u00e9tablissant des programmes individualis\u00e9s, diff\u00e9renci\u00e9s et personnalis\u00e9 (Echavarr\u00eda-Ram\u00edrez, D\u00edaz-Reyes &amp; Narzisi, 2020 ; Echavarr\u00eda-Ram\u00edrez &amp; Tirapu-Ustarroz, sous presse).<\/p>\n\n\n\n<p>Il convient de souligner que les types d&rsquo;intervention&nbsp;sont divis\u00e9s en : <\/p>\n\n\n\n<ul class=\"wp-block-list\">\n<li><strong>Pharmacologiques<\/strong> (usage exclusif de m\u00e9dicaments, dans le cas du TDAH, le m\u00e9thylph\u00e9nidate est utilis\u00e9 ou la risp\u00e9ridone est utilis\u00e9e dans les TSA, par exemple) <\/li>\n\n\n\n<li><strong>Non pharmacologiques <\/strong>(interventions psychologiques, visant \u00e0 modifier le comportement, la communication, les comp\u00e9tences sociales, la famille, la psycho\u00e9ducation, entre autres), ces derniers \u00e9tant ceux qui ont actuellement le plus grand nombre d&rsquo;options (Gonz\u00e1les et al., 2020). En plus, ils sont importants et ne sont pas exclusifs ou mutuellement exclusifs, mais peuvent \u00eatre combin\u00e9s (Echavarr\u00eda- Ram\u00edrez et al., 2020).<\/li>\n<\/ul>\n\n\n\n<h2 class=\"wp-block-heading\">Conclusions<\/h2>\n\n\n\n<p>Il est \u00e0 noter que le&nbsp;<strong>neurod\u00e9veloppement est un processus complexe influenc\u00e9 par de multiples facteurs<\/strong>, caract\u00e9ris\u00e9 par diff\u00e9rentes \u00e9tapes, les m\u00eames qui assureront l&rsquo;organisation de l&rsquo;individu.<\/p>\n\n\n\n<p>Une alt\u00e9ration de certaines de ces \u00e9tapes peut conduire \u00e0 ce qu&rsquo;on appelle un \u00ab <strong>trouble neurod\u00e9veloppemental<\/strong> \u00bb, qui se caract\u00e9rise \u00e9galement par diverses manifestations comportementales, motrices, cognitives, \u00e9motionnelles, sociales. Dans chaque cas, ces alt\u00e9rations sont exprim\u00e9es diff\u00e9remment. Les situations se chevauchent avec d&rsquo;autres troubles et, par cons\u00e9quent, les manifestations des alt\u00e9rations seront \u00e9galement diff\u00e9rentes.<\/p>\n\n\n\n<p><strong>Le diagnostic est un processus qui d\u00e9pend de plusieurs facteurs et ne se limite pas \u00e0 l&rsquo;utilisation exclusive de tests<\/strong>, bien qu&rsquo;ils soient n\u00e9cessaires, il faut tenir compte de ces autres variables. D\u00e8s lors, \u00e0 partir de la neuropsychologie, la n\u00e9cessit\u00e9 d&rsquo;identifier les alt\u00e9rations cognitives est fondamentale \u00e0 travers \u00ab l&rsquo;exploration neuropsychologique \u00bb visant \u00e0 analyser globalement le profil des forces et des faiblesses.<\/p>\n\n\n\n<p>D\u00e8s le diagnostic, il est essentiel de mettre en \u0153uvre des programmes d&rsquo;intervention cibl\u00e9s sur les besoins de chaque personne,<strong>&nbsp;sans n\u00e9gliger le travail interdisciplinaire,<\/strong>&nbsp;afin de favoriser le d\u00e9veloppement de l&rsquo;enfant.<\/p>\n\n\n\n<h2 class=\"wp-block-heading\">Bibliographie<\/h2>\n\n\n\n<ul class=\"wp-block-list has-sm-font-size\">\n<li>Arango-Lasprilla J., Rivera D. et Olabarrieta-Landa L. (2017). Neuropsychologie infantile. Bogot\u00e1: Manuel moderne.<\/li>\n\n\n\n<li>Ardila A. et Ostrosky F. (2012). Guide de diagnostic neuropsychologique. Mexique. Ed. Manuel moderne.<\/li>\n\n\n\n<li>Arnedo M., Montes A., Bembibre, J. et Trivi\u00f1o M. (2015). Neuropsychologie de l&rsquo;enfant \u00e0 travers des cas cliniques. Madrid: \u00c9ditorial M\u00e9dica Panamericana<\/li>\n\n\n\n<li>Artigas-Pallar\u00e9s J. et Narbona J. (2011). Troubles neurod\u00e9veloppementaux. Madrid: Viguera.<\/li>\n\n\n\n<li>Artigas-Pallar\u00e9s J., Guitart M. et Gabau-Vila E. (2013). Bases g\u00e9n\u00e9tiques des troubles neurod\u00e9veloppementaux. Journal of Neurology 56 (S01), S23-S34. doi: https:\/\/doi.org\/10.33588\/rn.56S01.2012658<\/li>\n\n\n\n<li>Association am\u00e9ricaine de psychiatrie (2014). Manuel diagnostique et statistique des troubles mentaux (5e \u00e9d.; DSM-5). Arlington, Virginie.<\/li>\n\n\n\n<li>Benedet, M. (2017). Le TDAH n&rsquo;est pas une condition n\u00e9gative. La cause d&rsquo;un pourcentage aussi \u00e9lev\u00e9 de diagnostics erron\u00e9s. Approche de la neuroscience cognitive. Madrid: CEPE<\/li>\n\n\n\n<li>D\u00b4Souza H. et Karmiloff-Smith A. (2016). Troubles neurod\u00e9veloppementaux. Wiley Interdisciplinary Reviews: Cognitive Science, 8 (1-2), e1398\u2013. doi: 10.1002 \/ wcs.1398<\/li>\n\n\n\n<li>Echavarr\u00eda-Ram\u00edrez L., D\u00edaz-Reyes D. et Narzisi A. (2020). Trouble du spectre autistique: ligne directrice pour la prise en charge pendant la p\u00e9riode d&rsquo;isolement social par le coronavirus (COVID-19). Cuadernos de Neuropsicolog\u00eda \/ Journal panam\u00e9ricain de neuropsychologie 14 (1), 35-41. doi: 10.7714 \/ CNPS \/ 14.1.205<\/li>\n\n\n\n<li>Echavarr\u00eda-Ram\u00edrez L. &amp; Tirapu-Ustarroz, J. (presse). Examen neuropsychologique en d\u00e9ficience intellectuelle. Journal de neurologie.<\/li>\n<\/ul>\n\n\n\n<h3 class=\"wp-block-heading\">Plus de r\u00e9f\u00e9rences sur les troubles neurod\u00e9veloppementaux et leur impact sur les fonctions cognitives<\/h3>\n\n\n\n<ul class=\"wp-block-list has-sm-font-size\">\n<li>Ense\u00f1at A., Roig T. et Garc\u00eda A. (2015). Neuropsychologie p\u00e9diatrique. Madrid : \u00c9ditorial de synth\u00e8se<\/li>\n\n\n\n<li>Gonz\u00e1les J., Palaz\u00f3n A. et Javaloyes A. (2020). Les troubles neurod\u00e9veloppementaux sont \u00ab du cin\u00e9ma \u00bb\u2026 et il y a beaucoup de scripts \u00e0 \u00e9crire. Journal of Primary Care Pediatrics. 22 (86), e81-e104. R\u00e9cup\u00e9r\u00e9 de https:\/\/pap.es\/articulo\/13064\/neurodevelopmental-disorders-are-from-cinema-and-there-are-many-scripts-to-write<\/li>\n\n\n\n<li>Medina M., Caro I., Mu\u00f1oz P., Leyva J., Moreno J. et Vega S. (2015). D\u00e9veloppement neurologique du nourrisson: caract\u00e9ristiques normales et signes avant-coureurs chez les enfants de moins de cinq ans. Journal p\u00e9ruvien de m\u00e9decine exp\u00e9rimentale et de sant\u00e9 publique 32 (3), 565-573. doi: https:\/\/doi.org\/10.17843\/rpmesp.2015.323.1693<\/li>\n\n\n\n<li>P\u00e9rez E. et Capilla A. (2011). Neuropsychologie infantile. Dans Tirapu-Ust\u00e1rroz J., Rios M. &amp; Maest\u00fa F.Manuel de neuropsychologie (465-493). Madrid : Viguera<\/li>\n\n\n\n<li>Roselli A., Ardila M. et Matute E. (2010). Calcul et autres troubles d&rsquo;apprentissage. Dans A. Roselli E. Matute et M. Ardila (Eds.), Neuropsychology of child development (pp. 197-220). Mexique : manuel moderne<\/li>\n\n\n\n<li>Thapar A., Cooper M. et Rutter M. (2016). Troubles neurod\u00e9veloppementaux. The Lancet Psychiatry, 4 (4), 339\u2013346. doi: 10.1016 \/ S2215-0366 (16) 30376-5<\/li>\n\n\n\n<li>Zuppardo L., Rodr\u00edguez A., Pirrone C. et Serrano F. (2020). Les r\u00e9percussions de la dyslexie sur l&rsquo;estime de soi, les comportements socio-\u00e9motionnels et l&rsquo;anxi\u00e9t\u00e9 \u00e0 l&rsquo;\u00e9cole. Psychologie de l&rsquo;\u00e9ducation &#8211; Journal of Educational Psychologists 26 (2), 175-183. Doi: https:\/\/doi.org\/10.5093\/psed2020a4<\/li>\n<\/ul>\n\n\n\n<h3 class=\"wp-block-heading\">Si vous avez aim\u00e9 cet article sur&nbsp;<strong>les troubles neurod\u00e9veloppementaux<\/strong>, vous pourriez \u00e9galement \u00eatre int\u00e9ress\u00e9 par d&rsquo;autres publications de NeuronUP : <\/h3>\n\n\n<div class=\"mai-grid entries entries-grid has-boxed has-image-full\" style=\"--entry-title-font-size:var(--font-size-lg);--align-text:start;--entry-meta-text-align:start;\"><div class=\"entries-wrap has-columns\" style=\"--columns-xs:1\/1;--columns-sm:1\/1;--columns-md:1\/3;--columns-lg:1\/3;--flex-xs:0 0 var(--flex-basis);--flex-sm:0 0 var(--flex-basis);--flex-md:0 0 var(--flex-basis);--flex-lg:0 0 var(--flex-basis);--column-gap:var(--spacing-lg);--row-gap:var(--spacing-lg);--align-columns:start;\"><article class=\"entry entry-grid is-column has-entry-link has-image has-image-first type-post category-activites-de-la-vie-quotidienne category-nouveautes-neuronup tag-activites-de-stimulation-cognitive tag-activites-de-stimulation-cognitive-pour-enfants tag-adulte tag-enfants tag-remediation-cognitive\" style=\"--entry-index:1;\" aria-label=\"Nouvelles activit\u00e9s NeuronUP : entra\u00eenez les fonctions cognitives dans des situations du quotidien\" itemscope itemtype=\"https:\/\/schema.org\/CreativeWork\"><a class=\"entry-image-link\" href=\"https:\/\/neuronup.com\/fr\/nouveautes-neuronup\/nouvelles-activites-neuronup-entrainez-les-fonctions-cognitives-dans-des-situations-du-quotidien\/\" tabindex=\"-1\" aria-hidden=\"true\"><img decoding=\"async\" width=\"400\" height=\"202\" src=\"https:\/\/neuronup.com\/fr\/wp-content\/uploads\/2026\/03\/Capture-decran-2026-03-30-111842-400x202.webp\" class=\"entry-image size-landscape-sm\" alt=\"\" \/><\/a><div class=\"entry-wrap entry-wrap-grid\"><h3 class=\"entry-title\" itemprop=\"headline\"><a class=\"entry-title-link\" href=\"https:\/\/neuronup.com\/fr\/nouveautes-neuronup\/nouvelles-activites-neuronup-entrainez-les-fonctions-cognitives-dans-des-situations-du-quotidien\/\" rel=\"bookmark\">Nouvelles activit\u00e9s NeuronUP : entra\u00eenez les fonctions cognitives dans des situations du quotidien<\/a><\/h3>\n<\/div><\/article><article class=\"entry entry-grid is-column has-entry-link has-image has-image-first type-post category-activites-dattention category-activites-de-neuro-reeducation category-activites-pour-les-fonctions-cognitives tag-adulte\" style=\"--entry-index:2;\" aria-label=\"Nouvelle activit\u00e9 Attention s\u00e9lective (Adultes)\" itemscope itemtype=\"https:\/\/schema.org\/CreativeWork\"><a class=\"entry-image-link\" href=\"https:\/\/neuronup.com\/fr\/activites-de-neuro-reeducation\/nouvelle-activite-attention-selective-adultes\/\" tabindex=\"-1\" aria-hidden=\"true\"><img decoding=\"async\" width=\"253\" height=\"230\" src=\"https:\/\/neuronup.com\/fr\/wp-content\/uploads\/2026\/03\/Capture-decran-2026-03-03-160917.webp\" class=\"entry-image size-landscape-sm\" alt=\"\" \/><\/a><div class=\"entry-wrap entry-wrap-grid\"><h3 class=\"entry-title\" itemprop=\"headline\"><a class=\"entry-title-link\" href=\"https:\/\/neuronup.com\/fr\/activites-de-neuro-reeducation\/nouvelle-activite-attention-selective-adultes\/\" rel=\"bookmark\">Nouvelle activit\u00e9 Attention s\u00e9lective (Adultes)<\/a><\/h3>\n<\/div><\/article><article class=\"entry entry-grid is-column has-entry-link has-image has-image-first type-post category-activites-de-cognition-sociale tag-activites-de-stimulation-cognitive tag-cognition-sociale tag-fonctions-executives\" style=\"--entry-index:3;\" aria-label=\"La cognition sociale ou comment comprendre les personnes : exercices de cognition sociale\" itemscope itemtype=\"https:\/\/schema.org\/CreativeWork\"><a class=\"entry-image-link\" href=\"https:\/\/neuronup.com\/fr\/activites-de-neuro-reeducation\/activites-pour-les-fonctions-cognitives\/activites-de-cognition-sociale\/la-cognition-sociale-ou-comment-comprendre-les-personnes-exercices-de-cognition-sociale\/\" tabindex=\"-1\" aria-hidden=\"true\"><img decoding=\"async\" width=\"396\" height=\"300\" src=\"https:\/\/neuronup.com\/fr\/wp-content\/uploads\/2022\/06\/Reaccion-emocional-ante-situaciones.webp\" class=\"entry-image size-landscape-sm\" alt=\"R\u00e9action \u00e9motionnelle face aux situations : Exercice de cognition sociale\" srcset=\"https:\/\/neuronup.com\/fr\/wp-content\/uploads\/2022\/06\/Reaccion-emocional-ante-situaciones-300x227.webp 300w, https:\/\/neuronup.com\/fr\/wp-content\/uploads\/2022\/06\/Reaccion-emocional-ante-situaciones-768x582.webp 768w, https:\/\/neuronup.com\/fr\/wp-content\/uploads\/2022\/06\/Reaccion-emocional-ante-situaciones-1024x776.webp 1024w, https:\/\/neuronup.com\/fr\/wp-content\/uploads\/2022\/06\/Reaccion-emocional-ante-situaciones.webp 1148w\" sizes=\"(max-width:599px) 599px, (min-width:600px) and (max-width: 799px) 799px, (min-width:800px) and (max-width: 999px) 333px, (min-width:1000px) 400px\" \/><\/a><div class=\"entry-wrap entry-wrap-grid\"><h3 class=\"entry-title\" itemprop=\"headline\"><a class=\"entry-title-link\" href=\"https:\/\/neuronup.com\/fr\/activites-de-neuro-reeducation\/activites-pour-les-fonctions-cognitives\/activites-de-cognition-sociale\/la-cognition-sociale-ou-comment-comprendre-les-personnes-exercices-de-cognition-sociale\/\" rel=\"bookmark\">La cognition sociale ou comment comprendre les personnes : exercices de cognition sociale<\/a><\/h3>\n<\/div><\/article><article class=\"entry entry-grid is-column has-entry-link has-image has-image-first type-post category-activites-pour-les-enfants-ayant-des-besoins-particuliers tag-activites-de-stimulation-cognitive tag-activites-de-stimulation-cognitive-pour-enfants tag-enfants\" style=\"--entry-index:4;\" aria-label=\"7+1 activit\u00e9s pour enfants avec des besoins \u00e9ducatifs sp\u00e9ciaux\" itemscope itemtype=\"https:\/\/schema.org\/CreativeWork\"><a class=\"entry-image-link\" href=\"https:\/\/neuronup.com\/fr\/activites-de-neuro-reeducation\/activites-pour-les-enfants-ayant-des-besoins-particuliers\/71-activites-pour-enfants-a-besoins-educatifs-speciaux\/\" tabindex=\"-1\" aria-hidden=\"true\"><img decoding=\"async\" width=\"400\" height=\"298\" src=\"https:\/\/neuronup.com\/fr\/wp-content\/uploads\/2022\/07\/Prepara-la-mochila.webp\" class=\"entry-image size-landscape-sm\" alt=\"Activit\u00e9 Pr\u00e9pare le sac \u00e0 dos pour les enfants ayant des besoins \u00e9ducatifs particuliers\" srcset=\"https:\/\/neuronup.com\/fr\/wp-content\/uploads\/2022\/07\/Prepara-la-mochila-300x224.webp 300w, https:\/\/neuronup.com\/fr\/wp-content\/uploads\/2022\/07\/Prepara-la-mochila-768x572.webp 768w, https:\/\/neuronup.com\/fr\/wp-content\/uploads\/2022\/07\/Prepara-la-mochila-1024x763.webp 1024w, https:\/\/neuronup.com\/fr\/wp-content\/uploads\/2022\/07\/Prepara-la-mochila.webp 1255w\" sizes=\"(max-width:599px) 599px, (min-width:600px) and (max-width: 799px) 799px, (min-width:800px) and (max-width: 999px) 333px, (min-width:1000px) 400px\" \/><\/a><div class=\"entry-wrap entry-wrap-grid\"><h3 class=\"entry-title\" itemprop=\"headline\"><a class=\"entry-title-link\" href=\"https:\/\/neuronup.com\/fr\/activites-de-neuro-reeducation\/activites-pour-les-enfants-ayant-des-besoins-particuliers\/71-activites-pour-enfants-a-besoins-educatifs-speciaux\/\" rel=\"bookmark\">7+1 activit\u00e9s pour enfants avec des besoins \u00e9ducatifs sp\u00e9ciaux<\/a><\/h3>\n<\/div><\/article><article class=\"entry entry-grid is-column has-entry-link has-image has-image-first type-post category-activites-de-cognition-sociale tag-activites-de-stimulation-cognitive tag-activites-de-stimulation-cognitive-pour-enfants tag-cognition-sociale\" style=\"--entry-index:5;\" aria-label=\"Exercices de cognition sociale pour enfants\" itemscope itemtype=\"https:\/\/schema.org\/CreativeWork\"><a class=\"entry-image-link\" href=\"https:\/\/neuronup.com\/fr\/activites-de-neuro-reeducation\/activites-pour-les-fonctions-cognitives\/activites-de-cognition-sociale\/exercices-de-cognition-sociale-pour-enfants\/\" tabindex=\"-1\" aria-hidden=\"true\"><img decoding=\"async\" width=\"400\" height=\"273\" src=\"https:\/\/neuronup.com\/fr\/wp-content\/uploads\/2022\/08\/Que-esperan-encontrar-4-1.webp\" class=\"entry-image size-landscape-sm\" alt=\"Exercices de cognition sociale pour enfants\" srcset=\"https:\/\/neuronup.com\/fr\/wp-content\/uploads\/2022\/08\/Que-esperan-encontrar-4-1-300x205.webp 300w, https:\/\/neuronup.com\/fr\/wp-content\/uploads\/2022\/08\/Que-esperan-encontrar-4-1-768x524.webp 768w, https:\/\/neuronup.com\/fr\/wp-content\/uploads\/2022\/08\/Que-esperan-encontrar-4-1-1024x699.webp 1024w, https:\/\/neuronup.com\/fr\/wp-content\/uploads\/2022\/08\/Que-esperan-encontrar-4-1.webp 1205w\" sizes=\"(max-width:599px) 599px, (min-width:600px) and (max-width: 799px) 799px, (min-width:800px) and (max-width: 999px) 333px, (min-width:1000px) 400px\" \/><\/a><div class=\"entry-wrap entry-wrap-grid\"><h3 class=\"entry-title\" itemprop=\"headline\"><a class=\"entry-title-link\" href=\"https:\/\/neuronup.com\/fr\/activites-de-neuro-reeducation\/activites-pour-les-fonctions-cognitives\/activites-de-cognition-sociale\/exercices-de-cognition-sociale-pour-enfants\/\" rel=\"bookmark\">Exercices de cognition sociale pour enfants<\/a><\/h3>\n<\/div><\/article><article class=\"entry entry-grid is-column has-entry-link has-image has-image-first type-post category-activites-de-cognition-sociale tag-activites-de-stimulation-cognitive tag-activites-de-stimulation-cognitive-pour-enfants tag-actualites-de-neuronup tag-cognition-sociale tag-enfants tag-intelligence-emotionnelle\" style=\"--entry-index:6;\" aria-label=\"Activit\u00e9 pour identifier les \u00e9motions : Devinez le visage ?\" itemscope itemtype=\"https:\/\/schema.org\/CreativeWork\"><a class=\"entry-image-link\" href=\"https:\/\/neuronup.com\/fr\/activites-de-neuro-reeducation\/activites-pour-les-fonctions-cognitives\/activites-de-cognition-sociale\/activite-pour-identifier-les-emotions\/\" tabindex=\"-1\" aria-hidden=\"true\"><img decoding=\"async\" width=\"400\" height=\"283\" src=\"https:\/\/neuronup.com\/fr\/wp-content\/uploads\/2022\/09\/Actividad-para-identificar-emociones-de-NeuronUP-Adivinas-la-cara-1-1-1.webp\" class=\"entry-image size-landscape-sm\" alt=\"Activit\u00e9 pour identifier les \u00e9motions de NeuronUP Tu devines le visage\" srcset=\"https:\/\/neuronup.com\/fr\/wp-content\/uploads\/2022\/09\/Actividad-para-identificar-emociones-de-NeuronUP-Adivinas-la-cara-1-1-1-300x212.webp 300w, https:\/\/neuronup.com\/fr\/wp-content\/uploads\/2022\/09\/Actividad-para-identificar-emociones-de-NeuronUP-Adivinas-la-cara-1-1-1-768x543.webp 768w, https:\/\/neuronup.com\/fr\/wp-content\/uploads\/2022\/09\/Actividad-para-identificar-emociones-de-NeuronUP-Adivinas-la-cara-1-1-1-1024x724.webp 1024w, https:\/\/neuronup.com\/fr\/wp-content\/uploads\/2022\/09\/Actividad-para-identificar-emociones-de-NeuronUP-Adivinas-la-cara-1-1-1.webp 1200w\" sizes=\"(max-width:599px) 599px, (min-width:600px) and (max-width: 799px) 799px, (min-width:800px) and (max-width: 999px) 333px, (min-width:1000px) 400px\" \/><\/a><div class=\"entry-wrap entry-wrap-grid\"><h3 class=\"entry-title\" itemprop=\"headline\"><a class=\"entry-title-link\" href=\"https:\/\/neuronup.com\/fr\/activites-de-neuro-reeducation\/activites-pour-les-fonctions-cognitives\/activites-de-cognition-sociale\/activite-pour-identifier-les-emotions\/\" rel=\"bookmark\">Activit\u00e9 pour identifier les \u00e9motions : Devinez le visage ?<\/a><\/h3>\n<\/div><\/article><\/div><\/div>","protected":false},"excerpt":{"rendered":"<p>Qu&rsquo;est-ce que le neurod\u00e9veloppement? Le d\u00e9veloppement du syst\u00e8me nerveux, \u00e9galement appel\u00e9 neurod\u00e9veloppement, est un processus complexe.&nbsp;Il commence au stade embryonnaire, se poursuit pendant la p\u00e9riode f\u0153tale puis tout au long de la vie (Ense\u00f1at, Roig &amp; Molina, 2015). Ce processus est marqu\u00e9 par une s\u00e9rie de changements et est compos\u00e9 de plusieurs \u00e9tapes (formation du &hellip;<\/p>\n","protected":false},"author":339,"featured_media":34111,"comment_status":"open","ping_status":"closed","sticky":false,"template":"","format":"standard","meta":{"_acf_changed":false,"_genesis_hide_title":false,"_genesis_hide_breadcrumbs":false,"_genesis_hide_singular_image":false,"_genesis_hide_footer_widgets":false,"_genesis_custom_body_class":"","_genesis_custom_post_class":"","_genesis_layout":"","footnotes":""},"categories":[587],"tags":[843,903,940,776],"class_list":{"2":"type-post","7":"category-troubles-neuro-developpementaux","8":"tag-fonctions-cognitives","9":"tag-neurodeveloppement","10":"tag-troubles-du-neuro-developpement","11":"tag-troubles-neurodeveloppementaux","12":"entry"},"acf":[],"_links":{"self":[{"href":"https:\/\/neuronup.com\/fr\/wp-json\/wp\/v2\/posts\/4283","targetHints":{"allow":["GET"]}}],"collection":[{"href":"https:\/\/neuronup.com\/fr\/wp-json\/wp\/v2\/posts"}],"about":[{"href":"https:\/\/neuronup.com\/fr\/wp-json\/wp\/v2\/types\/post"}],"author":[{"embeddable":true,"href":"https:\/\/neuronup.com\/fr\/wp-json\/wp\/v2\/users\/339"}],"replies":[{"embeddable":true,"href":"https:\/\/neuronup.com\/fr\/wp-json\/wp\/v2\/comments?post=4283"}],"version-history":[{"count":0,"href":"https:\/\/neuronup.com\/fr\/wp-json\/wp\/v2\/posts\/4283\/revisions"}],"wp:featuredmedia":[{"embeddable":true,"href":"https:\/\/neuronup.com\/fr\/wp-json\/wp\/v2\/media\/34111"}],"wp:attachment":[{"href":"https:\/\/neuronup.com\/fr\/wp-json\/wp\/v2\/media?parent=4283"}],"wp:term":[{"taxonomy":"category","embeddable":true,"href":"https:\/\/neuronup.com\/fr\/wp-json\/wp\/v2\/categories?post=4283"},{"taxonomy":"post_tag","embeddable":true,"href":"https:\/\/neuronup.com\/fr\/wp-json\/wp\/v2\/tags?post=4283"}],"curies":[{"name":"wp","href":"https:\/\/api.w.org\/{rel}","templated":true}]}}