{"id":40951,"date":"2025-12-15T10:02:18","date_gmt":"2025-12-15T08:02:18","guid":{"rendered":"https:\/\/neuronup.com\/?p=31880"},"modified":"2026-01-29T17:40:59","modified_gmt":"2026-01-29T15:40:59","slug":"congres-mondial-de-neuropsychologie-le-congres-qui-a-reuni-le-monde-a-porto","status":"publish","type":"post","link":"https:\/\/neuronup.com\/fr\/evenements\/congres-mondial-de-neuropsychologie-le-congres-qui-a-reuni-le-monde-a-porto\/","title":{"rendered":"Congr\u00e8s mondial de neuropsychologie : le congr\u00e8s qui a r\u00e9uni le monde \u00e0 Porto"},"content":{"rendered":"\n<h2 class=\"wp-block-heading\">Environ 1000 personnes de diff\u00e9rents pays du monde entier se sont r\u00e9unies au <em><a href=\"https:\/\/neuronup.com\/fr\/\"><strong>Global Neuropsychology Congress<\/strong><\/a><\/em>.<\/h2>\n\n\n\n<p>Un congr\u00e8s international organis\u00e9 par diff\u00e9rentes soci\u00e9t\u00e9s de neuropsychologie du monde entier, \u00e0 savoir l&rsquo;<a href=\"https:\/\/neuronup.com\/fr\/\">Australasian Society of the Study of Brain Impairment (ASSBI)<\/a>, la <a href=\"https:\/\/neuronup.com\/fr\/\">Federation of European Societies of Neuropsychology (FESN)<\/a>, l&rsquo;<a href=\"https:\/\/neuronup.com\/fr\/\">International Neuropsychological Society (INS)<\/a> et la<strong> <\/strong><a href=\"https:\/\/neuronup.com\/fr\/\">Sociedad Latinoamericana de Neuropsicolog\u00eda (SLAN)<\/a>. L&rsquo;objectif \u00e9tait de r\u00e9unir les membres de ces soci\u00e9t\u00e9s et de nombreux autres invit\u00e9s lors de ce premier et r\u00e9ussi Global Neuropsychology Congress.<\/p>\n\n\n\n<p>Chacune de ces soci\u00e9t\u00e9s a \u00e9t\u00e9 repr\u00e9sent\u00e9e par son pr\u00e9sident et, dans certains cas, son ex-pr\u00e9sident&nbsp;:<\/p>\n\n\n\n<ul class=\"wp-block-list\">\n<li><strong>ASSBI<\/strong>&nbsp;: Dana Wong (pr\u00e9sidente).<\/li>\n\n\n\n<li><strong>FESN<\/strong>&nbsp;: Hans-Otto (ancien pr\u00e9sident) ; Lisa Cipolotti (pr\u00e9sidente).<\/li>\n\n\n\n<li><strong>INS<\/strong>&nbsp;: Jonathan Evans (ancien pr\u00e9sident) ; David Loring (pr\u00e9sident).<\/li>\n\n\n\n<li><strong>SLAN<\/strong>&nbsp;: Ariel Cuadro (pr\u00e9sident).<\/li>\n<\/ul>\n\n\n\n<p>Le <em>Global Neuropsychology Congress<\/em> a \u00e9t\u00e9 organis\u00e9 par des membres de diff\u00e9rents pays. Des professionnels du Portugal, d&rsquo;Australie, des Pays-Bas, du Br\u00e9sil, d&rsquo;Argentine, d&rsquo;Afrique du Sud, de Ta\u00efwan, du Royaume-Uni, des \u00c9tats-Unis, d&rsquo;Allemagne, du Canada, d&rsquo;Espagne, du Japon, de Norv\u00e8ge et d&rsquo;\u00c9quateur ont contribu\u00e9 \u00e0 rendre l&rsquo;\u00e9v\u00e9nement possible.<\/p>\n\n\n\n<p>Au Super Bock Arena, o\u00f9 s&rsquo;est tenu le congr\u00e8s, les participants ont pu assister \u00e0 <strong>conf\u00e9rences, d\u00e9bats et tables rondes<\/strong>, parmi lesquelles se distinguaient les suivantes&nbsp;:<\/p>\n\n\n\n<ul class=\"wp-block-list\">\n<li>&lsquo;<em><strong>Infectious Diseases of Poverty and Neuropsychology: Gaps and Opportunities<\/strong><\/em>&lsquo;, pr\u00e9sent\u00e9 par Amina Abubakar de l&rsquo;<em>Aga Khan University<\/em>.<\/li>\n\n\n\n<li>&lsquo;<em><strong>Consciousness: A Biological and Psychological account<\/strong><\/em>&lsquo;, pr\u00e9sent\u00e9 par Ant\u00f3nio et Hanna Dam\u00e1sio de la <em>University of Southern California<\/em>.<\/li>\n\n\n\n<li>&lsquo;<em><strong>The hippocampus, spatial navigation, and episodic memory?<\/strong><\/em>&lsquo;, pr\u00e9sent\u00e9 par John O\u2019Keefe de l&rsquo;<em>University College London<\/em>.<\/li>\n\n\n\n<li>&lsquo;<em><strong>A culturally informed approach to the detection and management of dementia<\/strong><\/em>&lsquo;, pr\u00e9sent\u00e9 par Monica Rosselli de la <em>Florida Atlantic University<\/em>.<\/li>\n<\/ul>\n\n\n\n<p>En plus de ces s\u00e9ances et de bien d&rsquo;autres, il convient de souligner le <strong>Partner Symposium<\/strong> qui a eu lieu le deuxi\u00e8me jour du congr\u00e8s, le jeudi 4 juillet, sous le titre &lsquo;<em>Global technology trends for neuropsychology: bridging concepts, data and methods<\/em>&lsquo;. Les intervenants Bob Bilder, Andreia Geraldo, Maureen Schmitter-Edgecombe et Roy Kessels ont expos\u00e9 <strong>comment la technologie peut aider au traitement et \u00e0 l&rsquo;\u00e9valuation des patients n\u00e9cessitant des soins neuropsychologiques<\/strong> et les d\u00e9fis li\u00e9s \u00e0 son utilisation.<\/p>\n\n\n<div class=\"wp-block-image is-style-default\">\n<figure class=\"aligncenter size-full is-resized\"><img decoding=\"async\" width=\"768\" height=\"1024\" src=\"https:\/\/neuronup.com\/wp-content\/uploads\/2024\/07\/Global-Neuropsychology-Congress.webp\" alt=\"Auditorium spacieux avec plafond circulaire, \u00e9clairage bleu et rouge, grand \u00e9cran sur sc\u00e8ne et rang\u00e9es de chaises noires.\" class=\"wp-image-31944\" style=\"width:800px;height:auto\" srcset=\"https:\/\/neuronup.com\/fr\/wp-content\/uploads\/2024\/07\/Global-Neuropsychology-Congress-225x300.webp 225w, https:\/\/neuronup.com\/fr\/wp-content\/uploads\/2024\/07\/Global-Neuropsychology-Congress.webp 768w\" sizes=\"(max-width: 768px) 100vw, 768px\" \/><figcaption class=\"wp-element-caption\">Ar\u00e8ne du Global Neuropsychology Congress \u00e0 la Super Bock Arena &#8211; Porto.<\/figcaption><\/figure>\n<\/div>\n\n\n<h2 class=\"wp-block-heading\">Programme des \u00e9tudiants<\/h2>\n\n\n\n<p>De plus, il y a eu un <strong>programme sp\u00e9cial pour \u00e9tudiants<\/strong>, dont le comit\u00e9 \u00e9tait compos\u00e9 de&nbsp;:<\/p>\n\n\n\n<ul class=\"wp-block-list\">\n<li>Aishani Desai \u2013 doctorante\/master en neuropsychologie clinique \u00e0 l&rsquo;Universit\u00e9 Macquarie.<\/li>\n\n\n\n<li>Isabel Manica \u2013 master, doctorante \u00e0 l&rsquo;Universidade Cat\u00f3lica Portuguesa.<\/li>\n\n\n\n<li>Nicole Feast \u2013 BA (Hons) master en psychologie (neuropsychologie clinique), boursi\u00e8re Forrest et doctorante, Universit\u00e9 d&rsquo;Australie occidentale.<\/li>\n\n\n\n<li>Vaia Sideropoulou \u2013 master en neuropsychologie, Universit\u00e9 Aristote de Thessalonique.<\/li>\n\n\n\n<li>Sof\u00eda L\u00f3pez Vallejo \u2013 doctorante en psychologie. Membre du groupe de recherche PN\u00ednsula (CTS-581) de l&rsquo;Universit\u00e9 de Grenade.<\/li>\n<\/ul>\n\n\n\n<p>Parmi les sessions d\u00e9di\u00e9es aux \u00e9tudiants, la <em><strong>Student Award Session<\/strong><\/em> s&rsquo;est distingu\u00e9e, \u00e0 laquelle ont particip\u00e9 quatre des cinq \u00e9tudiants r\u00e9compens\u00e9s par les <em>Student Awards for the Five Best Abstract Submissions<\/em>&nbsp;:<\/p>\n\n\n\n<ul class=\"wp-block-list\">\n<li><strong>Catarina Barros<\/strong> (Universit\u00e9 du Minho \u2013 Portugal)&nbsp;: <em>&lsquo;Age-Related Differences in Cognitive Function Prediction: Integrating Emotional and Physical Well-Being through Machine Learning&rsquo;<\/em>.<\/li>\n\n\n\n<li><strong>Sandra Glazer<\/strong> (University of Cincinnati dans l&rsquo;Ohio \u2013 \u00c9tats-Unis)&nbsp;: &lsquo;<em>Mental Health Diagnosis Trends in Adolescents 3 Months After Mild Traumatic Brain Injury and Associations with Gender and Race<\/em>&lsquo;.<\/li>\n\n\n\n<li><strong>Cole J. Kennedy<\/strong> (Universit\u00e9 de Victoria \u2013 Canada)&nbsp;: &lsquo;<em>Meta-Analysis of Meta-Analyses on Non-Invasive Brain Stimulation for Post-Stroke Depression<\/em>&lsquo;.<\/li>\n\n\n\n<li><strong>Silvia Oliver Mass<\/strong> (H\u00f4pital Cl\u00ednico San Carlos \u2013 Espagne)&nbsp;: &lsquo;<em>Transcranial direct current stimulation for post-COVID fatigue: comparison of two therapeutic targets combined with cognitive training<\/em>&lsquo;.<\/li>\n\n\n\n<li><strong>Alba Roca Ventura<\/strong> (Universit\u00e9 de Barcelone \u2013 Espagne)&nbsp;: <em>&lsquo;Exploring Longitudinal Lifestyle Trajectory Patterns and Their Impact on Health Outcomes: Insights from the Barcelona Brain Health Initiative&rsquo;<\/em>.<\/li>\n<\/ul>\n\n\n<div class=\"wp-block-image\">\n<figure class=\"aligncenter size-full\"><img decoding=\"async\" width=\"768\" height=\"576\" src=\"https:\/\/neuronup.com\/wp-content\/uploads\/2024\/07\/Super-Bock-Arena-GNC-2024.webp\" alt=\"Grand b\u00e2timent au d\u00f4me dominant, entour\u00e9 de jardins soign\u00e9s, arbres et parterres color\u00e9s sous un ciel bleu.\" class=\"wp-image-31947\" srcset=\"https:\/\/neuronup.com\/fr\/wp-content\/uploads\/2024\/07\/Super-Bock-Arena-GNC-2024-300x225.webp 300w, https:\/\/neuronup.com\/fr\/wp-content\/uploads\/2024\/07\/Super-Bock-Arena-GNC-2024.webp 768w\" sizes=\"(max-width: 768px) 100vw, 768px\" \/><figcaption class=\"wp-element-caption\">Ext\u00e9rieur de la Super Bock Arena &#8211; Porto.<\/figcaption><\/figure>\n<\/div>\n\n\n<h2 class=\"wp-block-heading\">R\u00e9seautage<\/h2>\n\n\n\n<p>Le<strong> Global Neuropsychology Congress<\/strong> a permis et facilit\u00e9 le r\u00e9seautage gr\u00e2ce \u00e0 l&rsquo;application GNC 2024, avec laquelle les participants ont pu interagir entre eux et consulter des informations sur le congr\u00e8s.<\/p>\n\n\n\n<p>Cependant, ce qui a rendu cet \u00e9change entre les participants encore plus faisable, et sans doute le plus efficace, ce sont les pauses caf\u00e9, pendant lesquelles les participants pouvaient se trouver \u00e0 l&rsquo;int\u00e9rieur du Super Bock Arena ou dans les jardins du Palais de Cristal.<\/p>\n\n\n\n<div style=\"height:50px\" aria-hidden=\"true\" class=\"wp-block-spacer\"><\/div>\n\n\n\n<div class=\"wp-block-group br-0111 has-primary-background-color has-background has-dark-background has-sm-padding-top has-sm-padding-left has-sm-padding-right has-xxl-margin-top\"><div class=\"wp-block-group__inner-container is-layout-constrained wp-block-group-is-layout-constrained\">\n<div class=\"wp-block-columns is-layout-flex wp-container-core-columns-is-layout-9d6595d7 wp-block-columns-is-layout-flex\">\n<div class=\"wp-block-column is-layout-flow wp-block-column-is-layout-flow\">\n<figure class=\"wp-block-image size-full desktop-position-absolute desktop-bottom-0 mobile-width-50 mobile-m-inline-auto has-xl-margin-top\"><img decoding=\"async\" width=\"292\" height=\"338\" src=\"https:\/\/neuronup.com\/fr\/wp-content\/uploads\/2024\/10\/certificat-produit.webp\" alt=\"\" class=\"wp-image-31568\" srcset=\"https:\/\/neuronup.com\/fr\/wp-content\/uploads\/2024\/10\/certificat-produit-259x300.webp 259w, https:\/\/neuronup.com\/fr\/wp-content\/uploads\/2024\/10\/certificat-produit.webp 292w\" sizes=\"(max-width: 292px) 100vw, 292px\" \/><\/figure>\n<\/div>\n\n\n\n<div class=\"wp-block-column is-layout-flow wp-block-column-is-layout-flow\">\n<h2 class=\"wp-block-heading has-white-color has-text-color\"><strong>Abonnez-vous<\/strong> <br>\u00e0 notre <br>Newsletter<\/h2>\n\n\n\n<div class=\"wp-block-buttons is-layout-flex wp-block-buttons-is-layout-flex\">\n<div class=\"wp-block-button--1\" style=\"--button-outline-color:var(--color-white);--button-outline-color-hover:rgba(0,0,0,0.8);\"><a class=\"wp-block-button__link button button-outline   wp-element-button\" href=\"https:\/\/neuronup.com\/fr\/newsletter\/\">Abonnez-vous<\/a><\/div>\n\n<\/div>\n\n\n\n<div style=\"height:40px\" aria-hidden=\"true\" class=\"wp-block-spacer\"><\/div>\n<\/div>\n<\/div>\n<\/div><\/div>\n\n\n\n\n<div style=\"height:50px\" aria-hidden=\"true\" class=\"wp-block-spacer\"><\/div>\n\n\n<h2 class=\"wp-block-heading\">Remerciements<\/h2>\n\n\n<p>Chez NeuronUP, nous tenons \u00e0 f\u00e9liciter et \u00e0 remercier l&rsquo;\u00e9quipe responsable de l&rsquo;organisation de cette premi\u00e8re \u00e9dition du Global Neuropsychology Congress pour le grand succ\u00e8s obtenu. Notre \u00e9quipe est impatiente de conna\u00eetre les d\u00e9tails de la prochaine \u00e9dition&nbsp;!<\/p>\n\n\n\n<p>Nous souhaitons \u00e9galement adresser un remerciement tout particulier \u00e0 Fernando Barbosa et Artemisa Rocha Dores, de SPNPsy&nbsp;; \u00e0 Andreia Geraldo, doctorante dans le programme de doctorat en psychologie, laboratoire de neuropsychophysiologie de la FPCEUP&nbsp;; et \u00e0 Ariel Cuadro, pr\u00e9sident de la SLAN, pour leur temps et leur attention envers nous.<\/p>\n\n<div class=\"mai-grid entries entries-grid has-boxed has-image-full\" style=\"--entry-title-font-size:var(--font-size-lg);--align-text:start;--entry-meta-text-align:start;\"><div class=\"entries-wrap has-columns\" style=\"--columns-xs:1\/1;--columns-sm:1\/1;--columns-md:1\/3;--columns-lg:1\/3;--flex-xs:0 0 var(--flex-basis);--flex-sm:0 0 var(--flex-basis);--flex-md:0 0 var(--flex-basis);--flex-lg:0 0 var(--flex-basis);--column-gap:var(--spacing-lg);--row-gap:var(--spacing-lg);--align-columns:start;\"><article class=\"entry entry-grid is-column has-entry-link has-image has-image-first type-post category-activites-dattention tag-activites-de-stimulation-cognitive tag-activites-de-stimulation-cognitive-pour-adultes tag-actualites-de-neuronup tag-adultes tag-attention\" style=\"--entry-index:1;\" aria-label=\"Jeu pour travailler la vitesse de traitement chez les adultes : Appariements rapides\" itemscope itemtype=\"https:\/\/schema.org\/CreativeWork\"><a class=\"entry-image-link\" href=\"https:\/\/neuronup.com\/fr\/activites-de-neuro-reeducation\/activites-pour-les-fonctions-cognitives\/activites-dattention\/jeu-pour-travailler-la-vitesse-de-traitement-chez-les-adultes-appariements-rapides\/\" tabindex=\"-1\" aria-hidden=\"true\"><img decoding=\"async\" width=\"400\" height=\"271\" src=\"https:\/\/neuronup.com\/fr\/wp-content\/uploads\/2023\/03\/Emparejamientos-veloces.webp\" class=\"entry-image size-landscape-sm\" alt=\"Grille d\u2019objets vari\u00e9s dispos\u00e9s en rang\u00e9es, avec une casserole au centre, illustrant un jeu d\u2019appariements rapides.\" srcset=\"https:\/\/neuronup.com\/fr\/wp-content\/uploads\/2023\/03\/Emparejamientos-veloces-300x203.webp 300w, https:\/\/neuronup.com\/fr\/wp-content\/uploads\/2023\/03\/Emparejamientos-veloces-768x520.webp 768w, https:\/\/neuronup.com\/fr\/wp-content\/uploads\/2023\/03\/Emparejamientos-veloces-1024x693.webp 1024w, https:\/\/neuronup.com\/fr\/wp-content\/uploads\/2023\/03\/Emparejamientos-veloces.webp 1250w\" sizes=\"(max-width:599px) 599px, (min-width:600px) and (max-width: 799px) 799px, (min-width:800px) and (max-width: 999px) 333px, (min-width:1000px) 400px\" \/><\/a><div class=\"entry-wrap entry-wrap-grid\"><h3 class=\"entry-title\" itemprop=\"headline\"><a class=\"entry-title-link\" href=\"https:\/\/neuronup.com\/fr\/activites-de-neuro-reeducation\/activites-pour-les-fonctions-cognitives\/activites-dattention\/jeu-pour-travailler-la-vitesse-de-traitement-chez-les-adultes-appariements-rapides\/\" rel=\"bookmark\">Jeu pour travailler la vitesse de traitement chez les adultes : Appariements rapides<\/a><\/h3>\n<\/div><\/article><article class=\"entry entry-grid is-column has-entry-link has-image has-image-first type-post category-parkinson tag-parkinson tag-stimulation-cognitive\" style=\"--entry-index:2;\" aria-label=\"R\u00e9\u00e9ducation neuropsychologique dans la maladie de Parkinson\" itemscope itemtype=\"https:\/\/schema.org\/CreativeWork\"><a class=\"entry-image-link\" href=\"https:\/\/neuronup.com\/fr\/actualites-de-la-stimulation-cognitive\/maladies-neurodegeneratives\/parkinson\/reeducation-neuropsychologique-dans-la-maladie-de-parkinson\/\" tabindex=\"-1\" aria-hidden=\"true\"><img decoding=\"async\" width=\"400\" height=\"300\" src=\"https:\/\/neuronup.com\/fr\/wp-content\/uploads\/2025\/04\/Reeducation-neuropsychologique-dans-la-maladie-de-Parkinson-400x300.webp\" class=\"entry-image size-landscape-sm\" alt=\"Personne \u00e2g\u00e9e assise devant un ordinateur, touchant une ic\u00f4ne sur une grille d&#039;ic\u00f4nes, d\u00e9cor minimaliste.\" srcset=\"https:\/\/neuronup.com\/fr\/wp-content\/uploads\/2025\/04\/Reeducation-neuropsychologique-dans-la-maladie-de-Parkinson-300x226.webp 300w, https:\/\/neuronup.com\/fr\/wp-content\/uploads\/2025\/04\/Reeducation-neuropsychologique-dans-la-maladie-de-Parkinson-400x300.webp 400w, https:\/\/neuronup.com\/fr\/wp-content\/uploads\/2025\/04\/Reeducation-neuropsychologique-dans-la-maladie-de-Parkinson-800x600.webp 800w, https:\/\/neuronup.com\/fr\/wp-content\/uploads\/2025\/04\/Reeducation-neuropsychologique-dans-la-maladie-de-Parkinson-1024x771.webp 1024w, https:\/\/neuronup.com\/fr\/wp-content\/uploads\/2025\/04\/Reeducation-neuropsychologique-dans-la-maladie-de-Parkinson.webp 1200w\" sizes=\"(max-width:599px) 599px, (min-width:600px) and (max-width: 799px) 799px, (min-width:800px) and (max-width: 999px) 333px, (min-width:1000px) 400px\" \/><\/a><div class=\"entry-wrap entry-wrap-grid\"><h3 class=\"entry-title\" itemprop=\"headline\"><a class=\"entry-title-link\" href=\"https:\/\/neuronup.com\/fr\/actualites-de-la-stimulation-cognitive\/maladies-neurodegeneratives\/parkinson\/reeducation-neuropsychologique-dans-la-maladie-de-parkinson\/\" rel=\"bookmark\">R\u00e9\u00e9ducation neuropsychologique dans la maladie de Parkinson<\/a><\/h3>\n<\/div><\/article><article class=\"entry entry-grid is-column has-entry-link has-image has-image-first type-post category-actualites-de-la-stimulation-cognitive tag-reeducation-cognitive tag-stimulation-cognitive\" style=\"--entry-index:3;\" aria-label=\"Neuror\u00e9habilitation ou neuror\u00e9habilitation : comment l\u2019\u00e9crit-on ?\" itemscope itemtype=\"https:\/\/schema.org\/CreativeWork\"><a class=\"entry-image-link\" href=\"https:\/\/neuronup.com\/fr\/actualites-de-la-stimulation-cognitive\/neurorehabilitation-ou-neurorehabilitation-comment-secrit\/\" tabindex=\"-1\" aria-hidden=\"true\"><img decoding=\"async\" width=\"400\" height=\"300\" src=\"https:\/\/neuronup.com\/fr\/wp-content\/uploads\/2023\/02\/neurorrehabilitaciom-cerebro-1-1.webp\" class=\"entry-image size-landscape-sm\" alt=\"Repr\u00e9sentation 3D d\u2019un cerveau bleu avec r\u00e9seau neuronal et points rouges sur fond noir, symbolisant l\u2019activit\u00e9 c\u00e9r\u00e9brale.\" srcset=\"https:\/\/neuronup.com\/fr\/wp-content\/uploads\/2023\/02\/neurorrehabilitaciom-cerebro-1-1-300x225.webp 300w, https:\/\/neuronup.com\/fr\/wp-content\/uploads\/2023\/02\/neurorrehabilitaciom-cerebro-1-1-768x576.webp 768w, https:\/\/neuronup.com\/fr\/wp-content\/uploads\/2023\/02\/neurorrehabilitaciom-cerebro-1-1-1024x768.webp 1024w, https:\/\/neuronup.com\/fr\/wp-content\/uploads\/2023\/02\/neurorrehabilitaciom-cerebro-1-1.webp 1200w\" sizes=\"(max-width:599px) 599px, (min-width:600px) and (max-width: 799px) 799px, (min-width:800px) and (max-width: 999px) 333px, (min-width:1000px) 400px\" \/><\/a><div class=\"entry-wrap entry-wrap-grid\"><h3 class=\"entry-title\" itemprop=\"headline\"><a class=\"entry-title-link\" href=\"https:\/\/neuronup.com\/fr\/actualites-de-la-stimulation-cognitive\/neurorehabilitation-ou-neurorehabilitation-comment-secrit\/\" rel=\"bookmark\">Neuror\u00e9habilitation ou neuror\u00e9habilitation : comment l\u2019\u00e9crit-on ?<\/a><\/h3>\n<\/div><\/article><article class=\"entry entry-grid is-column has-entry-link has-image has-image-first type-post category-formation tag-temoignages\" style=\"--entry-index:4;\" aria-label=\"Formation neuropsychologie: Apprendre la neuror\u00e9habilitation de mani\u00e8re utile et pratique avec NeuronUP\" itemscope itemtype=\"https:\/\/schema.org\/CreativeWork\"><a class=\"entry-image-link\" href=\"https:\/\/neuronup.com\/fr\/formation\/formation-neuropsychologie-apprendre-la-neurorehabilitation-de-maniere-utile-et-pratique-avec-neuronup\/\" tabindex=\"-1\" aria-hidden=\"true\"><img decoding=\"async\" width=\"400\" height=\"300\" src=\"https:\/\/neuronup.com\/fr\/wp-content\/uploads\/2024\/11\/Formation-pratique-en-neuropsychologie-Apprendre-la-neurorehabilitation-de-maniere-utile-et-pratique-avec-NeuronUP.-Le-cas-de-lUNIR-2-400x300.webp\" class=\"entry-image size-landscape-sm\" alt=\"Personne devant un ordinateur, lunettes et chemise blanche, \u00e9cran affichant des graphismes; clavier et souris sur le bureau.\" srcset=\"https:\/\/neuronup.com\/fr\/wp-content\/uploads\/2024\/11\/Formation-pratique-en-neuropsychologie-Apprendre-la-neurorehabilitation-de-maniere-utile-et-pratique-avec-NeuronUP.-Le-cas-de-lUNIR-2-300x225.webp 300w, https:\/\/neuronup.com\/fr\/wp-content\/uploads\/2024\/11\/Formation-pratique-en-neuropsychologie-Apprendre-la-neurorehabilitation-de-maniere-utile-et-pratique-avec-NeuronUP.-Le-cas-de-lUNIR-2-400x300.webp 400w, https:\/\/neuronup.com\/fr\/wp-content\/uploads\/2024\/11\/Formation-pratique-en-neuropsychologie-Apprendre-la-neurorehabilitation-de-maniere-utile-et-pratique-avec-NeuronUP.-Le-cas-de-lUNIR-2-768x576.webp 768w, https:\/\/neuronup.com\/fr\/wp-content\/uploads\/2024\/11\/Formation-pratique-en-neuropsychologie-Apprendre-la-neurorehabilitation-de-maniere-utile-et-pratique-avec-NeuronUP.-Le-cas-de-lUNIR-2-800x600.webp 800w, https:\/\/neuronup.com\/fr\/wp-content\/uploads\/2024\/11\/Formation-pratique-en-neuropsychologie-Apprendre-la-neurorehabilitation-de-maniere-utile-et-pratique-avec-NeuronUP.-Le-cas-de-lUNIR-2-1024x768.webp 1024w, https:\/\/neuronup.com\/fr\/wp-content\/uploads\/2024\/11\/Formation-pratique-en-neuropsychologie-Apprendre-la-neurorehabilitation-de-maniere-utile-et-pratique-avec-NeuronUP.-Le-cas-de-lUNIR-2.webp 1200w\" sizes=\"(max-width:599px) 599px, (min-width:600px) and (max-width: 799px) 799px, (min-width:800px) and (max-width: 999px) 333px, (min-width:1000px) 400px\" \/><\/a><div class=\"entry-wrap entry-wrap-grid\"><h3 class=\"entry-title\" itemprop=\"headline\"><a class=\"entry-title-link\" href=\"https:\/\/neuronup.com\/fr\/formation\/formation-neuropsychologie-apprendre-la-neurorehabilitation-de-maniere-utile-et-pratique-avec-neuronup\/\" rel=\"bookmark\">Formation neuropsychologie: Apprendre la neuror\u00e9habilitation de mani\u00e8re utile et pratique avec NeuronUP<\/a><\/h3>\n<\/div><\/article><article class=\"entry entry-grid is-column has-entry-link has-image has-image-first type-post category-actualites-de-la-stimulation-cognitive tag-activites-de-stimulation-cognitive tag-actualites-de-neuronup tag-sante-mentale\" style=\"--entry-index:5;\" aria-label=\"L&rsquo;impact de la neuror\u00e9habilitation sur la sant\u00e9 mentale : une approche globale pour le bien-\u00eatre cognitif et \u00e9motionnel\" itemscope itemtype=\"https:\/\/schema.org\/CreativeWork\"><a class=\"entry-image-link\" href=\"https:\/\/neuronup.com\/fr\/actualites-de-la-stimulation-cognitive\/limpact-de-la-neurorehabilitation-sur-la-sante-mentale-une-approche-globale-pour-le-bien-etre-cognitif-et-emotionnel\/\" tabindex=\"-1\" aria-hidden=\"true\"><img decoding=\"async\" width=\"400\" height=\"267\" src=\"https:\/\/neuronup.com\/fr\/wp-content\/uploads\/2024\/09\/El-impacto-de-la-neurorrehabilitacion-en-la-salud-mental-un-enfoque-integral-para-el-bienestar-cognitivo-y-emocional.webp\" class=\"entry-image size-landscape-sm\" alt=\"Femme d&#039;\u00e2ge moyen assise sur un canap\u00e9, yeux ferm\u00e9s et visage d\u00e9tendu, mains sur les tempes, d\u00e9cor chaleureux avec plantes.\" srcset=\"https:\/\/neuronup.com\/fr\/wp-content\/uploads\/2024\/09\/El-impacto-de-la-neurorrehabilitacion-en-la-salud-mental-un-enfoque-integral-para-el-bienestar-cognitivo-y-emocional-300x200.webp 300w, https:\/\/neuronup.com\/fr\/wp-content\/uploads\/2024\/09\/El-impacto-de-la-neurorrehabilitacion-en-la-salud-mental-un-enfoque-integral-para-el-bienestar-cognitivo-y-emocional-768x512.webp 768w, https:\/\/neuronup.com\/fr\/wp-content\/uploads\/2024\/09\/El-impacto-de-la-neurorrehabilitacion-en-la-salud-mental-un-enfoque-integral-para-el-bienestar-cognitivo-y-emocional-1024x683.webp 1024w, https:\/\/neuronup.com\/fr\/wp-content\/uploads\/2024\/09\/El-impacto-de-la-neurorrehabilitacion-en-la-salud-mental-un-enfoque-integral-para-el-bienestar-cognitivo-y-emocional.webp 1200w\" sizes=\"(max-width:599px) 599px, (min-width:600px) and (max-width: 799px) 799px, (min-width:800px) and (max-width: 999px) 333px, (min-width:1000px) 400px\" \/><\/a><div class=\"entry-wrap entry-wrap-grid\"><h3 class=\"entry-title\" itemprop=\"headline\"><a class=\"entry-title-link\" href=\"https:\/\/neuronup.com\/fr\/actualites-de-la-stimulation-cognitive\/limpact-de-la-neurorehabilitation-sur-la-sante-mentale-une-approche-globale-pour-le-bien-etre-cognitif-et-emotionnel\/\" rel=\"bookmark\">L&rsquo;impact de la neuror\u00e9habilitation sur la sant\u00e9 mentale : une approche globale pour le bien-\u00eatre cognitif et \u00e9motionnel<\/a><\/h3>\n<\/div><\/article><article class=\"entry entry-grid is-column has-entry-link has-image has-image-first type-post category-sclerose-en-plaques tag-sclerose-en-plaques tag-stimulation-cognitive\" style=\"--entry-index:6;\" aria-label=\"Les nouvelles technologies au service des traitements cognitifs des patients atteints de scl\u00e9rose en plaques\" itemscope itemtype=\"https:\/\/schema.org\/CreativeWork\"><a class=\"entry-image-link\" href=\"https:\/\/neuronup.com\/fr\/actualites-de-la-stimulation-cognitive\/maladies-neurodegeneratives\/sclerose-en-plaques\/les-nouvelles-technologies-au-service-des-traitements-cognitifs-des-patients-atteints-de-sclerose-en-plaques\/\" tabindex=\"-1\" aria-hidden=\"true\"><img decoding=\"async\" width=\"400\" height=\"300\" src=\"https:\/\/neuronup.com\/fr\/wp-content\/uploads\/2024\/11\/Les-nouvelles-technologies-au-service-des-traitements-cognitifs-des-patients-atteints-de-sclerose-en-plaques-400x300.webp\" class=\"entry-image size-landscape-sm\" alt=\"Femme assise devant un ordinateur portable dans un espace moderne, pull jaune et cheveux bruns, concentr\u00e9e sur l&#039;\u00e9cran.\" srcset=\"https:\/\/neuronup.com\/fr\/wp-content\/uploads\/2024\/11\/Les-nouvelles-technologies-au-service-des-traitements-cognitifs-des-patients-atteints-de-sclerose-en-plaques-400x300.webp 400w, https:\/\/neuronup.com\/fr\/wp-content\/uploads\/2024\/11\/Les-nouvelles-technologies-au-service-des-traitements-cognitifs-des-patients-atteints-de-sclerose-en-plaques-800x600.webp 800w\" sizes=\"(max-width:599px) 599px, (min-width:600px) and (max-width: 799px) 799px, (min-width:800px) and (max-width: 999px) 333px, (min-width:1000px) 400px\" \/><\/a><div class=\"entry-wrap entry-wrap-grid\"><h3 class=\"entry-title\" itemprop=\"headline\"><a class=\"entry-title-link\" href=\"https:\/\/neuronup.com\/fr\/actualites-de-la-stimulation-cognitive\/maladies-neurodegeneratives\/sclerose-en-plaques\/les-nouvelles-technologies-au-service-des-traitements-cognitifs-des-patients-atteints-de-sclerose-en-plaques\/\" rel=\"bookmark\">Les nouvelles technologies au service des traitements cognitifs des patients atteints de scl\u00e9rose en plaques<\/a><\/h3>\n<\/div><\/article><\/div><\/div>","protected":false},"excerpt":{"rendered":"<p>Environ 1000 personnes de diff\u00e9rents pays du monde entier se sont r\u00e9unies au Global Neuropsychology Congress. Un congr\u00e8s international organis\u00e9 par diff\u00e9rentes soci\u00e9t\u00e9s de neuropsychologie du monde entier, \u00e0 savoir l&rsquo;Australasian Society of the Study of Brain Impairment (ASSBI), la Federation of European Societies of Neuropsychology (FESN), l&rsquo;International Neuropsychological Society (INS) et la Sociedad Latinoamericana &hellip;<\/p>\n","protected":false},"author":7,"featured_media":31957,"comment_status":"open","ping_status":"open","sticky":false,"template":"","format":"standard","meta":{"_acf_changed":false,"_genesis_hide_title":false,"_genesis_hide_breadcrumbs":false,"_genesis_hide_singular_image":false,"_genesis_hide_footer_widgets":false,"_genesis_custom_body_class":"","_genesis_custom_post_class":"","_genesis_layout":"","footnotes":""},"categories":[1056],"tags":[630],"class_list":{"2":"type-post","7":"category-evenements","8":"tag-congres","9":"entry"},"acf":[],"_links":{"self":[{"href":"https:\/\/neuronup.com\/fr\/wp-json\/wp\/v2\/posts\/40951","targetHints":{"allow":["GET"]}}],"collection":[{"href":"https:\/\/neuronup.com\/fr\/wp-json\/wp\/v2\/posts"}],"about":[{"href":"https:\/\/neuronup.com\/fr\/wp-json\/wp\/v2\/types\/post"}],"author":[{"embeddable":true,"href":"https:\/\/neuronup.com\/fr\/wp-json\/wp\/v2\/users\/7"}],"replies":[{"embeddable":true,"href":"https:\/\/neuronup.com\/fr\/wp-json\/wp\/v2\/comments?post=40951"}],"version-history":[{"count":0,"href":"https:\/\/neuronup.com\/fr\/wp-json\/wp\/v2\/posts\/40951\/revisions"}],"wp:featuredmedia":[{"embeddable":true,"href":"https:\/\/neuronup.com\/fr\/wp-json\/wp\/v2\/media\/31957"}],"wp:attachment":[{"href":"https:\/\/neuronup.com\/fr\/wp-json\/wp\/v2\/media?parent=40951"}],"wp:term":[{"taxonomy":"category","embeddable":true,"href":"https:\/\/neuronup.com\/fr\/wp-json\/wp\/v2\/categories?post=40951"},{"taxonomy":"post_tag","embeddable":true,"href":"https:\/\/neuronup.com\/fr\/wp-json\/wp\/v2\/tags?post=40951"}],"curies":[{"name":"wp","href":"https:\/\/api.w.org\/{rel}","templated":true}]}}