{"id":40910,"date":"2025-09-03T09:02:42","date_gmt":"2025-09-03T09:02:42","guid":{"rendered":"https:\/\/neuronup.com\/?p=37025"},"modified":"2026-01-29T17:40:54","modified_gmt":"2026-01-29T15:40:54","slug":"atelier-cognitif-avec-neuronup-pour-lintervention-dans-la-sclerose-en-plaques","status":"publish","type":"post","link":"https:\/\/neuronup.com\/fr\/actualites-de-la-stimulation-cognitive\/maladies-neurodegeneratives\/sclerose-en-plaques\/atelier-cognitif-avec-neuronup-pour-lintervention-dans-la-sclerose-en-plaques\/","title":{"rendered":"Atelier cognitif avec NeuronUP pour l&#8217;intervention dans la scl\u00e9rose en plaques (SEP)"},"content":{"rendered":"\n<p class=\"has-xl-font-size\">Olalla S\u00e1iz V\u00e1zquez, ergoth\u00e9rapeute et professeure \u00e0 l\u2019Universit\u00e9 de Burgos, pr\u00e9sente avec ses \u00e9tudiantes Naroa Mart\u00ednez Bravo, Goretti Manterola Aldazabal et Marina Labat Garru\u00e9s, un atelier cognitif avec NeuronUP pour la&nbsp;<strong>stimulation cognitive des personnes atteintes de scl\u00e9rose en plaques (SEP).<\/strong><\/p>\n\n\n\n<h2 class=\"wp-block-heading\">Cas clinique<\/h2>\n\n\n\n<p>Mar\u00eda est une femme de 45 ans, diagnostiqu\u00e9e d\u2019une scl\u00e9rose en plaques r\u00e9mittente-r\u00e9currente il y a 8 ans, qui consulte en raison d\u2019une d\u00e9t\u00e9rioration progressive de ses fonctions cognitives.<\/p>\n\n\n\n<p>La <a href=\"https:\/\/neuronup.com\/estimulacion-y-rehabilitacion-cognitiva\/enfermedades-neurodegenerativas\/esclerosis-multiple\/la-esclerosis-a-quien-afecta-como-se-diagnostica-y-cuales-son-sus-sintomas\/\">scl\u00e9rose en plaques (SEP)<\/a> est une maladie auto-immune et neurod\u00e9g\u00e9n\u00e9rative qui affecte le syst\u00e8me nerveux central, endommageant la my\u00e9line qui entoure les fibres nerveuses et provoquant des interruptions dans la transmission des influx nerveux.<\/p>\n\n\n\n<p>Le <strong>type r\u00e9mittent-r\u00e9current<\/strong> est la forme la plus courante et se caract\u00e9rise par la <strong>survenue de pouss\u00e9es ou d\u2019\u00e9pisodes de sympt\u00f4mes neurologiques pouvant durer des jours ou des semaines<\/strong>, suivis de p\u00e9riodes de r\u00e9mission partielle ou totale. Les fonctions affect\u00e9es varient selon les l\u00e9sions, mais peuvent inclure des alt\u00e9rations motrices (faiblesse, spasticit\u00e9), sensitives (picotements, douleur), visuelles (vision floue, n\u00e9vrite optique) et de l\u2019\u00e9quilibre. Sur le plan cognitif, la maladie peut impacter la <a href=\"https:\/\/neuronup.com\/neurociencia\/neuropsicologia\/memoria\/la-memoria-definicion-tipos-ejercicios-y-evaluacion\/\">m\u00e9moire<\/a>, la vitesse de traitement, l\u2019<a href=\"https:\/\/neuronup.com\/actividades-de-neurorrehabilitacion\/actividades-para-funciones-cognitivas\/actividades-de-atencion\/que-es-la-atencion-definicion-problemas-y-actividades-para-trabajarla\/\">attention<\/a> et la capacit\u00e9 de planification, ce qui peut affecter le rendement scolaire, professionnel et la vie quotidienne.<\/p>\n\n\n\n<div style=\"height:50px\" aria-hidden=\"true\" class=\"wp-block-spacer\"><\/div>\n\n\n\n<p>Les principaux probl\u00e8mes de Mar\u00eda incluent des difficult\u00e9s s\u00e9v\u00e8res de m\u00e9moire \u00e0 court terme, ce qui l\u2019emp\u00eache de retenir des informations r\u00e9centes et d\u2019apprendre de nouveaux concepts. Cela impacte significativement son rendement professionnel en tant que professeure et ses activit\u00e9s quotidiennes. De plus, elle pr\u00e9sente une d\u00e9sorientation spatiale et temporelle, confondant dates et lieux familiers, ainsi que des agnosies qui rendent difficile la reconnaissance d\u2019objets courants, et des anomies qui l\u2019emp\u00eachent de trouver des mots sp\u00e9cifiques dans le langage quotidien.<\/p>\n\n\n\n<p>\u00c0 l\u2019examen neuropsychologique, on a mis en \u00e9vidence un <strong>d\u00e9clin significatif de la m\u00e9moire imm\u00e9diate, une difficult\u00e9 marqu\u00e9e \u00e0 nommer les objets et lieux, et des alt\u00e9rations de la reconnaissance visuelle<\/strong>. Ces probl\u00e8mes cognitifs sont coh\u00e9rents avec l\u2019impact de la scl\u00e9rose en plaques sur les zones c\u00e9r\u00e9brales li\u00e9es \u00e0 l\u2019attention, \u00e0 la m\u00e9moire et au langage.<\/p>\n\n\n\n<p>Ce tableau sugg\u00e8re que les l\u00e9sions caract\u00e9ristiques de la maladie ont commenc\u00e9 \u00e0 affecter de mani\u00e8re significative les capacit\u00e9s cognitives de Mar\u00eda, soulignant l\u2019importance d\u2019initier des interventions th\u00e9rapeutiques incluant la r\u00e9habilitation cognitive et des strat\u00e9gies compensatoires pour am\u00e9liorer sa qualit\u00e9 de vie.<\/p>\n\n\n\n<p>Il est pr\u00e9vu de r\u00e9aliser une intervention cognitive utilisant la <a href=\"https:\/\/neuronup.com\/fr\/produit\/\">plateforme NeuronUP<\/a>, un outil con\u00e7u pour la r\u00e9habilitation et la stimulation cognitive. Cette plateforme permettra de travailler de mani\u00e8re personnalis\u00e9e les domaines affect\u00e9s, tels que la m\u00e9moire \u00e0 court terme, le langage et l\u2019<a href=\"https:\/\/neuronup.com\/fr\/domaines-dintervention\/fonctions-cognitives\/lorientation\/\">orientation<\/a> spatiale et temporelle.<\/p>\n\n\n\n<p>\u00c0 travers des activit\u00e9s interactives et modulables selon les besoins de Mar\u00eda, on cherchera \u00e0 renforcer ses capacit\u00e9s cognitives r\u00e9siduelles et \u00e0 d\u00e9velopper des strat\u00e9gies compensatoires qui am\u00e9lioreront son rendement dans les activit\u00e9s quotidiennes. L\u2019intervention sera supervis\u00e9e par une \u00e9quipe de th\u00e9rapeutes, qui \u00e9valueront p\u00e9riodiquement les progr\u00e8s et ajusteront les t\u00e2ches pour maximiser les b\u00e9n\u00e9fices.<\/p>\n\n\n\n<div style=\"height:50px\" aria-hidden=\"true\" class=\"wp-block-spacer\"><\/div>\n\n\n\n<div class=\"wp-block-group br-0111 has-primary-background-color has-background has-dark-background has-sm-padding-top has-sm-padding-left has-sm-padding-right has-xxl-margin-top\"><div class=\"wp-block-group__inner-container is-layout-constrained wp-block-group-is-layout-constrained\">\n<div class=\"wp-block-columns is-layout-flex wp-container-core-columns-is-layout-9d6595d7 wp-block-columns-is-layout-flex\">\n<div class=\"wp-block-column is-layout-flow wp-block-column-is-layout-flow\">\n<figure class=\"wp-block-image size-full desktop-position-absolute desktop-bottom-0 mobile-width-50 mobile-m-inline-auto has-xl-margin-top\"><img decoding=\"async\" width=\"292\" height=\"338\" src=\"https:\/\/neuronup.com\/fr\/wp-content\/uploads\/2024\/10\/certificat-produit.webp\" alt=\"\" class=\"wp-image-31568\" srcset=\"https:\/\/neuronup.com\/fr\/wp-content\/uploads\/2024\/10\/certificat-produit-259x300.webp 259w, https:\/\/neuronup.com\/fr\/wp-content\/uploads\/2024\/10\/certificat-produit.webp 292w\" sizes=\"(max-width: 292px) 100vw, 292px\" \/><\/figure>\n<\/div>\n\n\n\n<div class=\"wp-block-column is-layout-flow wp-block-column-is-layout-flow\">\n<h2 class=\"wp-block-heading has-white-color has-text-color\"><strong>Abonnez-vous<\/strong> <br>\u00e0 notre <br>Newsletter<\/h2>\n\n\n\n<div class=\"wp-block-buttons is-layout-flex wp-block-buttons-is-layout-flex\">\n<div class=\"wp-block-button--1\" style=\"--button-outline-color:var(--color-white);--button-outline-color-hover:rgba(0,0,0,0.8);\"><a class=\"wp-block-button__link button button-outline   wp-element-button\" href=\"https:\/\/neuronup.com\/fr\/newsletter\/\">Abonnez-vous<\/a><\/div>\n\n<\/div>\n\n\n\n<div style=\"height:40px\" aria-hidden=\"true\" class=\"wp-block-spacer\"><\/div>\n<\/div>\n<\/div>\n<\/div><\/div>\n\n\n\n\n<div style=\"height:50px\" aria-hidden=\"true\" class=\"wp-block-spacer\"><\/div>\n\n\n\n<h2 class=\"wp-block-heading\">Intervention dans la scl\u00e9rose en plaques (SEP) depuis l\u2019ergoth\u00e9rapie<\/h2>\n\n\n\n<h3 class=\"wp-block-heading\">Objectifs de l\u2019intervention dans la scl\u00e9rose en plaques (SEP)<\/h3>\n\n\n\n<h4 class=\"wp-block-heading\">Objectif g\u00e9n\u00e9ral de l\u2019intervention dans la scl\u00e9rose en plaques (SEP)<\/h4>\n\n\n\n<p>L\u2019objectif principal de l\u2019intervention est de <strong>maintenir les fonctions cognitives pr\u00e9serv\u00e9es<\/strong>.<\/p>\n\n\n\n<p>Objectif g\u00e9n\u00e9ral de l\u2019intervention dans la scl\u00e9rose en plaques (SEP)<\/p>\n\n\n\n<h4 class=\"wp-block-heading\">Objectifs sp\u00e9cifiques de l\u2019intervention dans la scl\u00e9rose en plaques (SEP)<\/h4>\n\n\n\n<p>Pour atteindre cet objectif principal, d\u2019autres objectifs sp\u00e9cifiques sont d\u00e9finis :<\/p>\n\n\n\n<ul class=\"wp-block-list\">\n<li><strong>Maintenir la m\u00e9moire de travail.<\/strong><\/li>\n\n\n\n<li><strong>R\u00e9duire les anomies.<\/strong><\/li>\n\n\n\n<li><strong>Conserver l\u2019orientation spatiale et temporelle.<\/strong><\/li>\n<\/ul>\n\n\n\n<h3 class=\"wp-block-heading\">Plan de l\u2019intervention dans la scl\u00e9rose en plaques (SEP)<\/h3>\n\n\n\n<p>Le plan d\u2019intervention pr\u00e9voit une dur\u00e9e de 45 minutes, au cours desquelles des activit\u00e9s seront consacr\u00e9es \u00e0 la m\u00e9moire \u00e0 court terme, \u00e0 l\u2019anomie, \u00e0 l\u2019orientation spatiale et \u00e0 l\u2019orientation temporelle pendant 20, 10, 15 et 10 minutes respectivement.<\/p>\n\n\n\n<p>Les activit\u00e9s \u00e0 r\u00e9aliser avec Mar\u00eda sont :<\/p>\n\n\n\n<ol class=\"wp-block-list\">\n<li><em>Mettre la s\u00e9quence dans le bon ordre<\/em><\/li>\n\n\n\n<li><em>Trouver le mot d\u2019apr\u00e8s sa d\u00e9finition<\/em><\/li>\n\n\n\n<li><em>Objets dans la maison<\/em><\/li>\n\n\n\n<li><em>Situation dans le temps<\/em><\/li>\n<\/ol>\n\n\n\n<h4 class=\"wp-block-heading\"><em>Mettre la s\u00e9quence dans le bon ordre<\/em>, pour le traitement de la m\u00e9moire \u00e0 court terme<\/h4>\n\n\n\n<p>Pour entretenir la m\u00e9moire \u00e0 court terme, on va utiliser l\u2019activit\u00e9 appel\u00e9e <em>Mettre la s\u00e9quence dans le bon ordre<\/em>.<\/p>\n\n\n\n<p>Cette activit\u00e9 a pour objectif <strong>de s\u00e9quencer les diff\u00e9rentes images dans l\u2019ordre pr\u00e9sent\u00e9<br>ci-dessus<\/strong>. Pour ce faire, elle offre d\u2019abord 120 secondes pour visualiser et m\u00e9moriser la disposition des images. Ensuite, l\u2019utilisateur doit les replacer correctement. S\u2019il r\u00e9ussit, le niveau augmente.<\/p>\n\n\n\n<p>Le niveau augmente en fonction du nombre d\u2019images \u00e0 m\u00e9moriser. Sur la premi\u00e8re photo, il y a 2 images,<br>tandis qu\u2019au niveau avanc\u00e9, elles sont au nombre de 10.<\/p>\n\n\n\n<p><em>Mettre la s\u00e9quence dans le bon ordre<\/em> comprend 5 niveaux de difficult\u00e9, du basique \u00e0 l\u2019avanc\u00e9. Ceux-ci seront gradu\u00e9s selon les besoins des participants. Dans notre cas, compte tenu d\u2019un d\u00e9ficit interm\u00e9diaire, ils commenceront au niveau facile et, \u00e0 mesure qu\u2019ils r\u00e9ussiront les \u00e9preuves, monteront de niveau.<\/p>\n\n\n\n<div style=\"height:30px\" aria-hidden=\"true\" class=\"wp-block-spacer\"><\/div>\n\n\n\n<figure class=\"wp-block-image size-large image-interface\"><img decoding=\"async\" src=\"https:\/\/neuronup.com\/fr\/wp-content\/uploads\/2024\/10\/Actividad-Ordenar-secuencia-1024x770.webp\" alt=\"Silhouette de t\u00eate humaine stylis\u00e9e avec rouages, fl\u00e8ches, gouttes et fleurs reli\u00e9s par des lignes, refl\u00e9tant pens\u00e9e et cr\u00e9ativit\u00e9.\" class=\"wp-image-33723\"\/><figcaption class=\"wp-element-caption\">Activit\u00e9 NeuronUP pour travailler la m\u00e9moire \u00e0 court terme : <em>Mettre la s\u00e9quence dans le bon ordre<\/em>.<\/figcaption><\/figure>\n\n\n\n<div style=\"height:10px\" aria-hidden=\"true\" class=\"wp-block-spacer\"><\/div>\n\n\n\n<h4 class=\"wp-block-heading\"><em>Trouver le mot d\u2019apr\u00e8s sa d\u00e9finition<\/em>, pour le traitement de l\u2019anomie<\/h4>\n\n\n\n<p>Pour intervenir sur l\u2019anomie, on va utiliser l\u2019activit\u00e9 intitul\u00e9e <em>Trouver le mot d\u2019apr\u00e8s sa d\u00e9finition<\/em>.<\/p>\n\n\n\n<p>L\u2019activit\u00e9 consiste \u00e0 <strong>deviner le mot d\u00e9crit ci-dessus<\/strong>. Cette activit\u00e9 comporte 4 niveaux de difficult\u00e9. Au niveau basique, ce sont des mots de quatre ou cinq lettres dont il manque une lettre. Au niveau facile, les mots sont plus longs et il faut compl\u00e9ter une ou deux lettres. Au niveau moyen, les mots sont encore plus longs et il faut compl\u00e9ter au maximum quatre mots. Au niveau difficile, on ne donne qu\u2019un seul mot et l\u2019utilisateur doit compl\u00e9ter les autres. Enfin, au niveau avanc\u00e9, aucune aide n\u2019est fournie et il faut saisir le mot d\u00e9fini en haut de l\u2019\u00e9cran.<\/p>\n\n\n\n<p>Dans notre cas, nous commen\u00e7ons au niveau difficile et si des difficult\u00e9s apparaissent, on redescendrait un niveau. Dans le cas contraire, on monterait au niveau le plus difficile.<\/p>\n\n\n\n<div style=\"height:30px\" aria-hidden=\"true\" class=\"wp-block-spacer\"><\/div>\n\n\n\n<figure class=\"wp-block-image size-large image-interface\"><img decoding=\"async\" src=\"https:\/\/neuronup.com\/fr\/wp-content\/uploads\/2025\/02\/Actividad-de-NeuronUP-para-el-tratamietno-de-la-anomia-Encontrar-palabra-por-su-definicion-1-1024x764.webp\" alt=\"Logo circulaire sur fond bleu clair avec le texte NEURO en orange et Lleida en plus petit, entour\u00e9 d&#039;un motif floral orange.\" class=\"wp-image-37443\"\/><figcaption class=\"wp-element-caption\">Activit\u00e9 NeuronUP pour le traitement de l\u2019anomie : <em>Trouver le mot d\u2019apr\u00e8s sa d\u00e9finition<\/em><\/figcaption><\/figure>\n\n\n\n<div style=\"height:10px\" aria-hidden=\"true\" class=\"wp-block-spacer\"><\/div>\n\n\n\n<h4 class=\"wp-block-heading\"><em>Objets dans la maison<\/em>, pour le traitement de l\u2019orientation spatiale<\/h4>\n\n\n\n<p>Pour l\u2019intervention sur l\u2019orientation spatiale, on va utiliser l\u2019activit\u00e9 <em>Objets dans la maison<\/em>.<\/p>\n\n\n\n<p>L\u2019activit\u00e9 consiste \u00e0 <strong>placer dans quelle pi\u00e8ce de la maison se trouveraient divers objets<\/strong>, pr\u00e9cis\u00e9ment des objets du quotidien. Le nombre d\u2019images affich\u00e9es augmente avec le niveau de difficult\u00e9. Au niveau basique, par exemple, il y a 2 images, et au niveau facile, 3.<\/p>\n\n\n\n<p>Cette activit\u00e9 comporte 4 niveaux de difficult\u00e9, qui seront ajust\u00e9s selon les caract\u00e9ristiques des participants. Avec nos utilisateurs, nous commencerons au niveau facile et augmenterons le niveau \u00e0 mesure que les d\u00e9fis sont relev\u00e9s.<\/p>\n\n\n\n<div style=\"height:30px\" aria-hidden=\"true\" class=\"wp-block-spacer\"><\/div>\n\n\n\n<figure class=\"wp-block-image size-large image-interface\"><img decoding=\"async\" width=\"1024\" height=\"769\" src=\"https:\/\/neuronup.com\/fr\/wp-content\/uploads\/2024\/10\/Actividad-Objetos-en-el-hogar-1024x769.webp\" alt=\"Quatre cadrages montrant jardin color\u00e9, chambre moderne, buanderie et espace nettoyage avec seau et \u00e9ponge.\" class=\"wp-image-33637\" srcset=\"https:\/\/neuronup.com\/fr\/wp-content\/uploads\/2024\/10\/Actividad-Objetos-en-el-hogar-300x225.webp 300w, https:\/\/neuronup.com\/fr\/wp-content\/uploads\/2024\/10\/Actividad-Objetos-en-el-hogar-768x577.webp 768w, https:\/\/neuronup.com\/fr\/wp-content\/uploads\/2024\/10\/Actividad-Objetos-en-el-hogar-1024x769.webp 1024w, https:\/\/neuronup.com\/fr\/wp-content\/uploads\/2024\/10\/Actividad-Objetos-en-el-hogar.webp 1200w\" sizes=\"(max-width: 1024px) 100vw, 1024px\" \/><figcaption class=\"wp-element-caption\">Activit\u00e9 NeuronUP pour travailler l\u2019orientation spatiale : <em>Objets dans la maison<\/em>.<\/figcaption><\/figure>\n\n\n\n<div style=\"height:10px\" aria-hidden=\"true\" class=\"wp-block-spacer\"><\/div>\n\n\n\n<h4 class=\"wp-block-heading\"><em>Situation dans le temps<\/em>, pour le traitement de l\u2019orientation temporelle<\/h4>\n\n\n\n<p>Pour intervenir sur l\u2019orientation temporelle, on va utiliser l\u2019activit\u00e9 intitul\u00e9e <em>Situation dans le temps<\/em>.<\/p>\n\n\n\n<p>Cette activit\u00e9 a pour objectif de <strong>maintenir la personne orient\u00e9e sur le jour o\u00f9 elle se trouve<\/strong>. Pour cela, elle pose des questions li\u00e9es \u00e0 l\u2019heure, aux jours de la semaine, aux jours de l\u2019ann\u00e9e ou aux saisons.<\/p>\n\n\n\n<p>Pour commencer, elle demande quel jour de la semaine c\u2019est. Ensuite, quel mois ils sont. Puis, l\u2019heure exacte \u00e0 laquelle l\u2019activit\u00e9 se d\u00e9roule\u2026 Et ainsi de suite.<\/p>\n\n\n\n<p>Au vu des questions pos\u00e9es, on peut d\u00e9duire que le niveau augmente avec des questions plus pr\u00e9cises et complexes, bien que dans l\u2019application toutes les questions soient class\u00e9es au m\u00eame niveau.<\/p>\n\n\n\n<p>Vous disposez de deux vies pour r\u00e9pondre correctement \u00e0 chacune des questions et d\u2019un temps imparti pour y r\u00e9pondre.<\/p>\n\n\n\n<div style=\"height:30px\" aria-hidden=\"true\" class=\"wp-block-spacer\"><\/div>\n\n\n\n<figure class=\"wp-block-image size-large image-interface\"><img decoding=\"async\" src=\"https:\/\/neuronup.com\/wp-content\/uploads\/2024\/10\/Actividad-Ubicacion-en-el-tiempo-meses-1024x771.webp\" alt=\"Personne suspendue par harnais touchant un \u00e9cran tactile dans un espace de r\u00e9\u00e9ducation moderne, masque facial et mat\u00e9riel de physioth\u00e9rapie visibles.\" class=\"wp-image-33641\"\/><figcaption class=\"wp-element-caption\">Activit\u00e9 NeuronUP pour travailler l\u2019orientation temporelle : <em>Situation dans le temps<\/em>.<\/figcaption><\/figure>\n\n\n\n<div style=\"height:80px\" aria-hidden=\"true\" class=\"wp-block-spacer\"><\/div>\n\n\n\n<div class=\"wp-block-group\"><div class=\"wp-block-group__inner-container is-layout-constrained wp-block-group-is-layout-constrained\">\n<div class=\"wp-block-columns br-0111 particle-bg p-5 has-primary-background-color has-background is-layout-flex wp-container-core-columns-is-layout-9d6595d7 wp-block-columns-is-layout-flex\">\n<div class=\"wp-block-column is-layout-flow wp-block-column-is-layout-flow\" style=\"flex-basis:66.66%\">\n<h2 class=\"wp-block-heading has-white-color has-text-color\">Essayez NeuronUP 7 jours gratuitement<\/h2>\n\n\n\n<p class=\"has-white-color has-text-color\">Vous pourrez travailler avec nos activit\u00e9s, concevoir des s\u00e9ances ou effectuer des r\u00e9habilitations \u00e0 distance<\/p>\n<\/div>\n\n\n\n<div class=\"wp-block-column is-layout-flow wp-block-column-is-layout-flow\" style=\"flex-basis:33.33%\">\n<div class=\"wp-block-buttons is-content-justification-center is-layout-flex wp-container-core-buttons-is-layout-16018d1d wp-block-buttons-is-layout-flex\">\n<div class=\"wp-block-button\" style=\"--button-background:var(--color-custom-1);--button-background-hover:#cc7e00;\"><a class=\"wp-block-button__link button   wp-element-button\" href=\"https:\/\/neuronup.com\/fr\/landing\/\">Commencez votre essai<\/a><\/div>\n\n<\/div>\n<\/div>\n<\/div>\n<\/div><\/div>\n\n\n\n<div style=\"height:50px\" aria-hidden=\"true\" class=\"wp-block-spacer\"><\/div>\n\n\n\n<h2 class=\"wp-block-heading\">Conclusion<\/h2>\n\n\n\n<p><a href=\"https:\/\/neuronup.com\/fr\/\">NeuronUP<\/a> est une plateforme qui facilite les interventions de stimulation cognitive, tant en groupe qu\u2019individuelle. Cet outil est con\u00e7u pour aider les professionnels \u00e0 planifier et \u00e0 guider leurs interventions, en se concentrant sur les objectifs sp\u00e9cifiques de chaque s\u00e9ance.<\/p>\n\n\n\n<p>Un de ses principaux atouts est la possibilit\u00e9 de personnaliser les activit\u00e9s selon les go\u00fbts et int\u00e9r\u00eats de chaque personne, ce qui contribue \u00e0 rendre les t\u00e2ches plus significatives. De plus, elle propose une large vari\u00e9t\u00e9 d\u2019exercices visant \u00e0 travailler diff\u00e9rentes fonctions cognitives, permettant de s\u00e9lectionner les activit\u00e9s les plus motivantes pour chaque utilisateur.<\/p>\n\n\n\n<p>Un autre aspect remarquable de NeuronUP est qu\u2019il permet de r\u00e9aliser un <a href=\"https:\/\/neuronup.com\/fr\/produit\/neuronup-score\/\">suivi d\u00e9taill\u00e9 des progr\u00e8s des patients<\/a>, ce qui aide \u00e0 \u00e9valuer l\u2019efficacit\u00e9 de l\u2019intervention. Enfin, une caract\u00e9ristique particuli\u00e8rement utile est que les patients peuvent continuer \u00e0 r\u00e9aliser les activit\u00e9s depuis chez eux, favorisant la continuit\u00e9 du traitement.<\/p>\n\n\n\n<h3 class=\"wp-block-heading\">Si vous avez aim\u00e9 cet article de blog sur un&nbsp;<strong>atelier cognitif avec NeuronUP pour l\u2019intervention dans la scl\u00e9rose en plaques (SEP)<\/strong>, ces articles de NeuronUP pourraient certainement vous int\u00e9resser&nbsp;:<\/h3>\n\n\n<div class=\"mai-grid entries entries-grid has-boxed has-image-full\" style=\"--entry-title-font-size:var(--font-size-lg);--align-text:start;--entry-meta-text-align:start;\"><div class=\"entries-wrap has-columns\" style=\"--columns-xs:1\/1;--columns-sm:1\/1;--columns-md:1\/3;--columns-lg:1\/3;--flex-xs:0 0 var(--flex-basis);--flex-sm:0 0 var(--flex-basis);--flex-md:0 0 var(--flex-basis);--flex-lg:0 0 var(--flex-basis);--column-gap:var(--spacing-lg);--row-gap:var(--spacing-lg);--align-columns:start;\"><article class=\"entry entry-grid is-column has-entry-link has-image has-image-first type-post category-lignes-de-recherche\" style=\"--entry-index:1;\" aria-label=\"Hydratation et attention : l\u2019impact clinique d\u2019une relation sous-estim\u00e9e\" itemscope itemtype=\"https:\/\/schema.org\/CreativeWork\"><a class=\"entry-image-link\" href=\"https:\/\/neuronup.com\/fr\/investigation\/lignes-de-recherche\/hydratation-et-attention-limpact-clinique-dune-relation-sous-estimee\/\" tabindex=\"-1\" aria-hidden=\"true\"><img decoding=\"async\" width=\"400\" height=\"300\" src=\"https:\/\/neuronup.com\/fr\/wp-content\/uploads\/2025\/05\/Hydratation-et-attention-limpact-clinique-dune-relation-sous-estimee-400x300.webp\" class=\"entry-image size-landscape-sm\" alt=\"Femme buvant un verre d&#039;eau, expression concentr\u00e9e, pull clair; arri\u00e8re-plan flou mettant en valeur le geste d&#039;hydratation.\" srcset=\"https:\/\/neuronup.com\/fr\/wp-content\/uploads\/2025\/05\/Hydratation-et-attention-limpact-clinique-dune-relation-sous-estimee-400x300.webp 400w, https:\/\/neuronup.com\/fr\/wp-content\/uploads\/2025\/05\/Hydratation-et-attention-limpact-clinique-dune-relation-sous-estimee-800x600.webp 800w\" sizes=\"(max-width:599px) 599px, (min-width:600px) and (max-width: 799px) 799px, (min-width:800px) and (max-width: 999px) 333px, (min-width:1000px) 400px\" \/><\/a><div class=\"entry-wrap entry-wrap-grid\"><h3 class=\"entry-title\" itemprop=\"headline\"><a class=\"entry-title-link\" href=\"https:\/\/neuronup.com\/fr\/investigation\/lignes-de-recherche\/hydratation-et-attention-limpact-clinique-dune-relation-sous-estimee\/\" rel=\"bookmark\">Hydratation et attention : l\u2019impact clinique d\u2019une relation sous-estim\u00e9e<\/a><\/h3>\n<\/div><\/article><article class=\"entry entry-grid is-column has-entry-link has-image has-image-first type-post category-troubles-neuro-developpementaux tag-neuropsychologie tag-troubles-du-neurodeveloppement\" style=\"--entry-index:2;\" aria-label=\"Le neurod\u00e9veloppement : troubles, comorbidit\u00e9 et neuropsychologie infantile\" itemscope itemtype=\"https:\/\/schema.org\/CreativeWork\"><a class=\"entry-image-link\" href=\"https:\/\/neuronup.com\/fr\/actualites-de-la-stimulation-cognitive\/troubles-neuro-developpementaux\/le-neurodeveloppement-troubles-comorbidite-et-neuropsychologie-infantile\/\" tabindex=\"-1\" aria-hidden=\"true\"><img decoding=\"async\" width=\"400\" height=\"267\" src=\"https:\/\/neuronup.com\/fr\/wp-content\/uploads\/2023\/03\/neurodesarrollo-1.webp\" class=\"entry-image size-landscape-sm\" alt=\"Professionnel de sant\u00e9 \u00e0 une table avec un enfant portant des lunettes, jouets color\u00e9s et outils sur la surface.\" srcset=\"https:\/\/neuronup.com\/fr\/wp-content\/uploads\/2023\/03\/neurodesarrollo-1-300x200.webp 300w, https:\/\/neuronup.com\/fr\/wp-content\/uploads\/2023\/03\/neurodesarrollo-1-768x513.webp 768w, https:\/\/neuronup.com\/fr\/wp-content\/uploads\/2023\/03\/neurodesarrollo-1-1024x684.webp 1024w, https:\/\/neuronup.com\/fr\/wp-content\/uploads\/2023\/03\/neurodesarrollo-1.webp 1200w\" sizes=\"(max-width:599px) 599px, (min-width:600px) and (max-width: 799px) 799px, (min-width:800px) and (max-width: 999px) 333px, (min-width:1000px) 400px\" \/><\/a><div class=\"entry-wrap entry-wrap-grid\"><h3 class=\"entry-title\" itemprop=\"headline\"><a class=\"entry-title-link\" href=\"https:\/\/neuronup.com\/fr\/actualites-de-la-stimulation-cognitive\/troubles-neuro-developpementaux\/le-neurodeveloppement-troubles-comorbidite-et-neuropsychologie-infantile\/\" rel=\"bookmark\">Le neurod\u00e9veloppement : troubles, comorbidit\u00e9 et neuropsychologie infantile<\/a><\/h3>\n<\/div><\/article><article class=\"entry entry-grid is-column has-entry-link has-image has-image-first type-post category-lignes-de-recherche tag-attention tag-cerveau\" style=\"--entry-index:3;\" aria-label=\"Br\u00e8ves exposition des bases anatomiques de l&#8217;attention\" itemscope itemtype=\"https:\/\/schema.org\/CreativeWork\"><a class=\"entry-image-link\" href=\"https:\/\/neuronup.com\/fr\/investigation\/lignes-de-recherche\/breves-exposition-des-bases-anatomiques-de-lattention\/\" tabindex=\"-1\" aria-hidden=\"true\"><img decoding=\"async\" width=\"400\" height=\"300\" src=\"https:\/\/neuronup.com\/fr\/wp-content\/uploads\/2024\/11\/depositphotos_21456355-stock-photo-brain-3d-illustration-400x300.webp\" class=\"entry-image size-landscape-sm\" alt=\"Profil de t\u00eate humaine stylis\u00e9 en bleu montrant un cerveau bleu avec zones orange et un motif de circuit imprim\u00e9 en arri\u00e8re-plan.\" \/><\/a><div class=\"entry-wrap entry-wrap-grid\"><h3 class=\"entry-title\" itemprop=\"headline\"><a class=\"entry-title-link\" href=\"https:\/\/neuronup.com\/fr\/investigation\/lignes-de-recherche\/breves-exposition-des-bases-anatomiques-de-lattention\/\" rel=\"bookmark\">Br\u00e8ves exposition des bases anatomiques de l&#8217;attention<\/a><\/h3>\n<\/div><\/article><article class=\"entry entry-grid is-column has-entry-link has-image has-image-first type-post category-maladies-rares tag-maladies-rares\" style=\"--entry-index:4;\" aria-label=\"D\u00e9construction de l&#8217;adr\u00e9noleucodystrophie\" itemscope itemtype=\"https:\/\/schema.org\/CreativeWork\"><a class=\"entry-image-link\" href=\"https:\/\/neuronup.com\/fr\/maladies-rares\/deconstruction-de-ladrenoleucodystrophie\/\" tabindex=\"-1\" aria-hidden=\"true\"><img decoding=\"async\" width=\"400\" height=\"300\" src=\"https:\/\/neuronup.com\/fr\/wp-content\/uploads\/2024\/11\/Deconstruction-de-ladrenoleucodystrophie-1-400x300.webp\" class=\"entry-image size-landscape-sm\" alt=\"Jeune fille aux cheveux boucl\u00e9s allong\u00e9e sur un fond color\u00e9, portant un T-shirt jaune; autour, des avions en papier color\u00e9s.\" srcset=\"https:\/\/neuronup.com\/fr\/wp-content\/uploads\/2024\/11\/Deconstruction-de-ladrenoleucodystrophie-1-400x300.webp 400w, https:\/\/neuronup.com\/fr\/wp-content\/uploads\/2024\/11\/Deconstruction-de-ladrenoleucodystrophie-1-800x600.webp 800w\" sizes=\"(max-width:599px) 599px, (min-width:600px) and (max-width: 799px) 799px, (min-width:800px) and (max-width: 999px) 333px, (min-width:1000px) 400px\" \/><\/a><div class=\"entry-wrap entry-wrap-grid\"><h3 class=\"entry-title\" itemprop=\"headline\"><a class=\"entry-title-link\" href=\"https:\/\/neuronup.com\/fr\/maladies-rares\/deconstruction-de-ladrenoleucodystrophie\/\" rel=\"bookmark\">D\u00e9construction de l&#8217;adr\u00e9noleucodystrophie<\/a><\/h3>\n<\/div><\/article><article class=\"entry entry-grid is-column has-entry-link has-image has-image-first type-post category-neuropsychologie-et-informations tag-enfants tag-fonctions-executives tag-neuropsychologie tag-troubles-du-neurodeveloppement\" style=\"--entry-index:5;\" aria-label=\"Les fonctions ex\u00e9cutives et leur relation avec le processus de lecture et la r\u00e9ussite acad\u00e9mique\" itemscope itemtype=\"https:\/\/schema.org\/CreativeWork\"><a class=\"entry-image-link\" href=\"https:\/\/neuronup.com\/fr\/neurosciences\/neuropsychologie-et-informations\/les-fonctions-executives-et-leur-relation-avec-le-processus-de-lecture-et-le-rendement-academique\/\" tabindex=\"-1\" aria-hidden=\"true\"><img decoding=\"async\" width=\"400\" height=\"300\" src=\"https:\/\/neuronup.com\/fr\/wp-content\/uploads\/2022\/02\/everyone-knows-right-answear-400x300-1-1.webp\" class=\"entry-image size-landscape-sm\" alt=\"Classe scolaire avec \u00e9l\u00e8ves \u00e0 leurs bureaux et enseignante au tableau; d\u00e9corations color\u00e9es et ambiance d&#039;apprentissage.\" srcset=\"https:\/\/neuronup.com\/fr\/wp-content\/uploads\/2022\/02\/everyone-knows-right-answear-400x300-1-1-300x225.webp 300w, https:\/\/neuronup.com\/fr\/wp-content\/uploads\/2022\/02\/everyone-knows-right-answear-400x300-1-1-768x576.webp 768w, https:\/\/neuronup.com\/fr\/wp-content\/uploads\/2022\/02\/everyone-knows-right-answear-400x300-1-1-1024x768.webp 1024w, https:\/\/neuronup.com\/fr\/wp-content\/uploads\/2022\/02\/everyone-knows-right-answear-400x300-1-1.webp 1200w\" sizes=\"(max-width:599px) 599px, (min-width:600px) and (max-width: 799px) 799px, (min-width:800px) and (max-width: 999px) 333px, (min-width:1000px) 400px\" \/><\/a><div class=\"entry-wrap entry-wrap-grid\"><h3 class=\"entry-title\" itemprop=\"headline\"><a class=\"entry-title-link\" href=\"https:\/\/neuronup.com\/fr\/neurosciences\/neuropsychologie-et-informations\/les-fonctions-executives-et-leur-relation-avec-le-processus-de-lecture-et-le-rendement-academique\/\" rel=\"bookmark\">Les fonctions ex\u00e9cutives et leur relation avec le processus de lecture et la r\u00e9ussite acad\u00e9mique<\/a><\/h3>\n<\/div><\/article><article class=\"entry entry-grid is-column has-entry-link has-image has-image-first type-post category-tdah tag-enfants tag-tdah tag-temoignages tag-troubles-du-neuro-developpement\" style=\"--entry-index:6;\" aria-label=\"Intervention cognitive aupr\u00e8s d&#8217;adolescents souffrant de TDAH\" itemscope itemtype=\"https:\/\/schema.org\/CreativeWork\"><a class=\"entry-image-link\" href=\"https:\/\/neuronup.com\/fr\/actualites-de-la-stimulation-cognitive\/troubles-neuro-developpementaux\/tdah\/intervention-cognitive-aupres-dadolescents-souffrant-de-tdah\/\" tabindex=\"-1\" aria-hidden=\"true\"><img decoding=\"async\" width=\"400\" height=\"300\" src=\"https:\/\/neuronup.com\/fr\/wp-content\/uploads\/2024\/11\/Intervention-cognitive-aupres-dadolescents-souffrant-dun-trouble-deficitaire-de-lattention-avec-hyperactivite-type-hyperactif-400x300.webp\" class=\"entry-image size-landscape-sm\" alt=\"Salle de classe montrant un \u00e9l\u00e8ve \u00e0 gauche tenant un t\u00e9l\u00e9phone et un enseignant \u00e9crivant devant le tableau \u00e0 droite.\" srcset=\"https:\/\/neuronup.com\/fr\/wp-content\/uploads\/2024\/11\/Intervention-cognitive-aupres-dadolescents-souffrant-dun-trouble-deficitaire-de-lattention-avec-hyperactivite-type-hyperactif-400x300.webp 400w, https:\/\/neuronup.com\/fr\/wp-content\/uploads\/2024\/11\/Intervention-cognitive-aupres-dadolescents-souffrant-dun-trouble-deficitaire-de-lattention-avec-hyperactivite-type-hyperactif-800x600.webp 800w\" sizes=\"(max-width:599px) 599px, (min-width:600px) and (max-width: 799px) 799px, (min-width:800px) and (max-width: 999px) 333px, (min-width:1000px) 400px\" \/><\/a><div class=\"entry-wrap entry-wrap-grid\"><h3 class=\"entry-title\" itemprop=\"headline\"><a class=\"entry-title-link\" href=\"https:\/\/neuronup.com\/fr\/actualites-de-la-stimulation-cognitive\/troubles-neuro-developpementaux\/tdah\/intervention-cognitive-aupres-dadolescents-souffrant-de-tdah\/\" rel=\"bookmark\">Intervention cognitive aupr\u00e8s d&#8217;adolescents souffrant de TDAH<\/a><\/h3>\n<\/div><\/article><\/div><\/div>","protected":false},"excerpt":{"rendered":"<p>Olalla S\u00e1iz V\u00e1zquez, ergoth\u00e9rapeute et professeure \u00e0 l\u2019Universit\u00e9 de Burgos, pr\u00e9sente avec ses \u00e9tudiantes Naroa Mart\u00ednez Bravo, Goretti Manterola Aldazabal et Marina Labat Garru\u00e9s, un atelier cognitif avec NeuronUP pour la&nbsp;stimulation cognitive des personnes atteintes de scl\u00e9rose en plaques (SEP). Cas clinique Mar\u00eda est une femme de 45 ans, diagnostiqu\u00e9e d\u2019une scl\u00e9rose en plaques r\u00e9mittente-r\u00e9currente &hellip;<\/p>\n","protected":false},"author":180,"featured_media":33637,"comment_status":"open","ping_status":"open","sticky":false,"template":"","format":"standard","meta":{"_acf_changed":false,"_genesis_hide_title":false,"_genesis_hide_breadcrumbs":false,"_genesis_hide_singular_image":false,"_genesis_hide_footer_widgets":false,"_genesis_custom_body_class":"","_genesis_custom_post_class":"","_genesis_layout":"","footnotes":""},"categories":[581],"tags":[694,645],"class_list":{"2":"type-post","7":"category-sclerose-en-plaques","8":"tag-activites-de-stimulation-cognitive","9":"tag-sclerose-en-plaques","10":"entry"},"acf":[],"_links":{"self":[{"href":"https:\/\/neuronup.com\/fr\/wp-json\/wp\/v2\/posts\/40910","targetHints":{"allow":["GET"]}}],"collection":[{"href":"https:\/\/neuronup.com\/fr\/wp-json\/wp\/v2\/posts"}],"about":[{"href":"https:\/\/neuronup.com\/fr\/wp-json\/wp\/v2\/types\/post"}],"author":[{"embeddable":true,"href":"https:\/\/neuronup.com\/fr\/wp-json\/wp\/v2\/users\/180"}],"replies":[{"embeddable":true,"href":"https:\/\/neuronup.com\/fr\/wp-json\/wp\/v2\/comments?post=40910"}],"version-history":[{"count":0,"href":"https:\/\/neuronup.com\/fr\/wp-json\/wp\/v2\/posts\/40910\/revisions"}],"wp:featuredmedia":[{"embeddable":true,"href":"https:\/\/neuronup.com\/fr\/wp-json\/wp\/v2\/media\/33637"}],"wp:attachment":[{"href":"https:\/\/neuronup.com\/fr\/wp-json\/wp\/v2\/media?parent=40910"}],"wp:term":[{"taxonomy":"category","embeddable":true,"href":"https:\/\/neuronup.com\/fr\/wp-json\/wp\/v2\/categories?post=40910"},{"taxonomy":"post_tag","embeddable":true,"href":"https:\/\/neuronup.com\/fr\/wp-json\/wp\/v2\/tags?post=40910"}],"curies":[{"name":"wp","href":"https:\/\/api.w.org\/{rel}","templated":true}]}}