{"id":40580,"date":"2025-08-18T09:02:42","date_gmt":"2025-08-18T09:02:42","guid":{"rendered":"https:\/\/neuronup.com\/?p=33735"},"modified":"2025-08-18T09:02:42","modified_gmt":"2025-08-18T09:02:42","slug":"confabulation-modeles-theoriques-temporalite-et-modeles-de-recuperation","status":"publish","type":"post","link":"https:\/\/neuronup.com\/fr\/neurosciences\/neuropsychologie-et-informations\/memoire\/confabulation-modeles-theoriques-temporalite-et-modeles-de-recuperation\/","title":{"rendered":"Le ph\u00e9nom\u00e8ne de la confabulation (Vol. II) : mod\u00e8les th\u00e9oriques"},"content":{"rendered":"\n<ul class=\"wp-block-list\"><li><strong>Processus de description<\/strong>, qui pr\u00e9cisent le type de trace r\u00e9pondant aux exigences de la t\u00e2che de r\u00e9cup\u00e9ration<\/li>\n<li><strong>Processus d\u2019\u00e9dition des souvenirs<\/strong>, qui v\u00e9rifient en continu que les diff\u00e9rents souvenirs r\u00e9cup\u00e9r\u00e9s sont coh\u00e9rents entre eux et r\u00e9pondent \u00e9galement aux exigences de la t\u00e2che<\/li>\n<li><strong>Processus m\u00e9diateurs<\/strong>, qui sont des proc\u00e9dures g\u00e9n\u00e9rales de strat\u00e9gie et de r\u00e9solution de probl\u00e8mes intervenant dans la supervision de la pertinence et de la plausibilit\u00e9 des souvenirs r\u00e9cup\u00e9r\u00e9s mais qui, en elles-m\u00eames, ne constituent pas des processus sp\u00e9cifiques de la m\u00e9moire.<\/li><\/ul>\n\n\n\n<p>Selon cette proposition, les d\u00e9ficits dans les processus de description, d\u2019\u00e9dition et de m\u00e9diation donneront lieu \u00e0 diff\u00e9rents types de confabulation.<\/p>\n\n\n\n<h4 class=\"wp-block-heading\">Limitations des mod\u00e8les de r\u00e9cup\u00e9ration<\/h4>\n\n\n\n<p>Comme indiqu\u00e9, ces mod\u00e8les permettraient de pr\u00e9voir une performance moindre dans les t\u00e2ches de rappel que dans celles de reconnaissance, ainsi qu\u2019une alt\u00e9ration de processus ex\u00e9cutifs sp\u00e9cifiques tels que l\u2019initiation de r\u00e9ponses (de recherche) et des difficult\u00e9s de supervision et d\u2019inhibition de r\u00e9ponses inappropri\u00e9es [1].<\/p>\n\n\n\n<p>Cependant, les diff\u00e9rentes \u00e9tudes sur les corr\u00e9lats neuropsychologiques des confabulations ne sont pas coh\u00e9rentes, de sorte que, bien que les preuves semblent indiquer que le ph\u00e9nom\u00e8ne des confabulations implique \u00e0 la fois des d\u00e9ficits mn\u00e9siques et ex\u00e9cutifs, il n\u2019a pas encore \u00e9t\u00e9 suffisamment clarifi\u00e9 \u00e0 quels processus pr\u00e9cis dans ces fonctions la confabulation est due [1, 4].<\/p>\n\n\n\n<h2 class=\"wp-block-heading\">Bibliographie<\/h2>\n\n\n\n<ul class=\"wp-block-list has-sm-font-size\"><li>[1] Lorente-Rovira E, McKenna P, Berrios G, Villagr\u00e1n-Moreno JM, Moro-Ipola M (2011). Confabulations II : mod\u00e8les explicatifs. <em>Actas EspPsiquiatr<\/em>, 39(6) : 384-92.<\/li>\n<li>[2] Glowinski R, Payman V &amp; Frencham, K. (2008). Confabulation: a spontaneous and fantastic review. <em>Australian and New Zealand Journal of Psychiatry<\/em>, 42 : 932-940.<\/li>\n<li>[3] Metcalf K, Langdon R, Coltheart M. (2007). Models of confabulation: a critical review and a new framework. <em>CognNeuropsychol<\/em>, 24(1) : 23-47.<\/li>\n<li>[4] Lorente-Rovira E, McKenna PJ, Berrios GE, Moro M, Villagr\u00e1n JM (2011). Confabulaciones (I) : Concepto, clasificaci\u00f3n y neuropatolog\u00eda. <em>Actas EspPsiquiatr<\/em>, 39 : 251-9.<\/li><\/ul>\n\n\n\n<h3 class=\"wp-block-heading\">Si ce billet sur le ph\u00e9nom\u00e8ne de la confabulation vous a plu, ces articles de NeuronUP pourraient vous int\u00e9resser.<\/h3>\n\n<div class=\"mai-grid entries entries-grid has-boxed has-image-full\" style=\"--entry-title-font-size:var(--font-size-lg);--align-text:start;--entry-meta-text-align:start;\"><div class=\"entries-wrap has-columns\" style=\"--columns-xs:1\/1;--columns-sm:1\/1;--columns-md:1\/3;--columns-lg:1\/3;--flex-xs:0 0 var(--flex-basis);--flex-sm:0 0 var(--flex-basis);--flex-md:0 0 var(--flex-basis);--flex-lg:0 0 var(--flex-basis);--column-gap:var(--spacing-lg);--row-gap:var(--spacing-lg);--align-columns:start;\"><article class=\"entry entry-grid is-column has-entry-link has-image has-image-first type-post category-alzheimer tag-maladie-dalzheimer tag-maladies-neurodegeneratives tag-personnes-agees\" style=\"--entry-index:1;\" aria-label=\"CEAFA revendique la valeur de l\u2019aidant des personnes atteintes de la maladie d\u2019Alzheimer\" itemscope itemtype=\"https:\/\/schema.org\/CreativeWork\"><a class=\"entry-image-link\" href=\"https:\/\/neuronup.com\/fr\/actualites-de-la-stimulation-cognitive\/maladies-neurodegeneratives\/alzheimer\/aidant-des-personnes-atteintes-dalzheimer\/\" tabindex=\"-1\" aria-hidden=\"true\"><img decoding=\"async\" width=\"211\" height=\"300\" src=\"https:\/\/neuronup.com\/fr\/wp-content\/uploads\/2021\/10\/cuidador-de-las-personas-con-Alzheimer-1.webp\" class=\"entry-image size-landscape-sm\" alt=\"Affichage promotionnel Journ\u00e9e mondiale de l\u2019Alzheimer : logo c\u0153ur avec C, texte DE CUIDADOR et CON &#039;C&#039; DE CEAPA, fond clair.\" srcset=\"https:\/\/neuronup.com\/fr\/wp-content\/uploads\/2021\/10\/cuidador-de-las-personas-con-Alzheimer-1-211x300.webp 211w, https:\/\/neuronup.com\/fr\/wp-content\/uploads\/2021\/10\/cuidador-de-las-personas-con-Alzheimer-1-720x1024.webp 720w, https:\/\/neuronup.com\/fr\/wp-content\/uploads\/2021\/10\/cuidador-de-las-personas-con-Alzheimer-1.webp 768w\" sizes=\"(max-width:599px) 599px, (min-width:600px) and (max-width: 799px) 799px, (min-width:800px) and (max-width: 999px) 333px, (min-width:1000px) 400px\" \/><\/a><div class=\"entry-wrap entry-wrap-grid\"><h3 class=\"entry-title\" itemprop=\"headline\"><a class=\"entry-title-link\" href=\"https:\/\/neuronup.com\/fr\/actualites-de-la-stimulation-cognitive\/maladies-neurodegeneratives\/alzheimer\/aidant-des-personnes-atteintes-dalzheimer\/\" rel=\"bookmark\">CEAFA revendique la valeur de l\u2019aidant des personnes atteintes de la maladie d\u2019Alzheimer<\/a><\/h3>\n<\/div><\/article><article class=\"entry entry-grid is-column has-entry-link has-image has-image-first type-post category-neuropsychologie-et-informations tag-emotions tag-intelligence-emotionnelle tag-neuropsychologie\" style=\"--entry-index:2;\" aria-label=\"La r\u00e9gulation \u00e9motionnelle du point de vue de la neuropsychologie\" itemscope itemtype=\"https:\/\/schema.org\/CreativeWork\"><a class=\"entry-image-link\" href=\"https:\/\/neuronup.com\/fr\/neurosciences\/neuropsychologie-et-informations\/la-regulation-emotionnelle-en-neuropsychologie\/\" tabindex=\"-1\" aria-hidden=\"true\"><img decoding=\"async\" width=\"400\" height=\"267\" src=\"https:\/\/neuronup.com\/fr\/wp-content\/uploads\/2024\/09\/mujer-joven-triste-con-problemas-emocionales.webp\" class=\"entry-image size-landscape-sm\" alt=\"Jeune femme aux cheveux boucl\u00e9s allong\u00e9e sur un lit, recroquevill\u00e9e, tenant un coussin, expression pensive dans un cadre apaisant.\" srcset=\"https:\/\/neuronup.com\/fr\/wp-content\/uploads\/2024\/09\/mujer-joven-triste-con-problemas-emocionales-300x200.webp 300w, https:\/\/neuronup.com\/fr\/wp-content\/uploads\/2024\/09\/mujer-joven-triste-con-problemas-emocionales-768x512.webp 768w, https:\/\/neuronup.com\/fr\/wp-content\/uploads\/2024\/09\/mujer-joven-triste-con-problemas-emocionales-1024x683.webp 1024w, https:\/\/neuronup.com\/fr\/wp-content\/uploads\/2024\/09\/mujer-joven-triste-con-problemas-emocionales.webp 1200w\" sizes=\"(max-width:599px) 599px, (min-width:600px) and (max-width: 799px) 799px, (min-width:800px) and (max-width: 999px) 333px, (min-width:1000px) 400px\" \/><\/a><div class=\"entry-wrap entry-wrap-grid\"><h3 class=\"entry-title\" itemprop=\"headline\"><a class=\"entry-title-link\" href=\"https:\/\/neuronup.com\/fr\/neurosciences\/neuropsychologie-et-informations\/la-regulation-emotionnelle-en-neuropsychologie\/\" rel=\"bookmark\">La r\u00e9gulation \u00e9motionnelle du point de vue de la neuropsychologie<\/a><\/h3>\n<\/div><\/article><article class=\"entry entry-grid is-column has-entry-link has-image has-image-first type-post category-activites-de-gnosies tag-gnosies-visuelles\" style=\"--entry-index:3;\" aria-label=\"Feuille de travail: Identifier une forme dans un ensemble\" itemscope itemtype=\"https:\/\/schema.org\/CreativeWork\"><a class=\"entry-image-link\" href=\"https:\/\/neuronup.com\/fr\/activites-de-neuro-reeducation\/activites-pour-les-fonctions-cognitives\/activites-de-gnosies\/feuille-de-travail-identifier-une-forme-dans-un-ensemble\/\" tabindex=\"-1\" aria-hidden=\"true\"><img decoding=\"async\" width=\"400\" height=\"300\" src=\"https:\/\/neuronup.com\/fr\/wp-content\/uploads\/2024\/11\/Identifier-une-forme-dans-un-ensemble.-1-400x300.webp\" class=\"entry-image size-landscape-sm\" alt=\"Exercice visuel avec plusieurs formes color\u00e9es et une forme verte isol\u00e9e, invitation \u00e0 rep\u00e9rer si elle correspond \u00e0 une autre.\" srcset=\"https:\/\/neuronup.com\/fr\/wp-content\/uploads\/2024\/11\/Identifier-une-forme-dans-un-ensemble.-1-400x300.webp 400w, https:\/\/neuronup.com\/fr\/wp-content\/uploads\/2024\/11\/Identifier-une-forme-dans-un-ensemble.-1-800x600.webp 800w\" sizes=\"(max-width:599px) 599px, (min-width:600px) and (max-width: 799px) 799px, (min-width:800px) and (max-width: 999px) 333px, (min-width:1000px) 400px\" \/><\/a><div class=\"entry-wrap entry-wrap-grid\"><h3 class=\"entry-title\" itemprop=\"headline\"><a class=\"entry-title-link\" href=\"https:\/\/neuronup.com\/fr\/activites-de-neuro-reeducation\/activites-pour-les-fonctions-cognitives\/activites-de-gnosies\/feuille-de-travail-identifier-une-forme-dans-un-ensemble\/\" rel=\"bookmark\">Feuille de travail: Identifier une forme dans un ensemble<\/a><\/h3>\n<\/div><\/article><article class=\"entry entry-grid is-column has-entry-link has-image has-image-first type-post category-trouble-de-la-personnalite tag-enfants\" style=\"--entry-index:4;\" aria-label=\"Dysphorie de genre chez l\u2019enfant et l\u2019adolescent. Traitements et cons\u00e9quences psychosociales\" itemscope itemtype=\"https:\/\/schema.org\/CreativeWork\"><a class=\"entry-image-link\" href=\"https:\/\/neuronup.com\/fr\/neurosciences\/cerveau\/trouble-de-la-personnalite\/dysphorie-de-genre-pendant-lenfance-et-ladolescence\/\" tabindex=\"-1\" aria-hidden=\"true\"><img decoding=\"async\" width=\"400\" height=\"225\" src=\"https:\/\/neuronup.com\/fr\/wp-content\/uploads\/2022\/03\/Disforia-de-genero-en-la-infancia-y-la-adolescencia.webp\" class=\"entry-image size-landscape-sm\" alt=\"Deux repr\u00e9sentations d&#039;une jeune femme: gauche, miroir et cheveux courts; droite, cheveux longs et pull rose, fond bleu clair.\" srcset=\"https:\/\/neuronup.com\/fr\/wp-content\/uploads\/2022\/03\/Disforia-de-genero-en-la-infancia-y-la-adolescencia-300x169.webp 300w, https:\/\/neuronup.com\/fr\/wp-content\/uploads\/2022\/03\/Disforia-de-genero-en-la-infancia-y-la-adolescencia-768x432.webp 768w, https:\/\/neuronup.com\/fr\/wp-content\/uploads\/2022\/03\/Disforia-de-genero-en-la-infancia-y-la-adolescencia-1024x576.webp 1024w, https:\/\/neuronup.com\/fr\/wp-content\/uploads\/2022\/03\/Disforia-de-genero-en-la-infancia-y-la-adolescencia.webp 1200w\" sizes=\"(max-width:599px) 599px, (min-width:600px) and (max-width: 799px) 799px, (min-width:800px) and (max-width: 999px) 333px, (min-width:1000px) 400px\" \/><\/a><div class=\"entry-wrap entry-wrap-grid\"><h3 class=\"entry-title\" itemprop=\"headline\"><a class=\"entry-title-link\" href=\"https:\/\/neuronup.com\/fr\/neurosciences\/cerveau\/trouble-de-la-personnalite\/dysphorie-de-genre-pendant-lenfance-et-ladolescence\/\" rel=\"bookmark\">Dysphorie de genre chez l\u2019enfant et l\u2019adolescent. Traitements et cons\u00e9quences psychosociales<\/a><\/h3>\n<\/div><\/article><article class=\"entry entry-grid is-column has-entry-link has-image has-image-first type-post category-cerveau tag-attention tag-cerveau tag-neuronup\" style=\"--entry-index:5;\" aria-label=\"L\u2019attention altern\u00e9e et ses formes de r\u00e9\u00e9ducation\" itemscope itemtype=\"https:\/\/schema.org\/CreativeWork\"><a class=\"entry-image-link\" href=\"https:\/\/neuronup.com\/fr\/neurosciences\/cerveau\/reeducation-de-lattention-alternee\/\" tabindex=\"-1\" aria-hidden=\"true\"><img decoding=\"async\" width=\"400\" height=\"300\" src=\"https:\/\/neuronup.com\/fr\/wp-content\/uploads\/2021\/10\/Lattention-alternee-et-ses-formes-de-reeducations-1-400x300.webp\" class=\"entry-image size-landscape-sm\" alt=\"Femme tenant un b\u00e9b\u00e9 et parlant au t\u00e9l\u00e9phone dans une cuisine; table avec aliments vari\u00e9s illustrant l\u2019attention altern\u00e9e.\" srcset=\"https:\/\/neuronup.com\/fr\/wp-content\/uploads\/2021\/10\/Lattention-alternee-et-ses-formes-de-reeducations-1-400x300.webp 400w, https:\/\/neuronup.com\/fr\/wp-content\/uploads\/2021\/10\/Lattention-alternee-et-ses-formes-de-reeducations-1-800x600.webp 800w\" sizes=\"(max-width:599px) 599px, (min-width:600px) and (max-width: 799px) 799px, (min-width:800px) and (max-width: 999px) 333px, (min-width:1000px) 400px\" \/><\/a><div class=\"entry-wrap entry-wrap-grid\"><h3 class=\"entry-title\" itemprop=\"headline\"><a class=\"entry-title-link\" href=\"https:\/\/neuronup.com\/fr\/neurosciences\/cerveau\/reeducation-de-lattention-alternee\/\" rel=\"bookmark\">L\u2019attention altern\u00e9e et ses formes de r\u00e9\u00e9ducation<\/a><\/h3>\n<\/div><\/article><article class=\"entry entry-grid is-column has-entry-link has-image has-image-first type-post category-troubles-neuro-developpementaux tag-enfants tag-troubles-du-neurodeveloppement\" style=\"--entry-index:6;\" aria-label=\"Troubles du neurod\u00e9veloppement et perspective de genre : cl\u00e9s pour un diagnostic et une intervention plus \u00e9quitables\" itemscope itemtype=\"https:\/\/schema.org\/CreativeWork\"><a class=\"entry-image-link\" href=\"https:\/\/neuronup.com\/fr\/actualites-de-la-stimulation-cognitive\/troubles-neuro-developpementaux\/troubles-du-neurodeveloppement-et-perspective-de-genre-clefs-pour-un-diagnostic-et-une-intervention-plus-equitables\/\" tabindex=\"-1\" aria-hidden=\"true\"><img decoding=\"async\" width=\"400\" height=\"267\" src=\"https:\/\/neuronup.com\/fr\/wp-content\/uploads\/2025\/08\/Trastornos-del-neurodesarrollo-y-perspectiva-de-genero-claves-para-un-diagnostico-e-intervencion-mas-equitativos-.webp\" class=\"entry-image size-landscape-sm\" alt=\"Jeune fille devant un ordinateur dans une biblioth\u00e8que: m\u00e9lancolie face aux troubles du neurod\u00e9veloppement et du genre.\" srcset=\"https:\/\/neuronup.com\/fr\/wp-content\/uploads\/2025\/08\/Trastornos-del-neurodesarrollo-y-perspectiva-de-genero-claves-para-un-diagnostico-e-intervencion-mas-equitativos--300x200.webp 300w, https:\/\/neuronup.com\/fr\/wp-content\/uploads\/2025\/08\/Trastornos-del-neurodesarrollo-y-perspectiva-de-genero-claves-para-un-diagnostico-e-intervencion-mas-equitativos--768x512.webp 768w, https:\/\/neuronup.com\/fr\/wp-content\/uploads\/2025\/08\/Trastornos-del-neurodesarrollo-y-perspectiva-de-genero-claves-para-un-diagnostico-e-intervencion-mas-equitativos--1024x683.webp 1024w, https:\/\/neuronup.com\/fr\/wp-content\/uploads\/2025\/08\/Trastornos-del-neurodesarrollo-y-perspectiva-de-genero-claves-para-un-diagnostico-e-intervencion-mas-equitativos-.webp 1200w\" sizes=\"(max-width:599px) 599px, (min-width:600px) and (max-width: 799px) 799px, (min-width:800px) and (max-width: 999px) 333px, (min-width:1000px) 400px\" \/><\/a><div class=\"entry-wrap entry-wrap-grid\"><h3 class=\"entry-title\" itemprop=\"headline\"><a class=\"entry-title-link\" href=\"https:\/\/neuronup.com\/fr\/actualites-de-la-stimulation-cognitive\/troubles-neuro-developpementaux\/troubles-du-neurodeveloppement-et-perspective-de-genre-clefs-pour-un-diagnostic-et-une-intervention-plus-equitables\/\" rel=\"bookmark\">Troubles du neurod\u00e9veloppement et perspective de genre : cl\u00e9s pour un diagnostic et une intervention plus \u00e9quitables<\/a><\/h3>\n<\/div><\/article><\/div><\/div><!-- \/wp:list -->\n\n<!-- wp:list -->\n<ul class=\"wp-block-list\"><!-- wp:list-item --><li><strong>Burgess et Shallice<\/strong> ont \u00e9labor\u00e9 leur explication des confabulations \u00e0 partir de l\u2019analyse des protocoles de souvenirs autobiographiques de volontaires sains, et proposent que la dysfonction du contexte temporel fasse partie du processus de surveillance et d\u2019\u00e9valuation.<\/li><\/ul>\n<!-- \/wp:list-item -->\n\n<!-- wp:paragraph -->\n<p>Dans leur <strong>mod\u00e8le de r\u00e9cup\u00e9ration strat\u00e9gique<\/strong>, ils identifient trois composantes :<\/p>\n<!-- \/wp:paragraph -->\n\n<!-- wp:list -->\n<ul class=\"wp-block-list\"><!-- wp:list-item --><li><strong>Processus de description<\/strong>, qui pr\u00e9cisent le type de trace r\u00e9pondant aux exigences de la t\u00e2che de r\u00e9cup\u00e9ration<\/li>\n<!-- \/wp:list-item --><!-- wp:list-item --><li><strong>Processus d\u2019\u00e9dition des souvenirs<\/strong>, qui v\u00e9rifient en continu que les diff\u00e9rents souvenirs r\u00e9cup\u00e9r\u00e9s sont coh\u00e9rents entre eux et r\u00e9pondent \u00e9galement aux exigences de la t\u00e2che<\/li>\n<!-- \/wp:list-item --><!-- wp:list-item --><li><strong>Processus m\u00e9diateurs<\/strong>, qui sont des proc\u00e9dures g\u00e9n\u00e9rales de strat\u00e9gie et de r\u00e9solution de probl\u00e8mes intervenant dans la supervision de la pertinence et de la plausibilit\u00e9 des souvenirs r\u00e9cup\u00e9r\u00e9s mais qui, en elles-m\u00eames, ne constituent pas des processus sp\u00e9cifiques de la m\u00e9moire.<\/li><\/ul>\n<!-- \/wp:list -->\n\n<!-- wp:paragraph -->\n<p>Selon cette proposition, les d\u00e9ficits dans les processus de description, d\u2019\u00e9dition et de m\u00e9diation donneront lieu \u00e0 diff\u00e9rents types de confabulation.<\/p>\n<!-- \/wp:paragraph -->\n\n<!-- wp:heading {\"level\":4} -->\n<h4 class=\"wp-block-heading\">Limitations des mod\u00e8les de r\u00e9cup\u00e9ration<\/h4>\n<!-- \/wp:heading -->\n\n<!-- wp:paragraph -->\n<p>Comme indiqu\u00e9, ces mod\u00e8les permettraient de pr\u00e9voir une performance moindre dans les t\u00e2ches de rappel que dans celles de reconnaissance, ainsi qu\u2019une alt\u00e9ration de processus ex\u00e9cutifs sp\u00e9cifiques tels que l\u2019initiation de r\u00e9ponses (de recherche) et des difficult\u00e9s de supervision et d\u2019inhibition de r\u00e9ponses inappropri\u00e9es [1].<\/p>\n<!-- \/wp:paragraph -->\n\n<!-- wp:paragraph -->\n<p>Cependant, les diff\u00e9rentes \u00e9tudes sur les corr\u00e9lats neuropsychologiques des confabulations ne sont pas coh\u00e9rentes, de sorte que, bien que les preuves semblent indiquer que le ph\u00e9nom\u00e8ne des confabulations implique \u00e0 la fois des d\u00e9ficits mn\u00e9siques et ex\u00e9cutifs, il n\u2019a pas encore \u00e9t\u00e9 suffisamment clarifi\u00e9 \u00e0 quels processus pr\u00e9cis dans ces fonctions la confabulation est due [1, 4].<\/p>\n<!-- \/wp:paragraph -->\n\n<!-- wp:heading -->\n<h2 class=\"wp-block-heading\">Bibliographie<\/h2>\n<!-- \/wp:heading -->\n\n<!-- wp:list {\"fontSize\":\"sm\"} -->\n<ul class=\"wp-block-list has-sm-font-size\"><!-- wp:list-item --><li>[1] Lorente-Rovira E, McKenna P, Berrios G, Villagr\u00e1n-Moreno JM, Moro-Ipola M (2011). Confabulations II : mod\u00e8les explicatifs. <em>Actas EspPsiquiatr<\/em>, 39(6) : 384-92.<\/li>\n<!-- \/wp:list-item --><!-- wp:list-item --><li>[2] Glowinski R, Payman V &amp; Frencham, K. (2008). Confabulation: a spontaneous and fantastic review. <em>Australian and New Zealand Journal of Psychiatry<\/em>, 42 : 932-940.<\/li>\n<!-- \/wp:list-item --><!-- wp:list-item --><li>[3] Metcalf K, Langdon R, Coltheart M. (2007). Models of confabulation: a critical review and a new framework. <em>CognNeuropsychol<\/em>, 24(1) : 23-47.<\/li>\n<!-- \/wp:list-item --><!-- wp:list-item --><li>[4] Lorente-Rovira E, McKenna PJ, Berrios GE, Moro M, Villagr\u00e1n JM (2011). Confabulaciones (I) : Concepto, clasificaci\u00f3n y neuropatolog\u00eda. <em>Actas EspPsiquiatr<\/em>, 39 : 251-9.<\/li><\/ul>\n<!-- \/wp:list -->\n\n<!-- wp:heading {\"level\":3} -->\n<h3 class=\"wp-block-heading\">Si ce billet sur le ph\u00e9nom\u00e8ne de la confabulation vous a plu, ces articles de NeuronUP pourraient vous int\u00e9resser.<\/h3>\n<!-- \/wp:heading -->\n<!-- wp:acf\/mai-post-grid {\"name\":\"acf\/mai-post-grid\",\"data\":{\"mai_post_grid_clone\":{\"mai_grid_block_show\":[\"image\",\"title\"],\"mai_grid_block_title_size\":\"lg\",\"mai_grid_block_image_orientation\":\"landscape\",\"mai_grid_block_image_position\":\"full\",\"mai_grid_block_align_text\":\"start\",\"mai_grid_block_boxed\":\"1\",\"mai_grid_block_border_radius\":\"\",\"mai_grid_block_columns\":\"3\",\"mai_grid_block_columns_responsive\":\"0\",\"mai_grid_block_align_columns\":\"start\",\"mai_grid_block_align_columns_vertical\":\"\",\"mai_grid_block_column_gap\":\"lg\",\"mai_grid_block_row_gap\":\"lg\",\"mai_grid_block_margin_top\":\"\",\"mai_grid_block_margin_bottom\":\"\",\"mai_grid_block_post_type\":[\"post\"],\"mai_grid_block_query_by\":\"\",\"mai_grid_block_posts_per_page\":\"6\",\"mai_grid_block_posts_offset\":\"0\",\"mai_grid_block_posts_date_after\":\"\",\"mai_grid_block_posts_date_before\":\"\",\"mai_grid_block_posts_orderby\":\"rand\",\"mai_grid_block_posts_order\":\"DESC\",\"mai_grid_block_post_not_in\":\"\",\"mai_grid_block_posts_exclude\":[\"exclude_current\"],\"mai_grid_block_disable_entry_link\":\"0\",\"mai_grid_block_no_results\":\"\"}},\"mode\":\"preview\"} \/--><!-- \/wp:post-content --><!-- \/wp:list -->\n\n<!-- wp:list -->\n<ul class=\"wp-block-list\"><!-- wp:list-item --><li>D\u00e9finir le mode de r\u00e9cup\u00e9ration.<\/li>\n<!-- \/wp:list-item --><!-- wp:list-item --><li>Utiliser les connaissances g\u00e9n\u00e9rales et personnelles pour cibler la recherche.<\/li>\n<!-- \/wp:list-item --><!-- wp:list-item --><li>Superviser, ce qui implique d\u2019\u00e9valuer et de v\u00e9rifier la pr\u00e9cision du souvenir r\u00e9cup\u00e9r\u00e9.<\/li>\n<!-- \/wp:list-item --><!-- wp:list-item --><li>Situer le souvenir r\u00e9cup\u00e9r\u00e9 dans le contexte spatio-temporel appropri\u00e9 par rapport \u00e0 d\u2019autres \u00e9v\u00e9nements.<\/li><\/ul>\n<!-- \/wp:list-item -->\n\n<!-- wp:paragraph -->\n<p>De cette mani\u00e8re, des erreurs dans la r\u00e9cup\u00e9ration d\u00e9pendante de cl\u00e9s pourraient conduire \u00e0 des confabulations, mais ne sont pas une condition n\u00e9cessaire \u00e0 leur manifestation. Chez les patients confabulateurs, c\u2019est souvent le lancement du processus de r\u00e9cup\u00e9ration strat\u00e9gique qui fait d\u00e9faut, mais divers dysfonctionnements dans les autres sous-processus pourraient \u00e9galement conduire \u00e0 diff\u00e9rents types de confabulations, expliquant ainsi, selon ce mod\u00e8le, tant les confabulations spontan\u00e9es que provoqu\u00e9es.<\/p>\n<!-- \/wp:paragraph -->\n\n<!-- wp:list -->\n<ul class=\"wp-block-list\"><!-- wp:list-item --><li><strong>Burgess et Shallice<\/strong> ont \u00e9labor\u00e9 leur explication des confabulations \u00e0 partir de l\u2019analyse des protocoles de souvenirs autobiographiques de volontaires sains, et proposent que la dysfonction du contexte temporel fasse partie du processus de surveillance et d\u2019\u00e9valuation.<\/li><\/ul>\n<!-- \/wp:list -->\n\n<!-- wp:paragraph -->\n<p>Dans leur <strong>mod\u00e8le de r\u00e9cup\u00e9ration strat\u00e9gique<\/strong>, ils identifient trois composantes :<\/p>\n<!-- \/wp:paragraph -->\n\n<!-- wp:list -->\n<ul class=\"wp-block-list\"><!-- wp:list-item --><li><strong>Processus de description<\/strong>, qui pr\u00e9cisent le type de trace r\u00e9pondant aux exigences de la t\u00e2che de r\u00e9cup\u00e9ration<\/li>\n<!-- \/wp:list-item --><!-- wp:list-item --><li><strong>Processus d\u2019\u00e9dition des souvenirs<\/strong>, qui v\u00e9rifient en continu que les diff\u00e9rents souvenirs r\u00e9cup\u00e9r\u00e9s sont coh\u00e9rents entre eux et r\u00e9pondent \u00e9galement aux exigences de la t\u00e2che<\/li>\n<!-- \/wp:list-item --><!-- wp:list-item --><li><strong>Processus m\u00e9diateurs<\/strong>, qui sont des proc\u00e9dures g\u00e9n\u00e9rales de strat\u00e9gie et de r\u00e9solution de probl\u00e8mes intervenant dans la supervision de la pertinence et de la plausibilit\u00e9 des souvenirs r\u00e9cup\u00e9r\u00e9s mais qui, en elles-m\u00eames, ne constituent pas des processus sp\u00e9cifiques de la m\u00e9moire.<\/li><\/ul>\n<!-- \/wp:list -->\n\n<!-- wp:paragraph -->\n<p>Selon cette proposition, les d\u00e9ficits dans les processus de description, d\u2019\u00e9dition et de m\u00e9diation donneront lieu \u00e0 diff\u00e9rents types de confabulation.<\/p>\n<!-- \/wp:paragraph -->\n\n<!-- wp:heading {\"level\":4} -->\n<h4 class=\"wp-block-heading\">Limitations des mod\u00e8les de r\u00e9cup\u00e9ration<\/h4>\n<!-- \/wp:heading -->\n\n<!-- wp:paragraph -->\n<p>Comme indiqu\u00e9, ces mod\u00e8les permettraient de pr\u00e9voir une performance moindre dans les t\u00e2ches de rappel que dans celles de reconnaissance, ainsi qu\u2019une alt\u00e9ration de processus ex\u00e9cutifs sp\u00e9cifiques tels que l\u2019initiation de r\u00e9ponses (de recherche) et des difficult\u00e9s de supervision et d\u2019inhibition de r\u00e9ponses inappropri\u00e9es [1].<\/p>\n<!-- \/wp:paragraph -->\n\n<!-- wp:paragraph -->\n<p>Cependant, les diff\u00e9rentes \u00e9tudes sur les corr\u00e9lats neuropsychologiques des confabulations ne sont pas coh\u00e9rentes, de sorte que, bien que les preuves semblent indiquer que le ph\u00e9nom\u00e8ne des confabulations implique \u00e0 la fois des d\u00e9ficits mn\u00e9siques et ex\u00e9cutifs, il n\u2019a pas encore \u00e9t\u00e9 suffisamment clarifi\u00e9 \u00e0 quels processus pr\u00e9cis dans ces fonctions la confabulation est due [1, 4].<\/p>\n<!-- \/wp:paragraph -->\n\n<!-- wp:heading -->\n<h2 class=\"wp-block-heading\">Bibliographie<\/h2>\n<!-- \/wp:heading -->\n\n<!-- wp:list {\"fontSize\":\"sm\"} -->\n<ul class=\"wp-block-list has-sm-font-size\"><!-- wp:list-item --><li>[1] Lorente-Rovira E, McKenna P, Berrios G, Villagr\u00e1n-Moreno JM, Moro-Ipola M (2011). Confabulations II : mod\u00e8les explicatifs. <em>Actas EspPsiquiatr<\/em>, 39(6) : 384-92.<\/li>\n<!-- \/wp:list-item --><!-- wp:list-item --><li>[2] Glowinski R, Payman V &amp; Frencham, K. (2008). Confabulation: a spontaneous and fantastic review. <em>Australian and New Zealand Journal of Psychiatry<\/em>, 42 : 932-940.<\/li>\n<!-- \/wp:list-item --><!-- wp:list-item --><li>[3] Metcalf K, Langdon R, Coltheart M. (2007). Models of confabulation: a critical review and a new framework. <em>CognNeuropsychol<\/em>, 24(1) : 23-47.<\/li>\n<!-- \/wp:list-item --><!-- wp:list-item --><li>[4] Lorente-Rovira E, McKenna PJ, Berrios GE, Moro M, Villagr\u00e1n JM (2011). Confabulaciones (I) : Concepto, clasificaci\u00f3n y neuropatolog\u00eda. <em>Actas EspPsiquiatr<\/em>, 39 : 251-9.<\/li><\/ul>\n<!-- \/wp:list -->\n\n<!-- wp:heading {\"level\":3} -->\n<h3 class=\"wp-block-heading\">Si ce billet sur le ph\u00e9nom\u00e8ne de la confabulation vous a plu, ces articles de NeuronUP pourraient vous int\u00e9resser.<\/h3>\n<!-- \/wp:heading -->\n<!-- wp:acf\/mai-post-grid {\"name\":\"acf\/mai-post-grid\",\"data\":{\"mai_post_grid_clone\":{\"mai_grid_block_show\":[\"image\",\"title\"],\"mai_grid_block_title_size\":\"lg\",\"mai_grid_block_image_orientation\":\"landscape\",\"mai_grid_block_image_position\":\"full\",\"mai_grid_block_align_text\":\"start\",\"mai_grid_block_boxed\":\"1\",\"mai_grid_block_border_radius\":\"\",\"mai_grid_block_columns\":\"3\",\"mai_grid_block_columns_responsive\":\"0\",\"mai_grid_block_align_columns\":\"start\",\"mai_grid_block_align_columns_vertical\":\"\",\"mai_grid_block_column_gap\":\"lg\",\"mai_grid_block_row_gap\":\"lg\",\"mai_grid_block_margin_top\":\"\",\"mai_grid_block_margin_bottom\":\"\",\"mai_grid_block_post_type\":[\"post\"],\"mai_grid_block_query_by\":\"\",\"mai_grid_block_posts_per_page\":\"6\",\"mai_grid_block_posts_offset\":\"0\",\"mai_grid_block_posts_date_after\":\"\",\"mai_grid_block_posts_date_before\":\"\",\"mai_grid_block_posts_orderby\":\"rand\",\"mai_grid_block_posts_order\":\"DESC\",\"mai_grid_block_post_not_in\":\"\",\"mai_grid_block_posts_exclude\":[\"exclude_current\"],\"mai_grid_block_disable_entry_link\":\"0\",\"mai_grid_block_no_results\":\"\"}},\"mode\":\"preview\"} \/--><!-- \/wp:post-content --><!-- \/wp:list -->\n\n<!-- wp:list -->\n<ul class=\"wp-block-list\"><!-- wp:list-item --><li><strong>Gilboa et Moscovitch<\/strong>, dans le cadre de leur mod\u00e8le global de la m\u00e9moire, distinguent deux types de processus de r\u00e9cup\u00e9ration : la r\u00e9cup\u00e9ration associative ou d\u00e9pendante de cl\u00e9s (un processus relativement automatique) et la r\u00e9cup\u00e9ration strat\u00e9gique.<\/li><\/ul>\n<!-- \/wp:list-item -->\n\n<!-- wp:paragraph -->\n<p>Lors de la <strong>r\u00e9cup\u00e9ration associative<\/strong>, une cl\u00e9 proche interagit automatiquement avec l\u2019information stock\u00e9e en m\u00e9moire pour r\u00e9cup\u00e9rer le souvenir recherch\u00e9 et d\u2019autres souvenirs qui, \u00e0 leur tour, servent de cl\u00e9s pour de nouvelles recherches. La cl\u00e9 activerait directement des groupes neuronaux du lobe temporal m\u00e9dian et du n\u00e9ocortex post\u00e9rieur simultan\u00e9ment.<\/p>\n<!-- \/wp:paragraph -->\n\n<!-- wp:paragraph -->\n<p>Les processus de <strong>r\u00e9cup\u00e9ration strat\u00e9gique<\/strong> s\u2019appliqueraient lorsque le processus de r\u00e9cup\u00e9ration d\u00e9pendant de cl\u00e9s est inefficace. Ces processus seraient m\u00e9di\u00e9s par diff\u00e9rentes zones du cortex pr\u00e9frontal et incluent :<\/p>\n<!-- \/wp:paragraph -->\n\n<!-- wp:list -->\n<ul class=\"wp-block-list\"><!-- wp:list-item --><li>D\u00e9finir le mode de r\u00e9cup\u00e9ration.<\/li>\n<!-- \/wp:list-item --><!-- wp:list-item --><li>Utiliser les connaissances g\u00e9n\u00e9rales et personnelles pour cibler la recherche.<\/li>\n<!-- \/wp:list-item --><!-- wp:list-item --><li>Superviser, ce qui implique d\u2019\u00e9valuer et de v\u00e9rifier la pr\u00e9cision du souvenir r\u00e9cup\u00e9r\u00e9.<\/li>\n<!-- \/wp:list-item --><!-- wp:list-item --><li>Situer le souvenir r\u00e9cup\u00e9r\u00e9 dans le contexte spatio-temporel appropri\u00e9 par rapport \u00e0 d\u2019autres \u00e9v\u00e9nements.<\/li><\/ul>\n<!-- \/wp:list -->\n\n<!-- wp:paragraph -->\n<p>De cette mani\u00e8re, des erreurs dans la r\u00e9cup\u00e9ration d\u00e9pendante de cl\u00e9s pourraient conduire \u00e0 des confabulations, mais ne sont pas une condition n\u00e9cessaire \u00e0 leur manifestation. Chez les patients confabulateurs, c\u2019est souvent le lancement du processus de r\u00e9cup\u00e9ration strat\u00e9gique qui fait d\u00e9faut, mais divers dysfonctionnements dans les autres sous-processus pourraient \u00e9galement conduire \u00e0 diff\u00e9rents types de confabulations, expliquant ainsi, selon ce mod\u00e8le, tant les confabulations spontan\u00e9es que provoqu\u00e9es.<\/p>\n<!-- \/wp:paragraph -->\n\n<!-- wp:list -->\n<ul class=\"wp-block-list\"><!-- wp:list-item --><li><strong>Burgess et Shallice<\/strong> ont \u00e9labor\u00e9 leur explication des confabulations \u00e0 partir de l\u2019analyse des protocoles de souvenirs autobiographiques de volontaires sains, et proposent que la dysfonction du contexte temporel fasse partie du processus de surveillance et d\u2019\u00e9valuation.<\/li><\/ul>\n<!-- \/wp:list -->\n\n<!-- wp:paragraph -->\n<p>Dans leur <strong>mod\u00e8le de r\u00e9cup\u00e9ration strat\u00e9gique<\/strong>, ils identifient trois composantes :<\/p>\n<!-- \/wp:paragraph -->\n\n<!-- wp:list -->\n<ul class=\"wp-block-list\"><!-- wp:list-item --><li><strong>Processus de description<\/strong>, qui pr\u00e9cisent le type de trace r\u00e9pondant aux exigences de la t\u00e2che de r\u00e9cup\u00e9ration<\/li>\n<!-- \/wp:list-item --><!-- wp:list-item --><li><strong>Processus d\u2019\u00e9dition des souvenirs<\/strong>, qui v\u00e9rifient en continu que les diff\u00e9rents souvenirs r\u00e9cup\u00e9r\u00e9s sont coh\u00e9rents entre eux et r\u00e9pondent \u00e9galement aux exigences de la t\u00e2che<\/li>\n<!-- \/wp:list-item --><!-- wp:list-item --><li><strong>Processus m\u00e9diateurs<\/strong>, qui sont des proc\u00e9dures g\u00e9n\u00e9rales de strat\u00e9gie et de r\u00e9solution de probl\u00e8mes intervenant dans la supervision de la pertinence et de la plausibilit\u00e9 des souvenirs r\u00e9cup\u00e9r\u00e9s mais qui, en elles-m\u00eames, ne constituent pas des processus sp\u00e9cifiques de la m\u00e9moire.<\/li><\/ul>\n<!-- \/wp:list -->\n\n<!-- wp:paragraph -->\n<p>Selon cette proposition, les d\u00e9ficits dans les processus de description, d\u2019\u00e9dition et de m\u00e9diation donneront lieu \u00e0 diff\u00e9rents types de confabulation.<\/p>\n<!-- \/wp:paragraph -->\n\n<!-- wp:heading {\"level\":4} -->\n<h4 class=\"wp-block-heading\">Limitations des mod\u00e8les de r\u00e9cup\u00e9ration<\/h4>\n<!-- \/wp:heading -->\n\n<!-- wp:paragraph -->\n<p>Comme indiqu\u00e9, ces mod\u00e8les permettraient de pr\u00e9voir une performance moindre dans les t\u00e2ches de rappel que dans celles de reconnaissance, ainsi qu\u2019une alt\u00e9ration de processus ex\u00e9cutifs sp\u00e9cifiques tels que l\u2019initiation de r\u00e9ponses (de recherche) et des difficult\u00e9s de supervision et d\u2019inhibition de r\u00e9ponses inappropri\u00e9es [1].<\/p>\n<!-- \/wp:paragraph -->\n\n<!-- wp:paragraph -->\n<p>Cependant, les diff\u00e9rentes \u00e9tudes sur les corr\u00e9lats neuropsychologiques des confabulations ne sont pas coh\u00e9rentes, de sorte que, bien que les preuves semblent indiquer que le ph\u00e9nom\u00e8ne des confabulations implique \u00e0 la fois des d\u00e9ficits mn\u00e9siques et ex\u00e9cutifs, il n\u2019a pas encore \u00e9t\u00e9 suffisamment clarifi\u00e9 \u00e0 quels processus pr\u00e9cis dans ces fonctions la confabulation est due [1, 4].<\/p>\n<!-- \/wp:paragraph -->\n\n<!-- wp:heading -->\n<h2 class=\"wp-block-heading\">Bibliographie<\/h2>\n<!-- \/wp:heading -->\n\n<!-- wp:list {\"fontSize\":\"sm\"} -->\n<ul class=\"wp-block-list has-sm-font-size\"><!-- wp:list-item --><li>[1] Lorente-Rovira E, McKenna P, Berrios G, Villagr\u00e1n-Moreno JM, Moro-Ipola M (2011). Confabulations II : mod\u00e8les explicatifs. <em>Actas EspPsiquiatr<\/em>, 39(6) : 384-92.<\/li>\n<!-- \/wp:list-item --><!-- wp:list-item --><li>[2] Glowinski R, Payman V &amp; Frencham, K. (2008). Confabulation: a spontaneous and fantastic review. <em>Australian and New Zealand Journal of Psychiatry<\/em>, 42 : 932-940.<\/li>\n<!-- \/wp:list-item --><!-- wp:list-item --><li>[3] Metcalf K, Langdon R, Coltheart M. (2007). Models of confabulation: a critical review and a new framework. <em>CognNeuropsychol<\/em>, 24(1) : 23-47.<\/li>\n<!-- \/wp:list-item --><!-- wp:list-item --><li>[4] Lorente-Rovira E, McKenna PJ, Berrios GE, Moro M, Villagr\u00e1n JM (2011). Confabulaciones (I) : Concepto, clasificaci\u00f3n y neuropatolog\u00eda. <em>Actas EspPsiquiatr<\/em>, 39 : 251-9.<\/li><\/ul>\n<!-- \/wp:list -->\n\n<!-- wp:heading {\"level\":3} -->\n<h3 class=\"wp-block-heading\">Si ce billet sur le ph\u00e9nom\u00e8ne de la confabulation vous a plu, ces articles de NeuronUP pourraient vous int\u00e9resser.<\/h3>\n<!-- \/wp:heading -->\n<!-- wp:acf\/mai-post-grid {\"name\":\"acf\/mai-post-grid\",\"data\":{\"mai_post_grid_clone\":{\"mai_grid_block_show\":[\"image\",\"title\"],\"mai_grid_block_title_size\":\"lg\",\"mai_grid_block_image_orientation\":\"landscape\",\"mai_grid_block_image_position\":\"full\",\"mai_grid_block_align_text\":\"start\",\"mai_grid_block_boxed\":\"1\",\"mai_grid_block_border_radius\":\"\",\"mai_grid_block_columns\":\"3\",\"mai_grid_block_columns_responsive\":\"0\",\"mai_grid_block_align_columns\":\"start\",\"mai_grid_block_align_columns_vertical\":\"\",\"mai_grid_block_column_gap\":\"lg\",\"mai_grid_block_row_gap\":\"lg\",\"mai_grid_block_margin_top\":\"\",\"mai_grid_block_margin_bottom\":\"\",\"mai_grid_block_post_type\":[\"post\"],\"mai_grid_block_query_by\":\"\",\"mai_grid_block_posts_per_page\":\"6\",\"mai_grid_block_posts_offset\":\"0\",\"mai_grid_block_posts_date_after\":\"\",\"mai_grid_block_posts_date_before\":\"\",\"mai_grid_block_posts_orderby\":\"rand\",\"mai_grid_block_posts_order\":\"DESC\",\"mai_grid_block_post_not_in\":\"\",\"mai_grid_block_posts_exclude\":[\"exclude_current\"],\"mai_grid_block_disable_entry_link\":\"0\",\"mai_grid_block_no_results\":\"\"}},\"mode\":\"preview\"} \/--><!-- \/wp:post-content --><!-- \/wp:list -->\n\n<!-- wp:list -->\n<ul class=\"wp-block-list\"><!-- wp:list-item -->\n<li>Le groupe de Dalla Barba soutient que les confabulations refl\u00e8tent une <strong>conscience de la temporalit\u00e9 personnelle alt\u00e9r\u00e9e<\/strong>. Selon leur approche, il existe une <em>conscience temporelle<\/em> constitu\u00e9e de trois dimensions (pass\u00e9, pr\u00e9sent et futur) et ils sugg\u00e8rent que les patients qui confabulent conservent la conscience d&rsquo;un pr\u00e9sent, d&rsquo;un pass\u00e9 et d&rsquo;un futur, mais, en raison d&rsquo;un d\u00e9ficit dans la capacit\u00e9 \u00e0 <em>attribuer<\/em> les souvenirs \u00e0 des moments pr\u00e9cis dans le temps, ils les confondent entre ces trois dimensions ; de sorte que les habitudes et les connaissances s\u00e9mantiques sont int\u00e9gr\u00e9es comme des \u00e9v\u00e9nements personnels [1] et, en m\u00eame temps, lorsqu&rsquo;on leur demande des souvenirs r\u00e9cents ou prospectifs, ils ont tendance \u00e0 r\u00e9pondre par des routines ou des habitudes de la m\u00e9moire \u00e0 long terme, ind\u00e9pendamment de leur pertinence dans le pr\u00e9sent [2].<\/li>\n<!-- \/wp:list-item -->\n\n<!-- wp:list-item -->\n<li>Pour Schnider et son groupe, les confabulations spontan\u00e9es (voir les classifications des confabulations dans le <a href=\"https:\/\/neuronup.com\/neurociencia\/neuropsicologia\/memoria\/el-fenomeno-de-la-confabulacion-vol-i-clasificaciones-neuropatologia-y-mecanismos-cognitivos\/\" target=\"_blank\" rel=\"noopener noreferrer\">volume I<\/a> de cette s\u00e9rie) r\u00e9sultent d&rsquo;une confusion entre la r\u00e9alit\u00e9 actuelle et des \u00e9v\u00e9nements pass\u00e9s, due \u00e0 <strong>l&rsquo;incapacit\u00e9 \u00e0 supprimer des informations qui \u00e9taient pertinentes dans le pass\u00e9 mais sont d\u00e9sormais sans importance<\/strong>. Ils postulent ainsi que le m\u00e9canisme alt\u00e9r\u00e9 en premier lieu est la <em>suppression<\/em> et que ce d\u00e9ficit survient avant m\u00eame que le contenu du souvenir puisse \u00eatre reconnu, ce qui expliquerait la conviction avec laquelle les patients qui confabulent maintiennent la v\u00e9racit\u00e9 de leurs souvenirs [1, 2]. Ils soulignent \u00e9galement que la r\u00e9gion c\u00e9r\u00e9brale cl\u00e9 impliqu\u00e9e dans les confabulations spontan\u00e9es est le cortex pr\u00e9frontal orbitofrontal.<\/li>\n<!-- \/wp:list-item -->\n\n<!-- wp:list-item -->\n<li>Un cas plus g\u00e9n\u00e9ral de l\u2019hypoth\u00e8se de temporalit\u00e9 est la <strong>th\u00e9orie de surveillance de la r\u00e9alit\u00e9 et de la source<\/strong>, qui postule que les confabulations r\u00e9sultent d\u2019une incapacit\u00e9 \u00e0 d\u00e9terminer la source et le contexte d\u2019acquisition des souvenirs. Plus pr\u00e9cis\u00e9ment, la <strong><em>surveillance de la r\u00e9alit\u00e9<\/em><\/strong> fait r\u00e9f\u00e9rence \u00e0 la capacit\u00e9 de distinguer le souvenir d&rsquo;une perception pass\u00e9e d&rsquo;un acte d&rsquo;imagination du pass\u00e9, et la <strong><em>surveillance de la source<\/em><\/strong> au processus permettant de distinguer les diff\u00e9rentes sources d\u2019information d\u2019un souvenir (le m\u00e9dia et les modalit\u00e9s sensorielles par lesquelles il a \u00e9t\u00e9 per\u00e7u) et de sp\u00e9cifier les conditions contextuelles de son acquisition (contexte temporel, spatial et social). Selon cette perspective, la production de confabulations peut \u00eatre due \u00e0 des d\u00e9faillances de diff\u00e9rents m\u00e9canismes, notamment <em>l&rsquo;encodage, la r\u00e9cup\u00e9ration, la motivation et l&rsquo;\u00e9valuation<\/em> des souvenirs, et donc plusieurs d\u00e9ficits pourraient conduire \u00e0 confondre des souvenirs g\u00e9n\u00e9r\u00e9s en interne (actes d\u2019imagination du pass\u00e9) avec des souvenirs g\u00e9n\u00e9r\u00e9s en externe (\u00e9v\u00e9nements r\u00e9els du pass\u00e9).<\/li><\/ul>\n<!-- \/wp:list-item -->\n\n<!-- wp:heading {\"level\":4} -->\n<h4 class=\"wp-block-heading\">Limitations des mod\u00e8les de temporalit\u00e9 et de la surveillance de la r\u00e9alit\u00e9 et de la source<\/h4>\n<!-- \/wp:heading -->\n\n<!-- wp:paragraph -->\n<p>La principale limitation de l\u2019hypoth\u00e8se de temporalit\u00e9 soulign\u00e9e [1, 3] est que la d\u00e9synchronisation temporelle n\u2019est pas sp\u00e9cifique au ph\u00e9nom\u00e8ne de la confabulation, car des confusions dans cette dimension ont \u00e9t\u00e9 observ\u00e9es tant chez les confabulateurs que chez les patients amn\u00e9siques qui ne confabulaient pas.<\/p>\n<!-- \/wp:paragraph -->\n\n<!-- wp:paragraph -->\n<p>Par ailleurs, les preuves empiriques soutenant les mod\u00e8les de temporalit\u00e9 proviennent d\u2019\u00e9tudes sur les confabulations affectant la m\u00e9moire \u00e9pisodique et, par cons\u00e9quent, ces th\u00e9ories ne peuvent pas expliquer les confabulations fantastiques ni celles affectant la m\u00e9moire s\u00e9mantique [1].<\/p>\n<!-- \/wp:paragraph -->\n\n<!-- wp:paragraph -->\n<p>De m\u00eame, il a \u00e9t\u00e9 not\u00e9 que, d\u2019apr\u00e8s les \u00e9tudes testant l\u2019hypoth\u00e8se de la surveillance de la source, le d\u00e9ficit dans cette capacit\u00e9 n\u2019est ni sp\u00e9cifique aux confabulations (il peut survenir chez des patients sans confabulations) ni en est pr\u00e9dictif [1]. Un autre argument contre cette explication repose sur la divergence entre les structures anatomiques impliqu\u00e9es dans la surveillance de la source (aires dorsolat\u00e9rales du cortex pr\u00e9frontal) et celles identifi\u00e9es comme cruciales pour les confabulations (aires orbitom\u00e9diale et ventrom\u00e9diale du cortex pr\u00e9frontal) [1].<\/p>\n<!-- \/wp:paragraph -->\n\n<!-- wp:spacer {\"height\":\"50px\"} -->\n<div style=\"height:50px\" aria-hidden=\"true\" class=\"wp-block-spacer\"><\/div>\n<!-- \/wp:spacer -->\n\n<!-- wp:block {\"ref\":32057} \/-->\n\n<!-- wp:spacer {\"height\":\"50px\"} -->\n<div style=\"height:50px\" aria-hidden=\"true\" class=\"wp-block-spacer\"><\/div>\n<!-- \/wp:spacer -->\n\n<!-- wp:heading {\"level\":3} -->\n<h3 class=\"wp-block-heading\">Mod\u00e8les de r\u00e9cup\u00e9ration<\/h3>\n<!-- \/wp:heading -->\n\n<!-- wp:paragraph -->\n<p>Les th\u00e9ories de r\u00e9cup\u00e9ration font r\u00e9f\u00e9rence \u00e0 la nature reconstructive de la m\u00e9moire. Selon ces mod\u00e8les, les confabulations pourraient r\u00e9sulter de d\u00e9ficits sp\u00e9cifiques dans le m\u00e9canisme de <em>r\u00e9cup\u00e9ration<\/em>, plut\u00f4t que d&rsquo;alt\u00e9rations des processus d&rsquo;encodage, de consolidation ou de stockage [1].<\/p>\n<!-- \/wp:paragraph -->\n\n<!-- wp:paragraph -->\n<p>La preuve la plus solide en faveur de cette hypoth\u00e8se est qu\u2019elle affecte \u00e0 la fois les souvenirs r\u00e9trospectifs et prospectifs ; toutefois, \u00e9tant donn\u00e9 que la r\u00e9cup\u00e9ration n\u2019est pas un processus unitaire, il est n\u00e9cessaire de pr\u00e9ciser quel composant de la r\u00e9cup\u00e9ration fait d\u00e9faut pour entra\u00eener les confabulations [1].<\/p>\n<!-- \/wp:paragraph -->\n\n<!-- wp:paragraph -->\n<p>Dans ce groupe de mod\u00e8les, il en existe deux principaux :<\/p>\n<!-- \/wp:paragraph -->\n\n<!-- wp:list -->\n<ul class=\"wp-block-list\"><!-- wp:list-item --><li><strong>Gilboa et Moscovitch<\/strong>, dans le cadre de leur mod\u00e8le global de la m\u00e9moire, distinguent deux types de processus de r\u00e9cup\u00e9ration : la r\u00e9cup\u00e9ration associative ou d\u00e9pendante de cl\u00e9s (un processus relativement automatique) et la r\u00e9cup\u00e9ration strat\u00e9gique.<\/li><\/ul>\n<!-- \/wp:list -->\n\n<!-- wp:paragraph -->\n<p>Lors de la <strong>r\u00e9cup\u00e9ration associative<\/strong>, une cl\u00e9 proche interagit automatiquement avec l\u2019information stock\u00e9e en m\u00e9moire pour r\u00e9cup\u00e9rer le souvenir recherch\u00e9 et d\u2019autres souvenirs qui, \u00e0 leur tour, servent de cl\u00e9s pour de nouvelles recherches. La cl\u00e9 activerait directement des groupes neuronaux du lobe temporal m\u00e9dian et du n\u00e9ocortex post\u00e9rieur simultan\u00e9ment.<\/p>\n<!-- \/wp:paragraph -->\n\n<!-- wp:paragraph -->\n<p>Les processus de <strong>r\u00e9cup\u00e9ration strat\u00e9gique<\/strong> s\u2019appliqueraient lorsque le processus de r\u00e9cup\u00e9ration d\u00e9pendant de cl\u00e9s est inefficace. Ces processus seraient m\u00e9di\u00e9s par diff\u00e9rentes zones du cortex pr\u00e9frontal et incluent :<\/p>\n<!-- \/wp:paragraph -->\n\n<!-- wp:list -->\n<ul class=\"wp-block-list\"><!-- wp:list-item --><li>D\u00e9finir le mode de r\u00e9cup\u00e9ration.<\/li>\n<!-- \/wp:list-item --><!-- wp:list-item --><li>Utiliser les connaissances g\u00e9n\u00e9rales et personnelles pour cibler la recherche.<\/li>\n<!-- \/wp:list-item --><!-- wp:list-item --><li>Superviser, ce qui implique d\u2019\u00e9valuer et de v\u00e9rifier la pr\u00e9cision du souvenir r\u00e9cup\u00e9r\u00e9.<\/li>\n<!-- \/wp:list-item --><!-- wp:list-item --><li>Situer le souvenir r\u00e9cup\u00e9r\u00e9 dans le contexte spatio-temporel appropri\u00e9 par rapport \u00e0 d\u2019autres \u00e9v\u00e9nements.<\/li><\/ul>\n<!-- \/wp:list -->\n\n<!-- wp:paragraph -->\n<p>De cette mani\u00e8re, des erreurs dans la r\u00e9cup\u00e9ration d\u00e9pendante de cl\u00e9s pourraient conduire \u00e0 des confabulations, mais ne sont pas une condition n\u00e9cessaire \u00e0 leur manifestation. Chez les patients confabulateurs, c\u2019est souvent le lancement du processus de r\u00e9cup\u00e9ration strat\u00e9gique qui fait d\u00e9faut, mais divers dysfonctionnements dans les autres sous-processus pourraient \u00e9galement conduire \u00e0 diff\u00e9rents types de confabulations, expliquant ainsi, selon ce mod\u00e8le, tant les confabulations spontan\u00e9es que provoqu\u00e9es.<\/p>\n<!-- \/wp:paragraph -->\n\n<!-- wp:list -->\n<ul class=\"wp-block-list\"><!-- wp:list-item --><li><strong>Burgess et Shallice<\/strong> ont \u00e9labor\u00e9 leur explication des confabulations \u00e0 partir de l\u2019analyse des protocoles de souvenirs autobiographiques de volontaires sains, et proposent que la dysfonction du contexte temporel fasse partie du processus de surveillance et d\u2019\u00e9valuation.<\/li><\/ul>\n<!-- \/wp:list -->\n\n<!-- wp:paragraph -->\n<p>Dans leur <strong>mod\u00e8le de r\u00e9cup\u00e9ration strat\u00e9gique<\/strong>, ils identifient trois composantes :<\/p>\n<!-- \/wp:paragraph -->\n\n<!-- wp:list -->\n<ul class=\"wp-block-list\"><!-- wp:list-item --><li><strong>Processus de description<\/strong>, qui pr\u00e9cisent le type de trace r\u00e9pondant aux exigences de la t\u00e2che de r\u00e9cup\u00e9ration<\/li>\n<!-- \/wp:list-item --><!-- wp:list-item --><li><strong>Processus d\u2019\u00e9dition des souvenirs<\/strong>, qui v\u00e9rifient en continu que les diff\u00e9rents souvenirs r\u00e9cup\u00e9r\u00e9s sont coh\u00e9rents entre eux et r\u00e9pondent \u00e9galement aux exigences de la t\u00e2che<\/li>\n<!-- \/wp:list-item --><!-- wp:list-item --><li><strong>Processus m\u00e9diateurs<\/strong>, qui sont des proc\u00e9dures g\u00e9n\u00e9rales de strat\u00e9gie et de r\u00e9solution de probl\u00e8mes intervenant dans la supervision de la pertinence et de la plausibilit\u00e9 des souvenirs r\u00e9cup\u00e9r\u00e9s mais qui, en elles-m\u00eames, ne constituent pas des processus sp\u00e9cifiques de la m\u00e9moire.<\/li><\/ul>\n<!-- \/wp:list -->\n\n<!-- wp:paragraph -->\n<p>Selon cette proposition, les d\u00e9ficits dans les processus de description, d\u2019\u00e9dition et de m\u00e9diation donneront lieu \u00e0 diff\u00e9rents types de confabulation.<\/p>\n<!-- \/wp:paragraph -->\n\n<!-- wp:heading {\"level\":4} -->\n<h4 class=\"wp-block-heading\">Limitations des mod\u00e8les de r\u00e9cup\u00e9ration<\/h4>\n<!-- \/wp:heading -->\n\n<!-- wp:paragraph -->\n<p>Comme indiqu\u00e9, ces mod\u00e8les permettraient de pr\u00e9voir une performance moindre dans les t\u00e2ches de rappel que dans celles de reconnaissance, ainsi qu\u2019une alt\u00e9ration de processus ex\u00e9cutifs sp\u00e9cifiques tels que l\u2019initiation de r\u00e9ponses (de recherche) et des difficult\u00e9s de supervision et d\u2019inhibition de r\u00e9ponses inappropri\u00e9es [1].<\/p>\n<!-- \/wp:paragraph -->\n\n<!-- wp:paragraph -->\n<p>Cependant, les diff\u00e9rentes \u00e9tudes sur les corr\u00e9lats neuropsychologiques des confabulations ne sont pas coh\u00e9rentes, de sorte que, bien que les preuves semblent indiquer que le ph\u00e9nom\u00e8ne des confabulations implique \u00e0 la fois des d\u00e9ficits mn\u00e9siques et ex\u00e9cutifs, il n\u2019a pas encore \u00e9t\u00e9 suffisamment clarifi\u00e9 \u00e0 quels processus pr\u00e9cis dans ces fonctions la confabulation est due [1, 4].<\/p>\n<!-- \/wp:paragraph -->\n\n<!-- wp:heading -->\n<h2 class=\"wp-block-heading\">Bibliographie<\/h2>\n<!-- \/wp:heading -->\n\n<!-- wp:list {\"fontSize\":\"sm\"} -->\n<ul class=\"wp-block-list has-sm-font-size\"><!-- wp:list-item --><li>[1] Lorente-Rovira E, McKenna P, Berrios G, Villagr\u00e1n-Moreno JM, Moro-Ipola M (2011). Confabulations II : mod\u00e8les explicatifs. <em>Actas EspPsiquiatr<\/em>, 39(6) : 384-92.<\/li>\n<!-- \/wp:list-item --><!-- wp:list-item --><li>[2] Glowinski R, Payman V &amp; Frencham, K. (2008). Confabulation: a spontaneous and fantastic review. <em>Australian and New Zealand Journal of Psychiatry<\/em>, 42 : 932-940.<\/li>\n<!-- \/wp:list-item --><!-- wp:list-item --><li>[3] Metcalf K, Langdon R, Coltheart M. (2007). Models of confabulation: a critical review and a new framework. <em>CognNeuropsychol<\/em>, 24(1) : 23-47.<\/li>\n<!-- \/wp:list-item --><!-- wp:list-item --><li>[4] Lorente-Rovira E, McKenna PJ, Berrios GE, Moro M, Villagr\u00e1n JM (2011). Confabulaciones (I) : Concepto, clasificaci\u00f3n y neuropatolog\u00eda. <em>Actas EspPsiquiatr<\/em>, 39 : 251-9.<\/li><\/ul>\n<!-- \/wp:list -->\n\n<!-- wp:heading {\"level\":3} -->\n<h3 class=\"wp-block-heading\">Si ce billet sur le ph\u00e9nom\u00e8ne de la confabulation vous a plu, ces articles de NeuronUP pourraient vous int\u00e9resser.<\/h3>\n<!-- \/wp:heading -->\n<!-- wp:acf\/mai-post-grid {\"name\":\"acf\/mai-post-grid\",\"data\":{\"mai_post_grid_clone\":{\"mai_grid_block_show\":[\"image\",\"title\"],\"mai_grid_block_title_size\":\"lg\",\"mai_grid_block_image_orientation\":\"landscape\",\"mai_grid_block_image_position\":\"full\",\"mai_grid_block_align_text\":\"start\",\"mai_grid_block_boxed\":\"1\",\"mai_grid_block_border_radius\":\"\",\"mai_grid_block_columns\":\"3\",\"mai_grid_block_columns_responsive\":\"0\",\"mai_grid_block_align_columns\":\"start\",\"mai_grid_block_align_columns_vertical\":\"\",\"mai_grid_block_column_gap\":\"lg\",\"mai_grid_block_row_gap\":\"lg\",\"mai_grid_block_margin_top\":\"\",\"mai_grid_block_margin_bottom\":\"\",\"mai_grid_block_post_type\":[\"post\"],\"mai_grid_block_query_by\":\"\",\"mai_grid_block_posts_per_page\":\"6\",\"mai_grid_block_posts_offset\":\"0\",\"mai_grid_block_posts_date_after\":\"\",\"mai_grid_block_posts_date_before\":\"\",\"mai_grid_block_posts_orderby\":\"rand\",\"mai_grid_block_posts_order\":\"DESC\",\"mai_grid_block_post_not_in\":\"\",\"mai_grid_block_posts_exclude\":[\"exclude_current\"],\"mai_grid_block_disable_entry_link\":\"0\",\"mai_grid_block_no_results\":\"\"}},\"mode\":\"preview\"} \/--><!-- \/wp:post-content --><!-- \/wp:list --><!-- wp:post-content --><!-- wp:paragraph {\"fontSize\":\"xl\"} -->\n<p class=\"has-xl-font-size\">Lidia Garc\u00eda, neuropsychologue clinicienne et chercheuse, pr\u00e9sente dans ce <strong>deuxi\u00e8me volume les mod\u00e8les th\u00e9oriques de temporalit\u00e9 et les mod\u00e8les de r\u00e9cup\u00e9ration de la confabulation.<\/strong><\/p>\n<!-- \/wp:paragraph -->\n\n<!-- wp:paragraph -->\n<p>Les confabulations peuvent se d\u00e9finir comme <strong><em>de faux souvenirs r\u00e9sultant d&rsquo;un probl\u00e8me de r\u00e9cup\u00e9ration, dont le patient n&rsquo;a pas conscience et en la v\u00e9racit\u00e9 desquels il croit sinc\u00e8rement<\/em><\/strong> [1].<\/p>\n<!-- \/wp:paragraph -->\n\n<!-- wp:paragraph -->\n<p>Dans un <a href=\"https:\/\/neuronup.com\/neurociencia\/neuropsicologia\/memoria\/el-fenomeno-de-la-confabulacion-vol-i-clasificaciones-neuropatologia-y-mecanismos-cognitivos\/\" target=\"_blank\" rel=\"noopener noreferrer\">article pr\u00e9c\u00e9dent<\/a>, les types de confabulations, la neuropathologie sous-jacente et les m\u00e9canismes cognitifs contribuant \u00e0 leur manifestation ont \u00e9t\u00e9 bri\u00e8vement pr\u00e9sent\u00e9s. Dans ce second volet de la s\u00e9rie, les principaux mod\u00e8les propos\u00e9s par la neuropsychologie pour expliquer les confabulations sont examin\u00e9s de mani\u00e8re synth\u00e9tique.<\/p>\n<!-- \/wp:paragraph -->\n\n<!-- wp:heading -->\n<h2 class=\"wp-block-heading\">Mod\u00e8les th\u00e9oriques des confabulations<\/h2>\n<!-- \/wp:heading -->\n\n<!-- wp:paragraph -->\n<p>Les premiers mod\u00e8les propos\u00e9s pour tenter d&rsquo;expliquer les confabulations les consid\u00e9raient comme un m\u00e9canisme compensatoire, r\u00e9sultant du besoin de combler des lacunes de m\u00e9moire. De nos jours, cependant, cette explication n&rsquo;est plus retenue, bien que certains mod\u00e8les motivationnels actuels \u00e9voquent des processus \u00e9motionnels pour expliquer leur contenu [1].<\/p>\n<!-- \/wp:paragraph -->\n\n<!-- wp:paragraph -->\n<p>Dans les explications neuropsychologiques, on peut g\u00e9n\u00e9ralement distinguer deux grands groupes de mod\u00e8les th\u00e9oriques : les mod\u00e8les de temporalit\u00e9 et les mod\u00e8les de r\u00e9cup\u00e9ration [1].<\/p>\n<!-- \/wp:paragraph -->\n\n<!-- wp:heading {\"level\":3} -->\n<h3 class=\"wp-block-heading\">Mod\u00e8les de temporalit\u00e9<\/h3>\n<!-- \/wp:heading -->\n\n<!-- wp:paragraph -->\n<p>Les <strong>mod\u00e8les de temporalit\u00e9<\/strong> consid\u00e8rent la confabulation comme le r\u00e9sultat d&rsquo;une <strong><em>distorsion du sens de la chronologie ou confusion de l&rsquo;ordre temporel<\/em><\/strong>, de sorte que les patients qui confabulent peuvent se souvenir du contenu des \u00e9v\u00e9nements mais pas de la s\u00e9quence dans laquelle ils se sont d\u00e9roul\u00e9s. Cette explication s&rsquo;est d\u00e9velopp\u00e9e \u00e0 partir de l&rsquo;observation que, dans de nombreux cas, on peut retracer la confabulation jusqu&rsquo;\u00e0 son origine dans un souvenir v\u00e9ritable mal situ\u00e9 dans le temps.<\/p>\n<!-- \/wp:paragraph -->\n\n<!-- wp:paragraph -->\n<p>Dans cette perspective, plusieurs propositions existent :<\/p>\n<!-- \/wp:paragraph -->\n\n<!-- wp:list -->\n<ul class=\"wp-block-list\"><!-- wp:list-item -->\n<li>Le groupe de Dalla Barba soutient que les confabulations refl\u00e8tent une <strong>conscience de la temporalit\u00e9 personnelle alt\u00e9r\u00e9e<\/strong>. Selon leur approche, il existe une <em>conscience temporelle<\/em> constitu\u00e9e de trois dimensions (pass\u00e9, pr\u00e9sent et futur) et ils sugg\u00e8rent que les patients qui confabulent conservent la conscience d&rsquo;un pr\u00e9sent, d&rsquo;un pass\u00e9 et d&rsquo;un futur, mais, en raison d&rsquo;un d\u00e9ficit dans la capacit\u00e9 \u00e0 <em>attribuer<\/em> les souvenirs \u00e0 des moments pr\u00e9cis dans le temps, ils les confondent entre ces trois dimensions ; de sorte que les habitudes et les connaissances s\u00e9mantiques sont int\u00e9gr\u00e9es comme des \u00e9v\u00e9nements personnels [1] et, en m\u00eame temps, lorsqu&rsquo;on leur demande des souvenirs r\u00e9cents ou prospectifs, ils ont tendance \u00e0 r\u00e9pondre par des routines ou des habitudes de la m\u00e9moire \u00e0 long terme, ind\u00e9pendamment de leur pertinence dans le pr\u00e9sent [2].<\/li>\n<!-- \/wp:list-item -->\n\n<!-- wp:list-item -->\n<li>Pour Schnider et son groupe, les confabulations spontan\u00e9es (voir les classifications des confabulations dans le <a href=\"https:\/\/neuronup.com\/neurociencia\/neuropsicologia\/memoria\/el-fenomeno-de-la-confabulacion-vol-i-clasificaciones-neuropatologia-y-mecanismos-cognitivos\/\" target=\"_blank\" rel=\"noopener noreferrer\">volume I<\/a> de cette s\u00e9rie) r\u00e9sultent d&rsquo;une confusion entre la r\u00e9alit\u00e9 actuelle et des \u00e9v\u00e9nements pass\u00e9s, due \u00e0 <strong>l&rsquo;incapacit\u00e9 \u00e0 supprimer des informations qui \u00e9taient pertinentes dans le pass\u00e9 mais sont d\u00e9sormais sans importance<\/strong>. Ils postulent ainsi que le m\u00e9canisme alt\u00e9r\u00e9 en premier lieu est la <em>suppression<\/em> et que ce d\u00e9ficit survient avant m\u00eame que le contenu du souvenir puisse \u00eatre reconnu, ce qui expliquerait la conviction avec laquelle les patients qui confabulent maintiennent la v\u00e9racit\u00e9 de leurs souvenirs [1, 2]. Ils soulignent \u00e9galement que la r\u00e9gion c\u00e9r\u00e9brale cl\u00e9 impliqu\u00e9e dans les confabulations spontan\u00e9es est le cortex pr\u00e9frontal orbitofrontal.<\/li>\n<!-- \/wp:list-item -->\n\n<!-- wp:list-item -->\n<li>Un cas plus g\u00e9n\u00e9ral de l\u2019hypoth\u00e8se de temporalit\u00e9 est la <strong>th\u00e9orie de surveillance de la r\u00e9alit\u00e9 et de la source<\/strong>, qui postule que les confabulations r\u00e9sultent d\u2019une incapacit\u00e9 \u00e0 d\u00e9terminer la source et le contexte d\u2019acquisition des souvenirs. Plus pr\u00e9cis\u00e9ment, la <strong><em>surveillance de la r\u00e9alit\u00e9<\/em><\/strong> fait r\u00e9f\u00e9rence \u00e0 la capacit\u00e9 de distinguer le souvenir d&rsquo;une perception pass\u00e9e d&rsquo;un acte d&rsquo;imagination du pass\u00e9, et la <strong><em>surveillance de la source<\/em><\/strong> au processus permettant de distinguer les diff\u00e9rentes sources d\u2019information d\u2019un souvenir (le m\u00e9dia et les modalit\u00e9s sensorielles par lesquelles il a \u00e9t\u00e9 per\u00e7u) et de sp\u00e9cifier les conditions contextuelles de son acquisition (contexte temporel, spatial et social). Selon cette perspective, la production de confabulations peut \u00eatre due \u00e0 des d\u00e9faillances de diff\u00e9rents m\u00e9canismes, notamment <em>l&rsquo;encodage, la r\u00e9cup\u00e9ration, la motivation et l&rsquo;\u00e9valuation<\/em> des souvenirs, et donc plusieurs d\u00e9ficits pourraient conduire \u00e0 confondre des souvenirs g\u00e9n\u00e9r\u00e9s en interne (actes d\u2019imagination du pass\u00e9) avec des souvenirs g\u00e9n\u00e9r\u00e9s en externe (\u00e9v\u00e9nements r\u00e9els du pass\u00e9).<\/li><\/ul>\n<!-- \/wp:list -->\n\n<!-- wp:heading {\"level\":4} -->\n<h4 class=\"wp-block-heading\">Limitations des mod\u00e8les de temporalit\u00e9 et de la surveillance de la r\u00e9alit\u00e9 et de la source<\/h4>\n<!-- \/wp:heading -->\n\n<!-- wp:paragraph -->\n<p>La principale limitation de l\u2019hypoth\u00e8se de temporalit\u00e9 soulign\u00e9e [1, 3] est que la d\u00e9synchronisation temporelle n\u2019est pas sp\u00e9cifique au ph\u00e9nom\u00e8ne de la confabulation, car des confusions dans cette dimension ont \u00e9t\u00e9 observ\u00e9es tant chez les confabulateurs que chez les patients amn\u00e9siques qui ne confabulaient pas.<\/p>\n<!-- \/wp:paragraph -->\n\n<!-- wp:paragraph -->\n<p>Par ailleurs, les preuves empiriques soutenant les mod\u00e8les de temporalit\u00e9 proviennent d\u2019\u00e9tudes sur les confabulations affectant la m\u00e9moire \u00e9pisodique et, par cons\u00e9quent, ces th\u00e9ories ne peuvent pas expliquer les confabulations fantastiques ni celles affectant la m\u00e9moire s\u00e9mantique [1].<\/p>\n<!-- \/wp:paragraph -->\n\n<!-- wp:paragraph -->\n<p>De m\u00eame, il a \u00e9t\u00e9 not\u00e9 que, d\u2019apr\u00e8s les \u00e9tudes testant l\u2019hypoth\u00e8se de la surveillance de la source, le d\u00e9ficit dans cette capacit\u00e9 n\u2019est ni sp\u00e9cifique aux confabulations (il peut survenir chez des patients sans confabulations) ni en est pr\u00e9dictif [1]. Un autre argument contre cette explication repose sur la divergence entre les structures anatomiques impliqu\u00e9es dans la surveillance de la source (aires dorsolat\u00e9rales du cortex pr\u00e9frontal) et celles identifi\u00e9es comme cruciales pour les confabulations (aires orbitom\u00e9diale et ventrom\u00e9diale du cortex pr\u00e9frontal) [1].<\/p>\n<!-- \/wp:paragraph -->\n\n<!-- wp:spacer {\"height\":\"50px\"} -->\n<div style=\"height:50px\" aria-hidden=\"true\" class=\"wp-block-spacer\"><\/div>\n<!-- \/wp:spacer -->\n\n<!-- wp:block {\"ref\":32057} \/-->\n\n<!-- wp:spacer {\"height\":\"50px\"} -->\n<div style=\"height:50px\" aria-hidden=\"true\" class=\"wp-block-spacer\"><\/div>\n<!-- \/wp:spacer -->\n\n<!-- wp:heading {\"level\":3} -->\n<h3 class=\"wp-block-heading\">Mod\u00e8les de r\u00e9cup\u00e9ration<\/h3>\n<!-- \/wp:heading -->\n\n<!-- wp:paragraph -->\n<p>Les th\u00e9ories de r\u00e9cup\u00e9ration font r\u00e9f\u00e9rence \u00e0 la nature reconstructive de la m\u00e9moire. Selon ces mod\u00e8les, les confabulations pourraient r\u00e9sulter de d\u00e9ficits sp\u00e9cifiques dans le m\u00e9canisme de <em>r\u00e9cup\u00e9ration<\/em>, plut\u00f4t que d&rsquo;alt\u00e9rations des processus d&rsquo;encodage, de consolidation ou de stockage [1].<\/p>\n<!-- \/wp:paragraph -->\n\n<!-- wp:paragraph -->\n<p>La preuve la plus solide en faveur de cette hypoth\u00e8se est qu\u2019elle affecte \u00e0 la fois les souvenirs r\u00e9trospectifs et prospectifs ; toutefois, \u00e9tant donn\u00e9 que la r\u00e9cup\u00e9ration n\u2019est pas un processus unitaire, il est n\u00e9cessaire de pr\u00e9ciser quel composant de la r\u00e9cup\u00e9ration fait d\u00e9faut pour entra\u00eener les confabulations [1].<\/p>\n<!-- \/wp:paragraph -->\n\n<!-- wp:paragraph -->\n<p>Dans ce groupe de mod\u00e8les, il en existe deux principaux :<\/p>\n<!-- \/wp:paragraph -->\n\n<!-- wp:list -->\n<ul class=\"wp-block-list\"><!-- wp:list-item --><li><strong>Gilboa et Moscovitch<\/strong>, dans le cadre de leur mod\u00e8le global de la m\u00e9moire, distinguent deux types de processus de r\u00e9cup\u00e9ration : la r\u00e9cup\u00e9ration associative ou d\u00e9pendante de cl\u00e9s (un processus relativement automatique) et la r\u00e9cup\u00e9ration strat\u00e9gique.<\/li><\/ul>\n<!-- \/wp:list -->\n\n<!-- wp:paragraph -->\n<p>Lors de la <strong>r\u00e9cup\u00e9ration associative<\/strong>, une cl\u00e9 proche interagit automatiquement avec l\u2019information stock\u00e9e en m\u00e9moire pour r\u00e9cup\u00e9rer le souvenir recherch\u00e9 et d\u2019autres souvenirs qui, \u00e0 leur tour, servent de cl\u00e9s pour de nouvelles recherches. La cl\u00e9 activerait directement des groupes neuronaux du lobe temporal m\u00e9dian et du n\u00e9ocortex post\u00e9rieur simultan\u00e9ment.<\/p>\n<!-- \/wp:paragraph -->\n\n<!-- wp:paragraph -->\n<p>Les processus de <strong>r\u00e9cup\u00e9ration strat\u00e9gique<\/strong> s\u2019appliqueraient lorsque le processus de r\u00e9cup\u00e9ration d\u00e9pendant de cl\u00e9s est inefficace. Ces processus seraient m\u00e9di\u00e9s par diff\u00e9rentes zones du cortex pr\u00e9frontal et incluent :<\/p>\n<!-- \/wp:paragraph -->\n\n<!-- wp:list -->\n<ul class=\"wp-block-list\"><!-- wp:list-item --><li>D\u00e9finir le mode de r\u00e9cup\u00e9ration.<\/li>\n<!-- \/wp:list-item --><!-- wp:list-item --><li>Utiliser les connaissances g\u00e9n\u00e9rales et personnelles pour cibler la recherche.<\/li>\n<!-- \/wp:list-item --><!-- wp:list-item --><li>Superviser, ce qui implique d\u2019\u00e9valuer et de v\u00e9rifier la pr\u00e9cision du souvenir r\u00e9cup\u00e9r\u00e9.<\/li>\n<!-- \/wp:list-item --><!-- wp:list-item --><li>Situer le souvenir r\u00e9cup\u00e9r\u00e9 dans le contexte spatio-temporel appropri\u00e9 par rapport \u00e0 d\u2019autres \u00e9v\u00e9nements.<\/li><\/ul>\n<!-- \/wp:list -->\n\n<!-- wp:paragraph -->\n<p>De cette mani\u00e8re, des erreurs dans la r\u00e9cup\u00e9ration d\u00e9pendante de cl\u00e9s pourraient conduire \u00e0 des confabulations, mais ne sont pas une condition n\u00e9cessaire \u00e0 leur manifestation. Chez les patients confabulateurs, c\u2019est souvent le lancement du processus de r\u00e9cup\u00e9ration strat\u00e9gique qui fait d\u00e9faut, mais divers dysfonctionnements dans les autres sous-processus pourraient \u00e9galement conduire \u00e0 diff\u00e9rents types de confabulations, expliquant ainsi, selon ce mod\u00e8le, tant les confabulations spontan\u00e9es que provoqu\u00e9es.<\/p>\n<!-- \/wp:paragraph -->\n\n<!-- wp:list -->\n<ul class=\"wp-block-list\"><!-- wp:list-item --><li><strong>Burgess et Shallice<\/strong> ont \u00e9labor\u00e9 leur explication des confabulations \u00e0 partir de l\u2019analyse des protocoles de souvenirs autobiographiques de volontaires sains, et proposent que la dysfonction du contexte temporel fasse partie du processus de surveillance et d\u2019\u00e9valuation.<\/li><\/ul>\n<!-- \/wp:list -->\n\n<!-- wp:paragraph -->\n<p>Dans leur <strong>mod\u00e8le de r\u00e9cup\u00e9ration strat\u00e9gique<\/strong>, ils identifient trois composantes :<\/p>\n<!-- \/wp:paragraph -->\n\n<!-- wp:list -->\n<ul class=\"wp-block-list\"><!-- wp:list-item --><li><strong>Processus de description<\/strong>, qui pr\u00e9cisent le type de trace r\u00e9pondant aux exigences de la t\u00e2che de r\u00e9cup\u00e9ration<\/li>\n<!-- \/wp:list-item --><!-- wp:list-item --><li><strong>Processus d\u2019\u00e9dition des souvenirs<\/strong>, qui v\u00e9rifient en continu que les diff\u00e9rents souvenirs r\u00e9cup\u00e9r\u00e9s sont coh\u00e9rents entre eux et r\u00e9pondent \u00e9galement aux exigences de la t\u00e2che<\/li>\n<!-- \/wp:list-item --><!-- wp:list-item --><li><strong>Processus m\u00e9diateurs<\/strong>, qui sont des proc\u00e9dures g\u00e9n\u00e9rales de strat\u00e9gie et de r\u00e9solution de probl\u00e8mes intervenant dans la supervision de la pertinence et de la plausibilit\u00e9 des souvenirs r\u00e9cup\u00e9r\u00e9s mais qui, en elles-m\u00eames, ne constituent pas des processus sp\u00e9cifiques de la m\u00e9moire.<\/li><\/ul>\n<!-- \/wp:list -->\n\n<!-- wp:paragraph -->\n<p>Selon cette proposition, les d\u00e9ficits dans les processus de description, d\u2019\u00e9dition et de m\u00e9diation donneront lieu \u00e0 diff\u00e9rents types de confabulation.<\/p>\n<!-- \/wp:paragraph -->\n\n<!-- wp:heading {\"level\":4} -->\n<h4 class=\"wp-block-heading\">Limitations des mod\u00e8les de r\u00e9cup\u00e9ration<\/h4>\n<!-- \/wp:heading -->\n\n<!-- wp:paragraph -->\n<p>Comme indiqu\u00e9, ces mod\u00e8les permettraient de pr\u00e9voir une performance moindre dans les t\u00e2ches de rappel que dans celles de reconnaissance, ainsi qu\u2019une alt\u00e9ration de processus ex\u00e9cutifs sp\u00e9cifiques tels que l\u2019initiation de r\u00e9ponses (de recherche) et des difficult\u00e9s de supervision et d\u2019inhibition de r\u00e9ponses inappropri\u00e9es [1].<\/p>\n<!-- \/wp:paragraph -->\n\n<!-- wp:paragraph -->\n<p>Cependant, les diff\u00e9rentes \u00e9tudes sur les corr\u00e9lats neuropsychologiques des confabulations ne sont pas coh\u00e9rentes, de sorte que, bien que les preuves semblent indiquer que le ph\u00e9nom\u00e8ne des confabulations implique \u00e0 la fois des d\u00e9ficits mn\u00e9siques et ex\u00e9cutifs, il n\u2019a pas encore \u00e9t\u00e9 suffisamment clarifi\u00e9 \u00e0 quels processus pr\u00e9cis dans ces fonctions la confabulation est due [1, 4].<\/p>\n<!-- \/wp:paragraph -->\n\n<!-- wp:heading -->\n<h2 class=\"wp-block-heading\">Bibliographie<\/h2>\n<!-- \/wp:heading -->\n\n<!-- wp:list {\"fontSize\":\"sm\"} -->\n<ul class=\"wp-block-list has-sm-font-size\"><!-- wp:list-item --><li>[1] Lorente-Rovira E, McKenna P, Berrios G, Villagr\u00e1n-Moreno JM, Moro-Ipola M (2011). Confabulations II : mod\u00e8les explicatifs. <em>Actas EspPsiquiatr<\/em>, 39(6) : 384-92.<\/li>\n<!-- \/wp:list-item --><!-- wp:list-item --><li>[2] Glowinski R, Payman V &amp; Frencham, K. (2008). Confabulation: a spontaneous and fantastic review. <em>Australian and New Zealand Journal of Psychiatry<\/em>, 42 : 932-940.<\/li>\n<!-- \/wp:list-item --><!-- wp:list-item --><li>[3] Metcalf K, Langdon R, Coltheart M. (2007). Models of confabulation: a critical review and a new framework. <em>CognNeuropsychol<\/em>, 24(1) : 23-47.<\/li>\n<!-- \/wp:list-item --><!-- wp:list-item --><li>[4] Lorente-Rovira E, McKenna PJ, Berrios GE, Moro M, Villagr\u00e1n JM (2011). Confabulaciones (I) : Concepto, clasificaci\u00f3n y neuropatolog\u00eda. <em>Actas EspPsiquiatr<\/em>, 39 : 251-9.<\/li><\/ul>\n<!-- \/wp:list -->\n\n<!-- wp:heading {\"level\":3} -->\n<h3 class=\"wp-block-heading\">Si ce billet sur le ph\u00e9nom\u00e8ne de la confabulation vous a plu, ces articles de NeuronUP pourraient vous int\u00e9resser.<\/h3>\n<!-- \/wp:heading -->\n<!-- wp:acf\/mai-post-grid {\"name\":\"acf\/mai-post-grid\",\"data\":{\"mai_post_grid_clone\":{\"mai_grid_block_show\":[\"image\",\"title\"],\"mai_grid_block_title_size\":\"lg\",\"mai_grid_block_image_orientation\":\"landscape\",\"mai_grid_block_image_position\":\"full\",\"mai_grid_block_align_text\":\"start\",\"mai_grid_block_boxed\":\"1\",\"mai_grid_block_border_radius\":\"\",\"mai_grid_block_columns\":\"3\",\"mai_grid_block_columns_responsive\":\"0\",\"mai_grid_block_align_columns\":\"start\",\"mai_grid_block_align_columns_vertical\":\"\",\"mai_grid_block_column_gap\":\"lg\",\"mai_grid_block_row_gap\":\"lg\",\"mai_grid_block_margin_top\":\"\",\"mai_grid_block_margin_bottom\":\"\",\"mai_grid_block_post_type\":[\"post\"],\"mai_grid_block_query_by\":\"\",\"mai_grid_block_posts_per_page\":\"6\",\"mai_grid_block_posts_offset\":\"0\",\"mai_grid_block_posts_date_after\":\"\",\"mai_grid_block_posts_date_before\":\"\",\"mai_grid_block_posts_orderby\":\"rand\",\"mai_grid_block_posts_order\":\"DESC\",\"mai_grid_block_post_not_in\":\"\",\"mai_grid_block_posts_exclude\":[\"exclude_current\"],\"mai_grid_block_disable_entry_link\":\"0\",\"mai_grid_block_no_results\":\"\"}},\"mode\":\"preview\"} \/--><!-- \/wp:post-content -->","protected":false},"excerpt":{"rendered":"<p>Lidia Garc\u00eda, neuropsychologue clinicienne et chercheuse, pr\u00e9sente dans ce deuxi\u00e8me volume les mod\u00e8les th\u00e9oriques de temporalit\u00e9 et les mod\u00e8les de r\u00e9cup\u00e9ration de la confabulation. Les confabulations peuvent se d\u00e9finir comme de faux souvenirs r\u00e9sultant d&rsquo;un probl\u00e8me de r\u00e9cup\u00e9ration, dont le patient n&rsquo;a pas conscience et en la v\u00e9racit\u00e9 desquels il croit sinc\u00e8rement [1]. Dans un &hellip;<\/p>\n","protected":false},"author":177,"featured_media":33736,"comment_status":"open","ping_status":"open","sticky":false,"template":"","format":"standard","meta":{"_acf_changed":false,"_genesis_hide_title":false,"_genesis_hide_breadcrumbs":false,"_genesis_hide_singular_image":false,"_genesis_hide_footer_widgets":false,"_genesis_custom_body_class":"","_genesis_custom_post_class":"","_genesis_layout":"","footnotes":""},"categories":[583],"tags":[724],"class_list":{"2":"type-post","7":"category-memoire","8":"tag-memoire","9":"entry"},"acf":[],"_links":{"self":[{"href":"https:\/\/neuronup.com\/fr\/wp-json\/wp\/v2\/posts\/40580","targetHints":{"allow":["GET"]}}],"collection":[{"href":"https:\/\/neuronup.com\/fr\/wp-json\/wp\/v2\/posts"}],"about":[{"href":"https:\/\/neuronup.com\/fr\/wp-json\/wp\/v2\/types\/post"}],"author":[{"embeddable":true,"href":"https:\/\/neuronup.com\/fr\/wp-json\/wp\/v2\/users\/177"}],"replies":[{"embeddable":true,"href":"https:\/\/neuronup.com\/fr\/wp-json\/wp\/v2\/comments?post=40580"}],"version-history":[{"count":0,"href":"https:\/\/neuronup.com\/fr\/wp-json\/wp\/v2\/posts\/40580\/revisions"}],"wp:featuredmedia":[{"embeddable":true,"href":"https:\/\/neuronup.com\/fr\/wp-json\/wp\/v2\/media\/33736"}],"wp:attachment":[{"href":"https:\/\/neuronup.com\/fr\/wp-json\/wp\/v2\/media?parent=40580"}],"wp:term":[{"taxonomy":"category","embeddable":true,"href":"https:\/\/neuronup.com\/fr\/wp-json\/wp\/v2\/categories?post=40580"},{"taxonomy":"post_tag","embeddable":true,"href":"https:\/\/neuronup.com\/fr\/wp-json\/wp\/v2\/tags?post=40580"}],"curies":[{"name":"wp","href":"https:\/\/api.w.org\/{rel}","templated":true}]}}