{"id":38142,"date":"2025-10-25T10:02:18","date_gmt":"2025-10-25T10:02:18","guid":{"rendered":"https:\/\/neuronup.com\/?p=38142"},"modified":"2025-10-25T10:02:18","modified_gmt":"2025-10-25T10:02:18","slug":"audition-et-cerveau-la-relation-entre-la-perte-auditive-et-les-fonctions-cognitives","status":"publish","type":"post","link":"https:\/\/neuronup.com\/fr\/neurosciences\/cerveau\/audition-et-cerveau-la-relation-entre-la-perte-auditive-et-les-fonctions-cognitives\/","title":{"rendered":"Audition et cerveau : la relation entre la perte auditive et les fonctions cognitives"},"content":{"rendered":"\n<p class=\"has-xl-font-size\">\u00c0 l&rsquo;occasion de la Journ\u00e9e mondiale de l&rsquo;audition, cet article traite de la relation entre l&rsquo;audition et le cerveau, en mettant particuli\u00e8rement l&rsquo;accent sur <strong>la mani\u00e8re dont la perte auditive affecte les fonctions cognitives et les strat\u00e9gies de r\u00e9habilitation auditive qui peuvent \u00eatre adopt\u00e9es<\/strong>.<\/p>\n\n\n\n<h2 class=\"wp-block-heading\">Introduction<\/h2>\n\n\n\n<p>Le 3 mars de chaque ann\u00e9e est comm\u00e9mor\u00e9 la <strong>Journ\u00e9e mondiale de l&rsquo;audition<\/strong>, une initiative lanc\u00e9e par l&rsquo;Organisation mondiale de la Sant\u00e9 (OMS) pour <strong>sensibiliser \u00e0 l\u2019importance de la sant\u00e9 auditive et \u00e0 la pr\u00e9vention des troubles auditifs<\/strong> (World Health Organization, 2023). Dans le domaine de la neuror\u00e9habilitation, l\u2019audition joue un r\u00f4le crucial dans le traitement cognitif, la communication et la qualit\u00e9 de vie.<\/p>\n\n\n\n<p>Des \u00e9tudes r\u00e9centes ont montr\u00e9 que la <strong>perte auditive<\/strong> n\u2019affecte pas seulement la perception des sons, mais qu\u2019elle <strong>peut impacter n\u00e9gativement la m\u00e9moire, l\u2019attention et d\u2019autres <a href=\"https:\/\/neuronup.com\/fr\/domaines-dintervention\/fonctions-cognitives\/\">fonctions cognitives<\/a> cl\u00e9s<\/strong> (Lin et al., 2013).<\/p>\n\n\n\n<p>Cet article explore la connexion entre l\u2019audition et le cerveau, les effets de l\u2019hypoacousie sur le fonctionnement c\u00e9r\u00e9bral et les strat\u00e9gies de r\u00e9habilitation auditive dans le cadre de la stimulation cognitive.<\/p>\n\n\n\n<h2 class=\"wp-block-heading\">La connexion entre l\u2019audition et le cerveau<\/h2>\n\n\n\n<p>Le syst\u00e8me auditif humain est un <strong>processus neurosensoriel complexe qui n\u2019implique pas seulement les oreilles<\/strong>, mais \u00e9galement d\u2019autres structures c\u00e9r\u00e9brales essentielles \u00e0 la perception des sons et \u00e0 la communication (Peelle et al., 2010).<\/p>\n\n\n\n<p>Lorsque l\u2019oreille capte un son, les ondes sonores se transforment en signaux \u00e9lectriques qui voyagent via le nerf auditif jusqu\u2019au cortex auditif, situ\u00e9 dans le lobe temporal du cerveau. Cette zone est essentielle pour interpr\u00e9ter la signification des sons, reconna\u00eetre les voix et comprendre le <a href=\"https:\/\/neuronup.com\/fr\/domaines-dintervention\/fonctions-cognitives\/le-langage\/\">langage<\/a>.<\/p>\n\n\n\n<p>Ce processus <strong>implique des structures cl\u00e9s<\/strong> telles que :<\/p>\n\n\n\n<ul class=\"wp-block-list\"><li><strong>Oreille externe, moyenne et interne<\/strong>, charg\u00e9es de capter et transmettre les ondes sonores.<\/li><li><strong>Nerf auditif<\/strong>, qui transporte l\u2019information vers le cerveau.<\/li><li><strong>Cortex auditif<\/strong>, situ\u00e9 dans le lobe temporal, o\u00f9 les sons sont trait\u00e9s et interpr\u00e9t\u00e9s.<\/li><\/ul>\n\n\n\n<p>De plus, l\u2019audition est \u00e9troitement li\u00e9e \u00e0 d\u2019autres fonctions cognitives. Des \u00e9tudes ont montr\u00e9 que la <strong>perte auditive non trait\u00e9e peut acc\u00e9l\u00e9rer le <a href=\"https:\/\/neuronup.com\/estimulacion-y-rehabilitacion-cognitiva\/deterioro-cognitivo\/la-rehabilitacion-neuropsicologica-en-el-deterioro-cognitivo-leve\/\">d\u00e9clin cognitif<\/a> et augmenter le risque de <a href=\"https:\/\/neuronup.com\/estimulacion-cognitiva-de-personas-con-alzheimer\/\">d\u00e9mence<\/a><\/strong> (Livingston et al., 2020). Cela pourrait \u00eatre d\u00fb \u00e0 la surcharge cognitive n\u00e9cessaire pour compenser la perte auditive, ainsi qu\u2019\u00e0 la diminution de la stimulation c\u00e9r\u00e9brale et de l\u2019interaction sociale (Oxford University, 2021).<\/p>\n\n\n\n<p>Lorsque ce syst\u00e8me est perturb\u00e9 par la perte auditive, le cerveau doit compenser le d\u00e9ficit en redistribuant les ressources pour interpr\u00e9ter les sons avec moins d\u2019efficacit\u00e9. Des recherches sugg\u00e8rent que cet effort suppl\u00e9mentaire peut engendrer une surcharge cognitive et provoquer un d\u00e9clin d\u2019autres fonctions c\u00e9r\u00e9brales (Lin et al., 2013).<\/p>\n\n\n\n<div style=\"height:50px\" aria-hidden=\"true\" class=\"wp-block-spacer\"><\/div>\n\n\n\n<div class=\"wp-block-group br-0111 has-primary-background-color has-background has-dark-background has-sm-padding-top has-sm-padding-left has-sm-padding-right has-xxl-margin-top\"><div class=\"wp-block-group__inner-container is-layout-constrained wp-block-group-is-layout-constrained\">\n<div class=\"wp-block-columns is-layout-flex wp-container-core-columns-is-layout-9d6595d7 wp-block-columns-is-layout-flex\">\n<div class=\"wp-block-column is-layout-flow wp-block-column-is-layout-flow\">\n<figure class=\"wp-block-image size-full desktop-position-absolute desktop-bottom-0 mobile-width-50 mobile-m-inline-auto has-xl-margin-top\"><img decoding=\"async\" width=\"292\" height=\"338\" src=\"https:\/\/neuronup.com\/fr\/wp-content\/uploads\/2024\/10\/certificat-produit.webp\" alt=\"\" class=\"wp-image-31568\" srcset=\"https:\/\/neuronup.com\/fr\/wp-content\/uploads\/2024\/10\/certificat-produit-259x300.webp 259w, https:\/\/neuronup.com\/fr\/wp-content\/uploads\/2024\/10\/certificat-produit.webp 292w\" sizes=\"(max-width: 292px) 100vw, 292px\" \/><\/figure>\n<\/div>\n\n\n\n<div class=\"wp-block-column is-layout-flow wp-block-column-is-layout-flow\">\n<h2 class=\"wp-block-heading has-white-color has-text-color\"><strong>Abonnez-vous<\/strong> <br>\u00e0 notre <br>Newsletter<\/h2>\n\n\n\n<div class=\"wp-block-buttons is-layout-flex wp-block-buttons-is-layout-flex\">\n<div class=\"wp-block-button--1\" style=\"--button-outline-color:var(--color-white);--button-outline-color-hover:rgba(0,0,0,0.8);\"><a class=\"wp-block-button__link button button-outline   wp-element-button\" href=\"https:\/\/neuronup.com\/fr\/newsletter\/\">Abonnez-vous<\/a><\/div>\n\n<\/div>\n\n\n\n<div style=\"height:40px\" aria-hidden=\"true\" class=\"wp-block-spacer\"><\/div>\n<\/div>\n<\/div>\n<\/div><\/div>\n\n\n\n\n<div style=\"height:50px\" aria-hidden=\"true\" class=\"wp-block-spacer\"><\/div>\n\n\n\n<h2 class=\"wp-block-heading\">Impact de la perte auditive sur la fonction cognitive<\/h2>\n\n\n\n<p>La perte auditive n\u2019affecte pas seulement la capacit\u00e9 d\u2019\u00e9coute, elle a \u00e9galement un impact significatif sur la fonction cognitive. Lorsque le cerveau re\u00e7oit moins de stimuli auditifs, la capacit\u00e9 de traitement et les fonctions c\u00e9r\u00e9brales associ\u00e9es, telles que la m\u00e9moire et l\u2019attention, peuvent \u00eatre alt\u00e9r\u00e9es (Arlinger, 2003). <strong>Le manque de stimulation auditive r\u00e9duit l\u2019activation de certaines zones c\u00e9r\u00e9brales<\/strong>, ce qui peut entra\u00eener une baisse de l\u2019efficacit\u00e9 cognitive.<\/p>\n\n\n\n<p>Plusieurs \u00e9tudes et recherches scientifiques ont mis en \u00e9vidence une corr\u00e9lation entre la perte auditive et le d\u00e9clin cognitif, en particulier chez les personnes \u00e2g\u00e9es (Livingston et al., 2020).<\/p>\n\n\n\n<p>Plusieurs th\u00e9ories ont \u00e9t\u00e9 avanc\u00e9es pour expliquer cette corr\u00e9lation, notamment l\u2019\u00e9vitement des interactions sociales. Cependant, cela peut conduire \u00e0 un isolement social qui, associ\u00e9 \u00e0 la charge cognitive suppl\u00e9mentaire li\u00e9e \u00e0 la tentative de compr\u00e9hension des sons, g\u00e9n\u00e8rerait un stress mental acc\u00e9l\u00e9rant le d\u00e9clin cognitif (Oxford University, 2023).<\/p>\n\n\n\n<h2 class=\"wp-block-heading\">Strat\u00e9gies de r\u00e9habilitation auditive<\/h2>\n\n\n\n<p>La r\u00e9habilitation auditive va au-del\u00e0 de la simple restauration de l\u2019\u00e9coute, elle <strong>implique \u00e9galement d\u2019att\u00e9nuer les effets n\u00e9gatifs de la perte auditive sur la cognition et de renforcer la connexion entre l\u2019audition et le cerveau<\/strong>.<\/p>\n\n\n\n<p>Pour y parvenir, il est essentiel de mettre en place des strat\u00e9gies favorisant la stimulation c\u00e9r\u00e9brale et am\u00e9liorant la communication. Parmi les plus efficaces figurent l\u2019utilisation d\u2019appareils auditifs, la r\u00e9alisation de th\u00e9rapies sp\u00e9cialis\u00e9es en r\u00e9habilitation auditive et stimulation cognitive cibl\u00e9e, ainsi que l\u2019adoption d\u2019habitudes saines renfor\u00e7ant le traitement du son.<\/p>\n\n\n\n<h3 class=\"wp-block-heading\">1. Utilisation d\u2019appareils auditifs pour la r\u00e9habilitation auditive<\/h3>\n\n\n\n<p>Les appareils auditifs jouent un r\u00f4le cl\u00e9 dans la r\u00e9habilitation auditive, car ils <strong>non seulement am\u00e9liorent la capacit\u00e9 d\u2019\u00e9coute, mais stimulent \u00e9galement le cerveau<\/strong>, contribuant \u00e0 pr\u00e9venir le d\u00e9clin cognitif associ\u00e9 \u00e0 la perte auditive (Lin et al., 2013).<\/p>\n\n\n\n<p>La technologie a consid\u00e9rablement progress\u00e9 dans ce domaine, proposant des solutions personnalis\u00e9es pour chaque type d\u2019hypoacousie.<\/p>\n\n\n\n<p>L\u2019utilisation d\u2019aides auditives ou d\u2019implants cochl\u00e9aires aide \u00e0 stimuler le syst\u00e8me auditif, \u00e0 am\u00e9liorer la perception des sons, \u00e0 \u00e9viter la privation sonore et, en fin de compte, \u00e0 r\u00e9duire la charge cognitive du cerveau.<\/p>\n\n\n\n<p>L\u2019utilisation d\u2019appareils auditifs ne contribue pas seulement \u00e0 compenser la perte auditive, elle renforce \u00e9galement la connexion entre l\u2019audition et le cerveau, am\u00e9liorant la qualit\u00e9 de vie et pr\u00e9venant l\u2019isolement social.<\/p>\n\n\n\n<p>Plusieurs recherches confirment que prot\u00e9ger l\u2019audition \u00e0 l\u2019aide de protections auditives dans les environnements bruyants ou l\u2019adoption d\u2019aides auditives peut pr\u00e9venir ou r\u00e9duire le risque de d\u00e9mence. Cependant, il faut garder \u00e0 l\u2019esprit que le processus d\u2019adaptation \u00e0 ces dispositifs demande du temps et un entra\u00eenement pour optimiser leur efficacit\u00e9.<\/p>\n\n\n\n<h4 class=\"wp-block-heading\">Quels dispositifs auditifs peut-on utiliser pour la r\u00e9habilitation auditive ?<\/h4>\n\n\n\n<h5 class=\"wp-block-heading\">1. Utilisation d\u2019appareils auditifs pour la r\u00e9habilitation cognitive<\/h5>\n\n\n\n<p>Les appareils auditifs amplifient les sons et am\u00e9liorent la perception de la parole, facilitant la communication dans divers environnements. Il existe des mod\u00e8les num\u00e9riques qui s\u2019adaptent automatiquement aux variations de volume et r\u00e9duisent le bruit ambiant, offrant une exp\u00e9rience auditive plus claire et naturelle.<\/p>\n\n\n\n<h5 class=\"wp-block-heading\">2. Utilisation d\u2019implants cochl\u00e9aires pour la r\u00e9habilitation auditive<\/h5>\n\n\n\n<p>Pour les personnes atteintes d\u2019une perte auditive s\u00e9v\u00e8re ou profonde, les implants cochl\u00e9aires constituent une alternative efficace. Ces dispositifs transforment le son en signaux \u00e9lectriques qui stimulent directement le nerf auditif, restaurant la perception auditive m\u00eame dans les cas o\u00f9 les appareils auditifs ne suffisent pas.<\/p>\n\n\n\n<h3 class=\"wp-block-heading\">2. Th\u00e9rapies de stimulation cognitive pour la r\u00e9habilitation auditive<\/h3>\n\n\n\n<p>Par ailleurs, la <strong>r\u00e9habilitation auditive<\/strong> ne d\u00e9pend pas uniquement de l\u2019utilisation d\u2019appareils auditifs tels que les aides auditives ou les implants cochl\u00e9aires, elle <strong>requiert \u00e9galement une approche globale dans laquelle la stimulation cognitive joue un r\u00f4le cl\u00e9<\/strong>.<\/p>\n\n\n\n<p>Les <strong>th\u00e9rapies de stimulation cognitive aident \u00e0 renforcer des fonctions cl\u00e9s<\/strong> telles que la m\u00e9moire auditive, l\u2019attention s\u00e9lective et la vitesse de traitement auditif, optimisant la capacit\u00e9 \u00e0 comprendre la parole, notamment dans des environnements difficiles (Peelle et al., 2010).<\/p>\n\n\n\n<div style=\"height:50px\" aria-hidden=\"true\" class=\"wp-block-spacer\"><\/div>\n\n\n\n<div class=\"wp-block-group br-0111 has-primary-background-color has-background has-dark-background has-sm-padding-top has-sm-padding-left has-sm-padding-right has-xxl-margin-top\"><div class=\"wp-block-group__inner-container is-layout-constrained wp-block-group-is-layout-constrained\">\n<div class=\"wp-block-columns is-layout-flex wp-container-core-columns-is-layout-9d6595d7 wp-block-columns-is-layout-flex\">\n<div class=\"wp-block-column is-layout-flow wp-block-column-is-layout-flow\">\n<figure class=\"wp-block-image size-full desktop-position-absolute desktop-bottom-0 mobile-width-50 mobile-m-inline-auto has-xl-margin-top\"><img decoding=\"async\" width=\"292\" height=\"338\" src=\"https:\/\/neuronup.com\/fr\/wp-content\/uploads\/2024\/10\/certificat-produit.webp\" alt=\"\" class=\"wp-image-31568\" srcset=\"https:\/\/neuronup.com\/fr\/wp-content\/uploads\/2024\/10\/certificat-produit-259x300.webp 259w, https:\/\/neuronup.com\/fr\/wp-content\/uploads\/2024\/10\/certificat-produit.webp 292w\" sizes=\"(max-width: 292px) 100vw, 292px\" \/><\/figure>\n<\/div>\n\n\n\n<div class=\"wp-block-column is-layout-flow wp-block-column-is-layout-flow\">\n<h2 class=\"wp-block-heading has-white-color has-text-color\"><strong>Abonnez-vous<\/strong> <br>\u00e0 notre <br>Newsletter<\/h2>\n\n\n\n<div class=\"wp-block-buttons is-layout-flex wp-block-buttons-is-layout-flex\">\n<div class=\"wp-block-button--2\" style=\"--button-outline-color:var(--color-white);--button-outline-color-hover:rgba(0,0,0,0.8);\"><a class=\"wp-block-button__link button button-outline   wp-element-button\" href=\"https:\/\/neuronup.com\/fr\/newsletter\/\">Abonnez-vous<\/a><\/div>\n\n<\/div>\n\n\n\n<div style=\"height:40px\" aria-hidden=\"true\" class=\"wp-block-spacer\"><\/div>\n<\/div>\n<\/div>\n<\/div><\/div>\n\n\n\n\n<div style=\"height:60px\" aria-hidden=\"true\" class=\"wp-block-spacer\"><\/div>\n\n\n\n<p>\u00c0 cet \u00e9gard, des s\u00e9ances de stimulation cognitive ax\u00e9es sur la <strong>lecture \u00e0 voix haute, l\u2019\u00e9coute active de musique et la r\u00e9alisation de <a href=\"https:\/\/neuronup.com\/actividades-de-neurorrehabilitacion\/actividades-auditivas-en-rehabilitacion-cognitiva-de-ninos-y-adultos\/\">jeux de m\u00e9moire auditive<\/a> favorisent l\u2019int\u00e9gration du son avec d\u2019autres fonctions cognitives<\/strong>, am\u00e9liorant l\u2019attention et la compr\u00e9hension verbale, en plus de renforcer les connexions neuronales responsables du traitement auditif.<\/p>\n\n\n\n<p>Parmi les techniques utilis\u00e9es, <strong>on distingue<\/strong> :<\/p>\n\n\n\n<ul class=\"wp-block-list\"><li><strong>Exercices de discrimination auditive<\/strong>, visant \u00e0 entra\u00eener le cerveau \u00e0 diff\u00e9rencier des sons similaires, facilitant ainsi la compr\u00e9hension de la parole.<\/li><li><strong>Activit\u00e9s de m\u00e9moire<\/strong>, ax\u00e9es sur le renforcement de la capacit\u00e9 \u00e0 m\u00e9moriser et \u00e0 traiter l\u2019information auditive.<\/li><li><strong>Jeux d\u2019attention s\u00e9lective<\/strong>, con\u00e7us pour aider \u00e0 se concentrer sur des sons sp\u00e9cifiques dans des environnements bruyants.<\/li><li><strong>Exercices de traitement phonologique<\/strong>, visant \u00e0 am\u00e9liorer l\u2019identification et la production des sons du langage.<\/li><li><strong>Activit\u00e9s de lat\u00e9ralisation et\/ou localisation des sons<\/strong>, qui aident \u00e0 d\u00e9terminer l\u2019origine de chaque son.<\/li><\/ul>\n\n\n\n<div style=\"height:40px\" aria-hidden=\"true\" class=\"wp-block-spacer\"><\/div>\n\n\n\n<div class=\"wp-block-columns is-layout-flex wp-container-core-columns-is-layout-9d6595d7 wp-block-columns-is-layout-flex\">\n<div class=\"wp-block-column testimonial-block br-0101 is-layout-flow wp-block-column-is-layout-flow\">\n<h2 class=\"wp-block-heading has-lg-font-size\"><strong><a href=\"https:\/\/neuronup.com\/actividades-de-neurorrehabilitacion\/actividades-de-la-vida-diaria-avds\/actividades-de-la-vida-diaria-avds-definicion-clasificacion-y-ejercicios\/\">Activit\u00e9s de la vie quotidienne (AVQ)<\/a><\/strong><\/h2>\n\n\n\n<p>Les activit\u00e9s de la vie quotidienne (AVQ) sont <strong>essentielles pour renforcer les comp\u00e9tences acquises lors des entra\u00eenements auditifs<\/strong> ; car leur alt\u00e9ration et leur perte sont des signes de trouble cognitif l\u00e9ger (TCL).<\/p>\n\n\n\n<p>Des activit\u00e9s telles que la communication quotidienne, l\u2019interaction dans des environnements sociaux, les courses ou l\u2019organisation du foyer peuvent \u00eatre entra\u00een\u00e9es pour faciliter le traitement auditif dans les situations de tous les jours. L\u2019int\u00e9gration de ces t\u00e2ches au quotidien favorise la g\u00e9n\u00e9ralisation des comp\u00e9tences acquises, encourage l\u2019autonomie et am\u00e9liore la capacit\u00e9 d\u2019\u00e9coute dans des contextes naturels.<\/p>\n<\/div>\n<\/div>\n\n\n\n<div style=\"height:20px\" aria-hidden=\"true\" class=\"wp-block-spacer\"><\/div>\n\n\n\n<h4 class=\"wp-block-heading\">B\u00e9n\u00e9fices des th\u00e9rapies de stimulation cognitive pour la r\u00e9habilitation auditive<\/h4>\n\n\n\n<h5 class=\"wp-block-heading\">1. Am\u00e9lioration du traitement auditif<\/h5>\n\n\n\n<p>La stimulation cognitive renforce des comp\u00e9tences telles que la m\u00e9moire de travail, l\u2019attention s\u00e9lective et la vitesse de traitement, facilitant l\u2019interpr\u00e9tation des sons et la reconnaissance de la parole, notamment dans des environnements bruyants.<\/p>\n\n\n\n<h5 class=\"wp-block-heading\">2. Compensation des d\u00e9ficits auditifs<\/h5>\n\n\n\n<p>Les personnes souffrant de perte auditive d\u00e9veloppent souvent des strat\u00e9gies cognitives pour compenser la diminution de la perception sonore. Les exercices de stimulation cognitive renforcent ces strat\u00e9gies, favorisant la compr\u00e9hension du langage m\u00eame avec une capacit\u00e9 auditive r\u00e9duite.<\/p>\n\n\n\n<h5 class=\"wp-block-heading\">3. R\u00e9duction de l\u2019effort auditif<\/h5>\n\n\n\n<p>La perte auditive implique un effort mental accru pour comprendre les sons. L\u2019entra\u00eenement cognitif optimise l\u2019efficacit\u00e9 neuronale, r\u00e9duisant la fatigue auditive et am\u00e9liorant la qualit\u00e9 de vie.<\/p>\n\n\n\n<h5 class=\"wp-block-heading\">4. Pr\u00e9vention du d\u00e9clin cognitif<\/h5>\n\n\n\n<p>La perte auditive non trait\u00e9e est associ\u00e9e \u00e0 un risque accru de d\u00e9clin cognitif. La stimulation de fonctions telles que la m\u00e9moire, l\u2019attention et les fonctions ex\u00e9cutives contribue \u00e0 pr\u00e9venir cet impact n\u00e9gatif.<\/p>\n\n\n\n<div style=\"height:50px\" aria-hidden=\"true\" class=\"wp-block-spacer\"><\/div>\n\n\n\n<div class=\"wp-block-group\"><div class=\"wp-block-group__inner-container is-layout-constrained wp-block-group-is-layout-constrained\">\n<div class=\"wp-block-columns br-0111 particle-bg p-5 has-primary-background-color has-background is-layout-flex wp-container-core-columns-is-layout-9d6595d7 wp-block-columns-is-layout-flex\">\n<div class=\"wp-block-column is-layout-flow wp-block-column-is-layout-flow\" style=\"flex-basis:66.66%\">\n<h2 class=\"wp-block-heading has-white-color has-text-color\">Essayez NeuronUP 7 jours gratuitement<\/h2>\n\n\n\n<p class=\"has-white-color has-text-color\">Vous pourrez travailler avec nos activit\u00e9s, concevoir des s\u00e9ances ou effectuer des r\u00e9habilitations \u00e0 distance<\/p>\n<\/div>\n\n\n\n<div class=\"wp-block-column is-layout-flow wp-block-column-is-layout-flow\" style=\"flex-basis:33.33%\">\n<div class=\"wp-block-buttons is-content-justification-center is-layout-flex wp-container-core-buttons-is-layout-16018d1d wp-block-buttons-is-layout-flex\">\n<div class=\"wp-block-button\" style=\"--button-background:var(--color-custom-1);--button-background-hover:#cc7e00;\"><a class=\"wp-block-button__link button   wp-element-button\" href=\"https:\/\/neuronup.com\/fr\/landing\/\">Commencez votre essai<\/a><\/div>\n\n<\/div>\n<\/div>\n<\/div>\n<\/div><\/div>\n\n\n\n<div style=\"height:50px\" aria-hidden=\"true\" class=\"wp-block-spacer\"><\/div>\n\n\n\n<h3 class=\"wp-block-heading\">3. Promotion d\u2019habitudes saines<\/h3>\n\n\n\n<p>La pr\u00e9vention et le soin du syst\u00e8me auditif sont essentiels pour \u00e9viter la progression de la perte auditive et optimiser les r\u00e9sultats de la r\u00e9habilitation (World Health Organization, 2023).<\/p>\n\n\n\n<p>Voici quelques <strong>conseils visant \u00e0 maintenir une bonne sant\u00e9 auditive et cognitive<\/strong> :<\/p>\n\n\n\n<ul class=\"wp-block-list\"><li><strong>\u00c9viter une exposition prolong\u00e9e \u00e0 des bruits forts<\/strong> pouvant acc\u00e9l\u00e9rer la perte auditive. La mod\u00e9ration du volume sur les appareils \u00e9lectroniques peut \u00e9galement r\u00e9duire le risque de dommages auditifs.<\/li><li><strong>Maintenir une alimentation \u00e9quilibr\u00e9e<\/strong>, riche en antioxydants et en acides gras tels que les om\u00e9ga-3, le magn\u00e9sium et les vitamines A, C et E, qui favorisent la sant\u00e9 de l\u2019oreille interne.<\/li><li><strong>Faire r\u00e9guli\u00e8rement de l\u2019exercice physique<\/strong> pour am\u00e9liorer le flux sanguin de l\u2019oreille interne et r\u00e9duire le risque de perte auditive li\u00e9e \u00e0 l\u2019\u00e2ge.<\/li><li><strong>\u00c9viter le tabagisme et la consommation excessive d\u2019alcool<\/strong>, car ces deux facteurs sont li\u00e9s \u00e0 un risque accru de d\u00e9t\u00e9rioration auditive.<\/li><li><strong>Effectuer des contr\u00f4les auditifs r\u00e9guliers<\/strong>, afin de permettre une d\u00e9tection pr\u00e9coce des probl\u00e8mes auditifs et de faciliter une intervention ad\u00e9quate.<\/li><\/ul>\n\n\n\n<h2 class=\"wp-block-heading\">Conclusion<\/h2>\n\n\n\n<p>La relation entre l\u2019audition et le cerveau est un domaine d\u2019int\u00e9r\u00eat croissant en neuror\u00e9habilitation. La perte auditive n\u2019affecte pas seulement la perception du son, elle peut \u00e9galement avoir des cons\u00e9quences sur la m\u00e9moire, l\u2019attention et la fonction cognitive en g\u00e9n\u00e9ral.<\/p>\n\n\n\n<p>La d\u00e9tection pr\u00e9coce, l\u2019utilisation d\u2019appareils auditifs, les th\u00e9rapies de stimulation cognitive et la mise en place d\u2019habitudes saines sont des strat\u00e9gies cl\u00e9s pour att\u00e9nuer ces effets et am\u00e9liorer la qualit\u00e9 de vie des patients.<\/p>\n\n\n\n<h2 class=\"wp-block-heading\">Bibliographie<\/h2>\n\n\n\n<ul class=\"wp-block-list\"><li class=\"has-sm-font-size\">Arlinger, S. (2003). Negative consequences of uncorrected hearing loss \u2013 A review. International Journal of Audiology, 42(sup2), 17-20.<\/li><li class=\"has-sm-font-size\">Lin, F. R., Yaffe, K., Xia, J., et al. (2013). Hearing loss and cognitive decline in older adults. JAMA Internal Medicine, 173(4), 293-299.<\/li><li class=\"has-sm-font-size\">Livingston, G., Huntley, J., Sommerlad, A., et al. (2020). Dementia prevention, intervention, and care: 2020 report of the Lancet Commission. The Lancet, 396(10248), 413-446.<\/li><li class=\"has-sm-font-size\">Stevenson, J. S., Clifton, L., Ku\u017ama, E., &amp; Littlejohns, T. J. (2022). Speech\u2010in\u2010noise hearing impairment is associated with an increased risk of incident dementia in 82,039 UK Biobank participants. Alzheimer&rsquo;s &amp; Dementia, 18(3), 445-456.<\/li><li class=\"has-sm-font-size\">Stevenson, J., &amp; Littlejohns, T. (21 juillet 2021). <em>Difficulty hearing speech could be a risk factor for dementia<\/em>. University of Oxford. https:\/\/www.ox.ac.uk\/news\/2021-07-21-difficulty-hearing-speech-could-be-risk-factor-dementia<\/li><li class=\"has-sm-font-size\">Peelle, J. E., Troiani, V., Wingfield, A., &amp; Grossman, M. (2010). Neural processing of speech in aging and hearing loss: Functional MRI evidence of compensatory mechanisms. The Journal of Neuroscience, 30(48), 15250-15258.<\/li><li class=\"has-sm-font-size\">World Health Organization (2023). World Hearing Day: Hearing care for all. Disponible sur : https:\/\/www.who.int<\/li><\/ul>\n\n\n\n<h3 class=\"wp-block-heading\">Si vous avez aim\u00e9 cet article de blog sur la <strong>relation entre la perte auditive et les fonctions cognitives<\/strong>, ces articles de NeuronUP devraient s\u00fbrement vous int\u00e9resser :<\/h3>\n\n<div class=\"mai-grid entries entries-grid has-boxed has-image-full\" style=\"--entry-title-font-size:var(--font-size-lg);--align-text:start;--entry-meta-text-align:start;\"><div class=\"entries-wrap has-columns\" style=\"--columns-xs:1\/1;--columns-sm:1\/1;--columns-md:1\/3;--columns-lg:1\/3;--flex-xs:0 0 var(--flex-basis);--flex-sm:0 0 var(--flex-basis);--flex-md:0 0 var(--flex-basis);--flex-lg:0 0 var(--flex-basis);--column-gap:var(--spacing-lg);--row-gap:var(--spacing-lg);--align-columns:start;\"><article class=\"entry entry-grid is-column has-entry-link has-image has-image-first type-post category-actualites-de-la-stimulation-cognitive tag-reeducation-cognitive tag-stimulation-cognitive\" style=\"--entry-index:1;\" aria-label=\"Neuror\u00e9habilitation ou neuror\u00e9habilitation : comment l\u2019\u00e9crit-on ?\" itemscope itemtype=\"https:\/\/schema.org\/CreativeWork\"><a class=\"entry-image-link\" href=\"https:\/\/neuronup.com\/fr\/actualites-de-la-stimulation-cognitive\/neurorehabilitation-ou-neurorehabilitation-comment-secrit\/\" tabindex=\"-1\" aria-hidden=\"true\"><img decoding=\"async\" width=\"400\" height=\"300\" src=\"https:\/\/neuronup.com\/fr\/wp-content\/uploads\/2023\/02\/neurorrehabilitaciom-cerebro-1-1.webp\" class=\"entry-image size-landscape-sm\" alt=\"Repr\u00e9sentation 3D d\u2019un cerveau bleu avec r\u00e9seau neuronal et points rouges sur fond noir, symbolisant l\u2019activit\u00e9 c\u00e9r\u00e9brale.\" srcset=\"https:\/\/neuronup.com\/fr\/wp-content\/uploads\/2023\/02\/neurorrehabilitaciom-cerebro-1-1-300x225.webp 300w, https:\/\/neuronup.com\/fr\/wp-content\/uploads\/2023\/02\/neurorrehabilitaciom-cerebro-1-1-768x576.webp 768w, https:\/\/neuronup.com\/fr\/wp-content\/uploads\/2023\/02\/neurorrehabilitaciom-cerebro-1-1-1024x768.webp 1024w, https:\/\/neuronup.com\/fr\/wp-content\/uploads\/2023\/02\/neurorrehabilitaciom-cerebro-1-1.webp 1200w\" sizes=\"(max-width:599px) 599px, (min-width:600px) and (max-width: 799px) 799px, (min-width:800px) and (max-width: 999px) 333px, (min-width:1000px) 400px\" \/><\/a><div class=\"entry-wrap entry-wrap-grid\"><h3 class=\"entry-title\" itemprop=\"headline\"><a class=\"entry-title-link\" href=\"https:\/\/neuronup.com\/fr\/actualites-de-la-stimulation-cognitive\/neurorehabilitation-ou-neurorehabilitation-comment-secrit\/\" rel=\"bookmark\">Neuror\u00e9habilitation ou neuror\u00e9habilitation : comment l\u2019\u00e9crit-on ?<\/a><\/h3>\n<\/div><\/article><article class=\"entry entry-grid is-column has-entry-link has-image has-image-first type-post category-neuronup-academie tag-academie-neuronup tag-maladie-de-parkinson tag-presentation-de-lacademie-neuronup tag-stimulation-cognitive\" style=\"--entry-index:2;\" aria-label=\"Le neuropsychologue Sa\u00fcl Mart\u00ednez Horta donne une conf\u00e9rence sur la stimulation cognitive dans les troubles du mouvement\" itemscope itemtype=\"https:\/\/schema.org\/CreativeWork\"><a class=\"entry-image-link\" href=\"https:\/\/neuronup.com\/fr\/formation\/neuronup-academie\/saul-martinez-horta-donne-un-expose-sur-la-stimulation-cognitive-dans-les-troubles-du-mouvement\/\" tabindex=\"-1\" aria-hidden=\"true\"><img decoding=\"async\" width=\"400\" height=\"240\" src=\"https:\/\/neuronup.com\/fr\/wp-content\/uploads\/2023\/05\/El-neuropsicologo-Saul-Martinez-Horta-imparte-una-ponencia-sobre-estimulacion-cognitiva-en-trastornos-del-movimiento-1.webp\" class=\"entry-image size-landscape-sm\" alt=\"Portrait du neuropsychologue Sa\u00fcl Mart\u00ednez Horta lors d&#039;une conf\u00e9rence sur la stimulation cognitive dans les troubles du mouvement.\" srcset=\"https:\/\/neuronup.com\/fr\/wp-content\/uploads\/2023\/05\/El-neuropsicologo-Saul-Martinez-Horta-imparte-una-ponencia-sobre-estimulacion-cognitiva-en-trastornos-del-movimiento-1-300x180.webp 300w, https:\/\/neuronup.com\/fr\/wp-content\/uploads\/2023\/05\/El-neuropsicologo-Saul-Martinez-Horta-imparte-una-ponencia-sobre-estimulacion-cognitiva-en-trastornos-del-movimiento-1-768x461.webp 768w, https:\/\/neuronup.com\/fr\/wp-content\/uploads\/2023\/05\/El-neuropsicologo-Saul-Martinez-Horta-imparte-una-ponencia-sobre-estimulacion-cognitiva-en-trastornos-del-movimiento-1-1024x614.webp 1024w, https:\/\/neuronup.com\/fr\/wp-content\/uploads\/2023\/05\/El-neuropsicologo-Saul-Martinez-Horta-imparte-una-ponencia-sobre-estimulacion-cognitiva-en-trastornos-del-movimiento-1.webp 1280w\" sizes=\"(max-width:599px) 599px, (min-width:600px) and (max-width: 799px) 799px, (min-width:800px) and (max-width: 999px) 333px, (min-width:1000px) 400px\" \/><\/a><div class=\"entry-wrap entry-wrap-grid\"><h3 class=\"entry-title\" itemprop=\"headline\"><a class=\"entry-title-link\" href=\"https:\/\/neuronup.com\/fr\/formation\/neuronup-academie\/saul-martinez-horta-donne-un-expose-sur-la-stimulation-cognitive-dans-les-troubles-du-mouvement\/\" rel=\"bookmark\">Le neuropsychologue Sa\u00fcl Mart\u00ednez Horta donne une conf\u00e9rence sur la stimulation cognitive dans les troubles du mouvement<\/a><\/h3>\n<\/div><\/article><article class=\"entry entry-grid is-column has-entry-link has-image has-image-first type-post category-avc tag-avc tag-heminegligence tag-reeducation-cognitive tag-reeducation-cognitive-avec-neuronup\" style=\"--entry-index:3;\" aria-label=\"La r\u00e9\u00e9ducation de l&#8217;h\u00e9min\u00e9gligence apr\u00e8s un AVC\" itemscope itemtype=\"https:\/\/schema.org\/CreativeWork\"><a class=\"entry-image-link\" href=\"https:\/\/neuronup.com\/fr\/actualites-de-la-stimulation-cognitive\/lesions-cerebrales\/avc\/la-reeducation-de-lheminegligence-apres-un-avc\/\" tabindex=\"-1\" aria-hidden=\"true\"><img decoding=\"async\" width=\"400\" height=\"300\" src=\"https:\/\/neuronup.com\/fr\/wp-content\/uploads\/2024\/11\/Reeducation-de-lheminegligence-apres-un-A.V.C.-2-400x300.webp\" class=\"entry-image size-landscape-sm\" alt=\"Personne portant un dispositif de stimulation cr\u00e2nienne sur la t\u00eate; texte explicatif sur l&#039;h\u00e9min\u00e9gligence apr\u00e8s AVC.\" srcset=\"https:\/\/neuronup.com\/fr\/wp-content\/uploads\/2024\/11\/Reeducation-de-lheminegligence-apres-un-A.V.C.-2-400x300.webp 400w, https:\/\/neuronup.com\/fr\/wp-content\/uploads\/2024\/11\/Reeducation-de-lheminegligence-apres-un-A.V.C.-2-800x600.webp 800w, https:\/\/neuronup.com\/fr\/wp-content\/uploads\/2024\/11\/Reeducation-de-lheminegligence-apres-un-A.V.C.-2-1200x900.webp 1200w\" sizes=\"(max-width:599px) 599px, (min-width:600px) and (max-width: 799px) 799px, (min-width:800px) and (max-width: 999px) 333px, (min-width:1000px) 400px\" \/><\/a><div class=\"entry-wrap entry-wrap-grid\"><h3 class=\"entry-title\" itemprop=\"headline\"><a class=\"entry-title-link\" href=\"https:\/\/neuronup.com\/fr\/actualites-de-la-stimulation-cognitive\/lesions-cerebrales\/avc\/la-reeducation-de-lheminegligence-apres-un-avc\/\" rel=\"bookmark\">La r\u00e9\u00e9ducation de l&#8217;h\u00e9min\u00e9gligence apr\u00e8s un AVC<\/a><\/h3>\n<\/div><\/article><article class=\"entry entry-grid is-column has-entry-link has-image has-image-first type-post category-psychologie tag-fonctions-executives tag-psychologie tag-sante-mentale\" style=\"--entry-index:4;\" aria-label=\"La prise de d\u00e9cision d&rsquo;un point de vue psychologique\" itemscope itemtype=\"https:\/\/schema.org\/CreativeWork\"><a class=\"entry-image-link\" href=\"https:\/\/neuronup.com\/fr\/psychologie\/la-prise-de-decision-dun-point-de-vue-psychologique\/\" tabindex=\"-1\" aria-hidden=\"true\"><img decoding=\"async\" width=\"400\" height=\"300\" src=\"https:\/\/neuronup.com\/fr\/wp-content\/uploads\/2025\/04\/La-prise-de-decision-dun-point-de-vue-psychologique-1-400x300.webp\" class=\"entry-image size-landscape-sm\" alt=\"Feuille avec des cases \u00e0 cocher et un marqueur rose, illustrant un processus de v\u00e9rification et de prise de d\u00e9cision.\" srcset=\"https:\/\/neuronup.com\/fr\/wp-content\/uploads\/2025\/04\/La-prise-de-decision-dun-point-de-vue-psychologique-1-300x225.webp 300w, https:\/\/neuronup.com\/fr\/wp-content\/uploads\/2025\/04\/La-prise-de-decision-dun-point-de-vue-psychologique-1-400x300.webp 400w, https:\/\/neuronup.com\/fr\/wp-content\/uploads\/2025\/04\/La-prise-de-decision-dun-point-de-vue-psychologique-1-768x576.webp 768w, https:\/\/neuronup.com\/fr\/wp-content\/uploads\/2025\/04\/La-prise-de-decision-dun-point-de-vue-psychologique-1-800x600.webp 800w, https:\/\/neuronup.com\/fr\/wp-content\/uploads\/2025\/04\/La-prise-de-decision-dun-point-de-vue-psychologique-1-1024x768.webp 1024w, https:\/\/neuronup.com\/fr\/wp-content\/uploads\/2025\/04\/La-prise-de-decision-dun-point-de-vue-psychologique-1.webp 1200w\" sizes=\"(max-width:599px) 599px, (min-width:600px) and (max-width: 799px) 799px, (min-width:800px) and (max-width: 999px) 333px, (min-width:1000px) 400px\" \/><\/a><div class=\"entry-wrap entry-wrap-grid\"><h3 class=\"entry-title\" itemprop=\"headline\"><a class=\"entry-title-link\" href=\"https:\/\/neuronup.com\/fr\/psychologie\/la-prise-de-decision-dun-point-de-vue-psychologique\/\" rel=\"bookmark\">La prise de d\u00e9cision d&rsquo;un point de vue psychologique<\/a><\/h3>\n<\/div><\/article><article class=\"entry entry-grid is-column has-entry-link has-image has-image-first type-post category-nouvelles-activites tag-activites-de-stimulation-cognitive tag-memoire tag-memoire-episodique tag-neuronup tag-nouvelle-activite tag-stimulation-cognitive\" style=\"--entry-index:5;\" aria-label=\"Nouvelle activit\u00e9 pour enfant: \u00abM\u00e9morisez les constellations\u00bb\" itemscope itemtype=\"https:\/\/schema.org\/CreativeWork\"><a class=\"entry-image-link\" href=\"https:\/\/neuronup.com\/fr\/nouveautes-neuronup\/nouvelles-activites\/nouvelle-activite-pour-enfant-memorisez-les-constellations\/\" tabindex=\"-1\" aria-hidden=\"true\"><img decoding=\"async\" width=\"400\" height=\"300\" src=\"https:\/\/neuronup.com\/fr\/wp-content\/uploads\/2024\/11\/Memorisez-les-constellations-400x300.webp\" class=\"entry-image size-landscape-sm\" alt=\"Fond bleu avec grille et \u00e9toiles jaunes; bandeau en bas annonce l\u2019activit\u00e9 enfant M\u00e9morisez les constellations, nouvelle.\" srcset=\"https:\/\/neuronup.com\/fr\/wp-content\/uploads\/2024\/11\/Memorisez-les-constellations-400x300.webp 400w, https:\/\/neuronup.com\/fr\/wp-content\/uploads\/2024\/11\/Memorisez-les-constellations-800x600.webp 800w, https:\/\/neuronup.com\/fr\/wp-content\/uploads\/2024\/11\/Memorisez-les-constellations-1200x900.webp 1200w\" sizes=\"(max-width:599px) 599px, (min-width:600px) and (max-width: 799px) 799px, (min-width:800px) and (max-width: 999px) 333px, (min-width:1000px) 400px\" \/><\/a><div class=\"entry-wrap entry-wrap-grid\"><h3 class=\"entry-title\" itemprop=\"headline\"><a class=\"entry-title-link\" href=\"https:\/\/neuronup.com\/fr\/nouveautes-neuronup\/nouvelles-activites\/nouvelle-activite-pour-enfant-memorisez-les-constellations\/\" rel=\"bookmark\">Nouvelle activit\u00e9 pour enfant: \u00abM\u00e9morisez les constellations\u00bb<\/a><\/h3>\n<\/div><\/article><article class=\"entry entry-grid is-column has-entry-link has-image has-image-first type-post category-temoignages tag-stimulation-cognitive tag-temoignages\" style=\"--entry-index:6;\" aria-label=\"Surmonter les d\u00e9fis cognitifs : l\u2019approche unique de BIQAF PSYCHOLOGY\" itemscope itemtype=\"https:\/\/schema.org\/CreativeWork\"><a class=\"entry-image-link\" href=\"https:\/\/neuronup.com\/fr\/actualites-de-la-stimulation-cognitive\/temoignages\/surmonter-les-defis-cognitifs-lapproche-unique-de-biqaf-psychology\/\" tabindex=\"-1\" aria-hidden=\"true\"><img decoding=\"async\" width=\"400\" height=\"300\" src=\"https:\/\/neuronup.com\/fr\/wp-content\/uploads\/2024\/11\/Temoignage-NeuronUP-1-1-1-400x300.webp\" class=\"entry-image size-landscape-sm\" alt=\"Personne assise \u00e0 un bureau avec deux \u00e9crans montrant graphiques et chiffres, \u00e9couteurs, ambiance neutre.\" srcset=\"https:\/\/neuronup.com\/fr\/wp-content\/uploads\/2024\/11\/Temoignage-NeuronUP-1-1-1-300x225.webp 300w, https:\/\/neuronup.com\/fr\/wp-content\/uploads\/2024\/11\/Temoignage-NeuronUP-1-1-1-400x300.webp 400w, https:\/\/neuronup.com\/fr\/wp-content\/uploads\/2024\/11\/Temoignage-NeuronUP-1-1-1-768x576.webp 768w, https:\/\/neuronup.com\/fr\/wp-content\/uploads\/2024\/11\/Temoignage-NeuronUP-1-1-1-800x600.webp 800w, https:\/\/neuronup.com\/fr\/wp-content\/uploads\/2024\/11\/Temoignage-NeuronUP-1-1-1-1024x768.webp 1024w, https:\/\/neuronup.com\/fr\/wp-content\/uploads\/2024\/11\/Temoignage-NeuronUP-1-1-1.webp 1200w\" sizes=\"(max-width:599px) 599px, (min-width:600px) and (max-width: 799px) 799px, (min-width:800px) and (max-width: 999px) 333px, (min-width:1000px) 400px\" \/><\/a><div class=\"entry-wrap entry-wrap-grid\"><h3 class=\"entry-title\" itemprop=\"headline\"><a class=\"entry-title-link\" href=\"https:\/\/neuronup.com\/fr\/actualites-de-la-stimulation-cognitive\/temoignages\/surmonter-les-defis-cognitifs-lapproche-unique-de-biqaf-psychology\/\" rel=\"bookmark\">Surmonter les d\u00e9fis cognitifs : l\u2019approche unique de BIQAF PSYCHOLOGY<\/a><\/h3>\n<\/div><\/article><\/div><\/div>","protected":false},"excerpt":{"rendered":"<p>\u00c0 l&rsquo;occasion de la Journ\u00e9e mondiale de l&rsquo;audition, cet article traite de la relation entre l&rsquo;audition et le cerveau, en mettant particuli\u00e8rement l&rsquo;accent sur la mani\u00e8re dont la perte auditive affecte les fonctions cognitives et les strat\u00e9gies de r\u00e9habilitation auditive qui peuvent \u00eatre adopt\u00e9es. Introduction Le 3 mars de chaque ann\u00e9e est comm\u00e9mor\u00e9 la Journ\u00e9e &hellip;<\/p>\n","protected":false},"author":7,"featured_media":38174,"comment_status":"open","ping_status":"open","sticky":false,"template":"","format":"standard","meta":{"_acf_changed":false,"_genesis_hide_title":false,"_genesis_hide_breadcrumbs":false,"_genesis_hide_singular_image":false,"_genesis_hide_footer_widgets":false,"_genesis_custom_body_class":"","_genesis_custom_post_class":"","_genesis_layout":"","footnotes":""},"categories":[599],"tags":[694,657],"class_list":{"2":"type-post","7":"category-cerveau","8":"tag-activites-de-stimulation-cognitive","9":"tag-cerveau","10":"entry"},"acf":[],"_links":{"self":[{"href":"https:\/\/neuronup.com\/fr\/wp-json\/wp\/v2\/posts\/38142","targetHints":{"allow":["GET"]}}],"collection":[{"href":"https:\/\/neuronup.com\/fr\/wp-json\/wp\/v2\/posts"}],"about":[{"href":"https:\/\/neuronup.com\/fr\/wp-json\/wp\/v2\/types\/post"}],"author":[{"embeddable":true,"href":"https:\/\/neuronup.com\/fr\/wp-json\/wp\/v2\/users\/7"}],"replies":[{"embeddable":true,"href":"https:\/\/neuronup.com\/fr\/wp-json\/wp\/v2\/comments?post=38142"}],"version-history":[{"count":0,"href":"https:\/\/neuronup.com\/fr\/wp-json\/wp\/v2\/posts\/38142\/revisions"}],"wp:featuredmedia":[{"embeddable":true,"href":"https:\/\/neuronup.com\/fr\/wp-json\/wp\/v2\/media\/38174"}],"wp:attachment":[{"href":"https:\/\/neuronup.com\/fr\/wp-json\/wp\/v2\/media?parent=38142"}],"wp:term":[{"taxonomy":"category","embeddable":true,"href":"https:\/\/neuronup.com\/fr\/wp-json\/wp\/v2\/categories?post=38142"},{"taxonomy":"post_tag","embeddable":true,"href":"https:\/\/neuronup.com\/fr\/wp-json\/wp\/v2\/tags?post=38142"}],"curies":[{"name":"wp","href":"https:\/\/api.w.org\/{rel}","templated":true}]}}