{"id":37773,"date":"2025-05-07T08:44:59","date_gmt":"2025-05-07T06:44:59","guid":{"rendered":"https:\/\/neuronup.com\/fr\/?p=37773"},"modified":"2026-01-29T17:40:33","modified_gmt":"2026-01-29T15:40:33","slug":"les-modeles-linguistiques-de-type-chatgpt-peuvent-ils-aider-a-diagnostiquer-lautisme","status":"publish","type":"post","link":"https:\/\/neuronup.com\/fr\/investigation\/lignes-de-recherche\/les-modeles-linguistiques-de-type-chatgpt-peuvent-ils-aider-a-diagnostiquer-lautisme\/","title":{"rendered":"Les mod\u00e8les linguistiques de type ChatGPT peuvent-ils aider \u00e0 diagnostiquer l&rsquo;autisme ?"},"content":{"rendered":"\n<p class=\"has-xl-font-size\">Dans cet article, la doctorante Marta Arbizu G\u00f3mez pr\u00e9sente l\u2019\u00e9tude <em>\u00ab Les grands mod\u00e8les linguistiques d\u00e9construisent l\u2019intuition clinique pour diagnostiquer l\u2019autisme \u00bb<\/em>, qui explore l\u2019impact de <strong>l\u2019utilisation de mod\u00e8les de langage \u00e0 grande \u00e9chelle pour le diagnostic de l\u2019autisme<\/strong>.<\/p>\n\n\n\n<h2 class=\"wp-block-heading\">Introduction<\/h2>\n\n\n\n<p>Le diagnostic du trouble du spectre de l\u2019autisme (TSA) a traditionnellement \u00e9t\u00e9 une t\u00e2che complexe, reposant en grande partie sur l\u2019exp\u00e9rience clinique, l\u2019observation minutieuse et l\u2019interpr\u00e9tation de comportements vari\u00e9s. <strong>Bien qu\u2019il existe des guides diagnostiques bien d\u00e9finis comme le DSM-5, la pratique clinique repose souvent sur une \u201cintuition\u201d<\/strong> que les professionnels d\u00e9veloppent au fil des ann\u00e9es. Mais que se passerait-il si nous pouvions \u201clire\u201d cette intuition et la comprendre de mani\u00e8re plus objective ?<\/p>\n\n\n\n<p>Une \u00e9tude r\u00e9cente publi\u00e9e dans la revue <em>Cell<\/em>, intitul\u00e9e <em>\u00ab\u00a0Large language models deconstruct the clinical intuition behind diagnosing autism\u00a0\u00bb<\/em>, explore pr\u00e9cis\u00e9ment cette possibilit\u00e9\u202f: <strong>utiliser des mod\u00e8les de langage \u00e0 grande \u00e9chelle<\/strong> (LLMs, selon l\u2019acronyme anglais) <strong>pour d\u00e9voiler les sch\u00e9mas suivis par les cliniciens lorsqu\u2019ils posent un diagnostic d\u2019autisme<\/strong>. Les r\u00e9sultats ne sont pas seulement surprenants, ils pourraient aussi avoir des implications profondes sur notre mani\u00e8re actuelle de comprendre et de poser les diagnostics de TSA.<\/p>\n\n\n\n<h2 class=\"wp-block-heading\">Contexte : pourquoi faut-il revoir notre fa\u00e7on de diagnostiquer l\u2019autisme ?<\/h2>\n\n\n\n<p>Le TSA est un trouble du neurod\u00e9veloppement caract\u00e9ris\u00e9 par <strong>des difficult\u00e9s dans la communication sociale et des comportements et int\u00e9r\u00eats restreints et r\u00e9p\u00e9titifs<\/strong>. Cependant, ces caract\u00e9ristiques peuvent se manifester de mani\u00e8re tr\u00e8s variable d\u2019un individu \u00e0 l\u2019autre, rendant le diagnostic nuanc\u00e9 et parfois subjectif.<\/p>\n\n\n\n<p>De plus, m\u00eame si des outils diagnostiques standardis\u00e9s comme l\u2019ADOS ou l\u2019ADI-R structurent le processus, de nombreux diagnostics reposent sur des rapports narratifs r\u00e9dig\u00e9s par des cliniciens ayant observ\u00e9 le patient. Autrement dit, la mani\u00e8re dont le clinicien d\u00e9crit le patient peut peser lourd dans le diagnostic final.<\/p>\n\n\n\n<p>Face \u00e0 cette r\u00e9alit\u00e9, les chercheurs ont pos\u00e9 une question essentielle : <strong>quels \u00e9l\u00e9ments de ces rapports \u00e9crits guident r\u00e9ellement les d\u00e9cisions diagnostiques ?<\/strong><\/p>\n\n\n\n<div style=\"height:50px\" aria-hidden=\"true\" class=\"wp-block-spacer\"><\/div>\n\n\n\n<aside class=\"wp-block-group br-1010 has-primary-background-color has-background has-dark-background has-sm-padding-top has-sm-padding-bottom has-sm-padding-left has-sm-padding-right\"><div class=\"wp-block-group__inner-container is-layout-constrained wp-block-group-is-layout-constrained\">\n<div class=\"wp-block-columns are-vertically-aligned-center is-layout-flex wp-container-core-columns-is-layout-9d6595d7 wp-block-columns-is-layout-flex\">\n<div class=\"wp-block-column is-vertically-aligned-center has-white-color has-text-color has-link-color wp-elements-479019793e00cc4de0e5691436c348f7 is-layout-flow wp-block-column-is-layout-flow\" style=\"flex-basis:60%\">\n<p>Obtenez un<strong> guide d&rsquo;activit\u00e9s<\/strong> pour travailler avec les personnes souffrant d&rsquo;un<strong> trouble du spectre autistique<\/strong> + 1 activit\u00e9 imprimable gratuite<\/p>\n<\/div>\n\n\n\n<div class=\"wp-block-column is-vertically-aligned-center is-layout-flow wp-block-column-is-layout-flow\" style=\"flex-basis:40%\">\n<div class=\"wp-block-buttons is-content-justification-center is-layout-flex wp-container-core-buttons-is-layout-16018d1d wp-block-buttons-is-layout-flex\">\n<div class=\"wp-block-button\" style=\"--button-secondary-color:var(--color-white);--button-secondary-background:var(--color-custom-1);--button-secondary-background-hover:#cc7e00;\"><a class=\"wp-block-button__link button button-secondary     has-link-color wp-element-button\" href=\"https:\/\/neuronup.com\/redirect\/?target=typeform\/autisme?utm_first_source=Web&#038;utm_first_campaign_name=Worksheets_autism\">Obtenir gratuitement<\/a><\/div>\n\n<\/div>\n<\/div>\n<\/div>\n<\/div><\/aside>\n\n\n\n\n<div style=\"height:50px\" aria-hidden=\"true\" class=\"wp-block-spacer\"><\/div>\n\n\n\n<h2 class=\"wp-block-heading\">Qu\u2019ont fait les chercheurs ?<\/h2>\n\n\n\n<p>Les auteurs de l\u2019\u00e9tude ont recueilli <strong>plus de 40 000 rapports cliniques d\u2019enfants<\/strong> provenant du syst\u00e8me de sant\u00e9 publique du Massachusetts. Ces rapports, r\u00e9dig\u00e9s par des professionnels de la sant\u00e9 mentale, contenaient des descriptions d\u00e9taill\u00e9es du comportement et du fonctionnement des patients.<\/p>\n\n\n\n<p>\u00c0 partir de cette base de donn\u00e9es, les chercheurs ont <strong>entra\u00een\u00e9 plusieurs mod\u00e8les de langage<\/strong>, dont GPT-4 (d\u00e9velopp\u00e9 par OpenAI) et un mod\u00e8le clinique open source nomm\u00e9 Clinician-LLaMA. L\u2019objectif \u00e9tait que les mod\u00e8les apprennent \u00e0 <strong>pr\u00e9dire si un rapport clinique correspondait \u00e0 un patient diagnostiqu\u00e9 avec un TSA ou non<\/strong>, en se basant uniquement sur le texte.<\/p>\n\n\n\n<p>Les r\u00e9sultats ont \u00e9t\u00e9 surprenants : les mod\u00e8les ont atteint une <strong>pr\u00e9cision remarquable dans la classification<\/strong>, m\u00eame lorsqu\u2019on leur cachait des informations cl\u00e9s comme le sexe ou l\u2019\u00e2ge du patient. Cela sugg\u00e8re que les rapports contenaient des sch\u00e9mas linguistiques implicites d\u00e9tectables par les mod\u00e8les, refl\u00e9tant la mani\u00e8re dont les cliniciens prennent leurs d\u00e9cisions.<\/p>\n\n\n\n<h2 class=\"wp-block-heading\">Qu\u2019ont-ils d\u00e9couvert ?<\/h2>\n\n\n\n<p>Au-del\u00e0 de la pr\u00e9cision des pr\u00e9dictions, ce qui a le plus retenu l\u2019attention, c\u2019est ce que les mod\u00e8les ont r\u00e9v\u00e9l\u00e9 sur le processus diagnostique lui-m\u00eame. En analysant les passages du texte ayant le plus d\u2019influence sur les d\u00e9cisions du mod\u00e8le, les chercheurs ont <strong>identifi\u00e9 que certains types de comportements et descriptions \u00e9taient plus d\u00e9terminants<\/strong> que d\u2019autres.<\/p>\n\n\n\n<div style=\"height:50px\" aria-hidden=\"true\" class=\"wp-block-spacer\"><\/div>\n\n\n<div class=\"wp-block-image\">\n<figure class=\"aligncenter size-large\"><img decoding=\"async\" width=\"1024\" height=\"576\" src=\"https:\/\/neuronup.com\/fr\/wp-content\/uploads\/2025\/05\/Facteurs-ayant-un-poids-plus-important-dans-le-diagnostic-des-TSA-1024x576.webp\" alt=\"Camembert illustrant les facteurs influen\u00e7ant le diagnostic des TSA avec quatre segments color\u00e9s et leurs pourcentages approximatifs.\" class=\"wp-image-37775\" srcset=\"https:\/\/neuronup.com\/fr\/wp-content\/uploads\/2025\/05\/Facteurs-ayant-un-poids-plus-important-dans-le-diagnostic-des-TSA-300x169.webp 300w, https:\/\/neuronup.com\/fr\/wp-content\/uploads\/2025\/05\/Facteurs-ayant-un-poids-plus-important-dans-le-diagnostic-des-TSA-768x432.webp 768w, https:\/\/neuronup.com\/fr\/wp-content\/uploads\/2025\/05\/Facteurs-ayant-un-poids-plus-important-dans-le-diagnostic-des-TSA-1024x576.webp 1024w, https:\/\/neuronup.com\/fr\/wp-content\/uploads\/2025\/05\/Facteurs-ayant-un-poids-plus-important-dans-le-diagnostic-des-TSA.webp 1200w\" sizes=\"(max-width: 1024px) 100vw, 1024px\" \/><figcaption class=\"wp-element-caption\">Graphique 1. Facteurs les plus d\u00e9terminants dans le diagnostic du TSA selon les mod\u00e8les de langage. \u00c9laboration propre.<\/figcaption><\/figure>\n<\/div>\n\n\n<div style=\"height:50px\" aria-hidden=\"true\" class=\"wp-block-spacer\"><\/div>\n\n\n\n<p>Comme on peut le voir dans le graphique, les <strong>comportements r\u00e9p\u00e9titifs, st\u00e9r\u00e9otyp\u00e9s, les int\u00e9r\u00eats restreints et les aspects li\u00e9s \u00e0 la perception sensorielle sont les facteurs les plus associ\u00e9s<\/strong> \u00e0 un diagnostic positif de TSA. \u00c0 l\u2019inverse, les difficult\u00e9s d\u2019interaction sociale, pourtant un pilier traditionnel du diagnostic selon le DSM-5, ont eu moins de poids dans les mod\u00e8les.<\/p>\n\n\n\n<p>Cela ne signifie pas que les difficult\u00e9s sociales ne sont pas importantes, mais qu\u2019en pratique, les cliniciens semblent accorder plus d\u2019attention \u2014 peut-\u00eatre de mani\u00e8re inconsciente \u2014 \u00e0 d\u2019autres sch\u00e9mas comportementaux au moment de d\u00e9cider si un patient r\u00e9pond aux crit\u00e8res diagnostiques.<\/p>\n\n\n\n<p>Les <strong>principaux r\u00e9sultats de l\u2019\u00e9tude<\/strong> sont r\u00e9sum\u00e9s dans un tableau ci-dessous pour en faciliter la compr\u00e9hension :<\/p>\n\n\n\n<div style=\"height:50px\" aria-hidden=\"true\" class=\"wp-block-spacer\"><\/div>\n\n\n\n<figure class=\"wp-block-table aligncenter is-style-stripes\"><table class=\"has-alt-background-color has-background has-fixed-layout\"><tbody><tr><td class=\"has-text-align-center\" data-align=\"center\"><strong>Aspect analys\u00e9<\/strong><\/td><td class=\"has-text-align-center\" data-align=\"center\"><strong>R\u00e9sultat \/ Observation<\/strong><\/td><\/tr><tr><td class=\"has-text-align-center\" data-align=\"center\"><strong>Mod\u00e8le utilis\u00e9<\/strong><\/td><td class=\"has-text-align-center\" data-align=\"center\">GPT-4 et Clinician-LLaMA (mod\u00e8les de langage entra\u00een\u00e9s avec des rapports cliniques).<\/td><\/tr><tr><td class=\"has-text-align-center\" data-align=\"center\"><strong>Source des donn\u00e9es<\/strong><\/td><td class=\"has-text-align-center\" data-align=\"center\">Plus de 40 000 rapports cliniques p\u00e9diatriques du syst\u00e8me de sant\u00e9 publique du Massachusetts.<\/td><\/tr><tr><td class=\"has-text-align-center\" data-align=\"center\"><strong>T\u00e2che du mod\u00e8le<\/strong><\/td><td class=\"has-text-align-center\" data-align=\"center\">Pr\u00e9dire si le patient avait un diagnostic d\u2019autisme en se basant uniquement sur le texte du rapport.<\/td><\/tr><tr><td class=\"has-text-align-center\" data-align=\"center\"><strong>Pr\u00e9cision du mod\u00e8le<\/strong><\/td><td class=\"has-text-align-center\" data-align=\"center\">\u00c9lev\u00e9e, m\u00eame lorsque des variables comme le sexe ou l\u2019\u00e2ge \u00e9taient masqu\u00e9es.<\/td><\/tr><tr><td class=\"has-text-align-center\" data-align=\"center\"><strong>Facteurs les plus d\u00e9terminants dans le diagnostic<\/strong><\/td><td class=\"has-text-align-center\" data-align=\"center\">Comportements r\u00e9p\u00e9titifs, int\u00e9r\u00eats restreints et traits sensoriels\/perceptifs.<\/td><\/tr><tr><td class=\"has-text-align-center\" data-align=\"center\"><strong>Facteurs les moins d\u00e9terminants<\/strong><\/td><td class=\"has-text-align-center\" data-align=\"center\">Difficult\u00e9s dans l\u2019interaction sociale.<\/td><\/tr><tr><td class=\"has-text-align-center\" data-align=\"center\"><strong>Implication cl\u00e9<\/strong><\/td><td class=\"has-text-align-center\" data-align=\"center\">Dans la pratique clinique, les comportements observables influencent plus qu\u2019on ne le pensait.<\/td><\/tr><tr><td class=\"has-text-align-center\" data-align=\"center\"><strong>Impact potentiel sur les crit\u00e8res diagnostiques<\/strong><\/td><td class=\"has-text-align-center\" data-align=\"center\">Sugg\u00e8re la n\u00e9cessit\u00e9 de r\u00e9\u00e9valuer l\u2019importance de certains crit\u00e8res dans le DSM-5.<\/td><\/tr><tr><td class=\"has-text-align-center\" data-align=\"center\"><strong>Application de l\u2019IA en sant\u00e9 mentale<\/strong><\/td><td class=\"has-text-align-center\" data-align=\"center\">Outil de soutien au diagnostic et \u00e0 l\u2019analyse du raisonnement clinique.<\/td><\/tr><\/tbody><\/table><figcaption class=\"wp-element-caption\">Tableau 1. R\u00e9sum\u00e9 des principaux r\u00e9sultats de l\u2019\u00e9tude. \u00c9laboration propre.<\/figcaption><\/figure>\n\n\n\n<div style=\"height:50px\" aria-hidden=\"true\" class=\"wp-block-spacer\"><\/div>\n\n\n\n<p>Comme on peut le constater, les mod\u00e8les de langage ne se sont pas seulement montr\u00e9s capables de pr\u00e9dire le diagnostic de TSA avec une grande pr\u00e9cision, mais ont aussi r\u00e9v\u00e9l\u00e9 que certains sch\u00e9mas comportementaux \u2014 en particulier les comportements r\u00e9p\u00e9titifs et les int\u00e9r\u00eats restreints \u2014 sont plus influents dans la pratique clinique que ce que sugg\u00e8rent les crit\u00e8res diagnostiques traditionnels. Cela <strong>ouvre la porte \u00e0 une r\u00e9flexion<\/strong> sur la mani\u00e8re dont ces crit\u00e8res sont appliqu\u00e9s dans le contexte r\u00e9el.<\/p>\n\n\n\n<h2 class=\"wp-block-heading\">Implications : devons-nous repenser les crit\u00e8res diagnostiques de l\u2019autisme ?<\/h2>\n\n\n\n<p>Ces r\u00e9sultats ouvrent un d\u00e9bat important : <strong>les crit\u00e8res diagnostiques actuels refl\u00e8tent-ils r\u00e9ellement la mani\u00e8re dont les professionnels \u00e9valuent les patients ?<\/strong>&nbsp;<\/p>\n\n\n\n<p>Si les cliniciens accordent syst\u00e9matiquement plus d\u2019importance \u00e0 des comportements observables comme les st\u00e9r\u00e9otypies ou les int\u00e9r\u00eats restreints, il pourrait \u00eatre n\u00e9cessaire de r\u00e9\u00e9valuer le poids accord\u00e9 \u00e0 chaque cat\u00e9gorie diagnostique dans les guides officiels.<\/p>\n\n\n\n<p>En outre, cette approche <strong>pourrait avoir des implications pour la formation des nouveaux professionnels<\/strong>, qui b\u00e9n\u00e9ficieraient de mieux comprendre comment les crit\u00e8res sont appliqu\u00e9s en pratique, au-del\u00e0 de la th\u00e9orie.<\/p>\n\n\n\n<h2 class=\"wp-block-heading\">L\u2019intelligence artificielle peut-elle aider au diagnostic clinique du TSA ?<\/h2>\n\n\n\n<p>L\u2019un des grands atouts de l\u2019intelligence artificielle dans le domaine de la sant\u00e9 est sa capacit\u00e9 \u00e0 d\u00e9tecter des sch\u00e9mas complexes dans de vastes volumes de donn\u00e9es. Dans ce cas, les mod\u00e8les de langage ne se contentent pas d\u2019agir comme des outils de classification, mais servent aussi <strong>d\u2019instruments permettant de rendre visible l\u2019invisible<\/strong> : la logique implicite derri\u00e8re les d\u00e9cisions cliniques.<\/p>\n\n\n\n<p>Loin de remplacer les professionnels, ces mod\u00e8les <strong>peuvent \u00eatre des alli\u00e9s<\/strong>, apportant un second avis bas\u00e9 sur des milliers de cas pr\u00e9c\u00e9dents et aidant \u00e0 d\u00e9tecter des biais ou des incoh\u00e9rences dans les processus diagnostiques.<\/p>\n\n\n\n<h2 class=\"wp-block-heading\">Quelle contribution NeuronUP pourrait-elle apporter \u00e0 des \u00e9tudes comme celle-ci ?<\/h2>\n\n\n\n<p>NeuronUP pourrait contribuer de mani\u00e8re significative \u00e0 ce type d\u2019\u00e9tudes en <strong>facilitant la reproduction dans des populations plus diverses et non anglophones<\/strong>, gr\u00e2ce \u00e0 sa pr\u00e9sence internationale. Sa plateforme, avec des centaines d\u2019activit\u00e9s cognitives, permettrait de compl\u00e9ter l\u2019analyse des rapports cliniques avec des donn\u00e9es structur\u00e9es sur la performance cognitive. De plus, cette approche pourrait \u00eatre appliqu\u00e9e \u00e0 d\u2019autres troubles cliniques comme le TDAH ou le d\u00e9clin cognitif l\u00e9ger, en am\u00e9liorant la d\u00e9tection pr\u00e9coce et la pr\u00e9cision diagnostique.<\/p>\n\n\n\n<div style=\"height:50px\" aria-hidden=\"true\" class=\"wp-block-spacer\"><\/div>\n\n\n\n<div class=\"wp-block-group\"><div class=\"wp-block-group__inner-container is-layout-constrained wp-block-group-is-layout-constrained\">\n<div class=\"wp-block-columns br-0111 particle-bg p-5 has-primary-background-color has-background is-layout-flex wp-container-core-columns-is-layout-9d6595d7 wp-block-columns-is-layout-flex\">\n<div class=\"wp-block-column is-layout-flow wp-block-column-is-layout-flow\" style=\"flex-basis:66.66%\">\n<h2 class=\"wp-block-heading has-white-color has-text-color\">Essayez NeuronUP 7 jours gratuitement<\/h2>\n\n\n\n<p class=\"has-white-color has-text-color\">Vous pourrez travailler avec nos activit\u00e9s, concevoir des s\u00e9ances ou effectuer des r\u00e9habilitations \u00e0 distance<\/p>\n<\/div>\n\n\n\n<div class=\"wp-block-column is-layout-flow wp-block-column-is-layout-flow\" style=\"flex-basis:33.33%\">\n<div class=\"wp-block-buttons is-content-justification-center is-layout-flex wp-container-core-buttons-is-layout-16018d1d wp-block-buttons-is-layout-flex\">\n<div class=\"wp-block-button\" style=\"--button-background:var(--color-custom-1);--button-background-hover:#cc7e00;\"><a class=\"wp-block-button__link button   wp-element-button\" href=\"https:\/\/neuronup.com\/fr\/landing\/\">Commencez votre essai<\/a><\/div>\n\n<\/div>\n<\/div>\n<\/div>\n<\/div><\/div>\n\n\n\n<div style=\"height:50px\" aria-hidden=\"true\" class=\"wp-block-spacer\"><\/div>\n\n\n\n<h2 class=\"wp-block-heading\">Conclusion de l\u2019\u00e9tude<\/h2>\n\n\n\n<p>Cette \u00e9tude marque une avanc\u00e9e majeure \u00e0 l\u2019intersection entre intelligence artificielle et sant\u00e9 mentale. En utilisant des mod\u00e8les de langage pour analyser des rapports cliniques, les chercheurs ont non seulement d\u00e9montr\u00e9 que le diagnostic de l\u2019autisme peut \u00eatre pr\u00e9dit avec une pr\u00e9cision remarquable, mais aussi r\u00e9v\u00e9l\u00e9 comment se construit l\u2019\u201cintuition clinique\u201d qui guide ces d\u00e9cisions.<\/p>\n\n\n\n<p>Dans un avenir proche, ce type d\u2019outil pourrait \u00eatre int\u00e9gr\u00e9 dans les syst\u00e8mes de sant\u00e9 pour offrir un soutien au diagnostic, am\u00e9liorer la formation des professionnels, et peut-\u00eatre m\u00eame red\u00e9finir les crit\u00e8res avec lesquels nous comprenons l\u2019autisme. Une chose est s\u00fbre : l\u2019intelligence artificielle ne transforme pas seulement la technologie, mais aussi notre mani\u00e8re de comprendre l\u2019esprit humain.<\/p>\n\n\n\n<h2 class=\"wp-block-heading\">Bibliographie <\/h2>\n\n\n\n<ul class=\"wp-block-list\">\n<li class=\"has-sm-font-size\">Feng S, Sondhi R, Tu X, Buckley J, Sands A, Comiter A, Zhang H, Gao R, Sragovich S, Mello JD, Fedorenko E, Saxe R, Sontheimer EJ, Sapiro G, O&rsquo;Reilly UM, McCoy TH, Beam AL. Large language models deconstruct the clinical intuition behind diagnosing autism. Cell. 2024 Mar 21. doi: 10.1016\/j.cell.2024.03.004.<\/li>\n<\/ul>\n\n\n\n<h3 class=\"wp-block-heading\">Si vous avez appr\u00e9ci\u00e9 cet article de blog sur <strong>l\u2019aide que peuvent apporter les mod\u00e8les de langage comme ChatGPT au diagnostic de l\u2019autisme<\/strong>, ces articles de NeuronUP pourraient \u00e9galement vous int\u00e9resser :<\/h3>\n\n\n<div class=\"mai-grid entries entries-grid has-boxed has-image-full\" style=\"--entry-title-font-size:var(--font-size-lg);--align-text:start;--entry-meta-text-align:start;\"><div class=\"entries-wrap has-columns\" style=\"--columns-xs:1\/1;--columns-sm:1\/1;--columns-md:1\/3;--columns-lg:1\/3;--flex-xs:0 0 var(--flex-basis);--flex-sm:0 0 var(--flex-basis);--flex-md:0 0 var(--flex-basis);--flex-lg:0 0 var(--flex-basis);--column-gap:var(--spacing-lg);--row-gap:var(--spacing-lg);--align-columns:start;\"><article class=\"entry entry-grid is-column has-entry-link has-image has-image-first type-post category-lignes-de-recherche tag-recherche tag-stimulation-cognitive\" style=\"--entry-index:1;\" aria-label=\"\u00c9tude de faisabilit\u00e9 de la neuromodulation et de l&rsquo;entra\u00eenement cognitif pour la fatigue post-COVID\" itemscope itemtype=\"https:\/\/schema.org\/CreativeWork\"><a class=\"entry-image-link\" href=\"https:\/\/neuronup.com\/fr\/investigation\/lignes-de-recherche\/etude-de-viabilite-de-la-neuromodulation-et-de-lentrainement-cognitif-pour-la-fatigue-post-covid\/\" tabindex=\"-1\" aria-hidden=\"true\"><img decoding=\"async\" width=\"400\" height=\"164\" src=\"https:\/\/neuronup.com\/fr\/wp-content\/uploads\/2025\/09\/Estudio-de-viabilidad-de-la-neuromodulacion-y-el-entrenamiento-cognitivo-para-la-fatiga-post-COVID.webp\" class=\"entry-image size-landscape-sm\" alt=\"Repr\u00e9sentation graphique des donn\u00e9es c\u00e9r\u00e9brales en deux volets: gauche DL PFC+CT et droite M1+CT, cartes d\u2019activation et orientation.\" srcset=\"https:\/\/neuronup.com\/fr\/wp-content\/uploads\/2025\/09\/Estudio-de-viabilidad-de-la-neuromodulacion-y-el-entrenamiento-cognitivo-para-la-fatiga-post-COVID-300x123.webp 300w, https:\/\/neuronup.com\/fr\/wp-content\/uploads\/2025\/09\/Estudio-de-viabilidad-de-la-neuromodulacion-y-el-entrenamiento-cognitivo-para-la-fatiga-post-COVID-768x315.webp 768w, https:\/\/neuronup.com\/fr\/wp-content\/uploads\/2025\/09\/Estudio-de-viabilidad-de-la-neuromodulacion-y-el-entrenamiento-cognitivo-para-la-fatiga-post-COVID-1024x419.webp 1024w, https:\/\/neuronup.com\/fr\/wp-content\/uploads\/2025\/09\/Estudio-de-viabilidad-de-la-neuromodulacion-y-el-entrenamiento-cognitivo-para-la-fatiga-post-COVID-1536x629.webp 1536w, https:\/\/neuronup.com\/fr\/wp-content\/uploads\/2025\/09\/Estudio-de-viabilidad-de-la-neuromodulacion-y-el-entrenamiento-cognitivo-para-la-fatiga-post-COVID.webp 1648w\" sizes=\"(max-width:599px) 599px, (min-width:600px) and (max-width: 799px) 799px, (min-width:800px) and (max-width: 999px) 333px, (min-width:1000px) 400px\" \/><\/a><div class=\"entry-wrap entry-wrap-grid\"><h3 class=\"entry-title\" itemprop=\"headline\"><a class=\"entry-title-link\" href=\"https:\/\/neuronup.com\/fr\/investigation\/lignes-de-recherche\/etude-de-viabilite-de-la-neuromodulation-et-de-lentrainement-cognitif-pour-la-fatigue-post-covid\/\" rel=\"bookmark\">\u00c9tude de faisabilit\u00e9 de la neuromodulation et de l&rsquo;entra\u00eenement cognitif pour la fatigue post-COVID<\/a><\/h3>\n<\/div><\/article><article class=\"entry entry-grid is-column has-entry-link has-image has-image-first type-post category-lignes-de-recherche tag-recherche tag-sclerose-en-plaques\" style=\"--entry-index:2;\" aria-label=\"Modifications neuropsychologiques et du volume de substance grise chez les patients atteints de scl\u00e9rose en plaques apr\u00e8s une th\u00e9rapie de r\u00e9\u00e9ducation cognitive assist\u00e9e par ordinateur avec NeuronUP\" itemscope itemtype=\"https:\/\/schema.org\/CreativeWork\"><a class=\"entry-image-link\" href=\"https:\/\/neuronup.com\/fr\/investigation\/lignes-de-recherche\/changements-neuropsychologiques-et-volume-de-matiere-grise-chez-des-patients-atteints-de-sclerose-en-plaques-apres-une-therapie-de-reeducation-cognitive\/\" tabindex=\"-1\" aria-hidden=\"true\"><img decoding=\"async\" width=\"400\" height=\"267\" src=\"https:\/\/neuronup.com\/fr\/wp-content\/uploads\/2024\/04\/Esclerosis-multiple-y-nuevas-tecnologias-Yolanda-Virue-NeuronUP.webp\" class=\"entry-image size-landscape-sm\" alt=\"Femme assise au bureau utilisant un ordinateur portable, pull jaune, expression concentr\u00e9e, d\u00e9cor minimaliste.\" srcset=\"https:\/\/neuronup.com\/fr\/wp-content\/uploads\/2024\/04\/Esclerosis-multiple-y-nuevas-tecnologias-Yolanda-Virue-NeuronUP-300x200.webp 300w, https:\/\/neuronup.com\/fr\/wp-content\/uploads\/2024\/04\/Esclerosis-multiple-y-nuevas-tecnologias-Yolanda-Virue-NeuronUP-768x512.webp 768w, https:\/\/neuronup.com\/fr\/wp-content\/uploads\/2024\/04\/Esclerosis-multiple-y-nuevas-tecnologias-Yolanda-Virue-NeuronUP-1024x683.webp 1024w, https:\/\/neuronup.com\/fr\/wp-content\/uploads\/2024\/04\/Esclerosis-multiple-y-nuevas-tecnologias-Yolanda-Virue-NeuronUP.webp 1200w\" sizes=\"(max-width:599px) 599px, (min-width:600px) and (max-width: 799px) 799px, (min-width:800px) and (max-width: 999px) 333px, (min-width:1000px) 400px\" \/><\/a><div class=\"entry-wrap entry-wrap-grid\"><h3 class=\"entry-title\" itemprop=\"headline\"><a class=\"entry-title-link\" href=\"https:\/\/neuronup.com\/fr\/investigation\/lignes-de-recherche\/changements-neuropsychologiques-et-volume-de-matiere-grise-chez-des-patients-atteints-de-sclerose-en-plaques-apres-une-therapie-de-reeducation-cognitive\/\" rel=\"bookmark\">Modifications neuropsychologiques et du volume de substance grise chez les patients atteints de scl\u00e9rose en plaques apr\u00e8s une th\u00e9rapie de r\u00e9\u00e9ducation cognitive assist\u00e9e par ordinateur avec NeuronUP<\/a><\/h3>\n<\/div><\/article><article class=\"entry entry-grid is-column has-entry-link has-image has-image-first type-post category-lignes-de-recherche tag-evaluation-neuropsychologique tag-fonctions-executives\" style=\"--entry-index:3;\" aria-label=\"L&rsquo;\u00e9valuation de la prise de d\u00e9cision en neuropsychologie\" itemscope itemtype=\"https:\/\/schema.org\/CreativeWork\"><a class=\"entry-image-link\" href=\"https:\/\/neuronup.com\/fr\/investigation\/lignes-de-recherche\/levaluation-de-la-prise-de-decision-en-neuropsychologie\/\" tabindex=\"-1\" aria-hidden=\"true\"><img decoding=\"async\" width=\"400\" height=\"267\" src=\"https:\/\/neuronup.com\/fr\/wp-content\/uploads\/2025\/05\/La-evaluacion-de-la-toma-de-decisiones-en-neuropsicologia-Marcos-Rios-NeuronUP.webp\" class=\"entry-image size-landscape-sm\" alt=\"Main tendue sous un cerveau stylis\u00e9 et connect\u00e9, illustration abstraite symbolisant la pens\u00e9e et la neuropsychologie.\" srcset=\"https:\/\/neuronup.com\/fr\/wp-content\/uploads\/2025\/05\/La-evaluacion-de-la-toma-de-decisiones-en-neuropsicologia-Marcos-Rios-NeuronUP-300x200.webp 300w, https:\/\/neuronup.com\/fr\/wp-content\/uploads\/2025\/05\/La-evaluacion-de-la-toma-de-decisiones-en-neuropsicologia-Marcos-Rios-NeuronUP-768x512.webp 768w, https:\/\/neuronup.com\/fr\/wp-content\/uploads\/2025\/05\/La-evaluacion-de-la-toma-de-decisiones-en-neuropsicologia-Marcos-Rios-NeuronUP-1024x683.webp 1024w, https:\/\/neuronup.com\/fr\/wp-content\/uploads\/2025\/05\/La-evaluacion-de-la-toma-de-decisiones-en-neuropsicologia-Marcos-Rios-NeuronUP.webp 1200w\" sizes=\"(max-width:599px) 599px, (min-width:600px) and (max-width: 799px) 799px, (min-width:800px) and (max-width: 999px) 333px, (min-width:1000px) 400px\" \/><\/a><div class=\"entry-wrap entry-wrap-grid\"><h3 class=\"entry-title\" itemprop=\"headline\"><a class=\"entry-title-link\" href=\"https:\/\/neuronup.com\/fr\/investigation\/lignes-de-recherche\/levaluation-de-la-prise-de-decision-en-neuropsychologie\/\" rel=\"bookmark\">L&rsquo;\u00e9valuation de la prise de d\u00e9cision en neuropsychologie<\/a><\/h3>\n<\/div><\/article><article class=\"entry entry-grid is-column has-entry-link has-image has-image-first type-post category-lignes-de-recherche tag-attention\" style=\"--entry-index:4;\" aria-label=\"Impact de l\u2019alimentation riche en OMEGA-3 sur l\u2019attention : Donn\u00e9es scientifiques et applications cliniques\" itemscope itemtype=\"https:\/\/schema.org\/CreativeWork\"><a class=\"entry-image-link\" href=\"https:\/\/neuronup.com\/fr\/investigation\/lignes-de-recherche\/impact-de-lalimentation-riche-en-omega-3-sur-lattention-donnees-scientifiques-et-applications-cliniques\/\" tabindex=\"-1\" aria-hidden=\"true\"><img decoding=\"async\" width=\"400\" height=\"300\" src=\"https:\/\/neuronup.com\/fr\/wp-content\/uploads\/2025\/05\/Impact-de-lalimentation-riche-en-OMEGA-3-sur-lattention-Donnees-scientifiques-et-applications-cliniques-400x300.webp\" class=\"entry-image size-landscape-sm\" alt=\"Assortiment d\u2019aliments sains: saumon cru, amandes, noisettes, noix de cajou, avocat et huile d\u2019olive, pr\u00e9sentation naturelle.\" srcset=\"https:\/\/neuronup.com\/fr\/wp-content\/uploads\/2025\/05\/Impact-de-lalimentation-riche-en-OMEGA-3-sur-lattention-Donnees-scientifiques-et-applications-cliniques-400x300.webp 400w, https:\/\/neuronup.com\/fr\/wp-content\/uploads\/2025\/05\/Impact-de-lalimentation-riche-en-OMEGA-3-sur-lattention-Donnees-scientifiques-et-applications-cliniques-800x600.webp 800w\" sizes=\"(max-width:599px) 599px, (min-width:600px) and (max-width: 799px) 799px, (min-width:800px) and (max-width: 999px) 333px, (min-width:1000px) 400px\" \/><\/a><div class=\"entry-wrap entry-wrap-grid\"><h3 class=\"entry-title\" itemprop=\"headline\"><a class=\"entry-title-link\" href=\"https:\/\/neuronup.com\/fr\/investigation\/lignes-de-recherche\/impact-de-lalimentation-riche-en-omega-3-sur-lattention-donnees-scientifiques-et-applications-cliniques\/\" rel=\"bookmark\">Impact de l\u2019alimentation riche en OMEGA-3 sur l\u2019attention : Donn\u00e9es scientifiques et applications cliniques<\/a><\/h3>\n<\/div><\/article><article class=\"entry entry-grid is-column has-entry-link has-image has-image-first type-post category-lignes-de-recherche tag-attention\" style=\"--entry-index:5;\" aria-label=\"Effets sur l\u2019attention post COVID-19 : \u00c9valuation clinique du ph\u00e9nom\u00e8ne de la \u00ab brume mentale \u00bb\" itemscope itemtype=\"https:\/\/schema.org\/CreativeWork\"><a class=\"entry-image-link\" href=\"https:\/\/neuronup.com\/fr\/investigation\/lignes-de-recherche\/effets-sur-lattention-post-covid-19-evaluation-clinique-du-phenomene-de-la-brume-mentale\/\" tabindex=\"-1\" aria-hidden=\"true\"><img decoding=\"async\" width=\"400\" height=\"300\" src=\"https:\/\/neuronup.com\/fr\/wp-content\/uploads\/2025\/05\/Effets-sur-lattention-post-COVID-19-Evaluation-clinique-du-phenomene-de-la-brume-mentale--400x300.webp\" class=\"entry-image size-landscape-sm\" alt=\"Femme assise sur un canap\u00e9, regard vers une fen\u00eatre, masque facial et bras crois\u00e9s, ambiance calme et lumineuse.\" srcset=\"https:\/\/neuronup.com\/fr\/wp-content\/uploads\/2025\/05\/Effets-sur-lattention-post-COVID-19-Evaluation-clinique-du-phenomene-de-la-brume-mentale--400x300.webp 400w, https:\/\/neuronup.com\/fr\/wp-content\/uploads\/2025\/05\/Effets-sur-lattention-post-COVID-19-Evaluation-clinique-du-phenomene-de-la-brume-mentale--800x600.webp 800w, https:\/\/neuronup.com\/fr\/wp-content\/uploads\/2025\/05\/Effets-sur-lattention-post-COVID-19-Evaluation-clinique-du-phenomene-de-la-brume-mentale--1200x900.webp 1200w\" sizes=\"(max-width:599px) 599px, (min-width:600px) and (max-width: 799px) 799px, (min-width:800px) and (max-width: 999px) 333px, (min-width:1000px) 400px\" \/><\/a><div class=\"entry-wrap entry-wrap-grid\"><h3 class=\"entry-title\" itemprop=\"headline\"><a class=\"entry-title-link\" href=\"https:\/\/neuronup.com\/fr\/investigation\/lignes-de-recherche\/effets-sur-lattention-post-covid-19-evaluation-clinique-du-phenomene-de-la-brume-mentale\/\" rel=\"bookmark\">Effets sur l\u2019attention post COVID-19 : \u00c9valuation clinique du ph\u00e9nom\u00e8ne de la \u00ab brume mentale \u00bb<\/a><\/h3>\n<\/div><\/article><article class=\"entry entry-grid is-column has-entry-link has-image has-image-first type-post category-lignes-de-recherche\" style=\"--entry-index:6;\" aria-label=\"Hydratation et attention : l\u2019impact clinique d\u2019une relation sous-estim\u00e9e\" itemscope itemtype=\"https:\/\/schema.org\/CreativeWork\"><a class=\"entry-image-link\" href=\"https:\/\/neuronup.com\/fr\/investigation\/lignes-de-recherche\/hydratation-et-attention-limpact-clinique-dune-relation-sous-estimee\/\" tabindex=\"-1\" aria-hidden=\"true\"><img decoding=\"async\" width=\"400\" height=\"300\" src=\"https:\/\/neuronup.com\/fr\/wp-content\/uploads\/2025\/05\/Hydratation-et-attention-limpact-clinique-dune-relation-sous-estimee-400x300.webp\" class=\"entry-image size-landscape-sm\" alt=\"Femme buvant un verre d&#039;eau, expression concentr\u00e9e, pull clair; arri\u00e8re-plan flou mettant en valeur le geste d&#039;hydratation.\" srcset=\"https:\/\/neuronup.com\/fr\/wp-content\/uploads\/2025\/05\/Hydratation-et-attention-limpact-clinique-dune-relation-sous-estimee-400x300.webp 400w, https:\/\/neuronup.com\/fr\/wp-content\/uploads\/2025\/05\/Hydratation-et-attention-limpact-clinique-dune-relation-sous-estimee-800x600.webp 800w\" sizes=\"(max-width:599px) 599px, (min-width:600px) and (max-width: 799px) 799px, (min-width:800px) and (max-width: 999px) 333px, (min-width:1000px) 400px\" \/><\/a><div class=\"entry-wrap entry-wrap-grid\"><h3 class=\"entry-title\" itemprop=\"headline\"><a class=\"entry-title-link\" href=\"https:\/\/neuronup.com\/fr\/investigation\/lignes-de-recherche\/hydratation-et-attention-limpact-clinique-dune-relation-sous-estimee\/\" rel=\"bookmark\">Hydratation et attention : l\u2019impact clinique d\u2019une relation sous-estim\u00e9e<\/a><\/h3>\n<\/div><\/article><\/div><\/div>","protected":false},"excerpt":{"rendered":"<p>Dans cet article, la doctorante Marta Arbizu G\u00f3mez pr\u00e9sente l\u2019\u00e9tude \u00ab Les grands mod\u00e8les linguistiques d\u00e9construisent l\u2019intuition clinique pour diagnostiquer l\u2019autisme \u00bb, qui explore l\u2019impact de l\u2019utilisation de mod\u00e8les de langage \u00e0 grande \u00e9chelle pour le diagnostic de l\u2019autisme. Introduction Le diagnostic du trouble du spectre de l\u2019autisme (TSA) a traditionnellement \u00e9t\u00e9 une t\u00e2che complexe, &hellip;<\/p>\n","protected":false},"author":353,"featured_media":37774,"comment_status":"open","ping_status":"open","sticky":false,"template":"","format":"standard","meta":{"_acf_changed":false,"_genesis_hide_title":false,"_genesis_hide_breadcrumbs":false,"_genesis_hide_singular_image":false,"_genesis_hide_footer_widgets":false,"_genesis_custom_body_class":"","_genesis_custom_post_class":"","_genesis_layout":"","footnotes":""},"categories":[1042],"tags":[1015],"class_list":{"2":"type-post","7":"category-lignes-de-recherche","8":"tag-investigation","9":"entry"},"acf":[],"_links":{"self":[{"href":"https:\/\/neuronup.com\/fr\/wp-json\/wp\/v2\/posts\/37773","targetHints":{"allow":["GET"]}}],"collection":[{"href":"https:\/\/neuronup.com\/fr\/wp-json\/wp\/v2\/posts"}],"about":[{"href":"https:\/\/neuronup.com\/fr\/wp-json\/wp\/v2\/types\/post"}],"author":[{"embeddable":true,"href":"https:\/\/neuronup.com\/fr\/wp-json\/wp\/v2\/users\/353"}],"replies":[{"embeddable":true,"href":"https:\/\/neuronup.com\/fr\/wp-json\/wp\/v2\/comments?post=37773"}],"version-history":[{"count":0,"href":"https:\/\/neuronup.com\/fr\/wp-json\/wp\/v2\/posts\/37773\/revisions"}],"wp:featuredmedia":[{"embeddable":true,"href":"https:\/\/neuronup.com\/fr\/wp-json\/wp\/v2\/media\/37774"}],"wp:attachment":[{"href":"https:\/\/neuronup.com\/fr\/wp-json\/wp\/v2\/media?parent=37773"}],"wp:term":[{"taxonomy":"category","embeddable":true,"href":"https:\/\/neuronup.com\/fr\/wp-json\/wp\/v2\/categories?post=37773"},{"taxonomy":"post_tag","embeddable":true,"href":"https:\/\/neuronup.com\/fr\/wp-json\/wp\/v2\/tags?post=37773"}],"curies":[{"name":"wp","href":"https:\/\/api.w.org\/{rel}","templated":true}]}}