{"id":37724,"date":"2025-10-21T10:02:18","date_gmt":"2025-10-21T10:02:18","guid":{"rendered":"https:\/\/neuronup.com\/?p=37724"},"modified":"2026-01-29T17:40:31","modified_gmt":"2026-01-29T15:40:31","slug":"neuronup-obtient-le-label-pme-innovante","status":"publish","type":"post","link":"https:\/\/neuronup.com\/fr\/nouveautes-neuronup\/neuronup-obtient-le-label-pme-innovante\/","title":{"rendered":"NeuronUP obtient le label &#8216;PME innovante&#8217;"},"content":{"rendered":"\n<p class=\"has-xl-font-size\">NeuronUP a \u00e9t\u00e9 reconnue comme <strong>PME Innovante<\/strong> par le <strong>Minist\u00e8re de la Science, de l\u2019Innovation et des Universit\u00e9s<\/strong>, une distinction que seules trois petites et moyennes entreprises sur 1 000 en Espagne poss\u00e8dent. <strong>Cette reconnaissance confirme l\u2019engagement de la soci\u00e9t\u00e9 en faveur de la recherche, du d\u00e9veloppement et de l\u2019innovation (R&#038;D+i) dans le domaine de la neuror\u00e9habilitation.<\/strong><\/p>\n\n\n\n<h2 class=\"wp-block-heading\">Un ADN marqu\u00e9 par l\u2019innovation<\/h2>\n\n\n\n<p>Le CEO de NeuronUP, \u00cd\u00f1igo Fern\u00e1ndez de Pi\u00e9rola, souligne que \u00ab\u00a0l\u2019innovation fait partie de l\u2019ADN de NeuronUP depuis ses d\u00e9buts, et l\u2019obtention de ce label renforce notre culture innovante, qui nous a permis d\u2019atteindre plus de 50 000 utilisateurs dans plus de 50 pays\u00a0\u00bb.<\/p>\n\n\n\n<p>Dans cette optique, il souligne l\u2019importance de la technologie et de la recherche comme piliers fondamentaux de l\u2019entreprise. \u00ab\u00a0Nous avons toujours eu la conviction que notre objectif principal est <strong>d\u2019am\u00e9liorer le quotidien des professionnels de sant\u00e9 et de maximiser les b\u00e9n\u00e9fices pour les patients gr\u00e2ce \u00e0 l\u2019innovation, <\/strong>la recherche et l\u2019analyse des millions de donn\u00e9es que nous g\u00e9n\u00e9rons\u00a0\u00bb.<\/p>\n\n\n\n<h2 class=\"wp-block-heading\">Une \u00e9quipe R&#038;D+i au service de la neuror\u00e9habilitation<\/h2>\n\n\n\n<p>\u00ab\u00a0Nous avons toujours \u00e9t\u00e9 convaincus que notre objectif principal est <strong>d\u2019am\u00e9liorer le quotidien des professionnels de sant\u00e9 et d\u2019atteindre le b\u00e9n\u00e9fice maximal pour les patients gr\u00e2ce \u00e0 l\u2019innovation, <\/strong>la recherche et les millions de donn\u00e9es que nous g\u00e9n\u00e9rons\u00a0\u00bb, souligne le CEO.<\/p>\n\n\n\n<p>NeuronUP dispose d\u2019un <strong>d\u00e9partement R&#038;D+i<\/strong> interne, dirig\u00e9 par <strong>Jes\u00fas Cortes<\/strong>, docteur en physique computationnelle, avec plus de 20 ans d\u2019exp\u00e9rience en recherche et en gestion de donn\u00e9es en neurosciences et dans des environnements hospitaliers. Son travail renforce l\u2019engagement de la soci\u00e9t\u00e9 envers le d\u00e9veloppement de solutions innovantes bas\u00e9es sur les donn\u00e9es et sur les derni\u00e8res preuves scientifiques.<\/p>\n\n\n\n<h2 class=\"wp-block-heading\">Comment obtenir le label PME Innovante&nbsp;?<\/h2>\n\n\n\n<p>Pour obtenir cette distinction, les entreprises doivent d\u00e9montrer qu\u2019elles ont men\u00e9 des activit\u00e9s de <strong>R&#038;D+i<\/strong> ces derni\u00e8res ann\u00e9es, attestant de leur caract\u00e8re innovant. Avec cette certification, <strong>NeuronUP consolide sa position d\u2019entreprise technologique et innovante<\/strong>, r\u00e9affirmant son engagement en faveur du progr\u00e8s en neuror\u00e9habilitation et du soutien aux professionnels de sant\u00e9.<\/p>\n\n\n\n<div style=\"height:50px\" aria-hidden=\"true\" class=\"wp-block-spacer\"><\/div>\n\n\n<div class=\"wp-block-image\">\n<figure class=\"aligncenter size-medium is-resized\"><img decoding=\"async\" src=\"https:\/\/neuronup.com\/wp-content\/uploads\/2020\/07\/pyme_innovadora-230x300.webp\" alt=\"\" class=\"wp-image-37795\" style=\"width:auto;height:300px\"\/><\/figure>\n<\/div>\n\n\n<div style=\"height:50px\" aria-hidden=\"true\" class=\"wp-block-spacer\"><\/div>\n\n\n\n<div class=\"wp-block-group br-0111 has-primary-background-color has-background has-dark-background has-sm-padding-top has-sm-padding-left has-sm-padding-right has-xxl-margin-top\"><div class=\"wp-block-group__inner-container is-layout-constrained wp-block-group-is-layout-constrained\">\n<div class=\"wp-block-columns is-layout-flex wp-container-core-columns-is-layout-9d6595d7 wp-block-columns-is-layout-flex\">\n<div class=\"wp-block-column is-layout-flow wp-block-column-is-layout-flow\">\n<figure class=\"wp-block-image size-full desktop-position-absolute desktop-bottom-0 mobile-width-50 mobile-m-inline-auto has-xl-margin-top\"><img decoding=\"async\" width=\"292\" height=\"338\" src=\"https:\/\/neuronup.com\/fr\/wp-content\/uploads\/2024\/10\/certificat-produit.webp\" alt=\"\" class=\"wp-image-31568\" srcset=\"https:\/\/neuronup.com\/fr\/wp-content\/uploads\/2024\/10\/certificat-produit-259x300.webp 259w, https:\/\/neuronup.com\/fr\/wp-content\/uploads\/2024\/10\/certificat-produit.webp 292w\" sizes=\"(max-width: 292px) 100vw, 292px\" \/><\/figure>\n<\/div>\n\n\n\n<div class=\"wp-block-column is-layout-flow wp-block-column-is-layout-flow\">\n<h2 class=\"wp-block-heading has-white-color has-text-color\"><strong>Abonnez-vous<\/strong> <br>\u00e0 notre <br>Newsletter<\/h2>\n\n\n\n<div class=\"wp-block-buttons is-layout-flex wp-block-buttons-is-layout-flex\">\n<div class=\"wp-block-button--1\" style=\"--button-outline-color:var(--color-white);--button-outline-color-hover:rgba(0,0,0,0.8);\"><a class=\"wp-block-button__link button button-outline   wp-element-button\" href=\"https:\/\/neuronup.com\/fr\/newsletter\/\">Abonnez-vous<\/a><\/div>\n\n<\/div>\n\n\n\n<div style=\"height:40px\" aria-hidden=\"true\" class=\"wp-block-spacer\"><\/div>\n<\/div>\n<\/div>\n<\/div><\/div>\n\n\n\n\n<div style=\"height:50px\" aria-hidden=\"true\" class=\"wp-block-spacer\"><\/div>\n\n\n\n<h3 class=\"wp-block-heading\">Si vous avez aim\u00e9 cet article sur le label <strong>PME Innovante obtenu par NeuronUP<\/strong>, ces publications sur la plateforme pourraient \u00e9galement vous int\u00e9resser&nbsp;:<\/h3>\n\n<div class=\"mai-grid entries entries-grid has-boxed has-image-full\" style=\"--entry-title-font-size:var(--font-size-lg);--align-text:start;--entry-meta-text-align:start;\"><div class=\"entries-wrap has-columns\" style=\"--columns-xs:1\/1;--columns-sm:1\/1;--columns-md:1\/3;--columns-lg:1\/3;--flex-xs:0 0 var(--flex-basis);--flex-sm:0 0 var(--flex-basis);--flex-md:0 0 var(--flex-basis);--flex-lg:0 0 var(--flex-basis);--column-gap:var(--spacing-lg);--row-gap:var(--spacing-lg);--align-columns:start;\"><article class=\"entry entry-grid is-column has-entry-link has-image has-image-first type-post category-lignes-de-recherche tag-attention tag-cerveau\" style=\"--entry-index:1;\" aria-label=\"Br\u00e8ves exposition des bases anatomiques de l&#8217;attention\" itemscope itemtype=\"https:\/\/schema.org\/CreativeWork\"><a class=\"entry-image-link\" href=\"https:\/\/neuronup.com\/fr\/investigation\/lignes-de-recherche\/breves-exposition-des-bases-anatomiques-de-lattention\/\" tabindex=\"-1\" aria-hidden=\"true\"><img decoding=\"async\" width=\"400\" height=\"300\" src=\"https:\/\/neuronup.com\/fr\/wp-content\/uploads\/2024\/11\/depositphotos_21456355-stock-photo-brain-3d-illustration-400x300.webp\" class=\"entry-image size-landscape-sm\" alt=\"Profil de t\u00eate humaine stylis\u00e9 en bleu montrant un cerveau bleu avec zones orange et un motif de circuit imprim\u00e9 en arri\u00e8re-plan.\" \/><\/a><div class=\"entry-wrap entry-wrap-grid\"><h3 class=\"entry-title\" itemprop=\"headline\"><a class=\"entry-title-link\" href=\"https:\/\/neuronup.com\/fr\/investigation\/lignes-de-recherche\/breves-exposition-des-bases-anatomiques-de-lattention\/\" rel=\"bookmark\">Br\u00e8ves exposition des bases anatomiques de l&#8217;attention<\/a><\/h3>\n<\/div><\/article><article class=\"entry entry-grid is-column has-entry-link has-image has-image-first type-post category-alzheimer\" style=\"--entry-index:2;\" aria-label=\"La perception visuelle dans la maladie d\u2019Alzheimer\" itemscope itemtype=\"https:\/\/schema.org\/CreativeWork\"><a class=\"entry-image-link\" href=\"https:\/\/neuronup.com\/fr\/actualites-de-la-stimulation-cognitive\/maladies-neurodegeneratives\/alzheimer\/perception-visuelle-dans-la-maladie-dalzheimer\/\" tabindex=\"-1\" aria-hidden=\"true\"><img decoding=\"async\" width=\"400\" height=\"244\" src=\"https:\/\/neuronup.com\/fr\/wp-content\/uploads\/2021\/10\/Percepcion-visual-en-la-enfermedad-de-Alzheimer.webp\" class=\"entry-image size-landscape-sm\" alt=\"Visage d&#039;une personne \u00e2g\u00e9e partiellement recouvert par des pi\u00e8ces de puzzle superpos\u00e9es, avec un arri\u00e8re-plan flou.\" srcset=\"https:\/\/neuronup.com\/fr\/wp-content\/uploads\/2021\/10\/Percepcion-visual-en-la-enfermedad-de-Alzheimer-300x183.webp 300w, https:\/\/neuronup.com\/fr\/wp-content\/uploads\/2021\/10\/Percepcion-visual-en-la-enfermedad-de-Alzheimer-768x469.webp 768w, https:\/\/neuronup.com\/fr\/wp-content\/uploads\/2021\/10\/Percepcion-visual-en-la-enfermedad-de-Alzheimer-1024x625.webp 1024w, https:\/\/neuronup.com\/fr\/wp-content\/uploads\/2021\/10\/Percepcion-visual-en-la-enfermedad-de-Alzheimer.webp 1200w\" sizes=\"(max-width:599px) 599px, (min-width:600px) and (max-width: 799px) 799px, (min-width:800px) and (max-width: 999px) 333px, (min-width:1000px) 400px\" \/><\/a><div class=\"entry-wrap entry-wrap-grid\"><h3 class=\"entry-title\" itemprop=\"headline\"><a class=\"entry-title-link\" href=\"https:\/\/neuronup.com\/fr\/actualites-de-la-stimulation-cognitive\/maladies-neurodegeneratives\/alzheimer\/perception-visuelle-dans-la-maladie-dalzheimer\/\" rel=\"bookmark\">La perception visuelle dans la maladie d\u2019Alzheimer<\/a><\/h3>\n<\/div><\/article><article class=\"entry entry-grid is-column has-entry-link has-image has-image-first type-post category-trisomie-21 tag-deficience-intellectuelle tag-temoignages tag-trisomie-21\" style=\"--entry-index:3;\" aria-label=\"Travailler avec des personnes atteintes de Trisomie 21 par groupes d&#8217;\u00e2ge\" itemscope itemtype=\"https:\/\/schema.org\/CreativeWork\"><a class=\"entry-image-link\" href=\"https:\/\/neuronup.com\/fr\/actualites-de-la-stimulation-cognitive\/deficience-intellectuelle\/trisomie-21\/travailler-avec-des-personnes-atteintes-de-trisomie-21-par-groupes-dage\/\" tabindex=\"-1\" aria-hidden=\"true\"><img decoding=\"async\" width=\"400\" height=\"300\" src=\"https:\/\/neuronup.com\/fr\/wp-content\/uploads\/2024\/11\/Travailler-avec-des-personnes-atteintes-du-syndrome-de-Down-par-groupes-dage4-2-400x300.webp\" class=\"entry-image size-landscape-sm\" alt=\"Groupe d\u2019individus atteints du syndrome de Down, r\u00e9partis par \u00e2ge, engag\u00e9s dans une activit\u00e9 p\u00e9dagogique encadr\u00e9e avec NeuronUP.\" srcset=\"https:\/\/neuronup.com\/fr\/wp-content\/uploads\/2024\/11\/Travailler-avec-des-personnes-atteintes-du-syndrome-de-Down-par-groupes-dage4-2-300x225.webp 300w, https:\/\/neuronup.com\/fr\/wp-content\/uploads\/2024\/11\/Travailler-avec-des-personnes-atteintes-du-syndrome-de-Down-par-groupes-dage4-2-400x300.webp 400w, https:\/\/neuronup.com\/fr\/wp-content\/uploads\/2024\/11\/Travailler-avec-des-personnes-atteintes-du-syndrome-de-Down-par-groupes-dage4-2-768x576.webp 768w, https:\/\/neuronup.com\/fr\/wp-content\/uploads\/2024\/11\/Travailler-avec-des-personnes-atteintes-du-syndrome-de-Down-par-groupes-dage4-2-800x600.webp 800w, https:\/\/neuronup.com\/fr\/wp-content\/uploads\/2024\/11\/Travailler-avec-des-personnes-atteintes-du-syndrome-de-Down-par-groupes-dage4-2-1024x768.webp 1024w, https:\/\/neuronup.com\/fr\/wp-content\/uploads\/2024\/11\/Travailler-avec-des-personnes-atteintes-du-syndrome-de-Down-par-groupes-dage4-2.webp 1200w\" sizes=\"(max-width:599px) 599px, (min-width:600px) and (max-width: 799px) 799px, (min-width:800px) and (max-width: 999px) 333px, (min-width:1000px) 400px\" \/><\/a><div class=\"entry-wrap entry-wrap-grid\"><h3 class=\"entry-title\" itemprop=\"headline\"><a class=\"entry-title-link\" href=\"https:\/\/neuronup.com\/fr\/actualites-de-la-stimulation-cognitive\/deficience-intellectuelle\/trisomie-21\/travailler-avec-des-personnes-atteintes-de-trisomie-21-par-groupes-dage\/\" rel=\"bookmark\">Travailler avec des personnes atteintes de Trisomie 21 par groupes d&#8217;\u00e2ge<\/a><\/h3>\n<\/div><\/article><article class=\"entry entry-grid is-column has-entry-link has-image has-image-first type-post category-neuronup-academie tag-academie-neuronup\" style=\"--entry-index:4;\" aria-label=\"Le neurologue Asier G\u00f3mez r\u00e9pond aux questions concernant sa pr\u00e9sentation sur l\u2019\u00e9pilepsie\" itemscope itemtype=\"https:\/\/schema.org\/CreativeWork\"><a class=\"entry-image-link\" href=\"https:\/\/neuronup.com\/fr\/formation\/neuronup-academie\/asier-gomez-questions-presentation-sur-lepilepsie\/\" tabindex=\"-1\" aria-hidden=\"true\"><img decoding=\"async\" width=\"400\" height=\"300\" src=\"https:\/\/neuronup.com\/fr\/wp-content\/uploads\/2024\/11\/Therapie-occupationnelle-et-lesion-cerebrale-50-2-400x300.webp\" class=\"entry-image size-landscape-sm\" alt=\"Visuel montrant des pi\u00e8ces et des billets en euros, avec un message sur une activit\u00e9 de gestion d&#039;argent pour enfants.\" srcset=\"https:\/\/neuronup.com\/fr\/wp-content\/uploads\/2024\/11\/Therapie-occupationnelle-et-lesion-cerebrale-50-2-400x300.webp 400w, https:\/\/neuronup.com\/fr\/wp-content\/uploads\/2024\/11\/Therapie-occupationnelle-et-lesion-cerebrale-50-2-800x600.webp 800w, https:\/\/neuronup.com\/fr\/wp-content\/uploads\/2024\/11\/Therapie-occupationnelle-et-lesion-cerebrale-50-2-1200x900.webp 1200w\" sizes=\"(max-width:599px) 599px, (min-width:600px) and (max-width: 799px) 799px, (min-width:800px) and (max-width: 999px) 333px, (min-width:1000px) 400px\" \/><\/a><div class=\"entry-wrap entry-wrap-grid\"><h3 class=\"entry-title\" itemprop=\"headline\"><a class=\"entry-title-link\" href=\"https:\/\/neuronup.com\/fr\/formation\/neuronup-academie\/asier-gomez-questions-presentation-sur-lepilepsie\/\" rel=\"bookmark\">Le neurologue Asier G\u00f3mez r\u00e9pond aux questions concernant sa pr\u00e9sentation sur l\u2019\u00e9pilepsie<\/a><\/h3>\n<\/div><\/article><article class=\"entry entry-grid is-column has-entry-link has-image has-image-first type-post category-neuropsychologie-et-informations tag-neuropsychologie\" style=\"--entry-index:5;\" aria-label=\"Jeux vid\u00e9o contre les troubles neurologiques : l&rsquo;exemple pionnier contre l&rsquo;amblyopie\" itemscope itemtype=\"https:\/\/schema.org\/CreativeWork\"><a class=\"entry-image-link\" href=\"https:\/\/neuronup.com\/fr\/neurosciences\/neuropsychologie-et-informations\/jeux-video-contre-problemes-neurologiques-lexemple-pionnier-contre-lil-paresseux\/\" tabindex=\"-1\" aria-hidden=\"true\"><img decoding=\"async\" width=\"400\" height=\"267\" src=\"https:\/\/neuronup.com\/fr\/wp-content\/uploads\/2023\/05\/Videojuegos-contra-problemas-neurologicos.webp\" class=\"entry-image size-landscape-sm\" alt=\"Deux enfants jouent ensemble \u00e0 des jeux vid\u00e9o sur le sol du salon, manettes en main, sourire et lumi\u00e8re naturelle.\" srcset=\"https:\/\/neuronup.com\/fr\/wp-content\/uploads\/2023\/05\/Videojuegos-contra-problemas-neurologicos-300x200.webp 300w, https:\/\/neuronup.com\/fr\/wp-content\/uploads\/2023\/05\/Videojuegos-contra-problemas-neurologicos-768x512.webp 768w, https:\/\/neuronup.com\/fr\/wp-content\/uploads\/2023\/05\/Videojuegos-contra-problemas-neurologicos-1024x683.webp 1024w, https:\/\/neuronup.com\/fr\/wp-content\/uploads\/2023\/05\/Videojuegos-contra-problemas-neurologicos.webp 1200w\" sizes=\"(max-width:599px) 599px, (min-width:600px) and (max-width: 799px) 799px, (min-width:800px) and (max-width: 999px) 333px, (min-width:1000px) 400px\" \/><\/a><div class=\"entry-wrap entry-wrap-grid\"><h3 class=\"entry-title\" itemprop=\"headline\"><a class=\"entry-title-link\" href=\"https:\/\/neuronup.com\/fr\/neurosciences\/neuropsychologie-et-informations\/jeux-video-contre-problemes-neurologiques-lexemple-pionnier-contre-lil-paresseux\/\" rel=\"bookmark\">Jeux vid\u00e9o contre les troubles neurologiques : l&rsquo;exemple pionnier contre l&rsquo;amblyopie<\/a><\/h3>\n<\/div><\/article><article class=\"entry entry-grid is-column has-entry-link has-image has-image-first type-post category-lesions-cerebrales tag-lesions-cerebrales tag-lesions-cerebrales-acquises tag-stimulation-cognitive\" style=\"--entry-index:6;\" aria-label=\"Neurones survivantes. L&#8217;importance de la neuror\u00e9habilitation pr\u00e9coce en cas d&#8217;accident vasculaire c\u00e9r\u00e9bral.\" itemscope itemtype=\"https:\/\/schema.org\/CreativeWork\"><a class=\"entry-image-link\" href=\"https:\/\/neuronup.com\/fr\/actualites-de-la-stimulation-cognitive\/lesions-cerebrales\/neurones-survivantes-limportance-de-la-neurorehabilitation-precoce-en-cas-daccident-vasculaire-cerebral\/\" tabindex=\"-1\" aria-hidden=\"true\"><img decoding=\"async\" width=\"400\" height=\"300\" src=\"https:\/\/neuronup.com\/fr\/wp-content\/uploads\/2024\/11\/Neurones-survivantes.-Limportance-de-la-neurorehabilitation-precoce-en-cas-daccident-vasculaire-cerebral.-1-400x300.webp\" class=\"entry-image size-landscape-sm\" alt=\"R\u00e9seau de neurones bleus et violets avec \u00e9clairs lumineux illustrant les signaux neuronaux.\" srcset=\"https:\/\/neuronup.com\/fr\/wp-content\/uploads\/2024\/11\/Neurones-survivantes.-Limportance-de-la-neurorehabilitation-precoce-en-cas-daccident-vasculaire-cerebral.-1-300x225.webp 300w, https:\/\/neuronup.com\/fr\/wp-content\/uploads\/2024\/11\/Neurones-survivantes.-Limportance-de-la-neurorehabilitation-precoce-en-cas-daccident-vasculaire-cerebral.-1-400x300.webp 400w, https:\/\/neuronup.com\/fr\/wp-content\/uploads\/2024\/11\/Neurones-survivantes.-Limportance-de-la-neurorehabilitation-precoce-en-cas-daccident-vasculaire-cerebral.-1-768x576.webp 768w, https:\/\/neuronup.com\/fr\/wp-content\/uploads\/2024\/11\/Neurones-survivantes.-Limportance-de-la-neurorehabilitation-precoce-en-cas-daccident-vasculaire-cerebral.-1-800x600.webp 800w, https:\/\/neuronup.com\/fr\/wp-content\/uploads\/2024\/11\/Neurones-survivantes.-Limportance-de-la-neurorehabilitation-precoce-en-cas-daccident-vasculaire-cerebral.-1-1024x768.webp 1024w, https:\/\/neuronup.com\/fr\/wp-content\/uploads\/2024\/11\/Neurones-survivantes.-Limportance-de-la-neurorehabilitation-precoce-en-cas-daccident-vasculaire-cerebral.-1.webp 1200w\" sizes=\"(max-width:599px) 599px, (min-width:600px) and (max-width: 799px) 799px, (min-width:800px) and (max-width: 999px) 333px, (min-width:1000px) 400px\" \/><\/a><div class=\"entry-wrap entry-wrap-grid\"><h3 class=\"entry-title\" itemprop=\"headline\"><a class=\"entry-title-link\" href=\"https:\/\/neuronup.com\/fr\/actualites-de-la-stimulation-cognitive\/lesions-cerebrales\/neurones-survivantes-limportance-de-la-neurorehabilitation-precoce-en-cas-daccident-vasculaire-cerebral\/\" rel=\"bookmark\">Neurones survivantes. L&#8217;importance de la neuror\u00e9habilitation pr\u00e9coce en cas d&#8217;accident vasculaire c\u00e9r\u00e9bral.<\/a><\/h3>\n<\/div><\/article><\/div><\/div>","protected":false},"excerpt":{"rendered":"<p>NeuronUP a \u00e9t\u00e9 reconnue comme PME Innovante par le Minist\u00e8re de la Science, de l\u2019Innovation et des Universit\u00e9s, une distinction que seules trois petites et moyennes entreprises sur 1 000 en Espagne poss\u00e8dent. Cette reconnaissance confirme l\u2019engagement de la soci\u00e9t\u00e9 en faveur de la recherche, du d\u00e9veloppement et de l\u2019innovation (R&#038;D+i) dans le domaine de &hellip;<\/p>\n","protected":false},"author":7,"featured_media":37850,"comment_status":"open","ping_status":"open","sticky":false,"template":"","format":"standard","meta":{"_acf_changed":false,"_genesis_hide_title":false,"_genesis_hide_breadcrumbs":false,"_genesis_hide_singular_image":false,"_genesis_hide_footer_widgets":false,"_genesis_custom_body_class":"","_genesis_custom_post_class":"","_genesis_layout":"","footnotes":""},"categories":[609],"tags":[997],"class_list":{"2":"type-post","7":"category-nouveautes-neuronup","8":"tag-actualites-de-neuronup","9":"entry"},"acf":[],"_links":{"self":[{"href":"https:\/\/neuronup.com\/fr\/wp-json\/wp\/v2\/posts\/37724","targetHints":{"allow":["GET"]}}],"collection":[{"href":"https:\/\/neuronup.com\/fr\/wp-json\/wp\/v2\/posts"}],"about":[{"href":"https:\/\/neuronup.com\/fr\/wp-json\/wp\/v2\/types\/post"}],"author":[{"embeddable":true,"href":"https:\/\/neuronup.com\/fr\/wp-json\/wp\/v2\/users\/7"}],"replies":[{"embeddable":true,"href":"https:\/\/neuronup.com\/fr\/wp-json\/wp\/v2\/comments?post=37724"}],"version-history":[{"count":0,"href":"https:\/\/neuronup.com\/fr\/wp-json\/wp\/v2\/posts\/37724\/revisions"}],"wp:featuredmedia":[{"embeddable":true,"href":"https:\/\/neuronup.com\/fr\/wp-json\/wp\/v2\/media\/37850"}],"wp:attachment":[{"href":"https:\/\/neuronup.com\/fr\/wp-json\/wp\/v2\/media?parent=37724"}],"wp:term":[{"taxonomy":"category","embeddable":true,"href":"https:\/\/neuronup.com\/fr\/wp-json\/wp\/v2\/categories?post=37724"},{"taxonomy":"post_tag","embeddable":true,"href":"https:\/\/neuronup.com\/fr\/wp-json\/wp\/v2\/tags?post=37724"}],"curies":[{"name":"wp","href":"https:\/\/api.w.org\/{rel}","templated":true}]}}