{"id":37655,"date":"2025-04-09T09:32:03","date_gmt":"2025-04-09T07:32:03","guid":{"rendered":"https:\/\/neuronup.com\/fr\/?p=37655"},"modified":"2026-01-29T17:40:28","modified_gmt":"2026-01-29T15:40:28","slug":"reeducation-neuropsychologique-dans-la-maladie-de-parkinson","status":"publish","type":"post","link":"https:\/\/neuronup.com\/fr\/actualites-de-la-stimulation-cognitive\/maladies-neurodegeneratives\/parkinson\/reeducation-neuropsychologique-dans-la-maladie-de-parkinson\/","title":{"rendered":"R\u00e9\u00e9ducation neuropsychologique dans la maladie de Parkinson"},"content":{"rendered":"\n<p class=\"has-xl-font-size\">Le neuropsychologue Ram\u00f3n Fern\u00e1ndez de Bobadilla explique dans cet article comment r\u00e9aliser une <strong>r\u00e9\u00e9ducation neuropsychologique dans la maladie de Parkinson<\/strong>.<\/p>\n\n\n\n<h2 class=\"wp-block-heading\">Qu\u2019est-ce que la maladie de Parkinson ?<\/h2>\n\n\n\n<p>La maladie de Parkinson est le <strong><a href=\"https:\/\/neuronup.com\/fr\/cas-d-usage-maladies-neurodegeneratives\/\">trouble neurod\u00e9g\u00e9n\u00e9ratif<\/a> moteur le plus fr\u00e9quent<\/strong>, avec une pr\u00e9valence estim\u00e9e en Europe de 108 \u00e0 207 pour 100 000 habitants. Bien qu\u2019il existe une minorit\u00e9 de cas d\u2019origine g\u00e9n\u00e9tique, la cause demeure essentiellement inconnue, l\u2019\u00e2ge \u00e9tant le principal facteur de risque.<\/p>\n\n\n\n<p>L\u2019\u00e9volution de la maladie est tr\u00e8s lente, et une grande partie de la symptomatologie r\u00e9sulte de la mort des neurones dopaminergiques et de la diminution subs\u00e9quente des terminaisons li\u00e9es \u00e0 ce neurotransmetteur.<\/p>\n\n\n\n<h2 class=\"wp-block-heading\">Sympt\u00f4mes de la maladie de Parkinson<\/h2>\n\n\n\n<p>Les quatre crit\u00e8res diagnostiques principaux de la maladie de Parkinson sont :<\/p>\n\n\n\n<ul class=\"wp-block-list\">\n<li>la bradykin\u00e9sie,<\/li>\n\n\n\n<li>la rigidit\u00e9,<\/li>\n\n\n\n<li>le tremblement,<\/li>\n\n\n\n<li>l\u2019instabilit\u00e9 posturale.<\/li>\n<\/ul>\n\n\n\n<p>Les sympt\u00f4mes <strong>apparaissent typiquement de mani\u00e8re unilat\u00e9rale<\/strong> et, bien qu\u2019ils deviennent bilat\u00e9raux avec le temps, l\u2019asym\u00e9trie tend \u00e0 persister. M\u00eame si le tremblement est le sympt\u00f4me le plus identifi\u00e9 dans l\u2019imaginaire collectif, il ne s\u2019agit ni d\u2019un signe sp\u00e9cifique ni d\u00e9finitoire. Ce qui d\u00e9finit r\u00e9ellement la maladie de Parkinson est le <strong>parkinsonisme<\/strong>, impliquant obligatoirement la pr\u00e9sence de bradykin\u00e9sie (pauvret\u00e9 et lenteur des mouvements volontaires, mise en \u00e9vidence par des mouvements r\u00e9p\u00e9t\u00e9s lors de l\u2019examen clinique).<\/p>\n\n\n\n<h3 class=\"wp-block-heading\">Phase initiale<\/h3>\n\n\n\n<p>Apr\u00e8s l\u2019apparition des sympt\u00f4mes moteurs, les patients traversent une phase initiale avec une <strong>bonne r\u00e9ponse au traitement pharmacologique<\/strong> par substitution dopaminergique, qui dure g\u00e9n\u00e9ralement <strong>environ 5 ans.<\/strong><\/p>\n\n\n\n<h3 class=\"wp-block-heading\">\u00c9volution<\/h3>\n\n\n\n<p>Ensuite, des <strong>complications<\/strong> se d\u00e9veloppent progressivement et de nouveaux sympt\u00f4mes apparaissent au fur et \u00e0 mesure de la progression de la neurod\u00e9g\u00e9n\u00e9rescence. Le temps \u00e9coul\u00e9 entre l\u2019apparition des premiers sympt\u00f4mes moteurs et la perte d\u2019autonomie varie beaucoup selon les patients, et s\u2019\u00e9tend g\u00e9n\u00e9ralement de <strong>10 \u00e0 20 ans<\/strong>.<\/p>\n\n\n\n<h3 class=\"wp-block-heading\">Symptomatologie non motrice<\/h3>\n\n\n\n<p>Malgr\u00e9 l\u2019importance des sympt\u00f4mes moteurs, une attention croissante est accord\u00e9e \u00e0 la symptomatologie non motrice de la maladie de Parkinson. Elle est non seulement utile d\u2019un point de vue diagnostique (car pr\u00e9sente \u00e0 tous les stades de la maladie), mais elle est \u00e9galement <strong>essentielle pour le suivi et la prise en charge<\/strong> de ces patients en raison de son impact important sur leur qualit\u00e9 de vie.<\/p>\n\n\n\n<p class=\"has-xl-margin-bottom\">La symptomatologie non motrice est particuli\u00e8rement complexe et englobe <strong>des aspects cognitifs et neuropsychiatriques<\/strong>, ainsi que des troubles du sommeil, une dysfonction autonome, des sympt\u00f4mes gastro-intestinaux ou sensoriels. Certains de ces sympt\u00f4mes peuvent \u00eatre provoqu\u00e9s ou aggrav\u00e9s par le traitement dopaminergique lui-m\u00eame (syndrome de d\u00e9r\u00e9gulation dopaminergique, hallucinations, psychose, hypotension orthostatique, somnolence diurne, etc.).<\/p>\n\n\n\n\n\n<h2 class=\"wp-block-heading has-xxl-margin-top\">D\u00e9clin cognitif dans la maladie de Parkinson<\/h2>\n\n\n\n<p>La maladie de Parkinson entra\u00eene presque in\u00e9vitablement un d\u00e9clin cognitif au cours de son \u00e9volution, et <strong>jusqu\u2019\u00e0 80 % des patients d\u00e9veloppent une d\u00e9mence apr\u00e8s 20 ans<\/strong>. Aux stades pr\u00e9coces, environ 30 % des patients pr\u00e9sentent un trouble cognitif l\u00e9ger, qui constitue un facteur de risque ind\u00e9pendant pour le d\u00e9veloppement ult\u00e9rieur d\u2019une d\u00e9mence.<\/p>\n\n\n\n<p>En plus du d\u00e9clin cognitif, on observe fr\u00e9quemment chez les patients parkinsoniens la pr\u00e9sence d\u2019<strong>anxi\u00e9t\u00e9, d\u00e9pression, apathie, id\u00e9es d\u00e9lirantes et hallucinations<\/strong>.<\/p>\n\n\n\n<p>Les troubles cognitifs sont aujourd\u2019hui reconnus comme des sympt\u00f4mes hautement pr\u00e9valents et cruciaux dans la qualit\u00e9 de vie de ces patients.<\/p>\n\n\n\n<p>Traditionnellement, ils ont \u00e9t\u00e9 attribu\u00e9s \u00e0 la d\u00e9pl\u00e9tion dopaminergique cons\u00e9cutive \u00e0 la neurod\u00e9g\u00e9n\u00e9rescence de la substance noire, entra\u00eenant un d\u00e9ficit de ce neurotransmetteur au niveau striatal et, par cons\u00e9quent, une d\u00e9faillance des circuits fronto-sous-corticaux.<\/p>\n\n\n\n<p>Cependant, cette vision s\u2019\u00e9largit ces derni\u00e8res ann\u00e9es, en raison des preuves croissantes de l\u2019implication de structures corticales et extra-nigrales.<\/p>\n\n\n\n<h3 class=\"wp-block-heading\">Profil neuropsychologique dans la maladie de Parkinson<\/h3>\n\n\n\n<p>Les d\u00e9ficits cognitifs initiaux dans la maladie de Parkinson peuvent ne pas \u00eatre cliniquement apparents, mais \u00eatre mis en \u00e9vidence par une <strong>\u00e9valuation neuropsychologique<\/strong> standardis\u00e9e.<\/p>\n\n\n\n<p>On peut ainsi d\u00e9tecter des troubles cognitifs chez des patients apparemment non atteints, ceux-ci \u00e9tant majoritairement de nature dysex\u00e9cutive.<\/p>\n\n\n\n<p>En r\u00e9alit\u00e9, <strong>le profil neuropsychologique<\/strong> observ\u00e9 chez les patients atteints de la maladie de Parkinson <strong>ressemble \u00e0 celui de patients pr\u00e9sentant des l\u00e9sions du lobe frontal.<\/strong><\/p>\n\n\n<div class=\"wp-block-image image-interface\">\n<figure class=\"aligncenter size-full\"><img decoding=\"async\" width=\"678\" height=\"454\" src=\"https:\/\/neuronup.com\/fr\/wp-content\/uploads\/2023\/10\/Rehabilitacion-neuropsicologica-en-la-enfermedad-de-Parkinson.webp\" alt=\"Deux feuilles de papier c\u00f4te \u00e0 c\u00f4te; une main dessine une maison abstraite et inachev\u00e9e, l\u2019autre montre une maison g\u00e9om\u00e9trique.\" class=\"wp-image-27438\" srcset=\"https:\/\/neuronup.com\/fr\/wp-content\/uploads\/2023\/10\/Rehabilitacion-neuropsicologica-en-la-enfermedad-de-Parkinson-300x201.webp 300w, https:\/\/neuronup.com\/fr\/wp-content\/uploads\/2023\/10\/Rehabilitacion-neuropsicologica-en-la-enfermedad-de-Parkinson.webp 678w\" sizes=\"(max-width: 678px) 100vw, 678px\" \/><figcaption class=\"wp-element-caption\">R\u00e9\u00e9ducation neuropsychologique dans la maladie de Parkinson<\/figcaption><\/figure>\n<\/div>\n\n\n<p>Une <strong>difficult\u00e9 typique \u00e0 \u00ab trouver le mot \u00bb<\/strong> (ph\u00e9nom\u00e8ne du mot sur le bout de la langue) est souvent observ\u00e9e, en lien avec des d\u00e9ficits de fluence verbale s\u00e9mantique d\u00e8s les stades tr\u00e8s pr\u00e9coces.<\/p>\n\n\n\n<p>Les <strong>troubles de la m\u00e9moire \u00e9pisodique<\/strong> r\u00e9cente sont \u00e9galement fr\u00e9quents et se manifestent par des alt\u00e9rations aux tests de rappel libre verbal et aux tests de m\u00e9moire visuelle.<\/p>\n\n\n\n<p>Les <strong>difficult\u00e9s \u00e0 r\u00e9aliser des t\u00e2ches simultan\u00e9es<\/strong>, \u00e0 planifier les activit\u00e9s ou \u00e0 organiser la vie quotidienne (courrier, finances, projets professionnels) peuvent \u00eatre per\u00e7ues tr\u00e8s t\u00f4t par les patients et sont associ\u00e9es \u00e0 une dysfonction ex\u00e9cutive.<\/p>\n\n\n\n<p>Bien que des d\u00e9ficits pr\u00e9coces de la perception visuelle soient pr\u00e9sents, ils ne se traduisent g\u00e9n\u00e9ralement pas par des <strong>plaintes li\u00e9es \u00e0 la perception du mouvement ou \u00e0 la reconnaissance visuelle<\/strong> de la part des patients.<\/p>\n\n\n\n<p>\u00c0 mesure que le d\u00e9clin cognitif progresse, les <strong>troubles de la m\u00e9moire et des fonctions ex\u00e9cutives<\/strong> deviennent plus \u00e9vidents pour le patient comme pour son entourage.<\/p>\n\n\n\n<h3 class=\"wp-block-heading\">Probl\u00e8mes li\u00e9s \u00e0 la transition vers la d\u00e9mence<\/h3>\n\n\n\n<p>Lors de la transition vers la d\u00e9mence, <strong>des troubles du langage<\/strong> apparaissent : les patients rencontrent des difficult\u00e9s de compr\u00e9hension et de production, et ont tendance \u00e0 perdre le fil de la conversation.<\/p>\n\n\n\n<p>Aux stades mod\u00e9r\u00e9s et avanc\u00e9s, les troubles du langage se caract\u00e9risent par une alt\u00e9ration de la compr\u00e9hension des phrases, une production verbale pauvre et une activation s\u00e9mantique r\u00e9duite.<\/p>\n\n\n\n<p>Cela sugg\u00e8re que d\u2019autres syst\u00e8mes que le syst\u00e8me dopaminergique, et d\u2019autres circuits que les fronto-striataux, sont n\u00e9cessairement impliqu\u00e9s dans la maladie de Parkinson. Il existe de plus en plus de preuves soulignant l&rsquo;<strong>importance du syst\u00e8me cholinergique<\/strong> dans les troubles cognitifs associ\u00e9s \u00e0 cette maladie.<\/p>\n\n\n\n<div style=\"height:50px\" aria-hidden=\"true\" class=\"wp-block-spacer\"><\/div>\n\n\n\n<aside class=\"wp-block-group br-1010 has-primary-background-color has-background has-dark-background has-sm-padding-top has-sm-padding-bottom has-sm-padding-left has-sm-padding-right\"><div class=\"wp-block-group__inner-container is-layout-constrained wp-block-group-is-layout-constrained\">\n<div class=\"wp-block-columns are-vertically-aligned-center is-layout-flex wp-container-core-columns-is-layout-9d6595d7 wp-block-columns-is-layout-flex\">\n<div class=\"wp-block-column is-vertically-aligned-center has-white-color has-text-color has-link-color wp-elements-c75b473d403fcfb5c80dbf268917e985 is-layout-flow wp-block-column-is-layout-flow\" style=\"flex-basis:60%\">\n<p>Obtenez un<strong> guide d&rsquo;activit\u00e9s<\/strong> pour travailler avec les personnes souffrant de <strong>d\u00e9mence <\/strong>+ 1 activit\u00e9 imprimable gratuite<\/p>\n<\/div>\n\n\n\n<div class=\"wp-block-column is-vertically-aligned-center is-layout-flow wp-block-column-is-layout-flow\" style=\"flex-basis:40%\">\n<div class=\"wp-block-buttons is-content-justification-center is-layout-flex wp-container-core-buttons-is-layout-16018d1d wp-block-buttons-is-layout-flex\">\n<div class=\"wp-block-button\" style=\"--button-secondary-color:var(--color-white);--button-secondary-background:var(--color-custom-1);--button-secondary-background-hover:#cc7e00;\"><a class=\"wp-block-button__link button button-secondary     has-link-color wp-element-button\" href=\"https:\/\/neuronup.com\/redirect\/?target=typeform\/demence?utm_first_source=Web&#038;utm_first_campaign_name=Worksheets_dementia\">Obtenir gratuitement<\/a><\/div>\n\n<\/div>\n<\/div>\n<\/div>\n<\/div><\/aside>\n\n\n\n\n<div style=\"height:50px\" aria-hidden=\"true\" class=\"wp-block-spacer\"><\/div>\n\n\n\n<h2 class=\"wp-block-heading\">R\u00e9\u00e9ducation neuropsychologique dans la maladie de Parkinson<\/h2>\n\n\n\n<p>Certains essais ont \u00e9tudi\u00e9 les effets b\u00e9n\u00e9fiques des <strong>inhibiteurs de la cholinest\u00e9rase<\/strong> sur la cognition, le comportement et la qualit\u00e9 de vie des patients atteints de Parkinson avec d\u00e9mence, mais aucun traitement pharmacologique n\u2019a encore \u00e9t\u00e9 approuv\u00e9 pour traiter sp\u00e9cifiquement le d\u00e9clin cognitif l\u00e9ger ou pr\u00e9venir l\u2019\u00e9volution des sympt\u00f4mes.<\/p>\n\n\n\n<p>Cependant, bien que les donn\u00e9es soient encore limit\u00e9es, on observe \u00e9galement une <strong>am\u00e9lioration<\/strong> de la cognition chez les patients parkinsoniens gr\u00e2ce \u00e0 des <strong>interventions non pharmacologiques<\/strong>.<\/p>\n\n\n\n<p>L\u2019utilisation de la <strong>th\u00e9rapie cognitivo-comportementale<\/strong> s\u2019est r\u00e9v\u00e9l\u00e9e efficace pour traiter la d\u00e9pression et l\u2019anxi\u00e9t\u00e9 chez ces patients, avec un impact positif sur leur capacit\u00e9 \u00e0 faire face \u00e0 la maladie et une am\u00e9lioration de leur qualit\u00e9 de vie.<\/p>\n\n\n\n<p>Mais ce qui s\u2019impose de plus en plus comme une strat\u00e9gie cl\u00e9 pour <strong>ralentir la progression<\/strong> vers les stades proches de la d\u00e9mence est le recours \u00e0 l\u2019entra\u00eenement cognitif, \u00e0 l\u2019activit\u00e9 physique ou \u00e0 la combinaison des deux.<\/p>\n\n\n\n<p>L&rsquo;entra\u00eenement cognitif appara\u00eet comme une m\u00e9thode s\u00fbre, entra\u00eenant une <strong>am\u00e9lioration mesurable des performances cognitives<\/strong>, notamment en ce qui concerne la <strong>m\u00e9moire de travail et les fonctions ex\u00e9cutives<\/strong>, principalement dans la vitesse de traitement de l&rsquo;information.<\/p>\n\n\n\n<p>Il est recommand\u00e9 d\u2019utiliser aussi bien des exercices sur papier que des programmes informatis\u00e9s.<\/p>\n\n\n\n<p>Des b\u00e9n\u00e9fices ont \u00e9galement \u00e9t\u00e9 observ\u00e9s tant via un travail global que cibl\u00e9 sur des processus cognitifs sp\u00e9cifiques (notamment les fonctions ex\u00e9cutives), ainsi qu\u2019\u00e0 travers des exercices moteurs contr\u00f4l\u00e9s.<\/p>\n\n\n<div class=\"wp-block-image image-interface\">\n<figure class=\"aligncenter size-large is-resized\" id=\"attachment_5441\"><img decoding=\"async\" width=\"1024\" height=\"771\" src=\"https:\/\/neuronup.com\/fr\/wp-content\/uploads\/2023\/10\/Rehabilitacion-neuropsicologica-en-la-enfermedad-de-Parkinson-2-1-1024x771.webp\" alt=\"Personne assise devant un ordinateur, doigt sur l&#039;\u00e9cran, grille d&#039;ic\u00f4nes repr\u00e9sentant des pots de plantes visibles sur le bureau.\" class=\"wp-image-27442\" style=\"width:500px\" title=\"R\u00e9\u00e9ducation neuropsychologique dans la maladie de Parkinson\" srcset=\"https:\/\/neuronup.com\/fr\/wp-content\/uploads\/2023\/10\/Rehabilitacion-neuropsicologica-en-la-enfermedad-de-Parkinson-2-1-300x226.webp 300w, https:\/\/neuronup.com\/fr\/wp-content\/uploads\/2023\/10\/Rehabilitacion-neuropsicologica-en-la-enfermedad-de-Parkinson-2-1-768x579.webp 768w, https:\/\/neuronup.com\/fr\/wp-content\/uploads\/2023\/10\/Rehabilitacion-neuropsicologica-en-la-enfermedad-de-Parkinson-2-1-1024x771.webp 1024w, https:\/\/neuronup.com\/fr\/wp-content\/uploads\/2023\/10\/Rehabilitacion-neuropsicologica-en-la-enfermedad-de-Parkinson-2-1.webp 1200w\" sizes=\"(max-width: 1024px) 100vw, 1024px\" \/><figcaption class=\"wp-element-caption\">Un patient travaillant avec la plateforme de stimulation cognitive NeuronUP.<\/figcaption><\/figure>\n<\/div>\n\n\n<p>Le travail avec des jeux vid\u00e9o ou en r\u00e9alit\u00e9 virtuelle devient \u00e9galement un <strong>entra\u00eenement<\/strong> aux comp\u00e9tences, souvent per\u00e7u comme agr\u00e9able, favorisant <strong>l\u2019implication \u00e9motionnelle et motivationnelle<\/strong> (ce qui est crucial en cas d\u2019apathie), et donc <strong>l\u2019adh\u00e9sion \u00e0 long terme \u00e0 la r\u00e9\u00e9ducation<\/strong>.<\/p>\n\n\n\n<p>La <strong>dimension comp\u00e9titive<\/strong> peut aussi \u00eatre un facteur de motivation suppl\u00e9mentaire pour s\u2019engager dans un programme d\u2019entra\u00eenement cognitif, avec des effets sur les aspects sociaux et familiaux.<\/p>\n\n\n\n<h3 class=\"wp-block-heading\">Fr\u00e9quence accrue de l\u2019entra\u00eenement<\/h3>\n\n\n\n<p>Ces outils permettent \u00e9galement de <strong>travailler depuis le domicile<\/strong> (toujours sous supervision professionnelle), ce qui augmente la fr\u00e9quence de l\u2019entra\u00eenement.<\/p>\n\n\n\n<p>Il convient d\u2019ajouter que, compte tenu des caract\u00e9ristiques sp\u00e9cifiques de la maladie et des fonctions plus ou moins affect\u00e9es selon les cas, les <strong>programmes con\u00e7us pour des patients souffrant de l\u00e9sions focales<\/strong> ayant d\u00e9montr\u00e9 leur efficacit\u00e9 peuvent aussi s\u2019av\u00e9rer b\u00e9n\u00e9fiques chez les patients parkinsoniens afin de ralentir le d\u00e9clin. Cela se traduit par une meilleure participation sociale et une <strong>am\u00e9lioration de la qualit\u00e9 de vie<\/strong>.<\/p>\n\n\n\n<p>Malgr\u00e9 les avanc\u00e9es dans le d\u00e9veloppement de l\u2019entra\u00eenement cognitif pour ces patients, il est important de garder \u00e0 l\u2019esprit que ce travail vise \u00e0 r\u00e9duire la charge des sympt\u00f4mes et \u00e0 <strong>am\u00e9liorer la fonctionnalit\u00e9<\/strong> ainsi que la <strong>qualit\u00e9 de vie<\/strong>.<\/p>\n\n\n\n<p>Il ne faut pas oublier qu\u2019il s\u2019agit d\u2019une maladie neurod\u00e9g\u00e9n\u00e9rative, et que la disparition totale des sympt\u00f4mes est impossible \u00e0 ce jour en raison du caract\u00e8re in\u00e9luctable de sa progression.<\/p>\n\n\n\n<h3 class=\"wp-block-heading\">Conclusion<\/h3>\n\n\n\n<p>En conclusion, <strong>l\u2019entra\u00eenement cognitif combin\u00e9 aux interventions comportementales<\/strong> peut aider les patients atteints de la maladie de Parkinson \u00e0 faire face au d\u00e9fi immense que repr\u00e9sente cette maladie. Notre objectif, en tant que professionnels ou proches, doit toujours \u00eatre de <strong>maximiser leur bien-\u00eatre et leur qualit\u00e9 de vie<\/strong>.<\/p>\n\n\n\n<p>Bien que nous soyons encore aux premi\u00e8res \u00e9tapes de la recherche sur les b\u00e9n\u00e9fices r\u00e9els de ces strat\u00e9gies non pharmacologiques et que de nombreuses limites m\u00e9thodologiques persistent en raison de la complexit\u00e9 de la maladie, le travail de perfectionnement de ces approches pour les rendre efficaces, tant aux stades pr\u00e9coces qu\u2019avanc\u00e9s, constitue un <strong>d\u00e9fi majeur<\/strong> qui doit nous encourager \u00e0 poursuivre dans cette voie.<\/p>\n\n\n\n<h2 class=\"wp-block-heading\">Bibliographie<\/h2>\n\n\n\n<p class=\"has-sm-font-size\">Troster, A. I. [Ed]. (2015). Clinical neuropsychology and cognitive neurology of Parkinson\u2019s disease and other movement disorders.&nbsp;<em>Clinical Neuropsychology and Cognitive Neurology of Parkinson\u2019s Disease and Other Movement Disorders.<\/em> New York, NY, US: Oxford University Press.<\/p>\n\n\n\n<p class=\"has-sm-font-size\">Wilson, B. A., Winegardner, J., van Heugten, C. M., &amp; Ownsworth, T. (2017). <em>Neuropsychological Rehabilitation: The International Handbook.<\/em> Taylor &amp; Francis.<\/p>\n\n\n\n<p class=\"has-sm-font-size has-xl-margin-bottom\">Fern\u00e1ndez de Bobadilla, R. (2017). <em>D\u00e9veloppement et validation de nouveaux outils pour l\u2019\u00e9valuation cognitive et fonctionnelle du d\u00e9clin cognitif l\u00e9ger dans la maladie de Parkinson.<\/em> Th\u00e8se de doctorat. Universit\u00e9 autonome de Barcelone.<\/p>\n\n\n\n<hr class=\"wp-block-separator has-alpha-channel-opacity\"\/>\n\n\n\n<h3 class=\"wp-block-heading has-xl-margin-top\">Si vous \u00eates neuropsychologue ou ergoth\u00e9rapeute et que vous souhaitez travailler les principaux processus cognitifs affect\u00e9s chez les personnes atteintes de la maladie de Parkinson, ne manquez pas cet article avec des exercices de stimulation cognitive adapt\u00e9s \u00e0 cette pathologie :<\/h3>\n\n\n<div class=\"mai-grid entries entries-grid has-boxed has-image-full\" style=\"--entry-title-font-size:var(--font-size-lg);--align-text:start;--entry-meta-text-align:start;\"><div class=\"entries-wrap has-columns\" style=\"--columns-xs:1\/1;--columns-sm:1\/1;--columns-md:1\/3;--columns-lg:1\/3;--flex-xs:0 0 var(--flex-basis);--flex-sm:0 0 var(--flex-basis);--flex-md:0 0 var(--flex-basis);--flex-lg:0 0 var(--flex-basis);--column-gap:var(--spacing-lg);--row-gap:var(--spacing-lg);--align-columns:start;\"><article class=\"entry entry-grid is-column has-entry-link has-image has-image-first type-post category-parkinson tag-investigation tag-nouveautes-de-neuronup tag-parkinson\" style=\"--entry-index:1;\" aria-label=\"Effets de l&rsquo;entra\u00eenement cognitif sur l&rsquo;\u00e9quilibre et les sympt\u00f4mes moteurs dans la maladie de Parkinson : un essai exploratoire contr\u00f4l\u00e9 et randomis\u00e9\" itemscope itemtype=\"https:\/\/schema.org\/CreativeWork\"><a class=\"entry-image-link\" href=\"https:\/\/neuronup.com\/fr\/actualites-de-la-stimulation-cognitive\/maladies-neurodegeneratives\/parkinson\/effets-de-lentrainement-cognitif-sur-lequilibre-et-les-symptomes-moteurs-dans-la-maladie-de-parkinson-un-essai-exploratoire-controle-et-randomise\/\" tabindex=\"-1\" aria-hidden=\"true\"><img decoding=\"async\" width=\"400\" height=\"300\" src=\"https:\/\/neuronup.com\/fr\/wp-content\/uploads\/2025\/04\/Effets-de-lentrainement-cognitif-sur-lequilibre-et-les-symptomes-moteurs-dans-la-maladie-de-Parkinson-un-essai-exploratoire-controle-et-randomise-400x300.webp\" class=\"entry-image size-landscape-sm\" alt=\"Sc\u00e8ne de recherche clinique sur l\u2019entra\u00eenement cognitif pour Parkinson: participants et graphiques li\u00e9s \u00e0 l\u2019\u00e9quilibre.\" srcset=\"https:\/\/neuronup.com\/fr\/wp-content\/uploads\/2025\/04\/Effets-de-lentrainement-cognitif-sur-lequilibre-et-les-symptomes-moteurs-dans-la-maladie-de-Parkinson-un-essai-exploratoire-controle-et-randomise-400x300.webp 400w, https:\/\/neuronup.com\/fr\/wp-content\/uploads\/2025\/04\/Effets-de-lentrainement-cognitif-sur-lequilibre-et-les-symptomes-moteurs-dans-la-maladie-de-Parkinson-un-essai-exploratoire-controle-et-randomise-800x600.webp 800w\" sizes=\"(max-width:599px) 599px, (min-width:600px) and (max-width: 799px) 799px, (min-width:800px) and (max-width: 999px) 333px, (min-width:1000px) 400px\" \/><\/a><div class=\"entry-wrap entry-wrap-grid\"><h3 class=\"entry-title\" itemprop=\"headline\"><a class=\"entry-title-link\" href=\"https:\/\/neuronup.com\/fr\/actualites-de-la-stimulation-cognitive\/maladies-neurodegeneratives\/parkinson\/effets-de-lentrainement-cognitif-sur-lequilibre-et-les-symptomes-moteurs-dans-la-maladie-de-parkinson-un-essai-exploratoire-controle-et-randomise\/\" rel=\"bookmark\">Effets de l&rsquo;entra\u00eenement cognitif sur l&rsquo;\u00e9quilibre et les sympt\u00f4mes moteurs dans la maladie de Parkinson : un essai exploratoire contr\u00f4l\u00e9 et randomis\u00e9<\/a><\/h3>\n<\/div><\/article><article class=\"entry entry-grid is-column has-entry-link has-image has-image-first type-post category-parkinson tag-parkinson tag-stimulation-cognitive\" style=\"--entry-index:2;\" aria-label=\"Impulsivit\u00e9 et troubles de la prise de d\u00e9cision dans la maladie de Parkinson : un d\u00e9fi clinique croissant\" itemscope itemtype=\"https:\/\/schema.org\/CreativeWork\"><a class=\"entry-image-link\" href=\"https:\/\/neuronup.com\/fr\/actualites-de-la-stimulation-cognitive\/maladies-neurodegeneratives\/parkinson\/impulsivite-et-troubles-de-la-prise-de-decision-dans-la-maladie-de-parkinson-un-defi-clinique-croissant\/\" tabindex=\"-1\" aria-hidden=\"true\"><img decoding=\"async\" width=\"400\" height=\"300\" src=\"https:\/\/neuronup.com\/fr\/wp-content\/uploads\/2025\/04\/Impulsivite-et-troubles-de-la-prise-de-decision-dans-la-maladie-de-Parkinson-un-defi-clinique-croissant-400x300.webp\" class=\"entry-image size-landscape-sm\" alt=\"Deux mains se touchent: une main claire sur le poignet d\u2019une main plus fonc\u00e9e, la droite tenant une poign\u00e9e; fond neutre.\" srcset=\"https:\/\/neuronup.com\/fr\/wp-content\/uploads\/2025\/04\/Impulsivite-et-troubles-de-la-prise-de-decision-dans-la-maladie-de-Parkinson-un-defi-clinique-croissant-400x300.webp 400w, https:\/\/neuronup.com\/fr\/wp-content\/uploads\/2025\/04\/Impulsivite-et-troubles-de-la-prise-de-decision-dans-la-maladie-de-Parkinson-un-defi-clinique-croissant-800x600.webp 800w\" sizes=\"(max-width:599px) 599px, (min-width:600px) and (max-width: 799px) 799px, (min-width:800px) and (max-width: 999px) 333px, (min-width:1000px) 400px\" \/><\/a><div class=\"entry-wrap entry-wrap-grid\"><h3 class=\"entry-title\" itemprop=\"headline\"><a class=\"entry-title-link\" href=\"https:\/\/neuronup.com\/fr\/actualites-de-la-stimulation-cognitive\/maladies-neurodegeneratives\/parkinson\/impulsivite-et-troubles-de-la-prise-de-decision-dans-la-maladie-de-parkinson-un-defi-clinique-croissant\/\" rel=\"bookmark\">Impulsivit\u00e9 et troubles de la prise de d\u00e9cision dans la maladie de Parkinson : un d\u00e9fi clinique croissant<\/a><\/h3>\n<\/div><\/article><article class=\"entry entry-grid is-column has-entry-link has-image has-image-first type-post category-parkinson tag-parkinson tag-stimulation-cognitive\" style=\"--entry-index:3;\" aria-label=\"R\u00e9\u00e9ducation neuropsychologique dans la maladie de Parkinson\" itemscope itemtype=\"https:\/\/schema.org\/CreativeWork\"><a class=\"entry-image-link\" href=\"https:\/\/neuronup.com\/fr\/actualites-de-la-stimulation-cognitive\/maladies-neurodegeneratives\/parkinson\/reeducation-neuropsychologique-dans-la-maladie-de-parkinson\/\" tabindex=\"-1\" aria-hidden=\"true\"><img decoding=\"async\" width=\"400\" height=\"300\" src=\"https:\/\/neuronup.com\/fr\/wp-content\/uploads\/2025\/04\/Reeducation-neuropsychologique-dans-la-maladie-de-Parkinson-400x300.webp\" class=\"entry-image size-landscape-sm\" alt=\"Personne \u00e2g\u00e9e assise devant un ordinateur, touchant une ic\u00f4ne sur une grille d&#039;ic\u00f4nes, d\u00e9cor minimaliste.\" srcset=\"https:\/\/neuronup.com\/fr\/wp-content\/uploads\/2025\/04\/Reeducation-neuropsychologique-dans-la-maladie-de-Parkinson-300x226.webp 300w, https:\/\/neuronup.com\/fr\/wp-content\/uploads\/2025\/04\/Reeducation-neuropsychologique-dans-la-maladie-de-Parkinson-400x300.webp 400w, https:\/\/neuronup.com\/fr\/wp-content\/uploads\/2025\/04\/Reeducation-neuropsychologique-dans-la-maladie-de-Parkinson-800x600.webp 800w, https:\/\/neuronup.com\/fr\/wp-content\/uploads\/2025\/04\/Reeducation-neuropsychologique-dans-la-maladie-de-Parkinson-1024x771.webp 1024w, https:\/\/neuronup.com\/fr\/wp-content\/uploads\/2025\/04\/Reeducation-neuropsychologique-dans-la-maladie-de-Parkinson.webp 1200w\" sizes=\"(max-width:599px) 599px, (min-width:600px) and (max-width: 799px) 799px, (min-width:800px) and (max-width: 999px) 333px, (min-width:1000px) 400px\" \/><\/a><div class=\"entry-wrap entry-wrap-grid\"><h3 class=\"entry-title\" itemprop=\"headline\"><a class=\"entry-title-link\" href=\"https:\/\/neuronup.com\/fr\/actualites-de-la-stimulation-cognitive\/maladies-neurodegeneratives\/parkinson\/reeducation-neuropsychologique-dans-la-maladie-de-parkinson\/\" rel=\"bookmark\">R\u00e9\u00e9ducation neuropsychologique dans la maladie de Parkinson<\/a><\/h3>\n<\/div><\/article><article class=\"entry entry-grid is-column has-entry-link has-image has-image-first type-post category-parkinson tag-parkinson\" style=\"--entry-index:4;\" aria-label=\"L&#8217;odeur de la maladie de Parkinson\" itemscope itemtype=\"https:\/\/schema.org\/CreativeWork\"><a class=\"entry-image-link\" href=\"https:\/\/neuronup.com\/fr\/actualites-de-la-stimulation-cognitive\/maladies-neurodegeneratives\/parkinson\/lodeur-de-la-maladie-de-parkinson\/\" tabindex=\"-1\" aria-hidden=\"true\"><img decoding=\"async\" width=\"400\" height=\"300\" src=\"https:\/\/neuronup.com\/fr\/wp-content\/uploads\/2024\/11\/Lodeur-de-la-maladie-de-Parkinson-400x300.webp\" class=\"entry-image size-landscape-sm\" alt=\"Deux mains se tiennent: l\u2019une \u00e2g\u00e9e avec peau marqu\u00e9e par le temps et l\u2019autre plus jeune, signe de soutien; arri\u00e8re-plan flou.\" srcset=\"https:\/\/neuronup.com\/fr\/wp-content\/uploads\/2024\/11\/Lodeur-de-la-maladie-de-Parkinson-400x300.webp 400w, https:\/\/neuronup.com\/fr\/wp-content\/uploads\/2024\/11\/Lodeur-de-la-maladie-de-Parkinson-800x600.webp 800w\" sizes=\"(max-width:599px) 599px, (min-width:600px) and (max-width: 799px) 799px, (min-width:800px) and (max-width: 999px) 333px, (min-width:1000px) 400px\" \/><\/a><div class=\"entry-wrap entry-wrap-grid\"><h3 class=\"entry-title\" itemprop=\"headline\"><a class=\"entry-title-link\" href=\"https:\/\/neuronup.com\/fr\/actualites-de-la-stimulation-cognitive\/maladies-neurodegeneratives\/parkinson\/lodeur-de-la-maladie-de-parkinson\/\" rel=\"bookmark\">L&#8217;odeur de la maladie de Parkinson<\/a><\/h3>\n<\/div><\/article><article class=\"entry entry-grid is-column has-entry-link has-image has-image-first type-post category-parkinson tag-neurones-miroirs tag-parkinson\" style=\"--entry-index:5;\" aria-label=\"Ph\u00e9nom\u00e8nes on-off ? Importants dans la maladie de Parkinson ?\" itemscope itemtype=\"https:\/\/schema.org\/CreativeWork\"><a class=\"entry-image-link\" href=\"https:\/\/neuronup.com\/fr\/actualites-de-la-stimulation-cognitive\/maladies-neurodegeneratives\/parkinson\/phenomenes-on-off-importants-dans-la-maladie-de-parkinson\/\" tabindex=\"-1\" aria-hidden=\"true\"><img decoding=\"async\" width=\"400\" height=\"300\" src=\"https:\/\/neuronup.com\/fr\/wp-content\/uploads\/2024\/11\/Phenomenes-on-off-Importants-dans-la-maladie-de-Parkinson--400x300.webp\" class=\"entry-image size-landscape-sm\" alt=\"Graphique p\u00e9dagogique montrant des p\u00e9riodes On et Off dans la maladie de Parkinson, avec une courbe et un titre en bas.\" srcset=\"https:\/\/neuronup.com\/fr\/wp-content\/uploads\/2024\/11\/Phenomenes-on-off-Importants-dans-la-maladie-de-Parkinson--400x300.webp 400w, https:\/\/neuronup.com\/fr\/wp-content\/uploads\/2024\/11\/Phenomenes-on-off-Importants-dans-la-maladie-de-Parkinson--800x600.webp 800w, https:\/\/neuronup.com\/fr\/wp-content\/uploads\/2024\/11\/Phenomenes-on-off-Importants-dans-la-maladie-de-Parkinson--1200x900.webp 1200w\" sizes=\"(max-width:599px) 599px, (min-width:600px) and (max-width: 799px) 799px, (min-width:800px) and (max-width: 999px) 333px, (min-width:1000px) 400px\" \/><\/a><div class=\"entry-wrap entry-wrap-grid\"><h3 class=\"entry-title\" itemprop=\"headline\"><a class=\"entry-title-link\" href=\"https:\/\/neuronup.com\/fr\/actualites-de-la-stimulation-cognitive\/maladies-neurodegeneratives\/parkinson\/phenomenes-on-off-importants-dans-la-maladie-de-parkinson\/\" rel=\"bookmark\">Ph\u00e9nom\u00e8nes on-off ? Importants dans la maladie de Parkinson ?<\/a><\/h3>\n<\/div><\/article><article class=\"entry entry-grid is-column has-entry-link has-image has-image-first type-post category-parkinson tag-langage tag-parkinson\" style=\"--entry-index:6;\" aria-label=\"Orthophonie et troubles du langage dans la maladie de Parkinson\" itemscope itemtype=\"https:\/\/schema.org\/CreativeWork\"><a class=\"entry-image-link\" href=\"https:\/\/neuronup.com\/fr\/actualites-de-la-stimulation-cognitive\/maladies-neurodegeneratives\/parkinson\/orthophonie-et-troubles-du-langage-dans-la-maladie-de-parkinson\/\" tabindex=\"-1\" aria-hidden=\"true\"><img decoding=\"async\" width=\"400\" height=\"300\" src=\"https:\/\/neuronup.com\/fr\/wp-content\/uploads\/2024\/11\/Orthophonie-et-troubles-du-langage-dans-la-maladie-de-Parkinson-400x300.webp\" class=\"entry-image size-landscape-sm\" alt=\"Plan rapproch\u00e9 de mains tenant une feuille, avec un encadr\u00e9 bleu indiquant Blog - Orthophonie et troubles du langage dans la maladie de Parkinson.\" srcset=\"https:\/\/neuronup.com\/fr\/wp-content\/uploads\/2024\/11\/Orthophonie-et-troubles-du-langage-dans-la-maladie-de-Parkinson-400x300.webp 400w, https:\/\/neuronup.com\/fr\/wp-content\/uploads\/2024\/11\/Orthophonie-et-troubles-du-langage-dans-la-maladie-de-Parkinson-800x600.webp 800w, https:\/\/neuronup.com\/fr\/wp-content\/uploads\/2024\/11\/Orthophonie-et-troubles-du-langage-dans-la-maladie-de-Parkinson-1200x900.webp 1200w\" sizes=\"(max-width:599px) 599px, (min-width:600px) and (max-width: 799px) 799px, (min-width:800px) and (max-width: 999px) 333px, (min-width:1000px) 400px\" \/><\/a><div class=\"entry-wrap entry-wrap-grid\"><h3 class=\"entry-title\" itemprop=\"headline\"><a class=\"entry-title-link\" href=\"https:\/\/neuronup.com\/fr\/actualites-de-la-stimulation-cognitive\/maladies-neurodegeneratives\/parkinson\/orthophonie-et-troubles-du-langage-dans-la-maladie-de-parkinson\/\" rel=\"bookmark\">Orthophonie et troubles du langage dans la maladie de Parkinson<\/a><\/h3>\n<\/div><\/article><\/div><\/div>","protected":false},"excerpt":{"rendered":"<p>Le neuropsychologue Ram\u00f3n Fern\u00e1ndez de Bobadilla explique dans cet article comment r\u00e9aliser une r\u00e9\u00e9ducation neuropsychologique dans la maladie de Parkinson. Qu\u2019est-ce que la maladie de Parkinson ? La maladie de Parkinson est le trouble neurod\u00e9g\u00e9n\u00e9ratif moteur le plus fr\u00e9quent, avec une pr\u00e9valence estim\u00e9e en Europe de 108 \u00e0 207 pour 100 000 habitants. Bien qu\u2019il &hellip;<\/p>\n","protected":false},"author":298,"featured_media":37656,"comment_status":"open","ping_status":"open","sticky":false,"template":"","format":"standard","meta":{"_acf_changed":false,"_genesis_hide_title":false,"_genesis_hide_breadcrumbs":false,"_genesis_hide_singular_image":false,"_genesis_hide_footer_widgets":false,"_genesis_custom_body_class":"","_genesis_custom_post_class":"","_genesis_layout":"","footnotes":""},"categories":[580],"tags":[692,642],"class_list":{"2":"type-post","7":"category-parkinson","8":"tag-parkinson","9":"tag-stimulation-cognitive","10":"entry"},"acf":[],"_links":{"self":[{"href":"https:\/\/neuronup.com\/fr\/wp-json\/wp\/v2\/posts\/37655","targetHints":{"allow":["GET"]}}],"collection":[{"href":"https:\/\/neuronup.com\/fr\/wp-json\/wp\/v2\/posts"}],"about":[{"href":"https:\/\/neuronup.com\/fr\/wp-json\/wp\/v2\/types\/post"}],"author":[{"embeddable":true,"href":"https:\/\/neuronup.com\/fr\/wp-json\/wp\/v2\/users\/298"}],"replies":[{"embeddable":true,"href":"https:\/\/neuronup.com\/fr\/wp-json\/wp\/v2\/comments?post=37655"}],"version-history":[{"count":0,"href":"https:\/\/neuronup.com\/fr\/wp-json\/wp\/v2\/posts\/37655\/revisions"}],"wp:featuredmedia":[{"embeddable":true,"href":"https:\/\/neuronup.com\/fr\/wp-json\/wp\/v2\/media\/37656"}],"wp:attachment":[{"href":"https:\/\/neuronup.com\/fr\/wp-json\/wp\/v2\/media?parent=37655"}],"wp:term":[{"taxonomy":"category","embeddable":true,"href":"https:\/\/neuronup.com\/fr\/wp-json\/wp\/v2\/categories?post=37655"},{"taxonomy":"post_tag","embeddable":true,"href":"https:\/\/neuronup.com\/fr\/wp-json\/wp\/v2\/tags?post=37655"}],"curies":[{"name":"wp","href":"https:\/\/api.w.org\/{rel}","templated":true}]}}