{"id":37356,"date":"2025-03-18T09:00:00","date_gmt":"2025-03-18T07:00:00","guid":{"rendered":"https:\/\/neuronup.com\/fr\/?p=37356"},"modified":"2025-03-13T09:40:11","modified_gmt":"2025-03-13T07:40:11","slug":"le-role-de-laidant-dans-la-reeducation-des-lesions-cerebrales-lcr","status":"publish","type":"post","link":"https:\/\/neuronup.com\/fr\/actualites-de-la-stimulation-cognitive\/lesions-cerebrales\/le-role-de-laidant-dans-la-reeducation-des-lesions-cerebrales-lcr\/","title":{"rendered":"Le r\u00f4le de l&rsquo;aidant dans la r\u00e9\u00e9ducation des l\u00e9sions c\u00e9r\u00e9brales (LCR)"},"content":{"rendered":"\n<p class=\"has-xl-font-size\">Le r\u00e9\u00e9ducateur Ra\u00fal A. Rosado Reyes pr\u00e9sente dans cet article le <strong>r\u00f4le fondamental du soignant dans la r\u00e9habilitation des l\u00e9sions c\u00e9r\u00e9brales (LC)<\/strong>, en soulignant son impact sur le processus de r\u00e9cup\u00e9ration et l&rsquo;importance de son inclusion dans le plan de traitement.<\/p>\n\n\n\n<h2 class=\"wp-block-heading\">Introduction<\/h2>\n\n\n\n<p>Le retour \u00e0 domicile d\u2019une personne atteinte d\u2019une <a href=\"https:\/\/neuronup.com\/fr\/la-neuro-reeducation\/les-lesions-cerebrales-acquises\/\">l\u00e9sion c\u00e9r\u00e9brale (LC)<\/a> implique une adaptation pour toute la famille. Cette adaptation concerne aussi bien les aspects physiques, avec des modifications du domicile, que les aspects sociaux, \u00e9conomiques et r\u00e9cr\u00e9atifs, entre autres. Au fur et \u00e0 mesure de cette transition, les membres de la famille commencent \u00e0 s\u2019inqui\u00e9ter des soins \u00e0 prodiguer au patient, ce qui entra\u00eene souvent anxi\u00e9t\u00e9 et niveaux \u00e9lev\u00e9s de stress.<\/p>\n\n\n\n<p>Pendant tout ce processus, <strong>la responsabilit\u00e9 est progressivement confi\u00e9e au membre de la famille qui deviendra le soignant principal<\/strong>. En effet, dans la grande majorit\u00e9 des cas, le soignant principal est un membre de la famille (G\u00f3mez T. B, A. Herrera, F. Mayoral, 2000).<\/p>\n\n\n\n<p><strong>Le soignant est la personne qui assume la responsabilit\u00e9 de s\u2019occuper d\u2019une autre personne ayant une limitation ou un handicap l\u2019emp\u00eachant de le faire seule<\/strong>. On entend souvent dire que les soignants sont des patients cach\u00e9s en raison de la surcharge qu\u2019ils subissent (Cocina N., 2014). Quero Ruflan, A., R. Briones G\u00f3mez, M. A. Prieto Rodr\u00edguez, A. Navarro L\u00f3pez, N. Pascual Mart\u00ednez, C. Guerrero, (SF) ont \u00e9tabli un profil des soignants, indiquant que 92 % \u00e9taient des femmes, 64 % \u00e9taient des femmes au foyer et 29 % des travailleuses. De m\u00eame, ils ont constat\u00e9 qu&rsquo;apr\u00e8s la sortie du patient, les soignants \u00e9taient dans 41,4 % des cas le conjoint et dans 28,3 % des cas le p\u00e8re ou la m\u00e8re.<\/p>\n\n\n\n<div style=\"height:50px\" aria-hidden=\"true\" class=\"wp-block-spacer\"><\/div>\n\n\n\n<aside class=\"wp-block-group br-1010 has-primary-background-color has-background has-dark-background has-sm-padding-top has-sm-padding-bottom has-sm-padding-left has-sm-padding-right\"><div class=\"wp-block-group__inner-container is-layout-constrained wp-block-group-is-layout-constrained\">\n<div class=\"wp-block-columns are-vertically-aligned-center is-layout-flex wp-container-core-columns-is-layout-9d6595d7 wp-block-columns-is-layout-flex\">\n<div class=\"wp-block-column is-vertically-aligned-center has-white-color has-text-color has-link-color wp-elements-b4b004db118294f98a75ddcc2b46c883 is-layout-flow wp-block-column-is-layout-flow\" style=\"flex-basis:60%\">\n<p>Obtenez<strong> un PDF d&rsquo;activit\u00e9s imprimables<\/strong> pour travailler avec vos patients souffrant de <strong>l\u00e9sions c\u00e9r\u00e9brales<\/strong><\/p>\n<\/div>\n\n\n\n<div class=\"wp-block-column is-vertically-aligned-center is-layout-flow wp-block-column-is-layout-flow\" style=\"flex-basis:40%\">\n<div class=\"wp-block-buttons is-content-justification-center is-layout-flex wp-container-core-buttons-is-layout-16018d1d wp-block-buttons-is-layout-flex\">\n<div class=\"wp-block-button\" style=\"--button-secondary-color:var(--color-white);--button-secondary-background:var(--color-custom-1);--button-secondary-background-hover:#cc7e00;\"><a class=\"wp-block-button__link button button-secondary     has-link-color wp-element-button\" href=\"https:\/\/neuronup.com\/redirect\/?target=typeform\/w-brain-injury?utm_first_source=Web&#038;utm_first_campaign_name=Worksheets_brain_injury\">Obtenir gratuitement<\/a><\/div>\n\n<\/div>\n<\/div>\n<\/div>\n<\/div><\/aside>\n\n\n\n\n<div style=\"height:50px\" aria-hidden=\"true\" class=\"wp-block-spacer\"><\/div>\n\n\n\n<h2 class=\"wp-block-heading\">Le r\u00f4le du soignant dans la r\u00e9habilitation des l\u00e9sions c\u00e9r\u00e9brales (LC)<\/h2>\n\n\n\n<p>La l\u00e9sion c\u00e9r\u00e9brale (LC), \u00e9tant une condition acquise, <strong>implique que la famille n\u2019est jamais v\u00e9ritablement pr\u00e9par\u00e9e \u00e0 l\u2019impact qu\u2019elle provoque<\/strong>. Ainsi, la principale pr\u00e9occupation de la famille est que le patient retrouve son \u00e9tat ant\u00e9rieur \u00e0 l\u2019accident.<\/p>\n\n\n\n<p>Cependant, la <a href=\"https:\/\/neuronup.com\/fr\/actualites-de-la-stimulation-cognitive\/lesions-cerebrales\/tendances-actuelles-dans-le-traitement-des-lesions-cerebrales-acquises-lca\/\">r\u00e9habilitation physique et cognitive des cas de l\u00e9sions c\u00e9r\u00e9brales<\/a> est individuelle. Il est n\u00e9cessaire de prendre en compte de nombreux facteurs, tels que le type de traumatisme, le score sur l\u2019\u00e9chelle de coma de Glasgow (GCS), l\u2019\u00e2ge, le niveau d\u2019\u00e9ducation et le sexe, entre autres.<\/p>\n\n\n\n<p>En plus de ces facteurs, il est essentiel de consid\u00e9rer <strong>qui est le soignant<\/strong>. Le soignant peut avoir un impact positif ou n\u00e9gatif sur la r\u00e9habilitation du patient. Un soignant qui s\u2019informe sur la condition du patient et qui a des attentes r\u00e9alistes en mati\u00e8re de r\u00e9habilitation pourra favoriser une acceptation plus r\u00e9aliste de la situation et une meilleure adaptation au nouveau mode de vie.<\/p>\n\n\n\n<p>L&rsquo;impact d\u2019un handicap sur le soignant souligne l\u2019absence de programmes \u00e9valuant les exp\u00e9riences des personnes impliqu\u00e9es et la n\u00e9cessit\u00e9 de comprendre comment les familles prenant soin des patients sont affect\u00e9es. Les mod\u00e8les de r\u00e9habilitation font appel \u00e0 de nombreux professionnels dont l\u2019objectif principal est d\u2019optimiser le potentiel fonctionnel du patient. Ainsi, <strong>l\u2019un des \u00e9l\u00e9ments cl\u00e9s d\u2019un programme de r\u00e9habilitation doit \u00eatre le soignant<\/strong>, qui veille quotidiennement \u00e0 ce que le patient atteigne son niveau fonctionnel optimal et retrouve une certaine autonomie.<\/p>\n\n\n\n<p>Pour promouvoir la r\u00e9habilitation d\u2019une personne ayant subi une l\u00e9sion c\u00e9r\u00e9brale, il est essentiel de prendre en compte la nature et la gravit\u00e9 de la l\u00e9sion, l\u2019historique professionnel, les conditions \u00e9motionnelles pr\u00e9existantes et divers facteurs d\u00e9mographiques.<\/p>\n\n\n\n<p>En cons\u00e9quence, l\u2019adaptation \u00e0 cette nouvelle r\u00e9alit\u00e9 familiale peut entra\u00eener une fatigue physique et \u00e9motionnelle chez le soignant. La qualit\u00e9 de vie des soignants familiaux se reconstruit au fil de l\u2019exp\u00e9rience v\u00e9cue.<\/p>\n\n\n\n<p>Le fait que le soignant principal soit un membre de la famille entra\u00eene un <strong>processus de deuil et de souffrance plus intense<\/strong>, ce qui peut affecter la r\u00e9habilitation physique et cognitive du patient. Afin de minimiser l\u2019\u00e9puisement du soignant, il est essentiel de l\u2019inclure dans le plan de traitement et les interventions men\u00e9es aupr\u00e8s du patient.<\/p>\n\n\n\n<p>Dans un mod\u00e8le \u00e9cologique de r\u00e9habilitation, il est fondamental de prendre en compte les exp\u00e9riences uniques et individuelles. Ce mod\u00e8le int\u00e8gre la perception, les connaissances, les exp\u00e9riences, les \u00e9motions, les habitudes et les traditions du patient et de sa famille. Il prend en consid\u00e9ration le processus, le contexte, le temps et la personne (C\u00e9spede, 2005). C\u2019est pourquoi <strong>le soignant doit \u00eatre inclus dans la planification, le d\u00e9veloppement et l\u2019adaptation du plan de traitement<\/strong>.<\/p>\n\n\n\n<h3 class=\"wp-block-heading\">Le soutien \u00e9motionnel et pratique du soignant en cas de l\u00e9sion c\u00e9r\u00e9brale (LC)<\/h3>\n\n\n\n<p><strong>Le soutien \u00e9motionnel et pratique des soignants de patients neurologiques est essentiel pour favoriser la r\u00e9habilitation de la personne atteinte<\/strong>. Le soignant s\u2019efforce de fournir au patient ce dont il a besoin pour am\u00e9liorer sa qualit\u00e9 de vie, tout en tenant compte des limites impos\u00e9es par sa nouvelle r\u00e9alit\u00e9. Chaque individu d\u00e9finit la r\u00e9habilitation en fonction de ses \u00e9l\u00e9ments subjectifs, influenc\u00e9s par sa perception, son exp\u00e9rience, son \u00e9ducation et son mode de vie. Lorsque la normalit\u00e9 est perdue, il est essentiel de comprendre l\u2019exp\u00e9rience subjective du patient (Salas, 2008). Du fait du temps pass\u00e9 ensemble, le soignant et le patient partagent la joie de chaque progr\u00e8s r\u00e9alis\u00e9, mais aussi la frustration face aux tentatives infructueuses dans cette nouvelle r\u00e9alit\u00e9.<\/p>\n\n\n\n<h3 class=\"wp-block-heading\">Impact \u00e9motionnel du soignant dans la r\u00e9habilitation des l\u00e9sions c\u00e9r\u00e9brales (LC)<\/h3>\n\n\n\n<p><strong>L&rsquo;impact \u00e9motionnel du soignant dans le traitement neurologique est influenc\u00e9 par les changements observ\u00e9s dans la personnalit\u00e9 du patient<\/strong>. Les soignants expriment souvent des sentiments tels que \u00ab il a chang\u00e9 \u00bb, \u00ab c\u2019est une autre personne \u00bb, \u00ab je ne le reconnais plus \u00bb, entre autres. L&rsquo;id\u00e9al est que le soignant accepte la nouvelle r\u00e9alit\u00e9 du patient. On peut observer plusieurs types de r\u00e9actions chez les soignants :<\/p>\n\n\n\n<ul class=\"wp-block-list\">\n<li>Ceux qui <strong>n\u2019acceptent pas la nouvelle r\u00e9alit\u00e9<\/strong> du patient et lui imposent des exigences excessives ;<\/li>\n\n\n\n<li>ceux qui <strong>surprot\u00e8gent le patient<\/strong> en l\u2019emp\u00eachant de d\u00e9velopper les comp\u00e9tences n\u00e9cessaires \u00e0 son ind\u00e9pendance ;<\/li>\n\n\n\n<li>et ceux qui <strong>prennent conscience de la r\u00e9alit\u00e9 de la l\u00e9sion<\/strong> et aident le patient \u00e0 s\u2019accepter lui-m\u00eame.<\/li>\n<\/ul>\n\n\n\n<p>Il est essentiel de prendre en compte les facteurs qui permettent de r\u00e9duire l&rsquo;\u00e9puisement \u00e9motionnel du soignant, afin d\u2019\u00e9viter un d\u00e9sespoir li\u00e9 \u00e0 l\u2019avenir du patient une fois qu\u2019il sera seul.<\/p>\n\n\n\n<p>G\u00f3mez, N. et al. (2021) identifient comme <strong>facteurs limitant l&rsquo;acc\u00e8s \u00e0 la r\u00e9habilitation des personnes atteintes de l\u00e9sions c\u00e9r\u00e9brales (LC)<\/strong> l\u2019absence de soutien familial, les ant\u00e9c\u00e9dents fonctionnels, l\u2019\u00e2ge et la capacit\u00e9 cognitive. Ainsi, une prise en charge multidisciplinaire int\u00e9grant des aspects biologiques, psychologiques et sociaux peut favoriser la r\u00e9insertion sociale du patient et r\u00e9duire l\u2019\u00e9puisement du soignant.<\/p>\n\n\n\n<div style=\"height:50px\" aria-hidden=\"true\" class=\"wp-block-spacer\"><\/div>\n\n\n\n<div class=\"wp-block-group\"><div class=\"wp-block-group__inner-container is-layout-constrained wp-block-group-is-layout-constrained\">\n<div class=\"wp-block-columns br-0111 particle-bg p-5 has-primary-background-color has-background is-layout-flex wp-container-core-columns-is-layout-9d6595d7 wp-block-columns-is-layout-flex\">\n<div class=\"wp-block-column is-layout-flow wp-block-column-is-layout-flow\" style=\"flex-basis:66.66%\">\n<h2 class=\"wp-block-heading has-white-color has-text-color\">Essayez NeuronUP 7 jours gratuitement<\/h2>\n\n\n\n<p class=\"has-white-color has-text-color\">Vous pourrez travailler avec nos activit\u00e9s, concevoir des s\u00e9ances ou effectuer des r\u00e9habilitations \u00e0 distance<\/p>\n<\/div>\n\n\n\n<div class=\"wp-block-column is-layout-flow wp-block-column-is-layout-flow\" style=\"flex-basis:33.33%\">\n<div class=\"wp-block-buttons is-content-justification-center is-layout-flex wp-container-core-buttons-is-layout-16018d1d wp-block-buttons-is-layout-flex\">\n<div class=\"wp-block-button\" style=\"--button-background:var(--color-custom-1);--button-background-hover:#cc7e00;\"><a class=\"wp-block-button__link button   wp-element-button\" href=\"https:\/\/neuronup.com\/fr\/landing\/\">Commencez votre essai<\/a><\/div>\n\n<\/div>\n<\/div>\n<\/div>\n<\/div><\/div>\n\n\n\n<div style=\"height:50px\" aria-hidden=\"true\" class=\"wp-block-spacer\"><\/div>\n\n\n\n<h2 class=\"wp-block-heading\">Le soignant comme partie int\u00e9grante du programme d\u2019intervention pour les l\u00e9sions c\u00e9r\u00e9brales (LC)<\/h2>\n\n\n\n<p>Il est bien connu que le soignant n\u00e9glige souvent sa propre sant\u00e9, son travail, sa famille et d&rsquo;autres aspects de sa vie. Cependant, lorsqu\u2019il est int\u00e9gr\u00e9 au programme d\u2019intervention, il re\u00e7oit des informations essentielles \u00e0 son bien-\u00eatre. <strong>La surcharge du soignant est li\u00e9e aux nouveaux r\u00f4les qui lui sont attribu\u00e9s<\/strong>, au stress, \u00e0 l\u2019\u00e9puisement \u00e9motionnel, aux changements dans sa routine quotidienne et aux implications \u00e9conomiques.<\/p>\n\n\n\n<h3 class=\"wp-block-heading\">L&rsquo;importance du soignant principal dans l&rsquo;intervention pour les l\u00e9sions c\u00e9r\u00e9brales (LC)<\/h3>\n\n\n\n<p>D&rsquo;apr\u00e8s notre exp\u00e9rience, les soignants principaux se plaignent souvent de ne pas \u00eatre inclus dans le plan de traitement. Cela les laisse dans l\u2019ignorance quant \u00e0 ce qu\u2019ils doivent faire et comment le faire.<\/p>\n\n\n\n<p><strong>Le soignant est la source d\u2019information la plus pr\u00e9cieuse concernant les changements observ\u00e9s chez la personne atteinte d\u2019une l\u00e9sion c\u00e9r\u00e9brale (LC)<\/strong> au cours de sa r\u00e9habilitation, car il passe le plus de temps avec elle.<\/p>\n\n\n\n<p>L&rsquo;intervention aupr\u00e8s des patients atteints de l\u00e9sions c\u00e9r\u00e9brales doit, une fois leur \u00e9tat stabilis\u00e9, inclure la prise en charge des aspects pharmacologiques, neuropsychologiques, physiques, occupationnels, du langage, cognitifs, sociaux et professionnels.<\/p>\n\n\n\n<p>Nous pensons que ce mod\u00e8le pourrait \u00eatre enrichi par l\u2019ajout d\u2019aspects familiaux et spirituels, qui peuvent \u00eatre b\u00e9n\u00e9fiques pour la r\u00e9habilitation, l\u2019adaptation et la r\u00e9insertion du patient. Dom\u00ednguez-Rold\u00e1n et al. (2005) sugg\u00e8rent que <strong>les familles devraient \u00eatre form\u00e9es pour collaborer au programme de traitement<\/strong>.<\/p>\n\n\n\n<p>Il est donc essentiel de mettre en place un mod\u00e8le int\u00e9grant les \u00e9l\u00e9ments biologiques de la l\u00e9sion, les r\u00e9actions \u00e9motionnelles telles que la frustration, l\u2019anxi\u00e9t\u00e9 et la confusion, ainsi que les aspects psychologiques. Sensibiliser les soignants \u00e0 ces enjeux leur sera b\u00e9n\u00e9fique, tout comme au patient. Comprendre les objectifs du traitement permet de mieux fournir les informations n\u00e9cessaires pour ajuster les objectifs de la r\u00e9habilitation.<\/p>\n\n\n\n<h3 class=\"wp-block-heading\">Les b\u00e9n\u00e9fices du soignant dans l\u2019intervention pour les l\u00e9sions c\u00e9r\u00e9brales (LC)<\/h3>\n\n\n\n<p>Nous pouvons conclure que parmi les avantages qu\u2019un soignant peut retirer de son inclusion dans le plan de traitement figurent une <strong>meilleure compr\u00e9hension de l\u2019impact du traumatisme et une acceptation plus r\u00e9aliste des limitations fonctionnelles r\u00e9siduelles<\/strong>.<\/p>\n\n\n\n<p>Ces \u00e9l\u00e9ments sont essentiels, car ils permettent d&rsquo;\u00e9viter d\u2019imposer des exigences excessives au patient. Ainsi, le soignant peut l\u2019aider \u00e0 maintenir sa motivation pour participer activement \u00e0 la r\u00e9habilitation et s\u2019y engager durablement.<\/p>\n\n\n\n<h2 class=\"wp-block-heading\">Conclusion<\/h2>\n\n\n\n<p>\u00c0 la lumi\u00e8re de ces \u00e9l\u00e9ments, il est recommand\u00e9 de mettre en place un groupe de soutien ou d&rsquo;entraide destin\u00e9 aux soignants, afin de r\u00e9duire leur sentiment d\u2019isolement, de leur permettre d\u2019\u00e9changer leurs exp\u00e9riences, d\u2019acqu\u00e9rir des connaissances sur la prise en charge des patients et de b\u00e9n\u00e9ficier d\u2019un soutien \u00e9motionnel. Le d\u00e9veloppement de programmes d\u2019accompagnement pour les soignants contribuera \u00e0 leur adaptation et \u00e0 la mise en place de strat\u00e9gies de gestion adapt\u00e9es.<\/p>\n\n\n\n<h2 class=\"wp-block-heading\">Bibliographie<\/h2>\n\n\n\n<ul class=\"wp-block-list\">\n<li class=\"has-sm-font-size\">C\u00e9spede, GM. (2005).&nbsp;La nouvelle culture du handicap et les mod\u00e8les de r\u00e9habilitation. <em>Revista Aquichan<\/em>.&nbsp;Ann\u00e9e 5, vol. 5, n\u00b0 1 (5), 108-113.<\/li>\n\n\n\n<li class=\"has-sm-font-size\">Cocina, N.&nbsp;(2014).&nbsp;Patients cach\u00e9s : les soignants des personnes atteintes de troubles cognitifs.&nbsp;<em>Sociedad.<\/em> http:\/\/www.telam.com.ar\/notas<\/li>\n\n\n\n<li class=\"has-sm-font-size\">Dom\u00ednguez-Roldan, J.M, M. O Valle, C. G. Garc\u00eda Alfaro et J, Le\u00f3n Carri\u00f3n. (2005) Traumatisme c\u00e9r\u00e9bral catastrophique : le patient critique.&nbsp;Revista Espa\u00f1ola de Neuropsicolog\u00eda, 7, 2-4, 187-221.<\/li>\n<\/ul>\n\n\n\n<h3 class=\"wp-block-heading\">Si vous avez appr\u00e9ci\u00e9 cet article sur <strong>le r\u00f4le du soignant dans la r\u00e9habilitation des l\u00e9sions c\u00e9r\u00e9brales (LC)<\/strong>, ces articles de NeuronUP pourraient \u00e9galement vous int\u00e9resser :<\/h3>\n\n\n<div class=\"mai-grid entries entries-grid has-boxed has-image-full\" style=\"--entry-title-font-size:var(--font-size-lg);--align-text:start;--entry-meta-text-align:start;\"><div class=\"entries-wrap has-columns\" style=\"--columns-xs:1\/1;--columns-sm:1\/1;--columns-md:1\/3;--columns-lg:1\/3;--flex-xs:0 0 var(--flex-basis);--flex-sm:0 0 var(--flex-basis);--flex-md:0 0 var(--flex-basis);--flex-lg:0 0 var(--flex-basis);--column-gap:var(--spacing-lg);--row-gap:var(--spacing-lg);--align-columns:start;\"><article class=\"entry entry-grid is-column has-entry-link has-image has-image-first type-post category-lesions-cerebrales tag-lesion-cerebrale\" style=\"--entry-index:1;\" aria-label=\"Ne puis-je pas profiter de ma sexualit\u00e9 \u00e0 cause de ma paralysie c\u00e9r\u00e9brale ?\" itemscope itemtype=\"https:\/\/schema.org\/CreativeWork\"><a class=\"entry-image-link\" href=\"https:\/\/neuronup.com\/fr\/actualites-de-la-stimulation-cognitive\/lesions-cerebrales\/je-ne-peux-pas-profiter-de-ma-sexualite-a-cause-de-ma-paralysie-cerebrale\/\" tabindex=\"-1\" aria-hidden=\"true\"><img decoding=\"async\" width=\"400\" height=\"267\" src=\"https:\/\/neuronup.com\/fr\/wp-content\/uploads\/2023\/03\/sexualidad-paralisis-cerebral.webp\" class=\"entry-image size-landscape-sm\" alt=\"Deux personnes en fauteuil roulant discutent pr\u00e8s d&#039;une \u00e9tendue d&#039;eau, avec des b\u00e2timents modernes et des drapeaux en arri\u00e8re-plan.\" srcset=\"https:\/\/neuronup.com\/fr\/wp-content\/uploads\/2023\/03\/sexualidad-paralisis-cerebral-300x200.webp 300w, https:\/\/neuronup.com\/fr\/wp-content\/uploads\/2023\/03\/sexualidad-paralisis-cerebral-768x513.webp 768w, https:\/\/neuronup.com\/fr\/wp-content\/uploads\/2023\/03\/sexualidad-paralisis-cerebral-1024x684.webp 1024w, https:\/\/neuronup.com\/fr\/wp-content\/uploads\/2023\/03\/sexualidad-paralisis-cerebral.webp 1200w\" sizes=\"(max-width:599px) 599px, (min-width:600px) and (max-width: 799px) 799px, (min-width:800px) and (max-width: 999px) 333px, (min-width:1000px) 400px\" \/><\/a><div class=\"entry-wrap entry-wrap-grid\"><h3 class=\"entry-title\" itemprop=\"headline\"><a class=\"entry-title-link\" href=\"https:\/\/neuronup.com\/fr\/actualites-de-la-stimulation-cognitive\/lesions-cerebrales\/je-ne-peux-pas-profiter-de-ma-sexualite-a-cause-de-ma-paralysie-cerebrale\/\" rel=\"bookmark\">Ne puis-je pas profiter de ma sexualit\u00e9 \u00e0 cause de ma paralysie c\u00e9r\u00e9brale ?<\/a><\/h3>\n<\/div><\/article><article class=\"entry entry-grid is-column has-entry-link has-image has-image-first type-post category-lesions-cerebrales tag-activites-de-stimulation-cognitive tag-lesion-cerebrale-acquise\" style=\"--entry-index:2;\" aria-label=\"Activit\u00e9s de r\u00e9\u00e9ducation cognitive apr\u00e8s une l\u00e9sion c\u00e9r\u00e9brale acquise\" itemscope itemtype=\"https:\/\/schema.org\/CreativeWork\"><a class=\"entry-image-link\" href=\"https:\/\/neuronup.com\/fr\/actualites-de-la-stimulation-cognitive\/lesions-cerebrales\/activites-de-reeducation-cognitive-apres-une-lesion-cerebrale-acquise\/\" tabindex=\"-1\" aria-hidden=\"true\"><img decoding=\"async\" width=\"400\" height=\"260\" src=\"https:\/\/neuronup.com\/fr\/wp-content\/uploads\/2021\/10\/Actividades-de-rehabilitacion-cognitiva-tras-un-dano-cerebral-adquirido-1-1.webp\" class=\"entry-image size-landscape-sm\" alt=\"Activit\u00e9 de NeuronUP &quot;Reconnaissance \u00e9motionnelle&quot;\" srcset=\"https:\/\/neuronup.com\/fr\/wp-content\/uploads\/2021\/10\/Actividades-de-rehabilitacion-cognitiva-tras-un-dano-cerebral-adquirido-1-1-300x195.webp 300w, https:\/\/neuronup.com\/fr\/wp-content\/uploads\/2021\/10\/Actividades-de-rehabilitacion-cognitiva-tras-un-dano-cerebral-adquirido-1-1.webp 768w\" sizes=\"(max-width:599px) 599px, (min-width:600px) and (max-width: 799px) 799px, (min-width:800px) and (max-width: 999px) 333px, (min-width:1000px) 400px\" \/><\/a><div class=\"entry-wrap entry-wrap-grid\"><h3 class=\"entry-title\" itemprop=\"headline\"><a class=\"entry-title-link\" href=\"https:\/\/neuronup.com\/fr\/actualites-de-la-stimulation-cognitive\/lesions-cerebrales\/activites-de-reeducation-cognitive-apres-une-lesion-cerebrale-acquise\/\" rel=\"bookmark\">Activit\u00e9s de r\u00e9\u00e9ducation cognitive apr\u00e8s une l\u00e9sion c\u00e9r\u00e9brale acquise<\/a><\/h3>\n<\/div><\/article><article class=\"entry entry-grid is-column has-entry-link has-image has-image-first type-post category-lesions-cerebrales tag-accident-vasculaire-cerebral tag-lesion-cerebrale-acquise\" style=\"--entry-index:3;\" aria-label=\"NeuronUP vous rapproche de la l\u00e9sion c\u00e9r\u00e9brale acquise\" itemscope itemtype=\"https:\/\/schema.org\/CreativeWork\"><a class=\"entry-image-link\" href=\"https:\/\/neuronup.com\/fr\/actualites-de-la-stimulation-cognitive\/lesions-cerebrales\/neuronup-vous-rapproche-de-la-lesion-cerebrale-acquise\/\" tabindex=\"-1\" aria-hidden=\"true\"><img decoding=\"async\" width=\"400\" height=\"246\" src=\"https:\/\/neuronup.com\/fr\/wp-content\/uploads\/2021\/10\/NeuronUP-te-acerca-al-dano-cerebral-adquirido-1.webp\" class=\"entry-image size-landscape-sm\" alt=\"Personne en blouse blanche de dos, examinant des images radiologiques c\u00e9r\u00e9brales sur fond sombre.\" srcset=\"https:\/\/neuronup.com\/fr\/wp-content\/uploads\/2021\/10\/NeuronUP-te-acerca-al-dano-cerebral-adquirido-1-300x185.webp 300w, https:\/\/neuronup.com\/fr\/wp-content\/uploads\/2021\/10\/NeuronUP-te-acerca-al-dano-cerebral-adquirido-1.webp 768w\" sizes=\"(max-width:599px) 599px, (min-width:600px) and (max-width: 799px) 799px, (min-width:800px) and (max-width: 999px) 333px, (min-width:1000px) 400px\" \/><\/a><div class=\"entry-wrap entry-wrap-grid\"><h3 class=\"entry-title\" itemprop=\"headline\"><a class=\"entry-title-link\" href=\"https:\/\/neuronup.com\/fr\/actualites-de-la-stimulation-cognitive\/lesions-cerebrales\/neuronup-vous-rapproche-de-la-lesion-cerebrale-acquise\/\" rel=\"bookmark\">NeuronUP vous rapproche de la l\u00e9sion c\u00e9r\u00e9brale acquise<\/a><\/h3>\n<\/div><\/article><article class=\"entry entry-grid is-column has-entry-link has-image has-image-first type-post category-lesions-cerebrales tag-lesion-cerebrale-acquise\" style=\"--entry-index:4;\" aria-label=\"Des centaines d&#8217;accidents de la circulation aboutissent \u00e0 des l\u00e9sions c\u00e9r\u00e9brales acquises\" itemscope itemtype=\"https:\/\/schema.org\/CreativeWork\"><a class=\"entry-image-link\" href=\"https:\/\/neuronup.com\/fr\/actualites-de-la-stimulation-cognitive\/lesions-cerebrales\/des-centaines-d-accidents-de-la-circulation-entrainent-des-lesions-cerebrales-acquises\/\" tabindex=\"-1\" aria-hidden=\"true\"><img decoding=\"async\" width=\"400\" height=\"246\" src=\"https:\/\/neuronup.com\/fr\/wp-content\/uploads\/2021\/10\/NeuronUP-te-acerca-al-dano-cerebral-adquirido-1.webp\" class=\"entry-image size-landscape-sm\" alt=\"Personne en blouse blanche de dos, examinant des images radiologiques c\u00e9r\u00e9brales sur fond sombre.\" srcset=\"https:\/\/neuronup.com\/fr\/wp-content\/uploads\/2021\/10\/NeuronUP-te-acerca-al-dano-cerebral-adquirido-1-300x185.webp 300w, https:\/\/neuronup.com\/fr\/wp-content\/uploads\/2021\/10\/NeuronUP-te-acerca-al-dano-cerebral-adquirido-1.webp 768w\" sizes=\"(max-width:599px) 599px, (min-width:600px) and (max-width: 799px) 799px, (min-width:800px) and (max-width: 999px) 333px, (min-width:1000px) 400px\" \/><\/a><div class=\"entry-wrap entry-wrap-grid\"><h3 class=\"entry-title\" itemprop=\"headline\"><a class=\"entry-title-link\" href=\"https:\/\/neuronup.com\/fr\/actualites-de-la-stimulation-cognitive\/lesions-cerebrales\/des-centaines-d-accidents-de-la-circulation-entrainent-des-lesions-cerebrales-acquises\/\" rel=\"bookmark\">Des centaines d&#8217;accidents de la circulation aboutissent \u00e0 des l\u00e9sions c\u00e9r\u00e9brales acquises<\/a><\/h3>\n<\/div><\/article><article class=\"entry entry-grid is-column has-entry-link has-image has-image-first type-post category-tcc tag-lesion-cerebrale tag-lesion-cerebrale-acquise\" style=\"--entry-index:5;\" aria-label=\"Traumatisme cr\u00e2nio-enc\u00e9phalique suite \u00e0 un accident automobile et la diaschisis: impact neuropsychologique\" itemscope itemtype=\"https:\/\/schema.org\/CreativeWork\"><a class=\"entry-image-link\" href=\"https:\/\/neuronup.com\/fr\/actualites-de-la-stimulation-cognitive\/lesions-cerebrales\/tcc\/traumatisme-cranioencephalique-par-accident-automobile-et-disquisis-impact-neuropsychologique\/\" tabindex=\"-1\" aria-hidden=\"true\"><img decoding=\"async\" width=\"400\" height=\"225\" src=\"https:\/\/neuronup.com\/fr\/wp-content\/uploads\/2025\/09\/Traumatismo-craneoencefalico-por-accidente-automovilistico-y-diasquisis-impacto-neuropsicologico.webp\" class=\"entry-image size-landscape-sm\" alt=\"Profil d&#039;une silhouette humaine avec cerveau mis en \u00e9vidence par des zones rouges lumineuses sur fond bleu.\" srcset=\"https:\/\/neuronup.com\/fr\/wp-content\/uploads\/2025\/09\/Traumatismo-craneoencefalico-por-accidente-automovilistico-y-diasquisis-impacto-neuropsicologico-300x169.webp 300w, https:\/\/neuronup.com\/fr\/wp-content\/uploads\/2025\/09\/Traumatismo-craneoencefalico-por-accidente-automovilistico-y-diasquisis-impacto-neuropsicologico-768x432.webp 768w, https:\/\/neuronup.com\/fr\/wp-content\/uploads\/2025\/09\/Traumatismo-craneoencefalico-por-accidente-automovilistico-y-diasquisis-impacto-neuropsicologico-1024x576.webp 1024w, https:\/\/neuronup.com\/fr\/wp-content\/uploads\/2025\/09\/Traumatismo-craneoencefalico-por-accidente-automovilistico-y-diasquisis-impacto-neuropsicologico.webp 1200w\" sizes=\"(max-width:599px) 599px, (min-width:600px) and (max-width: 799px) 799px, (min-width:800px) and (max-width: 999px) 333px, (min-width:1000px) 400px\" \/><\/a><div class=\"entry-wrap entry-wrap-grid\"><h3 class=\"entry-title\" itemprop=\"headline\"><a class=\"entry-title-link\" href=\"https:\/\/neuronup.com\/fr\/actualites-de-la-stimulation-cognitive\/lesions-cerebrales\/tcc\/traumatisme-cranioencephalique-par-accident-automobile-et-disquisis-impact-neuropsychologique\/\" rel=\"bookmark\">Traumatisme cr\u00e2nio-enc\u00e9phalique suite \u00e0 un accident automobile et la diaschisis: impact neuropsychologique<\/a><\/h3>\n<\/div><\/article><article class=\"entry entry-grid is-column has-entry-link has-image has-image-first type-post category-avc tag-accident-vasculaire-cerebral tag-activites-de-stimulation-cognitive tag-enfants tag-lesion-cerebrale-acquise\" style=\"--entry-index:6;\" aria-label=\"Atelier cognitif avec NeuronUP pour l&rsquo;intervention en cas d&rsquo;AVC infantile\" itemscope itemtype=\"https:\/\/schema.org\/CreativeWork\"><a class=\"entry-image-link\" href=\"https:\/\/neuronup.com\/fr\/actualites-de-la-stimulation-cognitive\/lesions-cerebrales\/avc\/atelier-cognitif-avec-neuronup-pour-lintervention-de-laccident-vasculaire-cerebral-infantile\/\" tabindex=\"-1\" aria-hidden=\"true\"><img decoding=\"async\" width=\"400\" height=\"222\" src=\"https:\/\/neuronup.com\/fr\/wp-content\/uploads\/2025\/02\/Fase-8-de-la-actividad-de-NeuronUP-Completa-el-puzzle.webp\" class=\"entry-image size-landscape-sm\" alt=\"Puzzle en cours d&#039;assemblage avec pi\u00e8ces dispers\u00e9es; image de r\u00e9f\u00e9rence en bas \u00e0 gauche montrant statues et paysage pastel.\" srcset=\"https:\/\/neuronup.com\/fr\/wp-content\/uploads\/2025\/02\/Fase-8-de-la-actividad-de-NeuronUP-Completa-el-puzzle-300x167.webp 300w, https:\/\/neuronup.com\/fr\/wp-content\/uploads\/2025\/02\/Fase-8-de-la-actividad-de-NeuronUP-Completa-el-puzzle-768x426.webp 768w, https:\/\/neuronup.com\/fr\/wp-content\/uploads\/2025\/02\/Fase-8-de-la-actividad-de-NeuronUP-Completa-el-puzzle-1024x568.webp 1024w, https:\/\/neuronup.com\/fr\/wp-content\/uploads\/2025\/02\/Fase-8-de-la-actividad-de-NeuronUP-Completa-el-puzzle.webp 1216w\" sizes=\"(max-width:599px) 599px, (min-width:600px) and (max-width: 799px) 799px, (min-width:800px) and (max-width: 999px) 333px, (min-width:1000px) 400px\" \/><\/a><div class=\"entry-wrap entry-wrap-grid\"><h3 class=\"entry-title\" itemprop=\"headline\"><a class=\"entry-title-link\" href=\"https:\/\/neuronup.com\/fr\/actualites-de-la-stimulation-cognitive\/lesions-cerebrales\/avc\/atelier-cognitif-avec-neuronup-pour-lintervention-de-laccident-vasculaire-cerebral-infantile\/\" rel=\"bookmark\">Atelier cognitif avec NeuronUP pour l&rsquo;intervention en cas d&rsquo;AVC infantile<\/a><\/h3>\n<\/div><\/article><\/div><\/div>","protected":false},"excerpt":{"rendered":"<p>Le r\u00e9\u00e9ducateur Ra\u00fal A. Rosado Reyes pr\u00e9sente dans cet article le r\u00f4le fondamental du soignant dans la r\u00e9habilitation des l\u00e9sions c\u00e9r\u00e9brales (LC), en soulignant son impact sur le processus de r\u00e9cup\u00e9ration et l&rsquo;importance de son inclusion dans le plan de traitement. Introduction Le retour \u00e0 domicile d\u2019une personne atteinte d\u2019une l\u00e9sion c\u00e9r\u00e9brale (LC) implique une &hellip;<\/p>\n","protected":false},"author":296,"featured_media":37362,"comment_status":"open","ping_status":"open","sticky":false,"template":"","format":"standard","meta":{"_acf_changed":false,"_genesis_hide_title":false,"_genesis_hide_breadcrumbs":false,"_genesis_hide_singular_image":false,"_genesis_hide_footer_widgets":false,"_genesis_custom_body_class":"","_genesis_custom_post_class":"","_genesis_layout":"","footnotes":""},"categories":[573],"tags":[863,798],"class_list":{"2":"type-post","7":"category-lesions-cerebrales","8":"tag-lesions-cerebrales","9":"tag-lesions-cerebrales-acquises","10":"entry"},"acf":[],"_links":{"self":[{"href":"https:\/\/neuronup.com\/fr\/wp-json\/wp\/v2\/posts\/37356","targetHints":{"allow":["GET"]}}],"collection":[{"href":"https:\/\/neuronup.com\/fr\/wp-json\/wp\/v2\/posts"}],"about":[{"href":"https:\/\/neuronup.com\/fr\/wp-json\/wp\/v2\/types\/post"}],"author":[{"embeddable":true,"href":"https:\/\/neuronup.com\/fr\/wp-json\/wp\/v2\/users\/296"}],"replies":[{"embeddable":true,"href":"https:\/\/neuronup.com\/fr\/wp-json\/wp\/v2\/comments?post=37356"}],"version-history":[{"count":0,"href":"https:\/\/neuronup.com\/fr\/wp-json\/wp\/v2\/posts\/37356\/revisions"}],"wp:featuredmedia":[{"embeddable":true,"href":"https:\/\/neuronup.com\/fr\/wp-json\/wp\/v2\/media\/37362"}],"wp:attachment":[{"href":"https:\/\/neuronup.com\/fr\/wp-json\/wp\/v2\/media?parent=37356"}],"wp:term":[{"taxonomy":"category","embeddable":true,"href":"https:\/\/neuronup.com\/fr\/wp-json\/wp\/v2\/categories?post=37356"},{"taxonomy":"post_tag","embeddable":true,"href":"https:\/\/neuronup.com\/fr\/wp-json\/wp\/v2\/tags?post=37356"}],"curies":[{"name":"wp","href":"https:\/\/api.w.org\/{rel}","templated":true}]}}