{"id":37241,"date":"2025-03-12T09:00:00","date_gmt":"2025-03-12T07:00:00","guid":{"rendered":"https:\/\/neuronup.com\/fr\/?p=37241"},"modified":"2025-03-07T11:58:40","modified_gmt":"2025-03-07T09:58:40","slug":"avc-et-reeducation-cognitive-comment-le-cerveau-peut-il-reapprendre-apres-une-lesion-severe","status":"publish","type":"post","link":"https:\/\/neuronup.com\/fr\/actualites-de-la-stimulation-cognitive\/lesions-cerebrales\/avc\/avc-et-reeducation-cognitive-comment-le-cerveau-peut-il-reapprendre-apres-une-lesion-severe\/","title":{"rendered":"AVC et r\u00e9\u00e9ducation cognitive : comment le cerveau peut-il r\u00e9apprendre apr\u00e8s une l\u00e9sion s\u00e9v\u00e8re ?"},"content":{"rendered":"\n<p class=\"has-xl-font-size\"><a href=\"https:\/\/neuronup.com\/fr\/actualites-de-la-stimulation-cognitive\/lesions-cerebrales\/avc\/accident-vasculaire-cerebral-avc-ce-quil-est-les-types-davc-et-les-sequelles-possibles\/\">L\u2019AVC <\/a>est l\u2019une des principales causes de handicap dans le monde. Son impact sur les fonctions cognitives et \u00e9motionnelles peut \u00eatre d\u00e9vastateur, affectant l\u2019ind\u00e9pendance du patient ainsi que ses relations personnelles et sa qualit\u00e9 de vie. Toutefois, gr\u00e2ce \u00e0 la <strong>neuroplasticit\u00e9<\/strong>, le cerveau poss\u00e8de une <strong>capacit\u00e9 d\u2019adaptation<\/strong> qui lui permet de se r\u00e9organiser apr\u00e8s une l\u00e9sion s\u00e9v\u00e8re. La r\u00e9\u00e9ducation cognitive joue un r\u00f4le cl\u00e9 dans ce processus, en aidant les patients \u00e0 retrouver certaines comp\u00e9tences et \u00e0 am\u00e9liorer leur fonctionnement au quotidien.<\/p>\n\n\n\n<h2 class=\"wp-block-heading\">L\u2019AVC et ses s\u00e9quelles cognitives<\/h2>\n\n\n\n<p>L\u2019accident vasculaire c\u00e9r\u00e9bral (AVC) survient lorsqu\u2019un apport sanguin insuffisant prive le cerveau d\u2019oxyg\u00e8ne et de nutriments, entra\u00eenant des dommages neuronaux. Selon la localisation et la gravit\u00e9 de l\u2019AVC, diff\u00e9rentes <a href=\"https:\/\/neuronup.com\/fr\/domaines-dintervention\/fonctions-cognitives\/\">fonctions cognitives<\/a> peuvent \u00eatre alt\u00e9r\u00e9es, notamment :<\/p>\n\n\n\n<ul class=\"wp-block-list\">\n<li><strong>Attention et concentration<\/strong> : difficult\u00e9s \u00e0 maintenir son attention sur des t\u00e2ches quotidiennes.<\/li>\n\n\n\n<li><strong>M\u00e9moire<\/strong> : troubles de la m\u00e9moire r\u00e9cente et difficult\u00e9s \u00e0 acqu\u00e9rir de nouvelles informations.<\/li>\n\n\n\n<li><strong>Langage<\/strong> : troubles de la compr\u00e9hension et de l\u2019expression verbale (aphasie).<\/li>\n\n\n\n<li><strong>Fonctions ex\u00e9cutives<\/strong> : alt\u00e9rations dans la planification, l\u2019organisation et la r\u00e9solution de probl\u00e8mes.<\/li>\n\n\n\n<li><strong>Perception spatiale et motrice<\/strong> : difficult\u00e9s \u00e0 coordonner les mouvements et \u00e0 reconna\u00eetre les espaces et objets.<\/li>\n<\/ul>\n\n\n\n<p>Ces d\u00e9ficits ne se limitent pas \u00e0 l\u2019autonomie du patient, mais ont aussi un impact sur ses interactions sociales et familiales.<\/p>\n\n\n\n<h2 class=\"wp-block-heading\">Neuroplasticit\u00e9 et r\u00e9apprentissage c\u00e9r\u00e9bral<\/h2>\n\n\n\n<p>La <strong><a href=\"https:\/\/neuronup.com\/fr\/actualites-de-la-stimulation-cognitive\/lesions-cerebrales\/tendances-actuelles-dans-le-traitement-des-lesions-cerebrales-acquises-lca\/\">neuroplasticit\u00e9 <\/a><\/strong>d\u00e9signe la capacit\u00e9 du cerveau \u00e0 se r\u00e9organiser en cr\u00e9ant de nouvelles connexions neuronales. Apr\u00e8s un AVC, les zones c\u00e9r\u00e9brales non affect\u00e9es peuvent compenser les fonctions perdues en prenant le relais des zones endommag\u00e9es. Ce processus est essentiel pour la r\u00e9cup\u00e9ration neurologique et peut \u00eatre renforc\u00e9 par des th\u00e9rapies adapt\u00e9es.<\/p>\n\n\n\n<h3 class=\"wp-block-heading\">Facteurs influen\u00e7ant la neuroplasticit\u00e9<\/h3>\n\n\n\n<p>Plusieurs \u00e9l\u00e9ments influencent la capacit\u00e9 du cerveau \u00e0 se r\u00e9adapter apr\u00e8s un AVC :<\/p>\n\n\n\n<ul class=\"wp-block-list\">\n<li><strong>\u00c2ge et \u00e9tat de sant\u00e9 g\u00e9n\u00e9ral<\/strong> : bien que la neuroplasticit\u00e9 soit plus marqu\u00e9e chez les jeunes, les adultes peuvent aussi b\u00e9n\u00e9ficier d\u2019une r\u00e9organisation c\u00e9r\u00e9brale.<\/li>\n\n\n\n<li><strong>Gravit\u00e9 des l\u00e9sions c\u00e9r\u00e9brales<\/strong> : l\u2019\u00e9tendue des dommages impacte les possibilit\u00e9s de r\u00e9cup\u00e9ration.<\/li>\n\n\n\n<li><strong>Intervention pr\u00e9coce<\/strong> : une prise en charge rapide de la r\u00e9\u00e9ducation cognitive am\u00e9liore significativement les r\u00e9sultats.<\/li>\n\n\n\n<li><strong>Soutien familial et social<\/strong> : un environnement positif et stimulant favorise le processus de r\u00e9cup\u00e9ration.<\/li>\n<\/ul>\n\n\n\n<div style=\"height:50px\" aria-hidden=\"true\" class=\"wp-block-spacer\"><\/div>\n\n\n\n<aside class=\"wp-block-group br-1010 has-primary-background-color has-background has-dark-background has-sm-padding-top has-sm-padding-bottom has-sm-padding-left has-sm-padding-right\"><div class=\"wp-block-group__inner-container is-layout-constrained wp-block-group-is-layout-constrained\">\n<div class=\"wp-block-columns are-vertically-aligned-center is-layout-flex wp-container-core-columns-is-layout-9d6595d7 wp-block-columns-is-layout-flex\">\n<div class=\"wp-block-column is-vertically-aligned-center has-white-color has-text-color has-link-color wp-elements-675f7cc73b08b22aadd271270e8ef8b9 is-layout-flow wp-block-column-is-layout-flow\" style=\"flex-basis:75%\">\n<p class=\"has-xl-font-size\" style=\"text-transform:uppercase\">Les avanc\u00e9es actuelles des neurosciences :<br><strong>6 recherches cl\u00e9s d\u00e9taill\u00e9es<\/strong><\/p>\n\n\n\n<p>Les recherches couvrent des sujets allant de la connectivit\u00e9 fonctionnelle dans la dyscalculie d\u00e9veloppementale aux effets de la stimulation magn\u00e9tique transcr\u00e2nienne sur le d\u00e9clin cognitif post-AVC.<\/p>\n<\/div>\n\n\n\n<div class=\"wp-block-column is-vertically-aligned-center is-layout-flow wp-block-column-is-layout-flow\" style=\"flex-basis:25%\">\n<div class=\"wp-block-buttons is-content-justification-center is-layout-flex wp-container-core-buttons-is-layout-16018d1d wp-block-buttons-is-layout-flex\">\n<div class=\"wp-block-button--1\" style=\"--button-outline-color:var(--color-white);--button-outline-color-hover:rgba(0,0,0,0.8);\"><a class=\"wp-block-button__link button button-outline   has-link-color wp-element-button\" href=\"https:\/\/neuronup.com\/redirect\/?target=typeform\/6investigations?utm_first_source=Web&#038;utm_first_campaign_name=PDF_6_investigations\">Obtenir gratuitement<\/a><\/div>\n\n<\/div>\n<\/div>\n<\/div>\n<\/div><\/aside>\n\n\n\n\n<div style=\"height:50px\" aria-hidden=\"true\" class=\"wp-block-spacer\"><\/div>\n\n\n\n<h2 class=\"wp-block-heading\">R\u00e9\u00e9ducation cognitive apr\u00e8s un AVC<\/h2>\n\n\n\n<p>La <a href=\"https:\/\/neuronup.com\/fr\/la-neuro-reeducation\/\">r\u00e9\u00e9ducation cognitive<\/a> est une approche th\u00e9rapeutique visant \u00e0 restaurer les fonctions cognitives alt\u00e9r\u00e9es ou \u00e0 les compenser par des strat\u00e9gies adaptatives. Son objectif principal est de maximiser l\u2019ind\u00e9pendance du patient et d\u2019am\u00e9liorer sa qualit\u00e9 de vie.<\/p>\n\n\n\n<h3 class=\"wp-block-heading\">Strat\u00e9gies de r\u00e9\u00e9ducation cognitive<\/h3>\n\n\n\n<p>Les interventions doivent \u00eatre adapt\u00e9es aux besoins sp\u00e9cifiques de chaque patient. Parmi les <a href=\"https:\/\/neuronup.com\/fr\/actualites-de-la-stimulation-cognitive\/lesions-cerebrales\/avc\/penombre-ischemique-neurorehabilitation-apres-une-maladie-cerebrovasculaire\/\">strat\u00e9gies<\/a> les plus efficaces, on retrouve :<\/p>\n\n\n\n<h4 class=\"wp-block-heading\">1. Th\u00e9rapies de stimulation cognitive<\/h4>\n\n\n\n<p>Elles reposent sur des exercices cibl\u00e9s pour renforcer les fonctions cognitives touch\u00e9es, notamment :<\/p>\n\n\n\n<ul class=\"wp-block-list\">\n<li>Jeux de m\u00e9moire et d\u2019attention.<\/li>\n\n\n\n<li>Activit\u00e9s de raisonnement et de r\u00e9solution de probl\u00e8mes.<\/li>\n\n\n\n<li>Entra\u00eenement des fonctions ex\u00e9cutives.<\/li>\n<\/ul>\n\n\n\n<h4 class=\"wp-block-heading\">2. Utilisation de la technologie dans la r\u00e9\u00e9ducation<\/h4>\n\n\n\n<p>Des plateformes comme <a href=\"https:\/\/neuronup.com\/fr\/produit\/\"><strong>NeuronUP<\/strong> <\/a>proposent des outils num\u00e9riques permettant un travail structur\u00e9 et personnalis\u00e9 des fonctions cognitives. La technologie facilite l\u2019adaptation des exercices aux besoins du patient, assure un suivi pr\u00e9cis des progr\u00e8s et favorise la motivation.<\/p>\n\n\n\n<h4 class=\"wp-block-heading\">3. Th\u00e9rapie occupationnelle et adaptations environnementales<\/h4>\n\n\n\n<p>La r\u00e9\u00e9ducation ne doit pas seulement viser l\u2019am\u00e9lioration des comp\u00e9tences cognitives, mais aussi enseigner des strat\u00e9gies compensatoires pour les activit\u00e9s du quotidien. Certaines adaptations incluent :<\/p>\n\n\n\n<ul class=\"wp-block-list\">\n<li>Utilisation d\u2019agendas et d\u2019aides visuelles pour pallier les troubles mn\u00e9siques.<\/li>\n\n\n\n<li>R\u00e9organisation de l\u2019espace pour faciliter les d\u00e9placements et l\u2019autonomie.<\/li>\n\n\n\n<li>Mise en place de routines structur\u00e9es pour renforcer l\u2019efficacit\u00e9 des t\u00e2ches quotidiennes.<\/li>\n<\/ul>\n\n\n\n<h2 class=\"wp-block-heading\">Comment l\u2019AVC affecte-t-il les relations personnelles ?<\/h2>\n\n\n\n<p>Les alt\u00e9rations cognitives peuvent affecter les relations interpersonnelles du patient. Les difficult\u00e9s li\u00e9es \u00e0 la communication, \u00e0 la m\u00e9moire et \u00e0 la r\u00e9gulation \u00e9motionnelle peuvent engendrer de la frustration, tant pour le patient que pour son entourage. La neuropsychologie joue un r\u00f4le essentiel dans ce domaine en proposant des approches pour am\u00e9liorer la compr\u00e9hension et la gestion de ces difficult\u00e9s, notamment par :<\/p>\n\n\n\n<ul class=\"wp-block-list\">\n<li><strong>La psycho\u00e9ducation familiale<\/strong> : formation des proches \u00e0 des strat\u00e9gies d\u2019accompagnement adapt\u00e9es.<\/li>\n\n\n\n<li><strong>Les th\u00e9rapies de communication<\/strong> : am\u00e9lioration de l\u2019expression et de la compr\u00e9hension verbale.<\/li>\n\n\n\n<li><strong>Les interventions en comp\u00e9tences sociales<\/strong> : renforcement de l\u2019int\u00e9gration sociale du patient.<\/li>\n<\/ul>\n\n\n\n<h2 class=\"wp-block-heading\">Conclusion<\/h2>\n\n\n\n<p>Le cerveau poss\u00e8de une remarquable capacit\u00e9 d\u2019adaptation apr\u00e8s un AVC, mais la r\u00e9cup\u00e9ration n\u00e9cessite une approche structur\u00e9e et individualis\u00e9e. La r\u00e9\u00e9ducation cognitive, fond\u00e9e sur la neuroplasticit\u00e9, permet de restaurer des fonctions cognitives et d\u2019am\u00e9liorer la qualit\u00e9 de vie des patients. Une collaboration \u00e9troite entre les professionnels de sant\u00e9, la famille et le patient est essentielle pour optimiser la r\u00e9cup\u00e9ration neurologique et favoriser une meilleure adaptation au quotidien.<\/p>\n\n\n\n<h3 class=\"wp-block-heading\">Si vous avez aim\u00e9 cet article de blog sur l&rsquo;<strong>AVC et la r\u00e9\u00e9ducation cognitive : le cerveau peut-il r\u00e9apprendre apr\u00e8s une l\u00e9sion s\u00e9v\u00e8re ?<\/strong>, ces articles de NeuronUP pourraient \u00e9galement vous int\u00e9resser :<\/h3>\n\n\n<div class=\"mai-grid entries entries-grid has-boxed has-image-full\" style=\"--entry-title-font-size:var(--font-size-lg);--align-text:start;--entry-meta-text-align:start;\"><div class=\"entries-wrap has-columns\" style=\"--columns-xs:1\/1;--columns-sm:1\/1;--columns-md:1\/3;--columns-lg:1\/3;--flex-xs:0 0 var(--flex-basis);--flex-sm:0 0 var(--flex-basis);--flex-md:0 0 var(--flex-basis);--flex-lg:0 0 var(--flex-basis);--column-gap:var(--spacing-lg);--row-gap:var(--spacing-lg);--align-columns:start;\"><article class=\"entry entry-grid is-column has-entry-link has-image has-image-first type-post category-avc tag-accident-vasculaire-cerebral tag-activites-de-stimulation-cognitive tag-enfants tag-lesion-cerebrale-acquise\" style=\"--entry-index:1;\" aria-label=\"Atelier cognitif avec NeuronUP pour l&rsquo;intervention en cas d&rsquo;AVC infantile\" itemscope itemtype=\"https:\/\/schema.org\/CreativeWork\"><a class=\"entry-image-link\" href=\"https:\/\/neuronup.com\/fr\/actualites-de-la-stimulation-cognitive\/lesions-cerebrales\/avc\/atelier-cognitif-avec-neuronup-pour-lintervention-de-laccident-vasculaire-cerebral-infantile\/\" tabindex=\"-1\" aria-hidden=\"true\"><img decoding=\"async\" width=\"400\" height=\"222\" src=\"https:\/\/neuronup.com\/fr\/wp-content\/uploads\/2025\/02\/Fase-8-de-la-actividad-de-NeuronUP-Completa-el-puzzle.webp\" class=\"entry-image size-landscape-sm\" alt=\"Puzzle en cours d&#039;assemblage avec pi\u00e8ces dispers\u00e9es; image de r\u00e9f\u00e9rence en bas \u00e0 gauche montrant statues et paysage pastel.\" srcset=\"https:\/\/neuronup.com\/fr\/wp-content\/uploads\/2025\/02\/Fase-8-de-la-actividad-de-NeuronUP-Completa-el-puzzle-300x167.webp 300w, https:\/\/neuronup.com\/fr\/wp-content\/uploads\/2025\/02\/Fase-8-de-la-actividad-de-NeuronUP-Completa-el-puzzle-768x426.webp 768w, https:\/\/neuronup.com\/fr\/wp-content\/uploads\/2025\/02\/Fase-8-de-la-actividad-de-NeuronUP-Completa-el-puzzle-1024x568.webp 1024w, https:\/\/neuronup.com\/fr\/wp-content\/uploads\/2025\/02\/Fase-8-de-la-actividad-de-NeuronUP-Completa-el-puzzle.webp 1216w\" sizes=\"(max-width:599px) 599px, (min-width:600px) and (max-width: 799px) 799px, (min-width:800px) and (max-width: 999px) 333px, (min-width:1000px) 400px\" \/><\/a><div class=\"entry-wrap entry-wrap-grid\"><h3 class=\"entry-title\" itemprop=\"headline\"><a class=\"entry-title-link\" href=\"https:\/\/neuronup.com\/fr\/actualites-de-la-stimulation-cognitive\/lesions-cerebrales\/avc\/atelier-cognitif-avec-neuronup-pour-lintervention-de-laccident-vasculaire-cerebral-infantile\/\" rel=\"bookmark\">Atelier cognitif avec NeuronUP pour l&rsquo;intervention en cas d&rsquo;AVC infantile<\/a><\/h3>\n<\/div><\/article><article class=\"entry entry-grid is-column has-entry-link has-image has-image-first type-post category-avc tag-accident-vasculaire-cerebral\" style=\"--entry-index:2;\" aria-label=\"4 causes peu fr\u00e9quentes d&#8217;AVC\" itemscope itemtype=\"https:\/\/schema.org\/CreativeWork\"><a class=\"entry-image-link\" href=\"https:\/\/neuronup.com\/fr\/actualites-de-la-stimulation-cognitive\/lesions-cerebrales\/avc\/causes-peu-frequentes-de-l-accident-vasculaire-cerebral\/\" tabindex=\"-1\" aria-hidden=\"true\"><img decoding=\"async\" width=\"400\" height=\"267\" src=\"https:\/\/neuronup.com\/fr\/wp-content\/uploads\/2024\/09\/causas-infrecuentes-del-ictus.webp\" class=\"entry-image size-landscape-sm\" alt=\"Images d\u2019IRM c\u00e9r\u00e9brales montrant diverses r\u00e9gions du cerveau avec motifs clairs et sombres, dispos\u00e9es en rang\u00e9es.\" srcset=\"https:\/\/neuronup.com\/fr\/wp-content\/uploads\/2024\/09\/causas-infrecuentes-del-ictus-300x200.webp 300w, https:\/\/neuronup.com\/fr\/wp-content\/uploads\/2024\/09\/causas-infrecuentes-del-ictus-768x512.webp 768w, https:\/\/neuronup.com\/fr\/wp-content\/uploads\/2024\/09\/causas-infrecuentes-del-ictus-1024x683.webp 1024w, https:\/\/neuronup.com\/fr\/wp-content\/uploads\/2024\/09\/causas-infrecuentes-del-ictus.webp 1200w\" sizes=\"(max-width:599px) 599px, (min-width:600px) and (max-width: 799px) 799px, (min-width:800px) and (max-width: 999px) 333px, (min-width:1000px) 400px\" \/><\/a><div class=\"entry-wrap entry-wrap-grid\"><h3 class=\"entry-title\" itemprop=\"headline\"><a class=\"entry-title-link\" href=\"https:\/\/neuronup.com\/fr\/actualites-de-la-stimulation-cognitive\/lesions-cerebrales\/avc\/causes-peu-frequentes-de-l-accident-vasculaire-cerebral\/\" rel=\"bookmark\">4 causes peu fr\u00e9quentes d&#8217;AVC<\/a><\/h3>\n<\/div><\/article><article class=\"entry entry-grid is-column has-entry-link has-image has-image-first type-post category-avc tag-avc tag-lesions-cerebrales tag-lesions-cerebrales-acquises tag-stimulation-cognitive\" style=\"--entry-index:3;\" aria-label=\"AVC et r\u00e9\u00e9ducation cognitive : comment le cerveau peut-il r\u00e9apprendre apr\u00e8s une l\u00e9sion s\u00e9v\u00e8re ?\" itemscope itemtype=\"https:\/\/schema.org\/CreativeWork\"><a class=\"entry-image-link\" href=\"https:\/\/neuronup.com\/fr\/actualites-de-la-stimulation-cognitive\/lesions-cerebrales\/avc\/avc-et-reeducation-cognitive-comment-le-cerveau-peut-il-reapprendre-apres-une-lesion-severe\/\" tabindex=\"-1\" aria-hidden=\"true\"><img decoding=\"async\" width=\"400\" height=\"300\" src=\"https:\/\/neuronup.com\/fr\/wp-content\/uploads\/2025\/03\/AVC-et-reeducation-cognitive-le-cerveau-peut-il-reapprendre-apres-une-lesion-severe-1-400x300.webp\" class=\"entry-image size-landscape-sm\" alt=\"Cerveau stylis\u00e9 flottant entre les mains d&#039;une personne en blouse blanche, illustration futuriste et lumineuse.\" srcset=\"https:\/\/neuronup.com\/fr\/wp-content\/uploads\/2025\/03\/AVC-et-reeducation-cognitive-le-cerveau-peut-il-reapprendre-apres-une-lesion-severe-1-400x300.webp 400w, https:\/\/neuronup.com\/fr\/wp-content\/uploads\/2025\/03\/AVC-et-reeducation-cognitive-le-cerveau-peut-il-reapprendre-apres-une-lesion-severe-1-800x600.webp 800w\" sizes=\"(max-width:599px) 599px, (min-width:600px) and (max-width: 799px) 799px, (min-width:800px) and (max-width: 999px) 333px, (min-width:1000px) 400px\" \/><\/a><div class=\"entry-wrap entry-wrap-grid\"><h3 class=\"entry-title\" itemprop=\"headline\"><a class=\"entry-title-link\" href=\"https:\/\/neuronup.com\/fr\/actualites-de-la-stimulation-cognitive\/lesions-cerebrales\/avc\/avc-et-reeducation-cognitive-comment-le-cerveau-peut-il-reapprendre-apres-une-lesion-severe\/\" rel=\"bookmark\">AVC et r\u00e9\u00e9ducation cognitive : comment le cerveau peut-il r\u00e9apprendre apr\u00e8s une l\u00e9sion s\u00e9v\u00e8re ?<\/a><\/h3>\n<\/div><\/article><article class=\"entry entry-grid is-column has-entry-link has-image has-image-first type-post category-avc tag-aphasie tag-avc tag-langage tag-lesions-cerebrales tag-lesions-cerebrales-acquises\" style=\"--entry-index:4;\" aria-label=\"Aphasie apr\u00e8s un avc : causes, types et r\u00e9\u00e9ducation\" itemscope itemtype=\"https:\/\/schema.org\/CreativeWork\"><a class=\"entry-image-link\" href=\"https:\/\/neuronup.com\/fr\/actualites-de-la-stimulation-cognitive\/lesions-cerebrales\/avc\/aphasie-apres-un-avc-causes-types-et-reeducation\/\" tabindex=\"-1\" aria-hidden=\"true\"><img decoding=\"async\" width=\"400\" height=\"300\" src=\"https:\/\/neuronup.com\/fr\/wp-content\/uploads\/2025\/02\/Aphasie-apres-un-avc-causes-types-et-reeducation-400x300.webp\" class=\"entry-image size-landscape-sm\" alt=\"Sch\u00e9ma illustrant l\u2019aphasie apr\u00e8s AVC avec les principaux types et les axes de r\u00e9\u00e9ducation du langage.\" srcset=\"https:\/\/neuronup.com\/fr\/wp-content\/uploads\/2025\/02\/Aphasie-apres-un-avc-causes-types-et-reeducation-400x300.webp 400w, https:\/\/neuronup.com\/fr\/wp-content\/uploads\/2025\/02\/Aphasie-apres-un-avc-causes-types-et-reeducation-800x600.webp 800w\" sizes=\"(max-width:599px) 599px, (min-width:600px) and (max-width: 799px) 799px, (min-width:800px) and (max-width: 999px) 333px, (min-width:1000px) 400px\" \/><\/a><div class=\"entry-wrap entry-wrap-grid\"><h3 class=\"entry-title\" itemprop=\"headline\"><a class=\"entry-title-link\" href=\"https:\/\/neuronup.com\/fr\/actualites-de-la-stimulation-cognitive\/lesions-cerebrales\/avc\/aphasie-apres-un-avc-causes-types-et-reeducation\/\" rel=\"bookmark\">Aphasie apr\u00e8s un avc : causes, types et r\u00e9\u00e9ducation<\/a><\/h3>\n<\/div><\/article><article class=\"entry entry-grid is-column has-entry-link has-image has-image-first type-post category-avc tag-avc tag-lesions-cerebrales tag-lesions-cerebrales-acquises\" style=\"--entry-index:5;\" aria-label=\"P\u00e9nombre isch\u00e9mique : neuror\u00e9habilitation apr\u00e8s une maladie c\u00e9r\u00e9brovasculaire\" itemscope itemtype=\"https:\/\/schema.org\/CreativeWork\"><a class=\"entry-image-link\" href=\"https:\/\/neuronup.com\/fr\/actualites-de-la-stimulation-cognitive\/lesions-cerebrales\/avc\/penombre-ischemique-neurorehabilitation-apres-une-maladie-cerebrovasculaire\/\" tabindex=\"-1\" aria-hidden=\"true\"><img decoding=\"async\" width=\"400\" height=\"300\" src=\"https:\/\/neuronup.com\/fr\/wp-content\/uploads\/2025\/01\/Penombre-ischemique-neurorehabilitation-apres-une-maladie-cerebrovasculaire-400x300.webp\" class=\"entry-image size-landscape-sm\" alt=\"Cerveau stylis\u00e9 en deux moiti\u00e9s bleu et rouge avec des lignes lumineuses et des motifs ADN en arri\u00e8re-plan, effet moderne.\" srcset=\"https:\/\/neuronup.com\/fr\/wp-content\/uploads\/2025\/01\/Penombre-ischemique-neurorehabilitation-apres-une-maladie-cerebrovasculaire-400x300.webp 400w, https:\/\/neuronup.com\/fr\/wp-content\/uploads\/2025\/01\/Penombre-ischemique-neurorehabilitation-apres-une-maladie-cerebrovasculaire-800x600.webp 800w\" sizes=\"(max-width:599px) 599px, (min-width:600px) and (max-width: 799px) 799px, (min-width:800px) and (max-width: 999px) 333px, (min-width:1000px) 400px\" \/><\/a><div class=\"entry-wrap entry-wrap-grid\"><h3 class=\"entry-title\" itemprop=\"headline\"><a class=\"entry-title-link\" href=\"https:\/\/neuronup.com\/fr\/actualites-de-la-stimulation-cognitive\/lesions-cerebrales\/avc\/penombre-ischemique-neurorehabilitation-apres-une-maladie-cerebrovasculaire\/\" rel=\"bookmark\">P\u00e9nombre isch\u00e9mique : neuror\u00e9habilitation apr\u00e8s une maladie c\u00e9r\u00e9brovasculaire<\/a><\/h3>\n<\/div><\/article><article class=\"entry entry-grid is-column has-entry-link has-image has-image-first type-post category-avc tag-avc tag-rehabilitation-cognitive\" style=\"--entry-index:6;\" aria-label=\"L&#8217;importance de la kin\u00e9sith\u00e9rapie neurologique pour les patients ayant subi un AVC\" itemscope itemtype=\"https:\/\/schema.org\/CreativeWork\"><a class=\"entry-image-link\" href=\"https:\/\/neuronup.com\/fr\/actualites-de-la-stimulation-cognitive\/lesions-cerebrales\/avc\/limportance-de-la-kinesitherapie-neurologique-pour-les-patients-ayant-subi-un-avc\/\" tabindex=\"-1\" aria-hidden=\"true\"><img decoding=\"async\" width=\"400\" height=\"300\" src=\"https:\/\/neuronup.com\/fr\/wp-content\/uploads\/2024\/11\/Limportance-de-la-kinesitherapie-neurologique-pour-les-patients-ayant-subi-un-AVC-400x300.webp\" class=\"entry-image size-landscape-sm\" alt=\"Deux personnes se soutiennent: une main masculine saisit le poignet d&#039;une femme, arri\u00e8re-plan lumineux et apaisant.\" srcset=\"https:\/\/neuronup.com\/fr\/wp-content\/uploads\/2024\/11\/Limportance-de-la-kinesitherapie-neurologique-pour-les-patients-ayant-subi-un-AVC-400x300.webp 400w, https:\/\/neuronup.com\/fr\/wp-content\/uploads\/2024\/11\/Limportance-de-la-kinesitherapie-neurologique-pour-les-patients-ayant-subi-un-AVC-800x600.webp 800w\" sizes=\"(max-width:599px) 599px, (min-width:600px) and (max-width: 799px) 799px, (min-width:800px) and (max-width: 999px) 333px, (min-width:1000px) 400px\" \/><\/a><div class=\"entry-wrap entry-wrap-grid\"><h3 class=\"entry-title\" itemprop=\"headline\"><a class=\"entry-title-link\" href=\"https:\/\/neuronup.com\/fr\/actualites-de-la-stimulation-cognitive\/lesions-cerebrales\/avc\/limportance-de-la-kinesitherapie-neurologique-pour-les-patients-ayant-subi-un-avc\/\" rel=\"bookmark\">L&#8217;importance de la kin\u00e9sith\u00e9rapie neurologique pour les patients ayant subi un AVC<\/a><\/h3>\n<\/div><\/article><\/div><\/div>","protected":false},"excerpt":{"rendered":"<p>L\u2019AVC est l\u2019une des principales causes de handicap dans le monde. Son impact sur les fonctions cognitives et \u00e9motionnelles peut \u00eatre d\u00e9vastateur, affectant l\u2019ind\u00e9pendance du patient ainsi que ses relations personnelles et sa qualit\u00e9 de vie. Toutefois, gr\u00e2ce \u00e0 la neuroplasticit\u00e9, le cerveau poss\u00e8de une capacit\u00e9 d\u2019adaptation qui lui permet de se r\u00e9organiser apr\u00e8s une &hellip;<\/p>\n","protected":false},"author":7,"featured_media":37244,"comment_status":"open","ping_status":"open","sticky":false,"template":"","format":"standard","meta":{"_acf_changed":false,"_genesis_hide_title":false,"_genesis_hide_breadcrumbs":false,"_genesis_hide_singular_image":false,"_genesis_hide_footer_widgets":false,"_genesis_custom_body_class":"","_genesis_custom_post_class":"","_genesis_layout":"","footnotes":""},"categories":[574],"tags":[689,863,798,642],"class_list":{"2":"type-post","7":"category-avc","8":"tag-avc","9":"tag-lesions-cerebrales","10":"tag-lesions-cerebrales-acquises","11":"tag-stimulation-cognitive","12":"entry"},"acf":[],"_links":{"self":[{"href":"https:\/\/neuronup.com\/fr\/wp-json\/wp\/v2\/posts\/37241","targetHints":{"allow":["GET"]}}],"collection":[{"href":"https:\/\/neuronup.com\/fr\/wp-json\/wp\/v2\/posts"}],"about":[{"href":"https:\/\/neuronup.com\/fr\/wp-json\/wp\/v2\/types\/post"}],"author":[{"embeddable":true,"href":"https:\/\/neuronup.com\/fr\/wp-json\/wp\/v2\/users\/7"}],"replies":[{"embeddable":true,"href":"https:\/\/neuronup.com\/fr\/wp-json\/wp\/v2\/comments?post=37241"}],"version-history":[{"count":0,"href":"https:\/\/neuronup.com\/fr\/wp-json\/wp\/v2\/posts\/37241\/revisions"}],"wp:featuredmedia":[{"embeddable":true,"href":"https:\/\/neuronup.com\/fr\/wp-json\/wp\/v2\/media\/37244"}],"wp:attachment":[{"href":"https:\/\/neuronup.com\/fr\/wp-json\/wp\/v2\/media?parent=37241"}],"wp:term":[{"taxonomy":"category","embeddable":true,"href":"https:\/\/neuronup.com\/fr\/wp-json\/wp\/v2\/categories?post=37241"},{"taxonomy":"post_tag","embeddable":true,"href":"https:\/\/neuronup.com\/fr\/wp-json\/wp\/v2\/tags?post=37241"}],"curies":[{"name":"wp","href":"https:\/\/api.w.org\/{rel}","templated":true}]}}