{"id":36991,"date":"2025-02-04T09:00:00","date_gmt":"2025-02-04T07:00:00","guid":{"rendered":"https:\/\/neuronup.com\/fr\/?p=36991"},"modified":"2026-01-29T17:40:17","modified_gmt":"2026-01-29T15:40:17","slug":"aphasie-apres-un-avc-causes-types-et-reeducation","status":"publish","type":"post","link":"https:\/\/neuronup.com\/fr\/actualites-de-la-stimulation-cognitive\/lesions-cerebrales\/avc\/aphasie-apres-un-avc-causes-types-et-reeducation\/","title":{"rendered":"Aphasie apr\u00e8s un avc : causes, types et r\u00e9\u00e9ducation"},"content":{"rendered":"\n<p class=\"has-xl-font-size\">Javier Esteban Libiano, neuropsychologue, explique dans cet article <strong>ce qu&rsquo;est un accident vasculaire c\u00e9r\u00e9bral (AVC) et quels types d\u2019aphasies peuvent affecter les patients concern\u00e9s<\/strong>.<\/p>\n\n\n\n<h2 class=\"wp-block-heading\">Accident vasculaire c\u00e9r\u00e9bral (AVC) : d\u00e9finition<\/h2>\n\n\n\n<p>L\u2019<a href=\"https:\/\/neuronup.com\/fr\/actualites-de-la-stimulation-cognitive\/lesions-cerebrales\/avc\/accident-vasculaire-cerebral-avc-ce-quil-est-les-types-davc-et-les-sequelles-possibles\/\">AVC ou accident vasculaire c\u00e9r\u00e9bral<\/a>, commun\u00e9ment appel\u00e9 \u00ab ictus \u00bb, d\u00e9signe <strong>tout dysfonctionnement c\u00e9r\u00e9bral caus\u00e9 par une alt\u00e9ration pathologique des vaisseaux sanguins<\/strong>.<\/p>\n\n\n\n<p>\u00c0 la suite d\u2019un accident vasculaire c\u00e9r\u00e9bral, l\u2019une des cons\u00e9quences fr\u00e9quemment observ\u00e9es est la <strong>perte ou la difficult\u00e9 d\u2019utilisation du langage<\/strong> chez les patients. Ce trouble est appel\u00e9 <strong>aphasie<\/strong> et se caract\u00e9rise principalement par un d\u00e9ficit de la communication verbale, avec des erreurs dans la production et la compr\u00e9hension du langage. Gr\u00e2ce \u00e0 la <a href=\"https:\/\/neuronup.com\/fr\/la-neuro-reeducation\/\">neuror\u00e9habilitation<\/a> et aux outils de la neuropsychologie, il est possible d\u2019intervenir afin de favoriser la r\u00e9cup\u00e9ration et la r\u00e9\u00e9ducation des patients ayant subi cette pathologie.<\/p>\n\n\n\n<p>L\u2019accident vasculaire c\u00e9r\u00e9bral (AVC), \u00e9galement appel\u00e9 infarctus c\u00e9r\u00e9bral, apoplexie, attaque c\u00e9r\u00e9brale ou h\u00e9morragie c\u00e9r\u00e9brale, est d\u00e9fini comme un trouble de la circulation sanguine c\u00e9r\u00e9brale, qui se divise en <strong>deux types<\/strong> :<\/p>\n\n\n\n<ol class=\"wp-block-list\">\n<li><strong>AVC isch\u00e9mique<\/strong> : survient de mani\u00e8re brutale et est provoqu\u00e9 <strong>par une occlusion art\u00e9rielle<\/strong>, c\u2019est-\u00e0-dire qu\u2019une art\u00e8re est obstru\u00e9e par un caillot sanguin ou une embolie. Il repr\u00e9sente environ <strong>85 % des cas<\/strong>.<\/li>\n\n\n\n<li><strong>AVC h\u00e9morragique<\/strong> : caus\u00e9 <strong>par la rupture d\u2019une art\u00e8re<\/strong> ou d\u2019un an\u00e9vrisme, entra\u00eenant une h\u00e9morragie c\u00e9r\u00e9brale.<\/li>\n<\/ol>\n\n\n\n<h3 class=\"wp-block-heading\">Incidence de l\u2019AVC<\/h3>\n\n\n\n<h4 class=\"wp-block-heading\">Incidence de l\u2019AVC \u00e0 l\u2019\u00e9chelle mondiale<\/h4>\n\n\n\n<p>On estime que <strong>une personne sur six dans le monde sera victime d\u2019un AVC au cours de sa vie<\/strong>. L\u2019AVC demeure un <strong>probl\u00e8me majeur de sant\u00e9 publique<\/strong>, associ\u00e9 \u00e0 un taux de mortalit\u00e9 \u00e9lev\u00e9 et \u00e0 des s\u00e9quelles invalidantes s\u2019il n\u2019est pas pris en charge rapidement. Il s\u2019agit de la <strong>premi\u00e8re cause de mortalit\u00e9 chez les femmes<\/strong> et de la <strong>principale cause de handicap en Europe<\/strong>.<\/p>\n\n\n\n<h4 class=\"wp-block-heading\">Incidence de l\u2019AVC en Espagne<\/h4>\n\n\n\n<p>En Espagne, selon les donn\u00e9es du Rapport Annuel du Syst\u00e8me National de Sant\u00e9 2023-2024, <strong>les maladies c\u00e9r\u00e9brovasculaires touchent 1,6 % de la population<\/strong>. La <strong>pr\u00e9valence augmente apr\u00e8s 40 ans<\/strong>, atteignant plus de 10 % chez les personnes de plus de 85 ans. Bien que l\u2019AVC puisse survenir \u00e0 tout \u00e2ge, <strong>sa pr\u00e9valence est plus \u00e9lev\u00e9e chez les hommes dans toutes les tranches d\u2019\u00e2ge, sauf entre 25 et 44 ans<\/strong>, o\u00f9 elle est l\u00e9g\u00e8rement plus \u00e9lev\u00e9e chez les femmes.<\/p>\n\n\n\n<p>N\u00e9anmoins, la <strong>mortalit\u00e9<\/strong> due aux maladies c\u00e9r\u00e9brovasculaires suit une <strong>tendance \u00e0 la baisse<\/strong> depuis 2012, atteignant en 2022 son niveau le plus bas : 44,0 d\u00e9c\u00e8s pour 100 000 habitants. L\u2019AVC entra\u00eene toutefois <strong>de lourdes cons\u00e9quences psychologiques, une limitation des activit\u00e9s quotidiennes essentielles<\/strong> comme manger ou se laver, ainsi que <strong>des difficult\u00e9s dans les activit\u00e9s instrumentales<\/strong> telles que l\u2019utilisation des transports publics ou la gestion financi\u00e8re. Il a \u00e9galement <strong>un impact sur tous les aspects de la vie<\/strong> : social, professionnel, etc.<\/p>\n\n\n\n<p>Les projections indiquent que l\u2019incidence de l\u2019AVC continuera d\u2019augmenter, notamment en raison du vieillissement de la population. On estime que <strong>le nombre de personnes victimes d\u2019un AVC dans l\u2019Union europ\u00e9enne (UE) d\u00e9passera les 4,5 millions entre 2015 et 2035<\/strong>, soit une augmentation globale de 34 % du nombre total de patients touch\u00e9s par un AVC en Europe.<\/p>\n\n\n\n<h3 class=\"wp-block-heading\">Facteurs de risque de l\u2019AVC<\/h3>\n\n\n\n<p>Jusqu\u2019\u00e0 90 % des AVC pourraient \u00eatre \u00e9vit\u00e9s en contr\u00f4lant les facteurs de risque modifiables :<\/p>\n\n\n\n<ol class=\"wp-block-list\">\n<li>Hypertension art\u00e9rielle,<\/li>\n\n\n\n<li>Diab\u00e8te,<\/li>\n\n\n\n<li>Tabagisme,<\/li>\n\n\n\n<li>Ob\u00e9sit\u00e9,<\/li>\n\n\n\n<li>Hypercholest\u00e9rol\u00e9mie,<\/li>\n\n\n\n<li>Mode de vie s\u00e9dentaire,<\/li>\n\n\n\n<li>Consommation d\u2019alcool,<\/li>\n\n\n\n<li>Facteurs psychosociaux tels que le stress,<\/li>\n\n\n\n<li>Ant\u00e9c\u00e9dents de maladies cardiaques.<\/li>\n<\/ol>\n\n\n\n<h2 class=\"wp-block-heading\">Diagnostic et traitement de l\u2019AVC<\/h2>\n\n\n\n<p><strong>Un diagnostic et un traitement pr\u00e9coces sont essentiels pour am\u00e9liorer la survie et les chances de r\u00e9cup\u00e9ration<\/strong> des patients victimes d\u2019un accident vasculaire c\u00e9r\u00e9bral.<\/p>\n\n\n\n<p>Le 10 avril 2024, le minist\u00e8re de la Sant\u00e9, en collaboration avec les Communaut\u00e9s autonomes, a approuv\u00e9 la mise \u00e0 jour de la <strong>Strat\u00e9gie nationale de lutte contre l\u2019AVC<\/strong>, initialement publi\u00e9e en 2009, qui fixe des objectifs d\u2019am\u00e9lioration \u00e0 tous les niveaux de prise en charge de cette maladie.<\/p>\n\n\n\n<p><strong>La prise en charge de l\u2019AVC doit \u00eatre globale, interdisciplinaire, coordonn\u00e9e et centr\u00e9e sur le patient<\/strong>. Les traitements de neuror\u00e9habilitation et l\u2019accompagnement des patients apr\u00e8s un AVC sont essentiels pour r\u00e9duire le handicap fonctionnel et am\u00e9liorer leur qualit\u00e9 de vie. La r\u00e9\u00e9ducation neuropsychologique permet de travailler sur les d\u00e9ficits cons\u00e9cutifs \u00e0 un AVC.<\/p>\n\n\n\n<p><strong>Selon la zone du syst\u00e8me nerveux central touch\u00e9e, une des cons\u00e9quences possibles d\u2019un AVC est l\u2019<a href=\"https:\/\/neuronup.com\/fr\/troubles-du-langage\/reeducation-orthophonique-pour-les-personnes-atteintes-daphasie\/\">aphasie<\/a><\/strong>, parmi d\u2019autres s\u00e9quelles. Ce trouble se d\u00e9finit comme une alt\u00e9ration de la capacit\u00e9 \u00e0 utiliser le langage, une <a href=\"https:\/\/neuronup.com\/fr\/actualites-de-la-stimulation-cognitive\/troubles-neuro-developpementaux\/les-troubles-specifiques-du-langage-tsl-et-neuronup\/\">pathologie du langage<\/a> entra\u00eenant des difficult\u00e9s \u00e0 lire, \u00e9crire, s\u2019exprimer oralement et\/ou comprendre les messages oraux des autres.<\/p>\n\n\n\n<div style=\"height:50px\" aria-hidden=\"true\" class=\"wp-block-spacer\"><\/div>\n\n\n\n<aside class=\"wp-block-group br-1010 has-primary-background-color has-background has-dark-background has-sm-padding-top has-sm-padding-bottom has-sm-padding-left has-sm-padding-right\"><div class=\"wp-block-group__inner-container is-layout-constrained wp-block-group-is-layout-constrained\">\n<div class=\"wp-block-columns are-vertically-aligned-center is-layout-flex wp-container-core-columns-is-layout-9d6595d7 wp-block-columns-is-layout-flex\">\n<div class=\"wp-block-column is-vertically-aligned-center has-white-color has-text-color has-link-color wp-elements-b4b004db118294f98a75ddcc2b46c883 is-layout-flow wp-block-column-is-layout-flow\" style=\"flex-basis:60%\">\n<p>Obtenez<strong> un PDF d&rsquo;activit\u00e9s imprimables<\/strong> pour travailler avec vos patients souffrant de <strong>l\u00e9sions c\u00e9r\u00e9brales<\/strong><\/p>\n<\/div>\n\n\n\n<div class=\"wp-block-column is-vertically-aligned-center is-layout-flow wp-block-column-is-layout-flow\" style=\"flex-basis:40%\">\n<div class=\"wp-block-buttons is-content-justification-center is-layout-flex wp-container-core-buttons-is-layout-16018d1d wp-block-buttons-is-layout-flex\">\n<div class=\"wp-block-button\" style=\"--button-secondary-color:var(--color-white);--button-secondary-background:var(--color-custom-1);--button-secondary-background-hover:#cc7e00;\"><a class=\"wp-block-button__link button button-secondary     has-link-color wp-element-button\" href=\"https:\/\/neuronup.com\/redirect\/?target=typeform\/w-brain-injury?utm_first_source=Web&#038;utm_first_campaign_name=Worksheets_brain_injury\">Obtenir gratuitement<\/a><\/div>\n\n<\/div>\n<\/div>\n<\/div>\n<\/div><\/aside>\n\n\n\n\n<div style=\"height:50px\" aria-hidden=\"true\" class=\"wp-block-spacer\"><\/div>\n\n\n\n<h2 class=\"wp-block-heading\">Aphasie apr\u00e8s un AVC<\/h2>\n\n\n\n<p><strong>Quels types d\u2019erreurs linguistiques pr\u00e9sentent les patients aphasiques ?<\/strong><\/p>\n\n\n\n<p>Apr\u00e8s un AVC, les patients peuvent rencontrer des difficult\u00e9s de communication verbale, se traduisant par des erreurs dans la production du langage, des troubles de la compr\u00e9hension et\/ou des difficult\u00e9s \u00e0 retrouver les mots (anomie). Parmi les erreurs possibles figurent des erreurs grammaticales, des troubles de l\u2019articulation verbale, des difficult\u00e9s de fluidit\u00e9 dans la production des mots et des troubles de la compr\u00e9hension. Ces troubles sont dus \u00e0 des l\u00e9sions affectant les r\u00e9gions c\u00e9r\u00e9brales impliqu\u00e9es dans le langage.<\/p>\n\n\n\n<p>La capacit\u00e9 verbale est une fonction lat\u00e9ralis\u00e9e. <strong>La majorit\u00e9 des troubles du langage surviennent apr\u00e8s une l\u00e9sion de l\u2019h\u00e9misph\u00e8re gauche du cerveau<\/strong>, aussi bien chez les droitiers que chez les gauchers. En cas de malformation ou de l\u00e9sion de l\u2019h\u00e9misph\u00e8re gauche \u00e0 un stade pr\u00e9coce du d\u00e9veloppement, la dominance du langage peut \u00eatre transf\u00e9r\u00e9e \u00e0 l\u2019h\u00e9misph\u00e8re droit (Vikingstand et al., 2000). Cela illustre le principe de la <strong>neuroplasticit\u00e9 c\u00e9r\u00e9brale<\/strong>, selon lequel le syst\u00e8me nerveux central peut se r\u00e9organiser et redistribuer certaines fonctions dans d\u2019autres r\u00e9gions c\u00e9r\u00e9brales apr\u00e8s une l\u00e9sion.<\/p>\n\n\n\n<h3 class=\"wp-block-heading\">Zones c\u00e9r\u00e9brales impliqu\u00e9es dans le langage<\/h3>\n\n\n\n<p>Les principales zones c\u00e9r\u00e9brales impliqu\u00e9es dans le langage incluent :<\/p>\n\n\n\n<ol class=\"wp-block-list\">\n<li><strong><a href=\"https:\/\/neuronup.com\/fr\/troubles-du-langage\/neuropsychologie-de-laphasie-a-partir-dun-modele-de-processus-aphasie-de-broca-et-aphasie-de-wernicke\/\">L\u2019aire de Broca<\/a><\/strong>, situ\u00e9e dans la partie frontale du cerveau, responsable de la production du langage et de la formation des mots.<\/li>\n\n\n\n<li><strong>L\u2019aire de Wernicke<\/strong>, situ\u00e9e \u00e0 l\u2019arri\u00e8re du cerveau, dans le lobe temporal, et impliqu\u00e9e dans la compr\u00e9hension du langage.<\/li>\n\n\n\n<li><strong>Le gyrus angulaire<\/strong>, situ\u00e9 dans la partie inf\u00e9rieure du lobe pari\u00e9tal, qui joue un r\u00f4le cl\u00e9 dans la lecture et l\u2019\u00e9criture.<\/li>\n<\/ol>\n\n\n\n<p>De mani\u00e8re plus d\u00e9taill\u00e9e, l\u2019organisation neuroanatomique du langage implique :<\/p>\n\n\n\n<ol class=\"wp-block-list\">\n<li><strong>Les aires 44 et 45 de Brodmann ou aire de Broca<\/strong>, situ\u00e9es dans le lobe frontal.<\/li>\n\n\n\n<li><strong>L\u2019aire 22 de Brodmann ou aire de Wernicke<\/strong>, situ\u00e9e dans le lobe temporal.<\/li>\n\n\n\n<li><strong>Les aires 39 et 40 de Brodmann ou jonction pari\u00e9to-temporo-occipitale<\/strong>, situ\u00e9es dans le lobe occipital.<\/li>\n\n\n\n<li><strong>Les aires 17, 18 et 19 de Brodmann, correspondant respectivement aux aires visuelles primaires, secondaires et associatives<\/strong>, situ\u00e9es dans le lobe occipital.<\/li>\n\n\n\n<li><strong>Le cortex pr\u00e9frontal<\/strong>.<\/li>\n\n\n\n<li><strong>Les structures sous-corticales<\/strong>, notamment les ganglions de la base : noyau caud\u00e9, putamen et pallidum.<\/li>\n\n\n\n<li><strong>Les faisceaux de substance blanche<\/strong>, incluant les faisceaux intra- et interh\u00e9misph\u00e9riques.<\/li>\n\n\n\n<li><strong>Le thalamus<\/strong>, plus pr\u00e9cis\u00e9ment les noyaux pulvinar et dorso-m\u00e9dian.<\/li>\n\n\n\n<li><strong>Le m\u00e9senc\u00e9phale, la protub\u00e9rance, le bulbe rachidien, le cervelet et la moelle \u00e9pini\u00e8re<\/strong>.<\/li>\n<\/ol>\n\n\n\n<h3 class=\"wp-block-heading\">Quels types d\u2019aphasies peuvent survenir apr\u00e8s un AVC ?<\/h3>\n\n\n\n<p>Les aphasies peuvent \u00eatre class\u00e9es en :<\/p>\n\n\n\n<ol class=\"wp-block-list\">\n<li><strong>Aphasies p\u00e9risylviennes<\/strong> : la l\u00e9sion est situ\u00e9e autour de la scissure de Sylvius dans l\u2019h\u00e9misph\u00e8re gauche.<\/li>\n\n\n\n<li><strong>Aphasies extrasylviennes<\/strong> (ou transcorticales) : la l\u00e9sion est localis\u00e9e dans la zone vasculaire situ\u00e9e entre les territoires des art\u00e8res c\u00e9r\u00e9brales ant\u00e9rieure et moyenne, ainsi qu\u2019entre l\u2019art\u00e8re c\u00e9r\u00e9brale moyenne et l\u2019art\u00e8re c\u00e9r\u00e9brale post\u00e9rieure.<\/li>\n<\/ol>\n\n\n\n<p>Les aphasies p\u00e9risylviennes incluent l\u2019aphasie de Broca, l\u2019aphasie de conduction et l\u2019aphasie de Wernicke. Les aphasies extrasylviennes comprennent quant \u00e0 elles l\u2019aphasie transcorticale motrice et l\u2019aphasie transcorticale sensorielle.<\/p>\n\n\n\n<p>Les <strong>patients pr\u00e9sentant une l\u00e9sion dans la zone extrasylvienne conservent la capacit\u00e9 de r\u00e9p\u00e9tition, mais leur aptitude \u00e0 nommer les objets est alt\u00e9r\u00e9e<\/strong>. En revanche, les <strong>patients atteints d\u2019une l\u00e9sion p\u00e9risylvienne pr\u00e9sentent g\u00e9n\u00e9ralement une alt\u00e9ration de la r\u00e9p\u00e9tition fluide ou expressive<\/strong>. Ils rencontrent des difficult\u00e9s \u00e0 formuler des phrases bien structur\u00e9es, et leur discours est limit\u00e9 \u00e0 des expressions courtes. Ces patients peuvent lire, mais \u00e9prouvent des difficult\u00e9s \u00e0 \u00e9crire.<\/p>\n\n\n\n<h4 class=\"wp-block-heading\">Aphasie de Broca<\/h4>\n\n\n\n<p>Dans les aphasies motrices, on observe un <strong>trouble de la parole caract\u00e9ris\u00e9 par un langage non fluide, une bonne compr\u00e9hension et une r\u00e9p\u00e9tition normale ou quasi normale<\/strong>. La prosodie, l\u2019articulation et la grammaire sont pr\u00e9serv\u00e9es. Cependant, le patient pr\u00e9sente des latences longues pour initier la parole, des expressions peu \u00e9labor\u00e9es et, parfois, des paraphasies verbales.<\/p>\n\n\n\n<h4 class=\"wp-block-heading\">Aphasie de Wernicke<\/h4>\n\n\n\n<p><strong>Dans l\u2019<a href=\"https:\/\/neuronup.com\/fr\/troubles-du-langage\/aires-de-broca-et-de-wernicke\/\">aphasie de Wernicke<\/a>, la compr\u00e9hension du sens des mots et des phrases est alt\u00e9r\u00e9e.<\/strong> Les patients souffrant de ce type d\u2019aphasie pr\u00e9sentent g\u00e9n\u00e9ralement de graves d\u00e9ficits de compr\u00e9hension, m\u00eame pour des mots isol\u00e9s ou des phrases simples. Cependant, <strong>leur capacit\u00e9 \u00e0 produire un langage oral est pr\u00e9serv\u00e9e<\/strong>.<\/p>\n\n\n\n<p>Les personnes atteintes d\u2019aphasie de Wernicke peuvent produire de nombreuses paroles et parlent souvent en utilisant des phrases grammaticalement correctes avec une prosodie normale. Toutefois, leur discours peut manquer de sens et contenir des mots inexistants ou inappropri\u00e9s.<\/p>\n\n\n\n<p>L\u2019aphasie de Wernicke est \u00e9galement appel\u00e9e <strong>aphasie fluide ou r\u00e9ceptive<\/strong>. La lecture et l\u2019\u00e9criture sont souvent gravement alt\u00e9r\u00e9es.<\/p>\n\n\n\n<h4 class=\"wp-block-heading\">Aphasie de conduction<\/h4>\n\n\n\n<p>L\u2019un des traits distinctifs de l\u2019aphasie de conduction est la difficult\u00e9 \u00e0 r\u00e9p\u00e9ter correctement les mots ou les phrases, bien que la compr\u00e9hension soit relativement pr\u00e9serv\u00e9e et que la production de la parole reste fluide.<\/p>\n\n\n\n<h4 class=\"wp-block-heading\">Aphasie sensorielle<\/h4>\n\n\n\n<p>Les aphasies sensorielles partagent avec les aphasies motrices une bonne conservation de la r\u00e9p\u00e9tition. Le langage conversationnel est fluide, mais marqu\u00e9 par un nombre important de paraphasies et un discours souvent vide de sens. La r\u00e9p\u00e9tition est excellente et on observe fr\u00e9quemment des ph\u00e9nom\u00e8nes d\u2019\u00e9cholalie (r\u00e9p\u00e9tition involontaire des mots entendus).<\/p>\n\n\n\n<div style=\"height:50px\" aria-hidden=\"true\" class=\"wp-block-spacer\"><\/div>\n\n\n\n<figure class=\"wp-block-image size-full is-resized\"><img decoding=\"async\" width=\"655\" height=\"168\" src=\"https:\/\/neuronup.com\/fr\/wp-content\/uploads\/2025\/02\/Aphasie-apres-un-accident-vasculaire-cerebral-AVC.webp\" alt=\"Tableau comparatif des types d\u2019aphasie apr\u00e8s AVC montrant r\u00e9p\u00e9tition, fluidit\u00e9 et compr\u00e9hension, avec codes couleur rouge et vert.\" class=\"wp-image-36997\" style=\"width:800px;height:auto\" srcset=\"https:\/\/neuronup.com\/fr\/wp-content\/uploads\/2025\/02\/Aphasie-apres-un-accident-vasculaire-cerebral-AVC-300x77.webp 300w, https:\/\/neuronup.com\/fr\/wp-content\/uploads\/2025\/02\/Aphasie-apres-un-accident-vasculaire-cerebral-AVC.webp 655w\" sizes=\"(max-width: 655px) 100vw, 655px\" \/><\/figure>\n\n\n\n<div style=\"height:50px\" aria-hidden=\"true\" class=\"wp-block-spacer\"><\/div>\n\n\n\n<h3 class=\"wp-block-heading\">Neuror\u00e9habilitation des aphasies apr\u00e8s un AVC<\/h3>\n\n\n\n<p>Gr\u00e2ce \u00e0 la neuror\u00e9habilitation, il est possible d\u2019intervenir sur ces d\u00e9ficits cons\u00e9cutifs \u00e0 un accident vasculaire c\u00e9r\u00e9bral afin d\u2019en att\u00e9nuer les effets et d\u2019am\u00e9liorer la symptomatologie, avec un impact positif sur l\u2019autonomie et l\u2019ind\u00e9pendance des patients.<\/p>\n\n\n\n<p>La r\u00e9\u00e9ducation du langage doit \u00eatre <strong>abord\u00e9e de mani\u00e8re segment\u00e9e<\/strong>, car elle implique diff\u00e9rentes comp\u00e9tences : expression orale, compr\u00e9hension orale, expression \u00e9crite et compr\u00e9hension \u00e9crite, sans n\u00e9gliger la prosodie, le ton, le rythme ou encore le volume.<\/p>\n\n\n\n<p>Comme mentionn\u00e9 pr\u00e9c\u00e9demment, <strong>le langage est divis\u00e9 en quatre dimensions<\/strong> :<\/p>\n\n\n\n<ol class=\"wp-block-list\">\n<li><strong>Expression orale<\/strong> : toute communication r\u00e9alis\u00e9e par la parole. Elle inclut le langage conversationnel, le langage r\u00e9flexe ou de r\u00e9p\u00e9tition, les s\u00e9quences automatiques, la r\u00e9citation, le chant et le rythme, la d\u00e9nomination et le langage narratif.<\/li>\n\n\n\n<li><strong>Compr\u00e9hension orale<\/strong> : une comp\u00e9tence active qui mobilise des m\u00e9canismes linguistiques et non linguistiques et qui implique la capacit\u00e9 \u00e0 \u00e9couter pour comprendre les messages oraux. Elle comprend l\u2019audition phon\u00e9mique, la compr\u00e9hension des mots, la compr\u00e9hension des phrases simples et complexes, ainsi que la compr\u00e9hension des structures logico-grammaticales.<\/li>\n\n\n\n<li><strong>Expression \u00e9crite<\/strong> : elle consiste \u00e0 exprimer, par des signes conventionnels et de mani\u00e8re structur\u00e9e, une pens\u00e9e ou une id\u00e9e. L\u2019expression \u00e9crite comprend la m\u00e9canique de l\u2019\u00e9criture, l\u2019\u00e9criture s\u00e9ri\u00e9e, la dict\u00e9e de lettres isol\u00e9es, la dict\u00e9e de nombres, la dict\u00e9e de mots et de phrases, la copie, l\u2019identification de mots \u00e9crits, l\u2019\u00e9laboration de phrases et l\u2019\u00e9criture narrative.<\/li>\n\n\n\n<li><strong>Compr\u00e9hension \u00e9crite<\/strong> : il s\u2019agit de la capacit\u00e9 \u00e0 comprendre un texte, aussi bien en ce qui concerne la signification des mots que dans la compr\u00e9hension globale du contenu. Elle inclut la discrimination des symboles et des mots, l\u2019association phon\u00e9tique, ainsi que la lecture de phrases et de paragraphes.<\/li>\n<\/ol>\n\n\n\n<p>Dans le cadre de la r\u00e9\u00e9ducation du langage, qui constitue une fonction cognitive essentielle dans la vie quotidienne, les outils de neuror\u00e9habilitation disponibles en neuropsychologie sont d\u2019une aide pr\u00e9cieuse pour aborder de mani\u00e8re pluridisciplinaire les sympt\u00f4mes r\u00e9sultant d\u2019un accident vasculaire c\u00e9r\u00e9bral (AVC).<\/p>\n\n\n\n<h2 class=\"wp-block-heading\">Bibliographie<\/h2>\n\n\n\n<ul class=\"wp-block-list\">\n<li class=\"has-sm-font-size\">Fern\u00e1ndez, A., Hern\u00e1ndez, T., Simal, P., Castellanos, M., Garc\u00eda, M. (2022). Journ\u00e9e mondiale de l\u2019AVC. <em>Revue espagnole de sant\u00e9 publique<\/em>, 96.<\/li>\n\n\n\n<li class=\"has-sm-font-size\">Minist\u00e8re de la Sant\u00e9, S. D. S. I. (2020). Rapport annuel du Syst\u00e8me National de Sant\u00e9 2020-2021. Rapports, \u00e9tudes et recherches 2022.<\/li>\n\n\n\n<li class=\"has-sm-font-size\">N. Carlson. (2006). Physiologie du comportement. Pearson, Madrid.<\/li>\n\n\n\n<li class=\"has-sm-font-size\">Perea, M.V., Ardilla, A. (2005). Syndromes neuropsychologiques. Amar\u00fa, Salamanque.<\/li>\n\n\n\n<li class=\"has-sm-font-size\">Perea, M.V., Ladera, V., Echeandia, C. (1998). Neuropsychologie, manuel de travail. Amar\u00fa, Salamanque.<\/li>\n\n\n\n<li class=\"has-sm-font-size\">Vikingstad, E. M., Cao, Y., Thomas, A. J., Johnson, A. F., Malik, G. M., Welch, K. M. A. (2000). Dominance h\u00e9misph\u00e9rique du langage chez les patients pr\u00e9sentant des l\u00e9sions cong\u00e9nitales du cerveau \u00e9loquent. <em>Neurosurgery<\/em>, 47, 562\u2013570.<\/li>\n<\/ul>\n\n\n\n<h3 class=\"wp-block-heading\">Si vous avez appr\u00e9ci\u00e9 cet article sur <strong>l\u2019aphasie apr\u00e8s un AVC : causes, types et r\u00e9\u00e9ducation<\/strong>, ces articles de NeuronUP pourraient \u00e9galement vous int\u00e9resser :<\/h3>\n\n\n<div class=\"mai-grid entries entries-grid has-boxed has-image-full\" style=\"--entry-title-font-size:var(--font-size-lg);--align-text:start;--entry-meta-text-align:start;\"><div class=\"entries-wrap has-columns\" style=\"--columns-xs:1\/1;--columns-sm:1\/1;--columns-md:1\/3;--columns-lg:1\/3;--flex-xs:0 0 var(--flex-basis);--flex-sm:0 0 var(--flex-basis);--flex-md:0 0 var(--flex-basis);--flex-lg:0 0 var(--flex-basis);--column-gap:var(--spacing-lg);--row-gap:var(--spacing-lg);--align-columns:start;\"><article class=\"entry entry-grid is-column has-entry-link has-image has-image-first type-post category-avc tag-accident-vasculaire-cerebral tag-activites-de-stimulation-cognitive tag-enfants tag-lesion-cerebrale-acquise\" style=\"--entry-index:1;\" aria-label=\"Atelier cognitif avec NeuronUP pour l&rsquo;intervention en cas d&rsquo;AVC infantile\" itemscope itemtype=\"https:\/\/schema.org\/CreativeWork\"><a class=\"entry-image-link\" href=\"https:\/\/neuronup.com\/fr\/actualites-de-la-stimulation-cognitive\/lesions-cerebrales\/avc\/atelier-cognitif-avec-neuronup-pour-lintervention-de-laccident-vasculaire-cerebral-infantile\/\" tabindex=\"-1\" aria-hidden=\"true\"><img decoding=\"async\" width=\"400\" height=\"222\" src=\"https:\/\/neuronup.com\/fr\/wp-content\/uploads\/2025\/02\/Fase-8-de-la-actividad-de-NeuronUP-Completa-el-puzzle.webp\" class=\"entry-image size-landscape-sm\" alt=\"Puzzle en cours d&#039;assemblage avec pi\u00e8ces dispers\u00e9es; image de r\u00e9f\u00e9rence en bas \u00e0 gauche montrant statues et paysage pastel.\" srcset=\"https:\/\/neuronup.com\/fr\/wp-content\/uploads\/2025\/02\/Fase-8-de-la-actividad-de-NeuronUP-Completa-el-puzzle-300x167.webp 300w, https:\/\/neuronup.com\/fr\/wp-content\/uploads\/2025\/02\/Fase-8-de-la-actividad-de-NeuronUP-Completa-el-puzzle-768x426.webp 768w, https:\/\/neuronup.com\/fr\/wp-content\/uploads\/2025\/02\/Fase-8-de-la-actividad-de-NeuronUP-Completa-el-puzzle-1024x568.webp 1024w, https:\/\/neuronup.com\/fr\/wp-content\/uploads\/2025\/02\/Fase-8-de-la-actividad-de-NeuronUP-Completa-el-puzzle.webp 1216w\" sizes=\"(max-width:599px) 599px, (min-width:600px) and (max-width: 799px) 799px, (min-width:800px) and (max-width: 999px) 333px, (min-width:1000px) 400px\" \/><\/a><div class=\"entry-wrap entry-wrap-grid\"><h3 class=\"entry-title\" itemprop=\"headline\"><a class=\"entry-title-link\" href=\"https:\/\/neuronup.com\/fr\/actualites-de-la-stimulation-cognitive\/lesions-cerebrales\/avc\/atelier-cognitif-avec-neuronup-pour-lintervention-de-laccident-vasculaire-cerebral-infantile\/\" rel=\"bookmark\">Atelier cognitif avec NeuronUP pour l&rsquo;intervention en cas d&rsquo;AVC infantile<\/a><\/h3>\n<\/div><\/article><article class=\"entry entry-grid is-column has-entry-link has-image has-image-first type-post category-avc tag-accident-vasculaire-cerebral\" style=\"--entry-index:2;\" aria-label=\"4 causes peu fr\u00e9quentes d&#8217;AVC\" itemscope itemtype=\"https:\/\/schema.org\/CreativeWork\"><a class=\"entry-image-link\" href=\"https:\/\/neuronup.com\/fr\/actualites-de-la-stimulation-cognitive\/lesions-cerebrales\/avc\/causes-peu-frequentes-de-l-accident-vasculaire-cerebral\/\" tabindex=\"-1\" aria-hidden=\"true\"><img decoding=\"async\" width=\"400\" height=\"267\" src=\"https:\/\/neuronup.com\/fr\/wp-content\/uploads\/2024\/09\/causas-infrecuentes-del-ictus.webp\" class=\"entry-image size-landscape-sm\" alt=\"Images d\u2019IRM c\u00e9r\u00e9brales montrant diverses r\u00e9gions du cerveau avec motifs clairs et sombres, dispos\u00e9es en rang\u00e9es.\" srcset=\"https:\/\/neuronup.com\/fr\/wp-content\/uploads\/2024\/09\/causas-infrecuentes-del-ictus-300x200.webp 300w, https:\/\/neuronup.com\/fr\/wp-content\/uploads\/2024\/09\/causas-infrecuentes-del-ictus-768x512.webp 768w, https:\/\/neuronup.com\/fr\/wp-content\/uploads\/2024\/09\/causas-infrecuentes-del-ictus-1024x683.webp 1024w, https:\/\/neuronup.com\/fr\/wp-content\/uploads\/2024\/09\/causas-infrecuentes-del-ictus.webp 1200w\" sizes=\"(max-width:599px) 599px, (min-width:600px) and (max-width: 799px) 799px, (min-width:800px) and (max-width: 999px) 333px, (min-width:1000px) 400px\" \/><\/a><div class=\"entry-wrap entry-wrap-grid\"><h3 class=\"entry-title\" itemprop=\"headline\"><a class=\"entry-title-link\" href=\"https:\/\/neuronup.com\/fr\/actualites-de-la-stimulation-cognitive\/lesions-cerebrales\/avc\/causes-peu-frequentes-de-l-accident-vasculaire-cerebral\/\" rel=\"bookmark\">4 causes peu fr\u00e9quentes d&#8217;AVC<\/a><\/h3>\n<\/div><\/article><article class=\"entry entry-grid is-column has-entry-link has-image has-image-first type-post category-avc tag-avc tag-lesions-cerebrales tag-lesions-cerebrales-acquises tag-stimulation-cognitive\" style=\"--entry-index:3;\" aria-label=\"AVC et r\u00e9\u00e9ducation cognitive : comment le cerveau peut-il r\u00e9apprendre apr\u00e8s une l\u00e9sion s\u00e9v\u00e8re ?\" itemscope itemtype=\"https:\/\/schema.org\/CreativeWork\"><a class=\"entry-image-link\" href=\"https:\/\/neuronup.com\/fr\/actualites-de-la-stimulation-cognitive\/lesions-cerebrales\/avc\/avc-et-reeducation-cognitive-comment-le-cerveau-peut-il-reapprendre-apres-une-lesion-severe\/\" tabindex=\"-1\" aria-hidden=\"true\"><img decoding=\"async\" width=\"400\" height=\"300\" src=\"https:\/\/neuronup.com\/fr\/wp-content\/uploads\/2025\/03\/AVC-et-reeducation-cognitive-le-cerveau-peut-il-reapprendre-apres-une-lesion-severe-1-400x300.webp\" class=\"entry-image size-landscape-sm\" alt=\"Cerveau stylis\u00e9 flottant entre les mains d&#039;une personne en blouse blanche, illustration futuriste et lumineuse.\" srcset=\"https:\/\/neuronup.com\/fr\/wp-content\/uploads\/2025\/03\/AVC-et-reeducation-cognitive-le-cerveau-peut-il-reapprendre-apres-une-lesion-severe-1-400x300.webp 400w, https:\/\/neuronup.com\/fr\/wp-content\/uploads\/2025\/03\/AVC-et-reeducation-cognitive-le-cerveau-peut-il-reapprendre-apres-une-lesion-severe-1-800x600.webp 800w\" sizes=\"(max-width:599px) 599px, (min-width:600px) and (max-width: 799px) 799px, (min-width:800px) and (max-width: 999px) 333px, (min-width:1000px) 400px\" \/><\/a><div class=\"entry-wrap entry-wrap-grid\"><h3 class=\"entry-title\" itemprop=\"headline\"><a class=\"entry-title-link\" href=\"https:\/\/neuronup.com\/fr\/actualites-de-la-stimulation-cognitive\/lesions-cerebrales\/avc\/avc-et-reeducation-cognitive-comment-le-cerveau-peut-il-reapprendre-apres-une-lesion-severe\/\" rel=\"bookmark\">AVC et r\u00e9\u00e9ducation cognitive : comment le cerveau peut-il r\u00e9apprendre apr\u00e8s une l\u00e9sion s\u00e9v\u00e8re ?<\/a><\/h3>\n<\/div><\/article><article class=\"entry entry-grid is-column has-entry-link has-image has-image-first type-post category-avc tag-aphasie tag-avc tag-langage tag-lesions-cerebrales tag-lesions-cerebrales-acquises\" style=\"--entry-index:4;\" aria-label=\"Aphasie apr\u00e8s un avc : causes, types et r\u00e9\u00e9ducation\" itemscope itemtype=\"https:\/\/schema.org\/CreativeWork\"><a class=\"entry-image-link\" href=\"https:\/\/neuronup.com\/fr\/actualites-de-la-stimulation-cognitive\/lesions-cerebrales\/avc\/aphasie-apres-un-avc-causes-types-et-reeducation\/\" tabindex=\"-1\" aria-hidden=\"true\"><img decoding=\"async\" width=\"400\" height=\"300\" src=\"https:\/\/neuronup.com\/fr\/wp-content\/uploads\/2025\/02\/Aphasie-apres-un-avc-causes-types-et-reeducation-400x300.webp\" class=\"entry-image size-landscape-sm\" alt=\"Sch\u00e9ma illustrant l\u2019aphasie apr\u00e8s AVC avec les principaux types et les axes de r\u00e9\u00e9ducation du langage.\" srcset=\"https:\/\/neuronup.com\/fr\/wp-content\/uploads\/2025\/02\/Aphasie-apres-un-avc-causes-types-et-reeducation-400x300.webp 400w, https:\/\/neuronup.com\/fr\/wp-content\/uploads\/2025\/02\/Aphasie-apres-un-avc-causes-types-et-reeducation-800x600.webp 800w\" sizes=\"(max-width:599px) 599px, (min-width:600px) and (max-width: 799px) 799px, (min-width:800px) and (max-width: 999px) 333px, (min-width:1000px) 400px\" \/><\/a><div class=\"entry-wrap entry-wrap-grid\"><h3 class=\"entry-title\" itemprop=\"headline\"><a class=\"entry-title-link\" href=\"https:\/\/neuronup.com\/fr\/actualites-de-la-stimulation-cognitive\/lesions-cerebrales\/avc\/aphasie-apres-un-avc-causes-types-et-reeducation\/\" rel=\"bookmark\">Aphasie apr\u00e8s un avc : causes, types et r\u00e9\u00e9ducation<\/a><\/h3>\n<\/div><\/article><article class=\"entry entry-grid is-column has-entry-link has-image has-image-first type-post category-avc tag-avc tag-lesions-cerebrales tag-lesions-cerebrales-acquises\" style=\"--entry-index:5;\" aria-label=\"P\u00e9nombre isch\u00e9mique : neuror\u00e9habilitation apr\u00e8s une maladie c\u00e9r\u00e9brovasculaire\" itemscope itemtype=\"https:\/\/schema.org\/CreativeWork\"><a class=\"entry-image-link\" href=\"https:\/\/neuronup.com\/fr\/actualites-de-la-stimulation-cognitive\/lesions-cerebrales\/avc\/penombre-ischemique-neurorehabilitation-apres-une-maladie-cerebrovasculaire\/\" tabindex=\"-1\" aria-hidden=\"true\"><img decoding=\"async\" width=\"400\" height=\"300\" src=\"https:\/\/neuronup.com\/fr\/wp-content\/uploads\/2025\/01\/Penombre-ischemique-neurorehabilitation-apres-une-maladie-cerebrovasculaire-400x300.webp\" class=\"entry-image size-landscape-sm\" alt=\"Cerveau stylis\u00e9 en deux moiti\u00e9s bleu et rouge avec des lignes lumineuses et des motifs ADN en arri\u00e8re-plan, effet moderne.\" srcset=\"https:\/\/neuronup.com\/fr\/wp-content\/uploads\/2025\/01\/Penombre-ischemique-neurorehabilitation-apres-une-maladie-cerebrovasculaire-400x300.webp 400w, https:\/\/neuronup.com\/fr\/wp-content\/uploads\/2025\/01\/Penombre-ischemique-neurorehabilitation-apres-une-maladie-cerebrovasculaire-800x600.webp 800w\" sizes=\"(max-width:599px) 599px, (min-width:600px) and (max-width: 799px) 799px, (min-width:800px) and (max-width: 999px) 333px, (min-width:1000px) 400px\" \/><\/a><div class=\"entry-wrap entry-wrap-grid\"><h3 class=\"entry-title\" itemprop=\"headline\"><a class=\"entry-title-link\" href=\"https:\/\/neuronup.com\/fr\/actualites-de-la-stimulation-cognitive\/lesions-cerebrales\/avc\/penombre-ischemique-neurorehabilitation-apres-une-maladie-cerebrovasculaire\/\" rel=\"bookmark\">P\u00e9nombre isch\u00e9mique : neuror\u00e9habilitation apr\u00e8s une maladie c\u00e9r\u00e9brovasculaire<\/a><\/h3>\n<\/div><\/article><article class=\"entry entry-grid is-column has-entry-link has-image has-image-first type-post category-avc tag-avc tag-rehabilitation-cognitive\" style=\"--entry-index:6;\" aria-label=\"L&#8217;importance de la kin\u00e9sith\u00e9rapie neurologique pour les patients ayant subi un AVC\" itemscope itemtype=\"https:\/\/schema.org\/CreativeWork\"><a class=\"entry-image-link\" href=\"https:\/\/neuronup.com\/fr\/actualites-de-la-stimulation-cognitive\/lesions-cerebrales\/avc\/limportance-de-la-kinesitherapie-neurologique-pour-les-patients-ayant-subi-un-avc\/\" tabindex=\"-1\" aria-hidden=\"true\"><img decoding=\"async\" width=\"400\" height=\"300\" src=\"https:\/\/neuronup.com\/fr\/wp-content\/uploads\/2024\/11\/Limportance-de-la-kinesitherapie-neurologique-pour-les-patients-ayant-subi-un-AVC-400x300.webp\" class=\"entry-image size-landscape-sm\" alt=\"Deux personnes se soutiennent: une main masculine saisit le poignet d&#039;une femme, arri\u00e8re-plan lumineux et apaisant.\" srcset=\"https:\/\/neuronup.com\/fr\/wp-content\/uploads\/2024\/11\/Limportance-de-la-kinesitherapie-neurologique-pour-les-patients-ayant-subi-un-AVC-400x300.webp 400w, https:\/\/neuronup.com\/fr\/wp-content\/uploads\/2024\/11\/Limportance-de-la-kinesitherapie-neurologique-pour-les-patients-ayant-subi-un-AVC-800x600.webp 800w\" sizes=\"(max-width:599px) 599px, (min-width:600px) and (max-width: 799px) 799px, (min-width:800px) and (max-width: 999px) 333px, (min-width:1000px) 400px\" \/><\/a><div class=\"entry-wrap entry-wrap-grid\"><h3 class=\"entry-title\" itemprop=\"headline\"><a class=\"entry-title-link\" href=\"https:\/\/neuronup.com\/fr\/actualites-de-la-stimulation-cognitive\/lesions-cerebrales\/avc\/limportance-de-la-kinesitherapie-neurologique-pour-les-patients-ayant-subi-un-avc\/\" rel=\"bookmark\">L&#8217;importance de la kin\u00e9sith\u00e9rapie neurologique pour les patients ayant subi un AVC<\/a><\/h3>\n<\/div><\/article><\/div><\/div>","protected":false},"excerpt":{"rendered":"<p>Javier Esteban Libiano, neuropsychologue, explique dans cet article ce qu&rsquo;est un accident vasculaire c\u00e9r\u00e9bral (AVC) et quels types d\u2019aphasies peuvent affecter les patients concern\u00e9s. Accident vasculaire c\u00e9r\u00e9bral (AVC) : d\u00e9finition L\u2019AVC ou accident vasculaire c\u00e9r\u00e9bral, commun\u00e9ment appel\u00e9 \u00ab ictus \u00bb, d\u00e9signe tout dysfonctionnement c\u00e9r\u00e9bral caus\u00e9 par une alt\u00e9ration pathologique des vaisseaux sanguins. \u00c0 la suite &hellip;<\/p>\n","protected":false},"author":54,"featured_media":36993,"comment_status":"open","ping_status":"open","sticky":false,"template":"","format":"standard","meta":{"_acf_changed":false,"_genesis_hide_title":false,"_genesis_hide_breadcrumbs":false,"_genesis_hide_singular_image":false,"_genesis_hide_footer_widgets":false,"_genesis_custom_body_class":"","_genesis_custom_post_class":"","_genesis_layout":"","footnotes":""},"categories":[574],"tags":[1010,689,723,863,798],"class_list":{"2":"type-post","7":"category-avc","8":"tag-aphasie","9":"tag-avc","10":"tag-langage","11":"tag-lesions-cerebrales","12":"tag-lesions-cerebrales-acquises","13":"entry"},"acf":[],"_links":{"self":[{"href":"https:\/\/neuronup.com\/fr\/wp-json\/wp\/v2\/posts\/36991","targetHints":{"allow":["GET"]}}],"collection":[{"href":"https:\/\/neuronup.com\/fr\/wp-json\/wp\/v2\/posts"}],"about":[{"href":"https:\/\/neuronup.com\/fr\/wp-json\/wp\/v2\/types\/post"}],"author":[{"embeddable":true,"href":"https:\/\/neuronup.com\/fr\/wp-json\/wp\/v2\/users\/54"}],"replies":[{"embeddable":true,"href":"https:\/\/neuronup.com\/fr\/wp-json\/wp\/v2\/comments?post=36991"}],"version-history":[{"count":0,"href":"https:\/\/neuronup.com\/fr\/wp-json\/wp\/v2\/posts\/36991\/revisions"}],"wp:featuredmedia":[{"embeddable":true,"href":"https:\/\/neuronup.com\/fr\/wp-json\/wp\/v2\/media\/36993"}],"wp:attachment":[{"href":"https:\/\/neuronup.com\/fr\/wp-json\/wp\/v2\/media?parent=36991"}],"wp:term":[{"taxonomy":"category","embeddable":true,"href":"https:\/\/neuronup.com\/fr\/wp-json\/wp\/v2\/categories?post=36991"},{"taxonomy":"post_tag","embeddable":true,"href":"https:\/\/neuronup.com\/fr\/wp-json\/wp\/v2\/tags?post=36991"}],"curies":[{"name":"wp","href":"https:\/\/api.w.org\/{rel}","templated":true}]}}