{"id":36983,"date":"2025-02-03T14:39:42","date_gmt":"2025-02-03T12:39:42","guid":{"rendered":"https:\/\/neuronup.com\/fr\/?p=36983"},"modified":"2025-02-03T14:39:44","modified_gmt":"2025-02-03T12:39:44","slug":"neurochirurgie-eveillee-pour-les-tumeurs-cerebrales-procedure-avantages-et-progres","status":"publish","type":"post","link":"https:\/\/neuronup.com\/fr\/neurosciences\/neurochirurgie-eveillee-pour-les-tumeurs-cerebrales-procedure-avantages-et-progres\/","title":{"rendered":"Neurochirurgie \u00e9veill\u00e9e pour les tumeurs c\u00e9r\u00e9brales : proc\u00e9dure, avantages et progr\u00e8s"},"content":{"rendered":"\n<p class=\"has-xl-font-size\">Claudia Navarro P\u00e9rez, neuropsychologue clinicienne sp\u00e9cialis\u00e9e en neurochirurgie tumorale chez les patients \u00e9veill\u00e9s, expose dans cet article tous les d\u00e9tails concernant la <strong>neurochirurgie des tumeurs c\u00e9r\u00e9brales chez le patient \u00e9veill\u00e9<\/strong>.<\/p>\n\n\n\n<h2 class=\"wp-block-heading\">Qu&rsquo;est-ce que la neurochirurgie des tumeurs c\u00e9r\u00e9brales chez le patient \u00e9veill\u00e9 ?<\/h2>\n\n\n\n<p>La neurochirurgie des tumeurs c\u00e9r\u00e9brales chez le patient \u00e9veill\u00e9, \u00e9galement connue sous le nom de <strong>\u00ab craniotomie en \u00e9tat d&rsquo;\u00e9veil \u00bb<\/strong>, est <strong>l&rsquo;une des techniques les plus complexes et sophistiqu\u00e9es de la m\u00e9decine moderne<\/strong>, con\u00e7ue pour traiter certaines maladies c\u00e9r\u00e9brales (neurologiques), notamment les tumeurs c\u00e9r\u00e9brales. Cette technique permet aux neurochirurgiens d&rsquo;effectuer l&rsquo;extraction chirurgicale tout en s&rsquo;assurant, en perop\u00e9ratoire, de ne pas endommager certaines zones du cerveau gr\u00e2ce \u00e0 une surveillance en temps r\u00e9el alors que le patient est conscient.&nbsp;<\/p>\n\n\n\n<h3 class=\"wp-block-heading\">Proc\u00e9dure de la neurochirurgie chez le patient \u00e9veill\u00e9<\/h3>\n\n\n\n<p>La proc\u00e9dure est adapt\u00e9e aux caract\u00e9ristiques de la tumeur, notamment sa taille, sa localisation et son type, ainsi qu&rsquo;\u00e0 l&rsquo;\u00e9tat g\u00e9n\u00e9ral du patient.<\/p>\n\n\n\n<p><strong>Avant l&rsquo;op\u00e9ration, il sera \u00e9valu\u00e9 si le patient est un candidat pour une neurochirurgie en \u00e9tat d&rsquo;\u00e9veil<\/strong>, en r\u00e9alisant une s\u00e9rie d&rsquo;examens neurologiques et en expliquant les risques et b\u00e9n\u00e9fices de l&rsquo;intervention. En cas de s\u00e9lection, le neuropsychologue effectuera une \u00e9valuation pr\u00e9op\u00e9ratoire afin d&rsquo;\u00e9tablir une base de r\u00e9f\u00e9rence des capacit\u00e9s du patient dans diff\u00e9rentes fonctions. Il est courant d&rsquo;utiliser des tests standardis\u00e9s pour stimuler diff\u00e9rentes zones c\u00e9r\u00e9brales qui doivent \u00eatre pr\u00e9serv\u00e9es.&nbsp;<\/p>\n\n\n\n<p><strong>Pendant la chirurgie, un <a href=\"https:\/\/neuronup.com\/fr\/neuropsychologie-et-informations\/la-neuropsychologie-clinique-dans-levaluation-et-la-preparation-a-la-neurochirurgie-eveillee\/\">cartographie c\u00e9r\u00e9brale<\/a> est r\u00e9alis\u00e9e<\/strong>. Le neurochirurgien utilise cette technique pour \u00e9viter d&rsquo;endommager ces zones et pr\u00e9server les fonctions mentionn\u00e9es pr\u00e9c\u00e9demment. Ainsi, lors de l&rsquo;\u00e9valuation perop\u00e9ratoire, le neuropsychologue peut poser des questions ou demander au patient d&rsquo;identifier des images et des mots, de compter des chiffres ou d&rsquo;effectuer certains mouvements. Les r\u00e9ponses obtenues aident le chirurgien \u00e0 identifier et \u00e9viter les zones fonctionnelles du cerveau. <strong>Apr\u00e8s la chirurgie, le sp\u00e9cialiste demandera une IRM pour s&rsquo;assurer que l&rsquo;ablation de la tumeur est compl\u00e8te<\/strong>.<\/p>\n\n\n\n<p>Apr\u00e8s l&rsquo;op\u00e9ration, le patient restera plusieurs jours en unit\u00e9 de soins intensifs (USI). En g\u00e9n\u00e9ral, il pourra reprendre ses activit\u00e9s quotidiennes dans un d\u00e9lai maximum de six semaines \u00e0 trois mois, p\u00e9riode pendant laquelle il effectuera des contr\u00f4les r\u00e9guliers avec le sp\u00e9cialiste.<\/p>\n\n\n\n<h3 class=\"wp-block-heading\">Types de tumeurs n\u00e9cessitant une neurochirurgie \u00e9veill\u00e9e<\/h3>\n\n\n\n<p>Toutes les tumeurs c\u00e9r\u00e9brales ne n\u00e9cessitent pas une intervention avec le patient \u00e9veill\u00e9. <strong>Cette technique peut \u00eatre appliqu\u00e9e pour<\/strong> :<\/p>\n\n\n\n<ul class=\"wp-block-list\">\n<li>Certains types de tumeurs malignes primaires et m\u00e9tastatiques,<\/li>\n\n\n\n<li>les tumeurs gliales (gliomes de bas et haut grade),<\/li>\n\n\n\n<li>les cavernomes,<\/li>\n\n\n\n<li>et les malformations art\u00e9rioveineuses situ\u00e9es \u00e0 proximit\u00e9 de zones \u00e9loquentes, entre autres.&nbsp;<\/li>\n<\/ul>\n\n\n\n<h3 class=\"wp-block-heading\">B\u00e9n\u00e9fices de la neurochirurgie \u00e9veill\u00e9e<\/h3>\n\n\n\n<p>La neurochirurgie chez le patient \u00e9veill\u00e9 pr\u00e9sente <strong>des avantages significatifs par rapport \u00e0 la neurochirurgie conventionnelle<\/strong>.<\/p>\n\n\n\n<ol class=\"wp-block-list\">\n<li>Tout d&rsquo;abord, la <strong>pr\u00e9servation des fonctions neurologiques<\/strong>. \u00c9tant \u00e9veill\u00e9, le patient peut interagir avec l&rsquo;\u00e9quipe multidisciplinaire, ce qui permet d&rsquo;identifier les zones c\u00e9r\u00e9brales \u00e0 \u00e9viter pendant l&rsquo;op\u00e9ration. Ainsi, le neurochirurgien peut ajuster sa technique pour \u00e9viter les zones critiques et minimiser le risque de dommages neurologiques lors de l&rsquo;extraction de la tumeur.&nbsp;<\/li>\n\n\n\n<li>Ensuite, <strong>des r\u00e9sultats oncologiques am\u00e9lior\u00e9s<\/strong>. L&rsquo;acc\u00e8s pr\u00e9cis \u00e0 la tumeur permet une r\u00e9section totale et s\u00e9curis\u00e9e, r\u00e9duisant ainsi le risque de r\u00e9cidive et am\u00e9liorant le pronostic du patient.<\/li>\n\n\n\n<li>Enfin, une <strong>r\u00e9duction du temps de r\u00e9cup\u00e9ration<\/strong>. En \u00e9vitant une anesth\u00e9sie g\u00e9n\u00e9rale prolong\u00e9e et les risques associ\u00e9s, de nombreux patients connaissent une r\u00e9cup\u00e9ration plus rapide et moins de complications postop\u00e9ratoires.<\/li>\n<\/ol>\n\n\n\n<div style=\"height:50px\" aria-hidden=\"true\" class=\"wp-block-spacer\"><\/div>\n\n\n\n<aside class=\"wp-block-group br-1010 has-primary-background-color has-background has-dark-background has-sm-padding-top has-sm-padding-bottom has-sm-padding-left has-sm-padding-right\"><div class=\"wp-block-group__inner-container is-layout-constrained wp-block-group-is-layout-constrained\">\n<div class=\"wp-block-columns are-vertically-aligned-center is-layout-flex wp-container-core-columns-is-layout-9d6595d7 wp-block-columns-is-layout-flex\">\n<div class=\"wp-block-column is-vertically-aligned-center has-white-color has-text-color has-link-color wp-elements-b4b004db118294f98a75ddcc2b46c883 is-layout-flow wp-block-column-is-layout-flow\" style=\"flex-basis:60%\">\n<p>Obtenez<strong> un PDF d&rsquo;activit\u00e9s imprimables<\/strong> pour travailler avec vos patients souffrant de <strong>l\u00e9sions c\u00e9r\u00e9brales<\/strong><\/p>\n<\/div>\n\n\n\n<div class=\"wp-block-column is-vertically-aligned-center is-layout-flow wp-block-column-is-layout-flow\" style=\"flex-basis:40%\">\n<div class=\"wp-block-buttons is-content-justification-center is-layout-flex wp-container-core-buttons-is-layout-16018d1d wp-block-buttons-is-layout-flex\">\n<div class=\"wp-block-button\" style=\"--button-secondary-color:var(--color-white);--button-secondary-background:var(--color-custom-1);--button-secondary-background-hover:#cc7e00;\"><a class=\"wp-block-button__link button button-secondary     has-link-color wp-element-button\" href=\"https:\/\/neuronup.com\/redirect\/?target=typeform\/w-brain-injury?utm_first_source=Web&#038;utm_first_campaign_name=Worksheets_brain_injury\">Obtenir gratuitement<\/a><\/div>\n\n<\/div>\n<\/div>\n<\/div>\n<\/div><\/aside>\n\n\n\n\n<div style=\"height:50px\" aria-hidden=\"true\" class=\"wp-block-spacer\"><\/div>\n\n\n\n<h2 class=\"wp-block-heading\">Techniques et outils en neurochirurgie \u00e9veill\u00e9e<\/h2>\n\n\n\n<p>La neurochirurgie \u00e9veill\u00e9e <strong>n\u00e9cessite des outils avanc\u00e9s et une \u00e9quipe pluridisciplinaire hautement qualifi\u00e9e<\/strong>. Parmi les techniques et technologies utilis\u00e9es, on retrouve notamment :<\/p>\n\n\n\n<h3 class=\"wp-block-heading\">Cartographie c\u00e9r\u00e9brale<\/h3>\n\n\n\n<p><strong>Technique qui cartographie les zones fonctionnelles du cerveau par stimulation \u00e9lectrique directe<\/strong>, permettant aux chirurgiens d\u2019identifier et d\u2019\u00e9viter les zones critiques gr\u00e2ce \u00e0 des techniques de stimulation et d\u2019identification des structures corticales qui peuvent \u00eatre alt\u00e9r\u00e9es par la tumeur.<\/p>\n\n\n\n<h3 class=\"wp-block-heading\">Neuronavigation<\/h3>\n\n\n\n<p><strong>Syst\u00e8me qui guide le neurochirurgien en temps r\u00e9el \u00e0 l\u2019aide d\u2019images tridimensionnelles du cerveau<\/strong>, offrant une plus grande pr\u00e9cision et un meilleur contr\u00f4le sur la localisation exacte de la tumeur.<\/p>\n\n\n\n<h3 class=\"wp-block-heading\">Surveillance perop\u00e9ratoire<\/h3>\n\n\n\n<p><strong>\u00c9valuation continue des fonctions sp\u00e9cifiques telles que le langage ou la motricit\u00e9 pendant que le patient r\u00e9alise certaines t\u00e2ches<\/strong>. Cela permet \u00e0 l\u2019\u00e9quipe chirurgicale de s\u2019assurer que l\u2019intervention n\u2019affecte pas ces fonctions. Gr\u00e2ce \u00e0 des techniques de stimulation et d\u2019enregistrement, des r\u00e9ponses sont induites afin de surveiller en temps r\u00e9el la fonctionnalit\u00e9 des structures avoisinant la l\u00e9sion. De plus, une sonde de stimulation permet de provoquer des d\u00e9ficits temporaires directement depuis le cortex c\u00e9r\u00e9bral, permettant ainsi d\u2019identifier et de pr\u00e9server ces structures.<\/p>\n\n\n\n<h3 class=\"wp-block-heading\">Stimulation corticale directe<\/h3>\n\n\n\n<p>Gr\u00e2ce \u00e0 <strong>des impulsions \u00e9lectriques<\/strong>, les r\u00e9ponses du patient sont \u00e9valu\u00e9es, ce qui permet d\u2019identifier les zones fonctionnelles avec une plus grande pr\u00e9cision.<\/p>\n\n\n\n<h2 class=\"wp-block-heading\">Traitement post-op\u00e9ratoire apr\u00e8s une neurochirurgie \u00e9veill\u00e9e<\/h2>\n\n\n\n<p>La <strong>r\u00e9cup\u00e9ration<\/strong> apr\u00e8s une neurochirurgie \u00e9veill\u00e9e est g\u00e9n\u00e9ralement <strong>plus rapide et moins compliqu\u00e9e que celle d\u2019autres interventions chirurgicales<\/strong>. Les patients passent g\u00e9n\u00e9ralement un ou deux jours en unit\u00e9 de soins intensifs (USI) pour une surveillance \u00e9troite avant d\u2019\u00eatre transf\u00e9r\u00e9s dans une chambre classique. Le retour aux activit\u00e9s quotidiennes d\u00e9pend de chaque patient, mais beaucoup peuvent reprendre une vie normale en quelques semaines.<\/p>\n\n\n\n<p>Il est courant que les patients ressentent de la fatigue et quelques inconforts post-op\u00e9ratoires, mais comme mentionn\u00e9 pr\u00e9c\u00e9demment, la plupart peuvent retrouver leurs activit\u00e9s normales en quelques semaines.<\/p>\n\n\n\n<p><strong>La <a href=\"https:\/\/neuronup.com\/fr\/la-neuro-reeducation\/\">r\u00e9\u00e9ducation neuropsychologique<\/a> peut \u00eatre n\u00e9cessaire pour aider les patients \u00e0 r\u00e9cup\u00e9rer des fonctions cognitives et motrices affect\u00e9es<\/strong>. De plus, selon le type de tumeur, des traitements compl\u00e9mentaires tels que la radioth\u00e9rapie ou la chimioth\u00e9rapie peuvent \u00eatre requis pour \u00e9liminer tout r\u00e9sidu tumoral et r\u00e9duire le risque de r\u00e9cidive.<\/p>\n\n\n\n<p>En r\u00e9sum\u00e9, le pronostic apr\u00e8s une neurochirurgie d\u00e9pend de plusieurs facteurs, notamment la localisation et le type d\u2019affection trait\u00e9e, ainsi que l\u2019\u00e9tat de sant\u00e9 g\u00e9n\u00e9ral du patient. Cependant, gr\u00e2ce \u00e0 cette technique chirurgicale, de nombreux patients constatent une am\u00e9lioration significative de leur qualit\u00e9 de vie, avec une r\u00e9duction des sympt\u00f4mes neurologiques et une r\u00e9cup\u00e9ration fonctionnelle compl\u00e8te. La r\u00e9\u00e9ducation et le suivi m\u00e9dical sont essentiels pour garantir une r\u00e9cup\u00e9ration optimale. Les avanc\u00e9es technologiques continuent d\u2019am\u00e9liorer les r\u00e9sultats et le pronostic des patients op\u00e9r\u00e9s par neurochirurgie.<\/p>\n\n\n\n<div style=\"height:50px\" aria-hidden=\"true\" class=\"wp-block-spacer\"><\/div>\n\n\n\n<div class=\"wp-block-group\"><div class=\"wp-block-group__inner-container is-layout-constrained wp-block-group-is-layout-constrained\">\n<div class=\"wp-block-columns is-layout-flex wp-container-core-columns-is-layout-9d6595d7 wp-block-columns-is-layout-flex\">\n<div class=\"wp-block-column is-vertically-aligned-stretch br-0111 p-5 particle-bg anims-fadein-up has-primary-background-color has-background is-layout-flow wp-block-column-is-layout-flow\">\n<h2 class=\"wp-block-heading has-white-color has-text-color\">En savoir plus sur <br><strong>NeuronUP<\/strong><\/h2>\n\n\n\n<div class=\"wp-block-buttons is-layout-flex wp-block-buttons-is-layout-flex\">\n<div class=\"wp-block-button--1\" style=\"--button-outline-color:var(--color-white);--button-outline-color-hover:rgba(0,0,0,0.8);\"><a class=\"wp-block-button__link button button-outline   wp-element-button\" href=\"https:\/\/neuronup.com\/fr\/demande-informations\/\">Demander des informations<\/a><\/div>\n\n<\/div>\n<\/div>\n\n\n\n<div class=\"wp-block-column is-vertically-aligned-stretch br-0111 p-5 particle-bg anims-fadein-up has-primary-background-color has-background is-layout-flow wp-block-column-is-layout-flow\">\n<h2 class=\"wp-block-heading has-white-color has-text-color\">Essayez-le gratuitement<\/h2>\n\n\n\n<p class=\"has-white-color has-text-color\">La plateforme que plus de <strong>7 000 professionnels<\/strong> utilisent chaque jour<\/p>\n\n\n\n<div class=\"wp-block-buttons is-layout-flex wp-block-buttons-is-layout-flex\">\n<div class=\"wp-block-button orange-button\" style=\"--button-background:var(--color-custom-1);--button-background-hover:#cc7e00;\"><a class=\"wp-block-button__link button   wp-element-button\" href=\"https:\/\/neuronup.com\/fr\/landing\/\">Demander un essai<img decoding=\"async\" class=\"wp-image-18719\" style=\"width: 8px;\" src=\"\/wp-content\/uploads\/2022\/v3\/icon_rightArrow-white.svg\"><\/a><\/div>\n\n<\/div>\n<\/div>\n<\/div>\n<\/div><\/div>\n\n\n\n<div style=\"height:50px\" aria-hidden=\"true\" class=\"wp-block-spacer\"><\/div>\n\n\n\n<h2 class=\"wp-block-heading\">D\u00e9fis et avanc\u00e9es en neurochirurgie \u00e9veill\u00e9e pour les tumeurs c\u00e9r\u00e9brales<\/h2>\n\n\n\n<p>La neurochirurgie \u00e9veill\u00e9e pour les tumeurs c\u00e9r\u00e9brales pr\u00e9sente <strong>des d\u00e9fis \u00e0 la fois techniques et humains<\/strong>. La n\u00e9cessit\u00e9 d&rsquo;une extr\u00eame pr\u00e9cision, la coordination minutieuse avec l&rsquo;\u00e9quipe m\u00e9dicale et la communication continue avec le patient exigent un environnement chirurgical soigneusement contr\u00f4l\u00e9. Malgr\u00e9 ces d\u00e9fis, les progr\u00e8s technologiques et les nouvelles techniques chirurgicales ont permis d&rsquo;am\u00e9liorer consid\u00e9rablement les r\u00e9sultats.<\/p>\n\n\n\n<p>Parmi les avanc\u00e9es r\u00e9centes, on retrouve :<\/p>\n\n\n\n<ul class=\"wp-block-list\">\n<li><strong>Imagerie avanc\u00e9e<\/strong> : Des outils comme l\u2019imagerie par r\u00e9sonance magn\u00e9tique fonctionnelle et la tractographie ont am\u00e9lior\u00e9 la pr\u00e9cision de la planification pr\u00e9op\u00e9ratoire.<\/li>\n\n\n\n<li><strong>R\u00e9alit\u00e9 augment\u00e9e<\/strong> : La r\u00e9alit\u00e9 augment\u00e9e permet aux chirurgiens de cr\u00e9er des cartes c\u00e9r\u00e9brales en temps r\u00e9el, en visualisant les structures internes pendant la r\u00e9section tumorale.<\/li>\n\n\n\n<li><strong>Techniques d\u2019intelligence artificielle<\/strong> : Elles facilitent l\u2019analyse de vastes quantit\u00e9s de donn\u00e9es de patients et permettent une personnalisation accrue des interventions, en s\u2019adaptant aux sp\u00e9cificit\u00e9s de chaque cas.<\/li>\n<\/ul>\n\n\n\n<h2 class=\"wp-block-heading\">Techniques avanc\u00e9es de neuroimagerie<\/h2>\n\n\n\n<p>Le diagnostic des tumeurs c\u00e9r\u00e9brales a consid\u00e9rablement progress\u00e9 gr\u00e2ce aux techniques avanc\u00e9es de neuroimagerie :<\/p>\n\n\n\n<ol class=\"wp-block-list\">\n<li><strong>Imagerie par r\u00e9sonance magn\u00e9tique (IRM)<\/strong> et <strong>tomographie par \u00e9mission de positrons (TEP)<\/strong> : Ces techniques permettent non seulement d\u2019identifier la pr\u00e9sence d\u2019une tumeur, mais aussi d\u2019\u00e9valuer son m\u00e9tabolisme, son agressivit\u00e9 et son impact sur les zones critiques du cerveau.<\/li>\n\n\n\n<li><strong>Spectroscopie par IRM<\/strong> : Elle permet de diff\u00e9rencier le tissu tumoral des cicatrices postop\u00e9ratoires, tandis que la tractographie permet de visualiser les voies neuronales afin de planifier l\u2019intervention chirurgicale.<\/li>\n\n\n\n<li><strong>Neuronavigation assist\u00e9e par imagerie<\/strong> : L&rsquo;un des d\u00e9veloppements les plus prometteurs en neuro-oncologie. Cet outil utilise des mod\u00e8les tridimensionnels bas\u00e9s sur des images pr\u00e9op\u00e9ratoires pour guider les neurochirurgiens pendant l&rsquo;intervention, augmentant ainsi la pr\u00e9cision et r\u00e9duisant le risque de l\u00e9sions dans les zones fonctionnelles du cerveau.<\/li>\n\n\n\n<li><strong>Utilisation de biomarqueurs liquides<\/strong> : La d\u00e9tection d\u2019ADN tumoral circulant dans le liquide c\u00e9phalo-rachidien \u00e9merge comme une m\u00e9thode non invasive pour surveiller l\u2019\u00e9volution de la maladie et la r\u00e9ponse au traitement.<\/li>\n<\/ol>\n\n\n\n<p>Gr\u00e2ce aux avanc\u00e9es technologiques, les techniques chirurgicales modernes en neurochirurgie ont consid\u00e9rablement r\u00e9duit les risques et am\u00e9lior\u00e9 les r\u00e9sultats pour les patients. En offrant une plus grande pr\u00e9cision, elles permettent de minimiser les dommages aux tissus c\u00e9r\u00e9braux sains. De plus, la r\u00e9cup\u00e9ration postop\u00e9ratoire est plus rapide et avec moins de complications.<\/p>\n\n\n\n<h2 class=\"wp-block-heading\">Conclusion<\/h2>\n\n\n\n<p>La neurochirurgie pour les tumeurs c\u00e9r\u00e9brales chez le patient \u00e9veill\u00e9 est une <strong>option s\u00fbre et efficace pour traiter les tumeurs situ\u00e9es dans des zones sensibles du cerveau<\/strong>. Gr\u00e2ce \u00e0 sa capacit\u00e9 \u00e0 pr\u00e9server les fonctions neurologiques et \u00e0 minimiser son impact sur la qualit\u00e9 de vie des patients, cette technique devient progressivement le traitement de r\u00e9f\u00e9rence pour certaines tumeurs c\u00e9r\u00e9brales. Avec les avanc\u00e9es continues en mati\u00e8re de technologies et de techniques, l&rsquo;avenir de la neurochirurgie \u00e9veill\u00e9e s&rsquo;annonce encore plus pr\u00e9cis et s\u00e9curis\u00e9, offrant un nouvel espoir aux patients atteints de tumeurs c\u00e9r\u00e9brales situ\u00e9es dans des zones critiques.<\/p>\n\n\n\n<h2 class=\"wp-block-heading\">Bibliographie<\/h2>\n\n\n\n<ul class=\"wp-block-list\">\n<li class=\"has-sm-font-size\">Abdulrauf SI, Urquiaga JF, Patel R, Albers JA, Sampat VB, Baumer M, et al. Awake microvascular decompression for trigeminal neuralgia: concept and initial results. World Neurosurg. 2018;113: e309-e313.<\/li>\n\n\n\n<li class=\"has-sm-font-size\">Barbara Woodward Lips Patient Education Center. Surgical treatment for seizures. Rochester, Minn.: Mayo Foundation for Medical Education and Research; 2004.<\/li>\n\n\n\n<li class=\"has-sm-font-size\">Brydges G, et al. Awake craniotomy: A practice overview. American Association of Nurse Anesthetists. 2012;80:61.<\/li>\n\n\n\n<li class=\"has-sm-font-size\">Huncke K, Van de Wiele B, Fried I, Rubinstein EH. The asleep-awake-asleep anesthetic technique for intraoperative language mapping. Neurosurgery. 1998;42:1312-1316.<\/li>\n\n\n\n<li class=\"has-sm-font-size\">Jaramillo MJ. Anestesia para craneotom\u00eda con el paciente despierto. Rev Mex Anest. 2009;32:S77-S78.<\/li>\n\n\n\n<li class=\"has-sm-font-size\">Meng L, McDonagh DL, Berger MS, Gelb AW. Anesthesia for awake craniotomy: a how-to guide for the occasional practitioner. Can J Anaesth. 2017;64:517-529.<\/li>\n\n\n\n<li class=\"has-sm-font-size\">Ram\u00edrez-Segura EH. Anestesia para craneotom\u00eda con el paciente despierto: T\u00e9cnica dormido-despierto-dormido. Rev Mex Anest. 2014;37:48-52.<\/li>\n\n\n\n<li class=\"has-sm-font-size\">Riggin, EA. Allscripts EPSi. Mayo Clinic, Rochester, Minn. June 26, 2016.<\/li>\n<\/ul>\n\n\n\n<h3 class=\"wp-block-heading\">Si vous avez appr\u00e9ci\u00e9 cet article de blog sur la <strong>neurochirurgie des tumeurs c\u00e9r\u00e9brales chez le patient \u00e9veill\u00e9 : proc\u00e9dure, b\u00e9n\u00e9fices et avanc\u00e9es<\/strong>, vous pourriez \u00e9galement \u00eatre int\u00e9ress\u00e9 par ces articles de NeuronUP :<\/h3>\n\n\n<div class=\"mai-grid entries entries-grid has-boxed has-image-full\" style=\"--entry-title-font-size:var(--font-size-lg);--align-text:start;--entry-meta-text-align:start;\"><div class=\"entries-wrap has-columns\" style=\"--columns-xs:1\/1;--columns-sm:1\/1;--columns-md:1\/3;--columns-lg:1\/3;--flex-xs:0 0 var(--flex-basis);--flex-sm:0 0 var(--flex-basis);--flex-md:0 0 var(--flex-basis);--flex-lg:0 0 var(--flex-basis);--column-gap:var(--spacing-lg);--row-gap:var(--spacing-lg);--align-columns:start;\"><article class=\"entry entry-grid is-column has-entry-link has-image has-image-first type-post category-cerveau tag-activites-de-stimulation-cognitive tag-cerveau\" style=\"--entry-index:1;\" aria-label=\"Audition et cerveau : la relation entre la perte auditive et les fonctions cognitives\" itemscope itemtype=\"https:\/\/schema.org\/CreativeWork\"><a class=\"entry-image-link\" href=\"https:\/\/neuronup.com\/fr\/neurosciences\/cerveau\/audition-et-cerveau-la-relation-entre-la-perte-auditive-et-les-fonctions-cognitives\/\" tabindex=\"-1\" aria-hidden=\"true\"><img decoding=\"async\" width=\"400\" height=\"267\" src=\"https:\/\/neuronup.com\/fr\/wp-content\/uploads\/2025\/02\/Audicion-y-cerebro-La-relacion-entre-la-perdida-auditiva-y-las-funciones-cognitivas-NeuronUP.webp\" class=\"entry-image size-landscape-sm\" alt=\"Illustration conceptuelle montrant le lien entre perte auditive et fonctions cognitives, avec symboles d&#039;oreille et cerveau.\" srcset=\"https:\/\/neuronup.com\/fr\/wp-content\/uploads\/2025\/02\/Audicion-y-cerebro-La-relacion-entre-la-perdida-auditiva-y-las-funciones-cognitivas-NeuronUP-300x200.webp 300w, https:\/\/neuronup.com\/fr\/wp-content\/uploads\/2025\/02\/Audicion-y-cerebro-La-relacion-entre-la-perdida-auditiva-y-las-funciones-cognitivas-NeuronUP-768x512.webp 768w, https:\/\/neuronup.com\/fr\/wp-content\/uploads\/2025\/02\/Audicion-y-cerebro-La-relacion-entre-la-perdida-auditiva-y-las-funciones-cognitivas-NeuronUP-1024x683.webp 1024w, https:\/\/neuronup.com\/fr\/wp-content\/uploads\/2025\/02\/Audicion-y-cerebro-La-relacion-entre-la-perdida-auditiva-y-las-funciones-cognitivas-NeuronUP.webp 1200w\" sizes=\"(max-width:599px) 599px, (min-width:600px) and (max-width: 799px) 799px, (min-width:800px) and (max-width: 999px) 333px, (min-width:1000px) 400px\" \/><\/a><div class=\"entry-wrap entry-wrap-grid\"><h3 class=\"entry-title\" itemprop=\"headline\"><a class=\"entry-title-link\" href=\"https:\/\/neuronup.com\/fr\/neurosciences\/cerveau\/audition-et-cerveau-la-relation-entre-la-perte-auditive-et-les-fonctions-cognitives\/\" rel=\"bookmark\">Audition et cerveau : la relation entre la perte auditive et les fonctions cognitives<\/a><\/h3>\n<\/div><\/article><article class=\"entry entry-grid is-column has-entry-link has-image has-image-first type-post category-memoire tag-memoire\" style=\"--entry-index:2;\" aria-label=\"M\u00e9moire incarn\u00e9e : Influence de la posture corporelle sur la m\u00e9moire autobiographique\" itemscope itemtype=\"https:\/\/schema.org\/CreativeWork\"><a class=\"entry-image-link\" href=\"https:\/\/neuronup.com\/fr\/neurosciences\/neuropsychologie-et-informations\/memoire\/memoire-incarnee\/\" tabindex=\"-1\" aria-hidden=\"true\"><img decoding=\"async\" width=\"400\" height=\"267\" src=\"https:\/\/neuronup.com\/fr\/wp-content\/uploads\/2024\/10\/Memoria-corporizada.webp\" class=\"entry-image size-landscape-sm\" alt=\"Deux pi\u00e8ces de puzzle forment la silhouette de deux cerveaux, l\u2019un orange et l\u2019autre blanc, sur un fond orange uni.\" srcset=\"https:\/\/neuronup.com\/fr\/wp-content\/uploads\/2024\/10\/Memoria-corporizada-300x200.webp 300w, https:\/\/neuronup.com\/fr\/wp-content\/uploads\/2024\/10\/Memoria-corporizada-768x512.webp 768w, https:\/\/neuronup.com\/fr\/wp-content\/uploads\/2024\/10\/Memoria-corporizada-1024x683.webp 1024w, https:\/\/neuronup.com\/fr\/wp-content\/uploads\/2024\/10\/Memoria-corporizada.webp 1200w\" sizes=\"(max-width:599px) 599px, (min-width:600px) and (max-width: 799px) 799px, (min-width:800px) and (max-width: 999px) 333px, (min-width:1000px) 400px\" \/><\/a><div class=\"entry-wrap entry-wrap-grid\"><h3 class=\"entry-title\" itemprop=\"headline\"><a class=\"entry-title-link\" href=\"https:\/\/neuronup.com\/fr\/neurosciences\/neuropsychologie-et-informations\/memoire\/memoire-incarnee\/\" rel=\"bookmark\">M\u00e9moire incarn\u00e9e : Influence de la posture corporelle sur la m\u00e9moire autobiographique<\/a><\/h3>\n<\/div><\/article><article class=\"entry entry-grid is-column has-entry-link has-image has-image-first type-post category-memoire tag-memoire\" style=\"--entry-index:3;\" aria-label=\"Le ph\u00e9nom\u00e8ne de la confabulation (Vol. II) : mod\u00e8les th\u00e9oriques\" itemscope itemtype=\"https:\/\/schema.org\/CreativeWork\"><a class=\"entry-image-link\" href=\"https:\/\/neuronup.com\/fr\/neurosciences\/neuropsychologie-et-informations\/memoire\/confabulation-modeles-theoriques-temporalite-et-modeles-de-recuperation\/\" tabindex=\"-1\" aria-hidden=\"true\"><img decoding=\"async\" width=\"400\" height=\"267\" src=\"https:\/\/neuronup.com\/fr\/wp-content\/uploads\/2024\/10\/El-fenomeno-de-la-confabulacion.webp\" class=\"entry-image size-landscape-sm\" alt=\"Homme au premier plan, main au menton, entour\u00e9 de deux femmes observatrices lors d&#039;une discussion de groupe en salle lumineuse.\" srcset=\"https:\/\/neuronup.com\/fr\/wp-content\/uploads\/2024\/10\/El-fenomeno-de-la-confabulacion-300x200.webp 300w, https:\/\/neuronup.com\/fr\/wp-content\/uploads\/2024\/10\/El-fenomeno-de-la-confabulacion-768x512.webp 768w, https:\/\/neuronup.com\/fr\/wp-content\/uploads\/2024\/10\/El-fenomeno-de-la-confabulacion-1024x683.webp 1024w, https:\/\/neuronup.com\/fr\/wp-content\/uploads\/2024\/10\/El-fenomeno-de-la-confabulacion.webp 1200w\" sizes=\"(max-width:599px) 599px, (min-width:600px) and (max-width: 799px) 799px, (min-width:800px) and (max-width: 999px) 333px, (min-width:1000px) 400px\" \/><\/a><div class=\"entry-wrap entry-wrap-grid\"><h3 class=\"entry-title\" itemprop=\"headline\"><a class=\"entry-title-link\" href=\"https:\/\/neuronup.com\/fr\/neurosciences\/neuropsychologie-et-informations\/memoire\/confabulation-modeles-theoriques-temporalite-et-modeles-de-recuperation\/\" rel=\"bookmark\">Le ph\u00e9nom\u00e8ne de la confabulation (Vol. II) : mod\u00e8les th\u00e9oriques<\/a><\/h3>\n<\/div><\/article><article class=\"entry entry-grid is-column has-entry-link has-image has-image-first type-post category-fonctions-executives tag-enfants tag-fonctions-executives\" style=\"--entry-index:4;\" aria-label=\"Mod\u00e8le des fonctions ex\u00e9cutives fond\u00e9 sur des analyses factorielles dans la population infantile et scolaire : m\u00e9ta-analyse\" itemscope itemtype=\"https:\/\/schema.org\/CreativeWork\"><a class=\"entry-image-link\" href=\"https:\/\/neuronup.com\/fr\/neurosciences\/neuropsychologie-et-informations\/fonctions-executives\/modele-de-fonctions-executives-base-sur-analyses-factorielles-dans-la-population-infantile-et-scolaire\/\" tabindex=\"-1\" aria-hidden=\"true\"><img decoding=\"async\" width=\"400\" height=\"300\" src=\"https:\/\/neuronup.com\/fr\/wp-content\/uploads\/2022\/02\/everyone-knows-right-answear-400x300-1-1.webp\" class=\"entry-image size-landscape-sm\" alt=\"Classe scolaire avec \u00e9l\u00e8ves \u00e0 leurs bureaux et enseignante au tableau; d\u00e9corations color\u00e9es et ambiance d&#039;apprentissage.\" srcset=\"https:\/\/neuronup.com\/fr\/wp-content\/uploads\/2022\/02\/everyone-knows-right-answear-400x300-1-1-300x225.webp 300w, https:\/\/neuronup.com\/fr\/wp-content\/uploads\/2022\/02\/everyone-knows-right-answear-400x300-1-1-768x576.webp 768w, https:\/\/neuronup.com\/fr\/wp-content\/uploads\/2022\/02\/everyone-knows-right-answear-400x300-1-1-1024x768.webp 1024w, https:\/\/neuronup.com\/fr\/wp-content\/uploads\/2022\/02\/everyone-knows-right-answear-400x300-1-1.webp 1200w\" sizes=\"(max-width:599px) 599px, (min-width:600px) and (max-width: 799px) 799px, (min-width:800px) and (max-width: 999px) 333px, (min-width:1000px) 400px\" \/><\/a><div class=\"entry-wrap entry-wrap-grid\"><h3 class=\"entry-title\" itemprop=\"headline\"><a class=\"entry-title-link\" href=\"https:\/\/neuronup.com\/fr\/neurosciences\/neuropsychologie-et-informations\/fonctions-executives\/modele-de-fonctions-executives-base-sur-analyses-factorielles-dans-la-population-infantile-et-scolaire\/\" rel=\"bookmark\">Mod\u00e8le des fonctions ex\u00e9cutives fond\u00e9 sur des analyses factorielles dans la population infantile et scolaire : m\u00e9ta-analyse<\/a><\/h3>\n<\/div><\/article><article class=\"entry entry-grid is-column has-entry-link has-image has-image-first type-post category-neuropsychologie-et-informations tag-neuropsychologie\" style=\"--entry-index:5;\" aria-label=\"La clinique neuropsychologique : qu&rsquo;est-ce que c&rsquo;est, m\u00e9thodologie et objectifs\" itemscope itemtype=\"https:\/\/schema.org\/CreativeWork\"><a class=\"entry-image-link\" href=\"https:\/\/neuronup.com\/fr\/neurosciences\/neuropsychologie-et-informations\/la-clinique-neuropsychologique-quest-ce-que-cest-methodologie-et-objectifs\/\" tabindex=\"-1\" aria-hidden=\"true\"><img decoding=\"async\" width=\"400\" height=\"200\" src=\"https:\/\/neuronup.com\/fr\/wp-content\/uploads\/2024\/09\/una-nina-trabajando-con-NeuronUP.webp\" class=\"entry-image size-landscape-sm\" alt=\"Jeune fille assise devant un ordinateur portable affichant un fond bleu avec des cercles color\u00e9s, concentr\u00e9e sur l&#039;\u00e9cran.\" srcset=\"https:\/\/neuronup.com\/fr\/wp-content\/uploads\/2024\/09\/una-nina-trabajando-con-NeuronUP-300x150.webp 300w, https:\/\/neuronup.com\/fr\/wp-content\/uploads\/2024\/09\/una-nina-trabajando-con-NeuronUP-768x384.webp 768w, https:\/\/neuronup.com\/fr\/wp-content\/uploads\/2024\/09\/una-nina-trabajando-con-NeuronUP-1024x512.webp 1024w, https:\/\/neuronup.com\/fr\/wp-content\/uploads\/2024\/09\/una-nina-trabajando-con-NeuronUP.webp 1350w\" sizes=\"(max-width:599px) 599px, (min-width:600px) and (max-width: 799px) 799px, (min-width:800px) and (max-width: 999px) 333px, (min-width:1000px) 400px\" \/><\/a><div class=\"entry-wrap entry-wrap-grid\"><h3 class=\"entry-title\" itemprop=\"headline\"><a class=\"entry-title-link\" href=\"https:\/\/neuronup.com\/fr\/neurosciences\/neuropsychologie-et-informations\/la-clinique-neuropsychologique-quest-ce-que-cest-methodologie-et-objectifs\/\" rel=\"bookmark\">La clinique neuropsychologique : qu&rsquo;est-ce que c&rsquo;est, m\u00e9thodologie et objectifs<\/a><\/h3>\n<\/div><\/article><article class=\"entry entry-grid is-column has-entry-link has-image has-image-first type-post category-fonctions-executives tag-fonctions-executives\" style=\"--entry-index:6;\" aria-label=\"Comment l&#8217;insomnie affecte-t-elle nos fonctions ex\u00e9cutives ?\" itemscope itemtype=\"https:\/\/schema.org\/CreativeWork\"><a class=\"entry-image-link\" href=\"https:\/\/neuronup.com\/fr\/neurosciences\/neuropsychologie-et-informations\/fonctions-executives\/comment-linsomnie-affecte-t-elle-nos-fonctions-executives\/\" tabindex=\"-1\" aria-hidden=\"true\"><img decoding=\"async\" width=\"400\" height=\"225\" src=\"https:\/\/neuronup.com\/fr\/wp-content\/uploads\/2024\/09\/insomnio-mujer-sin-dormir.webp\" class=\"entry-image size-landscape-sm\" alt=\"Personne allong\u00e9e dans un lit, se tenant la t\u00eate avec les mains, expression de malaise, draps et oreillers.\" srcset=\"https:\/\/neuronup.com\/fr\/wp-content\/uploads\/2024\/09\/insomnio-mujer-sin-dormir-300x169.webp 300w, https:\/\/neuronup.com\/fr\/wp-content\/uploads\/2024\/09\/insomnio-mujer-sin-dormir-768x432.webp 768w, https:\/\/neuronup.com\/fr\/wp-content\/uploads\/2024\/09\/insomnio-mujer-sin-dormir-1024x576.webp 1024w, https:\/\/neuronup.com\/fr\/wp-content\/uploads\/2024\/09\/insomnio-mujer-sin-dormir.webp 1200w\" sizes=\"(max-width:599px) 599px, (min-width:600px) and (max-width: 799px) 799px, (min-width:800px) and (max-width: 999px) 333px, (min-width:1000px) 400px\" \/><\/a><div class=\"entry-wrap entry-wrap-grid\"><h3 class=\"entry-title\" itemprop=\"headline\"><a class=\"entry-title-link\" href=\"https:\/\/neuronup.com\/fr\/neurosciences\/neuropsychologie-et-informations\/fonctions-executives\/comment-linsomnie-affecte-t-elle-nos-fonctions-executives\/\" rel=\"bookmark\">Comment l&#8217;insomnie affecte-t-elle nos fonctions ex\u00e9cutives ?<\/a><\/h3>\n<\/div><\/article><\/div><\/div>","protected":false},"excerpt":{"rendered":"<p>Claudia Navarro P\u00e9rez, neuropsychologue clinicienne sp\u00e9cialis\u00e9e en neurochirurgie tumorale chez les patients \u00e9veill\u00e9s, expose dans cet article tous les d\u00e9tails concernant la neurochirurgie des tumeurs c\u00e9r\u00e9brales chez le patient \u00e9veill\u00e9. Qu&rsquo;est-ce que la neurochirurgie des tumeurs c\u00e9r\u00e9brales chez le patient \u00e9veill\u00e9 ? La neurochirurgie des tumeurs c\u00e9r\u00e9brales chez le patient \u00e9veill\u00e9, \u00e9galement connue sous le &hellip;<\/p>\n","protected":false},"author":293,"featured_media":36984,"comment_status":"open","ping_status":"open","sticky":false,"template":"","format":"standard","meta":{"_acf_changed":false,"_genesis_hide_title":false,"_genesis_hide_breadcrumbs":false,"_genesis_hide_singular_image":false,"_genesis_hide_footer_widgets":false,"_genesis_custom_body_class":"","_genesis_custom_post_class":"","_genesis_layout":"","footnotes":""},"categories":[608],"tags":[922],"class_list":{"2":"type-post","7":"category-neurosciences","8":"tag-neurosciences","9":"entry"},"acf":[],"_links":{"self":[{"href":"https:\/\/neuronup.com\/fr\/wp-json\/wp\/v2\/posts\/36983","targetHints":{"allow":["GET"]}}],"collection":[{"href":"https:\/\/neuronup.com\/fr\/wp-json\/wp\/v2\/posts"}],"about":[{"href":"https:\/\/neuronup.com\/fr\/wp-json\/wp\/v2\/types\/post"}],"author":[{"embeddable":true,"href":"https:\/\/neuronup.com\/fr\/wp-json\/wp\/v2\/users\/293"}],"replies":[{"embeddable":true,"href":"https:\/\/neuronup.com\/fr\/wp-json\/wp\/v2\/comments?post=36983"}],"version-history":[{"count":0,"href":"https:\/\/neuronup.com\/fr\/wp-json\/wp\/v2\/posts\/36983\/revisions"}],"wp:featuredmedia":[{"embeddable":true,"href":"https:\/\/neuronup.com\/fr\/wp-json\/wp\/v2\/media\/36984"}],"wp:attachment":[{"href":"https:\/\/neuronup.com\/fr\/wp-json\/wp\/v2\/media?parent=36983"}],"wp:term":[{"taxonomy":"category","embeddable":true,"href":"https:\/\/neuronup.com\/fr\/wp-json\/wp\/v2\/categories?post=36983"},{"taxonomy":"post_tag","embeddable":true,"href":"https:\/\/neuronup.com\/fr\/wp-json\/wp\/v2\/tags?post=36983"}],"curies":[{"name":"wp","href":"https:\/\/api.w.org\/{rel}","templated":true}]}}