{"id":36947,"date":"2025-01-28T17:20:32","date_gmt":"2025-01-28T15:20:32","guid":{"rendered":"https:\/\/neuronup.com\/fr\/?p=36947"},"modified":"2025-01-28T18:26:14","modified_gmt":"2025-01-28T16:26:14","slug":"temoignages-reels-de-nos-clients","status":"publish","type":"post","link":"https:\/\/neuronup.com\/fr\/actualites-de-la-stimulation-cognitive\/temoignages\/temoignages-reels-de-nos-clients\/","title":{"rendered":"T\u00e9moignages r\u00e9els de nos clients"},"content":{"rendered":"\n<p class=\"has-xl-font-size\">Pendant ces f\u00eates de No\u00ebl, certains de nos clients ont voulu partager avec nous <strong>les moments les plus sp\u00e9ciaux qu&rsquo;ils ont v\u00e9cus avec leurs patients en utilisant NeuronUP<\/strong>. Dans cet article, vous pouvez lire quelques-unes des anecdotes les plus \u00e9mouvantes qui refl\u00e8tent la d\u00e9votion et l&rsquo;impact positif que NeuronUP g\u00e9n\u00e8re dans leur travail quotidien.<\/p>\n\n\n\n<h2 class=\"wp-block-heading\">NeuronUP2GO : renforcer les liens entre grand-p\u00e8re et petit-fils<\/h2>\n\n\n\n<blockquote class=\"wp-block-quote is-layout-flow wp-block-quote-is-layout-flow\">\n<p>\u00ab\u00a0<em>J&rsquo;ai une histoire \u00e9mouvante avec un patient qui utilise <strong><a href=\"https:\/\/neuronup.com\/fr\/produit\/telerehabilitation-rehabilitation-cognitive-a-distance-avec-neuronup\/\">NeuronUP2GO<\/a><\/strong>, car cela est devenu le moment o\u00f9 grand-p\u00e8re et petit-fils passent du temps ensemble. Mon patient m&rsquo;a avou\u00e9 qu&rsquo;il n&rsquo;aimait pas beaucoup faire les exercices quotidiennement car cela le fatiguait, mais rien que pour avoir son petit-fils \u00e0 ses c\u00f4t\u00e9s tous les jours et le faire ensemble, cela est devenu le plus beau moment de la journ\u00e9e. NeuronUP a permis de renforcer leur relation et de les unir davantage.\u00a0\u00bb<\/em><\/p>\n<\/blockquote>\n\n\n\n<p>Anecdote \u00e9crite par Mercedes Florido, du Centre Silvia Medina.<\/p>\n\n\n\n<h2 class=\"wp-block-heading\">Atteinte des objectifs et confiance d&rsquo;un patient avec TDA<\/h2>\n\n\n\n<blockquote class=\"wp-block-quote is-layout-flow wp-block-quote-is-layout-flow\">\n<p>\u00ab\u00a0<em>Avant d&rsquo;utiliser la <a href=\"https:\/\/neuronup.com\/fr\/produit\/\">plateforme NeuronUP<\/a>, j&rsquo;avais beaucoup de difficult\u00e9s \u00e0 aider un patient avec TDA (avec qui je viens de terminer un processus d&rsquo;un an) \u00e0 apprendre \u00e0 utiliser un agenda, \u00e0 planifier et organiser son temps en fonction des d\u00e9lais ou de la priorit\u00e9 de chaque t\u00e2che. C&rsquo;\u00e9tait difficile qu&rsquo;il adopte des habitudes pour \u00eatre plus fonctionnel au quotidien, notamment dans ses \u00e9tudes, ce qui le pr\u00e9occupait le plus car il risquait d&rsquo;\u00eatre exclu de son cursus.<\/em><\/p>\n\n\n\n<p><em><strong>Cette semaine, il a termin\u00e9 toutes ses \u00e9preuves et est sur le point de d\u00e9crocher son dipl\u00f4me.<\/strong> Le changement qu&rsquo;il a v\u00e9cu cette ann\u00e9e a \u00e9t\u00e9 tr\u00e8s positif. Bien que nous soyons tous en apprentissage constant dans la vie, cela a \u00e9t\u00e9 un immense plaisir de voir comment il a m\u00fbri, se sent plus confiant et capable d&rsquo;atteindre de nouveaux objectifs.<\/em><\/p>\n\n\n\n<p><em>En r\u00e9sum\u00e9, ce que je veux transmettre, c&rsquo;est que pendant ce processus, NeuronUP a \u00e9t\u00e9 un outil puissant qui nous a \u00e9norm\u00e9ment aid\u00e9s !<\/em>\u00ab\u00a0<\/p>\n<\/blockquote>\n\n\n\n<p>Anecdote \u00e9crite par Guillermo Mart\u00ednez L\u00f3pez-Baiss\u00f3n, du Centre Rumbos.<\/p>\n\n\n\n<h2 class=\"wp-block-heading\">Une r\u00e9ussite dans la d\u00e9mence li\u00e9e \u00e0 la maladie d&rsquo;Alzheimer<\/h2>\n\n\n\n<blockquote class=\"wp-block-quote is-layout-flow wp-block-quote-is-layout-flow\">\n<p>\u00ab\u00a0<em>Je travaille depuis environ un an avec une personne atteinte de d\u00e9mence due \u00e0 la maladie d&rsquo;Alzheimer (EA) via la plateforme digitale. Un jour, apr\u00e8s avoir termin\u00e9 une activit\u00e9, elle a dit \u00e0 voix haute \u00ab <strong>f\u00e9licitations, vous avez pass\u00e9 l&rsquo;\u00e9tape<\/strong> \u00bb, comme une confirmation personnelle d&rsquo;avoir bien r\u00e9ussi.<\/em><\/p>\n\n\n\n<p><em>C&rsquo;\u00e9tait un moment sp\u00e9cial, car elle se f\u00e9licitait elle-m\u00eame et, d&rsquo;autre part, avait m\u00e9moris\u00e9 cette phrase de mani\u00e8re autonome (m\u00eame avec l&rsquo;accent espagnol).<\/em>\u00ab\u00a0<\/p>\n<\/blockquote>\n\n\n\n<p>Anecdote anonyme.<\/p>\n\n\n\n<div style=\"height:50px\" aria-hidden=\"true\" class=\"wp-block-spacer\"><\/div>\n\n\n\n<aside class=\"wp-block-group br-1010 has-primary-background-color has-background has-dark-background has-sm-padding-top has-sm-padding-bottom has-sm-padding-left has-sm-padding-right\"><div class=\"wp-block-group__inner-container is-layout-constrained wp-block-group-is-layout-constrained\">\n<div class=\"wp-block-columns are-vertically-aligned-center is-layout-flex wp-container-core-columns-is-layout-9d6595d7 wp-block-columns-is-layout-flex\">\n<div class=\"wp-block-column is-vertically-aligned-center has-white-color has-text-color has-link-color wp-elements-1264288c68aa75144e22ca53d4b34f63 is-layout-flow wp-block-column-is-layout-flow\" style=\"flex-basis:60%\">\n<p>Obtenez <strong>10 activit\u00e9s imprimables<\/strong> pour travailler avec les patients souffrant <strong>d&rsquo;Alzheimer<\/strong><\/p>\n<\/div>\n\n\n\n<div class=\"wp-block-column is-vertically-aligned-center is-layout-flow wp-block-column-is-layout-flow\" style=\"flex-basis:40%\">\n<div class=\"wp-block-buttons is-content-justification-center is-layout-flex wp-container-core-buttons-is-layout-16018d1d wp-block-buttons-is-layout-flex\">\n<div class=\"wp-block-button\" style=\"--button-secondary-color:var(--color-white);--button-secondary-background:var(--color-custom-1);--button-secondary-background-hover:#cc7e00;\"><a class=\"wp-block-button__link button button-secondary     has-link-color wp-element-button\" href=\"https:\/\/neuronup.com\/redirect\/?target=typeform\/w-alzheimer?utm_first_source=Web&#038;utm_first_campaign_name=Worksheets_alzheimer\">Obtenir gratuitement<\/a><\/div>\n\n<\/div>\n<\/div>\n<\/div>\n<\/div><\/aside>\n\n\n\n\n<div style=\"height:50px\" aria-hidden=\"true\" class=\"wp-block-spacer\"><\/div>\n\n\n\n<h2 class=\"wp-block-heading\">R\u00e9silience et gratitude apr\u00e8s un AVC<\/h2>\n\n\n\n<blockquote class=\"wp-block-quote is-layout-flow wp-block-quote-is-layout-flow\">\n<p><em>\u201cG.S. est un patient de 89 ans, m\u00e9decin \u00e0 la retraite, venu me voir il y a deux ans pour une \u00e9valuation neuropsychologique suite \u00e0 un AVC thalamique. Apr\u00e8s l&rsquo;\u00e9valuation, nous avons d\u00e9but\u00e9 un programme de stimulation cognitive avec NeuronUP \u00e0 distance et en pr\u00e9sentiel.<\/em><\/p>\n\n\n\n<p><em>Tout se passait bien, mais il a subi un autre micro-AVC dans le lobe frontal. Cependant, apr\u00e8s \u00e9valuation neurologique et gr\u00e2ce aux tests et stimulations r\u00e9alis\u00e9s auparavant, aucune alt\u00e9ration significative n&rsquo;a \u00e9t\u00e9 constat\u00e9e. La famille, le neurologue et lui-m\u00eame sont tr\u00e8s satisfaits du programme r\u00e9alis\u00e9 avec NeuronUP \ud83d\ude4c.<\/em><\/p>\n\n\n\n<p><em>Il y a 8 mois, j&rsquo;ai subi une appendicite et ai \u00e9t\u00e9 hospitalis\u00e9 apr\u00e8s trois interventions. Quand G.S. a appris ma condition, il est venu me rendre visite \u00e0 l&rsquo;h\u00f4pital pour me souhaiter un prompt r\u00e9tablissement \u2764\ufe0f\u200d\ud83e\ude79. C&rsquo;est l&rsquo;un des gestes les plus touchants que mon travail m&rsquo;ait offert. G.S. poursuit sa r\u00e9habilitation cognitive avec NeuronUP et reste stable, et je lui suis profond\u00e9ment reconnaissant.\u201d<\/em><\/p>\n<\/blockquote>\n\n\n\n<p>Anecdote \u00e9crite par Jair Rangel Lema, de Mind &amp; Life Center.<\/p>\n\n\n\n<h2 class=\"wp-block-heading\">Des progr\u00e8s \u00e9mouvants<\/h2>\n\n\n\n<blockquote class=\"wp-block-quote is-layout-flow wp-block-quote-is-layout-flow\">\n<p><em>\u201cEn travaillant sur la m\u00e9moire avec les <strong>Post-it ordonn\u00e9s<\/strong>, apr\u00e8s plusieurs sessions, constater qu&rsquo;une personne pouvait se souvenir d&rsquo;un nombre bien plus \u00e9lev\u00e9 qu&rsquo;au d\u00e9but. En le lui faisant remarquer, cette personne a \u00e9t\u00e9 surprise et \u00e9mue par ses progr\u00e8s. C&rsquo;\u00e9tait un moment tr\u00e8s beau lors d&rsquo;une de nos sessions.\u201d<\/em><\/p>\n<\/blockquote>\n\n\n\n<p>Anecdote anonyme.<\/p>\n\n\n\n\n\n<h2 class=\"wp-block-heading\">Surmonter la <em><em>dyscalculie<\/em><\/em> en 3 mois gr\u00e2ce \u00e0 la t\u00e9l\u00e9r\u00e9habilitation<\/h2>\n\n\n\n<blockquote class=\"wp-block-quote is-layout-flow wp-block-quote-is-layout-flow\">\n<p><em>\u201cR\u00e9cemment, j&rsquo;ai men\u00e9 un entra\u00eenement avec une fille de 8 ans en utilisant NeuronUP2GO, apr\u00e8s avoir r\u00e9alis\u00e9 un mois d&rsquo;entra\u00eenement en pr\u00e9sentiel. \u00c9tant de Coimbra (Portugal) et la fille vivant \u00e0 Vigo (Coru\u00f1a), il \u00e9tait important de passer au 2GO. Elle avait des probl\u00e8mes scolaires li\u00e9s \u00e0 une <em>dyscalculie<\/em>. Apr\u00e8s ces 3 mois, sa professeure a contact\u00e9 les parents pour leur demander si elle suivait un programme cognitif, car <strong>elle \u00e9tait devenue une fille compl\u00e8tement diff\u00e9rente.<\/strong> Cette enfant portugaise, a d\u00e9m\u00e9nag\u00e9 avec ses parents \u00e0 Vigo \u00e0 l&rsquo;\u00e2ge de 5 ans, maintenant elle a 8 ans et l&rsquo;adaptation a engendr\u00e9 des <strong>difficult\u00e9s qui sont en train d&rsquo;\u00eatre surmont\u00e9es gr\u00e2ce \u00e0 NeuronUP<\/strong>.\u201d<\/em><\/p>\n<\/blockquote>\n\n\n\n<p>Anecdote \u00e9crite par Hugo Cruz, du Centre Amanha Solidario.<\/p>\n\n\n\n<h2 class=\"wp-block-heading\">Am\u00e9liorer l&rsquo;autonomie des enfants<\/h2>\n\n\n\n<blockquote class=\"wp-block-quote is-layout-flow wp-block-quote-is-layout-flow\">\n<p><em>\u201cLa joie exprim\u00e9e par une m\u00e8re dont l&rsquo;enfant suit des sessions avec NeuronUP2GO, lorsqu&rsquo;elle me dit que <strong>son enfant est tr\u00e8s content des activit\u00e9s<\/strong>, qu&rsquo;elle observe des progr\u00e8s et qu&rsquo;il est devenu <strong>autonome<\/strong> pour r\u00e9aliser ses exercices.\u201d<\/em><\/p>\n<\/blockquote>\n\n\n\n<p>Anecdote anonyme.<\/p>\n\n\n\n<div style=\"height:50px\" aria-hidden=\"true\" class=\"wp-block-spacer\"><\/div>\n\n\n\n<div class=\"wp-block-group\"><div class=\"wp-block-group__inner-container is-layout-constrained wp-block-group-is-layout-constrained\">\n<div class=\"wp-block-columns is-layout-flex wp-container-core-columns-is-layout-9d6595d7 wp-block-columns-is-layout-flex\">\n<div class=\"wp-block-column is-vertically-aligned-stretch br-0111 p-5 particle-bg anims-fadein-up has-primary-background-color has-background is-layout-flow wp-block-column-is-layout-flow\">\n<h2 class=\"wp-block-heading has-white-color has-text-color\">En savoir plus sur <br><strong>NeuronUP<\/strong><\/h2>\n\n\n\n<div class=\"wp-block-buttons is-layout-flex wp-block-buttons-is-layout-flex\">\n<div class=\"wp-block-button--1\" style=\"--button-outline-color:var(--color-white);--button-outline-color-hover:rgba(0,0,0,0.8);\"><a class=\"wp-block-button__link button button-outline   wp-element-button\" href=\"https:\/\/neuronup.com\/fr\/demande-informations\/\">Demander des informations<\/a><\/div>\n\n<\/div>\n<\/div>\n\n\n\n<div class=\"wp-block-column is-vertically-aligned-stretch br-0111 p-5 particle-bg anims-fadein-up has-primary-background-color has-background is-layout-flow wp-block-column-is-layout-flow\">\n<h2 class=\"wp-block-heading has-white-color has-text-color\">Essayez-le gratuitement<\/h2>\n\n\n\n<p class=\"has-white-color has-text-color\">La plateforme que plus de <strong>7 000 professionnels<\/strong> utilisent chaque jour<\/p>\n\n\n\n<div class=\"wp-block-buttons is-layout-flex wp-block-buttons-is-layout-flex\">\n<div class=\"wp-block-button orange-button\" style=\"--button-background:var(--color-custom-1);--button-background-hover:#cc7e00;\"><a class=\"wp-block-button__link button   wp-element-button\" href=\"https:\/\/neuronup.com\/fr\/landing\/\">Demander un essai<img decoding=\"async\" class=\"wp-image-18719\" style=\"width: 8px;\" src=\"\/wp-content\/uploads\/2022\/v3\/icon_rightArrow-white.svg\"><\/a><\/div>\n\n<\/div>\n<\/div>\n<\/div>\n<\/div><\/div>\n\n\n\n<div style=\"height:50px\" aria-hidden=\"true\" class=\"wp-block-spacer\"><\/div>\n\n\n\n<h2 class=\"wp-block-heading\">Adaptation et progr\u00e8s avec NeuronUP<\/h2>\n\n\n\n<blockquote class=\"wp-block-quote is-layout-flow wp-block-quote-is-layout-flow\">\n<p><em>\u201cAu d\u00e9but, quand nous avons commenc\u00e9 \u00e0 utiliser NeuronUP, nous ne savions pas vraiment comment les patients r\u00e9agiraient. C&rsquo;\u00e9tait quelque chose de nouveau pour eux, mais tr\u00e8s vite, ils ont appr\u00e9ci\u00e9. Les premiers exercices \u00e9taient faciles, ce qui a motiv\u00e9 tout le monde, mais ensuite, des exercices plus difficiles sont apparus, et certains se sont sentis un peu d\u00e9courag\u00e9s. Cependant, peu \u00e0 peu, ils se sont adapt\u00e9s, et ce qui semblait compliqu\u00e9 fait maintenant partie de leur routine quotidienne.<\/em><\/p>\n\n\n\n<p><em>Aujourd&rsquo;hui, <strong>tout le monde les utilise sans probl\u00e8me<\/strong>, et bien que ce ne soit pas toujours facile, <strong>ils sont satisfaits une fois les exercices termin\u00e9s.<\/strong> C&rsquo;est d\u00e9sormais un rituel dans leur quotidien, et le plus beau, c&rsquo;est de voir comment, m\u00eame si ce n&rsquo;est pas parfait, chacun progresse \u00e0 son rythme.\u201d<\/em><\/p>\n<\/blockquote>\n\n\n\n<p>Anecdote anonyme.<\/p>\n\n\n\n<h2 class=\"wp-block-heading\">Comp\u00e9titivit\u00e9 et rires avec l&rsquo;activit\u00e9 NeuronUP <em>Capsules avec lettres<\/em><\/h2>\n\n\n\n<blockquote class=\"wp-block-quote is-layout-flow wp-block-quote-is-layout-flow\">\n<p><em>\u201cAvec mes patients, j&rsquo;adore jouer au jeu des <strong>Capsules avec lettres<\/strong> ou avec des chiffres sur l&rsquo;\u00e9cran g\u00e9ant que nous avons dans notre centre. Ils se d\u00e9fient les uns les autres et parviennent \u00e0 rester stimul\u00e9s pendant des heures. <em>Voir le bonheur qui s&rsquo;illumine en eux, le d\u00e9veloppement de la comp\u00e9titivit\u00e9 et, en m\u00eame temps, <strong>l<\/strong><\/em><strong><em>e sens de l&rsquo;\u00e9quipe, les rires et l&rsquo;enthousiasme<\/em><\/strong><em>, cela n&rsquo;a pas de prix.\u201d<\/em>\u201d<\/em><\/p>\n<\/blockquote>\n\n\n\n<p>Anecdote \u00e9crite par Elena Seco, du Centre Espacio Activo Mac S.A..<\/p>\n\n\n\n<h2 class=\"wp-block-heading\">NeuronUP, cl\u00e9 pour la r\u00e9habilitation cognitive<\/h2>\n\n\n\n<blockquote class=\"wp-block-quote is-layout-flow wp-block-quote-is-layout-flow\">\n<p><em>\u201cLa premi\u00e8re fois que j&rsquo;ai entendu parler de NeuronUP, c&rsquo;\u00e9tait en 2018. Je faisais un stage en neuropsychologie, et ils utilisaient deux plateformes. J&rsquo;ai toujours pr\u00e9f\u00e9r\u00e9 travailler avec NeuronUP.<\/em><\/p>\n\n\n\n<p><em>Six ans plus tard, lorsque le centre o\u00f9 je commen\u00e7ais \u00e0 travailler m&rsquo;a demand\u00e9 mon avis, sans h\u00e9siter, ma pr\u00e9f\u00e9rence allait \u00e0 NeuronUP. C&rsquo;est un outil tr\u00e8s utile, convivial et bas\u00e9 sur des preuves. <strong>Vraiment incroyable.<\/strong>\u201d<\/em><\/p>\n<\/blockquote>\n\n\n\n<p>Anecdote anonyme.<\/p>\n\n\n\n<h2 class=\"wp-block-heading\">NeuronUP Score<\/h2>\n\n\n\n<blockquote class=\"wp-block-quote is-layout-flow wp-block-quote-is-layout-flow\">\n<p><em>\u201cJ&rsquo;adore avoir acc\u00e8s aux <a href=\"https:\/\/neuronup.com\/fr\/produit\/neuronup-score\/\">scores NeuronUP<\/a>. Ils aident beaucoup dans le choix des objectifs de r\u00e9habilitation et apportent une <strong>grande clart\u00e9 sur les progr\u00e8s<\/strong> ou la <strong>d\u00e9t\u00e9rioration<\/strong> clinique de chaque patient.\u201d<\/em><\/p>\n<\/blockquote>\n\n\n\n<p>Anecdote \u00e9crite par Diana G\u00f3es, du Centre C\u00f3rtex Sa\u00fade LTDA.<\/p>\n\n\n\n<h2 class=\"wp-block-heading\">Une patiente exigeante : la m\u00e8re d&rsquo;une professionnelle<\/h2>\n\n\n\n<blockquote class=\"wp-block-quote is-layout-flow wp-block-quote-is-layout-flow\">\n<p><em>\u201cMa m\u00e8re a suivi un long traitement de chimioth\u00e9rapie, radioth\u00e9rapie, etc. Bien que son \u00e9valuation neuropsychologique soit dans la moyenne, elle demandait trois sessions d&rsquo;une heure par jour !!! En y repensant, je crois que je n&rsquo;ai jamais eu une patiente plus exigeante que ma m\u00e8re. Si j&rsquo;oubliais de programmer une session, elle me passait un savon, haha.\u201d<\/em><\/p>\n<\/blockquote>\n\n\n\n<p>Anecdote anonyme.<\/p>\n\n\n\n<h2 class=\"wp-block-heading\">NeuronUP, un soutien de qualit\u00e9<\/h2>\n\n\n\n<blockquote class=\"wp-block-quote is-layout-flow wp-block-quote-is-layout-flow\">\n<p><em>\u201cUtiliser les ressources de NeuronUP repr\u00e9sente un r\u00e9el progr\u00e8s dans mes interventions. Les ressources m&rsquo;apportent \u00e0 la fois praticit\u00e9 et qualit\u00e9, et <strong>les patients les adorent<\/strong> !\u201d<\/em><\/p>\n<\/blockquote>\n\n\n\n<p>Anecdote \u00e9crite par Sueli Dos Santos, du Centre Percursos Consultoria e Espa\u00e7o Terap\u00eautico.<\/p>\n\n\n\n<h2 class=\"wp-block-heading\">R\u00e9habilitation en temps de pand\u00e9mie<\/h2>\n\n\n\n<blockquote class=\"wp-block-quote is-layout-flow wp-block-quote-is-layout-flow\">\n<p><em>\u00ab\u00a0J&rsquo;ai un souvenir, parmi d&rsquo;autres, tr\u00e8s positif de l&rsquo;utilisation de NeuronUP. Pendant la pand\u00e9mie, lorsque personne ne pouvait sortir de chez soi, je suivais mes patients en r\u00e9habilitation cognitive en utilisant la plateforme via la t\u00e9l\u00e9m\u00e9decine. Ce fut un travail incroyable dont tout le monde a b\u00e9n\u00e9fici\u00e9. Moi, car je me sentais \u00e9panouie en voyant mes patients r\u00e9habilit\u00e9s dans leurs fonctions cognitives, et eux, reconnaissants pour l&rsquo;accompagnement, car ils percevaient une meilleure performance dans les t\u00e2ches quotidiennes et, en cons\u00e9quence, retrouvaient une <strong>qualit\u00e9 de vie<\/strong>.\u201d<\/em><\/p>\n<\/blockquote>\n\n\n\n<p>Anecdote \u00e9crite par Livia Valent\u00edn, du Centro de Estudo e Pesquisa Cl\u00ednica Sa\u00fade &#8211; CEPCS.<\/p>\n\n\n\n<h2 class=\"wp-block-heading\">Des journ\u00e9es plus anim\u00e9es gr\u00e2ce \u00e0 la stimulation cognitive \u00e0 domicile<\/h2>\n\n\n\n<blockquote class=\"wp-block-quote is-layout-flow wp-block-quote-is-layout-flow\">\n<p><em>\u201cQuand les patients \u00e2g\u00e9s racontent que leur quotidien est plus joyeux gr\u00e2ce aux activit\u00e9s qu&rsquo;ils r\u00e9alisent \u00e0 domicile via la plateforme.\u201d<\/em><\/p>\n<\/blockquote>\n\n\n\n<p>Anecdote \u00e9crite par Breno Bezerra de Andrade, de la Cl\u00ednica Breno Bezerra.<\/p>\n\n\n\n<h2 class=\"wp-block-heading\">NeuronUP, un outil pr\u00e9cieux pour la r\u00e9habilitation cognitive<\/h2>\n\n\n\n<blockquote class=\"wp-block-quote is-layout-flow wp-block-quote-is-layout-flow\">\n<p><em>\u00ab\u00a0Je souhaite partager mon exp\u00e9rience positive avec la plateforme d&rsquo;exercices. Elle a \u00e9t\u00e9 un outil pr\u00e9cieux pour soutenir mon travail, offrant une grande vari\u00e9t\u00e9 d&rsquo;activit\u00e9s que je peux utiliser lors des sessions de r\u00e9habilitation avec mes patients.<\/em><\/p>\n\n\n\n<p><em>De plus, les patients \u00e2g\u00e9s montrent un grand int\u00e9r\u00eat pour les t\u00e2ches propos\u00e9es, ce qui contribue \u00e0 leur motivation pendant le processus de r\u00e9habilitation. Je suis tr\u00e8s satisfaite de constater que <strong>cette plateforme joue un r\u00f4le significatif dans l&rsquo;am\u00e9lioration des performances cognitives, du bien-\u00eatre et de l&rsquo;\u00e9volution de mes patients.<\/strong>\u201d<\/em><\/p>\n<\/blockquote>\n\n\n\n<p>Anecdote anonyme.<\/p>\n\n\n\n<h3 class=\"wp-block-heading\">Si vous avez appr\u00e9ci\u00e9 cet article sur les <strong>t\u00e9moignages r\u00e9els de nos clients<\/strong>, ces autres articles pourraient \u00e9galement vous int\u00e9resser :<\/h3>\n\n\n\n\n<div class=\"mai-grid entries entries-grid has-boxed has-image-full\" style=\"--entry-title-font-size:var(--font-size-lg);--align-text:start;--entry-meta-text-align:start;\"><div class=\"entries-wrap has-columns\" style=\"--columns-xs:1\/1;--columns-sm:1\/1;--columns-md:1\/3;--columns-lg:1\/3;--flex-xs:0 0 var(--flex-basis);--flex-sm:0 0 var(--flex-basis);--flex-md:0 0 var(--flex-basis);--flex-lg:0 0 var(--flex-basis);--column-gap:var(--spacing-lg);--row-gap:var(--spacing-lg);--align-columns:start;\"><article class=\"entry entry-grid is-column has-entry-link has-image has-image-first type-post category-temoignages tag-adultes tag-sante-mentale tag-stimulation-cognitive tag-temoignages\" style=\"--entry-index:1;\" aria-label=\"Stimulation cognitive personnalis\u00e9e chez les personnes atteintes de maladie mentale grave : R\u00e9sidence Espartales Sud\" itemscope itemtype=\"https:\/\/schema.org\/CreativeWork\"><a class=\"entry-image-link\" href=\"https:\/\/neuronup.com\/fr\/actualites-de-la-stimulation-cognitive\/temoignages\/stimulation-cognitive-personnalisee-chez-les-personnes-atteintes-d-une-maladie-mentale-grave-residence-espartales-sud\/\" tabindex=\"-1\" aria-hidden=\"true\"><img decoding=\"async\" width=\"225\" height=\"300\" src=\"https:\/\/neuronup.com\/fr\/wp-content\/uploads\/2025\/07\/Usuario-de-la-Residencia-Espartales-Sur-utilizando-NeuronUP-con-pantalla.webp\" class=\"entry-image size-landscape-sm\" alt=\"Personne de dos interagissant avec un \u00e9cran tactile montrant une grille de lettres dans une salle d&#039;apprentissage \u00e0 la R\u00e9sidence Espartales Sud.\" srcset=\"https:\/\/neuronup.com\/fr\/wp-content\/uploads\/2025\/07\/Usuario-de-la-Residencia-Espartales-Sur-utilizando-NeuronUP-con-pantalla-225x300.webp 225w, https:\/\/neuronup.com\/fr\/wp-content\/uploads\/2025\/07\/Usuario-de-la-Residencia-Espartales-Sur-utilizando-NeuronUP-con-pantalla-768x1024.webp 768w, https:\/\/neuronup.com\/fr\/wp-content\/uploads\/2025\/07\/Usuario-de-la-Residencia-Espartales-Sur-utilizando-NeuronUP-con-pantalla-1152x1536.webp 1152w, https:\/\/neuronup.com\/fr\/wp-content\/uploads\/2025\/07\/Usuario-de-la-Residencia-Espartales-Sur-utilizando-NeuronUP-con-pantalla.webp 1200w\" sizes=\"(max-width:599px) 599px, (min-width:600px) and (max-width: 799px) 799px, (min-width:800px) and (max-width: 999px) 333px, (min-width:1000px) 400px\" \/><\/a><div class=\"entry-wrap entry-wrap-grid\"><h3 class=\"entry-title\" itemprop=\"headline\"><a class=\"entry-title-link\" href=\"https:\/\/neuronup.com\/fr\/actualites-de-la-stimulation-cognitive\/temoignages\/stimulation-cognitive-personnalisee-chez-les-personnes-atteintes-d-une-maladie-mentale-grave-residence-espartales-sud\/\" rel=\"bookmark\">Stimulation cognitive personnalis\u00e9e chez les personnes atteintes de maladie mentale grave : R\u00e9sidence Espartales Sud<\/a><\/h3>\n<\/div><\/article><article class=\"entry entry-grid is-column has-entry-link has-image has-image-first type-post category-temoignages tag-lesion-cerebrale tag-temoignages\" style=\"--entry-index:2;\" aria-label=\"Transformation num\u00e9rique des th\u00e9rapies neurologiques dans l&rsquo;USN gr\u00e2ce \u00e0 NeuronUP\" itemscope itemtype=\"https:\/\/schema.org\/CreativeWork\"><a class=\"entry-image-link\" href=\"https:\/\/neuronup.com\/fr\/actualites-de-la-stimulation-cognitive\/temoignages\/transformation-digitale-des-therapies-neurologiques-dans-la-uen-grace-a-neuronup\/\" tabindex=\"-1\" aria-hidden=\"true\"><img decoding=\"async\" width=\"225\" height=\"300\" src=\"https:\/\/neuronup.com\/fr\/wp-content\/uploads\/2025\/07\/Transformacion-digital-de-terapias-neurologicas-en-la-UEN-gracias-a-NeuronUP.webp\" class=\"entry-image size-landscape-sm\" alt=\"Personne assise utilisant un iPad et interagissant avec des vignettes \u00e0 l&#039;\u00e9cran dans un cadre professionnel.\" srcset=\"https:\/\/neuronup.com\/fr\/wp-content\/uploads\/2025\/07\/Transformacion-digital-de-terapias-neurologicas-en-la-UEN-gracias-a-NeuronUP-225x300.webp 225w, https:\/\/neuronup.com\/fr\/wp-content\/uploads\/2025\/07\/Transformacion-digital-de-terapias-neurologicas-en-la-UEN-gracias-a-NeuronUP-768x1024.webp 768w, https:\/\/neuronup.com\/fr\/wp-content\/uploads\/2025\/07\/Transformacion-digital-de-terapias-neurologicas-en-la-UEN-gracias-a-NeuronUP-1152x1536.webp 1152w, https:\/\/neuronup.com\/fr\/wp-content\/uploads\/2025\/07\/Transformacion-digital-de-terapias-neurologicas-en-la-UEN-gracias-a-NeuronUP.webp 1200w\" sizes=\"(max-width:599px) 599px, (min-width:600px) and (max-width: 799px) 799px, (min-width:800px) and (max-width: 999px) 333px, (min-width:1000px) 400px\" \/><\/a><div class=\"entry-wrap entry-wrap-grid\"><h3 class=\"entry-title\" itemprop=\"headline\"><a class=\"entry-title-link\" href=\"https:\/\/neuronup.com\/fr\/actualites-de-la-stimulation-cognitive\/temoignages\/transformation-digitale-des-therapies-neurologiques-dans-la-uen-grace-a-neuronup\/\" rel=\"bookmark\">Transformation num\u00e9rique des th\u00e9rapies neurologiques dans l&rsquo;USN gr\u00e2ce \u00e0 NeuronUP<\/a><\/h3>\n<\/div><\/article><article class=\"entry entry-grid is-column has-entry-link has-image has-image-first type-post category-temoignages tag-maladie-dalzheimer tag-temoignages\" style=\"--entry-index:3;\" aria-label=\"AFA Rioja et NeuronUP, dix ans de neuror\u00e9habilitation ensemble\" itemscope itemtype=\"https:\/\/schema.org\/CreativeWork\"><a class=\"entry-image-link\" href=\"https:\/\/neuronup.com\/fr\/actualites-de-la-stimulation-cognitive\/temoignages\/afa-rioja-et-neuronup-dix-ans-de-neurorehabilitation-ensemble\/\" tabindex=\"-1\" aria-hidden=\"true\"><img decoding=\"async\" width=\"400\" height=\"225\" src=\"https:\/\/neuronup.com\/fr\/wp-content\/uploads\/2024\/09\/Usuarios-de-AFA-Rioja-trabajando-con-NeuronUP-en-sesion-grupal.webp\" class=\"entry-image size-landscape-sm\" alt=\"Groupe de participants en s\u00e9ance NeuronUP, en salle, devant une pr\u00e9sentation sur \u00e9cran et un ordinateur portable sur table.\" srcset=\"https:\/\/neuronup.com\/fr\/wp-content\/uploads\/2024\/09\/Usuarios-de-AFA-Rioja-trabajando-con-NeuronUP-en-sesion-grupal-300x169.webp 300w, https:\/\/neuronup.com\/fr\/wp-content\/uploads\/2024\/09\/Usuarios-de-AFA-Rioja-trabajando-con-NeuronUP-en-sesion-grupal-768x432.webp 768w, https:\/\/neuronup.com\/fr\/wp-content\/uploads\/2024\/09\/Usuarios-de-AFA-Rioja-trabajando-con-NeuronUP-en-sesion-grupal-1024x576.webp 1024w, https:\/\/neuronup.com\/fr\/wp-content\/uploads\/2024\/09\/Usuarios-de-AFA-Rioja-trabajando-con-NeuronUP-en-sesion-grupal.webp 1200w\" sizes=\"(max-width:599px) 599px, (min-width:600px) and (max-width: 799px) 799px, (min-width:800px) and (max-width: 999px) 333px, (min-width:1000px) 400px\" \/><\/a><div class=\"entry-wrap entry-wrap-grid\"><h3 class=\"entry-title\" itemprop=\"headline\"><a class=\"entry-title-link\" href=\"https:\/\/neuronup.com\/fr\/actualites-de-la-stimulation-cognitive\/temoignages\/afa-rioja-et-neuronup-dix-ans-de-neurorehabilitation-ensemble\/\" rel=\"bookmark\">AFA Rioja et NeuronUP, dix ans de neuror\u00e9habilitation ensemble<\/a><\/h3>\n<\/div><\/article><article class=\"entry entry-grid is-column has-entry-link has-image has-image-first type-post category-temoignages tag-sante-mentale tag-stimulation-cognitive tag-temoignages\" style=\"--entry-index:4;\" aria-label=\"Comment NeuronUP renforce la stimulation cognitive chez les personnes ayant des troubles de sant\u00e9 mentale : Cas Elkarkide Iturrama\" itemscope itemtype=\"https:\/\/schema.org\/CreativeWork\"><a class=\"entry-image-link\" href=\"https:\/\/neuronup.com\/fr\/actualites-de-la-stimulation-cognitive\/temoignages\/comment-neuronup-renforce-la-stimulation-cognitive-chez-les-personnes-ayant-des-difficultes-de-sante-mentale-cas-elkarkide-iturrama\/\" tabindex=\"-1\" aria-hidden=\"true\"><img decoding=\"async\" width=\"400\" height=\"267\" src=\"https:\/\/neuronup.com\/fr\/wp-content\/uploads\/2025\/02\/NEURONUP-3.webp\" class=\"entry-image size-landscape-sm\" alt=\"Personne de dos utilisant une tablette: motif g\u00e9om\u00e9trique color\u00e9 sur l&#039;\u00e9cran et espace de travail clair.\" srcset=\"https:\/\/neuronup.com\/fr\/wp-content\/uploads\/2025\/02\/NEURONUP-3-300x201.webp 300w, https:\/\/neuronup.com\/fr\/wp-content\/uploads\/2025\/02\/NEURONUP-3-768x513.webp 768w, https:\/\/neuronup.com\/fr\/wp-content\/uploads\/2025\/02\/NEURONUP-3-1024x684.webp 1024w, https:\/\/neuronup.com\/fr\/wp-content\/uploads\/2025\/02\/NEURONUP-3.webp 1200w\" sizes=\"(max-width:599px) 599px, (min-width:600px) and (max-width: 799px) 799px, (min-width:800px) and (max-width: 999px) 333px, (min-width:1000px) 400px\" \/><\/a><div class=\"entry-wrap entry-wrap-grid\"><h3 class=\"entry-title\" itemprop=\"headline\"><a class=\"entry-title-link\" href=\"https:\/\/neuronup.com\/fr\/actualites-de-la-stimulation-cognitive\/temoignages\/comment-neuronup-renforce-la-stimulation-cognitive-chez-les-personnes-ayant-des-difficultes-de-sante-mentale-cas-elkarkide-iturrama\/\" rel=\"bookmark\">Comment NeuronUP renforce la stimulation cognitive chez les personnes ayant des troubles de sant\u00e9 mentale : Cas Elkarkide Iturrama<\/a><\/h3>\n<\/div><\/article><article class=\"entry entry-grid is-column has-entry-link has-image has-image-first type-post category-temoignages tag-adultes tag-lesion-cerebrale-acquise tag-stimulation-cognitive tag-temoignages\" style=\"--entry-index:5;\" aria-label=\"R\u00e9\u00e9ducation cognitive avec NeuronUP \u00e0 l&rsquo;Ateneu Maestrat\" itemscope itemtype=\"https:\/\/schema.org\/CreativeWork\"><a class=\"entry-image-link\" href=\"https:\/\/neuronup.com\/fr\/actualites-de-la-stimulation-cognitive\/temoignages\/reeducation-cognitive-avec-neuronup-a-lateneu-maestrat\/\" tabindex=\"-1\" aria-hidden=\"true\"><img decoding=\"async\" width=\"300\" height=\"300\" src=\"https:\/\/neuronup.com\/fr\/wp-content\/uploads\/2024\/12\/Usuario-de-Ateneu-Maestrat-trabajando-con-NeuronUP.webp\" class=\"entry-image size-landscape-sm\" alt=\"Homme assis devant un ordinateur, pointant l\u2019\u00e9cran affichant des portraits; bureau \u00e9quip\u00e9 d&#039;un clavier et d&#039;une souris, tableau en arri\u00e8re-plan.\" srcset=\"https:\/\/neuronup.com\/fr\/wp-content\/uploads\/2024\/12\/Usuario-de-Ateneu-Maestrat-trabajando-con-NeuronUP-24x24.webp 24w, https:\/\/neuronup.com\/fr\/wp-content\/uploads\/2024\/12\/Usuario-de-Ateneu-Maestrat-trabajando-con-NeuronUP-48x48.webp 48w, https:\/\/neuronup.com\/fr\/wp-content\/uploads\/2024\/12\/Usuario-de-Ateneu-Maestrat-trabajando-con-NeuronUP-96x96.webp 96w, https:\/\/neuronup.com\/fr\/wp-content\/uploads\/2024\/12\/Usuario-de-Ateneu-Maestrat-trabajando-con-NeuronUP-150x150.webp 150w, https:\/\/neuronup.com\/fr\/wp-content\/uploads\/2024\/12\/Usuario-de-Ateneu-Maestrat-trabajando-con-NeuronUP-300x300.webp 300w, https:\/\/neuronup.com\/fr\/wp-content\/uploads\/2024\/12\/Usuario-de-Ateneu-Maestrat-trabajando-con-NeuronUP-768x769.webp 768w, https:\/\/neuronup.com\/fr\/wp-content\/uploads\/2024\/12\/Usuario-de-Ateneu-Maestrat-trabajando-con-NeuronUP-1022x1024.webp 1022w, https:\/\/neuronup.com\/fr\/wp-content\/uploads\/2024\/12\/Usuario-de-Ateneu-Maestrat-trabajando-con-NeuronUP.webp 1200w\" sizes=\"(max-width:599px) 599px, (min-width:600px) and (max-width: 799px) 799px, (min-width:800px) and (max-width: 999px) 333px, (min-width:1000px) 400px\" \/><\/a><div class=\"entry-wrap entry-wrap-grid\"><h3 class=\"entry-title\" itemprop=\"headline\"><a class=\"entry-title-link\" href=\"https:\/\/neuronup.com\/fr\/actualites-de-la-stimulation-cognitive\/temoignages\/reeducation-cognitive-avec-neuronup-a-lateneu-maestrat\/\" rel=\"bookmark\">R\u00e9\u00e9ducation cognitive avec NeuronUP \u00e0 l&rsquo;Ateneu Maestrat<\/a><\/h3>\n<\/div><\/article><article class=\"entry entry-grid is-column has-entry-link has-image has-image-first type-post category-temoignages tag-sclerose-en-plaques tag-stimulation-cognitive tag-telerehabilitation tag-temoignages\" style=\"--entry-index:6;\" aria-label=\"Innovation en neuro-r\u00e9habilitation : la combinaison de s\u00e9ances en pr\u00e9sentiel et en ligne dans un centre de neuro-r\u00e9habilitation\" itemscope itemtype=\"https:\/\/schema.org\/CreativeWork\"><a class=\"entry-image-link\" href=\"https:\/\/neuronup.com\/fr\/actualites-de-la-stimulation-cognitive\/temoignages\/innovation-en-neuroreeducation-la-combinaison-de-seances-en-presentiel-et-en-ligne-dans-un-centre-de-neuroreeducation\/\" tabindex=\"-1\" aria-hidden=\"true\"><img decoding=\"async\" width=\"400\" height=\"225\" src=\"https:\/\/neuronup.com\/fr\/wp-content\/uploads\/2024\/10\/Usuarios-FEM-trabajando-con-NeuronUP.webp\" class=\"entry-image size-landscape-sm\" alt=\"Salle d\u2019apprentissage: FEM devant ordinateurs avec \u00e9couteurs, supervis\u00e9e par un intervenant en arri\u00e8re-plan.\" srcset=\"https:\/\/neuronup.com\/fr\/wp-content\/uploads\/2024\/10\/Usuarios-FEM-trabajando-con-NeuronUP-300x169.webp 300w, https:\/\/neuronup.com\/fr\/wp-content\/uploads\/2024\/10\/Usuarios-FEM-trabajando-con-NeuronUP-768x432.webp 768w, https:\/\/neuronup.com\/fr\/wp-content\/uploads\/2024\/10\/Usuarios-FEM-trabajando-con-NeuronUP-1024x576.webp 1024w, https:\/\/neuronup.com\/fr\/wp-content\/uploads\/2024\/10\/Usuarios-FEM-trabajando-con-NeuronUP.webp 1200w\" sizes=\"(max-width:599px) 599px, (min-width:600px) and (max-width: 799px) 799px, (min-width:800px) and (max-width: 999px) 333px, (min-width:1000px) 400px\" \/><\/a><div class=\"entry-wrap entry-wrap-grid\"><h3 class=\"entry-title\" itemprop=\"headline\"><a class=\"entry-title-link\" href=\"https:\/\/neuronup.com\/fr\/actualites-de-la-stimulation-cognitive\/temoignages\/innovation-en-neuroreeducation-la-combinaison-de-seances-en-presentiel-et-en-ligne-dans-un-centre-de-neuroreeducation\/\" rel=\"bookmark\">Innovation en neuro-r\u00e9habilitation : la combinaison de s\u00e9ances en pr\u00e9sentiel et en ligne dans un centre de neuro-r\u00e9habilitation<\/a><\/h3>\n<\/div><\/article><\/div><\/div>","protected":false},"excerpt":{"rendered":"<p>Pendant ces f\u00eates de No\u00ebl, certains de nos clients ont voulu partager avec nous les moments les plus sp\u00e9ciaux qu&rsquo;ils ont v\u00e9cus avec leurs patients en utilisant NeuronUP. Dans cet article, vous pouvez lire quelques-unes des anecdotes les plus \u00e9mouvantes qui refl\u00e8tent la d\u00e9votion et l&rsquo;impact positif que NeuronUP g\u00e9n\u00e8re dans leur travail quotidien. NeuronUP2GO &hellip;<\/p>\n","protected":false},"author":7,"featured_media":36950,"comment_status":"open","ping_status":"open","sticky":false,"template":"","format":"standard","meta":{"_acf_changed":false,"_genesis_hide_title":false,"_genesis_hide_breadcrumbs":false,"_genesis_hide_singular_image":false,"_genesis_hide_footer_widgets":false,"_genesis_custom_body_class":"","_genesis_custom_post_class":"","_genesis_layout":"","footnotes":""},"categories":[586],"tags":[775],"class_list":{"2":"type-post","7":"category-temoignages","8":"tag-temoignages","9":"entry"},"acf":[],"_links":{"self":[{"href":"https:\/\/neuronup.com\/fr\/wp-json\/wp\/v2\/posts\/36947","targetHints":{"allow":["GET"]}}],"collection":[{"href":"https:\/\/neuronup.com\/fr\/wp-json\/wp\/v2\/posts"}],"about":[{"href":"https:\/\/neuronup.com\/fr\/wp-json\/wp\/v2\/types\/post"}],"author":[{"embeddable":true,"href":"https:\/\/neuronup.com\/fr\/wp-json\/wp\/v2\/users\/7"}],"replies":[{"embeddable":true,"href":"https:\/\/neuronup.com\/fr\/wp-json\/wp\/v2\/comments?post=36947"}],"version-history":[{"count":0,"href":"https:\/\/neuronup.com\/fr\/wp-json\/wp\/v2\/posts\/36947\/revisions"}],"wp:featuredmedia":[{"embeddable":true,"href":"https:\/\/neuronup.com\/fr\/wp-json\/wp\/v2\/media\/36950"}],"wp:attachment":[{"href":"https:\/\/neuronup.com\/fr\/wp-json\/wp\/v2\/media?parent=36947"}],"wp:term":[{"taxonomy":"category","embeddable":true,"href":"https:\/\/neuronup.com\/fr\/wp-json\/wp\/v2\/categories?post=36947"},{"taxonomy":"post_tag","embeddable":true,"href":"https:\/\/neuronup.com\/fr\/wp-json\/wp\/v2\/tags?post=36947"}],"curies":[{"name":"wp","href":"https:\/\/api.w.org\/{rel}","templated":true}]}}