{"id":36821,"date":"2025-09-05T09:02:42","date_gmt":"2025-09-05T09:02:42","guid":{"rendered":"https:\/\/neuronup.com\/?p=36821"},"modified":"2026-01-29T17:40:14","modified_gmt":"2026-01-29T15:40:14","slug":"atelier-cognitif-avec-neuronup-pour-personnes-agees-atteintes-dalzheimer","status":"publish","type":"post","link":"https:\/\/neuronup.com\/fr\/actualites-de-la-stimulation-cognitive\/maladies-neurodegeneratives\/alzheimer\/atelier-cognitif-avec-neuronup-pour-personnes-agees-atteintes-dalzheimer\/","title":{"rendered":"Atelier cognitif avec NeuronUP pour personnes \u00e2g\u00e9es atteintes d&#8217;Alzheimer"},"content":{"rendered":"\n<p class=\"has-xl-font-size\">Olalla S\u00e1iz V\u00e1zquez, ergoth\u00e9rapeute et professeure \u00e0 l&rsquo;Universit\u00e9 de Burgos, pr\u00e9sente avec ses \u00e9tudiantes Alba Moro Mart\u00edn, Leyre Muniain Chocarro, Teresa Mu\u00f1oz Mill\u00e1n, Olga Ortega Cifuentes et Claudia Piedrafita Pascual, un atelier cognitif avec NeuronUP pour la <strong>stimulation cognitive des personnes \u00e2g\u00e9es atteintes de la maladie d&rsquo;Alzheimer (MA).<\/strong><\/p>\n\n\n\n<div style=\"height:50px\" aria-hidden=\"true\" class=\"wp-block-spacer\"><\/div>\n\n\n\n<figure class=\"wp-block-image size-large image-interface\"><a href=\"https:\/\/neuronup.com\/wp-content\/uploads\/2024\/10\/Infografia-Alzheimer-NeuronUP.pdf\"><img decoding=\"async\" src=\"https:\/\/neuronup.com\/wp-content\/uploads\/2024\/10\/Infografia-simplificada-enfermedad-de-Alzheimer-ES-NeuronUP-1024x576.webp\" alt=\"\" class=\"wp-image-34400\"\/><\/a><figcaption class=\"wp-element-caption\">Donn\u00e9es essentielles sur la maladie d&rsquo;Alzheimer.<\/figcaption><\/figure>\n\n\n\n<div style=\"height:30px\" aria-hidden=\"true\" class=\"wp-block-spacer\"><\/div>\n\n\n\n<h2 class=\"wp-block-heading\">Introduction<\/h2>\n\n\n\n<p>Le plan de la <strong>s\u00e9ance de <a href=\"https:\/\/neuronup.com\/estimulacion-y-rehabilitacion-cognitiva\/envejecimiento-normal\/beneficios-de-la-estimulacion-cognitiva-en-personas-mayores\/\">stimulation cognitive sera destin\u00e9e aux personnes \u00e2g\u00e9es<\/a> pr\u00e9sentant <a href=\"https:\/\/neuronup.com\/fr\/la-neuro-reeducation\/les-maladies-neurodegeneratives\/maladie-dalzheimer\/\">la maladie d&rsquo;Alzheimer<\/a> \u00e0 un stade l\u00e9ger<\/strong>, un groupe qui, malgr\u00e9 les limitations, conserve des capacit\u00e9s qui peuvent \u00eatre encourag\u00e9es et maintenues par des interventions personnalis\u00e9es.<\/p>\n\n\n\n<p>La stimulation cognitive est <strong>essentielle \u00e0 ce stade<\/strong>, car notre objectif en tant qu&rsquo;ergoth\u00e9rapeutes est de ralentir le d\u00e9clin de la personne, favorisant l&rsquo;autonomie et le bien-\u00eatre \u00e9motionnel. Dans ce cas, elle sera r\u00e9alis\u00e9e \u00e0 l&rsquo;aide de l&rsquo;outil <a href=\"https:\/\/neuronup.com\/fr\/\">NeuronUP<\/a>.<\/p>\n\n\n\n<p>La proposition de travail sera <strong>d&rsquo;utiliser la base th\u00e9orique avec une approche pratique<\/strong> afin de travailler sur les <a href=\"https:\/\/neuronup.com\/fr\/domaines-dintervention\/fonctions-cognitives\/\">domaines du fonctionnement cognitif<\/a> g\u00e9n\u00e9ralement affect\u00e9s. Ceux-ci seront :<\/p>\n\n\n\n<ul class=\"wp-block-list\"><li>l&rsquo;orientation,<\/li><li>la m\u00e9moire,<\/li><li>les fonctions ex\u00e9cutives<\/li><li>et la cognition sociale.<\/li><\/ul>\n\n\n\n<p>Chacun de ces domaines sera abord\u00e9 \u00e0 travers des activit\u00e9s con\u00e7ues pour renforcer ces processus cognitifs.<\/p>\n\n\n\n<p>De plus, nous incluons les domaines d&rsquo;occupation pertinents pour ce groupe, tels que les <a href=\"https:\/\/neuronup.com\/actividades-de-neurorrehabilitacion\/actividades-para-funciones-cognitivas\/actividades-de-cognicion-social\/actividades-instrumentales-de-la-vida-diaria-que-son-tipos-y-ejemplos\/\">activit\u00e9s instrumentales de la vie quotidienne (AIVQ)<\/a>, les loisirs et la participation sociale, reconnaissant leur importance pour maintenir la qualit\u00e9 de vie et un r\u00f4le actif au sein du cadre familial et communautaire.<\/p>\n\n\n\n<div style=\"height:50px\" aria-hidden=\"true\" class=\"wp-block-spacer\"><\/div>\n\n\n\n<div class=\"wp-block-group br-0111 has-primary-background-color has-background has-dark-background has-sm-padding-top has-sm-padding-left has-sm-padding-right has-xxl-margin-top\"><div class=\"wp-block-group__inner-container is-layout-constrained wp-block-group-is-layout-constrained\">\n<div class=\"wp-block-columns is-layout-flex wp-container-core-columns-is-layout-9d6595d7 wp-block-columns-is-layout-flex\">\n<div class=\"wp-block-column is-layout-flow wp-block-column-is-layout-flow\">\n<figure class=\"wp-block-image size-full desktop-position-absolute desktop-bottom-0 mobile-width-50 mobile-m-inline-auto has-xl-margin-top\"><img decoding=\"async\" width=\"292\" height=\"338\" src=\"https:\/\/neuronup.com\/fr\/wp-content\/uploads\/2024\/10\/certificat-produit.webp\" alt=\"\" class=\"wp-image-31568\" srcset=\"https:\/\/neuronup.com\/fr\/wp-content\/uploads\/2024\/10\/certificat-produit-259x300.webp 259w, https:\/\/neuronup.com\/fr\/wp-content\/uploads\/2024\/10\/certificat-produit.webp 292w\" sizes=\"(max-width: 292px) 100vw, 292px\" \/><\/figure>\n<\/div>\n\n\n\n<div class=\"wp-block-column is-layout-flow wp-block-column-is-layout-flow\">\n<h2 class=\"wp-block-heading has-white-color has-text-color\"><strong>Abonnez-vous<\/strong> <br>\u00e0 notre <br>Newsletter<\/h2>\n\n\n\n<div class=\"wp-block-buttons is-layout-flex wp-block-buttons-is-layout-flex\">\n<div class=\"wp-block-button--1\" style=\"--button-outline-color:var(--color-white);--button-outline-color-hover:rgba(0,0,0,0.8);\"><a class=\"wp-block-button__link button button-outline   wp-element-button\" href=\"https:\/\/neuronup.com\/fr\/newsletter\/\">Abonnez-vous<\/a><\/div>\n\n<\/div>\n\n\n\n<div style=\"height:40px\" aria-hidden=\"true\" class=\"wp-block-spacer\"><\/div>\n<\/div>\n<\/div>\n<\/div><\/div>\n\n\n\n\n<div style=\"height:50px\" aria-hidden=\"true\" class=\"wp-block-spacer\"><\/div>\n\n\n\n<h2 class=\"wp-block-heading\">Intervention de stimulation cognitive pour personnes \u00e2g\u00e9es atteintes d&rsquo;Alzheimer<\/h2>\n\n\n\n<h3 class=\"wp-block-heading\">Objectifs de l&rsquo;intervention de stimulation cognitive pour personnes \u00e2g\u00e9es atteintes d&rsquo;Alzheimer<\/h3>\n\n\n\n<h4 class=\"wp-block-heading\">Objectif g\u00e9n\u00e9ral de l&rsquo;intervention<\/h4>\n\n\n\n<p><strong>Renforcer les capacit\u00e9s cognitives<\/strong>, fonctionnelles et \u00e9motionnelles afin de promouvoir l&rsquo;autonomie et l&rsquo;ind\u00e9pendance d&rsquo;une personne adulte atteinte d&rsquo;Alzheimer.<\/p>\n\n\n\n<h4 class=\"wp-block-heading\">Objectifs sp\u00e9cifiques de l&rsquo;intervention<\/h4>\n\n\n\n<ul class=\"wp-block-list\"><li><strong>Favoriser la m\u00e9moire<\/strong> \u00e9pisodique et de travail.<\/li><li><strong>Am\u00e9liorer l&rsquo;orientation<\/strong> temporelle.<\/li><li><strong>Renforcer les fonctions ex\u00e9cutives<\/strong>.<\/li><li><strong>D\u00e9velopper les comp\u00e9tences sociales et \u00e9motionnelles<\/strong>.<\/li><\/ul>\n\n\n\n<h2 class=\"wp-block-heading\">Approche de l&rsquo;intervention de stimulation cognitive pour personnes \u00e2g\u00e9es atteintes d&rsquo;Alzheimer<\/h2>\n\n\n\n<p>La s\u00e9ance durera <strong>60 minutes<\/strong>, au cours desquelles une stimulation cognitive sera r\u00e9alis\u00e9e via plusieurs activit\u00e9s de la plateforme <a href=\"https:\/\/neuronup.com\/fr\/produit\/\">NeuronUP<\/a>.<\/p>\n\n\n\n<p><strong>Quatre activit\u00e9s<\/strong> seront r\u00e9alis\u00e9es sur ordinateur, divis\u00e9es en deux sessions, avec une pause de 10 minutes entre chaque et \u00e0 la fin. Ainsi, il y aura 20 minutes d&rsquo;activit\u00e9s, 10 minutes de pause avec une question de rem\u00e9moration, encore 20 minutes d&rsquo;activit\u00e9s, et enfin 10 minutes de pause avec une autre question sur sa vie.<\/p>\n\n\n\n<h3 class=\"wp-block-heading\">Activit\u00e9s NeuronUP pour l&rsquo;intervention aupr\u00e8s des personnes \u00e2g\u00e9es atteintes d&rsquo;Alzheimer<\/h3>\n\n\n\n<h4 class=\"wp-block-heading\">1. <em>Situation dans le temps<\/em><\/h4>\n\n\n\n<p>La premi\u00e8re activit\u00e9 qui sera effectu\u00e9e s&rsquo;appelle <em><strong>Situation dans le temps<\/strong><\/em>.<\/p>\n\n\n\n<p>Elle a pour objectif principal de <strong>travailler l&rsquo;orientation temporelle<\/strong> afin d&rsquo;aider les usagers \u00e0 mieux identifier leur environnement, la saison, la date, l&rsquo;heure\u2026<\/p>\n\n\n\n<div style=\"height:50px\" aria-hidden=\"true\" class=\"wp-block-spacer\"><\/div>\n\n\n<div class=\"wp-block-image image-interface\">\n<figure class=\"aligncenter size-large\"><img decoding=\"async\" src=\"https:\/\/neuronup.com\/wp-content\/uploads\/2024\/10\/Actividad-Ubicacion-en-el-tiempo-meses-1024x771.webp\" alt=\"Personne suspendue par harnais touchant un \u00e9cran tactile dans un espace de r\u00e9\u00e9ducation moderne, masque facial et mat\u00e9riel de physioth\u00e9rapie visibles.\" class=\"wp-image-33641\"\/><figcaption class=\"wp-element-caption\">Activit\u00e9 NeuronUP pour l&rsquo;intervention aupr\u00e8s des personnes \u00e2g\u00e9es atteintes d&rsquo;Alzheimer : <em>Situation dans le temps<\/em>.<\/figcaption><\/figure>\n<\/div>\n\n\n<div style=\"height:30px\" aria-hidden=\"true\" class=\"wp-block-spacer\"><\/div>\n\n\n\n<h4 class=\"wp-block-heading\">2. <em>Post-it ordonn\u00e9s<\/em><\/h4>\n\n\n\n<p>La deuxi\u00e8me activit\u00e9 s&rsquo;intitule <em><a href=\"https:\/\/neuronup.com\/actividades-de-neurorrehabilitacion\/actividades-para-funciones-cognitivas\/actividades-de-memoria\/juego-de-memoria-episodica-para-adultos\/\"><strong>Post-it ordonn\u00e9s<\/strong><\/a><\/em>. Elle vise \u00e0 <strong>travailler la m\u00e9moire \u00e9pisodique et la m\u00e9moire de travail<\/strong>, ce qui peut \u00eatre tr\u00e8s b\u00e9n\u00e9fique pour l&rsquo;usager dans sa vie quotidienne.<\/p>\n\n\n\n<p>Dans celle-ci, plusieurs post-it avec diff\u00e9rents num\u00e9ros sont affich\u00e9s, puis retourn\u00e9s, et l&rsquo;usager doit les s\u00e9lectionner par ordre d\u00e9croissant. Il y a <strong>12 niveaux<\/strong>, dont 4 (niveau moyen) pourront \u00eatre r\u00e9alis\u00e9s, selon les capacit\u00e9s de la personne.<\/p>\n\n\n\n<div style=\"height:30px\" aria-hidden=\"true\" class=\"wp-block-spacer\"><\/div>\n\n\n<div class=\"wp-block-image image-interface\">\n<figure class=\"aligncenter size-large\"><img decoding=\"async\" width=\"1024\" height=\"571\" src=\"https:\/\/neuronup.com\/fr\/wp-content\/uploads\/2025\/02\/Actividad-de-NeuronUP-para-la-intervencion-de-personas-mayores-con-alzheimer-Post-it-ordenados-1024x571.webp\" alt=\"Tableau en li\u00e8ge avec Post-it 1 et 2, barre de progression 0\/5 et c\u0153ur 1 sur fond beige, utilis\u00e9 dans une intervention Alzheimer NeuronUP.\" class=\"wp-image-37456\" srcset=\"https:\/\/neuronup.com\/fr\/wp-content\/uploads\/2025\/02\/Actividad-de-NeuronUP-para-la-intervencion-de-personas-mayores-con-alzheimer-Post-it-ordenados-300x167.webp 300w, https:\/\/neuronup.com\/fr\/wp-content\/uploads\/2025\/02\/Actividad-de-NeuronUP-para-la-intervencion-de-personas-mayores-con-alzheimer-Post-it-ordenados-768x428.webp 768w, https:\/\/neuronup.com\/fr\/wp-content\/uploads\/2025\/02\/Actividad-de-NeuronUP-para-la-intervencion-de-personas-mayores-con-alzheimer-Post-it-ordenados-1024x571.webp 1024w, https:\/\/neuronup.com\/fr\/wp-content\/uploads\/2025\/02\/Actividad-de-NeuronUP-para-la-intervencion-de-personas-mayores-con-alzheimer-Post-it-ordenados-1536x857.webp 1536w, https:\/\/neuronup.com\/fr\/wp-content\/uploads\/2025\/02\/Actividad-de-NeuronUP-para-la-intervencion-de-personas-mayores-con-alzheimer-Post-it-ordenados.webp 1916w\" sizes=\"(max-width: 1024px) 100vw, 1024px\" \/><figcaption class=\"wp-element-caption\">Activit\u00e9 NeuronUP pour l&rsquo;intervention aupr\u00e8s des personnes \u00e2g\u00e9es atteintes d&rsquo;Alzheimer : <em>Post-it ordonn\u00e9s<\/em>.<\/figcaption><\/figure>\n<\/div>\n\n\n<div style=\"height:30px\" aria-hidden=\"true\" class=\"wp-block-spacer\"><\/div>\n\n\n\n<h4 class=\"wp-block-heading\">3. <em><a href=\"https:\/\/neuronup.com\/estimulacion-y-rehabilitacion-cognitiva\/las-fichas-de-estimulacion-cognitiva-para-adultos-mas-populares\/\">Organiser les \u00e9tapes d&rsquo;activit\u00e9s<\/a><\/em><\/h4>\n\n\n\n<p>La troisi\u00e8me activit\u00e9, intitul\u00e9e <em><strong>Organiser les \u00e9tapes d&rsquo;activit\u00e9s<\/strong><\/em>, permettra de <strong>travailler la planification, le raisonnement et la compr\u00e9hension<\/strong>. Elle se compose de diff\u00e9rentes actions \u00e0 ordonner pour les accomplir correctement.<\/p>\n\n\n\n<p>Dans cette activit\u00e9, des exemples d&rsquo;activit\u00e9s basiques\/instrumentales de la vie quotidienne sont pr\u00e9sent\u00e9s, ainsi que les diff\u00e9rentes \u00e9tapes \u00e0 suivre pour les r\u00e9aliser correctement. L&rsquo;usager doit indiquer la s\u00e9quence d&rsquo;\u00e9tapes qu&rsquo;il suivrait pour accomplir ladite <a href=\"https:\/\/neuronup.com\/actividades-de-neurorrehabilitacion\/actividades-de-la-vida-diaria-avds\/actividades-de-la-vida-diaria-avds-definicion-clasificacion-y-ejercicios\/\">activit\u00e9 de la vie quotidienne (AVQ)<\/a>.<\/p>\n\n\n\n<div style=\"height:30px\" aria-hidden=\"true\" class=\"wp-block-spacer\"><\/div>\n\n\n<div class=\"wp-block-image image-interface\">\n<figure class=\"aligncenter size-large\"><img decoding=\"async\" width=\"1024\" height=\"758\" src=\"https:\/\/neuronup.com\/fr\/wp-content\/uploads\/2025\/02\/Actividad-de-NeuronUP-para-la-intervencion-de-personas-mayores-con-alzheimer-Ordenar-pasos-de-actividades-1024x758.webp\" alt=\"Interface quiz NeuronUP pr\u00e9sentant quatre phrases en espagnol sur les \u00e9tapes de couture, avec cases \u00e0 cocher.\" class=\"wp-image-37457\" srcset=\"https:\/\/neuronup.com\/fr\/wp-content\/uploads\/2025\/02\/Actividad-de-NeuronUP-para-la-intervencion-de-personas-mayores-con-alzheimer-Ordenar-pasos-de-actividades-300x222.webp 300w, https:\/\/neuronup.com\/fr\/wp-content\/uploads\/2025\/02\/Actividad-de-NeuronUP-para-la-intervencion-de-personas-mayores-con-alzheimer-Ordenar-pasos-de-actividades-768x568.webp 768w, https:\/\/neuronup.com\/fr\/wp-content\/uploads\/2025\/02\/Actividad-de-NeuronUP-para-la-intervencion-de-personas-mayores-con-alzheimer-Ordenar-pasos-de-actividades-1024x758.webp 1024w, https:\/\/neuronup.com\/fr\/wp-content\/uploads\/2025\/02\/Actividad-de-NeuronUP-para-la-intervencion-de-personas-mayores-con-alzheimer-Ordenar-pasos-de-actividades.webp 1450w\" sizes=\"(max-width: 1024px) 100vw, 1024px\" \/><figcaption class=\"wp-element-caption\">Activit\u00e9 NeuronUP pour l&rsquo;intervention aupr\u00e8s des personnes \u00e2g\u00e9es atteintes d&rsquo;Alzheimer : <em>Organiser les \u00e9tapes d&rsquo;activit\u00e9s<\/em>.<\/figcaption><\/figure>\n<\/div>\n\n\n<div style=\"height:70px\" aria-hidden=\"true\" class=\"wp-block-spacer\"><\/div>\n\n\n\n<div class=\"wp-block-group br-0111 has-primary-background-color has-background has-dark-background has-sm-padding-top has-sm-padding-left has-sm-padding-right has-xxl-margin-top\"><div class=\"wp-block-group__inner-container is-layout-constrained wp-block-group-is-layout-constrained\">\n<div class=\"wp-block-columns is-layout-flex wp-container-core-columns-is-layout-9d6595d7 wp-block-columns-is-layout-flex\">\n<div class=\"wp-block-column is-layout-flow wp-block-column-is-layout-flow\">\n<figure class=\"wp-block-image size-full desktop-position-absolute desktop-bottom-0 mobile-width-50 mobile-m-inline-auto has-xl-margin-top\"><img decoding=\"async\" width=\"292\" height=\"338\" src=\"https:\/\/neuronup.com\/fr\/wp-content\/uploads\/2024\/10\/certificat-produit.webp\" alt=\"\" class=\"wp-image-31568\" srcset=\"https:\/\/neuronup.com\/fr\/wp-content\/uploads\/2024\/10\/certificat-produit-259x300.webp 259w, https:\/\/neuronup.com\/fr\/wp-content\/uploads\/2024\/10\/certificat-produit.webp 292w\" sizes=\"(max-width: 292px) 100vw, 292px\" \/><\/figure>\n<\/div>\n\n\n\n<div class=\"wp-block-column is-layout-flow wp-block-column-is-layout-flow\">\n<h2 class=\"wp-block-heading has-white-color has-text-color\"><strong>Abonnez-vous<\/strong> <br>\u00e0 notre <br>Newsletter<\/h2>\n\n\n\n<div class=\"wp-block-buttons is-layout-flex wp-block-buttons-is-layout-flex\">\n<div class=\"wp-block-button--2\" style=\"--button-outline-color:var(--color-white);--button-outline-color-hover:rgba(0,0,0,0.8);\"><a class=\"wp-block-button__link button button-outline   wp-element-button\" href=\"https:\/\/neuronup.com\/fr\/newsletter\/\">Abonnez-vous<\/a><\/div>\n\n<\/div>\n\n\n\n<div style=\"height:40px\" aria-hidden=\"true\" class=\"wp-block-spacer\"><\/div>\n<\/div>\n<\/div>\n<\/div><\/div>\n\n\n\n\n<div style=\"height:50px\" aria-hidden=\"true\" class=\"wp-block-spacer\"><\/div>\n\n\n\n<h4 class=\"wp-block-heading\">4. <em><a href=\"https:\/\/neuronup.com\/actividades-de-neurorrehabilitacion\/actividades-para-funciones-cognitivas\/actividades-de-cognicion-social\/actividades-de-cognicion-social-para-trabajar-con-adultos\/\">Associer mot et \u00e9motion<\/a><\/em><\/h4>\n\n\n\n<p>Enfin, l&rsquo;activit\u00e9 <em><strong>Associer mot et \u00e9motion<\/strong><\/em> est propos\u00e9e, tr\u00e8s utile pour <strong>entra\u00eener la cognition sociale et le vocabulaire<\/strong>.<\/p>\n\n\n\n<p>Ici, des photographies de personnes exprimant une \u00e9motion apparaissent, et la plateforme propose plusieurs options concernant l&rsquo;\u00e9motion ressentie ; l&rsquo;usager doit indiquer celle qu&rsquo;il identifie.<\/p>\n\n\n\n<div style=\"height:30px\" aria-hidden=\"true\" class=\"wp-block-spacer\"><\/div>\n\n\n<div class=\"wp-block-image\">\n<figure class=\"aligncenter size-large image-interface\"><img decoding=\"async\" width=\"1024\" height=\"765\" src=\"https:\/\/neuronup.com\/fr\/wp-content\/uploads\/2025\/02\/Actividad-de-NeuronUP-para-la-intervencion-de-personas-mayores-con-alzheimer-Asociacion-de-emocion-y-palabra-1024x765.webp\" alt=\"Deux visages c\u00f4te \u00e0 c\u00f4te: une femme triste et un homme souriant, avec les mots felicidad et tristeza au-dessus.\" class=\"wp-image-37458\" srcset=\"https:\/\/neuronup.com\/fr\/wp-content\/uploads\/2025\/02\/Actividad-de-NeuronUP-para-la-intervencion-de-personas-mayores-con-alzheimer-Asociacion-de-emocion-y-palabra-300x224.webp 300w, https:\/\/neuronup.com\/fr\/wp-content\/uploads\/2025\/02\/Actividad-de-NeuronUP-para-la-intervencion-de-personas-mayores-con-alzheimer-Asociacion-de-emocion-y-palabra-768x574.webp 768w, https:\/\/neuronup.com\/fr\/wp-content\/uploads\/2025\/02\/Actividad-de-NeuronUP-para-la-intervencion-de-personas-mayores-con-alzheimer-Asociacion-de-emocion-y-palabra-1024x765.webp 1024w, https:\/\/neuronup.com\/fr\/wp-content\/uploads\/2025\/02\/Actividad-de-NeuronUP-para-la-intervencion-de-personas-mayores-con-alzheimer-Asociacion-de-emocion-y-palabra.webp 1442w\" sizes=\"(max-width: 1024px) 100vw, 1024px\" \/><figcaption class=\"wp-element-caption\">Activit\u00e9 NeuronUP pour l&rsquo;intervention aupr\u00e8s des personnes \u00e2g\u00e9es atteintes d&rsquo;Alzheimer : <em>Associer mot et \u00e9motion<\/em>.<\/figcaption><\/figure>\n<\/div>\n\n\n<div style=\"height:50px\" aria-hidden=\"true\" class=\"wp-block-spacer\"><\/div>\n\n\n\n<h4 class=\"wp-block-heading\">5. <em>M\u00e9moire autobiographique<\/em><\/h4>\n\n\n\n<p>Pendant les 20 minutes de pause, divis\u00e9es en deux p\u00e9riodes de 10 minutes, des <strong>questions de rem\u00e9moration<\/strong> seront pos\u00e9es, comme expliqu\u00e9 dans le paragraphe introductif \u00e0 la s\u00e9ance.<\/p>\n\n\n\n<p>Pour cela, la fiche imprimable intitul\u00e9e <strong><em>M\u00e9moire autobiographique<\/em><\/strong>, disponible sur NeuronUP, sera utilis\u00e9e.<\/p>\n\n\n\n<div style=\"height:30px\" aria-hidden=\"true\" class=\"wp-block-spacer\"><\/div>\n\n\n<div class=\"wp-block-image image-interface\">\n<figure class=\"aligncenter size-large\"><img decoding=\"async\" width=\"723\" height=\"1024\" src=\"https:\/\/neuronup.com\/fr\/wp-content\/uploads\/2025\/01\/Actividad-de-NeuronUP-Memoria-autobiografica-723x1024.webp\" alt=\"Document autobiographique NeuronUP avec formulaire \u00e0 remplir nom et date et questions sur l\u2019enfance, jouets et traditions.\" class=\"wp-image-36823\" srcset=\"https:\/\/neuronup.com\/fr\/wp-content\/uploads\/2025\/01\/Actividad-de-NeuronUP-Memoria-autobiografica-212x300.webp 212w, https:\/\/neuronup.com\/fr\/wp-content\/uploads\/2025\/01\/Actividad-de-NeuronUP-Memoria-autobiografica-723x1024.webp 723w, https:\/\/neuronup.com\/fr\/wp-content\/uploads\/2025\/01\/Actividad-de-NeuronUP-Memoria-autobiografica-768x1088.webp 768w, https:\/\/neuronup.com\/fr\/wp-content\/uploads\/2025\/01\/Actividad-de-NeuronUP-Memoria-autobiografica-1085x1536.webp 1085w, https:\/\/neuronup.com\/fr\/wp-content\/uploads\/2025\/01\/Actividad-de-NeuronUP-Memoria-autobiografica.webp 1189w\" sizes=\"(max-width: 723px) 100vw, 723px\" \/><figcaption class=\"wp-element-caption\">Activit\u00e9 NeuronUP pour l&rsquo;intervention aupr\u00e8s des personnes \u00e2g\u00e9es atteintes d&rsquo;Alzheimer : <em>M\u00e9moire autobiographique<\/em>.<\/figcaption><\/figure>\n<\/div>\n\n\n<div style=\"height:30px\" aria-hidden=\"true\" class=\"wp-block-spacer\"><\/div>\n\n\n\n<h3 class=\"wp-block-heading\">Recommandations pour l&rsquo;intervention aupr\u00e8s des personnes \u00e2g\u00e9es atteintes d&rsquo;Alzheimer<\/h3>\n\n\n\n<p>Pour garantir l&rsquo;efficacit\u00e9 de la s\u00e9ance, il est <strong>important de prendre en compte<\/strong>&nbsp;:<\/p>\n\n\n\n<ul class=\"wp-block-list\"><li><a href=\"https:\/\/neuronup.com\/noticias-de-neuronup\/como-adaptar-la-dificultad-de-las-actividades-en-neuronup-para-trabajar-el-deterioro-cognitivo\/\"><strong>Adapter la difficult\u00e9 des activit\u00e9s<\/strong><\/a> en fonction des capacit\u00e9s et du rythme de l&rsquo;usager<\/li><li>\u00catre <strong>attentif<\/strong> aux signes de <strong>frustration<\/strong>.<\/li><li>R\u00e9aliser la s\u00e9ance dans un <strong>espace calme et sans distractions<\/strong>, afin que la personne se sente en s\u00e9curit\u00e9 et \u00e0 l&rsquo;aise.<\/li><li>Le th\u00e9rapeute doit <strong>utiliser un langage clair et simple<\/strong> pour expliquer les activit\u00e9s. De plus, <strong>offrir des renforcements positifs<\/strong> apr\u00e8s chaque t\u00e2che.<\/li><li><strong>Int\u00e9grer des \u00e9l\u00e9ments significatifs<\/strong> pour la personne, comme des questions de rem\u00e9moration li\u00e9es \u00e0 des aspects importants de sa vie.<\/li><li><strong>Varier les activit\u00e9s<\/strong> pour que la personne garde son attention.<\/li><li><strong>Pendant les pauses<\/strong>, le th\u00e9rapeute peut profiter de cette p\u00e9riode pour <strong>poser des questions ouvertes<\/strong> sur la vie de la personne, favorisant le dialogue et la connexion \u00e9motionnelle.<\/li><li><strong>Proposer<\/strong> \u00e0 la personne des <strong>stimuli relaxants<\/strong>, comme de la musique douce.<\/li><li><strong>Pendant la s\u00e9ance, observer la performance<\/strong> de la personne afin d&rsquo;\u00e9valuer ses progr\u00e8s et d&rsquo;ajuster les interventions futures.<\/li><li>Aux aidants, il convient de <strong>fournir des strat\u00e9gies<\/strong> pour qu&rsquo;ils poursuivent activement la stimulation cognitive de la personne \u00e0 domicile.<\/li><li><strong>Demander en fin de s\u00e9ance<\/strong> comment la personne s&rsquo;est sentie et \u00e9couter son retour d&rsquo;exp\u00e9rience.<\/li><\/ul>\n\n\n\n<div style=\"height:70px\" aria-hidden=\"true\" class=\"wp-block-spacer\"><\/div>\n\n\n\n<div class=\"wp-block-group\"><div class=\"wp-block-group__inner-container is-layout-constrained wp-block-group-is-layout-constrained\">\n<div class=\"wp-block-columns br-0111 particle-bg p-5 has-primary-background-color has-background is-layout-flex wp-container-core-columns-is-layout-9d6595d7 wp-block-columns-is-layout-flex\">\n<div class=\"wp-block-column is-layout-flow wp-block-column-is-layout-flow\" style=\"flex-basis:66.66%\">\n<h2 class=\"wp-block-heading has-white-color has-text-color\">Essayez NeuronUP 7 jours gratuitement<\/h2>\n\n\n\n<p class=\"has-white-color has-text-color\">Vous pourrez travailler avec nos activit\u00e9s, concevoir des s\u00e9ances ou effectuer des r\u00e9habilitations \u00e0 distance<\/p>\n<\/div>\n\n\n\n<div class=\"wp-block-column is-layout-flow wp-block-column-is-layout-flow\" style=\"flex-basis:33.33%\">\n<div class=\"wp-block-buttons is-content-justification-center is-layout-flex wp-container-core-buttons-is-layout-16018d1d wp-block-buttons-is-layout-flex\">\n<div class=\"wp-block-button\" style=\"--button-background:var(--color-custom-1);--button-background-hover:#cc7e00;\"><a class=\"wp-block-button__link button   wp-element-button\" href=\"https:\/\/neuronup.com\/fr\/landing\/\">Commencez votre essai<\/a><\/div>\n\n<\/div>\n<\/div>\n<\/div>\n<\/div><\/div>\n\n\n\n<div style=\"height:50px\" aria-hidden=\"true\" class=\"wp-block-spacer\"><\/div>\n\n\n\n<h2 class=\"wp-block-heading\">Conclusion<\/h2>\n\n\n\n<p>Cette intervention a \u00e9t\u00e9 con\u00e7ue pour les personnes \u00e2g\u00e9es atteintes d&rsquo;Alzheimer \u00e0 un stade l\u00e9ger. Cette s\u00e9ance allie stimulation cognitive et interaction sociale, dans le but de r\u00e9pondre au besoin de maintenir et de renforcer les capacit\u00e9s cognitives des participants, tout en favorisant leur bien-\u00eatre social.<\/p>\n\n\n\n<p>La combinaison d&rsquo;activit\u00e9s structur\u00e9es et de dynamiques de rem\u00e9moration nous permet de renforcer la connexion entre le participant et son environnement, favorisant le sentiment d&rsquo;appartenance et encourageant des moments de plaisir.<\/p>\n\n\n\n<p>Les pauses actives propos\u00e9es au cours de la s\u00e9ance facilitent non seulement la r\u00e9cup\u00e9ration physique et mentale, mais visent \u00e9galement \u00e0 offrir l&rsquo;occasion d&rsquo;explorer les souvenirs, ajoutant ainsi une dimension humaine et \u00e9motionnelle qui renforce l&rsquo;efficacit\u00e9 de l&rsquo;intervention.<\/p>\n\n\n\n<p>De la m\u00eame mani\u00e8re, la derni\u00e8re activit\u00e9 propos\u00e9e se concentre sur la cognition sociale, soulignant ainsi l&rsquo;importance de travailler sur les dimensions \u00e9motionnelles.<\/p>\n\n\n\n<p>Il est tr\u00e8s important d&rsquo;utiliser et de faire conna\u00eetre des outils tels que NeuronUP, car ils permettent de cr\u00e9er des interventions adapt\u00e9es au niveau de chaque personne, garantissant ainsi l&rsquo;accessibilit\u00e9 et un niveau de d\u00e9fi adapt\u00e9, dans le but de favoriser la motivation et l&rsquo;engagement des usagers.<\/p>\n\n\n\n<p>En conclusion, nous souhaitons montrer comment une intervention bien planifi\u00e9e peut aider \u00e0 ralentir le d\u00e9clin cognitif, en favorisant l&rsquo;autonomie et la qualit\u00e9 de vie des personnes atteintes d&rsquo;Alzheimer. Il est recommand\u00e9 de poursuivre ce type d&rsquo;activit\u00e9s ou de strat\u00e9gies en int\u00e9grant la participation des proches ou des aidants pour renforcer leurs effets et assurer une prise en charge globale couvrant tous les domaines significatifs de la personne.<\/p>\n\n\n\n<h3 class=\"wp-block-heading\">Si vous avez appr\u00e9ci\u00e9 cet article de blog sur un <strong>atelier cognitif avec NeuronUP pour les personnes \u00e2g\u00e9es atteintes d&rsquo;Alzheimer<\/strong>, ces articles de NeuronUP pourraient \u00e9galement vous int\u00e9resser :<\/h3>\n\n<div class=\"mai-grid entries entries-grid has-boxed has-image-full\" style=\"--entry-title-font-size:var(--font-size-lg);--align-text:start;--entry-meta-text-align:start;\"><div class=\"entries-wrap has-columns\" style=\"--columns-xs:1\/1;--columns-sm:1\/1;--columns-md:1\/3;--columns-lg:1\/3;--flex-xs:0 0 var(--flex-basis);--flex-sm:0 0 var(--flex-basis);--flex-md:0 0 var(--flex-basis);--flex-lg:0 0 var(--flex-basis);--column-gap:var(--spacing-lg);--row-gap:var(--spacing-lg);--align-columns:start;\"><article class=\"entry entry-grid is-column has-entry-link has-image has-image-first type-post category-troubles-du-langage tag-neuronup tag-troubles-neurodeveloppementaux\" style=\"--entry-index:1;\" aria-label=\"Intervention neuropsychologique avec NeuronUP pour les troubles sp\u00e9cifiques du langage\" itemscope itemtype=\"https:\/\/schema.org\/CreativeWork\"><a class=\"entry-image-link\" href=\"https:\/\/neuronup.com\/fr\/actualites-de-la-stimulation-cognitive\/troubles-du-langage\/intervention-neuropsychologique-avec-neuronup-pour-les-troubles-specifiques-du-langage\/\" tabindex=\"-1\" aria-hidden=\"true\"><img decoding=\"async\" width=\"400\" height=\"300\" src=\"https:\/\/neuronup.com\/fr\/wp-content\/uploads\/2024\/11\/image-1200x700-1-1-400x300.webp\" class=\"entry-image size-landscape-sm\" alt=\"Enfant blond assis \u00e0 une table tenant une carte de lettre S; sourire et \u00e9coute par une femme brune dans un cadre \u00e9ducatif.\" srcset=\"https:\/\/neuronup.com\/fr\/wp-content\/uploads\/2024\/11\/image-1200x700-1-1-400x300.webp 400w, https:\/\/neuronup.com\/fr\/wp-content\/uploads\/2024\/11\/image-1200x700-1-1-800x600.webp 800w\" sizes=\"(max-width:599px) 599px, (min-width:600px) and (max-width: 799px) 799px, (min-width:800px) and (max-width: 999px) 333px, (min-width:1000px) 400px\" \/><\/a><div class=\"entry-wrap entry-wrap-grid\"><h3 class=\"entry-title\" itemprop=\"headline\"><a class=\"entry-title-link\" href=\"https:\/\/neuronup.com\/fr\/actualites-de-la-stimulation-cognitive\/troubles-du-langage\/intervention-neuropsychologique-avec-neuronup-pour-les-troubles-specifiques-du-langage\/\" rel=\"bookmark\">Intervention neuropsychologique avec NeuronUP pour les troubles sp\u00e9cifiques du langage<\/a><\/h3>\n<\/div><\/article><article class=\"entry entry-grid is-column has-entry-link has-image has-image-first type-post category-temoignages tag-adultes tag-lesion-cerebrale-acquise tag-stimulation-cognitive tag-temoignages\" style=\"--entry-index:2;\" aria-label=\"R\u00e9\u00e9ducation cognitive avec NeuronUP \u00e0 l&rsquo;Ateneu Maestrat\" itemscope itemtype=\"https:\/\/schema.org\/CreativeWork\"><a class=\"entry-image-link\" href=\"https:\/\/neuronup.com\/fr\/actualites-de-la-stimulation-cognitive\/temoignages\/reeducation-cognitive-avec-neuronup-a-lateneu-maestrat\/\" tabindex=\"-1\" aria-hidden=\"true\"><img decoding=\"async\" width=\"300\" height=\"300\" src=\"https:\/\/neuronup.com\/fr\/wp-content\/uploads\/2024\/12\/Usuario-de-Ateneu-Maestrat-trabajando-con-NeuronUP.webp\" class=\"entry-image size-landscape-sm\" alt=\"Homme assis devant un ordinateur, pointant l\u2019\u00e9cran affichant des portraits; bureau \u00e9quip\u00e9 d&#039;un clavier et d&#039;une souris, tableau en arri\u00e8re-plan.\" srcset=\"https:\/\/neuronup.com\/fr\/wp-content\/uploads\/2024\/12\/Usuario-de-Ateneu-Maestrat-trabajando-con-NeuronUP-24x24.webp 24w, https:\/\/neuronup.com\/fr\/wp-content\/uploads\/2024\/12\/Usuario-de-Ateneu-Maestrat-trabajando-con-NeuronUP-48x48.webp 48w, https:\/\/neuronup.com\/fr\/wp-content\/uploads\/2024\/12\/Usuario-de-Ateneu-Maestrat-trabajando-con-NeuronUP-96x96.webp 96w, https:\/\/neuronup.com\/fr\/wp-content\/uploads\/2024\/12\/Usuario-de-Ateneu-Maestrat-trabajando-con-NeuronUP-150x150.webp 150w, https:\/\/neuronup.com\/fr\/wp-content\/uploads\/2024\/12\/Usuario-de-Ateneu-Maestrat-trabajando-con-NeuronUP-300x300.webp 300w, https:\/\/neuronup.com\/fr\/wp-content\/uploads\/2024\/12\/Usuario-de-Ateneu-Maestrat-trabajando-con-NeuronUP-768x769.webp 768w, https:\/\/neuronup.com\/fr\/wp-content\/uploads\/2024\/12\/Usuario-de-Ateneu-Maestrat-trabajando-con-NeuronUP-1022x1024.webp 1022w, https:\/\/neuronup.com\/fr\/wp-content\/uploads\/2024\/12\/Usuario-de-Ateneu-Maestrat-trabajando-con-NeuronUP.webp 1200w\" sizes=\"(max-width:599px) 599px, (min-width:600px) and (max-width: 799px) 799px, (min-width:800px) and (max-width: 999px) 333px, (min-width:1000px) 400px\" \/><\/a><div class=\"entry-wrap entry-wrap-grid\"><h3 class=\"entry-title\" itemprop=\"headline\"><a class=\"entry-title-link\" href=\"https:\/\/neuronup.com\/fr\/actualites-de-la-stimulation-cognitive\/temoignages\/reeducation-cognitive-avec-neuronup-a-lateneu-maestrat\/\" rel=\"bookmark\">R\u00e9\u00e9ducation cognitive avec NeuronUP \u00e0 l&rsquo;Ateneu Maestrat<\/a><\/h3>\n<\/div><\/article><article class=\"entry entry-grid is-column has-entry-link has-image has-image-first type-post category-fonctions-executives tag-fonctions-executives tag-neuropsychologie\" style=\"--entry-index:3;\" aria-label=\"Mod\u00e8le des fonctions ex\u00e9cutives bas\u00e9 sur des analyses factorielles\" itemscope itemtype=\"https:\/\/schema.org\/CreativeWork\"><a class=\"entry-image-link\" href=\"https:\/\/neuronup.com\/fr\/neurosciences\/neuropsychologie-et-informations\/fonctions-executives\/modele-de-fonctions-executives-base-sur-des-analyses-factorielles\/\" tabindex=\"-1\" aria-hidden=\"true\"><img decoding=\"async\" width=\"400\" height=\"300\" src=\"https:\/\/neuronup.com\/fr\/wp-content\/uploads\/2023\/02\/neurorrehabilitaciom-cerebro-1-1.webp\" class=\"entry-image size-landscape-sm\" alt=\"Repr\u00e9sentation 3D d\u2019un cerveau bleu avec r\u00e9seau neuronal et points rouges sur fond noir, symbolisant l\u2019activit\u00e9 c\u00e9r\u00e9brale.\" srcset=\"https:\/\/neuronup.com\/fr\/wp-content\/uploads\/2023\/02\/neurorrehabilitaciom-cerebro-1-1-300x225.webp 300w, https:\/\/neuronup.com\/fr\/wp-content\/uploads\/2023\/02\/neurorrehabilitaciom-cerebro-1-1-768x576.webp 768w, https:\/\/neuronup.com\/fr\/wp-content\/uploads\/2023\/02\/neurorrehabilitaciom-cerebro-1-1-1024x768.webp 1024w, https:\/\/neuronup.com\/fr\/wp-content\/uploads\/2023\/02\/neurorrehabilitaciom-cerebro-1-1.webp 1200w\" sizes=\"(max-width:599px) 599px, (min-width:600px) and (max-width: 799px) 799px, (min-width:800px) and (max-width: 999px) 333px, (min-width:1000px) 400px\" \/><\/a><div class=\"entry-wrap entry-wrap-grid\"><h3 class=\"entry-title\" itemprop=\"headline\"><a class=\"entry-title-link\" href=\"https:\/\/neuronup.com\/fr\/neurosciences\/neuropsychologie-et-informations\/fonctions-executives\/modele-de-fonctions-executives-base-sur-des-analyses-factorielles\/\" rel=\"bookmark\">Mod\u00e8le des fonctions ex\u00e9cutives bas\u00e9 sur des analyses factorielles<\/a><\/h3>\n<\/div><\/article><article class=\"entry entry-grid is-column has-entry-link has-image has-image-first type-post category-trouble-de-la-personnalite tag-cerveau tag-cognition-sociale tag-temoignage\" style=\"--entry-index:4;\" aria-label=\"Trouble de la personnalit\u00e9\u00a0: ce que c&#8217;est, nature, types, traitement et r\u00e9alit\u00e9\" itemscope itemtype=\"https:\/\/schema.org\/CreativeWork\"><a class=\"entry-image-link\" href=\"https:\/\/neuronup.com\/fr\/neurosciences\/cerveau\/trouble-de-la-personnalite\/trouble-de-la-personnalite-ce-quil-est-nature-types-traitement-et-realite\/\" tabindex=\"-1\" aria-hidden=\"true\"><img decoding=\"async\" width=\"400\" height=\"300\" src=\"https:\/\/neuronup.com\/fr\/wp-content\/uploads\/2024\/11\/Therapie-occupationnelle-et-lesion-cerebrale-14-400x300.webp\" class=\"entry-image size-landscape-sm\" alt=\"Silhouettes et visages montrant des \u00e9motions vari\u00e9es autour du trouble de la personnalit\u00e9, sur fond neutre.\" srcset=\"https:\/\/neuronup.com\/fr\/wp-content\/uploads\/2024\/11\/Therapie-occupationnelle-et-lesion-cerebrale-14-400x300.webp 400w, https:\/\/neuronup.com\/fr\/wp-content\/uploads\/2024\/11\/Therapie-occupationnelle-et-lesion-cerebrale-14-800x600.webp 800w, https:\/\/neuronup.com\/fr\/wp-content\/uploads\/2024\/11\/Therapie-occupationnelle-et-lesion-cerebrale-14-1200x900.webp 1200w\" sizes=\"(max-width:599px) 599px, (min-width:600px) and (max-width: 799px) 799px, (min-width:800px) and (max-width: 999px) 333px, (min-width:1000px) 400px\" \/><\/a><div class=\"entry-wrap entry-wrap-grid\"><h3 class=\"entry-title\" itemprop=\"headline\"><a class=\"entry-title-link\" href=\"https:\/\/neuronup.com\/fr\/neurosciences\/cerveau\/trouble-de-la-personnalite\/trouble-de-la-personnalite-ce-quil-est-nature-types-traitement-et-realite\/\" rel=\"bookmark\">Trouble de la personnalit\u00e9\u00a0: ce que c&#8217;est, nature, types, traitement et r\u00e9alit\u00e9<\/a><\/h3>\n<\/div><\/article><article class=\"entry entry-grid is-column has-entry-link has-image has-image-first type-post category-activites-dattention tag-activites-de-stimulation-cognitive tag-actualites-de-neuronup tag-attention\" style=\"--entry-index:5;\" aria-label=\"Nouveau g\u00e9n\u00e9rateur pour copier le contenu d&#8217;un tableau dans un autre\" itemscope itemtype=\"https:\/\/schema.org\/CreativeWork\"><a class=\"entry-image-link\" href=\"https:\/\/neuronup.com\/fr\/activites-de-neuro-reeducation\/activites-pour-les-fonctions-cognitives\/activites-dattention\/nouveau-generateur-pour-copier-le-contenu-dune-matrice-a-une-autre\/\" tabindex=\"-1\" aria-hidden=\"true\"><img decoding=\"async\" width=\"400\" height=\"267\" src=\"https:\/\/neuronup.com\/fr\/wp-content\/uploads\/2022\/09\/copiar-el-contenido-de-una-matriz-2-1.webp\" class=\"entry-image size-landscape-sm\" alt=\"Nouveau g\u00e9n\u00e9rateur pour copier le contenu d&#039;une matrice \u00e0 une autre\" srcset=\"https:\/\/neuronup.com\/fr\/wp-content\/uploads\/2022\/09\/copiar-el-contenido-de-una-matriz-2-1-300x201.webp 300w, https:\/\/neuronup.com\/fr\/wp-content\/uploads\/2022\/09\/copiar-el-contenido-de-una-matriz-2-1-768x513.webp 768w, https:\/\/neuronup.com\/fr\/wp-content\/uploads\/2022\/09\/copiar-el-contenido-de-una-matriz-2-1-1024x684.webp 1024w, https:\/\/neuronup.com\/fr\/wp-content\/uploads\/2022\/09\/copiar-el-contenido-de-una-matriz-2-1.webp 1200w\" sizes=\"(max-width:599px) 599px, (min-width:600px) and (max-width: 799px) 799px, (min-width:800px) and (max-width: 999px) 333px, (min-width:1000px) 400px\" \/><\/a><div class=\"entry-wrap entry-wrap-grid\"><h3 class=\"entry-title\" itemprop=\"headline\"><a class=\"entry-title-link\" href=\"https:\/\/neuronup.com\/fr\/activites-de-neuro-reeducation\/activites-pour-les-fonctions-cognitives\/activites-dattention\/nouveau-generateur-pour-copier-le-contenu-dune-matrice-a-une-autre\/\" rel=\"bookmark\">Nouveau g\u00e9n\u00e9rateur pour copier le contenu d&#8217;un tableau dans un autre<\/a><\/h3>\n<\/div><\/article><article class=\"entry entry-grid is-column has-entry-link has-image has-image-first type-post category-lignes-de-recherche tag-evaluation-neuropsychologique tag-fonctions-executives\" style=\"--entry-index:6;\" aria-label=\"L&rsquo;\u00e9valuation de la prise de d\u00e9cision en neuropsychologie\" itemscope itemtype=\"https:\/\/schema.org\/CreativeWork\"><a class=\"entry-image-link\" href=\"https:\/\/neuronup.com\/fr\/investigation\/lignes-de-recherche\/levaluation-de-la-prise-de-decision-en-neuropsychologie\/\" tabindex=\"-1\" aria-hidden=\"true\"><img decoding=\"async\" width=\"400\" height=\"267\" src=\"https:\/\/neuronup.com\/fr\/wp-content\/uploads\/2025\/05\/La-evaluacion-de-la-toma-de-decisiones-en-neuropsicologia-Marcos-Rios-NeuronUP.webp\" class=\"entry-image size-landscape-sm\" alt=\"Main tendue sous un cerveau stylis\u00e9 et connect\u00e9, illustration abstraite symbolisant la pens\u00e9e et la neuropsychologie.\" srcset=\"https:\/\/neuronup.com\/fr\/wp-content\/uploads\/2025\/05\/La-evaluacion-de-la-toma-de-decisiones-en-neuropsicologia-Marcos-Rios-NeuronUP-300x200.webp 300w, https:\/\/neuronup.com\/fr\/wp-content\/uploads\/2025\/05\/La-evaluacion-de-la-toma-de-decisiones-en-neuropsicologia-Marcos-Rios-NeuronUP-768x512.webp 768w, https:\/\/neuronup.com\/fr\/wp-content\/uploads\/2025\/05\/La-evaluacion-de-la-toma-de-decisiones-en-neuropsicologia-Marcos-Rios-NeuronUP-1024x683.webp 1024w, https:\/\/neuronup.com\/fr\/wp-content\/uploads\/2025\/05\/La-evaluacion-de-la-toma-de-decisiones-en-neuropsicologia-Marcos-Rios-NeuronUP.webp 1200w\" sizes=\"(max-width:599px) 599px, (min-width:600px) and (max-width: 799px) 799px, (min-width:800px) and (max-width: 999px) 333px, (min-width:1000px) 400px\" \/><\/a><div class=\"entry-wrap entry-wrap-grid\"><h3 class=\"entry-title\" itemprop=\"headline\"><a class=\"entry-title-link\" href=\"https:\/\/neuronup.com\/fr\/investigation\/lignes-de-recherche\/levaluation-de-la-prise-de-decision-en-neuropsychologie\/\" rel=\"bookmark\">L&rsquo;\u00e9valuation de la prise de d\u00e9cision en neuropsychologie<\/a><\/h3>\n<\/div><\/article><\/div><\/div>","protected":false},"excerpt":{"rendered":"<p>Olalla S\u00e1iz V\u00e1zquez, ergoth\u00e9rapeute et professeure \u00e0 l&rsquo;Universit\u00e9 de Burgos, pr\u00e9sente avec ses \u00e9tudiantes Alba Moro Mart\u00edn, Leyre Muniain Chocarro, Teresa Mu\u00f1oz Mill\u00e1n, Olga Ortega Cifuentes et Claudia Piedrafita Pascual, un atelier cognitif avec NeuronUP pour la stimulation cognitive des personnes \u00e2g\u00e9es atteintes de la maladie d&rsquo;Alzheimer (MA). Introduction Le plan de la s\u00e9ance de &hellip;<\/p>\n","protected":false},"author":180,"featured_media":37456,"comment_status":"open","ping_status":"open","sticky":false,"template":"","format":"standard","meta":{"_acf_changed":false,"_genesis_hide_title":false,"_genesis_hide_breadcrumbs":false,"_genesis_hide_singular_image":false,"_genesis_hide_footer_widgets":false,"_genesis_custom_body_class":"","_genesis_custom_post_class":"","_genesis_layout":"","footnotes":""},"categories":[579],"tags":[694,698,806],"class_list":{"2":"type-post","7":"category-alzheimer","8":"tag-activites-de-stimulation-cognitive","9":"tag-maladie-dalzheimer","10":"tag-personnes-agees","11":"entry"},"acf":[],"_links":{"self":[{"href":"https:\/\/neuronup.com\/fr\/wp-json\/wp\/v2\/posts\/36821","targetHints":{"allow":["GET"]}}],"collection":[{"href":"https:\/\/neuronup.com\/fr\/wp-json\/wp\/v2\/posts"}],"about":[{"href":"https:\/\/neuronup.com\/fr\/wp-json\/wp\/v2\/types\/post"}],"author":[{"embeddable":true,"href":"https:\/\/neuronup.com\/fr\/wp-json\/wp\/v2\/users\/180"}],"replies":[{"embeddable":true,"href":"https:\/\/neuronup.com\/fr\/wp-json\/wp\/v2\/comments?post=36821"}],"version-history":[{"count":0,"href":"https:\/\/neuronup.com\/fr\/wp-json\/wp\/v2\/posts\/36821\/revisions"}],"wp:featuredmedia":[{"embeddable":true,"href":"https:\/\/neuronup.com\/fr\/wp-json\/wp\/v2\/media\/37456"}],"wp:attachment":[{"href":"https:\/\/neuronup.com\/fr\/wp-json\/wp\/v2\/media?parent=36821"}],"wp:term":[{"taxonomy":"category","embeddable":true,"href":"https:\/\/neuronup.com\/fr\/wp-json\/wp\/v2\/categories?post=36821"},{"taxonomy":"post_tag","embeddable":true,"href":"https:\/\/neuronup.com\/fr\/wp-json\/wp\/v2\/tags?post=36821"}],"curies":[{"name":"wp","href":"https:\/\/api.w.org\/{rel}","templated":true}]}}