{"id":36616,"date":"2024-12-31T11:28:19","date_gmt":"2024-12-31T09:28:19","guid":{"rendered":"https:\/\/neuronup.com\/fr\/?p=36616"},"modified":"2025-01-07T13:33:32","modified_gmt":"2025-01-07T11:33:32","slug":"tendances-actuelles-dans-le-traitement-des-maladies-neurodegeneratives","status":"publish","type":"post","link":"https:\/\/neuronup.com\/fr\/actualites-de-la-stimulation-cognitive\/maladies-neurodegeneratives\/tendances-actuelles-dans-le-traitement-des-maladies-neurodegeneratives\/","title":{"rendered":"Tendances actuelles dans le traitement des maladies neurod\u00e9g\u00e9n\u00e9ratives"},"content":{"rendered":"\n<p class=\"has-xl-font-size\">Les maladies neurod\u00e9g\u00e9n\u00e9ratives, telles que la maladie d&rsquo;Alzheimer, la maladie de Parkinson et la scl\u00e9rose en plaques, sont des affections qui touchent le syst\u00e8me nerveux central et entra\u00eenent une perte progressive de neurones. Ces derni\u00e8res ann\u00e9es, les innovations en neuror\u00e9habilitation avanc\u00e9e r\u00e9volutionnent le traitement, allant de l&rsquo;utilisation de l&rsquo;intelligence artificielle aux technologies d&rsquo;assistance. Cet article explore les<strong> derni\u00e8res tendances en neuror\u00e9habilitation<\/strong>, depuis l&rsquo;intelligence artificielle jusqu&rsquo;aux th\u00e9rapies num\u00e9riques, <strong>et comment ces innovations transforment le traitement des maladies neurod\u00e9g\u00e9n\u00e9ratives<\/strong>.<\/p>\n\n\n\n<h2 class=\"wp-block-heading\">L&rsquo;importance d&rsquo;avancer dans la recherche et le traitement des maladies neurod\u00e9g\u00e9n\u00e9ratives<\/h2>\n\n\n\n<p>Ces derni\u00e8res ann\u00e9es, le traitement des <a href=\"https:\/\/neuronup.com\/fr\/cas-d-usage-maladies-neurodegeneratives\/\">maladies neurod\u00e9g\u00e9n\u00e9ratives<\/a> a connu des avanc\u00e9es significatives. Gr\u00e2ce \u00e0 la combinaison de technologies innovantes et d&rsquo;approches th\u00e9rapeutiques modernes, les personnes atteintes de ces pathologies ont acc\u00e8s \u00e0 des interventions personnalis\u00e9es en neuror\u00e9habilitation, am\u00e9liorant ainsi leur qualit\u00e9 de vie.\u00a0<\/p>\n\n\n\n<p>Ces <strong>progr\u00e8s dans les traitements des maladies neurod\u00e9g\u00e9n\u00e9ratives<\/strong>, telles que la <a href=\"https:\/\/neuronup.com\/fr\/la-neuro-reeducation\/les-maladies-neurodegeneratives\/maladie-dalzheimer\/\">maladie d&rsquo;Alzheimer<\/a> ou la <a href=\"https:\/\/neuronup.com\/fr\/la-neuro-reeducation\/les-maladies-neurodegeneratives\/parkinson\/\">maladie de Parkinson<\/a>, <strong>sont cruciaux \u00e0 de multiples niveaux<\/strong>. Ils permettent non seulement d&rsquo;am\u00e9liorer la qualit\u00e9 de vie des patients, mais aussi d&rsquo;all\u00e9ger la charge \u00e9motionnelle et financi\u00e8re que ces pathologies repr\u00e9sentent pour les familles, les aidants et les syst\u00e8mes de sant\u00e9 \u00e0 travers le monde.\u00a0<\/p>\n\n\n\n<p>\u00c0 mesure que la recherche progresse, de nouvelles th\u00e9rapies et technologies \u00e9mergent, offrant de l&rsquo;espoir \u00e0 des millions de personnes affect\u00e9es.&nbsp;<\/p>\n\n\n\n<div style=\"height:50px\" aria-hidden=\"true\" class=\"wp-block-spacer\"><\/div>\n\n\n\n<div class=\"wp-block-group br-0111 has-primary-background-color has-background has-dark-background has-sm-padding-top has-sm-padding-left has-sm-padding-right has-xxl-margin-top\"><div class=\"wp-block-group__inner-container is-layout-constrained wp-block-group-is-layout-constrained\">\n<div class=\"wp-block-columns is-layout-flex wp-container-core-columns-is-layout-9d6595d7 wp-block-columns-is-layout-flex\">\n<div class=\"wp-block-column is-layout-flow wp-block-column-is-layout-flow\">\n<figure class=\"wp-block-image size-full desktop-position-absolute desktop-bottom-0 mobile-width-50 mobile-m-inline-auto has-xl-margin-top\"><img decoding=\"async\" width=\"292\" height=\"338\" src=\"https:\/\/neuronup.com\/fr\/wp-content\/uploads\/2024\/10\/certificat-produit.webp\" alt=\"\" class=\"wp-image-31568\" srcset=\"https:\/\/neuronup.com\/fr\/wp-content\/uploads\/2024\/10\/certificat-produit-259x300.webp 259w, https:\/\/neuronup.com\/fr\/wp-content\/uploads\/2024\/10\/certificat-produit.webp 292w\" sizes=\"(max-width: 292px) 100vw, 292px\" \/><\/figure>\n<\/div>\n\n\n\n<div class=\"wp-block-column is-layout-flow wp-block-column-is-layout-flow\">\n<h2 class=\"wp-block-heading has-white-color has-text-color\"><strong>Abonnez-vous<\/strong> <br>\u00e0 notre <br>Newsletter<\/h2>\n\n\n\n<div class=\"wp-block-buttons is-layout-flex wp-block-buttons-is-layout-flex\">\n<div class=\"wp-block-button--1\" style=\"--button-outline-color:var(--color-white);--button-outline-color-hover:rgba(0,0,0,0.8);\"><a class=\"wp-block-button__link button button-outline   wp-element-button\" href=\"https:\/\/neuronup.com\/fr\/newsletter\/\">Abonnez-vous<\/a><\/div>\n\n<\/div>\n\n\n\n<div style=\"height:40px\" aria-hidden=\"true\" class=\"wp-block-spacer\"><\/div>\n<\/div>\n<\/div>\n<\/div><\/div>\n\n\n\n\n<div style=\"height:50px\" aria-hidden=\"true\" class=\"wp-block-spacer\"><\/div>\n\n\n\n<h2 class=\"wp-block-heading\">Principales tendances en neuror\u00e9habilitation des maladies neurod\u00e9g\u00e9n\u00e9ratives&nbsp;<\/h2>\n\n\n\n<h3 class=\"wp-block-heading\">1. Diagnostic pr\u00e9coce des maladies neurod\u00e9g\u00e9n\u00e9ratives gr\u00e2ce aux neuromarqueurs<\/h3>\n\n\n\n<p>Le <strong>diagnostic pr\u00e9coce des maladies neurod\u00e9g\u00e9n\u00e9ratives<\/strong> telles que la maladie d&rsquo;Alzheimer, la maladie de Parkinson et la <a href=\"https:\/\/neuronup.com\/fr\/la-neuro-reeducation\/les-maladies-neurodegeneratives\/sclerose-en-plaques\/\">scl\u00e9rose en plaques<\/a> est essentiel pour am\u00e9liorer la vie des patients, car il <strong>offre une fen\u00eatre d&rsquo;opportunit\u00e9 unique pour intervenir et ralentir le processus de la maladie<\/strong>.\u00a0<\/p>\n\n\n\n<p>Pour atteindre ce diagnostic pr\u00e9coce, <strong>l&rsquo;une des tendances actuelles est l&rsquo;utilisation de neuromarqueurs<\/strong> en neuror\u00e9habilitation pour identifier les premiers signes de ces pathologies avant que les sympt\u00f4mes cliniques ne deviennent \u00e9vidents.&nbsp;<\/p>\n\n\n\n<h4 class=\"wp-block-heading\">Qu&rsquo;est-ce que les neuromarqueurs&nbsp;?<\/h4>\n\n\n\n<p>Les neuromarqueurs sont des<strong> indicateurs biologiques qui permettent de d\u00e9tecter des changements structurels et fonctionnels dans le cerveau<\/strong> li\u00e9s aux maladies neurod\u00e9g\u00e9n\u00e9ratives. Ces signaux peuvent \u00eatre identifi\u00e9s gr\u00e2ce \u00e0 des technologies avanc\u00e9es telles que l&rsquo;imagerie par r\u00e9sonance magn\u00e9tique fonctionnelle (IRMf) et la tomographie par \u00e9mission de positons (TEP).<\/p>\n\n\n\n<h4 class=\"wp-block-heading\">Neuromarqueurs les plus utilis\u00e9s dans le diagnostic pr\u00e9coce des maladies neurod\u00e9g\u00e9n\u00e9ratives&nbsp;<\/h4>\n\n\n\n<h5 class=\"wp-block-heading\">1. Prot\u00e9ines tau et b\u00eata-amylo\u00efde dans la maladie d&rsquo;Alzheimer<\/h5>\n\n\n\n<p>La combinaison de ces deux biomarqueurs est <strong>l&rsquo;une des m\u00e9thodes les plus fiables<\/strong> pour pr\u00e9dire le d\u00e9veloppement de la maladie d&rsquo;Alzheimer chez les individus pr\u00e9sentant un trouble cognitif l\u00e9ger avant que la maladie ne progresse \u00e0 un stade plus avanc\u00e9.<\/p>\n\n\n\n<p>Les d\u00e9p\u00f4ts anormaux de b\u00eata-amylo\u00efde et de tau dans le cerveau sont <strong>des indicateurs pr\u00e9coces<\/strong> de la maladie d&rsquo;Alzheimer et permettent de pr\u00e9dire l&rsquo;\u00e9volution de la maladie. L&rsquo;accumulation de ces plaques commence des ann\u00e9es avant que les sympt\u00f4mes cliniques ne deviennent \u00e9vidents.&nbsp;<\/p>\n\n\n\n<h5 class=\"wp-block-heading\">2. Alpha-synucl\u00e9ine dans la maladie de Parkinson et autres troubles connexes tels que l&rsquo;atrophie multisyst\u00e9matis\u00e9e<\/h5>\n\n\n\n<p>L&rsquo;alpha-synucl\u00e9ine est une prot\u00e9ine associ\u00e9e \u00e0 des maladies neurod\u00e9g\u00e9n\u00e9ratives telles que la maladie de Parkinson, la d\u00e9mence \u00e0 corps de Lewy et l&rsquo;atrophie multisyst\u00e9matis\u00e9e (AMS). Dans ces troubles, l&rsquo;alpha-synucl\u00e9ine s&rsquo;accumule anormalement dans le cerveau, formant des agr\u00e9gats toxiques qui alt\u00e8rent la fonction neuronale, endommagent les neurones dopaminergiques et affectent \u00e0 la fois les capacit\u00e9s motrices et cognitives.<\/p>\n\n\n\n<p>Les <strong>niveaux alt\u00e9r\u00e9s d&rsquo;alpha-synucl\u00e9ine<\/strong> dans le liquide c\u00e9phalorachidien peuvent aider \u00e0 distinguer la maladie de Parkinson d&rsquo;autres pathologies comme l&rsquo;atrophie multisyst\u00e9matis\u00e9e ou la d\u00e9mence \u00e0 corps de Lewy, ainsi qu&rsquo;\u00e0 d\u00e9tecter la maladie \u00e0 des stades pr\u00e9coces.<\/p>\n\n\n\n<h5 class=\"wp-block-heading\">3. Biomarqueurs de la neuroinflammation dans la scl\u00e9rose en plaques (SEP) et d&rsquo;autres maladies inflammatoires du syst\u00e8me nerveux central&nbsp;<\/h5>\n\n\n\n<p><strong>La neuroinflammation joue un r\u00f4le crucial <\/strong>dans le d\u00e9veloppement de nombreuses maladies neurod\u00e9g\u00e9n\u00e9ratives, y compris la <a href=\"https:\/\/neuronup.com\/fr\/la-neuro-reeducation\/les-maladies-neurodegeneratives\/sclerose-en-plaques\/\">scl\u00e9rose en plaques.<\/a> Les biomarqueurs inflammatoires, tels que les cytokines (prot\u00e9ines impliqu\u00e9es dans la communication cellulaire), peuvent \u00eatre mesur\u00e9s dans le liquide c\u00e9phalorachidien ou dans le sang pour d\u00e9tecter l&rsquo;inflammation dans le cerveau et la moelle \u00e9pini\u00e8re.<\/p>\n\n\n\n<p>Un exemple de ces marqueurs inflammatoires est la <strong>prot\u00e9ine de l\u00e9sion axonale appel\u00e9e neurofilament de cha\u00eene l\u00e9g\u00e8re (NFL)<\/strong>, utilis\u00e9e pour mesurer les l\u00e9sions et la d\u00e9g\u00e9n\u00e9rescence neuronale dans la scl\u00e9rose en plaques. Ce marqueur est \u00e9lev\u00e9 lorsqu&rsquo;il y a une inflammation active ou des dommages neuronaux, et permet aux cliniciens d&rsquo;\u00e9valuer le risque de pouss\u00e9es ou la progression de la maladie.<\/p>\n\n\n\n<p>La d\u00e9tection de l&rsquo;inflammation \u00e0 travers ces marqueurs est utile non seulement pour diagnostiquer la scl\u00e9rose en plaques \u00e0 un stade pr\u00e9coce, mais aussi pour surveiller l&rsquo;activit\u00e9 de la maladie et ajuster les traitements en fonction de la r\u00e9ponse de chaque personne.<\/p>\n\n\n\n<h4 class=\"wp-block-heading\">Avantages des neuromarqueurs dans la neuror\u00e9habilitation des maladies neurod\u00e9g\u00e9n\u00e9ratives&nbsp;<\/h4>\n\n\n\n<p>L&rsquo;utilisation de neuromarqueurs en neuror\u00e9habilitation permet aux professionnels de :<\/p>\n\n\n\n<ul class=\"wp-block-list\">\n<li><strong>concevoir des interventions plus pr\u00e9cises et adapt\u00e9es<\/strong> \u00e0 chaque individu,<\/li>\n\n\n\n<li>et <strong>am\u00e9liorer la capacit\u00e9 d&rsquo;\u00e9valuer la r\u00e9ponse aux th\u00e9rapies<\/strong> de r\u00e9habilitation cognitive, physique et occupationnelle.&nbsp;<\/li>\n<\/ul>\n\n\n\n<h3 class=\"wp-block-heading\">2. Th\u00e9rapies personnalis\u00e9es dans le traitement des maladies neurod\u00e9g\u00e9n\u00e9ratives&nbsp;<\/h3>\n\n\n\n<p>En neuror\u00e9habilitation, la personnalisation des th\u00e9rapies s&rsquo;est impos\u00e9e comme <strong>une des meilleures pratiques pour offrir des traitements<\/strong> aux maladies neurod\u00e9g\u00e9n\u00e9ratives telles qu&rsquo;Alzheimer, Parkinson ou la scl\u00e9rose en plaques.&nbsp;<\/p>\n\n\n\n<h4 class=\"wp-block-heading\">Qu&rsquo;est-ce que la personnalisation des th\u00e9rapies ?<\/h4>\n\n\n\n<p>La personnalisation des th\u00e9rapies implique de <strong>concevoir des interventions sp\u00e9cifiques bas\u00e9es sur les caract\u00e9ristiques individuelles de chaque personne<\/strong>, leurs besoins et les processus sp\u00e9cifiques \u00e0 chacun, afin de ralentir la progression de ces pathologies et d&rsquo;optimiser les r\u00e9sultats th\u00e9rapeutiques.<\/p>\n\n\n\n<div style=\"height:50px\" aria-hidden=\"true\" class=\"wp-block-spacer\"><\/div>\n\n\n\n<aside class=\"wp-block-group br-1010 has-primary-background-color has-background has-dark-background has-sm-padding-top has-sm-padding-bottom has-sm-padding-left has-sm-padding-right\"><div class=\"wp-block-group__inner-container is-layout-constrained wp-block-group-is-layout-constrained\">\n<div class=\"wp-block-columns are-vertically-aligned-center is-layout-flex wp-container-core-columns-is-layout-9d6595d7 wp-block-columns-is-layout-flex\">\n<div class=\"wp-block-column is-vertically-aligned-center has-white-color has-text-color has-link-color wp-elements-fff38ff20fc0a3b2957b25e5484b5f8f is-layout-flow wp-block-column-is-layout-flow\" style=\"flex-basis:60%\">\n<p>Obtenez<strong> un<\/strong> <strong>programme de stimulation cognitive<\/strong> pour les patients atteints d&rsquo;<strong>Alzheimer<\/strong><\/p>\n<\/div>\n\n\n\n<div class=\"wp-block-column is-vertically-aligned-center is-layout-flow wp-block-column-is-layout-flow\" style=\"flex-basis:40%\">\n<div class=\"wp-block-buttons is-content-justification-center is-layout-flex wp-container-core-buttons-is-layout-16018d1d wp-block-buttons-is-layout-flex\">\n<div class=\"wp-block-button\" style=\"--button-secondary-color:var(--color-white);--button-secondary-background:var(--color-custom-1);--button-secondary-background-hover:#cc7e00;\"><a class=\"wp-block-button__link button button-secondary     has-link-color wp-element-button\" href=\"https:\/\/neuronup.com\/redirect\/?target=typeform\/afa-rioja?utm_first_source=Web&#038;utm_first_campaign_name=Use_case_afarioja\"><strong>Obtenir gratuitement<\/strong><\/a><\/div>\n\n<\/div>\n<\/div>\n<\/div>\n<\/div><\/aside>\n\n\n\n\n<div style=\"height:50px\" aria-hidden=\"true\" class=\"wp-block-spacer\"><\/div>\n\n\n\n<h4 class=\"wp-block-heading\">Outils de personnalisation des th\u00e9rapies dans les maladies neurod\u00e9g\u00e9n\u00e9ratives&nbsp;<\/h4>\n\n\n\n<h5 class=\"wp-block-heading\">1. \u00c9valuations neuropsychologiques d\u00e9taill\u00e9es<\/h5>\n\n\n\n<p>Les <strong>\u00e9valuations cognitives et \u00e9motionnelles<\/strong> chez les personnes atteintes d&rsquo;Alzheimer ou de Parkinson permettent d&rsquo;identifier les zones touch\u00e9es par la maladie. Ces tests aident les th\u00e9rapeutes \u00e0 concevoir des interventions personnalis\u00e9es qui ciblent des d\u00e9ficits sp\u00e9cifiques, tels que la m\u00e9moire, le langage ou l&rsquo;attention.<\/p>\n\n\n\n<h5 class=\"wp-block-heading\">2. Intelligence artificielle (IA)<\/h5>\n\n\n\n<p>L&rsquo;IA est devenue un outil cl\u00e9 en neuror\u00e9habilitation. En <strong>analysant de grands volumes de donn\u00e9es cliniques<\/strong>, les <a href=\"https:\/\/neuronup.com\/fr\/nouveautes-neuronup\/diagnostic-differentiel-des-etiologies-de-la-demence-base-sur-lia-a-partir-de-donnees-multimodales\/\">algorithmes d&rsquo;IA<\/a> peuvent pr\u00e9dire comment une personne r\u00e9agira \u00e0 diff\u00e9rentes interventions, permettant aux professionnels d&rsquo;adapter les th\u00e9rapies en fonction des r\u00e9sultats attendus.<\/p>\n\n\n\n<h5 class=\"wp-block-heading\">3. Dispositifs de suivi en temps r\u00e9el<\/h5>\n\n\n\n<p>Les dispositifs portables qui mesurent l&rsquo;activit\u00e9 physique et les r\u00e9ponses cognitives permettent aux th\u00e9rapeutes <strong>d&rsquo;ajuster les th\u00e9rapies en temps r\u00e9el<\/strong>. Cela est particuli\u00e8rement utile pour des maladies comme Parkinson ou la scl\u00e9rose en plaques, o\u00f9 l&rsquo;\u00e9tat de chaque personne peut \u00e9voluer consid\u00e9rablement en peu de temps.<\/p>\n\n\n\n<h4 class=\"wp-block-heading\">Avantages de la personnalisation des th\u00e9rapies en neuror\u00e9habilitation des maladies neurod\u00e9g\u00e9n\u00e9ratives&nbsp;<\/h4>\n\n\n\n<p>L&rsquo;utilisation de th\u00e9rapies personnalis\u00e9es en neuror\u00e9habilitation pour les maladies neurod\u00e9g\u00e9n\u00e9ratives offre de nombreux avantages, tant pour les personnes atteintes que pour les professionnels de sant\u00e9 :<\/p>\n\n\n\n<ul class=\"wp-block-list\">\n<li><strong>Efficacit\u00e9 th\u00e9rapeutique accrue<\/strong> : Adapter les interventions aux besoins sp\u00e9cifiques de chaque individu permet d&rsquo;am\u00e9liorer l&rsquo;efficacit\u00e9 des th\u00e9rapies et d&rsquo;optimiser les r\u00e9sultats \u00e0 long terme.<\/li>\n\n\n\n<li><strong>Am\u00e9lioration de la qualit\u00e9 de vie<\/strong> : Les personnes concern\u00e9es b\u00e9n\u00e9ficient d&rsquo;une am\u00e9lioration significative de leur qualit\u00e9 de vie gr\u00e2ce \u00e0 des th\u00e9rapies adapt\u00e9es \u00e0 leurs capacit\u00e9s et limitations individuelles.<\/li>\n\n\n\n<li><strong>Suivi plus pr\u00e9cis<\/strong> : La personnalisation implique \u00e9galement un suivi continu des progr\u00e8s de chaque individu, permettant d&rsquo;ajuster les th\u00e9rapies en temps r\u00e9el selon les besoins.<\/li>\n<\/ul>\n\n\n\n<h3 class=\"wp-block-heading\">3. Utilisation de technologies d&rsquo;assistance dans les maladies neurod\u00e9g\u00e9n\u00e9ratives&nbsp;<\/h3>\n\n\n\n<p>Ces derni\u00e8res ann\u00e9es, <strong>l&rsquo;utilisation de technologies d&rsquo;assistance a transform\u00e9 le domaine de la neuror\u00e9habilitation<\/strong>, notamment dans le traitement des maladies neurod\u00e9g\u00e9n\u00e9ratives telles qu&rsquo;Alzheimer, Parkinson, la scl\u00e9rose en plaques (SEP) et la scl\u00e9rose lat\u00e9rale amyotrophique (SLA).<\/p>\n\n\n\n<h4 class=\"wp-block-heading\">Qu&rsquo;est-ce que la technologie d&rsquo;assistance ?<\/h4>\n\n\n\n<p>La technologie d&rsquo;assistance<strong> englobe une large gamme de dispositifs, logiciels et \u00e9quipements <\/strong>con\u00e7us pour soutenir les personnes ayant des incapacit\u00e9s ou des limitations physiques et cognitives. Dans le cadre de la neuror\u00e9habilitation, ces dispositifs sont utilis\u00e9s pour compenser les fonctions motrices et cognitives affect\u00e9es par des maladies neurod\u00e9g\u00e9n\u00e9ratives, facilitant l&rsquo;autonomie de chaque individu et optimisant le traitement r\u00e9habilitatif.<\/p>\n\n\n\n<h4 class=\"wp-block-heading\">Outils de technologie d&rsquo;assistance pour les maladies neurod\u00e9g\u00e9n\u00e9ratives<\/h4>\n\n\n\n<h5 class=\"wp-block-heading\">1. R\u00e9alit\u00e9 virtuelle et augment\u00e9e&nbsp;<\/h5>\n\n\n\n<p>La r\u00e9alit\u00e9 virtuelle (RV) s&rsquo;est r\u00e9v\u00e9l\u00e9e <strong>efficace pour la r\u00e9habilitation cognitive et motrice <\/strong>chez les personnes atteintes d&rsquo;Alzheimer et d&rsquo;autres maladies neurod\u00e9g\u00e9n\u00e9ratives, en am\u00e9liorant leur neuroplasticit\u00e9 et leurs capacit\u00e9s d&rsquo;apprentissage.<\/p>\n\n\n\n<h5 class=\"wp-block-heading\">2. Logiciels de r\u00e9habilitation cognitive&nbsp;<\/h5>\n\n\n\n<p><strong>Les plateformes num\u00e9riques de neuror\u00e9habilitation<\/strong>, comme <a href=\"https:\/\/neuronup.com\/\">NeuronUP<\/a>, permettent aux utilisateurs de travailler avec des activit\u00e9s con\u00e7ues pour am\u00e9liorer leur m\u00e9moire, leur langage et d&rsquo;autres fonctions cognitives affect\u00e9es par la d\u00e9t\u00e9rioration neurologique.<\/p>\n\n\n\n<div style=\"height:50px\" aria-hidden=\"true\" class=\"wp-block-spacer\"><\/div>\n\n\n\n<div class=\"wp-block-group\"><div class=\"wp-block-group__inner-container is-layout-constrained wp-block-group-is-layout-constrained\">\n<div class=\"wp-block-columns br-0111 particle-bg p-5 has-primary-background-color has-background is-layout-flex wp-container-core-columns-is-layout-9d6595d7 wp-block-columns-is-layout-flex\">\n<div class=\"wp-block-column is-layout-flow wp-block-column-is-layout-flow\" style=\"flex-basis:66.66%\">\n<h2 class=\"wp-block-heading has-white-color has-text-color\">Essayez NeuronUP 7 jours gratuitement<\/h2>\n\n\n\n<p class=\"has-white-color has-text-color\">Vous pourrez travailler avec nos activit\u00e9s, concevoir des s\u00e9ances ou effectuer des r\u00e9habilitations \u00e0 distance<\/p>\n<\/div>\n\n\n\n<div class=\"wp-block-column is-layout-flow wp-block-column-is-layout-flow\" style=\"flex-basis:33.33%\">\n<div class=\"wp-block-buttons is-content-justification-center is-layout-flex wp-container-core-buttons-is-layout-16018d1d wp-block-buttons-is-layout-flex\">\n<div class=\"wp-block-button\" style=\"--button-background:var(--color-custom-1);--button-background-hover:#cc7e00;\"><a class=\"wp-block-button__link button   wp-element-button\" href=\"https:\/\/neuronup.com\/fr\/landing\/\">Commencez votre essai<\/a><\/div>\n\n<\/div>\n<\/div>\n<\/div>\n<\/div><\/div>\n\n\n\n<div style=\"height:50px\" aria-hidden=\"true\" class=\"wp-block-spacer\"><\/div>\n\n\n\n<h4 class=\"wp-block-heading\">Avantages de l&rsquo;utilisation des technologies d&rsquo;assistance en neuror\u00e9habilitation des maladies neurod\u00e9g\u00e9n\u00e9ratives&nbsp;<\/h4>\n\n\n\n<p>L&rsquo;utilisation des technologies d&rsquo;assistance en neuror\u00e9habilitation pour ce type de pathologies permet :&nbsp;<\/p>\n\n\n\n<ul class=\"wp-block-list\">\n<li><strong>Am\u00e9lioration de la mobilit\u00e9 et de l&rsquo;ind\u00e9pendance<\/strong> : Les dispositifs d&rsquo;assistance, tels que les exosquelettes et les d\u00e9ambulateurs intelligents, permettent aux personnes atteintes de Parkinson ou de scl\u00e9rose en plaques (SEP) d&rsquo;am\u00e9liorer leur mobilit\u00e9, r\u00e9duisant ainsi leur d\u00e9pendance envers les aidants et facilitant la r\u00e9alisation des activit\u00e9s quotidiennes.<\/li>\n\n\n\n<li><strong>Stimulation cognitive personnalis\u00e9e<\/strong> : Des outils tels que les applications mobiles et les programmes de r\u00e9alit\u00e9 virtuelle sont utilis\u00e9s pour concevoir des exercices de r\u00e9habilitation cognitive personnalis\u00e9s. Ces technologies sont particuli\u00e8rement utiles dans le traitement de la maladie d&rsquo;Alzheimer, aidant \u00e0 am\u00e9liorer la m\u00e9moire, l&rsquo;attention et les fonctions ex\u00e9cutives.<\/li>\n\n\n\n<li><strong>Suivi de la sant\u00e9 en temps r\u00e9el<\/strong> : Les dispositifs de suivi et les wearables permettent aux professionnels de sant\u00e9 de surveiller les signes vitaux, l&rsquo;activit\u00e9 physique et les progr\u00e8s th\u00e9rapeutiques des patients en temps r\u00e9el. Cela est essentiel pour ajuster les th\u00e9rapies en fonction de l&rsquo;\u00e9volution des maladies comme la scl\u00e9rose lat\u00e9rale amyotrophique (SLA).<\/li>\n\n\n\n<li><strong>Communication augment\u00e9e<\/strong> : Les technologies d&rsquo;assistance \u00e0 la communication, telles que les dispositifs de g\u00e9n\u00e9ration vocale, permettent aux personnes atteintes de SLA et d&rsquo;autres pathologies neurod\u00e9g\u00e9n\u00e9ratives d&rsquo;am\u00e9liorer leur capacit\u00e9 d&rsquo;interaction avec leur environnement, malgr\u00e9 les limitations physiques ou de la parole.<\/li>\n<\/ul>\n\n\n\n<h3 class=\"wp-block-heading\">4. Approches multidisciplinaires en neuror\u00e9habilitation des maladies neurod\u00e9g\u00e9n\u00e9ratives&nbsp;<\/h3>\n\n\n\n<p>Actuellement, <strong>l&rsquo;une des approches les plus innovantes et efficaces<\/strong> en neuror\u00e9habilitation des maladies neurod\u00e9g\u00e9n\u00e9ratives est l&rsquo;approche multidisciplinaire.&nbsp;<\/p>\n\n\n\n<h4 class=\"wp-block-heading\">Qu&rsquo;est-ce qu&rsquo;une approche multidisciplinaire ?<\/h4>\n\n\n\n<p>L&rsquo;approche multidisciplinaire en neuror\u00e9habilitation <strong>combine l&rsquo;expertise et les connaissances de neuropsychologues, de th\u00e9rapeutes physiques et d&rsquo;autres sp\u00e9cialistes<\/strong> en r\u00e9habilitation cognitive, <strong>permettant une prise en charge globale<\/strong> qui optimise le traitement des maladies neurod\u00e9g\u00e9n\u00e9ratives comme la maladie d&rsquo;Alzheimer et celle de Parkinson.&nbsp;<\/p>\n\n\n\n<h4 class=\"wp-block-heading\">Avantages de l&rsquo;approche multidisciplinaire en neuror\u00e9habilitation des maladies neurod\u00e9g\u00e9n\u00e9ratives&nbsp;<\/h4>\n\n\n\n<p>L&rsquo;adoption d&rsquo;une approche multidisciplinaire en neuror\u00e9habilitation pour les maladies neurod\u00e9g\u00e9n\u00e9ratives offre de nombreux avantages aux personnes concern\u00e9es par ces pathologies ainsi qu&rsquo;aux professionnels :&nbsp;<\/p>\n\n\n\n<ul class=\"wp-block-list\">\n<li><strong>Prise en charge globale et personnalis\u00e9e<\/strong> : La collaboration de multiples sp\u00e9cialistes permet de traiter chaque domaine affect\u00e9 de mani\u00e8re sp\u00e9cifique, garantissant une prise en charge adapt\u00e9e aux besoins uniques de chaque individu et obtenant de meilleurs r\u00e9sultats.<\/li>\n\n\n\n<li><strong>Am\u00e9lioration de la neuroplasticit\u00e9<\/strong> : En stimulant le cerveau depuis diff\u00e9rentes zones, on renforce sa capacit\u00e9 d&rsquo;adaptation et de r\u00e9organisation neuronale, ce qui entra\u00eene une meilleure r\u00e9cup\u00e9ration fonctionnelle et une compensation des dommages progressifs.<\/li>\n\n\n\n<li><strong>Ralentissement de la progression des sympt\u00f4mes<\/strong> : Les interventions coordonn\u00e9es peuvent ralentir l&rsquo;\u00e9volution des sympt\u00f4mes, en particulier dans les domaines cognitifs et fonctionnels, permettant ainsi aux personnes atteintes de maladies neurod\u00e9g\u00e9n\u00e9ratives de conserver leur autonomie plus longtemps.<\/li>\n<\/ul>\n\n\n\n<h2 class=\"wp-block-heading\">Conclusions<\/h2>\n\n\n\n<p>Les tendances actuelles dans le traitement des maladies neurod\u00e9g\u00e9n\u00e9ratives montrent un engagement total envers l&rsquo;am\u00e9lioration de la qualit\u00e9 de vie et des pronostics pour les personnes atteintes de ces pathologies.<\/p>\n\n\n\n<p>Un diagnostic pr\u00e9coce permet une intervention plus rapide et efficace, tandis que les th\u00e9rapies personnalis\u00e9es ouvrent la voie \u00e0 des traitements adapt\u00e9s aux caract\u00e9ristiques de chaque individu, optimisant ainsi les r\u00e9sultats. De plus, l&rsquo;utilisation de technologies d&rsquo;assistance contribue \u00e0 l&rsquo;autonomie et \u00e0 la participation active des patients \u00e0 leur r\u00e9habilitation quotidienne. Sans oublier les approches multidisciplinaires, qui assurent une prise en charge globale, maximisant la fonctionnalit\u00e9 et le bien-\u00eatre g\u00e9n\u00e9ral.&nbsp;<\/p>\n\n\n\n<p>Ce regroupement d&rsquo;innovations offre un avenir prometteur, plein de nouvelles possibilit\u00e9s pour que les professionnels de la neuror\u00e9habilitation continuent d&rsquo;am\u00e9liorer la qualit\u00e9 de vie des personnes confront\u00e9es \u00e0 des maladies neurod\u00e9g\u00e9n\u00e9ratives.&nbsp;<\/p>\n\n\n\n<h3 class=\"wp-block-heading\">Si vous avez appr\u00e9ci\u00e9 cet article de blog sur les&nbsp;<strong>tendances actuelles dans le traitement des maladies neurod\u00e9g\u00e9n\u00e9ratives<\/strong>, ces articles de NeuronUP pourraient \u00e9galement vous int\u00e9resser :<\/h3>\n\n\n<div class=\"mai-grid entries entries-grid has-boxed has-image-full\" style=\"--entry-title-font-size:var(--font-size-lg);--align-text:start;--entry-meta-text-align:start;\"><div class=\"entries-wrap has-columns\" style=\"--columns-xs:1\/1;--columns-sm:1\/1;--columns-md:1\/3;--columns-lg:1\/3;--flex-xs:0 0 var(--flex-basis);--flex-sm:0 0 var(--flex-basis);--flex-md:0 0 var(--flex-basis);--flex-lg:0 0 var(--flex-basis);--column-gap:var(--spacing-lg);--row-gap:var(--spacing-lg);--align-columns:start;\"><article class=\"entry entry-grid is-column has-entry-link has-image has-image-first type-post category-alzheimer tag-maladie-dalzheimer tag-personnes-agees\" style=\"--entry-index:1;\" aria-label=\"Pourquoi consacrer autant de ressources aux personnes atteintes d\u2019Alzheimer ?\" itemscope itemtype=\"https:\/\/schema.org\/CreativeWork\"><a class=\"entry-image-link\" href=\"https:\/\/neuronup.com\/fr\/actualites-de-la-stimulation-cognitive\/maladies-neurodegeneratives\/alzheimer\/pourquoi-consacrer-autant-de-ressources-aux-personnes-atteintes-dalzheimer\/\" tabindex=\"-1\" aria-hidden=\"true\"><img decoding=\"async\" width=\"400\" height=\"267\" src=\"https:\/\/neuronup.com\/fr\/wp-content\/uploads\/2021\/10\/assistance-and-disease-alzheimer-problems-for-seni-2021-08-29-13-08-02-utc-1.webp\" class=\"entry-image size-landscape-sm\" alt=\"Homme \u00e2g\u00e9 aux cheveux blancs et barbe, pull gris et jean, debout dans une for\u00eat, tenant la main d&#039;une personne hors champ.\" srcset=\"https:\/\/neuronup.com\/fr\/wp-content\/uploads\/2021\/10\/assistance-and-disease-alzheimer-problems-for-seni-2021-08-29-13-08-02-utc-1-300x200.webp 300w, https:\/\/neuronup.com\/fr\/wp-content\/uploads\/2021\/10\/assistance-and-disease-alzheimer-problems-for-seni-2021-08-29-13-08-02-utc-1-768x512.webp 768w, https:\/\/neuronup.com\/fr\/wp-content\/uploads\/2021\/10\/assistance-and-disease-alzheimer-problems-for-seni-2021-08-29-13-08-02-utc-1-1024x683.webp 1024w, https:\/\/neuronup.com\/fr\/wp-content\/uploads\/2021\/10\/assistance-and-disease-alzheimer-problems-for-seni-2021-08-29-13-08-02-utc-1.webp 1200w\" sizes=\"(max-width:599px) 599px, (min-width:600px) and (max-width: 799px) 799px, (min-width:800px) and (max-width: 999px) 333px, (min-width:1000px) 400px\" \/><\/a><div class=\"entry-wrap entry-wrap-grid\"><h3 class=\"entry-title\" itemprop=\"headline\"><a class=\"entry-title-link\" href=\"https:\/\/neuronup.com\/fr\/actualites-de-la-stimulation-cognitive\/maladies-neurodegeneratives\/alzheimer\/pourquoi-consacrer-autant-de-ressources-aux-personnes-atteintes-dalzheimer\/\" rel=\"bookmark\">Pourquoi consacrer autant de ressources aux personnes atteintes d\u2019Alzheimer ?<\/a><\/h3>\n<\/div><\/article><article class=\"entry entry-grid is-column has-entry-link has-image has-image-first type-post category-alzheimer tag-maladie-dalzheimer tag-maladies-neurodegeneratives\" style=\"--entry-index:2;\" aria-label=\"La Journ\u00e9e mondiale de la maladie d&#8217;Alzheimer met en lumi\u00e8re le r\u00f4le de l&#8217;aidant\" itemscope itemtype=\"https:\/\/schema.org\/CreativeWork\"><a class=\"entry-image-link\" href=\"https:\/\/neuronup.com\/fr\/actualites-de-la-stimulation-cognitive\/maladies-neurodegeneratives\/alzheimer\/la-journee-mondiale-de-la-maladie-dalzheimer-met-en-lumiere-le-travail-de-laidant\/\" tabindex=\"-1\" aria-hidden=\"true\"><img decoding=\"async\" width=\"400\" height=\"300\" src=\"https:\/\/neuronup.com\/fr\/wp-content\/uploads\/2021\/11\/woman-on-a-wheelchair-2021-08-27-11-05-04-utc.webp\" class=\"entry-image size-landscape-sm\" alt=\"Femme \u00e2g\u00e9e assise dans un fauteuil roulant, sourire chaleureux, pull gris et haut rose, d\u00e9cor clair et accueillant.\" srcset=\"https:\/\/neuronup.com\/fr\/wp-content\/uploads\/2021\/11\/woman-on-a-wheelchair-2021-08-27-11-05-04-utc-300x225.webp 300w, https:\/\/neuronup.com\/fr\/wp-content\/uploads\/2021\/11\/woman-on-a-wheelchair-2021-08-27-11-05-04-utc-768x576.webp 768w, https:\/\/neuronup.com\/fr\/wp-content\/uploads\/2021\/11\/woman-on-a-wheelchair-2021-08-27-11-05-04-utc-1024x768.webp 1024w, https:\/\/neuronup.com\/fr\/wp-content\/uploads\/2021\/11\/woman-on-a-wheelchair-2021-08-27-11-05-04-utc.webp 1200w\" sizes=\"(max-width:599px) 599px, (min-width:600px) and (max-width: 799px) 799px, (min-width:800px) and (max-width: 999px) 333px, (min-width:1000px) 400px\" \/><\/a><div class=\"entry-wrap entry-wrap-grid\"><h3 class=\"entry-title\" itemprop=\"headline\"><a class=\"entry-title-link\" href=\"https:\/\/neuronup.com\/fr\/actualites-de-la-stimulation-cognitive\/maladies-neurodegeneratives\/alzheimer\/la-journee-mondiale-de-la-maladie-dalzheimer-met-en-lumiere-le-travail-de-laidant\/\" rel=\"bookmark\">La Journ\u00e9e mondiale de la maladie d&#8217;Alzheimer met en lumi\u00e8re le r\u00f4le de l&#8217;aidant<\/a><\/h3>\n<\/div><\/article><article class=\"entry entry-grid is-column has-entry-link has-image has-image-first type-post category-alzheimer tag-maladie-dalzheimer tag-maladies-neurodegeneratives tag-personnes-agees\" style=\"--entry-index:3;\" aria-label=\"CEAFA revendique la valeur de l\u2019aidant des personnes atteintes de la maladie d\u2019Alzheimer\" itemscope itemtype=\"https:\/\/schema.org\/CreativeWork\"><a class=\"entry-image-link\" href=\"https:\/\/neuronup.com\/fr\/actualites-de-la-stimulation-cognitive\/maladies-neurodegeneratives\/alzheimer\/aidant-des-personnes-atteintes-dalzheimer\/\" tabindex=\"-1\" aria-hidden=\"true\"><img decoding=\"async\" width=\"211\" height=\"300\" src=\"https:\/\/neuronup.com\/fr\/wp-content\/uploads\/2021\/10\/cuidador-de-las-personas-con-Alzheimer-1.webp\" class=\"entry-image size-landscape-sm\" alt=\"Affichage promotionnel Journ\u00e9e mondiale de l\u2019Alzheimer : logo c\u0153ur avec C, texte DE CUIDADOR et CON &#039;C&#039; DE CEAPA, fond clair.\" srcset=\"https:\/\/neuronup.com\/fr\/wp-content\/uploads\/2021\/10\/cuidador-de-las-personas-con-Alzheimer-1-211x300.webp 211w, https:\/\/neuronup.com\/fr\/wp-content\/uploads\/2021\/10\/cuidador-de-las-personas-con-Alzheimer-1-720x1024.webp 720w, https:\/\/neuronup.com\/fr\/wp-content\/uploads\/2021\/10\/cuidador-de-las-personas-con-Alzheimer-1.webp 768w\" sizes=\"(max-width:599px) 599px, (min-width:600px) and (max-width: 799px) 799px, (min-width:800px) and (max-width: 999px) 333px, (min-width:1000px) 400px\" \/><\/a><div class=\"entry-wrap entry-wrap-grid\"><h3 class=\"entry-title\" itemprop=\"headline\"><a class=\"entry-title-link\" href=\"https:\/\/neuronup.com\/fr\/actualites-de-la-stimulation-cognitive\/maladies-neurodegeneratives\/alzheimer\/aidant-des-personnes-atteintes-dalzheimer\/\" rel=\"bookmark\">CEAFA revendique la valeur de l\u2019aidant des personnes atteintes de la maladie d\u2019Alzheimer<\/a><\/h3>\n<\/div><\/article><article class=\"entry entry-grid is-column has-entry-link has-image has-image-first type-post category-alzheimer tag-maladie-dalzheimer tag-maladies-neurodegeneratives tag-personnes-agees tag-recherche\" style=\"--entry-index:4;\" aria-label=\"NeuronUP ralentit le d\u00e9clin cognitif chez les patients atteints d&#8217;Alzheimer\" itemscope itemtype=\"https:\/\/schema.org\/CreativeWork\"><a class=\"entry-image-link\" href=\"https:\/\/neuronup.com\/fr\/actualites-de-la-stimulation-cognitive\/maladies-neurodegeneratives\/alzheimer\/neuronup-ralentit-la-deterioration-cognitive-chez-les-patients-atteints-dalzheimer\/\" tabindex=\"-1\" aria-hidden=\"true\"><img decoding=\"async\" width=\"280\" height=\"300\" src=\"https:\/\/neuronup.com\/fr\/wp-content\/uploads\/2021\/10\/silva-logopeda.webp\" class=\"entry-image size-landscape-sm\" alt=\"Homme en blouse blanche souriant, debout devant un tableau color\u00e9 de l&#039;alphabet et d&#039;objets, dans une salle \u00e9ducative.\" srcset=\"https:\/\/neuronup.com\/fr\/wp-content\/uploads\/2021\/10\/silva-logopeda-280x300.webp 280w, https:\/\/neuronup.com\/fr\/wp-content\/uploads\/2021\/10\/silva-logopeda-768x822.webp 768w, https:\/\/neuronup.com\/fr\/wp-content\/uploads\/2021\/10\/silva-logopeda.webp 934w\" sizes=\"(max-width:599px) 599px, (min-width:600px) and (max-width: 799px) 799px, (min-width:800px) and (max-width: 999px) 333px, (min-width:1000px) 400px\" \/><\/a><div class=\"entry-wrap entry-wrap-grid\"><h3 class=\"entry-title\" itemprop=\"headline\"><a class=\"entry-title-link\" href=\"https:\/\/neuronup.com\/fr\/actualites-de-la-stimulation-cognitive\/maladies-neurodegeneratives\/alzheimer\/neuronup-ralentit-la-deterioration-cognitive-chez-les-patients-atteints-dalzheimer\/\" rel=\"bookmark\">NeuronUP ralentit le d\u00e9clin cognitif chez les patients atteints d&#8217;Alzheimer<\/a><\/h3>\n<\/div><\/article><article class=\"entry entry-grid is-column has-entry-link has-image has-image-first type-post category-alzheimer tag-maladie-dalzheimer tag-maladies-neurodegeneratives\" style=\"--entry-index:5;\" aria-label=\"Qualit\u00e9 de vie dans la maladie d&#8217;Alzheimer\" itemscope itemtype=\"https:\/\/schema.org\/CreativeWork\"><a class=\"entry-image-link\" href=\"https:\/\/neuronup.com\/fr\/actualites-de-la-stimulation-cognitive\/maladies-neurodegeneratives\/alzheimer\/qualite-de-vie-dans-la-maladie-dalzheimer\/\" tabindex=\"-1\" aria-hidden=\"true\"><img decoding=\"async\" width=\"400\" height=\"246\" src=\"https:\/\/neuronup.com\/fr\/wp-content\/uploads\/2021\/10\/Calidad-de-vida-en-la-enfermedad-de-Alzheimer.webp\" class=\"entry-image size-landscape-sm\" alt=\"Homme dont la t\u00eate est compos\u00e9e de pi\u00e8ces de puzzle, certaines s&#039;\u00e9chappent, expression pr\u00e9occup\u00e9e, sur fond bleu d\u00e9grad\u00e9.\" srcset=\"https:\/\/neuronup.com\/fr\/wp-content\/uploads\/2021\/10\/Calidad-de-vida-en-la-enfermedad-de-Alzheimer-300x185.webp 300w, https:\/\/neuronup.com\/fr\/wp-content\/uploads\/2021\/10\/Calidad-de-vida-en-la-enfermedad-de-Alzheimer.webp 650w\" sizes=\"(max-width:599px) 599px, (min-width:600px) and (max-width: 799px) 799px, (min-width:800px) and (max-width: 999px) 333px, (min-width:1000px) 400px\" \/><\/a><div class=\"entry-wrap entry-wrap-grid\"><h3 class=\"entry-title\" itemprop=\"headline\"><a class=\"entry-title-link\" href=\"https:\/\/neuronup.com\/fr\/actualites-de-la-stimulation-cognitive\/maladies-neurodegeneratives\/alzheimer\/qualite-de-vie-dans-la-maladie-dalzheimer\/\" rel=\"bookmark\">Qualit\u00e9 de vie dans la maladie d&#8217;Alzheimer<\/a><\/h3>\n<\/div><\/article><article class=\"entry entry-grid is-column has-entry-link has-image has-image-first type-post category-sclerose-en-plaques tag-maladies-neurodegeneratives tag-sclerose-en-plaques\" style=\"--entry-index:6;\" aria-label=\"La scl\u00e9rose : qui est concern\u00e9, comment elle est diagnostiqu\u00e9e et quels en sont les sympt\u00f4mes\" itemscope itemtype=\"https:\/\/schema.org\/CreativeWork\"><a class=\"entry-image-link\" href=\"https:\/\/neuronup.com\/fr\/actualites-de-la-stimulation-cognitive\/maladies-neurodegeneratives\/sclerose-en-plaques\/la-sclerose-qui-est-touche-comment-la-diagnostiquer-et-quels-sont-ses-symptomes\/\" tabindex=\"-1\" aria-hidden=\"true\"><img decoding=\"async\" width=\"400\" height=\"271\" src=\"https:\/\/neuronup.com\/fr\/wp-content\/uploads\/2022\/05\/Centro-ADEMBI-en-el-tratamiento-de-la-esclerosis-multiple-1.webp\" class=\"entry-image size-landscape-sm\" alt=\"Traitement de la scl\u00e9rose en plaques\" srcset=\"https:\/\/neuronup.com\/fr\/wp-content\/uploads\/2022\/05\/Centro-ADEMBI-en-el-tratamiento-de-la-esclerosis-multiple-1-300x203.webp 300w, https:\/\/neuronup.com\/fr\/wp-content\/uploads\/2022\/05\/Centro-ADEMBI-en-el-tratamiento-de-la-esclerosis-multiple-1-768x521.webp 768w, https:\/\/neuronup.com\/fr\/wp-content\/uploads\/2022\/05\/Centro-ADEMBI-en-el-tratamiento-de-la-esclerosis-multiple-1-1024x694.webp 1024w, https:\/\/neuronup.com\/fr\/wp-content\/uploads\/2022\/05\/Centro-ADEMBI-en-el-tratamiento-de-la-esclerosis-multiple-1.webp 1204w\" sizes=\"(max-width:599px) 599px, (min-width:600px) and (max-width: 799px) 799px, (min-width:800px) and (max-width: 999px) 333px, (min-width:1000px) 400px\" \/><\/a><div class=\"entry-wrap entry-wrap-grid\"><h3 class=\"entry-title\" itemprop=\"headline\"><a class=\"entry-title-link\" href=\"https:\/\/neuronup.com\/fr\/actualites-de-la-stimulation-cognitive\/maladies-neurodegeneratives\/sclerose-en-plaques\/la-sclerose-qui-est-touche-comment-la-diagnostiquer-et-quels-sont-ses-symptomes\/\" rel=\"bookmark\">La scl\u00e9rose : qui est concern\u00e9, comment elle est diagnostiqu\u00e9e et quels en sont les sympt\u00f4mes<\/a><\/h3>\n<\/div><\/article><\/div><\/div>","protected":false},"excerpt":{"rendered":"<p>Les maladies neurod\u00e9g\u00e9n\u00e9ratives, telles que la maladie d&rsquo;Alzheimer, la maladie de Parkinson et la scl\u00e9rose en plaques, sont des affections qui touchent le syst\u00e8me nerveux central et entra\u00eenent une perte progressive de neurones. Ces derni\u00e8res ann\u00e9es, les innovations en neuror\u00e9habilitation avanc\u00e9e r\u00e9volutionnent le traitement, allant de l&rsquo;utilisation de l&rsquo;intelligence artificielle aux technologies d&rsquo;assistance. Cet article &hellip;<\/p>\n","protected":false},"author":7,"featured_media":36617,"comment_status":"open","ping_status":"open","sticky":false,"template":"","format":"standard","meta":{"_acf_changed":false,"_genesis_hide_title":false,"_genesis_hide_breadcrumbs":false,"_genesis_hide_singular_image":false,"_genesis_hide_footer_widgets":false,"_genesis_custom_body_class":"","_genesis_custom_post_class":"","_genesis_layout":"","footnotes":""},"categories":[578],"tags":[],"class_list":{"2":"type-post","7":"category-maladies-neurodegeneratives","8":"entry"},"acf":[],"_links":{"self":[{"href":"https:\/\/neuronup.com\/fr\/wp-json\/wp\/v2\/posts\/36616","targetHints":{"allow":["GET"]}}],"collection":[{"href":"https:\/\/neuronup.com\/fr\/wp-json\/wp\/v2\/posts"}],"about":[{"href":"https:\/\/neuronup.com\/fr\/wp-json\/wp\/v2\/types\/post"}],"author":[{"embeddable":true,"href":"https:\/\/neuronup.com\/fr\/wp-json\/wp\/v2\/users\/7"}],"replies":[{"embeddable":true,"href":"https:\/\/neuronup.com\/fr\/wp-json\/wp\/v2\/comments?post=36616"}],"version-history":[{"count":0,"href":"https:\/\/neuronup.com\/fr\/wp-json\/wp\/v2\/posts\/36616\/revisions"}],"wp:featuredmedia":[{"embeddable":true,"href":"https:\/\/neuronup.com\/fr\/wp-json\/wp\/v2\/media\/36617"}],"wp:attachment":[{"href":"https:\/\/neuronup.com\/fr\/wp-json\/wp\/v2\/media?parent=36616"}],"wp:term":[{"taxonomy":"category","embeddable":true,"href":"https:\/\/neuronup.com\/fr\/wp-json\/wp\/v2\/categories?post=36616"},{"taxonomy":"post_tag","embeddable":true,"href":"https:\/\/neuronup.com\/fr\/wp-json\/wp\/v2\/tags?post=36616"}],"curies":[{"name":"wp","href":"https:\/\/api.w.org\/{rel}","templated":true}]}}