{"id":36230,"date":"2025-10-17T10:02:18","date_gmt":"2025-10-17T10:02:18","guid":{"rendered":"https:\/\/neuronup.com\/?p=36230"},"modified":"2025-10-17T10:02:18","modified_gmt":"2025-10-17T10:02:18","slug":"la-neuropsychologue-ainhoa-espinosa-de-luzarraga-repond-aux-doutes-concernant-son-expose-sur-la-lesion-cerebrale-acquise","status":"publish","type":"post","link":"https:\/\/neuronup.com\/fr\/formation\/neuronup-academie\/la-neuropsychologue-ainhoa-espinosa-de-luzarraga-repond-aux-doutes-concernant-son-expose-sur-la-lesion-cerebrale-acquise\/","title":{"rendered":"La neuropsychologue Ainhoa Espinosa de Luzarraga r\u00e9pond aux questions concernant sa pr\u00e9sentation sur la l\u00e9sion c\u00e9r\u00e9brale acquise"},"content":{"rendered":"\n<p class=\"has-xl-font-size\">La neuropsychologue Ainhoa Espinosa de Luzarraga r\u00e9pond aux <strong>questions relatives \u00e0 sa pr\u00e9sentation \u00ab Affectivit\u00e9 et sexualit\u00e9 apr\u00e8s un dommage c\u00e9r\u00e9bral acquis \u00bb<\/strong> donn\u00e9e \u00e0 la <strong>NeuronUP Academy<\/strong>.<\/p>\n\n\n\n<h2 class=\"wp-block-heading\">Questions sur la conf\u00e9rence d\u2019Ainhoa Espinosa de Luzarraga sur le dommage c\u00e9r\u00e9bral acquis<\/h2>\n\n\n\n<h3 class=\"wp-block-heading\">1. Guillermo L\u00f3pez-Tello M\u00e1rquez : Pourrais-tu me donner des exemples d\u2019activit\u00e9s pratiques \u00e0 la fois en intervention individuelle et en groupe ?<\/h3>\n\n\n\n<p>Bonjour Guillermo. J\u2019ai pr\u00e9cis\u00e9ment con\u00e7u le guide clinique dans cet objectif : regrouper de nombreuses t\u00e2ches r\u00e9alis\u00e9es lors des interventions et dont on me rapportait les effets b\u00e9n\u00e9fiques, afin de faciliter le travail aux personnes int\u00e9ress\u00e9es. Visite mon site web et, si besoin, \u00e9cris-moi pour que je t\u2019envoie plusieurs exercices.<\/p>\n\n\n\n<h3 class=\"wp-block-heading\">2. Ezequiel Larraza : Comment abordez-vous le sujet des jouets sexuels ?<\/h3>\n\n\n\n<p>Enchant\u00e9e, Ezequiel. J\u2019aborde justement ce sujet avec une prudence extr\u00eame, sachant que je ne suis pas experte dans ce secteur, mais que je suis la personne qui conna\u00eet bien les personnes atteintes de l\u00e9sions c\u00e9r\u00e9brales acquises (LCA) et qui recherche les alternatives susceptibles d\u2019am\u00e9liorer leur qualit\u00e9 de vie.<\/p>\n\n\n\n<p>Si je devais t\u2019indiquer les points cl\u00e9s \u00e0 prendre en compte, je te dirais :<\/p>\n\n\n\n<ol class=\"wp-block-list\">\n<li>Tout d\u2019abord, tu dois \u00e9tudier le mod\u00e8le biographique et la valeur accord\u00e9e \u00e0 la sexualit\u00e9 de cette personne tout au long de son histoire ;<\/li>\n<li>Deuxi\u00e8mement, bien conna\u00eetre son profil cognitivo-comportemental pour pouvoir adapter la recherche du type de ressource et son utilisation.<\/li>\n<\/ol>\n\n\n\n<p>Une fois cela fait, il est essentiel de parler du \u00ab pourquoi \u00bb. C\u2019est-\u00e0-dire de ce qui lui manque, car il se peut que ce jouet n\u2019apporte aucune aide et constitue une contrainte suppl\u00e9mentaire pour r\u00e9pondre \u00e0 d\u2019autres besoins affectifs.<\/p>\n\n\n\n<p>N\u2019oublie pas de pr\u00e9senter ou d\u2019expliquer un mod\u00e8le du d\u00e9sir dans lequel l\u2019essentiel d\u00e9passe les organes g\u00e9nitaux et m\u00eame le corps, et o\u00f9 ce sont les pens\u00e9es, les images et les fantasmes qui nous rapprochent du plaisir. Ce mod\u00e8le \u00e9tendu du d\u00e9sir, o\u00f9 l\u2019on consid\u00e8re le jouet comme un moyen de travailler ses pens\u00e9es vers des id\u00e9es de satisfaction, est indispensable.<\/p>\n\n\n\n<p>Une fois qu\u2019on estime que la personne a besoin de se reconnecter \u00e0 son d\u00e9sir et \u00e0 sa dimension corporelle et g\u00e9nitale, on recommandera :<\/p>\n\n\n\n<ol class=\"wp-block-list\">\n<li>Chercher la ressource la plus simple, facile \u00e0 manipuler et \u00e0 nettoyer. Il convient de convenir si c\u2019est un outil \u00e0 utiliser en couple ou non, et de montrer l\u2019engagement \u00e0 respecter cet accord, par lequel on respecte la d\u00e9cision de l\u2019autre partie (dans le cas d\u2019un couple).<\/li>\n<li>Accompagner sa bonne utilisation, c\u2019est-\u00e0-dire indiquer o\u00f9 le ranger pour garantir ta propre intimit\u00e9 et celle des personnes avec qui tu vis, ainsi que pr\u00e9ciser avec qui partager cette exp\u00e9rience, tout en respectant toujours l\u2019intimit\u00e9 de chacun, et laisser libre la cr\u00e9ativit\u00e9 de la personne concern\u00e9e.<\/li>\n<li>Ensuite, \u00e9valuer si l\u2019ajout de cette ressource pendant un certain temps l\u2019a rapproch\u00e9 de son univers de d\u00e9sir. Nous rappellerons toujours que l\u2019organe \u00e9rog\u00e8ne principal est le cerveau et v\u00e9rifierons si cette ressource l\u2019aide \u00e0 se connecter aux pens\u00e9es et aux sensations corporelles.<\/li>\n<\/ol>\n\n\n\n<p>Ezequiel, sur mon site web, tu trouveras quelques articles dans lesquels j\u2019ai partag\u00e9 mes exp\u00e9riences d\u2019utilisation de ces ressources. Je te joins le lien si cela peut t\u2019\u00eatre utile : <a href=\"https:\/\/neuropsicologiaysexualidad.com\/la-posibilidad-de-recurrir-al-uso-de-otros-recursos-terapeuticos-como-son-los-juguetes-sexuales-para-una-mejor-salud-sexual\/\">https:\/\/neuropsicologiaysexualidad.com\/la-posibilidad-de-recurrir-al-uso-de-otros-recursos-terapeuticos-como-son-los-juguetes-sexuales-para-una-mejor-salud-sexual\/<\/a><\/p>\n\n\n\n<div style=\"height:50px\" aria-hidden=\"true\" class=\"wp-block-spacer\"><\/div>\n\n\n\n<div class=\"wp-block-group br-0111 has-primary-background-color has-background has-dark-background has-sm-padding-top has-sm-padding-left has-sm-padding-right has-xxl-margin-top\"><div class=\"wp-block-group__inner-container is-layout-constrained wp-block-group-is-layout-constrained\">\n<div class=\"wp-block-columns is-layout-flex wp-container-core-columns-is-layout-9d6595d7 wp-block-columns-is-layout-flex\">\n<div class=\"wp-block-column is-layout-flow wp-block-column-is-layout-flow\">\n<figure class=\"wp-block-image size-full desktop-position-absolute desktop-bottom-0 mobile-width-50 mobile-m-inline-auto has-xl-margin-top\"><img decoding=\"async\" width=\"292\" height=\"338\" src=\"https:\/\/neuronup.com\/fr\/wp-content\/uploads\/2024\/10\/certificat-produit.webp\" alt=\"\" class=\"wp-image-31568\" srcset=\"https:\/\/neuronup.com\/fr\/wp-content\/uploads\/2024\/10\/certificat-produit-259x300.webp 259w, https:\/\/neuronup.com\/fr\/wp-content\/uploads\/2024\/10\/certificat-produit.webp 292w\" sizes=\"(max-width: 292px) 100vw, 292px\" \/><\/figure>\n<\/div>\n\n\n\n<div class=\"wp-block-column is-layout-flow wp-block-column-is-layout-flow\">\n<h2 class=\"wp-block-heading has-white-color has-text-color\"><strong>Abonnez-vous<\/strong> <br>\u00e0 notre <br>Newsletter<\/h2>\n\n\n\n<div class=\"wp-block-buttons is-layout-flex wp-block-buttons-is-layout-flex\">\n<div class=\"wp-block-button--1\" style=\"--button-outline-color:var(--color-white);--button-outline-color-hover:rgba(0,0,0,0.8);\"><a class=\"wp-block-button__link button button-outline   wp-element-button\" href=\"https:\/\/neuronup.com\/fr\/newsletter\/\">Abonnez-vous<\/a><\/div>\n\n<\/div>\n\n\n\n<div style=\"height:40px\" aria-hidden=\"true\" class=\"wp-block-spacer\"><\/div>\n<\/div>\n<\/div>\n<\/div><\/div>\n\n\n\n\n<div style=\"height:50px\" aria-hidden=\"true\" class=\"wp-block-spacer\"><\/div>\n\n\n\n<h3 class=\"wp-block-heading\">3. Blanca Alcar\u00e1z : Face au refus de la personne affect\u00e9e d\u2019avoir des relations sexuelles suite \u00e0 un dommage c\u00e9r\u00e9bral acquis, comment le partenaire doit-il r\u00e9agir ?<\/h3>\n\n\n\n<p>Blanca, je suppose que tu es d\u2019accord avec moi pour dire qu\u2019il faut agir en toute libert\u00e9, comme dans tout autre aspect relationnel\u2026 Je pense que le r\u00f4le du th\u00e9rapeute est d\u2019accompagner, de montrer la r\u00e9alit\u00e9, de proposer des alternatives en validant les \u00e9motions et de permettre la prise de d\u00e9cisions. Autrement dit, inh\u00e9rente aux relations de couple, il y a l\u2019adaptation aux changements qui, parfois, avec le temps, p\u00e8sent trop sur l\u2019un des partenaires et provoquent le d\u00e9sengagement, alors que dans d\u2019autres cas cela ne se produit pas ; en tout \u00e9tat de cause, l\u2019autonomie pour \u00e9valuer ses propres exp\u00e9riences revient \u00e0 la personne concern\u00e9e.<\/p>\n\n\n\n<p>En tant que professionnels de la neuropsychologie, avec la personne concern\u00e9e, nous devons explorer les causes de ce refus : peur de ne pas satisfaire les attentes des autres, absence de r\u00e9ponses physiologiques aux stimuli qui, avant la LCA, provoquaient du d\u00e9sir, apathie, d\u00e9tachement vis-\u00e0-vis de la relation avec cette personne, etc.<\/p>\n\n\n\n<p>En tout cas, il serait essentiel que le suivi th\u00e9rapeutique soit assur\u00e9 par le neuropsychologue, afin d\u2019\u00e9viter que le partenaire manque de soutien dans la recherche de r\u00e9ponses et dans le processus de r\u00e9ajustement \u00e0 la situation de changement qu\u2019ils vivent g\u00e9n\u00e9ralement.<\/p>\n\n\n\n<h3 class=\"wp-block-heading\">4. Daniella V\u00edquez : Depuis votre pratique, avez-vous observ\u00e9 que les changements parfois r\u00e9sultent de pertes, mais que des aspects positifs de la sexualit\u00e9 apparaissent \u00e9galement apr\u00e8s une LCA ?<\/h3>\n\n\n\n<p>J\u2019adore l\u2019optimisme que tu transmets, Daniela. En v\u00e9rit\u00e9, j\u2019ai observ\u00e9 des changements positifs chez certaines personnes, b\u00e9n\u00e9fiques pour elles-m\u00eames, mais qui, par ailleurs, impliquaient un changement dans leur mani\u00e8re de se reconnecter \u00e0 leur environnement, si bien que je ne me risquerais pas \u00e0 dire si c\u2019est positif ou non. Tout d\u00e9pend de l\u00e0 o\u00f9 tu places le focus : sur la personne ou sur ses relations ant\u00e9rieures.<\/p>\n\n\n\n<p>J\u2019adore que tu poses cette question et, j\u2019esp\u00e8re que ces personnes l\u2019ont v\u00e9cu comme quelque chose de positif apr\u00e8s s\u2019\u00eatre r\u00e9ajust\u00e9es suite \u00e0 la LCA, merci !<\/p>\n\n\n\n<h3 class=\"wp-block-heading\">5. Alba Mart\u00edn : Comment penses-tu qu\u2019on devrait aborder ce sujet si important dans le cadre des r\u00e9sidences pour personnes en situation de handicap ? Merci beaucoup.<\/h3>\n\n\n\n<p>En fait, Alba, j\u2019ai dispens\u00e9 plusieurs formations destin\u00e9es au personnel m\u00e9dico-social de diverses r\u00e9sidences pour personnes en situation de handicap. Car il est prioritaire de travailler notre regard sur la sexualit\u00e9 des personnes que nous accompagnons dans notre travail et sur la mani\u00e8re dont nous, en tant qu\u2019environnement, influen\u00e7ons leur quotidien dans leur propre \u00ab maison \u00bb, c\u2019est-\u00e0-dire la r\u00e9sidence.<\/p>\n\n\n\n<p>Nous devons faire une place \u00e0 la sexualit\u00e9 dans leurs \u00ab maisons \u00bb. Je consid\u00e8re qu\u2019il est prioritaire de v\u00e9rifier si nous offrons r\u00e9ellement, dans les r\u00e9sidences pour personnes en situation de handicap, un cadre garantissant les droits de chaque individu, quelles que soient ses conditions de sant\u00e9, incluant le droit \u00e0 la sexualit\u00e9 et \u00e0 l\u2019intimit\u00e9. Si la sant\u00e9 sexuelle est le fruit d\u2019un environnement qui reconna\u00eet, respecte et exerce les droits sexuels, nous n\u2019avons d\u2019autre choix que de nous interroger sur le type d\u2019environnement que nous proposons \u00e0 ces personnes, puis d\u2019apporter des modifications \u00e0 notre mani\u00e8re d\u2019influencer leurs vies.<\/p>\n\n\n\n<p>\u00c0 plusieurs reprises, ces formations ont \u00e9t\u00e9 initi\u00e9es pr\u00e9cis\u00e9ment par le personnel charg\u00e9 de l\u2019accompagnement dans leurs \u00ab maisons \u00bb, car ils montraient, en vertu de leur vocation, un int\u00e9r\u00eat pour les directives visant \u00e0 garantir ce droit, mais aussi pour la pr\u00e9vention ou la gestion des conflits. Des exp\u00e9riences tr\u00e8s gratifiantes que j\u2019ai la chance de vivre dans ma profession d\u2019enseignante.<\/p>\n\n\n\n<ol class=\"wp-block-list\"><li><\/li><\/ol>\n\n\n\n<h3 class=\"wp-block-heading\">6. Blanca Alc\u00e1raz : Comment aborder ce sujet quand on parle de personnes \u00e2g\u00e9es ?<\/h3>\n\n\n\n<p>Bonjour de nouveau, Blanca. Eh bien, il s\u2019agit d\u2019int\u00e9grer la sexualit\u00e9 de la naissance jusqu\u2019\u00e0 la mort\u2026 Travailler sans infantilisation et en nous adaptant au public, en \u00e9vitant l\u2019\u00e2gisme qui appara\u00eet si souvent, et en ajustant notre regard sur la sexualit\u00e9, au-del\u00e0 de celle li\u00e9e \u00e0 l\u2019adolescence, \u00e0 la procr\u00e9ation ou \u00e0 un mod\u00e8le exclusivement co\u00eftal qui n\u2019inclut pas toutes les \u00e9tapes de la vie.<\/p>\n\n\n\n<p>En fait, un autre groupe de la soci\u00e9t\u00e9 qui subit des discriminations en raison de ses caract\u00e9ristiques ou de ses conditions, en plus des personnes en situation de handicap, pourrait \u00eatre celui des personnes \u00e2g\u00e9es.<\/p>\n\n\n\n<p>Le regard de la soci\u00e9t\u00e9 sur l\u2019\u00e9rotisme des personnes \u00e2g\u00e9es tend \u00e0 \u00eatre celui du rejet ou de l\u2019occultation, jug\u00e9 comme obsc\u00e8ne, ou attribu\u00e9 \u00e0 un manque de sant\u00e9 plut\u00f4t qu\u2019\u00e0 une sant\u00e9 positive. En t\u00e9moignent parfois le manque d\u2019intimit\u00e9 des couples dans les r\u00e9sidences ou la structure initiale qui part du principe qu\u2019ils n\u2019auront pas besoin d\u2019intimit\u00e9.<\/p>\n\n\n\n<p>Heureusement, ces approches et perceptions de la long\u00e9vit\u00e9 \u00e9voluent peu \u00e0 peu et l\u2019accent est mis de plus en plus sur la personne et sa dignit\u00e9.<\/p>\n\n\n\n<div style=\"height:70px\" aria-hidden=\"true\" class=\"wp-block-spacer\"><\/div>\n\n\n\n<div class=\"wp-block-group\"><div class=\"wp-block-group__inner-container is-layout-constrained wp-block-group-is-layout-constrained\">\n<div class=\"wp-block-columns br-0111 particle-bg p-5 has-primary-background-color has-background is-layout-flex wp-container-core-columns-is-layout-9d6595d7 wp-block-columns-is-layout-flex\">\n<div class=\"wp-block-column is-layout-flow wp-block-column-is-layout-flow\" style=\"flex-basis:66.66%\">\n<h2 class=\"wp-block-heading has-white-color has-text-color\">Essayez NeuronUP 7 jours gratuitement<\/h2>\n\n\n\n<p class=\"has-white-color has-text-color\">Vous pourrez travailler avec nos activit\u00e9s, concevoir des s\u00e9ances ou effectuer des r\u00e9habilitations \u00e0 distance<\/p>\n<\/div>\n\n\n\n<div class=\"wp-block-column is-layout-flow wp-block-column-is-layout-flow\" style=\"flex-basis:33.33%\">\n<div class=\"wp-block-buttons is-content-justification-center is-layout-flex wp-container-core-buttons-is-layout-16018d1d wp-block-buttons-is-layout-flex\">\n<div class=\"wp-block-button\" style=\"--button-background:var(--color-custom-1);--button-background-hover:#cc7e00;\"><a class=\"wp-block-button__link button   wp-element-button\" href=\"https:\/\/neuronup.com\/fr\/landing\/\">Commencez votre essai<\/a><\/div>\n\n<\/div>\n<\/div>\n<\/div>\n<\/div><\/div>\n\n\n\n<div style=\"height:50px\" aria-hidden=\"true\" class=\"wp-block-spacer\"><\/div>\n\n\n\n<h3 class=\"wp-block-heading\">7. Carla Mar\u00eda Lazzari : Dans le cas d\u2019une d\u00e9sinhibition sexuelle \u00e9lev\u00e9e, comment faut-il aborder la situation : poser des limites et travailler \u00e0 la r\u00e9duire, ou au contraire laisser explorer et accompagner pour trouver des r\u00e9ponses ? Ou peut-\u00eatre dialoguer et voir ce que souhaite la personne ? Je ne me suis pas encore trouv\u00e9e face \u00e0 ce type de situation.<\/h3>\n\n\n\n<p>Carla Mar\u00eda, lors d\u2019une autre formation avec des professionnels de la neuropsychologie, on m\u2019a pos\u00e9 la question suivante : \u00ab Inclues-tu les personnes pr\u00e9sentant une d\u00e9sinhibition sexuelle dans tes ateliers ? \u00bb Je pense que cela rejoint ton interrogation.<\/p>\n\n\n\n<p>J\u2019ai toujours d\u00e9fendu l\u2019efficacit\u00e9 de l\u2019intervention face aux difficult\u00e9s comportementales, car les changements sont souvent significatifs lors de l\u2019application des strat\u00e9gies issues des mod\u00e8les th\u00e9oriques de modification du comportement. \u00c9duquer \u00e0 une sant\u00e9 sexuelle positive est \u00e9galement b\u00e9n\u00e9fique et n\u00e9cessaire pour les personnes qui, malheureusement, ont des difficult\u00e9s \u00e0 inhiber leurs r\u00e9ponses. Bien s\u00fbr, il faut pr\u00e9ciser quelles conduites ne sont absolument pas autoris\u00e9es et poser une limite claire, c\u2019est indispensable de la part de tout leur entourage.<\/p>\n\n\n\n<p>Mais, de plus, les ateliers qui abordent la sexualit\u00e9 humaine ne favorisent pas la d\u00e9sinhibition de leurs participants. Au contraire, l\u2019exp\u00e9rience nous montre que ces groupes de travail renforcent :<\/p>\n\n\n\n<ul class=\"wp-block-list\">\n<li>l\u2019\u00e9tude du comportement par l\u2019\u00e9quipe,<\/li>\n<li>l\u2019accompagnement dans la prise de conscience des d\u00e9ficits,<\/li>\n<li>la possible anticipation pour l\u2019\u00e9vitement des conduites,<\/li>\n<li>les alternatives \u00e0 la conduite \u00e0 \u00e9liminer,<\/li>\n<li>et les cl\u00e9s de succ\u00e8s pour chaque cas particulier.<\/li>\n<\/ul>\n\n\n\n<p>En amont de l\u2019atelier et de mani\u00e8re g\u00e9n\u00e9rale, pour tenter de r\u00e9duire un comportement d\u00e9sinhib\u00e9 :<\/p>\n\n\n\n<ol class=\"wp-block-list\">\n<li>La premi\u00e8re \u00e9tape consiste g\u00e9n\u00e9ralement \u00e0 s\u00e9lectionner un comportement pr\u00e9cis, de la mani\u00e8re la plus objectivable et sp\u00e9cifique possible (par exemple, ne pas toucher la personne \u00e0 qui il s\u2019adresse).<\/li>\n<li>Ensuite, nous \u00e9tudierons les ant\u00e9c\u00e9dents ou les stimuli qui d\u00e9clenchent ce comportement (lorsqu\u2019il interagit individuellement et que ce n\u2019est pas son tour).<\/li>\n<li>De m\u00eame, nous analyserons les cons\u00e9quences de ce comportement ou la r\u00e9ponse qu\u2019il obtient de son entourage, ainsi que les b\u00e9n\u00e9fices \u00e9ventuels (par exemple, l\u2019attention sociale).<\/li>\n<\/ol>\n\n\n\n<p>Une fois dans le d\u00e9roulement de l\u2019atelier, nous tenterons de modifier cet apprentissage (ant\u00e9c\u00e9dents et cons\u00e9quences) qui maintient la d\u00e9sinhibition, nous enseignerons des strat\u00e9gies de r\u00e9gulation comportementale et nous renforcerons la cognition sociale (s\u00e9lection de r\u00e9ponses appropri\u00e9es selon le contexte, la relation existante, etc.) et le raisonnement, en nous adaptant \u00e0 leurs capacit\u00e9s cognitives.<\/p>\n\n\n\n<p>Dans la m\u00eame veine, \u00e0 travers l\u2019atelier, nous renforcerons l\u2019estime de soi via le feedback des pairs avec lesquels, parfois, le comportement d\u00e9sinhib\u00e9 se manifeste.<\/p>\n\n\n\n<p>Par ailleurs, un b\u00e9n\u00e9fice secondaire de traiter ce domaine est que l\u2019on parvient \u00e9galement \u00e0 \u00e9viter les risques en partageant la situation avec l\u2019entourage. Dans son cas, nous expliquons les causes organiques du comportement (par exemple, cette r\u00e9action appara\u00eet en raison de la l\u00e9sion qu\u2019il a subie, tout comme le manque de force de sa jambe). De cette fa\u00e7on, nous favorisons l\u2019empathie envers la personne concern\u00e9e et il est plus facile d\u2019\u00e9viter d\u2019attribuer des causes erron\u00e9es \u00e0 ce type de comportement.<\/p>\n\n\n\n<p>Lorsque nous cherchons \u00e0 r\u00e9duire tout comportement, nous devons renforcer son absence. Autrement dit, nous r\u00e9compensons toute autre r\u00e9ponse que celle que nous souhaitons modifier (par exemple, s\u2019il se frotte les mains plut\u00f4t que de toucher l\u2019autre personne). Si ce renforcement est obtenu pendant les s\u00e9ances de groupe par les pairs, et qu\u2019il se prolonge en dehors de ces s\u00e9ances, il est tr\u00e8s probable que l\u2019intensit\u00e9 et la fr\u00e9quence de la d\u00e9sinhibition diminuent avec le temps.<\/p>\n\n\n\n<p>La mise en commun par tous les membres de l\u2019\u00e9quipe (kin\u00e9sith\u00e9rapeutes, orthophonistes, psychiatres, etc.) est essentielle pour la g\u00e9n\u00e9ralisation des apprentissages. Des consignes sont donn\u00e9es pour que cette intervention comportementale s\u2019\u00e9tende \u00e0 chaque moment relationnel, et qu\u2019elle ne se limite pas aux seuls temps d\u2019atelier.<\/p>\n\n\n\n<p>De m\u00eame, la famille est inform\u00e9e des consignes de prise en charge et la co-th\u00e9rapie fonctionnera si l\u2019\u00e9volution est partag\u00e9e et r\u00e9guli\u00e8rement mise \u00e0 jour.<\/p>\n\n\n\n<p>En d\u00e9finitive, il s\u2019agit de faciliter le d\u00e9veloppement de la personne concern\u00e9e, de son entourage et de l\u2019\u00e9quipe professionnelle.<\/p>\n\n\n\n<h3 class=\"wp-block-heading\">8. Victoria Hern\u00e1ndez : Lorsque tu travailles d\u00e9j\u00e0 depuis deux mois sur le plan cognitif, comment pourrais-tu aborder le sujet de la sexualit\u00e9 sans que cela leur paraisse violent ?<\/h3>\n\n\n\n<p>Victoria, je suis s\u00fbre que tu disposes de comp\u00e9tences amplement suffisantes pour mettre \u00e0 l\u2019aise les personnes que tu accompagnes. \u00c0 condition d\u2019avoir d\u00e9velopp\u00e9 ton regard global sur la sexualit\u00e9 et d\u2019\u00eatre donc pr\u00eate \u00e0 la diversit\u00e9 des r\u00e9actions, il s\u2019agit de g\u00e9rer les \u00e9motions sous-jacentes \u00e0 cette situation o\u00f9 l\u2019on te confie une part d\u2019intimit\u00e9. Manifeste du respect et de la reconnaissance afin de pouvoir les soutenir comme dans d\u2019autres domaines.<\/p>\n\n\n\n<p>Dans d\u2019autres dimensions de la vie, ils appr\u00e9cient \u00e9galement que nous posions des questions, car cela t\u00e9moigne d\u2019une approche holistique. Par exemple, d\u00e8s les premi\u00e8res ann\u00e9es, j\u2019abordais les \u00e9ventuels changements li\u00e9s au contr\u00f4le des sphincters ou je proposais un espace pour discuter de l\u2019impact de la l\u00e9sion afin de comprendre les implications \u00e9motionnelles\u2026 Et ce sont des sujets tr\u00e8s intimes pour lesquels nous avons pris l\u2019habitude de poser des questions lorsqu\u2019il \u00e9tait n\u00e9cessaire pour \u00e9valuer et apporter du soutien. Comment ne pas en faire de m\u00eame pour la mani\u00e8re dont nous nous sentons en tant qu\u2019\u00eatres sexu\u00e9s !<\/p>\n\n\n\n<p>Dans le contexte et au moment opportun, que tu connais d\u00e9j\u00e0 pour cette personne que tu as rencontr\u00e9e, il serait conseill\u00e9 de demander si elle estime qu\u2019il existe des changements dans sa fa\u00e7on de se relier intimement ou si les modalit\u00e9s de satisfaction de ses besoins humains fondamentaux de tendresse, d\u2019affection et de plaisir ont \u00e9volu\u00e9. Valide son ressenti et prolonge la conversation uniquement si tu vois qu\u2019elle se d\u00e9roule naturellement ; sinon, reporte-la et fais appel \u00e0 son entourage selon le cas. Propose tout simplement, sois un point de r\u00e9f\u00e9rence pour ces sujets et reste attentive ; offre la possibilit\u00e9 de poser toute question, tant \u00e0 la personne qu\u2019\u00e0 son entourage.<\/p>\n\n\n\n<h3 class=\"wp-block-heading\">9. Diana Miranda : Je suis \u00e9tudiante en psychologie et je r\u00e9alise mon m\u00e9moire de fin d\u2019\u00e9tudes sur une proposition d\u2019intervention en sexualit\u00e9 et LCA. Je me demande si, dans le cas d\u2019une intervention de groupe, il est pr\u00e9f\u00e9rable que les groupes soient h\u00e9t\u00e9rog\u00e8nes ou homog\u00e8nes en termes d\u2019\u00e2ge, de situation de couple, etc. ?<\/h3>\n\n\n\n<p>Diana, dans mes premi\u00e8res exp\u00e9riences, j\u2019ai d\u00fb m\u2019adapter aux besoins de la structure dans laquelle je travaillais, si bien je n\u2019ai pas effectu\u00e9 ce type de s\u00e9lections. Pourtant, je peux t\u2019assurer que, tout comme dans d\u2019autres ateliers de groupe o\u00f9 j\u2019ai toujours encourag\u00e9 l\u2019h\u00e9t\u00e9rog\u00e9n\u00e9it\u00e9 et m\u00eal\u00e9 des personnes aux v\u00e9cus vari\u00e9s pour les b\u00e9n\u00e9fices que cela apporte, j\u2019ai \u00e9galement constat\u00e9 les m\u00eames avantages dans ces ateliers d\u00e9di\u00e9s \u00e0 la sexualit\u00e9.<\/p>\n\n\n\n<p>Bien que, id\u00e9alement, je te dirais qu\u2019un niveau cognitif similaire soit pr\u00e9f\u00e9rable, si tu peux constituer des groupes plus homog\u00e8nes cognitivement, je pense que cela profite au d\u00e9roulement de l\u2019atelier. Si, en plus, tu arrives \u00e0 choisir une autre variable (couples ou situations v\u00e9cues), vas-y ; mais je ne crois pas que ce soit indispensable, car empathiser avec d\u2019autres situations est \u00e9galement enrichissant.<\/p>\n\n\n\n<p>Lorsqu\u2019il s\u2019agit de groupes de proches, je crois en revanche qu\u2019il est b\u00e9n\u00e9fique de partager le m\u00eame lien avec la personne affect\u00e9e, c\u2019est-\u00e0-dire de constituer les groupes en fonction du degr\u00e9 de parent\u00e9 ou de la relation : groupes de fr\u00e8res et s\u0153urs de personnes affect\u00e9es, de couples, de parents, etc.<\/p>\n\n\n\n<p>Profite bien de ton m\u00e9moire de fin d\u2019\u00e9tudes, tu me raconteras. Merci.<\/p>\n\n\n\n<div style=\"height:70px\" aria-hidden=\"true\" class=\"wp-block-spacer\"><\/div>\n\n\n\n<div class=\"wp-block-group alignfull has-alt-background-color has-background has-light-background has-sm-padding-top has-sm-padding-bottom\"><div class=\"wp-block-group__inner-container is-layout-constrained wp-block-group-is-layout-constrained\">\n\n<figure class=\"wp-block-embed is-type-video is-provider-youtube wp-block-embed-youtube wp-embed-aspect-16-9 wp-has-aspect-ratio\"><div class=\"wp-block-embed__wrapper\">\n<iframe title=\"NeuronUP Academy: Afectividad y sexualidad tras un da\u00f1o cerebral adquirido por Ainhoa Espinosa\" width=\"800\" height=\"450\" src=\"https:\/\/www.youtube.com\/embed\/PP6o3zCRHN8?feature=oembed\" frameborder=\"0\" allow=\"accelerometer; autoplay; clipboard-write; encrypted-media; gyroscope; picture-in-picture; web-share\" referrerpolicy=\"strict-origin-when-cross-origin\" allowfullscreen><\/iframe>\n<\/div><\/figure>\n\n\n\n<p class=\"has-text-align-left has-link-color has-text-color has-xxl-font-size\"><strong><a href=\"https:\/\/neuronup.clickmeeting.com\/afectividad-y-sexualidad-tras-un-dano-cerebral-adquirido\/register\">Acc\u00e8s direct \u00e0 la conf\u00e9rence<\/a><\/strong><\/p>\n\n<\/div><\/div>\n\n\n\n\n<h2 class=\"wp-block-heading\">Si cet article sur les r\u00e9ponses aux<strong> questions de la conf\u00e9rence sur le dommage c\u00e9r\u00e9bral acquis d\u2019Ainhoa Espinosa de Luzarraga<\/strong> vous a plu, vous serez certainement int\u00e9ress\u00e9 par d\u2019autres articles de #NeuronUPAcademy :<\/h2>\n\n<div class=\"mai-grid entries entries-grid has-boxed has-image-full\" style=\"--entry-title-font-size:var(--font-size-lg);--align-text:start;--entry-meta-text-align:start;\"><div class=\"entries-wrap has-columns\" style=\"--columns-xs:1\/1;--columns-sm:1\/1;--columns-md:1\/3;--columns-lg:1\/3;--flex-xs:0 0 var(--flex-basis);--flex-sm:0 0 var(--flex-basis);--flex-md:0 0 var(--flex-basis);--flex-lg:0 0 var(--flex-basis);--column-gap:var(--spacing-lg);--row-gap:var(--spacing-lg);--align-columns:start;\"><article class=\"entry entry-grid is-column has-entry-link has-image has-image-first type-post category-neuropsychologie-et-informations tag-neuropsychologie\" style=\"--entry-index:1;\" aria-label=\"La neuropsychologie clinique dans l&#8217;\u00e9valuation et la pr\u00e9paration \u00e0 la neurochirurgie \u00e9veill\u00e9e\" itemscope itemtype=\"https:\/\/schema.org\/CreativeWork\"><a class=\"entry-image-link\" href=\"https:\/\/neuronup.com\/fr\/neurosciences\/neuropsychologie-et-informations\/la-neuropsychologie-clinique-dans-levaluation-et-la-preparation-a-la-neurochirurgie-eveillee\/\" tabindex=\"-1\" aria-hidden=\"true\"><img decoding=\"async\" width=\"400\" height=\"300\" src=\"https:\/\/neuronup.com\/fr\/wp-content\/uploads\/2024\/11\/Neuropsicologia-clinica-en-la-evaluacion-y-preparacion-en-neurocirugia-con-paciente-despierto-NeuronUP-400x300.webp\" class=\"entry-image size-landscape-sm\" alt=\"Professionnel de sant\u00e9 en salle d&#039;op\u00e9ration, masque et charlotte, entour\u00e9 d&#039;instruments, dans un cadre st\u00e9rile.\" srcset=\"https:\/\/neuronup.com\/fr\/wp-content\/uploads\/2024\/11\/Neuropsicologia-clinica-en-la-evaluacion-y-preparacion-en-neurocirugia-con-paciente-despierto-NeuronUP-400x300.webp 400w, https:\/\/neuronup.com\/fr\/wp-content\/uploads\/2024\/11\/Neuropsicologia-clinica-en-la-evaluacion-y-preparacion-en-neurocirugia-con-paciente-despierto-NeuronUP-800x600.webp 800w\" sizes=\"(max-width:599px) 599px, (min-width:600px) and (max-width: 799px) 799px, (min-width:800px) and (max-width: 999px) 333px, (min-width:1000px) 400px\" \/><\/a><div class=\"entry-wrap entry-wrap-grid\"><h3 class=\"entry-title\" itemprop=\"headline\"><a class=\"entry-title-link\" href=\"https:\/\/neuronup.com\/fr\/neurosciences\/neuropsychologie-et-informations\/la-neuropsychologie-clinique-dans-levaluation-et-la-preparation-a-la-neurochirurgie-eveillee\/\" rel=\"bookmark\">La neuropsychologie clinique dans l&#8217;\u00e9valuation et la pr\u00e9paration \u00e0 la neurochirurgie \u00e9veill\u00e9e<\/a><\/h3>\n<\/div><\/article><article class=\"entry entry-grid is-column has-entry-link has-image has-image-first type-post category-activites-de-neuro-reeducation tag-activites-de-stimulation-cognitive tag-attention tag-memoire tag-stimulation-cognitive\" style=\"--entry-index:2;\" aria-label=\"D\u00e9couvrez les 4 nouvelles activit\u00e9s NeuronUP pour stimuler les capacit\u00e9s cognitives !\" itemscope itemtype=\"https:\/\/schema.org\/CreativeWork\"><a class=\"entry-image-link\" href=\"https:\/\/neuronup.com\/fr\/activites-de-neuro-reeducation\/decouvrez-les-4-nouvelles-activites-neuronup-pour-stimuler-les-capacites-cognitives\/\" tabindex=\"-1\" aria-hidden=\"true\"><img decoding=\"async\" width=\"400\" height=\"300\" src=\"https:\/\/neuronup.com\/fr\/wp-content\/uploads\/2024\/12\/4-nouvelles-activites-NeuronUP-pour-stimuler-les-capacites-cognitives-1-400x300.webp\" class=\"entry-image size-landscape-sm\" alt=\"Interface NeuronUP montrant une grille de six ic\u00f4nes musicales et une ic\u00f4ne centrale mise en \u00e9vidence.\" srcset=\"https:\/\/neuronup.com\/fr\/wp-content\/uploads\/2024\/12\/4-nouvelles-activites-NeuronUP-pour-stimuler-les-capacites-cognitives-1-400x300.webp 400w, https:\/\/neuronup.com\/fr\/wp-content\/uploads\/2024\/12\/4-nouvelles-activites-NeuronUP-pour-stimuler-les-capacites-cognitives-1-800x600.webp 800w\" sizes=\"(max-width:599px) 599px, (min-width:600px) and (max-width: 799px) 799px, (min-width:800px) and (max-width: 999px) 333px, (min-width:1000px) 400px\" \/><\/a><div class=\"entry-wrap entry-wrap-grid\"><h3 class=\"entry-title\" itemprop=\"headline\"><a class=\"entry-title-link\" href=\"https:\/\/neuronup.com\/fr\/activites-de-neuro-reeducation\/decouvrez-les-4-nouvelles-activites-neuronup-pour-stimuler-les-capacites-cognitives\/\" rel=\"bookmark\">D\u00e9couvrez les 4 nouvelles activit\u00e9s NeuronUP pour stimuler les capacit\u00e9s cognitives !<\/a><\/h3>\n<\/div><\/article><article class=\"entry entry-grid is-column has-entry-link has-image has-image-first type-post category-activites-des-fonctions-executives tag-activites-de-stimulation-cognitive tag-activites-de-stimulation-cognitive-pour-enfants tag-actualites-de-neuronup tag-enfants\" style=\"--entry-index:3;\" aria-label=\"Jeu d&#8217;inhibition pour enfants : Cat\u00e9gories \u00e9clair\" itemscope itemtype=\"https:\/\/schema.org\/CreativeWork\"><a class=\"entry-image-link\" href=\"https:\/\/neuronup.com\/fr\/activites-de-neuro-reeducation\/activites-pour-les-fonctions-cognitives\/activites-des-fonctions-executives\/jeu-dinhibition-pour-enfants-categories-eclair\/\" tabindex=\"-1\" aria-hidden=\"true\"><img decoding=\"async\" width=\"400\" height=\"224\" src=\"https:\/\/neuronup.com\/fr\/wp-content\/uploads\/2024\/05\/Juego-para-ninos-NeuronUP-Categorias-relampago.webp\" class=\"entry-image size-landscape-sm\" alt=\"\u00c9cran NeuronUP pour enfants montrant des mots espagnols par cat\u00e9gorie: animales en haut, perro avec coche verte, ic\u00f4nes \u00e0 gauche.\" srcset=\"https:\/\/neuronup.com\/fr\/wp-content\/uploads\/2024\/05\/Juego-para-ninos-NeuronUP-Categorias-relampago-300x168.webp 300w, https:\/\/neuronup.com\/fr\/wp-content\/uploads\/2024\/05\/Juego-para-ninos-NeuronUP-Categorias-relampago-768x430.webp 768w, https:\/\/neuronup.com\/fr\/wp-content\/uploads\/2024\/05\/Juego-para-ninos-NeuronUP-Categorias-relampago-1024x574.webp 1024w, https:\/\/neuronup.com\/fr\/wp-content\/uploads\/2024\/05\/Juego-para-ninos-NeuronUP-Categorias-relampago.webp 1365w\" sizes=\"(max-width:599px) 599px, (min-width:600px) and (max-width: 799px) 799px, (min-width:800px) and (max-width: 999px) 333px, (min-width:1000px) 400px\" \/><\/a><div class=\"entry-wrap entry-wrap-grid\"><h3 class=\"entry-title\" itemprop=\"headline\"><a class=\"entry-title-link\" href=\"https:\/\/neuronup.com\/fr\/activites-de-neuro-reeducation\/activites-pour-les-fonctions-cognitives\/activites-des-fonctions-executives\/jeu-dinhibition-pour-enfants-categories-eclair\/\" rel=\"bookmark\">Jeu d&#8217;inhibition pour enfants : Cat\u00e9gories \u00e9clair<\/a><\/h3>\n<\/div><\/article><article class=\"entry entry-grid is-column has-entry-link has-image has-image-first type-post category-neuropsychologie-et-informations tag-memoire tag-neuropsychologie\" style=\"--entry-index:4;\" aria-label=\"M\u00e9moire prospective : d\u00e9finition, diff\u00e9rences avec la r\u00e9trospective, \u00e9valuation et variables\" itemscope itemtype=\"https:\/\/schema.org\/CreativeWork\"><a class=\"entry-image-link\" href=\"https:\/\/neuronup.com\/fr\/neurosciences\/neuropsychologie-et-informations\/memoire-prospective-definition-differences-avec-la-retrospective-evaluation-et-variables\/\" tabindex=\"-1\" aria-hidden=\"true\"><img decoding=\"async\" width=\"400\" height=\"300\" src=\"https:\/\/neuronup.com\/fr\/wp-content\/uploads\/2024\/11\/Memoire-prospective-definition-differences-avec-la-retrospective-evaluation-et-variables-2-400x300.webp\" class=\"entry-image size-landscape-sm\" alt=\"Calendrier et horloge 9:58 sur une table claire, avec trombones et fournitures de bureau, blog sur la m\u00e9moire prospective.\" srcset=\"https:\/\/neuronup.com\/fr\/wp-content\/uploads\/2024\/11\/Memoire-prospective-definition-differences-avec-la-retrospective-evaluation-et-variables-2-400x300.webp 400w, https:\/\/neuronup.com\/fr\/wp-content\/uploads\/2024\/11\/Memoire-prospective-definition-differences-avec-la-retrospective-evaluation-et-variables-2-800x600.webp 800w, https:\/\/neuronup.com\/fr\/wp-content\/uploads\/2024\/11\/Memoire-prospective-definition-differences-avec-la-retrospective-evaluation-et-variables-2-1200x900.webp 1200w\" sizes=\"(max-width:599px) 599px, (min-width:600px) and (max-width: 799px) 799px, (min-width:800px) and (max-width: 999px) 333px, (min-width:1000px) 400px\" \/><\/a><div class=\"entry-wrap entry-wrap-grid\"><h3 class=\"entry-title\" itemprop=\"headline\"><a class=\"entry-title-link\" href=\"https:\/\/neuronup.com\/fr\/neurosciences\/neuropsychologie-et-informations\/memoire-prospective-definition-differences-avec-la-retrospective-evaluation-et-variables\/\" rel=\"bookmark\">M\u00e9moire prospective : d\u00e9finition, diff\u00e9rences avec la r\u00e9trospective, \u00e9valuation et variables<\/a><\/h3>\n<\/div><\/article><article class=\"entry entry-grid is-column has-entry-link has-image has-image-first type-post category-lesions-cerebrales tag-avc tag-lesions-cerebrales-acquises\" style=\"--entry-index:5;\" aria-label=\"Troubles psychiatriques dans les l\u00e9sions c\u00e9r\u00e9brales acquises\" itemscope itemtype=\"https:\/\/schema.org\/CreativeWork\"><a class=\"entry-image-link\" href=\"https:\/\/neuronup.com\/fr\/actualites-de-la-stimulation-cognitive\/lesions-cerebrales\/troubles-psychiatriques-dans-les-lesions-cerebrales-acquises\/\" tabindex=\"-1\" aria-hidden=\"true\"><img decoding=\"async\" width=\"400\" height=\"300\" src=\"https:\/\/neuronup.com\/fr\/wp-content\/uploads\/2024\/11\/image-1200x675-1-4-400x300.webp\" class=\"entry-image size-landscape-sm\" alt=\"C\u0153ur stylis\u00e9 bicolore rouge et bleu sur fond clair, symbole graphique des aspects affectifs et cognitifs apr\u00e8s l\u00e9sions c\u00e9r\u00e9brales acquises.\" srcset=\"https:\/\/neuronup.com\/fr\/wp-content\/uploads\/2024\/11\/image-1200x675-1-4-400x300.webp 400w, https:\/\/neuronup.com\/fr\/wp-content\/uploads\/2024\/11\/image-1200x675-1-4-800x600.webp 800w\" sizes=\"(max-width:599px) 599px, (min-width:600px) and (max-width: 799px) 799px, (min-width:800px) and (max-width: 999px) 333px, (min-width:1000px) 400px\" \/><\/a><div class=\"entry-wrap entry-wrap-grid\"><h3 class=\"entry-title\" itemprop=\"headline\"><a class=\"entry-title-link\" href=\"https:\/\/neuronup.com\/fr\/actualites-de-la-stimulation-cognitive\/lesions-cerebrales\/troubles-psychiatriques-dans-les-lesions-cerebrales-acquises\/\" rel=\"bookmark\">Troubles psychiatriques dans les l\u00e9sions c\u00e9r\u00e9brales acquises<\/a><\/h3>\n<\/div><\/article><article class=\"entry entry-grid is-column has-entry-link has-image has-image-first type-post category-neuronup-academie tag-academie-neuronup\" style=\"--entry-index:6;\" aria-label=\"Le neurologue Asier G\u00f3mez r\u00e9pond aux questions concernant sa pr\u00e9sentation sur l\u2019\u00e9pilepsie\" itemscope itemtype=\"https:\/\/schema.org\/CreativeWork\"><a class=\"entry-image-link\" href=\"https:\/\/neuronup.com\/fr\/formation\/neuronup-academie\/asier-gomez-questions-presentation-sur-lepilepsie\/\" tabindex=\"-1\" aria-hidden=\"true\"><img decoding=\"async\" width=\"400\" height=\"300\" src=\"https:\/\/neuronup.com\/fr\/wp-content\/uploads\/2024\/11\/Therapie-occupationnelle-et-lesion-cerebrale-50-2-400x300.webp\" class=\"entry-image size-landscape-sm\" alt=\"Visuel montrant des pi\u00e8ces et des billets en euros, avec un message sur une activit\u00e9 de gestion d&#039;argent pour enfants.\" srcset=\"https:\/\/neuronup.com\/fr\/wp-content\/uploads\/2024\/11\/Therapie-occupationnelle-et-lesion-cerebrale-50-2-400x300.webp 400w, https:\/\/neuronup.com\/fr\/wp-content\/uploads\/2024\/11\/Therapie-occupationnelle-et-lesion-cerebrale-50-2-800x600.webp 800w, https:\/\/neuronup.com\/fr\/wp-content\/uploads\/2024\/11\/Therapie-occupationnelle-et-lesion-cerebrale-50-2-1200x900.webp 1200w\" sizes=\"(max-width:599px) 599px, (min-width:600px) and (max-width: 799px) 799px, (min-width:800px) and (max-width: 999px) 333px, (min-width:1000px) 400px\" \/><\/a><div class=\"entry-wrap entry-wrap-grid\"><h3 class=\"entry-title\" itemprop=\"headline\"><a class=\"entry-title-link\" href=\"https:\/\/neuronup.com\/fr\/formation\/neuronup-academie\/asier-gomez-questions-presentation-sur-lepilepsie\/\" rel=\"bookmark\">Le neurologue Asier G\u00f3mez r\u00e9pond aux questions concernant sa pr\u00e9sentation sur l\u2019\u00e9pilepsie<\/a><\/h3>\n<\/div><\/article><\/div><\/div>","protected":false},"excerpt":{"rendered":"<p>La neuropsychologue Ainhoa Espinosa de Luzarraga r\u00e9pond aux questions relatives \u00e0 sa pr\u00e9sentation \u00ab Affectivit\u00e9 et sexualit\u00e9 apr\u00e8s un dommage c\u00e9r\u00e9bral acquis \u00bb donn\u00e9e \u00e0 la NeuronUP Academy. Questions sur la conf\u00e9rence d\u2019Ainhoa Espinosa de Luzarraga sur le dommage c\u00e9r\u00e9bral acquis 1. Guillermo L\u00f3pez-Tello M\u00e1rquez : Pourrais-tu me donner des exemples d\u2019activit\u00e9s pratiques \u00e0 la &hellip;<\/p>\n","protected":false},"author":7,"featured_media":35691,"comment_status":"open","ping_status":"open","sticky":false,"template":"","format":"standard","meta":{"_acf_changed":false,"_genesis_hide_title":false,"_genesis_hide_breadcrumbs":false,"_genesis_hide_singular_image":false,"_genesis_hide_footer_widgets":false,"_genesis_custom_body_class":"","_genesis_custom_post_class":"","_genesis_layout":"","footnotes":""},"categories":[597],"tags":[1066,1069,1067],"class_list":{"2":"type-post","7":"category-neuronup-academie","8":"tag-academie-neuronup","9":"tag-lesion-cerebrale-acquise","10":"tag-presentation-de-lacademie-neuronup","11":"entry"},"acf":[],"_links":{"self":[{"href":"https:\/\/neuronup.com\/fr\/wp-json\/wp\/v2\/posts\/36230","targetHints":{"allow":["GET"]}}],"collection":[{"href":"https:\/\/neuronup.com\/fr\/wp-json\/wp\/v2\/posts"}],"about":[{"href":"https:\/\/neuronup.com\/fr\/wp-json\/wp\/v2\/types\/post"}],"author":[{"embeddable":true,"href":"https:\/\/neuronup.com\/fr\/wp-json\/wp\/v2\/users\/7"}],"replies":[{"embeddable":true,"href":"https:\/\/neuronup.com\/fr\/wp-json\/wp\/v2\/comments?post=36230"}],"version-history":[{"count":0,"href":"https:\/\/neuronup.com\/fr\/wp-json\/wp\/v2\/posts\/36230\/revisions"}],"wp:featuredmedia":[{"embeddable":true,"href":"https:\/\/neuronup.com\/fr\/wp-json\/wp\/v2\/media\/35691"}],"wp:attachment":[{"href":"https:\/\/neuronup.com\/fr\/wp-json\/wp\/v2\/media?parent=36230"}],"wp:term":[{"taxonomy":"category","embeddable":true,"href":"https:\/\/neuronup.com\/fr\/wp-json\/wp\/v2\/categories?post=36230"},{"taxonomy":"post_tag","embeddable":true,"href":"https:\/\/neuronup.com\/fr\/wp-json\/wp\/v2\/tags?post=36230"}],"curies":[{"name":"wp","href":"https:\/\/api.w.org\/{rel}","templated":true}]}}