{"id":36020,"date":"2025-08-31T09:02:42","date_gmt":"2025-08-31T09:02:42","guid":{"rendered":"https:\/\/neuronup.com\/?p=36020"},"modified":"2026-01-29T17:39:58","modified_gmt":"2026-01-29T15:39:58","slug":"reeducation-cognitive-avec-neuronup-a-lateneu-maestrat","status":"publish","type":"post","link":"https:\/\/neuronup.com\/fr\/actualites-de-la-stimulation-cognitive\/temoignages\/reeducation-cognitive-avec-neuronup-a-lateneu-maestrat\/","title":{"rendered":"R\u00e9\u00e9ducation cognitive avec NeuronUP \u00e0 l&rsquo;Ateneu Maestrat"},"content":{"rendered":"\n<p class=\"has-xl-font-size\">Jose Segura Navarro, neuropsychologue \u00e0 l\u2019Association de traumatisme cr\u00e2nien acquis Ateneu Maestrat, expose dans cet article l\u2019<strong>impact de NeuronUP dans le centre et propose un exemple de s\u00e9ance de stimulation cognitive.<\/strong><\/p>\n\n\n\n<h2 class=\"wp-block-heading\">Qu\u2019est-ce qu\u2019Ateneu Maestrat ?<\/h2>\n\n\n\n<p><strong>Ateneu Maestrat<\/strong> est une association \u00e0 but non lucratif compos\u00e9e de personnes ayant subi un <strong><a href=\"https:\/\/neuronup.com\/fr\/la-neuro-reeducation\/les-lesions-cerebrales-acquises\/\">traumatisme cr\u00e2nien acquis<\/a><\/strong> et de leurs familles.<\/p>\n\n\n\n<p>Elle a \u00e9t\u00e9 cr\u00e9\u00e9e en 2008 pour r\u00e9pondre aux besoins de r\u00e9habilitation de ces personnes dans la zone nord de la province de Castell\u00f3n. Au fil du temps, et afin d\u2019optimiser les ressources mat\u00e9rielles et humaines, nous avons \u00e9tendu le service \u00e0 d\u2019autres maladies neurologiques apparent\u00e9es telles que la <a href=\"https:\/\/neuronup.com\/fr\/la-neuro-reeducation\/les-maladies-neurodegeneratives\/sclerose-en-plaques\/\">scl\u00e9rose en plaques (SEP)<\/a> ou la <a href=\"https:\/\/neuronup.com\/fr\/la-neuro-reeducation\/les-maladies-neurodegeneratives\/parkinson\/\">maladie de Parkinson<\/a>. La majorit\u00e9 de nos usagers ont subi un traumatisme cr\u00e2nien acquis et vivent dans les comarques de l\u2019Alt et Baix Maestrat.<\/p>\n\n\n\n<p>Ateneu Maestrat est d\u00e9clar\u00e9e d\u2019utilit\u00e9 publique et accr\u00e9dit\u00e9e comme service de promotion de l\u2019autonomie personnelle.<\/p>\n\n\n\n<h3 class=\"wp-block-heading\">Profils professionnels pr\u00e9sents \u00e0 Ateneu Maestrat<\/h3>\n\n\n\n<p>Nous disposons actuellement des profils professionnels suivants au sein de notre centre :<\/p>\n\n\n\n<ul class=\"wp-block-list\">\n<li>neuropsychologue,<\/li>\n\n\n\n<li>kin\u00e9sith\u00e9rapeute,<\/li>\n\n\n\n<li>orthophoniste,<\/li>\n\n\n\n<li>travailleuse sociale,<\/li>\n\n\n\n<li>ergoth\u00e9rapeute,<\/li>\n\n\n\n<li>psychologue,<\/li>\n\n\n\n<li>animateur occupationnel,<\/li>\n\n\n\n<li>aide occupationnel,<\/li>\n\n\n\n<li>conducteur,<\/li>\n\n\n\n<li>directeur,<\/li>\n\n\n\n<li>et administratif.<\/li>\n<\/ul>\n\n\n\n<h3 class=\"wp-block-heading\">Quel est l\u2019approche d\u2019Ateneu Maestrat ?<\/h3>\n\n\n\n<p>Dans notre centre, nous travaillons avec <strong>l\u2019approche PCP (Planification Centr\u00e9e sur la Personne)<\/strong>, car chaque personne sollicitant nos services se trouve \u00e0 une phase d\u2019\u00e9volution diff\u00e9rente de la l\u00e9sion.<\/p>\n\n\n\n<p>Chaque personne vit de mani\u00e8re subjective la port\u00e9e de ses s\u00e9quelles, et cette subjectivit\u00e9 est largement conditionn\u00e9e par l\u2019activit\u00e9 d\u00e9lib\u00e9r\u00e9e (Javaloy et Rodr\u00edguez, 2010), c\u2019est-\u00e0-dire par la fa\u00e7on dont chacun d\u00e9cide de vivre ses conditions personnelles ou environnementales.<\/p>\n\n\n\n<p>La majorit\u00e9 des personnes qui viennent dans notre centre le font en phase subaigu\u00eb ou en phase chronique. Nous travaillons avec une <strong>perspective interdisciplinaire et multiple, car les s\u00e9quelles<\/strong> qui persistent apr\u00e8s un dommage c\u00e9r\u00e9bral (physiques, cognitives, \u00e9motionnelles, psychosociales\u2026) sont d\u2019une telle complexit\u00e9 qu\u2019elles ne peuvent \u00eatre abord\u00e9es exclusivement par un seul professionnel, <strong>elles requi\u00e8rent la participation conjointe et coordonn\u00e9e d\u2019une \u00e9quipe interdisciplinaire<\/strong>.<\/p>\n\n\n\n<p>Notre travail en phase subaigu\u00eb se concentre sur des s\u00e9ances individuelles, compl\u00e9t\u00e9es par des ateliers occupationnels, et en phase chronique, pour maintenir les progr\u00e8s acquis, nous r\u00e9alisons davantage de s\u00e9ances de groupe combin\u00e9es \u00e0 des ateliers et \u00e0 des activit\u00e9s communautaires, car nous recherchons toujours des activit\u00e9s \u00e9cologiques et visant \u00e0 appliquer en vie quotidienne ce qui a \u00e9t\u00e9 travaill\u00e9 en s\u00e9ance dans les activit\u00e9s de la vie quotidienne de base et instrumentales de la personne utilisatrice pour favoriser son autonomie.<\/p>\n\n\n\n<div style=\"height:50px\" aria-hidden=\"true\" class=\"wp-block-spacer\"><\/div>\n\n\n\n<div class=\"wp-block-group br-0111 has-primary-background-color has-background has-dark-background has-sm-padding-top has-sm-padding-left has-sm-padding-right has-xxl-margin-top\"><div class=\"wp-block-group__inner-container is-layout-constrained wp-block-group-is-layout-constrained\">\n<div class=\"wp-block-columns is-layout-flex wp-container-core-columns-is-layout-9d6595d7 wp-block-columns-is-layout-flex\">\n<div class=\"wp-block-column is-layout-flow wp-block-column-is-layout-flow\">\n<figure class=\"wp-block-image size-full desktop-position-absolute desktop-bottom-0 mobile-width-50 mobile-m-inline-auto has-xl-margin-top\"><img decoding=\"async\" width=\"292\" height=\"338\" src=\"https:\/\/neuronup.com\/fr\/wp-content\/uploads\/2024\/10\/certificat-produit.webp\" alt=\"\" class=\"wp-image-31568\" srcset=\"https:\/\/neuronup.com\/fr\/wp-content\/uploads\/2024\/10\/certificat-produit-259x300.webp 259w, https:\/\/neuronup.com\/fr\/wp-content\/uploads\/2024\/10\/certificat-produit.webp 292w\" sizes=\"(max-width: 292px) 100vw, 292px\" \/><\/figure>\n<\/div>\n\n\n\n<div class=\"wp-block-column is-layout-flow wp-block-column-is-layout-flow\">\n<h2 class=\"wp-block-heading has-white-color has-text-color\"><strong>Abonnez-vous<\/strong> <br>\u00e0 notre <br>Newsletter<\/h2>\n\n\n\n<div class=\"wp-block-buttons is-layout-flex wp-block-buttons-is-layout-flex\">\n<div class=\"wp-block-button--1\" style=\"--button-outline-color:var(--color-white);--button-outline-color-hover:rgba(0,0,0,0.8);\"><a class=\"wp-block-button__link button button-outline   wp-element-button\" href=\"https:\/\/neuronup.com\/fr\/newsletter\/\">Abonnez-vous<\/a><\/div>\n\n<\/div>\n\n\n\n<div style=\"height:40px\" aria-hidden=\"true\" class=\"wp-block-spacer\"><\/div>\n<\/div>\n<\/div>\n<\/div><\/div>\n\n\n\n\n<div style=\"height:50px\" aria-hidden=\"true\" class=\"wp-block-spacer\"><\/div>\n\n\n\n<h2 class=\"wp-block-heading\">NeuronUP \u00e0 Ateneu Maestrat<\/h2>\n\n\n\n<p>L\u2019apparition des plateformes de r\u00e9habilitation, comme NeuronUP, nous a <strong>facilit\u00e9 le travail quotidien aux professionnelles en neuropsychologie<\/strong> car :<\/p>\n\n\n\n<ul class=\"wp-block-list\">\n<li>il est possible de graduer la complexit\u00e9 de la t\u00e2che,<\/li>\n\n\n\n<li>il permet un contr\u00f4le des r\u00e9sultats rapide et fiable,<\/li>\n\n\n\n<li>la possibilit\u00e9 de pr\u00e9parer les s\u00e9ances \u00e0 l\u2019avance, de les programmer et de travailler \u00e0 domicile avec des personnes qui ne peuvent pas se rendre au centre chaque semaine.<\/li>\n<\/ul>\n\n\n\n<p>De plus, ce format b\u00e9n\u00e9ficie d\u2019<strong>une tr\u00e8s bonne acceptation aupr\u00e8s des personnes jeunes et d\u2019\u00e2ge moyen<\/strong>, qui associaient peut-\u00eatre la stimulation cognitive \u00e0 la r\u00e9alisation de mots crois\u00e9s et de mots m\u00eal\u00e9s dans des cahiers de \u00ab passe-temps \u00bb.<\/p>\n\n\n\n<p>Les plateformes de t\u00e9l\u00e9r\u00e9habilitation continuent de s\u2019am\u00e9liorer et de s\u2019appuyer sur les preuves scientifiques pour offrir un meilleur service, si bien que l\u2019on peut dire qu\u2019elles disposent d\u00e9sormais des trois ingr\u00e9dients cl\u00e9s de l\u2019entra\u00eenement cognitif \u00e9voqu\u00e9s par \u00c1lvaro Pascual-Leone, \u00c1lvaro Fern\u00e1ndez Ib\u00e1\u00f1ez et David Bartr\u00e9s-Faz dans leur livre \u00ab Le cerveau qui gu\u00e9rit \u00bb, \u00e0 savoir : <strong>nouveaut\u00e9, d\u00e9fi et vari\u00e9t\u00e9<\/strong>.<\/p>\n\n\n\n<p>Le <strong>format est tr\u00e8s attrayant<\/strong> et cela <strong>motiver la participation<\/strong>. Chez les personnes plus \u00e2g\u00e9es et dans les cas d\u2019h\u00e9mipl\u00e9gie ne pouvant pas utiliser la main affect\u00e9e, la plupart des appareils disposent d\u2019un \u00e9cran tactile, ce qui leur facilite l\u2019utilisation.&nbsp;<\/p>\n\n\n\n<p>Dans notre centre, <strong>nous utilisons la <a href=\"https:\/\/neuronup.com\/fr\/produit\/\">plateforme NeuronUP<\/a> dans les domaines de la neuropsychologie, de l\u2019orthophonie et de l\u2019ergoth\u00e9rapie<\/strong>, tant en s\u00e9ances individuelles qu\u2019en s\u00e9ances de groupe. Apr\u00e8s l\u2019int\u00e9gration de l\u2019usager au programme, une \u00e9valuation est r\u00e9alis\u00e9e dans tous les domaines d\u2019intervention pour \u00e9tablir un ordre de priorit\u00e9s. L\u2019am\u00e9lioration des processus attentionnels est toujours un objectif dans les premi\u00e8res phases du plan d\u2019intervention individuel, car l\u2019attention est une condition n\u00e9cessaire \u00e0 la compr\u00e9hension et \u00e0 l\u2019ex\u00e9cution de toute autre t\u00e2che.&nbsp;Parfois, nous rencontrons des personnes qui, en raison de leurs s\u00e9quelles attentionnelles, sont incapables de suivre correctement les instructions de la physioth\u00e9rapeute, par exemple, ce qui a un impact n\u00e9gatif sur leur \u00e9volution.<\/p>\n\n\n\n<div style=\"height:70px\" aria-hidden=\"true\" class=\"wp-block-spacer\"><\/div>\n\n\n\n<div class=\"wp-block-group\"><div class=\"wp-block-group__inner-container is-layout-constrained wp-block-group-is-layout-constrained\">\n<div class=\"wp-block-columns br-0111 particle-bg p-5 has-primary-background-color has-background is-layout-flex wp-container-core-columns-is-layout-9d6595d7 wp-block-columns-is-layout-flex\">\n<div class=\"wp-block-column is-layout-flow wp-block-column-is-layout-flow\" style=\"flex-basis:66.66%\">\n<h2 class=\"wp-block-heading has-white-color has-text-color\">Essayez NeuronUP 7 jours gratuitement<\/h2>\n\n\n\n<p class=\"has-white-color has-text-color\">Vous pourrez travailler avec nos activit\u00e9s, concevoir des s\u00e9ances ou effectuer des r\u00e9habilitations \u00e0 distance<\/p>\n<\/div>\n\n\n\n<div class=\"wp-block-column is-layout-flow wp-block-column-is-layout-flow\" style=\"flex-basis:33.33%\">\n<div class=\"wp-block-buttons is-content-justification-center is-layout-flex wp-container-core-buttons-is-layout-16018d1d wp-block-buttons-is-layout-flex\">\n<div class=\"wp-block-button\" style=\"--button-background:var(--color-custom-1);--button-background-hover:#cc7e00;\"><a class=\"wp-block-button__link button   wp-element-button\" href=\"https:\/\/neuronup.com\/fr\/landing\/\">Commencez votre essai<\/a><\/div>\n\n<\/div>\n<\/div>\n<\/div>\n<\/div><\/div>\n\n\n\n<div style=\"height:50px\" aria-hidden=\"true\" class=\"wp-block-spacer\"><\/div>\n\n\n\n<h3 class=\"wp-block-heading\">Exemple de s\u00e9ance avec NeuronUP<\/h3>\n\n\n\n<p>Nous pouvons ici voir un <strong>exemple de s\u00e9ance d\u2019<a href=\"https:\/\/neuronup.com\/fr\/domaines-dintervention\/fonctions-cognitives\/lattention\/\">attention<\/a>, bas\u00e9 sur le mod\u00e8le clinique<\/strong> de l\u2019attention (Sohlberg et Mateer, 1987, 1989).<\/p>\n\n\n\n<div style=\"height:50px\" aria-hidden=\"true\" class=\"wp-block-spacer\"><\/div>\n\n\n<div class=\"wp-block-image\">\n<figure class=\"aligncenter size-full is-resized\"><img decoding=\"async\" width=\"339\" height=\"656\" src=\"https:\/\/neuronup.com\/fr\/wp-content\/uploads\/2024\/12\/Atencion-sesion-NeuronUP-Ateneu-Maestrat.webp\" alt=\"Tableau r\u00e9capitulatif d\u2019une s\u00e9ance cognitive affichant six activit\u00e9s et leurs dur\u00e9es, dont copier des matrices et associer des figures.\" class=\"wp-image-36236\" style=\"width:300px;height:auto\" srcset=\"https:\/\/neuronup.com\/fr\/wp-content\/uploads\/2024\/12\/Atencion-sesion-NeuronUP-Ateneu-Maestrat-155x300.webp 155w, https:\/\/neuronup.com\/fr\/wp-content\/uploads\/2024\/12\/Atencion-sesion-NeuronUP-Ateneu-Maestrat.webp 339w\" sizes=\"(max-width: 339px) 100vw, 339px\" \/><figcaption class=\"wp-element-caption\">Exemple de s\u00e9ance d\u2019attention sur NeuronUP.<\/figcaption><\/figure>\n<\/div>\n\n\n<div style=\"height:50px\" aria-hidden=\"true\" class=\"wp-block-spacer\"><\/div>\n\n\n\n<p>Il s\u2019agit d\u2019une <strong>s\u00e9ance d\u2019une dur\u00e9e de 45 minutes<\/strong> d\u00e9butant par des <strong><a href=\"https:\/\/neuronup.com\/actividades-de-neurorrehabilitacion\/actividades-para-funciones-cognitivas\/actividades-de-atencion\/actividades-de-atencion-sostenida-para-adultos-y-ninos\/\">exercices d\u2019attention soutenue<\/a><\/strong>, puis des exercices d\u2019attention s\u00e9lective et altern\u00e9e, et nous terminons la s\u00e9ance par un jeu de cartes qui fait \u00e9galement intervenir la flexibilit\u00e9 et la planification (nous essayons toujours de finir par une activit\u00e9 agr\u00e9able, par exemple un jeu que nous savons appr\u00e9ci\u00e9 par la personne utilisatrice).<\/p>\n\n\n\n<div style=\"height:70px\" aria-hidden=\"true\" class=\"wp-block-spacer\"><\/div>\n\n\n\n<div class=\"wp-block-group br-0111 has-primary-background-color has-background has-dark-background has-sm-padding-top has-sm-padding-left has-sm-padding-right has-xxl-margin-top\"><div class=\"wp-block-group__inner-container is-layout-constrained wp-block-group-is-layout-constrained\">\n<div class=\"wp-block-columns is-layout-flex wp-container-core-columns-is-layout-9d6595d7 wp-block-columns-is-layout-flex\">\n<div class=\"wp-block-column is-layout-flow wp-block-column-is-layout-flow\">\n<figure class=\"wp-block-image size-full desktop-position-absolute desktop-bottom-0 mobile-width-50 mobile-m-inline-auto has-xl-margin-top\"><img decoding=\"async\" width=\"292\" height=\"338\" src=\"https:\/\/neuronup.com\/fr\/wp-content\/uploads\/2024\/10\/certificat-produit.webp\" alt=\"\" class=\"wp-image-31568\" srcset=\"https:\/\/neuronup.com\/fr\/wp-content\/uploads\/2024\/10\/certificat-produit-259x300.webp 259w, https:\/\/neuronup.com\/fr\/wp-content\/uploads\/2024\/10\/certificat-produit.webp 292w\" sizes=\"(max-width: 292px) 100vw, 292px\" \/><\/figure>\n<\/div>\n\n\n\n<div class=\"wp-block-column is-layout-flow wp-block-column-is-layout-flow\">\n<h2 class=\"wp-block-heading has-white-color has-text-color\"><strong>Abonnez-vous<\/strong> <br>\u00e0 notre <br>Newsletter<\/h2>\n\n\n\n<div class=\"wp-block-buttons is-layout-flex wp-block-buttons-is-layout-flex\">\n<div class=\"wp-block-button--2\" style=\"--button-outline-color:var(--color-white);--button-outline-color-hover:rgba(0,0,0,0.8);\"><a class=\"wp-block-button__link button button-outline   wp-element-button\" href=\"https:\/\/neuronup.com\/fr\/newsletter\/\">Abonnez-vous<\/a><\/div>\n\n<\/div>\n\n\n\n<div style=\"height:40px\" aria-hidden=\"true\" class=\"wp-block-spacer\"><\/div>\n<\/div>\n<\/div>\n<\/div><\/div>\n\n\n\n\n<div style=\"height:70px\" aria-hidden=\"true\" class=\"wp-block-spacer\"><\/div>\n\n\n\n<p><strong>NeuronUP nous permet de <a href=\"https:\/\/neuronup.com\/fr\/produit\/neuronup-score\/\">mesurer les progr\u00e8s des personnes utilisatrices<\/a><\/strong>. L\u2019image suivante est le r\u00e9sultat d\u2019une personne utilisatrice qui s\u2019est rendue au centre au d\u00e9but de cette ann\u00e9e pour des pertes de m\u00e9moire r\u00e9currentes. Apr\u00e8s avoir consult\u00e9 un m\u00e9decin, plusieurs examens d\u2019imagerie ont r\u00e9v\u00e9l\u00e9 des l\u00e9sions compatibles avec des micro-AVC.<\/p>\n\n\n\n<p>Dans ce cas, nous nous concentrons sur des exercices de m\u00e9moire, mais d\u2019autres domaines cognitifs sont \u00e9galement travaill\u00e9s. La ligne de tendance sup\u00e9rieure est la tendance g\u00e9n\u00e9rale et la ligne inf\u00e9rieure appara\u00eet lors de la s\u00e9lection de \u00ab m\u00e9moire \u00bb. C\u2019est un r\u00e9sultat tr\u00e8s visuel, tant pour les professionnelles que pour les personnes utilisatrices, qui peuvent voir leurs progr\u00e8s. Ces scores, associ\u00e9s aux tests et \u00e9chelles standardis\u00e9s, nous servent d\u2019indicateurs pour savoir si nous atteignons les objectifs fix\u00e9s, en plus de fournir un bon retour d\u2019information \u00e0 la personne utilisatrice.<\/p>\n\n\n\n<div style=\"height:70px\" aria-hidden=\"true\" class=\"wp-block-spacer\"><\/div>\n\n\n<div class=\"wp-block-image\">\n<figure class=\"aligncenter size-large\"><img decoding=\"async\" width=\"1024\" height=\"422\" src=\"https:\/\/neuronup.com\/fr\/wp-content\/uploads\/2024\/12\/Evolucion-usuario-Ateneu-Maestrat-1024x422.webp\" alt=\"Tableau d\u2019\u00e9valuation des scores cognitifs avec courbe d Evolution montrant Attention, M\u00e9moire, Langage et score actuel 65.\" class=\"wp-image-36239\" srcset=\"https:\/\/neuronup.com\/fr\/wp-content\/uploads\/2024\/12\/Evolucion-usuario-Ateneu-Maestrat-300x124.webp 300w, https:\/\/neuronup.com\/fr\/wp-content\/uploads\/2024\/12\/Evolucion-usuario-Ateneu-Maestrat-768x317.webp 768w, https:\/\/neuronup.com\/fr\/wp-content\/uploads\/2024\/12\/Evolucion-usuario-Ateneu-Maestrat-1024x422.webp 1024w, https:\/\/neuronup.com\/fr\/wp-content\/uploads\/2024\/12\/Evolucion-usuario-Ateneu-Maestrat.webp 1256w\" sizes=\"(max-width: 1024px) 100vw, 1024px\" \/><figcaption class=\"wp-element-caption\">Exemple de l\u2019\u00e9volution d\u2019un utilisateur d\u2019Ateneu Maestrat utilisant NeuronUP.<\/figcaption><\/figure>\n<\/div>\n\n\n<div style=\"height:70px\" aria-hidden=\"true\" class=\"wp-block-spacer\"><\/div>\n\n\n\n<p>Sur cette photographie, la personne utilisatrice, qui est aphasique, r\u00e9alise un exercice d\u2019identification des \u00e9motions.<\/p>\n\n\n\n<div style=\"height:70px\" aria-hidden=\"true\" class=\"wp-block-spacer\"><\/div>\n\n\n<div class=\"wp-block-image\">\n<figure class=\"aligncenter size-large\"><img decoding=\"async\" src=\"https:\/\/neuronup.com\/fr\/wp-content\/uploads\/2024\/12\/Usuario-de-Ateneu-Maestrat-trabajando-con-NeuronUP-1022x1024.webp\" alt=\"logo-neuronup-navidad\" class=\"wp-image-36240\"\/><figcaption class=\"wp-element-caption\">Utilisateur d\u2019Ateneu Maestrat travaillant avec NeuronUP.<\/figcaption><\/figure>\n<\/div>\n\n\n<div style=\"height:70px\" aria-hidden=\"true\" class=\"wp-block-spacer\"><\/div>\n\n\n\n<p>Dans notre centre, nous travaillons \u00e9galement avec les options <strong>Kids et <a href=\"https:\/\/neuronup.com\/fr\/produit\/telerehabilitation-rehabilitation-cognitive-a-distance-avec-neuronup\/\">NeuronUP2GO<\/a><\/strong> de la plateforme. Les plus jeunes adorent travailler sur l\u2019ordinateur ou la tablette. Les personnes qui utilisent NeuronUP2GO le font parce qu\u2019elles ne peuvent pas se rendre temporairement au centre, ou parce qu\u2019elles ont d\u00e9m\u00e9nag\u00e9 dans une autre ville mais souhaitent poursuivre les s\u00e9ances de stimulation cognitive.<\/p>\n\n\n\n<div style=\"height:50px\" aria-hidden=\"true\" class=\"wp-block-spacer\"><\/div>\n\n\n\n<div class=\"wp-block-group br-0111 has-primary-background-color has-background has-dark-background has-sm-padding-top has-sm-padding-left has-sm-padding-right has-xxl-margin-top\"><div class=\"wp-block-group__inner-container is-layout-constrained wp-block-group-is-layout-constrained\">\n<div class=\"wp-block-columns is-layout-flex wp-container-core-columns-is-layout-9d6595d7 wp-block-columns-is-layout-flex\">\n<div class=\"wp-block-column is-layout-flow wp-block-column-is-layout-flow\">\n<figure class=\"wp-block-image size-full desktop-position-absolute desktop-bottom-0 mobile-width-50 mobile-m-inline-auto has-xl-margin-top\"><img decoding=\"async\" width=\"292\" height=\"338\" src=\"https:\/\/neuronup.com\/fr\/wp-content\/uploads\/2024\/10\/certificat-produit.webp\" alt=\"\" class=\"wp-image-31568\" srcset=\"https:\/\/neuronup.com\/fr\/wp-content\/uploads\/2024\/10\/certificat-produit-259x300.webp 259w, https:\/\/neuronup.com\/fr\/wp-content\/uploads\/2024\/10\/certificat-produit.webp 292w\" sizes=\"(max-width: 292px) 100vw, 292px\" \/><\/figure>\n<\/div>\n\n\n\n<div class=\"wp-block-column is-layout-flow wp-block-column-is-layout-flow\">\n<h2 class=\"wp-block-heading has-white-color has-text-color\"><strong>Abonnez-vous<\/strong> <br>\u00e0 notre <br>Newsletter<\/h2>\n\n\n\n<div class=\"wp-block-buttons is-layout-flex wp-block-buttons-is-layout-flex\">\n<div class=\"wp-block-button--3\" style=\"--button-outline-color:var(--color-white);--button-outline-color-hover:rgba(0,0,0,0.8);\"><a class=\"wp-block-button__link button button-outline   wp-element-button\" href=\"https:\/\/neuronup.com\/fr\/newsletter\/\">Abonnez-vous<\/a><\/div>\n\n<\/div>\n\n\n\n<div style=\"height:40px\" aria-hidden=\"true\" class=\"wp-block-spacer\"><\/div>\n<\/div>\n<\/div>\n<\/div><\/div>\n\n\n\n\n<h3 class=\"wp-block-heading\">Si vous avez aim\u00e9 cet article sur la <strong>r\u00e9habilitation cognitive avec NeuronUP \u00e0 Ateneu Maestrat<\/strong>, il se peut que les articles suivants vous int\u00e9ressent :<\/h3>\n\n<div class=\"mai-grid entries entries-grid has-boxed has-image-full\" style=\"--entry-title-font-size:var(--font-size-lg);--align-text:start;--entry-meta-text-align:start;\"><div class=\"entries-wrap has-columns\" style=\"--columns-xs:1\/1;--columns-sm:1\/1;--columns-md:1\/3;--columns-lg:1\/3;--flex-xs:0 0 var(--flex-basis);--flex-sm:0 0 var(--flex-basis);--flex-md:0 0 var(--flex-basis);--flex-lg:0 0 var(--flex-basis);--column-gap:var(--spacing-lg);--row-gap:var(--spacing-lg);--align-columns:start;\"><article class=\"entry entry-grid is-column has-entry-link has-image has-image-first type-post category-activites-de-la-memoire tag-memoire tag-neuro-reeducation tag-stimulation-cognitive\" style=\"--entry-index:1;\" aria-label=\"9 activit\u00e9s pour travailler la m\u00e9moire\" itemscope itemtype=\"https:\/\/schema.org\/CreativeWork\"><a class=\"entry-image-link\" href=\"https:\/\/neuronup.com\/fr\/activites-de-neuro-reeducation\/activites-pour-les-fonctions-cognitives\/activites-de-la-memoire\/9-activites-pour-travailler-la-memoire\/\" tabindex=\"-1\" aria-hidden=\"true\"><img decoding=\"async\" width=\"400\" height=\"300\" src=\"https:\/\/neuronup.com\/fr\/wp-content\/uploads\/2024\/11\/Activite-pour-la-memoire-NeuronUP-Obstacles-sur-la-route-1-400x300.webp\" class=\"entry-image size-landscape-sm\" alt=\"Exercice de m\u00e9moire avec grille et pi\u00e8ges: case rouge et c\u00f4ne, voiture sur route, illustrant planification et m\u00e9morisation.\" srcset=\"https:\/\/neuronup.com\/fr\/wp-content\/uploads\/2024\/11\/Activite-pour-la-memoire-NeuronUP-Obstacles-sur-la-route-1-400x300.webp 400w, https:\/\/neuronup.com\/fr\/wp-content\/uploads\/2024\/11\/Activite-pour-la-memoire-NeuronUP-Obstacles-sur-la-route-1-800x600.webp 800w\" sizes=\"(max-width:599px) 599px, (min-width:600px) and (max-width: 799px) 799px, (min-width:800px) and (max-width: 999px) 333px, (min-width:1000px) 400px\" \/><\/a><div class=\"entry-wrap entry-wrap-grid\"><h3 class=\"entry-title\" itemprop=\"headline\"><a class=\"entry-title-link\" href=\"https:\/\/neuronup.com\/fr\/activites-de-neuro-reeducation\/activites-pour-les-fonctions-cognitives\/activites-de-la-memoire\/9-activites-pour-travailler-la-memoire\/\" rel=\"bookmark\">9 activit\u00e9s pour travailler la m\u00e9moire<\/a><\/h3>\n<\/div><\/article><article class=\"entry entry-grid is-column has-entry-link has-image has-image-first type-post category-schizophrenie tag-activites-de-stimulation-cognitive tag-schizophrenie\" style=\"--entry-index:2;\" aria-label=\"Atelier cognitif avec NeuronUP pour l&rsquo;intervention de la schizophr\u00e9nie\" itemscope itemtype=\"https:\/\/schema.org\/CreativeWork\"><a class=\"entry-image-link\" href=\"https:\/\/neuronup.com\/fr\/actualites-de-la-stimulation-cognitive\/maladie-mentale\/schizophrenie\/atelier-cognitif-avec-neuronup-pour-lintervention-de-la-schizophrenie\/\" tabindex=\"-1\" aria-hidden=\"true\"><img decoding=\"async\" width=\"400\" height=\"300\" src=\"https:\/\/neuronup.com\/fr\/wp-content\/uploads\/2024\/09\/Actividad-Empareja-las-cartas-1.webp\" class=\"entry-image size-landscape-sm\" alt=\"Grille de cartes color\u00e9es pour associer; coches vertes indiquent les bonnes associations et croix rouges les erreurs.\" srcset=\"https:\/\/neuronup.com\/fr\/wp-content\/uploads\/2024\/09\/Actividad-Empareja-las-cartas-1-300x225.webp 300w, https:\/\/neuronup.com\/fr\/wp-content\/uploads\/2024\/09\/Actividad-Empareja-las-cartas-1-768x577.webp 768w, https:\/\/neuronup.com\/fr\/wp-content\/uploads\/2024\/09\/Actividad-Empareja-las-cartas-1-1024x769.webp 1024w, https:\/\/neuronup.com\/fr\/wp-content\/uploads\/2024\/09\/Actividad-Empareja-las-cartas-1.webp 1200w\" sizes=\"(max-width:599px) 599px, (min-width:600px) and (max-width: 799px) 799px, (min-width:800px) and (max-width: 999px) 333px, (min-width:1000px) 400px\" \/><\/a><div class=\"entry-wrap entry-wrap-grid\"><h3 class=\"entry-title\" itemprop=\"headline\"><a class=\"entry-title-link\" href=\"https:\/\/neuronup.com\/fr\/actualites-de-la-stimulation-cognitive\/maladie-mentale\/schizophrenie\/atelier-cognitif-avec-neuronup-pour-lintervention-de-la-schizophrenie\/\" rel=\"bookmark\">Atelier cognitif avec NeuronUP pour l&rsquo;intervention de la schizophr\u00e9nie<\/a><\/h3>\n<\/div><\/article><article class=\"entry entry-grid is-column has-entry-link has-image has-image-first type-post category-tsa tag-autisme tag-enfants tag-neuropsychologie tag-troubles-du-neurodeveloppement\" style=\"--entry-index:3;\" aria-label=\"Le syndrome d&#8217;Asperger : d\u00e9finition, domaines, caract\u00e9ristiques et neuropsychologie\" itemscope itemtype=\"https:\/\/schema.org\/CreativeWork\"><a class=\"entry-image-link\" href=\"https:\/\/neuronup.com\/fr\/actualites-de-la-stimulation-cognitive\/troubles-neuro-developpementaux\/tsa\/le-syndrome-dasperger-quest-ce-que-cest-domaines-caracteristiques-et-neuropsychologie\/\" tabindex=\"-1\" aria-hidden=\"true\"><img decoding=\"async\" width=\"400\" height=\"267\" src=\"https:\/\/neuronup.com\/fr\/wp-content\/uploads\/2022\/11\/El-sindrome-de-Asperger.webp\" class=\"entry-image size-landscape-sm\" alt=\"Jeune gar\u00e7on assis sur le sol, visage pensif, chemise bleue \u00e0 rayures et d\u00e9cor minimaliste, th\u00e8me Asperger.\" srcset=\"https:\/\/neuronup.com\/fr\/wp-content\/uploads\/2022\/11\/El-sindrome-de-Asperger-300x200.webp 300w, https:\/\/neuronup.com\/fr\/wp-content\/uploads\/2022\/11\/El-sindrome-de-Asperger-768x512.webp 768w, https:\/\/neuronup.com\/fr\/wp-content\/uploads\/2022\/11\/El-sindrome-de-Asperger-1024x683.webp 1024w, https:\/\/neuronup.com\/fr\/wp-content\/uploads\/2022\/11\/El-sindrome-de-Asperger.webp 1205w\" sizes=\"(max-width:599px) 599px, (min-width:600px) and (max-width: 799px) 799px, (min-width:800px) and (max-width: 999px) 333px, (min-width:1000px) 400px\" \/><\/a><div class=\"entry-wrap entry-wrap-grid\"><h3 class=\"entry-title\" itemprop=\"headline\"><a class=\"entry-title-link\" href=\"https:\/\/neuronup.com\/fr\/actualites-de-la-stimulation-cognitive\/troubles-neuro-developpementaux\/tsa\/le-syndrome-dasperger-quest-ce-que-cest-domaines-caracteristiques-et-neuropsychologie\/\" rel=\"bookmark\">Le syndrome d&#8217;Asperger : d\u00e9finition, domaines, caract\u00e9ristiques et neuropsychologie<\/a><\/h3>\n<\/div><\/article><article class=\"entry entry-grid is-column has-entry-link has-image has-image-first type-post category-neuronup-academie tag-academie-neuronup\" style=\"--entry-index:4;\" aria-label=\"Aar\u00f3n Del Olmo r\u00e9pond aux questions sur sa pr\u00e9sentation sur le cerveau\" itemscope itemtype=\"https:\/\/schema.org\/CreativeWork\"><a class=\"entry-image-link\" href=\"https:\/\/neuronup.com\/fr\/formation\/neuronup-academie\/aaron-del-olmo-repond-aux-questions-expose-sur-le-cerveau\/\" tabindex=\"-1\" aria-hidden=\"true\"><img decoding=\"async\" width=\"400\" height=\"225\" src=\"https:\/\/neuronup.com\/fr\/wp-content\/uploads\/2024\/10\/Aaaron-Del-Olmo-ponencia-sobre-el-cerebro.webp\" class=\"entry-image size-landscape-sm\" alt=\"Portrait d&#039;un homme en blouse noire regardant l&#039;objectif; texte \u00e0 droite mentionnant Aar\u00f3n F. del Olmo et la perception du cerveau; fond color\u00e9.\" srcset=\"https:\/\/neuronup.com\/fr\/wp-content\/uploads\/2024\/10\/Aaaron-Del-Olmo-ponencia-sobre-el-cerebro-300x169.webp 300w, https:\/\/neuronup.com\/fr\/wp-content\/uploads\/2024\/10\/Aaaron-Del-Olmo-ponencia-sobre-el-cerebro-768x432.webp 768w, https:\/\/neuronup.com\/fr\/wp-content\/uploads\/2024\/10\/Aaaron-Del-Olmo-ponencia-sobre-el-cerebro-1024x576.webp 1024w, https:\/\/neuronup.com\/fr\/wp-content\/uploads\/2024\/10\/Aaaron-Del-Olmo-ponencia-sobre-el-cerebro.webp 1200w\" sizes=\"(max-width:599px) 599px, (min-width:600px) and (max-width: 799px) 799px, (min-width:800px) and (max-width: 999px) 333px, (min-width:1000px) 400px\" \/><\/a><div class=\"entry-wrap entry-wrap-grid\"><h3 class=\"entry-title\" itemprop=\"headline\"><a class=\"entry-title-link\" href=\"https:\/\/neuronup.com\/fr\/formation\/neuronup-academie\/aaron-del-olmo-repond-aux-questions-expose-sur-le-cerveau\/\" rel=\"bookmark\">Aar\u00f3n Del Olmo r\u00e9pond aux questions sur sa pr\u00e9sentation sur le cerveau<\/a><\/h3>\n<\/div><\/article><article class=\"entry entry-grid is-column has-entry-link has-image has-image-first type-post category-activites-pour-les-enfants-ayant-des-besoins-particuliers tag-activites-de-stimulation-cognitive tag-activites-de-stimulation-cognitive-pour-enfants tag-enfants\" style=\"--entry-index:5;\" aria-label=\"Jeu de lettres amusant pour les plus petits : Le petit glouton de lettres\" itemscope itemtype=\"https:\/\/schema.org\/CreativeWork\"><a class=\"entry-image-link\" href=\"https:\/\/neuronup.com\/fr\/activites-de-neuro-reeducation\/activites-pour-les-enfants-ayant-des-besoins-particuliers\/jeu-de-lettres-amusant\/\" tabindex=\"-1\" aria-hidden=\"true\"><img decoding=\"async\" width=\"400\" height=\"257\" src=\"https:\/\/neuronup.com\/fr\/wp-content\/uploads\/2024\/11\/Default-mode-network-1-400x257.webp\" class=\"entry-image size-landscape-sm\" alt=\"Deux repr\u00e9sentations c\u00e9r\u00e9brales issues d&#039;imagerie, color\u00e9es jaune, orange et bleu, illustrant le r\u00e9seau en mode par d\u00e9faut.\" \/><\/a><div class=\"entry-wrap entry-wrap-grid\"><h3 class=\"entry-title\" itemprop=\"headline\"><a class=\"entry-title-link\" href=\"https:\/\/neuronup.com\/fr\/activites-de-neuro-reeducation\/activites-pour-les-enfants-ayant-des-besoins-particuliers\/jeu-de-lettres-amusant\/\" rel=\"bookmark\">Jeu de lettres amusant pour les plus petits : Le petit glouton de lettres<\/a><\/h3>\n<\/div><\/article><article class=\"entry entry-grid is-column has-entry-link has-image has-image-first type-post category-avc tag-accident-vasculaire-cerebral\" style=\"--entry-index:6;\" aria-label=\"4 causes peu fr\u00e9quentes d&#8217;AVC\" itemscope itemtype=\"https:\/\/schema.org\/CreativeWork\"><a class=\"entry-image-link\" href=\"https:\/\/neuronup.com\/fr\/actualites-de-la-stimulation-cognitive\/lesions-cerebrales\/avc\/causes-peu-frequentes-de-l-accident-vasculaire-cerebral\/\" tabindex=\"-1\" aria-hidden=\"true\"><img decoding=\"async\" width=\"400\" height=\"267\" src=\"https:\/\/neuronup.com\/fr\/wp-content\/uploads\/2024\/09\/causas-infrecuentes-del-ictus.webp\" class=\"entry-image size-landscape-sm\" alt=\"Images d\u2019IRM c\u00e9r\u00e9brales montrant diverses r\u00e9gions du cerveau avec motifs clairs et sombres, dispos\u00e9es en rang\u00e9es.\" srcset=\"https:\/\/neuronup.com\/fr\/wp-content\/uploads\/2024\/09\/causas-infrecuentes-del-ictus-300x200.webp 300w, https:\/\/neuronup.com\/fr\/wp-content\/uploads\/2024\/09\/causas-infrecuentes-del-ictus-768x512.webp 768w, https:\/\/neuronup.com\/fr\/wp-content\/uploads\/2024\/09\/causas-infrecuentes-del-ictus-1024x683.webp 1024w, https:\/\/neuronup.com\/fr\/wp-content\/uploads\/2024\/09\/causas-infrecuentes-del-ictus.webp 1200w\" sizes=\"(max-width:599px) 599px, (min-width:600px) and (max-width: 799px) 799px, (min-width:800px) and (max-width: 999px) 333px, (min-width:1000px) 400px\" \/><\/a><div class=\"entry-wrap entry-wrap-grid\"><h3 class=\"entry-title\" itemprop=\"headline\"><a class=\"entry-title-link\" href=\"https:\/\/neuronup.com\/fr\/actualites-de-la-stimulation-cognitive\/lesions-cerebrales\/avc\/causes-peu-frequentes-de-l-accident-vasculaire-cerebral\/\" rel=\"bookmark\">4 causes peu fr\u00e9quentes d&#8217;AVC<\/a><\/h3>\n<\/div><\/article><\/div><\/div>","protected":false},"excerpt":{"rendered":"<p>Jose Segura Navarro, neuropsychologue \u00e0 l\u2019Association de traumatisme cr\u00e2nien acquis Ateneu Maestrat, expose dans cet article l\u2019impact de NeuronUP dans le centre et propose un exemple de s\u00e9ance de stimulation cognitive. Qu\u2019est-ce qu\u2019Ateneu Maestrat ? Ateneu Maestrat est une association \u00e0 but non lucratif compos\u00e9e de personnes ayant subi un traumatisme cr\u00e2nien acquis et de &hellip;<\/p>\n","protected":false},"author":327,"featured_media":40923,"comment_status":"open","ping_status":"open","sticky":false,"template":"","format":"standard","meta":{"_acf_changed":false,"_genesis_hide_title":false,"_genesis_hide_breadcrumbs":false,"_genesis_hide_singular_image":false,"_genesis_hide_footer_widgets":false,"_genesis_custom_body_class":"","_genesis_custom_post_class":"","_genesis_layout":"","footnotes":""},"categories":[586],"tags":[834,1069,642,775],"class_list":{"2":"type-post","7":"category-temoignages","8":"tag-adultes","9":"tag-lesion-cerebrale-acquise","10":"tag-stimulation-cognitive","11":"tag-temoignages","12":"entry"},"acf":[],"_links":{"self":[{"href":"https:\/\/neuronup.com\/fr\/wp-json\/wp\/v2\/posts\/36020","targetHints":{"allow":["GET"]}}],"collection":[{"href":"https:\/\/neuronup.com\/fr\/wp-json\/wp\/v2\/posts"}],"about":[{"href":"https:\/\/neuronup.com\/fr\/wp-json\/wp\/v2\/types\/post"}],"author":[{"embeddable":true,"href":"https:\/\/neuronup.com\/fr\/wp-json\/wp\/v2\/users\/327"}],"replies":[{"embeddable":true,"href":"https:\/\/neuronup.com\/fr\/wp-json\/wp\/v2\/comments?post=36020"}],"version-history":[{"count":0,"href":"https:\/\/neuronup.com\/fr\/wp-json\/wp\/v2\/posts\/36020\/revisions"}],"wp:featuredmedia":[{"embeddable":true,"href":"https:\/\/neuronup.com\/fr\/wp-json\/wp\/v2\/media\/40923"}],"wp:attachment":[{"href":"https:\/\/neuronup.com\/fr\/wp-json\/wp\/v2\/media?parent=36020"}],"wp:term":[{"taxonomy":"category","embeddable":true,"href":"https:\/\/neuronup.com\/fr\/wp-json\/wp\/v2\/categories?post=36020"},{"taxonomy":"post_tag","embeddable":true,"href":"https:\/\/neuronup.com\/fr\/wp-json\/wp\/v2\/tags?post=36020"}],"curies":[{"name":"wp","href":"https:\/\/api.w.org\/{rel}","templated":true}]}}