{"id":32609,"date":"2025-07-29T09:02:42","date_gmt":"2025-07-29T09:02:42","guid":{"rendered":"https:\/\/neuronup.com\/?p=32609"},"modified":"2025-07-29T09:02:42","modified_gmt":"2025-07-29T09:02:42","slug":"la-regulation-emotionnelle-en-neuropsychologie","status":"publish","type":"post","link":"https:\/\/neuronup.com\/fr\/neurosciences\/neuropsychologie-et-informations\/la-regulation-emotionnelle-en-neuropsychologie\/","title":{"rendered":"La r\u00e9gulation \u00e9motionnelle du point de vue de la neuropsychologie"},"content":{"rendered":"\n<p class=\"has-xl-font-size\">Le neuropsychologue Edson El\u00edas expose dans cet article&nbsp;<strong>la r\u00e9gulation \u00e9motionnelle<\/strong>&nbsp;du point de vue de<strong>&nbsp;la neuropsychologie<\/strong>.<\/p>\n\n\n\n<h2 class=\"wp-block-heading\">L&rsquo;importance de la r\u00e9gulation \u00e9motionnelle<\/h2>\n\n\n\n<p>Le travail du neuropsychologue, par sa nature, est empreint d&rsquo;affectivit\u00e9. Bien que l&rsquo;objectif principal des interventions soit d&rsquo;am\u00e9liorer le fonctionnement cognitif des patients, leurs \u00e9motions sont pr\u00e9sentes \u00e0 tout moment. Les lignes suivantes serviront \u00e0 nous introduire aux concepts fondamentaux de l&rsquo;\u00e9tude de la r\u00e9gulation \u00e9motionnelle en psychologie cognitive et en neurosciences.<\/p>\n\n\n\n<h3 class=\"wp-block-heading\">L&rsquo;\u00e9tude des \u00e9motions en neuropsychologie<\/h3>\n\n\n\n<p>Jusqu&rsquo;\u00e0 r\u00e9cemment, les \u00e9motions \u00e9taient consid\u00e9r\u00e9es comme des exp\u00e9riences individuelles et subjectives, rendant leur \u00e9tude exp\u00e9rimentale apparemment impossible. De plus, la tradition philosophique cart\u00e9sienne avait rel\u00e9gu\u00e9 les \u00e9motions au domaine des passions, supposant qu&rsquo;elles \u00e9taient nuisibles \u00e0 la raison. Cette pens\u00e9e a subsist\u00e9 jusqu&rsquo;\u00e0 la publication de \u201cL&rsquo;erreur de Descartes\u201d (1994). Dans cet ouvrage, A. Damasio revisite le c\u00e9l\u00e8bre cas de Phineas Gage, concluant qu&rsquo;<strong>il n&rsquo;y a pas de raison sans \u00e9motion.<\/strong> Ce fait a d\u00e9clench\u00e9 une <strong>r\u00e9volution affective<\/strong> en psychologie cognitive qui jusque-l\u00e0 ne s&rsquo;\u00e9tait int\u00e9ress\u00e9e qu&rsquo;\u00e0 l&rsquo;\u00e9tude des processus cognitifs \u201cfroids\u201d.<\/p>\n\n\n\n<p>Au cours des derni\u00e8res d\u00e9cennies, les neurosciences affectives ont r\u00e9alis\u00e9 d&rsquo;importantes d\u00e9couvertes sur l&rsquo;interface cognition-\u00e9motion. Ces travaux ont r\u00e9v\u00e9l\u00e9 que <strong>les \u00e9motions interviennent dans la modulation des processus cognitifs <\/strong>tels que l&rsquo;attention (par ex., en orientant ou en amplifiant l&rsquo;attention vers des stimuli \u00e9valu\u00e9s comme agr\u00e9ables par l&rsquo;individu), la m\u00e9moire (par ex., favorisant la consolidation d&rsquo;informations \u00e0 valence \u00e9motionnelle et, ce faisant, participant au processus d&rsquo;apprentissage) et la prise de d\u00e9cision (par ex., facilitant la prise de d\u00e9cisions sur la base d&rsquo;\u00e9motions positives ou n\u00e9gatives \u00e9prouv\u00e9es auparavant dans des situations analogues). Cette derni\u00e8re s&rsquo;\u00e9value souvent avec le paradigme \u201crisque-b\u00e9n\u00e9fice\u201d de l<em>Iowa Gambling Task<\/em> ou \u201cjeu de paris\u201d qui a donn\u00e9 lieu \u00e0 certaines adaptations pour son inclusion dans des batteries d&rsquo;\u00e9valuation neuropsychologique en langue espagnole, comme c&rsquo;est le cas de la BANFE-2 (2014).<\/p>\n\n\n\n<p>\u00c9tant donn\u00e9 l&rsquo;importance des \u00e9motions dans la modulation des processus cognitifs, il est essentiel d&rsquo;en fournir une d\u00e9finition qui rende compte de leur caract\u00e8re multicomposant.<\/p>\n\n\n\n<h3 class=\"wp-block-heading\">Qu&rsquo;est-ce que les \u00e9motions&nbsp;?<\/h3>\n\n\n\n<p>En g\u00e9n\u00e9ral, lorsqu&rsquo;on d\u00e9finit les \u00e9motions, on ne mentionne que certains \u00e9l\u00e9ments qui les composent, tels que les changements dans l&rsquo;organisme, l&rsquo;expression faciale ou le ressenti subjectif. Klaus Scherer les d\u00e9finit comme \u201cun ensemble de <strong>variations \u00e9pisodiques<\/strong> qui se produisent dans diff\u00e9rents <strong>composants de l&rsquo;organisme<\/strong>, en <strong>r\u00e9ponse<\/strong> \u00e0 un \u00e9v\u00e9nement <strong>\u00e9valu\u00e9<\/strong> comme pertinent par l&rsquo;organisme\u201d (p. 10).<\/p>\n\n\n\n<h4 class=\"wp-block-heading\">Vision multicomposante de l&rsquo;\u00e9motion<\/h4>\n\n\n\n<p>La vision multicomposante de l&rsquo;\u00e9motion permet de mettre en \u00e9vidence les aspects suivants&nbsp;:<\/p>\n\n\n\n<p>Premi\u00e8rement, <strong>les \u00e9motions sont temporaires<\/strong> car elles ont g\u00e9n\u00e9ralement une dur\u00e9e relativement courte, contrairement aux sentiments dont la dur\u00e9e se prolonge davantage dans le temps.<\/p>\n\n\n\n<p>Deuxi\u00e8mement, <strong>un \u00e9pisode \u00e9motionnel provoque des variations physiologiques<\/strong> (p. ex., augmentation de la fr\u00e9quence cardiaque), de l&rsquo;expression motrice (p. ex., l&rsquo;expression faciale accompagnant l&rsquo;\u00e9motion), de la tendance \u00e0 l&rsquo;action (p. ex., le d\u00e9sir de fuir ou de combattre), de l&rsquo;\u00e9valuation cognitive (p. ex., juger le stimulus comme potentiellement dangereux) et du ressenti subjectif (p. ex., \u00e9prouver de la peur).<\/p>\n\n\n\n<p>Troisi\u00e8mement, <strong>l&rsquo;\u00e9motion est d&rsquo;abord destin\u00e9e \u00e0 faire face \u00e0 des situations d&rsquo;urgence<\/strong>. Elle pr\u00e9pare ainsi le corps \u00e0 l&rsquo;action, oriente l&rsquo;attention vers ce qui doit \u00eatre appr\u00e9hend\u00e9 et m\u00e9moris\u00e9, et guide les d\u00e9cisions et les actions des individus (Ebner et Fischer, 2014).<\/p>\n\n\n\n<p>Quatri\u00e8mement, <strong>le d\u00e9but d&rsquo;un \u00e9pisode \u00e9motionnel est marqu\u00e9 par l&rsquo;\u00e9valuation cognitive (<em>appraisal<\/em>) du stimulus per\u00e7u par l&rsquo;organisme<\/strong>. Celui-ci peut \u00eatre externe (p. ex., un chien enrag\u00e9 au milieu du trottoir) ou interne (p. ex., le souvenir d&rsquo;avoir \u00e9t\u00e9 attaqu\u00e9 par un chien dans le pass\u00e9), la <strong>r\u00e9ponse<\/strong> variant d&rsquo;une personne \u00e0 l&rsquo;autre. En effet, certains jugeront le souvenir de l&rsquo;incident comme extr\u00eamement aversif et d\u00e9sagr\u00e9able, tandis que d&rsquo;autres pourraient le percevoir comme un \u00e9v\u00e9nement moins \u00e9prouvant ou \u201csurmont\u00e9\u201d.<\/p>\n\n\n\n<p>En se combinant avec la perception et la pens\u00e9e, l&rsquo;\u00e9motion implique pour l&rsquo;individu une r\u00e9exp\u00e9rience perceptive, somatosensorielle et motrice des circonstances dans lesquelles une connaissance a \u00e9t\u00e9 acquise (\u201cth\u00e9ories incarn\u00e9es de l&rsquo;\u00e9motion\u201d, voir Niedenthal, 2007), et dont l&rsquo;intensit\u00e9 et la valence peuvent \u00eatre r\u00e9gul\u00e9es par le sujet.<\/p>\n\n\n\n<h3 class=\"wp-block-heading\">Qu&rsquo;implique la r\u00e9gulation \u00e9motionnelle&nbsp;?<\/h3>\n\n\n\n<p>Gr\u00e2ce \u00e0 ses exp\u00e9riences sociales, l&rsquo;\u00eatre humain \u00e9labore des strat\u00e9gies qui lui permettent de r\u00e9guler ses \u00e9motions. Par exemple, lorsqu&rsquo;une personne est triste mais doit malgr\u00e9 tout animer une activit\u00e9, ou lorsqu&rsquo;elle est joyeuse parce qu&rsquo;elle vient d&rsquo;\u00eatre promue mais doit dissimuler sa joie pour ne pas offenser un coll\u00e8gue qui n&rsquo;a pas obtenu la promotion.<\/p>\n\n\n\n<p>Pour Gross (1998), la r\u00e9gulation des \u00e9motions est un processus gr\u00e2ce auquel les individus ont la possibilit\u00e9 d&rsquo;<strong>influencer la nature de leurs \u00e9motions<\/strong>, le moment et la fa\u00e7on dont ils les exp\u00e9rimentent. Cette d\u00e9finition prend en compte la nature de l&rsquo;influence exerc\u00e9e afin de maintenir, augmenter ou att\u00e9nuer l&rsquo;intensit\u00e9 de l&rsquo;\u00e9motion, ainsi que de <strong>modifier sa valence h\u00e9donique<\/strong> (plaisante, d\u00e9plaisante).<\/p>\n\n\n\n<p>Les quatre <strong>types de r\u00e9gulation \u00e9motionnelle<\/strong> les plus \u00e9tudi\u00e9s sont l&rsquo;att\u00e9nuation des \u00e9motions d\u00e9sagr\u00e9ables, le maintien ou l&rsquo;augmentation des \u00e9motions agr\u00e9ables, l&rsquo;amplification des \u00e9motions d\u00e9plaisantes et l&rsquo;att\u00e9nuation ou la suppression des \u00e9motions plaisantes (Mikolajczak &#038; Desseilles, 2012).<\/p>\n\n\n\n<p>Ces processus constituent une r\u00e9ponse adaptative au service des objectifs personnels, de la satisfaction des besoins affectifs, du maintien de l&rsquo;\u00e9quilibre et du bien-\u00eatre, ce qui favorise la sant\u00e9 mentale. Ils peuvent \u00eatre automatiques (inconscients) ou contr\u00f4l\u00e9s (conscients), intrins\u00e8ques ou extrins\u00e8ques et peuvent cibler les ant\u00e9c\u00e9dents de la r\u00e9ponse \u00e9motionnelle (c&rsquo;est-\u00e0-dire avant la tendance \u00e0 la r\u00e9ponse), ou l&rsquo;un des composants de la r\u00e9action \u00e9motionnelle proprement dite (expressif, cognitif ou physiologique) apr\u00e8s sa manifestation.<\/p>\n\n\n\n<div style=\"height:50px\" aria-hidden=\"true\" class=\"wp-block-spacer\"><\/div>\n\n\n\n<div class=\"wp-block-group br-0111 has-primary-background-color has-background has-dark-background has-sm-padding-top has-sm-padding-left has-sm-padding-right has-xxl-margin-top\"><div class=\"wp-block-group__inner-container is-layout-constrained wp-block-group-is-layout-constrained\">\n<div class=\"wp-block-columns is-layout-flex wp-container-core-columns-is-layout-9d6595d7 wp-block-columns-is-layout-flex\">\n<div class=\"wp-block-column is-layout-flow wp-block-column-is-layout-flow\">\n<figure class=\"wp-block-image size-full desktop-position-absolute desktop-bottom-0 mobile-width-50 mobile-m-inline-auto has-xl-margin-top\"><img decoding=\"async\" width=\"292\" height=\"338\" src=\"https:\/\/neuronup.com\/fr\/wp-content\/uploads\/2024\/10\/certificat-produit.webp\" alt=\"\" class=\"wp-image-31568\" srcset=\"https:\/\/neuronup.com\/fr\/wp-content\/uploads\/2024\/10\/certificat-produit-259x300.webp 259w, https:\/\/neuronup.com\/fr\/wp-content\/uploads\/2024\/10\/certificat-produit.webp 292w\" sizes=\"(max-width: 292px) 100vw, 292px\" \/><\/figure>\n<\/div>\n\n\n\n<div class=\"wp-block-column is-layout-flow wp-block-column-is-layout-flow\">\n<h2 class=\"wp-block-heading has-white-color has-text-color\"><strong>Abonnez-vous<\/strong> <br>\u00e0 notre <br>Newsletter<\/h2>\n\n\n\n<div class=\"wp-block-buttons is-layout-flex wp-block-buttons-is-layout-flex\">\n<div class=\"wp-block-button--1\" style=\"--button-outline-color:var(--color-white);--button-outline-color-hover:rgba(0,0,0,0.8);\"><a class=\"wp-block-button__link button button-outline   wp-element-button\" href=\"https:\/\/neuronup.com\/fr\/newsletter\/\">Abonnez-vous<\/a><\/div>\n\n<\/div>\n\n\n\n<div style=\"height:40px\" aria-hidden=\"true\" class=\"wp-block-spacer\"><\/div>\n<\/div>\n<\/div>\n<\/div><\/div>\n\n\n\n\n<div style=\"height:50px\" aria-hidden=\"true\" class=\"wp-block-spacer\"><\/div>\n\n\n\n<h3 class=\"wp-block-heading\">Quelles sont les strat\u00e9gies de r\u00e9gulation \u00e9motionnelle&nbsp;?<\/h3>\n\n\n\n<p>Le mod\u00e8le de Gross (1988) pour les processus de r\u00e9gulation \u00e9motionnelle d\u00e9crit <strong>cinq s\u00e9quences distinctes<\/strong>. Les quatre premi\u00e8res sont intrins\u00e8ques (c&rsquo;est-\u00e0-dire que le sujet tend \u00e0 modifier ses propres \u00e9motions) et se manifestent avant la r\u00e9action \u00e9motionnelle. Cependant, la cinqui\u00e8me est extrins\u00e8que (c&rsquo;est-\u00e0-dire qu&rsquo;elle vise \u00e0 influencer celles des autres) et se manifeste tout au long de l&rsquo;exp\u00e9rience \u00e9motionnelle.<\/p>\n\n\n\n<ol class=\"wp-block-list\">\n<li>S\u00e9lection de la situation : \u00e9viter ou rechercher une situation.<\/li>\n\n\n\n<li>Modification de la situation : tenter de modifier la situation pour influencer son impact \u00e9motionnel.<\/li>\n\n\n\n<li>D\u00e9ploiement attentionnel : maintenir l&rsquo;attention, se distraire ou se concentrer.<\/li>\n\n\n\n<li>Changement cognitif : r\u00e9\u00e9valuation de l&rsquo;information pour la percevoir augment\u00e9e ou diminu\u00e9e.<\/li>\n\n\n\n<li>Modulation de la r\u00e9ponse \u00e9motionnelle : accentuer ou minimiser l&rsquo;un des trois composants de la r\u00e9action \u00e9motionnelle pr\u00e9c\u00e9demment d\u00e9crits.<\/li>\n<\/ol>\n\n\n\n<p>Plus pr\u00e9cis\u00e9ment, trois strat\u00e9gies de r\u00e9gulation \u00e9motionnelle ont \u00e9t\u00e9 identifi\u00e9es : la r\u00e9\u00e9valuation cognitive, l&rsquo;acceptation de l&rsquo;\u00e9motion et la suppression expressive ; leur mobilisation dans une situation donn\u00e9e d\u00e9pendrait des conditions de l&rsquo;environnement, des exp\u00e9riences individuelles et des dispositions temp\u00e9ramentales des individus (Naranjo-Vila, Gallardo-Salce, &#038; Zepeda-Santib\u00e1\u00f1ez, 2010).<\/p>\n\n\n\n<h3 class=\"wp-block-heading\">Quels sont les corr\u00e9lats neuronaux de la r\u00e9\u00e9valuation cognitive&nbsp;?<\/h3>\n\n\n\n<p>La <strong>neuroimagerie<\/strong> a permis d&rsquo;identifier les zones c\u00e9r\u00e9brales impliqu\u00e9es dans les exp\u00e9riences \u00e9motionnelles, comme dans le cas de la <strong>r\u00e9\u00e9valuation cognitive<\/strong>. Ces zones sont le cortex pr\u00e9frontal et d&rsquo;autres structures sous-corticales, en particulier l&rsquo;amygdale.<\/p>\n\n\n\n<p>L&rsquo;<strong>amygdale<\/strong> est responsable de la coordination de l&rsquo;activation corticale et de l&rsquo;attention de l&rsquo;individu envers des stimuli pertinents, nouveaux ou ambigus afin d&rsquo;optimiser leur traitement sensoriel et perceptif. Elle est <strong>en connexion avec le cortex pr\u00e9frontal<\/strong> qui, en tant que principal centre de contr\u00f4le des \u00e9motions, participe au traitement des informations externes et re\u00e7oit des informations sur les \u00e9tats mentaux internes tels que la motivation ou les \u00e9motions. Elle joue \u00e9galement un r\u00f4le fondamental dans la r\u00e9gulation \u00e9motionnelle volontaire (intrins\u00e8que) (Beauregard, Levesque et Paquette, 2004).<\/p>\n\n\n\n<p>De plus, gr\u00e2ce \u00e0 ses connexions bidirectionnelles avec l&rsquo;amygdale, l&rsquo;activit\u00e9 du <strong>cortex pr\u00e9frontal<\/strong> peut contr\u00f4ler et inhiber l&rsquo;activit\u00e9 de l&rsquo;amygdale et influer sur l&rsquo;\u00e9tat \u00e9motionnel (Ochsner &#038; Gross, dans Vieillard &#038; Harm, 2014), ce qui correspond au processus d&rsquo;<em>appraisal<\/em>.<\/p>\n\n\n\n<h3 class=\"wp-block-heading\"><b>Conclusion<\/b><\/h3>\n\n\n\n<p>En r\u00e9sum\u00e9, on peut affirmer que les d\u00e9couvertes en psychologie cognitive des \u00e9motions et en neurosciences affectives ont permis de passer de conceptions fragment\u00e9es de l&rsquo;exp\u00e9rience \u00e9motionnelle \u00e0 une d\u00e9finition multicomposante qui a favoris\u00e9 l&rsquo;\u00e9tude des processus cognitifs impliqu\u00e9s dans les exp\u00e9riences \u00e9motionnelles. Un exemple en est la r\u00e9gulation \u00e9motionnelle, qui d\u00e9montre que les individus ont la capacit\u00e9 de modifier leur exp\u00e9rience \u00e9motionnelle tant en intensit\u00e9 qu&rsquo;en valence.<\/p>\n\n\n\n<p>Parmi les strat\u00e9gies de r\u00e9gulation \u00e9motionnelle, l&rsquo;une des plus \u00e9tudi\u00e9es a \u00e9t\u00e9 la r\u00e9\u00e9valuation cognitive. Cette strat\u00e9gie montre qu&rsquo;une personne, s&rsquo;appuyant sur les connexions bidirectionnelles existant entre le cortex pr\u00e9frontal et l&rsquo;amygdale, peut influencer ses \u00e9tats \u00e9motionnels en re-signifiant les stimuli qu&rsquo;elle per\u00e7oit (similaire \u00e0 ce qui se passe dans la restructuration cognitive). Pour cela, l&rsquo;entra\u00eenement des fonctions cognitives impliqu\u00e9es peut \u00eatre b\u00e9n\u00e9fique.<\/p>\n\n\n\n<h2 class=\"wp-block-heading\">R\u00e9f\u00e9rences<\/h2>\n\n\n\n<ul class=\"wp-block-list has-sm-font-size\">\n<li class=\"has-sm-font-size\">Beauregard, M., Levesque, J., &#038; Paquette, V. (2004). <em>Neural basis of conscious and voluntary self-regulation of emotion<\/em>. Dans M. Beauregard (Ed.), Consciousness, Emotional Self-Regulation and the Brain (pp. 163-194). Montr\u00e9al : Johns Benjamins Publishing Company.<\/li>\n\n\n\n<li>Ebner, N. et Fischer, H. (2014). Emotion and aging: evidence from brain and behavior. <em>Frontiers in Psychology, 5<\/em> (996).<\/li>\n\n\n\n<li>Harm, J., Vieillard, S., et Didierjean, A. (2014). Using humor as an extrinsic source of emotion regulation in young and older adults. <em>The Quarterly Journal of Experimental Psychology<\/em>.<\/li>\n\n\n\n<li>Mikolajczak, M. &#038; Desseilles, M. (Coord.) (2012). <em>Trait\u00e9 de r\u00e9gulation des \u00e9motions<\/em>. Bruxelles : De Boeck Sup\u00e9rieur.<\/li>\n\n\n\n<li>Naranjo-Vila C., Gallardo-Salce, M. et Zepeda-Santib\u00e1\u00f1ez, M. (2010). <em>Estilo afectivo y estilos de personalidad internamente orientados (Inward) y externamente orientados (Outward): modelo de estilos emocionales de personalidad<\/em>. Revista chilena de neuropsiquiatr\u00eda, 48 (4), 344 \u2013 355.<\/li>\n\n\n\n<li>Sander, D. et Scherer, K. (2019). <em>Trait\u00e9 de psychologie des<\/em><\/li>\n<\/ul>\n\n\n\n<h3 class=\"wp-block-heading\">Si vous avez aim\u00e9 cet article sur <strong>la r\u00e9gulation \u00e9motionnelle<\/strong>, vous pourriez \u00e9galement \u00eatre int\u00e9ress\u00e9 par d&rsquo;autres publications de NeuronUP&nbsp;:<\/h3>\n\n<div class=\"mai-grid entries entries-grid has-boxed has-image-full\" style=\"--entry-title-font-size:var(--font-size-lg);--align-text:start;--entry-meta-text-align:start;\"><div class=\"entries-wrap has-columns\" style=\"--columns-xs:1\/1;--columns-sm:1\/1;--columns-md:1\/3;--columns-lg:1\/3;--flex-xs:0 0 var(--flex-basis);--flex-sm:0 0 var(--flex-basis);--flex-md:0 0 var(--flex-basis);--flex-lg:0 0 var(--flex-basis);--column-gap:var(--spacing-lg);--row-gap:var(--spacing-lg);--align-columns:start;\"><article class=\"entry entry-grid is-column has-entry-link has-image has-image-first type-post category-lesions-cerebrales tag-lesions-cerebrales-acquises tag-reeducation-cognitive tag-temoignages\" style=\"--entry-index:1;\" aria-label=\"R\u00e9habilitation neuropsychologique des l\u00e9sions c\u00e9r\u00e9brales acquises\" itemscope itemtype=\"https:\/\/schema.org\/CreativeWork\"><a class=\"entry-image-link\" href=\"https:\/\/neuronup.com\/fr\/actualites-de-la-stimulation-cognitive\/lesions-cerebrales\/rehabilitation-neuropsychologique-des-lesions-cerebrales-acquises\/\" tabindex=\"-1\" aria-hidden=\"true\"><img decoding=\"async\" width=\"400\" height=\"300\" src=\"https:\/\/neuronup.com\/fr\/wp-content\/uploads\/2024\/11\/image-1200x775-1-400x300.webp\" class=\"entry-image size-landscape-sm\" alt=\"R\u00e9union en salle sur une pr\u00e9sentation projet\u00e9e: participants assis autour d\u2019une table, certains en masque; projecteur et \u00e9cran mur.\" srcset=\"https:\/\/neuronup.com\/fr\/wp-content\/uploads\/2024\/11\/image-1200x775-1-400x300.webp 400w, https:\/\/neuronup.com\/fr\/wp-content\/uploads\/2024\/11\/image-1200x775-1-800x600.webp 800w\" sizes=\"(max-width:599px) 599px, (min-width:600px) and (max-width: 799px) 799px, (min-width:800px) and (max-width: 999px) 333px, (min-width:1000px) 400px\" \/><\/a><div class=\"entry-wrap entry-wrap-grid\"><h3 class=\"entry-title\" itemprop=\"headline\"><a class=\"entry-title-link\" href=\"https:\/\/neuronup.com\/fr\/actualites-de-la-stimulation-cognitive\/lesions-cerebrales\/rehabilitation-neuropsychologique-des-lesions-cerebrales-acquises\/\" rel=\"bookmark\">R\u00e9habilitation neuropsychologique des l\u00e9sions c\u00e9r\u00e9brales acquises<\/a><\/h3>\n<\/div><\/article><article class=\"entry entry-grid is-column has-entry-link has-image has-image-first type-post category-activites-de-la-memoire tag-activites-de-stimulation-cognitive tag-activites-de-stimulation-cognitive-pour-enfants tag-actualites-de-neuronup tag-memoire\" style=\"--entry-index:2;\" aria-label=\"Activit\u00e9 de m\u00e9moire pour adultes Obstacles sur la route\" itemscope itemtype=\"https:\/\/schema.org\/CreativeWork\"><a class=\"entry-image-link\" href=\"https:\/\/neuronup.com\/fr\/activites-de-neuro-reeducation\/activites-pour-les-fonctions-cognitives\/activites-de-la-memoire\/activite-de-memoire-pour-adultes-obstacles-sur-la-route\/\" tabindex=\"-1\" aria-hidden=\"true\"><img decoding=\"async\" width=\"400\" height=\"280\" src=\"https:\/\/neuronup.com\/fr\/wp-content\/uploads\/2022\/03\/actividad-de-memoria-para-adultos-obstaculos-en-la-carretera-1-1.webp\" class=\"entry-image size-landscape-sm\" alt=\"Tableau divis\u00e9 en cases: voiture en bas \u00e0 gauche, appareil en haut \u00e0 droite, c\u00f4ne orange et itin\u00e9raire sinueux.\" srcset=\"https:\/\/neuronup.com\/fr\/wp-content\/uploads\/2022\/03\/actividad-de-memoria-para-adultos-obstaculos-en-la-carretera-1-1-300x210.webp 300w, https:\/\/neuronup.com\/fr\/wp-content\/uploads\/2022\/03\/actividad-de-memoria-para-adultos-obstaculos-en-la-carretera-1-1-768x537.webp 768w, https:\/\/neuronup.com\/fr\/wp-content\/uploads\/2022\/03\/actividad-de-memoria-para-adultos-obstaculos-en-la-carretera-1-1-1024x716.webp 1024w, https:\/\/neuronup.com\/fr\/wp-content\/uploads\/2022\/03\/actividad-de-memoria-para-adultos-obstaculos-en-la-carretera-1-1.webp 1200w\" sizes=\"(max-width:599px) 599px, (min-width:600px) and (max-width: 799px) 799px, (min-width:800px) and (max-width: 999px) 333px, (min-width:1000px) 400px\" \/><\/a><div class=\"entry-wrap entry-wrap-grid\"><h3 class=\"entry-title\" itemprop=\"headline\"><a class=\"entry-title-link\" href=\"https:\/\/neuronup.com\/fr\/activites-de-neuro-reeducation\/activites-pour-les-fonctions-cognitives\/activites-de-la-memoire\/activite-de-memoire-pour-adultes-obstacles-sur-la-route\/\" rel=\"bookmark\">Activit\u00e9 de m\u00e9moire pour adultes Obstacles sur la route<\/a><\/h3>\n<\/div><\/article><article class=\"entry entry-grid is-column has-entry-link has-image has-image-first type-post category-nouveautes-neuronup tag-nouveautes-de-neuronup\" style=\"--entry-index:3;\" aria-label=\"\u00c0 l&rsquo;occasion de la Saint-Valentin, d\u00e9couvrez les b\u00e9n\u00e9fices de la r\u00e9\u00e9ducation et de la stimulation cognitive en couple\" itemscope itemtype=\"https:\/\/schema.org\/CreativeWork\"><a class=\"entry-image-link\" href=\"https:\/\/neuronup.com\/fr\/nouveautes-neuronup\/a-loccasion-de-la-saint-valentin-decouvrez-les-benefices-de-la-reeducation-et-de-la-stimulation-cognitive-en-couple\/\" tabindex=\"-1\" aria-hidden=\"true\"><img decoding=\"async\" width=\"400\" height=\"300\" src=\"https:\/\/neuronup.com\/fr\/wp-content\/uploads\/2025\/02\/A-loccasion-de-la-Saint-Valentin-decouvrez-les-benefices-de-la-reeducation-et-de-la-stimulation-cognitive-en-couple-400x300.webp\" class=\"entry-image size-landscape-sm\" alt=\"Couple \u00e2g\u00e9 souriant et enlac\u00e9 dans un cadre naturel flou, portant chemises \u00e0 rayures et vestes, expressions douces.\" srcset=\"https:\/\/neuronup.com\/fr\/wp-content\/uploads\/2025\/02\/A-loccasion-de-la-Saint-Valentin-decouvrez-les-benefices-de-la-reeducation-et-de-la-stimulation-cognitive-en-couple-400x300.webp 400w, https:\/\/neuronup.com\/fr\/wp-content\/uploads\/2025\/02\/A-loccasion-de-la-Saint-Valentin-decouvrez-les-benefices-de-la-reeducation-et-de-la-stimulation-cognitive-en-couple-800x600.webp 800w, https:\/\/neuronup.com\/fr\/wp-content\/uploads\/2025\/02\/A-loccasion-de-la-Saint-Valentin-decouvrez-les-benefices-de-la-reeducation-et-de-la-stimulation-cognitive-en-couple-1200x900.webp 1200w\" sizes=\"(max-width:599px) 599px, (min-width:600px) and (max-width: 799px) 799px, (min-width:800px) and (max-width: 999px) 333px, (min-width:1000px) 400px\" \/><\/a><div class=\"entry-wrap entry-wrap-grid\"><h3 class=\"entry-title\" itemprop=\"headline\"><a class=\"entry-title-link\" href=\"https:\/\/neuronup.com\/fr\/nouveautes-neuronup\/a-loccasion-de-la-saint-valentin-decouvrez-les-benefices-de-la-reeducation-et-de-la-stimulation-cognitive-en-couple\/\" rel=\"bookmark\">\u00c0 l&rsquo;occasion de la Saint-Valentin, d\u00e9couvrez les b\u00e9n\u00e9fices de la r\u00e9\u00e9ducation et de la stimulation cognitive en couple<\/a><\/h3>\n<\/div><\/article><article class=\"entry entry-grid is-column has-entry-link has-image has-image-first type-post category-psychologie tag-depression tag-fonctions-cognitives tag-fonctions-executives tag-neuro-reeducation tag-reeducation-cognitive tag-sante-mentale\" style=\"--entry-index:4;\" aria-label=\"Les sympt\u00f4mes de la d\u00e9pression, d&#8217;un point de vue cognitif\" itemscope itemtype=\"https:\/\/schema.org\/CreativeWork\"><a class=\"entry-image-link\" href=\"https:\/\/neuronup.com\/fr\/psychologie\/les-symptomes-de-la-depression-dun-point-de-vue-cognitif\/\" tabindex=\"-1\" aria-hidden=\"true\"><img decoding=\"async\" width=\"400\" height=\"300\" src=\"https:\/\/neuronup.com\/fr\/wp-content\/uploads\/2024\/11\/Les-symptomes-de-la-depression-dun-point-de-vue-cognitif-400x300.webp\" class=\"entry-image size-landscape-sm\" alt=\"Personne assise, visage masqu\u00e9 par les mains dans ambiance sombre; texte en bas sur les sympt\u00f4mes cognitifs de la d\u00e9pression.\" srcset=\"https:\/\/neuronup.com\/fr\/wp-content\/uploads\/2024\/11\/Les-symptomes-de-la-depression-dun-point-de-vue-cognitif-400x300.webp 400w, https:\/\/neuronup.com\/fr\/wp-content\/uploads\/2024\/11\/Les-symptomes-de-la-depression-dun-point-de-vue-cognitif-800x600.webp 800w, https:\/\/neuronup.com\/fr\/wp-content\/uploads\/2024\/11\/Les-symptomes-de-la-depression-dun-point-de-vue-cognitif-1200x900.webp 1200w\" sizes=\"(max-width:599px) 599px, (min-width:600px) and (max-width: 799px) 799px, (min-width:800px) and (max-width: 999px) 333px, (min-width:1000px) 400px\" \/><\/a><div class=\"entry-wrap entry-wrap-grid\"><h3 class=\"entry-title\" itemprop=\"headline\"><a class=\"entry-title-link\" href=\"https:\/\/neuronup.com\/fr\/psychologie\/les-symptomes-de-la-depression-dun-point-de-vue-cognitif\/\" rel=\"bookmark\">Les sympt\u00f4mes de la d\u00e9pression, d&#8217;un point de vue cognitif<\/a><\/h3>\n<\/div><\/article><article class=\"entry entry-grid is-column has-entry-link has-image has-image-first type-post category-nouveautes-neuronup tag-nouveautes-de-neuronup\" style=\"--entry-index:5;\" aria-label=\"Marcos R\u00edos-Lago, r\u00e9f\u00e9rence en neuropsychologie, rejoint NeuronUP\" itemscope itemtype=\"https:\/\/schema.org\/CreativeWork\"><a class=\"entry-image-link\" href=\"https:\/\/neuronup.com\/fr\/nouveautes-neuronup\/marcos-rios-lago-reference-en-neuropsychologie-rejoint-neuronup\/\" tabindex=\"-1\" aria-hidden=\"true\"><img decoding=\"async\" width=\"400\" height=\"300\" src=\"https:\/\/neuronup.com\/fr\/wp-content\/uploads\/2025\/03\/marcos-rios-lago-400x300.webp\" class=\"entry-image size-landscape-sm\" alt=\"Homme en manteau blanc de m\u00e9decin portant un badge, debout dans un couloir lumineux bord\u00e9 de plantes vertes, sourire.\" srcset=\"https:\/\/neuronup.com\/fr\/wp-content\/uploads\/2025\/03\/marcos-rios-lago-400x300.webp 400w, https:\/\/neuronup.com\/fr\/wp-content\/uploads\/2025\/03\/marcos-rios-lago-800x600.webp 800w\" sizes=\"(max-width:599px) 599px, (min-width:600px) and (max-width: 799px) 799px, (min-width:800px) and (max-width: 999px) 333px, (min-width:1000px) 400px\" \/><\/a><div class=\"entry-wrap entry-wrap-grid\"><h3 class=\"entry-title\" itemprop=\"headline\"><a class=\"entry-title-link\" href=\"https:\/\/neuronup.com\/fr\/nouveautes-neuronup\/marcos-rios-lago-reference-en-neuropsychologie-rejoint-neuronup\/\" rel=\"bookmark\">Marcos R\u00edos-Lago, r\u00e9f\u00e9rence en neuropsychologie, rejoint NeuronUP<\/a><\/h3>\n<\/div><\/article><article class=\"entry entry-grid is-column has-entry-link has-image has-image-first type-post category-avc tag-aphasie tag-avc tag-langage tag-lesions-cerebrales tag-lesions-cerebrales-acquises\" style=\"--entry-index:6;\" aria-label=\"Aphasie apr\u00e8s un avc : causes, types et r\u00e9\u00e9ducation\" itemscope itemtype=\"https:\/\/schema.org\/CreativeWork\"><a class=\"entry-image-link\" href=\"https:\/\/neuronup.com\/fr\/actualites-de-la-stimulation-cognitive\/lesions-cerebrales\/avc\/aphasie-apres-un-avc-causes-types-et-reeducation\/\" tabindex=\"-1\" aria-hidden=\"true\"><img decoding=\"async\" width=\"400\" height=\"300\" src=\"https:\/\/neuronup.com\/fr\/wp-content\/uploads\/2025\/02\/Aphasie-apres-un-avc-causes-types-et-reeducation-400x300.webp\" class=\"entry-image size-landscape-sm\" alt=\"Sch\u00e9ma illustrant l\u2019aphasie apr\u00e8s AVC avec les principaux types et les axes de r\u00e9\u00e9ducation du langage.\" srcset=\"https:\/\/neuronup.com\/fr\/wp-content\/uploads\/2025\/02\/Aphasie-apres-un-avc-causes-types-et-reeducation-400x300.webp 400w, https:\/\/neuronup.com\/fr\/wp-content\/uploads\/2025\/02\/Aphasie-apres-un-avc-causes-types-et-reeducation-800x600.webp 800w\" sizes=\"(max-width:599px) 599px, (min-width:600px) and (max-width: 799px) 799px, (min-width:800px) and (max-width: 999px) 333px, (min-width:1000px) 400px\" \/><\/a><div class=\"entry-wrap entry-wrap-grid\"><h3 class=\"entry-title\" itemprop=\"headline\"><a class=\"entry-title-link\" href=\"https:\/\/neuronup.com\/fr\/actualites-de-la-stimulation-cognitive\/lesions-cerebrales\/avc\/aphasie-apres-un-avc-causes-types-et-reeducation\/\" rel=\"bookmark\">Aphasie apr\u00e8s un avc : causes, types et r\u00e9\u00e9ducation<\/a><\/h3>\n<\/div><\/article><\/div><\/div>","protected":false},"excerpt":{"rendered":"<p>Le neuropsychologue Edson El\u00edas expose dans cet article&nbsp;la r\u00e9gulation \u00e9motionnelle&nbsp;du point de vue de&nbsp;la neuropsychologie. L&rsquo;importance de la r\u00e9gulation \u00e9motionnelle Le travail du neuropsychologue, par sa nature, est empreint d&rsquo;affectivit\u00e9. Bien que l&rsquo;objectif principal des interventions soit d&rsquo;am\u00e9liorer le fonctionnement cognitif des patients, leurs \u00e9motions sont pr\u00e9sentes \u00e0 tout moment. Les lignes suivantes serviront \u00e0 &hellip;<\/p>\n","protected":false},"author":307,"featured_media":32713,"comment_status":"open","ping_status":"open","sticky":false,"template":"","format":"standard","meta":{"_acf_changed":false,"_genesis_hide_title":false,"_genesis_hide_breadcrumbs":false,"_genesis_hide_singular_image":false,"_genesis_hide_footer_widgets":false,"_genesis_custom_body_class":"","_genesis_custom_post_class":"","_genesis_layout":"","footnotes":""},"categories":[598],"tags":[1073,1072,669],"class_list":{"2":"type-post","7":"category-neuropsychologie-et-informations","8":"tag-emotions","9":"tag-intelligence-emotionnelle","10":"tag-neuropsychologie","11":"entry"},"acf":[],"_links":{"self":[{"href":"https:\/\/neuronup.com\/fr\/wp-json\/wp\/v2\/posts\/32609","targetHints":{"allow":["GET"]}}],"collection":[{"href":"https:\/\/neuronup.com\/fr\/wp-json\/wp\/v2\/posts"}],"about":[{"href":"https:\/\/neuronup.com\/fr\/wp-json\/wp\/v2\/types\/post"}],"author":[{"embeddable":true,"href":"https:\/\/neuronup.com\/fr\/wp-json\/wp\/v2\/users\/307"}],"replies":[{"embeddable":true,"href":"https:\/\/neuronup.com\/fr\/wp-json\/wp\/v2\/comments?post=32609"}],"version-history":[{"count":0,"href":"https:\/\/neuronup.com\/fr\/wp-json\/wp\/v2\/posts\/32609\/revisions"}],"wp:featuredmedia":[{"embeddable":true,"href":"https:\/\/neuronup.com\/fr\/wp-json\/wp\/v2\/media\/32713"}],"wp:attachment":[{"href":"https:\/\/neuronup.com\/fr\/wp-json\/wp\/v2\/media?parent=32609"}],"wp:term":[{"taxonomy":"category","embeddable":true,"href":"https:\/\/neuronup.com\/fr\/wp-json\/wp\/v2\/categories?post=32609"},{"taxonomy":"post_tag","embeddable":true,"href":"https:\/\/neuronup.com\/fr\/wp-json\/wp\/v2\/tags?post=32609"}],"curies":[{"name":"wp","href":"https:\/\/api.w.org\/{rel}","templated":true}]}}