{"id":31480,"date":"2025-12-16T10:02:18","date_gmt":"2025-12-16T08:02:18","guid":{"rendered":"https:\/\/neuronup.com\/?p=31480"},"modified":"2025-06-06T08:36:18","modified_gmt":"2025-06-06T06:36:18","slug":"jeu-de-memoire-episodique-auditive-pour-adultes-localise-les-sons","status":"publish","type":"post","link":"https:\/\/neuronup.com\/fr\/activites-de-neuro-reeducation\/activites-pour-les-fonctions-cognitives\/activites-de-la-memoire\/jeu-de-memoire-episodique-auditive-pour-adultes-localise-les-sons\/","title":{"rendered":"Jeu de m\u00e9moire \u00e9pisodique auditive pour adultes : Localisez les sons"},"content":{"rendered":"\n<p class=\"has-xl-font-size\">Aujourd&rsquo;hui, nous lan\u00e7ons le<strong>&nbsp;jeu <em>Localisez les sons<\/em><\/strong><em><strong> <\/strong><\/em>pour am\u00e9liorer la m\u00e9moire \u00e9pisodique auditive chez les adultes.<\/p>\n\n\n\n<h2 class=\"wp-block-heading\" id=\"en-que-consiste\">En quoi consiste cette activit\u00e9&nbsp;?<\/h2>\n\n\n\n<p>Voici un exemple de l&rsquo;activit\u00e9<em> Localisez les sons<\/em>&nbsp;:<\/p>\n\n\n\n<figure class=\"wp-block-embed is-type-video is-provider-youtube wp-block-embed-youtube wp-embed-aspect-16-9 wp-has-aspect-ratio\"><div class=\"wp-block-embed__wrapper\">\n<iframe title=\"Juego de memoria epis\u00f3dica auditiva para adultos: Localiza los sonidos\" width=\"800\" height=\"450\" src=\"https:\/\/www.youtube.com\/embed\/tNppVZLVo-A?feature=oembed\" frameborder=\"0\" allow=\"accelerometer; autoplay; clipboard-write; encrypted-media; gyroscope; picture-in-picture; web-share\" referrerpolicy=\"strict-origin-when-cross-origin\" allowfullscreen><\/iframe>\n<\/div><\/figure>\n\n\n\n<h2 class=\"wp-block-heading\">Que fait travailler cette activit\u00e9&nbsp;?<\/h2>\n\n\n\n<p>En r\u00e9alisant cette t\u00e2che, nous entra\u00eenons la m\u00e9moire \u00e9pisodique, exer\u00e7ons la m\u00e9morisation auditive des sons que nous entendons au quotidien et associons chaque son \u00e0 un emplacement pr\u00e9cis.<\/p>\n\n\n\n<p>\u00catre capable d&rsquo;identifier et de retenir cette information au bon endroit est essentiel \u00e0 notre fonctionnement quotidien, car nous favorisons la capacit\u00e9 \u00e0 associer un son \u00e0 un lieu ou \u00e0 un \u00e9v\u00e9nement sp\u00e9cifique.<\/p>\n\n\n\n<p>L&rsquo;un des grands probl\u00e8mes constat\u00e9s lorsque le d\u00e9clin cognitif commence est la perte de cette capacit\u00e9. C&rsquo;est pourquoi il est essentiel de pratiquer et de cr\u00e9er diverses strat\u00e9gies mn\u00e9moniques pour obtenir une meilleure m\u00e9morisation et association son-emplacement. L&rsquo;attention auditive et le traitement de l&rsquo;information per\u00e7ue par ce sens deviennent des aspects fondamentaux pour r\u00e9ussir cette t\u00e2che.<\/p>\n\n\n\n<h2 class=\"wp-block-heading\">Jouez par niveaux<\/h2>\n\n\n\n<p>Ce jeu de m\u00e9moire \u00e9pisodique auditive pour adultes est divis\u00e9 en neuf phases diff\u00e9rentes. La premi\u00e8re est la plus facile et la neuvi\u00e8me la plus difficile.<\/p>\n\n\n\n<p><strong>L&rsquo;utilisateur montera ou descendra de niveau automatiquement<\/strong>&nbsp;selon ses r\u00e9ussites ou ses erreurs. De plus, le professionnel peut choisir la phase manuellement.<\/p>\n\n\n\n<h2 class=\"wp-block-heading\">Personnalisation de l&rsquo;activit\u00e9<\/h2>\n\n\n\n<p>De plus, il est possible de cr\u00e9er des phases personnalis\u00e9es pour les adapter aux besoins sp\u00e9cifiques de l&rsquo;utilisateur.<\/p>\n\n\n\n<h3 class=\"wp-block-heading\">Param\u00e8tres<\/h3>\n\n\n\n<p>Dans ce jeu de m\u00e9moire \u00e9pisodique auditive, nous pourrons d\u00e9finir certains param\u00e8tres de l&rsquo;activit\u00e9, tels que&nbsp;:<\/p>\n\n\n\n<ul class=\"wp-block-list\">\n<li>le nombre d&rsquo;\u00e9l\u00e9ments qui apparaissent \u00e0 l&rsquo;\u00e9cran, <\/li>\n<li>l&rsquo;intervalle entre les stimuli (en secondes), <\/li>\n<li>la taille de la matrice en fonction des lignes et des colonnes,<\/li>\n<li>et le nombre maximal d&rsquo;erreurs. <\/li>\n<\/ul>\n\n\n\n<h3 class=\"wp-block-heading\">Aspects g\u00e9n\u00e9raux<\/h3>\n\n\n\n<p>Vous pourrez choisir d&rsquo;autres aspects g\u00e9n\u00e9raux tels que&nbsp;:<\/p>\n\n\n\n<ul class=\"wp-block-list\">\n<li>le nombre d&rsquo;exercices,<\/li>\n<li>le temps maximum pour r\u00e9aliser l&rsquo;activit\u00e9,<\/li>\n<li>si vous souhaitez inclure un avertissement d&rsquo;inactivit\u00e9 ou non,<\/li>\n<li>et si vous voulez un chronom\u00e8tre visible pour l&rsquo;activit\u00e9 ou non&nbsp;;<\/li>\n<li>en plus de pouvoir modifier les instructions de r\u00e9alisation.<\/li>\n<\/ul>\n\n\n\n<div style=\"height:50px\" aria-hidden=\"true\" class=\"wp-block-spacer\"><\/div>\n\n\n\n<div class=\"wp-block-group\"><div class=\"wp-block-group__inner-container is-layout-constrained wp-block-group-is-layout-constrained\">\n<div class=\"wp-block-columns br-0111 particle-bg p-5 has-primary-background-color has-background is-layout-flex wp-container-core-columns-is-layout-9d6595d7 wp-block-columns-is-layout-flex\">\n<div class=\"wp-block-column is-layout-flow wp-block-column-is-layout-flow\" style=\"flex-basis:66.66%\">\n<h2 class=\"wp-block-heading has-white-color has-text-color\">Essayez NeuronUP 7 jours gratuitement<\/h2>\n\n\n\n<p class=\"has-white-color has-text-color\">Vous pourrez travailler avec nos activit\u00e9s, concevoir des s\u00e9ances ou effectuer des r\u00e9habilitations \u00e0 distance<\/p>\n<\/div>\n\n\n\n<div class=\"wp-block-column is-layout-flow wp-block-column-is-layout-flow\" style=\"flex-basis:33.33%\">\n<div class=\"wp-block-buttons is-content-justification-center is-layout-flex wp-container-core-buttons-is-layout-16018d1d wp-block-buttons-is-layout-flex\">\n<div class=\"wp-block-button\" style=\"--button-background:var(--color-custom-1);--button-background-hover:#cc7e00;\"><a class=\"wp-block-button__link button   wp-element-button\" href=\"https:\/\/neuronup.com\/fr\/landing\/\">Commencez votre essai<\/a><\/div>\n\n<\/div>\n<\/div>\n<\/div>\n<\/div><\/div>\n\n\n\n<h2 class=\"wp-block-heading\" id=\"si-te-ha-gustado-esta-actividad-de-memoria-para-ninos-puede-que-tambien-te-interese-leer\">Si vous avez aim\u00e9 ce jeu de m\u00e9moire \u00e9pisodique auditive pour adultes, ces articles pourraient \u00e9galement vous int\u00e9resser&nbsp;:<\/h2>\n\n<div class=\"mai-grid entries entries-grid has-boxed has-image-full\" style=\"--entry-title-font-size:var(--font-size-lg);--align-text:start;--entry-meta-text-align:start;\"><div class=\"entries-wrap has-columns\" style=\"--columns-xs:1\/1;--columns-sm:1\/1;--columns-md:1\/3;--columns-lg:1\/3;--flex-xs:0 0 var(--flex-basis);--flex-sm:0 0 var(--flex-basis);--flex-md:0 0 var(--flex-basis);--flex-lg:0 0 var(--flex-basis);--column-gap:var(--spacing-lg);--row-gap:var(--spacing-lg);--align-columns:start;\"><article class=\"entry entry-grid is-column has-entry-link has-image has-image-first type-post category-parkinson tag-neurones-miroirs tag-parkinson\" style=\"--entry-index:1;\" aria-label=\"Ph\u00e9nom\u00e8nes on-off ? Importants dans la maladie de Parkinson ?\" itemscope itemtype=\"https:\/\/schema.org\/CreativeWork\"><a class=\"entry-image-link\" href=\"https:\/\/neuronup.com\/fr\/actualites-de-la-stimulation-cognitive\/maladies-neurodegeneratives\/parkinson\/phenomenes-on-off-importants-dans-la-maladie-de-parkinson\/\" tabindex=\"-1\" aria-hidden=\"true\"><img decoding=\"async\" width=\"400\" height=\"300\" src=\"https:\/\/neuronup.com\/fr\/wp-content\/uploads\/2024\/11\/Phenomenes-on-off-Importants-dans-la-maladie-de-Parkinson--400x300.webp\" class=\"entry-image size-landscape-sm\" alt=\"Graphique p\u00e9dagogique montrant des p\u00e9riodes On et Off dans la maladie de Parkinson, avec une courbe et un titre en bas.\" srcset=\"https:\/\/neuronup.com\/fr\/wp-content\/uploads\/2024\/11\/Phenomenes-on-off-Importants-dans-la-maladie-de-Parkinson--400x300.webp 400w, https:\/\/neuronup.com\/fr\/wp-content\/uploads\/2024\/11\/Phenomenes-on-off-Importants-dans-la-maladie-de-Parkinson--800x600.webp 800w, https:\/\/neuronup.com\/fr\/wp-content\/uploads\/2024\/11\/Phenomenes-on-off-Importants-dans-la-maladie-de-Parkinson--1200x900.webp 1200w\" sizes=\"(max-width:599px) 599px, (min-width:600px) and (max-width: 799px) 799px, (min-width:800px) and (max-width: 999px) 333px, (min-width:1000px) 400px\" \/><\/a><div class=\"entry-wrap entry-wrap-grid\"><h3 class=\"entry-title\" itemprop=\"headline\"><a class=\"entry-title-link\" href=\"https:\/\/neuronup.com\/fr\/actualites-de-la-stimulation-cognitive\/maladies-neurodegeneratives\/parkinson\/phenomenes-on-off-importants-dans-la-maladie-de-parkinson\/\" rel=\"bookmark\">Ph\u00e9nom\u00e8nes on-off ? Importants dans la maladie de Parkinson ?<\/a><\/h3>\n<\/div><\/article><article class=\"entry entry-grid is-column has-entry-link has-image has-image-first type-post category-psychologie tag-fonctions-executives tag-psychologie tag-sante-mentale\" style=\"--entry-index:2;\" aria-label=\"La prise de d\u00e9cision d&rsquo;un point de vue psychologique\" itemscope itemtype=\"https:\/\/schema.org\/CreativeWork\"><a class=\"entry-image-link\" href=\"https:\/\/neuronup.com\/fr\/psychologie\/la-prise-de-decision-dun-point-de-vue-psychologique\/\" tabindex=\"-1\" aria-hidden=\"true\"><img decoding=\"async\" width=\"400\" height=\"300\" src=\"https:\/\/neuronup.com\/fr\/wp-content\/uploads\/2025\/04\/La-prise-de-decision-dun-point-de-vue-psychologique-1-400x300.webp\" class=\"entry-image size-landscape-sm\" alt=\"Feuille avec des cases \u00e0 cocher et un marqueur rose, illustrant un processus de v\u00e9rification et de prise de d\u00e9cision.\" srcset=\"https:\/\/neuronup.com\/fr\/wp-content\/uploads\/2025\/04\/La-prise-de-decision-dun-point-de-vue-psychologique-1-300x225.webp 300w, https:\/\/neuronup.com\/fr\/wp-content\/uploads\/2025\/04\/La-prise-de-decision-dun-point-de-vue-psychologique-1-400x300.webp 400w, https:\/\/neuronup.com\/fr\/wp-content\/uploads\/2025\/04\/La-prise-de-decision-dun-point-de-vue-psychologique-1-768x576.webp 768w, https:\/\/neuronup.com\/fr\/wp-content\/uploads\/2025\/04\/La-prise-de-decision-dun-point-de-vue-psychologique-1-800x600.webp 800w, https:\/\/neuronup.com\/fr\/wp-content\/uploads\/2025\/04\/La-prise-de-decision-dun-point-de-vue-psychologique-1-1024x768.webp 1024w, https:\/\/neuronup.com\/fr\/wp-content\/uploads\/2025\/04\/La-prise-de-decision-dun-point-de-vue-psychologique-1.webp 1200w\" sizes=\"(max-width:599px) 599px, (min-width:600px) and (max-width: 799px) 799px, (min-width:800px) and (max-width: 999px) 333px, (min-width:1000px) 400px\" \/><\/a><div class=\"entry-wrap entry-wrap-grid\"><h3 class=\"entry-title\" itemprop=\"headline\"><a class=\"entry-title-link\" href=\"https:\/\/neuronup.com\/fr\/psychologie\/la-prise-de-decision-dun-point-de-vue-psychologique\/\" rel=\"bookmark\">La prise de d\u00e9cision d&rsquo;un point de vue psychologique<\/a><\/h3>\n<\/div><\/article><article class=\"entry entry-grid is-column has-entry-link has-image has-image-first type-post category-nouveautes-neuronup tag-neuronup tag-nouveaute\" style=\"--entry-index:3;\" aria-label=\"Connaissez-vous les param\u00e8tres par d\u00e9faut de NeuronUP?\" itemscope itemtype=\"https:\/\/schema.org\/CreativeWork\"><a class=\"entry-image-link\" href=\"https:\/\/neuronup.com\/fr\/nouveautes-neuronup\/connaissez-vous-les-parametres-par-defaut-de-neuronup\/\" tabindex=\"-1\" aria-hidden=\"true\"><img decoding=\"async\" width=\"400\" height=\"300\" src=\"https:\/\/neuronup.com\/fr\/wp-content\/uploads\/2024\/11\/Capture-decran-2021-08-17-a-15.08.49-400x300.webp\" class=\"entry-image size-landscape-sm\" alt=\"Maison rouge \u00e0 plusieurs \u00e9tages avec volets noirs et cl\u00f4ture en bois; jardin et horizon avec ciel clair.\" srcset=\"https:\/\/neuronup.com\/fr\/wp-content\/uploads\/2024\/11\/Capture-decran-2021-08-17-a-15.08.49-300x224.webp 300w, https:\/\/neuronup.com\/fr\/wp-content\/uploads\/2024\/11\/Capture-decran-2021-08-17-a-15.08.49-400x300.webp 400w, https:\/\/neuronup.com\/fr\/wp-content\/uploads\/2024\/11\/Capture-decran-2021-08-17-a-15.08.49-768x574.webp 768w, https:\/\/neuronup.com\/fr\/wp-content\/uploads\/2024\/11\/Capture-decran-2021-08-17-a-15.08.49-800x600.webp 800w, https:\/\/neuronup.com\/fr\/wp-content\/uploads\/2024\/11\/Capture-decran-2021-08-17-a-15.08.49-1024x766.webp 1024w, https:\/\/neuronup.com\/fr\/wp-content\/uploads\/2024\/11\/Capture-decran-2021-08-17-a-15.08.49-1200x900.webp 1200w, https:\/\/neuronup.com\/fr\/wp-content\/uploads\/2024\/11\/Capture-decran-2021-08-17-a-15.08.49-1536x1148.webp 1536w, https:\/\/neuronup.com\/fr\/wp-content\/uploads\/2024\/11\/Capture-decran-2021-08-17-a-15.08.49-2048x1531.webp 2048w\" sizes=\"(max-width:599px) 599px, (min-width:600px) and (max-width: 799px) 799px, (min-width:800px) and (max-width: 999px) 333px, (min-width:1000px) 400px\" \/><\/a><div class=\"entry-wrap entry-wrap-grid\"><h3 class=\"entry-title\" itemprop=\"headline\"><a class=\"entry-title-link\" href=\"https:\/\/neuronup.com\/fr\/nouveautes-neuronup\/connaissez-vous-les-parametres-par-defaut-de-neuronup\/\" rel=\"bookmark\">Connaissez-vous les param\u00e8tres par d\u00e9faut de NeuronUP?<\/a><\/h3>\n<\/div><\/article><article class=\"entry entry-grid is-column has-entry-link has-image has-image-first type-post category-activites-de-la-memoire tag-activites-de-stimulation-cognitive tag-activites-de-stimulation-cognitive-pour-adultes tag-actualites-de-neuronup tag-adultes tag-memoire\" style=\"--entry-index:4;\" aria-label=\"G\u00e9n\u00e9rateur pour travailler la m\u00e9moire s\u00e9mantique chez les adultes : Pair ou impair\" itemscope itemtype=\"https:\/\/schema.org\/CreativeWork\"><a class=\"entry-image-link\" href=\"https:\/\/neuronup.com\/fr\/activites-de-neuro-reeducation\/activites-pour-les-fonctions-cognitives\/activites-de-la-memoire\/generateur-pour-travailler-la-memoire-semantique-chez-les-adultes-pair-ou-impair\/\" tabindex=\"-1\" aria-hidden=\"true\"><img decoding=\"async\" width=\"400\" height=\"271\" src=\"https:\/\/neuronup.com\/fr\/wp-content\/uploads\/2023\/02\/Captura-de-Pantalla-2023-02-07-a-las-22.20.53-1024x694-1.webp\" class=\"entry-image size-landscape-sm\" alt=\"Grille num\u00e9rique affichant des nombres class\u00e9s en pairs \u00e0 gauche et une zone impairs vide \u00e0 droite, interface du g\u00e9n\u00e9rateur Pair ou impair.\" srcset=\"https:\/\/neuronup.com\/fr\/wp-content\/uploads\/2023\/02\/Captura-de-Pantalla-2023-02-07-a-las-22.20.53-1024x694-1-300x203.webp 300w, https:\/\/neuronup.com\/fr\/wp-content\/uploads\/2023\/02\/Captura-de-Pantalla-2023-02-07-a-las-22.20.53-1024x694-1-768x521.webp 768w, https:\/\/neuronup.com\/fr\/wp-content\/uploads\/2023\/02\/Captura-de-Pantalla-2023-02-07-a-las-22.20.53-1024x694-1-1024x694.webp 1024w, https:\/\/neuronup.com\/fr\/wp-content\/uploads\/2023\/02\/Captura-de-Pantalla-2023-02-07-a-las-22.20.53-1024x694-1.webp 1220w\" sizes=\"(max-width:599px) 599px, (min-width:600px) and (max-width: 799px) 799px, (min-width:800px) and (max-width: 999px) 333px, (min-width:1000px) 400px\" \/><\/a><div class=\"entry-wrap entry-wrap-grid\"><h3 class=\"entry-title\" itemprop=\"headline\"><a class=\"entry-title-link\" href=\"https:\/\/neuronup.com\/fr\/activites-de-neuro-reeducation\/activites-pour-les-fonctions-cognitives\/activites-de-la-memoire\/generateur-pour-travailler-la-memoire-semantique-chez-les-adultes-pair-ou-impair\/\" rel=\"bookmark\">G\u00e9n\u00e9rateur pour travailler la m\u00e9moire s\u00e9mantique chez les adultes : Pair ou impair<\/a><\/h3>\n<\/div><\/article><article class=\"entry entry-grid is-column has-entry-link has-image has-image-first type-post category-activites-de-la-memoire tag-activites-de-stimulation-cognitive tag-activites-de-stimulation-cognitive-pour-enfants tag-actualites-de-neuronup tag-enfants tag-memoire\" style=\"--entry-index:5;\" aria-label=\"G\u00e9n\u00e9rateur pour travailler la m\u00e9moire s\u00e9mantique chez les enfants : Chaque mot avec sa famille\" itemscope itemtype=\"https:\/\/schema.org\/CreativeWork\"><a class=\"entry-image-link\" href=\"https:\/\/neuronup.com\/fr\/activites-de-neuro-reeducation\/activites-pour-les-fonctions-cognitives\/activites-de-la-memoire\/generateur-pour-travailler-la-memoire-semantique-chez-les-enfants-chaque-mot-avec-sa-famille\/\" tabindex=\"-1\" aria-hidden=\"true\"><img decoding=\"async\" width=\"400\" height=\"225\" src=\"https:\/\/neuronup.com\/fr\/wp-content\/uploads\/2024\/11\/Nuevo-generador.webp\" class=\"entry-image size-landscape-sm\" alt=\"Interface d\u2019un exercice d\u2019apprentissage avec deux cat\u00e9gories espagnoles: electrodom\u00e9sticos et alimentos; exemples horno et pi\u00f1a.\" srcset=\"https:\/\/neuronup.com\/fr\/wp-content\/uploads\/2024\/11\/Nuevo-generador-300x168.webp 300w, https:\/\/neuronup.com\/fr\/wp-content\/uploads\/2024\/11\/Nuevo-generador-768x431.webp 768w, https:\/\/neuronup.com\/fr\/wp-content\/uploads\/2024\/11\/Nuevo-generador-1024x575.webp 1024w, https:\/\/neuronup.com\/fr\/wp-content\/uploads\/2024\/11\/Nuevo-generador.webp 1202w\" sizes=\"(max-width:599px) 599px, (min-width:600px) and (max-width: 799px) 799px, (min-width:800px) and (max-width: 999px) 333px, (min-width:1000px) 400px\" \/><\/a><div class=\"entry-wrap entry-wrap-grid\"><h3 class=\"entry-title\" itemprop=\"headline\"><a class=\"entry-title-link\" href=\"https:\/\/neuronup.com\/fr\/activites-de-neuro-reeducation\/activites-pour-les-fonctions-cognitives\/activites-de-la-memoire\/generateur-pour-travailler-la-memoire-semantique-chez-les-enfants-chaque-mot-avec-sa-famille\/\" rel=\"bookmark\">G\u00e9n\u00e9rateur pour travailler la m\u00e9moire s\u00e9mantique chez les enfants : Chaque mot avec sa famille<\/a><\/h3>\n<\/div><\/article><article class=\"entry entry-grid is-column has-entry-link has-image has-image-first type-post category-neurosciences tag-autisme tag-tdah tag-troubles-du-neuro-developpement\" style=\"--entry-index:6;\" aria-label=\"Le monde merveilleux de la neurodiversit\u00e9\" itemscope itemtype=\"https:\/\/schema.org\/CreativeWork\"><a class=\"entry-image-link\" href=\"https:\/\/neuronup.com\/fr\/neurosciences\/le-monde-merveilleux-de-la-neurodiversite\/\" tabindex=\"-1\" aria-hidden=\"true\"><img decoding=\"async\" width=\"400\" height=\"300\" src=\"https:\/\/neuronup.com\/fr\/wp-content\/uploads\/2024\/11\/Le-monde-merveilleux-de-la-neurodiversite-400x300.webp\" class=\"entry-image size-landscape-sm\" alt=\"Profil d&#039;une t\u00eate humaine remplie de couleurs vives et de formes abstraites sortant de l&#039;esprit, sur fond d\u00e9grad\u00e9 rose \u00e0 orange.\" srcset=\"https:\/\/neuronup.com\/fr\/wp-content\/uploads\/2024\/11\/Le-monde-merveilleux-de-la-neurodiversite-400x300.webp 400w, https:\/\/neuronup.com\/fr\/wp-content\/uploads\/2024\/11\/Le-monde-merveilleux-de-la-neurodiversite-800x600.webp 800w\" sizes=\"(max-width:599px) 599px, (min-width:600px) and (max-width: 799px) 799px, (min-width:800px) and (max-width: 999px) 333px, (min-width:1000px) 400px\" \/><\/a><div class=\"entry-wrap entry-wrap-grid\"><h3 class=\"entry-title\" itemprop=\"headline\"><a class=\"entry-title-link\" href=\"https:\/\/neuronup.com\/fr\/neurosciences\/le-monde-merveilleux-de-la-neurodiversite\/\" rel=\"bookmark\">Le monde merveilleux de la neurodiversit\u00e9<\/a><\/h3>\n<\/div><\/article><\/div><\/div>","protected":false},"excerpt":{"rendered":"<p>Aujourd&rsquo;hui, nous lan\u00e7ons le&nbsp;jeu Localisez les sons pour am\u00e9liorer la m\u00e9moire \u00e9pisodique auditive chez les adultes. En quoi consiste cette activit\u00e9&nbsp;? Voici un exemple de l&rsquo;activit\u00e9 Localisez les sons&nbsp;: Que fait travailler cette activit\u00e9&nbsp;? En r\u00e9alisant cette t\u00e2che, nous entra\u00eenons la m\u00e9moire \u00e9pisodique, exer\u00e7ons la m\u00e9morisation auditive des sons que nous entendons au quotidien et &hellip;<\/p>\n","protected":false},"author":7,"featured_media":31503,"comment_status":"open","ping_status":"open","sticky":false,"template":"","format":"standard","meta":{"_acf_changed":false,"_genesis_hide_title":false,"_genesis_hide_breadcrumbs":false,"_genesis_hide_singular_image":false,"_genesis_hide_footer_widgets":false,"_genesis_custom_body_class":"","_genesis_custom_post_class":"","_genesis_layout":"","footnotes":""},"categories":[549],"tags":[694,1075,997,834,724],"class_list":{"2":"type-post","7":"category-activites-de-la-memoire","8":"tag-activites-de-stimulation-cognitive","9":"tag-activites-de-stimulation-cognitive-pour-adultes","10":"tag-actualites-de-neuronup","11":"tag-adultes","12":"tag-memoire","13":"entry"},"acf":[],"_links":{"self":[{"href":"https:\/\/neuronup.com\/fr\/wp-json\/wp\/v2\/posts\/31480","targetHints":{"allow":["GET"]}}],"collection":[{"href":"https:\/\/neuronup.com\/fr\/wp-json\/wp\/v2\/posts"}],"about":[{"href":"https:\/\/neuronup.com\/fr\/wp-json\/wp\/v2\/types\/post"}],"author":[{"embeddable":true,"href":"https:\/\/neuronup.com\/fr\/wp-json\/wp\/v2\/users\/7"}],"replies":[{"embeddable":true,"href":"https:\/\/neuronup.com\/fr\/wp-json\/wp\/v2\/comments?post=31480"}],"version-history":[{"count":0,"href":"https:\/\/neuronup.com\/fr\/wp-json\/wp\/v2\/posts\/31480\/revisions"}],"wp:featuredmedia":[{"embeddable":true,"href":"https:\/\/neuronup.com\/fr\/wp-json\/wp\/v2\/media\/31503"}],"wp:attachment":[{"href":"https:\/\/neuronup.com\/fr\/wp-json\/wp\/v2\/media?parent=31480"}],"wp:term":[{"taxonomy":"category","embeddable":true,"href":"https:\/\/neuronup.com\/fr\/wp-json\/wp\/v2\/categories?post=31480"},{"taxonomy":"post_tag","embeddable":true,"href":"https:\/\/neuronup.com\/fr\/wp-json\/wp\/v2\/tags?post=31480"}],"curies":[{"name":"wp","href":"https:\/\/api.w.org\/{rel}","templated":true}]}}