{"id":31012,"date":"2025-07-26T09:02:42","date_gmt":"2025-07-26T09:02:42","guid":{"rendered":"https:\/\/neuronup.com\/?p=31012"},"modified":"2025-07-26T09:02:42","modified_gmt":"2025-07-26T09:02:42","slug":"le-benevolat-chez-psiconed-transformant-des-vies-grace-a-la-neuropsychologie","status":"publish","type":"post","link":"https:\/\/neuronup.com\/fr\/projets\/zanzibar\/le-benevolat-chez-psiconed-transformant-des-vies-grace-a-la-neuropsychologie\/","title":{"rendered":"Le volontariat chez PsicoNED : Transformer des vies gr\u00e2ce \u00e0 la neuropsychologie"},"content":{"rendered":"\n<p><a href=\"https:\/\/neuronup.com\/estimulacion-y-rehabilitacion-cognitiva\/la-fundacion-ned-impulsa-la-neurorrehabilitacion-en-zanzibar-un-programa-integral-para-ninos-con-hidrocefalia-y-espina-bifida\/\">Dans notre pr\u00e9c\u00e9dent article<\/a>, nous avons explor\u00e9 l\u2019engagement de la Fondation NED dans la coop\u00e9ration sanitaire en Afrique de l&rsquo;Est, notamment \u00e0 Zanzibar. Depuis ses d\u00e9buts, le volontariat a toujours \u00e9t\u00e9 essentiel au succ\u00e8s de ses projets, car sans la d\u00e9votion et l\u2019effort de tant de personnes, nous n\u2019aurions pas accompli ce que nous avons aujourd\u2019hui. Actuellement, les volontaires de PsicoNED \u00e9tendent leur engagement \u00e0 de nouveaux domaines, en se concentrant sur <a href=\"https:\/\/nedfundacion.org\/psiconed-un-nuevo-programa-para-brindar-atencion-a-ninos-con-hidrocefalia-y-espina-bifida\/\">la prise en charge neuropsychologique des enfants atteints d\u2019hydroc\u00e9phalie et de spina bifida<\/a>.<\/p>\n\n\n\n<p>Depuis ses d\u00e9buts, le volontariat a toujours \u00e9t\u00e9 essentiel au succ\u00e8s de ses projets, car sans la d\u00e9votion et l\u2019effort de tant de personnes, nous n\u2019aurions pas accompli ce que nous avons aujourd\u2019hui. Actuellement, les volontaires de PsicoNED \u00e9tendent leur engagement \u00e0 de nouveaux domaines, en se concentrant sur la prise en charge neuropsychologique des enfants atteints d\u2019hydroc\u00e9phalie et de spina bifida.<\/p>\n\n\n\n<p>Dans cet article, nous souhaitons mettre en lumi\u00e8re le moteur de notre projet PsicoNED : le volontariat. Nous vous expliquerons comment les volontaires rendent possible ce programme innovant, leurs r\u00f4les et responsabilit\u00e9s, comment vous pouvez nous rejoindre et ce qu\u2019implique un s\u00e9jour de coop\u00e9ration avec notre \u00e9quipe.<\/p>\n\n\n\n<p>Poursuivez votre lecture pour en savoir plus sur notre travail et d\u00e9couvrir comment vous pouvez faire partie de cette exp\u00e9rience transformatrice !<\/p>\n\n\n\n<h2 class=\"wp-block-heading\">Le volontariat chez PsicoNED<\/h2>\n\n\n\n<p>Le volontariat chez PsicoNED est bien plus qu\u2019une simple contribution : c\u2019est un engagement profond envers le bien-\u00eatre et le d\u00e9veloppement des enfants de la House of Hope. Les volontaires ne se contentent pas de partager leurs connaissances et leurs exp\u00e9riences ; ils agissent \u00e9galement comme des agents de changement et d\u2019espoir pour de nombreuses familles.&nbsp;<\/p>\n\n\n\n<h3 class=\"wp-block-heading\">Comment cela a-t-il commenc\u00e9 ?<\/h3>\n\n\n\n<p>Le volontariat au sein de PsicoNED est n\u00e9 en r\u00e9ponse \u00e0 un besoin identifi\u00e9 par la Fondation NED d\u00e8s la conception du projet de la House of Hope. Nous avons compris que, pour offrir un soutien global aux enfants atteints d\u2019hydroc\u00e9phalie et de spina bifida, nous devions d\u2019abord disposer d\u2019une infrastructure et de ressources ad\u00e9quates. Forts de cette vision claire, nous avons travaill\u00e9 sans rel\u00e2che pour cr\u00e9er l\u2019environnement propice au lancement de cette ambitieuse initiative.&nbsp;<\/p>\n\n\n\n<p>La cr\u00e9ation de la House of Hope a \u00e9t\u00e9 un jalon d\u00e9terminant ; ce centre ne fournit pas seulement l\u2019h\u00e9bergement et la nourriture aux familles les plus vuln\u00e9rables, mais offre \u00e9galement des services de physioth\u00e9rapie. De plus, nous avons adapt\u00e9 un minibus pour assurer le transport des enfants \u00e0 mobilit\u00e9 r\u00e9duite et \u00e9quip\u00e9 le centre de ressources technologiques pour d\u00e9marrer le programme de neuror\u00e9habilitation.&nbsp;<\/p>\n\n\n\n<p>Reconnaissant que l\u2019\u00e9valuation neuropsychologique \u00e9tait une \u00e9tape cruciale pour concevoir des interventions efficaces, nous avons lanc\u00e9 un projet de recherche en collaboration avec l\u2019Universit\u00e9 Internationale de Valence afin de d\u00e9velopper un protocole d\u2019\u00e9valuation sp\u00e9cifique pour les enfants atteints d\u2019hydroc\u00e9phalie et de spina bifida \u00e0 Zanzibar. En quatre missions de volontariat, nous avons \u00e9valu\u00e9 plus de 100 enfants et \u00e9labor\u00e9 des programmes d\u2019intervention individualis\u00e9s pour 33 d\u2019entre eux, qui assistent d\u00e9sormais \u00e0 des s\u00e9ances mensuelles de neuror\u00e9habilitation. Gr\u00e2ce \u00e0 l\u2019engagement des volontaires, chaque enfant b\u00e9n\u00e9ficie d\u2019une intervention adapt\u00e9e \u00e0 ses besoins sp\u00e9cifiques.&nbsp;<\/p>\n\n\n\n<h3 class=\"wp-block-heading\">Objectifs et missions du volontariat <\/h3>\n\n\n\n<p>Les volontaires chez PsicoNED poursuivent des objectifs vari\u00e9s et s\u2019adaptent aux besoins de la House of Hope ainsi qu\u2019\u00e0 leur propre exp\u00e9rience professionnelle. Les deux objectifs principaux sont :<\/p>\n\n\n\n<ol class=\"wp-block-list\">\n\n<li>Contribuer au d\u00e9veloppement du programme de prise en charge neuropsychologique \u00e0 la House of Hope.<\/li>\n\n\n\n<li>Promouvoir la formation continue des professionnelles du centre associ\u00e9es au programme.<\/li>\n\n<\/ol>\n\n\n\n<p>Pour atteindre ces objectifs, les volontaires accomplissent diverses missions, notamment :<\/p>\n\n\n\n<ol class=\"wp-block-list\">\n\n<li><strong>Intervention et supervision neuropsychologique : <\/strong>\n\n<ul class=\"wp-block-list\">\n\n<li>\u00c9valuation neuropsychologique.<\/li>\n\n\n\n<li>Conception d\u2019interventions personnalis\u00e9es.<\/li>\n\n\n\n<li>Intervention neuropsychologique directe aupr\u00e8s des patients via la plateforme NeuronUP.<\/li>\n\n\n\n<li>Supervision des interventions men\u00e9es par le personnel local.<\/li>\n\n<\/ul>\n<\/li>\n\n\n\n<li><strong>Formation et d\u00e9veloppement professionnel :<\/strong>\n\n<ul class=\"wp-block-list\">\n\n<li>Formation continue du personnel en psychologie et \u00e0 l\u2019utilisation de NeuronUP.<\/li>\n\n<\/ul>\n<\/li>\n\n\n\n<li><strong>Organisation et pr\u00e9paration du mat\u00e9riel :<\/strong>\n\n<ul class=\"wp-block-list\">\n\n<li>Pr\u00e9paration et organisation du mat\u00e9riel n\u00e9cessaire aux interventions.<\/li>\n\n<\/ul>\n<\/li>\n\n\n\n<li><strong>R\u00e9unions et coordination :<\/strong>\n\n<ul class=\"wp-block-list\">\n\n<li>Rencontres avec les acteurs sociaux et le personnel soignant.<\/li>\n\n\n\n<li>Communication permanente avec la coordinatrice du projet en Espagne.<\/li>\n\n<\/ul>\n<\/li>\n\n\n\n<li><strong>Activit\u00e9s communautaires :<\/strong>\n\n<ul class=\"wp-block-list\">\n\n<li>Visites \u00e0 domicile.<\/li>\n\n\n\n<li>Ateliers et activit\u00e9s avec les familles.<\/li>\n\n\n\n<li>Identification des nouveaux besoins et proposition d\u2019actions futures.<\/li>\n\n<\/ul>\n<\/li>\n\n<\/ol>\n\n\n\n<p>Chaque mission est unique et peut impliquer la r\u00e9alisation de presque toutes ces t\u00e2ches ou un approfondissement de certaines d&rsquo;entre elles en fonction des besoins du moment.&nbsp;<\/p>\n\n\n\n<div style=\"height:50px\" aria-hidden=\"true\" class=\"wp-block-spacer\"><\/div>\n\n\n\n<aside class=\"wp-block-group br-0101 anims-fadein-up has-primary-background-color has-background has-dark-background has-xs-padding-left has-xs-padding-right has-xxxl-margin-top\"><div class=\"wp-block-group__inner-container is-layout-constrained wp-block-group-is-layout-constrained\">\n<div class=\"wp-block-columns is-layout-flex wp-container-core-columns-is-layout-9d6595d7 wp-block-columns-is-layout-flex\">\n<div class=\"wp-block-column mobile-order-1 desktop-position-relative is-layout-flow wp-block-column-is-layout-flow\" style=\"flex-basis:25%\">\n<figure class=\"wp-block-image size-full desktop-position-absolute desktop-bottom-0 mobile-width-50 mobile-m-inline-auto has--xxxl-margin-top\"><img decoding=\"async\" width=\"885\" height=\"1024\" src=\"https:\/\/neuronup.com\/fr\/wp-content\/uploads\/2024\/10\/formation-sur-les-produits-pour-professionnels.webp\" alt=\"Training on products for professionals\" class=\"wp-image-31564\" srcset=\"https:\/\/neuronup.com\/fr\/wp-content\/uploads\/2024\/10\/formation-sur-les-produits-pour-professionnels-259x300.webp 259w, https:\/\/neuronup.com\/fr\/wp-content\/uploads\/2024\/10\/formation-sur-les-produits-pour-professionnels-768x889.webp 768w, https:\/\/neuronup.com\/fr\/wp-content\/uploads\/2024\/10\/formation-sur-les-produits-pour-professionnels.webp 885w\" sizes=\"(max-width: 885px) 100vw, 885px\" \/><\/figure>\n<\/div>\n\n\n\n<div class=\"wp-block-column is-vertically-aligned-center pt-3 pb-3 mobile-pb-0 is-layout-flow wp-block-column-is-layout-flow\" style=\"flex-basis:55%\">\n<p class=\"has-xl-font-size\"><span style=\"color:white\"><strong>Demandez<\/strong> des informations<\/span><\/p>\n\n\n\n<p class=\"has-white-color has-text-color has-md-font-size\">Apprenez \u00e0 tirer le meilleur parti de notre plateforme et d\u00e9couvrez pourquoi plus de 7 000 professionnels dans le monde l&rsquo;utilisent d\u00e9j\u00e0.<\/p>\n<\/div>\n\n\n\n<div class=\"wp-block-column is-vertically-aligned-center mobile-mb-3 is-layout-flow wp-block-column-is-layout-flow\" style=\"flex-basis:20%\">\n<div class=\"wp-block-buttons is-content-justification-center is-layout-flex wp-container-core-buttons-is-layout-16018d1d wp-block-buttons-is-layout-flex\">\n<div class=\"wp-block-button--1\" style=\"--button-outline-color:var(--color-white);--button-outline-color-hover:rgba(0,0,0,0.8);\"><a class=\"wp-block-button__link button button-outline   wp-element-button\" href=\"https:\/\/neuronup.com\/fr\/demande-informations\/\">Demander<\/a><\/div>\n\n<\/div>\n<\/div>\n<\/div>\n<\/div><\/aside>\n\n\n\n\n<div style=\"height:50px\" aria-hidden=\"true\" class=\"wp-block-spacer\"><\/div>\n\n\n\n<h2 class=\"wp-block-heading\">S\u00e9jours de coop\u00e9ration<\/h2>\n\n\n\n<h3 class=\"wp-block-heading\">Comment faire partie de l&rsquo;exp\u00e9rience ?<\/h3>\n\n\n\n<p>Participer \u00e0 un s\u00e9jour de coop\u00e9ration avec PsicoNED est un processus simple et accessible. Les personnes int\u00e9ress\u00e9es peuvent visiter la <a href=\"https:\/\/neuronup.com\/fr\/\">page web de la Fondation<\/a>, o\u00f9 elles trouveront le formulaire de candidature dans la section <a href=\"https:\/\/nedfundacion.org\/voluntariado\/\">\u00ab Volontariat \u00bb<\/a>. Apr\u00e8s avoir s\u00e9lectionn\u00e9 le projet et compl\u00e9t\u00e9 le formulaire, nous vous contacterons pour un entretien o\u00f9 nous vous expliquerons le projet en d\u00e9tail et \u00e9valuerons si votre profil correspond \u00e0 nos besoins.<\/p>\n\n\n\n<h3 class=\"wp-block-heading\">\u00c0 quoi ressemble un s\u00e9jour type chez PsicoNED ?<\/h3>\n\n\n\n<p>Tous les s\u00e9jours de coop\u00e9ration ont lieu \u00e0 Unguja, \u00e0 Zanzibar, et durent g\u00e9n\u00e9ralement environ 12 jours. Nous organisons des r\u00e9unions pr\u00e9paratoires pour informer les volontaires sur les vols, l\u2019h\u00e9bergement et la planification des activit\u00e9s.&nbsp;<\/p>\n\n\n\n<p>Pendant les missions, les volontaires b\u00e9n\u00e9ficient du soutien constant de la coordinatrice du centre et de l\u2019\u00e9quipe en Espagne.<\/p>\n\n\n\n<p>\u00c0 la fin de la mission, les volontaires peuvent continuer \u00e0 collaborer au programme via un groupe de travail collaboratif r\u00e9unissant les volontaires et le personnel de la House of Hope. Nous sommes ouverts \u00e0 toute proposition d\u00e9coulant de cette exp\u00e9rience.<\/p>\n\n\n\n<h3 class=\"wp-block-heading\">Futures lignes d\u2019action de PsicoNED<\/h3>\n\n\n\n<p>Actuellement, nous nous concentrons sur le perfectionnement de l\u2019intervention neuropsychologique et la formation du personnel. Cependant, nous d\u00e9veloppons \u00e9galement d\u2019autres initiatives, telles que :&nbsp;<\/p>\n\n\n\n<ul class=\"wp-block-list\">\n\n<li><strong>Atelier occupationnel pour les jeunes :<\/strong> pour favoriser leur autonomie et leur d\u00e9veloppement personnel.<\/li>\n\n\n\n<li><strong>Groupe de soutien pour les femmes :<\/strong> un espace d\u2019entraide pour aborder les th\u00e9matiques li\u00e9es au bien-\u00eatre, \u00e0 la parentalit\u00e9 et \u00e0 la sant\u00e9 mentale.<\/li>\n\n\n\n<li><strong>Programme de coordination entre familles et \u00e9coles :<\/strong> pour garantir un accompagnement global et soutenir l\u2019int\u00e9gration scolaire des enfants.<\/li>\n\n<\/ul>\n\n\n\n<p>Votre participation est cruciale. Vous pouvez nous rejoindre lors de nos missions, soutenir par vos ressources ou vos connaissances, ou simplement aider \u00e0 diffuser notre mission. Chaque contribution a un impact significatif sur les personnes que nous soutenons. Nous serions ravis de r\u00e9pondre \u00e0 toutes vos questions et de vous fournir plus d\u2019informations sur la mani\u00e8re dont vous pouvez vous impliquer dans le projet !<\/p>\n\n\n\n<h3 class=\"wp-block-heading\">Ne manquez pas <strong>d\u2019autres contenus li\u00e9s<\/strong> au projet de Zanzibar :<\/h3>\n\n\n\n\n<p>(<\/p>\n\n\n\n<p>(<\/p>\n\n<div class=\"mai-grid entries entries-grid has-boxed has-image-full\" style=\"--entry-title-font-size:var(--font-size-lg);--align-text:start;--entry-meta-text-align:start;\"><div class=\"entries-wrap has-columns\" style=\"--columns-xs:1\/1;--columns-sm:1\/1;--columns-md:1\/3;--columns-lg:1\/3;--flex-xs:0 0 var(--flex-basis);--flex-sm:0 0 var(--flex-basis);--flex-md:0 0 var(--flex-basis);--flex-lg:0 0 var(--flex-basis);--column-gap:var(--spacing-lg);--row-gap:var(--spacing-lg);--align-columns:start;\"><article class=\"entry entry-grid is-column has-entry-link has-image has-image-first type-post category-activites-des-fonctions-executives tag-fonctions-executives\" style=\"--entry-index:1;\" aria-label=\"Pourquoi travailler en priorit\u00e9 sur le d\u00e9veloppement des fonctions ex\u00e9cutives pour am\u00e9liorer l&#8217;autor\u00e9gulation \u00e9motionnelle chez les enfants et les adolescents?\" itemscope itemtype=\"https:\/\/schema.org\/CreativeWork\"><a class=\"entry-image-link\" href=\"https:\/\/neuronup.com\/fr\/activites-de-neuro-reeducation\/activites-pour-les-fonctions-cognitives\/activites-des-fonctions-executives\/pourquoi-travailler-en-priorite-sur-le-developpement-des-fonctions-executives-pour-ameliorer-lautoregulation-emotionnelle-chez-les-enfants-et-les-adolescents\/\" tabindex=\"-1\" aria-hidden=\"true\"><img decoding=\"async\" width=\"400\" height=\"300\" src=\"https:\/\/neuronup.com\/fr\/wp-content\/uploads\/2024\/11\/Limportance-du-travail-sur-les-fonctions-executives-pour-ameliorer-lautoregulation-emotionnelle-chez-les-jeunes-1-400x300.webp\" class=\"entry-image size-landscape-sm\" alt=\"Illustration anim\u00e9e d&#039;une jeune fille souriante tenant un livre, entour\u00e9e de sc\u00e8nes montrant \u00e9motions et apprentissage.\" srcset=\"https:\/\/neuronup.com\/fr\/wp-content\/uploads\/2024\/11\/Limportance-du-travail-sur-les-fonctions-executives-pour-ameliorer-lautoregulation-emotionnelle-chez-les-jeunes-1-400x300.webp 400w, https:\/\/neuronup.com\/fr\/wp-content\/uploads\/2024\/11\/Limportance-du-travail-sur-les-fonctions-executives-pour-ameliorer-lautoregulation-emotionnelle-chez-les-jeunes-1-800x600.webp 800w\" sizes=\"(max-width:599px) 599px, (min-width:600px) and (max-width: 799px) 799px, (min-width:800px) and (max-width: 999px) 333px, (min-width:1000px) 400px\" \/><\/a><div class=\"entry-wrap entry-wrap-grid\"><h3 class=\"entry-title\" itemprop=\"headline\"><a class=\"entry-title-link\" href=\"https:\/\/neuronup.com\/fr\/activites-de-neuro-reeducation\/activites-pour-les-fonctions-cognitives\/activites-des-fonctions-executives\/pourquoi-travailler-en-priorite-sur-le-developpement-des-fonctions-executives-pour-ameliorer-lautoregulation-emotionnelle-chez-les-enfants-et-les-adolescents\/\" rel=\"bookmark\">Pourquoi travailler en priorit\u00e9 sur le d\u00e9veloppement des fonctions ex\u00e9cutives pour am\u00e9liorer l&#8217;autor\u00e9gulation \u00e9motionnelle chez les enfants et les adolescents?<\/a><\/h3>\n<\/div><\/article><article class=\"entry entry-grid is-column has-entry-link has-image has-image-first type-post category-psychologie tag-depression tag-stress\" style=\"--entry-index:2;\" aria-label=\"Stress au travail: d\u00e9finition, causes et cons\u00e9quences pour la sant\u00e9\" itemscope itemtype=\"https:\/\/schema.org\/CreativeWork\"><a class=\"entry-image-link\" href=\"https:\/\/neuronup.com\/fr\/psychologie\/stress-au-travail-definition-causes-et-consequences-pour-la-sante\/\" tabindex=\"-1\" aria-hidden=\"true\"><img decoding=\"async\" width=\"400\" height=\"300\" src=\"https:\/\/neuronup.com\/fr\/wp-content\/uploads\/2024\/11\/intervention-auprEs-de-mineurs-A-hautes-capacitEs-intellectuelles-2-400x300.webp\" class=\"entry-image size-landscape-sm\" alt=\"Homme assis devant un ordinateur portable, mains sur les tempes et expression tendue, ambiance de bureau neutre et lumineux.\" srcset=\"https:\/\/neuronup.com\/fr\/wp-content\/uploads\/2024\/11\/intervention-auprEs-de-mineurs-A-hautes-capacitEs-intellectuelles-2-400x300.webp 400w, https:\/\/neuronup.com\/fr\/wp-content\/uploads\/2024\/11\/intervention-auprEs-de-mineurs-A-hautes-capacitEs-intellectuelles-2-800x600.webp 800w, https:\/\/neuronup.com\/fr\/wp-content\/uploads\/2024\/11\/intervention-auprEs-de-mineurs-A-hautes-capacitEs-intellectuelles-2-1200x900.webp 1200w\" sizes=\"(max-width:599px) 599px, (min-width:600px) and (max-width: 799px) 799px, (min-width:800px) and (max-width: 999px) 333px, (min-width:1000px) 400px\" \/><\/a><div class=\"entry-wrap entry-wrap-grid\"><h3 class=\"entry-title\" itemprop=\"headline\"><a class=\"entry-title-link\" href=\"https:\/\/neuronup.com\/fr\/psychologie\/stress-au-travail-definition-causes-et-consequences-pour-la-sante\/\" rel=\"bookmark\">Stress au travail: d\u00e9finition, causes et cons\u00e9quences pour la sant\u00e9<\/a><\/h3>\n<\/div><\/article><article class=\"entry entry-grid is-column has-entry-link has-image has-image-first type-post category-temoignages tag-sante-mentale tag-stimulation-cognitive tag-temoignages\" style=\"--entry-index:3;\" aria-label=\"Comment NeuronUP renforce la stimulation cognitive chez les personnes ayant des troubles de sant\u00e9 mentale : Cas Elkarkide Iturrama\" itemscope itemtype=\"https:\/\/schema.org\/CreativeWork\"><a class=\"entry-image-link\" href=\"https:\/\/neuronup.com\/fr\/actualites-de-la-stimulation-cognitive\/temoignages\/comment-neuronup-renforce-la-stimulation-cognitive-chez-les-personnes-ayant-des-difficultes-de-sante-mentale-cas-elkarkide-iturrama\/\" tabindex=\"-1\" aria-hidden=\"true\"><img decoding=\"async\" width=\"400\" height=\"267\" src=\"https:\/\/neuronup.com\/fr\/wp-content\/uploads\/2025\/02\/NEURONUP-3.webp\" class=\"entry-image size-landscape-sm\" alt=\"Personne de dos utilisant une tablette: motif g\u00e9om\u00e9trique color\u00e9 sur l&#039;\u00e9cran et espace de travail clair.\" srcset=\"https:\/\/neuronup.com\/fr\/wp-content\/uploads\/2025\/02\/NEURONUP-3-300x201.webp 300w, https:\/\/neuronup.com\/fr\/wp-content\/uploads\/2025\/02\/NEURONUP-3-768x513.webp 768w, https:\/\/neuronup.com\/fr\/wp-content\/uploads\/2025\/02\/NEURONUP-3-1024x684.webp 1024w, https:\/\/neuronup.com\/fr\/wp-content\/uploads\/2025\/02\/NEURONUP-3.webp 1200w\" sizes=\"(max-width:599px) 599px, (min-width:600px) and (max-width: 799px) 799px, (min-width:800px) and (max-width: 999px) 333px, (min-width:1000px) 400px\" \/><\/a><div class=\"entry-wrap entry-wrap-grid\"><h3 class=\"entry-title\" itemprop=\"headline\"><a class=\"entry-title-link\" href=\"https:\/\/neuronup.com\/fr\/actualites-de-la-stimulation-cognitive\/temoignages\/comment-neuronup-renforce-la-stimulation-cognitive-chez-les-personnes-ayant-des-difficultes-de-sante-mentale-cas-elkarkide-iturrama\/\" rel=\"bookmark\">Comment NeuronUP renforce la stimulation cognitive chez les personnes ayant des troubles de sant\u00e9 mentale : Cas Elkarkide Iturrama<\/a><\/h3>\n<\/div><\/article><article class=\"entry entry-grid is-column has-entry-link has-image has-image-first type-post category-sclerose-en-plaques tag-maladies-neurodegeneratives tag-sclerose-en-plaques\" style=\"--entry-index:4;\" aria-label=\"La scl\u00e9rose : qui est concern\u00e9, comment elle est diagnostiqu\u00e9e et quels en sont les sympt\u00f4mes\" itemscope itemtype=\"https:\/\/schema.org\/CreativeWork\"><a class=\"entry-image-link\" href=\"https:\/\/neuronup.com\/fr\/actualites-de-la-stimulation-cognitive\/maladies-neurodegeneratives\/sclerose-en-plaques\/la-sclerose-qui-est-touche-comment-la-diagnostiquer-et-quels-sont-ses-symptomes\/\" tabindex=\"-1\" aria-hidden=\"true\"><img decoding=\"async\" width=\"400\" height=\"271\" src=\"https:\/\/neuronup.com\/fr\/wp-content\/uploads\/2022\/05\/Centro-ADEMBI-en-el-tratamiento-de-la-esclerosis-multiple-1.webp\" class=\"entry-image size-landscape-sm\" alt=\"Traitement de la scl\u00e9rose en plaques\" srcset=\"https:\/\/neuronup.com\/fr\/wp-content\/uploads\/2022\/05\/Centro-ADEMBI-en-el-tratamiento-de-la-esclerosis-multiple-1-300x203.webp 300w, https:\/\/neuronup.com\/fr\/wp-content\/uploads\/2022\/05\/Centro-ADEMBI-en-el-tratamiento-de-la-esclerosis-multiple-1-768x521.webp 768w, https:\/\/neuronup.com\/fr\/wp-content\/uploads\/2022\/05\/Centro-ADEMBI-en-el-tratamiento-de-la-esclerosis-multiple-1-1024x694.webp 1024w, https:\/\/neuronup.com\/fr\/wp-content\/uploads\/2022\/05\/Centro-ADEMBI-en-el-tratamiento-de-la-esclerosis-multiple-1.webp 1204w\" sizes=\"(max-width:599px) 599px, (min-width:600px) and (max-width: 799px) 799px, (min-width:800px) and (max-width: 999px) 333px, (min-width:1000px) 400px\" \/><\/a><div class=\"entry-wrap entry-wrap-grid\"><h3 class=\"entry-title\" itemprop=\"headline\"><a class=\"entry-title-link\" href=\"https:\/\/neuronup.com\/fr\/actualites-de-la-stimulation-cognitive\/maladies-neurodegeneratives\/sclerose-en-plaques\/la-sclerose-qui-est-touche-comment-la-diagnostiquer-et-quels-sont-ses-symptomes\/\" rel=\"bookmark\">La scl\u00e9rose : qui est concern\u00e9, comment elle est diagnostiqu\u00e9e et quels en sont les sympt\u00f4mes<\/a><\/h3>\n<\/div><\/article><article class=\"entry entry-grid is-column has-entry-link has-image has-image-first type-post category-psychologie tag-psychologie\" style=\"--entry-index:5;\" aria-label=\"L&rsquo;\u00e9chafaudage : un bon concept en neuror\u00e9habilitation\" itemscope itemtype=\"https:\/\/schema.org\/CreativeWork\"><a class=\"entry-image-link\" href=\"https:\/\/neuronup.com\/fr\/psychologie\/letayage-en-neuro-reeducation\/\" tabindex=\"-1\" aria-hidden=\"true\"><img decoding=\"async\" width=\"400\" height=\"267\" src=\"https:\/\/neuronup.com\/fr\/wp-content\/uploads\/2024\/10\/el-andamiaje-en-la-neurorrehabilitacion.webp\" class=\"entry-image size-landscape-sm\" alt=\"Jeune enfant assise au sol, concentr\u00e9e sur un jeu de construction; elle ajoute un bloc \u00e0 une tour en bois, v\u00eatue d\u2019un pull en laine, cheveux boucl\u00e9s, arri\u00e8re-plan \u00e9pur\u00e9.\" srcset=\"https:\/\/neuronup.com\/fr\/wp-content\/uploads\/2024\/10\/el-andamiaje-en-la-neurorrehabilitacion-300x200.webp 300w, https:\/\/neuronup.com\/fr\/wp-content\/uploads\/2024\/10\/el-andamiaje-en-la-neurorrehabilitacion-768x512.webp 768w, https:\/\/neuronup.com\/fr\/wp-content\/uploads\/2024\/10\/el-andamiaje-en-la-neurorrehabilitacion-1024x683.webp 1024w, https:\/\/neuronup.com\/fr\/wp-content\/uploads\/2024\/10\/el-andamiaje-en-la-neurorrehabilitacion.webp 1200w\" sizes=\"(max-width:599px) 599px, (min-width:600px) and (max-width: 799px) 799px, (min-width:800px) and (max-width: 999px) 333px, (min-width:1000px) 400px\" \/><\/a><div class=\"entry-wrap entry-wrap-grid\"><h3 class=\"entry-title\" itemprop=\"headline\"><a class=\"entry-title-link\" href=\"https:\/\/neuronup.com\/fr\/psychologie\/letayage-en-neuro-reeducation\/\" rel=\"bookmark\">L&rsquo;\u00e9chafaudage : un bon concept en neuror\u00e9habilitation<\/a><\/h3>\n<\/div><\/article><article class=\"entry entry-grid is-column has-entry-link has-image has-image-first type-post category-tsa tag-sante-mentale tag-stimulation-cognitive tag-tsa\" style=\"--entry-index:6;\" aria-label=\"Traitement \u00e9motionnel chez les personnes atteintes de trouble du spectre autistique (TSA)\" itemscope itemtype=\"https:\/\/schema.org\/CreativeWork\"><a class=\"entry-image-link\" href=\"https:\/\/neuronup.com\/fr\/actualites-de-la-stimulation-cognitive\/troubles-neuro-developpementaux\/tsa\/traitement-emotionnel-chez-les-personnes-atteintes-dun-trouble-du-spectre-de-lautisme-tsa\/\" tabindex=\"-1\" aria-hidden=\"true\"><img decoding=\"async\" width=\"400\" height=\"224\" src=\"https:\/\/neuronup.com\/fr\/wp-content\/uploads\/2024\/10\/Procesamiento-emocional-en-personas-con-trastorno-del-espectro-autista-TEA-NeuronUP.webp\" class=\"entry-image size-landscape-sm\" alt=\"Jeune enfant brun escalade un mur int\u00e9rieur, visage poudr\u00e9 de magn\u00e9sie; prises color\u00e9es visibles en arri\u00e8re-plan, ambiance sportive.\" srcset=\"https:\/\/neuronup.com\/fr\/wp-content\/uploads\/2024\/10\/Procesamiento-emocional-en-personas-con-trastorno-del-espectro-autista-TEA-NeuronUP-300x168.webp 300w, https:\/\/neuronup.com\/fr\/wp-content\/uploads\/2024\/10\/Procesamiento-emocional-en-personas-con-trastorno-del-espectro-autista-TEA-NeuronUP-768x431.webp 768w, https:\/\/neuronup.com\/fr\/wp-content\/uploads\/2024\/10\/Procesamiento-emocional-en-personas-con-trastorno-del-espectro-autista-TEA-NeuronUP-1024x574.webp 1024w, https:\/\/neuronup.com\/fr\/wp-content\/uploads\/2024\/10\/Procesamiento-emocional-en-personas-con-trastorno-del-espectro-autista-TEA-NeuronUP.webp 1204w\" sizes=\"(max-width:599px) 599px, (min-width:600px) and (max-width: 799px) 799px, (min-width:800px) and (max-width: 999px) 333px, (min-width:1000px) 400px\" \/><\/a><div class=\"entry-wrap entry-wrap-grid\"><h3 class=\"entry-title\" itemprop=\"headline\"><a class=\"entry-title-link\" href=\"https:\/\/neuronup.com\/fr\/actualites-de-la-stimulation-cognitive\/troubles-neuro-developpementaux\/tsa\/traitement-emotionnel-chez-les-personnes-atteintes-dun-trouble-du-spectre-de-lautisme-tsa\/\" rel=\"bookmark\">Traitement \u00e9motionnel chez les personnes atteintes de trouble du spectre autistique (TSA)<\/a><\/h3>\n<\/div><\/article><\/div><\/div>","protected":false},"excerpt":{"rendered":"<p>Dans notre pr\u00e9c\u00e9dent article, nous avons explor\u00e9 l\u2019engagement de la Fondation NED dans la coop\u00e9ration sanitaire en Afrique de l&rsquo;Est, notamment \u00e0 Zanzibar. Depuis ses d\u00e9buts, le volontariat a toujours \u00e9t\u00e9 essentiel au succ\u00e8s de ses projets, car sans la d\u00e9votion et l\u2019effort de tant de personnes, nous n\u2019aurions pas accompli ce que nous avons &hellip;<\/p>\n","protected":false},"author":341,"featured_media":31055,"comment_status":"open","ping_status":"open","sticky":false,"template":"","format":"standard","meta":{"_acf_changed":false,"_genesis_hide_title":false,"_genesis_hide_breadcrumbs":false,"_genesis_hide_singular_image":false,"_genesis_hide_footer_widgets":false,"_genesis_custom_body_class":"","_genesis_custom_post_class":"","_genesis_layout":"","footnotes":""},"categories":[1038],"tags":[636,1039,632,642,1040],"class_list":{"2":"type-post","7":"category-zanzibar","8":"tag-enfants","9":"tag-projets","10":"tag-reeducation-cognitive","11":"tag-stimulation-cognitive","12":"tag-zanzibar","13":"entry"},"acf":[],"_links":{"self":[{"href":"https:\/\/neuronup.com\/fr\/wp-json\/wp\/v2\/posts\/31012","targetHints":{"allow":["GET"]}}],"collection":[{"href":"https:\/\/neuronup.com\/fr\/wp-json\/wp\/v2\/posts"}],"about":[{"href":"https:\/\/neuronup.com\/fr\/wp-json\/wp\/v2\/types\/post"}],"author":[{"embeddable":true,"href":"https:\/\/neuronup.com\/fr\/wp-json\/wp\/v2\/users\/341"}],"replies":[{"embeddable":true,"href":"https:\/\/neuronup.com\/fr\/wp-json\/wp\/v2\/comments?post=31012"}],"version-history":[{"count":0,"href":"https:\/\/neuronup.com\/fr\/wp-json\/wp\/v2\/posts\/31012\/revisions"}],"wp:featuredmedia":[{"embeddable":true,"href":"https:\/\/neuronup.com\/fr\/wp-json\/wp\/v2\/media\/31055"}],"wp:attachment":[{"href":"https:\/\/neuronup.com\/fr\/wp-json\/wp\/v2\/media?parent=31012"}],"wp:term":[{"taxonomy":"category","embeddable":true,"href":"https:\/\/neuronup.com\/fr\/wp-json\/wp\/v2\/categories?post=31012"},{"taxonomy":"post_tag","embeddable":true,"href":"https:\/\/neuronup.com\/fr\/wp-json\/wp\/v2\/tags?post=31012"}],"curies":[{"name":"wp","href":"https:\/\/api.w.org\/{rel}","templated":true}]}}