{"id":30955,"date":"2025-07-25T09:02:42","date_gmt":"2025-07-25T09:02:42","guid":{"rendered":"https:\/\/neuronup.com\/?p=30955"},"modified":"2025-07-25T09:02:42","modified_gmt":"2025-07-25T09:02:42","slug":"favoriser-un-vieillissement-actif-le-pilote-andalou-du-projet-phara-on","status":"publish","type":"post","link":"https:\/\/neuronup.com\/fr\/projets\/favoriser-un-vieillissement-actif-le-pilote-andalou-du-projet-phara-on\/","title":{"rendered":"Favoriser un vieillissement actif : le pilote andalou du Projet PHArA-ON"},"content":{"rendered":"\n<p class=\"has-xl-font-size\">Dans cet article, la docteure et chercheuse Aurora Polo Rodr\u00edguez pr\u00e9sente les <strong>d\u00e9tails du projet europ\u00e9en PHArA-ON (Pilots for Healthy and Active Ageing)<\/strong>, auquel NeuronUP a particip\u00e9.<\/p>\n\n\n\n<p>Le vieillissement actif et en bonne sant\u00e9 est une priorit\u00e9 croissante dans notre soci\u00e9t\u00e9. Dans la soci\u00e9t\u00e9 dans laquelle nous vivons, le besoin de disposer d\u2019outils ayant un impact positif non seulement sur la qualit\u00e9 de vie des personnes \u00e2g\u00e9es, mais aussi sur leur autonomie et leur sant\u00e9 en g\u00e9n\u00e9ral.&nbsp;<\/p>\n\n\n\n<p>Dans ce contexte, le projet europ\u00e9en <a href=\"https:\/\/www.pharaon.eu\/about\/\">PHArA-ON<\/a> se positionne comme une <strong>initiative innovante<\/strong> pour atteindre cet objectif ambitieux et imp\u00e9ratif, gr\u00e2ce \u00e0 la cr\u00e9ation d\u2019une s\u00e9rie de plateformes ouvertes int\u00e9gr\u00e9es, offrant des options de personnalisation int\u00e9ressantes et interop\u00e9rables avec d\u2019autres solutions avanc\u00e9es comprenant l\u2019intelligence artificielle, des dispositifs portables intelligents ou le big data, entre autres.&nbsp;<\/p>\n\n\n\n<p>PHArA-ON est financ\u00e9 par le programme Horizon 2020 de l\u2019Union europ\u00e9enne, dispose d\u2019un budget de 21 millions d\u2019euros et b\u00e9n\u00e9ficie \u00e9galement de la collaboration de 41 entit\u00e9s de 12 pays diff\u00e9rents, tels que l\u2019Espagne, l\u2019Italie, le Portugal, la France, l\u2019Allemagne, l\u2019Autriche, la Belgique, les Pays-Bas, le Royaume-Uni, la Croatie, la Slov\u00e9nie et l\u2019Estonie.&nbsp;<\/p>\n\n\n\n<p>Dans le cas sp\u00e9cifique de l\u2019Andalousie, la mise en \u0153uvre de ce projet a eu un impact plus que positif gr\u00e2ce \u00e0 son approche particuli\u00e8re visant \u00e0 lutter contre la solitude non d\u00e9sir\u00e9e et \u00e0 favoriser la coh\u00e9sion sociale. Gr\u00e2ce \u00e0 la coordination de la Fondation Ageing Lab, ainsi qu\u2019\u00e0 l\u2019Universit\u00e9 de Ja\u00e9n, \u00e0 la Diputaci\u00f3n Provincial de Ja\u00e9n et \u00e0 Minsait d\u2019Indra, le pilote andalou a pu \u00eatre r\u00e9alis\u00e9 avec un budget total de 1 200 000 euros.<\/p>\n\n\n\n<p>Celui-ci s\u2019est concentr\u00e9 sur <strong>trois objectifs cl\u00e9s visant \u00e0 am\u00e9liorer la vie des participants<\/strong>&nbsp;:<\/p>\n\n\n\n<ol class=\"wp-block-list\">\n<li><strong>Promotion de la participation communautaire :<\/strong> En utilisant le r\u00e9seau social Sentab, les participants ont \u00e9t\u00e9 encourag\u00e9s \u00e0 interagir et \u00e0 s\u2019engager dans la communaut\u00e9, favorisant ainsi l\u2019int\u00e9gration sociale.<\/li>\n\n\n\n<li><strong>Soutien au bien-\u00eatre physique :<\/strong> Gr\u00e2ce \u00e0 l\u2019appareil MISS Activity, les participants ont \u00e9t\u00e9 motiv\u00e9s \u00e0 rester physiquement actifs, contribuant \u00e0 leur sant\u00e9 globale.<\/li>\n\n\n\n<li><strong>Promotion de la stimulation cognitive :<\/strong> Avec la plateforme NeuronUP, des activit\u00e9s sont propos\u00e9es pour stimuler les <a href=\"https:\/\/neuronup.com\/fr\/domaines-dintervention\/fonctions-cognitives\/\">fonctions cognitives<\/a>, aidant ainsi \u00e0 garder l\u2019esprit actif.<\/li>\n<\/ol>\n\n\n\n<p>NeuronUP s\u2019est int\u00e9gr\u00e9 au projet d\u00e8s le premier appel \u00e0 projets, en octobre 2023, pour une p\u00e9riode d\u2019\u00e9valuation de trois mois. Depuis lors, <strong>notre <a href=\"https:\/\/neuronup.com\/fr\/produit\/\">plateforme de r\u00e9\u00e9ducation et de stimulation cognitive<\/a> a r\u00e9ussi \u00e0 se d\u00e9ployer dans 9 communes andalouses<\/strong>&nbsp;: Castillo de Locub\u00edn, Arjona, Martos, Peal de Becerro et Alcaudete (Ja\u00e9n) ; et Las Gabias, Atarfe, Zaid\u00edn et Albolote (Grenade). Au total, pas moins de 60 participants ont \u00e9t\u00e9 form\u00e9s \u00e0 NeuronUP, dont 49 sont des personnes \u00e2g\u00e9es et 11 des professionnels.<\/p>\n\n\n\n<p>La mise en \u0153uvre de NeuronUP a \u00e9t\u00e9 r\u00e9alis\u00e9e selon <strong>deux approches distinctes<\/strong>&nbsp;:<\/p>\n\n\n\n<ol class=\"wp-block-list\">\n<li><strong>Dans les r\u00e9sidences et centres de jour :<\/strong> O\u00f9 des techniciens de l\u2019<a href=\"https:\/\/neuronup.com\/fr\/\">Universit\u00e9 de Ja\u00e9n<\/a> et de la <a href=\"https:\/\/neuronup.com\/fr\/\">Fondation Ageing Lab<\/a> ont form\u00e9 les professionnels de ces \u00e9tablissements afin qu\u2019ils puissent travailler avec notre plateforme de neuror\u00e9habilitation de mani\u00e8re optimale et individualis\u00e9e avec les utilisateurs.<\/li>\n\n\n\n<li><strong>Dans les centres de participation active :<\/strong> Ici, la dur\u00e9e du pilote a \u00e9t\u00e9 prolong\u00e9e de trois \u00e0 six mois en raison de la forte motivation des utilisateurs. Dans ce cas, l\u2019Universit\u00e9 de Ja\u00e9n a fourni une formation directe aux utilisateurs, qui ont ensuite pu travailler de mani\u00e8re autonome depuis chez eux, avec les sessions personnalis\u00e9es <a href=\"https:\/\/neuronup.com\/fr\/produit\/telerehabilitation-rehabilitation-cognitive-a-distance-avec-neuronup\/\">NeuronUP2GO<\/a>.<\/li>\n<\/ol>\n\n\n\n<p>Cette approche double a permis de <strong>adapter l\u2019utilisation de NeuronUP aux besoins sp\u00e9cifiques de diff\u00e9rents environnements<\/strong>. La r\u00e9ponse positive et le grand engagement manifest\u00e9s par les participants \u00e0 chaque occasion illustrent la valeur ajout\u00e9e que notre plateforme apporte au projet, en offrant des outils essentiels pour un vieillissement actif et participatif.&nbsp;<\/p>\n\n\n\n<p>Tout au long de ce processus, il convient de souligner le r\u00f4le crucial jou\u00e9 par les chercheurs de l\u2019Universit\u00e9 de Ja\u00e9n, Aurora Polo Rodr\u00edguez et Javier Medina Quero, pour atteindre ce succ\u00e8s. En tant que responsables de la formation, et gr\u00e2ce \u00e0 leur suivi actif, ils ont travaill\u00e9 sans rel\u00e2che pour garantir l\u2019adh\u00e9sion des participants au programme.<\/p>\n\n\n\n<div style=\"height:50px\" aria-hidden=\"true\" class=\"wp-block-spacer\"><\/div>\n\n\n\n<div class=\"wp-block-group br-0111 has-primary-background-color has-background has-dark-background has-sm-padding-top has-sm-padding-left has-sm-padding-right has-xxl-margin-top\"><div class=\"wp-block-group__inner-container is-layout-constrained wp-block-group-is-layout-constrained\">\n<div class=\"wp-block-columns is-layout-flex wp-container-core-columns-is-layout-9d6595d7 wp-block-columns-is-layout-flex\">\n<div class=\"wp-block-column is-layout-flow wp-block-column-is-layout-flow\">\n<figure class=\"wp-block-image size-full desktop-position-absolute desktop-bottom-0 mobile-width-50 mobile-m-inline-auto has-xl-margin-top\"><img decoding=\"async\" width=\"292\" height=\"338\" src=\"https:\/\/neuronup.com\/fr\/wp-content\/uploads\/2024\/10\/certificat-produit.webp\" alt=\"\" class=\"wp-image-31568\" srcset=\"https:\/\/neuronup.com\/fr\/wp-content\/uploads\/2024\/10\/certificat-produit-259x300.webp 259w, https:\/\/neuronup.com\/fr\/wp-content\/uploads\/2024\/10\/certificat-produit.webp 292w\" sizes=\"(max-width: 292px) 100vw, 292px\" \/><\/figure>\n<\/div>\n\n\n\n<div class=\"wp-block-column is-layout-flow wp-block-column-is-layout-flow\">\n<h2 class=\"wp-block-heading has-white-color has-text-color\"><strong>Abonnez-vous<\/strong> <br>\u00e0 notre <br>Newsletter<\/h2>\n\n\n\n<div class=\"wp-block-buttons is-layout-flex wp-block-buttons-is-layout-flex\">\n<div class=\"wp-block-button--1\" style=\"--button-outline-color:var(--color-white);--button-outline-color-hover:rgba(0,0,0,0.8);\"><a class=\"wp-block-button__link button button-outline   wp-element-button\" href=\"https:\/\/neuronup.com\/fr\/newsletter\/\">Abonnez-vous<\/a><\/div>\n\n<\/div>\n\n\n\n<div style=\"height:40px\" aria-hidden=\"true\" class=\"wp-block-spacer\"><\/div>\n<\/div>\n<\/div>\n<\/div><\/div>\n\n\n\n\n<div style=\"height:50px\" aria-hidden=\"true\" class=\"wp-block-spacer\"><\/div>\n\n<div class=\"mai-grid entries entries-grid has-boxed has-image-full\" style=\"--entry-title-font-size:var(--font-size-lg);--align-text:start;--entry-meta-text-align:start;\"><div class=\"entries-wrap has-columns\" style=\"--columns-xs:1\/1;--columns-sm:1\/1;--columns-md:1\/3;--columns-lg:1\/3;--flex-xs:0 0 var(--flex-basis);--flex-sm:0 0 var(--flex-basis);--flex-md:0 0 var(--flex-basis);--flex-lg:0 0 var(--flex-basis);--column-gap:var(--spacing-lg);--row-gap:var(--spacing-lg);--align-columns:start;\"><article class=\"entry entry-grid is-column has-entry-link has-image has-image-first type-post category-deterioration-cognitive tag-personnes-agees tag-temoignages tag-vieillissement-normal\" style=\"--entry-index:1;\" aria-label=\"Pr\u00e9venir le d\u00e9clin cognitif dans les populations en bonne sant\u00e9\" itemscope itemtype=\"https:\/\/schema.org\/CreativeWork\"><a class=\"entry-image-link\" href=\"https:\/\/neuronup.com\/fr\/actualites-de-la-stimulation-cognitive\/deterioration-cognitive\/prevenir-le-declin-cognitif-dans-les-populations-en-bonne-sante\/\" tabindex=\"-1\" aria-hidden=\"true\"><img decoding=\"async\" width=\"400\" height=\"300\" src=\"https:\/\/neuronup.com\/fr\/wp-content\/uploads\/2024\/11\/Prevenir-le-declin-cognitif-dans-les-populations-en-bonne-sante-400x300.webp\" class=\"entry-image size-landscape-sm\" alt=\"Salle de r\u00e9union avec un animateur devant un \u00e9cran, participants en masques prenant des notes lors d&#039;une pr\u00e9sentation.\" srcset=\"https:\/\/neuronup.com\/fr\/wp-content\/uploads\/2024\/11\/Prevenir-le-declin-cognitif-dans-les-populations-en-bonne-sante-300x225.webp 300w, https:\/\/neuronup.com\/fr\/wp-content\/uploads\/2024\/11\/Prevenir-le-declin-cognitif-dans-les-populations-en-bonne-sante-400x300.webp 400w, https:\/\/neuronup.com\/fr\/wp-content\/uploads\/2024\/11\/Prevenir-le-declin-cognitif-dans-les-populations-en-bonne-sante-768x576.webp 768w, https:\/\/neuronup.com\/fr\/wp-content\/uploads\/2024\/11\/Prevenir-le-declin-cognitif-dans-les-populations-en-bonne-sante-800x600.webp 800w, https:\/\/neuronup.com\/fr\/wp-content\/uploads\/2024\/11\/Prevenir-le-declin-cognitif-dans-les-populations-en-bonne-sante-1024x768.webp 1024w, https:\/\/neuronup.com\/fr\/wp-content\/uploads\/2024\/11\/Prevenir-le-declin-cognitif-dans-les-populations-en-bonne-sante-1200x900.webp 1200w, https:\/\/neuronup.com\/fr\/wp-content\/uploads\/2024\/11\/Prevenir-le-declin-cognitif-dans-les-populations-en-bonne-sante.webp 1205w\" sizes=\"(max-width:599px) 599px, (min-width:600px) and (max-width: 799px) 799px, (min-width:800px) and (max-width: 999px) 333px, (min-width:1000px) 400px\" \/><\/a><div class=\"entry-wrap entry-wrap-grid\"><h3 class=\"entry-title\" itemprop=\"headline\"><a class=\"entry-title-link\" href=\"https:\/\/neuronup.com\/fr\/actualites-de-la-stimulation-cognitive\/deterioration-cognitive\/prevenir-le-declin-cognitif-dans-les-populations-en-bonne-sante\/\" rel=\"bookmark\">Pr\u00e9venir le d\u00e9clin cognitif dans les populations en bonne sant\u00e9<\/a><\/h3>\n<\/div><\/article><article class=\"entry entry-grid is-column has-entry-link has-image has-image-first type-post category-lesions-cerebrales tag-lesion-cerebrale-acquise\" style=\"--entry-index:2;\" aria-label=\"Nouvelle s\u00e9rie pour les enfants ayant une l\u00e9sion c\u00e9r\u00e9brale : POPI &#038; PEPA\" itemscope itemtype=\"https:\/\/schema.org\/CreativeWork\"><a class=\"entry-image-link\" href=\"https:\/\/neuronup.com\/fr\/actualites-de-la-stimulation-cognitive\/lesions-cerebrales\/nouvelle-serie-pour-enfants-atteints-de-lesions-cerebrales-popi-pepa\/\" tabindex=\"-1\" aria-hidden=\"true\"><img decoding=\"async\" width=\"400\" height=\"219\" src=\"https:\/\/neuronup.com\/fr\/wp-content\/uploads\/2021\/11\/serie-infantil-cerebral-1.webp\" class=\"entry-image size-landscape-sm\" alt=\"Sc\u00e8ne d\u2019h\u00f4pital avec deux lits: une infirmi\u00e8re sert un repas \u00e0 une jeune patiente rousse, un gar\u00e7on observe; ambiance calme.\" srcset=\"https:\/\/neuronup.com\/fr\/wp-content\/uploads\/2021\/11\/serie-infantil-cerebral-1-300x164.webp 300w, https:\/\/neuronup.com\/fr\/wp-content\/uploads\/2021\/11\/serie-infantil-cerebral-1-768x420.webp 768w, https:\/\/neuronup.com\/fr\/wp-content\/uploads\/2021\/11\/serie-infantil-cerebral-1-1024x560.webp 1024w, https:\/\/neuronup.com\/fr\/wp-content\/uploads\/2021\/11\/serie-infantil-cerebral-1.webp 1200w\" sizes=\"(max-width:599px) 599px, (min-width:600px) and (max-width: 799px) 799px, (min-width:800px) and (max-width: 999px) 333px, (min-width:1000px) 400px\" \/><\/a><div class=\"entry-wrap entry-wrap-grid\"><h3 class=\"entry-title\" itemprop=\"headline\"><a class=\"entry-title-link\" href=\"https:\/\/neuronup.com\/fr\/actualites-de-la-stimulation-cognitive\/lesions-cerebrales\/nouvelle-serie-pour-enfants-atteints-de-lesions-cerebrales-popi-pepa\/\" rel=\"bookmark\">Nouvelle s\u00e9rie pour les enfants ayant une l\u00e9sion c\u00e9r\u00e9brale : POPI &#038; PEPA<\/a><\/h3>\n<\/div><\/article><article class=\"entry entry-grid is-column has-entry-link has-image has-image-first type-post category-neuronup-academie tag-academie-neuronup tag-neuropsychologie tag-presentation-de-lacademie-neuronup tag-tdah tag-troubles-du-neurodeveloppement\" style=\"--entry-index:3;\" aria-label=\"Neuropsychologie \u00e9ducative \u2013 Intervention psycho\u00e9ducative en neurod\u00e9veloppement\" itemscope itemtype=\"https:\/\/schema.org\/CreativeWork\"><a class=\"entry-image-link\" href=\"https:\/\/neuronup.com\/fr\/formation\/neuronup-academie\/neuropsychologie-educative-intervention-psychoeducative-en-neurodeveloppement\/\" tabindex=\"-1\" aria-hidden=\"true\"><img decoding=\"async\" width=\"300\" height=\"300\" src=\"https:\/\/neuronup.com\/fr\/wp-content\/uploads\/2022\/05\/04_johana-b-argueso-1024x1024-1-1.webp\" class=\"entry-image size-landscape-sm\" alt=\"Fond bleu avec photo noir et blanc d&#039;une femme; Neuropsicolog\u00eda Educativa: Intervenci\u00f3n Psicoeducativa; motif circulaire et logo neuronUP ACADEMY.\" srcset=\"https:\/\/neuronup.com\/fr\/wp-content\/uploads\/2022\/05\/04_johana-b-argueso-1024x1024-1-1-24x24.webp 24w, https:\/\/neuronup.com\/fr\/wp-content\/uploads\/2022\/05\/04_johana-b-argueso-1024x1024-1-1-48x48.webp 48w, https:\/\/neuronup.com\/fr\/wp-content\/uploads\/2022\/05\/04_johana-b-argueso-1024x1024-1-1-96x96.webp 96w, https:\/\/neuronup.com\/fr\/wp-content\/uploads\/2022\/05\/04_johana-b-argueso-1024x1024-1-1-150x150.webp 150w, https:\/\/neuronup.com\/fr\/wp-content\/uploads\/2022\/05\/04_johana-b-argueso-1024x1024-1-1-300x300.webp 300w, https:\/\/neuronup.com\/fr\/wp-content\/uploads\/2022\/05\/04_johana-b-argueso-1024x1024-1-1-768x768.webp 768w, https:\/\/neuronup.com\/fr\/wp-content\/uploads\/2022\/05\/04_johana-b-argueso-1024x1024-1-1-1024x1024.webp 1024w, https:\/\/neuronup.com\/fr\/wp-content\/uploads\/2022\/05\/04_johana-b-argueso-1024x1024-1-1.webp 1200w\" sizes=\"(max-width:599px) 599px, (min-width:600px) and (max-width: 799px) 799px, (min-width:800px) and (max-width: 999px) 333px, (min-width:1000px) 400px\" \/><\/a><div class=\"entry-wrap entry-wrap-grid\"><h3 class=\"entry-title\" itemprop=\"headline\"><a class=\"entry-title-link\" href=\"https:\/\/neuronup.com\/fr\/formation\/neuronup-academie\/neuropsychologie-educative-intervention-psychoeducative-en-neurodeveloppement\/\" rel=\"bookmark\">Neuropsychologie \u00e9ducative \u2013 Intervention psycho\u00e9ducative en neurod\u00e9veloppement<\/a><\/h3>\n<\/div><\/article><article class=\"entry entry-grid is-column has-entry-link has-image has-image-first type-post category-lesions-cerebrales tag-lesion-cerebrale tag-lesion-cerebrale-acquise tag-neuropsychologie\" style=\"--entry-index:4;\" aria-label=\"R\u00e9serve cognitive : De quoi parlons-nous quand nous en parlons ?\" itemscope itemtype=\"https:\/\/schema.org\/CreativeWork\"><a class=\"entry-image-link\" href=\"https:\/\/neuronup.com\/fr\/actualites-de-la-stimulation-cognitive\/lesions-cerebrales\/reserve-cognitive\/\" tabindex=\"-1\" aria-hidden=\"true\"><img decoding=\"async\" width=\"400\" height=\"274\" src=\"https:\/\/neuronup.com\/fr\/wp-content\/uploads\/2024\/09\/Diagnostico-diferencial-de-etiologias-de-demencia-basado-en-IA-sobre-datos-multimodales-NeuronUP.webp\" class=\"entry-image size-landscape-sm\" alt=\"Repr\u00e9sentation d\u2019un cerveau stylis\u00e9 en bleus et violets, entour\u00e9 de r\u00e9seaux neuronaux et de points lumineux.\" srcset=\"https:\/\/neuronup.com\/fr\/wp-content\/uploads\/2024\/09\/Diagnostico-diferencial-de-etiologias-de-demencia-basado-en-IA-sobre-datos-multimodales-NeuronUP-300x205.webp 300w, https:\/\/neuronup.com\/fr\/wp-content\/uploads\/2024\/09\/Diagnostico-diferencial-de-etiologias-de-demencia-basado-en-IA-sobre-datos-multimodales-NeuronUP-768x525.webp 768w, https:\/\/neuronup.com\/fr\/wp-content\/uploads\/2024\/09\/Diagnostico-diferencial-de-etiologias-de-demencia-basado-en-IA-sobre-datos-multimodales-NeuronUP-1024x701.webp 1024w, https:\/\/neuronup.com\/fr\/wp-content\/uploads\/2024\/09\/Diagnostico-diferencial-de-etiologias-de-demencia-basado-en-IA-sobre-datos-multimodales-NeuronUP.webp 1200w\" sizes=\"(max-width:599px) 599px, (min-width:600px) and (max-width: 799px) 799px, (min-width:800px) and (max-width: 999px) 333px, (min-width:1000px) 400px\" \/><\/a><div class=\"entry-wrap entry-wrap-grid\"><h3 class=\"entry-title\" itemprop=\"headline\"><a class=\"entry-title-link\" href=\"https:\/\/neuronup.com\/fr\/actualites-de-la-stimulation-cognitive\/lesions-cerebrales\/reserve-cognitive\/\" rel=\"bookmark\">R\u00e9serve cognitive : De quoi parlons-nous quand nous en parlons ?<\/a><\/h3>\n<\/div><\/article><article class=\"entry entry-grid is-column has-entry-link has-image has-image-first type-post category-alzheimer tag-maladie-dalzheimer tag-maladies-neurodegeneratives tag-personnes-agees tag-vieillissement-normal\" style=\"--entry-index:5;\" aria-label=\"Conception d&#8217;activit\u00e9s significatives pour les patients atteints de d\u00e9mence et le vieillissement en bonne sant\u00e9\" itemscope itemtype=\"https:\/\/schema.org\/CreativeWork\"><a class=\"entry-image-link\" href=\"https:\/\/neuronup.com\/fr\/actualites-de-la-stimulation-cognitive\/maladies-neurodegeneratives\/alzheimer\/conception-dactivites-pour-patients-atteints-de-demence-et-vieillissement-en-bonne-sante\/\" tabindex=\"-1\" aria-hidden=\"true\"><img decoding=\"async\" width=\"400\" height=\"300\" src=\"https:\/\/neuronup.com\/fr\/wp-content\/uploads\/2022\/10\/1202982913070921.Td96AfIJM1Twk8FZADJl_height640-1-1-1-1-1-1-1-1-1-1-1.webp\" class=\"entry-image size-landscape-sm\" alt=\"Trois personnes \u00e2g\u00e9es assises autour d&#039;une table lumineuse, engag\u00e9es dans des activit\u00e9s et jeux color\u00e9s, piano.\" srcset=\"https:\/\/neuronup.com\/fr\/wp-content\/uploads\/2022\/10\/1202982913070921.Td96AfIJM1Twk8FZADJl_height640-1-1-1-1-1-1-1-1-1-1-1-300x225.webp 300w, https:\/\/neuronup.com\/fr\/wp-content\/uploads\/2022\/10\/1202982913070921.Td96AfIJM1Twk8FZADJl_height640-1-1-1-1-1-1-1-1-1-1-1-768x576.webp 768w, https:\/\/neuronup.com\/fr\/wp-content\/uploads\/2022\/10\/1202982913070921.Td96AfIJM1Twk8FZADJl_height640-1-1-1-1-1-1-1-1-1-1-1-1024x768.webp 1024w, https:\/\/neuronup.com\/fr\/wp-content\/uploads\/2022\/10\/1202982913070921.Td96AfIJM1Twk8FZADJl_height640-1-1-1-1-1-1-1-1-1-1-1.webp 1200w\" sizes=\"(max-width:599px) 599px, (min-width:600px) and (max-width: 799px) 799px, (min-width:800px) and (max-width: 999px) 333px, (min-width:1000px) 400px\" \/><\/a><div class=\"entry-wrap entry-wrap-grid\"><h3 class=\"entry-title\" itemprop=\"headline\"><a class=\"entry-title-link\" href=\"https:\/\/neuronup.com\/fr\/actualites-de-la-stimulation-cognitive\/maladies-neurodegeneratives\/alzheimer\/conception-dactivites-pour-patients-atteints-de-demence-et-vieillissement-en-bonne-sante\/\" rel=\"bookmark\">Conception d&#8217;activit\u00e9s significatives pour les patients atteints de d\u00e9mence et le vieillissement en bonne sant\u00e9<\/a><\/h3>\n<\/div><\/article><article class=\"entry entry-grid is-column has-entry-link has-image has-image-first type-post category-sclerose-en-plaques tag-maladies-neurodegeneratives tag-sclerose-en-plaques\" style=\"--entry-index:6;\" aria-label=\"La scl\u00e9rose : qui est concern\u00e9, comment elle est diagnostiqu\u00e9e et quels en sont les sympt\u00f4mes\" itemscope itemtype=\"https:\/\/schema.org\/CreativeWork\"><a class=\"entry-image-link\" href=\"https:\/\/neuronup.com\/fr\/actualites-de-la-stimulation-cognitive\/maladies-neurodegeneratives\/sclerose-en-plaques\/la-sclerose-qui-est-touche-comment-la-diagnostiquer-et-quels-sont-ses-symptomes\/\" tabindex=\"-1\" aria-hidden=\"true\"><img decoding=\"async\" width=\"400\" height=\"271\" src=\"https:\/\/neuronup.com\/fr\/wp-content\/uploads\/2022\/05\/Centro-ADEMBI-en-el-tratamiento-de-la-esclerosis-multiple-1.webp\" class=\"entry-image size-landscape-sm\" alt=\"Traitement de la scl\u00e9rose en plaques\" srcset=\"https:\/\/neuronup.com\/fr\/wp-content\/uploads\/2022\/05\/Centro-ADEMBI-en-el-tratamiento-de-la-esclerosis-multiple-1-300x203.webp 300w, https:\/\/neuronup.com\/fr\/wp-content\/uploads\/2022\/05\/Centro-ADEMBI-en-el-tratamiento-de-la-esclerosis-multiple-1-768x521.webp 768w, https:\/\/neuronup.com\/fr\/wp-content\/uploads\/2022\/05\/Centro-ADEMBI-en-el-tratamiento-de-la-esclerosis-multiple-1-1024x694.webp 1024w, https:\/\/neuronup.com\/fr\/wp-content\/uploads\/2022\/05\/Centro-ADEMBI-en-el-tratamiento-de-la-esclerosis-multiple-1.webp 1204w\" sizes=\"(max-width:599px) 599px, (min-width:600px) and (max-width: 799px) 799px, (min-width:800px) and (max-width: 999px) 333px, (min-width:1000px) 400px\" \/><\/a><div class=\"entry-wrap entry-wrap-grid\"><h3 class=\"entry-title\" itemprop=\"headline\"><a class=\"entry-title-link\" href=\"https:\/\/neuronup.com\/fr\/actualites-de-la-stimulation-cognitive\/maladies-neurodegeneratives\/sclerose-en-plaques\/la-sclerose-qui-est-touche-comment-la-diagnostiquer-et-quels-sont-ses-symptomes\/\" rel=\"bookmark\">La scl\u00e9rose : qui est concern\u00e9, comment elle est diagnostiqu\u00e9e et quels en sont les sympt\u00f4mes<\/a><\/h3>\n<\/div><\/article><\/div><\/div>","protected":false},"excerpt":{"rendered":"<p>Dans cet article, la docteure et chercheuse Aurora Polo Rodr\u00edguez pr\u00e9sente les d\u00e9tails du projet europ\u00e9en PHArA-ON (Pilots for Healthy and Active Ageing), auquel NeuronUP a particip\u00e9. Le vieillissement actif et en bonne sant\u00e9 est une priorit\u00e9 croissante dans notre soci\u00e9t\u00e9. Dans la soci\u00e9t\u00e9 dans laquelle nous vivons, le besoin de disposer d\u2019outils ayant un &hellip;<\/p>\n","protected":false},"author":303,"featured_media":30958,"comment_status":"open","ping_status":"open","sticky":false,"template":"","format":"standard","meta":{"_acf_changed":false,"_genesis_hide_title":false,"_genesis_hide_breadcrumbs":false,"_genesis_hide_singular_image":false,"_genesis_hide_footer_widgets":false,"_genesis_custom_body_class":"","_genesis_custom_post_class":"","_genesis_layout":"","footnotes":""},"categories":[1037],"tags":[997],"class_list":{"2":"type-post","7":"category-projets","8":"tag-actualites-de-neuronup","9":"entry"},"acf":[],"_links":{"self":[{"href":"https:\/\/neuronup.com\/fr\/wp-json\/wp\/v2\/posts\/30955","targetHints":{"allow":["GET"]}}],"collection":[{"href":"https:\/\/neuronup.com\/fr\/wp-json\/wp\/v2\/posts"}],"about":[{"href":"https:\/\/neuronup.com\/fr\/wp-json\/wp\/v2\/types\/post"}],"author":[{"embeddable":true,"href":"https:\/\/neuronup.com\/fr\/wp-json\/wp\/v2\/users\/303"}],"replies":[{"embeddable":true,"href":"https:\/\/neuronup.com\/fr\/wp-json\/wp\/v2\/comments?post=30955"}],"version-history":[{"count":0,"href":"https:\/\/neuronup.com\/fr\/wp-json\/wp\/v2\/posts\/30955\/revisions"}],"wp:featuredmedia":[{"embeddable":true,"href":"https:\/\/neuronup.com\/fr\/wp-json\/wp\/v2\/media\/30958"}],"wp:attachment":[{"href":"https:\/\/neuronup.com\/fr\/wp-json\/wp\/v2\/media?parent=30955"}],"wp:term":[{"taxonomy":"category","embeddable":true,"href":"https:\/\/neuronup.com\/fr\/wp-json\/wp\/v2\/categories?post=30955"},{"taxonomy":"post_tag","embeddable":true,"href":"https:\/\/neuronup.com\/fr\/wp-json\/wp\/v2\/tags?post=30955"}],"curies":[{"name":"wp","href":"https:\/\/api.w.org\/{rel}","templated":true}]}}