{"id":30479,"date":"2025-07-24T09:02:42","date_gmt":"2025-07-24T09:02:42","guid":{"rendered":"https:\/\/neuronup.com\/?p=30479"},"modified":"2025-07-24T09:02:42","modified_gmt":"2025-07-24T09:02:42","slug":"la-fondation-ned-stimule-la-reeducation-neurologique-a-zanzibar-un-programme-global-pour-les-enfants-atteints-dhydrocephalie-et-de-spina-bifida","status":"publish","type":"post","link":"https:\/\/neuronup.com\/fr\/projets\/zanzibar\/la-fondation-ned-stimule-la-reeducation-neurologique-a-zanzibar-un-programme-global-pour-les-enfants-atteints-dhydrocephalie-et-de-spina-bifida\/","title":{"rendered":"La Fondation NED dynamise la neuror\u00e9habilitation \u00e0 Zanzibar : un programme global pour les enfants atteints d\u2019hydroc\u00e9phalie et de spina bifida"},"content":{"rendered":"\n<p><strong>Depuis 2008, la <a href=\"https:\/\/neuronup.com\/fr\/\">Fondation NED<\/a> a fait une diff\u00e9rence dans les soins de sant\u00e9 et la formation \u00e0 Zanzibar, Tanzanie.<\/strong> Par le biais de ses initiatives et projets, la fondation a atteint des \u00e9tapes importantes telles que l&rsquo;inauguration de l&rsquo;Institut NED en 2014, le premier centre d\u00e9di\u00e9 aux soins et \u00e0 la formation neurochirurgicale dans l&rsquo;archipel. Depuis lors, il est devenu un mod\u00e8le de coop\u00e9ration sanitaire de r\u00e9f\u00e9rence en Afrique pour d\u00e9velopper la neurochirurgie dans des syst\u00e8mes de sant\u00e9 \u00e0 ressources limit\u00e9es. Plus de 900 b\u00e9n\u00e9voles ont particip\u00e9 \u00e0 240 missions de coop\u00e9ration, contribuant ainsi \u00e0 am\u00e9liorer les soins m\u00e9dicaux et chirurgicaux de la population.&nbsp;<\/p>\n\n\n\n<p><strong>En 2021, la Fondation NED a franchi une \u00e9tape suppl\u00e9mentaire avec l&rsquo;ouverture de la <a href=\"https:\/\/nedfundacion.org\/que-hacemos\/apoyo-sociosanitario\/house-of-hope\/\">House of Hope<\/a><\/strong>, un centre sociosanitaire qui est n\u00e9 comme une r\u00e9ponse vitale \u00e0 l&rsquo;augmentation notable des prises en charge p\u00e9diatriques d&rsquo;hydroc\u00e9phalie et de spina bifida \u00e0 l&rsquo;Institut NED. Avant l&rsquo;existence de l&rsquo;Institut, la capacit\u00e9 de soins de l&rsquo;h\u00f4pital pour cette population \u00e9tait extr\u00eamement limit\u00e9e. Bien que cette situation ait radicalement chang\u00e9, elle rencontre encore des difficult\u00e9s pour r\u00e9pondre \u00e0 tous les besoins de ces patients au-del\u00e0 des soins m\u00e9dicaux de base. C&rsquo;est pr\u00e9cis\u00e9ment dans ce contexte que la House of Hope \u00e9merge comme un centre sociosanitaire, offrant des soins continus et pluridisciplinaires \u00e0 ces enfants et \u00e0 leurs familles. Elle propose des services d&rsquo;h\u00e9bergement, de subsistance, de transport adapt\u00e9, de s\u00e9ances de physioth\u00e9rapie, et un programme innovant de neuror\u00e9habilitation psychologique appel\u00e9 \u00ab <a href=\"https:\/\/nedfundacion.org\/psiconed-un-nuevo-programa-para-brindar-atencion-a-ninos-con-hidrocefalia-y-espina-bifida\/\">PsicoNED<\/a> \u00bb.<\/p>\n\n\n\n<h2 class=\"wp-block-heading\">PsicoNED : Un programme complet de neuror\u00e9habilitation<\/h2>\n\n\n\n<p><br \/>Le projet est n\u00e9 en 2023 en r\u00e9ponse \u00e0 l&rsquo;imp\u00e9rieuse n\u00e9cessit\u00e9 de prendre en compte les s\u00e9quelles neuropsychologiques associ\u00e9es \u00e0 l&rsquo;hydroc\u00e9phalie et \u00e0 la spina bifida chez les enfants, compte tenu de l&rsquo;absence de services similaires \u00e0 Zanzibar. C&rsquo;est dans ce contexte que nous avons commenc\u00e9 \u00e0 r\u00e9aliser les premi\u00e8res \u00e9valuations neuropsychologiques des enfants pris en charge \u00e0 la House of Hope ou li\u00e9s \u00e0 l&rsquo;Institut NED. Cela a pu \u00eatre r\u00e9alis\u00e9 gr\u00e2ce au projet de recherche financ\u00e9 par l&rsquo;Universidad Internacional de Valencia (VIU) en collaboration avec la Fondation NED, intitul\u00e9 \u00ab\u00a0Dise\u00f1o de un Protocolo de Evaluaci\u00f3n Cognitiva en Pacientes con Hidrocefalia Pedi\u00e1trica Residentes en Zanz\u00edbar\u00a0\u00bb. Ces plus de 100 \u00e9valuations ont permis d&rsquo;obtenir un diagnostic pr\u00e9cis des besoins de chaque enfant et ont jet\u00e9 les bases de la conception d&rsquo;interventions personnalis\u00e9es et efficaces.<\/p>\n\n\n\n<p>Nous avons rapidement constat\u00e9 que de nombreuses familles rencontraient des d\u00e9fis significatifs pour assurer un suivi continu de leurs enfants. Ces difficult\u00e9s, tant logistiques que financi\u00e8res, \u00e9taient aggrav\u00e9es par les besoins de soins physiques des enfants \u00e0 mobilit\u00e9 r\u00e9duite. En outre, nous avons constat\u00e9 que certains parents, en raison de la stigmatisation sociale associ\u00e9e \u00e0 l&rsquo;hydroc\u00e9phalie et \u00e0 la spina bifida, choisissaient d&rsquo;abandonner le foyer, rejetant leurs enfants et laissant les m\u00e8res et les autres enfants dans une situation de vuln\u00e9rabilit\u00e9 extr\u00eame.<\/p>\n\n\n\n<p>En r\u00e9ponse \u00e0 cette situation, nous avons mis en place des solutions pratiques, telles que l&rsquo;acquisition et l&rsquo;adaptation d&rsquo;une fourgonnette, ce qui a grandement facilit\u00e9 les d\u00e9placements vers l&rsquo;h\u00f4pital et la House of Hope, all\u00e9geant ainsi une partie de la charge dont ces familles faisaient face. De m\u00eame, l&rsquo;h\u00e9bergement temporaire offert \u00e0 ces m\u00e8res en situation de vuln\u00e9rabilit\u00e9 \u00e9conomique ou familiale est devenu une partie int\u00e9grante de notre r\u00e9ponse pour r\u00e9pondre \u00e0 ces besoins urgents.&nbsp;<\/p>\n\n\n\n<p>Apr\u00e8s les \u00e9valuations, en collaboration avec la coordinatrice du centre et des b\u00e9n\u00e9voles locaux et espagnols, des interventions sp\u00e9cifiques ont \u00e9t\u00e9 con\u00e7ues et sont d\u00e9j\u00e0 en cours, marquant ainsi une \u00e9tape significative vers une prise en charge int\u00e9grale et efficace.<\/p>\n\n\n\n<h3 class=\"wp-block-heading\">Cette prise en charge int\u00e9grale comprend :<\/h3>\n\n\n\n<h4 class=\"wp-block-heading\">1. \u00c9valuation exhaustive<\/h4>\n\n\n\n<ul class=\"wp-block-list\">\n<li>Chaque enfant participant fait l&rsquo;objet d&rsquo;une \u00e9valuation compl\u00e8te, couvrant les aspects neuropsychologiques, physiques, \u00e9motionnels et sociaux afin de d\u00e9terminer les besoins sp\u00e9cifiques de chaque enfant.<\/li>\n\n\n\n<li>Des outils et des tests standardis\u00e9s adapt\u00e9s sont utilis\u00e9s, ainsi que des entretiens avec les parents et des observations directes, afin d&rsquo;obtenir une compr\u00e9hension compl\u00e8te du profil de chaque enfant et de sa situation.<\/li>\n<\/ul>\n\n\n\n<h4 class=\"wp-block-heading\">2. Interventions personnalis\u00e9es<\/h4>\n\n\n\n<ul class=\"wp-block-list\">\n<li>\u00c0 partir des r\u00e9sultats de l&rsquo;\u00e9valuation, des plans d&rsquo;intervention individualis\u00e9s ax\u00e9s sur les besoins sp\u00e9cifiques de chaque enfant sont \u00e9labor\u00e9s.<\/li>\n\n\n\n<li>Ces plans comprennent des activit\u00e9s de stimulation et de r\u00e9habilitation cognitive adapt\u00e9es aux capacit\u00e9s et aux d\u00e9fis de chaque enfant. Ils sont r\u00e9alis\u00e9s \u00e0 la fois individuellement et en petits groupes, permettant ainsi une prise en charge plus personnalis\u00e9e et efficace.<\/li>\n\n\n\n<li>De plus, la plateforme num\u00e9rique NeuronUP est exploit\u00e9e ; elle offre une large vari\u00e9t\u00e9 de ressources et d&rsquo;outils sp\u00e9cifiquement con\u00e7us pour travailler avec des enfants atteints d&rsquo;hydroc\u00e9phalie et de spina bifida. Cela facilite le suivi individualis\u00e9 de chaque enfant et permet une coordination efficace entre les professionnels impliqu\u00e9s dans sa prise en charge.<\/li>\n<\/ul>\n\n\n\n<div style=\"height:50px\" aria-hidden=\"true\" class=\"wp-block-spacer\"><\/div>\n\n\n\n<aside class=\"wp-block-group br-0101 anims-fadein-up has-primary-background-color has-background has-dark-background has-xs-padding-left has-xs-padding-right has-xxxl-margin-top\"><div class=\"wp-block-group__inner-container is-layout-constrained wp-block-group-is-layout-constrained\">\n<div class=\"wp-block-columns is-layout-flex wp-container-core-columns-is-layout-9d6595d7 wp-block-columns-is-layout-flex\">\n<div class=\"wp-block-column mobile-order-1 desktop-position-relative is-layout-flow wp-block-column-is-layout-flow\" style=\"flex-basis:25%\">\n<figure class=\"wp-block-image size-full desktop-position-absolute desktop-bottom-0 mobile-width-50 mobile-m-inline-auto has--xxxl-margin-top\"><img decoding=\"async\" width=\"885\" height=\"1024\" src=\"https:\/\/neuronup.com\/fr\/wp-content\/uploads\/2024\/10\/formation-sur-les-produits-pour-professionnels.webp\" alt=\"Training on products for professionals\" class=\"wp-image-31564\" srcset=\"https:\/\/neuronup.com\/fr\/wp-content\/uploads\/2024\/10\/formation-sur-les-produits-pour-professionnels-259x300.webp 259w, https:\/\/neuronup.com\/fr\/wp-content\/uploads\/2024\/10\/formation-sur-les-produits-pour-professionnels-768x889.webp 768w, https:\/\/neuronup.com\/fr\/wp-content\/uploads\/2024\/10\/formation-sur-les-produits-pour-professionnels.webp 885w\" sizes=\"(max-width: 885px) 100vw, 885px\" \/><\/figure>\n<\/div>\n\n\n\n<div class=\"wp-block-column is-vertically-aligned-center pt-3 pb-3 mobile-pb-0 is-layout-flow wp-block-column-is-layout-flow\" style=\"flex-basis:55%\">\n<p class=\"has-xl-font-size\"><span style=\"color:white\"><strong>Demandez<\/strong> des informations<\/span><\/p>\n\n\n\n<p class=\"has-white-color has-text-color has-md-font-size\">Apprenez \u00e0 tirer le meilleur parti de notre plateforme et d\u00e9couvrez pourquoi plus de 7 000 professionnels dans le monde l&rsquo;utilisent d\u00e9j\u00e0.<\/p>\n<\/div>\n\n\n\n<div class=\"wp-block-column is-vertically-aligned-center mobile-mb-3 is-layout-flow wp-block-column-is-layout-flow\" style=\"flex-basis:20%\">\n<div class=\"wp-block-buttons is-content-justification-center is-layout-flex wp-container-core-buttons-is-layout-16018d1d wp-block-buttons-is-layout-flex\">\n<div class=\"wp-block-button--1\" style=\"--button-outline-color:var(--color-white);--button-outline-color-hover:rgba(0,0,0,0.8);\"><a class=\"wp-block-button__link button button-outline   wp-element-button\" href=\"https:\/\/neuronup.com\/fr\/demande-informations\/\">Demander<\/a><\/div>\n\n<\/div>\n<\/div>\n<\/div>\n<\/div><\/aside>\n\n\n\n\n<div style=\"height:50px\" aria-hidden=\"true\" class=\"wp-block-spacer\"><\/div>\n\n\n\n<h4 class=\"wp-block-heading\">3. Soutien entre m\u00e8res<\/h4>\n\n\n\n<ul class=\"wp-block-list\">\n<li>Reconnaissant l&rsquo;importance du soutien \u00e9motionnel et de la collaboration entre les familles, des r\u00e9unions de groupe et des entretiens individuels sont organis\u00e9s avec les m\u00e8res.<\/li>\n\n\n\n<li>Ces r\u00e9unions offrent un espace s\u00fbr o\u00f9 les m\u00e8res peuvent partager leurs exp\u00e9riences, pr\u00e9occupations et difficult\u00e9s. Un accompagnement et un soutien \u00e9motionnel sont assur\u00e9s, ainsi que des strat\u00e9gies pour faire face aux d\u00e9fis quotidiens li\u00e9s \u00e0 la prise en charge d&rsquo;un enfant ayant des besoins particuliers.<\/li>\n\n\n\n<li>L&rsquo;objectif est de favoriser l&rsquo;entraide entre les m\u00e8res, renfor\u00e7ant ainsi leur capacit\u00e9 \u00e0 affronter les difficult\u00e9s et promouvant un environnement de soin et de compr\u00e9hension au sein de la communaut\u00e9.<\/li>\n<\/ul>\n\n\n\n<p>Cette approche int\u00e9grale, alliant \u00e9valuation exhaustive, interventions personnalis\u00e9es et soutien entre m\u00e8res, vise \u00e0 fournir une prise en charge holistique et centr\u00e9e sur l&rsquo;enfant, traitant non seulement ses besoins physiques et cognitifs, mais aussi ses aspects \u00e9motionnels et sociaux.<\/p>\n\n\n\n<h3 class=\"wp-block-heading\">Mod\u00e8le NED<\/h3>\n\n\n\n<p>Un pilier essentiel du projet r\u00e9side dans la formation des professionnels locaux, en leur fournissant les outils et les connaissances n\u00e9cessaires pour piloter et d\u00e9velopper ces services. La Fondation NED s&rsquo;engage \u00e0 promouvoir la formation de davantage de professionnels, \u00e9largissant ainsi la port\u00e9e du programme et garantissant son accessibilit\u00e9 au plus grand nombre.<\/p>\n\n\n\n<p>Le Mod\u00e8le NED, con\u00e7u pour guider ce processus, encourage un soutien externe dans les phases initiales du projet, mais avec pour objectif de r\u00e9duire progressivement cette d\u00e9pendance jusqu&rsquo;\u00e0 atteindre la pleine autonomie de l&rsquo;\u00e9quipe locale. Pour y parvenir, la m\u00e9thode ETE est employ\u00e9e : \u00c9quiper, Traiter et \u00c9duquer. La m\u00e9thode ETE implique une strat\u00e9gie globale o\u00f9 l&rsquo;on cherche simultan\u00e9ment \u00e0 \u00e9quiper, traiter et \u00e9duquer dans toutes les interventions r\u00e9alis\u00e9es.<\/p>\n\n\n\n<p>Depuis le programme PsicoNED :<\/p>\n\n\n\n<ul class=\"wp-block-list\">\n<li>Nous nous effor\u00e7ons d&rsquo;\u00e9quiper l&rsquo;\u00e9quipe locale en fournissant les mat\u00e9riels et outils n\u00e9cessaires \u00e0 l&rsquo;\u00e9valuation et \u00e0 l&rsquo;intervention aupr\u00e8s des enfants.&nbsp;<\/li>\n\n\n\n<li>De plus, les b\u00e9n\u00e9voles effectuent des s\u00e9ances intensives d&rsquo;intervention neuropsychologique, offrant une prise en charge directe et sp\u00e9cialis\u00e9e.&nbsp;<\/li>\n\n\n\n<li>Enfin, nous organisons des formations p\u00e9riodiques pour l&rsquo;\u00e9quipe locale de la House of Hope, renfor\u00e7ant leurs comp\u00e9tences et connaissances dans le domaine de la neuropsychologie. Chaque mission de b\u00e9n\u00e9voles inclut des sessions de formation d\u00e9di\u00e9es \u00e0 cette fin, garantissant une prise en charge de qualit\u00e9 dans le pr\u00e9sent et posant les bases d&rsquo;un avenir durable et autonome dans la prestation des services \u00e0 la communaut\u00e9. En outre, des r\u00e9unions hebdomadaires sont consacr\u00e9es \u00e0 la formation et \u00e0 la supervision du travail effectu\u00e9, consolidant encore notre engagement envers la formation de l&rsquo;\u00e9quipe locale.<\/li>\n<\/ul>\n\n\n\n<p>Cette approche garantit non seulement une prise en charge de qualit\u00e9 dans le pr\u00e9sent, mais elle pose \u00e9galement les bases d&rsquo;un avenir durable et autonome dans la prestation des services.<\/p>\n\n\n\n<h3 class=\"wp-block-heading\">Objectifs pour l&rsquo;avenir<\/h3>\n\n\n\n<ol class=\"wp-block-list\">\n<li><strong>Consolider un service de r\u00e9f\u00e9rence :<\/strong> Notre objectif principal est de faire de PsicoNED un service de neuror\u00e9habilitation cognitive de r\u00e9f\u00e9rence dans la r\u00e9gion de Zanzibar. Nous visons non seulement \u00e0 offrir des soins sp\u00e9cialis\u00e9s aux enfants atteints d&rsquo;hydroc\u00e9phalie et de spina bifida, mais aussi \u00e0 nous assurer que ce service soit accessible au plus grand nombre de personnes dans le besoin. De plus, nous pr\u00e9voyons d&rsquo;\u00e9largir les fonctions du programme PsicoNED en promouvant la sensibilisation et l&rsquo;information sur l&rsquo;hydroc\u00e9phalie et la spina bifida. Nous souhaitons lutter contre la stigmatisation entourant ces affections m\u00e9dicales, contribuant ainsi \u00e0 cr\u00e9er une soci\u00e9t\u00e9 plus inclusive et compr\u00e9hensive.<\/li>\n\n\n\n<li><strong>Renforcer les relations avec les familles :<\/strong> Nous reconnaissons l&rsquo;importance de soutenir non seulement les enfants, mais \u00e9galement leurs familles. C&rsquo;est pourquoi nous nous engageons \u00e0 promouvoir la psycho\u00e9ducation et \u00e0 cr\u00e9er des espaces d&rsquo;entraide pour les familles. Nous voulons leur fournir des outils et des ressources pour mieux comprendre les besoins de leurs enfants et faire face aux d\u00e9fis qui se pr\u00e9sentent. De plus, nous nous efforcerons de proposer des activit\u00e9s plus diversifi\u00e9es et collectives qui favorisent la coh\u00e9sion familiale et la cr\u00e9ation de r\u00e9seaux de soutien entre les participants.<\/li>\n\n\n\n<li><strong>\u00c9tendre la port\u00e9e du programme :<\/strong> Nous pr\u00e9voyons d&rsquo;\u00e9tendre la port\u00e9e du programme PsicoNED pour inclure d&rsquo;autres personnes susceptibles de b\u00e9n\u00e9ficier d&rsquo;un tel service. En plus de continuer \u00e0 prendre en charge les enfants atteints d&rsquo;hydroc\u00e9phalie et de spina bifida, nous explorerons la possibilit\u00e9 d&rsquo;\u00e9tendre nos services \u00e0 d&rsquo;autres populations confront\u00e9es \u00e0 des d\u00e9fis similaires.<\/li>\n<\/ol>\n\n\n\n<p>En r\u00e9sum\u00e9, le programme PsicoNED s&rsquo;efforce d&rsquo;offrir une prise en charge compl\u00e8te pour r\u00e9pondre aux besoins des enfants atteints d&rsquo;hydroc\u00e9phalie et de spina bifida, ainsi qu&rsquo;\u00e0 ceux de leurs familles. Dans le but de devenir un service de r\u00e9f\u00e9rence, PsicoNED cherche \u00e0&rsquo;\u00e9largir son champ d&rsquo;action et \u00e0 promouvoir la sensibilisation \u00e0 ces affections m\u00e9dicales. De plus, l&rsquo;engagement de la Fondation NED envers la formation et le d\u00e9veloppement des comp\u00e9tences du personnel local refl\u00e8te sa vision d&rsquo;un avenir durable et autonome pour le programme.<\/p>\n\n\n\n<h4 class=\"wp-block-heading\"><strong>Le projet PsicoNED est un exemple de la mani\u00e8re dont la collaboration, l&rsquo;innovation et l&rsquo;engagement peuvent faire une v\u00e9ritable diff\u00e9rence dans la vie des personnes.<\/strong>&nbsp;<\/h4>\n\n\n\n<h3 class=\"wp-block-heading\">Ne manquez pas <strong>d&rsquo;autres contenus li\u00e9s<\/strong> au projet de Zanzibar&nbsp;:<\/h3>\n\n<div class=\"mai-grid entries entries-grid has-boxed has-image-full\" style=\"--entry-title-font-size:var(--font-size-lg);--align-text:start;--entry-meta-text-align:start;\"><div class=\"entries-wrap has-columns\" style=\"--columns-xs:1\/1;--columns-sm:1\/1;--columns-md:1\/3;--columns-lg:1\/3;--flex-xs:0 0 var(--flex-basis);--flex-sm:0 0 var(--flex-basis);--flex-md:0 0 var(--flex-basis);--flex-lg:0 0 var(--flex-basis);--column-gap:var(--spacing-lg);--row-gap:var(--spacing-lg);--align-columns:start;\"><article class=\"entry entry-grid is-column has-entry-link has-image has-image-first type-post category-actualites-de-la-stimulation-cognitive tag-activites-de-stimulation-cognitive\" style=\"--entry-index:1;\" aria-label=\"Les fiches de stimulation cognitive pour adultes les plus populaires\" itemscope itemtype=\"https:\/\/schema.org\/CreativeWork\"><a class=\"entry-image-link\" href=\"https:\/\/neuronup.com\/fr\/actualites-de-la-stimulation-cognitive\/les-fiches-de-stimulation-cognitive-pour-adultes-les-plus-populaires\/\" tabindex=\"-1\" aria-hidden=\"true\"><img decoding=\"async\" width=\"400\" height=\"269\" src=\"https:\/\/neuronup.com\/fr\/wp-content\/uploads\/2022\/06\/Seleccionar-elementos-de-una-categoria-2.webp\" class=\"entry-image size-landscape-sm\" alt=\"Grille d\u2019objets m\u00e9nagers typiques d\u2019un salon : fauteuil, t\u00e9l\u00e9commande, coussin, tableau, aspirateur, seau, balai et poubelle.\" srcset=\"https:\/\/neuronup.com\/fr\/wp-content\/uploads\/2022\/06\/Seleccionar-elementos-de-una-categoria-2-300x202.webp 300w, https:\/\/neuronup.com\/fr\/wp-content\/uploads\/2022\/06\/Seleccionar-elementos-de-una-categoria-2-768x516.webp 768w, https:\/\/neuronup.com\/fr\/wp-content\/uploads\/2022\/06\/Seleccionar-elementos-de-una-categoria-2.webp 1024w\" sizes=\"(max-width:599px) 599px, (min-width:600px) and (max-width: 799px) 799px, (min-width:800px) and (max-width: 999px) 333px, (min-width:1000px) 400px\" \/><\/a><div class=\"entry-wrap entry-wrap-grid\"><h3 class=\"entry-title\" itemprop=\"headline\"><a class=\"entry-title-link\" href=\"https:\/\/neuronup.com\/fr\/actualites-de-la-stimulation-cognitive\/les-fiches-de-stimulation-cognitive-pour-adultes-les-plus-populaires\/\" rel=\"bookmark\">Les fiches de stimulation cognitive pour adultes les plus populaires<\/a><\/h3>\n<\/div><\/article><article class=\"entry entry-grid is-column has-entry-link has-image has-image-first type-post category-nouveautes-neuronup tag-actualites-de-neuronup\" style=\"--entry-index:2;\" aria-label=\"Effets psychologiques de la DANA et d&rsquo;autres catastrophes sur les personnes atteintes de troubles cognitifs\" itemscope itemtype=\"https:\/\/schema.org\/CreativeWork\"><a class=\"entry-image-link\" href=\"https:\/\/neuronup.com\/fr\/nouveautes-neuronup\/effets-psychologiques-de-la-dana-et-autres-catastrophes-chez-les-personnes-presentant-une-atteinte-cognitive\/\" tabindex=\"-1\" aria-hidden=\"true\"><img decoding=\"async\" width=\"400\" height=\"267\" src=\"https:\/\/neuronup.com\/fr\/wp-content\/uploads\/2024\/11\/Efectos-de-la-DANA-NeuronUP.webp\" class=\"entry-image size-landscape-sm\" alt=\"Personne assise dans une rue inond\u00e9e, cheveux longs et boucl\u00e9s, sac \u00e0 dos; d\u00e9cor sombre, b\u00e2timents et d\u00e9bris flottants.\" srcset=\"https:\/\/neuronup.com\/fr\/wp-content\/uploads\/2024\/11\/Efectos-de-la-DANA-NeuronUP-300x200.webp 300w, https:\/\/neuronup.com\/fr\/wp-content\/uploads\/2024\/11\/Efectos-de-la-DANA-NeuronUP-768x512.webp 768w, https:\/\/neuronup.com\/fr\/wp-content\/uploads\/2024\/11\/Efectos-de-la-DANA-NeuronUP-1024x683.webp 1024w, https:\/\/neuronup.com\/fr\/wp-content\/uploads\/2024\/11\/Efectos-de-la-DANA-NeuronUP.webp 1200w\" sizes=\"(max-width:599px) 599px, (min-width:600px) and (max-width: 799px) 799px, (min-width:800px) and (max-width: 999px) 333px, (min-width:1000px) 400px\" \/><\/a><div class=\"entry-wrap entry-wrap-grid\"><h3 class=\"entry-title\" itemprop=\"headline\"><a class=\"entry-title-link\" href=\"https:\/\/neuronup.com\/fr\/nouveautes-neuronup\/effets-psychologiques-de-la-dana-et-autres-catastrophes-chez-les-personnes-presentant-une-atteinte-cognitive\/\" rel=\"bookmark\">Effets psychologiques de la DANA et d&rsquo;autres catastrophes sur les personnes atteintes de troubles cognitifs<\/a><\/h3>\n<\/div><\/article><article class=\"entry entry-grid is-column has-entry-link has-image has-image-first type-post category-neuropsychologie-et-informations tag-attention tag-stimulation-cognitive\" style=\"--entry-index:3;\" aria-label=\"R\u00e9\u00e9ducation de l&rsquo;attention soutenue\" itemscope itemtype=\"https:\/\/schema.org\/CreativeWork\"><a class=\"entry-image-link\" href=\"https:\/\/neuronup.com\/fr\/neurosciences\/neuropsychologie-et-informations\/reeducation-de-lattention-soutenue\/\" tabindex=\"-1\" aria-hidden=\"true\"><img decoding=\"async\" width=\"400\" height=\"300\" src=\"https:\/\/neuronup.com\/fr\/wp-content\/uploads\/2025\/03\/Quest-ce-que-lattention-400x300.webp\" class=\"entry-image size-landscape-sm\" alt=\"Silhouette de profil avec le haut de la t\u00eate ouvert, \u00e9l\u00e9ments jaunes symbolisant l\u2019attention et les id\u00e9es, fond sombre.\" srcset=\"https:\/\/neuronup.com\/fr\/wp-content\/uploads\/2025\/03\/Quest-ce-que-lattention-400x300.webp 400w, https:\/\/neuronup.com\/fr\/wp-content\/uploads\/2025\/03\/Quest-ce-que-lattention-800x600.webp 800w\" sizes=\"(max-width:599px) 599px, (min-width:600px) and (max-width: 799px) 799px, (min-width:800px) and (max-width: 999px) 333px, (min-width:1000px) 400px\" \/><\/a><div class=\"entry-wrap entry-wrap-grid\"><h3 class=\"entry-title\" itemprop=\"headline\"><a class=\"entry-title-link\" href=\"https:\/\/neuronup.com\/fr\/neurosciences\/neuropsychologie-et-informations\/reeducation-de-lattention-soutenue\/\" rel=\"bookmark\">R\u00e9\u00e9ducation de l&rsquo;attention soutenue<\/a><\/h3>\n<\/div><\/article><article class=\"entry entry-grid is-column has-entry-link has-image has-image-first type-post category-actualites-de-la-stimulation-cognitive tag-alzheimer\" style=\"--entry-index:4;\" aria-label=\"5 Livres \u00e9mouvants pour mieux comprendre la Maladie d&#8217;Alzheimer\" itemscope itemtype=\"https:\/\/schema.org\/CreativeWork\"><a class=\"entry-image-link\" href=\"https:\/\/neuronup.com\/fr\/actualites-de-la-stimulation-cognitive\/5-livres-emouvants-pour-mieux-comprendre-la-maladie-dalzheimer\/\" tabindex=\"-1\" aria-hidden=\"true\"><img decoding=\"async\" width=\"400\" height=\"300\" src=\"https:\/\/neuronup.com\/fr\/wp-content\/uploads\/2024\/11\/5-Livres-emouvants-pour-mieux-comprendre-la-Maladie-dAlzheimer-400x300.webp\" class=\"entry-image size-landscape-sm\" alt=\"\u00c9tal de livres color\u00e9s en d\u00e9sordre dans une foire, couvertures vari\u00e9es et personnes floues en arri\u00e8re-plan, culturelle.\" srcset=\"https:\/\/neuronup.com\/fr\/wp-content\/uploads\/2024\/11\/5-Livres-emouvants-pour-mieux-comprendre-la-Maladie-dAlzheimer-400x300.webp 400w, https:\/\/neuronup.com\/fr\/wp-content\/uploads\/2024\/11\/5-Livres-emouvants-pour-mieux-comprendre-la-Maladie-dAlzheimer-800x600.webp 800w\" sizes=\"(max-width:599px) 599px, (min-width:600px) and (max-width: 799px) 799px, (min-width:800px) and (max-width: 999px) 333px, (min-width:1000px) 400px\" \/><\/a><div class=\"entry-wrap entry-wrap-grid\"><h3 class=\"entry-title\" itemprop=\"headline\"><a class=\"entry-title-link\" href=\"https:\/\/neuronup.com\/fr\/actualites-de-la-stimulation-cognitive\/5-livres-emouvants-pour-mieux-comprendre-la-maladie-dalzheimer\/\" rel=\"bookmark\">5 Livres \u00e9mouvants pour mieux comprendre la Maladie d&#8217;Alzheimer<\/a><\/h3>\n<\/div><\/article><article class=\"entry entry-grid is-column has-entry-link has-image has-image-first type-post category-maladies-neurodegeneratives tag-geriatrie tag-neuronup tag-personnes-agees tag-stimulation-cognitive\" style=\"--entry-index:5;\" aria-label=\"B\u00e9n\u00e9fices de la stimulation cognitive chez les personnes \u00e2g\u00e9es\" itemscope itemtype=\"https:\/\/schema.org\/CreativeWork\"><a class=\"entry-image-link\" href=\"https:\/\/neuronup.com\/fr\/actualites-de-la-stimulation-cognitive\/maladies-neurodegeneratives\/benefices-de-la-stimulation-cognitive-chez-les-personnes-agees\/\" tabindex=\"-1\" aria-hidden=\"true\"><img decoding=\"async\" width=\"400\" height=\"300\" src=\"https:\/\/neuronup.com\/fr\/wp-content\/uploads\/2022\/09\/Benefices-de-la-stimulation-cognitive-chez-les-personnes-agees-400x300.webp\" class=\"entry-image size-landscape-sm\" alt=\"Groupe de personnes \u00e2g\u00e9es autour d&#039;une table, trois femmes souriantes regardant un smartphone partag\u00e9; ambiance conviviale et lumineuse.\" srcset=\"https:\/\/neuronup.com\/fr\/wp-content\/uploads\/2022\/09\/Benefices-de-la-stimulation-cognitive-chez-les-personnes-agees-400x300.webp 400w, https:\/\/neuronup.com\/fr\/wp-content\/uploads\/2022\/09\/Benefices-de-la-stimulation-cognitive-chez-les-personnes-agees-800x600.webp 800w\" sizes=\"(max-width:599px) 599px, (min-width:600px) and (max-width: 799px) 799px, (min-width:800px) and (max-width: 999px) 333px, (min-width:1000px) 400px\" \/><\/a><div class=\"entry-wrap entry-wrap-grid\"><h3 class=\"entry-title\" itemprop=\"headline\"><a class=\"entry-title-link\" href=\"https:\/\/neuronup.com\/fr\/actualites-de-la-stimulation-cognitive\/maladies-neurodegeneratives\/benefices-de-la-stimulation-cognitive-chez-les-personnes-agees\/\" rel=\"bookmark\">B\u00e9n\u00e9fices de la stimulation cognitive chez les personnes \u00e2g\u00e9es<\/a><\/h3>\n<\/div><\/article><article class=\"entry entry-grid is-column has-entry-link has-image has-image-first type-post category-neuropsychologie-et-informations tag-enfants tag-fonctions-executives tag-neuropsychologie tag-troubles-du-neurodeveloppement\" style=\"--entry-index:6;\" aria-label=\"Les fonctions ex\u00e9cutives et leur relation avec le processus de lecture et la r\u00e9ussite acad\u00e9mique\" itemscope itemtype=\"https:\/\/schema.org\/CreativeWork\"><a class=\"entry-image-link\" href=\"https:\/\/neuronup.com\/fr\/neurosciences\/neuropsychologie-et-informations\/les-fonctions-executives-et-leur-relation-avec-le-processus-de-lecture-et-le-rendement-academique\/\" tabindex=\"-1\" aria-hidden=\"true\"><img decoding=\"async\" width=\"400\" height=\"300\" src=\"https:\/\/neuronup.com\/fr\/wp-content\/uploads\/2022\/02\/everyone-knows-right-answear-400x300-1-1.webp\" class=\"entry-image size-landscape-sm\" alt=\"Classe scolaire avec \u00e9l\u00e8ves \u00e0 leurs bureaux et enseignante au tableau; d\u00e9corations color\u00e9es et ambiance d&#039;apprentissage.\" srcset=\"https:\/\/neuronup.com\/fr\/wp-content\/uploads\/2022\/02\/everyone-knows-right-answear-400x300-1-1-300x225.webp 300w, https:\/\/neuronup.com\/fr\/wp-content\/uploads\/2022\/02\/everyone-knows-right-answear-400x300-1-1-768x576.webp 768w, https:\/\/neuronup.com\/fr\/wp-content\/uploads\/2022\/02\/everyone-knows-right-answear-400x300-1-1-1024x768.webp 1024w, https:\/\/neuronup.com\/fr\/wp-content\/uploads\/2022\/02\/everyone-knows-right-answear-400x300-1-1.webp 1200w\" sizes=\"(max-width:599px) 599px, (min-width:600px) and (max-width: 799px) 799px, (min-width:800px) and (max-width: 999px) 333px, (min-width:1000px) 400px\" \/><\/a><div class=\"entry-wrap entry-wrap-grid\"><h3 class=\"entry-title\" itemprop=\"headline\"><a class=\"entry-title-link\" href=\"https:\/\/neuronup.com\/fr\/neurosciences\/neuropsychologie-et-informations\/les-fonctions-executives-et-leur-relation-avec-le-processus-de-lecture-et-le-rendement-academique\/\" rel=\"bookmark\">Les fonctions ex\u00e9cutives et leur relation avec le processus de lecture et la r\u00e9ussite acad\u00e9mique<\/a><\/h3>\n<\/div><\/article><\/div><\/div>","protected":false},"excerpt":{"rendered":"<p>Depuis 2008, la Fondation NED a fait une diff\u00e9rence dans les soins de sant\u00e9 et la formation \u00e0 Zanzibar, Tanzanie. Par le biais de ses initiatives et projets, la fondation a atteint des \u00e9tapes importantes telles que l&rsquo;inauguration de l&rsquo;Institut NED en 2014, le premier centre d\u00e9di\u00e9 aux soins et \u00e0 la formation neurochirurgicale dans &hellip;<\/p>\n","protected":false},"author":341,"featured_media":30480,"comment_status":"open","ping_status":"open","sticky":false,"template":"","format":"standard","meta":{"_acf_changed":false,"_genesis_hide_title":false,"_genesis_hide_breadcrumbs":false,"_genesis_hide_singular_image":false,"_genesis_hide_footer_widgets":false,"_genesis_custom_body_class":"","_genesis_custom_post_class":"","_genesis_layout":"","footnotes":""},"categories":[1038],"tags":[636,1039,632,642,1040],"class_list":{"2":"type-post","7":"category-zanzibar","8":"tag-enfants","9":"tag-projets","10":"tag-reeducation-cognitive","11":"tag-stimulation-cognitive","12":"tag-zanzibar","13":"entry"},"acf":[],"_links":{"self":[{"href":"https:\/\/neuronup.com\/fr\/wp-json\/wp\/v2\/posts\/30479","targetHints":{"allow":["GET"]}}],"collection":[{"href":"https:\/\/neuronup.com\/fr\/wp-json\/wp\/v2\/posts"}],"about":[{"href":"https:\/\/neuronup.com\/fr\/wp-json\/wp\/v2\/types\/post"}],"author":[{"embeddable":true,"href":"https:\/\/neuronup.com\/fr\/wp-json\/wp\/v2\/users\/341"}],"replies":[{"embeddable":true,"href":"https:\/\/neuronup.com\/fr\/wp-json\/wp\/v2\/comments?post=30479"}],"version-history":[{"count":0,"href":"https:\/\/neuronup.com\/fr\/wp-json\/wp\/v2\/posts\/30479\/revisions"}],"wp:featuredmedia":[{"embeddable":true,"href":"https:\/\/neuronup.com\/fr\/wp-json\/wp\/v2\/media\/30480"}],"wp:attachment":[{"href":"https:\/\/neuronup.com\/fr\/wp-json\/wp\/v2\/media?parent=30479"}],"wp:term":[{"taxonomy":"category","embeddable":true,"href":"https:\/\/neuronup.com\/fr\/wp-json\/wp\/v2\/categories?post=30479"},{"taxonomy":"post_tag","embeddable":true,"href":"https:\/\/neuronup.com\/fr\/wp-json\/wp\/v2\/tags?post=30479"}],"curies":[{"name":"wp","href":"https:\/\/api.w.org\/{rel}","templated":true}]}}