{"id":29558,"date":"2025-07-23T09:02:42","date_gmt":"2025-07-23T09:02:42","guid":{"rendered":"https:\/\/neuronup.com\/?p=29558"},"modified":"2025-07-23T09:02:42","modified_gmt":"2025-07-23T09:02:42","slug":"quest-ce-que-la-demence-frontotemporale-et-comment-elle-affecte","status":"publish","type":"post","link":"https:\/\/neuronup.com\/fr\/actualites-de-la-stimulation-cognitive\/maladies-neurodegeneratives\/quest-ce-que-la-demence-frontotemporale-et-comment-elle-affecte\/","title":{"rendered":"Qu&rsquo;est-ce que la d\u00e9mence frontotemporale et comment affecte-t-elle ?"},"content":{"rendered":"\n<p class=\"has-xl-font-size\">Manuel Cassinello Marco, psychiatre sp\u00e9cialiste en neuropsychiatrie et psychologue, nous explique dans cet article comment la <strong>d\u00e9mence frontotemporale<\/strong> affecte.<\/p>\n\n\n\n<p>Quand nous pensons \u00e0 la d\u00e9mence, la maladie d\u2019Alzheimer nous vient le plus souvent \u00e0 l\u2019esprit, mais il existe en r\u00e9alit\u00e9 de nombreux autres types de tableaux neurod\u00e9g\u00e9n\u00e9ratifs. Ils ont en commun une atrophie progressive de diff\u00e9rentes r\u00e9gions du cerveau. Parmi eux figure la d\u00e9mence frontotemporale. Il est important de reconna\u00eetre les sympt\u00f4mes pour pouvoir consulter des professionnels qui pourront commencer un traitement de r\u00e9habilitation au plus t\u00f4t.<\/p>\n\n\n\n<h2 class=\"wp-block-heading\">D\u00e9g\u00e9n\u00e9rescence et d\u00e9mence frontotemporale<\/h2>\n\n\n\n<p>La <strong><a href=\"https:\/\/neuronup.com\/neurociencia\/cerebro-neurociencia\/demencia-frontotemporal-que-es-tipos-sintomas-causas-diagnostico-y-tratamiento\/\">d\u00e9mence frontotemporale<\/a> ou maladie de Pick<\/strong> d\u00e9signe un syndrome clinique dont la pr\u00e9sentation principale <strong>consiste en une alt\u00e9ration de la personnalit\u00e9 associ\u00e9e \u00e0 des troubles du comportement, des troubles du langage et une d\u00e9t\u00e9rioration cognitive<\/strong>. Cependant, il est important de la distinguer de la d\u00e9g\u00e9n\u00e9rescence frontotemporale. Cette derni\u00e8re se r\u00e9f\u00e8re uniquement \u00e0 l\u2019existence d\u2019une atrophie limit\u00e9e aux lobes pr\u00e9frontaux et temporaux ant\u00e9rieurs. Autrement dit, il peut y avoir une atrophie sans qu\u2019une clinique de d\u00e9mence soit associ\u00e9e.<\/p>\n\n\n\n<p>La d\u00e9mence frontotemporale, \u00e9galement appel\u00e9e maladie de Pick, <strong>doit son nom \u00e0 son d\u00e9couvreur, Arnold Pick<\/strong>, et fait r\u00e9f\u00e9rence aux fameux corps de Pick, qui sont <strong>des groupes de neurones endommag\u00e9s<\/strong> dus au d\u00e9p\u00f4t et \u00e0 l\u2019impossibilit\u00e9 d\u2019\u00e9limination de la prot\u00e9ine tau, et s\u2019accompagne d\u2019un ph\u00e9nom\u00e8ne appel\u00e9 gliosis, qui laisse une l\u00e9sion similaire \u00e0 une cicatrice.<\/p>\n\n\n\n<h2 class=\"wp-block-heading\">Sympt\u00f4mes de la d\u00e9mence frontotemporale<\/h2>\n\n\n\n<p>Lorsqu\u2019on \u00e9voque la d\u00e9mence frontotemporale, il est important de pr\u00e9ciser que nous ne parlons pas d\u2019un seul tableau clinique, mais de diff\u00e9rentes entit\u00e9s qui partagent des l\u00e9sions communes dont la manifestation clinique peut varier. C\u2019est pourquoi, dans cette section, nous devons distinguer entre les trois variantes cliniques principales : la d\u00e9mence frontotemporale \u00e0 variante comportementale, l\u2019aphasie progressive non fluente et la d\u00e9mence s\u00e9mantique.<\/p>\n\n\n\n<ul class=\"wp-block-list\">\n<li><strong>Variante comportementale<\/strong> : Il s\u2019agit de la variante la plus fr\u00e9quente et les sympt\u00f4mes habituels sont :\n<ul>\n<li>troubles du comportement,<\/li>\n<li>changements de personnalit\u00e9,<\/li>\n<li>apathie <em>(il convient de rester vigilant car cette pr\u00e9sentation est souvent confondue avec un tableau d\u00e9pressif)<\/em>,<\/li>\n<li>d\u00e9sinhibition,<\/li>\n<li>comportements inappropri\u00e9s,<\/li>\n<li>d\u00e9ficit de jugement,<\/li>\n<li>troubles alimentaires tels que l\u2019ingestion de substances non nutritives <em>(par exemple, aliments avari\u00e9s)<\/em>,<\/li>\n<li>abandon de l\u2019hygi\u00e8ne et des soins personnels,<\/li>\n<li>rigidit\u00e9 comportementale,<\/li>\n<li>irritabilit\u00e9.<\/li>\n<\/ul>\n<\/li>\n<li><strong>Aphasie progressive non fluente<\/strong> : Parmi ses sympt\u00f4mes, on retrouve :\n<ul>\n<li>l\u2019anomie ou la difficult\u00e9 \u00e0 trouver les mots ou \u00e0 nommer les objets <em>(c\u2019est le sympt\u00f4me principal)<\/em>,<\/li>\n<li>emploi inappropri\u00e9 des temps verbaux,<\/li>\n<li>alt\u00e9ration de l\u2019ordre des mots,<\/li>\n<li>erreurs grammaticales plus \u00e9tendues,<\/li>\n<li>mutisme <em>(c\u2019est le sympt\u00f4me final dans l\u2019\u00e9volution de cette variante)<\/em>.<\/li>\n<\/ul>\n<\/li>\n<li><strong>D\u00e9mence s\u00e9mantique<\/strong> : Dans cette forme, il est courant que la personne pr\u00e9sente :\n<ul>\n<li>des difficult\u00e9s \u00e0 comprendre ce qu\u2019elle lit comme ce qu\u2019elle entend,<\/li>\n<li>des difficult\u00e9s \u00e0 nommer ou m\u00eame \u00e0 d\u00e9crire les objets,<\/li>\n<li>une meilleure conservation de la m\u00e9moire autobiographique et des \u00e9v\u00e9nements, si bien que, malgr\u00e9 une compr\u00e9hension limit\u00e9e, elle semble capable de tenir une conversation normale. Cependant, si on l\u2019analyse, cette conversation est \u00ab vide \u00bb d\u2019informations.<\/li>\n<\/ul>\n<\/li>\n<\/ul>\n\n\n\n<h2 class=\"wp-block-heading\">Phases de la d\u00e9mence frontotemporale<\/h2>\n\n\n\n<p>Bien que l\u2019\u00e9volution de toutes les variantes soit progressive, avec des aggravations occasionnelles dues \u00e0 des complications telles que des infections, on peut toutefois distinguer, \u00e0 titre pratique, deux phases :<\/p>\n\n\n\n<ul class=\"wp-block-list\">\n<li><strong>Phase 1 ou phase pr\u00e9symptomatique<\/strong> : Au cours de cette phase, on ne retrouve pas les sympt\u00f4mes habituels des diff\u00e9rentes formes de pr\u00e9sentation. Cependant, on peut observer certains sympt\u00f4mes tels que <strong>l\u2019apathie<\/strong>, <strong>le d\u00e9sint\u00e9r\u00eat<\/strong> ou <strong>les troubles de l\u2019attention<\/strong>. \u00c0 ce stade, m\u00eame si la famille commence \u00e0 remarquer des situations inhabituelles, elle peut ne pas y accorder trop d\u2019importance en l\u2019absence d\u2019ant\u00e9c\u00e9dents familiaux.<\/li>\n<li><strong>Phase 2 ou phase symptomatique<\/strong> : Au cours de cette phase, les sympt\u00f4mes les plus habituels de chaque variante commencent \u00e0 se manifester. L\u2019\u00e9volution annuelle, ainsi que le nombre et l\u2019intensit\u00e9 des sympt\u00f4mes, varie fortement d\u2019une personne \u00e0 l\u2019autre et d\u00e9pend, entre autres facteurs, de la survenue de complications telles que des hospitalisations, des infections urinaires, des d\u00e9compensations d\u2019autres maladies, des changements de domicile, etc. Il est courant que, dans cette phase, on observe une <strong>d\u00e9pendance<\/strong> de plus en plus marqu\u00e9e vis-\u00e0-vis des <strong>aidants et de la famille<\/strong>.<\/li>\n<\/ul>\n\n\n\n<div style=\"height:50px\" aria-hidden=\"true\" class=\"wp-block-spacer\"><\/div>\n\n\n\n<div class=\"wp-block-group br-0111 has-primary-background-color has-background has-dark-background has-sm-padding-top has-sm-padding-left has-sm-padding-right has-xxl-margin-top\"><div class=\"wp-block-group__inner-container is-layout-constrained wp-block-group-is-layout-constrained\">\n<div class=\"wp-block-columns is-layout-flex wp-container-core-columns-is-layout-9d6595d7 wp-block-columns-is-layout-flex\">\n<div class=\"wp-block-column is-layout-flow wp-block-column-is-layout-flow\">\n<figure class=\"wp-block-image size-full desktop-position-absolute desktop-bottom-0 mobile-width-50 mobile-m-inline-auto has-xl-margin-top\"><img decoding=\"async\" width=\"292\" height=\"338\" src=\"https:\/\/neuronup.com\/fr\/wp-content\/uploads\/2024\/10\/certificat-produit.webp\" alt=\"\" class=\"wp-image-31568\" srcset=\"https:\/\/neuronup.com\/fr\/wp-content\/uploads\/2024\/10\/certificat-produit-259x300.webp 259w, https:\/\/neuronup.com\/fr\/wp-content\/uploads\/2024\/10\/certificat-produit.webp 292w\" sizes=\"(max-width: 292px) 100vw, 292px\" \/><\/figure>\n<\/div>\n\n\n\n<div class=\"wp-block-column is-layout-flow wp-block-column-is-layout-flow\">\n<h2 class=\"wp-block-heading has-white-color has-text-color\"><strong>Abonnez-vous<\/strong> <br>\u00e0 notre <br>Newsletter<\/h2>\n\n\n\n<div class=\"wp-block-buttons is-layout-flex wp-block-buttons-is-layout-flex\">\n<div class=\"wp-block-button--1\" style=\"--button-outline-color:var(--color-white);--button-outline-color-hover:rgba(0,0,0,0.8);\"><a class=\"wp-block-button__link button button-outline   wp-element-button\" href=\"https:\/\/neuronup.com\/fr\/newsletter\/\">Abonnez-vous<\/a><\/div>\n\n<\/div>\n\n\n\n<div style=\"height:40px\" aria-hidden=\"true\" class=\"wp-block-spacer\"><\/div>\n<\/div>\n<\/div>\n<\/div><\/div>\n\n\n\n\n<div style=\"height:50px\" aria-hidden=\"true\" class=\"wp-block-spacer\"><\/div>\n\n\n\n<h2 class=\"wp-block-heading\">Causes de la d\u00e9mence frontotemporale<\/h2>\n\n\n\n<p>Comme nous l\u2019avons d\u00e9j\u00e0 expos\u00e9, lorsque l\u2019on parle de d\u00e9mence, on pense g\u00e9n\u00e9ralement \u00e0 la maladie d\u2019<a href=\"https:\/\/neuronup.com\/fr\/la-neuro-reeducation\/les-maladies-neurodegeneratives\/maladie-dalzheimer\/\">Alzheimer<\/a>. Cependant, <strong>la d\u00e9mence frontotemporale repr\u00e9sente environ 5 \u00e0 10 % de l\u2019ensemble des d\u00e9mences<\/strong>, ce pourcentage augmentant \u00e0 un peu plus de 20 % lorsque le tableau d\u00e9bute avant 65 ans. Comme pour la maladie d\u2019Alzheimer, son cours est chronique et progressif.<\/p>\n\n\n\n<p>La d\u00e9mence frontotemporale <strong>pr\u00e9sente une forte composante g\u00e9n\u00e9tique<\/strong>, car <strong>dans jusqu\u2019\u00e0 50 % des cas, on retrouve des ant\u00e9c\u00e9dents familiaux de d\u00e9mence frontotemporale, de troubles psychiatriques ou de SLA (scl\u00e9rose lat\u00e9rale amyotrophique)<\/strong>. Elle touche les deux sexes \u00e0 parts \u00e9gales et a \u00e9t\u00e9 associ\u00e9e \u00e0 plusieurs g\u00e8nes : PGRN (g\u00e8ne de la progranuline) et MAPT (prot\u00e9ine tau associ\u00e9e aux microtubules), tous deux localis\u00e9s sur le chromosome 17q21. Cela signifie que la d\u00e9mence frontotemporale est h\u00e9r\u00e9ditaire dans un pourcentage \u00e9lev\u00e9 de cas.<\/p>\n\n\n\n<h2 class=\"wp-block-heading\">Diagnostic de la d\u00e9mence frontotemporale<\/h2>\n\n\n\n<p>Comme pour les autres d\u00e9mences, <strong>le diagnostic est clinique et n\u00e9cessite la r\u00e9alisation de plusieurs examens<\/strong> tels que :<\/p>\n\n\n\n<ul class=\"wp-block-list\">\n<li><strong>Analyses sanguines<\/strong> incluant la vitamine B12, l\u2019acide folique, les hormones thyro\u00efdiennes et, de mani\u00e8re g\u00e9n\u00e9rale, tous les param\u00e8tres permettant de distinguer cette d\u00e9mence d\u2019une cause r\u00e9versible.<\/li>\n<li><strong>Analyse du liquide c\u00e9phalo-rachidien<\/strong> o\u00f9 l\u2019on mesurera les niveaux de prot\u00e9ine tau afin de diff\u00e9rencier cette d\u00e9mence d\u2019une d\u00e9mence de type Alzheimer.<\/li>\n<li><strong>\u00c9tudes de neuroimagerie<\/strong> telles qu\u2019une IRM c\u00e9r\u00e9brale \u00e0 la fois anatomique et fonctionnelle, o\u00f9 l\u2019on observera une atrophie des deux lobes frontaux et une activit\u00e9 r\u00e9duite dans ceux-ci. Parfois, on peut \u00e9galement observer une atrophie des lobes temporaux. Il faut savoir que, n\u2019\u00e9tant pas un tableau homog\u00e8ne, puisqu\u2019il existe trois formes diff\u00e9rentes, il est normal que les r\u00e9sultats en neuroimagerie varient d\u2019une personne \u00e0 l\u2019autre, ainsi que d\u2019une pr\u00e9sentation clinique \u00e0 une autre.<\/li>\n<\/ul>\n\n\n\n<h2 class=\"wp-block-heading\">Traitement de la d\u00e9mence frontotemporale<\/h2>\n\n\n\n<p>Malheureusement, <strong>\u00e0 ce jour, il n\u2019existe pas de traitement curatif de la d\u00e9mence frontotemporale, le traitement est uniquement symptomatique.<\/strong> Dans ce sens, les traitements dont nous disposons sont :<\/p>\n\n\n\n<ul class=\"wp-block-list\">\n<li><strong>Antid\u00e9presseurs<\/strong> : De pr\u00e9f\u00e9rence ceux dits de premi\u00e8re ligne ou s\u00e9rotoninergiques, car dans la zone atteinte par l\u2019atrophie, le d\u00e9ficit en s\u00e9rotonine est plus important et peut b\u00e9n\u00e9ficier de ces traitements.<\/li>\n<li><strong>Trazodone<\/strong> : Antid\u00e9presseur atypique utilis\u00e9 pour la prise en charge des troubles du comportement et bien tol\u00e9r\u00e9.<\/li>\n<li><strong>Antipsychotiques<\/strong> : \u00c0 faibles doses, ils aident \u00e0 am\u00e9liorer l\u2019irritabilit\u00e9, les troubles du comportement, les \u00e9ventuels sympt\u00f4mes psychotiques et l\u2019insomnie.<\/li>\n<li>En ce qui concerne les inhibiteurs de l\u2019ac\u00e9tylcholinest\u00e9rase ou la m\u00e9mantine, habituellement utilis\u00e9s dans la maladie d\u2019Alzheimer, il n\u2019existe pas de preuve claire recommandant leur emploi chez les patients atteints de d\u00e9mence frontotemporale.<\/li>\n<li><strong>R\u00e9\u00e9ducation cognitive<\/strong> : \u00c0 ce jour, de nombreux programmes de r\u00e9\u00e9ducation cognitive existent, qui, bien qu\u2019ils ne modifient pas le cours de la maladie, permettent <strong>d\u2019am\u00e9liorer consid\u00e9rablement la qualit\u00e9 de vie<\/strong> de ces patients en offrant un entra\u00eenement guid\u00e9 par des professionnels des d\u00e9ficits observ\u00e9s.<\/li>\n<\/ul>\n\n\n\n<div style=\"height:50px\" aria-hidden=\"true\" class=\"wp-block-spacer\"><\/div>\n\n\n\n<div class=\"wp-block-group br-0111 has-primary-background-color has-background has-dark-background has-sm-padding-top has-sm-padding-left has-sm-padding-right has-xxl-margin-top\"><div class=\"wp-block-group__inner-container is-layout-constrained wp-block-group-is-layout-constrained\">\n<div class=\"wp-block-columns is-layout-flex wp-container-core-columns-is-layout-9d6595d7 wp-block-columns-is-layout-flex\">\n<div class=\"wp-block-column is-layout-flow wp-block-column-is-layout-flow\">\n<figure class=\"wp-block-image size-full desktop-position-absolute desktop-bottom-0 mobile-width-50 mobile-m-inline-auto has-xl-margin-top\"><img decoding=\"async\" width=\"292\" height=\"338\" src=\"https:\/\/neuronup.com\/fr\/wp-content\/uploads\/2024\/10\/certificat-produit.webp\" alt=\"\" class=\"wp-image-31568\" srcset=\"https:\/\/neuronup.com\/fr\/wp-content\/uploads\/2024\/10\/certificat-produit-259x300.webp 259w, https:\/\/neuronup.com\/fr\/wp-content\/uploads\/2024\/10\/certificat-produit.webp 292w\" sizes=\"(max-width: 292px) 100vw, 292px\" \/><\/figure>\n<\/div>\n\n\n\n<div class=\"wp-block-column is-layout-flow wp-block-column-is-layout-flow\">\n<h2 class=\"wp-block-heading has-white-color has-text-color\"><strong>Abonnez-vous<\/strong> <br>\u00e0 notre <br>Newsletter<\/h2>\n\n\n\n<div class=\"wp-block-buttons is-layout-flex wp-block-buttons-is-layout-flex\">\n<div class=\"wp-block-button--2\" style=\"--button-outline-color:var(--color-white);--button-outline-color-hover:rgba(0,0,0,0.8);\"><a class=\"wp-block-button__link button button-outline   wp-element-button\" href=\"https:\/\/neuronup.com\/fr\/newsletter\/\">Abonnez-vous<\/a><\/div>\n\n<\/div>\n\n\n\n<div style=\"height:40px\" aria-hidden=\"true\" class=\"wp-block-spacer\"><\/div>\n<\/div>\n<\/div>\n<\/div><\/div>\n\n\n\n\n<div style=\"height:50px\" aria-hidden=\"true\" class=\"wp-block-spacer\"><\/div>\n\n\n\n<p>En ce qui concerne <strong>l\u2019esp\u00e9rance de vie<\/strong>, la fourchette d\u2019ann\u00e9es est tr\u00e8s large. Toutefois, en g\u00e9n\u00e9ral, <strong>elle se situe entre deux et dix ans apr\u00e8s le diagnostic<\/strong>.<\/p>\n\n\n\n<p>C\u2019est pourquoi il est essentiel de mettre en place une approche multidisciplinaire impliquant neurologues, ergoth\u00e9rapeutes, orthophonistes, neuropsychiatres et neuropsychologues. La combinaison de tous ces professionnels a pour objectif de r\u00e9aliser un traitement appropri\u00e9, tant pharmacologique que de r\u00e9\u00e9ducation, afin d\u2019am\u00e9liorer la qualit\u00e9 de vie non seulement du patient, mais aussi de ses aidants.<\/p>\n\n\n\n<h2 class=\"wp-block-heading\">Bibliographie<\/h2>\n\n\n\n<ul class=\"wp-block-list\">\n<li class=\"has-sm-font-size\">Trait\u00e9 de neuropsychog\u00e9riatrie.<\/li>\n<li class=\"has-sm-font-size\">Neuropsychologie de Javier Tirapu Ust\u00e1rroz, Marcos R\u00edos Lago et Fernando Maest\u00fa Unturbe.<\/li>\n<li class=\"has-sm-font-size\">Introduction \u00e0 la psychopathologie et \u00e0 la psychiatrie de J. Vallejo.<\/li>\n<li class=\"has-sm-font-size\">Maladie d\u2019Alzheimer et autres d\u00e9mences de R. Alberca et S. L\u00f3pez-Pouda.<\/li>\n<li class=\"has-sm-font-size\">Psychiatrie g\u00e9riatrique d\u2019Ag\u00fcera, Mart\u00edn et S\u00e1nchez.<\/li>\n<\/ul>\n\n\n\n<h3 class=\"wp-block-heading\">Si vous avez aim\u00e9 cet article sur la <strong>d\u00e9mence frontotemporale<\/strong>, ces articles de NeuronUP pourraient s\u00fbrement vous int\u00e9resser :<\/h3>\n\n\n\n<div class=\"mai-grid entries entries-grid has-boxed has-image-full\" style=\"--entry-title-font-size:var(--font-size-lg);--align-text:start;--entry-meta-text-align:start;\"><div class=\"entries-wrap has-columns\" style=\"--columns-xs:1\/1;--columns-sm:1\/1;--columns-md:1\/3;--columns-lg:1\/3;--flex-xs:0 0 var(--flex-basis);--flex-sm:0 0 var(--flex-basis);--flex-md:0 0 var(--flex-basis);--flex-lg:0 0 var(--flex-basis);--column-gap:var(--spacing-lg);--row-gap:var(--spacing-lg);--align-columns:start;\"><article class=\"entry entry-grid is-column has-entry-link has-image has-image-first type-post category-cerveau tag-cerveau tag-controle-emotionnel tag-musique\" style=\"--entry-index:1;\" aria-label=\"Les synesth\u00e9sies : qu&#8217;est ce que c&#8217;est ? Processus et explications.\" itemscope itemtype=\"https:\/\/schema.org\/CreativeWork\"><a class=\"entry-image-link\" href=\"https:\/\/neuronup.com\/fr\/neurosciences\/cerveau\/les-synesthesies-quest-ce-que-cest-processus-et-explications\/\" tabindex=\"-1\" aria-hidden=\"true\"><img decoding=\"async\" width=\"400\" height=\"300\" src=\"https:\/\/neuronup.com\/fr\/wp-content\/uploads\/2024\/11\/Les-synesthesies-400x300.webp\" class=\"entry-image size-landscape-sm\" alt=\"D\u00e9grad\u00e9 de couleurs vives avec un pinceau flottant au centre et un encadr\u00e9 blanc affichant le titre LES SYNESTH\u00c9SIES : QU&#039;EST-CE QUE C&#039;EST ?\" srcset=\"https:\/\/neuronup.com\/fr\/wp-content\/uploads\/2024\/11\/Les-synesthesies-400x300.webp 400w, https:\/\/neuronup.com\/fr\/wp-content\/uploads\/2024\/11\/Les-synesthesies-800x600.webp 800w\" sizes=\"(max-width:599px) 599px, (min-width:600px) and (max-width: 799px) 799px, (min-width:800px) and (max-width: 999px) 333px, (min-width:1000px) 400px\" \/><\/a><div class=\"entry-wrap entry-wrap-grid\"><h3 class=\"entry-title\" itemprop=\"headline\"><a class=\"entry-title-link\" href=\"https:\/\/neuronup.com\/fr\/neurosciences\/cerveau\/les-synesthesies-quest-ce-que-cest-processus-et-explications\/\" rel=\"bookmark\">Les synesth\u00e9sies : qu&#8217;est ce que c&#8217;est ? Processus et explications.<\/a><\/h3>\n<\/div><\/article><article class=\"entry entry-grid is-column has-entry-link has-image has-image-first type-post category-activites-dattention tag-activites-de-stimulation-cognitive tag-actualites-de-neuronup tag-attention\" style=\"--entry-index:2;\" aria-label=\"Fiche pour travailler l&#8217;attention soutenue chez les enfants: Le num\u00e9ro manquant\" itemscope itemtype=\"https:\/\/schema.org\/CreativeWork\"><a class=\"entry-image-link\" href=\"https:\/\/neuronup.com\/fr\/activites-de-neuro-reeducation\/activites-pour-les-fonctions-cognitives\/activites-dattention\/fiche-pour-travailler-lattention-soutenue-chez-les-enfants-le-numero-manquant\/\" tabindex=\"-1\" aria-hidden=\"true\"><img decoding=\"async\" width=\"400\" height=\"300\" src=\"https:\/\/neuronup.com\/fr\/wp-content\/uploads\/2024\/11\/le-numero-manquant-400x300.webp\" class=\"entry-image size-landscape-sm\" alt=\"Tableau de chiffres montrant 5 3 6 en haut et 2 3 4 en bas; interface \u00e0 droite avec 1\u20139 dans des cercles color\u00e9s pour r\u00e9soudre une s\u00e9quence; zone &#039;Num\u00e9ros manquants&#039;.\" srcset=\"https:\/\/neuronup.com\/fr\/wp-content\/uploads\/2024\/11\/le-numero-manquant-400x300.webp 400w, https:\/\/neuronup.com\/fr\/wp-content\/uploads\/2024\/11\/le-numero-manquant-800x600.webp 800w\" sizes=\"(max-width:599px) 599px, (min-width:600px) and (max-width: 799px) 799px, (min-width:800px) and (max-width: 999px) 333px, (min-width:1000px) 400px\" \/><\/a><div class=\"entry-wrap entry-wrap-grid\"><h3 class=\"entry-title\" itemprop=\"headline\"><a class=\"entry-title-link\" href=\"https:\/\/neuronup.com\/fr\/activites-de-neuro-reeducation\/activites-pour-les-fonctions-cognitives\/activites-dattention\/fiche-pour-travailler-lattention-soutenue-chez-les-enfants-le-numero-manquant\/\" rel=\"bookmark\">Fiche pour travailler l&#8217;attention soutenue chez les enfants: Le num\u00e9ro manquant<\/a><\/h3>\n<\/div><\/article><article class=\"entry entry-grid is-column has-entry-link has-image has-image-first type-post category-communiques tag-neuronup tag-trophee\" style=\"--entry-index:3;\" aria-label=\"NeuronUP participera au salon Medintechs les 8 et 9 mars\" itemscope itemtype=\"https:\/\/schema.org\/CreativeWork\"><a class=\"entry-image-link\" href=\"https:\/\/neuronup.com\/fr\/nouveautes-neuronup\/communiques\/neuronup-participera-au-salon-medintechs-les-8-et-9-mars\/\" tabindex=\"-1\" aria-hidden=\"true\"><img decoding=\"async\" width=\"400\" height=\"300\" src=\"https:\/\/neuronup.com\/fr\/wp-content\/uploads\/2024\/11\/FR-medintechs-400x300.webp\" class=\"entry-image size-landscape-sm\" alt=\"Affiche du salon Medintechs pr\u00e9sentant NeuronUP, dates 8-9 mars 2022 au Parc Floral de Paris; inscription gratuite.\" srcset=\"https:\/\/neuronup.com\/fr\/wp-content\/uploads\/2024\/11\/FR-medintechs-400x300.webp 400w, https:\/\/neuronup.com\/fr\/wp-content\/uploads\/2024\/11\/FR-medintechs-800x600.webp 800w, https:\/\/neuronup.com\/fr\/wp-content\/uploads\/2024\/11\/FR-medintechs-1200x900.webp 1200w\" sizes=\"(max-width:599px) 599px, (min-width:600px) and (max-width: 799px) 799px, (min-width:800px) and (max-width: 999px) 333px, (min-width:1000px) 400px\" \/><\/a><div class=\"entry-wrap entry-wrap-grid\"><h3 class=\"entry-title\" itemprop=\"headline\"><a class=\"entry-title-link\" href=\"https:\/\/neuronup.com\/fr\/nouveautes-neuronup\/communiques\/neuronup-participera-au-salon-medintechs-les-8-et-9-mars\/\" rel=\"bookmark\">NeuronUP participera au salon Medintechs les 8 et 9 mars<\/a><\/h3>\n<\/div><\/article><article class=\"entry entry-grid is-column has-entry-link has-image has-image-first type-post category-neuropsychologie-et-informations tag-activites-de-stimulation-cognitive tag-attention tag-reeducation-cognitive tag-stimulation-cognitive\" style=\"--entry-index:4;\" aria-label=\"Quelles fonctions cognitives met-on en jeu avec Pac-Man ?\" itemscope itemtype=\"https:\/\/schema.org\/CreativeWork\"><a class=\"entry-image-link\" href=\"https:\/\/neuronup.com\/fr\/neurosciences\/neuropsychologie-et-informations\/fonctions-cognitives-utilisees-avec-le-pac-man\/\" tabindex=\"-1\" aria-hidden=\"true\"><img decoding=\"async\" width=\"400\" height=\"181\" src=\"https:\/\/neuronup.com\/fr\/wp-content\/uploads\/2024\/09\/Funciones-cognitivas-en-el-Pac-man.webp\" class=\"entry-image size-landscape-sm\" alt=\"Illustration n\u00e9on r\u00e9tro inspir\u00e9e de Pac-Man: briques en arri\u00e8re-plan, console de jeu n\u00e9on, avec PLAY ZONE et VS, ambiance arcade.\" srcset=\"https:\/\/neuronup.com\/fr\/wp-content\/uploads\/2024\/09\/Funciones-cognitivas-en-el-Pac-man-300x135.webp 300w, https:\/\/neuronup.com\/fr\/wp-content\/uploads\/2024\/09\/Funciones-cognitivas-en-el-Pac-man-768x347.webp 768w, https:\/\/neuronup.com\/fr\/wp-content\/uploads\/2024\/09\/Funciones-cognitivas-en-el-Pac-man-1024x462.webp 1024w, https:\/\/neuronup.com\/fr\/wp-content\/uploads\/2024\/09\/Funciones-cognitivas-en-el-Pac-man.webp 1500w\" sizes=\"(max-width:599px) 599px, (min-width:600px) and (max-width: 799px) 799px, (min-width:800px) and (max-width: 999px) 333px, (min-width:1000px) 400px\" \/><\/a><div class=\"entry-wrap entry-wrap-grid\"><h3 class=\"entry-title\" itemprop=\"headline\"><a class=\"entry-title-link\" href=\"https:\/\/neuronup.com\/fr\/neurosciences\/neuropsychologie-et-informations\/fonctions-cognitives-utilisees-avec-le-pac-man\/\" rel=\"bookmark\">Quelles fonctions cognitives met-on en jeu avec Pac-Man ?<\/a><\/h3>\n<\/div><\/article><article class=\"entry entry-grid is-column has-entry-link has-image has-image-first type-post category-activites-des-fonctions-executives tag-activites-de-stimulation-cognitive tag-activites-de-stimulation-cognitive-pour-adultes tag-actualites-de-neuronup tag-adultes tag-fonctions-executives\" style=\"--entry-index:5;\" aria-label=\"Jeu d&#8217;inhibition pour adultes : Cat\u00e9gories contre-la-montre\" itemscope itemtype=\"https:\/\/schema.org\/CreativeWork\"><a class=\"entry-image-link\" href=\"https:\/\/neuronup.com\/fr\/activites-de-neuro-reeducation\/activites-pour-les-fonctions-cognitives\/activites-des-fonctions-executives\/jeu-d-inhibition-pour-adultes-categories-contre-la-montre\/\" tabindex=\"-1\" aria-hidden=\"true\"><img decoding=\"async\" width=\"400\" height=\"225\" src=\"https:\/\/neuronup.com\/fr\/wp-content\/uploads\/2024\/03\/Categorias-a-contrarreloj-NeuronUP.webp\" class=\"entry-image size-landscape-sm\" alt=\"\u00c9cran d\u2019application montrant la cat\u00e9gorie professions en bleu, camionero saisi et valid\u00e9, progression en bas avec l\u2019option Saltar.\" srcset=\"https:\/\/neuronup.com\/fr\/wp-content\/uploads\/2024\/03\/Categorias-a-contrarreloj-NeuronUP-300x169.webp 300w, https:\/\/neuronup.com\/fr\/wp-content\/uploads\/2024\/03\/Categorias-a-contrarreloj-NeuronUP-768x432.webp 768w, https:\/\/neuronup.com\/fr\/wp-content\/uploads\/2024\/03\/Categorias-a-contrarreloj-NeuronUP-1024x576.webp 1024w, https:\/\/neuronup.com\/fr\/wp-content\/uploads\/2024\/03\/Categorias-a-contrarreloj-NeuronUP.webp 1199w\" sizes=\"(max-width:599px) 599px, (min-width:600px) and (max-width: 799px) 799px, (min-width:800px) and (max-width: 999px) 333px, (min-width:1000px) 400px\" \/><\/a><div class=\"entry-wrap entry-wrap-grid\"><h3 class=\"entry-title\" itemprop=\"headline\"><a class=\"entry-title-link\" href=\"https:\/\/neuronup.com\/fr\/activites-de-neuro-reeducation\/activites-pour-les-fonctions-cognitives\/activites-des-fonctions-executives\/jeu-d-inhibition-pour-adultes-categories-contre-la-montre\/\" rel=\"bookmark\">Jeu d&#8217;inhibition pour adultes : Cat\u00e9gories contre-la-montre<\/a><\/h3>\n<\/div><\/article><article class=\"entry entry-grid is-column has-entry-link has-image has-image-first type-post category-temoignages tag-adultes tag-lesion-cerebrale-acquise tag-stimulation-cognitive tag-temoignages\" style=\"--entry-index:6;\" aria-label=\"R\u00e9\u00e9ducation cognitive avec NeuronUP \u00e0 l&rsquo;Ateneu Maestrat\" itemscope itemtype=\"https:\/\/schema.org\/CreativeWork\"><a class=\"entry-image-link\" href=\"https:\/\/neuronup.com\/fr\/actualites-de-la-stimulation-cognitive\/temoignages\/reeducation-cognitive-avec-neuronup-a-lateneu-maestrat\/\" tabindex=\"-1\" aria-hidden=\"true\"><img decoding=\"async\" width=\"300\" height=\"300\" src=\"https:\/\/neuronup.com\/fr\/wp-content\/uploads\/2024\/12\/Usuario-de-Ateneu-Maestrat-trabajando-con-NeuronUP.webp\" class=\"entry-image size-landscape-sm\" alt=\"Homme assis devant un ordinateur, pointant l\u2019\u00e9cran affichant des portraits; bureau \u00e9quip\u00e9 d&#039;un clavier et d&#039;une souris, tableau en arri\u00e8re-plan.\" srcset=\"https:\/\/neuronup.com\/fr\/wp-content\/uploads\/2024\/12\/Usuario-de-Ateneu-Maestrat-trabajando-con-NeuronUP-24x24.webp 24w, https:\/\/neuronup.com\/fr\/wp-content\/uploads\/2024\/12\/Usuario-de-Ateneu-Maestrat-trabajando-con-NeuronUP-48x48.webp 48w, https:\/\/neuronup.com\/fr\/wp-content\/uploads\/2024\/12\/Usuario-de-Ateneu-Maestrat-trabajando-con-NeuronUP-96x96.webp 96w, https:\/\/neuronup.com\/fr\/wp-content\/uploads\/2024\/12\/Usuario-de-Ateneu-Maestrat-trabajando-con-NeuronUP-150x150.webp 150w, https:\/\/neuronup.com\/fr\/wp-content\/uploads\/2024\/12\/Usuario-de-Ateneu-Maestrat-trabajando-con-NeuronUP-300x300.webp 300w, https:\/\/neuronup.com\/fr\/wp-content\/uploads\/2024\/12\/Usuario-de-Ateneu-Maestrat-trabajando-con-NeuronUP-768x769.webp 768w, https:\/\/neuronup.com\/fr\/wp-content\/uploads\/2024\/12\/Usuario-de-Ateneu-Maestrat-trabajando-con-NeuronUP-1022x1024.webp 1022w, https:\/\/neuronup.com\/fr\/wp-content\/uploads\/2024\/12\/Usuario-de-Ateneu-Maestrat-trabajando-con-NeuronUP.webp 1200w\" sizes=\"(max-width:599px) 599px, (min-width:600px) and (max-width: 799px) 799px, (min-width:800px) and (max-width: 999px) 333px, (min-width:1000px) 400px\" \/><\/a><div class=\"entry-wrap entry-wrap-grid\"><h3 class=\"entry-title\" itemprop=\"headline\"><a class=\"entry-title-link\" href=\"https:\/\/neuronup.com\/fr\/actualites-de-la-stimulation-cognitive\/temoignages\/reeducation-cognitive-avec-neuronup-a-lateneu-maestrat\/\" rel=\"bookmark\">R\u00e9\u00e9ducation cognitive avec NeuronUP \u00e0 l&rsquo;Ateneu Maestrat<\/a><\/h3>\n<\/div><\/article><\/div><\/div>","protected":false},"excerpt":{"rendered":"<p>Manuel Cassinello Marco, psychiatre sp\u00e9cialiste en neuropsychiatrie et psychologue, nous explique dans cet article comment la d\u00e9mence frontotemporale affecte. Quand nous pensons \u00e0 la d\u00e9mence, la maladie d\u2019Alzheimer nous vient le plus souvent \u00e0 l\u2019esprit, mais il existe en r\u00e9alit\u00e9 de nombreux autres types de tableaux neurod\u00e9g\u00e9n\u00e9ratifs. Ils ont en commun une atrophie progressive de &hellip;<\/p>\n","protected":false},"author":340,"featured_media":29745,"comment_status":"open","ping_status":"open","sticky":false,"template":"","format":"standard","meta":{"_acf_changed":false,"_genesis_hide_title":false,"_genesis_hide_breadcrumbs":false,"_genesis_hide_singular_image":false,"_genesis_hide_footer_widgets":false,"_genesis_custom_body_class":"","_genesis_custom_post_class":"","_genesis_layout":"","footnotes":""},"categories":[578],"tags":[696,993],"class_list":{"2":"type-post","7":"category-maladies-neurodegeneratives","8":"tag-demence","9":"tag-maladies-neurodegeneratives","10":"entry"},"acf":[],"_links":{"self":[{"href":"https:\/\/neuronup.com\/fr\/wp-json\/wp\/v2\/posts\/29558","targetHints":{"allow":["GET"]}}],"collection":[{"href":"https:\/\/neuronup.com\/fr\/wp-json\/wp\/v2\/posts"}],"about":[{"href":"https:\/\/neuronup.com\/fr\/wp-json\/wp\/v2\/types\/post"}],"author":[{"embeddable":true,"href":"https:\/\/neuronup.com\/fr\/wp-json\/wp\/v2\/users\/340"}],"replies":[{"embeddable":true,"href":"https:\/\/neuronup.com\/fr\/wp-json\/wp\/v2\/comments?post=29558"}],"version-history":[{"count":0,"href":"https:\/\/neuronup.com\/fr\/wp-json\/wp\/v2\/posts\/29558\/revisions"}],"wp:featuredmedia":[{"embeddable":true,"href":"https:\/\/neuronup.com\/fr\/wp-json\/wp\/v2\/media\/29745"}],"wp:attachment":[{"href":"https:\/\/neuronup.com\/fr\/wp-json\/wp\/v2\/media?parent=29558"}],"wp:term":[{"taxonomy":"category","embeddable":true,"href":"https:\/\/neuronup.com\/fr\/wp-json\/wp\/v2\/categories?post=29558"},{"taxonomy":"post_tag","embeddable":true,"href":"https:\/\/neuronup.com\/fr\/wp-json\/wp\/v2\/tags?post=29558"}],"curies":[{"name":"wp","href":"https:\/\/api.w.org\/{rel}","templated":true}]}}