{"id":29060,"date":"2025-07-21T09:02:42","date_gmt":"2025-07-21T09:02:42","guid":{"rendered":"https:\/\/neuronup.com\/?p=29060"},"modified":"2025-07-21T09:02:42","modified_gmt":"2025-07-21T09:02:42","slug":"soins-des-personnes-aphasiques-directives-cruciales-pour-aidants","status":"publish","type":"post","link":"https:\/\/neuronup.com\/fr\/actualites-de-la-stimulation-cognitive\/troubles-du-langage\/soins-des-personnes-aphasiques-directives-cruciales-pour-aidants\/","title":{"rendered":"Prise en charge des personnes aphasiques : directives essentielles pour les aidants"},"content":{"rendered":"\n<p class=\"has-xl-font-size\">L\u2019orthophoniste sp\u00e9cialiste des troubles d\u2019origine neurologique Valeria Bondarenko Gabets explique dans cet article <strong>comment aider une personne atteinte d\u2019aphasie<\/strong> gr\u00e2ce \u00e0 un guide pour aidants. Elle fournit des directives pour les aidants de personnes aphasiques et souligne les comportements \u00e0 \u00e9viter.<\/p>\n\n\n\n<p>L\u2019aphasie, une condition qui affecte la capacit\u00e9 de communication, peut pr\u00e9senter des d\u00e9fis uniques tant pour les personnes concern\u00e9es que pour leurs aidants. En tant qu\u2019aidant, votre r\u00f4le est essentiel pour offrir <strong>un soutien \u00e9motionnel et faciliter la communication<\/strong>.<\/p>\n\n\n\n<h2 class=\"wp-block-heading\">Relation aidant-patient<\/h2>\n\n\n\n<p>Maintenir une relation solide entre l\u2019aidant et le patient, malgr\u00e9 les difficult\u00e9s de communication associ\u00e9es \u00e0 la <a href=\"https:\/\/neuronup.com\/estimulacion-y-rehabilitacion-cognitiva\/dano-cerebral-adquirido\/afasia-tipos\/\">l\u2019aphasie<\/a>, non seulement am\u00e9liore la qualit\u00e9 de vie du patient, mais enrichit \u00e9galement l\u2019exp\u00e9rience de l\u2019aidant. La <strong>patience<\/strong>, la <strong>compr\u00e9hension<\/strong> et l\u2019<strong>engagement mutuel<\/strong> sont des piliers fondamentaux pour surmonter les d\u00e9fis communicationnels et cultiver un environnement de soutien continu.<\/p>\n\n\n\n<p>Dans ces situations, la <strong>construction de la confiance<\/strong> est essentielle. Une relation solide fond\u00e9e sur la confiance permet au patient de se sentir en s\u00e9curit\u00e9 pour exprimer ses pens\u00e9es et ses besoins, contribuant \u00e0 une communication plus efficace. Il ne faut pas oublier que l\u2019aphasie n\u2019affecte pas seulement la communication verbale, mais peut \u00e9galement engendrer frustration et anxi\u00e9t\u00e9. Une relation aidant-patient solide implique un soutien \u00e9motionnel r\u00e9ciproque. L\u2019aidant agit comme un phare de soutien, apportant r\u00e9confort et compr\u00e9hension, tandis que le patient se sent soutenu sur le plan \u00e9motionnel.<\/p>\n\n\n\n<h3 class=\"wp-block-heading\">Patience et empathie<\/h3>\n\n\n\n<p>Nous devons toujours garder \u00e0 l\u2019esprit la n\u00e9cessit\u00e9 de promouvoir la patience et l\u2019empathie.<\/p>\n\n\n\n<p>La patience et l\u2019empathie sont des composantes cruciales d\u2019une relation aidant-patient efficace en cas d\u2019aphasie. En comprenant les difficult\u00e9s du patient, l\u2019aidant peut instaurer un climat de compr\u00e9hension mutuelle, facilitant ainsi le d\u00e9passement des obstacles de communication. Nous savons tous que face \u00e0 une pathologie telle que l\u2019aphasie, la patience et l\u2019empathie sont essentielles, notamment pour <strong>s\u2019adapter aux besoins changeants du patient<\/strong> et \u00e0 son \u00e9tat \u00e0 un moment donn\u00e9. Maintenir une communication ouverte sur les exp\u00e9riences et les d\u00e9fis quotidiens facilite l\u2019ajustement continu des strat\u00e9gies de soutien.<\/p>\n\n\n\n<h3 class=\"wp-block-heading\">Ind\u00e9pendance et autonomie<\/h3>\n\n\n\n<p>Il ne faut pas oublier que, bien que la communication soit limit\u00e9e, l\u2019ind\u00e9pendance et l\u2019autonomie doivent \u00eatre pr\u00e9sentes dans la vie des personnes aphasiques. Offrir des opportunit\u00e9s de prise de d\u00e9cision et d\u2019expression personnelle contribue \u00e0 <strong>pr\u00e9server la dignit\u00e9<\/strong> et le sentiment de contr\u00f4le du patient sur sa vie. N\u00e9anmoins, face aux d\u00e9fis importants de la pathologie, le <strong>travail d\u2019\u00e9quipe<\/strong> pour surmonter les obstacles et trouver des solutions cr\u00e9e un climat de collaboration et de force partag\u00e9e.<\/p>\n\n\n\n<p>Dans cet article, nous souhaitons pr\u00e9senter les directives fondamentales pour prendre soin des personnes aphasiques et les comportements qu\u2019il est crucial d\u2019\u00e9viter.<\/p>\n\n\n\n<h2 class=\"wp-block-heading\">Comment aider une personne atteinte d\u2019aphasie ? Directives pour les aidants de personnes aphasiques :<\/h2>\n\n\n\n<h3 class=\"wp-block-heading\">1. Communication claire et simple<\/h3>\n\n\n\n<p>Adaptez votre fa\u00e7on de parler pour la rendre claire et simple. Utilisez des <strong>phrases courtes et directes<\/strong>, en \u00e9vitant le jargon. Fournissez du contexte et faites preuve de patience pour permettre \u00e0 la personne aphasique de traiter l\u2019information.<\/p>\n\n\n\n<h3 class=\"wp-block-heading\">2. Encouragez la communication non verbale<\/h3>\n\n\n\n<p>La communication non verbale, comme les <strong>gestes et expressions faciales<\/strong>, est un outil puissant. Encouragez la personne aphasique \u00e0 utiliser ces moyens pour exprimer ses pens\u00e9es et ses id\u00e9es.<\/p>\n\n\n\n<h3 class=\"wp-block-heading\">3. \u00c9tablissez des routines coh\u00e9rentes<\/h3>\n\n\n\n<p>Les <strong>routines<\/strong> pr\u00e9visibles offrent un sentiment de s\u00e9curit\u00e9. \u00c9tablissez des horaires r\u00e9guliers pour les activit\u00e9s quotidiennes et assurez-vous que la personne en soit inform\u00e9e.<\/p>\n\n\n\n<h3 class=\"wp-block-heading\">4. Encouragez la participation sociale<\/h3>\n\n\n\n<p>Incitez \u00e0 la participation \u00e0 des activit\u00e9s sociales. Cela offre non seulement des opportunit\u00e9s de pratique du langage, mais contrecarre \u00e9galement d\u2019\u00e9ventuels sentiments <strong>d\u2019isolement<\/strong>.<\/p>\n\n\n\n<h3 class=\"wp-block-heading\">5. Utilisez des ressources de soutien<\/h3>\n\n\n\n<p>Exploitez des outils tels que des applications, des images ou des <strong>tableaux de communication<\/strong> pour faciliter l\u2019expression des id\u00e9es.<\/p>\n\n\n\n<h3 class=\"wp-block-heading\">6. Soutenez la r\u00e9\u00e9ducation de la parole<\/h3>\n\n\n\n<p><strong>Collaborez avec des professionnels de la sant\u00e9<\/strong> pour suivre un programme de r\u00e9\u00e9ducation de la parole. Participez aux s\u00e9ances de th\u00e9rapie et pratiquez des exercices \u00e0 domicile. La constance est essentielle pour le progr\u00e8s.<\/p>\n\n\n\n<h3 class=\"wp-block-heading\">7. Recherchez du soutien pour les aidants<\/h3>\n\n\n\n<p>Prendre soin de quelqu\u2019un atteint d\u2019aphasie peut \u00eatre difficile. Trouvez des <strong>groupes de soutien<\/strong> o\u00f9 vous pourrez partager vos exp\u00e9riences et obtenir un soutien \u00e9motionnel.<\/p>\n\n\n\n<h3 class=\"wp-block-heading\">8. Formation continue sur l\u2019aphasie<\/h3>\n\n\n\n<p>Informez-vous constamment sur l\u2019aphasie pour offrir un soutien plus \u00e9clair\u00e9 et compatissant.<\/p>\n\n\n\n<div style=\"height:50px\" aria-hidden=\"true\" class=\"wp-block-spacer\"><\/div>\n\n\n\n<div class=\"wp-block-group br-0111 has-primary-background-color has-background has-dark-background has-sm-padding-top has-sm-padding-left has-sm-padding-right has-xxl-margin-top\"><div class=\"wp-block-group__inner-container is-layout-constrained wp-block-group-is-layout-constrained\">\n<div class=\"wp-block-columns is-layout-flex wp-container-core-columns-is-layout-9d6595d7 wp-block-columns-is-layout-flex\">\n<div class=\"wp-block-column is-layout-flow wp-block-column-is-layout-flow\">\n<figure class=\"wp-block-image size-full desktop-position-absolute desktop-bottom-0 mobile-width-50 mobile-m-inline-auto has-xl-margin-top\"><img decoding=\"async\" width=\"292\" height=\"338\" src=\"https:\/\/neuronup.com\/fr\/wp-content\/uploads\/2024\/10\/certificat-produit.webp\" alt=\"\" class=\"wp-image-31568\" srcset=\"https:\/\/neuronup.com\/fr\/wp-content\/uploads\/2024\/10\/certificat-produit-259x300.webp 259w, https:\/\/neuronup.com\/fr\/wp-content\/uploads\/2024\/10\/certificat-produit.webp 292w\" sizes=\"(max-width: 292px) 100vw, 292px\" \/><\/figure>\n<\/div>\n\n\n\n<div class=\"wp-block-column is-layout-flow wp-block-column-is-layout-flow\">\n<h2 class=\"wp-block-heading has-white-color has-text-color\"><strong>Abonnez-vous<\/strong> <br>\u00e0 notre <br>Newsletter<\/h2>\n\n\n\n<div class=\"wp-block-buttons is-layout-flex wp-block-buttons-is-layout-flex\">\n<div class=\"wp-block-button--1\" style=\"--button-outline-color:var(--color-white);--button-outline-color-hover:rgba(0,0,0,0.8);\"><a class=\"wp-block-button__link button button-outline   wp-element-button\" href=\"https:\/\/neuronup.com\/fr\/newsletter\/\">Abonnez-vous<\/a><\/div>\n\n<\/div>\n\n\n\n<div style=\"height:40px\" aria-hidden=\"true\" class=\"wp-block-spacer\"><\/div>\n<\/div>\n<\/div>\n<\/div><\/div>\n\n\n\n\n<div style=\"height:50px\" aria-hidden=\"true\" class=\"wp-block-spacer\"><\/div>\n\n\n\n<h2 class=\"wp-block-heading\">Comportements \u00e0 \u00e9viter<\/h2>\n\n\n\n<ol class=\"wp-block-list\">\n<li>\u00c9vitez de <strong>ignorer ou de minimiser les sentiments<\/strong> du patient aphasique. L\u2019empathie est essentielle pour instaurer une relation de confiance.<\/li>\n\n\n\n<li><strong>Ne lui parlez pas comme \u00e0 un enfant.<\/strong> Traitez la personne avec respect et utilisez un ton de voix normal.<\/li>\n\n\n\n<li>\u00c9vitez de <strong>compl\u00e9ter constamment les phrases<\/strong> ou les mots de la personne aphasique. Accordez-lui du temps pour s\u2019exprimer et ne l\u2019interrompez pas.<\/li>\n\n\n\n<li>\u00c9vitez de <strong>montrer de l\u2019impatience ou de la frustration<\/strong>. La patience est primordiale, et exprimer de la frustration peut nuire \u00e0 la confiance du patient.<\/li>\n\n\n\n<li><strong>Ne parlez pas \u00e0 leur place<\/strong> et ne les emp\u00eachez pas de s\u2019exprimer. Encouragez et soutenez leurs efforts de communication, m\u00eame si cela prend plus de temps.<\/li>\n\n\n\n<li>\u00c9vitez de <strong>n\u00e9gliger la communication non verbale<\/strong>. Les expressions faciales, les gestes et le contact visuel sont cruciaux pour une communication efficace.<\/li>\n\n\n\n<li><strong>Ne<\/strong> surprot\u00e9gez pas et ne <strong>minimisez pas l\u2019ind\u00e9pendance du patient<\/strong>. Encouragez son autonomie et sa participation dans la mesure du possible.<\/li>\n\n\n\n<li>Le <strong>fait de ne pas chercher d\u2019aide professionnelle<\/strong> lorsque cela est n\u00e9cessaire peut ralentir l\u2019\u00e9volution et affecter votre relation avec le patient aphasique. L\u2019intervention d\u2019orthophonistes ou d\u2019autres professionnels peut \u00eatre fondamentale pour am\u00e9liorer la communication.<\/li>\n\n\n\n<li>\u00c9vitez de <strong>ne pas adapter l\u2019environnement<\/strong> pour faciliter la communication. Utilisez des outils visuels, comme des images ou des tableaux de communication, selon les besoins.<\/li>\n\n\n\n<li>Prendre soin de quelqu\u2019un atteint d\u2019aphasie peut \u00eatre \u00e9prouvant sur le plan \u00e9motionnel. N\u2019oubliez pas de <strong>prendre soin de votre bien-\u00eatre \u00e9motionnel<\/strong>, cherchez du soutien et prenez le temps n\u00e9cessaire pour vous ressourcer.<\/li>\n<\/ol>\n\n\n\n<h3 class=\"wp-block-heading\">Conclusion<\/h3>\n\n\n\n<p>Le r\u00f4le des aidants de personnes aphasiques est primordial. Il ne fait aucun doute que prendre soin de personnes atteintes d\u2019aphasie n\u00e9cessite sensibilit\u00e9 et d\u00e9vouement. Une relation de confiance et de respect entre les deux parties est cruciale pour une bonne progression. Les professionnels de la r\u00e9\u00e9ducation sont l\u00e0 pour soutenir tant les patients aphasiques que leurs aidants. Ainsi, en suivant ces directives et en \u00e9vitant les comportements nuisibles, nous pouvons tous contribuer de mani\u00e8re significative au bien-\u00eatre et \u00e0 la qualit\u00e9 de vie de ceux qui affrontent cette condition.<\/p>\n\n\n\n<h3 class=\"wp-block-heading\">Si vous avez aim\u00e9 cet article sur la fa\u00e7on d\u2019aider une personne atteinte d\u2019aphasie, ces articles pourraient \u00e9galement vous int\u00e9resser :<\/h3>\n\n<div class=\"mai-grid entries entries-grid has-boxed has-image-full\" style=\"--entry-title-font-size:var(--font-size-lg);--align-text:start;--entry-meta-text-align:start;\"><div class=\"entries-wrap has-columns\" style=\"--columns-xs:1\/1;--columns-sm:1\/1;--columns-md:1\/3;--columns-lg:1\/3;--flex-xs:0 0 var(--flex-basis);--flex-sm:0 0 var(--flex-basis);--flex-md:0 0 var(--flex-basis);--flex-lg:0 0 var(--flex-basis);--column-gap:var(--spacing-lg);--row-gap:var(--spacing-lg);--align-columns:start;\"><article class=\"entry entry-grid is-column has-entry-link has-image has-image-first type-post category-cerveau tag-cerveau tag-controle-emotionnel tag-publication-scientifique\" style=\"--entry-index:1;\" aria-label=\"Le cortex cingulaire ant\u00e9rieur: contr\u00f4le ex\u00e9cutif, contr\u00f4le \u00e9motionnel\" itemscope itemtype=\"https:\/\/schema.org\/CreativeWork\"><a class=\"entry-image-link\" href=\"https:\/\/neuronup.com\/fr\/neurosciences\/cerveau\/le-cortex-cingulaire-anterieur-controle-executif-controle-emotionnel\/\" tabindex=\"-1\" aria-hidden=\"true\"><img decoding=\"async\" width=\"400\" height=\"300\" src=\"https:\/\/neuronup.com\/fr\/wp-content\/uploads\/2024\/11\/Gray727_anterior_cingulate_cortex-400x300.webp\" class=\"entry-image size-landscape-sm\" alt=\"Sch\u00e9ma du cerveau montrant le cortex cingulaire ant\u00e9rieur (CCA) avec plusieurs gyrus et le corps calleux; zone jaune.\" srcset=\"https:\/\/neuronup.com\/fr\/wp-content\/uploads\/2024\/11\/Gray727_anterior_cingulate_cortex-400x300.webp 400w, https:\/\/neuronup.com\/fr\/wp-content\/uploads\/2024\/11\/Gray727_anterior_cingulate_cortex-800x598.webp 800w\" sizes=\"(max-width:599px) 599px, (min-width:600px) and (max-width: 799px) 799px, (min-width:800px) and (max-width: 999px) 333px, (min-width:1000px) 400px\" \/><\/a><div class=\"entry-wrap entry-wrap-grid\"><h3 class=\"entry-title\" itemprop=\"headline\"><a class=\"entry-title-link\" href=\"https:\/\/neuronup.com\/fr\/neurosciences\/cerveau\/le-cortex-cingulaire-anterieur-controle-executif-controle-emotionnel\/\" rel=\"bookmark\">Le cortex cingulaire ant\u00e9rieur: contr\u00f4le ex\u00e9cutif, contr\u00f4le \u00e9motionnel<\/a><\/h3>\n<\/div><\/article><article class=\"entry entry-grid is-column has-entry-link has-image has-image-first type-post category-maladie-mentale tag-accident-vasculaire-cerebral tag-maladie-dalzheimer tag-maladie-de-parkinson tag-maladies-neurodegeneratives tag-sante-mentale tag-sclerose-en-plaques\" style=\"--entry-index:2;\" aria-label=\"12 c\u00e9l\u00e9brit\u00e9s atteintes de maladies neurologiques et mentales\" itemscope itemtype=\"https:\/\/schema.org\/CreativeWork\"><a class=\"entry-image-link\" href=\"https:\/\/neuronup.com\/fr\/actualites-de-la-stimulation-cognitive\/maladie-mentale\/celebrites-atteintes-de-maladies-neurologiques-et-mentales\/\" tabindex=\"-1\" aria-hidden=\"true\"><img decoding=\"async\" width=\"400\" height=\"267\" src=\"https:\/\/neuronup.com\/fr\/wp-content\/uploads\/2023\/10\/Famosos-con-enfermedades-mentales-1.webp\" class=\"entry-image size-landscape-sm\" alt=\"Composition noir et blanc montrant une bobine de film et un appareil photo vintage, \u00e9voquant le cin\u00e9ma.\" srcset=\"https:\/\/neuronup.com\/fr\/wp-content\/uploads\/2023\/10\/Famosos-con-enfermedades-mentales-1-300x200.webp 300w, https:\/\/neuronup.com\/fr\/wp-content\/uploads\/2023\/10\/Famosos-con-enfermedades-mentales-1-768x512.webp 768w, https:\/\/neuronup.com\/fr\/wp-content\/uploads\/2023\/10\/Famosos-con-enfermedades-mentales-1-1024x683.webp 1024w, https:\/\/neuronup.com\/fr\/wp-content\/uploads\/2023\/10\/Famosos-con-enfermedades-mentales-1.webp 1200w\" sizes=\"(max-width:599px) 599px, (min-width:600px) and (max-width: 799px) 799px, (min-width:800px) and (max-width: 999px) 333px, (min-width:1000px) 400px\" \/><\/a><div class=\"entry-wrap entry-wrap-grid\"><h3 class=\"entry-title\" itemprop=\"headline\"><a class=\"entry-title-link\" href=\"https:\/\/neuronup.com\/fr\/actualites-de-la-stimulation-cognitive\/maladie-mentale\/celebrites-atteintes-de-maladies-neurologiques-et-mentales\/\" rel=\"bookmark\">12 c\u00e9l\u00e9brit\u00e9s atteintes de maladies neurologiques et mentales<\/a><\/h3>\n<\/div><\/article><article class=\"entry entry-grid is-column has-entry-link has-image has-image-first type-post category-avc tag-cerveau tag-fonctions-executives tag-lesions-cerebrales-acquises\" style=\"--entry-index:3;\" aria-label=\"Accident vasculaire c\u00e9r\u00e9bral (AVC): ce qu&#8217;il est, les types d&#8217;AVC et les s\u00e9quelles possibles\" itemscope itemtype=\"https:\/\/schema.org\/CreativeWork\"><a class=\"entry-image-link\" href=\"https:\/\/neuronup.com\/fr\/actualites-de-la-stimulation-cognitive\/lesions-cerebrales\/avc\/accident-vasculaire-cerebral-avc-ce-quil-est-les-types-davc-et-les-sequelles-possibles\/\" tabindex=\"-1\" aria-hidden=\"true\"><img decoding=\"async\" width=\"400\" height=\"300\" src=\"https:\/\/neuronup.com\/fr\/wp-content\/uploads\/2024\/11\/Accident-vasculaire-cerebral-AVC-ce-quil-est-les-types-dAVC-et-les-sequelles-possibles-400x300.webp\" class=\"entry-image size-landscape-sm\" alt=\"\u00c9cran affichant des coupes d\u2019IRM c\u00e9r\u00e9brales; une main pointe une coupe avec un stylo pour mettre en \u00e9vidence une zone du cerveau.\" srcset=\"https:\/\/neuronup.com\/fr\/wp-content\/uploads\/2024\/11\/Accident-vasculaire-cerebral-AVC-ce-quil-est-les-types-dAVC-et-les-sequelles-possibles-400x300.webp 400w, https:\/\/neuronup.com\/fr\/wp-content\/uploads\/2024\/11\/Accident-vasculaire-cerebral-AVC-ce-quil-est-les-types-dAVC-et-les-sequelles-possibles-800x600.webp 800w\" sizes=\"(max-width:599px) 599px, (min-width:600px) and (max-width: 799px) 799px, (min-width:800px) and (max-width: 999px) 333px, (min-width:1000px) 400px\" \/><\/a><div class=\"entry-wrap entry-wrap-grid\"><h3 class=\"entry-title\" itemprop=\"headline\"><a class=\"entry-title-link\" href=\"https:\/\/neuronup.com\/fr\/actualites-de-la-stimulation-cognitive\/lesions-cerebrales\/avc\/accident-vasculaire-cerebral-avc-ce-quil-est-les-types-davc-et-les-sequelles-possibles\/\" rel=\"bookmark\">Accident vasculaire c\u00e9r\u00e9bral (AVC): ce qu&#8217;il est, les types d&#8217;AVC et les s\u00e9quelles possibles<\/a><\/h3>\n<\/div><\/article><article class=\"entry entry-grid is-column has-entry-link has-image has-image-first type-post category-activites-dattention tag-attention tag-lesions-cerebrales tag-neuroreeducation\" style=\"--entry-index:4;\" aria-label=\"R\u00e9\u00e9ducation de l&#8217;attention divis\u00e9e\" itemscope itemtype=\"https:\/\/schema.org\/CreativeWork\"><a class=\"entry-image-link\" href=\"https:\/\/neuronup.com\/fr\/activites-de-neuro-reeducation\/activites-pour-les-fonctions-cognitives\/activites-dattention\/reeducation-de-lattention-divisee\/\" tabindex=\"-1\" aria-hidden=\"true\"><img decoding=\"async\" width=\"400\" height=\"300\" src=\"https:\/\/neuronup.com\/fr\/wp-content\/uploads\/2024\/11\/intervention-auprEs-de-mineurs-A-hautes-capacitEs-intellectuelles-5-400x300.webp\" class=\"entry-image size-landscape-sm\" alt=\"Personne au bureau avec t\u00e9l\u00e9phone \u00e0 l\u2019oreille et smartphone; ordinateur et graphique affich\u00e9s; encadr\u00e9 Blog R\u00e9\u00e9ducation de l\u2019attention divis\u00e9e.\" srcset=\"https:\/\/neuronup.com\/fr\/wp-content\/uploads\/2024\/11\/intervention-auprEs-de-mineurs-A-hautes-capacitEs-intellectuelles-5-400x300.webp 400w, https:\/\/neuronup.com\/fr\/wp-content\/uploads\/2024\/11\/intervention-auprEs-de-mineurs-A-hautes-capacitEs-intellectuelles-5-800x600.webp 800w, https:\/\/neuronup.com\/fr\/wp-content\/uploads\/2024\/11\/intervention-auprEs-de-mineurs-A-hautes-capacitEs-intellectuelles-5-1200x900.webp 1200w\" sizes=\"(max-width:599px) 599px, (min-width:600px) and (max-width: 799px) 799px, (min-width:800px) and (max-width: 999px) 333px, (min-width:1000px) 400px\" \/><\/a><div class=\"entry-wrap entry-wrap-grid\"><h3 class=\"entry-title\" itemprop=\"headline\"><a class=\"entry-title-link\" href=\"https:\/\/neuronup.com\/fr\/activites-de-neuro-reeducation\/activites-pour-les-fonctions-cognitives\/activites-dattention\/reeducation-de-lattention-divisee\/\" rel=\"bookmark\">R\u00e9\u00e9ducation de l&#8217;attention divis\u00e9e<\/a><\/h3>\n<\/div><\/article><article class=\"entry entry-grid is-column has-entry-link has-image has-image-first type-post category-nouveautes-neuronup tag-mon-experience-avec-neuronup tag-neuronup tag-reeducation-cognitive tag-stimulation-cognitive\" style=\"--entry-index:5;\" aria-label=\"Physioth\u00e9rapie et double t\u00e2che: exercice th\u00e9rapeutique avec NeuronUP\" itemscope itemtype=\"https:\/\/schema.org\/CreativeWork\"><a class=\"entry-image-link\" href=\"https:\/\/neuronup.com\/fr\/nouveautes-neuronup\/physiotherapie-et-double-tache-exercice-therapeutique-avec-neuronup\/\" tabindex=\"-1\" aria-hidden=\"true\"><img decoding=\"async\" width=\"400\" height=\"300\" src=\"https:\/\/neuronup.com\/fr\/wp-content\/uploads\/2024\/11\/La-neuroreeducation-a-travers-la-telemedecine.-2-400x300.webp\" class=\"entry-image size-landscape-sm\" alt=\"Sc\u00e8ne de physioth\u00e9rapie: un homme aide une femme sur une balle d\u2019exercice; bandeau: Physioth\u00e9rapie et double t\u00e2che.\" srcset=\"https:\/\/neuronup.com\/fr\/wp-content\/uploads\/2024\/11\/La-neuroreeducation-a-travers-la-telemedecine.-2-400x300.webp 400w, https:\/\/neuronup.com\/fr\/wp-content\/uploads\/2024\/11\/La-neuroreeducation-a-travers-la-telemedecine.-2-800x600.webp 800w, https:\/\/neuronup.com\/fr\/wp-content\/uploads\/2024\/11\/La-neuroreeducation-a-travers-la-telemedecine.-2-1200x900.webp 1200w\" sizes=\"(max-width:599px) 599px, (min-width:600px) and (max-width: 799px) 799px, (min-width:800px) and (max-width: 999px) 333px, (min-width:1000px) 400px\" \/><\/a><div class=\"entry-wrap entry-wrap-grid\"><h3 class=\"entry-title\" itemprop=\"headline\"><a class=\"entry-title-link\" href=\"https:\/\/neuronup.com\/fr\/nouveautes-neuronup\/physiotherapie-et-double-tache-exercice-therapeutique-avec-neuronup\/\" rel=\"bookmark\">Physioth\u00e9rapie et double t\u00e2che: exercice th\u00e9rapeutique avec NeuronUP<\/a><\/h3>\n<\/div><\/article><article class=\"entry entry-grid is-column has-entry-link has-image has-image-first type-post category-maladies-rares tag-maladies-rares tag-neuronup tag-stimulation-cognitive tag-temoignages\" style=\"--entry-index:6;\" aria-label=\"Le syndrome de l&#8217;X fragile vu de l&#8217;int\u00e9rieur\" itemscope itemtype=\"https:\/\/schema.org\/CreativeWork\"><a class=\"entry-image-link\" href=\"https:\/\/neuronup.com\/fr\/maladies-rares\/le-syndrome-de-lx-fragile-vu-de-linterieur\/\" tabindex=\"-1\" aria-hidden=\"true\"><img decoding=\"async\" width=\"400\" height=\"300\" src=\"https:\/\/neuronup.com\/fr\/wp-content\/uploads\/2024\/11\/image-1200x700-1-1-2-400x300.webp\" class=\"entry-image size-landscape-sm\" alt=\"Main saisit une figurine en bois repr\u00e9sentant un homme; entour\u00e9e d&#039;un groupe similaire sur surface blanche, fond flou.\" srcset=\"https:\/\/neuronup.com\/fr\/wp-content\/uploads\/2024\/11\/image-1200x700-1-1-2-400x300.webp 400w, https:\/\/neuronup.com\/fr\/wp-content\/uploads\/2024\/11\/image-1200x700-1-1-2-800x600.webp 800w\" sizes=\"(max-width:599px) 599px, (min-width:600px) and (max-width: 799px) 799px, (min-width:800px) and (max-width: 999px) 333px, (min-width:1000px) 400px\" \/><\/a><div class=\"entry-wrap entry-wrap-grid\"><h3 class=\"entry-title\" itemprop=\"headline\"><a class=\"entry-title-link\" href=\"https:\/\/neuronup.com\/fr\/maladies-rares\/le-syndrome-de-lx-fragile-vu-de-linterieur\/\" rel=\"bookmark\">Le syndrome de l&#8217;X fragile vu de l&#8217;int\u00e9rieur<\/a><\/h3>\n<\/div><\/article><\/div><\/div>","protected":false},"excerpt":{"rendered":"<p>L\u2019orthophoniste sp\u00e9cialiste des troubles d\u2019origine neurologique Valeria Bondarenko Gabets explique dans cet article comment aider une personne atteinte d\u2019aphasie gr\u00e2ce \u00e0 un guide pour aidants. Elle fournit des directives pour les aidants de personnes aphasiques et souligne les comportements \u00e0 \u00e9viter. L\u2019aphasie, une condition qui affecte la capacit\u00e9 de communication, peut pr\u00e9senter des d\u00e9fis uniques &hellip;<\/p>\n","protected":false},"author":381,"featured_media":29065,"comment_status":"open","ping_status":"open","sticky":false,"template":"","format":"standard","meta":{"_acf_changed":false,"_genesis_hide_title":false,"_genesis_hide_breadcrumbs":false,"_genesis_hide_singular_image":false,"_genesis_hide_footer_widgets":false,"_genesis_custom_body_class":"","_genesis_custom_post_class":"","_genesis_layout":"","footnotes":""},"categories":[618],"tags":[1010,723],"class_list":{"2":"type-post","7":"category-troubles-du-langage","8":"tag-aphasie","9":"tag-langage","10":"entry"},"acf":[],"_links":{"self":[{"href":"https:\/\/neuronup.com\/fr\/wp-json\/wp\/v2\/posts\/29060","targetHints":{"allow":["GET"]}}],"collection":[{"href":"https:\/\/neuronup.com\/fr\/wp-json\/wp\/v2\/posts"}],"about":[{"href":"https:\/\/neuronup.com\/fr\/wp-json\/wp\/v2\/types\/post"}],"author":[{"embeddable":true,"href":"https:\/\/neuronup.com\/fr\/wp-json\/wp\/v2\/users\/381"}],"replies":[{"embeddable":true,"href":"https:\/\/neuronup.com\/fr\/wp-json\/wp\/v2\/comments?post=29060"}],"version-history":[{"count":0,"href":"https:\/\/neuronup.com\/fr\/wp-json\/wp\/v2\/posts\/29060\/revisions"}],"wp:featuredmedia":[{"embeddable":true,"href":"https:\/\/neuronup.com\/fr\/wp-json\/wp\/v2\/media\/29065"}],"wp:attachment":[{"href":"https:\/\/neuronup.com\/fr\/wp-json\/wp\/v2\/media?parent=29060"}],"wp:term":[{"taxonomy":"category","embeddable":true,"href":"https:\/\/neuronup.com\/fr\/wp-json\/wp\/v2\/categories?post=29060"},{"taxonomy":"post_tag","embeddable":true,"href":"https:\/\/neuronup.com\/fr\/wp-json\/wp\/v2\/tags?post=29060"}],"curies":[{"name":"wp","href":"https:\/\/api.w.org\/{rel}","templated":true}]}}