{"id":28792,"date":"2025-07-20T09:02:42","date_gmt":"2025-07-20T09:02:42","guid":{"rendered":"https:\/\/neuronup.com\/?p=28792"},"modified":"2026-01-29T17:39:06","modified_gmt":"2026-01-29T15:39:06","slug":"les-zones-bleues-longevite","status":"publish","type":"post","link":"https:\/\/neuronup.com\/fr\/actualites-de-la-stimulation-cognitive\/vieillissement-normal\/les-zones-bleues-longevite\/","title":{"rendered":"Les zones bleues et le secret de la long\u00e9vit\u00e9"},"content":{"rendered":"\n<p class=\"has-xl-font-size\">La neuropsychologue Diana Carolina G\u00f3mez Blanco nous explique dans cet article ce que sont les <strong>zones bleues<\/strong> (ZA) et le secret de la long\u00e9vit\u00e9 de leurs habitants, en mettant particuli\u00e8rement l\u2019accent sur les caract\u00e9ristiques, les cl\u00e9s et les styles de vie des populations des ZA.<\/p>\n\n\n\n<p><strong>Les zones bleues et le secret de la long\u00e9vit\u00e9<\/strong><\/p>\n\n\n\n<p>Depuis l\u2019Antiquit\u00e9, la qu\u00eate de la <strong>jeunesse \u00e9ternelle<\/strong> a fascin\u00e9 l\u2019humanit\u00e9, et nombreux sont ceux qui ont recherch\u00e9 la formule magique permettant d\u2019allonger la dur\u00e9e de vie et de vaincre la mort redout\u00e9e. Encore aujourd\u2019hui, cet \u00e9lan effr\u00e9n\u00e9 pour rester jeune perdure, et de plus en plus de r\u00e9gimes, proc\u00e9dures m\u00e9dicales et articles de beaut\u00e9 pr\u00e9tendent arr\u00eater le temps. Toutefois, ce qui est ind\u00e9niable, c\u2019est que, <strong>depuis les 150 derni\u00e8res ann\u00e9es, l\u2019esp\u00e9rance de vie a augment\u00e9<\/strong> de fa\u00e7on vertigineuse : de plus en plus de personnes atteignent un \u00e2ge avanc\u00e9.<\/p>\n\n\n\n<p>\u00ab La long\u00e9vit\u00e9 augmente dans le monde entier plus rapidement que beaucoup d\u2019entre nous ne pouvons l\u2019imaginer. En fait, les d\u00e9mographes affirment que le b\u00e9b\u00e9 qui vivra jusqu\u2019\u00e0 200 ans est d\u00e9j\u00e0 n\u00e9 \u00bb (Figueroa Suarez et al., 2019, p. 281). On souligne \u00e9galement qu\u2019un <strong>vieillissement sans pr\u00e9c\u00e9dent<\/strong> de la population est en cours dans l\u2019histoire de l\u2019humanit\u00e9. Et bien qu\u2019ils aient r\u00e9duit la mortalit\u00e9 cardiovasculaire, <strong>les d\u00e9c\u00e8s dus aux maladies du syst\u00e8me nerveux et aux troubles mentaux ont, au contraire, augment\u00e9.<\/strong><\/p>\n\n\n<div class=\"wp-block-image\">\n<figure class=\"aligncenter size-large\"><img decoding=\"async\" width=\"1024\" height=\"1024\" src=\"https:\/\/neuronup.com\/fr\/wp-content\/uploads\/2024\/01\/zonas-azules-1024x1024.webp\" alt=\"Graphique montrant l\u2019\u00e9volution de l\u2019esp\u00e9rance de vie \u00e0 la naissance par r\u00e9gion (1950, 2000, 2050) avec barres verticales.\" class=\"wp-image-28798\" srcset=\"https:\/\/neuronup.com\/fr\/wp-content\/uploads\/2024\/01\/zonas-azules-24x24.webp 24w, https:\/\/neuronup.com\/fr\/wp-content\/uploads\/2024\/01\/zonas-azules-48x48.webp 48w, https:\/\/neuronup.com\/fr\/wp-content\/uploads\/2024\/01\/zonas-azules-96x96.webp 96w, https:\/\/neuronup.com\/fr\/wp-content\/uploads\/2024\/01\/zonas-azules-150x150.webp 150w, https:\/\/neuronup.com\/fr\/wp-content\/uploads\/2024\/01\/zonas-azules-300x300.webp 300w, https:\/\/neuronup.com\/fr\/wp-content\/uploads\/2024\/01\/zonas-azules-768x768.webp 768w, https:\/\/neuronup.com\/fr\/wp-content\/uploads\/2024\/01\/zonas-azules-1024x1024.webp 1024w, https:\/\/neuronup.com\/fr\/wp-content\/uploads\/2024\/01\/zonas-azules.webp 1200w\" sizes=\"(max-width: 1024px) 100vw, 1024px\" \/><figcaption class=\"wp-element-caption\">Projection de l\u2019augmentation de l\u2019esp\u00e9rance de vie mondiale.<a href=\" https:\/\/es.statista.com\/grafico\/29351\/esperanza-de-vida-al-nacer-estimada-por-region\/\"> https:\/\/es.statista.com\/grafico\/29351\/esperanza-de-vida-al-nacer-estimada-por-region\/<\/a>.<\/figcaption><\/figure>\n<\/div>\n\n\n<p>Compte tenu de ce qui pr\u00e9c\u00e8de, le style de vie <strong>moderne<\/strong>, qui encourage principalement la s\u00e9dentarit\u00e9, ainsi que l\u2019int\u00e9gration de <strong>technologies facilitant la vie<\/strong> tant sur le plan physique que cognitif, une alimentation \u00e0 base de produits transform\u00e9s riches en sucres, sodium, calories et graisses satur\u00e9es, et un rythme de vie stressant, font que ce r\u00eave d\u2019une long\u00e9vit\u00e9 \u00e9tendue est compromis tant en dur\u00e9e qu\u2019en qualit\u00e9. Pourtant, il existe quelques endroits dans le monde o\u00f9 ce r\u00eave de grande long\u00e9vit\u00e9 semble se r\u00e9aliser (Y\u00e1\u00f1ez-Y\u00e1\u00f1ez &amp; Mc Ardle Draguicevic, 2021, p. 155).<\/p>\n\n\n\n<h2 class=\"wp-block-heading\">Zones bleues<\/h2>\n\n\n\n<p>Dans ces zones, non seulement on vit plus longtemps, mais <strong>on vit mieux<\/strong>, car atteindre un \u00e2ge avanc\u00e9 n\u2019est pas synonyme de handicap. Au contraire, les habitants atteignent des \u00e2ges tr\u00e8s \u00e9lev\u00e9s avec <strong>un haut niveau de fonctionnement<\/strong>. Ces r\u00e9gions ont \u00e9t\u00e9 nomm\u00e9es \u00ab zones bleues \u00bb.<\/p>\n\n\n\n<p>Une zone bleue (ZA) est une zone g\u00e9ographiquement d\u00e9limit\u00e9e dont la population pr\u00e9sente une <strong>long\u00e9vit\u00e9 exceptionnellement \u00e9lev\u00e9e<\/strong>, bien que cela ne soit pas li\u00e9 \u00e0 des revenus \u00e9lev\u00e9s ou \u00e0 des soins de sant\u00e9 sp\u00e9cialis\u00e9s. Ces zones ont initialement \u00e9t\u00e9 d\u00e9sign\u00e9es ainsi parce que leurs premiers chercheurs les avaient surlign\u00e9es en bleu.<\/p>\n\n\n\n<p>La carte suivante montre les zones bleues d\u00e9tect\u00e9es \u00e0 ce jour.<\/p>\n\n\n\n<figure class=\"wp-block-image size-full\"><img decoding=\"async\" width=\"1200\" height=\"675\" src=\"https:\/\/neuronup.com\/fr\/wp-content\/uploads\/2024\/01\/zonas-azules-1-1.webp\" alt=\"Carte du monde en turquoise mettant en \u00e9vidence les zones bleues: Loma Linda, Cerdagne, Ikaria, Okinawa et Nicoya.\" class=\"wp-image-28799\" srcset=\"https:\/\/neuronup.com\/fr\/wp-content\/uploads\/2024\/01\/zonas-azules-1-1-300x169.webp 300w, https:\/\/neuronup.com\/fr\/wp-content\/uploads\/2024\/01\/zonas-azules-1-1-768x432.webp 768w, https:\/\/neuronup.com\/fr\/wp-content\/uploads\/2024\/01\/zonas-azules-1-1-1024x576.webp 1024w, https:\/\/neuronup.com\/fr\/wp-content\/uploads\/2024\/01\/zonas-azules-1-1.webp 1200w\" sizes=\"(max-width: 1200px) 100vw, 1200px\" \/><figcaption class=\"wp-element-caption\">Localisation mondiale des zones bleues<a href=\" https:\/\/universidadesazules.org\/zona-azul\/\"> https:\/\/universidadesazules.org\/zona-azul\/<\/a>.<\/figcaption><\/figure>\n\n\n\n<p>Cependant, <strong>les donn\u00e9es<\/strong> sur la long\u00e9vit\u00e9 et l\u2019esp\u00e9rance de vie dans les ZA ne sont pour l\u2019heure <strong>pas concluantes<\/strong>, m\u00eame si ces r\u00e9gions pr\u00e9sentent une proportion plus \u00e9lev\u00e9e de centenaires, y compris par rapport aux pays les plus d\u00e9velopp\u00e9s sur les plans social et \u00e9conomique.<\/p>\n\n\n\n<p>De m\u00eame, une autre difficult\u00e9 pour l\u2019\u00e9tude de ces populations est qu\u2019elles partagent <strong>des caract\u00e9ristiques g\u00e9n\u00e9tiques<\/strong> ainsi qu\u2019un mode de vie, ce qui rend n\u00e9cessaire une \u00e9tude plus approfondie du lien avec une long\u00e9vit\u00e9 accrue. Il est pr\u00e9cis\u00e9 que le vieillissement humain est attribu\u00e9 \u00e0 un m\u00e9lange de facteurs g\u00e9n\u00e9tiques et \u00e9pig\u00e9n\u00e9tiques, soulignant l\u2019importance d\u2019accorder une attention particuli\u00e8re aux facteurs li\u00e9s au mode de vie, plus faciles \u00e0 modifier (Navarro\u2010Pardo, 2015, p. 79).<\/p>\n\n\n\n<h3 class=\"wp-block-heading\">Variables des zones bleues (ZA)<\/h3>\n\n\n\n<p>Parmi les variables impliqu\u00e9es, on note d\u2019abord que <strong>seulement 20 % de la long\u00e9vit\u00e9 est attribu\u00e9e \u00e0 des facteurs g\u00e9n\u00e9tiques<\/strong>, tandis que <strong>80 % serait influenc\u00e9 par l\u2019environnement et les modes de vie<\/strong>. D\u2019autres auteurs estiment que ce facteur g\u00e9n\u00e9tique repr\u00e9sente entre 25 et 30 % de la variabilit\u00e9 de la long\u00e9vit\u00e9.<\/p>\n\n\n\n<div style=\"height:50px\" aria-hidden=\"true\" class=\"wp-block-spacer\"><\/div>\n\n\n\n<div class=\"wp-block-group br-0111 has-primary-background-color has-background has-dark-background has-sm-padding-top has-sm-padding-left has-sm-padding-right has-xxl-margin-top\"><div class=\"wp-block-group__inner-container is-layout-constrained wp-block-group-is-layout-constrained\">\n<div class=\"wp-block-columns is-layout-flex wp-container-core-columns-is-layout-9d6595d7 wp-block-columns-is-layout-flex\">\n<div class=\"wp-block-column is-layout-flow wp-block-column-is-layout-flow\">\n<figure class=\"wp-block-image size-full desktop-position-absolute desktop-bottom-0 mobile-width-50 mobile-m-inline-auto has-xl-margin-top\"><img decoding=\"async\" width=\"292\" height=\"338\" src=\"https:\/\/neuronup.com\/fr\/wp-content\/uploads\/2024\/10\/certificat-produit.webp\" alt=\"\" class=\"wp-image-31568\" srcset=\"https:\/\/neuronup.com\/fr\/wp-content\/uploads\/2024\/10\/certificat-produit-259x300.webp 259w, https:\/\/neuronup.com\/fr\/wp-content\/uploads\/2024\/10\/certificat-produit.webp 292w\" sizes=\"(max-width: 292px) 100vw, 292px\" \/><\/figure>\n<\/div>\n\n\n\n<div class=\"wp-block-column is-layout-flow wp-block-column-is-layout-flow\">\n<h2 class=\"wp-block-heading has-white-color has-text-color\"><strong>Abonnez-vous<\/strong> <br>\u00e0 notre <br>Newsletter<\/h2>\n\n\n\n<div class=\"wp-block-buttons is-layout-flex wp-block-buttons-is-layout-flex\">\n<div class=\"wp-block-button--1\" style=\"--button-outline-color:var(--color-white);--button-outline-color-hover:rgba(0,0,0,0.8);\"><a class=\"wp-block-button__link button button-outline   wp-element-button\" href=\"https:\/\/neuronup.com\/fr\/newsletter\/\">Abonnez-vous<\/a><\/div>\n\n<\/div>\n\n\n\n<div style=\"height:40px\" aria-hidden=\"true\" class=\"wp-block-spacer\"><\/div>\n<\/div>\n<\/div>\n<\/div><\/div>\n\n\n\n\n<div style=\"height:50px\" aria-hidden=\"true\" class=\"wp-block-spacer\"><\/div>\n\n\n\n<h2 class=\"wp-block-heading\">Caract\u00e9ristiques des populations des zones bleues par r\u00e9gion :<\/h2>\n\n\n\n<p>C\u2019est pourquoi il convient de d\u00e9crire ci-dessous les principales caract\u00e9ristiques propres \u00e0 ces populations :<\/p>\n\n\n\n<h3 class=\"wp-block-heading\">1. Icaria (Gr\u00e8ce)<\/h3>\n\n\n\n<p>Les populations vivant dans les zones bleues ont certaines habitudes et modes de vie qui semblent contribuer \u00e0 leur long\u00e9vit\u00e9 exceptionnelle. Ainsi, par exemple, \u00e0 Icaria, une \u00eele grecque de 255 km\u00b2, ses habitants ont <strong>trois fois plus de chances de devenir centenaires<\/strong> que n\u2019importe quel autre endroit dans le monde. De plus, ils pr\u00e9sentent une proportion <strong>dix fois sup\u00e9rieure \u00e0 la moyenne europ\u00e9enne de personnes de 90 ans<\/strong>.<\/p>\n\n\n\n<h4 class=\"wp-block-heading\">Morbidit\u00e9<\/h4>\n\n\n\n<p>En ce qui concerne la morbidit\u00e9 :<\/p>\n\n\n\n<ul class=\"wp-block-list\"><li><strong>le taux d\u2019incidence du cancer est inf\u00e9rieur \u00e0 20 %<\/strong>,<\/li><li>celui des maladies cardiovasculaires est inf\u00e9rieur de 50 %,<\/li><li>il n\u2019y a aucun cas de d\u00e9pression,<\/li><li>il n\u2019y a aucun cas de d\u00e9mence.<\/li><\/ul>\n\n\n\n<h4 class=\"wp-block-heading\">Cl\u00e9s de la long\u00e9vit\u00e9 \u00e0 Icaria (Gr\u00e8ce)<\/h4>\n\n\n\n<p>Une \u00e9tude a recens\u00e9 les cl\u00e9s potentielles de cette long\u00e9vit\u00e9. Rodr\u00edguez-Pardo del Castillo &amp; L\u00f3pez Farr\u00e9 (2017, p. 71-72) soulignent :<\/p>\n\n\n\n<ul class=\"wp-block-list\"><li>Une cause possible est l\u2019<strong>isolement<\/strong> : en raison de leur \u00e9loignement, les anciens conservent encore les m\u00eames habitudes d\u2019il y a un demi-si\u00e8cle, notamment <strong>marcher dans les montagnes escarp\u00e9es de l\u2019\u00eele.<\/strong><\/li><li>De m\u00eame, on met en avant le <strong>r\u00e9gime m\u00e9diterran\u00e9en<\/strong> : beaucoup de centenaires affirment <strong>ne manger que ce qu\u2019ils cultivent et p\u00eachent<\/strong>, et ne pas consommer de viande. Certains estiment qu\u2019un verre de vin \u00e0 la place de l\u2019eau rajeunit. Selon une \u00e9tude du New York Times, les aliments cuisin\u00e9s \u00e0 l\u2019huile d\u2019olive, le climat et l\u2019absence de stress pourraient \u00eatre la cause commune de leur secret. En outre, \u00e0 ce r\u00e9gime m\u00e9diterran\u00e9en s\u2019ajoute la prise quotidienne d\u2019une infusion de plantes de montagne s\u00e9ch\u00e9es telles que la sauge, le thym, la menthe et la camomille.<\/li><li><strong>La sieste de 30 minutes par jour, cinq fois par semaine<\/strong> r\u00e9duit d\u2019un tiers le risque de maladie cardiovasculaire. De m\u00eame, ces insulaires peuvent dormir profond\u00e9ment jusqu\u2019\u00e0 10 heures.<\/li><li>Le taux de mortalit\u00e9 diminue de presque moiti\u00e9 chez les personnes qui entretiennent des <strong>relations sexuelles au moins deux fois par semaine<\/strong> apr\u00e8s 50 ans.<\/li><li><strong>Pratiquer une activit\u00e9 physique quotidienne<\/strong>, comme cultiver un jardin, ce qui les incite \u00e0 sortir pour arroser, d\u00e9sherber et aussi r\u00e9colter.<\/li><li>\u00c0 Icaria (Gr\u00e8ce), ils n\u2019utilisent que des <strong>outils manuels<\/strong>, pr\u00e9parent le pain \u00e0 la main, se d\u00e9placent \u00e0 pied pour aller au supermarch\u00e9 ou au travail.<\/li><li><strong>Vivre d\u00e9lib\u00e9r\u00e9ment et sans h\u00e2te<\/strong> : les insulaires m\u00e8nent un rythme de vie lent, sans pr\u00e9cipitation, prenant le temps d\u2019observer et de vivre, tr\u00e8s similaire aux exercices de m\u00e9ditation.<\/li><\/ul>\n\n\n\n<h3 class=\"wp-block-heading\">2. Okinawa (Japon)<\/h3>\n\n\n\n<p>Par ailleurs, \u00e0 Okinawa (Japon), on observe non seulement une long\u00e9vit\u00e9 remarquable, mais aussi <strong>de faibles taux d\u2019art\u00e9rioscl\u00e9rose, de cancer de l\u2019estomac<\/strong>, ainsi qu\u2019un faible risque de cancer du sein et de la prostate. De m\u00eame, on y rel\u00e8ve des taux plus bas de maladies d\u2019Alzheimer.<\/p>\n\n\n\n<h4 class=\"wp-block-heading\">R\u00e9gime dans la zone bleue d\u2019Okinawa<\/h4>\n\n\n\n<p>Divers auteurs ont mis en avant huit \u00e9l\u00e9ments caract\u00e9ristiques du r\u00e9gime de ces habitants :<\/p>\n\n\n\n<ol class=\"wp-block-list\"><li><strong>Eau :<\/strong> ils consomment entre <strong>huit et douze verres par jour<\/strong>.<\/li><li><strong>Infusions<\/strong> : en particulier le th\u00e9 vert et le th\u00e9 noir, qu\u2019ils boivent purs, sans lait ni \u00e9dulcorants.<\/li><li><strong>Aliments riches en calcium.<\/strong><\/li><li><strong>Viande rouge et \u0153ufs une fois par semaine<\/strong>.<\/li><li>Consommation fr\u00e9quente de <strong>soja<\/strong>.<\/li><li><strong>Poisson<\/strong> : de <strong>une \u00e0 trois portions par jour<\/strong>, particuli\u00e8rement les poissons gras tels que le saumon ou le thon.<\/li><li><strong>Trois \u00e0 cinq tasses de riz<\/strong>, de ma\u00efs ou de p\u00e2tes par jour.<\/li><li><strong>Consommation de fruits et l\u00e9gumes<\/strong>, de pr\u00e9f\u00e9rence crus, notamment carottes, choux, oignons, poivrons et algues.<\/li><\/ol>\n\n\n\n<h4 class=\"wp-block-heading\">Ikigai<\/h4>\n\n\n\n<p>En plus de ce r\u00e9gime hypocalorique, les personnes \u00e2g\u00e9es d\u2019Okinawa pratiquent l\u2019Ikigai, c\u2019est-\u00e0-dire qu\u2019elles ont un <strong>but dans la vie<\/strong>, font <strong>de l\u2019exercice physique<\/strong> et assument souvent des <strong>responsabilit\u00e9s familiales<\/strong>. Le senior est accueilli par la famille, \u00e0 laquelle s\u2019ajoute la dimension spirituelle japonaise.<\/p>\n\n\n\n<h4 class=\"wp-block-heading\">Moais<\/h4>\n\n\n\n<p>On souligne \u00e9galement les relations amicales au sein de groupes appel\u00e9s \u00ab moais \u00bb, compos\u00e9s de <strong>5 amis engag\u00e9s<\/strong> les uns envers les autres, qui favorisent un environnement social.<\/p>\n\n\n\n<h4 class=\"wp-block-heading\">Yuimaru<\/h4>\n\n\n\n<p>Okinawa est une communaut\u00e9 tr\u00e8s soud\u00e9e, o\u00f9 le \u00ab yuimaru \u00bb, signifiant cercle relationnel, rev\u00eat une grande importance. Par exemple, ils poss\u00e8dent des <strong>jardins potagers<\/strong> familiaux et communautaires.<\/p>\n\n\n\n<p>Toutes ces activit\u00e9s, ainsi que <strong>la p\u00eache et d\u2019autres travaux<\/strong>, maintiennent les personnes actives m\u00eame \u00e0 des \u00e2ges tr\u00e8s avanc\u00e9s (90 ans et plus), d\u2019autant plus qu\u2019elles se d\u00e9roulent en plein air, ce qui leur permet de s\u2019exposer au soleil et de synth\u00e9tiser de la vitamine D, favorisant ainsi le renforcement des os.<\/p>\n\n\n\n<h4 class=\"wp-block-heading\">Mode de vie favorisant le statut de zone bleue d\u2019Okinawa<\/h4>\n\n\n\n<p>Enfin, d\u2019autres modes de vie ont \u00e9t\u00e9 identifi\u00e9s comme contribuant \u00e0 leur grande long\u00e9vit\u00e9 :<\/p>\n\n\n\n<ul class=\"wp-block-list\"><li><strong>80 % des personnes \u00e2g\u00e9es vivent seules<\/strong>, sans d\u00e9pendance, leur \u00e9tat de sant\u00e9 le permettant.<\/li><li>Ils se d\u00e9placent g\u00e9n\u00e9ralement <strong>\u00e0 v\u00e9lo ou \u00e0 pied<\/strong>.<\/li><li>Il est remarquable que le <strong>taux de DHEA<\/strong>, pr\u00e9curseur de l&rsquo;\u0153strog\u00e8ne et de la testost\u00e9rone, soit <strong>diminu\u00e9<\/strong>.<\/li><li><strong>Ils se l\u00e8vent tr\u00e8s t\u00f4t et se couchent tr\u00e8s t\u00f4t<\/strong>.<\/li><\/ul>\n\n\n\n<h3 class=\"wp-block-heading\">3. Loma Linda (Californie \u2013 \u00c9tats-Unis)<\/h3>\n\n\n\n<p>Pendant ce temps, \u00e0 l\u2019autre bout du monde dans le continent am\u00e9ricain, la localit\u00e9 de Loma Linda pr\u00e9sente une particularit\u00e9 : plus de la moiti\u00e9 de ses habitants appartiennent \u00e0 l\u2019<strong>\u00c9glise adventiste du septi\u00e8me jour<\/strong>, et l\u2019appartenance \u00e0 cette communaut\u00e9 semble \u00eatre le principal facteur expliquant leur long\u00e9vit\u00e9.<\/p>\n\n\n\n<p>Ainsi, par exemple, le samedi (<strong>Sabbat<\/strong>) est consacr\u00e9 au repos : ils ne font aucun travail. De m\u00eame, ils ont <strong>des habitudes sociales telles que ne pas fumer<\/strong>, <strong>ne pas boire d\u2019alcool<\/strong> et la majorit\u00e9 d\u2019entre eux <strong>ne mangent pas de viande<\/strong>. Leur r\u00e9gime est principalement compos\u00e9 de c\u00e9r\u00e9ales compl\u00e8tes, de fruits frais et de fruits secs ; ils ne consomment ni caf\u00e9ine ni aliments riches en graisses satur\u00e9es.<\/p>\n\n\n\n<p>On souligne \u00e9galement la <strong>religiosit\u00e9<\/strong>, \u00e0 laquelle on attribue habituellement une augmentation de 4 \u00e0 14 ans de l\u2019esp\u00e9rance de vie. Il a \u00e9t\u00e9 montr\u00e9 que ce facteur permet de mieux g\u00e9rer les \u00e9motions en grandissant avec un but sup\u00e9rieur et donc de r\u00e9duire les situations de stress.<\/p>\n\n\n\n<p>Il en ressort que les habitants de Loma Linda <strong>meurent des m\u00eames maladies, mais \u00e0 des \u00e2ges beaucoup plus avanc\u00e9s<\/strong>, car ils font de l\u2019exercice, se couchent t\u00f4t, vivent sans alcool ni tabac, et prient Dieu.<\/p>\n\n\n\n<h3 class=\"wp-block-heading\">4. Nicoya (Costa Rica)<\/h3>\n\n\n\n<p>Cette p\u00e9ninsule est consid\u00e9r\u00e9e comme la <strong>plus grande zone bleue de long\u00e9vit\u00e9<\/strong> au monde, ce qui contraste avec son statut de <strong>zone extr\u00eamement pauvre<\/strong>, confront\u00e9e \u00e0 la malnutrition et \u00e0 des probl\u00e8mes d\u2019hygi\u00e8ne.<\/p>\n\n\n\n<p>Une recherche visant \u00e0 \u00e9valuer l\u2019existence d\u2019un <strong>facteur g\u00e9n\u00e9tique<\/strong> influent a identifi\u00e9 que les Nicoyans perdent plus de paires de t\u00e9lom\u00e8res par an, mais pr\u00e9sentent une longueur de t\u00e9lom\u00e8res presque similaire \u00e0 celle des personnes b\u00e9n\u00e9ficiant de certains comportements sains tels que la pratique d\u2019exercice.<\/p>\n\n\n\n<p>En outre, \u00e0 Nicoya, on a \u00e9galement identifi\u00e9 des habitudes telles que consommer des aliments frais et non transform\u00e9s, <strong>donner la priorit\u00e9 au repos et aux amiti\u00e9s<\/strong> et int\u00e9grer une activit\u00e9 physique r\u00e9guli\u00e8re au quotidien.<\/p>\n\n\n\n<p>Leur r\u00e9gime est principalement riche en aliments complets tels que courge, ma\u00efs et banane plantain, avec une consommation relativement faible de viande. Une grande partie de leurs aliments est r\u00e9colt\u00e9e par eux\u2010m\u00eames.<\/p>\n\n\n\n<p>On a \u00e9galement identifi\u00e9 comme particularit\u00e9 que cette r\u00e9gion poss\u00e8de une eau riche en calcium, entra\u00eenant des taux plus faibles de maladies cardiaques, des os plus solides et moins de fractures de la hanche.<\/p>\n\n\n\n<h3 class=\"wp-block-heading\">5. Sardaigne (Italie)<\/h3>\n\n\n\n<p>Enfin, pour cette derni\u00e8re zone bleue, la cl\u00e9 de leur long\u00e9vit\u00e9 r\u00e9side dans le <strong>r\u00e9gime m\u00e9diterran\u00e9en<\/strong>, riche en huile d\u2019olive, en fruits \u00e0 coque, en l\u00e9gumes et en fruits frais.<\/p>\n\n\n\n<p>De plus, l\u2019isolement v\u00e9cu par cette population a favoris\u00e9 l\u2019apparition de marques g\u00e9n\u00e9tiques associ\u00e9es \u00e0 la long\u00e9vit\u00e9.<\/p>\n\n\n\n<p>De m\u00eame, cette population conserve encore de nombreux <strong>travaux manuels<\/strong>, exigeant un effort physique parfois plus intense qu\u2019une s\u00e9ance de salle de sport.<\/p>\n\n\n\n<p>Ils forment une <strong>communaut\u00e9<\/strong> qui entretient des relations saines avec leur entourage. Personne ne vit seul, m\u00eame s\u2019il est seul chez lui. Ils restent ind\u00e9pendants, font le m\u00e9nage de leur maison, vont chez leurs voisins \u00e0 pied, ce qui maintient leur m\u00e9tabolisme \u00e0 un niveau \u00e9lev\u00e9.<\/p>\n\n\n\n<h2 class=\"wp-block-heading\">Conclusion<\/h2>\n\n\n\n<h3 class=\"wp-block-heading\">Caract\u00e9ristiques communes des zones bleues<\/h3>\n\n\n\n<p>Ces cinq zones bleues partagent les <strong>caract\u00e9ristiques renfor\u00e7ant ces modes de vie et habitudes saines<\/strong> suivantes (Cavallini Solano et al., 2022, p. 99) :<\/p>\n\n\n\n<ol class=\"wp-block-list\"><li>activit\u00e9 physique quotidienne et naturelle,<\/li><li>but dans la vie,<\/li><li>routines de gestion du stress,<\/li><li>apport alimentaire r\u00e9duit, consommation de l\u00e9gumineuses,<\/li><li>consommation mod\u00e9r\u00e9e d\u2019alcool,<\/li><li>appartenance \u00e0 des communaut\u00e9s de foi,<\/li><li>d\u00e9vouement \u00e0 la famille,<\/li><li>r\u00e9seaux de soutien familiaux et communautaires.<\/li><\/ol>\n\n\n\n<p>Il est important d\u2019\u00e9tudier ces populations. Car, sans aucun doute, elles \u00e9tablissent les jalons de ce qui est consid\u00e9r\u00e9 comme le <strong><a href=\"https:\/\/neuronup.com\/fr\/cas-d-usage-vieillissement-normal\/\">vieillissement en bonne sant\u00e9<\/a><\/strong> et mettent en \u00e9vidence les modes de vie permettant de vivre longtemps sans que cela implique handicap, maladie ou solitude.<\/p>\n\n\n\n<p>Ces zones bleues prennent toute leur importance dans une population de plus en plus vieillissante, confront\u00e9e \u00e0 une augmentation des maladies neurologiques et d\u00e9mencielles, et dans laquelle des changements de mode de vie peuvent pr\u00e9venir efficacement leur apparition.<\/p>\n\n\n\n<h2 class=\"wp-block-heading\">Bibliographie<\/h2>\n\n\n\n<ul class=\"wp-block-list\"><li class=\"has-sm-font-size\">Figueroa Suarez, J. A., Bravo Cevallos, D. M., &amp; Guillen Mendoza, R. V. (2019). Sant\u00e9, l\u2019esp\u00e9rance et le co\u00fbt de la vie Health, hope and cost of living. <em>Revista Arbitrada Interdisciplinaria de Ciencias de la Salud. SALUD Y VIDA<\/em>, <em>3<\/em>(6), 278-299. http:\/\/dx.doi.org\/10.35381\/s.v.v3i6.322<\/li><li class=\"has-sm-font-size\">Navarro-Pardo, E. (2015). Pourquoi nous int\u00e9ressent les zones bleues ? <em>Conversas de Psicologia e do Envelhecimento Ativo<\/em>, 77-91. ResearchGate. https:\/\/www.researchgate.net\/publication\/283625085_Por_que_nos_interesan_las_Zonas_Azules<\/li><li class=\"has-sm-font-size\">Rodriguez &#8211; Pardo del Castillo, J. M., &amp; L\u00f3pez Farr\u00e9, A. (2017). <em>Long\u00e9vit\u00e9 et vieillissement au troisi\u00e8me mill\u00e9naire : Nouveaux regards<\/em> (1re \u00e9d.). Fundaci\u00f3n Mapfre. https:\/\/www.escueladepensamiento.org\/wp-content\/uploads\/2021\/03\/00000001_compressed.pdf<\/li><li class=\"has-sm-font-size\">Y\u00e1\u00f1ez-Y\u00e1\u00f1ez, R., &amp; Mc Ardle Draguicevic, N. (2021). Zones bleues : long\u00e9vit\u00e9 populationnelle, un espoir de la soci\u00e9t\u00e9. <em>Rev Med Chile<\/em>, (149), 147-158. https:\/\/www.scielo.cl\/pdf\/rmc\/v149n1\/0717-6163-rmc-149-01-0154.pdf<\/li><\/ul>\n\n\n\n<h3 class=\"wp-block-heading\">Si vous avez aim\u00e9 cet article sur les zones bleues, cela pourrait aussi vous int\u00e9resser :<\/h3>\n\n<div class=\"mai-grid entries entries-grid has-boxed has-image-full\" style=\"--entry-title-font-size:var(--font-size-lg);--align-text:start;--entry-meta-text-align:start;\"><div class=\"entries-wrap has-columns\" style=\"--columns-xs:1\/1;--columns-sm:1\/1;--columns-md:1\/3;--columns-lg:1\/3;--flex-xs:0 0 var(--flex-basis);--flex-sm:0 0 var(--flex-basis);--flex-md:0 0 var(--flex-basis);--flex-lg:0 0 var(--flex-basis);--column-gap:var(--spacing-lg);--row-gap:var(--spacing-lg);--align-columns:start;\"><article class=\"entry entry-grid is-column has-entry-link has-image has-image-first type-post category-nouveautes-neuronup tag-investigation tag-nouveautes-de-neuronup\" style=\"--entry-index:1;\" aria-label=\"La maladie d&rsquo;Alzheimer en tant que concept clinico-biologique : recommandation d&rsquo;un groupe de travail international\" itemscope itemtype=\"https:\/\/schema.org\/CreativeWork\"><a class=\"entry-image-link\" href=\"https:\/\/neuronup.com\/fr\/nouveautes-neuronup\/la-maladie-dalzheimer-en-tant-que-concept-clinico-biologique-recommandation-dun-groupe-de-travail-international\/\" tabindex=\"-1\" aria-hidden=\"true\"><img decoding=\"async\" width=\"400\" height=\"300\" src=\"https:\/\/neuronup.com\/fr\/wp-content\/uploads\/2025\/02\/La-maladie-dAlzheimer-en-tant-que-concept-clinico-biologique-recommandation-dun-groupe-de-travail-international-400x300.webp\" class=\"entry-image size-landscape-sm\" alt=\"Homme \u00e2g\u00e9 \u00e0 barbe grise r\u00e9solvant un puzzle, polo ray\u00e9, soutenu par une personne, cadre lumineux et apaisant.\" srcset=\"https:\/\/neuronup.com\/fr\/wp-content\/uploads\/2025\/02\/La-maladie-dAlzheimer-en-tant-que-concept-clinico-biologique-recommandation-dun-groupe-de-travail-international-400x300.webp 400w, https:\/\/neuronup.com\/fr\/wp-content\/uploads\/2025\/02\/La-maladie-dAlzheimer-en-tant-que-concept-clinico-biologique-recommandation-dun-groupe-de-travail-international-800x600.webp 800w\" sizes=\"(max-width:599px) 599px, (min-width:600px) and (max-width: 799px) 799px, (min-width:800px) and (max-width: 999px) 333px, (min-width:1000px) 400px\" \/><\/a><div class=\"entry-wrap entry-wrap-grid\"><h3 class=\"entry-title\" itemprop=\"headline\"><a class=\"entry-title-link\" href=\"https:\/\/neuronup.com\/fr\/nouveautes-neuronup\/la-maladie-dalzheimer-en-tant-que-concept-clinico-biologique-recommandation-dun-groupe-de-travail-international\/\" rel=\"bookmark\">La maladie d&rsquo;Alzheimer en tant que concept clinico-biologique : recommandation d&rsquo;un groupe de travail international<\/a><\/h3>\n<\/div><\/article><article class=\"entry entry-grid is-column has-entry-link has-image has-image-first type-post category-alzheimer tag-maladie-dalzheimer tag-maladies-neurodegeneratives tag-personnes-agees\" style=\"--entry-index:2;\" aria-label=\"CEAFA revendique la valeur de l\u2019aidant des personnes atteintes de la maladie d\u2019Alzheimer\" itemscope itemtype=\"https:\/\/schema.org\/CreativeWork\"><a class=\"entry-image-link\" href=\"https:\/\/neuronup.com\/fr\/actualites-de-la-stimulation-cognitive\/maladies-neurodegeneratives\/alzheimer\/aidant-des-personnes-atteintes-dalzheimer\/\" tabindex=\"-1\" aria-hidden=\"true\"><img decoding=\"async\" width=\"211\" height=\"300\" src=\"https:\/\/neuronup.com\/fr\/wp-content\/uploads\/2021\/10\/cuidador-de-las-personas-con-Alzheimer-1.webp\" class=\"entry-image size-landscape-sm\" alt=\"Affichage promotionnel Journ\u00e9e mondiale de l\u2019Alzheimer : logo c\u0153ur avec C, texte DE CUIDADOR et CON &#039;C&#039; DE CEAPA, fond clair.\" srcset=\"https:\/\/neuronup.com\/fr\/wp-content\/uploads\/2021\/10\/cuidador-de-las-personas-con-Alzheimer-1-211x300.webp 211w, https:\/\/neuronup.com\/fr\/wp-content\/uploads\/2021\/10\/cuidador-de-las-personas-con-Alzheimer-1-720x1024.webp 720w, https:\/\/neuronup.com\/fr\/wp-content\/uploads\/2021\/10\/cuidador-de-las-personas-con-Alzheimer-1.webp 768w\" sizes=\"(max-width:599px) 599px, (min-width:600px) and (max-width: 799px) 799px, (min-width:800px) and (max-width: 999px) 333px, (min-width:1000px) 400px\" \/><\/a><div class=\"entry-wrap entry-wrap-grid\"><h3 class=\"entry-title\" itemprop=\"headline\"><a class=\"entry-title-link\" href=\"https:\/\/neuronup.com\/fr\/actualites-de-la-stimulation-cognitive\/maladies-neurodegeneratives\/alzheimer\/aidant-des-personnes-atteintes-dalzheimer\/\" rel=\"bookmark\">CEAFA revendique la valeur de l\u2019aidant des personnes atteintes de la maladie d\u2019Alzheimer<\/a><\/h3>\n<\/div><\/article><article class=\"entry entry-grid is-column has-entry-link has-image has-image-first type-post category-nouveautes-neuronup tag-neuronup\" style=\"--entry-index:3;\" aria-label=\"Les courbes d&#8217;\u00e9volution arrivent chez NeuronUP\" itemscope itemtype=\"https:\/\/schema.org\/CreativeWork\"><a class=\"entry-image-link\" href=\"https:\/\/neuronup.com\/fr\/nouveautes-neuronup\/les-courbes-devolution-arrivent-chez-neuronup\/\" tabindex=\"-1\" aria-hidden=\"true\"><img decoding=\"async\" width=\"400\" height=\"300\" src=\"https:\/\/neuronup.com\/fr\/wp-content\/uploads\/2024\/11\/NeuronUP-Score-Blog-400x300.webp\" class=\"entry-image size-landscape-sm\" alt=\"Capture d&#039;\u00e9cran de l&#039;interface NeuronUP montrant le score global et des courbes d&#039;\u00e9volution, avec le label NeuronUP Score.\" srcset=\"https:\/\/neuronup.com\/fr\/wp-content\/uploads\/2024\/11\/NeuronUP-Score-Blog-400x300.webp 400w, https:\/\/neuronup.com\/fr\/wp-content\/uploads\/2024\/11\/NeuronUP-Score-Blog-800x600.webp 800w, https:\/\/neuronup.com\/fr\/wp-content\/uploads\/2024\/11\/NeuronUP-Score-Blog-1200x900.webp 1200w\" sizes=\"(max-width:599px) 599px, (min-width:600px) and (max-width: 799px) 799px, (min-width:800px) and (max-width: 999px) 333px, (min-width:1000px) 400px\" \/><\/a><div class=\"entry-wrap entry-wrap-grid\"><h3 class=\"entry-title\" itemprop=\"headline\"><a class=\"entry-title-link\" href=\"https:\/\/neuronup.com\/fr\/nouveautes-neuronup\/les-courbes-devolution-arrivent-chez-neuronup\/\" rel=\"bookmark\">Les courbes d&#8217;\u00e9volution arrivent chez NeuronUP<\/a><\/h3>\n<\/div><\/article><article class=\"entry entry-grid is-column has-entry-link has-image has-image-first type-post category-troubles-neuro-developpementaux tag-activites-de-stimulation-cognitive tag-enfants tag-stimulation-cognitive tag-temoignages\" style=\"--entry-index:4;\" aria-label=\"Stimulation cognitive pour les enfants en milieu clinique et scolaire\" itemscope itemtype=\"https:\/\/schema.org\/CreativeWork\"><a class=\"entry-image-link\" href=\"https:\/\/neuronup.com\/fr\/actualites-de-la-stimulation-cognitive\/troubles-neuro-developpementaux\/stimulation-cognitive-pour-les-enfants-en-milieu-clinique-et-scolaire\/\" tabindex=\"-1\" aria-hidden=\"true\"><img decoding=\"async\" width=\"400\" height=\"300\" src=\"https:\/\/neuronup.com\/fr\/wp-content\/uploads\/2024\/11\/image-1200x725-1-400x300.webp\" class=\"entry-image size-landscape-sm\" alt=\"Enfant assis devant deux ordinateurs: \u00e9cran paysage et tableau de jeu circulaire, espace lumineux; logo &#039;Otaudy&#039; en haut \u00e0 droite.\" srcset=\"https:\/\/neuronup.com\/fr\/wp-content\/uploads\/2024\/11\/image-1200x725-1-400x300.webp 400w, https:\/\/neuronup.com\/fr\/wp-content\/uploads\/2024\/11\/image-1200x725-1-800x600.webp 800w\" sizes=\"(max-width:599px) 599px, (min-width:600px) and (max-width: 799px) 799px, (min-width:800px) and (max-width: 999px) 333px, (min-width:1000px) 400px\" \/><\/a><div class=\"entry-wrap entry-wrap-grid\"><h3 class=\"entry-title\" itemprop=\"headline\"><a class=\"entry-title-link\" href=\"https:\/\/neuronup.com\/fr\/actualites-de-la-stimulation-cognitive\/troubles-neuro-developpementaux\/stimulation-cognitive-pour-les-enfants-en-milieu-clinique-et-scolaire\/\" rel=\"bookmark\">Stimulation cognitive pour les enfants en milieu clinique et scolaire<\/a><\/h3>\n<\/div><\/article><article class=\"entry entry-grid is-column has-entry-link has-image has-image-first type-post category-nouveautes-neuronup tag-nouveautes-de-neuronup\" style=\"--entry-index:5;\" aria-label=\"NeuronUP obtient la certification ISO 27001:2022 !\" itemscope itemtype=\"https:\/\/schema.org\/CreativeWork\"><a class=\"entry-image-link\" href=\"https:\/\/neuronup.com\/fr\/nouveautes-neuronup\/neuronup-obtient-la-certification-iso-270012022\/\" tabindex=\"-1\" aria-hidden=\"true\"><img decoding=\"async\" width=\"400\" height=\"300\" src=\"https:\/\/neuronup.com\/fr\/wp-content\/uploads\/2025\/02\/Certificado_ISO_portada-400x300.webp\" class=\"entry-image size-landscape-sm\" alt=\"Badge de certification ISO 27001:2022 affichant A+ en haut, Aplus au centre, code S1-1066\/25 et bordure orange.\" srcset=\"https:\/\/neuronup.com\/fr\/wp-content\/uploads\/2025\/02\/Certificado_ISO_portada-400x300.webp 400w, https:\/\/neuronup.com\/fr\/wp-content\/uploads\/2025\/02\/Certificado_ISO_portada-800x600.webp 800w\" sizes=\"(max-width:599px) 599px, (min-width:600px) and (max-width: 799px) 799px, (min-width:800px) and (max-width: 999px) 333px, (min-width:1000px) 400px\" \/><\/a><div class=\"entry-wrap entry-wrap-grid\"><h3 class=\"entry-title\" itemprop=\"headline\"><a class=\"entry-title-link\" href=\"https:\/\/neuronup.com\/fr\/nouveautes-neuronup\/neuronup-obtient-la-certification-iso-270012022\/\" rel=\"bookmark\">NeuronUP obtient la certification ISO 27001:2022 !<\/a><\/h3>\n<\/div><\/article><article class=\"entry entry-grid is-column has-entry-link has-image has-image-first type-post category-nouveautes-neuronup tag-neuro-reeducation tag-neuronup2go\" style=\"--entry-index:6;\" aria-label=\"L&#8217;intervention \u00e0 distance en temps de pand\u00e9mie de COVID-19\" itemscope itemtype=\"https:\/\/schema.org\/CreativeWork\"><a class=\"entry-image-link\" href=\"https:\/\/neuronup.com\/fr\/nouveautes-neuronup\/lintervention-a-distance-en-temps-de-pandemie\/\" tabindex=\"-1\" aria-hidden=\"true\"><img decoding=\"async\" width=\"400\" height=\"300\" src=\"https:\/\/neuronup.com\/fr\/wp-content\/uploads\/2024\/11\/Therapie-occupationnelle-et-lesion-cerebrale-62-2-400x300.webp\" class=\"entry-image size-landscape-sm\" alt=\"Personne devant un \u00e9cran d\u2019ordinateur affichant un jeu de lettres interactif; visioconf\u00e9rence avec une autre personne.\" srcset=\"https:\/\/neuronup.com\/fr\/wp-content\/uploads\/2024\/11\/Therapie-occupationnelle-et-lesion-cerebrale-62-2-400x300.webp 400w, https:\/\/neuronup.com\/fr\/wp-content\/uploads\/2024\/11\/Therapie-occupationnelle-et-lesion-cerebrale-62-2-800x600.webp 800w, https:\/\/neuronup.com\/fr\/wp-content\/uploads\/2024\/11\/Therapie-occupationnelle-et-lesion-cerebrale-62-2-1200x900.webp 1200w\" sizes=\"(max-width:599px) 599px, (min-width:600px) and (max-width: 799px) 799px, (min-width:800px) and (max-width: 999px) 333px, (min-width:1000px) 400px\" \/><\/a><div class=\"entry-wrap entry-wrap-grid\"><h3 class=\"entry-title\" itemprop=\"headline\"><a class=\"entry-title-link\" href=\"https:\/\/neuronup.com\/fr\/nouveautes-neuronup\/lintervention-a-distance-en-temps-de-pandemie\/\" rel=\"bookmark\">L&#8217;intervention \u00e0 distance en temps de pand\u00e9mie de COVID-19<\/a><\/h3>\n<\/div><\/article><\/div><\/div>","protected":false},"excerpt":{"rendered":"<p>La neuropsychologue Diana Carolina G\u00f3mez Blanco nous explique dans cet article ce que sont les zones bleues (ZA) et le secret de la long\u00e9vit\u00e9 de leurs habitants, en mettant particuli\u00e8rement l\u2019accent sur les caract\u00e9ristiques, les cl\u00e9s et les styles de vie des populations des ZA. Les zones bleues et le secret de la long\u00e9vit\u00e9 Depuis &hellip;<\/p>\n","protected":false},"author":282,"featured_media":28800,"comment_status":"open","ping_status":"open","sticky":false,"template":"","format":"standard","meta":{"_acf_changed":false,"_genesis_hide_title":false,"_genesis_hide_breadcrumbs":false,"_genesis_hide_singular_image":false,"_genesis_hide_footer_widgets":false,"_genesis_custom_body_class":"","_genesis_custom_post_class":"","_genesis_layout":"","footnotes":""},"categories":[592],"tags":[993,806,1001],"class_list":{"2":"type-post","7":"category-vieillissement-normal","8":"tag-maladies-neurodegeneratives","9":"tag-personnes-agees","10":"tag-vieillissement-normal","11":"entry"},"acf":[],"_links":{"self":[{"href":"https:\/\/neuronup.com\/fr\/wp-json\/wp\/v2\/posts\/28792","targetHints":{"allow":["GET"]}}],"collection":[{"href":"https:\/\/neuronup.com\/fr\/wp-json\/wp\/v2\/posts"}],"about":[{"href":"https:\/\/neuronup.com\/fr\/wp-json\/wp\/v2\/types\/post"}],"author":[{"embeddable":true,"href":"https:\/\/neuronup.com\/fr\/wp-json\/wp\/v2\/users\/282"}],"replies":[{"embeddable":true,"href":"https:\/\/neuronup.com\/fr\/wp-json\/wp\/v2\/comments?post=28792"}],"version-history":[{"count":0,"href":"https:\/\/neuronup.com\/fr\/wp-json\/wp\/v2\/posts\/28792\/revisions"}],"wp:featuredmedia":[{"embeddable":true,"href":"https:\/\/neuronup.com\/fr\/wp-json\/wp\/v2\/media\/28800"}],"wp:attachment":[{"href":"https:\/\/neuronup.com\/fr\/wp-json\/wp\/v2\/media?parent=28792"}],"wp:term":[{"taxonomy":"category","embeddable":true,"href":"https:\/\/neuronup.com\/fr\/wp-json\/wp\/v2\/categories?post=28792"},{"taxonomy":"post_tag","embeddable":true,"href":"https:\/\/neuronup.com\/fr\/wp-json\/wp\/v2\/tags?post=28792"}],"curies":[{"name":"wp","href":"https:\/\/api.w.org\/{rel}","templated":true}]}}