{"id":28531,"date":"2025-07-19T09:02:42","date_gmt":"2025-07-19T09:02:42","guid":{"rendered":"https:\/\/neuronup.com\/?p=28531"},"modified":"2025-07-19T09:02:42","modified_gmt":"2025-07-19T09:02:42","slug":"neuropsychologie-clinique-en-neurochirurgie-de-lepilepsie-pediatrique","status":"publish","type":"post","link":"https:\/\/neuronup.com\/fr\/neurosciences\/neuropsychologie-et-informations\/neuropsychologie-clinique-en-neurochirurgie-de-lepilepsie-pediatrique\/","title":{"rendered":"Neuropsychologie clinique dans la neurochirurgie de l\u2019\u00e9pilepsie p\u00e9diatrique"},"content":{"rendered":"\n<p class=\"has-xl-font-size\">\u00c0 l\u2019occasion de la Journ\u00e9e internationale de l\u2019\u00e9pilepsie, l\u2019\u00e9tudiant en psychologie Cristian Francisco Liebanas Vega nous parle dans cet article de la <strong>neuropsychologie clinique en neurochirurgie de l\u2019\u00e9pilepsie p\u00e9diatrique.<\/strong> Il nous explique pr\u00e9cis\u00e9ment ce qu\u2019est l\u2019\u00e9pilepsie, les types et causes d\u2019\u00e9pilepsie, les stades de la crise \u00e9pileptique et les syndromes \u00e9pileptiques associ\u00e9s \u00e0 des manifestations cognitives. De plus, Liebanas souligne <strong>l\u2019importance de l\u2019\u00e9valuation neuropsychologique et de la neuror\u00e9habilitation chez les patients \u00e9pileptiques<\/strong>.<\/p>\n\n\n\n<h2 class=\"wp-block-heading\">D\u00e9finition et consid\u00e9rations cliniques de l\u2019\u00e9pilepsie<\/h2>\n\n\n\n<p>L\u2019<strong>\u00e9pilepsie<\/strong>, tout comme d\u2019autres troubles du neurod\u00e9veloppement, n\u2019est pas une entit\u00e9 pathologique unique. Bien que la caract\u00e9ristique distinctive de l\u2019\u00e9pilepsie soit la r\u00e9currence des crises, une proportion significative d\u2019enfants et d\u2019adolescents pr\u00e9sente <strong>des difficult\u00e9s intellectuelles, cognitives et comportementales<\/strong>.<\/p>\n\n\n\n<h3 class=\"wp-block-heading\">Crise, \u00e9pilepsie et syndrome \u00e9pileptique<\/h3>\n\n\n\n<p>Le d\u00e9nominateur commun de l\u2019\u00e9pilepsie est la <strong>crise<\/strong>. Selon la Ligue internationale contre l\u2019\u00e9pilepsie (ILAE), une crise se d\u00e9finit par \u00ab l\u2019apparition transitoire de signes ou de sympt\u00f4mes dus \u00e0 une <strong>activit\u00e9 neuronale excessive<\/strong> ou <strong>synchrone dans le cerveau<\/strong> \u00bb.<\/p>\n\n\n\n<h4 class=\"wp-block-heading\">Types de crises \u00e9pileptiques<\/h4>\n\n\n\n<p>On distingue deux types fondamentaux de crises \u00e9pileptiques :<\/p>\n\n\n\n<h5 class=\"wp-block-heading\">1. Crise focale<\/h5>\n\n\n\n<p><strong>Excitabilit\u00e9 localis\u00e9e<\/strong> d\u2019origine corticale ou sous-corticale <strong>au sein de r\u00e9seaux limit\u00e9s \u00e0 un h\u00e9misph\u00e8re<\/strong>, pouvant \u00eatre plus <strong>localis\u00e9e ou r\u00e9partie<\/strong>.<\/p>\n\n\n\n<h6 class=\"wp-block-heading\"><strong>Modes de manifestation<\/strong><\/h6>\n\n\n\n<p>Dans ce type de crise, la conscience peut \u00eatre pr\u00e9serv\u00e9e ou alt\u00e9r\u00e9e et l\u2019on peut observer diff\u00e9rentes manifestations :<\/p>\n\n\n\n<ul class=\"wp-block-list\">\n  <li><strong>D\u00e9but avec signes moteurs<\/strong> : pouvant inclure des automatismes moteurs. On distingue plusieurs types de crise :\n    <ul>\n      <li>crises atoniques,<\/li>\n      <li>cloniques,<\/li>\n      <li>hyperkin\u00e9tiques,<\/li>\n      <li>myocloniques,<\/li>\n      <li>toniques,<\/li>\n      <li>d\u00e9but non moteur (automatiques).<\/li>\n    <\/ul>\n  <\/li>\n  <li>Manifestations de la fonction automatique telles que <strong>sueur, variations de temp\u00e9rature, hypersalivation<\/strong>, etc.<\/li>\n  <li><strong>Sensitives<\/strong> : fourmillements, sensation de chaud ou de froid, odeurs intenses, alt\u00e9rations visuelles ou douleur.<\/li>\n  <li><strong>Cognitives<\/strong> : difficult\u00e9s <strong>de langage ou de fonctions cognitives sp\u00e9cifiques<\/strong> (aphasie, apraxie ou n\u00e9gligence).<\/li>\n  <li>D\u00e9faillances mn\u00e9siques, <strong>sensation de d\u00e9j\u00e0-vu<\/strong>, pens\u00e9es r\u00e9p\u00e9titives, hallucinations, etc.<\/li>\n  <li><strong>\u00c9motionnelles<\/strong> : r\u00e9actions intenses sans rapport avec la situation, peur, agressivit\u00e9, pleurs, rires ou pleurs brusques, etc.<\/li>\n<\/ul>\n\n<div class=\"mai-grid entries entries-grid has-boxed has-image-full\" style=\"--entry-title-font-size:var(--font-size-lg);--align-text:start;--entry-meta-text-align:start;\"><div class=\"entries-wrap has-columns\" style=\"--columns-xs:1\/1;--columns-sm:1\/1;--columns-md:1\/3;--columns-lg:1\/3;--flex-xs:0 0 var(--flex-basis);--flex-sm:0 0 var(--flex-basis);--flex-md:0 0 var(--flex-basis);--flex-lg:0 0 var(--flex-basis);--column-gap:var(--spacing-lg);--row-gap:var(--spacing-lg);--align-columns:start;\"><article class=\"entry entry-grid is-column has-entry-link has-image has-image-first type-post category-activites-de-cognition-sociale tag-cognition-sociale\" style=\"--entry-index:1;\" aria-label=\"Feuille de travail : Associer mot et \u00e9motion\" itemscope itemtype=\"https:\/\/schema.org\/CreativeWork\"><a class=\"entry-image-link\" href=\"https:\/\/neuronup.com\/fr\/activites-de-neuro-reeducation\/activites-pour-les-fonctions-cognitives\/activites-de-cognition-sociale\/feuille-de-travail-associer-mot-et-emotion\/\" tabindex=\"-1\" aria-hidden=\"true\"><img decoding=\"async\" width=\"400\" height=\"300\" src=\"https:\/\/neuronup.com\/fr\/wp-content\/uploads\/2024\/11\/Associer-mot-et-emotion-400x300.webp\" class=\"entry-image size-landscape-sm\" alt=\"Quatre photos d&#039;expressions faciales align\u00e9es avec les mots \u00e9motionnels: stup\u00e9faction, anxi\u00e9t\u00e9, rejet et joie.\" srcset=\"https:\/\/neuronup.com\/fr\/wp-content\/uploads\/2024\/11\/Associer-mot-et-emotion-400x300.webp 400w, https:\/\/neuronup.com\/fr\/wp-content\/uploads\/2024\/11\/Associer-mot-et-emotion-800x600.webp 800w, https:\/\/neuronup.com\/fr\/wp-content\/uploads\/2024\/11\/Associer-mot-et-emotion-1200x900.webp 1200w\" sizes=\"(max-width:599px) 599px, (min-width:600px) and (max-width: 799px) 799px, (min-width:800px) and (max-width: 999px) 333px, (min-width:1000px) 400px\" \/><\/a><div class=\"entry-wrap entry-wrap-grid\"><h3 class=\"entry-title\" itemprop=\"headline\"><a class=\"entry-title-link\" href=\"https:\/\/neuronup.com\/fr\/activites-de-neuro-reeducation\/activites-pour-les-fonctions-cognitives\/activites-de-cognition-sociale\/feuille-de-travail-associer-mot-et-emotion\/\" rel=\"bookmark\">Feuille de travail : Associer mot et \u00e9motion<\/a><\/h3>\n<\/div><\/article><article class=\"entry entry-grid is-column has-entry-link has-image has-image-first type-post category-activites-de-gnosies tag-activites-de-stimulation-cognitive tag-actualites-de-neuronup tag-gnosies\" style=\"--entry-index:2;\" aria-label=\"Activit\u00e9 de gnosies visuelles pour adultes\" itemscope itemtype=\"https:\/\/schema.org\/CreativeWork\"><a class=\"entry-image-link\" href=\"https:\/\/neuronup.com\/fr\/activites-de-neuro-reeducation\/activites-pour-les-fonctions-cognitives\/activites-de-gnosies\/activite-de-gnosies-visuelles-pour-adultes-2\/\" tabindex=\"-1\" aria-hidden=\"true\"><img decoding=\"async\" width=\"400\" height=\"272\" src=\"https:\/\/neuronup.com\/fr\/wp-content\/uploads\/2022\/01\/ES-clasifica-el-dinero-NeuronUP-2-1.webp\" class=\"entry-image size-landscape-sm\" alt=\"Billets et pi\u00e8ces en euros sur fond bleu, regroup\u00e9s par valeur, illustrant une activit\u00e9 de gnosies visuelles pour adultes.\" srcset=\"https:\/\/neuronup.com\/fr\/wp-content\/uploads\/2022\/01\/ES-clasifica-el-dinero-NeuronUP-2-1-300x204.webp 300w, https:\/\/neuronup.com\/fr\/wp-content\/uploads\/2022\/01\/ES-clasifica-el-dinero-NeuronUP-2-1-768x522.webp 768w, https:\/\/neuronup.com\/fr\/wp-content\/uploads\/2022\/01\/ES-clasifica-el-dinero-NeuronUP-2-1-1024x696.webp 1024w, https:\/\/neuronup.com\/fr\/wp-content\/uploads\/2022\/01\/ES-clasifica-el-dinero-NeuronUP-2-1.webp 1200w\" sizes=\"(max-width:599px) 599px, (min-width:600px) and (max-width: 799px) 799px, (min-width:800px) and (max-width: 999px) 333px, (min-width:1000px) 400px\" \/><\/a><div class=\"entry-wrap entry-wrap-grid\"><h3 class=\"entry-title\" itemprop=\"headline\"><a class=\"entry-title-link\" href=\"https:\/\/neuronup.com\/fr\/activites-de-neuro-reeducation\/activites-pour-les-fonctions-cognitives\/activites-de-gnosies\/activite-de-gnosies-visuelles-pour-adultes-2\/\" rel=\"bookmark\">Activit\u00e9 de gnosies visuelles pour adultes<\/a><\/h3>\n<\/div><\/article><article class=\"entry entry-grid is-column has-entry-link has-image has-image-first type-post category-nouveautes-neuronup tag-actualites-de-neuronup\" style=\"--entry-index:3;\" aria-label=\"Convention de stages UNIR Latam et NeuronUP\" itemscope itemtype=\"https:\/\/schema.org\/CreativeWork\"><a class=\"entry-image-link\" href=\"https:\/\/neuronup.com\/fr\/nouveautes-neuronup\/convention-de-stages-unir-latam-et-neuronup\/\" tabindex=\"-1\" aria-hidden=\"true\"><img decoding=\"async\" width=\"212\" height=\"300\" src=\"https:\/\/neuronup.com\/fr\/wp-content\/uploads\/2024\/11\/convenio-UNIR-2.webp\" class=\"entry-image size-landscape-sm\" alt=\"Annonce UNIR avec visuels modernes invitant \u00e0 rejoindre un r\u00e9seau de partenaires pour le master en neuropsychologie.\" srcset=\"https:\/\/neuronup.com\/fr\/wp-content\/uploads\/2024\/11\/convenio-UNIR-2-212x300.webp 212w, https:\/\/neuronup.com\/fr\/wp-content\/uploads\/2024\/11\/convenio-UNIR-2-724x1024.webp 724w, https:\/\/neuronup.com\/fr\/wp-content\/uploads\/2024\/11\/convenio-UNIR-2-768x1087.webp 768w, https:\/\/neuronup.com\/fr\/wp-content\/uploads\/2024\/11\/convenio-UNIR-2-1086x1536.webp 1086w, https:\/\/neuronup.com\/fr\/wp-content\/uploads\/2024\/11\/convenio-UNIR-2.webp 1200w\" sizes=\"(max-width:599px) 599px, (min-width:600px) and (max-width: 799px) 799px, (min-width:800px) and (max-width: 999px) 333px, (min-width:1000px) 400px\" \/><\/a><div class=\"entry-wrap entry-wrap-grid\"><h3 class=\"entry-title\" itemprop=\"headline\"><a class=\"entry-title-link\" href=\"https:\/\/neuronup.com\/fr\/nouveautes-neuronup\/convention-de-stages-unir-latam-et-neuronup\/\" rel=\"bookmark\">Convention de stages UNIR Latam et NeuronUP<\/a><\/h3>\n<\/div><\/article><article class=\"entry entry-grid is-column has-entry-link has-image has-image-first type-post category-formation tag-formacion-universitaria tag-neuropsychologie tag-stimulation-cognitive tag-temoignages\" style=\"--entry-index:4;\" aria-label=\"Comment l&rsquo;Universit\u00e9 Internationale de Valence (VIU) innove dans la formation universitaire en stimulation cognitive avec NeuronUP\" itemscope itemtype=\"https:\/\/schema.org\/CreativeWork\"><a class=\"entry-image-link\" href=\"https:\/\/neuronup.com\/fr\/formation\/comme-luniversite-internationale-de-valence-viu-innove-dans-la-formation-universitaire-en-stimulation-cognitive-avec-neuronup\/\" tabindex=\"-1\" aria-hidden=\"true\"><img decoding=\"async\" width=\"400\" height=\"224\" src=\"https:\/\/neuronup.com\/fr\/wp-content\/uploads\/2025\/09\/Como-la-Universidad-Internacional-de-Valencia-VIU-innova-en-la-formacion-universitaria-en-estimulacion-cognitiva-con-NeuronUP.webp\" class=\"entry-image size-landscape-sm\" alt=\"Fa\u00e7ade d&#039;une universit\u00e9 \u00e0 Valence avec des fen\u00eatres d\u00e9cor\u00e9es en orange et l&#039;enseigne VIU, \u00e9clairage naturel et architecture moderne.\" srcset=\"https:\/\/neuronup.com\/fr\/wp-content\/uploads\/2025\/09\/Como-la-Universidad-Internacional-de-Valencia-VIU-innova-en-la-formacion-universitaria-en-estimulacion-cognitiva-con-NeuronUP-300x168.webp 300w, https:\/\/neuronup.com\/fr\/wp-content\/uploads\/2025\/09\/Como-la-Universidad-Internacional-de-Valencia-VIU-innova-en-la-formacion-universitaria-en-estimulacion-cognitiva-con-NeuronUP-768x431.webp 768w, https:\/\/neuronup.com\/fr\/wp-content\/uploads\/2025\/09\/Como-la-Universidad-Internacional-de-Valencia-VIU-innova-en-la-formacion-universitaria-en-estimulacion-cognitiva-con-NeuronUP-1024x575.webp 1024w, https:\/\/neuronup.com\/fr\/wp-content\/uploads\/2025\/09\/Como-la-Universidad-Internacional-de-Valencia-VIU-innova-en-la-formacion-universitaria-en-estimulacion-cognitiva-con-NeuronUP.webp 1203w\" sizes=\"(max-width:599px) 599px, (min-width:600px) and (max-width: 799px) 799px, (min-width:800px) and (max-width: 999px) 333px, (min-width:1000px) 400px\" \/><\/a><div class=\"entry-wrap entry-wrap-grid\"><h3 class=\"entry-title\" itemprop=\"headline\"><a class=\"entry-title-link\" href=\"https:\/\/neuronup.com\/fr\/formation\/comme-luniversite-internationale-de-valence-viu-innove-dans-la-formation-universitaire-en-stimulation-cognitive-avec-neuronup\/\" rel=\"bookmark\">Comment l&rsquo;Universit\u00e9 Internationale de Valence (VIU) innove dans la formation universitaire en stimulation cognitive avec NeuronUP<\/a><\/h3>\n<\/div><\/article><article class=\"entry entry-grid is-column has-entry-link has-image has-image-first type-post category-activites-dattention tag-activites-de-stimulation-cognitive tag-attention\" style=\"--entry-index:5;\" aria-label=\"Fiche pour travailler l&rsquo;h\u00e9min\u00e9gligence chez les adultes : Comparaison de textes\" itemscope itemtype=\"https:\/\/schema.org\/CreativeWork\"><a class=\"entry-image-link\" href=\"https:\/\/neuronup.com\/fr\/activites-de-neuro-reeducation\/activites-pour-les-fonctions-cognitives\/activites-dattention\/fiche-pour-travailler-lheminegligence-avec-des-adultes-comparaison-de-textes\/\" tabindex=\"-1\" aria-hidden=\"true\"><img decoding=\"async\" width=\"392\" height=\"300\" src=\"https:\/\/neuronup.com\/fr\/wp-content\/uploads\/2023\/12\/Ficha-para-trabajar-la-heminegligencia-con-adultos.webp\" class=\"entry-image size-landscape-sm\" alt=\"Deux textes en espagnol s\u00e9par\u00e9s par une ligne sur la pollution plastique des oc\u00e9ans, barre de lecture interactive en bas.\" srcset=\"https:\/\/neuronup.com\/fr\/wp-content\/uploads\/2023\/12\/Ficha-para-trabajar-la-heminegligencia-con-adultos-300x230.webp 300w, https:\/\/neuronup.com\/fr\/wp-content\/uploads\/2023\/12\/Ficha-para-trabajar-la-heminegligencia-con-adultos-768x588.webp 768w, https:\/\/neuronup.com\/fr\/wp-content\/uploads\/2023\/12\/Ficha-para-trabajar-la-heminegligencia-con-adultos-1024x783.webp 1024w, https:\/\/neuronup.com\/fr\/wp-content\/uploads\/2023\/12\/Ficha-para-trabajar-la-heminegligencia-con-adultos.webp 1200w\" sizes=\"(max-width:599px) 599px, (min-width:600px) and (max-width: 799px) 799px, (min-width:800px) and (max-width: 999px) 333px, (min-width:1000px) 400px\" \/><\/a><div class=\"entry-wrap entry-wrap-grid\"><h3 class=\"entry-title\" itemprop=\"headline\"><a class=\"entry-title-link\" href=\"https:\/\/neuronup.com\/fr\/activites-de-neuro-reeducation\/activites-pour-les-fonctions-cognitives\/activites-dattention\/fiche-pour-travailler-lheminegligence-avec-des-adultes-comparaison-de-textes\/\" rel=\"bookmark\">Fiche pour travailler l&rsquo;h\u00e9min\u00e9gligence chez les adultes : Comparaison de textes<\/a><\/h3>\n<\/div><\/article><article class=\"entry entry-grid is-column has-entry-link has-image has-image-first type-post category-methodes-et-techniques-dintervention-therapeutique-et-psychologique tag-adultes tag-personnes-agees tag-vieillissement-normal\" style=\"--entry-index:6;\" aria-label=\"Biofeedback de la VFC pour am\u00e9liorer la cognition chez les personnes \u00e2g\u00e9es : Un outil fond\u00e9 sur des preuves\" itemscope itemtype=\"https:\/\/schema.org\/CreativeWork\"><a class=\"entry-image-link\" href=\"https:\/\/neuronup.com\/fr\/actualites-de-la-stimulation-cognitive\/methodes-et-techniques-dintervention-therapeutique-et-psychologique\/biofeedback-de-la-variabilite-de-la-frequence-cardiaque-pour-ameliorer-la-cognition-chez-les-personnes-agees-une-outil-basee-sur-des-preuves\/\" tabindex=\"-1\" aria-hidden=\"true\"><img decoding=\"async\" width=\"400\" height=\"229\" src=\"https:\/\/neuronup.com\/fr\/wp-content\/uploads\/2025\/08\/Biofeedback-de-la-VFC-para-mejorar-la-cognicion-en-adultos-mayores-Una-herramienta-basada-en-evidencia.webp\" class=\"entry-image size-landscape-sm\" alt=\"M\u00e9decin en blouse blanche tenant une montre connect\u00e9e affichant un trac\u00e9 de fr\u00e9quence cardiaque, dans un cadre clinique moderne.\" srcset=\"https:\/\/neuronup.com\/fr\/wp-content\/uploads\/2025\/08\/Biofeedback-de-la-VFC-para-mejorar-la-cognicion-en-adultos-mayores-Una-herramienta-basada-en-evidencia-300x172.webp 300w, https:\/\/neuronup.com\/fr\/wp-content\/uploads\/2025\/08\/Biofeedback-de-la-VFC-para-mejorar-la-cognicion-en-adultos-mayores-Una-herramienta-basada-en-evidencia-768x439.webp 768w, https:\/\/neuronup.com\/fr\/wp-content\/uploads\/2025\/08\/Biofeedback-de-la-VFC-para-mejorar-la-cognicion-en-adultos-mayores-Una-herramienta-basada-en-evidencia-1024x585.webp 1024w, https:\/\/neuronup.com\/fr\/wp-content\/uploads\/2025\/08\/Biofeedback-de-la-VFC-para-mejorar-la-cognicion-en-adultos-mayores-Una-herramienta-basada-en-evidencia.webp 1200w\" sizes=\"(max-width:599px) 599px, (min-width:600px) and (max-width: 799px) 799px, (min-width:800px) and (max-width: 999px) 333px, (min-width:1000px) 400px\" \/><\/a><div class=\"entry-wrap entry-wrap-grid\"><h3 class=\"entry-title\" itemprop=\"headline\"><a class=\"entry-title-link\" href=\"https:\/\/neuronup.com\/fr\/actualites-de-la-stimulation-cognitive\/methodes-et-techniques-dintervention-therapeutique-et-psychologique\/biofeedback-de-la-variabilite-de-la-frequence-cardiaque-pour-ameliorer-la-cognition-chez-les-personnes-agees-une-outil-basee-sur-des-preuves\/\" rel=\"bookmark\">Biofeedback de la VFC pour am\u00e9liorer la cognition chez les personnes \u00e2g\u00e9es : Un outil fond\u00e9 sur des preuves<\/a><\/h3>\n<\/div><\/article><\/div><\/div>","protected":false},"excerpt":{"rendered":"<p>\u00c0 l\u2019occasion de la Journ\u00e9e internationale de l\u2019\u00e9pilepsie, l\u2019\u00e9tudiant en psychologie Cristian Francisco Liebanas Vega nous parle dans cet article de la neuropsychologie clinique en neurochirurgie de l\u2019\u00e9pilepsie p\u00e9diatrique. Il nous explique pr\u00e9cis\u00e9ment ce qu\u2019est l\u2019\u00e9pilepsie, les types et causes d\u2019\u00e9pilepsie, les stades de la crise \u00e9pileptique et les syndromes \u00e9pileptiques associ\u00e9s \u00e0 des manifestations &hellip;<\/p>\n","protected":false},"author":252,"featured_media":28536,"comment_status":"open","ping_status":"open","sticky":false,"template":"","format":"standard","meta":{"_acf_changed":false,"_genesis_hide_title":false,"_genesis_hide_breadcrumbs":false,"_genesis_hide_singular_image":false,"_genesis_hide_footer_widgets":false,"_genesis_custom_body_class":"","_genesis_custom_post_class":"","_genesis_layout":"","footnotes":""},"categories":[598],"tags":[669],"class_list":{"2":"type-post","7":"category-neuropsychologie-et-informations","8":"tag-neuropsychologie","9":"entry"},"acf":[],"_links":{"self":[{"href":"https:\/\/neuronup.com\/fr\/wp-json\/wp\/v2\/posts\/28531","targetHints":{"allow":["GET"]}}],"collection":[{"href":"https:\/\/neuronup.com\/fr\/wp-json\/wp\/v2\/posts"}],"about":[{"href":"https:\/\/neuronup.com\/fr\/wp-json\/wp\/v2\/types\/post"}],"author":[{"embeddable":true,"href":"https:\/\/neuronup.com\/fr\/wp-json\/wp\/v2\/users\/252"}],"replies":[{"embeddable":true,"href":"https:\/\/neuronup.com\/fr\/wp-json\/wp\/v2\/comments?post=28531"}],"version-history":[{"count":0,"href":"https:\/\/neuronup.com\/fr\/wp-json\/wp\/v2\/posts\/28531\/revisions"}],"wp:featuredmedia":[{"embeddable":true,"href":"https:\/\/neuronup.com\/fr\/wp-json\/wp\/v2\/media\/28536"}],"wp:attachment":[{"href":"https:\/\/neuronup.com\/fr\/wp-json\/wp\/v2\/media?parent=28531"}],"wp:term":[{"taxonomy":"category","embeddable":true,"href":"https:\/\/neuronup.com\/fr\/wp-json\/wp\/v2\/categories?post=28531"},{"taxonomy":"post_tag","embeddable":true,"href":"https:\/\/neuronup.com\/fr\/wp-json\/wp\/v2\/tags?post=28531"}],"curies":[{"name":"wp","href":"https:\/\/api.w.org\/{rel}","templated":true}]}}