{"id":27816,"date":"2025-07-22T09:02:42","date_gmt":"2025-07-22T09:02:42","guid":{"rendered":"https:\/\/neuronup.com\/?p=27816"},"modified":"2025-07-22T09:02:42","modified_gmt":"2025-07-22T09:02:42","slug":"traitement-emotionnel-dans-la-schizophrenie","status":"publish","type":"post","link":"https:\/\/neuronup.com\/fr\/actualites-de-la-stimulation-cognitive\/maladie-mentale\/schizophrenie\/traitement-emotionnel-dans-la-schizophrenie\/","title":{"rendered":"Traitement \u00e9motionnel dans la schizophr\u00e9nie"},"content":{"rendered":"\n<p class=\"has-xl-font-size\">Le docteur en psychologie Carlos Rebolleda nous parle du <strong>traitement \u00e9motionnel dans la<\/strong> <strong>schizophr\u00e9nie.<\/strong><\/p>\n\n\n\n<p>Le terme traitement \u00e9motionnel dans la <strong>schizophr\u00e9nie<\/strong> fait r\u00e9f\u00e9rence \u00e0 la capacit\u00e9 de l\u2019individu \u00e0 percevoir et \u00e0 utiliser les diff\u00e9rentes \u00e9motions de mani\u00e8re adaptative (Green et Horan, 2010).<\/p>\n\n\n\n<p>L\u2019<strong>intelligence \u00e9motionnelle<\/strong>, d\u00e9finie comme un ensemble de quatre composantes (identification \u00e9motionnelle, facilitation \u00e9motionnelle, connaissance \u00e9motionnelle et gestion \u00e9motionnelle) (Mayer et Salovey, 1997), est devenue un mod\u00e8le de r\u00e9f\u00e9rence pour l\u2019\u00e9tude du traitement \u00e9motionnel.<\/p>\n\n\n\n<h2 class=\"wp-block-heading\">\u00c9valuation du traitement \u00e9motionnel<\/h2>\n\n\n\n<p>Il existe actuellement diff\u00e9rentes mesures couramment utilis\u00e9es pour \u00e9valuer certains domaines du traitement \u00e9motionnel, les plus pertinentes sont les suivantes :<\/p>\n\n\n\n<ul class=\"wp-block-list\">\n<li><strong>Pictures of Facial Affect (Ekman, 1976)<\/strong>&nbsp;: Cet instrument se compose de 110 photographies de visages montrant l\u2019une des six \u00e9motions de base. La t\u00e2che consiste \u00e0 identifier l\u2019\u00e9motion exprim\u00e9e par chacun des visages.<\/li>\n\n\n\n<li><strong>T\u00e2che d\u2019identification de l\u2019\u00e9motion faciale (Facial Emotion Identification Task, FEIT) (Kerr et Neale, 1993)<\/strong>&nbsp;: Elle utilise 19 photographies de visages illustrant une des six \u00e9motions de base. Apr\u00e8s la pr\u00e9sentation de chacune, il faut identifier l\u2019\u00e9motion que montre le visage propos\u00e9.<\/li>\n\n\n\n<li><strong>Test d\u2019\u00e9valuation de la reconnaissance des \u00e9motions (PERE) (Gil-Sanz et al., 2017)<\/strong>&nbsp;: Compos\u00e9 de 56 photographies repr\u00e9sentant les diff\u00e9rentes \u00e9motions de base. Il consiste \u00e0 identifier l\u2019\u00e9motion dans chacune des photographies pr\u00e9sent\u00e9es.<\/li>\n\n\n\n<li><strong>T\u00e2che de discrimination de l\u2019\u00e9motion faciale (Facial Emotion Discrimination Test, FEDT) (Kerr et Neale, 1993)<\/strong>&nbsp;: elle comprend 30 paires de photographies de visages de personnes du m\u00eame sexe. Les photos sont pr\u00e9sent\u00e9es deux par deux et il faut d\u00e9cider si les deux visages expriment la m\u00eame \u00e9motion.<\/li>\n\n\n\n<li><strong>Test d\u2019identification de l\u2019\u00e9motion vocale (Kerr et Neale, 1993)<\/strong>&nbsp;: Il se compose de 21 phrases \u00e0 contenu neutre prononc\u00e9es par des voix masculines et f\u00e9minines avec une intonation destin\u00e9e \u00e0 exprimer l\u2019une des six \u00e9motions de base. Apr\u00e8s la pr\u00e9sentation de chaque phrase, on demande au sujet d\u2019identifier l\u2019\u00e9motion avec laquelle elle a \u00e9t\u00e9 prononc\u00e9e.<\/li>\n\n\n\n<li><strong>The Bell-Lysaker Emotion Recognition Task (BLERT) (Bell, Bryson et Lysaker, 1997)<\/strong>&nbsp;: Il consiste en 21 vid\u00e9os dans lesquelles un acteur d\u00e9clame, avec l\u2019une des six \u00e9motions de base, trois monologues \u00e0 contenu neutre. Apr\u00e8s chaque vid\u00e9o, on demande au sujet quelle \u00e9motion, selon lui, l\u2019acteur a exprim\u00e9e en pronon\u00e7ant le monologue.<\/li>\n<\/ul>\n\n\n\n<div style=\"height:50px\" aria-hidden=\"true\" class=\"wp-block-spacer\"><\/div>\n\n\n\n<div class=\"wp-block-group br-0111 has-primary-background-color has-background has-dark-background has-sm-padding-top has-sm-padding-left has-sm-padding-right has-xxl-margin-top\"><div class=\"wp-block-group__inner-container is-layout-constrained wp-block-group-is-layout-constrained\">\n<div class=\"wp-block-columns is-layout-flex wp-container-core-columns-is-layout-9d6595d7 wp-block-columns-is-layout-flex\">\n<div class=\"wp-block-column is-layout-flow wp-block-column-is-layout-flow\">\n<figure class=\"wp-block-image size-full desktop-position-absolute desktop-bottom-0 mobile-width-50 mobile-m-inline-auto has-xl-margin-top\"><img decoding=\"async\" width=\"292\" height=\"338\" src=\"https:\/\/neuronup.com\/fr\/wp-content\/uploads\/2024\/10\/certificat-produit.webp\" alt=\"\" class=\"wp-image-31568\" srcset=\"https:\/\/neuronup.com\/fr\/wp-content\/uploads\/2024\/10\/certificat-produit-259x300.webp 259w, https:\/\/neuronup.com\/fr\/wp-content\/uploads\/2024\/10\/certificat-produit.webp 292w\" sizes=\"(max-width: 292px) 100vw, 292px\" \/><\/figure>\n<\/div>\n\n\n\n<div class=\"wp-block-column is-layout-flow wp-block-column-is-layout-flow\">\n<h2 class=\"wp-block-heading has-white-color has-text-color\"><strong>Abonnez-vous<\/strong> <br>\u00e0 notre <br>Newsletter<\/h2>\n\n\n\n<div class=\"wp-block-buttons is-layout-flex wp-block-buttons-is-layout-flex\">\n<div class=\"wp-block-button--1\" style=\"--button-outline-color:var(--color-white);--button-outline-color-hover:rgba(0,0,0,0.8);\"><a class=\"wp-block-button__link button button-outline   wp-element-button\" href=\"https:\/\/neuronup.com\/fr\/newsletter\/\">Abonnez-vous<\/a><\/div>\n\n<\/div>\n\n\n\n<div style=\"height:40px\" aria-hidden=\"true\" class=\"wp-block-spacer\"><\/div>\n<\/div>\n<\/div>\n<\/div><\/div>\n\n\n\n\n<div style=\"height:50px\" aria-hidden=\"true\" class=\"wp-block-spacer\"><\/div>\n\n\n\n<ul class=\"wp-block-list\">\n<li><strong>Facial Expression of Emotion: Stimuli and Test (FEEST) (Young, Perrett, Calder, Sprengelmeyer et Ekman, 2002)<\/strong>&nbsp;: La t\u00e2che consiste \u00e0 identifier les \u00e9motions affich\u00e9es par 60 photographies de visages. Apr\u00e8s chaque photographie, qui montre l\u2019une des \u00e9motions de base, il faut choisir laquelle de ces six \u00e9motions est repr\u00e9sent\u00e9e.<\/li>\n\n\n\n<li><strong>Prosody Task (Pijnenborg, Withaar, Van den Bosch et Brouwer, 2007)<\/strong>&nbsp;: Elle comprend 16 phrases \u00e0 contenu neutre enregistr\u00e9es, ainsi que huit structures syllabiques prononc\u00e9es, d\u2019une part de mani\u00e8re neutre et, d\u2019autre part, en utilisant cinq des six \u00e9motions de base, \u00e0 savoir la d\u00e9tresse, la peur, la tristesse, la joie et la surprise. Les sujets doivent identifier l\u2019\u00e9motion avec laquelle ces phrases et structures syllabiques sont prononc\u00e9es.<\/li>\n\n\n\n<li><strong>Mayer-Salovey-Caruso Emotional Intelligence Test (MSCEIT) (Mayer, Salovey et Caruso, 2002)<\/strong>&nbsp;: Con\u00e7u pour \u00e9valuer l\u2019intelligence \u00e9motionnelle envisag\u00e9e comme une capacit\u00e9. Il s\u2019agit d\u2019un test d\u2019aptitude dont les r\u00e9ponses refl\u00e8tent des attitudes r\u00e9elles pour r\u00e9soudre des probl\u00e8mes \u00e9motionnels.<\/li>\n<\/ul>\n\n\n\n<h3 class=\"wp-block-heading\">En quoi consiste-t-il ?<\/h3>\n\n\n\n<p>Le test est compos\u00e9 de <strong>141 items r\u00e9partis<\/strong> en huit t\u00e2ches (visages, dessins, facilitation, sensations, changements, combinaisons, gestion \u00e9motionnelle, relations \u00e9motionnelles) qui <strong>fournissent des scores<\/strong> pour chacune des quatre principales dimensions de l\u2019intelligence \u00e9motionnelle selon le mod\u00e8le de Mayer et Salovey (1997) (perception \u00e9motionnelle, facilitation \u00e9motionnelle, compr\u00e9hension \u00e9motionnelle, gestion \u00e9motionnelle).<\/p>\n\n\n\n<p>Il permet \u00e9galement d\u2019obtenir un score total d\u2019<strong>intelligence \u00e9motionnelle<\/strong>, ainsi que des scores pour les deux dimensions (exp\u00e9rientielle et strat\u00e9gique) qui composent ce quotient. Kee et al. (2009) ont v\u00e9rifi\u00e9 les bonnes caract\u00e9ristiques psychom\u00e9triques du test sur un \u00e9chantillon de <strong>patients diagnostiqu\u00e9s atteints de schizophr\u00e9nie.<\/strong><\/p>\n\n\n\n<h2 class=\"wp-block-heading\">D\u00e9ficits dans la schizophr\u00e9nie<\/h2>\n\n\n\n<p>Les principaux d\u00e9ficits dans la schizophr\u00e9nie concernent la <strong>perception des \u00e9motions n\u00e9gatives<\/strong>. Par exemple, Kohler et al. (2003) observent que les patients diagnostiqu\u00e9s atteints de schizophr\u00e9nie ont des difficult\u00e9s \u00e0 reconna\u00eetre <strong>la peur et le d\u00e9go\u00fbt<\/strong> ; ils rencontrent \u00e9galement des probl\u00e8mes pour reconna\u00eetre des visages qui pourraient \u00eatre consid\u00e9r\u00e9s comme neutres, car ils ont g\u00e9n\u00e9ralement tendance \u00e0 attribuer \u00e0 ces expressions des \u00e9motions n\u00e9gatives.<\/p>\n\n\n\n<p>Les d\u00e9ficits dans le traitement \u00e9motionnel sont pr\u00e9sents \u00e0 toutes les phases de la maladie, et il a \u00e9t\u00e9 constat\u00e9 qu\u2019ils sont <strong>plus s\u00e9v\u00e8res chez les patients en phase aigu\u00eb<\/strong>. Ainsi, Comparelli et al. (2013) retrouvent ces d\u00e9ficits chez les patients \u00e0 haut risque de d\u00e9velopper une schizophr\u00e9nie, chez ceux en premier \u00e9pisode et enfin chez ceux pr\u00e9sentant un profil chronique.<\/p>\n\n\n\n<p>Dans certaines \u00e9tudes (Green et Phillips, 2004 ; Russell, Green, Simpson et Coltheart, 2008 ; Williams, Loughland, Gordon et Davidson, 1999), il a \u00e9t\u00e9 observ\u00e9 que la plupart des individus diagnostiqu\u00e9s avec une schizophr\u00e9nie <strong>consacrent moins de temps<\/strong> que les sujets non atteints de la pathologie <strong>\u00e0 l\u2019analyse des traits faciaux<\/strong> dans les t\u00e2ches de reconnaissance des \u00e9motions.<\/p>\n\n\n\n<p>Enfin, des \u00e9tudes de neuroimagerie ont mis en \u00e9vidence des anomalies structurelles dans plusieurs zones c\u00e9r\u00e9brales g\u00e9n\u00e9ralement associ\u00e9es au traitement \u00e9motionnel. Ces anomalies sont localis\u00e9es <strong>dans le gyrus fusiforme, le sillon temporom\u00e9dian, l\u2019amygdale et le cortex pr\u00e9frontal<\/strong> (Marwick et Hall, 2008).<\/p>\n\n\n\n<h2 class=\"wp-block-heading\">Bibliographie<\/h2>\n\n\n\n<ul class=\"wp-block-list\">\n<li class=\"has-sm-font-size\">Bell, M. D., Bryson, G., et Lysaker, P. (1997). Positive and negative affect recognition in schizophrenia: a comparison with substance abuse and normal control subjects. <em>Psychiatry Research<\/em>, <em>73<\/em>(1), 73-82.<\/li>\n\n\n\n<li class=\"has-sm-font-size\">Comparelli, A., De Carolis, A., Corigliano, V., Di Pietro, S., Trovini, G., Granese, C., \u2026 et Girardi, P. (2013). Symptom correlates of facial emotion recognition impairment in schizophrenia. <em>Psychopathology<\/em>, <em>47<\/em>(1), 65-70.<\/li>\n\n\n\n<li class=\"has-sm-font-size\">Ekman, P. (1976). <em>Pictures of facial affect<\/em>. Palo Alto, CA : Consulting Psychologists Press.<\/li>\n\n\n\n<li class=\"has-sm-font-size\">Gil-Sanz, D., Fern\u00e1ndez-Modamio, M., Bengochea-Seco, R., Arrieta-Rodr\u00edguez, M., Gonz\u00e1lez-Fraile, E., P\u00e9rez-Fuentes, G., \u2026 et Santos-Zorroz\u00faa, B. (2017). PERE: Una nueva herramienta para valorar el reconocimiento de las emociones b\u00e1sicas y su aplicaci\u00f3n en la esquizofrenia. <em>Revista de Psicopatolog\u00eda y Psicolog\u00eda Cl\u00ednica<\/em>, <em>22<\/em>(2), 85-93.<\/li>\n\n\n\n<li class=\"has-sm-font-size\">Green, M. F., et Horan, W. P. (2010). Social cognition in schizophrenia. <em>Current Directions in Psychological Science<\/em>, <em>19<\/em>(4), 243-248.<\/li>\n\n\n\n<li class=\"has-sm-font-size\">Green, M. F., et Phillips, M. L. (2004). Social threat perception and the evolution of paranoia. <em>Neuroscience &amp; Biobehavioral Reviews<\/em>, <em>28<\/em>(3), 333-342.<\/li>\n\n\n\n<li class=\"has-sm-font-size\">Kee, K. S., Horan, W. P., Salovey, P., Kern, R. S., Sergi, M. J., Fiske, A. P., \u2026 et Green, M. F. (2009). Emotional intelligence in schizophrenia. <em>Schizophrenia Research<\/em>, <em>107<\/em>(1), 61-68.<\/li>\n\n\n\n<li class=\"has-sm-font-size\">Kerr, S. L., et Neale, J. M. (1993). Emotion perception in schizophrenia: specific deficit or further evidence of generalized poor performance ? <em>Journal of Abnormal Psychology<\/em>, <em>102<\/em>(2), 312-318.<\/li>\n\n\n\n<li class=\"has-sm-font-size\">Kohler, C. G., Turner, T. H., Bilker, W. B., Brensinger, C., Siegel, S. J., Kanes, S. J., \u2026 et Gur, R. C. (2003). Facial emotion recognition in schizophrenia: intensity effects and error pattern. <em>American Journal of Psychiatry<\/em>, <em>160<\/em>(10), 1768-1774.<\/li>\n\n\n\n<li class=\"has-sm-font-size\">Marwick, K., et Hall, J. (2008). Social cognition in schizophrenia: a review of face processing. <em>British Medical Bulletin<\/em>, <em>88<\/em>(1), 43-58.<\/li>\n\n\n\n<li class=\"has-sm-font-size\">Mayer, J. D., et Salovey, P. (1997). What is emotional intelligence ? In P. Salovey et D. Sluyter (Eds), <em>Emotional development and emotional intelligence: implications for educators<\/em> (pp. 3-31). New York, NY : Basic Books.<\/li>\n\n\n\n<li class=\"has-sm-font-size\">Mayer, J. D., Salovey, P., et Caruso, D. R. (2002). <em>Mayer-Salovey-Caruso Emotional Intelligence Test (MSCEIT): User\u2019s Manual<\/em>. Toronto, ON : Multi-Health Systems Inc.<\/li>\n\n\n\n<li class=\"has-sm-font-size\">Pijnenborg, G. H. M., Withaar, F. K., Van den Bosch, R. J., et Brouwer, W. H. (2007). Impaired perception of negative emotional prosody in schizophrenia. <em>The Clinical Neuropsychologist<\/em>, <em>21<\/em>(5), 762-775.<\/li>\n\n\n\n<li class=\"has-sm-font-size\">Russell, T. A., Green, M. J., Simpson, I., et Coltheart, M. (2008). Remediation of facial emotion perception in schizophrenia: concomitant changes in visual attention. <em>Schizophrenia Research<\/em>, <em>103<\/em>(1-3), 248-253.<\/li>\n\n\n\n<li class=\"has-sm-font-size\">Williams, L. M., Loughland, C. M., Gordon, E., et Davidson, D. (1999). Visual scanpaths in schizophrenia : is there a deficit in face recognition ? <em>Schizophrenia Research<\/em>, <em>40<\/em>(3), 189-199.<\/li>\n\n\n\n<li class=\"has-sm-font-size\">Young, A. W., Perrett, D., Calder, A., Sprengelmeyer, R., et Ekman, P. (2002). <em>The facial expressions of emotion: stimuli and test, manual<\/em>. Bury St. Edmunds, UK : Thames Valley Test Company.<\/li>\n<\/ul>\n\n\n\n<h3 class=\"wp-block-heading\">Si vous avez appr\u00e9ci\u00e9 cet article sur le <strong>traitement \u00e9motionnel dans la schizophr\u00e9nie<\/strong>, ces publications de NeuronUP pourraient vous int\u00e9resser :<\/h3>\n\n<div class=\"mai-grid entries entries-grid has-boxed has-image-full\" style=\"--entry-title-font-size:var(--font-size-lg);--align-text:start;--entry-meta-text-align:start;\"><div class=\"entries-wrap has-columns\" style=\"--columns-xs:1\/1;--columns-sm:1\/1;--columns-md:1\/3;--columns-lg:1\/3;--flex-xs:0 0 var(--flex-basis);--flex-sm:0 0 var(--flex-basis);--flex-md:0 0 var(--flex-basis);--flex-lg:0 0 var(--flex-basis);--column-gap:var(--spacing-lg);--row-gap:var(--spacing-lg);--align-columns:start;\"><article class=\"entry entry-grid is-column has-entry-link has-image has-image-first type-post category-dyslexie tag-dyslexie tag-enfants tag-troubles-du-neuro-developpement\" style=\"--entry-index:1;\" aria-label=\"Comprendre la dysgraphie\" itemscope itemtype=\"https:\/\/schema.org\/CreativeWork\"><a class=\"entry-image-link\" href=\"https:\/\/neuronup.com\/fr\/actualites-de-la-stimulation-cognitive\/troubles-neuro-developpementaux\/dyslexie\/comprendre-la-dysgraphie\/\" tabindex=\"-1\" aria-hidden=\"true\"><img decoding=\"async\" width=\"400\" height=\"300\" src=\"https:\/\/neuronup.com\/fr\/wp-content\/uploads\/2024\/11\/Comprendre-la-dysgraphie-400x300.webp\" class=\"entry-image size-landscape-sm\" alt=\"Jeune fille brune avec frange, assise \u00e0 une table dans une salle de classe, \u00e9crivant sur des feuilles avec un crayon, concentr\u00e9e sur son travail.\" srcset=\"https:\/\/neuronup.com\/fr\/wp-content\/uploads\/2024\/11\/Comprendre-la-dysgraphie-400x300.webp 400w, https:\/\/neuronup.com\/fr\/wp-content\/uploads\/2024\/11\/Comprendre-la-dysgraphie-800x600.webp 800w\" sizes=\"(max-width:599px) 599px, (min-width:600px) and (max-width: 799px) 799px, (min-width:800px) and (max-width: 999px) 333px, (min-width:1000px) 400px\" \/><\/a><div class=\"entry-wrap entry-wrap-grid\"><h3 class=\"entry-title\" itemprop=\"headline\"><a class=\"entry-title-link\" href=\"https:\/\/neuronup.com\/fr\/actualites-de-la-stimulation-cognitive\/troubles-neuro-developpementaux\/dyslexie\/comprendre-la-dysgraphie\/\" rel=\"bookmark\">Comprendre la dysgraphie<\/a><\/h3>\n<\/div><\/article><article class=\"entry entry-grid is-column has-entry-link has-image has-image-first type-post category-activites-dorientation tag-activites-de-stimulation-cognitive tag-activites-de-stimulation-cognitive-pour-enfants tag-actualites-de-neuronup tag-enfants tag-orientation\" style=\"--entry-index:2;\" aria-label=\"Fiche pour travailler l&#8217;orientation temporelle chez les enfants : Maintenant\" itemscope itemtype=\"https:\/\/schema.org\/CreativeWork\"><a class=\"entry-image-link\" href=\"https:\/\/neuronup.com\/fr\/activites-de-neuro-reeducation\/activites-pour-les-fonctions-cognitives\/activites-dorientation\/fiche-pour-travailler-lorientation-temporelle-chez-les-enfants-maintenant\/\" tabindex=\"-1\" aria-hidden=\"true\"><img decoding=\"async\" width=\"400\" height=\"271\" src=\"https:\/\/neuronup.com\/fr\/wp-content\/uploads\/2023\/01\/Ficha-para-trabajar-la-orientacion-temporal-en-ninos.webp\" class=\"entry-image size-landscape-sm\" alt=\"Fiche pour travailler l&#039;orientation temporelle chez les enfants : Maintenant\" srcset=\"https:\/\/neuronup.com\/fr\/wp-content\/uploads\/2023\/01\/Ficha-para-trabajar-la-orientacion-temporal-en-ninos-300x203.webp 300w, https:\/\/neuronup.com\/fr\/wp-content\/uploads\/2023\/01\/Ficha-para-trabajar-la-orientacion-temporal-en-ninos-768x520.webp 768w, https:\/\/neuronup.com\/fr\/wp-content\/uploads\/2023\/01\/Ficha-para-trabajar-la-orientacion-temporal-en-ninos-1024x693.webp 1024w, https:\/\/neuronup.com\/fr\/wp-content\/uploads\/2023\/01\/Ficha-para-trabajar-la-orientacion-temporal-en-ninos.webp 1200w\" sizes=\"(max-width:599px) 599px, (min-width:600px) and (max-width: 799px) 799px, (min-width:800px) and (max-width: 999px) 333px, (min-width:1000px) 400px\" \/><\/a><div class=\"entry-wrap entry-wrap-grid\"><h3 class=\"entry-title\" itemprop=\"headline\"><a class=\"entry-title-link\" href=\"https:\/\/neuronup.com\/fr\/activites-de-neuro-reeducation\/activites-pour-les-fonctions-cognitives\/activites-dorientation\/fiche-pour-travailler-lorientation-temporelle-chez-les-enfants-maintenant\/\" rel=\"bookmark\">Fiche pour travailler l&#8217;orientation temporelle chez les enfants : Maintenant<\/a><\/h3>\n<\/div><\/article><article class=\"entry entry-grid is-column has-entry-link has-image has-image-first type-post category-troubles-neuro-developpementaux tag-fonctions-executives tag-troubles-du-neurodeveloppement\" style=\"--entry-index:3;\" aria-label=\"Guide pour la revue de la litt\u00e9rature sur les apraxies\" itemscope itemtype=\"https:\/\/schema.org\/CreativeWork\"><a class=\"entry-image-link\" href=\"https:\/\/neuronup.com\/fr\/actualites-de-la-stimulation-cognitive\/troubles-neuro-developpementaux\/guide-pour-la-revue-de-la-litterature-sur-les-apraxies\/\" tabindex=\"-1\" aria-hidden=\"true\"><img decoding=\"async\" width=\"400\" height=\"267\" src=\"https:\/\/neuronup.com\/fr\/wp-content\/uploads\/2024\/09\/apraxias-pareja.webp\" class=\"entry-image size-landscape-sm\" alt=\"Jeune couple allong\u00e9 sur un sol en bois, l\u2019un encadre le visage de l\u2019autre avec ses mains; sourire complice et image l\u00e9g\u00e8rement floue.\" srcset=\"https:\/\/neuronup.com\/fr\/wp-content\/uploads\/2024\/09\/apraxias-pareja-300x200.webp 300w, https:\/\/neuronup.com\/fr\/wp-content\/uploads\/2024\/09\/apraxias-pareja-768x512.webp 768w, https:\/\/neuronup.com\/fr\/wp-content\/uploads\/2024\/09\/apraxias-pareja-1024x683.webp 1024w, https:\/\/neuronup.com\/fr\/wp-content\/uploads\/2024\/09\/apraxias-pareja.webp 1200w\" sizes=\"(max-width:599px) 599px, (min-width:600px) and (max-width: 799px) 799px, (min-width:800px) and (max-width: 999px) 333px, (min-width:1000px) 400px\" \/><\/a><div class=\"entry-wrap entry-wrap-grid\"><h3 class=\"entry-title\" itemprop=\"headline\"><a class=\"entry-title-link\" href=\"https:\/\/neuronup.com\/fr\/actualites-de-la-stimulation-cognitive\/troubles-neuro-developpementaux\/guide-pour-la-revue-de-la-litterature-sur-les-apraxies\/\" rel=\"bookmark\">Guide pour la revue de la litt\u00e9rature sur les apraxies<\/a><\/h3>\n<\/div><\/article><article class=\"entry entry-grid is-column has-entry-link has-image has-image-first type-post category-activites-de-gnosies category-activites-de-neuro-reeducation category-activites-pour-les-fonctions-cognitives tag-adulte tag-gnosies tag-gnosies-visuelles\" style=\"--entry-index:4;\" aria-label=\"Nouvelle activit\u00e9 num\u00e9rique pour travailler la gnosie visuelle chez l\u2019adulte : Images incompl\u00e8tes\" itemscope itemtype=\"https:\/\/schema.org\/CreativeWork\"><a class=\"entry-image-link\" href=\"https:\/\/neuronup.com\/fr\/activites-de-neuro-reeducation\/nouvelle-activite-numerique-pour-travailler-la-gnosie-visuelle-chez-ladulte-images-incompletes\/\" tabindex=\"-1\" aria-hidden=\"true\"><img decoding=\"async\" width=\"400\" height=\"300\" src=\"https:\/\/neuronup.com\/fr\/wp-content\/uploads\/2025\/12\/Capture-decran-2025-12-22-175221-400x300.webp\" class=\"entry-image size-landscape-sm\" alt=\"Exercice visuel incompl\u00e8te: image partiellement montr\u00e9e avec trois options A, B et C; forme bleue \u00e0 gauche et forme remplie.\" \/><\/a><div class=\"entry-wrap entry-wrap-grid\"><h3 class=\"entry-title\" itemprop=\"headline\"><a class=\"entry-title-link\" href=\"https:\/\/neuronup.com\/fr\/activites-de-neuro-reeducation\/nouvelle-activite-numerique-pour-travailler-la-gnosie-visuelle-chez-ladulte-images-incompletes\/\" rel=\"bookmark\">Nouvelle activit\u00e9 num\u00e9rique pour travailler la gnosie visuelle chez l\u2019adulte : Images incompl\u00e8tes<\/a><\/h3>\n<\/div><\/article><article class=\"entry entry-grid is-column has-entry-link has-image has-image-first type-post category-actualites-de-la-stimulation-cognitive tag-attention tag-cerveau tag-fonctions-executives tag-langage tag-memoire tag-orientation tag-stimulation-cognitive\" style=\"--entry-index:5;\" aria-label=\"Les capacit\u00e9s cognitives : qu&rsquo;est-ce que c&rsquo;est, types, fonctionnement et stimulation\" itemscope itemtype=\"https:\/\/schema.org\/CreativeWork\"><a class=\"entry-image-link\" href=\"https:\/\/neuronup.com\/fr\/actualites-de-la-stimulation-cognitive\/les-capacites-cognitives-quelles-sont-types-fonctionnement-et-stimulation\/\" tabindex=\"-1\" aria-hidden=\"true\"><img decoding=\"async\" width=\"400\" height=\"225\" src=\"https:\/\/neuronup.com\/fr\/wp-content\/uploads\/2022\/03\/Hombre-apuntando-a-cerebro-donde-se-localizan-las-capacidades-cognitivas.webp\" class=\"entry-image size-landscape-sm\" alt=\"Personne tenant une illustration d&#039;un cerveau, pointe vers le dessin c\u00e9r\u00e9bral avec d\u00e9tails des circonvolutions, fond bleu uni\" srcset=\"https:\/\/neuronup.com\/fr\/wp-content\/uploads\/2022\/03\/Hombre-apuntando-a-cerebro-donde-se-localizan-las-capacidades-cognitivas-300x169.webp 300w, https:\/\/neuronup.com\/fr\/wp-content\/uploads\/2022\/03\/Hombre-apuntando-a-cerebro-donde-se-localizan-las-capacidades-cognitivas-768x432.webp 768w, https:\/\/neuronup.com\/fr\/wp-content\/uploads\/2022\/03\/Hombre-apuntando-a-cerebro-donde-se-localizan-las-capacidades-cognitivas-1024x576.webp 1024w, https:\/\/neuronup.com\/fr\/wp-content\/uploads\/2022\/03\/Hombre-apuntando-a-cerebro-donde-se-localizan-las-capacidades-cognitivas.webp 1200w\" sizes=\"(max-width:599px) 599px, (min-width:600px) and (max-width: 799px) 799px, (min-width:800px) and (max-width: 999px) 333px, (min-width:1000px) 400px\" \/><\/a><div class=\"entry-wrap entry-wrap-grid\"><h3 class=\"entry-title\" itemprop=\"headline\"><a class=\"entry-title-link\" href=\"https:\/\/neuronup.com\/fr\/actualites-de-la-stimulation-cognitive\/les-capacites-cognitives-quelles-sont-types-fonctionnement-et-stimulation\/\" rel=\"bookmark\">Les capacit\u00e9s cognitives : qu&rsquo;est-ce que c&rsquo;est, types, fonctionnement et stimulation<\/a><\/h3>\n<\/div><\/article><article class=\"entry entry-grid is-column has-entry-link has-image has-image-first type-post category-activites-dattention tag-activites-de-stimulation-cognitive tag-attention tag-enfants\" style=\"--entry-index:6;\" aria-label=\"Fiche pour enfants pour travailler l&rsquo;attention s\u00e9lective \u00abCombien y en a-t-il de chaque ?\u00bb\" itemscope itemtype=\"https:\/\/schema.org\/CreativeWork\"><a class=\"entry-image-link\" href=\"https:\/\/neuronup.com\/fr\/activites-de-neuro-reeducation\/activites-pour-les-fonctions-cognitives\/activites-dattention\/fiche-pour-enfants-pour-travailler-lattention-selective\/\" tabindex=\"-1\" aria-hidden=\"true\"><img decoding=\"async\" width=\"400\" height=\"300\" src=\"https:\/\/neuronup.com\/fr\/wp-content\/uploads\/2024\/09\/Actividad-Cuantos-hay-de-cada-version-infantil.webp\" class=\"entry-image size-landscape-sm\" alt=\"Jeu d&#039;observation avec ic\u00f4nes d&#039;animaux, des chevaux, et des coches vertes et une croix rouge; boutons 0\u20139.\" srcset=\"https:\/\/neuronup.com\/fr\/wp-content\/uploads\/2024\/09\/Actividad-Cuantos-hay-de-cada-version-infantil-300x225.webp 300w, https:\/\/neuronup.com\/fr\/wp-content\/uploads\/2024\/09\/Actividad-Cuantos-hay-de-cada-version-infantil-768x577.webp 768w, https:\/\/neuronup.com\/fr\/wp-content\/uploads\/2024\/09\/Actividad-Cuantos-hay-de-cada-version-infantil-1024x769.webp 1024w, https:\/\/neuronup.com\/fr\/wp-content\/uploads\/2024\/09\/Actividad-Cuantos-hay-de-cada-version-infantil.webp 1200w\" sizes=\"(max-width:599px) 599px, (min-width:600px) and (max-width: 799px) 799px, (min-width:800px) and (max-width: 999px) 333px, (min-width:1000px) 400px\" \/><\/a><div class=\"entry-wrap entry-wrap-grid\"><h3 class=\"entry-title\" itemprop=\"headline\"><a class=\"entry-title-link\" href=\"https:\/\/neuronup.com\/fr\/activites-de-neuro-reeducation\/activites-pour-les-fonctions-cognitives\/activites-dattention\/fiche-pour-enfants-pour-travailler-lattention-selective\/\" rel=\"bookmark\">Fiche pour enfants pour travailler l&rsquo;attention s\u00e9lective \u00abCombien y en a-t-il de chaque ?\u00bb<\/a><\/h3>\n<\/div><\/article><\/div><\/div>","protected":false},"excerpt":{"rendered":"<p>Le docteur en psychologie Carlos Rebolleda nous parle du traitement \u00e9motionnel dans la schizophr\u00e9nie. Le terme traitement \u00e9motionnel dans la schizophr\u00e9nie fait r\u00e9f\u00e9rence \u00e0 la capacit\u00e9 de l\u2019individu \u00e0 percevoir et \u00e0 utiliser les diff\u00e9rentes \u00e9motions de mani\u00e8re adaptative (Green et Horan, 2010). L\u2019intelligence \u00e9motionnelle, d\u00e9finie comme un ensemble de quatre composantes (identification \u00e9motionnelle, facilitation &hellip;<\/p>\n","protected":false},"author":219,"featured_media":27839,"comment_status":"open","ping_status":"open","sticky":false,"template":"","format":"standard","meta":{"_acf_changed":false,"_genesis_hide_title":false,"_genesis_hide_breadcrumbs":false,"_genesis_hide_singular_image":false,"_genesis_hide_footer_widgets":false,"_genesis_custom_body_class":"","_genesis_custom_post_class":"","_genesis_layout":"","footnotes":""},"categories":[577],"tags":[1072,886,965],"class_list":{"2":"type-post","7":"category-schizophrenie","8":"tag-intelligence-emotionnelle","9":"tag-sante-mentale","10":"tag-schizophrenie","11":"entry"},"acf":[],"_links":{"self":[{"href":"https:\/\/neuronup.com\/fr\/wp-json\/wp\/v2\/posts\/27816","targetHints":{"allow":["GET"]}}],"collection":[{"href":"https:\/\/neuronup.com\/fr\/wp-json\/wp\/v2\/posts"}],"about":[{"href":"https:\/\/neuronup.com\/fr\/wp-json\/wp\/v2\/types\/post"}],"author":[{"embeddable":true,"href":"https:\/\/neuronup.com\/fr\/wp-json\/wp\/v2\/users\/219"}],"replies":[{"embeddable":true,"href":"https:\/\/neuronup.com\/fr\/wp-json\/wp\/v2\/comments?post=27816"}],"version-history":[{"count":0,"href":"https:\/\/neuronup.com\/fr\/wp-json\/wp\/v2\/posts\/27816\/revisions"}],"wp:featuredmedia":[{"embeddable":true,"href":"https:\/\/neuronup.com\/fr\/wp-json\/wp\/v2\/media\/27839"}],"wp:attachment":[{"href":"https:\/\/neuronup.com\/fr\/wp-json\/wp\/v2\/media?parent=27816"}],"wp:term":[{"taxonomy":"category","embeddable":true,"href":"https:\/\/neuronup.com\/fr\/wp-json\/wp\/v2\/categories?post=27816"},{"taxonomy":"post_tag","embeddable":true,"href":"https:\/\/neuronup.com\/fr\/wp-json\/wp\/v2\/tags?post=27816"}],"curies":[{"name":"wp","href":"https:\/\/api.w.org\/{rel}","templated":true}]}}