{"id":27097,"date":"2025-07-17T09:02:42","date_gmt":"2025-07-17T09:02:42","guid":{"rendered":"https:\/\/neuronup.com\/?p=27097"},"modified":"2025-07-25T14:29:20","modified_gmt":"2025-07-25T12:29:20","slug":"une-breve-neuropsychologie-de-lautoritarisme","status":"publish","type":"post","link":"https:\/\/neuronup.com\/fr\/neurosciences\/neuropsychologie-et-informations\/une-breve-neuropsychologie-de-lautoritarisme\/","title":{"rendered":"Une br\u00e8ve neuropsychologie de l&#8217;autoritarisme"},"content":{"rendered":"\n<p class=\"has-xl-font-size\">Les personnes autoritaires ou fondamentalistes ont-elles toujours une l\u00e9sion neurologique&nbsp;? Le psychologue Javier Tom\u00e1s propose une br\u00e8ve <strong>neuropsychologie de l&rsquo;autoritarisme<\/strong>.<\/p>\n\n\n\n<p class=\"has-xl-font-size\">Sc\u00e8ne d&rsquo;un supermarch\u00e9.<\/p>\n\n\n\n<p>\u2013 Je n&rsquo;ai qu&rsquo;une baguette, pourriez-vous me laisser passer, s&rsquo;il vous pla\u00eet&nbsp;? \u2013 dit une jeune femme \u00e0 l&rsquo;accent arabe.<\/p>\n\n\n\n<p>\u2013 Non, non. D\u00e9sol\u00e9e, <strong><em>je suis press\u00e9e<\/em><\/strong>.<\/p>\n\n\n\n<p>La dame finit de scanner ses achats qui remplissent la moiti\u00e9 de son chariot, puis la jeune femme passe sa baguette et s&rsquo;en va. La dame range ses affaires dans son chariot, me regarde \u2013 quelle chance que je ne l&rsquo;aie pas confondue avec un Russe ou un Irlandais \u2013 et me dit&nbsp;:<\/p>\n\n\n\n<p>\u2013 <strong><em>Eux<\/em><\/strong> viennent ici et pensent que nous devons tous suivre <strong><em>leurs coutumes<\/em><\/strong>.<\/p>\n\n\n\n<p>Je ne dis rien. En r\u00e9alit\u00e9, ce sont nos coutumes. Ou peut-\u00eatre celles de tous. Je me pose simplement la question&nbsp;: de quelle mani\u00e8re notre cerveau fonctionne-t-il lorsque les gens adoptent ce type de comportements&nbsp;?<\/p>\n\n\n\n<p>Apparemment, ce comportement est li\u00e9 (cela me semble \u00e9vident) aux <strong>lobes pr\u00e9frontaux<\/strong>. La forme la plus extr\u00eame de <strong>pr\u00e9jug\u00e9<\/strong>, l&rsquo;autoritarisme (qui n&rsquo;est pas un comportement religieux, politique ou d&rsquo;origine <em>per se<\/em>, mais de confrontation) est li\u00e9 \u00e0 notre mani\u00e8re de douter. L&rsquo;explication donn\u00e9e par Asp, Ramchandran \u2013 ne pas confondre avec Ramachandran \u2013 et Tranel (2012) est la suivante&nbsp;:<\/p>\n\n\n\n<ul class=\"wp-block-list\"><li>Lorsque nous \u00e9valuons, nous avons tendance \u00e0 \u00e9tablir un jugement de v\u00e9racit\u00e9 qui implique un doute. Ce processus se d\u00e9roule en deux \u00e9tapes&nbsp;: <strong><em>la repr\u00e9sentation mentale<\/em><\/strong> et <strong><em>l&rsquo;\u00e9valuation<\/em><\/strong>.<\/li><li>Toutes les id\u00e9es normatives repr\u00e9sent\u00e9es (phase 1) sont initialement consid\u00e9r\u00e9es comme vraies (le cerveau tend \u00e0 la simplification). Cependant, une seconde analyse psychologique (l&rsquo;\u00e9valuation, phase 2) peut engendrer un doute.<\/li><li>La repr\u00e9sentation initialement crue doit \u00eatre catalogu\u00e9e comme <strong><em>\u00ab valeur fausse \u00bb<\/em><\/strong> pour produire du doute et <strong><em>\u00eatre r\u00e9\u00e9valu\u00e9e<\/em><\/strong> (comme nous l&rsquo;avons vu dans le billet pr\u00e9c\u00e9dent, l&rsquo;une des principales zones impliqu\u00e9es dans ce processus est le cortex cingulaire ant\u00e9rieur).<\/li><li>Les <strong><em>lobes pr\u00e9frontaux<\/em><\/strong> sont ceux qui se chargeraient de classifier la croyance comme \u00ab valeur fausse \u00bb.<\/li><li>En nous appuyant sur l&rsquo;hypoth\u00e8se du <strong><em>marqueur somatique<\/em><\/strong> de Damasio, nous pouvons dire que ce reclassement en \u00ab valeur fausse \u00bb dans la logique \u00e9volutive a \u00e9t\u00e9 (et reste) de nature <strong>\u00e9motionnelle<\/strong> (peut-\u00eatre en tant que vestige d&rsquo;une \u00e9valuation de \u201cl&rsquo;intrus\u201d p\u00e9n\u00e9trant notre territoire ?).<\/li><\/ul>\n\n\n\n<p>Par cons\u00e9quent, on pourrait dire que l&rsquo;autoritarisme \u00e9merge en partie comme un <strong>processus de d\u00e9tection d\u00e9ficitaire des erreurs normatives.<\/strong> Cela engendre des croyances qui ne suscitent pas un jugement r\u00e9fl\u00e9chi, car elles ne produisent pas de conflit interne (aucune d\u00e9tection d&rsquo;erreur) en raison de la d\u00e9t\u00e9rioration pr\u00e9frontale. Ce dommage n&rsquo;affecterait a priori ni la m\u00e9moire de travail ni l&rsquo;intelligence.<\/p>\n\n\n\n<h2 class=\"wp-block-heading\">Comportements antisociaux<\/h2>\n\n\n\n<p>Les comportements antisociaux associ\u00e9s \u00e0 cette d\u00e9t\u00e9rioration s&rsquo;expliqueraient par le filtrage d\u00e9faillant des repr\u00e9sentations des comportements inappropri\u00e9s dans les <strong><em>cortex d&rsquo;association post-rolandique<\/em><\/strong>.<\/p>\n\n\n\n<p>De mani\u00e8re empirique, ces auteurs ont constat\u00e9 chez des patients pr\u00e9sentant une d\u00e9t\u00e9rioration du <strong><em>cortex pr\u00e9frontal ventrom\u00e9dial<\/em><\/strong> une augmentation des croyances religieuses (voire leur \u00e9mergence), de l&rsquo;autoritarisme et du fondamentalisme.<\/p>\n\n\n\n<p>Cette augmentation est significative par rapport \u00e0 d&rsquo;autres populations neurologiques, y compris des patients pr\u00e9sentant des l\u00e9sions frontales non pr\u00e9frontales. \u00c9galement par rapport \u00e0 des patients ayant subi des \u00e9v\u00e9nements m\u00e9dicaux traumatiques non neurologiques.<\/p>\n\n\n\n<p>\u00c0 tout cela, on peut ajouter des environnements favorisant des normes rigides et st\u00e9r\u00e9otyp\u00e9es, sans aucun membre dissident ou sceptique \u00e0 l&rsquo;\u00e9gard de la doctrine principale. D&rsquo;un point de vue neurobiologique, cette modulation continue (\u00e9ducation ? lavage de cerveau ?) de l&rsquo;<strong><em>amygdale<\/em><\/strong> engendre un m\u00e9canisme de \u00ab court-circuit \u00bb (une voie d&rsquo;action rapide).<\/p>\n\n\n\n<p>L&rsquo;amygdale s&rsquo;activerait et le <strong><em>cortex cingulaire<\/em><\/strong> (charg\u00e9 de r\u00e9duire les activations excessives de l&rsquo;amygdale) n&rsquo;engagerait pas de m\u00e9canismes de <strong><em>contr\u00f4le d&rsquo;erreur car le lobe pr\u00e9frontal n&rsquo;a pas \u00e9tabli la possibilit\u00e9 de jugement \u00ab faux \u00bb<\/em><\/strong>. Cons\u00e9quences ? Outre celles d\u00e9j\u00e0 mentionn\u00e9es, des comportements r\u00e9p\u00e9titifs (impulsivit\u00e9) et, dans de nombreux cas, agressifs. Nous pouvons l&rsquo;observer lorsque, au sein de ces cercles, la norme est enfreinte : l&rsquo;auteur de l&rsquo;infraction est imm\u00e9diatement et s\u00e9v\u00e8rement puni.<\/p>\n\n\n\n<h3 class=\"wp-block-heading\">La punition est per\u00e7ue comme positive<\/h3>\n\n\n\n<p>Cette punition est per\u00e7ue comme positive au sein du groupe de r\u00e9f\u00e9rence, ce qui favorise que le <strong><em>cortex orbitofrontal<\/em><\/strong> \u00e9tablisse des contingences n\u00e9gatives avec le comportement \u00ab hors-norme \u00bb (peur). Et une relation de contingence positive entre la mani\u00e8re de juger l&rsquo;auteur de l&rsquo;infraction et l&rsquo;\u00e9motion que cela suscite (acceptation par le groupe \u2013 empathie, perception de pouvoir \u2013 h\u00e9donisme, etc.). Ces contingences contribuent \u00e0 construire le <em>self<\/em> de la personne autoritaire.<\/p>\n\n\n\n<p>Et ils le construisent de mani\u00e8re biais\u00e9e car il n&rsquo;existe pas d&rsquo;<em>insight<\/em> sur leurs propres d\u00e9fauts, exactement comme chez les patients atteints d&rsquo;une l\u00e9sion du cortex pr\u00e9frontal ventrom\u00e9dial. (<em>Note<\/em> : Le cortex pr\u00e9frontal ventrom\u00e9dial est consid\u00e9r\u00e9 comme faisant partie de \u2013 ou, dans certains textes, recouvrant \u2013 le cortex orbitofrontal).<\/p>\n\n\n\n<h3 class=\"wp-block-heading\">L&rsquo;insula<\/h3>\n\n\n\n<p>Lorsque nous voyons d&rsquo;autres personnes souffrir, cette r\u00e9gion s&rsquo;active, produisant les premiers vestiges d&#8217;empathie \u00e9motionnelle. En fait, l&rsquo;insula a \u00e9t\u00e9 propos\u00e9e comme un n\u0153ud important des diff\u00e9rentes r\u00e9seaux de <strong><em>neurones miroirs<\/em><\/strong>.<\/p>\n\n\n\n<p>Il serait int\u00e9ressant d&rsquo;\u00e9tudier comment ce processus (voir souffrir une personne \u00ab qui a enfreint les normes \u00bb) affecte d&rsquo;autres zones impliqu\u00e9es dans l&#8217;empathie. Y aura-t-il une activation significative de l&rsquo;<strong><em>insula<\/em><\/strong>&nbsp;? L&rsquo;insula est une structure connue pour \u00eatre le centre le plus important de la repr\u00e9sentation corporelle (aux c\u00f4t\u00e9s du cortex somatosensoriel).<\/p>\n\n\n\n<p>Tout ce qui pr\u00e9c\u00e8de ne signifie pas que toutes les personnes autoritaires ou fondamentalistes pr\u00e9sentent une l\u00e9sion neurologique, mais cela permet d&rsquo;expliquer les voies qui semblent \u00eatre impliqu\u00e9es dans ce ph\u00e9nom\u00e8ne.<\/p>\n\n\n\n<p>Au fait, la femme a rencontr\u00e9 une amie et a pass\u00e9 quinze minutes \u00e0 discuter avec elle.<\/p>\n\n\n\n<h3 class=\"wp-block-heading\">Si vous avez aim\u00e9 cet article sur la <strong>neuropsychologie de l&rsquo;autoritarisme<\/strong>, les articles suivants pourraient \u00e9galement vous int\u00e9resser&nbsp;:<\/h3>\n\n\n\n<div style=\"height:50px\" aria-hidden=\"true\" class=\"wp-block-spacer\"><\/div>\n\n\n\n<div class=\"wp-block-group br-0111 has-primary-background-color has-background has-dark-background has-sm-padding-top has-sm-padding-left has-sm-padding-right has-xxl-margin-top\"><div class=\"wp-block-group__inner-container is-layout-constrained wp-block-group-is-layout-constrained\">\n<div class=\"wp-block-columns is-layout-flex wp-container-core-columns-is-layout-9d6595d7 wp-block-columns-is-layout-flex\">\n<div class=\"wp-block-column is-layout-flow wp-block-column-is-layout-flow\">\n<figure class=\"wp-block-image size-full desktop-position-absolute desktop-bottom-0 mobile-width-50 mobile-m-inline-auto has-xl-margin-top\"><img decoding=\"async\" width=\"292\" height=\"338\" src=\"https:\/\/neuronup.com\/fr\/wp-content\/uploads\/2024\/10\/certificat-produit.webp\" alt=\"\" class=\"wp-image-31568\" srcset=\"https:\/\/neuronup.com\/fr\/wp-content\/uploads\/2024\/10\/certificat-produit-259x300.webp 259w, https:\/\/neuronup.com\/fr\/wp-content\/uploads\/2024\/10\/certificat-produit.webp 292w\" sizes=\"(max-width: 292px) 100vw, 292px\" \/><\/figure>\n<\/div>\n\n\n\n<div class=\"wp-block-column is-layout-flow wp-block-column-is-layout-flow\">\n<h2 class=\"wp-block-heading has-white-color has-text-color\"><strong>Abonnez-vous<\/strong> <br>\u00e0 notre <br>Newsletter<\/h2>\n\n\n\n<div class=\"wp-block-buttons is-layout-flex wp-block-buttons-is-layout-flex\">\n<div class=\"wp-block-button--1\" style=\"--button-outline-color:var(--color-white);--button-outline-color-hover:rgba(0,0,0,0.8);\"><a class=\"wp-block-button__link button button-outline   wp-element-button\" href=\"https:\/\/neuronup.com\/fr\/newsletter\/\">Abonnez-vous<\/a><\/div>\n\n<\/div>\n\n\n\n<div style=\"height:40px\" aria-hidden=\"true\" class=\"wp-block-spacer\"><\/div>\n<\/div>\n<\/div>\n<\/div><\/div>\n\n\n\n\n<div style=\"height:50px\" aria-hidden=\"true\" class=\"wp-block-spacer\"><\/div>\n\n<div class=\"mai-grid entries entries-grid has-boxed has-image-full\" style=\"--entry-title-font-size:var(--font-size-lg);--align-text:start;--entry-meta-text-align:start;\"><div class=\"entries-wrap has-columns\" style=\"--columns-xs:1\/1;--columns-sm:1\/1;--columns-md:1\/3;--columns-lg:1\/3;--flex-xs:0 0 var(--flex-basis);--flex-sm:0 0 var(--flex-basis);--flex-md:0 0 var(--flex-basis);--flex-lg:0 0 var(--flex-basis);--column-gap:var(--spacing-lg);--row-gap:var(--spacing-lg);--align-columns:start;\"><article class=\"entry entry-grid is-column has-entry-link has-image has-image-first type-post category-neurosciences tag-neurosciences\" style=\"--entry-index:1;\" aria-label=\"Neuroscience du sommeil : comment le repos influence la r\u00e9cup\u00e9ration c\u00e9r\u00e9brale et les performances cognitives\" itemscope itemtype=\"https:\/\/schema.org\/CreativeWork\"><a class=\"entry-image-link\" href=\"https:\/\/neuronup.com\/fr\/neurosciences\/neuroscience-du-sommeil-comment-le-repos-influence-la-recuperation-cerebrale-et-les-performances-cognitives\/\" tabindex=\"-1\" aria-hidden=\"true\"><img decoding=\"async\" width=\"400\" height=\"300\" src=\"https:\/\/neuronup.com\/fr\/wp-content\/uploads\/2025\/03\/Neuroscience-du-sommeil-comment-le-repos-influence-la-recuperation-cerebrale-et-les-performances-cognitives-400x300.webp\" class=\"entry-image size-landscape-sm\" alt=\"Femme dort paisiblement dans un lit, lumi\u00e8re bleut\u00e9e et ambiance calme; t\u00e9l\u00e9phone pr\u00e8s du lit.\" srcset=\"https:\/\/neuronup.com\/fr\/wp-content\/uploads\/2025\/03\/Neuroscience-du-sommeil-comment-le-repos-influence-la-recuperation-cerebrale-et-les-performances-cognitives-400x300.webp 400w, https:\/\/neuronup.com\/fr\/wp-content\/uploads\/2025\/03\/Neuroscience-du-sommeil-comment-le-repos-influence-la-recuperation-cerebrale-et-les-performances-cognitives-800x600.webp 800w\" sizes=\"(max-width:599px) 599px, (min-width:600px) and (max-width: 799px) 799px, (min-width:800px) and (max-width: 999px) 333px, (min-width:1000px) 400px\" \/><\/a><div class=\"entry-wrap entry-wrap-grid\"><h3 class=\"entry-title\" itemprop=\"headline\"><a class=\"entry-title-link\" href=\"https:\/\/neuronup.com\/fr\/neurosciences\/neuroscience-du-sommeil-comment-le-repos-influence-la-recuperation-cerebrale-et-les-performances-cognitives\/\" rel=\"bookmark\">Neuroscience du sommeil : comment le repos influence la r\u00e9cup\u00e9ration c\u00e9r\u00e9brale et les performances cognitives<\/a><\/h3>\n<\/div><\/article><article class=\"entry entry-grid is-column has-entry-link has-image has-image-first type-post category-neuronup-academie tag-evaluation-neuropsychologique tag-presentation-de-lacademie-neuronup tag-tdah tag-troubles-du-neurodeveloppement\" style=\"--entry-index:2;\" aria-label=\"\u00c9valuation neuropsychologique chez les enfants atteints de TDAH &#8211; R\u00e9pondre aux questions\" itemscope itemtype=\"https:\/\/schema.org\/CreativeWork\"><a class=\"entry-image-link\" href=\"https:\/\/neuronup.com\/fr\/formation\/neuronup-academie\/evaluation-neuropsychologique-chez-les-enfants-atteints-de-tdah-en-repondant-aux-questions\/\" tabindex=\"-1\" aria-hidden=\"true\"><img decoding=\"async\" width=\"400\" height=\"240\" src=\"https:\/\/neuronup.com\/fr\/wp-content\/uploads\/2022\/02\/01_mateu-servera.webp\" class=\"entry-image size-landscape-sm\" alt=\"Portrait frontal de Mateu Servera avec chemise blanche, entour\u00e9 d\u2019un cercle et motifs c\u00e9r\u00e9braux turquoise en arri\u00e8re-plan.\" srcset=\"https:\/\/neuronup.com\/fr\/wp-content\/uploads\/2022\/02\/01_mateu-servera-300x180.webp 300w, https:\/\/neuronup.com\/fr\/wp-content\/uploads\/2022\/02\/01_mateu-servera-768x461.webp 768w, https:\/\/neuronup.com\/fr\/wp-content\/uploads\/2022\/02\/01_mateu-servera-1024x614.webp 1024w, https:\/\/neuronup.com\/fr\/wp-content\/uploads\/2022\/02\/01_mateu-servera.webp 1280w\" sizes=\"(max-width:599px) 599px, (min-width:600px) and (max-width: 799px) 799px, (min-width:800px) and (max-width: 999px) 333px, (min-width:1000px) 400px\" \/><\/a><div class=\"entry-wrap entry-wrap-grid\"><h3 class=\"entry-title\" itemprop=\"headline\"><a class=\"entry-title-link\" href=\"https:\/\/neuronup.com\/fr\/formation\/neuronup-academie\/evaluation-neuropsychologique-chez-les-enfants-atteints-de-tdah-en-repondant-aux-questions\/\" rel=\"bookmark\">\u00c9valuation neuropsychologique chez les enfants atteints de TDAH &#8211; R\u00e9pondre aux questions<\/a><\/h3>\n<\/div><\/article><article class=\"entry entry-grid is-column has-entry-link has-image has-image-first type-post category-neuronup-academie tag-academie-neuronup tag-presentation-de-lacademie-neuronup\" style=\"--entry-index:3;\" aria-label=\"Conf\u00e9rence de Marcos R\u00edos Lago sur la lenteur du traitement de l&rsquo;information\" itemscope itemtype=\"https:\/\/schema.org\/CreativeWork\"><a class=\"entry-image-link\" href=\"https:\/\/neuronup.com\/fr\/formation\/neuronup-academie\/presentation-de-marcos-rios-lago-sur-la-lenteur-dans-le-traitement-de-linformation\/\" tabindex=\"-1\" aria-hidden=\"true\"><img decoding=\"async\" width=\"400\" height=\"225\" src=\"https:\/\/neuronup.com\/fr\/wp-content\/uploads\/2025\/04\/Academy-Marcos-Rios-NeuronUP-Lentitud-en-el-procesamiento-de-informacion.webp\" class=\"entry-image size-landscape-sm\" alt=\"Homme en blouse blanche souriant, texte \u00e0 droite affichant Marcos R\u00edos et le titre Lentitud en procesamiento de informaci\u00f3n, fond flou.\" srcset=\"https:\/\/neuronup.com\/fr\/wp-content\/uploads\/2025\/04\/Academy-Marcos-Rios-NeuronUP-Lentitud-en-el-procesamiento-de-informacion-300x169.webp 300w, https:\/\/neuronup.com\/fr\/wp-content\/uploads\/2025\/04\/Academy-Marcos-Rios-NeuronUP-Lentitud-en-el-procesamiento-de-informacion-768x432.webp 768w, https:\/\/neuronup.com\/fr\/wp-content\/uploads\/2025\/04\/Academy-Marcos-Rios-NeuronUP-Lentitud-en-el-procesamiento-de-informacion-1024x576.webp 1024w, https:\/\/neuronup.com\/fr\/wp-content\/uploads\/2025\/04\/Academy-Marcos-Rios-NeuronUP-Lentitud-en-el-procesamiento-de-informacion.webp 1280w\" sizes=\"(max-width:599px) 599px, (min-width:600px) and (max-width: 799px) 799px, (min-width:800px) and (max-width: 999px) 333px, (min-width:1000px) 400px\" \/><\/a><div class=\"entry-wrap entry-wrap-grid\"><h3 class=\"entry-title\" itemprop=\"headline\"><a class=\"entry-title-link\" href=\"https:\/\/neuronup.com\/fr\/formation\/neuronup-academie\/presentation-de-marcos-rios-lago-sur-la-lenteur-dans-le-traitement-de-linformation\/\" rel=\"bookmark\">Conf\u00e9rence de Marcos R\u00edos Lago sur la lenteur du traitement de l&rsquo;information<\/a><\/h3>\n<\/div><\/article><article class=\"entry entry-grid is-column has-entry-link has-image has-image-first type-post category-activites-du-langage tag-activites-de-stimulation-cognitive tag-activites-de-stimulation-cognitive-pour-enfants tag-actualites-de-neuronup tag-enfants tag-langage\" style=\"--entry-index:4;\" aria-label=\"Fiche pour travailler la discrimination auditive chez les enfants : Quel num\u00e9ro entends-tu ?\" itemscope itemtype=\"https:\/\/schema.org\/CreativeWork\"><a class=\"entry-image-link\" href=\"https:\/\/neuronup.com\/fr\/activites-de-neuro-reeducation\/activites-pour-les-fonctions-cognitives\/activites-du-langage\/fiche-pour-travailler-la-discrimination-auditive-chez-les-enfants-quel-nombre-entends-tu\/\" tabindex=\"-1\" aria-hidden=\"true\"><img decoding=\"async\" width=\"400\" height=\"270\" src=\"https:\/\/neuronup.com\/fr\/wp-content\/uploads\/2023\/05\/Captura-de-pantalla-2023-05-30-a-las-20.45.54.webp\" class=\"entry-image size-landscape-sm\" alt=\"Fond bleu clair avec silhouette et quatre options A-D (22, 39, 75, 92); texte Escuchar otra vez en la partie sup\u00e9rieure.\" srcset=\"https:\/\/neuronup.com\/fr\/wp-content\/uploads\/2023\/05\/Captura-de-pantalla-2023-05-30-a-las-20.45.54-300x203.webp 300w, https:\/\/neuronup.com\/fr\/wp-content\/uploads\/2023\/05\/Captura-de-pantalla-2023-05-30-a-las-20.45.54-768x519.webp 768w, https:\/\/neuronup.com\/fr\/wp-content\/uploads\/2023\/05\/Captura-de-pantalla-2023-05-30-a-las-20.45.54-1024x692.webp 1024w, https:\/\/neuronup.com\/fr\/wp-content\/uploads\/2023\/05\/Captura-de-pantalla-2023-05-30-a-las-20.45.54.webp 1300w\" sizes=\"(max-width:599px) 599px, (min-width:600px) and (max-width: 799px) 799px, (min-width:800px) and (max-width: 999px) 333px, (min-width:1000px) 400px\" \/><\/a><div class=\"entry-wrap entry-wrap-grid\"><h3 class=\"entry-title\" itemprop=\"headline\"><a class=\"entry-title-link\" href=\"https:\/\/neuronup.com\/fr\/activites-de-neuro-reeducation\/activites-pour-les-fonctions-cognitives\/activites-du-langage\/fiche-pour-travailler-la-discrimination-auditive-chez-les-enfants-quel-nombre-entends-tu\/\" rel=\"bookmark\">Fiche pour travailler la discrimination auditive chez les enfants : Quel num\u00e9ro entends-tu ?<\/a><\/h3>\n<\/div><\/article><article class=\"entry entry-grid is-column has-entry-link has-image has-image-first type-post category-activites-des-fonctions-executives tag-fonctions-executives\" style=\"--entry-index:5;\" aria-label=\"Pourquoi travailler en priorit\u00e9 sur le d\u00e9veloppement des fonctions ex\u00e9cutives pour am\u00e9liorer l&#8217;autor\u00e9gulation \u00e9motionnelle chez les enfants et les adolescents?\" itemscope itemtype=\"https:\/\/schema.org\/CreativeWork\"><a class=\"entry-image-link\" href=\"https:\/\/neuronup.com\/fr\/activites-de-neuro-reeducation\/activites-pour-les-fonctions-cognitives\/activites-des-fonctions-executives\/pourquoi-travailler-en-priorite-sur-le-developpement-des-fonctions-executives-pour-ameliorer-lautoregulation-emotionnelle-chez-les-enfants-et-les-adolescents\/\" tabindex=\"-1\" aria-hidden=\"true\"><img decoding=\"async\" width=\"400\" height=\"300\" src=\"https:\/\/neuronup.com\/fr\/wp-content\/uploads\/2024\/11\/Limportance-du-travail-sur-les-fonctions-executives-pour-ameliorer-lautoregulation-emotionnelle-chez-les-jeunes-1-400x300.webp\" class=\"entry-image size-landscape-sm\" alt=\"Illustration anim\u00e9e d&#039;une jeune fille souriante tenant un livre, entour\u00e9e de sc\u00e8nes montrant \u00e9motions et apprentissage.\" srcset=\"https:\/\/neuronup.com\/fr\/wp-content\/uploads\/2024\/11\/Limportance-du-travail-sur-les-fonctions-executives-pour-ameliorer-lautoregulation-emotionnelle-chez-les-jeunes-1-400x300.webp 400w, https:\/\/neuronup.com\/fr\/wp-content\/uploads\/2024\/11\/Limportance-du-travail-sur-les-fonctions-executives-pour-ameliorer-lautoregulation-emotionnelle-chez-les-jeunes-1-800x600.webp 800w\" sizes=\"(max-width:599px) 599px, (min-width:600px) and (max-width: 799px) 799px, (min-width:800px) and (max-width: 999px) 333px, (min-width:1000px) 400px\" \/><\/a><div class=\"entry-wrap entry-wrap-grid\"><h3 class=\"entry-title\" itemprop=\"headline\"><a class=\"entry-title-link\" href=\"https:\/\/neuronup.com\/fr\/activites-de-neuro-reeducation\/activites-pour-les-fonctions-cognitives\/activites-des-fonctions-executives\/pourquoi-travailler-en-priorite-sur-le-developpement-des-fonctions-executives-pour-ameliorer-lautoregulation-emotionnelle-chez-les-enfants-et-les-adolescents\/\" rel=\"bookmark\">Pourquoi travailler en priorit\u00e9 sur le d\u00e9veloppement des fonctions ex\u00e9cutives pour am\u00e9liorer l&#8217;autor\u00e9gulation \u00e9motionnelle chez les enfants et les adolescents?<\/a><\/h3>\n<\/div><\/article><article class=\"entry entry-grid is-column has-entry-link has-image has-image-first type-post category-activites-de-gnosies category-activites-de-neuro-reeducation category-activites-pour-les-fonctions-cognitives tag-adulte tag-gnosies tag-gnosies-visuelles\" style=\"--entry-index:6;\" aria-label=\"Nouvelle activit\u00e9 au format papier pour travailler la m\u00e9moire \u00e9pisodique chez l\u2019adulte : Mettre une s\u00e9quence en ordre.\" itemscope itemtype=\"https:\/\/schema.org\/CreativeWork\"><a class=\"entry-image-link\" href=\"https:\/\/neuronup.com\/fr\/activites-de-neuro-reeducation\/nouvelle-activite-au-format-papier-pour-travailler-la-memoire-episodique-chez-ladulte-mettre-une-sequence-en-ordre\/\" tabindex=\"-1\" aria-hidden=\"true\"><img decoding=\"async\" width=\"400\" height=\"300\" src=\"https:\/\/neuronup.com\/fr\/wp-content\/uploads\/2025\/10\/fr_FR-2-400x300.webp\" class=\"entry-image size-landscape-sm\" alt=\"Exercice de m\u00e9morisation avec cinq images d\u2019objets et v\u00e9hicules num\u00e9rot\u00e9es, pour remettre en ordre une s\u00e9quence.\" \/><\/a><div class=\"entry-wrap entry-wrap-grid\"><h3 class=\"entry-title\" itemprop=\"headline\"><a class=\"entry-title-link\" href=\"https:\/\/neuronup.com\/fr\/activites-de-neuro-reeducation\/nouvelle-activite-au-format-papier-pour-travailler-la-memoire-episodique-chez-ladulte-mettre-une-sequence-en-ordre\/\" rel=\"bookmark\">Nouvelle activit\u00e9 au format papier pour travailler la m\u00e9moire \u00e9pisodique chez l\u2019adulte : Mettre une s\u00e9quence en ordre.<\/a><\/h3>\n<\/div><\/article><\/div><\/div>","protected":false},"excerpt":{"rendered":"<p>Les personnes autoritaires ou fondamentalistes ont-elles toujours une l\u00e9sion neurologique&nbsp;? Le psychologue Javier Tom\u00e1s propose une br\u00e8ve neuropsychologie de l&rsquo;autoritarisme. Sc\u00e8ne d&rsquo;un supermarch\u00e9. \u2013 Je n&rsquo;ai qu&rsquo;une baguette, pourriez-vous me laisser passer, s&rsquo;il vous pla\u00eet&nbsp;? \u2013 dit une jeune femme \u00e0 l&rsquo;accent arabe. \u2013 Non, non. D\u00e9sol\u00e9e, je suis press\u00e9e. La dame finit de scanner &hellip;<\/p>\n","protected":false},"author":322,"featured_media":40871,"comment_status":"open","ping_status":"open","sticky":false,"template":"","format":"standard","meta":{"_acf_changed":false,"_genesis_hide_title":false,"_genesis_hide_breadcrumbs":false,"_genesis_hide_singular_image":false,"_genesis_hide_footer_widgets":false,"_genesis_custom_body_class":"","_genesis_custom_post_class":"","_genesis_layout":"","footnotes":""},"categories":[598],"tags":[657,669],"class_list":{"2":"type-post","7":"category-neuropsychologie-et-informations","8":"tag-cerveau","9":"tag-neuropsychologie","10":"entry"},"acf":[],"_links":{"self":[{"href":"https:\/\/neuronup.com\/fr\/wp-json\/wp\/v2\/posts\/27097","targetHints":{"allow":["GET"]}}],"collection":[{"href":"https:\/\/neuronup.com\/fr\/wp-json\/wp\/v2\/posts"}],"about":[{"href":"https:\/\/neuronup.com\/fr\/wp-json\/wp\/v2\/types\/post"}],"author":[{"embeddable":true,"href":"https:\/\/neuronup.com\/fr\/wp-json\/wp\/v2\/users\/322"}],"replies":[{"embeddable":true,"href":"https:\/\/neuronup.com\/fr\/wp-json\/wp\/v2\/comments?post=27097"}],"version-history":[{"count":0,"href":"https:\/\/neuronup.com\/fr\/wp-json\/wp\/v2\/posts\/27097\/revisions"}],"wp:featuredmedia":[{"embeddable":true,"href":"https:\/\/neuronup.com\/fr\/wp-json\/wp\/v2\/media\/40871"}],"wp:attachment":[{"href":"https:\/\/neuronup.com\/fr\/wp-json\/wp\/v2\/media?parent=27097"}],"wp:term":[{"taxonomy":"category","embeddable":true,"href":"https:\/\/neuronup.com\/fr\/wp-json\/wp\/v2\/categories?post=27097"},{"taxonomy":"post_tag","embeddable":true,"href":"https:\/\/neuronup.com\/fr\/wp-json\/wp\/v2\/tags?post=27097"}],"curies":[{"name":"wp","href":"https:\/\/api.w.org\/{rel}","templated":true}]}}