{"id":23360,"date":"2026-01-17T10:02:18","date_gmt":"2026-01-17T08:02:18","guid":{"rendered":"https:\/\/neuronup.com\/?p=23360"},"modified":"2026-01-29T17:38:30","modified_gmt":"2026-01-29T15:38:30","slug":"linfluence-de-la-posture-sur-les-avq-apres-un-avc","status":"publish","type":"post","link":"https:\/\/neuronup.com\/fr\/formation\/neuronup-academie\/linfluence-de-la-posture-sur-les-avq-apres-un-avc\/","title":{"rendered":"L&#8217;influence de la posture sur les AVQ apr\u00e8s un AVC"},"content":{"rendered":"\n<div class=\"wp-block-group\"><div class=\"wp-block-group__inner-container is-layout-flow wp-block-group-is-layout-flow\">\n<p class=\"has-text-align-center is-style-subheading has-primary-color has-text-color\">L&rsquo;ergoth\u00e9rapeute sp\u00e9cialis\u00e9e en r\u00e9\u00e9ducation neurologique Lydia Cubero Aranda animera la conf\u00e9rence gratuite et en ligne le 14\/03\/2023 sur NeuronUP Academy<\/p>\n\n\n\n<p class=\"has-lg-font-size\">L&rsquo;ergoth\u00e9rapeute sp\u00e9cialis\u00e9e en r\u00e9\u00e9ducation neurologique Lydia Cubero Aranda animera une conf\u00e9rence en ligne et gratuite sur <strong>L\u2019influence de la posture sur les AVQ apr\u00e8s un AVC<\/strong> sur NeuronUP Academy le mardi 14 mars \u00e0 19 h (heure d\u2019Espagne). Nous vous attendons !<\/p>\n\n\n\n<p>Et n\u2019oubliez pas !<\/p>\n\n\n\n<p>1. <strong>Nous avons prolong\u00e9 la session de questions \u00e0 30 minutes<\/strong> afin qu\u2019aucune question ne reste sans r\u00e9ponse.<\/p>\n\n\n\n<p>2. Les clients de NeuronUP et les professionnels b\u00e9n\u00e9ficiant d\u2019un essai gratuit de NeuronUP qui assistent \u00e0 la conf\u00e9rence en direct recevront un <strong>certificat de pr\u00e9sence<\/strong>, en exclusivit\u00e9.<\/p>\n\n\n\n<hr class=\"wp-block-separator has-css-opacity is-style-wide has-xl-margin-top has-xl-margin-bottom\"\/>\n\n\n\n<p class=\"has-text-align-center\">Remplissez ce formulaire et cliquez sur &lsquo;INSCRIVEZ-VOUS maintenant&rsquo; pour pouvoir assister \u00e0 la conf\u00e9rence.<\/p>\n\n\n<span class=\"mai-icon mai-icon-arrow-circle-down\" style=\"display:block;text-align:center;--icon-margin:0px 0px 0px 0px;--icon-padding:0px;--icon-size:40px;--icon-color:var(--color-primary);--icon-border-radius:var(--border-radius);\"><span class=\"mai-icon-wrap\"><svg xmlns=\"http:\/\/www.w3.org\/2000\/svg\" viewbox=\"0 0 512 512\" width=\"40\" height=\"40\"><!-- Font Awesome Pro 5.15.4 by @fontawesome - https:\/\/fontawesome.com License - https:\/\/fontawesome.com\/license (Commercial License) --><path d=\"M256 8C119 8 8 119 8 256s111 248 248 248 248-111 248-248S393 8 256 8zm216 248c0 118.7-96.1 216-216 216-118.7 0-216-96.1-216-216 0-118.7 96.1-216 216-216 118.7 0 216 96.1 216 216zm-92.5-4.5l-6.9-6.9c-4.7-4.7-12.5-4.7-17.1.2L273 330.3V140c0-6.6-5.4-12-12-12h-10c-6.6 0-12 5.4-12 12v190.3l-82.5-85.6c-4.7-4.8-12.4-4.9-17.1-.2l-6.9 6.9c-4.7 4.7-4.7 12.3 0 17l115 115.1c4.7 4.7 12.3 4.7 17 0l115-115.1c4.7-4.6 4.7-12.2 0-16.9z\"><\/path><\/svg><\/span><\/span>\n\n\n<div class=\"wp-block-group has-xl-margin-top\"><div class=\"wp-block-group__inner-container is-layout-flow wp-block-group-is-layout-flow\">\n<div class=\"wp-block-columns is-layout-flex wp-container-core-columns-is-layout-9d6595d7 wp-block-columns-is-layout-flex\" id=\"formulario-clickmeeting\">\n<div class=\"wp-block-column is-layout-flow wp-block-column-is-layout-flow\">\n<script type=\"text\/javascript\" src=\"https:\/\/embed.clickmeeting.com\/embed_conference.html?r=177082187233637&amp;w=1024&amp;h=2650\"><\/script>\n<\/div>\n<\/div>\n<\/div><\/div>\n<\/div><\/div>\n\n\n\n<div style=\"height:62px\" aria-hidden=\"true\" class=\"wp-block-spacer\"><\/div>\n\n\n\n<div class=\"wp-block-group testimonial-block\"><div class=\"wp-block-group__inner-container is-layout-flow wp-block-group-is-layout-flow\">\n<h2 class=\"wp-block-heading has-text-align-center\" id=\"datos-de-la-ponencia\">D\u00e9tails de la conf\u00e9rence<\/h2>\n\n\n\n<div class=\"wp-block-columns is-layout-flex wp-container-core-columns-is-layout-9d6595d7 wp-block-columns-is-layout-flex\">\n<div class=\"wp-block-column is-layout-flow wp-block-column-is-layout-flow\">\n<p class=\"is-style-default\"><strong>Intervenant :<\/strong><\/p>\n\n\n\n<p class=\"is-style-default\">Lydia Cubero Aranda<\/p>\n\n\n\n<p class=\"is-style-default\"><strong>Titre de la conf\u00e9rence<\/strong> :<\/p>\n\n\n\n<p class=\"is-style-default\"><em>L\u2019influence de la posture sur les AVQ apr\u00e8s un AVC<\/em><\/p>\n\n\n\n<p class=\"is-style-default\"><strong>Certificat de pr\u00e9sence<\/strong> pour les clients et professionnels disposant d\u2019un essai gratuit.<\/p>\n<\/div>\n\n\n\n<div class=\"wp-block-column is-layout-flow wp-block-column-is-layout-flow\">\n<p class=\"is-style-default\"><strong>Date<\/strong> : Mardi 14 mars 2023.<\/p>\n\n\n\n<p class=\"is-style-default\"><strong>Heure<\/strong> :<\/p>\n\n\n\n<ul class=\"wp-block-list\">\n<li><img decoding=\"async\" width=\"20\" src=\"https:\/\/neuronup.com\/wp-content\/uploads\/2025\/03\/bandera-mexico.svg\" alt=\"Mexique\"> Mexique : 12 h.<\/li>\n\n\n\n<li><img decoding=\"async\" width=\"20\" src=\"https:\/\/neuronup.com\/wp-content\/uploads\/2025\/03\/bandera-colombia.svg\" alt=\"Colombie\"> Colombie : 13 h.<\/li>\n\n\n\n<li><img decoding=\"async\" width=\"20\" src=\"https:\/\/neuronup.com\/wp-content\/uploads\/2025\/03\/bandera-chile.svg\" alt=\"Chili\"> Chili : 15 h.<\/li>\n\n\n\n<li><img decoding=\"async\" width=\"20\" src=\"https:\/\/neuronup.com\/wp-content\/uploads\/2025\/03\/bandera-argentina.svg\" alt=\"Argentine\"> Argentine : 15 h.<\/li>\n\n\n\n<li><img decoding=\"async\" width=\"20\" src=\"https:\/\/neuronup.com\/wp-content\/uploads\/2025\/03\/bandera-espana.svg\" alt=\"Espagne\"> Espagne : 19 h CEST (UTC+2)<\/li>\n<\/ul>\n<\/div>\n<\/div>\n<\/div><\/div>\n\n\n\n<div style=\"height:62px\" aria-hidden=\"true\" class=\"wp-block-spacer\"><\/div>\n\n\n<div class=\"wp-block-image\">\n<figure class=\"aligncenter size-large is-resized\"><img decoding=\"async\" width=\"1024\" height=\"1024\" src=\"https:\/\/neuronup.com\/wp-content\/uploads\/2023\/02\/Lydia-Cubero-1024x1024.webp\" alt=\"Portrait d&#039;une personne dans un cadre neutre; la description visuelle ne permet pas de d\u00e9crire le contexte ou les v\u00eatements.\" class=\"wp-image-23389\" style=\"width:250px\" srcset=\"https:\/\/neuronup.com\/fr\/wp-content\/uploads\/2023\/02\/Lydia-Cubero-24x24.webp 24w, https:\/\/neuronup.com\/fr\/wp-content\/uploads\/2023\/02\/Lydia-Cubero-48x48.webp 48w, https:\/\/neuronup.com\/fr\/wp-content\/uploads\/2023\/02\/Lydia-Cubero-96x96.webp 96w, https:\/\/neuronup.com\/fr\/wp-content\/uploads\/2023\/02\/Lydia-Cubero-150x150.webp 150w, https:\/\/neuronup.com\/fr\/wp-content\/uploads\/2023\/02\/Lydia-Cubero-300x300.webp 300w, https:\/\/neuronup.com\/fr\/wp-content\/uploads\/2023\/02\/Lydia-Cubero-768x768.webp 768w, https:\/\/neuronup.com\/fr\/wp-content\/uploads\/2023\/02\/Lydia-Cubero-1024x1024.webp 1024w, https:\/\/neuronup.com\/fr\/wp-content\/uploads\/2023\/02\/Lydia-Cubero.webp 1080w\" sizes=\"(max-width: 1024px) 100vw, 1024px\" \/><\/figure>\n<\/div>\n\n\n<h2 class=\"wp-block-heading\" id=\"perfil-de-mateu-servera\">Profil de Lydia Cubero Aranda<\/h2>\n\n\n\n<p>Ergoth\u00e9rapeute, bien que je me consid\u00e8re comme th\u00e9rapeute globale. Depuis 2010, <strong>j\u2019aide des dizaines de personnes avec une l\u00e9sion c\u00e9r\u00e9brale acquise<\/strong> \u00e0 \u00eatre plus ind\u00e9pendantes et heureuses. Gr\u00e2ce \u00e0 <strong>mon projet <a href=\"https:\/\/neuronup.com\/fr\/\">Th\u00e9rapie Sans Limites<\/a>,<\/strong> je suis en lien direct avec des patients, m\u00eame \u00e0 des milliers de kilom\u00e8tres.<\/p>\n\n\n\n<p>Pour faire face \u00e0 la crise \u00e9conomique de 2010, j\u2019ai \u00e9migr\u00e9 en Angleterre. J\u2019y ai pass\u00e9 trois ann\u00e9es et demie en stage dans des h\u00f4pitaux et en soignant des patients \u00e0 domicile. Juste apr\u00e8s, j\u2019ai eu l\u2019opportunit\u00e9 de r\u00e9unir mes deux grandes passions : aider les personnes et \u00eatre au contact des animaux. J\u2019ai commenc\u00e9 \u00e0 proposer de la <strong>th\u00e9rapie assist\u00e9e par le cheval<\/strong> \u00e0 des patients ayant une l\u00e9sion neurologique dans un centre \u00e9questre. C\u2019est alors que j\u2019ai su que je me <strong>sp\u00e9cialiserais en neuror\u00e9habilitation<\/strong>.<\/p>\n\n\n\n<p>Je me suis form\u00e9e <strong>th\u00e9rapeute Bobath et experte du membre sup\u00e9rieur<\/strong> avant d\u2019int\u00e9grer une clinique de r\u00e9\u00e9ducation neurologique.<\/p>\n\n\n\n<p>Voyager, apprendre et aider sont essentiels dans ma vie ; c\u2019est pourquoi <strong>je suis partie comme volontaire ergoth\u00e9rapeute au N\u00e9pal<\/strong> aupr\u00e8s d\u2019enfants en situation de handicap en 2015.<\/p>\n\n\n\n<p>Apr\u00e8s le confinement, <strong>j\u2019ai d\u00e9cid\u00e9 de me lancer dans l\u2019entrepreneuriat et j\u2019ai d\u00e9velopp\u00e9 mon projet Th\u00e9rapie Sans Limites<\/strong>, avec lequel j\u2019aide les personnes hispanophones ayant subi une l\u00e9sion c\u00e9r\u00e9brale acquise et leurs proches \u00e0 progresser de fa\u00e7on globale, en pr\u00e9sentiel et en ligne.<\/p>\n\n\n\n<p><strong>Et tr\u00e8s bient\u00f4t, j\u2019accompagnerai les professionnels du secteur m\u00e9dico-social<\/strong> pour qu\u2019ils continuent \u00e0 s\u2019enrichir dans la neuror\u00e9habilitation et per\u00e7oivent l\u2019entrepreneuriat comme une autre voie professionnelle.<\/p>\n\n\n\n<p>&nbsp;<\/p>\n\n\n\n<div class=\"wp-block-buttons is-horizontal is-content-justification-center is-layout-flex wp-container-core-buttons-is-layout-499968f5 wp-block-buttons-is-layout-flex\">\n<div class=\"wp-block-button\"><a class=\"wp-block-button__link button wp-element-button\" href=\"#formulario-clickmeeting\">M\u2019inscrire \u00e0 la conf\u00e9rence<\/a><\/div>\n<\/div>\n\n\n\n<hr class=\"wp-block-separator has-css-opacity is-style-wide has-xxl-margin-top has-xxl-margin-bottom\"\/>\n\n\n\n<h2 class=\"wp-block-heading\" id=\"preguntas-frecuentes\">Questions fr\u00e9quentes<\/h2>\n\n\n\n<h3 class=\"wp-block-heading\" id=\"1-a-quien-va-dirigida-esta-ponencia\">1. \u00c0 qui s&rsquo;adresse cette conf\u00e9rence ?<\/h3>\n\n\n\n<p>Cette conf\u00e9rence s&rsquo;adresse aux ergoth\u00e9rapeutes, orthophonistes, neuropsychologues, psychologues, neurologues et kin\u00e9sith\u00e9rapeutes, ainsi qu&rsquo;aux \u00e9tudiants du secteur de la neuror\u00e9habilitation.<\/p>\n\n\n\n<h3 class=\"wp-block-heading\" id=\"2-cuanto-vale-esta-ponencia\">2. Combien co\u00fbte cette conf\u00e9rence ?<\/h3>\n\n\n\n<p>Cette conf\u00e9rence est <strong>totalement gratuite le jour de la diffusion.<\/strong> Par la suite, elle sera accessible uniquement aux clients de NeuronUP sur la plateforme.<\/p>\n\n\n\n<h3 class=\"wp-block-heading\" id=\"3-donde-se-imparte-la-ponencia\">3. O\u00f9 se d\u00e9roule la conf\u00e9rence ?<\/h3>\n\n\n\n<p>La conf\u00e9rence est <strong>en ligne<\/strong> et vous pouvez y acc\u00e9der de n&rsquo;importe o\u00f9.<\/p>\n\n\n\n<h3 class=\"wp-block-heading\" id=\"4-cuanto-dura\">4. Quelle est la dur\u00e9e ?<\/h3>\n\n\n\n<p>La conf\u00e9rence dure 1 heure.<\/p>\n\n\n\n<h3 class=\"wp-block-heading\" id=\"5-la-ponencia-es-en-directo\">5. La conf\u00e9rence est-elle en direct ?<\/h3>\n\n\n\n<p><strong>Nous enregistrons la conf\u00e9rence<\/strong> \u00e0 l&rsquo;avance <strong>pour garantir la meilleure qualit\u00e9<\/strong> et \u00e9viter d&rsquo;\u00e9ventuelles coupures dues \u00e0 une mauvaise connexion. \u00c0 la fin de la conf\u00e9rence, <strong>l\u2019intervenant sera disponible en direct pendant 30 minutes pour r\u00e9pondre aux questions<\/strong>.<\/p>\n\n\n\n<h3 class=\"wp-block-heading\" id=\"6-hay-turno-de-preguntas\">6. Y a-t-il une session de questions ?<\/h3>\n\n\n\n<p>L\u2019intervenant r\u00e9pondra en direct aux questions pendant les 30 derni\u00e8res minutes. Si toutes les questions ne peuvent \u00eatre trait\u00e9es, il y r\u00e9pondra par \u00e9crit sur le blog de NeuronUP.<\/p>\n\n\n\n<hr class=\"wp-block-separator has-css-opacity is-style-wide has-xxl-margin-top has-xxl-margin-bottom\"\/>\n\n\n\n<h3 class=\"wp-block-heading\" id=\"recomendaciones-a-la-hora-de-asistir-a-la-ponencia\">Conseils pour assister \u00e0 la conf\u00e9rence<\/h3>\n\n\n\n<ul class=\"wp-block-list\">\n<li><strong>Se connecter depuis un ordinateur.<\/strong> Les personnes qui utilisent un appareil mobile peuvent rencontrer des probl\u00e8mes de visualisation ou d\u2019\u00e9coute en raison d\u2019un signal Wi-Fi insuffisant. Nous recommandons donc un ordinateur de bureau ou un ordinateur portable.<\/li>\n\n\n\n<li><strong>Utiliser une connexion filaire<\/strong>, si possible plut\u00f4t que le Wi-Fi.<\/li>\n\n\n\n<li><strong>Effectuer un test de connexion avant de rejoindre la conf\u00e9rence.<\/strong> Cette option est disponible pour chaque utilisateur sur l\u2019\u00e9cran d\u2019entr\u00e9e \u00e0 l\u2019\u00e9v\u00e9nement.<\/li>\n<\/ul>\n\n\n\n<div class=\"wp-block-buttons is-horizontal is-content-justification-center is-layout-flex wp-container-core-buttons-is-layout-499968f5 wp-block-buttons-is-layout-flex\">\n<div class=\"wp-block-button\"><a class=\"wp-block-button__link button wp-element-button\" href=\"#formulario-clickmeeting\">M\u2019inscrire \u00e0 la conf\u00e9rence<\/a><\/div>\n<\/div>\n\n\n\n<hr class=\"wp-block-separator has-css-opacity is-style-wide has-xxl-margin-top has-xxl-margin-bottom\"\/>\n\n\n\n<div class=\"wp-block-columns is-layout-flex wp-container-core-columns-is-layout-9d6595d7 wp-block-columns-is-layout-flex\">\n<div class=\"wp-block-column is-layout-flow wp-block-column-is-layout-flow\">\n<h2 class=\"wp-block-heading\" id=\"apuntate-a-la-newsletter-de-neuronup-academy\"><strong>Abonnez-vous \u00e0 la newsletter de NeuronUP Academy<\/strong><\/h2>\n\n\n\n<p class=\"is-style-default\">Nous vous informerons de toutes les conf\u00e9rences directement par email.<\/p>\n\n\n<div class=\"wp-block-image\">\n<figure class=\"aligncenter size-full is-resized\"><img decoding=\"async\" src=\"https:\/\/neuronup.com\/wp-content\/uploads\/2021\/12\/neuronin-academy_NW.webp\" alt=\"\" class=\"wp-image-8515\" style=\"width:375px;height:301px\"\/><\/figure>\n<\/div><\/div>\n\n\n\n<div class=\"wp-block-column testimonial-block is-layout-flow wp-block-column-is-layout-flow\">\n<div class=\"hs-form-frame\" data-region=\"eu1\" data-form-id=\"17a7fd0a-be91-403c-af28-38ac1e0eb281\" data-portal-id=\"143501970\"><\/div>\n<\/div>\n<\/div>\n\n\n<div class=\"mai-grid entries entries-grid has-boxed has-image-full\" style=\"--entry-title-font-size:var(--font-size-lg);--align-text:start;--entry-meta-text-align:start;\"><div class=\"entries-wrap has-columns\" style=\"--columns-xs:1\/1;--columns-sm:1\/1;--columns-md:1\/3;--columns-lg:1\/3;--flex-xs:0 0 var(--flex-basis);--flex-sm:0 0 var(--flex-basis);--flex-md:0 0 var(--flex-basis);--flex-lg:0 0 var(--flex-basis);--column-gap:var(--spacing-lg);--row-gap:var(--spacing-lg);--align-columns:start;\"><article class=\"entry entry-grid is-column has-entry-link has-image has-image-first type-post category-lignes-de-recherche tag-evaluation-neuropsychologique tag-fonctions-executives\" style=\"--entry-index:1;\" aria-label=\"L&rsquo;\u00e9valuation de la prise de d\u00e9cision en neuropsychologie\" itemscope itemtype=\"https:\/\/schema.org\/CreativeWork\"><a class=\"entry-image-link\" href=\"https:\/\/neuronup.com\/fr\/investigation\/lignes-de-recherche\/levaluation-de-la-prise-de-decision-en-neuropsychologie\/\" tabindex=\"-1\" aria-hidden=\"true\"><img decoding=\"async\" width=\"400\" height=\"267\" src=\"https:\/\/neuronup.com\/fr\/wp-content\/uploads\/2025\/05\/La-evaluacion-de-la-toma-de-decisiones-en-neuropsicologia-Marcos-Rios-NeuronUP.webp\" class=\"entry-image size-landscape-sm\" alt=\"Main tendue sous un cerveau stylis\u00e9 et connect\u00e9, illustration abstraite symbolisant la pens\u00e9e et la neuropsychologie.\" srcset=\"https:\/\/neuronup.com\/fr\/wp-content\/uploads\/2025\/05\/La-evaluacion-de-la-toma-de-decisiones-en-neuropsicologia-Marcos-Rios-NeuronUP-300x200.webp 300w, https:\/\/neuronup.com\/fr\/wp-content\/uploads\/2025\/05\/La-evaluacion-de-la-toma-de-decisiones-en-neuropsicologia-Marcos-Rios-NeuronUP-768x512.webp 768w, https:\/\/neuronup.com\/fr\/wp-content\/uploads\/2025\/05\/La-evaluacion-de-la-toma-de-decisiones-en-neuropsicologia-Marcos-Rios-NeuronUP-1024x683.webp 1024w, https:\/\/neuronup.com\/fr\/wp-content\/uploads\/2025\/05\/La-evaluacion-de-la-toma-de-decisiones-en-neuropsicologia-Marcos-Rios-NeuronUP.webp 1200w\" sizes=\"(max-width:599px) 599px, (min-width:600px) and (max-width: 799px) 799px, (min-width:800px) and (max-width: 999px) 333px, (min-width:1000px) 400px\" \/><\/a><div class=\"entry-wrap entry-wrap-grid\"><h3 class=\"entry-title\" itemprop=\"headline\"><a class=\"entry-title-link\" href=\"https:\/\/neuronup.com\/fr\/investigation\/lignes-de-recherche\/levaluation-de-la-prise-de-decision-en-neuropsychologie\/\" rel=\"bookmark\">L&rsquo;\u00e9valuation de la prise de d\u00e9cision en neuropsychologie<\/a><\/h3>\n<\/div><\/article><article class=\"entry entry-grid is-column has-entry-link has-image has-image-first type-post category-nouvelles-activites\" style=\"--entry-index:2;\" aria-label=\"Nouveau jeu de m\u00e9moire \u00e9pisodique pour adultes\" itemscope itemtype=\"https:\/\/schema.org\/CreativeWork\"><a class=\"entry-image-link\" href=\"https:\/\/neuronup.com\/fr\/nouveautes-neuronup\/nouvelles-activites\/nouveau-jeu-de-memoire-episodique-pour-adultes\/\" tabindex=\"-1\" aria-hidden=\"true\"><img decoding=\"async\" width=\"400\" height=\"300\" src=\"https:\/\/neuronup.com\/fr\/wp-content\/uploads\/2024\/11\/Therapie-occupationnelle-et-lesion-cerebrale-56-2-400x300.webp\" class=\"entry-image size-landscape-sm\" alt=\"Fond en li\u00e8ge avec des fiches blanches; \u00e0 gauche chiffres 1 \u00e0 6, \u00e0 droite 1 et 2, et bandeau inf\u00e9rieur mentionnant une nouvelle activit\u00e9 de m\u00e9moire \u00e9pisodique pour adultes.\" srcset=\"https:\/\/neuronup.com\/fr\/wp-content\/uploads\/2024\/11\/Therapie-occupationnelle-et-lesion-cerebrale-56-2-400x300.webp 400w, https:\/\/neuronup.com\/fr\/wp-content\/uploads\/2024\/11\/Therapie-occupationnelle-et-lesion-cerebrale-56-2-800x600.webp 800w, https:\/\/neuronup.com\/fr\/wp-content\/uploads\/2024\/11\/Therapie-occupationnelle-et-lesion-cerebrale-56-2-1200x900.webp 1200w\" sizes=\"(max-width:599px) 599px, (min-width:600px) and (max-width: 799px) 799px, (min-width:800px) and (max-width: 999px) 333px, (min-width:1000px) 400px\" \/><\/a><div class=\"entry-wrap entry-wrap-grid\"><h3 class=\"entry-title\" itemprop=\"headline\"><a class=\"entry-title-link\" href=\"https:\/\/neuronup.com\/fr\/nouveautes-neuronup\/nouvelles-activites\/nouveau-jeu-de-memoire-episodique-pour-adultes\/\" rel=\"bookmark\">Nouveau jeu de m\u00e9moire \u00e9pisodique pour adultes<\/a><\/h3>\n<\/div><\/article><article class=\"entry entry-grid is-column has-entry-link has-image has-image-first type-post category-maladies-neurodegeneratives tag-demence tag-maladies-neurodegeneratives\" style=\"--entry-index:3;\" aria-label=\"Comprendre la d\u00e9mence frontotemporale: l&#8217;importance de la psycho\u00e9ducation pour les membres de la famille\" itemscope itemtype=\"https:\/\/schema.org\/CreativeWork\"><a class=\"entry-image-link\" href=\"https:\/\/neuronup.com\/fr\/actualites-de-la-stimulation-cognitive\/maladies-neurodegeneratives\/comprendre-la-demence-frontotemporale-limportance-de-la-psychoeducation-pour-les-membres-de-la-famille\/\" tabindex=\"-1\" aria-hidden=\"true\"><img decoding=\"async\" width=\"400\" height=\"300\" src=\"https:\/\/neuronup.com\/fr\/wp-content\/uploads\/2024\/11\/Comprendre-la-demence-frontotemporale-limportance-de-la-psychoeducation-pour-les-membres-de-la-famille-400x300.webp\" class=\"entry-image size-landscape-sm\" alt=\"Femme \u00e2g\u00e9e assise \u00e0 une table, regard pensif pr\u00e8s d&#039;une fen\u00eatre; ambiance calme et introspective.\" srcset=\"https:\/\/neuronup.com\/fr\/wp-content\/uploads\/2024\/11\/Comprendre-la-demence-frontotemporale-limportance-de-la-psychoeducation-pour-les-membres-de-la-famille-400x300.webp 400w, https:\/\/neuronup.com\/fr\/wp-content\/uploads\/2024\/11\/Comprendre-la-demence-frontotemporale-limportance-de-la-psychoeducation-pour-les-membres-de-la-famille-800x600.webp 800w\" sizes=\"(max-width:599px) 599px, (min-width:600px) and (max-width: 799px) 799px, (min-width:800px) and (max-width: 999px) 333px, (min-width:1000px) 400px\" \/><\/a><div class=\"entry-wrap entry-wrap-grid\"><h3 class=\"entry-title\" itemprop=\"headline\"><a class=\"entry-title-link\" href=\"https:\/\/neuronup.com\/fr\/actualites-de-la-stimulation-cognitive\/maladies-neurodegeneratives\/comprendre-la-demence-frontotemporale-limportance-de-la-psychoeducation-pour-les-membres-de-la-famille\/\" rel=\"bookmark\">Comprendre la d\u00e9mence frontotemporale: l&#8217;importance de la psycho\u00e9ducation pour les membres de la famille<\/a><\/h3>\n<\/div><\/article><article class=\"entry entry-grid is-column has-entry-link has-image has-image-first type-post category-neuronup-academie tag-academie-neuronup tag-lesion-cerebrale-acquise tag-presentation-de-lacademie-neuronup\" style=\"--entry-index:4;\" aria-label=\"La neuropsychologue Ainhoa Espinosa de Luzarraga r\u00e9pond aux questions concernant sa pr\u00e9sentation sur la l\u00e9sion c\u00e9r\u00e9brale acquise\" itemscope itemtype=\"https:\/\/schema.org\/CreativeWork\"><a class=\"entry-image-link\" href=\"https:\/\/neuronup.com\/fr\/formation\/neuronup-academie\/la-neuropsychologue-ainhoa-espinosa-de-luzarraga-repond-aux-doutes-concernant-son-expose-sur-la-lesion-cerebrale-acquise\/\" tabindex=\"-1\" aria-hidden=\"true\"><img decoding=\"async\" width=\"400\" height=\"300\" src=\"https:\/\/neuronup.com\/fr\/wp-content\/uploads\/2024\/11\/Que-pouvons-nous-faire-pour-que-vous-restiez-client-de-NeuronUP-400x300.webp\" class=\"entry-image size-landscape-sm\" alt=\"Deux interlocuteurs discutent autour d&#039;une table: une femme prenant des notes et un homme en bleu parlant en levant le doigt; bulle de dialogue au-dessus sugg\u00e9rant une id\u00e9e ou une question.\" \/><\/a><div class=\"entry-wrap entry-wrap-grid\"><h3 class=\"entry-title\" itemprop=\"headline\"><a class=\"entry-title-link\" href=\"https:\/\/neuronup.com\/fr\/formation\/neuronup-academie\/la-neuropsychologue-ainhoa-espinosa-de-luzarraga-repond-aux-doutes-concernant-son-expose-sur-la-lesion-cerebrale-acquise\/\" rel=\"bookmark\">La neuropsychologue Ainhoa Espinosa de Luzarraga r\u00e9pond aux questions concernant sa pr\u00e9sentation sur la l\u00e9sion c\u00e9r\u00e9brale acquise<\/a><\/h3>\n<\/div><\/article><article class=\"entry entry-grid is-column has-entry-link has-image has-image-first type-post category-test-de-neuropsychologie\" style=\"--entry-index:5;\" aria-label=\"Test de Raven : Qu\u2019est-ce que c\u2019est et comment interpr\u00e9ter le test des matrices progressives de Raven\" itemscope itemtype=\"https:\/\/schema.org\/CreativeWork\"><a class=\"entry-image-link\" href=\"https:\/\/neuronup.com\/fr\/neurosciences\/neuropsychologie-et-informations\/test-de-neuropsychologie\/test-de-raven\/\" tabindex=\"-1\" aria-hidden=\"true\"><img decoding=\"async\" width=\"400\" height=\"300\" src=\"https:\/\/neuronup.com\/fr\/wp-content\/uploads\/2024\/11\/Test-de-Raven-Quest-ce-que-cest-et-comment-interpreter-le-test-des-matrices-progressives-de-Raven-1-400x300.webp\" class=\"entry-image size-landscape-sm\" alt=\"Tableau 3x3 de formes g\u00e9om\u00e9triques avec une pi\u00e8ce manquante en bas \u00e0 droite et trois options A, B et C autour du test Raven.\" srcset=\"https:\/\/neuronup.com\/fr\/wp-content\/uploads\/2024\/11\/Test-de-Raven-Quest-ce-que-cest-et-comment-interpreter-le-test-des-matrices-progressives-de-Raven-1-400x300.webp 400w, https:\/\/neuronup.com\/fr\/wp-content\/uploads\/2024\/11\/Test-de-Raven-Quest-ce-que-cest-et-comment-interpreter-le-test-des-matrices-progressives-de-Raven-1-800x600.webp 800w\" sizes=\"(max-width:599px) 599px, (min-width:600px) and (max-width: 799px) 799px, (min-width:800px) and (max-width: 999px) 333px, (min-width:1000px) 400px\" \/><\/a><div class=\"entry-wrap entry-wrap-grid\"><h3 class=\"entry-title\" itemprop=\"headline\"><a class=\"entry-title-link\" href=\"https:\/\/neuronup.com\/fr\/neurosciences\/neuropsychologie-et-informations\/test-de-neuropsychologie\/test-de-raven\/\" rel=\"bookmark\">Test de Raven : Qu\u2019est-ce que c\u2019est et comment interpr\u00e9ter le test des matrices progressives de Raven<\/a><\/h3>\n<\/div><\/article><article class=\"entry entry-grid is-column has-entry-link has-image has-image-first type-post category-troubles-neuro-developpementaux tag-fonctions-cognitives tag-neurodeveloppement tag-troubles-du-neuro-developpement tag-troubles-neurodeveloppementaux\" style=\"--entry-index:6;\" aria-label=\"Troubles neurod\u00e9veloppementaux: impact sur les fonctions cognitives\" itemscope itemtype=\"https:\/\/schema.org\/CreativeWork\"><a class=\"entry-image-link\" href=\"https:\/\/neuronup.com\/fr\/actualites-de-la-stimulation-cognitive\/troubles-neuro-developpementaux\/troubles-neurodeveloppementaux-impact-sur-les-fonctions-cognitives\/\" tabindex=\"-1\" aria-hidden=\"true\"><img decoding=\"async\" width=\"400\" height=\"300\" src=\"https:\/\/neuronup.com\/fr\/wp-content\/uploads\/2024\/11\/Troubles-neurodeveloppementaux-impact-sur-les-fonctions-cognitives-400x300.webp\" class=\"entry-image size-landscape-sm\" alt=\"Deux enfants assis sur un tapis lisent un livre; bandeau bas indiquant Troubles neurod\u00e9veloppementaux et fonctions cognitives.\" srcset=\"https:\/\/neuronup.com\/fr\/wp-content\/uploads\/2024\/11\/Troubles-neurodeveloppementaux-impact-sur-les-fonctions-cognitives-400x300.webp 400w, https:\/\/neuronup.com\/fr\/wp-content\/uploads\/2024\/11\/Troubles-neurodeveloppementaux-impact-sur-les-fonctions-cognitives-800x600.webp 800w, https:\/\/neuronup.com\/fr\/wp-content\/uploads\/2024\/11\/Troubles-neurodeveloppementaux-impact-sur-les-fonctions-cognitives-1200x900.webp 1200w\" sizes=\"(max-width:599px) 599px, (min-width:600px) and (max-width: 799px) 799px, (min-width:800px) and (max-width: 999px) 333px, (min-width:1000px) 400px\" \/><\/a><div class=\"entry-wrap entry-wrap-grid\"><h3 class=\"entry-title\" itemprop=\"headline\"><a class=\"entry-title-link\" href=\"https:\/\/neuronup.com\/fr\/actualites-de-la-stimulation-cognitive\/troubles-neuro-developpementaux\/troubles-neurodeveloppementaux-impact-sur-les-fonctions-cognitives\/\" rel=\"bookmark\">Troubles neurod\u00e9veloppementaux: impact sur les fonctions cognitives<\/a><\/h3>\n<\/div><\/article><\/div><\/div>","protected":false},"excerpt":{"rendered":"<p>L&rsquo;ergoth\u00e9rapeute sp\u00e9cialis\u00e9e en r\u00e9\u00e9ducation neurologique Lydia Cubero Aranda animera la conf\u00e9rence gratuite et en ligne le 14\/03\/2023 sur NeuronUP Academy L&rsquo;ergoth\u00e9rapeute sp\u00e9cialis\u00e9e en r\u00e9\u00e9ducation neurologique Lydia Cubero Aranda animera une conf\u00e9rence en ligne et gratuite sur L\u2019influence de la posture sur les AVQ apr\u00e8s un AVC sur NeuronUP Academy le mardi 14 mars \u00e0 19 &hellip;<\/p>\n","protected":false},"author":7,"featured_media":23392,"comment_status":"open","ping_status":"open","sticky":false,"template":"","format":"standard","meta":{"_acf_changed":false,"_genesis_hide_title":false,"_genesis_hide_breadcrumbs":false,"_genesis_hide_singular_image":false,"_genesis_hide_footer_widgets":false,"_genesis_custom_body_class":"","_genesis_custom_post_class":"","_genesis_layout":"","footnotes":""},"categories":[597],"tags":[1066,1070,678,1065,1069,1067],"class_list":{"2":"type-post","7":"category-neuronup-academie","8":"tag-academie-neuronup","9":"tag-accident-vasculaire-cerebral","10":"tag-ergotherapie","11":"tag-lesion-cerebrale","12":"tag-lesion-cerebrale-acquise","13":"tag-presentation-de-lacademie-neuronup","14":"entry"},"acf":[],"_links":{"self":[{"href":"https:\/\/neuronup.com\/fr\/wp-json\/wp\/v2\/posts\/23360","targetHints":{"allow":["GET"]}}],"collection":[{"href":"https:\/\/neuronup.com\/fr\/wp-json\/wp\/v2\/posts"}],"about":[{"href":"https:\/\/neuronup.com\/fr\/wp-json\/wp\/v2\/types\/post"}],"author":[{"embeddable":true,"href":"https:\/\/neuronup.com\/fr\/wp-json\/wp\/v2\/users\/7"}],"replies":[{"embeddable":true,"href":"https:\/\/neuronup.com\/fr\/wp-json\/wp\/v2\/comments?post=23360"}],"version-history":[{"count":0,"href":"https:\/\/neuronup.com\/fr\/wp-json\/wp\/v2\/posts\/23360\/revisions"}],"wp:featuredmedia":[{"embeddable":true,"href":"https:\/\/neuronup.com\/fr\/wp-json\/wp\/v2\/media\/23392"}],"wp:attachment":[{"href":"https:\/\/neuronup.com\/fr\/wp-json\/wp\/v2\/media?parent=23360"}],"wp:term":[{"taxonomy":"category","embeddable":true,"href":"https:\/\/neuronup.com\/fr\/wp-json\/wp\/v2\/categories?post=23360"},{"taxonomy":"post_tag","embeddable":true,"href":"https:\/\/neuronup.com\/fr\/wp-json\/wp\/v2\/tags?post=23360"}],"curies":[{"name":"wp","href":"https:\/\/api.w.org\/{rel}","templated":true}]}}