{"id":23062,"date":"2026-01-18T10:02:18","date_gmt":"2026-01-18T08:02:18","guid":{"rendered":"https:\/\/neuronup.com\/?p=23062"},"modified":"2026-01-29T17:38:25","modified_gmt":"2026-01-29T15:38:25","slug":"nouveaute-ameliorations-de-performance-de-neuronup-nouvelles-fonctionnalites-dans-neuronup-score-et-correction-d-erreurs","status":"publish","type":"post","link":"https:\/\/neuronup.com\/fr\/nouveautes-neuronup\/nouvelles-activites\/nouveaute-ameliorations-de-performance-de-neuronup-nouvelles-fonctionnalites-dans-neuronup-score-et-correction-d-erreurs\/","title":{"rendered":"[NOUVEAUT\u00c9] Am\u00e9liorations des performances de NeuronUP, nouvelles fonctionnalit\u00e9s de NeuronUP Score et correction de bugs"},"content":{"rendered":"\n<h2 class=\"has-text-align-center wp-block-heading\"><mark style=\"background-color:rgba(0, 0, 0, 0)\" class=\"has-inline-color has-custom-2-color\">Mise \u00e0 jour du produit<\/mark><\/h2>\n\n\n\n<p class=\"has-xl-font-size\">Nous avons effectu\u00e9 une <strong>mise \u00e0 jour de NeuronUP<\/strong> qui vous facilitera son utilisation, introduit <strong>deux nouvelles fonctionnalit\u00e9s de NeuronUP Score<\/strong> qui seront de grande utilit\u00e9 dans votre intervention et nous avons <strong>corrig\u00e9 quelques erreurs<\/strong> qui am\u00e9lioreront votre exp\u00e9rience sur la plateforme.<\/p>\n\n\n\n<p>Nous vous d\u00e9taillons ci-dessous les principales mises \u00e0 jour.<\/p>\n\n\n\n<h2 class=\"wp-block-heading\">NeuronUP Score<\/h2>\n\n\n\n<h3 class=\"wp-block-heading\">1. Ligne de tendance<\/h3>\n\n\n\n<p>D\u00e9sormais, dans le graphique d&rsquo;\u00e9volution de l&rsquo;utilisateur, le <strong>filtre de tendance sera activ\u00e9 par d\u00e9faut et vous permettra de visualiser clairement la progression du score.<\/strong><\/p>\n\n\n\n<p>Cela est tr\u00e8s utile dans le cadre d&rsquo;<strong>interventions \u00e0 long terme<\/strong> pr\u00e9sentant une <strong>forte dispersion des r\u00e9sultats<\/strong>, comme nous le voyons sur l&rsquo;image suivante.<\/p>\n\n\n<div class=\"wp-block-image\">\n<figure class=\"aligncenter size-full is-resized\"><img decoding=\"async\" src=\"https:\/\/neuronup.com\/wp-content\/uploads\/2023\/02\/2-copia.gif\" alt=\"Ligne de tendance NeuronUP Score\" class=\"wp-image-23065\" width=\"852\" height=\"369\"\/><figcaption class=\"wp-element-caption\">Ligne de tendance NeuronUP Score.<\/figcaption><\/figure>\n<\/div>\n\n\n<h3 class=\"wp-block-heading\">2. Graphique de l&rsquo;impact des fonctions cognitives dans l&rsquo;intervention<\/h3>\n\n\n\n<p>Avec cette nouvelle fonctionnalit\u00e9, vous pourrez visualiser <strong>l&rsquo;importance de chaque domaine d&rsquo;intervention trait\u00e9 via NeuronUP dans le Score<\/strong>. Ainsi, vous pourrez <strong>red\u00e9finir l&rsquo;axe de l&rsquo;intervention<\/strong> si cela est n\u00e9cessaire.<\/p>\n\n\n<div class=\"wp-block-image\">\n<figure class=\"aligncenter size-full\"><img decoding=\"async\" width=\"1904\" height=\"792\" src=\"https:\/\/neuronup.com\/wp-content\/uploads\/2023\/02\/Captura-de-Pantalla-2023-02-12-a-las-21.50.19.webp\" alt=\"Graphique d&#039;impact des fonctions cognitives sur le score.\"impact des fonctions cognitives sur le Score\" class=\"wp-image-23067\" srcset=\"https:\/\/neuronup.com\/fr\/wp-content\/uploads\/2023\/02\/Captura-de-Pantalla-2023-02-12-a-las-21.50.19-300x125.webp 300w, https:\/\/neuronup.com\/fr\/wp-content\/uploads\/2023\/02\/Captura-de-Pantalla-2023-02-12-a-las-21.50.19-768x319.webp 768w, https:\/\/neuronup.com\/fr\/wp-content\/uploads\/2023\/02\/Captura-de-Pantalla-2023-02-12-a-las-21.50.19-1024x426.webp 1024w, https:\/\/neuronup.com\/fr\/wp-content\/uploads\/2023\/02\/Captura-de-Pantalla-2023-02-12-a-las-21.50.19-1536x639.webp 1536w, https:\/\/neuronup.com\/fr\/wp-content\/uploads\/2023\/02\/Captura-de-Pantalla-2023-02-12-a-las-21.50.19.webp 1904w\" sizes=\"(max-width: 1904px) 100vw, 1904px\" \/><figcaption class=\"wp-element-caption\">Graphique de l&rsquo;impact des fonctions cognitives sur le Score.<\/figcaption><\/figure>\n<\/div>\n\n\n<h2 class=\"wp-block-heading\">Sessions<\/h2>\n\n\n\n<p>Un <strong>raccourci pour d\u00e9marrer les sessions<\/strong> a \u00e9t\u00e9 mis en place, permettant de les lancer <strong>imm\u00e9diatement sans avoir \u00e0 les planifier<\/strong> dans le calendrier.<\/p>\n\n\n\n<p>La session <strong>sera automatiquement associ\u00e9e au jour en cours et \u00e0 l&rsquo;utilisateur s\u00e9lectionn\u00e9<\/strong> et d\u00e9marrera imm\u00e9diatement. Elle a \u00e9t\u00e9 con\u00e7ue pour le <strong>travail en pr\u00e9sentiel<\/strong>. Vous trouverez ci-dessous un exemple de son fonctionnement.<\/p>\n\n\n<div class=\"wp-block-image\">\n<figure class=\"aligncenter size-full is-resized\"><img decoding=\"async\" src=\"https:\/\/neuronup.com\/wp-content\/uploads\/2023\/02\/ezgif.com-video-to-gif.gif\" alt=\"Raccourci pour commencer les sessions permettant de les d\u00e9buter imm\u00e9diatement sans avoir besoin de les assigner au calendrier.\" class=\"wp-image-23068\" width=\"852\" height=\"399\"\/><figcaption class=\"wp-element-caption\">Raccourci pour d\u00e9marrer les sessions permettant de les lancer imm\u00e9diatement sans avoir \u00e0 les planifier dans le calendrier.<\/figcaption><\/figure>\n<\/div>\n\n\n<p>De plus, <strong>la visualisation et l&rsquo;ergonomie du calendrier<\/strong> ont \u00e9t\u00e9 am\u00e9lior\u00e9es, ainsi que son <strong>adaptation aux diff\u00e9rents appareils<\/strong>.<\/p>\n\n\n\n<h2 class=\"wp-block-heading\">Liste d&rsquo;attribution des utilisateurs<\/h2>\n\n\n\n<p>D\u00e9sormais, pour <strong>ajouter de nouveaux utilisateurs<\/strong> avec lesquels vous souhaitez <strong>commencer \u00e0 travailler<\/strong>, vous devrez <strong>les s\u00e9lectionner et cliquer sur le bouton \u00ab Enregistrer \u00bb<\/strong> pour confirmer l&rsquo;action.<\/p>\n\n\n<div class=\"wp-block-image\">\n<figure class=\"aligncenter size-full is-resized\"><img decoding=\"async\" src=\"https:\/\/neuronup.com\/wp-content\/uploads\/2023\/02\/ezgif.com-video-to-gif-copia.gif\" alt=\"Liste d&#039;assignation des utilisateurs\"attribution des utilisateurs\" class=\"wp-image-23069\" width=\"852\" height=\"394\"\/><figcaption class=\"wp-element-caption\">Liste d&rsquo;attribution des utilisateurs.<\/figcaption><\/figure>\n<\/div>\n\n\n<div style=\"height:50px\" aria-hidden=\"true\" class=\"wp-block-spacer\"><\/div>\n\n\n\n<div class=\"wp-block-group br-0111 has-primary-background-color has-background has-dark-background has-sm-padding-top has-sm-padding-left has-sm-padding-right has-xxl-margin-top\"><div class=\"wp-block-group__inner-container is-layout-constrained wp-block-group-is-layout-constrained\">\n<div class=\"wp-block-columns is-layout-flex wp-container-core-columns-is-layout-9d6595d7 wp-block-columns-is-layout-flex\">\n<div class=\"wp-block-column is-layout-flow wp-block-column-is-layout-flow\">\n<figure class=\"wp-block-image size-full desktop-position-absolute desktop-bottom-0 mobile-width-50 mobile-m-inline-auto has-xl-margin-top\"><img decoding=\"async\" width=\"292\" height=\"338\" src=\"https:\/\/neuronup.com\/fr\/wp-content\/uploads\/2024\/10\/certificat-produit.webp\" alt=\"\" class=\"wp-image-31568\" srcset=\"https:\/\/neuronup.com\/fr\/wp-content\/uploads\/2024\/10\/certificat-produit-259x300.webp 259w, https:\/\/neuronup.com\/fr\/wp-content\/uploads\/2024\/10\/certificat-produit.webp 292w\" sizes=\"(max-width: 292px) 100vw, 292px\" \/><\/figure>\n<\/div>\n\n\n\n<div class=\"wp-block-column is-layout-flow wp-block-column-is-layout-flow\">\n<h2 class=\"wp-block-heading has-white-color has-text-color\"><strong>Abonnez-vous<\/strong> <br>\u00e0 notre <br>Newsletter<\/h2>\n\n\n\n<div class=\"wp-block-buttons is-layout-flex wp-block-buttons-is-layout-flex\">\n<div class=\"wp-block-button--1\" style=\"--button-outline-color:var(--color-white);--button-outline-color-hover:rgba(0,0,0,0.8);\"><a class=\"wp-block-button__link button button-outline   wp-element-button\" href=\"https:\/\/neuronup.com\/fr\/newsletter\/\">Abonnez-vous<\/a><\/div>\n\n<\/div>\n\n\n\n<div style=\"height:40px\" aria-hidden=\"true\" class=\"wp-block-spacer\"><\/div>\n<\/div>\n<\/div>\n<\/div><\/div>\n\n\n\n\n<div style=\"height:50px\" aria-hidden=\"true\" class=\"wp-block-spacer\"><\/div>\n\n\n<h2>Nous avons besoin de vos suggestions<\/h2>\n\n\n<p>Si vous avez une suggestion, quelque chose que vous ne comprenez pas ou si vous souhaitez simplement nous donner votre avis sur cette nouvelle mise \u00e0 jour, \u00e9crivez-nous \u00e0 <strong>sugerencias@mywordpress.neuronup.com<\/strong>.<\/p>\n\n\n\n<p>Si vous \u00eates client, <a href=\"https:\/\/app.neuronup.com\/dashboard\/working-area\/result\/single\">jetez un \u0153il aux nouvelles fonctionnalit\u00e9s<\/a> au sein de la plateforme. Si vous n&rsquo;avez pas encore NeuronUP, <a rel=\"noreferrer noopener\" href=\"https:\/\/bit.ly\/3IVzAL5\" target=\"_blank\">demandez ici<\/a> un essai gratuit de la plateforme.<\/p>\n\n\n\n<h3 class=\"wp-block-heading\">Si vous souhaitez conna\u00eetre les derni\u00e8res nouveaut\u00e9s de NeuronUP, ces articles pourraient \u00e9galement vous int\u00e9resser :<\/h3>\n\n<div class=\"mai-grid entries entries-grid has-boxed has-image-full\" style=\"--entry-title-font-size:var(--font-size-lg);--align-text:start;--entry-meta-text-align:start;\"><div class=\"entries-wrap has-columns\" style=\"--columns-xs:1\/1;--columns-sm:1\/1;--columns-md:1\/3;--columns-lg:1\/3;--flex-xs:0 0 var(--flex-basis);--flex-sm:0 0 var(--flex-basis);--flex-md:0 0 var(--flex-basis);--flex-lg:0 0 var(--flex-basis);--column-gap:var(--spacing-lg);--row-gap:var(--spacing-lg);--align-columns:start;\"><article class=\"entry entry-grid is-column has-entry-link has-image has-image-first type-post category-schizophrenie tag-evaluation-neuropsychologique tag-psychologie tag-schizophrenie\" style=\"--entry-index:1;\" aria-label=\"Perception sociale dans la schizophr\u00e9nie\" itemscope itemtype=\"https:\/\/schema.org\/CreativeWork\"><a class=\"entry-image-link\" href=\"https:\/\/neuronup.com\/fr\/actualites-de-la-stimulation-cognitive\/maladie-mentale\/schizophrenie\/perception-sociale-et-schizophrenie\/\" tabindex=\"-1\" aria-hidden=\"true\"><img decoding=\"async\" width=\"400\" height=\"267\" src=\"https:\/\/neuronup.com\/fr\/wp-content\/uploads\/2024\/10\/Percepcion-social-y-conocimiento-social-en-esquizofrenia.webp\" class=\"entry-image size-landscape-sm\" alt=\"Homme portant des lunettes, stress\u00e9, se tenant le visage entre les mains dans un salon moderne avec canap\u00e9 et plantes.\" srcset=\"https:\/\/neuronup.com\/fr\/wp-content\/uploads\/2024\/10\/Percepcion-social-y-conocimiento-social-en-esquizofrenia-300x200.webp 300w, https:\/\/neuronup.com\/fr\/wp-content\/uploads\/2024\/10\/Percepcion-social-y-conocimiento-social-en-esquizofrenia-768x512.webp 768w, https:\/\/neuronup.com\/fr\/wp-content\/uploads\/2024\/10\/Percepcion-social-y-conocimiento-social-en-esquizofrenia-1024x683.webp 1024w, https:\/\/neuronup.com\/fr\/wp-content\/uploads\/2024\/10\/Percepcion-social-y-conocimiento-social-en-esquizofrenia.webp 1200w\" sizes=\"(max-width:599px) 599px, (min-width:600px) and (max-width: 799px) 799px, (min-width:800px) and (max-width: 999px) 333px, (min-width:1000px) 400px\" \/><\/a><div class=\"entry-wrap entry-wrap-grid\"><h3 class=\"entry-title\" itemprop=\"headline\"><a class=\"entry-title-link\" href=\"https:\/\/neuronup.com\/fr\/actualites-de-la-stimulation-cognitive\/maladie-mentale\/schizophrenie\/perception-sociale-et-schizophrenie\/\" rel=\"bookmark\">Perception sociale dans la schizophr\u00e9nie<\/a><\/h3>\n<\/div><\/article><article class=\"entry entry-grid is-column has-entry-link has-image has-image-first type-post category-neuronup-academie tag-academie-neuronup tag-deficience-intellectuelle tag-syndrome-de-down\" style=\"--entry-index:2;\" aria-label=\"Pr\u00e9sentation sur les personnes atteintes du syndrome de Down \u2013 R\u00e9ponses aux questions\" itemscope itemtype=\"https:\/\/schema.org\/CreativeWork\"><a class=\"entry-image-link\" href=\"https:\/\/neuronup.com\/fr\/formation\/neuronup-academie\/presentation-sur-les-personnes-atteintes-du-syndrome-de-down-repondant-aux-questions\/\" tabindex=\"-1\" aria-hidden=\"true\"><img decoding=\"async\" width=\"1280\" height=\"768\" src=\"https:\/\/neuronup.com\/fr\/wp-content\/uploads\/2021\/08\/neuronup-ilustration-price-03.svg\" class=\"entry-image size-landscape-sm\" alt=\"neuronup neurones fonctions fond\" \/><\/a><div class=\"entry-wrap entry-wrap-grid\"><h3 class=\"entry-title\" itemprop=\"headline\"><a class=\"entry-title-link\" href=\"https:\/\/neuronup.com\/fr\/formation\/neuronup-academie\/presentation-sur-les-personnes-atteintes-du-syndrome-de-down-repondant-aux-questions\/\" rel=\"bookmark\">Pr\u00e9sentation sur les personnes atteintes du syndrome de Down \u2013 R\u00e9ponses aux questions<\/a><\/h3>\n<\/div><\/article><article class=\"entry entry-grid is-column has-entry-link has-image has-image-first type-post category-troubles-neuro-developpementaux tag-dyslexie tag-tdah tag-troubles-du-neuro-developpement\" style=\"--entry-index:3;\" aria-label=\"Quel est le lien entre le TDAH et la dyslexie?\" itemscope itemtype=\"https:\/\/schema.org\/CreativeWork\"><a class=\"entry-image-link\" href=\"https:\/\/neuronup.com\/fr\/actualites-de-la-stimulation-cognitive\/troubles-neuro-developpementaux\/quel-est-le-lien-entre-le-tdah-et-la-dyslexie\/\" tabindex=\"-1\" aria-hidden=\"true\"><img decoding=\"async\" width=\"400\" height=\"300\" src=\"https:\/\/neuronup.com\/fr\/wp-content\/uploads\/2024\/11\/Quel-est-le-lien-entre-le-TDAH-et-la-dyslexie-400x300.webp\" class=\"entry-image size-landscape-sm\" alt=\"Jeune fille \u00e9crivant dans un carnet avec un stylo bleu, cheveux bruns et sweat vert, dans un espace lumineux.\" srcset=\"https:\/\/neuronup.com\/fr\/wp-content\/uploads\/2024\/11\/Quel-est-le-lien-entre-le-TDAH-et-la-dyslexie-400x300.webp 400w, https:\/\/neuronup.com\/fr\/wp-content\/uploads\/2024\/11\/Quel-est-le-lien-entre-le-TDAH-et-la-dyslexie-800x600.webp 800w\" sizes=\"(max-width:599px) 599px, (min-width:600px) and (max-width: 799px) 799px, (min-width:800px) and (max-width: 999px) 333px, (min-width:1000px) 400px\" \/><\/a><div class=\"entry-wrap entry-wrap-grid\"><h3 class=\"entry-title\" itemprop=\"headline\"><a class=\"entry-title-link\" href=\"https:\/\/neuronup.com\/fr\/actualites-de-la-stimulation-cognitive\/troubles-neuro-developpementaux\/quel-est-le-lien-entre-le-tdah-et-la-dyslexie\/\" rel=\"bookmark\">Quel est le lien entre le TDAH et la dyslexie?<\/a><\/h3>\n<\/div><\/article><article class=\"entry entry-grid is-column has-entry-link has-image has-image-first type-post category-neuropsychologie-et-informations tag-enfants tag-neuropsychologie\" style=\"--entry-index:4;\" aria-label=\"La th\u00e9orie de l&#8217;attachement : ce qu&#8217;elle est, les postulats, les applications et les troubles\" itemscope itemtype=\"https:\/\/schema.org\/CreativeWork\"><a class=\"entry-image-link\" href=\"https:\/\/neuronup.com\/fr\/neurosciences\/neuropsychologie-et-informations\/la-theorie-de-lattachement-ce-quelle-est-les-postulats-les-applications-et-les-troubles\/\" tabindex=\"-1\" aria-hidden=\"true\"><img decoding=\"async\" width=\"400\" height=\"300\" src=\"https:\/\/neuronup.com\/fr\/wp-content\/uploads\/2024\/11\/image-1200x775-2-400x300.webp\" class=\"entry-image size-landscape-sm\" alt=\"Sc\u00e8ne \u00e9motive d\u2019un adulte en sweat \u00e0 capuche tenant un enfant souriant, avec des collines verdoyantes.\" srcset=\"https:\/\/neuronup.com\/fr\/wp-content\/uploads\/2024\/11\/image-1200x775-2-400x300.webp 400w, https:\/\/neuronup.com\/fr\/wp-content\/uploads\/2024\/11\/image-1200x775-2-800x600.webp 800w\" sizes=\"(max-width:599px) 599px, (min-width:600px) and (max-width: 799px) 799px, (min-width:800px) and (max-width: 999px) 333px, (min-width:1000px) 400px\" \/><\/a><div class=\"entry-wrap entry-wrap-grid\"><h3 class=\"entry-title\" itemprop=\"headline\"><a class=\"entry-title-link\" href=\"https:\/\/neuronup.com\/fr\/neurosciences\/neuropsychologie-et-informations\/la-theorie-de-lattachement-ce-quelle-est-les-postulats-les-applications-et-les-troubles\/\" rel=\"bookmark\">La th\u00e9orie de l&#8217;attachement : ce qu&#8217;elle est, les postulats, les applications et les troubles<\/a><\/h3>\n<\/div><\/article><article class=\"entry entry-grid is-column has-entry-link has-image has-image-first type-post category-temoignages tag-enfants tag-neuropsychologie tag-stimulation-cognitive tag-temoignages\" style=\"--entry-index:5;\" aria-label=\"Les avantages de travailler avec NeuronUP dans une population d&#8217;enfants et d&#8217;adolescents\" itemscope itemtype=\"https:\/\/schema.org\/CreativeWork\"><a class=\"entry-image-link\" href=\"https:\/\/neuronup.com\/fr\/actualites-de-la-stimulation-cognitive\/temoignages\/les-avantages-de-travailler-avec-neuronup-dans-une-population-denfants-et-dadolescents\/\" tabindex=\"-1\" aria-hidden=\"true\"><img decoding=\"async\" width=\"400\" height=\"300\" src=\"https:\/\/neuronup.com\/fr\/wp-content\/uploads\/2024\/11\/image-1200x675-4-400x300.webp\" class=\"entry-image size-landscape-sm\" alt=\"M\u00e9decin en blouse blanche \u00e9change avec une jeune fille dans un cadre m\u00e9dical lumineux, la main de l\u2019enfant tenue par la praticienne.\" srcset=\"https:\/\/neuronup.com\/fr\/wp-content\/uploads\/2024\/11\/image-1200x675-4-400x300.webp 400w, https:\/\/neuronup.com\/fr\/wp-content\/uploads\/2024\/11\/image-1200x675-4-800x600.webp 800w\" sizes=\"(max-width:599px) 599px, (min-width:600px) and (max-width: 799px) 799px, (min-width:800px) and (max-width: 999px) 333px, (min-width:1000px) 400px\" \/><\/a><div class=\"entry-wrap entry-wrap-grid\"><h3 class=\"entry-title\" itemprop=\"headline\"><a class=\"entry-title-link\" href=\"https:\/\/neuronup.com\/fr\/actualites-de-la-stimulation-cognitive\/temoignages\/les-avantages-de-travailler-avec-neuronup-dans-une-population-denfants-et-dadolescents\/\" rel=\"bookmark\">Les avantages de travailler avec NeuronUP dans une population d&#8217;enfants et d&#8217;adolescents<\/a><\/h3>\n<\/div><\/article><article class=\"entry entry-grid is-column has-entry-link has-image has-image-first type-post category-maladies-neurodegeneratives tag-demence tag-maladies-neurodegeneratives\" style=\"--entry-index:6;\" aria-label=\"Qu&rsquo;est-ce que la d\u00e9mence frontotemporale et comment affecte-t-elle ?\" itemscope itemtype=\"https:\/\/schema.org\/CreativeWork\"><a class=\"entry-image-link\" href=\"https:\/\/neuronup.com\/fr\/actualites-de-la-stimulation-cognitive\/maladies-neurodegeneratives\/quest-ce-que-la-demence-frontotemporale-et-comment-elle-affecte\/\" tabindex=\"-1\" aria-hidden=\"true\"><img decoding=\"async\" width=\"400\" height=\"226\" src=\"https:\/\/neuronup.com\/fr\/wp-content\/uploads\/2024\/03\/Demencia-frontotemporal-Manuel-Cassinello-1.webp\" class=\"entry-image size-landscape-sm\" alt=\"Homme \u00e2g\u00e9 vu de profil, expression contemplative, avec une illustration c\u00e9r\u00e9brale en arri\u00e8re-plan symbolisant la d\u00e9mence frontotemporale.\" srcset=\"https:\/\/neuronup.com\/fr\/wp-content\/uploads\/2024\/03\/Demencia-frontotemporal-Manuel-Cassinello-1-300x169.webp 300w, https:\/\/neuronup.com\/fr\/wp-content\/uploads\/2024\/03\/Demencia-frontotemporal-Manuel-Cassinello-1-768x434.webp 768w, https:\/\/neuronup.com\/fr\/wp-content\/uploads\/2024\/03\/Demencia-frontotemporal-Manuel-Cassinello-1-1024x578.webp 1024w, https:\/\/neuronup.com\/fr\/wp-content\/uploads\/2024\/03\/Demencia-frontotemporal-Manuel-Cassinello-1.webp 1210w\" sizes=\"(max-width:599px) 599px, (min-width:600px) and (max-width: 799px) 799px, (min-width:800px) and (max-width: 999px) 333px, (min-width:1000px) 400px\" \/><\/a><div class=\"entry-wrap entry-wrap-grid\"><h3 class=\"entry-title\" itemprop=\"headline\"><a class=\"entry-title-link\" href=\"https:\/\/neuronup.com\/fr\/actualites-de-la-stimulation-cognitive\/maladies-neurodegeneratives\/quest-ce-que-la-demence-frontotemporale-et-comment-elle-affecte\/\" rel=\"bookmark\">Qu&rsquo;est-ce que la d\u00e9mence frontotemporale et comment affecte-t-elle ?<\/a><\/h3>\n<\/div><\/article><\/div><\/div>","protected":false},"excerpt":{"rendered":"<p>Mise \u00e0 jour du produit Nous avons effectu\u00e9 une mise \u00e0 jour de NeuronUP qui vous facilitera son utilisation, introduit deux nouvelles fonctionnalit\u00e9s de NeuronUP Score qui seront de grande utilit\u00e9 dans votre intervention et nous avons corrig\u00e9 quelques erreurs qui am\u00e9lioreront votre exp\u00e9rience sur la plateforme. Nous vous d\u00e9taillons ci-dessous les principales mises \u00e0 &hellip;<\/p>\n","protected":false},"author":7,"featured_media":23084,"comment_status":"open","ping_status":"open","sticky":false,"template":"","format":"standard","meta":{"_acf_changed":false,"_genesis_hide_title":false,"_genesis_hide_breadcrumbs":false,"_genesis_hide_singular_image":false,"_genesis_hide_footer_widgets":false,"_genesis_custom_body_class":"","_genesis_custom_post_class":"","_genesis_layout":"","footnotes":""},"categories":[611],"tags":[997],"class_list":{"2":"type-post","7":"category-nouvelles-activites","8":"tag-actualites-de-neuronup","9":"entry"},"acf":[],"_links":{"self":[{"href":"https:\/\/neuronup.com\/fr\/wp-json\/wp\/v2\/posts\/23062","targetHints":{"allow":["GET"]}}],"collection":[{"href":"https:\/\/neuronup.com\/fr\/wp-json\/wp\/v2\/posts"}],"about":[{"href":"https:\/\/neuronup.com\/fr\/wp-json\/wp\/v2\/types\/post"}],"author":[{"embeddable":true,"href":"https:\/\/neuronup.com\/fr\/wp-json\/wp\/v2\/users\/7"}],"replies":[{"embeddable":true,"href":"https:\/\/neuronup.com\/fr\/wp-json\/wp\/v2\/comments?post=23062"}],"version-history":[{"count":0,"href":"https:\/\/neuronup.com\/fr\/wp-json\/wp\/v2\/posts\/23062\/revisions"}],"wp:featuredmedia":[{"embeddable":true,"href":"https:\/\/neuronup.com\/fr\/wp-json\/wp\/v2\/media\/23084"}],"wp:attachment":[{"href":"https:\/\/neuronup.com\/fr\/wp-json\/wp\/v2\/media?parent=23062"}],"wp:term":[{"taxonomy":"category","embeddable":true,"href":"https:\/\/neuronup.com\/fr\/wp-json\/wp\/v2\/categories?post=23062"},{"taxonomy":"post_tag","embeddable":true,"href":"https:\/\/neuronup.com\/fr\/wp-json\/wp\/v2\/tags?post=23062"}],"curies":[{"name":"wp","href":"https:\/\/api.w.org\/{rel}","templated":true}]}}