{"id":18922,"date":"2026-01-22T10:02:18","date_gmt":"2026-01-22T08:02:18","guid":{"rendered":"https:\/\/neuronup.com\/?p=18922"},"modified":"2026-04-10T17:54:55","modified_gmt":"2026-04-10T15:54:55","slug":"le-syndrome-dasperger-quest-ce-que-cest-domaines-caracteristiques-et-neuropsychologie","status":"publish","type":"post","link":"https:\/\/neuronup.com\/fr\/actualites-de-la-stimulation-cognitive\/troubles-neuro-developpementaux\/tsa\/le-syndrome-dasperger-quest-ce-que-cest-domaines-caracteristiques-et-neuropsychologie\/","title":{"rendered":"Le syndrome d&#8217;Asperger : d\u00e9finition, domaines, caract\u00e9ristiques et neuropsychologie"},"content":{"rendered":"\n<p class=\"has-xl-font-size\">\u00c0 l&rsquo;occasion de la Journ\u00e9e internationale de l&rsquo;Asperger, dans cet article, nous expliquons <strong>ce qu&rsquo;est le syndrome d&rsquo;Asperger<\/strong> du point de vue neuropsychologique, ses caract\u00e9ristiques et ses domaines.<\/p>\n\n\n\n<div style=\"height:50px\" aria-hidden=\"true\" class=\"wp-block-spacer\"><\/div>\n\n\n\n<div style=\"height:50px\" aria-hidden=\"true\" class=\"wp-block-spacer\"><\/div>\n\n\n\n<h2 class=\"wp-block-heading\">Qu&rsquo;est-ce que le syndrome d&rsquo;Asperger&nbsp;?<\/h2>\n\n\n\n<p>Le syndrome d&rsquo;Asperger est un <strong>trouble neurologique<\/strong>, consid\u00e9r\u00e9 comme un trouble du spectre de l&rsquo;autisme (TSA) qui <strong>affecte la fa\u00e7on dont le cerveau traite l&rsquo;information<\/strong>.<\/p>\n\n\n\n<p>Les gar\u00e7ons sont plus susceptibles que les filles d&rsquo;avoir un trouble du spectre autistique. Pour quatre gar\u00e7ons atteints du syndrome d&rsquo;Asperger, une seule femme est diagnostiqu\u00e9e.<\/p>\n\n\n\n<h2 class=\"wp-block-heading\">Dans quels domaines les personnes atteintes du syndrome d&rsquo;Asperger rencontrent-elles des difficult\u00e9s&nbsp;?<\/h2>\n\n\n\n<p>Les personnes concern\u00e9es par cette condition pr\u00e9sentent des probl\u00e8mes dans les domaines suivants&nbsp;:<\/p>\n\n\n\n<ol class=\"wp-block-list\">\n<li>Communication,<\/li>\n\n\n\n<li>relations sociales,<\/li>\n\n\n\n<li>inflexibilit\u00e9 mentale et comportementale.<\/li>\n<\/ol>\n\n\n\n<h2 class=\"wp-block-heading\">Caract\u00e9ristiques<\/h2>\n\n\n\n<p>Le syndrome d&rsquo;Asperger affecte chaque individu diff\u00e9remment, bien qu&rsquo;il existe des caract\u00e9ristiques communes&nbsp;:<\/p>\n\n\n\n<ol class=\"wp-block-list\">\n<li>Ce sont souvent des personnes ayant <strong>des difficult\u00e9s \u00e0 g\u00e9rer leurs relations sociales<\/strong>, bien que cela n&rsquo;affecte pas leurs capacit\u00e9s intellectuelles. Elles ont g\u00e9n\u00e9ralement une <strong>intelligence normale \u00e0 \u00e9lev\u00e9e<\/strong> ;<\/li>\n\n\n\n<li>elles sont <strong>na\u00efves et cr\u00e9dules<\/strong>. En revanche, ce sont des personnes honn\u00eates, sinc\u00e8res et <strong>fid\u00e8les<\/strong>,<\/li>\n\n\n\n<li>elles ont <strong>des difficult\u00e9s \u00e0 comprendre ce que pense ou ressent une autre personne<\/strong>, c&rsquo;est-\u00e0-dire \u00e0 se mettre \u00e0 la place de l&rsquo;autre ;<\/li>\n\n\n\n<li>ils ont du mal \u00e0 <strong>maintenir le rythme normal d&rsquo;une conversation<\/strong>. En revanche, ils pr\u00eatent une <strong>attention inhabituelle aux d\u00e9tails<\/strong> ;<\/li>\n\n\n\n<li><strong>ils sont facilement perturb\u00e9s par les changements<\/strong> de routines et de transitions,<\/li>\n\n\n\n<li><strong>litt\u00e9raux dans le langage et la compr\u00e9hension<\/strong>. Dans le m\u00eame temps, ils ont un <strong>vocabulaire \u00e9tendu<\/strong>, technique et sp\u00e9cialis\u00e9 ;<\/li>\n\n\n\n<li><strong>tr\u00e8s sensibles aux sons forts<\/strong>, aux couleurs, aux lumi\u00e8res, aux odeurs ou aux saveurs,<\/li>\n\n\n\n<li><strong>fixation sur un sujet ou un objet<\/strong>. Ils peuvent devenir de <strong>v\u00e9ritables experts dans ce domaine<\/strong>,<\/li>\n\n\n\n<li>physiquement <strong>maladroits dans les sports<\/strong>,<\/li>\n\n\n\n<li><strong>difficult\u00e9 \u00e0 prendre des d\u00e9cisions.<\/strong><\/li>\n<\/ol>\n\n\n\n<h2 class=\"wp-block-heading\">Neuropsychologie et Asperger<\/h2>\n\n\n\n<p>Voici une approche du syndrome d&rsquo;Asperger du point de vue neuropsychologique.<\/p>\n\n\n\n<h3 class=\"wp-block-heading\">D\u00e9ficit de la th\u00e9orie de l&rsquo;esprit<\/h3>\n\n\n\n<p>Lorsque nous \u00e9voquions pr\u00e9c\u00e9demment l&rsquo;incapacit\u00e9 des personnes avec Asperger \u00e0 se mettre \u00e0 la place de l&rsquo;autre, nous faisions pr\u00e9cis\u00e9ment r\u00e9f\u00e9rence \u00e0 la th\u00e9orie de l&rsquo;esprit.<\/p>\n\n\n\n<p>Un terme qui fait r\u00e9f\u00e9rence \u00e0 la <strong>capacit\u00e9 humaine \u00e0 se repr\u00e9senter mentalement les \u00e9tats mentaux d&rsquo;autrui<\/strong>. Par cons\u00e9quent, les personnes avec Asperger doivent apprendre ces sch\u00e9mas sociaux car elles n&rsquo;ont <strong>pas cette capacit\u00e9<\/strong> par simple observation.<\/p>\n\n\n\n<h3 class=\"wp-block-heading\">Th\u00e9orie du d\u00e9ficit des fonctions ex\u00e9cutives<\/h3>\n\n\n\n<p>\u00ab\u00a0Les fonctions ex\u00e9cutives sont des comp\u00e9tences de haut niveau impliqu\u00e9es dans la g\u00e9n\u00e9ration, la r\u00e9gulation, l&rsquo;ex\u00e9cution efficace et l&rsquo;ajustement des comportements orient\u00e9s vers des objectifs\u00a0\u00bb. (Verdejo-Garc\u00eda et Bechara, 2010).<\/p>\n\n\n\n<p>Les fonctions ex\u00e9cutives englobent des processus tels que&nbsp;:<\/p>\n\n\n\n<ul class=\"wp-block-list\">\n<li>la m\u00e9moire de travail,<\/li>\n\n\n\n<li>la planification,<\/li>\n\n\n\n<li>le raisonnement,<\/li>\n\n\n\n<li>la flexibilit\u00e9,<\/li>\n\n\n\n<li>l&rsquo;inhibition,<\/li>\n\n\n\n<li>la prise de d\u00e9cision.<\/li>\n<\/ul>\n\n\n\n<p>Si des difficult\u00e9s existent dans ces processus, il ne sera pas possible d&rsquo;accomplir correctement les activit\u00e9s de la vie quotidienne. Cependant, <strong>une intervention neuropsychologique appropri\u00e9e sera essentielle pour am\u00e9liorer ces comp\u00e9tences.<\/strong><\/p>\n\n\n\n<h4 class=\"wp-block-heading\">Th\u00e9orie de la dysfonction de l&rsquo;h\u00e9misph\u00e8re droit<\/h4>\n\n\n\n<p>Cette th\u00e9orie est li\u00e9e \u00e0 la capacit\u00e9 d\u00e9ficitaire d&rsquo;exprimer et d&rsquo;interpr\u00e9ter les informations \u00e9motionnelles. L&rsquo;h\u00e9misph\u00e8re droit est essentiel dans le traitement des informations visuo-spatiales. De plus, il est directement associ\u00e9 \u00e0 la capacit\u00e9 de reconna\u00eetre et de comprendre les gestes et expressions faciales ainsi qu&rsquo;\u00e0 la r\u00e9gulation de l&rsquo;intonation et de la prosodie.<\/p>\n\n\n\n<div class=\"wp-block-group\"><div class=\"wp-block-group__inner-container is-layout-constrained wp-block-group-is-layout-constrained\">\n<div class=\"wp-block-columns is-layout-flex wp-container-core-columns-is-layout-9d6595d7 wp-block-columns-is-layout-flex\">\n<div class=\"wp-block-column is-vertically-aligned-stretch br-0111 p-5 particle-bg anims-fadein-up has-primary-background-color has-background is-layout-flow wp-block-column-is-layout-flow\">\n<h2 class=\"wp-block-heading has-white-color has-text-color\">En savoir plus sur <br><strong>NeuronUP<\/strong><\/h2>\n\n\n\n<div class=\"wp-block-buttons is-layout-flex wp-block-buttons-is-layout-flex\">\n<div class=\"wp-block-button--1\" style=\"--button-outline-color:var(--color-white);--button-outline-color-hover:rgba(0,0,0,0.8);\"><a class=\"wp-block-button__link button button-outline   wp-element-button\" href=\"https:\/\/neuronup.com\/fr\/demande-informations\/\">Demander des informations<\/a><\/div>\n\n<\/div>\n<\/div>\n\n\n\n<div class=\"wp-block-column is-vertically-aligned-stretch br-0111 p-5 particle-bg anims-fadein-up has-primary-background-color has-background is-layout-flow wp-block-column-is-layout-flow\">\n<h2 class=\"wp-block-heading has-white-color has-text-color\">Essayez-le gratuitement<\/h2>\n\n\n\n<p class=\"has-white-color has-text-color\">La plateforme que plus de <strong>7 000 professionnels<\/strong> utilisent chaque jour<\/p>\n\n\n\n<div class=\"wp-block-buttons is-layout-flex wp-block-buttons-is-layout-flex\">\n<div class=\"wp-block-button orange-button\" style=\"--button-background:var(--color-custom-1);--button-background-hover:#cc7e00;\"><a class=\"wp-block-button__link button   wp-element-button\" href=\"https:\/\/neuronup.com\/fr\/landing\/\">Demander un essai<img decoding=\"async\" class=\"wp-image-18719\" style=\"width: 8px;\" src=\"\/wp-content\/uploads\/2022\/v3\/icon_rightArrow-white.svg\"><\/a><\/div>\n\n<\/div>\n<\/div>\n<\/div>\n<\/div><\/div>\n\n\n\n<h3 class=\"wp-block-heading\">Si cet article sur le syndrome d&rsquo;Asperger vous a plu, nous vous recommandons de jeter un \u0153il \u00e0 ces publications de NeuronUP&nbsp;:<\/h3>\n\n\n<div class=\"mai-grid entries entries-grid has-boxed has-image-full\" style=\"--entry-title-font-size:var(--font-size-lg);--align-text:start;--entry-meta-text-align:start;\"><div class=\"entries-wrap has-columns\" style=\"--columns-xs:1\/1;--columns-sm:1\/1;--columns-md:1\/3;--columns-lg:1\/3;--flex-xs:0 0 var(--flex-basis);--flex-sm:0 0 var(--flex-basis);--flex-md:0 0 var(--flex-basis);--flex-lg:0 0 var(--flex-basis);--column-gap:var(--spacing-lg);--row-gap:var(--spacing-lg);--align-columns:start;\"><article class=\"entry entry-grid is-column has-entry-link has-image has-image-first type-post category-nouveautes-neuronup tag-nouveautes-de-neuronup\" style=\"--entry-index:1;\" aria-label=\"NeuronUP obtient la certification ISO 27001:2022 !\" itemscope itemtype=\"https:\/\/schema.org\/CreativeWork\"><a class=\"entry-image-link\" href=\"https:\/\/neuronup.com\/fr\/nouveautes-neuronup\/neuronup-obtient-la-certification-iso-270012022\/\" tabindex=\"-1\" aria-hidden=\"true\"><img decoding=\"async\" width=\"400\" height=\"300\" src=\"https:\/\/neuronup.com\/fr\/wp-content\/uploads\/2025\/02\/Certificado_ISO_portada-400x300.webp\" class=\"entry-image size-landscape-sm\" alt=\"Badge de certification ISO 27001:2022 affichant A+ en haut, Aplus au centre, code S1-1066\/25 et bordure orange.\" srcset=\"https:\/\/neuronup.com\/fr\/wp-content\/uploads\/2025\/02\/Certificado_ISO_portada-400x300.webp 400w, https:\/\/neuronup.com\/fr\/wp-content\/uploads\/2025\/02\/Certificado_ISO_portada-800x600.webp 800w\" sizes=\"(max-width:599px) 599px, (min-width:600px) and (max-width: 799px) 799px, (min-width:800px) and (max-width: 999px) 333px, (min-width:1000px) 400px\" \/><\/a><div class=\"entry-wrap entry-wrap-grid\"><h3 class=\"entry-title\" itemprop=\"headline\"><a class=\"entry-title-link\" href=\"https:\/\/neuronup.com\/fr\/nouveautes-neuronup\/neuronup-obtient-la-certification-iso-270012022\/\" rel=\"bookmark\">NeuronUP obtient la certification ISO 27001:2022 !<\/a><\/h3>\n<\/div><\/article><article class=\"entry entry-grid is-column has-entry-link has-image has-image-first type-post category-activites-de-cognition-sociale tag-activites-de-stimulation-cognitive tag-activites-de-stimulation-cognitive-pour-enfants tag-actualites-de-neuronup tag-cognition-sociale tag-enfants tag-intelligence-emotionnelle\" style=\"--entry-index:2;\" aria-label=\"Fiche pour travailler l&#8217;intelligence \u00e9motionnelle avec des enfants : quelle photo correspond \u00e0 chaque mot ?\" itemscope itemtype=\"https:\/\/schema.org\/CreativeWork\"><a class=\"entry-image-link\" href=\"https:\/\/neuronup.com\/fr\/activites-de-neuro-reeducation\/activites-pour-les-fonctions-cognitives\/activites-de-cognition-sociale\/fiche-pour-travailler-lintelligence-emotionnelle-avec-les-enfants\/\" tabindex=\"-1\" aria-hidden=\"true\"><img decoding=\"async\" width=\"400\" height=\"269\" src=\"https:\/\/neuronup.com\/fr\/wp-content\/uploads\/2022\/05\/que-foto-va-con-cada-palabra-1.webp\" class=\"entry-image size-landscape-sm\" alt=\"Fiche pour travailler l&#039;intelligence \u00e9motionnelle quelle photo va avec chaque mot\" srcset=\"https:\/\/neuronup.com\/fr\/wp-content\/uploads\/2022\/05\/que-foto-va-con-cada-palabra-1-300x202.webp 300w, https:\/\/neuronup.com\/fr\/wp-content\/uploads\/2022\/05\/que-foto-va-con-cada-palabra-1-768x517.webp 768w, https:\/\/neuronup.com\/fr\/wp-content\/uploads\/2022\/05\/que-foto-va-con-cada-palabra-1-1024x689.webp 1024w, https:\/\/neuronup.com\/fr\/wp-content\/uploads\/2022\/05\/que-foto-va-con-cada-palabra-1.webp 1200w\" sizes=\"(max-width:599px) 599px, (min-width:600px) and (max-width: 799px) 799px, (min-width:800px) and (max-width: 999px) 333px, (min-width:1000px) 400px\" \/><\/a><div class=\"entry-wrap entry-wrap-grid\"><h3 class=\"entry-title\" itemprop=\"headline\"><a class=\"entry-title-link\" href=\"https:\/\/neuronup.com\/fr\/activites-de-neuro-reeducation\/activites-pour-les-fonctions-cognitives\/activites-de-cognition-sociale\/fiche-pour-travailler-lintelligence-emotionnelle-avec-les-enfants\/\" rel=\"bookmark\">Fiche pour travailler l&#8217;intelligence \u00e9motionnelle avec des enfants : quelle photo correspond \u00e0 chaque mot ?<\/a><\/h3>\n<\/div><\/article><article class=\"entry entry-grid is-column has-entry-link has-image has-image-first type-post category-tdah tag-enfants tag-fonctions-executives tag-mon-experience-avec-neuronup tag-neuronup tag-stimulation-cognitive tag-tdah\" style=\"--entry-index:3;\" aria-label=\"NeuronUP pour travailler les fonctions ex\u00e9cutives dans le TDAH: le cas de \u00abG\u00bb\" itemscope itemtype=\"https:\/\/schema.org\/CreativeWork\"><a class=\"entry-image-link\" href=\"https:\/\/neuronup.com\/fr\/actualites-de-la-stimulation-cognitive\/troubles-neuro-developpementaux\/tdah\/neuronup-pour-travailler-les-fonctions-executives-dans-le-tdah-le-cas-de-g\/\" tabindex=\"-1\" aria-hidden=\"true\"><img decoding=\"async\" width=\"400\" height=\"300\" src=\"https:\/\/neuronup.com\/fr\/wp-content\/uploads\/2024\/11\/Therapie-occupationnelle-et-lesion-cerebrale-46-2-400x300.webp\" class=\"entry-image size-landscape-sm\" alt=\"Petite fille sur une balan\u00e7oire dans un parc, vue de dos, avec texte Blog sur les fonctions ex\u00e9cutives et le TDAH en bas.\" srcset=\"https:\/\/neuronup.com\/fr\/wp-content\/uploads\/2024\/11\/Therapie-occupationnelle-et-lesion-cerebrale-46-2-400x300.webp 400w, https:\/\/neuronup.com\/fr\/wp-content\/uploads\/2024\/11\/Therapie-occupationnelle-et-lesion-cerebrale-46-2-800x600.webp 800w, https:\/\/neuronup.com\/fr\/wp-content\/uploads\/2024\/11\/Therapie-occupationnelle-et-lesion-cerebrale-46-2-1200x900.webp 1200w\" sizes=\"(max-width:599px) 599px, (min-width:600px) and (max-width: 799px) 799px, (min-width:800px) and (max-width: 999px) 333px, (min-width:1000px) 400px\" \/><\/a><div class=\"entry-wrap entry-wrap-grid\"><h3 class=\"entry-title\" itemprop=\"headline\"><a class=\"entry-title-link\" href=\"https:\/\/neuronup.com\/fr\/actualites-de-la-stimulation-cognitive\/troubles-neuro-developpementaux\/tdah\/neuronup-pour-travailler-les-fonctions-executives-dans-le-tdah-le-cas-de-g\/\" rel=\"bookmark\">NeuronUP pour travailler les fonctions ex\u00e9cutives dans le TDAH: le cas de \u00abG\u00bb<\/a><\/h3>\n<\/div><\/article><article class=\"entry entry-grid is-column has-entry-link has-image has-image-first type-post category-actualites-de-la-stimulation-cognitive tag-stimulation-cognitive\" style=\"--entry-index:4;\" aria-label=\"Instructions en r\u00e9habilitation cognitive : m\u00e9thodes, conception et efficacit\u00e9\" itemscope itemtype=\"https:\/\/schema.org\/CreativeWork\"><a class=\"entry-image-link\" href=\"https:\/\/neuronup.com\/fr\/actualites-de-la-stimulation-cognitive\/instructions-en-reeducation-cognitive\/\" tabindex=\"-1\" aria-hidden=\"true\"><img decoding=\"async\" width=\"400\" height=\"267\" src=\"https:\/\/neuronup.com\/fr\/wp-content\/uploads\/2024\/10\/Instrucciones-en-rehabilitacion-cognitiva.webp\" class=\"entry-image size-landscape-sm\" alt=\"Six carr\u00e9s verts orn\u00e9s chacun d\u2019une coche verte au style pinceau, \u00e9voquant validation et progression dans les instructions en r\u00e9habilitation cognitive.\" srcset=\"https:\/\/neuronup.com\/fr\/wp-content\/uploads\/2024\/10\/Instrucciones-en-rehabilitacion-cognitiva-300x200.webp 300w, https:\/\/neuronup.com\/fr\/wp-content\/uploads\/2024\/10\/Instrucciones-en-rehabilitacion-cognitiva-768x512.webp 768w, https:\/\/neuronup.com\/fr\/wp-content\/uploads\/2024\/10\/Instrucciones-en-rehabilitacion-cognitiva-1024x683.webp 1024w, https:\/\/neuronup.com\/fr\/wp-content\/uploads\/2024\/10\/Instrucciones-en-rehabilitacion-cognitiva.webp 1200w\" sizes=\"(max-width:599px) 599px, (min-width:600px) and (max-width: 799px) 799px, (min-width:800px) and (max-width: 999px) 333px, (min-width:1000px) 400px\" \/><\/a><div class=\"entry-wrap entry-wrap-grid\"><h3 class=\"entry-title\" itemprop=\"headline\"><a class=\"entry-title-link\" href=\"https:\/\/neuronup.com\/fr\/actualites-de-la-stimulation-cognitive\/instructions-en-reeducation-cognitive\/\" rel=\"bookmark\">Instructions en r\u00e9habilitation cognitive : m\u00e9thodes, conception et efficacit\u00e9<\/a><\/h3>\n<\/div><\/article><article class=\"entry entry-grid is-column has-entry-link has-image has-image-first type-post category-avc tag-lesions-cerebrales-acquises tag-temoignages\" style=\"--entry-index:5;\" aria-label=\"NeuronUP du point de vue des utilisateurs souffrant de l\u00e9sions c\u00e9r\u00e9brales\" itemscope itemtype=\"https:\/\/schema.org\/CreativeWork\"><a class=\"entry-image-link\" href=\"https:\/\/neuronup.com\/fr\/actualites-de-la-stimulation-cognitive\/lesions-cerebrales\/avc\/neuronup-du-point-de-vue-des-utilisateurs-souffrant-de-lesions-cerebrales\/\" tabindex=\"-1\" aria-hidden=\"true\"><img decoding=\"async\" width=\"400\" height=\"300\" src=\"https:\/\/neuronup.com\/fr\/wp-content\/uploads\/2024\/11\/NeuronUP-du-point-de-vue-des-utilisateurs-souffrant-de-lesions-cerebrales-400x300.webp\" class=\"entry-image size-landscape-sm\" alt=\"Personne en cuisine portant un tablier vert assaisonne une pr\u00e9paration dans une casserole; bol de sauce et livre de recettes visibles.\" srcset=\"https:\/\/neuronup.com\/fr\/wp-content\/uploads\/2024\/11\/NeuronUP-du-point-de-vue-des-utilisateurs-souffrant-de-lesions-cerebrales-300x225.webp 300w, https:\/\/neuronup.com\/fr\/wp-content\/uploads\/2024\/11\/NeuronUP-du-point-de-vue-des-utilisateurs-souffrant-de-lesions-cerebrales-400x300.webp 400w, https:\/\/neuronup.com\/fr\/wp-content\/uploads\/2024\/11\/NeuronUP-du-point-de-vue-des-utilisateurs-souffrant-de-lesions-cerebrales-768x576.webp 768w, https:\/\/neuronup.com\/fr\/wp-content\/uploads\/2024\/11\/NeuronUP-du-point-de-vue-des-utilisateurs-souffrant-de-lesions-cerebrales-800x600.webp 800w, https:\/\/neuronup.com\/fr\/wp-content\/uploads\/2024\/11\/NeuronUP-du-point-de-vue-des-utilisateurs-souffrant-de-lesions-cerebrales-1024x768.webp 1024w, https:\/\/neuronup.com\/fr\/wp-content\/uploads\/2024\/11\/NeuronUP-du-point-de-vue-des-utilisateurs-souffrant-de-lesions-cerebrales.webp 1200w\" sizes=\"(max-width:599px) 599px, (min-width:600px) and (max-width: 799px) 799px, (min-width:800px) and (max-width: 999px) 333px, (min-width:1000px) 400px\" \/><\/a><div class=\"entry-wrap entry-wrap-grid\"><h3 class=\"entry-title\" itemprop=\"headline\"><a class=\"entry-title-link\" href=\"https:\/\/neuronup.com\/fr\/actualites-de-la-stimulation-cognitive\/lesions-cerebrales\/avc\/neuronup-du-point-de-vue-des-utilisateurs-souffrant-de-lesions-cerebrales\/\" rel=\"bookmark\">NeuronUP du point de vue des utilisateurs souffrant de l\u00e9sions c\u00e9r\u00e9brales<\/a><\/h3>\n<\/div><\/article><article class=\"entry entry-grid is-column has-entry-link has-image has-image-first type-post category-neuronup-academie tag-academie-neuronup tag-presentation-de-lacademie-neuronup\" style=\"--entry-index:6;\" aria-label=\"Approche non pharmacologique du patient neurologique agit\u00e9\" itemscope itemtype=\"https:\/\/schema.org\/CreativeWork\"><a class=\"entry-image-link\" href=\"https:\/\/neuronup.com\/fr\/formation\/neuronup-academie\/prise-en-charge-non-pharmacologique-du-patient-neurologique-agite\/\" tabindex=\"-1\" aria-hidden=\"true\"><img decoding=\"async\" width=\"400\" height=\"240\" src=\"https:\/\/neuronup.com\/fr\/wp-content\/uploads\/2021\/12\/ponente-academy-david-de-norena.webp\" class=\"entry-image size-landscape-sm\" alt=\"Portrait d\u2019un intervenant barbe et cheveux boucl\u00e9s, fond bleu avec motifs c\u00e9r\u00e9braux; nom David De Nore\u00f1a en bas.\" srcset=\"https:\/\/neuronup.com\/fr\/wp-content\/uploads\/2021\/12\/ponente-academy-david-de-norena-300x180.webp 300w, https:\/\/neuronup.com\/fr\/wp-content\/uploads\/2021\/12\/ponente-academy-david-de-norena-768x461.webp 768w, https:\/\/neuronup.com\/fr\/wp-content\/uploads\/2021\/12\/ponente-academy-david-de-norena-1024x614.webp 1024w, https:\/\/neuronup.com\/fr\/wp-content\/uploads\/2021\/12\/ponente-academy-david-de-norena.webp 1280w\" sizes=\"(max-width:599px) 599px, (min-width:600px) and (max-width: 799px) 799px, (min-width:800px) and (max-width: 999px) 333px, (min-width:1000px) 400px\" \/><\/a><div class=\"entry-wrap entry-wrap-grid\"><h3 class=\"entry-title\" itemprop=\"headline\"><a class=\"entry-title-link\" href=\"https:\/\/neuronup.com\/fr\/formation\/neuronup-academie\/prise-en-charge-non-pharmacologique-du-patient-neurologique-agite\/\" rel=\"bookmark\">Approche non pharmacologique du patient neurologique agit\u00e9<\/a><\/h3>\n<\/div><\/article><\/div><\/div>","protected":false},"excerpt":{"rendered":"<p>\u00c0 l&rsquo;occasion de la Journ\u00e9e internationale de l&rsquo;Asperger, dans cet article, nous expliquons ce qu&rsquo;est le syndrome d&rsquo;Asperger du point de vue neuropsychologique, ses caract\u00e9ristiques et ses domaines. Qu&rsquo;est-ce que le syndrome d&rsquo;Asperger&nbsp;? Le syndrome d&rsquo;Asperger est un trouble neurologique, consid\u00e9r\u00e9 comme un trouble du spectre de l&rsquo;autisme (TSA) qui affecte la fa\u00e7on dont le &hellip;<\/p>\n","protected":false},"author":7,"featured_media":18928,"comment_status":"open","ping_status":"closed","sticky":false,"template":"","format":"standard","meta":{"_acf_changed":false,"_genesis_hide_title":false,"_genesis_hide_breadcrumbs":false,"_genesis_hide_singular_image":false,"_genesis_hide_footer_widgets":false,"_genesis_custom_body_class":"","_genesis_custom_post_class":"","_genesis_layout":"","footnotes":""},"categories":[591],"tags":[688,636,669,1062],"class_list":{"2":"type-post","7":"category-tsa","8":"tag-autisme","9":"tag-enfants","10":"tag-neuropsychologie","11":"tag-troubles-du-neurodeveloppement","12":"entry"},"acf":[],"_links":{"self":[{"href":"https:\/\/neuronup.com\/fr\/wp-json\/wp\/v2\/posts\/18922","targetHints":{"allow":["GET"]}}],"collection":[{"href":"https:\/\/neuronup.com\/fr\/wp-json\/wp\/v2\/posts"}],"about":[{"href":"https:\/\/neuronup.com\/fr\/wp-json\/wp\/v2\/types\/post"}],"author":[{"embeddable":true,"href":"https:\/\/neuronup.com\/fr\/wp-json\/wp\/v2\/users\/7"}],"replies":[{"embeddable":true,"href":"https:\/\/neuronup.com\/fr\/wp-json\/wp\/v2\/comments?post=18922"}],"version-history":[{"count":1,"href":"https:\/\/neuronup.com\/fr\/wp-json\/wp\/v2\/posts\/18922\/revisions"}],"predecessor-version":[{"id":47212,"href":"https:\/\/neuronup.com\/fr\/wp-json\/wp\/v2\/posts\/18922\/revisions\/47212"}],"wp:featuredmedia":[{"embeddable":true,"href":"https:\/\/neuronup.com\/fr\/wp-json\/wp\/v2\/media\/18928"}],"wp:attachment":[{"href":"https:\/\/neuronup.com\/fr\/wp-json\/wp\/v2\/media?parent=18922"}],"wp:term":[{"taxonomy":"category","embeddable":true,"href":"https:\/\/neuronup.com\/fr\/wp-json\/wp\/v2\/categories?post=18922"},{"taxonomy":"post_tag","embeddable":true,"href":"https:\/\/neuronup.com\/fr\/wp-json\/wp\/v2\/tags?post=18922"}],"curies":[{"name":"wp","href":"https:\/\/api.w.org\/{rel}","templated":true}]}}