{"id":18332,"date":"2026-01-25T10:02:18","date_gmt":"2026-01-25T08:02:18","guid":{"rendered":"https:\/\/neuronup.com\/?p=18332"},"modified":"2025-06-06T08:41:07","modified_gmt":"2025-06-06T06:41:07","slug":"presentation-sur-la-neuropsychologie-du-handicap-intellectuel","status":"publish","type":"post","link":"https:\/\/neuronup.com\/fr\/formation\/presentation-sur-la-neuropsychologie-du-handicap-intellectuel\/","title":{"rendered":"Conf\u00e9rence sur la neuropsychologie du handicap intellectuel"},"content":{"rendered":"\n<p>Acc\u00e9dez gratuitement \u00e0 la pr\u00e9sentation \u00ab <strong>Neuropsychologie du handicap intellectuel :<\/strong> <strong>B\u00e9n\u00e9fices de la stimulation cognitive et strat\u00e9gies d\u2019intervention<\/strong> \u00bb donn\u00e9e par les docteures en psychologie Olga Bruna et Roser Fern\u00e1ndez ! Cette formation s\u2019est d\u00e9roul\u00e9e lors de la Journ\u00e9e du handicap intellectuel : Progr\u00e8s et d\u00e9fis futurs organis\u00e9e par NeuronUP le 4 octobre dernier.<\/p>\n\n\n\n<p>Vous pouvez visionner la pr\u00e9sentation en replay apr\u00e8s vous \u00eatre inscrit via le lien suivant :<\/p>\n\n\n\n<div class=\"wp-block-buttons alignwide is-layout-flex wp-block-buttons-is-layout-flex\">\n<div class=\"wp-block-button aligncenter\"><a class=\"wp-block-button__link button wp-element-button\" href=\"https:\/\/neuronup.clickmeeting.com\/neuropsicologia-de-la-discapacidad-intelectual-beneficios-de-la-estimulacion-cognitiva-y-estrategia\/register\" target=\"_blank\" rel=\"noreferrer noopener\">Acc\u00e9der \u00e0 l\u2019enregistrement de la pr\u00e9sentation<\/a><\/div>\n<\/div>\n\n\n\n<p> <\/p>\n\n\n\n<h2 class=\"wp-block-heading\">Questions sur la pr\u00e9sentation de neuropsychologie du handicap intellectuel<\/h2>\n\n\n\n<p>Ci-dessous, les docteures Olga Bruna et Roser Fern\u00e1ndez r\u00e9pondent aux questions qui n\u2019ont pas pu \u00eatre trait\u00e9es en direct lors de leur pr\u00e9sentation sur <strong>la neuropsychologie du handicap intellectuel<\/strong>.<\/p>\n\n\n\n<h3 class=\"wp-block-heading\">1. La psychologue <strong>Meritxell Tom\u00e1s<\/strong> s\u2019interroge sur les ressources r\u00e9sidentielles pour les personnes en situation de handicap intellectuel<\/h3>\n\n\n\n<h4 class=\"wp-block-heading\">Question :<\/h4>\n\n\n\n<p>Merci beaucoup Olga et Roser, c\u2019\u00e9tait fantastique ! J\u2019ai une question : existe-t-il des ressources r\u00e9sidentielles pour les personnes avec handicap intellectuel, syndrome de Down et trouble d\u00e9ficitaire de l\u2019attention (TDA) pr\u00e9sentant de graves troubles du comportement ? Causes organiques \u00e9cart\u00e9es. Nous constatons que pour les ressources r\u00e9sidentielles, les personnes vieillissent, il n\u2019y a pas de places sp\u00e9cialis\u00e9es pour les personnes \u00e2g\u00e9es (et encore moins pour celles ayant des troubles du comportement). Merci !<\/p>\n\n\n\n<h4 class=\"wp-block-heading\">R\u00e9ponse :<\/h4>\n\n\n\n<p>Merci beaucoup, nous sommes ravies que la pr\u00e9sentation t\u2019ait int\u00e9ress\u00e9e. C\u2019est effectivement un sujet encore difficile, bien que, du moins \u00e0 Barcelone, <strong>certains centres de jour et r\u00e9sidences commencent \u00e0 ouvrir des places pour les personnes en situation de handicap intellectuel.<\/strong> Ceux qui existent depuis des ann\u00e9es sont des fondations priv\u00e9es disposant de leur centre occupationnel et \u00e9galement d\u2019une r\u00e9sidence.<\/p>\n\n\n\n<h3 class=\"wp-block-heading\">2. La psychologue Nuria Mallol s\u2019interroge sur la possibilit\u00e9 pour une personne atteinte du syndrome de Down d\u2019inverser son d\u00e9clin cognitif<\/h3>\n\n\n\n<h4 class=\"wp-block-heading\">Question :<\/h4>\n\n\n\n<p>Est-il possible qu\u2019une personne atteinte du syndrome de Down avec un l\u00e9ger d\u00e9clin cognitif retrouve son \u00e9tat cognitif ant\u00e9rieur gr\u00e2ce \u00e0 des exercices de stimulation cognitive ?<\/p>\n\n\n\n<h4 class=\"wp-block-heading\">R\u00e9ponse :<\/h4>\n\n\n\n<p>La stimulation cognitive aide \u00e0 maintenir des fonctions et m\u00eame \u00e0 s\u2019am\u00e9liorer sur certains aspects, mais renverser un d\u00e9clin cognitif d\u00e9j\u00e0 diagnostiqu\u00e9 pour des raisons neurobiologiques <strong>n\u2019est pas facile<\/strong>. Diff\u00e9rents traitements pharmacologiques sont \u00e0 l\u2019essai, mais il est encore trop t\u00f4t pour tirer des conclusions claires.&nbsp;<\/p>\n\n\n\n<p>Comme pour les d\u00e9mences dans la population g\u00e9n\u00e9rale, l\u2019important est de <strong>poursuivre la stimulation cognitive<\/strong> m\u00eame apr\u00e8s d\u00e9tection d\u2019un d\u00e9clin cognitif, et de l\u2019adapter aux besoins de chaque personne. L\u2019objectif est de ralentir, autant que possible, la progression du d\u00e9clin cognitif et de favoriser leur autonomie et leur fonctionnalit\u00e9 dans les activit\u00e9s de la vie quotidienne. <\/p>\n\n\n\n<p>Il est aussi essentiel de prendre en charge les proches, afin de les orienter dans les activit\u00e9s de la vie quotidienne et de prendre en compte la surcharge psychologique qu\u2019ils peuvent subir.<\/p>\n\n\n\n<h2 class=\"wp-block-heading\">3. La neuropsychologue Carolina Gonz\u00e1lez se demande s\u2019il est possible de mettre en place des programmes d\u2019intervention neuropsychologique chez des enfants ou adolescents<\/h2>\n\n\n\n<h4 class=\"wp-block-heading\">Question :<\/h4>\n\n\n\n<p>Peut-on lancer ces programmes d\u2019intervention neuropsychologique chez des personnes plus jeunes, par exemple chez des enfants et des adolescents atteints du syndrome de Down ?<\/p>\n\n\n\n<h4 class=\"wp-block-heading\">R\u00e9ponse :<\/h4>\n\n\n\n<p><strong>Plus l\u2019intervention est pr\u00e9coce<\/strong>, adapt\u00e9e aux besoins de chaque personne, <strong>mieux c\u2019est<\/strong>. D\u00e8s le plus jeune \u00e2ge, les programmes de stimulation pr\u00e9coce sont tr\u00e8s b\u00e9n\u00e9fiques, et il est important de concevoir une prise en charge ajust\u00e9e aux besoins de chaque personne et de sa famille pendant l\u2019enfance et l\u2019adolescence. De m\u00eame, \u00e0 l\u2019\u00e2ge adulte, il est tr\u00e8s positif de continuer \u00e0 entra\u00eener et \u00e0 travailler les processus cognitifs, ainsi que de promouvoir l\u2019autonomie et l\u2019autor\u00e9gulation.&nbsp;<\/p>\n\n\n\n<h2 class=\"wp-block-heading\">4. L\u2019\u00e9tudiant en psychologie <strong>Cristian Fco Liebanans<\/strong> expose ses questions sur la possibilit\u00e9 de pr\u00e9venir le neurovieillissement chez les enfants<\/h2>\n\n\n\n<h4 class=\"wp-block-heading\">Question :<\/h4>\n\n\n\n<p>Peut-on pr\u00e9venir le neurovieillissement chez des enfants ? Par exemple, comme on le fait pour les l\u00e9sions c\u00e9r\u00e9brales acquises en employant du cannabidiol. Je suis \u00e9tudiant en psychologie. J\u2019adore ce genre de congr\u00e8s pour ma carri\u00e8re et mon d\u00e9veloppement.<\/p>\n\n\n\n<h4 class=\"wp-block-heading\">R\u00e9ponse :<\/h4>\n\n\n\n<p>En ce qui concerne les traitements pharmacologiques plus cibl\u00e9s, nous regrettons de ne pas pouvoir r\u00e9pondre \u00e0 ta question, car nous ne sommes pas sp\u00e9cialistes dans ce domaine. En revanche, il est <strong>fondamental de commencer la stimulation pr\u00e9coce<\/strong>, adapt\u00e9e \u00e0 ses besoins, d\u00e8s que possible, afin de favoriser le processus de neurod\u00e9veloppement.<\/p>\n\n\n\n<h2 class=\"wp-block-heading\">5. <strong>Le professeur Lucero del Carmen Escobedo<\/strong> demande si les outils mentionn\u00e9s seraient utiles pour de jeunes enfants<\/h2>\n\n\n\n<h4 class=\"wp-block-heading\">Question :<\/h4>\n\n\n\n<p>Pour des enfants de 3 \u00e0 5 ans, les outils mentionn\u00e9s seraient-ils utiles ?<\/p>\n\n\n\n<h4 class=\"wp-block-heading\">R\u00e9ponse :<\/h4>\n\n\n\n<p>Les outils habituellement utilis\u00e9s sont des \u00e9preuves et\/ou des sous-tests d\u2019\u00e9preuves bien connues qui aident \u00e0 \u00e9laborer un <strong>protocole\/batterie neuropsychologique permettant d\u2019obtenir un profil.<\/strong> Ce profil neuropsychologique informe sur les forces et faiblesses de la personne dans le but d\u2019\u00e9laborer une intervention sp\u00e9cifique \u00e0 partir de son potentiel d\u2019apprentissage. Nous conseillons la lecture de l\u2019article suivant :<\/p>\n\n\n\n<p><a rel=\"noreferrer noopener\" href=\"https:\/\/revistadown.downcantabria.com\/wp-content\/uploads\/2008\/06\/revista97_56-67.pdf\">https:\/\/revistadown.downcantabria.com\/wp-content\/uploads\/2008\/06\/revista97_56-67.pdf<\/a><\/p>\n\n\n\n<h2 class=\"wp-block-heading\">6. La neuropsychologue <strong>Aida Miranda<\/strong> veut savoir si les intervenantes ont trouv\u00e9 des d\u00e9couvertes pertinentes dans les phases du neurod\u00e9veloppement des personnes atteintes du syndrome de Down<\/h2>\n\n\n\n<h4 class=\"wp-block-heading\">Question :<\/h4>\n\n\n\n<p>Bonsoir ! J\u2019aimerais savoir si vous avez d\u00e9couvert des \u00e9l\u00e9ments pertinents dans les phases du neurod\u00e9veloppement des personnes atteintes du syndrome de Down, \u00e9tant donn\u00e9 que vous avez mentionn\u00e9 que le processus de vieillissement commence plus t\u00f4t (vers 38 ans si je me souviens bien).<\/p>\n\n\n\n<h4 class=\"wp-block-heading\">R\u00e9ponse :<\/h4>\n\n\n\n<p>Au d\u00e9part, il est \u00e9tabli que, entre 38 et 40 ans et plus particuli\u00e8rement \u00e0 partir de 40 ans<strong> des changements cognitifs, \u00e9motionnels et comportementaux peuvent se manifester chez les personnes atteintes du syndrome de Down<\/strong>, c\u2019est pourquoi il est essentiel d\u2019instaurer un suivi pour d\u00e9tecter un d\u00e9clin pouvant \u00eatre indicatif du d\u00e9but d\u2019un \u00e9ventuel processus neurod\u00e9g\u00e9n\u00e9ratif.<\/p>\n\n\n\n<p>Si nous d\u00e9tectons l\u2019apparition de changements cognitifs, \u00e9motionnels et comportementaux, par rapport \u00e0 la situation ant\u00e9rieure de chaque personne, il est <strong>fondamental de r\u00e9aliser un diagnostic plus sp\u00e9cifique.<\/strong> Celui-ci se ferait par l\u2019administration de tests adapt\u00e9s \u00e0 la population des personnes en situation de handicap intellectuel, comme le CAMDEX-DS. C\u2019est pourquoi <strong>il est crucial de favoriser la stimulation cognitive<\/strong> d\u00e8s avant cet \u00e2ge, afin de renforcer la r\u00e9serve cognitive dans le but de ralentir le d\u00e9clin li\u00e9 au vieillissement.<\/p>\n\n\n\n<p>Nous recommandons la lecture de l\u2019article suivant : https:\/\/revistadown.downcantabria.com\/wp-content\/uploads\/2008\/06\/revista97_56-67.pdf<\/p>\n\n\n\n<h2 class=\"wp-block-heading\">7. La orthophoniste <strong>Cristina Urgoiti<\/strong> se demande s\u2019il faut d\u2019abord orienter les personnes en situation de handicap intellectuel pr\u00e9sentant des troubles du comportement vers un centre<\/h2>\n\n\n\n<h4 class=\"wp-block-heading\">Question :<\/h4>\n\n\n\n<p>L\u2019\u00e9valuation est un aspect tr\u00e8s difficile car, souvent, il existe des troubles du comportement et ils ne sont pas collaboratifs, et en centre de jour c\u2019est tr\u00e8s, tr\u00e8s compliqu\u00e9. Faut-il les orienter vers un centre pour traiter d\u2019abord le probl\u00e8me comportemental ? Ou comment peut-on agir ?<\/p>\n\n\n\n<h4 class=\"wp-block-heading\">R\u00e9ponse :<\/h4>\n\n\n\n<p>Dans ces cas, le mieux est que l\u2019\u00e9valuation se fasse par des observations syst\u00e9matiques dans leur environnement familial et proche, afin de pouvoir donner des directives et d\u2019intervenir en fonction des besoins.<\/p>\n\n\n\n<p>De plus, il est \u00e9galement important de prendre en compte que ce sont g\u00e9n\u00e9ralement les probl\u00e8mes \u00e9motionnels et comportementaux qui g\u00e9n\u00e8rent la plus grande surcharge psychologique chez les familles, c\u2019est pourquoi nous devons <strong>travailler de concert avec la famille<\/strong>.<\/p>\n\n\n\n<h2 class=\"wp-block-heading\">8. Le psychologue <strong>Richar Rojas<\/strong> s\u2019interroge sur les outils relatifs aux comportements inadapt\u00e9s et aux comp\u00e9tences sociales<\/h2>\n\n\n\n<h4 class=\"wp-block-heading\">Question :<\/h4>\n\n\n\n<p>Concernant les comportements inadapt\u00e9s et les comp\u00e9tences sociales, quels outils peut-on utiliser pour l\u2019\u00e9valuation du syndrome de Down, standardis\u00e9s et permettant de travailler selon leurs besoins ? Merci.<\/p>\n\n\n\n<h4 class=\"wp-block-heading\">R\u00e9ponse :<\/h4>\n\n\n\n<p>Nous conseillons la lecture de <a href=\"https:\/\/www.sindromedownvidaadulta.org\/no33-octubre-2019\/articulos-no33-octubre-2019\/evaluar-capacidades-cognitivas-y-adaptativas-sindrome-de-down\/\">cet article<\/a> de 2019 publi\u00e9 dans la Revista S\u00edndrome de Down : Vida Adulta, qui propose une revue syst\u00e9matique sur la mani\u00e8re d\u2019\u00e9valuer les capacit\u00e9s cognitives et adaptatives chez les personnes atteintes du syndrome de Down&nbsp;:<\/p>\n\n\n\n\n\n\n\n\n<div style=\"height:50px\" aria-hidden=\"true\" class=\"wp-block-spacer\"><\/div>\n\n\n\n<div class=\"wp-block-group br-0111 has-primary-background-color has-background has-dark-background has-sm-padding-top has-sm-padding-left has-sm-padding-right has-xxl-margin-top\"><div class=\"wp-block-group__inner-container is-layout-constrained wp-block-group-is-layout-constrained\">\n<div class=\"wp-block-columns is-layout-flex wp-container-core-columns-is-layout-9d6595d7 wp-block-columns-is-layout-flex\">\n<div class=\"wp-block-column is-layout-flow wp-block-column-is-layout-flow\">\n<figure class=\"wp-block-image size-full desktop-position-absolute desktop-bottom-0 mobile-width-50 mobile-m-inline-auto has-xl-margin-top\"><img decoding=\"async\" width=\"292\" height=\"338\" src=\"https:\/\/neuronup.com\/fr\/wp-content\/uploads\/2024\/10\/certificat-produit.webp\" alt=\"\" class=\"wp-image-31568\" srcset=\"https:\/\/neuronup.com\/fr\/wp-content\/uploads\/2024\/10\/certificat-produit-259x300.webp 259w, https:\/\/neuronup.com\/fr\/wp-content\/uploads\/2024\/10\/certificat-produit.webp 292w\" sizes=\"(max-width: 292px) 100vw, 292px\" \/><\/figure>\n<\/div>\n\n\n\n<div class=\"wp-block-column is-layout-flow wp-block-column-is-layout-flow\">\n<h2 class=\"wp-block-heading has-white-color has-text-color\"><strong>Abonnez-vous<\/strong> <br>\u00e0 notre <br>Newsletter<\/h2>\n\n\n\n<div class=\"wp-block-buttons is-layout-flex wp-block-buttons-is-layout-flex\">\n<div class=\"wp-block-button--1\" style=\"--button-outline-color:var(--color-white);--button-outline-color-hover:rgba(0,0,0,0.8);\"><a class=\"wp-block-button__link button button-outline   wp-element-button\" href=\"https:\/\/neuronup.com\/fr\/newsletter\/\">Abonnez-vous<\/a><\/div>\n\n<\/div>\n\n\n\n<div style=\"height:40px\" aria-hidden=\"true\" class=\"wp-block-spacer\"><\/div>\n<\/div>\n<\/div>\n<\/div><\/div>\n\n\n\n\n<div style=\"height:50px\" aria-hidden=\"true\" class=\"wp-block-spacer\"><\/div>\n\n\n<h2>Si vous avez aim\u00e9 cet article sur la neuropsychologie du handicap intellectuel, vous serez s\u00fbrement int\u00e9ress\u00e9 par les articles suivants :<\/h2>\n<div class=\"mai-grid entries entries-grid has-boxed has-image-full\" style=\"--entry-title-font-size:var(--font-size-lg);--align-text:start;--entry-meta-text-align:start;\"><div class=\"entries-wrap has-columns\" style=\"--columns-xs:1\/1;--columns-sm:1\/1;--columns-md:1\/3;--columns-lg:1\/3;--flex-xs:0 0 var(--flex-basis);--flex-sm:0 0 var(--flex-basis);--flex-md:0 0 var(--flex-basis);--flex-lg:0 0 var(--flex-basis);--column-gap:var(--spacing-lg);--row-gap:var(--spacing-lg);--align-columns:start;\"><article class=\"entry entry-grid is-column has-entry-link has-image has-image-first type-post category-activites-de-cognition-sociale tag-cognition tag-cognition-sociale tag-parole\" style=\"--entry-index:1;\" aria-label=\"Activit\u00e9s de cognition sociale pour travailler avec des adultes\" itemscope itemtype=\"https:\/\/schema.org\/CreativeWork\"><a class=\"entry-image-link\" href=\"https:\/\/neuronup.com\/fr\/activites-de-neuro-reeducation\/activites-pour-les-fonctions-cognitives\/activites-de-cognition-sociale\/activites-de-cognition-sociale-pour-travailler-avec-des-adultes\/\" tabindex=\"-1\" aria-hidden=\"true\"><img decoding=\"async\" width=\"400\" height=\"300\" src=\"https:\/\/neuronup.com\/fr\/wp-content\/uploads\/2024\/11\/Capture-decran-2021-07-02-a-19.50.21-400x300.webp\" class=\"entry-image size-landscape-sm\" alt=\"Quatre visages exprimant \u00e9motions et mots refl\u00e9tifs \u00e0 gauche, illustrant des exercices de cognition sociale pour adultes.\" srcset=\"https:\/\/neuronup.com\/fr\/wp-content\/uploads\/2024\/11\/Capture-decran-2021-07-02-a-19.50.21-300x225.webp 300w, https:\/\/neuronup.com\/fr\/wp-content\/uploads\/2024\/11\/Capture-decran-2021-07-02-a-19.50.21-400x300.webp 400w, https:\/\/neuronup.com\/fr\/wp-content\/uploads\/2024\/11\/Capture-decran-2021-07-02-a-19.50.21-768x575.webp 768w, https:\/\/neuronup.com\/fr\/wp-content\/uploads\/2024\/11\/Capture-decran-2021-07-02-a-19.50.21-800x600.webp 800w, https:\/\/neuronup.com\/fr\/wp-content\/uploads\/2024\/11\/Capture-decran-2021-07-02-a-19.50.21-1024x767.webp 1024w, https:\/\/neuronup.com\/fr\/wp-content\/uploads\/2024\/11\/Capture-decran-2021-07-02-a-19.50.21-1200x900.webp 1200w, https:\/\/neuronup.com\/fr\/wp-content\/uploads\/2024\/11\/Capture-decran-2021-07-02-a-19.50.21-1536x1151.webp 1536w, https:\/\/neuronup.com\/fr\/wp-content\/uploads\/2024\/11\/Capture-decran-2021-07-02-a-19.50.21.webp 2034w\" sizes=\"(max-width:599px) 599px, (min-width:600px) and (max-width: 799px) 799px, (min-width:800px) and (max-width: 999px) 333px, (min-width:1000px) 400px\" \/><\/a><div class=\"entry-wrap entry-wrap-grid\"><h3 class=\"entry-title\" itemprop=\"headline\"><a class=\"entry-title-link\" href=\"https:\/\/neuronup.com\/fr\/activites-de-neuro-reeducation\/activites-pour-les-fonctions-cognitives\/activites-de-cognition-sociale\/activites-de-cognition-sociale-pour-travailler-avec-des-adultes\/\" rel=\"bookmark\">Activit\u00e9s de cognition sociale pour travailler avec des adultes<\/a><\/h3>\n<\/div><\/article><article class=\"entry entry-grid is-column has-entry-link has-image has-image-first type-post category-troubles-du-langage tag-aphasie tag-langage\" style=\"--entry-index:2;\" aria-label=\"Prise en charge des personnes aphasiques : directives essentielles pour les aidants\" itemscope itemtype=\"https:\/\/schema.org\/CreativeWork\"><a class=\"entry-image-link\" href=\"https:\/\/neuronup.com\/fr\/actualites-de-la-stimulation-cognitive\/troubles-du-langage\/soins-des-personnes-aphasiques-directives-cruciales-pour-aidants\/\" tabindex=\"-1\" aria-hidden=\"true\"><img decoding=\"async\" width=\"400\" height=\"260\" src=\"https:\/\/neuronup.com\/fr\/wp-content\/uploads\/2024\/01\/como-ayudar-a-una-persona-con-afasia-Cuidado-de-Personas-con-Afasia.webp\" class=\"entry-image size-landscape-sm\" alt=\"Homme \u00e2g\u00e9 souriant regardant une tablette montr\u00e9e par une jeune femme dans un cadre chaleureux, plante et lumi\u00e8re naturelle.\" srcset=\"https:\/\/neuronup.com\/fr\/wp-content\/uploads\/2024\/01\/como-ayudar-a-una-persona-con-afasia-Cuidado-de-Personas-con-Afasia-300x195.webp 300w, https:\/\/neuronup.com\/fr\/wp-content\/uploads\/2024\/01\/como-ayudar-a-una-persona-con-afasia-Cuidado-de-Personas-con-Afasia-768x500.webp 768w, https:\/\/neuronup.com\/fr\/wp-content\/uploads\/2024\/01\/como-ayudar-a-una-persona-con-afasia-Cuidado-de-Personas-con-Afasia-1024x666.webp 1024w, https:\/\/neuronup.com\/fr\/wp-content\/uploads\/2024\/01\/como-ayudar-a-una-persona-con-afasia-Cuidado-de-Personas-con-Afasia.webp 1200w\" sizes=\"(max-width:599px) 599px, (min-width:600px) and (max-width: 799px) 799px, (min-width:800px) and (max-width: 999px) 333px, (min-width:1000px) 400px\" \/><\/a><div class=\"entry-wrap entry-wrap-grid\"><h3 class=\"entry-title\" itemprop=\"headline\"><a class=\"entry-title-link\" href=\"https:\/\/neuronup.com\/fr\/actualites-de-la-stimulation-cognitive\/troubles-du-langage\/soins-des-personnes-aphasiques-directives-cruciales-pour-aidants\/\" rel=\"bookmark\">Prise en charge des personnes aphasiques : directives essentielles pour les aidants<\/a><\/h3>\n<\/div><\/article><article class=\"entry entry-grid is-column has-entry-link has-image has-image-first type-post category-nouvelles-activites tag-enfants tag-memoire tag-memoire-episodique tag-neuronup tag-nouveaute\" style=\"--entry-index:3;\" aria-label=\"Nouvelle activit\u00e9 de m\u00e9moire pour les enfants\" itemscope itemtype=\"https:\/\/schema.org\/CreativeWork\"><a class=\"entry-image-link\" href=\"https:\/\/neuronup.com\/fr\/nouveautes-neuronup\/nouvelles-activites\/nouvelle-activite-de-memoire-pour-les-enfants\/\" tabindex=\"-1\" aria-hidden=\"true\"><img decoding=\"async\" width=\"400\" height=\"300\" src=\"https:\/\/neuronup.com\/fr\/wp-content\/uploads\/2024\/11\/Nouvelle-activite-de-memoire-episodique-pour-enfants-400x300.webp\" class=\"entry-image size-landscape-sm\" alt=\"\u00c9cran d\u2019un jeu \u00e9ducatif montrant des bo\u00eetes avec des animaux \u00e0 gauche et une bo\u00eete \u00e0 droite; texte bleu annonce une nouvelle activit\u00e9 de m\u00e9moire \u00e9pisodique pour enfants.\" srcset=\"https:\/\/neuronup.com\/fr\/wp-content\/uploads\/2024\/11\/Nouvelle-activite-de-memoire-episodique-pour-enfants-400x300.webp 400w, https:\/\/neuronup.com\/fr\/wp-content\/uploads\/2024\/11\/Nouvelle-activite-de-memoire-episodique-pour-enfants-800x600.webp 800w, https:\/\/neuronup.com\/fr\/wp-content\/uploads\/2024\/11\/Nouvelle-activite-de-memoire-episodique-pour-enfants-1200x900.webp 1200w\" sizes=\"(max-width:599px) 599px, (min-width:600px) and (max-width: 799px) 799px, (min-width:800px) and (max-width: 999px) 333px, (min-width:1000px) 400px\" \/><\/a><div class=\"entry-wrap entry-wrap-grid\"><h3 class=\"entry-title\" itemprop=\"headline\"><a class=\"entry-title-link\" href=\"https:\/\/neuronup.com\/fr\/nouveautes-neuronup\/nouvelles-activites\/nouvelle-activite-de-memoire-pour-les-enfants\/\" rel=\"bookmark\">Nouvelle activit\u00e9 de m\u00e9moire pour les enfants<\/a><\/h3>\n<\/div><\/article><article class=\"entry entry-grid is-column has-entry-link has-image has-image-first type-post category-alzheimer tag-alzheimer tag-maladies-neurodegeneratives tag-personnes-agees\" style=\"--entry-index:4;\" aria-label=\"Peindre l&#8217;Alzheimer\" itemscope itemtype=\"https:\/\/schema.org\/CreativeWork\"><a class=\"entry-image-link\" href=\"https:\/\/neuronup.com\/fr\/actualites-de-la-stimulation-cognitive\/maladies-neurodegeneratives\/alzheimer\/peindre-lalzheimer\/\" tabindex=\"-1\" aria-hidden=\"true\"><img decoding=\"async\" width=\"400\" height=\"300\" src=\"https:\/\/neuronup.com\/fr\/wp-content\/uploads\/2024\/11\/Peindre-lalzheimer2-1-2-400x300.webp\" class=\"entry-image size-landscape-sm\" alt=\"Collage de portraits vari\u00e9s montrant des t\u00eates nues et des visages sombres, exprimant m\u00e9lancolie et introspection.\" srcset=\"https:\/\/neuronup.com\/fr\/wp-content\/uploads\/2024\/11\/Peindre-lalzheimer2-1-2-400x300.webp 400w, https:\/\/neuronup.com\/fr\/wp-content\/uploads\/2024\/11\/Peindre-lalzheimer2-1-2-800x600.webp 800w\" sizes=\"(max-width:599px) 599px, (min-width:600px) and (max-width: 799px) 799px, (min-width:800px) and (max-width: 999px) 333px, (min-width:1000px) 400px\" \/><\/a><div class=\"entry-wrap entry-wrap-grid\"><h3 class=\"entry-title\" itemprop=\"headline\"><a class=\"entry-title-link\" href=\"https:\/\/neuronup.com\/fr\/actualites-de-la-stimulation-cognitive\/maladies-neurodegeneratives\/alzheimer\/peindre-lalzheimer\/\" rel=\"bookmark\">Peindre l&#8217;Alzheimer<\/a><\/h3>\n<\/div><\/article><article class=\"entry entry-grid is-column has-entry-link has-image has-image-first type-post category-activites-de-praxies tag-activites-de-stimulation-cognitive tag-activites-de-stimulation-cognitive-enfants tag-neuronup tag-nouvelle-activite tag-stimulation-cognitive\" style=\"--entry-index:5;\" aria-label=\"Jeu pour travailler les praxies visoconstructives chez l&#8217;enfant\" itemscope itemtype=\"https:\/\/schema.org\/CreativeWork\"><a class=\"entry-image-link\" href=\"https:\/\/neuronup.com\/fr\/activites-de-neuro-reeducation\/activites-pour-les-fonctions-cognitives\/activites-de-praxies\/jeu-pour-travailler-les-praxies-visoconstructives-chez-lenfant\/\" tabindex=\"-1\" aria-hidden=\"true\"><img decoding=\"async\" width=\"400\" height=\"300\" src=\"https:\/\/neuronup.com\/fr\/wp-content\/uploads\/2024\/11\/Jeu-pour-travailler-les-praxies-visoconstructives-chez-lenfant-400x300.webp\" class=\"entry-image size-landscape-sm\" alt=\"Puzzle tropical avec toucan et ara, pi\u00e8ces manquantes, utilis\u00e9 pour travailler les praxies visoconstructives chez l&#039;enfant.\" srcset=\"https:\/\/neuronup.com\/fr\/wp-content\/uploads\/2024\/11\/Jeu-pour-travailler-les-praxies-visoconstructives-chez-lenfant-400x300.webp 400w, https:\/\/neuronup.com\/fr\/wp-content\/uploads\/2024\/11\/Jeu-pour-travailler-les-praxies-visoconstructives-chez-lenfant-800x600.webp 800w, https:\/\/neuronup.com\/fr\/wp-content\/uploads\/2024\/11\/Jeu-pour-travailler-les-praxies-visoconstructives-chez-lenfant-1200x900.webp 1200w\" sizes=\"(max-width:599px) 599px, (min-width:600px) and (max-width: 799px) 799px, (min-width:800px) and (max-width: 999px) 333px, (min-width:1000px) 400px\" \/><\/a><div class=\"entry-wrap entry-wrap-grid\"><h3 class=\"entry-title\" itemprop=\"headline\"><a class=\"entry-title-link\" href=\"https:\/\/neuronup.com\/fr\/activites-de-neuro-reeducation\/activites-pour-les-fonctions-cognitives\/activites-de-praxies\/jeu-pour-travailler-les-praxies-visoconstructives-chez-lenfant\/\" rel=\"bookmark\">Jeu pour travailler les praxies visoconstructives chez l&#8217;enfant<\/a><\/h3>\n<\/div><\/article><article class=\"entry entry-grid is-column has-entry-link has-image has-image-first type-post category-activites-de-cognition-sociale tag-activites-de-stimulation-cognitive tag-activites-de-stimulation-cognitive-pour-enfants tag-actualites-de-neuronup tag-autisme tag-cognition-sociale\" style=\"--entry-index:6;\" aria-label=\"Activit\u00e9s pour travailler la th\u00e9orie de l&#8217;esprit avec les enfants\" itemscope itemtype=\"https:\/\/schema.org\/CreativeWork\"><a class=\"entry-image-link\" href=\"https:\/\/neuronup.com\/fr\/activites-de-neuro-reeducation\/activites-pour-les-fonctions-cognitives\/activites-de-cognition-sociale\/activites-pour-travailler-la-theorie-de-lesprit-avec-les-enfants\/\" tabindex=\"-1\" aria-hidden=\"true\"><img decoding=\"async\" width=\"400\" height=\"232\" src=\"https:\/\/neuronup.com\/fr\/wp-content\/uploads\/2023\/10\/Actividades-para-trabajar-la-Teoria-de-la-Mente-con-ninos.webp\" class=\"entry-image size-landscape-sm\" alt=\"Quatre vignettes illustrent la th\u00e9orie de l&#039;esprit chez l&#039;enfant: bonbons, seau d\u00e9cor\u00e9, interaction et pens\u00e9es.\" srcset=\"https:\/\/neuronup.com\/fr\/wp-content\/uploads\/2023\/10\/Actividades-para-trabajar-la-Teoria-de-la-Mente-con-ninos-300x174.webp 300w, https:\/\/neuronup.com\/fr\/wp-content\/uploads\/2023\/10\/Actividades-para-trabajar-la-Teoria-de-la-Mente-con-ninos-768x446.webp 768w, https:\/\/neuronup.com\/fr\/wp-content\/uploads\/2023\/10\/Actividades-para-trabajar-la-Teoria-de-la-Mente-con-ninos-1024x595.webp 1024w, https:\/\/neuronup.com\/fr\/wp-content\/uploads\/2023\/10\/Actividades-para-trabajar-la-Teoria-de-la-Mente-con-ninos.webp 1200w\" sizes=\"(max-width:599px) 599px, (min-width:600px) and (max-width: 799px) 799px, (min-width:800px) and (max-width: 999px) 333px, (min-width:1000px) 400px\" \/><\/a><div class=\"entry-wrap entry-wrap-grid\"><h3 class=\"entry-title\" itemprop=\"headline\"><a class=\"entry-title-link\" href=\"https:\/\/neuronup.com\/fr\/activites-de-neuro-reeducation\/activites-pour-les-fonctions-cognitives\/activites-de-cognition-sociale\/activites-pour-travailler-la-theorie-de-lesprit-avec-les-enfants\/\" rel=\"bookmark\">Activit\u00e9s pour travailler la th\u00e9orie de l&#8217;esprit avec les enfants<\/a><\/h3>\n<\/div><\/article><\/div><\/div>","protected":false},"excerpt":{"rendered":"<p>Acc\u00e9dez gratuitement \u00e0 la pr\u00e9sentation \u00ab Neuropsychologie du handicap intellectuel : B\u00e9n\u00e9fices de la stimulation cognitive et strat\u00e9gies d\u2019intervention \u00bb donn\u00e9e par les docteures en psychologie Olga Bruna et Roser Fern\u00e1ndez ! Cette formation s\u2019est d\u00e9roul\u00e9e lors de la Journ\u00e9e du handicap intellectuel : Progr\u00e8s et d\u00e9fis futurs organis\u00e9e par NeuronUP le 4 octobre dernier. &hellip;<\/p>\n","protected":false},"author":7,"featured_media":18422,"comment_status":"open","ping_status":"open","sticky":false,"template":"","format":"standard","meta":{"_acf_changed":false,"_genesis_hide_title":false,"_genesis_hide_breadcrumbs":false,"_genesis_hide_singular_image":false,"_genesis_hide_footer_widgets":false,"_genesis_custom_body_class":"","_genesis_custom_post_class":"","_genesis_layout":"","footnotes":""},"categories":[595],"tags":[902,892],"class_list":{"2":"type-post","7":"category-formation","8":"tag-deficience-intellectuelle","9":"tag-syndrome-de-down","10":"entry"},"acf":[],"_links":{"self":[{"href":"https:\/\/neuronup.com\/fr\/wp-json\/wp\/v2\/posts\/18332","targetHints":{"allow":["GET"]}}],"collection":[{"href":"https:\/\/neuronup.com\/fr\/wp-json\/wp\/v2\/posts"}],"about":[{"href":"https:\/\/neuronup.com\/fr\/wp-json\/wp\/v2\/types\/post"}],"author":[{"embeddable":true,"href":"https:\/\/neuronup.com\/fr\/wp-json\/wp\/v2\/users\/7"}],"replies":[{"embeddable":true,"href":"https:\/\/neuronup.com\/fr\/wp-json\/wp\/v2\/comments?post=18332"}],"version-history":[{"count":0,"href":"https:\/\/neuronup.com\/fr\/wp-json\/wp\/v2\/posts\/18332\/revisions"}],"wp:featuredmedia":[{"embeddable":true,"href":"https:\/\/neuronup.com\/fr\/wp-json\/wp\/v2\/media\/18422"}],"wp:attachment":[{"href":"https:\/\/neuronup.com\/fr\/wp-json\/wp\/v2\/media?parent=18332"}],"wp:term":[{"taxonomy":"category","embeddable":true,"href":"https:\/\/neuronup.com\/fr\/wp-json\/wp\/v2\/categories?post=18332"},{"taxonomy":"post_tag","embeddable":true,"href":"https:\/\/neuronup.com\/fr\/wp-json\/wp\/v2\/tags?post=18332"}],"curies":[{"name":"wp","href":"https:\/\/api.w.org\/{rel}","templated":true}]}}