{"id":14122,"date":"2026-01-28T10:02:18","date_gmt":"2026-01-28T08:02:18","guid":{"rendered":"https:\/\/neuronup.com\/?p=14122"},"modified":"2026-01-29T17:37:58","modified_gmt":"2026-01-29T15:37:58","slug":"fiche-pour-travailler-lintelligence-emotionnelle-avec-les-enfants","status":"publish","type":"post","link":"https:\/\/neuronup.com\/fr\/activites-de-neuro-reeducation\/activites-pour-les-fonctions-cognitives\/activites-de-cognition-sociale\/fiche-pour-travailler-lintelligence-emotionnelle-avec-les-enfants\/","title":{"rendered":"Fiche pour travailler l&#8217;intelligence \u00e9motionnelle avec des enfants : quelle photo correspond \u00e0 chaque mot ?"},"content":{"rendered":"\n<p class=\"has-xl-font-size\">Aujourd&rsquo;hui, nous lan\u00e7ons une nouvelle <strong>fiche pour travailler l&rsquo;intelligence \u00e9motionnelle avec les enfants<\/strong> : <em>Quelle photo va avec chaque mot&nbsp;?<\/em> De plus, nous avons ajout\u00e9 une am\u00e9lioration \u00e0 l&rsquo;activit\u00e9 <em>Copie les lettres<\/em> gr\u00e2ce \u00e0 la suggestion d&rsquo;une cliente.<\/p>\n\n\n\n<p>Si hace un tiempo presentamos la ficha<em> Qu\u2019est-ce qui arrive aux gens ?<\/em> aujourd&rsquo;hui, c&rsquo;est au tour de l&rsquo;exercice <em><strong>Quelle photo va avec chaque mot&nbsp;?<\/strong><\/em>. Dans ce cas, les \u00e9motions sont travaill\u00e9es d&rsquo;une mani\u00e8re un peu plus complexe, car les expressions affich\u00e9es ne sont pas accompagn\u00e9es d&rsquo;un contexte.<\/p>\n\n\n\n<h2 class=\"wp-block-heading\" id=\"en-que-consiste\">En quoi cela consiste&nbsp;?<\/h2>\n\n\n\n<p>Les enfants doivent identifier les traits caract\u00e9ristiques de chaque \u00e9tat d&rsquo;esprit et d\u00e9terminer l&rsquo;\u00e9tat \u00e9motionnel des personnages, tout en <strong>associant chaque \u00e9motion \u00e0 son mot correct.<\/strong><\/p>\n\n\n\n<p>Cela semble facile, mais il faut prendre en compte les <strong>multiples et subtiles nuances qui peuvent s\u00e9parer une \u00e9motion d&rsquo;une autre<\/strong> et qui entra\u00eenent une diff\u00e9rence importante dans la r\u00e9action qu&rsquo;elles susciteront chez les autres personnes.<\/p>\n\n\n\n<p>Voici un exemple&nbsp;:<\/p>\n\n\n\n<figure class=\"wp-block-image alignwide size-full\"><img decoding=\"async\" width=\"768\" height=\"517\" src=\"https:\/\/neuronup.com\/wp-content\/uploads\/2022\/05\/que-foto-va-con-cada-palabra.webp\" alt=\"Trois portraits avec des expressions distinctes (pensive, contrari\u00e9e, langue tir\u00e9e) et les mots burlona et rabiosa \u00e0 gauche; option A coch\u00e9e\"intelligence \u00e9motionnelle : Quelle photo va avec chaque mot\" class=\"wp-image-14125\" srcset=\"https:\/\/neuronup.com\/fr\/wp-content\/uploads\/2022\/05\/que-foto-va-con-cada-palabra-300x202.webp 300w, https:\/\/neuronup.com\/fr\/wp-content\/uploads\/2022\/05\/que-foto-va-con-cada-palabra.webp 768w\" sizes=\"(max-width: 768px) 100vw, 768px\" \/><figcaption class=\"wp-element-caption\">Fiche pour travailler l&rsquo;intelligence \u00e9motionnelle : Quelle photo va avec chaque mot<\/figcaption><\/figure>\n\n\n\n<h2 class=\"wp-block-heading\">Que travaille cette activit\u00e9&nbsp;?<\/h2>\n\n\n\n<ul class=\"wp-block-list\">\n<li><strong>Cognition sociale<\/strong>,<\/li>\n\n\n\n<li><strong>vocabulaire<\/strong>.<\/li>\n<\/ul>\n\n\n\n<h2 class=\"wp-block-heading\">Niveaux de difficult\u00e9<\/h2>\n\n\n\n<p><em><em><em>Quelle photo va avec chaque mot&nbsp;?<\/em><\/em> <\/em>est une<strong> <\/strong>fiche et, comme toutes les fiches de NeuronUP, elle est organis\u00e9e en <strong>cinq <\/strong>niveaux de difficult\u00e9&nbsp;:<\/p>\n\n\n\n<ul class=\"wp-block-list\">\n<li>Basique,<\/li>\n\n\n\n<li>facile,<\/li>\n\n\n\n<li>moyen,<\/li>\n\n\n\n<li>difficile,<\/li>\n\n\n\n<li>avanc\u00e9.<\/li>\n<\/ul>\n\n\n\n<h2 class=\"wp-block-heading\"><strong>Format<\/strong><\/h2>\n\n\n\n<p>De plus, cette activit\u00e9 pour travailler l&rsquo;intelligence \u00e9motionnelle avec les enfants peut \u00eatre r\u00e9alis\u00e9e tant au format <strong>num\u00e9rique <\/strong>que sur<strong> papier<\/strong>.<\/p>\n\n\n\n<h2 class=\"wp-block-heading\"><strong>Langues pour travailler cett<\/strong>e activit\u00e9<\/h2>\n\n\n\n<p>Cette activit\u00e9 peut \u00eatre travaill\u00e9e en<strong> <\/strong>espagnol, anglais, fran\u00e7ais, portugais et catalan.<\/p>\n\n\n\n<h2 class=\"wp-block-heading\"><strong>Version pour adultes<\/strong><\/h2>\n\n\n\n<p><em><em><em><em><em>Quelle photo va avec chaque mot&nbsp;?<\/em><\/em><\/em> <\/em><\/em> a une version pour adultes appel\u00e9e <em>Associer mot et \u00e9motion<\/em>.<\/p>\n\n\n\n<figure class=\"wp-block-image alignwide size-full\"><img decoding=\"async\" width=\"768\" height=\"592\" src=\"https:\/\/neuronup.com\/wp-content\/uploads\/2022\/05\/Asociacion-de-emocion-y-palabra.webp\" alt=\"Fiche pour travailler l&#039;intelligence \u00e9motionnelle Association des \u00e9motions et des mots\"intelligence \u00e9motionnelle Associer mot et \u00e9motion\" class=\"wp-image-14124\" srcset=\"https:\/\/neuronup.com\/fr\/wp-content\/uploads\/2022\/05\/Asociacion-de-emocion-y-palabra-300x231.webp 300w, https:\/\/neuronup.com\/fr\/wp-content\/uploads\/2022\/05\/Asociacion-de-emocion-y-palabra.webp 768w\" sizes=\"(max-width: 768px) 100vw, 768px\" \/><figcaption class=\"wp-element-caption\">Fiche pour travailler l&rsquo;intelligence \u00e9motionnelle Associer mot et \u00e9motion<\/figcaption><\/figure>\n\n\n\n\n\n\n<div style=\"height:50px\" aria-hidden=\"true\" class=\"wp-block-spacer\"><\/div>\n\n\n\n<div class=\"wp-block-group br-0111 has-primary-background-color has-background has-dark-background has-sm-padding-top has-sm-padding-left has-sm-padding-right has-xxl-margin-top\"><div class=\"wp-block-group__inner-container is-layout-constrained wp-block-group-is-layout-constrained\">\n<div class=\"wp-block-columns is-layout-flex wp-container-core-columns-is-layout-9d6595d7 wp-block-columns-is-layout-flex\">\n<div class=\"wp-block-column is-layout-flow wp-block-column-is-layout-flow\">\n<figure class=\"wp-block-image size-full desktop-position-absolute desktop-bottom-0 mobile-width-50 mobile-m-inline-auto has-xl-margin-top\"><img decoding=\"async\" width=\"292\" height=\"338\" src=\"https:\/\/neuronup.com\/fr\/wp-content\/uploads\/2024\/10\/certificat-produit.webp\" alt=\"\" class=\"wp-image-31568\" srcset=\"https:\/\/neuronup.com\/fr\/wp-content\/uploads\/2024\/10\/certificat-produit-259x300.webp 259w, https:\/\/neuronup.com\/fr\/wp-content\/uploads\/2024\/10\/certificat-produit.webp 292w\" sizes=\"(max-width: 292px) 100vw, 292px\" \/><\/figure>\n<\/div>\n\n\n\n<div class=\"wp-block-column is-layout-flow wp-block-column-is-layout-flow\">\n<h2 class=\"wp-block-heading has-white-color has-text-color\"><strong>Abonnez-vous<\/strong> <br>\u00e0 notre <br>Newsletter<\/h2>\n\n\n\n<div class=\"wp-block-buttons is-layout-flex wp-block-buttons-is-layout-flex\">\n<div class=\"wp-block-button--1\" style=\"--button-outline-color:var(--color-white);--button-outline-color-hover:rgba(0,0,0,0.8);\"><a class=\"wp-block-button__link button button-outline   wp-element-button\" href=\"https:\/\/neuronup.com\/fr\/newsletter\/\">Abonnez-vous<\/a><\/div>\n\n<\/div>\n\n\n\n<div style=\"height:40px\" aria-hidden=\"true\" class=\"wp-block-spacer\"><\/div>\n<\/div>\n<\/div>\n<\/div><\/div>\n\n\n\n\n<div style=\"height:50px\" aria-hidden=\"true\" class=\"wp-block-spacer\"><\/div>\n\n\n<h2>Am\u00e9lioration de l&rsquo;activit\u00e9 Copie les lettres<\/h2>\n\n\n\n<p>De plus, gr\u00e2ce \u00e0 la suggestion d&rsquo;Angy Karolina Fierro, du Centro Psicoterap\u00e9utico Entrenarte, <strong>nous avons inclus une variable permettant de personnaliser le type de lettres \u00e0 copier<\/strong> (voyelles, consonnes ou tout l&rsquo;alphabet). De cette fa\u00e7on, on peut cr\u00e9er un <strong>exercice encore plus adapt\u00e9 aux besoins de chaque enfant.<\/strong><\/p>\n\n\n\n<h3 class=\"wp-block-heading\" id=\"si-te-ha-gustado-esta-actividad-de-memoria-para-ninos-puede-que-tambien-te-interese-leer\">Si cette fiche pour travailler l&rsquo;intelligence \u00e9motionnelle avec les enfants vous a plu, ces articles pourraient \u00e9galement vous int\u00e9resser :<\/h3>\n\n<div class=\"mai-grid entries entries-grid has-boxed has-image-full\" style=\"--entry-title-font-size:var(--font-size-lg);--align-text:start;--entry-meta-text-align:start;\"><div class=\"entries-wrap has-columns\" style=\"--columns-xs:1\/1;--columns-sm:1\/1;--columns-md:1\/3;--columns-lg:1\/3;--flex-xs:0 0 var(--flex-basis);--flex-sm:0 0 var(--flex-basis);--flex-md:0 0 var(--flex-basis);--flex-lg:0 0 var(--flex-basis);--column-gap:var(--spacing-lg);--row-gap:var(--spacing-lg);--align-columns:start;\"><article class=\"entry entry-grid is-column has-entry-link has-image has-image-first type-post category-formation tag-activites-de-stimulation-cognitive tag-activites-numeriques tag-exercices-numeriques\" style=\"--entry-index:1;\" aria-label=\"Formation pas \u00e0 pas pour cr\u00e9er des s\u00e9ances NeuronUP\" itemscope itemtype=\"https:\/\/schema.org\/CreativeWork\"><a class=\"entry-image-link\" href=\"https:\/\/neuronup.com\/fr\/formation\/formation-pour-creer-des-seances-de-neuronup-pas-a-pas\/\" tabindex=\"-1\" aria-hidden=\"true\"><img decoding=\"async\" width=\"1280\" height=\"768\" src=\"https:\/\/neuronup.com\/fr\/wp-content\/uploads\/2021\/08\/neuronup-ilustration-price-03.svg\" class=\"entry-image size-landscape-sm\" alt=\"neuronup neurones fonctions fond\" \/><\/a><div class=\"entry-wrap entry-wrap-grid\"><h3 class=\"entry-title\" itemprop=\"headline\"><a class=\"entry-title-link\" href=\"https:\/\/neuronup.com\/fr\/formation\/formation-pour-creer-des-seances-de-neuronup-pas-a-pas\/\" rel=\"bookmark\">Formation pas \u00e0 pas pour cr\u00e9er des s\u00e9ances NeuronUP<\/a><\/h3>\n<\/div><\/article><article class=\"entry entry-grid is-column has-entry-link has-image has-image-first type-post category-neurosciences tag-neurosciences\" style=\"--entry-index:2;\" aria-label=\"Neuroscience du sommeil : comment le repos influence la r\u00e9cup\u00e9ration c\u00e9r\u00e9brale et les performances cognitives\" itemscope itemtype=\"https:\/\/schema.org\/CreativeWork\"><a class=\"entry-image-link\" href=\"https:\/\/neuronup.com\/fr\/neurosciences\/neuroscience-du-sommeil-comment-le-repos-influence-la-recuperation-cerebrale-et-les-performances-cognitives\/\" tabindex=\"-1\" aria-hidden=\"true\"><img decoding=\"async\" width=\"400\" height=\"300\" src=\"https:\/\/neuronup.com\/fr\/wp-content\/uploads\/2025\/03\/Neuroscience-du-sommeil-comment-le-repos-influence-la-recuperation-cerebrale-et-les-performances-cognitives-400x300.webp\" class=\"entry-image size-landscape-sm\" alt=\"Femme dort paisiblement dans un lit, lumi\u00e8re bleut\u00e9e et ambiance calme; t\u00e9l\u00e9phone pr\u00e8s du lit.\" srcset=\"https:\/\/neuronup.com\/fr\/wp-content\/uploads\/2025\/03\/Neuroscience-du-sommeil-comment-le-repos-influence-la-recuperation-cerebrale-et-les-performances-cognitives-400x300.webp 400w, https:\/\/neuronup.com\/fr\/wp-content\/uploads\/2025\/03\/Neuroscience-du-sommeil-comment-le-repos-influence-la-recuperation-cerebrale-et-les-performances-cognitives-800x600.webp 800w\" sizes=\"(max-width:599px) 599px, (min-width:600px) and (max-width: 799px) 799px, (min-width:800px) and (max-width: 999px) 333px, (min-width:1000px) 400px\" \/><\/a><div class=\"entry-wrap entry-wrap-grid\"><h3 class=\"entry-title\" itemprop=\"headline\"><a class=\"entry-title-link\" href=\"https:\/\/neuronup.com\/fr\/neurosciences\/neuroscience-du-sommeil-comment-le-repos-influence-la-recuperation-cerebrale-et-les-performances-cognitives\/\" rel=\"bookmark\">Neuroscience du sommeil : comment le repos influence la r\u00e9cup\u00e9ration c\u00e9r\u00e9brale et les performances cognitives<\/a><\/h3>\n<\/div><\/article><article class=\"entry entry-grid is-column has-entry-link has-image has-image-first type-post category-maladies-neurodegeneratives tag-alzheimer tag-stimulation-cognitive\" style=\"--entry-index:3;\" aria-label=\"Atrophie hippocampique : diff\u00e9rences entre les troubles cognitifs l\u00e9gers (MCI) et la maladie d&rsquo;Alzheimer (AD)\" itemscope itemtype=\"https:\/\/schema.org\/CreativeWork\"><a class=\"entry-image-link\" href=\"https:\/\/neuronup.com\/fr\/actualites-de-la-stimulation-cognitive\/maladies-neurodegeneratives\/atrophie-hippocampique-differences-entre-les-troubles-cognitifs-legers-mci-et-la-maladie-dalzheimer-ad\/\" tabindex=\"-1\" aria-hidden=\"true\"><img decoding=\"async\" width=\"400\" height=\"300\" src=\"https:\/\/neuronup.com\/fr\/wp-content\/uploads\/2025\/05\/Atrophie-hippocampique-differences-entre-les-troubles-cognitifs-legers-MCI-et-la-maladie-dAlzheimer-AD-400x300.webp\" class=\"entry-image size-landscape-sm\" alt=\"Repr\u00e9sentation m\u00e9dicale montrant l\u2019hippocampe et l\u2019atrophie associ\u00e9e, utile pour distinguer MCI et Alzheimer.\" srcset=\"https:\/\/neuronup.com\/fr\/wp-content\/uploads\/2025\/05\/Atrophie-hippocampique-differences-entre-les-troubles-cognitifs-legers-MCI-et-la-maladie-dAlzheimer-AD-400x300.webp 400w, https:\/\/neuronup.com\/fr\/wp-content\/uploads\/2025\/05\/Atrophie-hippocampique-differences-entre-les-troubles-cognitifs-legers-MCI-et-la-maladie-dAlzheimer-AD-800x600.webp 800w\" sizes=\"(max-width:599px) 599px, (min-width:600px) and (max-width: 799px) 799px, (min-width:800px) and (max-width: 999px) 333px, (min-width:1000px) 400px\" \/><\/a><div class=\"entry-wrap entry-wrap-grid\"><h3 class=\"entry-title\" itemprop=\"headline\"><a class=\"entry-title-link\" href=\"https:\/\/neuronup.com\/fr\/actualites-de-la-stimulation-cognitive\/maladies-neurodegeneratives\/atrophie-hippocampique-differences-entre-les-troubles-cognitifs-legers-mci-et-la-maladie-dalzheimer-ad\/\" rel=\"bookmark\">Atrophie hippocampique : diff\u00e9rences entre les troubles cognitifs l\u00e9gers (MCI) et la maladie d&rsquo;Alzheimer (AD)<\/a><\/h3>\n<\/div><\/article><article class=\"entry entry-grid is-column has-entry-link has-image has-image-first type-post category-maladies-neurodegeneratives tag-maladies-neurodegeneratives tag-personnes-agees tag-stimulation-cognitive\" style=\"--entry-index:4;\" aria-label=\"Maladie \u00e0 corps de Lewy\" itemscope itemtype=\"https:\/\/schema.org\/CreativeWork\"><a class=\"entry-image-link\" href=\"https:\/\/neuronup.com\/fr\/actualites-de-la-stimulation-cognitive\/maladies-neurodegeneratives\/maladie-a-corps-de-lewy\/\" tabindex=\"-1\" aria-hidden=\"true\"><img decoding=\"async\" width=\"400\" height=\"300\" src=\"https:\/\/neuronup.com\/fr\/wp-content\/uploads\/2024\/11\/Maladie-a-corps-de-Lewy1-400x300.webp\" class=\"entry-image size-landscape-sm\" alt=\"Profil d\u2019une t\u00eate humaine en vue lat\u00e9rale montrant le cerveau int\u00e9rieur color\u00e9 et des \u00e9l\u00e9ments anatomiques (gorge et colonne vert\u00e9brale) sur fond sombre.\" srcset=\"https:\/\/neuronup.com\/fr\/wp-content\/uploads\/2024\/11\/Maladie-a-corps-de-Lewy1-400x300.webp 400w, https:\/\/neuronup.com\/fr\/wp-content\/uploads\/2024\/11\/Maladie-a-corps-de-Lewy1-800x600.webp 800w\" sizes=\"(max-width:599px) 599px, (min-width:600px) and (max-width: 799px) 799px, (min-width:800px) and (max-width: 999px) 333px, (min-width:1000px) 400px\" \/><\/a><div class=\"entry-wrap entry-wrap-grid\"><h3 class=\"entry-title\" itemprop=\"headline\"><a class=\"entry-title-link\" href=\"https:\/\/neuronup.com\/fr\/actualites-de-la-stimulation-cognitive\/maladies-neurodegeneratives\/maladie-a-corps-de-lewy\/\" rel=\"bookmark\">Maladie \u00e0 corps de Lewy<\/a><\/h3>\n<\/div><\/article><article class=\"entry entry-grid is-column has-entry-link has-image has-image-first type-post category-formation tag-formacion-universitaria tag-neuropsychologie tag-stimulation-cognitive tag-temoignages\" style=\"--entry-index:5;\" aria-label=\"Comment l&rsquo;Universit\u00e9 Internationale de Valence (VIU) innove dans la formation universitaire en stimulation cognitive avec NeuronUP\" itemscope itemtype=\"https:\/\/schema.org\/CreativeWork\"><a class=\"entry-image-link\" href=\"https:\/\/neuronup.com\/fr\/formation\/comme-luniversite-internationale-de-valence-viu-innove-dans-la-formation-universitaire-en-stimulation-cognitive-avec-neuronup\/\" tabindex=\"-1\" aria-hidden=\"true\"><img decoding=\"async\" width=\"400\" height=\"224\" src=\"https:\/\/neuronup.com\/fr\/wp-content\/uploads\/2025\/09\/Como-la-Universidad-Internacional-de-Valencia-VIU-innova-en-la-formacion-universitaria-en-estimulacion-cognitiva-con-NeuronUP.webp\" class=\"entry-image size-landscape-sm\" alt=\"Fa\u00e7ade d&#039;une universit\u00e9 \u00e0 Valence avec des fen\u00eatres d\u00e9cor\u00e9es en orange et l&#039;enseigne VIU, \u00e9clairage naturel et architecture moderne.\" srcset=\"https:\/\/neuronup.com\/fr\/wp-content\/uploads\/2025\/09\/Como-la-Universidad-Internacional-de-Valencia-VIU-innova-en-la-formacion-universitaria-en-estimulacion-cognitiva-con-NeuronUP-300x168.webp 300w, https:\/\/neuronup.com\/fr\/wp-content\/uploads\/2025\/09\/Como-la-Universidad-Internacional-de-Valencia-VIU-innova-en-la-formacion-universitaria-en-estimulacion-cognitiva-con-NeuronUP-768x431.webp 768w, https:\/\/neuronup.com\/fr\/wp-content\/uploads\/2025\/09\/Como-la-Universidad-Internacional-de-Valencia-VIU-innova-en-la-formacion-universitaria-en-estimulacion-cognitiva-con-NeuronUP-1024x575.webp 1024w, https:\/\/neuronup.com\/fr\/wp-content\/uploads\/2025\/09\/Como-la-Universidad-Internacional-de-Valencia-VIU-innova-en-la-formacion-universitaria-en-estimulacion-cognitiva-con-NeuronUP.webp 1203w\" sizes=\"(max-width:599px) 599px, (min-width:600px) and (max-width: 799px) 799px, (min-width:800px) and (max-width: 999px) 333px, (min-width:1000px) 400px\" \/><\/a><div class=\"entry-wrap entry-wrap-grid\"><h3 class=\"entry-title\" itemprop=\"headline\"><a class=\"entry-title-link\" href=\"https:\/\/neuronup.com\/fr\/formation\/comme-luniversite-internationale-de-valence-viu-innove-dans-la-formation-universitaire-en-stimulation-cognitive-avec-neuronup\/\" rel=\"bookmark\">Comment l&rsquo;Universit\u00e9 Internationale de Valence (VIU) innove dans la formation universitaire en stimulation cognitive avec NeuronUP<\/a><\/h3>\n<\/div><\/article><article class=\"entry entry-grid is-column has-entry-link has-image has-image-first type-post category-avc tag-avc\" style=\"--entry-index:6;\" aria-label=\"AVC: d\u00e9finition, types, causes, sympt\u00f4mes et pr\u00e9vention\" itemscope itemtype=\"https:\/\/schema.org\/CreativeWork\"><a class=\"entry-image-link\" href=\"https:\/\/neuronup.com\/fr\/actualites-de-la-stimulation-cognitive\/lesions-cerebrales\/avc\/avc-definition-types-causes-symptomes-et-prevention\/\" tabindex=\"-1\" aria-hidden=\"true\"><img decoding=\"async\" width=\"400\" height=\"300\" src=\"https:\/\/neuronup.com\/fr\/wp-content\/uploads\/2024\/11\/AVC-definition-types-causes-symptomes-et-prevention-400x300.webp\" class=\"entry-image size-landscape-sm\" alt=\"Docteur en consultation tenant une tablette, arri\u00e8re-plan hospitalier et bandeau AVC en bas.\" srcset=\"https:\/\/neuronup.com\/fr\/wp-content\/uploads\/2024\/11\/AVC-definition-types-causes-symptomes-et-prevention-400x300.webp 400w, https:\/\/neuronup.com\/fr\/wp-content\/uploads\/2024\/11\/AVC-definition-types-causes-symptomes-et-prevention-800x600.webp 800w, https:\/\/neuronup.com\/fr\/wp-content\/uploads\/2024\/11\/AVC-definition-types-causes-symptomes-et-prevention-1200x900.webp 1200w\" sizes=\"(max-width:599px) 599px, (min-width:600px) and (max-width: 799px) 799px, (min-width:800px) and (max-width: 999px) 333px, (min-width:1000px) 400px\" \/><\/a><div class=\"entry-wrap entry-wrap-grid\"><h3 class=\"entry-title\" itemprop=\"headline\"><a class=\"entry-title-link\" href=\"https:\/\/neuronup.com\/fr\/actualites-de-la-stimulation-cognitive\/lesions-cerebrales\/avc\/avc-definition-types-causes-symptomes-et-prevention\/\" rel=\"bookmark\">AVC: d\u00e9finition, types, causes, sympt\u00f4mes et pr\u00e9vention<\/a><\/h3>\n<\/div><\/article><\/div><\/div>","protected":false},"excerpt":{"rendered":"<p>Aujourd&rsquo;hui, nous lan\u00e7ons une nouvelle fiche pour travailler l&rsquo;intelligence \u00e9motionnelle avec les enfants : Quelle photo va avec chaque mot&nbsp;? De plus, nous avons ajout\u00e9 une am\u00e9lioration \u00e0 l&rsquo;activit\u00e9 Copie les lettres gr\u00e2ce \u00e0 la suggestion d&rsquo;une cliente. Si hace un tiempo presentamos la ficha Qu\u2019est-ce qui arrive aux gens ? aujourd&rsquo;hui, c&rsquo;est au tour &hellip;<\/p>\n","protected":false},"author":7,"featured_media":14123,"comment_status":"open","ping_status":"open","sticky":false,"template":"","format":"standard","meta":{"_acf_changed":false,"_genesis_hide_title":false,"_genesis_hide_breadcrumbs":false,"_genesis_hide_singular_image":false,"_genesis_hide_footer_widgets":false,"_genesis_custom_body_class":"","_genesis_custom_post_class":"","_genesis_layout":"","footnotes":""},"categories":[547],"tags":[694,1071,997,620,636,1072],"class_list":{"2":"type-post","7":"category-activites-de-cognition-sociale","8":"tag-activites-de-stimulation-cognitive","9":"tag-activites-de-stimulation-cognitive-pour-enfants","10":"tag-actualites-de-neuronup","11":"tag-cognition-sociale","12":"tag-enfants","13":"tag-intelligence-emotionnelle","14":"entry"},"acf":[],"_links":{"self":[{"href":"https:\/\/neuronup.com\/fr\/wp-json\/wp\/v2\/posts\/14122","targetHints":{"allow":["GET"]}}],"collection":[{"href":"https:\/\/neuronup.com\/fr\/wp-json\/wp\/v2\/posts"}],"about":[{"href":"https:\/\/neuronup.com\/fr\/wp-json\/wp\/v2\/types\/post"}],"author":[{"embeddable":true,"href":"https:\/\/neuronup.com\/fr\/wp-json\/wp\/v2\/users\/7"}],"replies":[{"embeddable":true,"href":"https:\/\/neuronup.com\/fr\/wp-json\/wp\/v2\/comments?post=14122"}],"version-history":[{"count":0,"href":"https:\/\/neuronup.com\/fr\/wp-json\/wp\/v2\/posts\/14122\/revisions"}],"wp:featuredmedia":[{"embeddable":true,"href":"https:\/\/neuronup.com\/fr\/wp-json\/wp\/v2\/media\/14123"}],"wp:attachment":[{"href":"https:\/\/neuronup.com\/fr\/wp-json\/wp\/v2\/media?parent=14122"}],"wp:term":[{"taxonomy":"category","embeddable":true,"href":"https:\/\/neuronup.com\/fr\/wp-json\/wp\/v2\/categories?post=14122"},{"taxonomy":"post_tag","embeddable":true,"href":"https:\/\/neuronup.com\/fr\/wp-json\/wp\/v2\/tags?post=14122"}],"curies":[{"name":"wp","href":"https:\/\/api.w.org\/{rel}","templated":true}]}}