{"id":13882,"date":"2025-12-08T10:02:18","date_gmt":"2025-12-08T08:02:18","guid":{"rendered":"https:\/\/neuronup.com\/?p=13882"},"modified":"2026-01-29T17:37:54","modified_gmt":"2026-01-29T15:37:54","slug":"neuropsychologie-educative-intervention-psychoeducative-en-neurodeveloppement","status":"publish","type":"post","link":"https:\/\/neuronup.com\/fr\/formation\/neuronup-academie\/neuropsychologie-educative-intervention-psychoeducative-en-neurodeveloppement\/","title":{"rendered":"Neuropsychologie \u00e9ducative \u2013 Intervention psycho\u00e9ducative en neurod\u00e9veloppement"},"content":{"rendered":"\n<div class=\"wp-block-group\"><div class=\"wp-block-group__inner-container is-layout-flow wp-block-group-is-layout-flow\">\n<p class=\"has-text-align-center is-style-subheading has-primary-color has-text-color\">la psychologue \u00e9ducative Johana B. Arg\u00fceso ANIMERA LA CONF\u00c9RENCE <\/p>\n\n\n\n<p class=\"has-text-align-center is-style-subheading has-primary-color has-text-color\">GRATUITE ET EN LIGNE LE 07\/06 sur NeuronUP Academy<\/p>\n\n\n\n<p class=\"has-lg-font-size\">La psychologue \u00e9ducative <strong>Johana B. Arg\u00fceso<\/strong> donnera une conf\u00e9rence en ligne et gratuite sur NeuronUP Academy sur la <strong>Neuropsychologie \u00e9ducative &#8211; Intervention psycho\u00e9ducative en neurod\u00e9veloppement <\/strong>le mardi 7 juin 2022 \u00e0 19h (heure d&rsquo;Espagne). Nous vous attendons&nbsp;!<\/p>\n\n\n\n<p>Et n&rsquo;oubliez pas&nbsp;!<\/p>\n\n\n\n<p>1. <strong>Nous avons prolong\u00e9 le temps de la session de questions \u00e0 30 minutes<\/strong> afin qu&rsquo;aucune question ne reste sans r\u00e9ponse.<\/p>\n\n\n\n<p>2. Les clients de NeuronUP et les professionnels b\u00e9n\u00e9ficiant d&rsquo;un essai gratuit de NeuronUP et assistant \u00e0 la conf\u00e9rence en direct recevront un <strong>certificat de participation<\/strong> exclusif.<\/p>\n\n\n\n<hr class=\"wp-block-separator has-css-opacity is-style-wide has-xl-margin-top has-xl-margin-bottom\"\/>\n\n\n\n<p class=\"has-text-align-center\">Remplissez ce formulaire et cliquez sur &lsquo;INSCRIVEZ-VOUS maintenant&rsquo; pour pouvoir assister \u00e0 la conf\u00e9rence.<\/p>\n\n\n<span class=\"mai-icon mai-icon-arrow-circle-down\" style=\"display:block;text-align:center;--icon-margin:0px 0px 0px 0px;--icon-padding:0px;--icon-size:40px;--icon-color:var(--color-primary);--icon-border-radius:var(--border-radius);\"><span class=\"mai-icon-wrap\"><svg xmlns=\"http:\/\/www.w3.org\/2000\/svg\" viewbox=\"0 0 512 512\" width=\"40\" height=\"40\"><!-- Font Awesome Pro 5.15.4 by @fontawesome - https:\/\/fontawesome.com License - https:\/\/fontawesome.com\/license (Commercial License) --><path d=\"M256 8C119 8 8 119 8 256s111 248 248 248 248-111 248-248S393 8 256 8zm216 248c0 118.7-96.1 216-216 216-118.7 0-216-96.1-216-216 0-118.7 96.1-216 216-216 118.7 0 216 96.1 216 216zm-92.5-4.5l-6.9-6.9c-4.7-4.7-12.5-4.7-17.1.2L273 330.3V140c0-6.6-5.4-12-12-12h-10c-6.6 0-12 5.4-12 12v190.3l-82.5-85.6c-4.7-4.8-12.4-4.9-17.1-.2l-6.9 6.9c-4.7 4.7-4.7 12.3 0 17l115 115.1c4.7 4.7 12.3 4.7 17 0l115-115.1c4.7-4.6 4.7-12.2 0-16.9z\"><\/path><\/svg><\/span><\/span>\n\n\n<div class=\"wp-block-group has-xl-margin-top\"><div class=\"wp-block-group__inner-container is-layout-flow wp-block-group-is-layout-flow\">\n<div class=\"wp-block-columns is-layout-flex wp-container-core-columns-is-layout-9d6595d7 wp-block-columns-is-layout-flex\" id=\"formulario-clickmeeting\">\n<div class=\"wp-block-column is-layout-flow wp-block-column-is-layout-flow\">\n<script type=\"text\/javascript\" src=\"https:\/\/embed.clickmeeting.com\/embed_conference.html?r=177082186595931&amp;w=1024&amp;h=1700\"><\/script>\n<\/div>\n<\/div>\n<\/div><\/div>\n<\/div><\/div>\n\n\n\n<div style=\"height:62px\" aria-hidden=\"true\" class=\"wp-block-spacer\"><\/div>\n\n\n\n<div class=\"wp-block-group testimonial-block\"><div class=\"wp-block-group__inner-container is-layout-flow wp-block-group-is-layout-flow\">\n<h2 class=\"wp-block-heading has-text-align-center\" id=\"datos-de-la-ponencia\">D\u00e9tails de la conf\u00e9rence<\/h2>\n\n\n\n<div class=\"wp-block-columns is-layout-flex wp-container-core-columns-is-layout-9d6595d7 wp-block-columns-is-layout-flex\">\n<div class=\"wp-block-column is-layout-flow wp-block-column-is-layout-flow\">\n<p class=\"is-style-default\"><strong>Intervenante :<\/strong><\/p>\n\n\n\n<p class=\"is-style-default\">Johana B. Arg\u00fceso<\/p>\n\n\n\n<p class=\"is-style-default\"><strong>Titre de la conf\u00e9rence<\/strong> :<\/p>\n\n\n\n<p class=\"is-style-default\"><em>Neuropsychologie \u00e9ducative &#8211; Intervention psycho\u00e9ducative en neurod\u00e9veloppement<\/em><\/p>\n\n\n\n<p class=\"is-style-default\"><strong>Certificat de participation<\/strong><\/p>\n\n\n\n<p class=\"is-style-default\">Clients et professionnels b\u00e9n\u00e9ficiant d&rsquo;un essai gratuit.<\/p>\n<\/div>\n\n\n\n<div class=\"wp-block-column is-layout-flow wp-block-column-is-layout-flow\">\n<p class=\"is-style-default\"><strong>Date<\/strong> : Mardi 7 juin 2022.<\/p>\n\n\n\n<p class=\"is-style-default\"><strong>Horaires<\/strong> :<\/p>\n\n\n\n<ul class=\"wp-block-list\">\n<li><img decoding=\"async\" width=\"20\" src=\"https:\/\/neuronup.com\/wp-content\/uploads\/2025\/03\/bandera-mexico.svg\" alt=\"Mexique\"> Mexique : 12 h<\/li>\n\n\n\n<li><img decoding=\"async\" width=\"20\" src=\"https:\/\/neuronup.com\/wp-content\/uploads\/2025\/03\/bandera-colombia.svg\" alt=\"Colombie\"> Colombie : 12 h<\/li>\n\n\n\n<li><img decoding=\"async\" width=\"20\" src=\"https:\/\/neuronup.com\/wp-content\/uploads\/2025\/03\/bandera-chile.svg\" alt=\"Chili\"> Chili : 13 h<\/li>\n\n\n\n<li><img decoding=\"async\" width=\"20\" src=\"https:\/\/neuronup.com\/wp-content\/uploads\/2025\/03\/bandera-argentina.svg\" alt=\"Argentine\"> Argentine : 14 h<\/li>\n\n\n\n<li><img decoding=\"async\" width=\"20\" src=\"https:\/\/neuronup.com\/wp-content\/uploads\/2025\/03\/bandera-espana.svg\" alt=\"Espagne\"> Espagne : 19 h<\/li>\n<\/ul>\n<\/div>\n<\/div>\n<\/div><\/div>\n\n\n\n<div style=\"height:62px\" aria-hidden=\"true\" class=\"wp-block-spacer\"><\/div>\n\n\n<div class=\"wp-block-image\">\n<figure class=\"aligncenter size-large is-resized\"><img decoding=\"async\" width=\"1024\" height=\"1024\" src=\"https:\/\/neuronup.com\/wp-content\/uploads\/2022\/05\/00_johana-b-argueso-1024x1024.webp\" alt=\"{}\" class=\"wp-image-13883\" style=\"width:250px\" srcset=\"https:\/\/neuronup.com\/fr\/wp-content\/uploads\/2022\/05\/00_johana-b-argueso-24x24.webp 24w, https:\/\/neuronup.com\/fr\/wp-content\/uploads\/2022\/05\/00_johana-b-argueso-48x48.webp 48w, https:\/\/neuronup.com\/fr\/wp-content\/uploads\/2022\/05\/00_johana-b-argueso-96x96.webp 96w, https:\/\/neuronup.com\/fr\/wp-content\/uploads\/2022\/05\/00_johana-b-argueso-150x150.webp 150w, https:\/\/neuronup.com\/fr\/wp-content\/uploads\/2022\/05\/00_johana-b-argueso-300x300.webp 300w, https:\/\/neuronup.com\/fr\/wp-content\/uploads\/2022\/05\/00_johana-b-argueso-768x768.webp 768w, https:\/\/neuronup.com\/fr\/wp-content\/uploads\/2022\/05\/00_johana-b-argueso-1024x1024.webp 1024w, https:\/\/neuronup.com\/fr\/wp-content\/uploads\/2022\/05\/00_johana-b-argueso.webp 1080w\" sizes=\"(max-width: 1024px) 100vw, 1024px\" \/><\/figure>\n<\/div>\n\n\n<h2 class=\"wp-block-heading\" id=\"perfil-de-mateu-servera\">Profil de Johana B. Arg\u00fceso<\/h2>\n\n\n\n<p>Dipl\u00f4m\u00e9e en psychologie de l&rsquo;Universit\u00e9 Complutense de Madrid, sp\u00e9cialis\u00e9e en psychologie \u00e9ducative et psychologie sociale. Onze ans d&rsquo;exercice professionnel, avec les premiers stages dans un centre pluridisciplinaire pendant un an et demi (psychologie clinique, orthophonie, p\u00e9dagogie) avant la fin du cursus, et les premi\u00e8res ann\u00e9es dans le domaine psychosocio\u00e9ducatif afin de couvrir le plus possible le d\u00e9veloppement de l&rsquo;enfant et de l&rsquo;adolescent.<\/p>\n\n\n\n<p>En 2016, j&rsquo;ai ouvert mon propre <a rel=\"noreferrer noopener nofollow\" href=\"https:\/\/neuronup.com\/fr\/\" target=\"_blank\">Centre de psychologie \u00e9ducative<\/a> d\u00e9di\u00e9 sp\u00e9cifiquement aux difficult\u00e9s d&rsquo;apprentissage, aux troubles du neurod\u00e9veloppement et \u00e0 la haute efficience cognitive. Entre 2020 et 2021, j&rsquo;ai d\u00e9velopp\u00e9 un programme de neuropsychologie \u00e9ducative pour apprendre \u00e0 r\u00e9aliser des \u00e9valuations de qualit\u00e9, qui aboutit en 2022 \u00e0 l&rsquo;ouverture de la premi\u00e8re <a rel=\"noreferrer noopener nofollow\" href=\"https:\/\/neuronup.com\/fr\/\" target=\"_blank\">Acad\u00e9mie professionnelle de psychologie \u00e9ducative<\/a>.<\/p>\n\n\n\n<p><br>&nbsp;<br><\/p>\n\n\n\n<div class=\"wp-block-buttons is-horizontal is-content-justification-center is-layout-flex wp-container-core-buttons-is-layout-499968f5 wp-block-buttons-is-layout-flex\">\n<div class=\"wp-block-button\"><a class=\"wp-block-button__link button wp-element-button\" href=\"#formulario-clickmeeting\"> M&rsquo;inscrire \u00e0 la conf\u00e9rence <\/a><\/div>\n<\/div>\n\n\n\n<hr class=\"wp-block-separator has-css-opacity is-style-wide has-xxl-margin-top has-xxl-margin-bottom\"\/>\n\n\n\n<h2 class=\"wp-block-heading\" id=\"preguntas-frecuentes\">Questions fr\u00e9quentes <\/h2>\n\n\n\n<h3 class=\"wp-block-heading\" id=\"1-a-quien-va-dirigida-esta-ponencia\">1. \u00c0 qui s&rsquo;adresse cette conf\u00e9rence&nbsp;?<\/h3>\n\n\n\n<p>Cette conf\u00e9rence s&rsquo;adresse aux neuropsychologues, psychologues, neurologues, ergoth\u00e9rapeutes, orthophonistes et physioth\u00e9rapeutes, ainsi qu&rsquo;aux \u00e9tudiants du secteur de la neuror\u00e9habilitation.<\/p>\n\n\n\n<h3 class=\"wp-block-heading\" id=\"2-cuanto-vale-esta-ponencia\">2. Quel est le prix de cette conf\u00e9rence&nbsp;?<\/h3>\n\n\n\n<p>Cette conf\u00e9rence est <strong>totalement gratuite le jour de la diffusion.<\/strong> Par la suite, elle sera disponible uniquement pour les clients de NeuronUP sur la plateforme.<\/p>\n\n\n\n<h3 class=\"wp-block-heading\" id=\"3-donde-se-imparte-la-ponencia\">3. O\u00f9 se tient la conf\u00e9rence&nbsp;?<\/h3>\n\n\n\n<p>La conf\u00e9rence est <strong>en ligne<\/strong> et vous pouvez y acc\u00e9der de partout.<\/p>\n\n\n\n<h3 class=\"wp-block-heading\" id=\"4-cuanto-dura\">4. Quelle est la dur\u00e9e&nbsp;?<\/h3>\n\n\n\n<p>La conf\u00e9rence dure 1 heure.<\/p>\n\n\n\n<h3 class=\"wp-block-heading\" id=\"5-la-ponencia-es-en-directo\">5. La conf\u00e9rence est-elle en direct&nbsp;?<\/h3>\n\n\n\n<p>Nous enregistrons la conf\u00e9rence \u00e0 l&rsquo;avance pour garantir une qualit\u00e9 optimale et \u00e9viter d&rsquo;\u00e9ventuelles coupures li\u00e9es \u00e0 une mauvaise connexion. \u00c0 la fin de la conf\u00e9rence, <strong>l&rsquo;intervenante sera disponible EN DIRECT pendant 30 minutes pour r\u00e9pondre aux questions<\/strong>.<\/p>\n\n\n\n<h3 class=\"wp-block-heading\" id=\"6-hay-turno-de-preguntas\"><strong>6. Y a-t-il une session de questions&nbsp;?<\/strong><\/h3>\n\n\n\n<p>L&rsquo;intervenante r\u00e9pondra en direct aux questions pendant les 30 derni\u00e8res minutes. Si toutes les questions ne pouvaient \u00eatre trait\u00e9es, elle y r\u00e9pondra par \u00e9crit sur le blog de NeuronUP.<\/p>\n\n\n\n<hr class=\"wp-block-separator has-css-opacity is-style-wide has-xxl-margin-top has-xxl-margin-bottom\"\/>\n\n\n\n<h3 class=\"wp-block-heading\" id=\"recomendaciones-a-la-hora-de-asistir-a-la-ponencia\">Recommandations pour assister \u00e0 la conf\u00e9rence<\/h3>\n\n\n\n<ul class=\"wp-block-list\">\n<li><strong>Acc\u00e9dez depuis un ordinateur.<\/strong> Les personnes qui se connectent depuis un appareil mobile peuvent rencontrer des probl\u00e8mes pour visionner ou \u00e9couter la conf\u00e9rence en raison d&rsquo;un signal Wi-Fi insuffisant, nous recommandons donc d&rsquo;acc\u00e9der depuis un ordinateur de bureau ou portable.<\/li>\n\n\n\n<li><strong>Utiliser une connexion filaire<\/strong>, si possible plut\u00f4t que le Wi-Fi.<\/li>\n\n\n\n<li><strong>Effectuer un test de connexion avant de rejoindre la conf\u00e9rence.<\/strong> Cette option est disponible pour chaque utilisateur sur l&rsquo;\u00e9cran d&rsquo;accueil de l&rsquo;\u00e9v\u00e9nement.<\/li>\n<\/ul>\n\n\n\n<div class=\"wp-block-buttons is-horizontal is-content-justification-center is-layout-flex wp-container-core-buttons-is-layout-499968f5 wp-block-buttons-is-layout-flex\">\n<div class=\"wp-block-button\"><a class=\"wp-block-button__link button wp-element-button\" href=\"#formulario-clickmeeting\"> M&rsquo;inscrire \u00e0 la conf\u00e9rence <\/a><\/div>\n<\/div>\n\n\n\n<hr class=\"wp-block-separator has-css-opacity is-style-wide has-xxl-margin-top has-xxl-margin-bottom\"\/>\n\n\n\n<div class=\"wp-block-columns is-layout-flex wp-container-core-columns-is-layout-9d6595d7 wp-block-columns-is-layout-flex\">\n<div class=\"wp-block-column is-layout-flow wp-block-column-is-layout-flow\">\n<h2 class=\"wp-block-heading\" id=\"apuntate-a-la-newsletter-de-neuronup-academy\"><strong>Inscrivez-vous \u00e0 la newsletter de NeuronUP Academy<\/strong><\/h2>\n\n\n\n<p class=\"is-style-default\">Nous vous informerons de toutes les conf\u00e9rences directement dans votre bo\u00eete mail.<\/p>\n\n\n<div class=\"wp-block-image\">\n<figure class=\"aligncenter size-full is-resized\"><img decoding=\"async\" src=\"https:\/\/neuronup.com\/wp-content\/uploads\/2021\/12\/neuronin-academy_NW.webp\" alt=\"\" class=\"wp-image-8515\" style=\"width:375px;height:301px\"\/><\/figure>\n<\/div><\/div>\n\n\n\n<div class=\"wp-block-column testimonial-block is-layout-flow wp-block-column-is-layout-flow\">\n<div class=\"hs-form-frame\" data-region=\"eu1\" data-form-id=\"17a7fd0a-be91-403c-af28-38ac1e0eb281\" data-portal-id=\"143501970\"><\/div>\n<\/div>\n<\/div>\n\n\n<div class=\"mai-grid entries entries-grid has-boxed has-image-full\" style=\"--entry-title-font-size:var(--font-size-lg);--align-text:start;--entry-meta-text-align:start;\"><div class=\"entries-wrap has-columns\" style=\"--columns-xs:1\/1;--columns-sm:1\/1;--columns-md:1\/3;--columns-lg:1\/3;--flex-xs:0 0 var(--flex-basis);--flex-sm:0 0 var(--flex-basis);--flex-md:0 0 var(--flex-basis);--flex-lg:0 0 var(--flex-basis);--column-gap:var(--spacing-lg);--row-gap:var(--spacing-lg);--align-columns:start;\"><article class=\"entry entry-grid is-column has-entry-link has-image has-image-first type-post category-nouveautes-neuronup tag-intelligence-artificielle tag-reeducation-cognitive\" style=\"--entry-index:1;\" aria-label=\"Intelligence artificielle et r\u00e9\u00e9ducation cognitive : l\u2019avenir de la neuropsychologie\" itemscope itemtype=\"https:\/\/schema.org\/CreativeWork\"><a class=\"entry-image-link\" href=\"https:\/\/neuronup.com\/fr\/nouveautes-neuronup\/intelligence-artificielle-et-reeducation-cognitive-lavenir-de-la-neuropsychologie\/\" tabindex=\"-1\" aria-hidden=\"true\"><img decoding=\"async\" width=\"400\" height=\"300\" src=\"https:\/\/neuronup.com\/fr\/wp-content\/uploads\/2025\/03\/Integration-de-lintelligence-artificielle-dans-la-reeducation-cognitive-lavenir-de-la-neuropsychologie-400x300.webp\" class=\"entry-image size-landscape-sm\" alt=\"Design futuriste avec une puce \u00e9lectronique et un cerveau stylis\u00e9, \u00e9voquant l\u2019IA et la r\u00e9\u00e9ducation cognitive.\" srcset=\"https:\/\/neuronup.com\/fr\/wp-content\/uploads\/2025\/03\/Integration-de-lintelligence-artificielle-dans-la-reeducation-cognitive-lavenir-de-la-neuropsychologie-400x300.webp 400w, https:\/\/neuronup.com\/fr\/wp-content\/uploads\/2025\/03\/Integration-de-lintelligence-artificielle-dans-la-reeducation-cognitive-lavenir-de-la-neuropsychologie-800x600.webp 800w\" sizes=\"(max-width:599px) 599px, (min-width:600px) and (max-width: 799px) 799px, (min-width:800px) and (max-width: 999px) 333px, (min-width:1000px) 400px\" \/><\/a><div class=\"entry-wrap entry-wrap-grid\"><h3 class=\"entry-title\" itemprop=\"headline\"><a class=\"entry-title-link\" href=\"https:\/\/neuronup.com\/fr\/nouveautes-neuronup\/intelligence-artificielle-et-reeducation-cognitive-lavenir-de-la-neuropsychologie\/\" rel=\"bookmark\">Intelligence artificielle et r\u00e9\u00e9ducation cognitive : l\u2019avenir de la neuropsychologie<\/a><\/h3>\n<\/div><\/article><article class=\"entry entry-grid is-column has-entry-link has-image has-image-first type-post category-activites-de-neuro-reeducation tag-schema-corporel tag-stimulation-cognitive\" style=\"--entry-index:2;\" aria-label=\"Nouvelle activit\u00e9 imprimable pour les adultes : Formation de visages\" itemscope itemtype=\"https:\/\/schema.org\/CreativeWork\"><a class=\"entry-image-link\" href=\"https:\/\/neuronup.com\/fr\/activites-de-neuro-reeducation\/nouvelle-activite-imprimable-pour-les-adultes-formation-de-visages\/\" tabindex=\"-1\" aria-hidden=\"true\"><img decoding=\"async\" width=\"400\" height=\"300\" src=\"https:\/\/neuronup.com\/fr\/wp-content\/uploads\/2025\/01\/Captura-de-pantalla-2025-01-30-103143-1-1-400x300.webp\" class=\"entry-image size-landscape-sm\" alt=\"Grille 3x3 montrant neuf segments de visages partiellement flout\u00e9s, avec focus sur les yeux, nez et bouche.\" srcset=\"https:\/\/neuronup.com\/fr\/wp-content\/uploads\/2025\/01\/Captura-de-pantalla-2025-01-30-103143-1-1-400x300.webp 400w, https:\/\/neuronup.com\/fr\/wp-content\/uploads\/2025\/01\/Captura-de-pantalla-2025-01-30-103143-1-1-800x600.webp 800w\" sizes=\"(max-width:599px) 599px, (min-width:600px) and (max-width: 799px) 799px, (min-width:800px) and (max-width: 999px) 333px, (min-width:1000px) 400px\" \/><\/a><div class=\"entry-wrap entry-wrap-grid\"><h3 class=\"entry-title\" itemprop=\"headline\"><a class=\"entry-title-link\" href=\"https:\/\/neuronup.com\/fr\/activites-de-neuro-reeducation\/nouvelle-activite-imprimable-pour-les-adultes-formation-de-visages\/\" rel=\"bookmark\">Nouvelle activit\u00e9 imprimable pour les adultes : Formation de visages<\/a><\/h3>\n<\/div><\/article><article class=\"entry entry-grid is-column has-entry-link has-image has-image-first type-post category-lignes-de-recherche tag-attention tag-cerveau\" style=\"--entry-index:3;\" aria-label=\"Br\u00e8ves exposition des bases anatomiques de l&#8217;attention\" itemscope itemtype=\"https:\/\/schema.org\/CreativeWork\"><a class=\"entry-image-link\" href=\"https:\/\/neuronup.com\/fr\/investigation\/lignes-de-recherche\/breves-exposition-des-bases-anatomiques-de-lattention\/\" tabindex=\"-1\" aria-hidden=\"true\"><img decoding=\"async\" width=\"400\" height=\"300\" src=\"https:\/\/neuronup.com\/fr\/wp-content\/uploads\/2024\/11\/depositphotos_21456355-stock-photo-brain-3d-illustration-400x300.webp\" class=\"entry-image size-landscape-sm\" alt=\"Profil de t\u00eate humaine stylis\u00e9 en bleu montrant un cerveau bleu avec zones orange et un motif de circuit imprim\u00e9 en arri\u00e8re-plan.\" \/><\/a><div class=\"entry-wrap entry-wrap-grid\"><h3 class=\"entry-title\" itemprop=\"headline\"><a class=\"entry-title-link\" href=\"https:\/\/neuronup.com\/fr\/investigation\/lignes-de-recherche\/breves-exposition-des-bases-anatomiques-de-lattention\/\" rel=\"bookmark\">Br\u00e8ves exposition des bases anatomiques de l&#8217;attention<\/a><\/h3>\n<\/div><\/article><article class=\"entry entry-grid is-column has-entry-link has-image has-image-first type-post category-maladies-neurodegeneratives tag-demence tag-maladies-neurodegeneratives\" style=\"--entry-index:4;\" aria-label=\"Comprendre la d\u00e9mence frontotemporale: l&#8217;importance de la psycho\u00e9ducation pour les membres de la famille\" itemscope itemtype=\"https:\/\/schema.org\/CreativeWork\"><a class=\"entry-image-link\" href=\"https:\/\/neuronup.com\/fr\/actualites-de-la-stimulation-cognitive\/maladies-neurodegeneratives\/comprendre-la-demence-frontotemporale-limportance-de-la-psychoeducation-pour-les-membres-de-la-famille\/\" tabindex=\"-1\" aria-hidden=\"true\"><img decoding=\"async\" width=\"400\" height=\"300\" src=\"https:\/\/neuronup.com\/fr\/wp-content\/uploads\/2024\/11\/Comprendre-la-demence-frontotemporale-limportance-de-la-psychoeducation-pour-les-membres-de-la-famille-400x300.webp\" class=\"entry-image size-landscape-sm\" alt=\"Femme \u00e2g\u00e9e assise \u00e0 une table, regard pensif pr\u00e8s d&#039;une fen\u00eatre; ambiance calme et introspective.\" srcset=\"https:\/\/neuronup.com\/fr\/wp-content\/uploads\/2024\/11\/Comprendre-la-demence-frontotemporale-limportance-de-la-psychoeducation-pour-les-membres-de-la-famille-400x300.webp 400w, https:\/\/neuronup.com\/fr\/wp-content\/uploads\/2024\/11\/Comprendre-la-demence-frontotemporale-limportance-de-la-psychoeducation-pour-les-membres-de-la-famille-800x600.webp 800w\" sizes=\"(max-width:599px) 599px, (min-width:600px) and (max-width: 799px) 799px, (min-width:800px) and (max-width: 999px) 333px, (min-width:1000px) 400px\" \/><\/a><div class=\"entry-wrap entry-wrap-grid\"><h3 class=\"entry-title\" itemprop=\"headline\"><a class=\"entry-title-link\" href=\"https:\/\/neuronup.com\/fr\/actualites-de-la-stimulation-cognitive\/maladies-neurodegeneratives\/comprendre-la-demence-frontotemporale-limportance-de-la-psychoeducation-pour-les-membres-de-la-famille\/\" rel=\"bookmark\">Comprendre la d\u00e9mence frontotemporale: l&#8217;importance de la psycho\u00e9ducation pour les membres de la famille<\/a><\/h3>\n<\/div><\/article><article class=\"entry entry-grid is-column has-entry-link has-image has-image-first type-post category-trisomie-21 tag-deficience-intellectuelle tag-temoignages tag-trisomie-21\" style=\"--entry-index:5;\" aria-label=\"Travailler avec des personnes atteintes de Trisomie 21 par groupes d&#8217;\u00e2ge\" itemscope itemtype=\"https:\/\/schema.org\/CreativeWork\"><a class=\"entry-image-link\" href=\"https:\/\/neuronup.com\/fr\/actualites-de-la-stimulation-cognitive\/deficience-intellectuelle\/trisomie-21\/travailler-avec-des-personnes-atteintes-de-trisomie-21-par-groupes-dage\/\" tabindex=\"-1\" aria-hidden=\"true\"><img decoding=\"async\" width=\"400\" height=\"300\" src=\"https:\/\/neuronup.com\/fr\/wp-content\/uploads\/2024\/11\/Travailler-avec-des-personnes-atteintes-du-syndrome-de-Down-par-groupes-dage4-2-400x300.webp\" class=\"entry-image size-landscape-sm\" alt=\"Groupe d\u2019individus atteints du syndrome de Down, r\u00e9partis par \u00e2ge, engag\u00e9s dans une activit\u00e9 p\u00e9dagogique encadr\u00e9e avec NeuronUP.\" srcset=\"https:\/\/neuronup.com\/fr\/wp-content\/uploads\/2024\/11\/Travailler-avec-des-personnes-atteintes-du-syndrome-de-Down-par-groupes-dage4-2-300x225.webp 300w, https:\/\/neuronup.com\/fr\/wp-content\/uploads\/2024\/11\/Travailler-avec-des-personnes-atteintes-du-syndrome-de-Down-par-groupes-dage4-2-400x300.webp 400w, https:\/\/neuronup.com\/fr\/wp-content\/uploads\/2024\/11\/Travailler-avec-des-personnes-atteintes-du-syndrome-de-Down-par-groupes-dage4-2-768x576.webp 768w, https:\/\/neuronup.com\/fr\/wp-content\/uploads\/2024\/11\/Travailler-avec-des-personnes-atteintes-du-syndrome-de-Down-par-groupes-dage4-2-800x600.webp 800w, https:\/\/neuronup.com\/fr\/wp-content\/uploads\/2024\/11\/Travailler-avec-des-personnes-atteintes-du-syndrome-de-Down-par-groupes-dage4-2-1024x768.webp 1024w, https:\/\/neuronup.com\/fr\/wp-content\/uploads\/2024\/11\/Travailler-avec-des-personnes-atteintes-du-syndrome-de-Down-par-groupes-dage4-2.webp 1200w\" sizes=\"(max-width:599px) 599px, (min-width:600px) and (max-width: 799px) 799px, (min-width:800px) and (max-width: 999px) 333px, (min-width:1000px) 400px\" \/><\/a><div class=\"entry-wrap entry-wrap-grid\"><h3 class=\"entry-title\" itemprop=\"headline\"><a class=\"entry-title-link\" href=\"https:\/\/neuronup.com\/fr\/actualites-de-la-stimulation-cognitive\/deficience-intellectuelle\/trisomie-21\/travailler-avec-des-personnes-atteintes-de-trisomie-21-par-groupes-dage\/\" rel=\"bookmark\">Travailler avec des personnes atteintes de Trisomie 21 par groupes d&#8217;\u00e2ge<\/a><\/h3>\n<\/div><\/article><article class=\"entry entry-grid is-column has-entry-link has-image has-image-first type-post category-neuropsychologie-et-informations tag-activites-de-stimulation-cognitive tag-attention tag-reeducation-cognitive tag-stimulation-cognitive\" style=\"--entry-index:6;\" aria-label=\"Quelles fonctions cognitives met-on en jeu avec Pac-Man ?\" itemscope itemtype=\"https:\/\/schema.org\/CreativeWork\"><a class=\"entry-image-link\" href=\"https:\/\/neuronup.com\/fr\/neurosciences\/neuropsychologie-et-informations\/fonctions-cognitives-utilisees-avec-le-pac-man\/\" tabindex=\"-1\" aria-hidden=\"true\"><img decoding=\"async\" width=\"400\" height=\"181\" src=\"https:\/\/neuronup.com\/fr\/wp-content\/uploads\/2024\/09\/Funciones-cognitivas-en-el-Pac-man.webp\" class=\"entry-image size-landscape-sm\" alt=\"Illustration n\u00e9on r\u00e9tro inspir\u00e9e de Pac-Man: briques en arri\u00e8re-plan, console de jeu n\u00e9on, avec PLAY ZONE et VS, ambiance arcade.\" srcset=\"https:\/\/neuronup.com\/fr\/wp-content\/uploads\/2024\/09\/Funciones-cognitivas-en-el-Pac-man-300x135.webp 300w, https:\/\/neuronup.com\/fr\/wp-content\/uploads\/2024\/09\/Funciones-cognitivas-en-el-Pac-man-768x347.webp 768w, https:\/\/neuronup.com\/fr\/wp-content\/uploads\/2024\/09\/Funciones-cognitivas-en-el-Pac-man-1024x462.webp 1024w, https:\/\/neuronup.com\/fr\/wp-content\/uploads\/2024\/09\/Funciones-cognitivas-en-el-Pac-man.webp 1500w\" sizes=\"(max-width:599px) 599px, (min-width:600px) and (max-width: 799px) 799px, (min-width:800px) and (max-width: 999px) 333px, (min-width:1000px) 400px\" \/><\/a><div class=\"entry-wrap entry-wrap-grid\"><h3 class=\"entry-title\" itemprop=\"headline\"><a class=\"entry-title-link\" href=\"https:\/\/neuronup.com\/fr\/neurosciences\/neuropsychologie-et-informations\/fonctions-cognitives-utilisees-avec-le-pac-man\/\" rel=\"bookmark\">Quelles fonctions cognitives met-on en jeu avec Pac-Man ?<\/a><\/h3>\n<\/div><\/article><\/div><\/div>","protected":false},"excerpt":{"rendered":"<p>la psychologue \u00e9ducative Johana B. Arg\u00fceso ANIMERA LA CONF\u00c9RENCE GRATUITE ET EN LIGNE LE 07\/06 sur NeuronUP Academy La psychologue \u00e9ducative Johana B. Arg\u00fceso donnera une conf\u00e9rence en ligne et gratuite sur NeuronUP Academy sur la Neuropsychologie \u00e9ducative &#8211; Intervention psycho\u00e9ducative en neurod\u00e9veloppement le mardi 7 juin 2022 \u00e0 19h (heure d&rsquo;Espagne). Nous vous attendons&nbsp;! &hellip;<\/p>\n","protected":false},"author":7,"featured_media":22840,"comment_status":"open","ping_status":"open","sticky":false,"template":"","format":"standard","meta":{"_acf_changed":false,"_genesis_hide_title":false,"_genesis_hide_breadcrumbs":false,"_genesis_hide_singular_image":false,"_genesis_hide_footer_widgets":false,"_genesis_custom_body_class":"","_genesis_custom_post_class":"","_genesis_layout":"","footnotes":""},"categories":[597],"tags":[1066,669,1067,649,1062],"class_list":{"2":"type-post","7":"category-neuronup-academie","8":"tag-academie-neuronup","9":"tag-neuropsychologie","10":"tag-presentation-de-lacademie-neuronup","11":"tag-tdah","12":"tag-troubles-du-neurodeveloppement","13":"entry"},"acf":[],"_links":{"self":[{"href":"https:\/\/neuronup.com\/fr\/wp-json\/wp\/v2\/posts\/13882","targetHints":{"allow":["GET"]}}],"collection":[{"href":"https:\/\/neuronup.com\/fr\/wp-json\/wp\/v2\/posts"}],"about":[{"href":"https:\/\/neuronup.com\/fr\/wp-json\/wp\/v2\/types\/post"}],"author":[{"embeddable":true,"href":"https:\/\/neuronup.com\/fr\/wp-json\/wp\/v2\/users\/7"}],"replies":[{"embeddable":true,"href":"https:\/\/neuronup.com\/fr\/wp-json\/wp\/v2\/comments?post=13882"}],"version-history":[{"count":0,"href":"https:\/\/neuronup.com\/fr\/wp-json\/wp\/v2\/posts\/13882\/revisions"}],"wp:featuredmedia":[{"embeddable":true,"href":"https:\/\/neuronup.com\/fr\/wp-json\/wp\/v2\/media\/22840"}],"wp:attachment":[{"href":"https:\/\/neuronup.com\/fr\/wp-json\/wp\/v2\/media?parent=13882"}],"wp:term":[{"taxonomy":"category","embeddable":true,"href":"https:\/\/neuronup.com\/fr\/wp-json\/wp\/v2\/categories?post=13882"},{"taxonomy":"post_tag","embeddable":true,"href":"https:\/\/neuronup.com\/fr\/wp-json\/wp\/v2\/tags?post=13882"}],"curies":[{"name":"wp","href":"https:\/\/api.w.org\/{rel}","templated":true}]}}