{"id":13458,"date":"2025-12-06T10:02:18","date_gmt":"2025-12-06T08:02:18","guid":{"rendered":"https:\/\/neuronup.com\/?p=13458"},"modified":"2025-06-06T00:24:39","modified_gmt":"2025-06-05T22:24:39","slug":"evaluation-neuropsychologique-chez-les-enfants-atteints-de-tdah-en-repondant-aux-questions","status":"publish","type":"post","link":"https:\/\/neuronup.com\/fr\/formation\/neuronup-academie\/evaluation-neuropsychologique-chez-les-enfants-atteints-de-tdah-en-repondant-aux-questions\/","title":{"rendered":"\u00c9valuation neuropsychologique chez les enfants atteints de TDAH &#8211; R\u00e9pondre aux questions"},"content":{"rendered":"\n<p>Le professeur de psychologie Mateu Servera r\u00e9pond aux questions en suspens concernant son intervention sur l&rsquo;\u00e9valuation neuropsychologique des enfants avec <strong>TDAH<\/strong> qui a eu lieu le 24 mars 2022.<\/p>\n\n\n\n<h2 class=\"wp-block-heading\">Intervention sur l&rsquo;\u00e9valuation neuropsychologique des enfants avec TDAH<\/h2>\n\n\n\n<p>Le professeur universitaire Mateu Servera a donn\u00e9 une conf\u00e9rence en ligne gratuite sur <strong>NeuronUP Academy<\/strong> portant sur l&rsquo;\u00e9valuation neuropsychologique des enfants avec TDAH. Son enseignement porte sur la psychopathologie ainsi que sur l&rsquo;\u00e9valuation et l&rsquo;intervention dans les troubles du comportement infantile. Son domaine de recherche s&rsquo;est concentr\u00e9 sur le <strong>trouble du d\u00e9ficit de l&rsquo;attention avec hyperactivit\u00e9<\/strong> (TDAH), et plus sp\u00e9cifiquement sur le Tempo Cognitif Lent (TCL).<\/p>\n\n\n\n<p>\u00c0 la fin de la conf\u00e9rence, une session de questions en direct a \u00e9t\u00e9 ouverte. Cependant, certaines sont rest\u00e9es en suspens, auxquelles nous r\u00e9pondrons ci-apr\u00e8s&nbsp;:<\/p>\n\n\n\n<h3 class=\"wp-block-heading\">Questions sur la conf\u00e9rence<\/h3>\n\n\n\n<h4 class=\"wp-block-heading\">1. Paz Fern\u00e1ndez&nbsp;:<\/h4>\n\n\n\n<ul class=\"wp-block-list\"><li><em>Question&nbsp;:<\/em><\/li><\/ul>\n\n\n\n<p>En appliquant les tests du <strong>paradigme de vigilance<\/strong> et ceux du <strong>paradigme d&rsquo;ex\u00e9cution continue<\/strong>, dans lequel des deux est-il pr\u00e9visible que les enfants avec TDAH aient les performances les plus faibles&nbsp;?<\/p>\n\n\n\n<ul class=\"wp-block-list\"><li><em>R\u00e9ponse&nbsp;:<\/em><\/li><\/ul>\n\n\n\n<p>En appliquant les tests d&rsquo;attention et si l&rsquo;on compare les deux styles que nous utilisons le plus \u2013 paradigme de vigilance et ex\u00e9cution continue \u2013, <strong>c&rsquo;est dans la vigilance qu&rsquo;ils devraient pr\u00e9senter le plus de difficult\u00e9s<\/strong>.<\/p>\n\n\n\n<p>G\u00e9n\u00e9ralement, dans le paradigme de vigilance, ils ont davantage de difficult\u00e9s que dans l&rsquo;ex\u00e9cution continue. Il faut \u00e9galement pr\u00e9ciser que la diff\u00e9rence r\u00e9side moins dans les performances (r\u00e9sultat final ou capacit\u00e9 attentionnelle) que dans la variabilit\u00e9 du temps de r\u00e9action. C&rsquo;est la mesure cl\u00e9 chez les enfants avec TDAH.<\/p>\n\n\n\n<p>Une augmentation de la variabilit\u00e9 au-del\u00e0 de la norme \u2013 c&rsquo;est-\u00e0-dire qu&rsquo;ils sont parfois tr\u00e8s focalis\u00e9s et semblent rapides, puis \u00e0 d&rsquo;autres moments compl\u00e8tement hors t\u00e2che \u2013 la variabilit\u00e9 du temps de r\u00e9action d\u00e9tecte g\u00e9n\u00e9ralement mieux les difficult\u00e9s que le r\u00e9sultat final. Toutefois, on s&rsquo;attendrait \u00e0 observer comparativement plus de probl\u00e8mes dans la vigilance que dans l&rsquo;ex\u00e9cution continue.<\/p>\n\n\n\n<h4 class=\"wp-block-heading\">2. Cynthia Canales&nbsp;:<\/h4>\n\n\n\n<ul class=\"wp-block-list\"><li><em>Question&nbsp;:<\/em><\/li><\/ul>\n\n\n\n<p>Je travaille avec des enfants \u00e0 <strong>Haut Potentiel<\/strong>, j&rsquo;applique r\u00e9guli\u00e8rement le WISC-V et j&rsquo;ai souvent constat\u00e9 des plaintes de parents et d&rsquo;enseignants concernant un TDAH. Pourtant, soit les r\u00e9sultats sont dans la norme, soit en cas de l\u00e9ger d\u00e9clin on observe souvent une baisse de l&rsquo;<strong>indice de m\u00e9moire de travail<\/strong> et de la <strong>vitesse de traitement<\/strong>. On sait que ces enfants d\u00e9pendent beaucoup de l&rsquo;int\u00e9r\u00eat ou de la motivation que suscite la t\u00e2che. Par exemple, pour des tests plus r\u00e9p\u00e9titifs, ils tendent \u00e0 s&rsquo;investir moins. Quelle serait la cl\u00e9 pour d\u00e9tecter le TDAH dans cette population&nbsp;?<\/p>\n\n\n\n<ul class=\"wp-block-list\"><li><em>R\u00e9ponse&nbsp;:<\/em><\/li><\/ul>\n\n\n\n<p><strong>Les tests comme le WISC-V ne seraient peut-\u00eatre pas le meilleur indicateur pour d\u00e9tecter le TDAH<\/strong>. En effet, leurs performances sont g\u00e9n\u00e9ralement \u00e9lev\u00e9es sur presque toutes les mesures. En r\u00e8gle g\u00e9n\u00e9rale, lorsqu&rsquo;il y a une tendance \u00e0 un faible indice de m\u00e9moire de travail et de vitesse de traitement, la cl\u00e9 r\u00e9side dans la m\u00e9moire de travail. <br \/>Chez les Hauts Potentiels, les diff\u00e9rences sont g\u00e9n\u00e9ralement beaucoup plus faibles et sont donc plus difficiles \u00e0 d\u00e9tecter. Par cons\u00e9quent, le WISC-V ne serait pas le meilleur test d\u2019\u00e9valuation, car ils peuvent le r\u00e9ussir ou obtenir des scores \u00e9lev\u00e9s dans toutes les \u00e9chelles.<\/p>\n\n\n\n<p>Pour moi, chez ces enfants <strong>la cl\u00e9 est davantage clinique<\/strong>, c&rsquo;est-\u00e0-dire v\u00e9rifier si leurs troubles de l\u2019attention, leur impulsivit\u00e9 et leur hyperactivit\u00e9 motrice sont tr\u00e8s en dehors de la norme, et ne peuvent pas \u00eatre expliqu\u00e9s par un manque de motivation \u00e9tant donn\u00e9 leur haut potentiel en classe. Souvent, pour les probl\u00e8mes de conduite assimil\u00e9s au TDAH, il faut \u00eatre certain qu\u2019ils ne font pas partie de leur propre profil comportemental.<\/p>\n\n\n\n<h4 class=\"wp-block-heading\">3. In\u00e9s Ferreira&nbsp;:<\/h4>\n\n\n\n<ul class=\"wp-block-list\"><li><em>Question&nbsp;:<\/em><\/li><\/ul>\n\n\n\n<p>Dans quelle mesure les <strong>troubles attentionnels<\/strong> invalident-ils les tests mesurant le QI, c&rsquo;est-\u00e0-dire des QI bas ou limites qui seraient davantage dus aux difficult\u00e9s de l\u2019enfant lors de la passation&nbsp;? Dans ce cas, quel test serait le moins sensible \u00e0 ce ph\u00e9nom\u00e8ne&nbsp;?<\/p>\n\n\n\n<ul class=\"wp-block-list\"><li><em>R\u00e9ponse&nbsp;:<\/em><\/li><\/ul>\n\n\n\n<p>Effectivement, les troubles d\u2019attention focalis\u00e9e de ces enfants affectent leur QI global. Cependant, il faut diff\u00e9rencier : chez les enfants avec TDAH, leur QI global devrait \u00eatre l\u00e9g\u00e8rement bas, mais dans la norme (entre 90 et 97 environ). Ainsi, le trouble attentionnel ne devrait pas aller jusqu\u2019\u00e0 invalider le test et provoquer un QI limite ou bas. S&rsquo;ils pr\u00e9sentent un QI tr\u00e8s bas, on doutera que tout soit li\u00e9 au TDAH et l\u2019on se demandera si cet enfant n\u2019a pas de faibles <strong>capacit\u00e9s cognitives<\/strong> relevant davantage de ce domaine.<\/p>\n\n\n\n<p>\u00c0 l\u2019heure actuelle, bien que le double diagnostic entre <strong>d\u00e9ficience intellectuelle<\/strong> et TDAH soit autoris\u00e9, je fais partie du groupe de cliniciens qui ne sont pas tr\u00e8s favorables \u00e0 cette approche. Pour moi, ce qui pr\u00e9vaut dans ce diagnostic, c\u2019est la d\u00e9ficience intellectuelle, car il est important de souligner que les enfants avec d\u00e9ficience intellectuelle pr\u00e9sentent aussi des troubles de l\u2019attention et d\u2019impulsivit\u00e9. Par cons\u00e9quent, je le concevrais de cette fa\u00e7on.<\/p>\n\n\n\n<h4 class=\"wp-block-heading\">4. Emma Morales&nbsp;:<\/h4>\n\n\n\n<ul class=\"wp-block-list\"><li><em>Question&nbsp;:<\/em><\/li><\/ul>\n\n\n\n<p>Lorsqu\u2019il existe un diagnostic principal tel que le Trouble du Spectre de l\u2019Autisme, quels aspects doit-on prendre en compte pour suspecter une <strong>comorbidit\u00e9<\/strong> avec le TDAH&nbsp;?<\/p>\n\n\n\n<ul class=\"wp-block-list\"><li><em>R\u00e9ponse&nbsp;:<\/em><\/li><\/ul>\n\n\n\n<p><strong>Un double diagnostic TSA et TDAH est tr\u00e8s fr\u00e9quent<\/strong>. S\u2019ils coexistent, pour moi le TSA pr\u00e9vaut, car c\u2019est un trouble qui peut engendrer davantage de difficult\u00e9s pour l\u2019enfant avec TDAH, notamment au niveau social, \u00e9motionnel et de la communication.<\/p>\n\n\n\n<p>De m\u00eame, la majorit\u00e9 des enfants avec TSA pr\u00e9sentent des probl\u00e8mes d\u2019inattention et d\u2019impulsivit\u00e9. Le double diagnostic serait pertinent en cas de TSA l\u00e9ger, car il permettrait de travailler avec l\u2019enfant \u00e0 la fois sur le plan pharmacologique et sur le plan psycho\u00e9ducatif.<\/p>\n\n\n\n<p>Mais en dehors de ce cas, en particulier pour le TSA classique, je ne pense pas que le double diagnostic apporte grand-chose simplement parce qu\u2019il y ait des comportements de TDAH.<\/p>\n\n\n\n<h4 class=\"wp-block-heading\">5. Antonia Garc\u00eda Jim\u00e9nez&nbsp;:<\/h4>\n\n\n\n<ul class=\"wp-block-list\"><li><em>Question&nbsp;:<\/em><\/li><\/ul>\n\n\n\n<p>Comment doit se d\u00e9rouler ce <strong>premier contact<\/strong> avec un enfant suspect\u00e9 de TDAH lors d\u2019une \u00e9valuation neuropsychologique&nbsp;? Faut-il suivre certains protocoles la premi\u00e8re fois qu\u2019il vient en consultation&nbsp;?<\/p>\n\n\n\n<ul class=\"wp-block-list\"><li><em>R\u00e9ponse&nbsp;:<\/em><\/li><\/ul>\n\n\n\n<p>Nous sommes dans une unit\u00e9 o\u00f9 les enfants sont d\u00e9j\u00e0 adress\u00e9s avec des <strong>suspicions de TDAH<\/strong> et les parents savent pourquoi ils viennent, mais pas les enfants. Une question qu\u2019on pose souvent \u00e0 l\u2019enfant avant de commencer est : \u00ab Sais-tu pourquoi tu es ici ? \u00bb<\/p>\n\n\n\n<p>Les r\u00e9ponses sont vari\u00e9es. L\u2019une des plus douloureuses que j\u2019aie entendues venait d\u2019un enfant de 7 ans qui m\u2019a dit : \u00ab Je suis ici parce que je suis b\u00eate. \u00bb C\u2019\u00e9tait tr\u00e8s dur, sachant que c\u2019est un enfant habitu\u00e9 \u00e0 l\u2019\u00e9chec scolaire, aux remontrances, aux punitions, etc. \u00c0 force de passer d\u2019une \u00e9valuation \u00e0 l\u2019autre, il en a d\u00e9duit qu\u2019il \u00e9tait b\u00eate. Pour cette raison, il est \u043e\u0447\u0435\u043d\u044cImportant d\u2019expliquer \u00e0 ces enfants qu\u2019ils ne sont ni b\u00eates ni \u00ab bizarres \u00bb, qu\u2019ils fonctionnent simplement diff\u00e9remment et que nous avons tous des modes de fonctionnement divers. Il faut aborder la question sous cet angle. Il existe plusieurs contes sur le TDAH qui servent \u00e0 introduire ces enfants \u00e0 leur \u00e9ventuel probl\u00e8me, mais il faut absolument \u00e9viter toute r\u00e9f\u00e9rence avec le terme handicap, trouble ou tout autre mot qui n\u2019a pas beaucoup de sens ni de pertinence pour eux.<\/p>\n\n\n\n<p>L\u2019id\u00e9e est de leur dire que tout le monde est diff\u00e9rent, qu\u2019ils peuvent avoir un probl\u00e8me impr\u00e9vu qui les emp\u00eache de fonctionner au mieux et qu\u2019ils doivent entra\u00eener certaines comp\u00e9tences. Il faut s\u2019adresser directement \u00e0 eux pour pouvoir capter leur attention, les \u00e9couter et mieux comprendre, puis orienter leur \u00e9ventuelle probl\u00e9matique dans ce cadre.<\/p>\n\n\n\n<h4 class=\"wp-block-heading\">6. Linda Ornelas&nbsp;:<\/h4>\n\n\n\n<ul class=\"wp-block-list\"><li><em>Question&nbsp;:<\/em><\/li><\/ul>\n\n\n\n<p>En cas de r\u00e9sultat non sp\u00e9cifique, doit-on poursuivre un <strong>plan de traitement<\/strong> ax\u00e9 sur la prise en charge du TDAH, m\u00eame sans diagnostic formel&nbsp;? Faut-il renvoyer imm\u00e9diatement chez le m\u00e9decin ou attendre quelques mois avant la r\u00e9\u00e9valuation&nbsp;?<\/p>\n\n\n\n<ul class=\"wp-block-list\"><li><em>R\u00e9ponse&nbsp;:<\/em><\/li><\/ul>\n\n\n\n<p>Plusieurs options existent. Pour moi, lorsqu\u2019on fait face \u00e0 un TDAH non sp\u00e9cifi\u00e9, le plan \u00e0 suivre est le suivi. Il faut former les tuteurs des enfants et effectuer un <strong>suivi de 3 \u00e0 6 mois<\/strong> environ pour voir comment l\u2019enfant r\u00e9agit et progresse en fonction de son adaptation \u00e0 l\u2019\u00e9cole, de ses \u00e9valuations, etc.<\/p>\n\n\n\n<p>L\u2019id\u00e9e est qu\u2019au bout de 6 mois maximum, nous puissions prendre une d\u00e9cision d\u00e9finitive&nbsp;: soit poser un diagnostic de TDAH et initier un traitement standard, soit l\u2019\u00e9carter et d\u00e9terminer ce qui a pu se passer.<\/p>\n\n\n\n<p>Si le r\u00e9sultat est non sp\u00e9cifique, l\u2019id\u00e9al est de passer l\u2019enfant en observation et de faire ce suivi plut\u00f4t que d\u2019intervenir directement, car le trouble n\u2019est pas encore d\u00e9fini et il y a des limites.<\/p>\n\n\n\n<h4 class=\"wp-block-heading\">7. Eliana S\u00e1nchez&nbsp;:<\/h4>\n\n\n\n<ul class=\"wp-block-list\"><li><em>Question&nbsp;:<\/em><\/li><\/ul>\n\n\n\n<p>Dans le cas o\u00f9 l\u2019on observe des signes de TDAH, mais qu\u2019il y a une pr\u00e9dominance d\u2019un <strong>trouble du langage r\u00e9ceptif<\/strong>, peut-on consid\u00e9rer le TDAH comme une <strong>comorbidit\u00e9<\/strong>&nbsp;?<\/p>\n\n\n\n<ul class=\"wp-block-list\"><li><em>R\u00e9ponse&nbsp;:<\/em><\/li><\/ul>\n\n\n\n<p>Actuellement, tous les <strong>troubles du neurod\u00e9veloppement<\/strong> permettent un double diagnostic entre eux, \u00e0 condition de bien distinguer le diagnostic principal des diagnostics secondaires. Pour ma part, je placerais le trouble du langage r\u00e9ceptif en diagnostic principal. Le TDAH, pour moi, est, entre guillemets, un trouble r\u00e9siduel face \u00e0 la pr\u00e9dominance \u00e9vidente d\u2019un trouble plus caract\u00e9ris\u00e9 comme un trouble du langage ou de la communication. Il faudrait d\u2019abord r\u00e9soudre ce probl\u00e8me avant de s\u2019int\u00e9resser au TDAH. Une fois celui-ci am\u00e9lior\u00e9, on peut naturellement se concentrer sur le TDAH.<\/p>\n\n\n\n<p>Par cons\u00e9quent, de mon point de vue et comme je le r\u00e9p\u00e8te pour les comorbidit\u00e9s, le TDAH est un trouble par d\u00e9faut, pas le trouble principal \u00e0 moins d\u2019\u00eatre le seul ou le prioritaire. S\u2019il y a d\u2019autres troubles du neurod\u00e9veloppement ou de comportement pr\u00e9sents, je les place en premier lieu.<\/p>\n\n\n\n<h4 class=\"wp-block-heading\">8. Cecilio P\u00e9rez&nbsp;:<\/h4>\n\n\n\n<ul class=\"wp-block-list\"><li><em>Question&nbsp;:<\/em><\/li><\/ul>\n\n\n\n<p>Le CARAS-R fournit un ICE, je l\u2019utilise souvent pour les \u00e9valuations chez les moins de 8 ans, ne le recommandez-vous pas pour une raison particuli\u00e8re&nbsp;? Quel est votre avis sur le R2 pour les plus de 8 ans&nbsp;? J\u2019emploie ces deux tests. Qu\u2019est-ce qui les distingue de l\u2019EMI ou du STOP&nbsp;?<\/p>\n\n\n\n<ul class=\"wp-block-list\"><li><em>R\u00e9ponse&nbsp;:<\/em><\/li><\/ul>\n\n\n\n<p>Le test CARAS-R est, de mon point de vue, un <strong>test perceptif<\/strong>. Il n\u2019a pas donn\u00e9 de tr\u00e8s bons r\u00e9sultats en attention. Nous l\u2019avons utilis\u00e9 au d\u00e9but, il y a d\u00e9j\u00e0 plusieurs ann\u00e9es que nous ne l\u2019utilisons plus. Bien que je ne sois pas un expert, je n\u2019en suis pas convaincu. Apr\u00e8s l\u2019avoir essay\u00e9, nous sommes pass\u00e9s aux tests CPT et aux tests de vigilance sp\u00e9cifiques. Je n\u2019ai pas plus d\u2019exp\u00e9rience que son usage initial, mais je consid\u00e8re que pour le TDAH, tant en recherche qu\u2019en clinique, les tests sp\u00e9cifiques d\u2019attention sont plus recommand\u00e9s.<\/p>\n\n\n\n<p>Nos crit\u00e8res de choix des tests reposent sur ceux qui b\u00e9n\u00e9ficient d\u2019un solide soutien en recherche ou que nous avons utilis\u00e9s en clinique avec de bons retours.<\/p>\n\n\n\n<p>Les tests EMI et STOP sont deux tests d\u2019impulsivit\u00e9, l\u2019un cognitif et l\u2019autre comportemental. D\u2019une part, l\u2019EMI est un test dans lequel l\u2019enfant doit \u00e9laborer une strat\u00e9gie de r\u00e9solution. D\u2019autre part, le STOP est un test plus direct. C\u2019est une \u00e9preuve de contr\u00f4le moteur tr\u00e8s exp\u00e9rimentale o\u00f9 l\u2019enfant est soumis \u00e0 une s\u00e9rie de <strong>stimuli<\/strong> auxquels il apprend \u00e0 r\u00e9pondre. Ensuite, un signal sonore indique qu\u2019il doit inhiber sa r\u00e9ponse.<\/p>\n\n\n\n<h4 class=\"wp-block-heading\">9. Bel\u00e9n Prieto-Corona&nbsp;:<\/h4>\n\n\n\n<ul class=\"wp-block-list\"><li><em>Question&nbsp;:<\/em><\/li><\/ul>\n\n\n\n<p>Ne trouvez-vous pas utile d&rsquo;ajouter l&rsquo;\u00e9valuation du <strong>fonctionnement ex\u00e9cutif<\/strong> en milieu \u00e9cologique avec l&rsquo;utilisation des BRIEF&nbsp;?<\/p>\n\n\n\n<ul class=\"wp-block-list\"><li><em>R\u00e9ponse&nbsp;:<\/em><\/li><\/ul>\n\n\n\n<p>Je suis totalement d&rsquo;accord pour int\u00e9grer le BRIEF dans le protocole. De plus, nous utilisons l\u2019\u00e9chelle de Barkley du fonctionnement ex\u00e9cutif pour enfants. Elle est tr\u00e8s similaire au BRIEF, qui me para\u00eet \u00e9galement id\u00e9ale et qui devrait faire partie du protocole. De m\u00eame, les tests de fonctionnement ex\u00e9cutif en milieu \u00e9cologique permettent de bien distinguer le TDAH.<\/p>\n\n\n\n<h4 class=\"wp-block-heading\">10. Natalia Astudillo&nbsp;:<\/h4>\n\n\n\n<ul class=\"wp-block-list\"><li><em>Question&nbsp;:<\/em><\/li><\/ul>\n\n\n\n<p>Existe-t-il un protocole IMAT similaire d\u2019\u00e9valuation neuropsychologique des enfants avec TDAH pour le TSA&nbsp;? Est-il possible d\u2019utiliser des tests non \u00e9talonn\u00e9s dans mon pays si l\u2019on ne trouve pas un test adapt\u00e9 d\u00e9j\u00e0 \u00e9talonn\u00e9&nbsp;?<\/p>\n\n\n\n<ul class=\"wp-block-list\"><li><em>R\u00e9ponse&nbsp;:<\/em><\/li><\/ul>\n\n\n\n<p>Nous n\u2019avons pas de protocole IMAT pour le TSA, car nous ne traitons pas habituellement ce trouble. Cependant, nous utilisons certaines mesures du TSA chez les enfants avec comorbidit\u00e9 TDAH. Il existe plusieurs tests issus de diff\u00e9rentes th\u00e9ories abordant ce sujet. Il y a pas mal de tests disponibles m\u00eame en acc\u00e8s libre.<\/p>\n\n\n\n<h4 class=\"wp-block-heading\">11. Patricia V\u00e1zquez&nbsp;:<\/h4>\n\n\n\n<ul class=\"wp-block-list\"><li><em>Question&nbsp;:<\/em><\/li><\/ul>\n\n\n\n<p>Que pensez-vous de certaines opinions de professionnels en Espagne affirmant que le TDAH est un probl\u00e8me de <strong>d\u00e9parentalisation<\/strong>&nbsp;?<\/p>\n\n\n\n<ul class=\"wp-block-list\"><li><em>R\u00e9ponse&nbsp;:<\/em><\/li><\/ul>\n\n\n\n<p>Il existe des mouvements qui refusent de consid\u00e9rer le TDAH comme un trouble, tels les mouvements n\u00e9gationnistes ou conditionnels. Ma mani\u00e8re de voir le probl\u00e8me est celle d\u2019une approche <strong>neuropsychologique<\/strong>.<\/p>\n\n\n\n<p>Il y a en effet une base et un fonctionnement neuropsychologique d\u00e9ficient chez ces enfants. Voil\u00e0 le point de diagnostic essentiel. M\u00eame si nous n\u2019avons pas de test d\u00e9finitif, nous disposons de nombreuses preuves en recherche qui, pour moi, suffisent \u00e0 \u00e9tablir que c\u2019est le point de d\u00e9part. Ensuite, ce point de d\u00e9part est alt\u00e9r\u00e9 par des facteurs environnementaux, tels que l\u2019\u00e9ducation, l\u2019\u00e9cole, etc. Bien entendu, le TDAH est un trouble tr\u00e8s sensible aux conditions environnementales, mais pas d\u2019un point de vue causal. Il faut distinguer les facteurs mod\u00e9rateurs du probl\u00e8me, qu\u2019il faut prendre en compte, des facteurs de risque.<\/p>\n\n\n\n<p>En conclusion, je consid\u00e9rerais le TDAH comme un probl\u00e8me de <strong>neurod\u00e9veloppement<\/strong> fortement influenc\u00e9 par des facteurs contextuels, notamment parentaux.<\/p>\n\n\n\n<h4 class=\"wp-block-heading\">12. Juan Carlos Guti\u00e9rrez&nbsp;:<\/h4>\n\n\n\n<ul class=\"wp-block-list\"><li><em>Question&nbsp;:<\/em><\/li><\/ul>\n\n\n\n<p>Quelle est votre opinion sur l&rsquo;utilisation de Nesplora pour l&rsquo;<strong>\u00e9valuation du TDAH<\/strong>&nbsp;?<\/p>\n\n\n\n<ul class=\"wp-block-list\"><li><em>R\u00e9ponse&nbsp;:<\/em><\/li><\/ul>\n\n\n\n<p>Je trouve que c\u2019est un outil int\u00e9ressant. Cependant, il est \u00e9videmment plus complexe que les tests sur ordinateur classiques. Il fournit \u00e9galement un rapport de mobilit\u00e9 de la t\u00eate et de l\u2019enfant pendant les \u00e9preuves, ce que je trouve tr\u00e8s int\u00e9ressant.<\/p>\n\n\n\n<p>Nesplora a publi\u00e9 des \u00e9tudes montrant des indices de sensibilit\u00e9 et de sp\u00e9cificit\u00e9 diagnostique assez \u00e9lev\u00e9s, ce qui, \u00e0 mon avis, devrait \u00eatre reproduit non seulement par les auteurs de Nesplora. De m\u00eame, je consid\u00e8re que c\u2019est un bon test dans le domaine de l\u2019attention qu\u2019il convient d\u2019utiliser de mani\u00e8re compl\u00e9mentaire avec d\u2019autres tests.<\/p>\n\n\n\n<p>D\u2019un autre c\u00f4t\u00e9, on peut dire que c\u2019est un test plus on\u00e9reux que les autres et qu\u2019on peut obtenir des r\u00e9sultats similaires avec d\u2019autres <strong>tests d\u2019attention<\/strong>.<\/p>\n\n\n\n<h4 class=\"wp-block-heading\">13. Maria Fernanda Misti&nbsp;:<\/h4>\n\n\n\n<ul class=\"wp-block-list\"><li><em>Question&nbsp;:<\/em><\/li><\/ul>\n\n\n\n<p>Ce protocole d\u2019\u00e9valuation neuropsychologique des enfants avec TDAH peut-il \u00eatre utilis\u00e9 apr\u00e8s qu\u2019un neurologue nous ait adress\u00e9s l\u2019enfant, ou l\u2019\u00e9valuation que nous faisons constitue-t-elle le processus de diagnostic lui-m\u00eame&nbsp;?<\/p>\n\n\n\n<ul class=\"wp-block-list\"><li><em>R\u00e9ponse&nbsp;:<\/em><\/li><\/ul>\n\n\n\n<p>Le protocole que nous utilisons est bas\u00e9 sur les demandes de prescription. Les enfants nous sont adress\u00e9s de tous horizons : scolaire, suspicion parentale ou par un professionnel, par exemple un <strong>p\u00e9diatre<\/strong>, un <strong>psychologue<\/strong> ou un <strong>neurologue<\/strong> qui sollicite une \u00e9valuation. Lorsque le professionnel demande une \u00e9valuation, nous r\u00e9digeons un rapport puis le professionnel examine notre proposition et assure ensuite la prise en charge.<\/p>\n\n\n\n<p>Si l\u2019enfant est adress\u00e9 par un professionnel, nous r\u00e9alisons l\u2019\u00e9valuation et le professionnel assure l\u2019intervention.<\/p>\n\n\n\n<h4 class=\"wp-block-heading\">14. Patricia De la Vega&nbsp;:<\/h4>\n\n\n\n<ul class=\"wp-block-list\"><li><em>Question&nbsp;:<\/em><\/li><\/ul>\n\n\n\n<p>Quel diagnostic \u00e9tablit-on chez les enfants de moins de 6 ans lorsque le TDAH devient \u00e9vident&nbsp;?<\/p>\n\n\n\n<ul class=\"wp-block-list\"><li><em>R\u00e9ponse&nbsp;:<\/em><\/li><\/ul>\n\n\n\n<p>Nous ne posons pas de diagnostic avant l\u2019\u00e2ge de 6 ans. Dans ce cas, nous pla\u00e7ons l\u2019enfant en phase d\u2019observation, c\u2019est-\u00e0-dire sans diagnostic sp\u00e9cifique. Cependant, si l\u2019enfant pr\u00e9sente des difficult\u00e9s dans certains domaines, nous assurons un suivi plus cibl\u00e9. Une fois l\u2019entr\u00e9e \u00e0 l\u2019\u00e9cole primaire effectu\u00e9e, le diagnostic sera pos\u00e9.<\/p>\n\n\n\n<h4 class=\"wp-block-heading\">15. Daniel \u00d3scar Rodr\u00edguez&nbsp;:<\/h4>\n\n\n\n<ul class=\"wp-block-list\"><li><em>Question&nbsp;:<\/em><\/li><\/ul>\n\n\n\n<p>Des enfants avec <strong>TDAH et autisme<\/strong>, peut-on utiliser l\u2019IMAT&nbsp;?<\/p>\n\n\n\n<ul class=\"wp-block-list\"><li><em>R\u00e9ponse&nbsp;:<\/em><\/li><\/ul>\n\n\n\n<p>On peut l\u2019utiliser d\u00e8s lors qu\u2019il s\u2019agit d\u2019enfants avec un <strong>autisme l\u00e9ger ou Asperger<\/strong>. Je r\u00e9p\u00e8te que si un diagnostic clair d\u2019autisme est pos\u00e9, le point central de l\u2019intervention sera celui-ci, car l\u2019apport du TDAH comme comorbidit\u00e9 reste relatif.<\/p>\n\n\n\n<p>Dans le cas d\u2019enfants avec TDAH et autisme l\u00e9ger, nous avons appliqu\u00e9 le protocole IMAT sans rencontrer de probl\u00e8mes.<\/p>\n\n\n\n<h4 class=\"wp-block-heading\">16. Alejandra Olea&nbsp;:<\/h4>\n\n\n\n<ul class=\"wp-block-list\"><li><em>Question&nbsp;:<\/em><\/li><\/ul>\n\n\n\n<p>Peut-on utiliser des outils d\u2019\u00e9valuation valid\u00e9s dans chaque pays qui mesurent des fonctions similaires \u00e0 celles mentionn\u00e9es ici, en suivant le protocole IMAT pour l\u2019\u00e9valuation neuropsychologique des enfants avec TDAH&nbsp;?<\/p>\n\n\n\n<ul class=\"wp-block-list\"><li><em>R\u00e9ponse&nbsp;:<\/em><\/li><\/ul>\n\n\n\n<p>Nous utilisons des \u00e9chelles am\u00e9ricaines mais valid\u00e9es en Espagne. Nous employons ainsi les deux \u00e9talonnages, am\u00e9ricain et espagnol. Nous les comparons dans les rapports et ils sont assez similaires. Nous travaillons pour adapter au mieux les \u00e9talonnages au contexte.<\/p>\n\n\n\n<p>Dans certains pays, il existe des travaux de validation pour chaque test, alors que dans d\u2019autres non. Il faudrait consulter les revues sp\u00e9cialis\u00e9es pour voir si ces r\u00e9sultats y sont publi\u00e9s.<\/p>\n\n\n\n<h4 class=\"wp-block-heading\">17. Marta Cid&nbsp;:<\/h4>\n\n\n\n<ul class=\"wp-block-list\"><li><em>Question&nbsp;:<\/em><\/li><\/ul>\n\n\n\n<p>Je tiens un rapport dans lequel le diagnostic est un TDAH avec trouble oppositionnel avec m\u00e9dication prescrite. Cependant, pour l\u2019instant seule la m\u00e9dication est maintenue. Est-ce correct ou faut-il aussi pr\u00e9voir un suivi&nbsp;?<\/p>\n\n\n\n<ul class=\"wp-block-list\"><li><em>R\u00e9ponse&nbsp;:<\/em><\/li><\/ul>\n\n\n\n<p>S\u2019il n\u2019y a que la m\u00e9dication, celle-ci doit \u00eatre adapt\u00e9e au TDAH et \u00eatre suivie p\u00e9riodiquement. Pour cette raison, un certain contr\u00f4le m\u00e9dical est \u00e9galement n\u00e9cessaire.<\/p>\n\n\n\n<p>En plus de la m\u00e9dication, il devrait y avoir un volet de <strong>formation des parents<\/strong>, des \u00e9ducateurs et un travail direct avec l\u2019enfant sur le <strong>contr\u00f4le et l\u2019impulsivit\u00e9<\/strong>. Autrement dit, un traitement simultan\u00e9 \u00e0 la m\u00e9dication devrait \u00eatre mis en place.<\/p>\n\n\n\n<h4 class=\"wp-block-heading\">18. Irma Fern\u00e1ndez&nbsp;:<\/h4>\n\n\n\n<ul class=\"wp-block-list\"><li><em>Question&nbsp;:<\/em><\/li><\/ul>\n\n\n\n<p>Le TDAH s\u2019accompagne-t-il d\u2019<strong>alt\u00e9rations sensorielles<\/strong>&nbsp;?<\/p>\n\n\n\n<ul class=\"wp-block-list\"><li><em>R\u00e9ponse&nbsp;:<\/em><\/li><\/ul>\n\n\n\n<p>Ce n\u2019est pas une caract\u00e9ristique habituelle du TDAH. Si elles apparaissent, il faudrait v\u00e9rifier s\u2019il existe une autre comorbidit\u00e9 du <strong>neurod\u00e9veloppement<\/strong> qui les provoque directement, par exemple un trouble du spectre autistique ou un autre trouble du neurod\u00e9veloppement.<\/p>\n\n\n\n<h4 class=\"wp-block-heading\">19. Alma Isabel Hern\u00e1ndez&nbsp;:<\/h4>\n\n\n\n<ul class=\"wp-block-list\"><li><em>Question&nbsp;:<\/em><\/li><\/ul>\n\n\n\n<p>Les tests Moxo et Aula Nesplora peuvent-ils \u00eatre d\u00e9terminants, \u00e0 eux seuls, pour \u00e9voquer un d\u00e9ficit de l\u2019attention&nbsp;?<\/p>\n\n\n\n<ul class=\"wp-block-list\"><li><em>R\u00e9ponse&nbsp;:<\/em><\/li><\/ul>\n\n\n\n<p>Les deux sont de bons tests attentionnels. \u00c0 mon avis, ils ne suffisent pas \u00e0 eux seuls \u00e0 d\u00e9terminer un TDAH, m\u00eame si les r\u00e9sultats peuvent \u00eatre tr\u00e8s spectaculaires. Dans des tests de TDAH comme ceux-ci, si l\u2019on obtient un r\u00e9sultat positif appliqu\u00e9 correctement, cela signifie g\u00e9n\u00e9ralement qu\u2019il y a un probl\u00e8me. Mais si le r\u00e9sultat est n\u00e9gatif, on ne peut rien exclure.<\/p>\n\n\n\n<h4 class=\"wp-block-heading\">20. Ana Pareja&nbsp;:<\/h4>\n\n\n\n<ul class=\"wp-block-list\"><li><em>Question&nbsp;:<\/em><\/li><\/ul>\n\n\n\n<p>Dans ce protocole d\u2019\u00e9valuation neuropsychologique des enfants avec TDAH, n\u2019incluez-vous pas le CABI comme questionnaire pour les parents et les enseignants&nbsp;?<\/p>\n\n\n\n<ul class=\"wp-block-list\"><li><em>R\u00e9ponse&nbsp;:<\/em><\/li><\/ul>\n\n\n\n<p>Le test CABI est assez r\u00e9cent et nous l\u2019int\u00e9grons de plus en plus dans le protocole d\u2019\u00e9valuation neuropsychologique des enfants avec TDAH. Nous sommes actuellement engag\u00e9s dans un projet et esp\u00e9rons dans les prochaines ann\u00e9es obtenir un CABI normalis\u00e9 pour tout le territoire espagnol, de 6 \u00e0 18 ans. Pour le moment, nous utilisons ce que nous avons, mais tant qu\u2019il n\u2019est pas davantage d\u00e9velopp\u00e9, ce n\u2019est pas le test cl\u00e9.<\/p>\n\n\n\n<h4 class=\"wp-block-heading\">21. Susana Liszka&nbsp;:<\/h4>\n\n\n\n<ul class=\"wp-block-list\"><li><em>Question&nbsp;:<\/em><\/li><\/ul>\n\n\n\n<p>Qu\u2019est-ce qui d\u00e9termine l\u2019utilisation de la <strong>m\u00e9dication pharmacologique<\/strong> pour le TDAH dans votre exp\u00e9rience&nbsp;?<\/p>\n\n\n\n<ul class=\"wp-block-list\"><li><em>R\u00e9ponse&nbsp;:<\/em><\/li><\/ul>\n\n\n\n<p>Principalement, selon les principales recommandations sur le sujet, la m\u00e9dication pharmacologique n\u2019a pas \u00e0 \u00eatre le premier choix. Cependant, c\u2019est une tr\u00e8s bonne alternative lorsque le TDAH est mod\u00e9r\u00e9 \u00e0 s\u00e9v\u00e8re et que l\u2019intervention psycho\u00e9ducative est difficile. On recourt \u00e9galement \u00e0 la m\u00e9dication en pr\u00e9sence de comorbidit\u00e9s pouvant s\u2019accompagner de conduites graves.<\/p>\n\n\n\n<p>De m\u00eame, comme la m\u00e9dication n\u2019est pas une solution d\u00e9finitive mais une solution aux sympt\u00f4mes, elle peut \u00eatre introduite \u00e0 tout moment. Par exemple, vous pouvez commencer par une intervention psycho\u00e9ducative avec l\u2019enfant et s\u2019il ne progresse pas apr\u00e8s 2 ou 3 mois, vous pouvez ajouter la m\u00e9dication pharmacologique de mani\u00e8re adapt\u00e9e.<\/p>\n\n\n\n<h4 class=\"wp-block-heading\">22. Daniela Chamblas&nbsp;:<\/h4>\n\n\n\n<ul class=\"wp-block-list\"><li><em>Question&nbsp;:<\/em><\/li><\/ul>\n\n\n\n<p>Dans le cadre de l&rsquo;<strong>\u00e9valuation cognitive<\/strong>, peut-on supposer que les enfants avec TDAH pr\u00e9sentent un rendement cognitif plus lent ou d\u00e9ficient&nbsp;?<\/p>\n\n\n\n<ul class=\"wp-block-list\"><li><em>R\u00e9ponse&nbsp;:<\/em><\/li><\/ul>\n\n\n\n<p>Pour certains, oui. Surtout les TDAH du type inattention pr\u00e9dominante, car la lenteur et le d\u00e9ficit de focalisation y sont plus \u00e9vidents, m\u00eame plus que chez les hyperactifs impulsifs dont l\u2019activit\u00e9 peut parfois leur permettre de maintenir de meilleures performances cognitives.<\/p>\n\n\n\n<h4 class=\"wp-block-heading\">23. Carolina Gonz\u00e1lez&nbsp;:<\/h4>\n\n\n\n<ul class=\"wp-block-list\"><li><em>Question&nbsp;:<\/em><\/li><\/ul>\n\n\n\n<p>S&rsquo;il existe des difficult\u00e9s marqu\u00e9es au niveau attentionnel, tant auditif que visuel, et une MT VP l\u00e9g\u00e8rement alt\u00e9r\u00e9e, mais qu\u2019on observe des difficult\u00e9s importantes en m\u00e9moire, est-ce toujours consid\u00e9r\u00e9 comme un TDAH&nbsp;?<\/p>\n\n\n\n<ul class=\"wp-block-list\"><li><em>R\u00e9ponse&nbsp;:<\/em><\/li><\/ul>\n\n\n\n<p>La dimension neuro est compl\u00e9mentaire. Il faut d\u2019abord examiner le <strong>profil comportemental<\/strong> selon le protocole appliqu\u00e9 pour d\u00e9terminer ce qui se passe. Une fois que nous connaissons ce qui se passe sur le plan comportemental, nous analysons la dimension neuro. \u00c0 ce stade, nous recherchons une alt\u00e9ration, sans qu\u2019elle soit sp\u00e9cifique au TDAH.<br \/>Les profils neuro alt\u00e9r\u00e9s ne sont pas sp\u00e9cifiques \u00e0 une aire. Autrement dit, certains enfants avec TDAH pr\u00e9sentent une m\u00e9moire de travail tr\u00e8s perturb\u00e9e, d\u2019autres une attention alt\u00e9r\u00e9e. Il ne s\u2019agit pas de chercher un protocole direct qui diagnostique le TDAH, mais plut\u00f4t de rechercher sur le spectre si cette alt\u00e9ration est pr\u00e9sente.<\/p>\n\n\n\n<h4 class=\"wp-block-heading\">24. Almudena Ib\u00e1\u00f1ez&nbsp;:<\/h4>\n\n\n\n<ul class=\"wp-block-list\"><li><em>Question&nbsp;:<\/em><\/li><\/ul>\n\n\n\n<p>Dans le sous-type inattention pr\u00e9dominante, on peut avoir un profil comportemental peu marquant et, \u00e0 mon avis, c\u2019est le plus difficile \u00e0 diagnostiquer. Comment ce sous-type fonctionnerait-il dans votre mod\u00e8le&nbsp;?<\/p>\n\n\n\n<ul class=\"wp-block-list\"><li><em>R\u00e9ponse&nbsp;:<\/em><\/li><\/ul>\n\n\n\n<p>L\u2019inattention passe beaucoup plus inaper\u00e7ue essentiellement parce que le profil comportemental peut manquer de manifestations \u00e9videntes. Aussi parce qu\u2019on peut montrer peu d\u2019engagement. Les manifestations comportementales du TDAH se rep\u00e8rent g\u00e9n\u00e9ralement dans les conduites d\u2019inattention. \u00c0 ce stade, parents et \u00e9ducateurs d\u00e9tectent souvent que quelque chose ne va pas. L\u2019enfant est distrait, inactif, perdu dans son monde, fait des confusions, etc. C\u2019est \u00e0 ce moment qu\u2019on rep\u00e8re le probl\u00e8me sur le plan comportemental. Cependant, cela passe plus inaper\u00e7u car l\u2019enfant peut ne pr\u00e9senter ni impulsivit\u00e9 ni hyperactivit\u00e9.<\/p>\n\n\n\n<p>Nous ciblerions d\u2019abord la dimension d\u2019inattention sur le plan comportemental, puis nous examinerions la dimension neuro. Un bon conseil serait d\u2019introduire la mesure du temps cognitif lent.<\/p>\n\n\n\n<h4 class=\"wp-block-heading\">25. Fabio Silva&nbsp;:<\/h4>\n\n\n\n<ul class=\"wp-block-list\"><li><em>Question&nbsp;:<\/em><\/li><\/ul>\n\n\n\n<p>Le test D2 et le Trail Making Test, pensez-vous qu\u2019ils soient bons pour \u00e9valuer un cas de TDAH&nbsp;?<\/p>\n\n\n\n<ul class=\"wp-block-list\"><li><em>R\u00e9ponse&nbsp;:<\/em><\/li><\/ul>\n\n\n\n<p>En ce qui concerne le test D2, je l\u2019ai utilis\u00e9 au d\u00e9but mais il n\u2019a pas fonctionn\u00e9 pour nous, car il d\u00e9tectait tr\u00e8s peu, du moins chez les enfants. Quant au Trail Making Test, nous l\u2019avons plut\u00f4t employ\u00e9 chez des adultes parfois, mais pas en profondeur. Ce test ne nous a pas non plus convaincus. Pour ma part, je ne recommanderais aucun des deux, car je pense qu\u2019il existe des t\u00e2ches attentionnelles beaucoup plus sp\u00e9cifiques.<\/p>\n\n\n\n<h4 class=\"wp-block-heading\">26. Marcela G\u00f3mez&nbsp;:<\/h4>\n\n\n\n<ul class=\"wp-block-list\"><li><em>Question&nbsp;:<\/em><\/li><\/ul>\n\n\n\n<p>Il arrive qu\u2019un enfant n\u2019interagisse pas de mani\u00e8re coh\u00e9rente au sein des diff\u00e9rents groupes auxquels il appartient (famille, \u00e9cole, club social ou sportif, etc.). Certains groupes normalisent certains comportements, qui ne sont pas consid\u00e9r\u00e9s comme sympt\u00f4me dans un groupe, mais le sont dans un autre. Comment proc\u00e9dez-vous dans ces cas&nbsp;?<\/p>\n\n\n\n<ul class=\"wp-block-list\"><li><em>R\u00e9ponse&nbsp;:<\/em><\/li><\/ul>\n\n\n\n<p>Lorsque nous appliquons le protocole IMAT d\u2019\u00e9valuation neuropsychologique chez les enfants avec TDAH, nous recueillons parfois des \u00e9valuations de parents, de tuteurs scolaires, d\u2019enseignants extrascolaires et d\u2019autres intervenants. On peut obtenir des informations de 3 ou 4 \u00e9valuateurs diff\u00e9rents qui interagissent avec l\u2019enfant dans des environnements vari\u00e9s, ce qui peut entra\u00eener un manque de coh\u00e9rence. Nous rencontrons fr\u00e9quemment cette situation.<\/p>\n\n\n\n<p>Il faut \u00eatre tr\u00e8s prudent, car, comme vous le savez, le TDAH a un caract\u00e8re syndrome, c\u2019est-\u00e0-dire qu\u2019il doit se manifester dans deux environnements ou plus. Et souvent, cette condition n\u2019est pas prise en compte.<\/p>\n\n\n\n<p>Si le TDAH ne se manifeste que dans un seul environnement, nous en doutons fortement, et techniquement on ne pourrait pas poser le diagnostic. Nous examinons le cas et nous portons une attention particuli\u00e8re \u00e0 ce qui se passe avec les autres \u00e9valuateurs.<\/p>\n\n\n\n<h4 class=\"wp-block-heading\">27. Daniela Chamblas&nbsp;:<\/h4>\n\n\n\n<ul class=\"wp-block-list\"><li><em>Questions&nbsp;:<\/em><\/li><\/ul>\n\n\n\n<p>Organisez-vous des formations pour se certifier \u00e0 l\u2019application du test IMAT&nbsp;? Qui peut \u00eatre certifi\u00e9&nbsp;?<\/p>\n\n\n\n<ul class=\"wp-block-list\"><li><em>R\u00e9ponse&nbsp;:<\/em><\/li><\/ul>\n\n\n\n<p>Non, nous proposons quelques formations de perfectionnement professionnel, mais pas de certification sp\u00e9cifique \u00e0 l\u2019IMAT. Nous avons n\u00e9anmoins accueilli dans notre unit\u00e9 des personnes quelques mois pour observer notre fonctionnement, g\u00e9n\u00e9ralement des \u00e9tudiants.<\/p>\n\n\n\n<h4 class=\"wp-block-heading\">28. Andrea Lazcanoiturburu&nbsp;:<\/h4>\n\n\n\n<ul class=\"wp-block-list\"><li><em>Question&nbsp;:<\/em><\/li><\/ul>\n\n\n\n<p>Que feriez-vous si l\u2019\u00e9cole ne collabore pas et ne r\u00e9pond pas aux questionnaires&nbsp;?<\/p>\n\n\n\n<ul class=\"wp-block-list\"><li><em>R\u00e9ponse&nbsp;:<\/em><\/li><\/ul>\n\n\n\n<p>C\u2019est un probl\u00e8me, car il faut d\u00e9montrer que le trouble se manifeste dans au moins deux environnements. Les environnements classiques pour l\u2019enfant sont la maison et l\u2019\u00e9cole. Vous avez donc besoin de la collaboration de l\u2019\u00e9cole. Si le tuteur ne r\u00e9pond pas, nous contactons l\u2019\u00e9tablissement ou cherchons un autre enseignant ayant interagi avec l\u2019enfant pendant au moins 3 mois. Une fois que le tuteur conna\u00eet bien l\u2019enfant, il devrait pouvoir remplir les questionnaires.<\/p>\n\n\n\n<h3 class=\"wp-block-heading\">Si vous avez aim\u00e9 cet article sur la conf\u00e9rence d\u2019\u00e9valuation neuropsychologique des enfants avec TDAH, les informations suivantes pourraient \u00e9galement vous int\u00e9resser&nbsp;:<\/h3>\n\n\n\n<div style=\"height:50px\" aria-hidden=\"true\" class=\"wp-block-spacer\"><\/div>\n\n\n\n<div class=\"wp-block-group br-0111 has-primary-background-color has-background has-dark-background has-sm-padding-top has-sm-padding-left has-sm-padding-right has-xxl-margin-top\"><div class=\"wp-block-group__inner-container is-layout-constrained wp-block-group-is-layout-constrained\">\n<div class=\"wp-block-columns is-layout-flex wp-container-core-columns-is-layout-9d6595d7 wp-block-columns-is-layout-flex\">\n<div class=\"wp-block-column is-layout-flow wp-block-column-is-layout-flow\">\n<figure class=\"wp-block-image size-full desktop-position-absolute desktop-bottom-0 mobile-width-50 mobile-m-inline-auto has-xl-margin-top\"><img decoding=\"async\" width=\"292\" height=\"338\" src=\"https:\/\/neuronup.com\/fr\/wp-content\/uploads\/2024\/10\/certificat-produit.webp\" alt=\"\" class=\"wp-image-31568\" srcset=\"https:\/\/neuronup.com\/fr\/wp-content\/uploads\/2024\/10\/certificat-produit-259x300.webp 259w, https:\/\/neuronup.com\/fr\/wp-content\/uploads\/2024\/10\/certificat-produit.webp 292w\" sizes=\"(max-width: 292px) 100vw, 292px\" \/><\/figure>\n<\/div>\n\n\n\n<div class=\"wp-block-column is-layout-flow wp-block-column-is-layout-flow\">\n<h2 class=\"wp-block-heading has-white-color has-text-color\"><strong>Abonnez-vous<\/strong> <br>\u00e0 notre <br>Newsletter<\/h2>\n\n\n\n<div class=\"wp-block-buttons is-layout-flex wp-block-buttons-is-layout-flex\">\n<div class=\"wp-block-button--1\" style=\"--button-outline-color:var(--color-white);--button-outline-color-hover:rgba(0,0,0,0.8);\"><a class=\"wp-block-button__link button button-outline   wp-element-button\" href=\"https:\/\/neuronup.com\/fr\/newsletter\/\">Abonnez-vous<\/a><\/div>\n\n<\/div>\n\n\n\n<div style=\"height:40px\" aria-hidden=\"true\" class=\"wp-block-spacer\"><\/div>\n<\/div>\n<\/div>\n<\/div><\/div>\n\n\n\n\n<div style=\"height:50px\" aria-hidden=\"true\" class=\"wp-block-spacer\"><\/div>\n\n<div class=\"mai-grid entries entries-grid has-boxed has-image-full\" style=\"--entry-title-font-size:var(--font-size-lg);--align-text:start;--entry-meta-text-align:start;\"><div class=\"entries-wrap has-columns\" style=\"--columns-xs:1\/1;--columns-sm:1\/1;--columns-md:1\/3;--columns-lg:1\/3;--flex-xs:0 0 var(--flex-basis);--flex-sm:0 0 var(--flex-basis);--flex-md:0 0 var(--flex-basis);--flex-lg:0 0 var(--flex-basis);--column-gap:var(--spacing-lg);--row-gap:var(--spacing-lg);--align-columns:start;\"><article class=\"entry entry-grid is-column has-entry-link has-image has-image-first type-post category-activites-des-fonctions-executives tag-activites-de-stimulation-cognitive\" style=\"--entry-index:1;\" aria-label=\"Fiche de calcul mental : \u00abAtteindre la cible\u00bb\" itemscope itemtype=\"https:\/\/schema.org\/CreativeWork\"><a class=\"entry-image-link\" href=\"https:\/\/neuronup.com\/fr\/activites-de-neuro-reeducation\/activites-pour-les-fonctions-cognitives\/activites-des-fonctions-executives\/fiche-de-calcul-mental\/\" tabindex=\"-1\" aria-hidden=\"true\"><img decoding=\"async\" width=\"400\" height=\"300\" src=\"https:\/\/neuronup.com\/fr\/wp-content\/uploads\/2024\/10\/Actividad-Acertar-en-la-diana.webp\" class=\"entry-image size-landscape-sm\" alt=\"Diagramme circulaire \u00e0 huit segments avec chiffres et objectif 72 \u00e0 droite; croix rouge et barre de progression en bas.\" srcset=\"https:\/\/neuronup.com\/fr\/wp-content\/uploads\/2024\/10\/Actividad-Acertar-en-la-diana-300x226.webp 300w, https:\/\/neuronup.com\/fr\/wp-content\/uploads\/2024\/10\/Actividad-Acertar-en-la-diana-768x578.webp 768w, https:\/\/neuronup.com\/fr\/wp-content\/uploads\/2024\/10\/Actividad-Acertar-en-la-diana-1024x771.webp 1024w, https:\/\/neuronup.com\/fr\/wp-content\/uploads\/2024\/10\/Actividad-Acertar-en-la-diana.webp 1200w\" sizes=\"(max-width:599px) 599px, (min-width:600px) and (max-width: 799px) 799px, (min-width:800px) and (max-width: 999px) 333px, (min-width:1000px) 400px\" \/><\/a><div class=\"entry-wrap entry-wrap-grid\"><h3 class=\"entry-title\" itemprop=\"headline\"><a class=\"entry-title-link\" href=\"https:\/\/neuronup.com\/fr\/activites-de-neuro-reeducation\/activites-pour-les-fonctions-cognitives\/activites-des-fonctions-executives\/fiche-de-calcul-mental\/\" rel=\"bookmark\">Fiche de calcul mental : \u00abAtteindre la cible\u00bb<\/a><\/h3>\n<\/div><\/article><article class=\"entry entry-grid is-column has-entry-link has-image has-image-first type-post category-neuropsychologie-et-informations tag-neuropsychologie\" style=\"--entry-index:2;\" aria-label=\"Le concept de d\u00e9pendance et le syst\u00e8me de r\u00e9compense du cerveau\" itemscope itemtype=\"https:\/\/schema.org\/CreativeWork\"><a class=\"entry-image-link\" href=\"https:\/\/neuronup.com\/fr\/neurosciences\/neuropsychologie-et-informations\/le-concept-de-dependance-et-le-systeme-de-recompense-du-cerveau\/\" tabindex=\"-1\" aria-hidden=\"true\"><img decoding=\"async\" width=\"400\" height=\"300\" src=\"https:\/\/neuronup.com\/fr\/wp-content\/uploads\/2025\/02\/Limpact-de-la-dependance-sur-le-systeme-de-recompense-du-cerveau-400x300.webp\" class=\"entry-image size-landscape-sm\" alt=\"Cerveau humain stylis\u00e9 et translucide, entour\u00e9 de lumi\u00e8res illustrant les connexions neuronales et l\u2019activit\u00e9 c\u00e9r\u00e9brale.\" srcset=\"https:\/\/neuronup.com\/fr\/wp-content\/uploads\/2025\/02\/Limpact-de-la-dependance-sur-le-systeme-de-recompense-du-cerveau-400x300.webp 400w, https:\/\/neuronup.com\/fr\/wp-content\/uploads\/2025\/02\/Limpact-de-la-dependance-sur-le-systeme-de-recompense-du-cerveau-800x600.webp 800w\" sizes=\"(max-width:599px) 599px, (min-width:600px) and (max-width: 799px) 799px, (min-width:800px) and (max-width: 999px) 333px, (min-width:1000px) 400px\" \/><\/a><div class=\"entry-wrap entry-wrap-grid\"><h3 class=\"entry-title\" itemprop=\"headline\"><a class=\"entry-title-link\" href=\"https:\/\/neuronup.com\/fr\/neurosciences\/neuropsychologie-et-informations\/le-concept-de-dependance-et-le-systeme-de-recompense-du-cerveau\/\" rel=\"bookmark\">Le concept de d\u00e9pendance et le syst\u00e8me de r\u00e9compense du cerveau<\/a><\/h3>\n<\/div><\/article><article class=\"entry entry-grid is-column has-entry-link has-image has-image-first type-post category-parkinson tag-neurones-miroirs tag-parkinson\" style=\"--entry-index:3;\" aria-label=\"Ph\u00e9nom\u00e8nes on-off ? Importants dans la maladie de Parkinson ?\" itemscope itemtype=\"https:\/\/schema.org\/CreativeWork\"><a class=\"entry-image-link\" href=\"https:\/\/neuronup.com\/fr\/actualites-de-la-stimulation-cognitive\/maladies-neurodegeneratives\/parkinson\/phenomenes-on-off-importants-dans-la-maladie-de-parkinson\/\" tabindex=\"-1\" aria-hidden=\"true\"><img decoding=\"async\" width=\"400\" height=\"300\" src=\"https:\/\/neuronup.com\/fr\/wp-content\/uploads\/2024\/11\/Phenomenes-on-off-Importants-dans-la-maladie-de-Parkinson--400x300.webp\" class=\"entry-image size-landscape-sm\" alt=\"Graphique p\u00e9dagogique montrant des p\u00e9riodes On et Off dans la maladie de Parkinson, avec une courbe et un titre en bas.\" srcset=\"https:\/\/neuronup.com\/fr\/wp-content\/uploads\/2024\/11\/Phenomenes-on-off-Importants-dans-la-maladie-de-Parkinson--400x300.webp 400w, https:\/\/neuronup.com\/fr\/wp-content\/uploads\/2024\/11\/Phenomenes-on-off-Importants-dans-la-maladie-de-Parkinson--800x600.webp 800w, https:\/\/neuronup.com\/fr\/wp-content\/uploads\/2024\/11\/Phenomenes-on-off-Importants-dans-la-maladie-de-Parkinson--1200x900.webp 1200w\" sizes=\"(max-width:599px) 599px, (min-width:600px) and (max-width: 799px) 799px, (min-width:800px) and (max-width: 999px) 333px, (min-width:1000px) 400px\" \/><\/a><div class=\"entry-wrap entry-wrap-grid\"><h3 class=\"entry-title\" itemprop=\"headline\"><a class=\"entry-title-link\" href=\"https:\/\/neuronup.com\/fr\/actualites-de-la-stimulation-cognitive\/maladies-neurodegeneratives\/parkinson\/phenomenes-on-off-importants-dans-la-maladie-de-parkinson\/\" rel=\"bookmark\">Ph\u00e9nom\u00e8nes on-off ? Importants dans la maladie de Parkinson ?<\/a><\/h3>\n<\/div><\/article><article class=\"entry entry-grid is-column has-entry-link has-image has-image-first type-post category-alzheimer tag-alzheimer tag-enfants tag-maladie-dalzheimer tag-personnes-agees\" style=\"--entry-index:4;\" aria-label=\"Comment expliquer ce qu&#8217;est Alzheimer aux enfants?\" itemscope itemtype=\"https:\/\/schema.org\/CreativeWork\"><a class=\"entry-image-link\" href=\"https:\/\/neuronup.com\/fr\/actualites-de-la-stimulation-cognitive\/maladies-neurodegeneratives\/alzheimer\/comment-expliquer-ce-quest-alzheimer-aux-enfants\/\" tabindex=\"-1\" aria-hidden=\"true\"><img decoding=\"async\" width=\"400\" height=\"300\" src=\"https:\/\/neuronup.com\/fr\/wp-content\/uploads\/2024\/11\/Comment-expliquer-ce-quest-Alzheimer-aux-enfants--400x300.webp\" class=\"entry-image size-landscape-sm\" alt=\"Homme \u00e2g\u00e9 \u00e0 la barbe souriant interagit avec un jeune gar\u00e7on qui touche sa barbe, dans un d\u00e9cor naturel automnal.\" srcset=\"https:\/\/neuronup.com\/fr\/wp-content\/uploads\/2024\/11\/Comment-expliquer-ce-quest-Alzheimer-aux-enfants--400x300.webp 400w, https:\/\/neuronup.com\/fr\/wp-content\/uploads\/2024\/11\/Comment-expliquer-ce-quest-Alzheimer-aux-enfants--800x600.webp 800w, https:\/\/neuronup.com\/fr\/wp-content\/uploads\/2024\/11\/Comment-expliquer-ce-quest-Alzheimer-aux-enfants--1200x900.webp 1200w\" sizes=\"(max-width:599px) 599px, (min-width:600px) and (max-width: 799px) 799px, (min-width:800px) and (max-width: 999px) 333px, (min-width:1000px) 400px\" \/><\/a><div class=\"entry-wrap entry-wrap-grid\"><h3 class=\"entry-title\" itemprop=\"headline\"><a class=\"entry-title-link\" href=\"https:\/\/neuronup.com\/fr\/actualites-de-la-stimulation-cognitive\/maladies-neurodegeneratives\/alzheimer\/comment-expliquer-ce-quest-alzheimer-aux-enfants\/\" rel=\"bookmark\">Comment expliquer ce qu&#8217;est Alzheimer aux enfants?<\/a><\/h3>\n<\/div><\/article><article class=\"entry entry-grid is-column has-entry-link has-image has-image-first type-post category-deterioration-cognitive tag-demence tag-demence-dalzheimer\" style=\"--entry-index:5;\" aria-label=\"Communication du soignant aupr\u00e8s d&#8217;un patient atteint de d\u00e9mence\" itemscope itemtype=\"https:\/\/schema.org\/CreativeWork\"><a class=\"entry-image-link\" href=\"https:\/\/neuronup.com\/fr\/actualites-de-la-stimulation-cognitive\/deterioration-cognitive\/communication-du-soignant-aupres-dun-patient-atteint-de-demence\/\" tabindex=\"-1\" aria-hidden=\"true\"><img decoding=\"async\" width=\"400\" height=\"300\" src=\"https:\/\/neuronup.com\/fr\/wp-content\/uploads\/2024\/11\/Communication-du-soignant-aupres-dun-patient-atteint-de-demence-400x300.webp\" class=\"entry-image size-landscape-sm\" alt=\"Soignant en blouse blanche \u00e9change avec un patient \u00e2g\u00e9 sur canap\u00e9; ambiance calme et lumineuse, texte en bas sur la d\u00e9mence.\" srcset=\"https:\/\/neuronup.com\/fr\/wp-content\/uploads\/2024\/11\/Communication-du-soignant-aupres-dun-patient-atteint-de-demence-400x300.webp 400w, https:\/\/neuronup.com\/fr\/wp-content\/uploads\/2024\/11\/Communication-du-soignant-aupres-dun-patient-atteint-de-demence-800x600.webp 800w, https:\/\/neuronup.com\/fr\/wp-content\/uploads\/2024\/11\/Communication-du-soignant-aupres-dun-patient-atteint-de-demence-1200x900.webp 1200w\" sizes=\"(max-width:599px) 599px, (min-width:600px) and (max-width: 799px) 799px, (min-width:800px) and (max-width: 999px) 333px, (min-width:1000px) 400px\" \/><\/a><div class=\"entry-wrap entry-wrap-grid\"><h3 class=\"entry-title\" itemprop=\"headline\"><a class=\"entry-title-link\" href=\"https:\/\/neuronup.com\/fr\/actualites-de-la-stimulation-cognitive\/deterioration-cognitive\/communication-du-soignant-aupres-dun-patient-atteint-de-demence\/\" rel=\"bookmark\">Communication du soignant aupr\u00e8s d&#8217;un patient atteint de d\u00e9mence<\/a><\/h3>\n<\/div><\/article><article class=\"entry entry-grid is-column has-entry-link has-image has-image-first type-post category-neuropsychologie-et-informations tag-cerveau tag-langage tag-parole\" style=\"--entry-index:6;\" aria-label=\"Les diff\u00e9rents types d&#8217;Aphasies: diagnostique diff\u00e9rentiel\" itemscope itemtype=\"https:\/\/schema.org\/CreativeWork\"><a class=\"entry-image-link\" href=\"https:\/\/neuronup.com\/fr\/neurosciences\/neuropsychologie-et-informations\/les-differents-types-daphasies-diagnostique-differentiel\/\" tabindex=\"-1\" aria-hidden=\"true\"><img decoding=\"async\" width=\"400\" height=\"300\" src=\"https:\/\/neuronup.com\/fr\/wp-content\/uploads\/2021\/08\/Afasia-diagnostico-diferencial-400x300.webp\" class=\"entry-image size-landscape-sm\" alt=\"Groupe de quatre personnes assises dans un parc, discutant joyeusement; ambiance ensoleill\u00e9e et conviviale.\" srcset=\"https:\/\/neuronup.com\/fr\/wp-content\/uploads\/2021\/08\/Afasia-diagnostico-diferencial-400x300.webp 400w, https:\/\/neuronup.com\/fr\/wp-content\/uploads\/2021\/08\/Afasia-diagnostico-diferencial-800x600.webp 800w\" sizes=\"(max-width:599px) 599px, (min-width:600px) and (max-width: 799px) 799px, (min-width:800px) and (max-width: 999px) 333px, (min-width:1000px) 400px\" \/><\/a><div class=\"entry-wrap entry-wrap-grid\"><h3 class=\"entry-title\" itemprop=\"headline\"><a class=\"entry-title-link\" href=\"https:\/\/neuronup.com\/fr\/neurosciences\/neuropsychologie-et-informations\/les-differents-types-daphasies-diagnostique-differentiel\/\" rel=\"bookmark\">Les diff\u00e9rents types d&#8217;Aphasies: diagnostique diff\u00e9rentiel<\/a><\/h3>\n<\/div><\/article><\/div><\/div>","protected":false},"excerpt":{"rendered":"<p>Le professeur de psychologie Mateu Servera r\u00e9pond aux questions en suspens concernant son intervention sur l&rsquo;\u00e9valuation neuropsychologique des enfants avec TDAH qui a eu lieu le 24 mars 2022. Intervention sur l&rsquo;\u00e9valuation neuropsychologique des enfants avec TDAH Le professeur universitaire Mateu Servera a donn\u00e9 une conf\u00e9rence en ligne gratuite sur NeuronUP Academy portant sur l&rsquo;\u00e9valuation &hellip;<\/p>\n","protected":false},"author":7,"featured_media":10782,"comment_status":"open","ping_status":"open","sticky":false,"template":"","format":"standard","meta":{"_acf_changed":false,"_genesis_hide_title":false,"_genesis_hide_breadcrumbs":false,"_genesis_hide_singular_image":false,"_genesis_hide_footer_widgets":false,"_genesis_custom_body_class":"","_genesis_custom_post_class":"","_genesis_layout":"","footnotes":""},"categories":[597],"tags":[1063,1067,649,1062],"class_list":{"2":"type-post","7":"category-neuronup-academie","8":"tag-evaluation-neuropsychologique","9":"tag-presentation-de-lacademie-neuronup","10":"tag-tdah","11":"tag-troubles-du-neurodeveloppement","12":"entry"},"acf":[],"_links":{"self":[{"href":"https:\/\/neuronup.com\/fr\/wp-json\/wp\/v2\/posts\/13458","targetHints":{"allow":["GET"]}}],"collection":[{"href":"https:\/\/neuronup.com\/fr\/wp-json\/wp\/v2\/posts"}],"about":[{"href":"https:\/\/neuronup.com\/fr\/wp-json\/wp\/v2\/types\/post"}],"author":[{"embeddable":true,"href":"https:\/\/neuronup.com\/fr\/wp-json\/wp\/v2\/users\/7"}],"replies":[{"embeddable":true,"href":"https:\/\/neuronup.com\/fr\/wp-json\/wp\/v2\/comments?post=13458"}],"version-history":[{"count":0,"href":"https:\/\/neuronup.com\/fr\/wp-json\/wp\/v2\/posts\/13458\/revisions"}],"wp:featuredmedia":[{"embeddable":true,"href":"https:\/\/neuronup.com\/fr\/wp-json\/wp\/v2\/media\/10782"}],"wp:attachment":[{"href":"https:\/\/neuronup.com\/fr\/wp-json\/wp\/v2\/media?parent=13458"}],"wp:term":[{"taxonomy":"category","embeddable":true,"href":"https:\/\/neuronup.com\/fr\/wp-json\/wp\/v2\/categories?post=13458"},{"taxonomy":"post_tag","embeddable":true,"href":"https:\/\/neuronup.com\/fr\/wp-json\/wp\/v2\/tags?post=13458"}],"curies":[{"name":"wp","href":"https:\/\/api.w.org\/{rel}","templated":true}]}}