{"id":10915,"date":"2024-10-22T12:51:03","date_gmt":"2024-10-22T10:51:03","guid":{"rendered":"https:\/\/neuronup.com\/fr\/?p=10915"},"modified":"2025-01-07T13:37:03","modified_gmt":"2025-01-07T11:37:03","slug":"fomo-la-peur-detre-exclu-de-lere-numerique","status":"publish","type":"post","link":"https:\/\/neuronup.com\/fr\/psychologie\/fomo-la-peur-detre-exclu-de-lere-numerique\/","title":{"rendered":"FOMO: la peur d\u2019\u00eatre exclu de l\u2019\u00e8re num\u00e9rique"},"content":{"rendered":"\n<p style=\"font-size:25px\">La psychologue Kira Guerra Franco et le psychoth\u00e9rapeute Iv\u00e1n Bali\u00f1a Rodr\u00edguez-Valcarce expliquent dans cet article<strong> comment le FOMO (Fear of Missing Out), impuls\u00e9 par l&rsquo;utilisation des r\u00e9seaux sociaux, g\u00e9n\u00e8re un ph\u00e9nom\u00e8ne d&rsquo;anxi\u00e9t\u00e9 sociale qui affecte des millions de personnes<\/strong> cherchant \u00e0 \u00eatre continuellement connect\u00e9es pour ne rien manquer \u00e0 l&rsquo;\u00e8re num\u00e9rique.<\/p>\n\n\n\n<p>T&rsquo;es-tu d\u00e9j\u00e0 senti(e) angoiss\u00e9(e) en voyant des photos d&rsquo;une f\u00eate \u00e0 laquelle tu n&rsquo;as pas assist\u00e9, souhaitant y avoir \u00e9t\u00e9 ? Peut-\u00eatre t&rsquo;es-tu demand\u00e9(e) si tu passais \u00e0 c\u00f4t\u00e9 de la meilleure nuit de ta vie en regardant les photos sur la page d&rsquo;accueil d&rsquo;Instagram. Si cela t&rsquo;est arriv\u00e9, il est probable que tu aies exp\u00e9riment\u00e9 le FOMO.<\/p>\n\n\n\n<h2 class=\"wp-block-heading\">Introduction<\/h2>\n\n\n\n<p>\u00c0 l&rsquo;\u00e8re num\u00e9rique, les r\u00e9seaux sociaux ont profond\u00e9ment transform\u00e9 la fa\u00e7on dont nous interagissons, communiquons et percevons le monde (D\u00edaz &amp; Extremera, 2020).<strong> La prolif\u00e9ration des technologies de l&rsquo;information et de la communication (TIC)<\/strong>, notamment via des plateformes num\u00e9riques, a amplifi\u00e9 certains ph\u00e9nom\u00e8nes psychologiques, <strong>parmi lesquels le Fear of Missing Out (FOMO)<\/strong>, ou la peur de rater quelque chose.<\/p>\n\n\n\n<p>Ce terme, cr\u00e9\u00e9 par Dan Herman et popularis\u00e9 par Przybylski et al. (2013), d\u00e9crit <strong>l&rsquo;anxi\u00e9t\u00e9 qui survient lorsqu&rsquo;on ressent que d&rsquo;autres profitent d&rsquo;exp\u00e9riences auxquelles on est absent<\/strong> (Torres Serrano, 2020 ; Gupta et Sharma, 2021), montrant ainsi un d\u00e9sir d&rsquo;\u00eatre continuellement connect\u00e9 \u00e0 ce que font les autres (Przybylski et al., 2013).<\/p>\n\n\n\n<p><strong>Il peut s&rsquo;agir d&rsquo;un sentiment \u00e9pisodique<\/strong> qui survient au milieu d&rsquo;une conversation, <strong>d&rsquo;une disposition \u00e0 long terme ou d&rsquo;un \u00e9tat mental<\/strong> qui am\u00e8ne l&rsquo;individu \u00e0 ressentir une sensation plus profonde d&rsquo;inf\u00e9riorit\u00e9 sociale, de solitude ou de col\u00e8re intense (Gupta et Sharma, 2021). Bien que le FOMO ne soit pas exclusif aux r\u00e9seaux sociaux, la prolif\u00e9ration de ces plateformes a exacerb\u00e9 cette peur ancienne.<\/p>\n\n\n\n<p>L&rsquo;impact de ce ph\u00e9nom\u00e8ne ne se limite pas aux individus qui en font l&rsquo;exp\u00e9rience ; il affecte \u00e9galement la soci\u00e9t\u00e9 dans son ensemble. Les r\u00e9seaux sociaux ont cr\u00e9\u00e9 une nouvelle dynamique d&rsquo;interaction o\u00f9 l&rsquo;exposition \u00e0 la vie des autres, soigneusement s\u00e9lectionn\u00e9e et pr\u00e9sent\u00e9e, <strong>g\u00e9n\u00e8re des attentes souvent d\u00e9form\u00e9es<\/strong> sur ce que signifie vivre une vie pleine (Bra\u00f1a S\u00e1nchez &amp; Moral Jim\u00e9nez, 2023).<\/p>\n\n\n\n<h3 class=\"wp-block-heading\">Fonctionnement des algorithmes<\/h3>\n\n\n\n<p>Les plateformes num\u00e9riques ne sont pas neutres ; elles sont <strong>con\u00e7ues pour maximiser le temps d&rsquo;interaction des utilisateurs<\/strong>, en utilisant des techniques de renforcement positif intermittent, comme les notifications et les validations sociales, pour maintenir les utilisateurs actifs sur la plateforme. Cela cr\u00e9e un cycle difficile \u00e0 briser, en particulier chez les adolescents, qui sont plus vuln\u00e9rables \u00e0 la <strong>gratification instantan\u00e9e<\/strong> (Wu et al., 2013).<\/p>\n\n\n\n<p>Les algorithmes employ\u00e9s r\u00e9pondent \u00e0 des <strong>int\u00e9r\u00eats commerciaux<\/strong>. Robert Cialdini, dans la nouvelle \u00e9dition de <em>Influence<\/em> (2021), explique comment ces algorithmes utilisent des principes de persuasion, tels que le renforcement intermittent et la r\u00e9ciprocit\u00e9.<\/p>\n\n\n\n<p>L&rsquo;exposition r\u00e9p\u00e9t\u00e9e \u00e0 des stimuli positifs, tels que les \u00ab\u00a0j&rsquo;aime\u00a0\u00bb ou les commentaires, renforce le comportement d&rsquo;utilisation constante, ce qui, d&rsquo;un point de vue neuropsychologique,<strong> affecte les zones du cerveau responsables de l&rsquo;autor\u00e9gulation et du contr\u00f4le de soi<\/strong>, comme le cortex pr\u00e9frontal (Turel et al., 2014).<\/p>\n\n\n\n<p>Cette d\u00e9pendance aux algorithmes impacte non seulement au niveau individuel, mais aussi au niveau social. La personnalisation du contenu <strong>peut cr\u00e9er des bulles informationnelles et de la polarisation <\/strong>(Todorovich, 2021),<strong> affectant la coh\u00e9sion sociale<\/strong> et contribuant \u00e0 la fragmentation des communaut\u00e9s. De plus, cette dynamique de manipulation<strong> renforce les comportements superficiels et de comparaison sociale<\/strong>, ce qui peut avoir des effets n\u00e9gatifs sur l&rsquo;estime de soi des utilisateurs, en particulier chez les jeunes (Vogel et al., 2014).<\/p>\n\n\n\n<h2 class=\"wp-block-heading\">Le FOMO dans le contexte de l&rsquo;adolescence<\/h2>\n\n\n\n<p>Bien que ce ph\u00e9nom\u00e8ne puisse affecter des personnes de tout \u00e2ge, <strong>l&rsquo;impact du FOMO est particuli\u00e8rement pertinent chez les jeunes<\/strong>, qui traversent une p\u00e9riode critique de d\u00e9veloppement c\u00e9r\u00e9bral et \u00e9motionnel (B\u0142achnio &amp; Przepiorka, 2018). Pendant cette phase,<strong> le cerveau est particuli\u00e8rement vuln\u00e9rable aux influences ext\u00e9rieures en raison de sa grande plasticit\u00e9<\/strong>.<\/p>\n\n\n\n<p>Dans leur qu\u00eate de compr\u00e9hension de soi et de construction de leur identit\u00e9, les adolescents utilisent ces plateformes comme un<strong> outil pour explorer et exp\u00e9rimenter diff\u00e9rentes formes d&rsquo;expression de soi et de connexion sociale<\/strong>. Le FOMO, dans ce contexte, agit comme un catalyseur pour l&rsquo;utilisation des r\u00e9seaux sociaux, o\u00f9 le besoin de trouver cette identit\u00e9 num\u00e9rique conduit \u00e0 une exposition massive \u00e0 des activit\u00e9s et exp\u00e9riences. Manquer quelque chose pourrait ainsi \u00eatre <strong>per\u00e7u comme une exclusion, sapant l&rsquo;estime de soi<\/strong> de ceux qui le ressentent. De plus, la pression sociale et la validation en ligne peuvent influencer le comportement, les incitant \u00e0 \u00eatre constamment actifs.<\/p>\n\n\n\n<h2 class=\"wp-block-heading\">Zones c\u00e9r\u00e9brales impliqu\u00e9es<\/h2>\n\n\n\n<p>\u00c9tant donn\u00e9 que le ph\u00e9nom\u00e8ne du FOMO est relativement nouveau,<strong> il n&rsquo;existe pas encore d&rsquo;\u00e9tudes concluantes sur toutes les zones du cerveau et les processus neuropsychologiques impliqu\u00e9s<\/strong>. Cependant, des recherches ont montr\u00e9 que des <strong>zones du cerveau telles que le cortex cingulaire ant\u00e9rieur (ACC), l&rsquo;insula et le cortex pr\u00e9frontal dorsolat\u00e9ral (DLPFC) s&rsquo;activent lors d&rsquo;exp\u00e9riences d&rsquo;exclusion sociale <\/strong>(Eisenberger et al., 2003, 2007 ; Burklund, Eisenberger, &amp; Lieberman, 2007 ; DeWall et al., 2010 ; Kross et al., 2007, 2011 ; Chester, DeWall, &amp; Pond, 2016).<\/p>\n\n\n\n<p>L&rsquo;activation du cortex cingulaire ant\u00e9rieur (ACC), par exemple, a \u00e9t\u00e9 li\u00e9e \u00e0 la <strong>douleur \u00e9motionnelle qui survient lorsqu&rsquo;on se sent exclu ou que l&rsquo;on ne participe pas \u00e0 des \u00e9v\u00e9nements sociaux<\/strong> (Eisenberger et al., 2003). Cette zone du cerveau s&rsquo;active tant dans des situations d&rsquo;exclusion sociale que dans des sc\u00e9narios de douleur physique, refl\u00e9tant ainsi l&rsquo;intensit\u00e9 du malaise que peut g\u00e9n\u00e9rer le FOMO. Elle est \u00e9galement impliqu\u00e9e dans le traitement \u00e9motionnel et l&rsquo;\u00e9valuation des conflits. <strong>L&rsquo;insula<\/strong>, quant \u00e0 elle, <strong>joue un r\u00f4le crucial dans l&rsquo;interoception<\/strong>, c&rsquo;est-\u00e0-dire la perception des sensations internes du corps, et son activation dans des situations d&rsquo;exclusion sociale amplifie les r\u00e9ponses \u00e9motionnelles n\u00e9gatives (Eisenberger et al., 2007).<\/p>\n\n\n\n<p>D&rsquo;une perspective plus large, <strong>le FOMO n&rsquo;affecte pas seulement la r\u00e9gulation \u00e9motionnelle, mais aussi le traitement cognitif<\/strong>. La surcharge d&rsquo;informations et le besoin constant de v\u00e9rifier ce qui se passe dans l&rsquo;environnement, en particulier num\u00e9rique,<strong> fragmentent l&rsquo;attention et rendent difficile la r\u00e9flexion profonde<\/strong> (Shanmugasundaram &amp; Tamilarasu, 2023), conduisant \u00e0 une consommation d&rsquo;informations rapide et \u00e0 un oubli tout aussi rapide.<\/p>\n\n\n\n<p>Il n&rsquo;est pas non plus clairement \u00e9tabli quelle voie de r\u00e9compense est impliqu\u00e9e dans ses effets de renforcement. Il est largement admis que les voies dopaminergiques, en particulier les syst\u00e8mes m\u00e9solimbiques, s&rsquo;activent lors de connexions sociales satisfaisantes (Gupta et Sharma, 2021 ; Todorovich, 2021). De plus, la codification de l&rsquo;erreur dans la pr\u00e9diction de la r\u00e9compense et les variations de cette derni\u00e8re entretiennent ces comportements.<\/p>\n\n\n\n<div style=\"height:50px\" aria-hidden=\"true\" class=\"wp-block-spacer\"><\/div>\n\n\n\n<div class=\"wp-block-group br-0111 has-primary-background-color has-background has-dark-background has-sm-padding-top has-sm-padding-left has-sm-padding-right has-xxl-margin-top\"><div class=\"wp-block-group__inner-container is-layout-constrained wp-block-group-is-layout-constrained\">\n<div class=\"wp-block-columns is-layout-flex wp-container-core-columns-is-layout-9d6595d7 wp-block-columns-is-layout-flex\">\n<div class=\"wp-block-column is-layout-flow wp-block-column-is-layout-flow\">\n<figure class=\"wp-block-image size-full desktop-position-absolute desktop-bottom-0 mobile-width-50 mobile-m-inline-auto has-xl-margin-top\"><img decoding=\"async\" width=\"292\" height=\"338\" src=\"https:\/\/neuronup.com\/fr\/wp-content\/uploads\/2024\/10\/certificat-produit.webp\" alt=\"\" class=\"wp-image-31568\" srcset=\"https:\/\/neuronup.com\/fr\/wp-content\/uploads\/2024\/10\/certificat-produit-259x300.webp 259w, https:\/\/neuronup.com\/fr\/wp-content\/uploads\/2024\/10\/certificat-produit.webp 292w\" sizes=\"(max-width: 292px) 100vw, 292px\" \/><\/figure>\n<\/div>\n\n\n\n<div class=\"wp-block-column is-layout-flow wp-block-column-is-layout-flow\">\n<h2 class=\"wp-block-heading has-white-color has-text-color\"><strong>Abonnez-vous<\/strong> <br>\u00e0 notre <br>Newsletter<\/h2>\n\n\n\n<div class=\"wp-block-buttons is-layout-flex wp-block-buttons-is-layout-flex\">\n<div class=\"wp-block-button--1\" style=\"--button-outline-color:var(--color-white);--button-outline-color-hover:rgba(0,0,0,0.8);\"><a class=\"wp-block-button__link button button-outline   wp-element-button\" href=\"https:\/\/neuronup.com\/fr\/newsletter\/\">Abonnez-vous<\/a><\/div>\n\n<\/div>\n\n\n\n<div style=\"height:40px\" aria-hidden=\"true\" class=\"wp-block-spacer\"><\/div>\n<\/div>\n<\/div>\n<\/div><\/div>\n\n\n\n\n<div style=\"height:50px\" aria-hidden=\"true\" class=\"wp-block-spacer\"><\/div>\n\n\n\n<h2 class=\"wp-block-heading\">Cons\u00e9quences sociales et \u00e9motionnelles du FOMO<\/h2>\n\n\n\n<p>Le FOMO affecte le bien-\u00eatre \u00e9motionnel et social des individus. Certaines \u00e9tudes soutiennent que la <strong>pression constante de se tenir au courant<\/strong> des activit\u00e9s des autres, associ\u00e9e \u00e0 la n\u00e9cessit\u00e9 de validation sociale, peut entra\u00eener des niveaux notables de stress, d&rsquo;anxi\u00e9t\u00e9 et d&rsquo;\u00e9puisement mental (Alkis, Kadirhan, &amp; Sat, 2017 ; Gupta et Sharma, 2021 ; Tanhan et al., 2022).<\/p>\n\n\n\n<p>Les personnes qui craignent de manquer des interactions avec leurs pairs ou des \u00e9v\u00e9nements sociaux gratifiants <strong>peuvent montrer une d\u00e9r\u00e9gulation dans l&rsquo;utilisation des r\u00e9seaux<\/strong>, restant constamment connect\u00e9es pour apaiser l&rsquo;anxi\u00e9t\u00e9 que leur provoque une possible exclusion (Fioravanti et al., 2021 ; Ferreira et al., 2021).<\/p>\n\n\n\n<p>Le sociologue Zygmunt Bauman, dans son ouvrage <em>G\u00e9n\u00e9ration Liquide<\/em> (2000), affirme que les relations sociales dans la modernit\u00e9 sont devenues fragiles, ce qui est \u00e9vident dans la dynamique des r\u00e9seaux sociaux. Les connexions en ligne vont souvent de pair avec la <strong>superficialit\u00e9<\/strong>, cr\u00e9ant une <strong>d\u00e9connexion entre la vie id\u00e9alis\u00e9e<\/strong> pr\u00e9sent\u00e9e sur les plateformes num\u00e9riques<strong> et la r\u00e9alit\u00e9 humaine complexe<\/strong>. Cette dissonance entre la vie num\u00e9rique et la vie tangible g\u00e9n\u00e8re frustration et douleur, car les attentes irr\u00e9alistes concernant la r\u00e9ussite ou l&rsquo;amour ne correspondent pas aux exp\u00e9riences r\u00e9elles, ce qui affecte n\u00e9gativement l&rsquo;estime de soi et le bien-\u00eatre \u00e9motionnel des individus (Chou &amp; Edge, 2012).<\/p>\n\n\n\n<p><strong>Cependant, il convient de souligner qu&rsquo;\u00e0 ce jour, il n&rsquo;y a pas de consensus dans la litt\u00e9rature scientifique concernant l&rsquo;association entre Internet, FOMO et les sympt\u00f4mes de d\u00e9pression et\/ou d&rsquo;anxi\u00e9t\u00e9 <\/strong>(Akbari et al., 2021).<\/p>\n\n\n\n<h2 class=\"wp-block-heading\">Strat\u00e9gies de gestion du FOMO<\/h2>\n\n\n\n<p>Diverses strat\u00e9gies ont \u00e9t\u00e9 propos\u00e9es pour g\u00e9rer le FOMO et ses effets.<\/p>\n\n\n\n<h3 class=\"wp-block-heading\">M\u00e9thode FOMO-R<\/h3>\n\n\n\n<p>La <strong>m\u00e9thode FOMO-R<\/strong> (Alutaybi et al., 2020) est une <strong>approche bas\u00e9e sur l&rsquo;auto\u00e9valuation et la planification d&rsquo;actions concr\u00e8tes pour accro\u00eetre le contr\u00f4le de l&rsquo;utilisation des r\u00e9seaux sociaux.<\/strong> Cette m\u00e9thode comprend cinq \u00e9tapes : pr\u00e9paration, planification, action, \u00e9valuation et r\u00e9vision. Ces phases permettent aux individus d&rsquo;identifier leurs sch\u00e9mas d&rsquo;utilisation, de d\u00e9velopper des strat\u00e9gies pour g\u00e9rer le FOMO et d&rsquo;\u00e9valuer l&rsquo;efficacit\u00e9 de ces strat\u00e9gies.<\/p>\n\n\n\n<h4 class=\"wp-block-heading\">1. \u00c9tape de pr\u00e9paration<\/h4>\n\n\n\n<p>Cette \u00e9tape vise \u00e0 accro\u00eetre la conscience du FOMO, en aidant les individus \u00e0 comprendre les diff\u00e9rents types qu&rsquo;ils peuvent ressentir. \u00c0 l&rsquo;aide d&rsquo;un d\u00e9pliant d&rsquo;auto\u00e9valuation, les sympt\u00f4mes sp\u00e9cifiques du FOMO sont diagnostiqu\u00e9s, pr\u00e9parant les individus pour l&rsquo;\u00e9tape suivante.<\/p>\n\n\n\n<h4 class=\"wp-block-heading\">2. \u00c9tape de planification<\/h4>\n\n\n\n<p>L&rsquo;objectif ici est que les individus planifient comment g\u00e9rer leur FOMO, en leur fournissant des contre-mesures sp\u00e9cifiques. Cela inclut des techniques et strat\u00e9gies pour pr\u00e9venir.<\/p>\n\n\n\n<h4 class=\"wp-block-heading\">3. \u00c9tape d\u2019action<\/h4>\n\n\n\n<p>Au cours de cette phase, les individus mettent en \u0153uvre et pratiquent les contre-mesures s\u00e9lectionn\u00e9es lors de l\u2019\u00e9tape de planification. Il est recommand\u00e9 de consacrer une p\u00e9riode sp\u00e9cifique, g\u00e9n\u00e9ralement une semaine, pour tester ces techniques et \u00e9viter les rechutes.<\/p>\n\n\n\n<h4 class=\"wp-block-heading\">4. \u00c9tape d\u2019\u00e9valuation<\/h4>\n\n\n\n<p>Les individus \u00e9valuent l&rsquo;efficacit\u00e9 des contre-mesures utilis\u00e9es. Si une contre-mesure s&rsquo;av\u00e8re utile pour chaque type de FOMO, ils passent \u00e0 l&rsquo;\u00e9tape de r\u00e9vision. Dans le cas contraire, ils identifient les d\u00e9fis et s\u00e9lectionnent de nouvelles contre-mesures ou reviennent aux \u00e9tapes pr\u00e9c\u00e9dentes pour ajuster leur approche.<\/p>\n\n\n\n<h4 class=\"wp-block-heading\">5. \u00c9tape de r\u00e9vision<\/h4>\n\n\n\n<p>Les individus r\u00e9visent les actions r\u00e9alis\u00e9es dans les \u00e9tapes pr\u00e9c\u00e9dentes pour d\u00e9terminer s\u2019ils ont r\u00e9ussi \u00e0 contr\u00f4ler leur FOMO. En cas de succ\u00e8s, le processus se termine ou recommence avec la pr\u00e9paration pour identifier d&rsquo;autres types \u00e9ventuels. En cas d&rsquo;\u00e9chec, ils r\u00e9visent et ajustent leur approche jusqu&rsquo;\u00e0 trouver une solution efficace. De plus, une aide suppl\u00e9mentaire est fournie afin de favoriser l&rsquo;autonomisation individuelle.<\/p>\n\n\n\n<p>La m\u00e9thode FOMO-R propose un cadre structur\u00e9 pour aider les individus \u00e0 r\u00e9duire leur anxi\u00e9t\u00e9 li\u00e9e au FOMO, en favorisant une r\u00e9gulation \u00e9motionnelle plus saine. Cette approche peut \u00eatre particuli\u00e8rement utile pour les adolescents.<\/p>\n\n\n\n<p>En outre, l\u2019int\u00e9gration de techniques de pr\u00e9vention et de soins personnels, comme la pleine conscience (<strong>mindfulness<\/strong>) (Chan et al., 2022), permet aux personnes de se reconnecter avec le pr\u00e9sent et de se d\u00e9tacher du besoin de validation.<\/p>\n\n\n\n<h2 class=\"wp-block-heading\">R\u00e9flexion finale<\/h2>\n\n\n\n<p>Le FOMO et l&rsquo;utilisation excessive des r\u00e9seaux sociaux sont des <strong>ph\u00e9nom\u00e8nes caract\u00e9ristiques de l&rsquo;\u00e8re de l&rsquo;hyperconnectivit\u00e9<\/strong>, avec des implications profondes sur le bien-\u00eatre \u00e9motionnel et social. Bien que les r\u00e9seaux sociaux aient grandement facilit\u00e9 la communication et l&rsquo;acc\u00e8s \u00e0 l&rsquo;information, ils ont \u00e9galement introduit de <strong>nouveaux d\u00e9fis<\/strong>, notamment en termes de<a href=\"https:\/\/neuronup.com\/fr\/actualites-de-la-stimulation-cognitive\/maladie-mentale\/rehabilitation-cognitive-en-sante-mentale-activites-pour-les-personnes-atteintes-de-maladie-mentale\"> sant\u00e9 mentale<\/a> (Soriano-S\u00e1nchez, 2022).<\/p>\n\n\n\n<p>En tant qu&rsquo;individus et en tant que soci\u00e9t\u00e9, il est essentiel de r\u00e9fl\u00e9chir \u00e0 notre relation avec le monde num\u00e9rique et de promouvoir une utilisation saine et consciente de ces technologies. Cela inclut d&rsquo;<strong>encourager la d\u00e9connexion consciente, de d\u00e9velopper des strat\u00e9gies de soins personnels et de pr\u00e9vention, et de promouvoir une \u00e9ducation num\u00e9rique responsable <\/strong>qui permette aux personnes, en particulier aux jeunes, de se reconnecter avec le monde en dehors des \u00e9crans (Mart\u00ednez, 2021).<\/p>\n\n\n\n<p>Plut\u00f4t que de diaboliser les r\u00e9seaux sociaux, nous devons nous concentrer sur la mani\u00e8re de <strong>tirer parti de leurs avantages tout en att\u00e9nuant leurs effets n\u00e9gatifs potentiels<\/strong>. L&rsquo;appel \u00e0 une r\u00e9flexion collective est urgent ; il ne s&rsquo;agit pas de tout rejeter en bloc, mais de <strong>promouvoir des pratiques de pleine conscience et d&rsquo;offrir des alternatives saines<\/strong> dans l&rsquo;utilisation de la technologie pour garantir que le monde num\u00e9rique enrichisse, plut\u00f4t que d\u2019\u00e9clipser, les <strong>piliers fondamentaux de notre soci\u00e9t\u00e9<\/strong> : les relations humaines, le d\u00e9veloppement personnel et la connexion avec le pr\u00e9sent.<\/p>\n\n\n\n<h2 class=\"wp-block-heading\">Bibliographie<\/h2>\n\n\n\n<ul class=\"wp-block-list has-sm-font-size\">\n<li class=\"has-small-font-size\">Akbari, M., Seydavi, M., Palmieri, S., Mansueto, G., Caselli, G., &amp; Spada, M. M. (2021). Fear of missing out (FoMO) and internet use: A comprehensive systematic review and meta-analysis. Journal of Behavioral Addictions, 10(4), 879-900. https:\/\/doi.org\/10.1556\/2006.2021.00083<\/li>\n\n\n\n<li class=\"has-small-font-size\">Alkis, Y., Kadirhan, Z., &amp; Sat, M. (2017). Development and validation of social anxiety scale for social media users. Computers in Human Behavior, 72, 296- 303. https:\/\/doi.org\/10.1016\/j.chb.2017.03.011<\/li>\n\n\n\n<li class=\"has-small-font-size\">Alutaybi, A., Al-Thani, D., McAlaney, J., &amp; Ali, R. (2020). Combating fear of missing out (FoMO) on social media: The FoMO-R method. International Journal of Environmental Research and Public Health, 17(17), 6128. https:\/\/doi.org\/10.3390\/ijerph17176128<\/li>\n\n\n\n<li class=\"has-small-font-size\">Bauman, Z. (2000). Liquid modernity. Cambridge, UK: Polity Press; Malden, MA: Blackwell.<\/li>\n\n\n\n<li class=\"has-small-font-size\">B\u0142achnio, A., &amp; Przepio\u0301rka, A. (2018). Facebook intrusion, fear of missing out, narcissism, and life satisfaction: A cross-sectional study. Psychiatry Research, 259, 514\u2013519. https:\/\/doi.org\/10.1016\/j.psychres.2017.11.012<\/li>\n\n\n\n<li class=\"has-small-font-size\">Bra\u00f1a S\u00e1nchez, \u00c1. J., &amp; Moral Jim\u00e9nez, M. de la V. (2023). Nomofobia y FoMO en el uso del smartphone en j\u00f3venes: El rol de la ansiedad por estar conectado. Health and Addictions\/Salud y Drogas, 23(1), 117-https:\/\/doi.org\/10.21134\/haaj.v23i1.707<\/li>\n\n\n\n<li class=\"has-small-font-size\">Burklund, L. J., Eisenberger, N. I., &amp; Lieberman, M. D. (2007). The face of rejection: Rejection sensitivity moderates dorsal anterior cingulate activity to disapproving facial expressions. Social Neuroscience, 2(3-4), 238\u2013253. https:\/\/doi.org\/10.1080\/17470910701391711<\/li>\n\n\n\n<li class=\"has-small-font-size\">Chan, S. S., Van Solt, M., Cruz, R. E., Philp, M., Bahl, S., Serin, N., Amaral, N. B., Schindler, R., &amp; Bartosiak, A. (2022). Social media and mindfulness: From the fear of missing out (FOMO) to the joy of missing out (JOMO). Journal of Consumer Affairs. https:\/\/doi.org\/10.1111\/joca.12476<\/li>\n\n\n\n<li class=\"has-small-font-size\">Chester, D. S., DeWall, C. N., &amp; Pond, R. S., Jr (2016). The push of social pain: Does rejection&rsquo;s sting motivate subsequent social reconnection?. Cognitive, affective &amp; behavioral neuroscience, 16(3), 541\u2013550. https:\/\/doi.org\/10.3758\/s13415- 016-0412-9<\/li>\n\n\n\n<li class=\"has-small-font-size\">Chou, H. T., &amp; Edge, N. (2012). \u00ab\u00a0They are happier and having better lives than I am\u00a0\u00bb: the impact of using Facebook on perceptions of others&rsquo; lives. Cyberpsychology, behavior and social networking, 15(2), 117\u2013121. https:\/\/doi.org\/10.1089\/cyber.2011.0324<\/li>\n\n\n\n<li class=\"has-small-font-size\">Cialdini, R. B. (2021). Influence: The psychology of persuasion. Harper Business. Dewall, C. N., Macdonald, G., Webster, G. D., Masten, C. L., Baumeister, R. F., Powell, C., Combs, D., Schurtz, D. R., Stillman, T. F., Tice, D. M., &amp; Eisenberger, N. I. (2010). Acetaminophen reduces social pain: Behavioral and neural evidence. Psychological Science, 21(7), 931\u2013937. https:\/\/doi.org\/10.1177\/0956797610374741<\/li>\n\n\n\n<li class=\"has-small-font-size\">D\u00edaz, N., &amp; Extremera, N. (2020). Inteligencia emocional, adicci\u00f3n al smartphone y malestar psicol\u00f3gico como predictores de la nomofobia en adolescentes. Know and Share Psychology, 1(2), 7-13. https:\/\/doi.org\/10.25115\/kasp.v1i2.3195<\/li>\n\n\n\n<li class=\"has-small-font-size\">Eisenberger, N. I., Gable, S. L., &amp; Lieberman, M. D. (2007). Functional magnetic resonance imaging responses relate to differences in real-world social experience. Emotion (Washington, D.C.), 7(4), 745\u2013754. https:\/\/doi.org\/10.1037\/1528-3542.7.4.745<\/li>\n\n\n\n<li class=\"has-small-font-size\">Eisenberger, N. I., Lieberman, M. D., &amp; Williams, K. D. (2003). Does rejection hurt? An FMRI study of social exclusion. Science (New York, N.Y.), 302(5643), 290\u2013 292. https:\/\/doi.org\/10.1126\/science.1089134<\/li>\n\n\n\n<li class=\"has-small-font-size\">Ferreira, D., De Sousa, H., De Moraes, G., De Assis, S. E., Negreiros, F., &amp; Medeiros, E. D. (2021). Fear of missing out (FoMO), m\u00eddias sociais e ansiedade: Uma revis\u00e3o sistem\u00e1tica. Psicolog\u00eda, Conocimiento y Sociedad, 11(3), 99- 114. https:\/\/doi.org\/10.26864\/pcs.v11.n3.7<\/li>\n\n\n\n<li class=\"has-small-font-size\">Fioravanti, G., Casale, S., Bocci Benucci, S., Prostamo, A., Falone, A., Ricca, V., &amp; Rotella, F. (2021). Fear of missing out and social networking sites use and abuse: A meta-analysis. Computers in Human Behavior, 122, Article 106839. https:\/\/doi.org\/10.1016\/j.chb.2021.106839<\/li>\n\n\n\n<li class=\"has-small-font-size\">Gupta, M., &amp; Sharma, A. (2021). Fear of missing out: A brief overview of origin, theoretical underpinnings and relationship with mental health. World journal of clinical cases, 9(19), 4881\u20134889. https:\/\/doi.org\/10.12998\/wjcc.v9.i19.4881<\/li>\n\n\n\n<li class=\"has-small-font-size\">Kross, E., Berman, M. G., Mischel, W., Smith, E. E., &amp; Wager, T. D. (2011). Social rejection shares somatosensory representations with physical pain. Proceedings of the National Academy of Sciences of the United States of America, 108(15), 6270\u20136275. https:\/\/doi.org\/10.1073\/pnas.1102693108<\/li>\n\n\n\n<li class=\"has-small-font-size\">Kross, E., Egner, T., Ochsner, K., Hirsch, J., &amp; Downey, G. (2007). Neural dynamics of rejection sensitivity. Journal of Cognitive Neuroscience, 19(6), 945\u2013956. https:\/\/doi.org\/10.1162\/jocn.2007.19.6.945<\/li>\n\n\n\n<li class=\"has-small-font-size\">Mart\u00ednez, M. (2021). Relaci\u00f3n existente entre el uso problem\u00e1tico del tel\u00e9fono m\u00f3vil e internet y adolescencia. OIDLES. Desarrollo Local y Econom\u00eda Social, [In press], 57-70. https:\/\/www.eumed.net\/es\/revistas\/oidles\/especial-noviembre 21\/internet-adolescencia<\/li>\n\n\n\n<li class=\"has-small-font-size\">Przybylski, A. K., Murayama, K., DeHaan, C. R., &amp; Gladwell, V. (2013). Motivational, emotional, and behavioral correlates of fear of missing out. Computers In Human Behavior, 29(4), 1841-1848. https:\/\/doi.org\/10.1016\/j.chb.2013.02.014<\/li>\n\n\n\n<li class=\"has-small-font-size\">Shanmugasundaram, M., &amp; Tamilarasu, A. (2023). The impact of digital technology, social media, and artificial intelligence on cognitive functions: A review. Frontiers in Cognition, 2, Article 1203077. https:\/\/doi.org\/10.3389\/fcogn.2023.1203077<\/li>\n\n\n\n<li class=\"has-small-font-size\">Soriano-S\u00e1nchez, J. G. (2022). Factores psicol\u00f3gicos y consecuencias del s\u00edndrome Fear of Missing Out: Una revisi\u00f3n sistem\u00e1tica. Revista de Psicolog\u00eda y Educaci\u00f3n &#8211; Journal of Psychology and Education, 17(1), https:\/\/doi.org\/10.23923\/rpye2022.01.217<\/li>\n\n\n\n<li class=\"has-small-font-size\">Tanhan, F., \u00d6zok, H. \u0130., &amp; Tayi\u0307 Z, V. (2022). Geli\u015fmeleri Ka\u00e7irma Korkusu (FOMO): G\u00fcncel bir derleme. Psikiyatride G\u00fcNcel Yakla\u015fImlar\/Psikiyatride G\u00fcncel Yakla\u015f\u0131mlar, 14(1), 74-85. https:\/\/doi.org\/10.18863\/pgy.942431<\/li>\n\n\n\n<li class=\"has-small-font-size\">Todorovich, E. (2021). La pandemia de las redes sociales. En II Jornada \u00ab\u00a0La \u00c9tica en la Ingenier\u00eda Argentina\u00a0\u00bb. Universidad Nacional del Centro de la Provincia de Buenos Aires, Facultad de Ingenier\u00eda, Universidad FASTA.<\/li>\n\n\n\n<li class=\"has-small-font-size\">Torres Serrano, M. (2020). Fear of missing out (FoMO) y el uso de Instagram: An\u00e1lisis de las relaciones entre narcisismo y autoestima. Aloma: revista de psicolog\u00eda, ci\u00e8ncies de l\u2019educaci\u00f3 i de l\u2019esport Blanquerna, 38(1), 31-38. https:\/\/doi.org\/10.51698\/aloma.2020.38.1.31-38<\/li>\n\n\n\n<li class=\"has-small-font-size\">Turel, O., He, Q., Xue, G., Xiao, L., &amp; Bechara, A. (2014). Examination of neural systems sub-serving facebook \u00ab\u00a0addiction\u00a0\u00bb. Psychological reports, 115(3), 675\u2013 695. https:\/\/doi.org\/10.2466\/18.PR0.115c31z8<\/li>\n\n\n\n<li class=\"has-small-font-size\">Vogel, E. A., Rose, J. P., Roberts, L. R., &amp; Eckles, K. (2014). Social comparison, social media, and self-esteem. Psychology of Popular Media Culture, 3(4), 206\u2013 222. https:\/\/doi.org\/10.1037\/ppm0000047<\/li>\n\n\n\n<li class=\"has-small-font-size\">Wu, A. M., Cheung, V. I., Ku, L., &amp; Hung, E. P. (2013). Psychological risk factors of addiction to social networking sites among Chinese smartphone users. Journal of behavioral addictions, 2(3), 160\u2013166. https:\/\/doi.org\/10.1556\/JBA.2.2013.006<\/li>\n<\/ul>\n\n\n\n<h3 class=\"wp-block-heading\">Si vous avez aim\u00e9 ce post, ces articles de NeuronUP pourraient \u00e9galement vous int\u00e9resser :<\/h3>\n\n\n<div class=\"mai-grid entries entries-grid has-boxed has-image-full\" style=\"--entry-title-font-size:var(--font-size-lg);--align-text:start;--entry-meta-text-align:start;\"><div class=\"entries-wrap has-columns\" style=\"--columns-xs:1\/1;--columns-sm:1\/1;--columns-md:1\/3;--columns-lg:1\/3;--flex-xs:0 0 var(--flex-basis);--flex-sm:0 0 var(--flex-basis);--flex-md:0 0 var(--flex-basis);--flex-lg:0 0 var(--flex-basis);--column-gap:var(--spacing-lg);--row-gap:var(--spacing-lg);--align-columns:start;\"><article class=\"entry entry-grid is-column has-entry-link has-image has-image-first type-post category-activites-de-la-vie-quotidienne category-nouveautes-neuronup tag-activites-de-stimulation-cognitive tag-activites-de-stimulation-cognitive-pour-enfants tag-adulte tag-enfants tag-remediation-cognitive\" style=\"--entry-index:1;\" aria-label=\"Nouvelles activit\u00e9s NeuronUP : entra\u00eenez les fonctions cognitives dans des situations du quotidien\" itemscope itemtype=\"https:\/\/schema.org\/CreativeWork\"><a class=\"entry-image-link\" href=\"https:\/\/neuronup.com\/fr\/nouveautes-neuronup\/nouvelles-activites-neuronup-entrainez-les-fonctions-cognitives-dans-des-situations-du-quotidien\/\" tabindex=\"-1\" aria-hidden=\"true\"><img decoding=\"async\" width=\"400\" height=\"202\" src=\"https:\/\/neuronup.com\/fr\/wp-content\/uploads\/2026\/03\/Capture-decran-2026-03-30-111842-400x202.webp\" class=\"entry-image size-landscape-sm\" alt=\"\" \/><\/a><div class=\"entry-wrap entry-wrap-grid\"><h3 class=\"entry-title\" itemprop=\"headline\"><a class=\"entry-title-link\" href=\"https:\/\/neuronup.com\/fr\/nouveautes-neuronup\/nouvelles-activites-neuronup-entrainez-les-fonctions-cognitives-dans-des-situations-du-quotidien\/\" rel=\"bookmark\">Nouvelles activit\u00e9s NeuronUP : entra\u00eenez les fonctions cognitives dans des situations du quotidien<\/a><\/h3>\n<\/div><\/article><article class=\"entry entry-grid is-column has-entry-link has-image has-image-first type-post category-activites-dattention category-activites-de-neuro-reeducation category-activites-pour-les-fonctions-cognitives tag-adulte\" style=\"--entry-index:2;\" aria-label=\"Nouvelle activit\u00e9 Attention s\u00e9lective (Adultes)\" itemscope itemtype=\"https:\/\/schema.org\/CreativeWork\"><a class=\"entry-image-link\" href=\"https:\/\/neuronup.com\/fr\/activites-de-neuro-reeducation\/nouvelle-activite-attention-selective-adultes\/\" tabindex=\"-1\" aria-hidden=\"true\"><img decoding=\"async\" width=\"253\" height=\"230\" src=\"https:\/\/neuronup.com\/fr\/wp-content\/uploads\/2026\/03\/Capture-decran-2026-03-03-160917.webp\" class=\"entry-image size-landscape-sm\" alt=\"\" \/><\/a><div class=\"entry-wrap entry-wrap-grid\"><h3 class=\"entry-title\" itemprop=\"headline\"><a class=\"entry-title-link\" href=\"https:\/\/neuronup.com\/fr\/activites-de-neuro-reeducation\/nouvelle-activite-attention-selective-adultes\/\" rel=\"bookmark\">Nouvelle activit\u00e9 Attention s\u00e9lective (Adultes)<\/a><\/h3>\n<\/div><\/article><article class=\"entry entry-grid is-column has-entry-link has-image has-image-first type-post category-activites-de-cognition-sociale tag-activites-de-stimulation-cognitive tag-cognition-sociale tag-fonctions-executives\" style=\"--entry-index:3;\" aria-label=\"La cognition sociale ou comment comprendre les personnes : exercices de cognition sociale\" itemscope itemtype=\"https:\/\/schema.org\/CreativeWork\"><a class=\"entry-image-link\" href=\"https:\/\/neuronup.com\/fr\/activites-de-neuro-reeducation\/activites-pour-les-fonctions-cognitives\/activites-de-cognition-sociale\/la-cognition-sociale-ou-comment-comprendre-les-personnes-exercices-de-cognition-sociale\/\" tabindex=\"-1\" aria-hidden=\"true\"><img decoding=\"async\" width=\"396\" height=\"300\" src=\"https:\/\/neuronup.com\/fr\/wp-content\/uploads\/2022\/06\/Reaccion-emocional-ante-situaciones.webp\" class=\"entry-image size-landscape-sm\" alt=\"R\u00e9action \u00e9motionnelle face aux situations : Exercice de cognition sociale\" srcset=\"https:\/\/neuronup.com\/fr\/wp-content\/uploads\/2022\/06\/Reaccion-emocional-ante-situaciones-300x227.webp 300w, https:\/\/neuronup.com\/fr\/wp-content\/uploads\/2022\/06\/Reaccion-emocional-ante-situaciones-768x582.webp 768w, https:\/\/neuronup.com\/fr\/wp-content\/uploads\/2022\/06\/Reaccion-emocional-ante-situaciones-1024x776.webp 1024w, https:\/\/neuronup.com\/fr\/wp-content\/uploads\/2022\/06\/Reaccion-emocional-ante-situaciones.webp 1148w\" sizes=\"(max-width:599px) 599px, (min-width:600px) and (max-width: 799px) 799px, (min-width:800px) and (max-width: 999px) 333px, (min-width:1000px) 400px\" \/><\/a><div class=\"entry-wrap entry-wrap-grid\"><h3 class=\"entry-title\" itemprop=\"headline\"><a class=\"entry-title-link\" href=\"https:\/\/neuronup.com\/fr\/activites-de-neuro-reeducation\/activites-pour-les-fonctions-cognitives\/activites-de-cognition-sociale\/la-cognition-sociale-ou-comment-comprendre-les-personnes-exercices-de-cognition-sociale\/\" rel=\"bookmark\">La cognition sociale ou comment comprendre les personnes : exercices de cognition sociale<\/a><\/h3>\n<\/div><\/article><article class=\"entry entry-grid is-column has-entry-link has-image has-image-first type-post category-activites-pour-les-enfants-ayant-des-besoins-particuliers tag-activites-de-stimulation-cognitive tag-activites-de-stimulation-cognitive-pour-enfants tag-enfants\" style=\"--entry-index:4;\" aria-label=\"7+1 activit\u00e9s pour enfants avec des besoins \u00e9ducatifs sp\u00e9ciaux\" itemscope itemtype=\"https:\/\/schema.org\/CreativeWork\"><a class=\"entry-image-link\" href=\"https:\/\/neuronup.com\/fr\/activites-de-neuro-reeducation\/activites-pour-les-enfants-ayant-des-besoins-particuliers\/71-activites-pour-enfants-a-besoins-educatifs-speciaux\/\" tabindex=\"-1\" aria-hidden=\"true\"><img decoding=\"async\" width=\"400\" height=\"298\" src=\"https:\/\/neuronup.com\/fr\/wp-content\/uploads\/2022\/07\/Prepara-la-mochila.webp\" class=\"entry-image size-landscape-sm\" alt=\"Activit\u00e9 Pr\u00e9pare le sac \u00e0 dos pour les enfants ayant des besoins \u00e9ducatifs particuliers\" srcset=\"https:\/\/neuronup.com\/fr\/wp-content\/uploads\/2022\/07\/Prepara-la-mochila-300x224.webp 300w, https:\/\/neuronup.com\/fr\/wp-content\/uploads\/2022\/07\/Prepara-la-mochila-768x572.webp 768w, https:\/\/neuronup.com\/fr\/wp-content\/uploads\/2022\/07\/Prepara-la-mochila-1024x763.webp 1024w, https:\/\/neuronup.com\/fr\/wp-content\/uploads\/2022\/07\/Prepara-la-mochila.webp 1255w\" sizes=\"(max-width:599px) 599px, (min-width:600px) and (max-width: 799px) 799px, (min-width:800px) and (max-width: 999px) 333px, (min-width:1000px) 400px\" \/><\/a><div class=\"entry-wrap entry-wrap-grid\"><h3 class=\"entry-title\" itemprop=\"headline\"><a class=\"entry-title-link\" href=\"https:\/\/neuronup.com\/fr\/activites-de-neuro-reeducation\/activites-pour-les-enfants-ayant-des-besoins-particuliers\/71-activites-pour-enfants-a-besoins-educatifs-speciaux\/\" rel=\"bookmark\">7+1 activit\u00e9s pour enfants avec des besoins \u00e9ducatifs sp\u00e9ciaux<\/a><\/h3>\n<\/div><\/article><article class=\"entry entry-grid is-column has-entry-link has-image has-image-first type-post category-activites-de-cognition-sociale tag-activites-de-stimulation-cognitive tag-activites-de-stimulation-cognitive-pour-enfants tag-cognition-sociale\" style=\"--entry-index:5;\" aria-label=\"Exercices de cognition sociale pour enfants\" itemscope itemtype=\"https:\/\/schema.org\/CreativeWork\"><a class=\"entry-image-link\" href=\"https:\/\/neuronup.com\/fr\/activites-de-neuro-reeducation\/activites-pour-les-fonctions-cognitives\/activites-de-cognition-sociale\/exercices-de-cognition-sociale-pour-enfants\/\" tabindex=\"-1\" aria-hidden=\"true\"><img decoding=\"async\" width=\"400\" height=\"273\" src=\"https:\/\/neuronup.com\/fr\/wp-content\/uploads\/2022\/08\/Que-esperan-encontrar-4-1.webp\" class=\"entry-image size-landscape-sm\" alt=\"Exercices de cognition sociale pour enfants\" srcset=\"https:\/\/neuronup.com\/fr\/wp-content\/uploads\/2022\/08\/Que-esperan-encontrar-4-1-300x205.webp 300w, https:\/\/neuronup.com\/fr\/wp-content\/uploads\/2022\/08\/Que-esperan-encontrar-4-1-768x524.webp 768w, https:\/\/neuronup.com\/fr\/wp-content\/uploads\/2022\/08\/Que-esperan-encontrar-4-1-1024x699.webp 1024w, https:\/\/neuronup.com\/fr\/wp-content\/uploads\/2022\/08\/Que-esperan-encontrar-4-1.webp 1205w\" sizes=\"(max-width:599px) 599px, (min-width:600px) and (max-width: 799px) 799px, (min-width:800px) and (max-width: 999px) 333px, (min-width:1000px) 400px\" \/><\/a><div class=\"entry-wrap entry-wrap-grid\"><h3 class=\"entry-title\" itemprop=\"headline\"><a class=\"entry-title-link\" href=\"https:\/\/neuronup.com\/fr\/activites-de-neuro-reeducation\/activites-pour-les-fonctions-cognitives\/activites-de-cognition-sociale\/exercices-de-cognition-sociale-pour-enfants\/\" rel=\"bookmark\">Exercices de cognition sociale pour enfants<\/a><\/h3>\n<\/div><\/article><article class=\"entry entry-grid is-column has-entry-link has-image has-image-first type-post category-activites-de-cognition-sociale tag-activites-de-stimulation-cognitive tag-activites-de-stimulation-cognitive-pour-enfants tag-actualites-de-neuronup tag-cognition-sociale tag-enfants tag-intelligence-emotionnelle\" style=\"--entry-index:6;\" aria-label=\"Activit\u00e9 pour identifier les \u00e9motions : Devinez le visage ?\" itemscope itemtype=\"https:\/\/schema.org\/CreativeWork\"><a class=\"entry-image-link\" href=\"https:\/\/neuronup.com\/fr\/activites-de-neuro-reeducation\/activites-pour-les-fonctions-cognitives\/activites-de-cognition-sociale\/activite-pour-identifier-les-emotions\/\" tabindex=\"-1\" aria-hidden=\"true\"><img decoding=\"async\" width=\"400\" height=\"283\" src=\"https:\/\/neuronup.com\/fr\/wp-content\/uploads\/2022\/09\/Actividad-para-identificar-emociones-de-NeuronUP-Adivinas-la-cara-1-1-1.webp\" class=\"entry-image size-landscape-sm\" alt=\"Activit\u00e9 pour identifier les \u00e9motions de NeuronUP Tu devines le visage\" srcset=\"https:\/\/neuronup.com\/fr\/wp-content\/uploads\/2022\/09\/Actividad-para-identificar-emociones-de-NeuronUP-Adivinas-la-cara-1-1-1-300x212.webp 300w, https:\/\/neuronup.com\/fr\/wp-content\/uploads\/2022\/09\/Actividad-para-identificar-emociones-de-NeuronUP-Adivinas-la-cara-1-1-1-768x543.webp 768w, https:\/\/neuronup.com\/fr\/wp-content\/uploads\/2022\/09\/Actividad-para-identificar-emociones-de-NeuronUP-Adivinas-la-cara-1-1-1-1024x724.webp 1024w, https:\/\/neuronup.com\/fr\/wp-content\/uploads\/2022\/09\/Actividad-para-identificar-emociones-de-NeuronUP-Adivinas-la-cara-1-1-1.webp 1200w\" sizes=\"(max-width:599px) 599px, (min-width:600px) and (max-width: 799px) 799px, (min-width:800px) and (max-width: 999px) 333px, (min-width:1000px) 400px\" \/><\/a><div class=\"entry-wrap entry-wrap-grid\"><h3 class=\"entry-title\" itemprop=\"headline\"><a class=\"entry-title-link\" href=\"https:\/\/neuronup.com\/fr\/activites-de-neuro-reeducation\/activites-pour-les-fonctions-cognitives\/activites-de-cognition-sociale\/activite-pour-identifier-les-emotions\/\" rel=\"bookmark\">Activit\u00e9 pour identifier les \u00e9motions : Devinez le visage ?<\/a><\/h3>\n<\/div><\/article><\/div><\/div>","protected":false},"excerpt":{"rendered":"<p>La psychologue Kira Guerra Franco et le psychoth\u00e9rapeute Iv\u00e1n Bali\u00f1a Rodr\u00edguez-Valcarce expliquent dans cet article comment le FOMO (Fear of Missing Out), impuls\u00e9 par l&rsquo;utilisation des r\u00e9seaux sociaux, g\u00e9n\u00e8re un ph\u00e9nom\u00e8ne d&rsquo;anxi\u00e9t\u00e9 sociale qui affecte des millions de personnes cherchant \u00e0 \u00eatre continuellement connect\u00e9es pour ne rien manquer \u00e0 l&rsquo;\u00e8re num\u00e9rique. T&rsquo;es-tu d\u00e9j\u00e0 senti(e) angoiss\u00e9(e) &hellip;<\/p>\n","protected":false},"author":334,"featured_media":33429,"comment_status":"open","ping_status":"closed","sticky":false,"template":"","format":"standard","meta":{"_acf_changed":false,"_genesis_hide_title":false,"_genesis_hide_breadcrumbs":false,"_genesis_hide_singular_image":false,"_genesis_hide_footer_widgets":false,"_genesis_custom_body_class":"","_genesis_custom_post_class":"","_genesis_layout":"","footnotes":""},"categories":[614],"tags":[997,886],"class_list":{"2":"type-post","7":"category-psychologie","8":"tag-actualites-de-neuronup","9":"tag-sante-mentale","10":"entry"},"acf":[],"_links":{"self":[{"href":"https:\/\/neuronup.com\/fr\/wp-json\/wp\/v2\/posts\/10915","targetHints":{"allow":["GET"]}}],"collection":[{"href":"https:\/\/neuronup.com\/fr\/wp-json\/wp\/v2\/posts"}],"about":[{"href":"https:\/\/neuronup.com\/fr\/wp-json\/wp\/v2\/types\/post"}],"author":[{"embeddable":true,"href":"https:\/\/neuronup.com\/fr\/wp-json\/wp\/v2\/users\/334"}],"replies":[{"embeddable":true,"href":"https:\/\/neuronup.com\/fr\/wp-json\/wp\/v2\/comments?post=10915"}],"version-history":[{"count":0,"href":"https:\/\/neuronup.com\/fr\/wp-json\/wp\/v2\/posts\/10915\/revisions"}],"wp:featuredmedia":[{"embeddable":true,"href":"https:\/\/neuronup.com\/fr\/wp-json\/wp\/v2\/media\/33429"}],"wp:attachment":[{"href":"https:\/\/neuronup.com\/fr\/wp-json\/wp\/v2\/media?parent=10915"}],"wp:term":[{"taxonomy":"category","embeddable":true,"href":"https:\/\/neuronup.com\/fr\/wp-json\/wp\/v2\/categories?post=10915"},{"taxonomy":"post_tag","embeddable":true,"href":"https:\/\/neuronup.com\/fr\/wp-json\/wp\/v2\/tags?post=10915"}],"curies":[{"name":"wp","href":"https:\/\/api.w.org\/{rel}","templated":true}]}}